{"id":390859,"date":"2024-05-21T05:44:20","date_gmt":"2024-05-21T03:44:20","guid":{"rendered":"https:\/\/www.radiopiu.net\/wordpress\/?p=390859"},"modified":"2024-05-21T07:57:16","modified_gmt":"2024-05-21T05:57:16","slug":"giornale-radiopiu-21-maggio-2024-direttore-mirko-mezzacasada-40-anni-25-giugno-1983-25-giugno-2023","status":"publish","type":"post","link":"https:\/\/www.radiopiu.net\/wordpress\/giornale-radiopiu-21-maggio-2024-direttore-mirko-mezzacasada-40-anni-25-giugno-1983-25-giugno-2023\/","title":{"rendered":"GIORNALE RADIOPIU 21 MAGGIO 2024 DIRETTORE MIRKO MEZZACASA\u2026DA 40 ANNI 25 GIUGNO 1983-25 GIUGNO 2023"},"content":{"rendered":"<p>*****<\/p>\n<p>&nbsp;<\/p>\n<div class=\"html-div xe8uvvx xdj266r x11i5rnm xat24cr x1mh8g0r xexx8yu x4uap5 x18d9i69 xkhd6sd\">\n<div class=\"html-div xe8uvvx xdj266r x11i5rnm x1mh8g0r x18d9i69 x1cy8zhl x78zum5 x1q0g3np xod5an3 x1pi30zi x1swvt13 xz9dl7a\">\n<div class=\"html-div xe8uvvx xdj266r x11i5rnm xat24cr x1mh8g0r xexx8yu x4uap5 x18d9i69 xkhd6sd x1iyjqo2\">\n<div class=\"x78zum5 xdt5ytf xz62fqu x16ldp7u\">\n<div class=\"xu06os2 x1ok221b\">\n<h3 id=\":rhs:\" class=\"html-h3 xe8uvvx x11i5rnm xat24cr x1mh8g0r xexx8yu x4uap5 x18d9i69 xkhd6sd x1vvkbs x1heor9g x1qlqyl8 x1pd3egz x1a2a7pz x1gslohp x1yc453h\"><span class=\"\"><span class=\"xt0psk2\"><a class=\"x1i10hfl xjbqb8w x1ejq31n xd10rxx x1sy0etr x17r0tee x972fbf xcfux6l x1qhh985 xm0m39n x9f619 x1ypdohk xt0psk2 xe8uvvx xdj266r x11i5rnm xat24cr x1mh8g0r xexx8yu x4uap5 x18d9i69 xkhd6sd x16tdsg8 x1hl2dhg xggy1nq x1a2a7pz x1sur9pj xkrqix3 xzsf02u x1s688f\" tabindex=\"0\" role=\"link\" href=\"https:\/\/www.facebook.com\/groups\/1420205028223120\/user\/100000095046530\/?__cft__[0]=AZVZGLSA5Riki5cyd4V6z2IXw9povOopbmKeJkj6frohSv12v5B7PMIANKpXGk1jcKtA5C4JKgy0oY43IIXcGctj5iW0NhFnP9czKJ0u_30d22iLTq5xdEvK74mGFdeZ9Gu89AZlH-tbOjcQCVu1X-Zs0heRvjCkmHZrWUsjcIAcCoVtg6T48yh6n_l_H09wzDZ4p4jFp_GcCGbL1Y9ooW_N&amp;__tn__=-UC%2CP-R\"><strong><span class=\"html-span xdj266r x11i5rnm xat24cr x1mh8g0r xexx8yu x4uap5 x18d9i69 xkhd6sd x1hl2dhg x16tdsg8 x1vvkbs\">Sandro Verardo <\/span><\/strong><\/a><\/span><\/span>Complimenti a questa giovane artista che sta ultimando questo bel disegno, vicino ai Vigili del Fuoco di Agordo all&#8217;altezza della rotonda lungo la regionale 203 agordina bis-tangenziale (facebook).<\/h3>\n<\/div>\n<\/div>\n<\/div>\n<p>&nbsp;<\/p>\n<p><a class=\"dt-pswp-item\" href=\"https:\/\/www.radiopiu.net\/wordpress\/wp-content\/uploads\/2024\/05\/442466928_8000569036622852_8635008348397526632_n.jpg\" data-dt-img-description=\"\" data-large_image_width=\"1199\" data-large_image_height=\"540\"><img loading=\"lazy\" decoding=\"async\" class=\"alignnone wp-image-391101 size-full\" src=\"https:\/\/www.radiopiu.net\/wordpress\/wp-content\/uploads\/2024\/05\/442466928_8000569036622852_8635008348397526632_n.jpg\" alt=\"\" width=\"1199\" height=\"540\" srcset=\"https:\/\/www.radiopiu.net\/wordpress\/wp-content\/uploads\/2024\/05\/442466928_8000569036622852_8635008348397526632_n.jpg 1199w, https:\/\/www.radiopiu.net\/wordpress\/wp-content\/uploads\/2024\/05\/442466928_8000569036622852_8635008348397526632_n-300x135.jpg 300w, https:\/\/www.radiopiu.net\/wordpress\/wp-content\/uploads\/2024\/05\/442466928_8000569036622852_8635008348397526632_n-1024x461.jpg 1024w, https:\/\/www.radiopiu.net\/wordpress\/wp-content\/uploads\/2024\/05\/442466928_8000569036622852_8635008348397526632_n-768x346.jpg 768w\" sizes=\"auto, (max-width: 1199px) 100vw, 1199px\" \/><\/a><\/p>\n<p>&nbsp;<\/p>\n<p>&nbsp;<\/p>\n<hr \/>\n<p>&nbsp;<\/p>\n<p>&nbsp;<\/p>\n<\/div>\n<\/div>\n<h3><a href=\"https:\/\/www.radiopiu.net\/wordpress\/giornale-radiopiu-24-gennaio-2021-direttore-mirko-mezzacasa\/141433770_171616291414874_2957460898102012198_n\/\" rel=\"attachment wp-att-186566\"><img loading=\"lazy\" decoding=\"async\" class=\"wp-image-186566 alignleft\" src=\"https:\/\/www.radiopiu.net\/wordpress\/wp-content\/uploads\/2021\/01\/141433770_171616291414874_2957460898102012198_n-300x300.jpg\" alt=\"\" width=\"144\" height=\"144\" srcset=\"https:\/\/www.radiopiu.net\/wordpress\/wp-content\/uploads\/2021\/01\/141433770_171616291414874_2957460898102012198_n-300x300.jpg 300w, https:\/\/www.radiopiu.net\/wordpress\/wp-content\/uploads\/2021\/01\/141433770_171616291414874_2957460898102012198_n-150x150.jpg 150w, https:\/\/www.radiopiu.net\/wordpress\/wp-content\/uploads\/2021\/01\/141433770_171616291414874_2957460898102012198_n-768x768.jpg 768w, https:\/\/www.radiopiu.net\/wordpress\/wp-content\/uploads\/2021\/01\/141433770_171616291414874_2957460898102012198_n.jpg 800w\" sizes=\"auto, (max-width: 144px) 100vw, 144px\" \/><\/a>PER<strong> RICEVERE QUESTO NOTIZIARIO DIRETTAMENTE SUL TUO CELLULARE ISCRIVITI AL CANALE TELEGRAM <\/strong><strong>\u201cRADIO PIU\u00a0 INFORMAZIONE&#8221;\u00a0<\/strong><\/h3>\n<h3>\u00a0il CANALE TELEGRAM&#8230; UNISCITI A: RADIO PIU INFORMAZIONE<\/h3>\n<p>&nbsp;<\/p>\n<p>&nbsp;<\/p>\n<p><em><a href=\"https:\/\/www.radiopiu.net\/wordpress\/giornale-radiopiu-24-gennaio-2021-direttore-mirko-mezzacasa\/79216601_126817312416448_708980208774483089_n\/\" rel=\"attachment wp-att-186567\"><img loading=\"lazy\" decoding=\"async\" class=\"size-medium wp-image-186567 alignright\" src=\"https:\/\/www.radiopiu.net\/wordpress\/wp-content\/uploads\/2021\/01\/79216601_126817312416448_708980208774483089_n-300x114.jpg\" alt=\"\" width=\"300\" height=\"114\" srcset=\"https:\/\/www.radiopiu.net\/wordpress\/wp-content\/uploads\/2021\/01\/79216601_126817312416448_708980208774483089_n-300x114.jpg 300w, https:\/\/www.radiopiu.net\/wordpress\/wp-content\/uploads\/2021\/01\/79216601_126817312416448_708980208774483089_n-768x292.jpg 768w, https:\/\/www.radiopiu.net\/wordpress\/wp-content\/uploads\/2021\/01\/79216601_126817312416448_708980208774483089_n.jpg 820w\" sizes=\"auto, (max-width: 300px) 100vw, 300px\" \/><\/a><span style=\"color: #ff0000;\">ATTENZIONE: LA NUOVA APP PER IOS-IPHONE di Nicola Vettorello <\/span><\/em><a href=\"https:\/\/apps.apple.com\/it\/app\/radio-pi%C3%B9-emittente-agordina\/id1515939845\">https:\/\/apps.apple.com\/it\/app\/radio-pi%C3%B9-emittente-agordina\/id1515939845<\/a><\/p>\n<p><em style=\"color: #ff0000;\">ATTENZIONE: LA NUOVA APP RADIO\u00a0 PER ANDROID di Nicola Vettorello<\/em><\/p>\n<p><a href=\"https:\/\/play.google.com\/store\/apps\/details?id=net.radiopiu.iniko\" target=\"_blank\" rel=\"noopener noreferrer\">https:\/\/play.google.com\/store\/apps\/details?id=net.radiopiu.iniko\u00a0\u00a0<\/a><\/p>\n<h3 class=\"kvgmc6g5 cxmmr5t8 oygrvhab hcukyx3x c1et5uql\"><\/h3>\n<p>&nbsp;<\/p>\n<div data-block=\"true\" data-editor=\"avj4u\" data-offset-key=\"d3i0j-0-0\">\n<p>&nbsp;<\/p>\n<hr \/>\n<p>&nbsp;<\/p>\n<\/div>\n<p><span style=\"color: #ff0000;\"><strong><a class=\"dt-pswp-item\" href=\"https:\/\/www.radiopiu.net\/wordpress\/wp-content\/uploads\/2024\/03\/radio-piu.png\" data-dt-img-description=\"\" data-large_image_width=\"689\" data-large_image_height=\"415\"><img loading=\"lazy\" decoding=\"async\" class=\" wp-image-378174 alignleft\" src=\"https:\/\/www.radiopiu.net\/wordpress\/wp-content\/uploads\/2024\/03\/radio-piu-300x181.png\" alt=\"\" width=\"254\" height=\"153\" srcset=\"https:\/\/www.radiopiu.net\/wordpress\/wp-content\/uploads\/2024\/03\/radio-piu-300x181.png 300w, https:\/\/www.radiopiu.net\/wordpress\/wp-content\/uploads\/2024\/03\/radio-piu.png 689w\" sizes=\"auto, (max-width: 254px) 100vw, 254px\" \/><\/a>OGGI ALLA RADIO<\/strong><\/span>: <strong>ALLE 6.45<\/strong> PIROLE DE LENGA, CON IL MUSLA DI BEATRICE E NICOLA\u00a0 <strong>ALLE 7.20<\/strong> EL BAL DEL FIOR, DETTI E TRADIZIONI DI GIULIANA DA RONCH; <strong>ALLE 8.20<\/strong> PIU&#8217; SIAMO CON MARINA DONA&#8217; <strong>9.00<\/strong> la musica country di ALEX NASCIMBEN\u00a0\u00a0<strong>10.10<\/strong>\u00a0 le nove in ladin con Martino del MUSLA <strong>10.30<\/strong>\u00a0 speciale CORRIPOI alla radio <strong>11.20<\/strong> MEGLIO RADIO CHE MAI, DANIELA RINALDI <strong>12.00<\/strong> LISCIO NON TI LASCIO CON MIRCO BENCIVENNI <strong>12.30<\/strong> GIORNALE RADIO PRINCIPALE <strong>13.00<\/strong>\u00a0 aire India, in bicicletta verso l&#8217;Italia 14esima puntata\u00a0 <strong>14.00<\/strong> COLLAGE OPERAZIONE NOSTALGIA DI LORIS SCUSSEL <strong>15.00<\/strong>\u00a0 el darlin LUISA ALCHINI\u00a0 <strong>16.00<\/strong> IL ROCK DI MARCO COSTANTINI <strong>16.45<\/strong> LE HIT DI MIRCO BENCIVENNI\u00a0 <strong>19.00<\/strong> LE ANTICIPAZIONI DAL TG DI ANTENNA 3, CON TIZIANA BOLOGNANI.<\/p>\n<p>&nbsp;<\/p>\n<blockquote><p><strong>rassegna stampa nazionale, ogni giorno alle 5 e alle 6 del mattino<\/strong><br \/>\n<em>giornali locali 7 rassegna stampa flash, 8 rassegna stampa, gr flash alle 10 e alle 11, principale 12.30. Informazione pomerggio alle 15 (speciale) 16, 17, 18. Giornale radio nazionale: ogni ora dalle 5 del mattino, alle 20 della sera.\u00a0<\/em><\/p><\/blockquote>\n<div class=\"x11i5rnm xat24cr x1mh8g0r x1vvkbs xtlvy1s x126k92a\">\n<div dir=\"auto\">\n<p>&nbsp;<\/p>\n<p>&nbsp;<\/p>\n<hr \/>\n<p>&nbsp;<\/p>\n<p>&nbsp;<\/p>\n<div class=\"x11i5rnm xat24cr x1mh8g0r x1vvkbs xtlvy1s x126k92a\">\n<div dir=\"auto\">\n<p><strong><a class=\"dt-pswp-item\" href=\"https:\/\/www.radiopiu.net\/wordpress\/wp-content\/uploads\/2024\/02\/2d44e751-d8a8-461b-8e22-d8e4e853b032.jpg\" data-dt-img-description=\"\" data-large_image_width=\"1600\" data-large_image_height=\"1200\"><img loading=\"lazy\" decoding=\"async\" class=\"wp-image-373307 alignleft\" src=\"https:\/\/www.radiopiu.net\/wordpress\/wp-content\/uploads\/2024\/02\/2d44e751-d8a8-461b-8e22-d8e4e853b032-300x225.jpg\" alt=\"\" width=\"105\" height=\"79\" srcset=\"https:\/\/www.radiopiu.net\/wordpress\/wp-content\/uploads\/2024\/02\/2d44e751-d8a8-461b-8e22-d8e4e853b032-300x225.jpg 300w, https:\/\/www.radiopiu.net\/wordpress\/wp-content\/uploads\/2024\/02\/2d44e751-d8a8-461b-8e22-d8e4e853b032-1024x768.jpg 1024w, https:\/\/www.radiopiu.net\/wordpress\/wp-content\/uploads\/2024\/02\/2d44e751-d8a8-461b-8e22-d8e4e853b032-768x576.jpg 768w, https:\/\/www.radiopiu.net\/wordpress\/wp-content\/uploads\/2024\/02\/2d44e751-d8a8-461b-8e22-d8e4e853b032-1536x1152.jpg 1536w, https:\/\/www.radiopiu.net\/wordpress\/wp-content\/uploads\/2024\/02\/2d44e751-d8a8-461b-8e22-d8e4e853b032.jpg 1600w\" sizes=\"auto, (max-width: 105px) 100vw, 105px\" \/><\/a>EL BAL DEL FIOR, DI GIULIANA DA RONCH, 21 MAGGIO 2024<\/strong><\/p>\n<\/div>\n<\/div>\n<\/div>\n<div dir=\"auto\">\n<audio class=\"wp-audio-shortcode\" id=\"audio-390859-1\" preload=\"none\" style=\"width: 100%;\" controls=\"controls\"><source type=\"audio\/mpeg\" src=\"https:\/\/www.radiopiu.net\/wordpress\/wp-content\/uploads\/2024\/05\/GMA-1.m4a?_=1\" \/><a href=\"https:\/\/www.radiopiu.net\/wordpress\/wp-content\/uploads\/2024\/05\/GMA-1.m4a\">https:\/\/www.radiopiu.net\/wordpress\/wp-content\/uploads\/2024\/05\/GMA-1.m4a<\/a><\/audio>\n<p>&nbsp;<\/p>\n<hr \/>\n<\/div>\n<\/div>\n<blockquote>\n<blockquote>\n<h1><span style=\"color: #ff0000;\">\u00a0<\/span><\/h1>\n<h1><span style=\"color: #ff0000;\">I podcast informativi del mattino &#8211; audio &#8211;\u00a0\u00a0<\/span><\/h1>\n<\/blockquote>\n<p><strong><a class=\"dt-pswp-item\" href=\"https:\/\/www.radiopiu.net\/wordpress\/wp-content\/uploads\/2023\/11\/th-10.jpg\" data-dt-img-description=\"\" data-large_image_width=\"320\" data-large_image_height=\"180\"><img loading=\"lazy\" decoding=\"async\" class=\"wp-image-362866 alignleft\" src=\"https:\/\/www.radiopiu.net\/wordpress\/wp-content\/uploads\/2023\/11\/th-10-300x169.jpg\" alt=\"\" width=\"185\" height=\"104\" srcset=\"https:\/\/www.radiopiu.net\/wordpress\/wp-content\/uploads\/2023\/11\/th-10-300x169.jpg 300w, https:\/\/www.radiopiu.net\/wordpress\/wp-content\/uploads\/2023\/11\/th-10.jpg 320w\" sizes=\"auto, (max-width: 185px) 100vw, 185px\" \/><\/a>LA RASSEGNA STAMPA NAZIONALE ALLA RADIO, OGNI GIORNO ALLE 5 E ALLE 6 DEL MATTINO <span style=\"color: #0000ff;\">viene pubblicata alle 6.00 <span style=\"color: #ff0000;\">DIRETTA RADIO\u00a0 \u00a0\u00a0<\/span><\/span><\/strong><\/p><\/blockquote>\n<h2><\/h2>\n<p><strong>di SISSY MARTINELLI\u00a0<\/strong><br \/>\n<strong>Arrestate<\/strong> Netanyahu e Sinwar&#8217;, la richiesta del procuratore dell&#8217;Aia. L&#8217;ira di Israele e degli Usa<br \/>\n<strong>Sciame<\/strong> sismico ai Campi Flegrei\u00a0 <strong>Ucraina <\/strong>Medvedev: &#8216;Zelensky \u00e8 un obiettivo militare legittimo\u00a0 <strong>Fedez<\/strong> al pronto soccorso e poi a casa: &#8216;Non so perch\u00e9 dicano che sono in fin di vita&#8217;<\/p>\n<h2>AUDIO dalle 6 del mattino<\/h2>\n<audio class=\"wp-audio-shortcode\" id=\"audio-390859-2\" preload=\"none\" style=\"width: 100%;\" controls=\"controls\"><source type=\"audio\/mpeg\" src=\"https:\/\/www.radiopiu.net\/wordpress\/wp-content\/uploads\/2024\/05\/GIORNALEDELLESEI-19.mp3?_=2\" \/><a href=\"https:\/\/www.radiopiu.net\/wordpress\/wp-content\/uploads\/2024\/05\/GIORNALEDELLESEI-19.mp3\">https:\/\/www.radiopiu.net\/wordpress\/wp-content\/uploads\/2024\/05\/GIORNALEDELLESEI-19.mp3<\/a><\/audio>\n<p>&nbsp;<\/p>\n<p>&nbsp;<\/p>\n<hr \/>\n<p>&nbsp;<\/p>\n<h1 style=\"text-align: center;\"><span style=\"color: #ff0000;\">I podcast informativi del mattino &#8211; audio &#8211;\u00a0<\/span><\/h1>\n<p><strong><a class=\"dt-pswp-item\" href=\"https:\/\/www.radiopiu.net\/wordpress\/wp-content\/uploads\/2023\/12\/images.png\" data-dt-img-description=\"\" data-large_image_width=\"316\" data-large_image_height=\"160\"><img loading=\"lazy\" decoding=\"async\" class=\"wp-image-367008 alignleft\" src=\"https:\/\/www.radiopiu.net\/wordpress\/wp-content\/uploads\/2023\/12\/images-300x152.png\" alt=\"\" width=\"235\" height=\"119\" srcset=\"https:\/\/www.radiopiu.net\/wordpress\/wp-content\/uploads\/2023\/12\/images-300x152.png 300w, https:\/\/www.radiopiu.net\/wordpress\/wp-content\/uploads\/2023\/12\/images.png 316w\" sizes=\"auto, (max-width: 235px) 100vw, 235px\" \/><\/a>OGNI GIORNO ALLE SETTE DEL MATTINO, LA RASSEGNA STAMPA LOCALE FLASH&#8230; PER CHI VA IN FRETTA. I TITOLI DAI GIORNALI E DAL SITO WWW.RADIOPIU.NET <span style=\"color: #0000ff;\">viene pubblicato alle 7.00<\/span> <span style=\"color: #ff0000;\">DIRETTA RADIO\u00a0<\/span><\/strong><\/p>\n<p><em><span style=\"color: #ff0000;\">per chi va in fretta&#8230; tante notizie in pochi minuti. L&#8217;informazione locale alla radio, ogni ora dalle 7 del mattino alle 19 della sera.\u00a0 \u00a0 \u00a0\u00a0<\/span><\/em><\/p>\n<p><strong>Sciame sismico<\/strong> ai Campi Flegrei. Sisma di magnitudo 4.4, il pi\u00f9 forte in 40 anni. Oltre 150 scosse da ieri sera <strong>Schianto in elicottero<\/strong>, muore Raisi. &#8216;La causa: guasto tecnico\u00a0 <strong>Nubifragi al Nord<\/strong>, allerta rossa in Veneto e a Milano <strong>Torna il maltempo<\/strong> ma il sud sar\u00e0 risparmiato dai temporali\u00a0 <strong>L&#8217;inchiesta <\/strong>L&#8217;auto blu per il gatto e la droga, Miccich\u00e8 nei guai\u00a0 <strong>Il caso &#8220;<\/strong>Il padre ci attacca, lei ringrazia&#8217;, scontro fra Tajani e Roberto Salis<\/p>\n<h2>AUDIO dalle 7 del mattino<\/h2>\n<audio class=\"wp-audio-shortcode\" id=\"audio-390859-3\" preload=\"none\" style=\"width: 100%;\" controls=\"controls\"><source type=\"audio\/mpeg\" src=\"https:\/\/www.radiopiu.net\/wordpress\/wp-content\/uploads\/2024\/05\/GF07-17.mp3?_=3\" \/><a href=\"https:\/\/www.radiopiu.net\/wordpress\/wp-content\/uploads\/2024\/05\/GF07-17.mp3\">https:\/\/www.radiopiu.net\/wordpress\/wp-content\/uploads\/2024\/05\/GF07-17.mp3<\/a><\/audio>\n<p>&nbsp;<\/p>\n<p>&nbsp;<\/p>\n<hr \/>\n<h1><\/h1>\n<h1 style=\"text-align: center;\"><span style=\"color: #ff0000;\"><a class=\"dt-pswp-item\" href=\"https:\/\/www.radiopiu.net\/wordpress\/wp-content\/uploads\/2022\/01\/026c3f9d-dae9-4040-a3c1-a6530231bcc3.jpg\" data-dt-img-description=\"\" data-large_image_width=\"1152\" data-large_image_height=\"2048\"><img loading=\"lazy\" decoding=\"async\" class=\"wp-image-251839 alignleft\" src=\"https:\/\/www.radiopiu.net\/wordpress\/wp-content\/uploads\/2022\/01\/026c3f9d-dae9-4040-a3c1-a6530231bcc3-169x300.jpg\" alt=\"\" width=\"100\" height=\"177\" srcset=\"https:\/\/www.radiopiu.net\/wordpress\/wp-content\/uploads\/2022\/01\/026c3f9d-dae9-4040-a3c1-a6530231bcc3-169x300.jpg 169w, https:\/\/www.radiopiu.net\/wordpress\/wp-content\/uploads\/2022\/01\/026c3f9d-dae9-4040-a3c1-a6530231bcc3-576x1024.jpg 576w, https:\/\/www.radiopiu.net\/wordpress\/wp-content\/uploads\/2022\/01\/026c3f9d-dae9-4040-a3c1-a6530231bcc3-768x1365.jpg 768w, https:\/\/www.radiopiu.net\/wordpress\/wp-content\/uploads\/2022\/01\/026c3f9d-dae9-4040-a3c1-a6530231bcc3-864x1536.jpg 864w, https:\/\/www.radiopiu.net\/wordpress\/wp-content\/uploads\/2022\/01\/026c3f9d-dae9-4040-a3c1-a6530231bcc3.jpg 1152w\" sizes=\"auto, (max-width: 100px) 100vw, 100px\" \/><\/a>I podcast informativi del mattino &#8211; audio &#8211;\u00a0<\/span><\/h1>\n<blockquote><p><strong>GIORNALE RADIO NAZIONALE, EDIZIONE DELLE SETTE <span style=\"color: #0000ff;\">viene pubblicato alle 7.05 <span style=\"color: #ff0000;\">DIRETTA RADIO\u00a0<\/span><\/span><\/strong><\/p><\/blockquote>\n<p><strong>il giornale radionazionale e&#8217; in onda ogni ora, dalle sette del mattino alle venti della sera\u00a0\u00a0<\/strong><\/p>\n<p>&nbsp;<\/p>\n<p><strong>Previsioni meteo: estensione e intensificazione delle precipitazioni con rovesci e temporali.<\/strong><br \/>\nREDAZIONE Attese precipitazioni intense e rapide sui settori montani, pedemontani e collinari, con rischio di frane e colate rapide di grandi dimensioni. Possibili allagamenti in aree interrate e innalzamenti dei livelli dei corsi d\u2019acqua secondari.<br \/>\n<strong>BORCA DI CADORE<\/strong> Anche per l\u2019estate 2024, l\u2019ordinanza del Comune di Borca vieta transito e parcheggio all\u2019imbocco della Val Fiorentina. Questo provvedimento, emesso dopo la frana di ottobre 2023, rimane in vigore a causa della continua instabilit\u00e0 della zona tra Pelmo e Pelmetto.<br \/>\n<strong>COLLE SANTA LUCIA<\/strong> \u2013 Un motociclista tedesco \u00e8 rimasto vittima di un grave incidente stradale mentre percorreva le tortuose strade del Passo Giau. L\u2019uomo, tedesco di nazionalit\u00e0, \u00e8 uscito di strada per cause ancora in corso di accertamento. L\u2019incidente \u00e8 avvenuto ieri alle 13:10. Sul posto sono intervenuti tempestivamente i volontari dell\u2019ambulanza della croce bianca di Colle ed i Vigili del fuoco Volontari di Colle Santa Lucia.<br \/>\n<strong>CORTINA<\/strong> Domenica sera poco prima delle 21 il Soccorso alpino di Cortina \u00e8 stato attivato per un infortunio sul ghiaione che scende dal Pomagagnon. Dopo aver scalato lo Spigolo Jori alla Punta Fiames, nel rientrare con due compagni di cordata, un alpinista era caduto e si era procurato la sospetta lussazione di una spalla.<\/p>\n<h2>AUDIO dalle sette del mattino, ogni ora alla radio<\/h2>\n<audio class=\"wp-audio-shortcode\" id=\"audio-390859-4\" preload=\"none\" style=\"width: 100%;\" controls=\"controls\"><source type=\"audio\/mpeg\" src=\"https:\/\/www.radiopiu.net\/wordpress\/wp-content\/uploads\/2024\/05\/giornale07-15.mp3?_=4\" \/><a href=\"https:\/\/www.radiopiu.net\/wordpress\/wp-content\/uploads\/2024\/05\/giornale07-15.mp3\">https:\/\/www.radiopiu.net\/wordpress\/wp-content\/uploads\/2024\/05\/giornale07-15.mp3<\/a><\/audio>\n<p>&nbsp;<\/p>\n<p>&nbsp;<\/p>\n<p>&nbsp;<\/p>\n<hr \/>\n<p>&nbsp;<\/p>\n<p>&nbsp;<\/p>\n<h1><span style=\"color: #ff0000;\">I podcast informativi del mattino &#8211; video &#8211;\u00a0<\/span><\/h1>\n<h2><strong><a class=\"dt-pswp-item\" href=\"https:\/\/www.radiopiu.net\/wordpress\/wp-content\/uploads\/2023\/12\/th-10.jpg\" data-dt-img-description=\"\" data-large_image_width=\"245\" data-large_image_height=\"180\"><img loading=\"lazy\" decoding=\"async\" class=\" wp-image-367395 alignleft\" src=\"https:\/\/www.radiopiu.net\/wordpress\/wp-content\/uploads\/2023\/12\/th-10.jpg\" alt=\"\" width=\"166\" height=\"122\" \/><\/a>RASSEGNA STAMPA LOCALE, ORE OTTO 05<\/strong><\/h2>\n<h2><strong> <span style=\"color: #0000ff;\">viene\u00a0 <\/span><\/strong><strong><span style=\"color: #0000ff;\">pubblicata alle 8.05 <span style=\"color: #ff0000;\">DIRETTA RADIO\u00a0\u00a0<\/span><\/span><\/strong><\/h2>\n<p><strong>DI MIRKO MEZZACASA\u00a0 \u00a0<\/strong><\/p>\n<p><strong>BELLUNO<\/strong> Durante la seconda udienza del processo per la morte di Rizieri Ongaro, avvenuta l\u20198 marzo 2022 sulla pista Fertazza ad Alleghe, davanti al Giudice del Tribunale, \u00e8 stato chiamato dalla Procura Rhys Phillips, cittadino inglese di 31 anni, residente a Copenaghen, difeso dagli avvocati Ernesto Caracciolo e Aldo Bissi, indagato per omicidio, in seguito all\u2019investimento di Ongaro, che mor\u00ec per le lesioni e le fratture toraciche. Presente in aula anche la figlia di Rizieri Ongaro, costituitasi parte civile.<\/p>\n<p><strong>CADORE<\/strong> Un uomo \u00e8 stato condannato a un anno e 4 mesi, pi\u00f9 5.000 euro di risarcimento e spese legali, per stalking, lesioni, furto e minacce all\u2019ex moglie. La vicenda, iniziata nel 2021, vede l\u2019uomo colpevole di aver perseguitato e aggredito la donna, costretta a rifugiarsi in una residenza protetta.<br \/>\n<strong>AGORDO<\/strong> All\u2019Ospedale Papa Luciani di Agordo \u00e8 stato presentato il nuovo primario di Anestesia, Raul Bucciarelli, e celebrato il primato dell\u2019ospedale per le donazioni di teste del femore nel Triveneto. Bucciarelli, laureato a Chieti e specializzato a Padova, ha una vasta esperienza in Anestesia e Rianimazione. Il reparto di Anestesia di Agordo, con 4 medici e 4 infermieri, gestisce circa 1630 interventi e 2000 prestazioni antalgiche annuali.<\/p>\n<h2><span style=\"color: #ff0000;\"><strong>VIDEO\u00a0 \u00a0in diretta dalle 8 del mattino\u00a0<\/strong><\/span><\/h2>\n<p><iframe loading=\"lazy\" title=\"DAL 1983 LA RASSEGNA STAMPA LOCALE di mirko mezzacasa. L&#039;ORIGINALE\" width=\"1200\" height=\"675\" src=\"https:\/\/www.youtube.com\/embed\/TFMkXHz9IVQ?feature=oembed\" frameborder=\"0\" allow=\"accelerometer; autoplay; clipboard-write; encrypted-media; gyroscope; picture-in-picture; web-share\" referrerpolicy=\"strict-origin-when-cross-origin\" allowfullscreen><\/iframe><\/p>\n<hr \/>\n<p>&nbsp;<\/p>\n<div class=\"flex flex-grow flex-col max-w-full\">\n<div class=\"min-h-[20px] text-message flex flex-col items-start whitespace-pre-wrap break-words [.text-message+&amp;]:mt-5 juice:w-full juice:items-end overflow-x-auto gap-2\" dir=\"auto\" data-message-author-role=\"assistant\" data-message-id=\"b23b4739-87f7-4fd4-9c2a-d2009c9dc280\">\n<div class=\"flex w-full flex-col gap-1 juice:empty:hidden juice:first:pt-[3px]\">\n<div class=\"markdown prose w-full break-words dark:prose-invert dark\">\n<blockquote>\n<h2>Previsioni meteo: estensione e intensificazione delle precipitazioni con rovesci e temporali.<\/h2>\n<p><strong>REDAZIONE<\/strong> Attese precipitazioni intense e rapide sui settori montani, pedemontani e collinari, con rischio di frane e colate rapide di grandi dimensioni. Possibili allagamenti in aree interrate e innalzamenti dei livelli dei corsi d&#8217;acqua secondari. Nelle zone in allerta idraulica, significativo aumento dei livelli dei principali corsi d&#8217;acqua, con probabile superamento della seconda\/terza soglia idrometrica.<\/p>\n<p>&nbsp;<\/p><\/blockquote>\n<\/div>\n<\/div>\n<\/div>\n<\/div>\n<div class=\"mt-1 flex gap-3 empty:hidden juice:-ml-3\">\n<div class=\"items-center justify-start rounded-xl p-1 flex\"><\/div>\n<\/div>\n<p><strong><a class=\"dt-pswp-item\" href=\"https:\/\/www.radiopiu.net\/wordpress\/wp-content\/uploads\/2018\/07\/Pioggia_ombrello-680x450.jpg\" data-dt-img-description=\"\" data-large_image_width=\"680\" data-large_image_height=\"450\"><img loading=\"lazy\" decoding=\"async\" class=\" wp-image-52920 alignleft\" src=\"https:\/\/www.radiopiu.net\/wordpress\/wp-content\/uploads\/2018\/07\/Pioggia_ombrello-680x450-300x199.jpg\" alt=\"\" width=\"225\" height=\"149\" srcset=\"https:\/\/www.radiopiu.net\/wordpress\/wp-content\/uploads\/2018\/07\/Pioggia_ombrello-680x450-300x199.jpg 300w, https:\/\/www.radiopiu.net\/wordpress\/wp-content\/uploads\/2018\/07\/Pioggia_ombrello-680x450.jpg 680w\" sizes=\"auto, (max-width: 225px) 100vw, 225px\" \/><\/a>SITUAZIONE PREVISTA<\/strong> &#x1f327; Meteo Previsione dalle ore 23 alle ore 3 di marted\u00ec 21 maggio<br \/>\nPrecipitazioni in ulteriore estensione su gran parte del territorio con probabile intensificazione specie sui settori meridionali e occidentali, anche con rovesci e locali temporali. Tendenza dalle ore 03 alle ore 8 di marted\u00ec 21 maggio Tendenza ad ulteriore estensione e intensificazione delle precipitazioni anche con rovesci e temporali sparsi tra pianura e Prealpi. <strong>\u00a0Idro<\/strong> Nel periodo di riferimento e in base all\u2019evoluzione meteo prevista, si attendono per le prossime ore incrementi idrometrici che potranno interessare pi\u00f9 significativamente le aste dei corsi d\u2019acqua afferenti ai settori di pianura e nella zona pedemontana. La piena del Po permarr\u00e0 nel Delta anche nei prossimi giorni ma nella notte tra le giornate del 21 e 22\/5 i livelli dovrebbero scendere al di sotto della 2\u00b0 soglia. Visto lo stato di saturazione dei suoli permane il rischio di innesco di movimenti franosi nei territori montani e collinari. <strong>EFFETTI AL SUOLO<\/strong> REGISTRATI AL 20 MAGGIO 2024 In riferimento all\u2019evento in corso non risultano segnalazioni pervenute alla sala operativa di protezione civile.<\/p>\n<p>&nbsp;<\/p>\n<hr \/>\n<p>&nbsp;<\/p>\n<p>&nbsp;<\/p>\n<blockquote>\n<h3><a class=\"dt-pswp-item\" href=\"https:\/\/www.radiopiu.net\/wordpress\/wp-content\/uploads\/2024\/05\/110360_gallery-inverno.jpg\" data-dt-img-description=\"\" data-large_image_width=\"1280\" data-large_image_height=\"960\"><img loading=\"lazy\" decoding=\"async\" class=\" wp-image-391140 alignleft\" src=\"https:\/\/www.radiopiu.net\/wordpress\/wp-content\/uploads\/2024\/05\/110360_gallery-inverno-300x225.jpg\" alt=\"\" width=\"176\" height=\"132\" srcset=\"https:\/\/www.radiopiu.net\/wordpress\/wp-content\/uploads\/2024\/05\/110360_gallery-inverno-300x225.jpg 300w, https:\/\/www.radiopiu.net\/wordpress\/wp-content\/uploads\/2024\/05\/110360_gallery-inverno-1024x768.jpg 1024w, https:\/\/www.radiopiu.net\/wordpress\/wp-content\/uploads\/2024\/05\/110360_gallery-inverno-768x576.jpg 768w, https:\/\/www.radiopiu.net\/wordpress\/wp-content\/uploads\/2024\/05\/110360_gallery-inverno.jpg 1280w\" sizes=\"auto, (max-width: 176px) 100vw, 176px\" \/><\/a>Divieto di transito in Val Fiorentina prolungato<\/h3>\n<\/blockquote>\n<p><strong>BORCA DI CADORE<\/strong>\u00a0 Anche per l&#8217;estate 2024, l&#8217;ordinanza del Comune di Borca vieta transito e parcheggio all&#8217;imbocco della Val Fiorentina. Questo provvedimento, emesso dopo la frana di ottobre 2023, rimane in vigore a causa della continua instabilit\u00e0 della zona tra Pelmo e Pelmetto. La frana rappresenta ancora una minaccia, con colate detritiche che rendono l&#8217;area pericolosa per turisti ed escursionisti. L&#8217;ordinanza interessa la strada silvopastorale dal passo Staulanza e il parcheggio della Regola di San Vito, creando problemi logistici significativi per la viabilit\u00e0 e il turismo estivo.<\/p>\n<div class=\"mt-1 flex gap-3 empty:hidden juice:-ml-3\">\n<div class=\"items-center justify-start rounded-xl p-1 flex\">\n<div class=\"flex items-center\">\n<div class=\"flex\"><\/div>\n<div class=\"flex items-center pb-0.5 juice:pb-0\"><\/div>\n<\/div>\n<\/div>\n<\/div>\n<hr \/>\n<p>&nbsp;<\/p>\n<blockquote>\n<h2>Incidente al Passo Giau: Motociclista Tedesco Fuori Strada Trasportato a Belluno<\/h2>\n<\/blockquote>\n<p><strong>COLLE SANTA LUCIA <\/strong> &#8211; Un motociclista tedesco \u00e8 rimasto vittima di un grave incidente stradale mentre percorreva le tortuose strade del Passo Giau. L&#8217;uomo,\u00a0 tedesco di nazionalit\u00e0, \u00e8 uscito di strada per cause ancora in corso di accertamento. L&#8217;incidente \u00e8 avvenuto ieri alle 13:10. Sul posto sono intervenuti tempestivamente i volontari dell\u2019ambulanza della croce bianca di Colle ed i Vigili del fuoco Volontari di Colle Santa Lucia.\u00a0 Sul posto l&#8217;elicottero del Suem 118 che ha trasportato il motociclista all&#8217;ospedale di Belluno per ricevere cure mediche urgenti.\u00a0 I Carabinieri di Caprile sono intervenuti per effettuare i rilievi necessari e determinare le dinamiche dell&#8217;incidente. La strada \u00e8 stata temporaneamente chiusa per consentire le operazioni di soccorso e messa in sicurezza.<\/p>\n<blockquote><p><em>Le autorit\u00e0 raccomandano a tutti gli utenti della strada di procedere con estrema cautela e di rispettare i limiti di velocit\u00e0 per prevenire ulteriori incidenti.<\/em><\/p><\/blockquote>\n\n\t\t\t<style type='text\/css'>\n\t\t\t\t#gallery-1 {\n\t\t\t\t\tmargin: auto;\n\t\t\t\t}\n\t\t\t\t#gallery-1 .gallery-item {\n\t\t\t\t\tfloat: left;\n\t\t\t\t\tmargin-top: 10px;\n\t\t\t\t\ttext-align: center;\n\t\t\t\t\twidth: 33%;\n\t\t\t\t}\n\t\t\t\t#gallery-1 img {\n\t\t\t\t\tborder: 2px solid #cfcfcf;\n\t\t\t\t}\n\t\t\t\t#gallery-1 .gallery-caption {\n\t\t\t\t\tmargin-left: 0;\n\t\t\t\t}\n\t\t\t\t\/* see gallery_shortcode() in wp-includes\/media.php *\/\n\t\t\t<\/style>\n\t\t<div id='gallery-1' class='dt-gallery-container gallery galleryid-390859 gallery-columns-3 gallery-size-thumbnail'><dl class='gallery-item'>\n\t\t\t\t<dt class='gallery-icon landscape'>\n\t\t\t\t\t<a class=\"rollover rollover-zoom dt-pswp-item\" title=\"7056eb3a-ecfd-4200-90ad-81c3b753a908\" data-dt-img-description=\"\" data-large_image_width=\"2048\" data-large_image_height=\"1536\"href='https:\/\/www.radiopiu.net\/wordpress\/wp-content\/uploads\/2024\/05\/7056eb3a-ecfd-4200-90ad-81c3b753a908.jpg'><img loading=\"lazy\" decoding=\"async\" width=\"150\" height=\"150\" src=\"https:\/\/www.radiopiu.net\/wordpress\/wp-content\/uploads\/2024\/05\/7056eb3a-ecfd-4200-90ad-81c3b753a908-150x150.jpg\" class=\"attachment-thumbnail size-thumbnail\" alt=\"\" \/><\/a>\n\t\t\t\t<\/dt><\/dl><dl class='gallery-item'>\n\t\t\t\t<dt class='gallery-icon portrait'>\n\t\t\t\t\t<a class=\"rollover rollover-zoom dt-pswp-item\" title=\"63f34958-c072-4bfa-a1ec-bdb3572344f8\" data-dt-img-description=\"\" data-large_image_width=\"1536\" data-large_image_height=\"2048\"href='https:\/\/www.radiopiu.net\/wordpress\/wp-content\/uploads\/2024\/05\/63f34958-c072-4bfa-a1ec-bdb3572344f8.jpg'><img loading=\"lazy\" decoding=\"async\" width=\"150\" height=\"150\" src=\"https:\/\/www.radiopiu.net\/wordpress\/wp-content\/uploads\/2024\/05\/63f34958-c072-4bfa-a1ec-bdb3572344f8-150x150.jpg\" class=\"attachment-thumbnail size-thumbnail\" alt=\"\" \/><\/a>\n\t\t\t\t<\/dt><\/dl><dl class='gallery-item'>\n\t\t\t\t<dt class='gallery-icon portrait'>\n\t\t\t\t\t<a class=\"rollover rollover-zoom dt-pswp-item\" title=\"7db6c2df-3217-4c36-960d-1646867bcb4a\" data-dt-img-description=\"\" data-large_image_width=\"1536\" data-large_image_height=\"2048\"href='https:\/\/www.radiopiu.net\/wordpress\/wp-content\/uploads\/2024\/05\/7db6c2df-3217-4c36-960d-1646867bcb4a.jpg'><img loading=\"lazy\" decoding=\"async\" width=\"150\" height=\"150\" src=\"https:\/\/www.radiopiu.net\/wordpress\/wp-content\/uploads\/2024\/05\/7db6c2df-3217-4c36-960d-1646867bcb4a-150x150.jpg\" class=\"attachment-thumbnail size-thumbnail\" alt=\"\" \/><\/a>\n\t\t\t\t<\/dt><\/dl><br style=\"clear: both\" \/>\n\t\t\t<\/div>\n\n<p>&nbsp;<\/p>\n<p>&nbsp;<\/p>\n<hr \/>\n<blockquote>\n<h3><\/h3>\n<h3><a class=\"dt-pswp-item\" href=\"https:\/\/www.radiopiu.net\/wordpress\/wp-content\/uploads\/2024\/05\/th-14.jpg\" data-dt-img-description=\"\" data-large_image_width=\"240\" data-large_image_height=\"180\"><img loading=\"lazy\" decoding=\"async\" class=\"size-full wp-image-391141 alignleft\" src=\"https:\/\/www.radiopiu.net\/wordpress\/wp-content\/uploads\/2024\/05\/th-14.jpg\" alt=\"\" width=\"240\" height=\"180\" \/><\/a>RECUPERATO ALPINISTA SUL GHIAIONE DEL POMAGAGNON<\/h3>\n<\/blockquote>\n<p><strong>CORTINA<\/strong> Domenica sera poco prima delle 21 il Soccorso alpino di Cortina \u00e8 stato attivato per un infortunio sul ghiaione che scende dal Pomagagnon. Dopo aver scalato lo Spigolo Jori alla Punta Fiames, nel rientrare con due compagni di cordata, un alpinista era caduto e si era procurato la sospetta lussazione di una spalla. Una squadra \u00e8 partita assieme a due soccorritori della Guardia di finanza, si \u00e8 avvicinata in jeep e poi ha proseguito a piedi. Una volta raggiunto, lo scalatore \u00e8 stato imbarellato, trasportato a valle e accompagnato in ospedale. L&#8217;intervento si \u00e8 concluso attorno a mezzanotte.<\/p>\n<p>&nbsp;<\/p>\n<p>&nbsp;<\/p>\n<p>&nbsp;<\/p>\n<hr \/>\n<p>&nbsp;<\/p>\n<p>&nbsp;<\/p>\n<div class=\"page-title-head hgroup\">\n<blockquote>\n<h3 class=\"entry-title\">PROCESSO PER LA MORTE DI RIZIERI ONGARO: SECONDA UDIENZA A BELLUNO<\/h3>\n<\/blockquote>\n<\/div>\n<p><strong> <a class=\"dt-pswp-item\" href=\"https:\/\/www.radiopiu.net\/wordpress\/wp-content\/uploads\/2022\/03\/rizieri_ongaro.jpg\" data-dt-img-description=\"\" data-large_image_width=\"120\" data-large_image_height=\"118\"><img loading=\"lazy\" decoding=\"async\" class=\" wp-image-263730 alignleft\" src=\"https:\/\/www.radiopiu.net\/wordpress\/wp-content\/uploads\/2022\/03\/rizieri_ongaro.jpg\" alt=\"\" width=\"148\" height=\"146\" \/><\/a>BELLUNO<\/strong> Durante la seconda udienza del processo per la morte di Rizieri Ongaro, avvenuta l&#8217;8 marzo 2022 sulla pista Fertazza ad Alleghe,\u00a0 davanti al Giudice del Tribunale, \u00e8 stato chiamato dalla Procura\u00a0 Rhys Phillips, cittadino inglese di 31 anni, residente a Copenaghen,\u00a0 difeso dagli avvocati Ernesto Caracciolo e Aldo Bissi, indagato per omicidio,\u00a0 in seguito all&#8217;investimento di\u00a0 Ongaro,\u00a0 che mor\u00ec per le lesioni e le fratture toraciche. Presente in aula anche la figlia di Rizieri Ongaro, costituitasi parte civile. Testimoni importanti, che hanno visto l&#8217;incidente dall&#8217;alto mentre salivano in\u00a0 seggiovia. Hanno confermato che Phillips, provenendo da monte, ha investito Ongaro. Meno chiare le dichiarazioni di una cameriera agordina. L&#8217;accusa di omicidio colposo \u00e8 contestata dagli avvocati di Phillips, che potr\u00e0 fornire la sua versione il 19 settembre. La famiglia di Ongaro ha presentato immagini e video che proverebbero la propensione di Phillips a rischi durante lo sci. Udienza rinviata al 19 settembre per ulteriori testimonianze e la deposizione del medico legale Antonello Cirnelli. I familiari di Ongaro hanno prodotto alcune immagini e video dello sciatore inglese durante la sua vacanza sulle Dolomiti e pubblicate sui social network, comportamenti a volte rischiosi.<\/p>\n<p>&nbsp;<\/p>\n<p>&nbsp;<\/p>\n<hr \/>\n<p>&nbsp;<\/p>\n<blockquote>\n<h3><a class=\"dt-pswp-item\" href=\"https:\/\/www.radiopiu.net\/wordpress\/wp-content\/uploads\/2018\/08\/violenza-donne.jpg\" data-dt-img-description=\"\" data-large_image_width=\"1280\" data-large_image_height=\"765\"><img loading=\"lazy\" decoding=\"async\" class=\"wp-image-59277 alignleft\" src=\"https:\/\/www.radiopiu.net\/wordpress\/wp-content\/uploads\/2018\/08\/violenza-donne-300x179.jpg\" alt=\"\" width=\"161\" height=\"96\" srcset=\"https:\/\/www.radiopiu.net\/wordpress\/wp-content\/uploads\/2018\/08\/violenza-donne-300x179.jpg 300w, https:\/\/www.radiopiu.net\/wordpress\/wp-content\/uploads\/2018\/08\/violenza-donne-768x459.jpg 768w, https:\/\/www.radiopiu.net\/wordpress\/wp-content\/uploads\/2018\/08\/violenza-donne-1024x612.jpg 1024w, https:\/\/www.radiopiu.net\/wordpress\/wp-content\/uploads\/2018\/08\/violenza-donne.jpg 1280w\" sizes=\"auto, (max-width: 161px) 100vw, 161px\" \/><\/a>Stalking e lesioni, condanna a un anno<\/h3>\n<\/blockquote>\n<p><strong>CADORE\u00a0<\/strong> Un uomo \u00e8 stato condannato a un anno e 4 mesi, pi\u00f9 5.000 euro di risarcimento e spese legali, per stalking, lesioni, furto e minacce all&#8217;ex moglie. La vicenda, iniziata nel 2021, vede l&#8217;uomo colpevole di aver perseguitato e aggredito la donna, costretta a rifugiarsi in una residenza protetta.<\/p>\n<div class=\"mt-1 flex gap-3 empty:hidden juice:-ml-3\">\n<div class=\"items-center justify-start rounded-xl p-1 flex\">\n<div class=\"flex items-center\">\n<div class=\"flex\"><\/div>\n<div class=\"flex items-center pb-0.5 juice:pb-0\"><\/div>\n<\/div>\n<\/div>\n<\/div>\n<hr \/>\n<p>&nbsp;<\/p>\n<blockquote>\n<h3>DALL&#8217;OSPEDALE DI AGORDO LE ULTIME NOVITA&#8217;<\/h3>\n<\/blockquote>\n<p><strong><a class=\"dt-pswp-item\" href=\"https:\/\/www.radiopiu.net\/wordpress\/wp-content\/uploads\/2024\/05\/WhatsApp-Image-2024-05-20-at-15.36.58.jpeg\" data-dt-img-description=\"\" data-large_image_width=\"2040\" data-large_image_height=\"1530\"><img loading=\"lazy\" decoding=\"async\" class=\" wp-image-391096 alignleft\" src=\"https:\/\/www.radiopiu.net\/wordpress\/wp-content\/uploads\/2024\/05\/WhatsApp-Image-2024-05-20-at-15.36.58-300x225.jpeg\" alt=\"\" width=\"219\" height=\"164\" srcset=\"https:\/\/www.radiopiu.net\/wordpress\/wp-content\/uploads\/2024\/05\/WhatsApp-Image-2024-05-20-at-15.36.58-300x225.jpeg 300w, https:\/\/www.radiopiu.net\/wordpress\/wp-content\/uploads\/2024\/05\/WhatsApp-Image-2024-05-20-at-15.36.58-1024x768.jpeg 1024w, https:\/\/www.radiopiu.net\/wordpress\/wp-content\/uploads\/2024\/05\/WhatsApp-Image-2024-05-20-at-15.36.58-768x576.jpeg 768w, https:\/\/www.radiopiu.net\/wordpress\/wp-content\/uploads\/2024\/05\/WhatsApp-Image-2024-05-20-at-15.36.58-1536x1152.jpeg 1536w, https:\/\/www.radiopiu.net\/wordpress\/wp-content\/uploads\/2024\/05\/WhatsApp-Image-2024-05-20-at-15.36.58.jpeg 2040w\" sizes=\"auto, (max-width: 219px) 100vw, 219px\" \/><\/a>AGORDO<\/strong>\u00a0 All\u2019Ospedale Papa Luciani di Agordo \u00e8 stato presentato il nuovo primario di Anestesia, Raul Bucciarelli, e celebrato il primato dell\u2019ospedale per le donazioni di teste del femore nel Triveneto. Bucciarelli, laureato a Chieti e specializzato a Padova, ha una vasta esperienza in Anestesia e Rianimazione. Il reparto di Anestesia di Agordo, con 4 medici e 4 infermieri, gestisce circa 1630 interventi e 2000 prestazioni antalgiche annuali. Bucciarelli punta a migliorare i percorsi postoperatori e ad implementare tecniche innovative. L\u2019ospedale ha effettuato 36 donazioni di teste del femore, seguite dal Servizio Anestesia e Rianimazione, per la Banca dei Tessuti di Treviso. Questo traguardo \u00e8 stato raggiunto grazie all\u2019accurata selezione dei donatori e alla collaborazione tra i vari reparti. La donazione ossea, meno invasiva, \u00e8 cruciale per trattamenti ricostruttivi. Il direttore dell\u2019Ortopedia, Federico Botto, e il commissario Giuseppe Dal Ben, hanno espresso orgoglio per questo risultato e invitato alla donazione.<\/p>\n<p><strong>LA DIRETTA RADIO PIU&#8217;<\/strong><\/p>\n<p><iframe loading=\"lazy\" title=\"Diretta Esterna Radio Pi\u00f9\" width=\"1200\" height=\"900\" src=\"https:\/\/www.youtube.com\/embed\/mwa2WTSnYN8?feature=oembed\" frameborder=\"0\" allow=\"accelerometer; autoplay; clipboard-write; encrypted-media; gyroscope; picture-in-picture; web-share\" referrerpolicy=\"strict-origin-when-cross-origin\" allowfullscreen><\/iframe><\/p>\n<p>&nbsp;<\/p>\n<hr \/>\n<p>&nbsp;<\/p>\n<p>&nbsp;<\/p>\n<p><strong><strong class=\"photoswipe-wrapper\"><a class=\"dt-pswp-item pspw-wrap-ready\" href=\"https:\/\/www.radiopiu.net\/wordpress\/wp-content\/uploads\/2024\/01\/Senza-nome-34.png\" data-dt-img-description=\"\" data-large_image_width=\"239\" data-large_image_height=\"153\"><img loading=\"lazy\" decoding=\"async\" class=\"wp-image-369478 alignleft\" src=\"https:\/\/www.radiopiu.net\/wordpress\/wp-content\/uploads\/2024\/01\/Senza-nome-34.png\" alt=\"\" width=\"128\" height=\"82\" \/><\/a><\/strong>dal TG BELLUNESE di\u00a0 ANTENNA 3 ogni sera alle 19.30 sul canale 10 del digitale terrestre e alle 19 le anticipazioni alla radio.\u00a0 \u00a0\u00a0<\/strong><\/p>\n<p>&nbsp;<\/p>\n<p>&nbsp;<\/p>\n<h1 class=\"_title post-title entry-title\">IL NEVEGAL NON E\u2019 UN AFFARE FRA PRIVATI\u00bb: ODG DI BELLUNO D+ E VALORE COMUNE<\/h1>\n<p>Intervistati GIANGIACOMO NICOLINI (CAPOGRUPPO CONSILIARE BELLUNO D+), MIRCO COSTA (CAPOGRUPPO CONSILIARE VALORE COMUNE) (Servizio di\u00a0<a href=\"https:\/\/antennatre.medianordest.it\/redazione\/Tiziana-Bolognani\/\">Tiziana Bolognani<\/a>)<\/p>\n<p><iframe loading=\"lazy\" title=\"\u00abIL NEVEGAL NON E&#039; UN AFFARE FRA PRIVATI\u00bb: ODG DI BELLUNO D+ E VALORE COMUNE  | 20\/05\/2024\" width=\"1200\" height=\"675\" src=\"https:\/\/www.youtube.com\/embed\/vvRrd2fJcAc?feature=oembed\" frameborder=\"0\" allow=\"accelerometer; autoplay; clipboard-write; encrypted-media; gyroscope; picture-in-picture; web-share\" referrerpolicy=\"strict-origin-when-cross-origin\" allowfullscreen><\/iframe><\/p>\n<p>&nbsp;<\/p>\n<p><strong><strong class=\"photoswipe-wrapper\"><a class=\"dt-pswp-item pspw-wrap-ready\" href=\"https:\/\/www.radiopiu.net\/wordpress\/wp-content\/uploads\/2024\/01\/Senza-nome-34.png\" data-dt-img-description=\"\" data-large_image_width=\"239\" data-large_image_height=\"153\"><img loading=\"lazy\" decoding=\"async\" class=\"wp-image-369478 alignleft\" src=\"https:\/\/www.radiopiu.net\/wordpress\/wp-content\/uploads\/2024\/01\/Senza-nome-34.png\" alt=\"\" width=\"128\" height=\"82\" \/><\/a><\/strong>dal TG BELLUNESE di\u00a0 ANTENNA 3 ogni sera alle 19.30 sul canale 10 del digitale terrestre e alle 19 le anticipazioni alla radio.\u00a0 \u00a0\u00a0<\/strong><\/p>\n<p>&nbsp;<\/p>\n<p>&nbsp;<\/p>\n<p>&nbsp;<\/p>\n<p>&nbsp;<\/p>\n<hr \/>\n<p>&nbsp;<\/p>\n<blockquote>\n<h3>MISSIONE SULLE ANDE BOLIVIANE. IL TEAM DEL S.A.G.F. CONQUISTA LA SECONDA VETTA INESPLORATA DELLA CORDILLERA REAL<\/h3>\n<\/blockquote>\n<p><strong><a class=\"dt-pswp-item\" href=\"https:\/\/www.radiopiu.net\/wordpress\/wp-content\/uploads\/2024\/05\/ANDE.jpeg\" data-dt-img-description=\"\" data-large_image_width=\"1024\" data-large_image_height=\"682\"><img loading=\"lazy\" decoding=\"async\" class=\" wp-image-391042 alignleft\" src=\"https:\/\/www.radiopiu.net\/wordpress\/wp-content\/uploads\/2024\/05\/ANDE-300x200.jpeg\" alt=\"\" width=\"170\" height=\"113\" srcset=\"https:\/\/www.radiopiu.net\/wordpress\/wp-content\/uploads\/2024\/05\/ANDE-300x200.jpeg 300w, https:\/\/www.radiopiu.net\/wordpress\/wp-content\/uploads\/2024\/05\/ANDE-768x512.jpeg 768w, https:\/\/www.radiopiu.net\/wordpress\/wp-content\/uploads\/2024\/05\/ANDE.jpeg 1024w\" sizes=\"auto, (max-width: 170px) 100vw, 170px\" \/><\/a>REDAZIONE\u00a0<\/strong>La spedizione del Soccorso Alpino della Guardia di Finanza ha raggiunto una seconda cima inesplorata e innominata nella Cordillera Real delle Ande boliviane il 19 maggio, facendo sventolare il tricolore italiano. Questa vetta, alta 5.756 metri, \u00e8 stata chiamata \u201cCima 250\u201d in onore dei 250 anni del Corpo. Solo cinque giorni prima, il team aveva conquistato la &#8220;Cima Fiamme Gialle&#8221; (5.310 metri). La scalata, durata sei ore dal campo base, \u00e8 stata effettuata tramite due vie alpinistiche: la &#8220;Via dei Finanzieri&#8221; e la &#8220;Via dell&#8217;Onore ai Caduti&#8221;. La missione, proposta da Padre Antonio Zavatarelli, ha l&#8217;obiettivo di addestrare i giovani del corso &#8220;turismo di montagna&#8221; di Pe\u00f1as. La spedizione include il Tenente Colonnello Alessandro Alberioli e gli istruttori Marco Brunet, Riccardo Scarian, Walter Tomas e Marco Canteri.<\/p>\n<p>&nbsp;<\/p>\n<hr \/>\n<p>&nbsp;<\/p>\n<blockquote>\n<h2>Novit\u00e0 per il Servizio Mensa degli Stabilimenti Bellunesi di Essilor Luxottica<\/h2>\n<\/blockquote>\n<p><strong><img loading=\"lazy\" decoding=\"async\" class=\"alignleft\" src=\"https:\/\/www.radiopiu.net\/wordpress\/wp-content\/uploads\/2024\/04\/LUXOTTICA-2.jpeg\" width=\"263\" height=\"197\" \/>AGORDO<\/strong>\u00a0 Cambiamenti significativi per il servizio mensa degli stabilimenti bellunesi di Essilor Luxottica. Dopo 35 anni di collaborazione, la ditta Pison, specializzata nella ristorazione, ha annunciato il termine del suo contratto. Pison ha fornito pasti ai dipendenti delle sedi di Agordo, Cencenighe, Sedico Uno e Sedico Due, coprendo circa 7.000 dipendenti. Il servizio comprendeva sia la mensa aziendale che i pasti da asporto, garantendo la copertura per tutti i lavoratori, compresi i turnisti notturni e part-time. Dal 2019, Pison ha collaborato anche con l&#8217;azienda ASCA per la fornitura di pasti a domicilio agli anziani nei comuni agordini e a Sedico. La notizia dell&#8217;abbandono di Pison lascia incertezza su chi prender\u00e0 in carico il servizio mensa. Tuttavia, \u00e8 stato comunicato\u00a0 dall&#8217;azienda che il personale attualmente impiegato non perder\u00e0 il proprio lavoro. Restano da definire i dettagli su quale azienda subentrer\u00e0 nella gestione del servizio, ma l&#8217;impegno a mantenere inalterati i posti di lavoro rappresenta un segnale rassicurante per i dipendenti.<\/p>\n<p>&nbsp;<\/p>\n<hr \/>\n<p>&nbsp;<\/p>\n<h3><a class=\"dt-pswp-item\" href=\"https:\/\/www.radiopiu.net\/wordpress\/wp-content\/uploads\/2024\/05\/Senza-nome-40.png\" data-dt-img-description=\"\" data-large_image_width=\"210\" data-large_image_height=\"226\"><img loading=\"lazy\" decoding=\"async\" class=\"wp-image-391142 alignleft\" src=\"https:\/\/www.radiopiu.net\/wordpress\/wp-content\/uploads\/2024\/05\/Senza-nome-40.png\" alt=\"\" width=\"120\" height=\"129\" \/><\/a>Addio ad Aldo De Salvador<\/h3>\n<p><strong>SEDICO<\/strong> Aldo De Salvador, dipendente comunale e volontario, \u00e8 morto a 78 anni. Ha lavorato instancabilmente per il Comune e il volontariato, lasciando un grande vuoto nella comunit\u00e0. Le esequie saranno oggi alle 14:30 a Roe.<\/p>\n<p>&nbsp;<\/p>\n<p>&nbsp;<\/p>\n<hr \/>\n<p>&nbsp;<\/p>\n<p>&nbsp;<\/p>\n<blockquote>\n<h3><a class=\"dt-pswp-item\" href=\"https:\/\/www.radiopiu.net\/wordpress\/wp-content\/uploads\/2024\/04\/OSPEDALE-BELLUNO.jpg\" data-dt-img-description=\"\" data-large_image_width=\"512\" data-large_image_height=\"275\"><img loading=\"lazy\" decoding=\"async\" class=\"wp-image-382849 alignleft\" src=\"https:\/\/www.radiopiu.net\/wordpress\/wp-content\/uploads\/2024\/04\/OSPEDALE-BELLUNO-300x161.jpg\" alt=\"\" width=\"166\" height=\"89\" srcset=\"https:\/\/www.radiopiu.net\/wordpress\/wp-content\/uploads\/2024\/04\/OSPEDALE-BELLUNO-300x161.jpg 300w, https:\/\/www.radiopiu.net\/wordpress\/wp-content\/uploads\/2024\/04\/OSPEDALE-BELLUNO.jpg 512w\" sizes=\"auto, (max-width: 166px) 100vw, 166px\" \/><\/a>Novantenne investito finisce all&#8217;ospedale<\/h3>\n<\/blockquote>\n<p><strong>LIMANA<\/strong> Un novantenne \u00e8 stato investito a Limana e trasportato all&#8217;ospedale San Martino di Belluno con traumi di media gravit\u00e0. L&#8217;incidente \u00e8 avvenuto poco prima di mezzogiorno. L&#8217;anziano, urtato da un veicolo in transito, \u00e8 caduto a terra riportando escoriazioni.<\/p>\n<div class=\"mt-1 flex gap-3 empty:hidden juice:-ml-3\">\n<div class=\"items-center justify-start rounded-xl p-1 flex\">\n<div class=\"flex items-center\">\n<div class=\"flex items-center pb-0.5 juice:pb-0\"><\/div>\n<\/div>\n<\/div>\n<\/div>\n<p>&nbsp;<\/p>\n<hr \/>\n<p>&nbsp;<\/p>\n<blockquote>\n<h3>SPAZIO EX DI BELLUNO: UNA GESTIONE PI\u00d9 AGEVOLE GRAZIE AL PROGETTO \u201cCOMMONS\u201d<\/h3>\n<\/blockquote>\n<p><strong><a class=\"dt-pswp-item\" href=\"https:\/\/www.radiopiu.net\/wordpress\/wp-content\/uploads\/2024\/05\/Immagine-WhatsApp-2024-05-18-ore-11.51.35_b09bc640.jpg\" data-dt-img-description=\"\" data-large_image_width=\"2048\" data-large_image_height=\"1537\"><img loading=\"lazy\" decoding=\"async\" class=\" wp-image-391015 alignleft\" src=\"https:\/\/www.radiopiu.net\/wordpress\/wp-content\/uploads\/2024\/05\/Immagine-WhatsApp-2024-05-18-ore-11.51.35_b09bc640-300x225.jpg\" alt=\"\" width=\"161\" height=\"121\" srcset=\"https:\/\/www.radiopiu.net\/wordpress\/wp-content\/uploads\/2024\/05\/Immagine-WhatsApp-2024-05-18-ore-11.51.35_b09bc640-300x225.jpg 300w, https:\/\/www.radiopiu.net\/wordpress\/wp-content\/uploads\/2024\/05\/Immagine-WhatsApp-2024-05-18-ore-11.51.35_b09bc640-1024x769.jpg 1024w, https:\/\/www.radiopiu.net\/wordpress\/wp-content\/uploads\/2024\/05\/Immagine-WhatsApp-2024-05-18-ore-11.51.35_b09bc640-768x576.jpg 768w, https:\/\/www.radiopiu.net\/wordpress\/wp-content\/uploads\/2024\/05\/Immagine-WhatsApp-2024-05-18-ore-11.51.35_b09bc640-1536x1153.jpg 1536w, https:\/\/www.radiopiu.net\/wordpress\/wp-content\/uploads\/2024\/05\/Immagine-WhatsApp-2024-05-18-ore-11.51.35_b09bc640.jpg 2048w\" sizes=\"auto, (max-width: 161px) 100vw, 161px\" \/><\/a>BELLUNO<\/strong> Il progetto \u201cCommons\u201d, coordinato dalle associazioni gestori dello Spazio EX di Belluno e finanziato dal Csv Belluno nel 2017, si \u00e8 concluso di recente dopo vari ritardi dovuti a un cantiere di rigenerazione urbana e alla pandemia. L&#8217;iniziativa ha comportato la manutenzione condivisa dell&#8217;ex caserma Piave, con l&#8217;acquisto di mezzi per la manutenzione, formazione per persone svantaggiate, incontri tra associazioni e l&#8217;acquisto di un defibrillatore. Le associazioni coinvolte, tra cui I.P.B.C., Slow Machine e Tib Teatro, hanno creato un calendario di giornate comunitarie di manutenzione e un regolamento di gestione delle aree. Il progetto ha anche formato alcune persone in manutenzione e sicurezza, portando all&#8217;occupazione di due partecipanti. Grazie a questo progetto, le associazioni possono ora gestire autonomamente gli oltre 19.000 mq dello Spazio EX.<\/p>\n<p>&nbsp;<\/p>\n<p>&nbsp;<\/p>\n<hr \/>\n<p>&nbsp;<\/p>\n<blockquote>\n<h3>OLTRE 40 MILA VISUALIZZAZIONI PER LE FOTO DI WILLIAM DA ROIT<\/h3>\n<\/blockquote>\n<p><strong>REDAZIONE <\/strong>Record di visualizzazioni per la Valle Di San Lucano. Due foto stanno spopolando sui social in questi giorni, realizzate da William Da Roit hanno avuto pi\u00f9 di 40.000 visualizzazioni . Condivisioni sui siti specializzati in tour in bici negli Stati Uniti e in Europa. Foto che fanno risplendere la Valle di San Lucano a Taibon Agordino anche in veste ciclistica, i percorsi sono tutti segnalati e realizzati con il progetto Concatour Agordino in collaborazione con l\u2019Ospitalit\u00e0 diffusa che propone 80 km di itinerari percorribili sia in mountain bike che in passeggiata. Le foto in particolare ritraggono la bici Gravel, novit\u00e0 nel mondo delle due ruote. William, risalito in bici dopo un\u2019infortunio ad un ginocchio si dice molto contento di questa possibilit\u00e0 che c\u2019\u00e8 nella Conca Agordina di muoversi agevolmente su strade e stradine sterrate senza problemi, questo merito delle amministrazioni comunali, dove sono stati fatti degli interventi importanti e degli immancabili volontari onnipresenti nel rendere il nostro territorio sicuro e transitabile anche sulle due ruote.<\/p>\n\n\t\t\t<style type='text\/css'>\n\t\t\t\t#gallery-2 {\n\t\t\t\t\tmargin: auto;\n\t\t\t\t}\n\t\t\t\t#gallery-2 .gallery-item {\n\t\t\t\t\tfloat: left;\n\t\t\t\t\tmargin-top: 10px;\n\t\t\t\t\ttext-align: center;\n\t\t\t\t\twidth: 50%;\n\t\t\t\t}\n\t\t\t\t#gallery-2 img {\n\t\t\t\t\tborder: 2px solid #cfcfcf;\n\t\t\t\t}\n\t\t\t\t#gallery-2 .gallery-caption {\n\t\t\t\t\tmargin-left: 0;\n\t\t\t\t}\n\t\t\t\t\/* see gallery_shortcode() in wp-includes\/media.php *\/\n\t\t\t<\/style>\n\t\t<div id='gallery-2' class='dt-gallery-container gallery galleryid-390859 gallery-columns-2 gallery-size-medium'><dl class='gallery-item'>\n\t\t\t\t<dt class='gallery-icon portrait'>\n\t\t\t\t\t<a class=\"rollover rollover-zoom dt-pswp-item\" title=\"490e62ea-8ebc-4e53-ab37-c9ca9fd10ab7\" data-dt-img-description=\"\" data-large_image_width=\"1200\" data-large_image_height=\"1600\"href='https:\/\/www.radiopiu.net\/wordpress\/wp-content\/uploads\/2024\/05\/490e62ea-8ebc-4e53-ab37-c9ca9fd10ab7.jpg'><img loading=\"lazy\" decoding=\"async\" width=\"225\" height=\"300\" src=\"https:\/\/www.radiopiu.net\/wordpress\/wp-content\/uploads\/2024\/05\/490e62ea-8ebc-4e53-ab37-c9ca9fd10ab7-225x300.jpg\" class=\"attachment-medium size-medium\" alt=\"\" srcset=\"https:\/\/www.radiopiu.net\/wordpress\/wp-content\/uploads\/2024\/05\/490e62ea-8ebc-4e53-ab37-c9ca9fd10ab7-225x300.jpg 225w, https:\/\/www.radiopiu.net\/wordpress\/wp-content\/uploads\/2024\/05\/490e62ea-8ebc-4e53-ab37-c9ca9fd10ab7-768x1024.jpg 768w, https:\/\/www.radiopiu.net\/wordpress\/wp-content\/uploads\/2024\/05\/490e62ea-8ebc-4e53-ab37-c9ca9fd10ab7-1152x1536.jpg 1152w, https:\/\/www.radiopiu.net\/wordpress\/wp-content\/uploads\/2024\/05\/490e62ea-8ebc-4e53-ab37-c9ca9fd10ab7.jpg 1200w\" sizes=\"auto, (max-width: 225px) 100vw, 225px\" \/><\/a>\n\t\t\t\t<\/dt><\/dl><dl class='gallery-item'>\n\t\t\t\t<dt class='gallery-icon portrait'>\n\t\t\t\t\t<a class=\"rollover rollover-zoom dt-pswp-item\" title=\"816de63f-ce67-4a6e-99dc-aca2b7384c9e\" data-dt-img-description=\"\" data-large_image_width=\"806\" data-large_image_height=\"1600\"href='https:\/\/www.radiopiu.net\/wordpress\/wp-content\/uploads\/2024\/05\/816de63f-ce67-4a6e-99dc-aca2b7384c9e.jpg'><img loading=\"lazy\" decoding=\"async\" width=\"151\" height=\"300\" src=\"https:\/\/www.radiopiu.net\/wordpress\/wp-content\/uploads\/2024\/05\/816de63f-ce67-4a6e-99dc-aca2b7384c9e-151x300.jpg\" class=\"attachment-medium size-medium\" alt=\"\" srcset=\"https:\/\/www.radiopiu.net\/wordpress\/wp-content\/uploads\/2024\/05\/816de63f-ce67-4a6e-99dc-aca2b7384c9e-151x300.jpg 151w, https:\/\/www.radiopiu.net\/wordpress\/wp-content\/uploads\/2024\/05\/816de63f-ce67-4a6e-99dc-aca2b7384c9e-516x1024.jpg 516w, https:\/\/www.radiopiu.net\/wordpress\/wp-content\/uploads\/2024\/05\/816de63f-ce67-4a6e-99dc-aca2b7384c9e-768x1525.jpg 768w, https:\/\/www.radiopiu.net\/wordpress\/wp-content\/uploads\/2024\/05\/816de63f-ce67-4a6e-99dc-aca2b7384c9e-774x1536.jpg 774w, https:\/\/www.radiopiu.net\/wordpress\/wp-content\/uploads\/2024\/05\/816de63f-ce67-4a6e-99dc-aca2b7384c9e.jpg 806w\" sizes=\"auto, (max-width: 151px) 100vw, 151px\" \/><\/a>\n\t\t\t\t<\/dt><\/dl><br style=\"clear: both\" \/>\n\t\t\t<\/div>\n\n<p>&nbsp;<\/p>\n<hr \/>\n<p>&nbsp;<\/p>\n<blockquote>\n<h3>CON I RAGAZZI DEL CFS E I VOLONTARI&#8230;UN TERRITORIO PIU&#8217; PULITO<\/h3>\n<\/blockquote>\n<p><strong>REDAZIONE<\/strong>\u00a0 Alla fine la meteo ha dato una mano e ieri un esercito di volontari hanno ripulito importanti angoli del territorio bellunese in una giornata ecologica di spessore e successo. Da Sedico a Cesana Beach, sulle sponde del lago di Santa Croce, Mezzano in Primiero, Arsi\u00e8 nel basso feltrino, Santa Giustina e Agordo.<\/p>\n<p><strong>L&#8217;INVITO DEI RAGAZZI DEL CFS, IL MESSAGGIO ALLA RADIO<\/strong><\/p>\n<audio class=\"wp-audio-shortcode\" id=\"audio-390859-5\" preload=\"none\" style=\"width: 100%;\" controls=\"controls\"><source type=\"audio\/mpeg\" src=\"https:\/\/www.radiopiu.net\/wordpress\/wp-content\/uploads\/2024\/05\/RAGAZZI-CFS-SEDICO-1.mp3?_=5\" \/><a href=\"https:\/\/www.radiopiu.net\/wordpress\/wp-content\/uploads\/2024\/05\/RAGAZZI-CFS-SEDICO-1.mp3\">https:\/\/www.radiopiu.net\/wordpress\/wp-content\/uploads\/2024\/05\/RAGAZZI-CFS-SEDICO-1.mp3<\/a><\/audio>\n<p>&nbsp;<\/p>\n<p><strong>E DEL DOCENTE, NICOLA PELLEGRINON<\/strong><\/p>\n<audio class=\"wp-audio-shortcode\" id=\"audio-390859-6\" preload=\"none\" style=\"width: 100%;\" controls=\"controls\"><source type=\"audio\/mpeg\" src=\"https:\/\/www.radiopiu.net\/wordpress\/wp-content\/uploads\/2024\/05\/NICOLA-PELLEGINON-2.mp3?_=6\" \/><a href=\"https:\/\/www.radiopiu.net\/wordpress\/wp-content\/uploads\/2024\/05\/NICOLA-PELLEGINON-2.mp3\">https:\/\/www.radiopiu.net\/wordpress\/wp-content\/uploads\/2024\/05\/NICOLA-PELLEGINON-2.mp3<\/a><\/audio>\n<p>&nbsp;<\/p>\n<audio class=\"wp-audio-shortcode\" id=\"audio-390859-7\" preload=\"none\" style=\"width: 100%;\" controls=\"controls\"><source type=\"audio\/mpeg\" src=\"https:\/\/www.radiopiu.net\/wordpress\/wp-content\/uploads\/2024\/05\/PELLEGRINON-1.mp3?_=7\" \/><a href=\"https:\/\/www.radiopiu.net\/wordpress\/wp-content\/uploads\/2024\/05\/PELLEGRINON-1.mp3\">https:\/\/www.radiopiu.net\/wordpress\/wp-content\/uploads\/2024\/05\/PELLEGRINON-1.mp3<\/a><\/audio>\n<p>&nbsp;<\/p>\n\n\t\t\t<style type='text\/css'>\n\t\t\t\t#gallery-3 {\n\t\t\t\t\tmargin: auto;\n\t\t\t\t}\n\t\t\t\t#gallery-3 .gallery-item {\n\t\t\t\t\tfloat: left;\n\t\t\t\t\tmargin-top: 10px;\n\t\t\t\t\ttext-align: center;\n\t\t\t\t\twidth: 25%;\n\t\t\t\t}\n\t\t\t\t#gallery-3 img {\n\t\t\t\t\tborder: 2px solid #cfcfcf;\n\t\t\t\t}\n\t\t\t\t#gallery-3 .gallery-caption {\n\t\t\t\t\tmargin-left: 0;\n\t\t\t\t}\n\t\t\t\t\/* see gallery_shortcode() in wp-includes\/media.php *\/\n\t\t\t<\/style>\n\t\t<div id='gallery-3' class='dt-gallery-container gallery galleryid-390859 gallery-columns-4 gallery-size-thumbnail'><dl class='gallery-item'>\n\t\t\t\t<dt class='gallery-icon landscape'>\n\t\t\t\t\t<a class=\"rollover rollover-zoom dt-pswp-item\" title=\"cfs sedico\" data-dt-img-description=\"\" data-large_image_width=\"1600\" data-large_image_height=\"1200\"href='https:\/\/www.radiopiu.net\/wordpress\/wp-content\/uploads\/2024\/05\/cfs-sedico.jpg'><img loading=\"lazy\" decoding=\"async\" width=\"150\" height=\"150\" src=\"https:\/\/www.radiopiu.net\/wordpress\/wp-content\/uploads\/2024\/05\/cfs-sedico-150x150.jpg\" class=\"attachment-thumbnail size-thumbnail\" alt=\"\" \/><\/a>\n\t\t\t\t<\/dt><\/dl><dl class='gallery-item'>\n\t\t\t\t<dt class='gallery-icon portrait'>\n\t\t\t\t\t<a class=\"rollover rollover-zoom dt-pswp-item\" title=\"aeece3ea-b752-4612-9cd7-01c24e6e96fd\" data-dt-img-description=\"\" data-large_image_width=\"1200\" data-large_image_height=\"1600\"href='https:\/\/www.radiopiu.net\/wordpress\/wp-content\/uploads\/2024\/05\/aeece3ea-b752-4612-9cd7-01c24e6e96fd.jpg'><img loading=\"lazy\" decoding=\"async\" width=\"150\" height=\"150\" src=\"https:\/\/www.radiopiu.net\/wordpress\/wp-content\/uploads\/2024\/05\/aeece3ea-b752-4612-9cd7-01c24e6e96fd-150x150.jpg\" class=\"attachment-thumbnail size-thumbnail\" alt=\"\" \/><\/a>\n\t\t\t\t<\/dt><\/dl><dl class='gallery-item'>\n\t\t\t\t<dt class='gallery-icon portrait'>\n\t\t\t\t\t<a class=\"rollover rollover-zoom dt-pswp-item\" title=\"a930a53a-f5c2-4e4d-95b7-410ce3be6c7d\" data-dt-img-description=\"\" data-large_image_width=\"1200\" data-large_image_height=\"1600\"href='https:\/\/www.radiopiu.net\/wordpress\/wp-content\/uploads\/2024\/05\/a930a53a-f5c2-4e4d-95b7-410ce3be6c7d.jpg'><img loading=\"lazy\" decoding=\"async\" width=\"150\" height=\"150\" src=\"https:\/\/www.radiopiu.net\/wordpress\/wp-content\/uploads\/2024\/05\/a930a53a-f5c2-4e4d-95b7-410ce3be6c7d-150x150.jpg\" class=\"attachment-thumbnail size-thumbnail\" alt=\"\" \/><\/a>\n\t\t\t\t<\/dt><\/dl><dl class='gallery-item'>\n\t\t\t\t<dt class='gallery-icon landscape'>\n\t\t\t\t\t<a class=\"rollover rollover-zoom dt-pswp-item\" title=\"820e30a5-92a3-4efc-9e83-2d5fde468637\" data-dt-img-description=\"\" data-large_image_width=\"2048\" data-large_image_height=\"1536\"href='https:\/\/www.radiopiu.net\/wordpress\/wp-content\/uploads\/2024\/05\/820e30a5-92a3-4efc-9e83-2d5fde468637.jpg'><img loading=\"lazy\" decoding=\"async\" width=\"150\" height=\"150\" src=\"https:\/\/www.radiopiu.net\/wordpress\/wp-content\/uploads\/2024\/05\/820e30a5-92a3-4efc-9e83-2d5fde468637-150x150.jpg\" class=\"attachment-thumbnail size-thumbnail\" alt=\"\" \/><\/a>\n\t\t\t\t<\/dt><\/dl><br style=\"clear: both\" \/><dl class='gallery-item'>\n\t\t\t\t<dt class='gallery-icon landscape'>\n\t\t\t\t\t<a class=\"rollover rollover-zoom dt-pswp-item\" title=\"dd6a4a45-d716-46ef-94f7-4767e79e5d0e\" data-dt-img-description=\"\" data-large_image_width=\"2048\" data-large_image_height=\"1536\"href='https:\/\/www.radiopiu.net\/wordpress\/wp-content\/uploads\/2024\/05\/dd6a4a45-d716-46ef-94f7-4767e79e5d0e.jpg'><img loading=\"lazy\" decoding=\"async\" width=\"150\" height=\"150\" src=\"https:\/\/www.radiopiu.net\/wordpress\/wp-content\/uploads\/2024\/05\/dd6a4a45-d716-46ef-94f7-4767e79e5d0e-150x150.jpg\" class=\"attachment-thumbnail size-thumbnail\" alt=\"\" \/><\/a>\n\t\t\t\t<\/dt><\/dl><dl class='gallery-item'>\n\t\t\t\t<dt class='gallery-icon landscape'>\n\t\t\t\t\t<a class=\"rollover rollover-zoom dt-pswp-item\" title=\"ec89c8f8-b2ee-4a02-b9d1-3f88bae8246e\" data-dt-img-description=\"\" data-large_image_width=\"2048\" data-large_image_height=\"1536\"href='https:\/\/www.radiopiu.net\/wordpress\/wp-content\/uploads\/2024\/05\/ec89c8f8-b2ee-4a02-b9d1-3f88bae8246e.jpg'><img loading=\"lazy\" decoding=\"async\" width=\"150\" height=\"150\" src=\"https:\/\/www.radiopiu.net\/wordpress\/wp-content\/uploads\/2024\/05\/ec89c8f8-b2ee-4a02-b9d1-3f88bae8246e-150x150.jpg\" class=\"attachment-thumbnail size-thumbnail\" alt=\"\" \/><\/a>\n\t\t\t\t<\/dt><\/dl><dl class='gallery-item'>\n\t\t\t\t<dt class='gallery-icon landscape'>\n\t\t\t\t\t<a class=\"rollover rollover-zoom dt-pswp-item\" title=\"3a6ebce2-83b2-4056-9592-bed4d4057f16\" data-dt-img-description=\"\" data-large_image_width=\"1600\" data-large_image_height=\"1200\"href='https:\/\/www.radiopiu.net\/wordpress\/wp-content\/uploads\/2024\/05\/3a6ebce2-83b2-4056-9592-bed4d4057f16.jpg'><img loading=\"lazy\" decoding=\"async\" width=\"150\" height=\"150\" src=\"https:\/\/www.radiopiu.net\/wordpress\/wp-content\/uploads\/2024\/05\/3a6ebce2-83b2-4056-9592-bed4d4057f16-150x150.jpg\" class=\"attachment-thumbnail size-thumbnail\" alt=\"\" \/><\/a>\n\t\t\t\t<\/dt><\/dl><dl class='gallery-item'>\n\t\t\t\t<dt class='gallery-icon landscape'>\n\t\t\t\t\t<a class=\"rollover rollover-zoom dt-pswp-item\" title=\"224c01dc-bbe0-4e04-8f8d-a383325e8b5a\" data-dt-img-description=\"\" data-large_image_width=\"1600\" data-large_image_height=\"1200\"href='https:\/\/www.radiopiu.net\/wordpress\/wp-content\/uploads\/2024\/05\/224c01dc-bbe0-4e04-8f8d-a383325e8b5a.jpg'><img loading=\"lazy\" decoding=\"async\" width=\"150\" height=\"150\" src=\"https:\/\/www.radiopiu.net\/wordpress\/wp-content\/uploads\/2024\/05\/224c01dc-bbe0-4e04-8f8d-a383325e8b5a-150x150.jpg\" class=\"attachment-thumbnail size-thumbnail\" alt=\"\" \/><\/a>\n\t\t\t\t<\/dt><\/dl><br style=\"clear: both\" \/><dl class='gallery-item'>\n\t\t\t\t<dt class='gallery-icon portrait'>\n\t\t\t\t\t<a class=\"rollover rollover-zoom dt-pswp-item\" title=\"4a1beb8f-2b60-4b9c-8975-234eccf48665\" data-dt-img-description=\"\" data-large_image_width=\"1200\" data-large_image_height=\"1600\"href='https:\/\/www.radiopiu.net\/wordpress\/wp-content\/uploads\/2024\/05\/4a1beb8f-2b60-4b9c-8975-234eccf48665.jpg'><img loading=\"lazy\" decoding=\"async\" width=\"150\" height=\"150\" src=\"https:\/\/www.radiopiu.net\/wordpress\/wp-content\/uploads\/2024\/05\/4a1beb8f-2b60-4b9c-8975-234eccf48665-150x150.jpg\" class=\"attachment-thumbnail size-thumbnail\" alt=\"\" \/><\/a>\n\t\t\t\t<\/dt><\/dl><dl class='gallery-item'>\n\t\t\t\t<dt class='gallery-icon portrait'>\n\t\t\t\t\t<a class=\"rollover rollover-zoom dt-pswp-item\" title=\"35bc502e-eda3-4e95-bea7-5ebad83d9259\" data-dt-img-description=\"\" data-large_image_width=\"1200\" data-large_image_height=\"1600\"href='https:\/\/www.radiopiu.net\/wordpress\/wp-content\/uploads\/2024\/05\/35bc502e-eda3-4e95-bea7-5ebad83d9259.jpg'><img loading=\"lazy\" decoding=\"async\" width=\"150\" height=\"150\" src=\"https:\/\/www.radiopiu.net\/wordpress\/wp-content\/uploads\/2024\/05\/35bc502e-eda3-4e95-bea7-5ebad83d9259-150x150.jpg\" class=\"attachment-thumbnail size-thumbnail\" alt=\"\" \/><\/a>\n\t\t\t\t<\/dt><\/dl><dl class='gallery-item'>\n\t\t\t\t<dt class='gallery-icon landscape'>\n\t\t\t\t\t<a class=\"rollover rollover-zoom dt-pswp-item\" title=\"200d12fa-21a6-448a-8c8f-0724b59d650b\" data-dt-img-description=\"\" data-large_image_width=\"1600\" data-large_image_height=\"1200\"href='https:\/\/www.radiopiu.net\/wordpress\/wp-content\/uploads\/2024\/05\/200d12fa-21a6-448a-8c8f-0724b59d650b.jpg'><img loading=\"lazy\" decoding=\"async\" width=\"150\" height=\"150\" src=\"https:\/\/www.radiopiu.net\/wordpress\/wp-content\/uploads\/2024\/05\/200d12fa-21a6-448a-8c8f-0724b59d650b-150x150.jpg\" class=\"attachment-thumbnail size-thumbnail\" alt=\"\" \/><\/a>\n\t\t\t\t<\/dt><\/dl><dl class='gallery-item'>\n\t\t\t\t<dt class='gallery-icon landscape'>\n\t\t\t\t\t<a class=\"rollover rollover-zoom dt-pswp-item\" title=\"830e121f-e0d7-45b0-af37-b8f9d0925949\" data-dt-img-description=\"\" data-large_image_width=\"2048\" data-large_image_height=\"1536\"href='https:\/\/www.radiopiu.net\/wordpress\/wp-content\/uploads\/2024\/05\/830e121f-e0d7-45b0-af37-b8f9d0925949.jpg'><img loading=\"lazy\" decoding=\"async\" width=\"150\" height=\"150\" src=\"https:\/\/www.radiopiu.net\/wordpress\/wp-content\/uploads\/2024\/05\/830e121f-e0d7-45b0-af37-b8f9d0925949-150x150.jpg\" class=\"attachment-thumbnail size-thumbnail\" alt=\"\" \/><\/a>\n\t\t\t\t<\/dt><\/dl><br style=\"clear: both\" \/><dl class='gallery-item'>\n\t\t\t\t<dt class='gallery-icon portrait'>\n\t\t\t\t\t<a class=\"rollover rollover-zoom dt-pswp-item\" title=\"e6fd02d3-5040-4c8c-bc64-125c2032bb23\" data-dt-img-description=\"\" data-large_image_width=\"1201\" data-large_image_height=\"1600\"href='https:\/\/www.radiopiu.net\/wordpress\/wp-content\/uploads\/2024\/05\/e6fd02d3-5040-4c8c-bc64-125c2032bb23.jpg'><img loading=\"lazy\" decoding=\"async\" width=\"150\" height=\"150\" src=\"https:\/\/www.radiopiu.net\/wordpress\/wp-content\/uploads\/2024\/05\/e6fd02d3-5040-4c8c-bc64-125c2032bb23-150x150.jpg\" class=\"attachment-thumbnail size-thumbnail\" alt=\"\" \/><\/a>\n\t\t\t\t<\/dt><\/dl><dl class='gallery-item'>\n\t\t\t\t<dt class='gallery-icon portrait'>\n\t\t\t\t\t<a class=\"rollover rollover-zoom dt-pswp-item\" title=\"e0a95fa9-1885-4353-9c40-551f6cfea1d8\" data-dt-img-description=\"\" data-large_image_width=\"1201\" data-large_image_height=\"1600\"href='https:\/\/www.radiopiu.net\/wordpress\/wp-content\/uploads\/2024\/05\/e0a95fa9-1885-4353-9c40-551f6cfea1d8.jpg'><img loading=\"lazy\" decoding=\"async\" width=\"150\" height=\"150\" src=\"https:\/\/www.radiopiu.net\/wordpress\/wp-content\/uploads\/2024\/05\/e0a95fa9-1885-4353-9c40-551f6cfea1d8-150x150.jpg\" class=\"attachment-thumbnail size-thumbnail\" alt=\"\" \/><\/a>\n\t\t\t\t<\/dt><\/dl><dl class='gallery-item'>\n\t\t\t\t<dt class='gallery-icon portrait'>\n\t\t\t\t\t<a class=\"rollover rollover-zoom dt-pswp-item\" title=\"55d98915-b7e3-4b01-94c4-146527e35625\" data-dt-img-description=\"\" data-large_image_width=\"1201\" data-large_image_height=\"1600\"href='https:\/\/www.radiopiu.net\/wordpress\/wp-content\/uploads\/2024\/05\/55d98915-b7e3-4b01-94c4-146527e35625.jpg'><img loading=\"lazy\" decoding=\"async\" width=\"150\" height=\"150\" src=\"https:\/\/www.radiopiu.net\/wordpress\/wp-content\/uploads\/2024\/05\/55d98915-b7e3-4b01-94c4-146527e35625-150x150.jpg\" class=\"attachment-thumbnail size-thumbnail\" alt=\"\" \/><\/a>\n\t\t\t\t<\/dt><\/dl><dl class='gallery-item'>\n\t\t\t\t<dt class='gallery-icon portrait'>\n\t\t\t\t\t<a class=\"rollover rollover-zoom dt-pswp-item\" title=\"d70bd992-07e3-4661-8652-54964d375404\" data-dt-img-description=\"\" data-large_image_width=\"1536\" data-large_image_height=\"2048\"href='https:\/\/www.radiopiu.net\/wordpress\/wp-content\/uploads\/2024\/05\/d70bd992-07e3-4661-8652-54964d375404.jpg'><img loading=\"lazy\" decoding=\"async\" width=\"150\" height=\"150\" src=\"https:\/\/www.radiopiu.net\/wordpress\/wp-content\/uploads\/2024\/05\/d70bd992-07e3-4661-8652-54964d375404-150x150.jpg\" class=\"attachment-thumbnail size-thumbnail\" alt=\"\" \/><\/a>\n\t\t\t\t<\/dt><\/dl><br style=\"clear: both\" \/>\n\t\t\t<\/div>\n\n<p>&nbsp;<\/p>\n<hr \/>\n<p>&nbsp;<\/p>\n<p>&nbsp;<\/p>\n<blockquote>\n<h3><a class=\"dt-pswp-item\" href=\"https:\/\/www.radiopiu.net\/wordpress\/wp-content\/uploads\/2024\/05\/Citta-alpina-dellanno_1.jpeg\" data-dt-img-description=\"\" data-large_image_width=\"1600\" data-large_image_height=\"1200\"><img loading=\"lazy\" decoding=\"async\" class=\" wp-image-391061 alignleft\" src=\"https:\/\/www.radiopiu.net\/wordpress\/wp-content\/uploads\/2024\/05\/Citta-alpina-dellanno_1-300x225.jpeg\" alt=\"\" width=\"232\" height=\"174\" srcset=\"https:\/\/www.radiopiu.net\/wordpress\/wp-content\/uploads\/2024\/05\/Citta-alpina-dellanno_1-300x225.jpeg 300w, https:\/\/www.radiopiu.net\/wordpress\/wp-content\/uploads\/2024\/05\/Citta-alpina-dellanno_1-1024x768.jpeg 1024w, https:\/\/www.radiopiu.net\/wordpress\/wp-content\/uploads\/2024\/05\/Citta-alpina-dellanno_1-768x576.jpeg 768w, https:\/\/www.radiopiu.net\/wordpress\/wp-content\/uploads\/2024\/05\/Citta-alpina-dellanno_1-1536x1152.jpeg 1536w, https:\/\/www.radiopiu.net\/wordpress\/wp-content\/uploads\/2024\/05\/Citta-alpina-dellanno_1.jpeg 1600w\" sizes=\"auto, (max-width: 232px) 100vw, 232px\" \/><\/a>Belluno all\u2019Assemblea di \u201cCitt\u00e0 alpina dell\u2019anno<\/h3>\n<\/blockquote>\n<p><strong>BELLUNO\u00a0<\/strong> ha partecipato all\u2019annuale assemblea dell\u2019associazione \u201cCitt\u00e0 alpina dell\u2019anno\u201d, tenutasi a Cuneo durante il \u201cCuneo montagna festival\u201d. L&#8217;incontro ha coinvolto 19 citt\u00e0 alpine di sei paesi, tra cui Falcade, invitata dal capoluogo. L\u2019Assessore al turismo di Belluno ha sottolineato l\u2019importanza di fare rete per lo sviluppo territoriale e ambientale. Grazie all\u2019associazione e a Cipra, Belluno ha ottenuto fondi per il progetto \u201cPietre preziose\u201d, finalizzato alla ricostruzione di un antico muretto a secco. L\u2019Associazione promuove anche webinar su temi come biodiversit\u00e0 e gestione delle risorse idriche, aperti a tutta la comunit\u00e0.<\/p>\n<p>&nbsp;<\/p>\n<hr \/>\n<p>&nbsp;<\/p>\n<p>&nbsp;<\/p>\n<blockquote>\n<h3><a class=\"dt-pswp-item\" href=\"https:\/\/www.radiopiu.net\/wordpress\/wp-content\/uploads\/2019\/08\/1297-2019-foto-lupo-Grappa2.jpg\" data-dt-img-description=\"\" data-large_image_width=\"5184\" data-large_image_height=\"3888\"><img loading=\"lazy\" decoding=\"async\" class=\"wp-image-94503 alignleft\" src=\"https:\/\/www.radiopiu.net\/wordpress\/wp-content\/uploads\/2019\/08\/1297-2019-foto-lupo-Grappa2-300x225.jpg\" alt=\"\" width=\"177\" height=\"133\" srcset=\"https:\/\/www.radiopiu.net\/wordpress\/wp-content\/uploads\/2019\/08\/1297-2019-foto-lupo-Grappa2-300x225.jpg 300w, https:\/\/www.radiopiu.net\/wordpress\/wp-content\/uploads\/2019\/08\/1297-2019-foto-lupo-Grappa2-768x576.jpg 768w, https:\/\/www.radiopiu.net\/wordpress\/wp-content\/uploads\/2019\/08\/1297-2019-foto-lupo-Grappa2-1024x768.jpg 1024w\" sizes=\"auto, (max-width: 177px) 100vw, 177px\" \/><\/a>Dorfmann Chiede Azioni per la Gestione del Lupo<\/h3>\n<\/blockquote>\n<p><strong>BRUXELLES<\/strong> L&#8217;europarlamentare Herbert Dorfmann ha scritto a Ursula von der Leyen chiedendo di abbassare lo status di protezione del lupo. Dorfmann sottolinea l&#8217;importanza di provvedimenti concreti per mantenere la fiducia dei cittadini nelle aree rurali e garantire sicurezza e protezione degli animali da pascolo.<\/p>\n<p>&nbsp;<\/p>\n<div class=\"mt-1 flex gap-3 empty:hidden juice:-ml-3\">\n<div class=\"items-center justify-start rounded-xl p-1 flex\">\n<div class=\"flex items-center\"><\/div>\n<\/div>\n<\/div>\n<hr \/>\n<p>&nbsp;<\/p>\n<p>&nbsp;<\/p>\n<h2><span style=\"color: #993300;\">IL CRISTO REDENTORE DI RIO A RENON DI GOSALDO\u00a0<\/span><\/h2>\n<p><strong>GOSALDO<\/strong>\u00a0 Il 15 giugno, a Renon, si terr\u00e0 l&#8217;inaugurazione del Cristo Redentore, un&#8217;opera in marmo di Carrara realizzata dallo scultore Stefano di Arte 2000 di Conegliano Veneto. Voluto fortemente da Pasquale Gatto, il Cristo Redentore, alto 3 metri e pesante 1500 kg, \u00e8 un omaggio a sua madre. L&#8217;inaugurazione avr\u00e0 inizio alle 16 con una messa solenne, seguita dalla benedizione e consacrazione della statua. Dopo la cerimonia religiosa, ci sar\u00e0 un evento conviviale con salame, formaggio, polenta e vino. L&#8217;evento \u00e8 aperto a tutti, inclusi i bambini. <span style=\"color: #ff0000;\">Per ulteriori informazioni e iscrizioni, \u00e8 possibile contattare Pasquale Gatto al numero 348 1765777 dalle 10:00 alle 19:00, tutti i giorni.<\/span><\/p>\n<p>&nbsp;<\/p>\n<p><strong><a class=\"dt-pswp-item\" href=\"https:\/\/www.radiopiu.net\/wordpress\/wp-content\/uploads\/2024\/05\/CRISTO-GOSALDO.png\" data-dt-img-description=\"\" data-large_image_width=\"1064\" data-large_image_height=\"657\"><img loading=\"lazy\" decoding=\"async\" class=\" wp-image-390956 alignleft\" src=\"https:\/\/www.radiopiu.net\/wordpress\/wp-content\/uploads\/2024\/05\/CRISTO-GOSALDO-300x185.png\" alt=\"\" width=\"170\" height=\"105\" srcset=\"https:\/\/www.radiopiu.net\/wordpress\/wp-content\/uploads\/2024\/05\/CRISTO-GOSALDO-300x185.png 300w, https:\/\/www.radiopiu.net\/wordpress\/wp-content\/uploads\/2024\/05\/CRISTO-GOSALDO-1024x632.png 1024w, https:\/\/www.radiopiu.net\/wordpress\/wp-content\/uploads\/2024\/05\/CRISTO-GOSALDO-768x474.png 768w, https:\/\/www.radiopiu.net\/wordpress\/wp-content\/uploads\/2024\/05\/CRISTO-GOSALDO.png 1064w\" sizes=\"auto, (max-width: 170px) 100vw, 170px\" \/><\/a>DI MIRKO MEZZACASA<\/strong><\/p>\n<p>OSPITE: Pasquale Gatto<\/p>\n<audio class=\"wp-audio-shortcode\" id=\"audio-390859-8\" preload=\"none\" style=\"width: 100%;\" controls=\"controls\"><source type=\"audio\/mpeg\" src=\"https:\/\/www.radiopiu.net\/wordpress\/wp-content\/uploads\/2024\/05\/GF16.mp3?_=8\" \/><a href=\"https:\/\/www.radiopiu.net\/wordpress\/wp-content\/uploads\/2024\/05\/GF16.mp3\">https:\/\/www.radiopiu.net\/wordpress\/wp-content\/uploads\/2024\/05\/GF16.mp3<\/a><\/audio>\n<p>&nbsp;<\/p>\n<hr \/>\n<p>&nbsp;<\/p>\n<p>&nbsp;<\/p>\n<blockquote>\n<h2>Il Ritorno Programmato degli Emigranti Bellunesi<\/h2>\n<\/blockquote>\n<p><strong><a class=\"dt-pswp-item\" href=\"https:\/\/www.radiopiu.net\/wordpress\/wp-content\/uploads\/2024\/05\/Senza-nome-39.png\" data-dt-img-description=\"\" data-large_image_width=\"610\" data-large_image_height=\"334\"><img loading=\"lazy\" decoding=\"async\" class=\"size-medium wp-image-391110 alignleft\" src=\"https:\/\/www.radiopiu.net\/wordpress\/wp-content\/uploads\/2024\/05\/Senza-nome-39-300x164.png\" alt=\"\" width=\"300\" height=\"164\" srcset=\"https:\/\/www.radiopiu.net\/wordpress\/wp-content\/uploads\/2024\/05\/Senza-nome-39-300x164.png 300w, https:\/\/www.radiopiu.net\/wordpress\/wp-content\/uploads\/2024\/05\/Senza-nome-39.png 610w\" sizes=\"auto, (max-width: 300px) 100vw, 300px\" \/><\/a>BELLUNO<\/strong> Nel 1967, la rivista Selezione del Centro Studi Emigrazione di Roma defin\u00ec &#8220;concreta e pionieristica&#8221; l&#8217;iniziativa per il rientro programmato degli emigranti bellunesi. L&#8217;Associazione Industriali di Belluno, in collaborazione con l&#8217;Associazione Emigranti Bellunesi (Abm), pianific\u00f2 la creazione di 530 nuovi posti di lavoro entro la primavera del 1968 in otto comuni del Bellunese: Alano, Feltre, Longarone, Mel, Santa Giustina, Ospitale, Ponte nelle Alpi e Trichiana. L&#8217;obiettivo era offrire occupazioni a bellunesi all&#8217;estero interessati a rientrare. L&#8217;Abm pubblic\u00f2 una scheda di prenotazione sul mensile &#8220;Bellunesi nel mondo&#8221; per raggiungere i 22mila lettori in tutto il mondo. I posti disponibili includevano settori come meccanica, elettromeccanica, tessile, filatura, lavorazione del marmo, siderurgia e produzione di carta. Ad esempio, ad Alano si cercavano 100 lavoratori (50 uomini e 50 donne) per meccanica, elettromeccanica, alimentari e maglieria. A Longarone, 150 posti erano offerti nei settori elettromeccanico, tessile, marmo e lavorazioni ausiliarie. Altri comuni come Feltre, Mel, Ospitale, Ponte nelle Alpi, Santa Giustina e Trichiana avevano simili opportunit\u00e0 in vari comparti industriali. Questa iniziativa non solo mirava a sfruttare le qualifiche acquisite dagli emigranti all&#8217;estero, ma anche a promuovere lo sviluppo economico locale. Il Centro Studi Emigrazione sperava che altre province italiane seguissero l&#8217;esempio di Belluno, dimostrando che il ritorno degli emigranti poteva essere una risorsa preziosa per lo sviluppo regionale.<\/p>\n<p>&nbsp;<\/p>\n<hr \/>\n<p>&nbsp;<\/p>\n<blockquote>\n<h3>&#8220;DOVE ANDREMO NOI&#8221;, IL NUOVO ALBUM DI ALVISE BORTOLINI<\/h3>\n<\/blockquote>\n<p><a class=\"dt-pswp-item\" href=\"https:\/\/www.radiopiu.net\/wordpress\/wp-content\/uploads\/2024\/05\/AAA.png\" data-dt-img-description=\"\" data-large_image_width=\"420\" data-large_image_height=\"419\"><img loading=\"lazy\" decoding=\"async\" class=\" wp-image-391113 alignleft\" src=\"https:\/\/www.radiopiu.net\/wordpress\/wp-content\/uploads\/2024\/05\/AAA-300x300.png\" alt=\"\" width=\"181\" height=\"181\" srcset=\"https:\/\/www.radiopiu.net\/wordpress\/wp-content\/uploads\/2024\/05\/AAA-300x300.png 300w, https:\/\/www.radiopiu.net\/wordpress\/wp-content\/uploads\/2024\/05\/AAA-150x150.png 150w, https:\/\/www.radiopiu.net\/wordpress\/wp-content\/uploads\/2024\/05\/AAA.png 420w\" sizes=\"auto, (max-width: 181px) 100vw, 181px\" \/><\/a><strong>BELLUNO<\/strong> E&#8217; uscito ieri\u00a0 su tutte le piattaforme il nuovo disco di Alvise Bortolini, che torna dopo &#8220;Canzoni sole&#8221; con un album intenso e commovente. Dieci tracce celebrano l&#8217;amore e i legami eterni, con partecipazioni di Fabio Trentini, Gabriele Comeglio, Fabrizio Bosso e Gabriele &#8220;Lele&#8221; Melotti. Alcune voci sono state registrate\u00a0 Garlasco a casa di Ron.<\/p>\n<p><em>&#8220;Dove andremo noi&#8221;<\/em> di Alvise Bortolini \u00e8 un album che esplora i legami della vita, puntando sulla potenza dell&#8217;amore vero e unico. Alvise riflette sull&#8217;amore come forma di libert\u00e0 e destino, utilizzando musica e parole per fissare nel tempo l&#8217;essenza dell&#8217;esistenza. Il disco \u00e8 nato da una necessit\u00e0 personale e si \u00e8 sviluppato in pochi mesi come un flusso di coscienza. Le registrazioni e gli arrangiamenti sono stati curati da Fabio Trentini e Gabriele Comeglio. Il lavoro celebra anche l&#8217;amicizia e i legami autentici tra musicisti, con contributi significativi di artisti come Lele Melotti e Fabrizio Bosso.<\/p>\n<p>&nbsp;<\/p>\n<hr \/>\n<p>&nbsp;<\/p>\n<p>&nbsp;<\/p>\n<blockquote>\n<h3><a class=\"dt-pswp-item\" href=\"https:\/\/www.radiopiu.net\/wordpress\/wp-content\/uploads\/2024\/05\/1716201745009.jpg\" data-dt-img-description=\"\" data-large_image_width=\"1080\" data-large_image_height=\"587\"><img loading=\"lazy\" decoding=\"async\" class=\" wp-image-391062 alignleft\" src=\"https:\/\/www.radiopiu.net\/wordpress\/wp-content\/uploads\/2024\/05\/1716201745009-300x163.jpg\" alt=\"\" width=\"285\" height=\"155\" srcset=\"https:\/\/www.radiopiu.net\/wordpress\/wp-content\/uploads\/2024\/05\/1716201745009-300x163.jpg 300w, https:\/\/www.radiopiu.net\/wordpress\/wp-content\/uploads\/2024\/05\/1716201745009-1024x557.jpg 1024w, https:\/\/www.radiopiu.net\/wordpress\/wp-content\/uploads\/2024\/05\/1716201745009-768x417.jpg 768w, https:\/\/www.radiopiu.net\/wordpress\/wp-content\/uploads\/2024\/05\/1716201745009.jpg 1080w\" sizes=\"auto, (max-width: 285px) 100vw, 285px\" \/><\/a>Mostra dell\u2019Artigianato di Feltre: Sinergia con il Parco Nazionale Dolomiti Bellunesi<\/h3>\n<\/blockquote>\n<p><strong>FELTRE<\/strong> La trentottesima edizione della Mostra dell\u2019Artigianato Citt\u00e0 di Feltre, dal 27 al 30 giugno, rafforza la collaborazione con il Parco Nazionale Dolomiti Bellunesi. Il Parco sosterr\u00e0 economicamente la mostra e parteciper\u00e0 attivamente con uno stand gestito dagli artigiani del circuito &#8220;Carta Qualit\u00e0&#8221;. Previsti un giardino tematico dedicato all\u2019area protetta e una diretta televisiva per promuovere il Parco e le sue attivit\u00e0 estive. Torneranno anche le proiezioni multimediali sulle facciate degli edifici di Feltre, raffiguranti i paesaggi del Parco.\u00a0 Luciano Gesiot, Presidente della Mostra, ha evidenziato che questa collaborazione rappresenta un valore aggiunto per il territorio, favorendo ulteriori risultati significativi attraverso sinergie trasversali e durature.<\/p>\n<p>&nbsp;<\/p>\n<p>&nbsp;<\/p>\n<p>&nbsp;<\/p>\n<hr \/>\n<p>&nbsp;<\/p>\n<blockquote>\n<h3>LA SETTIMANA DEDICATA AL BICENTENARIO DALLA NASCITA DI DON ANTONIO DELLA LUCIA<\/h3>\n<\/blockquote>\n<p><a class=\"dt-pswp-item\" href=\"https:\/\/www.radiopiu.net\/wordpress\/wp-content\/uploads\/2024\/04\/Don-Antonio-Della-Lucia.jpg\" data-dt-img-description=\"\" data-large_image_width=\"1695\" data-large_image_height=\"1822\"><img loading=\"lazy\" decoding=\"async\" class=\" wp-image-387096 alignleft\" src=\"https:\/\/www.radiopiu.net\/wordpress\/wp-content\/uploads\/2024\/04\/Don-Antonio-Della-Lucia-279x300.jpg\" alt=\"\" width=\"120\" height=\"129\" srcset=\"https:\/\/www.radiopiu.net\/wordpress\/wp-content\/uploads\/2024\/04\/Don-Antonio-Della-Lucia-279x300.jpg 279w, https:\/\/www.radiopiu.net\/wordpress\/wp-content\/uploads\/2024\/04\/Don-Antonio-Della-Lucia-953x1024.jpg 953w, https:\/\/www.radiopiu.net\/wordpress\/wp-content\/uploads\/2024\/04\/Don-Antonio-Della-Lucia-768x826.jpg 768w, https:\/\/www.radiopiu.net\/wordpress\/wp-content\/uploads\/2024\/04\/Don-Antonio-Della-Lucia-1429x1536.jpg 1429w, https:\/\/www.radiopiu.net\/wordpress\/wp-content\/uploads\/2024\/04\/Don-Antonio-Della-Lucia.jpg 1695w\" sizes=\"auto, (max-width: 120px) 100vw, 120px\" \/><\/a>Gioved\u00ec scorso sono iniziate le celebrazioni per il bicentenario dalla nascita di Don Antonio Della Lucia.<\/p>\n<p><strong>LORIS SERAFINI, DIRETTORE DEL MUSAL<\/strong><\/p>\n<audio class=\"wp-audio-shortcode\" id=\"audio-390859-9\" preload=\"none\" style=\"width: 100%;\" controls=\"controls\"><source type=\"audio\/mpeg\" src=\"https:\/\/www.radiopiu.net\/wordpress\/wp-content\/uploads\/2024\/05\/LORIS-SERAFINI-SETTIMANA-DON-ANTONIO.mp3?_=9\" \/><a href=\"https:\/\/www.radiopiu.net\/wordpress\/wp-content\/uploads\/2024\/05\/LORIS-SERAFINI-SETTIMANA-DON-ANTONIO.mp3\">https:\/\/www.radiopiu.net\/wordpress\/wp-content\/uploads\/2024\/05\/LORIS-SERAFINI-SETTIMANA-DON-ANTONIO.mp3<\/a><\/audio>\n<p>&nbsp;<\/p>\n<blockquote>\n<h3>LE MOSTRE PER IL BICENTENARIO DELLA NASCITA DI DON ANTONIO DELLA LUCIA<\/h3>\n<\/blockquote>\n<p><strong>CANALE D&#8217;AGORDO<\/strong> La Fondazione Papa Luciani Onlus celebra Don Antonio Della Lucia con un comitato speciale nel bicentenario della sua nascita. Coinvolte varie istituzioni e associazioni locali, incluso il Ministero dell&#8217;agricoltura.\u00a0 Tre mostre in provincia: Palazzo Piloni (16 maggio &#8211; 16 settembre), Canale d\u2019Agordo (1\u00b0 luglio &#8211; 31 agosto), e Frassen\u00e8 Agordino (1\u00b0 luglio &#8211; 31 agosto, su prenotazione). Un omaggio alla vita e all&#8217;opera di Della Lucia, pioniere delle latterie cooperative in Italia.<\/p>\n<a href=\"https:\/\/www.radiopiu.net\/wordpress\/wp-content\/uploads\/2024\/05\/Locandina-eventi-completa-per-il-bicentenario-del-Cavalier-Don-Antonio-Della-Lucia-1.pdf\" class=\"pdfemb-viewer\" style=\"\" data-width=\"max\" data-height=\"max\" data-toolbar=\"top\" data-toolbar-fixed=\"on\">Locandina eventi completa per il bicentenario del Cavalier Don Antonio Della Lucia<\/a>\n<p>&nbsp;<\/p>\n<p>&nbsp;<\/p>\n<hr \/>\n<p>&nbsp;<\/p>\n<p>&nbsp;<\/p>\n<blockquote>\n<h3><a class=\"dt-pswp-item\" href=\"https:\/\/www.radiopiu.net\/wordpress\/wp-content\/uploads\/2024\/05\/imperina-1024x512-1.jpg\" data-dt-img-description=\"\" data-large_image_width=\"1024\" data-large_image_height=\"512\"><img loading=\"lazy\" decoding=\"async\" class=\" wp-image-391080 alignleft\" src=\"https:\/\/www.radiopiu.net\/wordpress\/wp-content\/uploads\/2024\/05\/imperina-1024x512-1-300x150.jpg\" alt=\"\" width=\"264\" height=\"132\" srcset=\"https:\/\/www.radiopiu.net\/wordpress\/wp-content\/uploads\/2024\/05\/imperina-1024x512-1-300x150.jpg 300w, https:\/\/www.radiopiu.net\/wordpress\/wp-content\/uploads\/2024\/05\/imperina-1024x512-1-768x384.jpg 768w, https:\/\/www.radiopiu.net\/wordpress\/wp-content\/uploads\/2024\/05\/imperina-1024x512-1.jpg 1024w\" sizes=\"auto, (max-width: 264px) 100vw, 264px\" \/><\/a>VALLE IMPERINA: FINALMENTE!!! NUOVA VITA, SABATO L&#8217;INAUGURAZIONE UFFICIALE<\/h3>\n<\/blockquote>\n<p><strong>RIVAMONTE<\/strong> <span style=\"font-family: Arial, serif;\"><span style=\"font-size: medium;\">\u00a0XVI Giornata Nazionale delle Miniere,\u00a0 si terr\u00e0 presso il Centro Minerario di Valle Imperina in data 25 e 26 maggio 2024 a partire dalle 17 (DIRETTE SUI CANALI SOCIAL DI RADIOPIU).\u00a0<\/span><\/span><span style=\"font-family: Arial, serif;\"><span style=\"font-size: medium;\"> Il rilancio del Centro Minerario di Valle Imperina \u00e8 stato fortemente voluto dalle Istituzioni, dalle Associazioni e dalle Comunit\u00e0 locali ed \u00e8 stato realizzato grazie all\u2019impegno del Gruppo Botol e alla dedizione\u00a0 di Fabrizio Vigilante che caparbiamente ha voluto impegnarsi in questo progetto.\u00a0<\/span><\/span><span style=\"font-family: Arial, serif;\"><span style=\"font-size: medium;\"> Con l\u2019occasione sar\u00e0 possibile assistere ad un convegno a tema con l\u2019intervento di numerosi esperti, visitare i musei, le mostre e godere appieno dello splendido panorama della Conca Agordina e delle Dolomiti Bellunesi.<\/span><\/span><\/p>\n<p>&nbsp;<\/p>\n<a href=\"https:\/\/www.radiopiu.net\/wordpress\/wp-content\/uploads\/2024\/05\/LOC_A3_GG_MINIERE_2024_06_DEF-2.pdf\" class=\"pdfemb-viewer\" style=\"\" data-width=\"max\" data-height=\"max\" data-toolbar=\"top\" data-toolbar-fixed=\"on\">LOC_A3_GG_MINIERE_2024_06_DEF<\/a>\n<p>&nbsp;<\/p>\n<p>&nbsp;<\/p>\n<hr \/>\n<p>&nbsp;<\/p>\n<blockquote>\n<h3><b>GIOVANI BELLUNESI E OCCHIALERIA &#8211; BOOM DI PARTECIPANTI PER IL CONCORSO \u201c\u00c8 TUTTA UNA MONTATURA!<\/b><\/h3>\n<\/blockquote>\n<p><strong>BELLUNO <\/strong>La terza edizione del concorso \u201c\u00c8 tutta una montatura!\u201d, promosso dalla Sezione Occhialeria Moda Sport e dal Gruppo Giovani Imprenditori, ha visto la partecipazione di 169 studenti delle scuole secondarie di primo grado della provincia di Belluno. I partecipanti hanno progettato occhiali innovativi per la \u201cGenerazione Z\u201d, lavorando in gruppi per elaborare disegni tecnici e artistici, distinte dei materiali e campagne promozionali. Cinque gruppi sono stati premiati con 500 euro ciascuno per finanziare viaggi di istruzione o acquisti didattici. L&#8217;iniziativa, cresciuta nel tempo, mira a coinvolgere i giovani nel settore dell&#8217;occhialeria, valorizzando creativit\u00e0 e resilienza.<\/p>\n\n\t\t\t<style type='text\/css'>\n\t\t\t\t#gallery-4 {\n\t\t\t\t\tmargin: auto;\n\t\t\t\t}\n\t\t\t\t#gallery-4 .gallery-item {\n\t\t\t\t\tfloat: left;\n\t\t\t\t\tmargin-top: 10px;\n\t\t\t\t\ttext-align: center;\n\t\t\t\t\twidth: 33%;\n\t\t\t\t}\n\t\t\t\t#gallery-4 img {\n\t\t\t\t\tborder: 2px solid #cfcfcf;\n\t\t\t\t}\n\t\t\t\t#gallery-4 .gallery-caption {\n\t\t\t\t\tmargin-left: 0;\n\t\t\t\t}\n\t\t\t\t\/* see gallery_shortcode() in wp-includes\/media.php *\/\n\t\t\t<\/style>\n\t\t<div id='gallery-4' class='dt-gallery-container gallery galleryid-390859 gallery-columns-3 gallery-size-thumbnail'><dl class='gallery-item'>\n\t\t\t\t<dt class='gallery-icon landscape'>\n\t\t\t\t\t<a class=\"rollover rollover-zoom dt-pswp-item\" title=\"20240515_092902[3]\" data-dt-img-description=\"\" data-large_image_width=\"2312\" data-large_image_height=\"1734\"href='https:\/\/www.radiopiu.net\/wordpress\/wp-content\/uploads\/2024\/05\/20240515_0929023.jpg'><img loading=\"lazy\" decoding=\"async\" width=\"150\" height=\"150\" src=\"https:\/\/www.radiopiu.net\/wordpress\/wp-content\/uploads\/2024\/05\/20240515_0929023-150x150.jpg\" class=\"attachment-thumbnail size-thumbnail\" alt=\"\" \/><\/a>\n\t\t\t\t<\/dt><\/dl><dl class='gallery-item'>\n\t\t\t\t<dt class='gallery-icon landscape'>\n\t\t\t\t\t<a class=\"rollover rollover-zoom dt-pswp-item\" title=\"Immagine WhatsApp 2024-05-17 ore 11.36.44_a5c416f2[3]\" data-dt-img-description=\"\" data-large_image_width=\"1600\" data-large_image_height=\"900\"href='https:\/\/www.radiopiu.net\/wordpress\/wp-content\/uploads\/2024\/05\/Immagine-WhatsApp-2024-05-17-ore-11.36.44_a5c416f23.jpg'><img loading=\"lazy\" decoding=\"async\" width=\"150\" height=\"150\" src=\"https:\/\/www.radiopiu.net\/wordpress\/wp-content\/uploads\/2024\/05\/Immagine-WhatsApp-2024-05-17-ore-11.36.44_a5c416f23-150x150.jpg\" class=\"attachment-thumbnail size-thumbnail\" alt=\"\" \/><\/a>\n\t\t\t\t<\/dt><\/dl><dl class='gallery-item'>\n\t\t\t\t<dt class='gallery-icon landscape'>\n\t\t\t\t\t<a class=\"rollover rollover-zoom dt-pswp-item\" title=\"Immagine WhatsApp 2024-05-17 ore 11.36.44_a0e35d0a[3]\" data-dt-img-description=\"\" data-large_image_width=\"1600\" data-large_image_height=\"900\"href='https:\/\/www.radiopiu.net\/wordpress\/wp-content\/uploads\/2024\/05\/Immagine-WhatsApp-2024-05-17-ore-11.36.44_a0e35d0a3.jpg'><img loading=\"lazy\" decoding=\"async\" width=\"150\" height=\"150\" src=\"https:\/\/www.radiopiu.net\/wordpress\/wp-content\/uploads\/2024\/05\/Immagine-WhatsApp-2024-05-17-ore-11.36.44_a0e35d0a3-150x150.jpg\" class=\"attachment-thumbnail size-thumbnail\" alt=\"\" \/><\/a>\n\t\t\t\t<\/dt><\/dl><br style=\"clear: both\" \/>\n\t\t\t<\/div>\n\n<div class=\"mt-1 flex gap-3 empty:hidden juice:-ml-3\">\n<div class=\"items-center justify-start rounded-xl p-1 flex\">\n<div class=\"flex items-center\">\n<div class=\"flex items-center pb-0.5 juice:pb-0\"><\/div>\n<\/div>\n<\/div>\n<\/div>\n<p>&nbsp;<\/p>\n<hr \/>\n<p>&nbsp;<\/p>\n<blockquote>\n<h3><a class=\"dt-pswp-item\" href=\"https:\/\/www.radiopiu.net\/wordpress\/wp-content\/uploads\/2024\/05\/Camminata-nella-Biodiversita-con-il-FAI-scaled.jpg\" data-dt-img-description=\"\" data-large_image_width=\"2560\" data-large_image_height=\"1702\"><img loading=\"lazy\" decoding=\"async\" class=\" wp-image-391028 alignleft\" src=\"https:\/\/www.radiopiu.net\/wordpress\/wp-content\/uploads\/2024\/05\/Camminata-nella-Biodiversita-con-il-FAI-300x199.jpg\" alt=\"\" width=\"205\" height=\"136\" srcset=\"https:\/\/www.radiopiu.net\/wordpress\/wp-content\/uploads\/2024\/05\/Camminata-nella-Biodiversita-con-il-FAI-300x199.jpg 300w, https:\/\/www.radiopiu.net\/wordpress\/wp-content\/uploads\/2024\/05\/Camminata-nella-Biodiversita-con-il-FAI-1024x681.jpg 1024w, https:\/\/www.radiopiu.net\/wordpress\/wp-content\/uploads\/2024\/05\/Camminata-nella-Biodiversita-con-il-FAI-768x511.jpg 768w, https:\/\/www.radiopiu.net\/wordpress\/wp-content\/uploads\/2024\/05\/Camminata-nella-Biodiversita-con-il-FAI-1536x1021.jpg 1536w, https:\/\/www.radiopiu.net\/wordpress\/wp-content\/uploads\/2024\/05\/Camminata-nella-Biodiversita-con-il-FAI-2048x1362.jpg 2048w\" sizes=\"auto, (max-width: 205px) 100vw, 205px\" \/><\/a>CAMMINATA NELLA BIODIVERSITA&#8217;: UN SUCCESSO<\/h3>\n<\/blockquote>\n<p><strong>BORGO VALBELLUNA<\/strong> La Delegazione FAI di Belluno e il Gruppo FAI di Feltre hanno organizzato una &#8220;Camminata nella Biodiversit\u00e0&#8221; sui monti di Lentiai, parte della campagna di salvaguardia della biodiversit\u00e0 del FAI-Fondo per l&#8217;Ambiente Italiano. Nonostante il maltempo, oltre 60 persone hanno partecipato, guidate dai volontari del Gruppo Natura di Lentiai.<\/p>\n<p>&nbsp;<\/p>\n<p>&nbsp;<\/p>\n<hr \/>\n<p>&nbsp;<\/p>\n<blockquote>\n<h3><a class=\"dt-pswp-item\" href=\"https:\/\/www.radiopiu.net\/wordpress\/wp-content\/uploads\/2024\/05\/f925d210-b251-405f-88fc-ccb629ff6602.jpg\" data-dt-img-description=\"\" data-large_image_width=\"2040\" data-large_image_height=\"920\"><img loading=\"lazy\" decoding=\"async\" class=\" wp-image-391031 alignleft\" src=\"https:\/\/www.radiopiu.net\/wordpress\/wp-content\/uploads\/2024\/05\/f925d210-b251-405f-88fc-ccb629ff6602-300x135.jpg\" alt=\"\" width=\"218\" height=\"98\" srcset=\"https:\/\/www.radiopiu.net\/wordpress\/wp-content\/uploads\/2024\/05\/f925d210-b251-405f-88fc-ccb629ff6602-300x135.jpg 300w, https:\/\/www.radiopiu.net\/wordpress\/wp-content\/uploads\/2024\/05\/f925d210-b251-405f-88fc-ccb629ff6602-1024x462.jpg 1024w, https:\/\/www.radiopiu.net\/wordpress\/wp-content\/uploads\/2024\/05\/f925d210-b251-405f-88fc-ccb629ff6602-768x346.jpg 768w, https:\/\/www.radiopiu.net\/wordpress\/wp-content\/uploads\/2024\/05\/f925d210-b251-405f-88fc-ccb629ff6602-1536x693.jpg 1536w, https:\/\/www.radiopiu.net\/wordpress\/wp-content\/uploads\/2024\/05\/f925d210-b251-405f-88fc-ccb629ff6602.jpg 2040w\" sizes=\"auto, (max-width: 218px) 100vw, 218px\" \/><\/a>LA MOSTRA SCAMBIO DI MODELLISMO FERROVIARIO A VALLE DI CADORE<\/h3>\n<\/blockquote>\n<p><strong>PER LE TRE RADIO BARBARA PAOLAZZI<\/strong><\/p>\n<audio class=\"wp-audio-shortcode\" id=\"audio-390859-10\" preload=\"none\" style=\"width: 100%;\" controls=\"controls\"><source type=\"audio\/mpeg\" src=\"https:\/\/www.radiopiu.net\/wordpress\/wp-content\/uploads\/2024\/05\/PAOLAZZI-MOSTRA-SCAMBIO-MODELLINI-FERROVIARI.mp3?_=10\" \/><a href=\"https:\/\/www.radiopiu.net\/wordpress\/wp-content\/uploads\/2024\/05\/PAOLAZZI-MOSTRA-SCAMBIO-MODELLINI-FERROVIARI.mp3\">https:\/\/www.radiopiu.net\/wordpress\/wp-content\/uploads\/2024\/05\/PAOLAZZI-MOSTRA-SCAMBIO-MODELLINI-FERROVIARI.mp3<\/a><\/audio>\n<p>&nbsp;<\/p>\n<hr \/>\n<p>&nbsp;<\/p>\n<h2><span style=\"color: #ff0000;\">CONSIGLI COMUNALI IN AGORDINO<\/span><\/h2>\n<p><strong>FALCADE<\/strong> Gioved\u00ec alle 20 consiglio comunale a Falcade. Otto punti da discutere tra cui tre variazioni a bilancio, l&#8217;acquisizione sanante di un terreno e l&#8217;approvazione del bilancio e rendiconto di ASCA<\/p>\n<p><strong>RIVAMONTE<\/strong> Consiglio comunale venerdi 24 maggio, cinque punti all&#8217;ordine del giorno. Si parler\u00e0 di una variazione a bilancio, il rendiconto di gestione 2023 e l&#8217;approvazione del bilancio e rendiconto di ASCA<\/p>\n<p>&nbsp;<\/p>\n<hr \/>\n<p>&nbsp;<\/p>\n<blockquote>\n<h3 class=\"entry-title\">ANAS: CHIUSURA NOTTURNA SULLA SS52 CARNICA PER LAVORI DI DEMOLIZIONE<\/h3>\n<\/blockquote>\n<p><img loading=\"lazy\" decoding=\"async\" class=\"alignleft\" src=\"https:\/\/www.radiopiu.net\/wordpress\/wp-content\/uploads\/2021\/06\/anas.png\" width=\"119\" height=\"67\" \/>Anas ha programmato interventi di demolizione lungo la strada statale 52 Carnica, a Sega Digon nel comune di Comelico Superiore, dal 21 al 24 maggio. Per garantire la sicurezza e ridurre i disagi, la strada sar\u00e0 chiusa al traffico tra il km 93,700 e il km 94,300 durante le ore notturne, dalle 22:00 alle 6:00. Il traffico, esclusi i veicoli con rimorchio, sar\u00e0 deviato sulle strade provinciali 532 del Passo di Sant\u2019Antonio e 6 di Danta. I veicoli pesanti con rimorchio saranno deviati lungo la strada regionale 48 delle Dolomiti e la strada provinciale 49 Misurina.<\/p>\n<p>&nbsp;<\/p>\n<p>&nbsp;<\/p>\n<hr \/>\n<p>&nbsp;<\/p>\n<blockquote>\n<h3 class=\"entry-title\"><a class=\"dt-pswp-item\" href=\"https:\/\/www.radiopiu.net\/wordpress\/wp-content\/uploads\/2023\/11\/road-5089188_640.jpg\" data-dt-img-description=\"\" data-large_image_width=\"640\" data-large_image_height=\"429\"><img loading=\"lazy\" decoding=\"async\" class=\"wp-image-361495 alignleft\" src=\"https:\/\/www.radiopiu.net\/wordpress\/wp-content\/uploads\/2023\/11\/road-5089188_640-300x201.jpg\" alt=\"\" width=\"137\" height=\"92\" srcset=\"https:\/\/www.radiopiu.net\/wordpress\/wp-content\/uploads\/2023\/11\/road-5089188_640-300x201.jpg 300w, https:\/\/www.radiopiu.net\/wordpress\/wp-content\/uploads\/2023\/11\/road-5089188_640.jpg 640w\" sizes=\"auto, (max-width: 137px) 100vw, 137px\" \/><\/a>STRADA PER DIGONERA, UN MESE DI CHIUSURE DIURNE-FERIALI<\/h3>\n<\/blockquote>\n<p><strong>ROCCA PIETORE<\/strong> Dal 6 maggio al 10 giugno chiusura totale della provinciale 563 di Salesei in localit\u00e0 Digonera dalle 7.30 alle 12.30 e dalle 13.30 alle 18, dal lunedi al venerdi. Negli altri orari, h 24 sabato e domenica compresi, senso unico alternato regolato da semaforo<\/p>\n<p><strong>FALCADE<\/strong> Fino al 14 giugno a Caviola. chiusura temporanea al traffico veicolare dalle 7 alle 18, dal lunedi al venerdi, di via Cime d&#8217;Auta, dall&#8217;intersezione con Piazza XX agosto all&#8217;intersezione con Via Tabiadon di Val. Negli altri orari senso unico alternato.<\/p>\n<p>&nbsp;<\/p>\n<p>&nbsp;<\/p>\n<hr \/>\n<p>&nbsp;<\/p>\n<blockquote>\n<h3>VENERDI&#8217; LE PREMIAZIONI DEL CONCORSO DI DISEGNO DEDICATO A ROBERTO BRISTOT<\/h3>\n<\/blockquote>\n<p><strong><a class=\"dt-pswp-item\" href=\"https:\/\/www.radiopiu.net\/wordpress\/wp-content\/uploads\/2024\/05\/roberto-bristotbis.jpg\" data-dt-img-description=\"\" data-large_image_width=\"801\" data-large_image_height=\"722\"><img loading=\"lazy\" decoding=\"async\" class=\" wp-image-391038 alignleft\" src=\"https:\/\/www.radiopiu.net\/wordpress\/wp-content\/uploads\/2024\/05\/roberto-bristotbis-300x270.jpg\" alt=\"\" width=\"140\" height=\"126\" srcset=\"https:\/\/www.radiopiu.net\/wordpress\/wp-content\/uploads\/2024\/05\/roberto-bristotbis-300x270.jpg 300w, https:\/\/www.radiopiu.net\/wordpress\/wp-content\/uploads\/2024\/05\/roberto-bristotbis-768x692.jpg 768w, https:\/\/www.radiopiu.net\/wordpress\/wp-content\/uploads\/2024\/05\/roberto-bristotbis.jpg 801w\" sizes=\"auto, (max-width: 140px) 100vw, 140px\" \/><\/a>BELLUNO<\/strong> La cerimonia di premiazione del concorso di disegno &#8220;Contro ogni discriminazione (COD)&#8221; in memoria di Roberto &#8220;Brio&#8221; Bristot si terr\u00e0 a Belluno venerd\u00ec 24 maggio alle 17.30 presso la sala &#8220;Valentino Del Fabbro&#8221; nella Casa del Volontariato. Il concorso, organizzato dal Csv Belluno Treviso e altre associazioni, era rivolto agli studenti delle scuole secondarie di primo grado per promuovere la riflessione sulle discriminazioni e le disuguaglianze. Durante l&#8217;evento, verranno premiati i primi tre classificati, proiettato lo storytelling &#8220;Miracoli al Catullo&#8221; di Bristot e presentata un&#8217;esposizione digitale delle opere in concorso.<\/p>\n<p>&nbsp;<\/p>\n<p>&nbsp;<\/p>\n<hr \/>\n<p>&nbsp;<\/p>\n<blockquote>\n<h3>UN CONCERTO DI BENEFICENZA A BELLUNO<\/h3>\n<\/blockquote>\n<p><strong>BELLUNO<\/strong> L&#8217;Istituto Magistrale Giustina Renier e il Gruppo Giovani Imprenditori di Confindustria Belluno Dolomiti organizzano un concerto di beneficenza domani al Teatro Comunale di Belluno. L&#8217;evento, aperto al pubblico e con la partecipazione della cantante gospel Denise Dim\u00e9, vedr\u00e0 gli studenti esibirsi per raccogliere fondi a favore di Belluno Donna e per acquistare libri di italiano per studenti stranieri. L&#8217;iniziativa, che unisce scuola e impresa, promuove inclusione e parit\u00e0 di genere, rafforzando il legame tra educazione e comunit\u00e0 locale.<\/p>\n<p>&nbsp;<\/p>\n<p>&nbsp;<\/p>\n<hr \/>\n<p>&nbsp;<\/p>\n<blockquote>\n<h3>L&#8217;INAUGURAZIONE DEL RESTAURO DELLA MADONNA IN TRONO<\/h3>\n<\/blockquote>\n<p><strong><a class=\"dt-pswp-item\" href=\"https:\/\/www.radiopiu.net\/wordpress\/wp-content\/uploads\/2024\/05\/MADONNA-IN-TRONO.png\" data-dt-img-description=\"\" data-large_image_width=\"483\" data-large_image_height=\"550\"><img loading=\"lazy\" decoding=\"async\" class=\" wp-image-390069 alignleft\" src=\"https:\/\/www.radiopiu.net\/wordpress\/wp-content\/uploads\/2024\/05\/MADONNA-IN-TRONO-263x300.png\" alt=\"\" width=\"113\" height=\"129\" srcset=\"https:\/\/www.radiopiu.net\/wordpress\/wp-content\/uploads\/2024\/05\/MADONNA-IN-TRONO-263x300.png 263w, https:\/\/www.radiopiu.net\/wordpress\/wp-content\/uploads\/2024\/05\/MADONNA-IN-TRONO.png 483w\" sizes=\"auto, (max-width: 113px) 100vw, 113px\" \/><\/a>SEDICO<\/strong> La chiesa di Santa Maria Annunziata a Sedico ospita un altare ligneo con la \u201cMadonna in trono\u201d di Francesco e Tiziano Vecellio. Nel 2023 la tavola \u00e8 stata restaurata da Mariangela Mattia grazie a \u201cSave Venice\u201d e poi esposta alle Gallerie dell\u2019Accademia di Venezia e al Museo Civico Fulcis di Belluno. Durante l\u2019assenza, Mariangela Mattia e studenti hanno restaurato l\u2019altare ligneo. Il 23 maggio 2024 si festegger\u00e0 il ritorno della pala con un evento solenne a Sedico, patrocinato dalla Chiesa di Belluno-Feltre e i Comuni di Belluno e Sedico.<\/p>\n<p>&nbsp;<\/p>\n<hr \/>\n<p>&nbsp;<\/p>\n<p>&nbsp;<\/p>\n<blockquote>\n<h3><span style=\"font-size: large;\"><i>INIZIATIVA &#8220;BATTILO SUL TEMPO&#8221; &#8211; SAN VITO DI CADORE 18.05.2024<\/i><\/span><\/h3>\n<\/blockquote>\n<div><a class=\"dt-pswp-item\" href=\"https:\/\/www.radiopiu.net\/wordpress\/wp-content\/uploads\/2019\/10\/LILT-BELLUNO.jpg\" data-dt-img-description=\"\" data-large_image_width=\"960\" data-large_image_height=\"719\"><img loading=\"lazy\" decoding=\"async\" class=\" wp-image-102507 alignleft\" src=\"https:\/\/www.radiopiu.net\/wordpress\/wp-content\/uploads\/2019\/10\/LILT-BELLUNO-300x225.jpg\" alt=\"\" width=\"215\" height=\"161\" srcset=\"https:\/\/www.radiopiu.net\/wordpress\/wp-content\/uploads\/2019\/10\/LILT-BELLUNO-300x225.jpg 300w, https:\/\/www.radiopiu.net\/wordpress\/wp-content\/uploads\/2019\/10\/LILT-BELLUNO-768x575.jpg 768w, https:\/\/www.radiopiu.net\/wordpress\/wp-content\/uploads\/2019\/10\/LILT-BELLUNO.jpg 960w\" sizes=\"auto, (max-width: 215px) 100vw, 215px\" \/><\/a><\/div>\n<div><span style=\"font-size: large;\"><i><strong>BELLUNO<\/strong> La LILT &#8211; Lega Italiana per la lotta contro i tumori &#8211; Sezione di Belluno ha organizzato a San Vito di Cadore, una giornata di visite dermatologiche per l&#8217;individuazione di nei sospetti, rivolta alla popolazione di San Vito, Borca e Vodo di Cadore. <\/i><\/span><span style=\"font-size: large;\"><i>L&#8217;iniziativa ha avuto un lusinghiero riscontro, con l&#8217;erogazione durante la giornata del servizio a 16 pazienti. <\/i><\/span><span style=\"font-size: large;\"><i>La LILT raccomanda, in vista della stagione estiva, una buona protezione dai raggi solari per le pelli pi\u00f9 delicate e il rispetto degli orari opportuni per l&#8217;esposizione al sole. Si ringraziano il dott. Massimiliano Molfetta per l&#8217;uso del proprio ambulatorio, la Presidente della LILT &#8211; Belluno dott.ssa Pier Anna Dal Mas per la disponibilit\u00e0 ad eseguire le visite.<\/i><\/span><\/div>\n<div><\/div>\n<p>&nbsp;<\/p>\n<hr \/>\n<p>&nbsp;<\/p>\n<p>&nbsp;<\/p>\n<blockquote>\n<h3><a class=\"dt-pswp-item\" href=\"https:\/\/www.radiopiu.net\/wordpress\/wp-content\/uploads\/2021\/08\/Garzaro_Poles_Pallavolo_BL.jpg\" data-dt-img-description=\"\" data-large_image_width=\"923\" data-large_image_height=\"1127\"><img loading=\"lazy\" decoding=\"async\" class=\"wp-image-229888 alignleft\" src=\"https:\/\/www.radiopiu.net\/wordpress\/wp-content\/uploads\/2021\/08\/Garzaro_Poles_Pallavolo_BL-246x300.jpg\" alt=\"\" width=\"121\" height=\"148\" srcset=\"https:\/\/www.radiopiu.net\/wordpress\/wp-content\/uploads\/2021\/08\/Garzaro_Poles_Pallavolo_BL-246x300.jpg 246w, https:\/\/www.radiopiu.net\/wordpress\/wp-content\/uploads\/2021\/08\/Garzaro_Poles_Pallavolo_BL-839x1024.jpg 839w, https:\/\/www.radiopiu.net\/wordpress\/wp-content\/uploads\/2021\/08\/Garzaro_Poles_Pallavolo_BL-768x938.jpg 768w, https:\/\/www.radiopiu.net\/wordpress\/wp-content\/uploads\/2021\/08\/Garzaro_Poles_Pallavolo_BL.jpg 923w\" sizes=\"auto, (max-width: 121px) 100vw, 121px\" \/><\/a>Belluno: Serata \u201cVolley is Life\u201d per la Formazione Sportiva<\/h3>\n<\/blockquote>\n<p><strong>Mercoled\u00ec 29 maggio, Belluno ospita la serata &#8220;Volley is Life&#8221; al Centro Giovanni XXIII. L&#8217;evento, parte di un progetto Erasmus, punta a professionalizzare docenti e allenatori sui temi di inclusione e integrazione nello sport. Protagonisti saranno due giovani pallavolisti veneti, rappresentando anche il &#8220;sitting volley&#8221;.<\/strong><\/p>\n<p>da BELLUNO Daniele Dalvit<\/p>\n<audio class=\"wp-audio-shortcode\" id=\"audio-390859-11\" preload=\"none\" style=\"width: 100%;\" controls=\"controls\"><source type=\"audio\/mpeg\" src=\"https:\/\/www.radiopiu.net\/wordpress\/wp-content\/uploads\/2024\/05\/Radio-Piu-\u2013-Volley-is-Life-Belluno.mp3?_=11\" \/><a href=\"https:\/\/www.radiopiu.net\/wordpress\/wp-content\/uploads\/2024\/05\/Radio-Piu-\u2013-Volley-is-Life-Belluno.mp3\">https:\/\/www.radiopiu.net\/wordpress\/wp-content\/uploads\/2024\/05\/Radio-Piu-\u2013-Volley-is-Life-Belluno.mp3<\/a><\/audio>\n<p>&nbsp;<\/p>\n<p>&nbsp;<\/p>\n<hr \/>\n<p>&nbsp;<\/p>\n<p>&nbsp;<\/p>\n<blockquote>\n<h3><a class=\"dt-pswp-item\" href=\"https:\/\/www.radiopiu.net\/wordpress\/wp-content\/uploads\/2024\/05\/Senza-nome-38.png\" data-dt-img-description=\"\" data-large_image_width=\"589\" data-large_image_height=\"203\"><img loading=\"lazy\" decoding=\"async\" class=\"size-medium wp-image-391087 alignleft\" src=\"https:\/\/www.radiopiu.net\/wordpress\/wp-content\/uploads\/2024\/05\/Senza-nome-38-300x103.png\" alt=\"\" width=\"300\" height=\"103\" srcset=\"https:\/\/www.radiopiu.net\/wordpress\/wp-content\/uploads\/2024\/05\/Senza-nome-38-300x103.png 300w, https:\/\/www.radiopiu.net\/wordpress\/wp-content\/uploads\/2024\/05\/Senza-nome-38.png 589w\" sizes=\"auto, (max-width: 300px) 100vw, 300px\" \/><\/a>Prima Edizione di \u201cDolomiti in Vespa\u201d ad Alleghe<\/h3>\n<\/blockquote>\n<p><strong>ALLEGHE<\/strong> ospita la prima edizione di \u201cDolomiti in Vespa\u201d il 1 giugno 2024. L&#8217;evento celebra il mitico scooter Piaggio con una giornata di divertimento, cibo e musica. Inizia alle 09:00 con gli accrediti in Piazza Dogliani a Caprile, seguito da tre tappe ristoro. La giornata si conclude con un aperitivo, cena e premi per diverse categorie di Vespa. La serata prosegue con un concerto della Shary Band e un after party.<\/p>\n<div class=\"mt-1 flex gap-3 empty:hidden juice:-ml-3\">\n<div class=\"items-center justify-start rounded-xl p-1 flex\">\n<div class=\"flex items-center\">\n<div class=\"flex\"><\/div>\n<div class=\"flex items-center pb-0.5 juice:pb-0\"><\/div>\n<\/div>\n<\/div>\n<\/div>\n<p>&nbsp;<\/p>\n<hr \/>\n<p>&nbsp;<\/p>\n<blockquote>\n<h3>PRATICHE FILOSOFICHE AL CIRCOLO CULTURALE TERRA DEI PADRI<\/h3>\n<\/blockquote>\n<p><strong>BELLUNO<\/strong> Il Circolo Culturale La Terra dei Padri APS, a Borgo Piave &#8211; Belluno, ospita un laboratorio di pratiche filosofiche aperto a tutti nel mese di maggio 2024. Condotti da Francesco Dematt\u00e8, ex docente di storia e filosofia nei Licei, i quattro incontri si concentreranno su Plotino, filosofo del III secolo d.C. Gli incontri si terranno ogni marted\u00ec, dal 7 al 28 maggio, dalle 18 alle 19 presso il circolo culturale. Per informazioni e iscrizioni contattare direttamente in sede, via email o telefonicamente.<\/p>\n<p>&nbsp;<\/p>\n<hr \/>\n<p>&nbsp;<\/p>\n<blockquote class=\"wp-embedded-content\" data-secret=\"oOniisyuDY\"><p><a href=\"https:\/\/www.radiopiu.net\/wordpress\/pirole-de-lenga-la-parola-del-giorno-a-cura-del-musla-raccolta-completa\/\">PIROLE DE LENGA&#8230; LA PAROLA DEL GIORNO A CURA DEL MUSLA -raccolta completa &#8211;<\/a><\/p><\/blockquote>\n<p><iframe loading=\"lazy\" class=\"wp-embedded-content\" sandbox=\"allow-scripts\" security=\"restricted\" style=\"position: absolute; clip: rect(1px, 1px, 1px, 1px);\" title=\"&#8220;PIROLE DE LENGA&#8230; LA PAROLA DEL GIORNO A CURA DEL MUSLA -raccolta completa &#8211;&#8221; &#8212; Radio Pi\u00f9\" src=\"https:\/\/www.radiopiu.net\/wordpress\/pirole-de-lenga-la-parola-del-giorno-a-cura-del-musla-raccolta-completa\/embed\/#?secret=R5xcobcBWC#?secret=oOniisyuDY\" data-secret=\"oOniisyuDY\" width=\"600\" height=\"338\" frameborder=\"0\" marginwidth=\"0\" marginheight=\"0\" scrolling=\"no\"><\/iframe><\/p>\n<p>&nbsp;<\/p>\n<hr \/>\n<p>&nbsp;<\/p>\n<blockquote>\n<h3>BORTOLINI E STRAGA&#8217; PER L&#8217;ASSOCIAZIONE CUCCHINI<\/h3>\n<\/blockquote>\n<p><strong><a class=\"dt-pswp-item\" href=\"https:\/\/www.radiopiu.net\/wordpress\/wp-content\/uploads\/2024\/05\/BORTOLINI-STRAGA.jpg\" data-dt-img-description=\"\" data-large_image_width=\"744\" data-large_image_height=\"699\"><img loading=\"lazy\" decoding=\"async\" class=\" wp-image-390073 alignleft\" src=\"https:\/\/www.radiopiu.net\/wordpress\/wp-content\/uploads\/2024\/05\/BORTOLINI-STRAGA-300x282.jpg\" alt=\"\" width=\"122\" height=\"115\" srcset=\"https:\/\/www.radiopiu.net\/wordpress\/wp-content\/uploads\/2024\/05\/BORTOLINI-STRAGA-300x282.jpg 300w, https:\/\/www.radiopiu.net\/wordpress\/wp-content\/uploads\/2024\/05\/BORTOLINI-STRAGA.jpg 744w\" sizes=\"auto, (max-width: 122px) 100vw, 122px\" \/><\/a>BELLUNO<\/strong> L&#8217;associazione Cucchini organizza un concerto per la Giornata del Sollievo il 30 maggio, con Alvise Bortolini e Federico Strag\u00e0, per sensibilizzare sulle Cure Palliative. \u00abLa musica pu\u00f2 prendersi cura dello spirito\u00bb, afferma il presidente Paolo Colleselli, sottolineando l&#8217;impegno dell&#8217;associazione nel dare sollievo ai malati e ai loro familiari. Il concerto, gratuito, si terr\u00e0 al teatro Giovanni XXIII alle 20.45. Bortolini e Strag\u00e0, entrati in contatto con le Cure Palliative, proporranno i loro brani, portando un messaggio di sensibilizzazione e benessere.<\/p>\n<p>&nbsp;<\/p>\n<p>&nbsp;<\/p>\n<hr \/>\n<p>&nbsp;<\/p>\n<blockquote>\n<h3>UN CONCERTO PER RICORDARE ADRIANO<\/h3>\n<\/blockquote>\n<p><strong><a class=\"dt-pswp-item\" href=\"https:\/\/www.radiopiu.net\/wordpress\/wp-content\/uploads\/2024\/05\/1798739_643903002312865_2139658864_n.jpeg\" data-dt-img-description=\"\" data-large_image_width=\"960\" data-large_image_height=\"540\"><img loading=\"lazy\" decoding=\"async\" class=\" wp-image-389625 alignleft\" src=\"https:\/\/www.radiopiu.net\/wordpress\/wp-content\/uploads\/2024\/05\/1798739_643903002312865_2139658864_n-300x169.jpeg\" alt=\"\" width=\"174\" height=\"98\" srcset=\"https:\/\/www.radiopiu.net\/wordpress\/wp-content\/uploads\/2024\/05\/1798739_643903002312865_2139658864_n-300x169.jpeg 300w, https:\/\/www.radiopiu.net\/wordpress\/wp-content\/uploads\/2024\/05\/1798739_643903002312865_2139658864_n-768x432.jpeg 768w, https:\/\/www.radiopiu.net\/wordpress\/wp-content\/uploads\/2024\/05\/1798739_643903002312865_2139658864_n.jpeg 960w\" sizes=\"auto, (max-width: 174px) 100vw, 174px\" \/><\/a>PONTE NELLE ALPI<\/strong> Dopo 10 anni dalla perdita di Adriano Peterle, fondatore dei Formato Standard, la band organizza un evento musicale, &#8220;ADR1AN0&#8221;, il 31 maggio al teatro Pierobon di Ponte nelle Alpi, per celebrarne il ricordo. La serata mescoler\u00e0 musica, aneddoti e ospiti speciali, mantenendo lo spirito vivace del gruppo. L&#8217;evento sar\u00e0 gratuito con offerte destinate all&#8217;AFVS &#8211; Associazione Familiari e Vittime della Strada Onlus. Una serata per ricordare e celebrare insieme, con il titolo che unisce il numero 10 alle lettere dell&#8217;alfabeto, come amano i giovani della band.<\/p>\n<p>&nbsp;<\/p>\n<hr \/>\n<p>&nbsp;<\/p>\n<blockquote>\n<h2>CulturalMoto 2024: nell&#8217;Agordino<\/h2>\n<\/blockquote>\n<p><em>Alla scoperta delle miniere nelle Dolomiti, con la straordinaria partecipazione del geologo Manuel Conedera.<\/em><\/p>\n<p><strong>REDAZIONE<\/strong> Il 26 maggio 2024, EMMECI eventi lancia la seconda tappa di CulturalMoto, un viaggio culturale in moto che esplora l&#8217;Agordino e le Dolomiti bellunesi. Con Giacomo Agostini come ambasciatore, il tour si differenzia per l&#8217;accento sulla scoperta del territorio. Prenotazione obbligatoria al 348 5109129.<\/p>\n\n\t\t\t<style type='text\/css'>\n\t\t\t\t#gallery-5 {\n\t\t\t\t\tmargin: auto;\n\t\t\t\t}\n\t\t\t\t#gallery-5 .gallery-item {\n\t\t\t\t\tfloat: left;\n\t\t\t\t\tmargin-top: 10px;\n\t\t\t\t\ttext-align: center;\n\t\t\t\t\twidth: 50%;\n\t\t\t\t}\n\t\t\t\t#gallery-5 img {\n\t\t\t\t\tborder: 2px solid #cfcfcf;\n\t\t\t\t}\n\t\t\t\t#gallery-5 .gallery-caption {\n\t\t\t\t\tmargin-left: 0;\n\t\t\t\t}\n\t\t\t\t\/* see gallery_shortcode() in wp-includes\/media.php *\/\n\t\t\t<\/style>\n\t\t<div id='gallery-5' class='dt-gallery-container gallery galleryid-390859 gallery-columns-2 gallery-size-medium'><dl class='gallery-item'>\n\t\t\t\t<dt class='gallery-icon portrait'>\n\t\t\t\t\t<a class=\"rollover rollover-zoom dt-pswp-item\" title=\"CulturalMoto Agordo Belluno\" data-dt-img-description=\"\" data-large_image_width=\"842\" data-large_image_height=\"1191\"href='https:\/\/www.radiopiu.net\/wordpress\/wp-content\/uploads\/2024\/05\/CulturalMoto-Agordo-Belluno.jpg'><img loading=\"lazy\" decoding=\"async\" width=\"212\" height=\"300\" src=\"https:\/\/www.radiopiu.net\/wordpress\/wp-content\/uploads\/2024\/05\/CulturalMoto-Agordo-Belluno-212x300.jpg\" class=\"attachment-medium size-medium\" alt=\"\" srcset=\"https:\/\/www.radiopiu.net\/wordpress\/wp-content\/uploads\/2024\/05\/CulturalMoto-Agordo-Belluno-212x300.jpg 212w, https:\/\/www.radiopiu.net\/wordpress\/wp-content\/uploads\/2024\/05\/CulturalMoto-Agordo-Belluno-724x1024.jpg 724w, https:\/\/www.radiopiu.net\/wordpress\/wp-content\/uploads\/2024\/05\/CulturalMoto-Agordo-Belluno-768x1086.jpg 768w, https:\/\/www.radiopiu.net\/wordpress\/wp-content\/uploads\/2024\/05\/CulturalMoto-Agordo-Belluno.jpg 842w\" sizes=\"auto, (max-width: 212px) 100vw, 212px\" \/><\/a>\n\t\t\t\t<\/dt><\/dl><dl class='gallery-item'>\n\t\t\t\t<dt class='gallery-icon portrait'>\n\t\t\t\t\t<a class=\"rollover rollover-zoom dt-pswp-item\" title=\"Giacomo Agostini CulturalMoto\" data-dt-img-description=\"\" data-large_image_width=\"526\" data-large_image_height=\"701\"href='https:\/\/www.radiopiu.net\/wordpress\/wp-content\/uploads\/2024\/05\/Giacomo-Agostini-CulturalMoto.jpg'><img loading=\"lazy\" decoding=\"async\" width=\"225\" height=\"300\" src=\"https:\/\/www.radiopiu.net\/wordpress\/wp-content\/uploads\/2024\/05\/Giacomo-Agostini-CulturalMoto-225x300.jpg\" class=\"attachment-medium size-medium\" alt=\"\" srcset=\"https:\/\/www.radiopiu.net\/wordpress\/wp-content\/uploads\/2024\/05\/Giacomo-Agostini-CulturalMoto-225x300.jpg 225w, https:\/\/www.radiopiu.net\/wordpress\/wp-content\/uploads\/2024\/05\/Giacomo-Agostini-CulturalMoto.jpg 526w\" sizes=\"auto, (max-width: 225px) 100vw, 225px\" \/><\/a>\n\t\t\t\t<\/dt><\/dl><br style=\"clear: both\" \/>\n\t\t\t<\/div>\n\n<p>&nbsp;<\/p>\n<hr \/>\n<p>&nbsp;<\/p>\n<blockquote>\n<h3>LATTERIE APERTE 2024<\/h3>\n<\/blockquote>\n<p><strong>SOSPIROLO<\/strong> Torna anche quest&#8217;anno l&#8217;appuntamento con Latterie Aperte in Val Belluna. Tre giorni di porte aperte alle latterie principali tra Sospirolo, Borgo Valbelluna e Belluno.<\/p>\n<p><strong>IL PROGRAMMA COMPLETO<\/strong><\/p>\n<a href=\"https:\/\/www.radiopiu.net\/wordpress\/wp-content\/uploads\/2024\/05\/Latterie-aperte-in-Val-Belluna-pieg2024.pdf\" class=\"pdfemb-viewer\" style=\"\" data-width=\"max\" data-height=\"max\" data-toolbar=\"top\" data-toolbar-fixed=\"on\">Latterie aperte in Val Belluna pieg2024<\/a>\n<p>&nbsp;<\/p>\n<p>&nbsp;<\/p>\n<p>&nbsp;<\/p>\n<p>&nbsp;<\/p>\n<hr \/>\n<p>&nbsp;<\/p>\n\n\t\t\t<style type='text\/css'>\n\t\t\t\t#gallery-6 {\n\t\t\t\t\tmargin: auto;\n\t\t\t\t}\n\t\t\t\t#gallery-6 .gallery-item {\n\t\t\t\t\tfloat: left;\n\t\t\t\t\tmargin-top: 10px;\n\t\t\t\t\ttext-align: center;\n\t\t\t\t\twidth: 100%;\n\t\t\t\t}\n\t\t\t\t#gallery-6 img {\n\t\t\t\t\tborder: 2px solid #cfcfcf;\n\t\t\t\t}\n\t\t\t\t#gallery-6 .gallery-caption {\n\t\t\t\t\tmargin-left: 0;\n\t\t\t\t}\n\t\t\t\t\/* see gallery_shortcode() in wp-includes\/media.php *\/\n\t\t\t<\/style>\n\t\t<div id='gallery-6' class='dt-gallery-container gallery galleryid-390859 gallery-columns-1 gallery-size-medium'><dl class='gallery-item'>\n\t\t\t\t<dt class='gallery-icon portrait'>\n\t\t\t\t\t<a class=\"rollover rollover-zoom dt-pswp-item\" title=\"f2117638-681b-40d0-918c-1188d4fabc52\" data-dt-img-description=\"\" data-large_image_width=\"1128\" data-large_image_height=\"1600\"href='https:\/\/www.radiopiu.net\/wordpress\/wp-content\/uploads\/2024\/05\/f2117638-681b-40d0-918c-1188d4fabc52-1.jpg'><img loading=\"lazy\" decoding=\"async\" width=\"212\" height=\"300\" src=\"https:\/\/www.radiopiu.net\/wordpress\/wp-content\/uploads\/2024\/05\/f2117638-681b-40d0-918c-1188d4fabc52-1-212x300.jpg\" class=\"attachment-medium size-medium\" alt=\"\" srcset=\"https:\/\/www.radiopiu.net\/wordpress\/wp-content\/uploads\/2024\/05\/f2117638-681b-40d0-918c-1188d4fabc52-1-212x300.jpg 212w, https:\/\/www.radiopiu.net\/wordpress\/wp-content\/uploads\/2024\/05\/f2117638-681b-40d0-918c-1188d4fabc52-1-722x1024.jpg 722w, https:\/\/www.radiopiu.net\/wordpress\/wp-content\/uploads\/2024\/05\/f2117638-681b-40d0-918c-1188d4fabc52-1-768x1089.jpg 768w, https:\/\/www.radiopiu.net\/wordpress\/wp-content\/uploads\/2024\/05\/f2117638-681b-40d0-918c-1188d4fabc52-1-1083x1536.jpg 1083w, https:\/\/www.radiopiu.net\/wordpress\/wp-content\/uploads\/2024\/05\/f2117638-681b-40d0-918c-1188d4fabc52-1.jpg 1128w\" sizes=\"auto, (max-width: 212px) 100vw, 212px\" \/><\/a>\n\t\t\t\t<\/dt><\/dl><br style=\"clear: both\" \/>\n\t\t\t<\/div>\n\n<p>&nbsp;<\/p>\n<hr \/>\n<p>&nbsp;<\/p>\n<h2><span style=\"color: #ff6600;\">IERI ALLA RADIO<\/span><\/h2>\n<h2><span style=\"color: #ff00ff;\">OGGI COME IERI di e con SILVIA BALDO<\/span><\/h2>\n<p><img decoding=\"async\" class=\"aligncenter\" src=\"https:\/\/www.radiopiu.net\/wordpress\/wp-content\/uploads\/2023\/09\/309000774_10222572118595513_7956305457803922499_n.jpg\" \/><\/p>\n<p><strong>\u00a0\u00a0<\/strong><\/p>\n<p><strong>PUNTATA 30 20 MAGGIO<\/strong><\/p>\n<audio class=\"wp-audio-shortcode\" id=\"audio-390859-12\" preload=\"none\" style=\"width: 100%;\" controls=\"controls\"><source type=\"audio\/mpeg\" src=\"https:\/\/www.radiopiu.net\/wordpress\/wp-content\/uploads\/2024\/05\/SIBI-1.mp3?_=12\" \/><a href=\"https:\/\/www.radiopiu.net\/wordpress\/wp-content\/uploads\/2024\/05\/SIBI-1.mp3\">https:\/\/www.radiopiu.net\/wordpress\/wp-content\/uploads\/2024\/05\/SIBI-1.mp3<\/a><\/audio>\n<p>&nbsp;<\/p>\n<h2>LA RACCOLTA COMPLETA <a href=\"https:\/\/www.radiopiu.net\/wordpress\/alle-nove-oggi-come-ieri-di-e-con-silvia-baldo\/\"><span style=\"color: #3366ff;\">CLICCA QUI<\/span><\/a><\/h2>\n<p>&nbsp;<\/p>\n<hr \/>\n<p>&nbsp;<\/p>\n<h2><span style=\"color: #ff0000;\">RITRATTI SONORI, IL PROGRAMMA DI ALESSIA DALL&#8217;O&#8217;<\/span><\/h2>\n<p><span style=\"color: #ff0000;\"><strong><a class=\"dt-pswp-item\" href=\"https:\/\/www.radiopiu.net\/wordpress\/wp-content\/uploads\/2024\/05\/235e4e09-9931-4b08-b59f-f420e1b9caff.jpg\" data-dt-img-description=\"\" data-large_image_width=\"320\" data-large_image_height=\"180\"><img loading=\"lazy\" decoding=\"async\" class=\" wp-image-390977 alignleft\" src=\"https:\/\/www.radiopiu.net\/wordpress\/wp-content\/uploads\/2024\/05\/235e4e09-9931-4b08-b59f-f420e1b9caff-300x169.jpg\" alt=\"\" width=\"220\" height=\"124\" srcset=\"https:\/\/www.radiopiu.net\/wordpress\/wp-content\/uploads\/2024\/05\/235e4e09-9931-4b08-b59f-f420e1b9caff-300x169.jpg 300w, https:\/\/www.radiopiu.net\/wordpress\/wp-content\/uploads\/2024\/05\/235e4e09-9931-4b08-b59f-f420e1b9caff.jpg 320w\" sizes=\"auto, (max-width: 220px) 100vw, 220px\" \/><\/a>PUNTATA 02 &#8211; MIRKO MEZZACASA<\/strong><\/span><\/p>\n<p><strong>PRIMA PARTE<\/strong><\/p>\n<audio class=\"wp-audio-shortcode\" id=\"audio-390859-13\" preload=\"none\" style=\"width: 100%;\" controls=\"controls\"><source type=\"audio\/mpeg\" src=\"https:\/\/www.radiopiu.net\/wordpress\/wp-content\/uploads\/2024\/05\/RF1-3.mp3?_=13\" \/><a href=\"https:\/\/www.radiopiu.net\/wordpress\/wp-content\/uploads\/2024\/05\/RF1-3.mp3\">https:\/\/www.radiopiu.net\/wordpress\/wp-content\/uploads\/2024\/05\/RF1-3.mp3<\/a><\/audio>\n<p><strong>\u00a0<\/strong><\/p>\n<p><strong>SECONDA PARTE<\/strong><\/p>\n<audio class=\"wp-audio-shortcode\" id=\"audio-390859-14\" preload=\"none\" style=\"width: 100%;\" controls=\"controls\"><source type=\"audio\/mpeg\" src=\"https:\/\/www.radiopiu.net\/wordpress\/wp-content\/uploads\/2024\/05\/RF2-3.mp3?_=14\" \/><a href=\"https:\/\/www.radiopiu.net\/wordpress\/wp-content\/uploads\/2024\/05\/RF2-3.mp3\">https:\/\/www.radiopiu.net\/wordpress\/wp-content\/uploads\/2024\/05\/RF2-3.mp3<\/a><\/audio>\n<p><strong>\u00a0<\/strong><\/p>\n<p><strong>TERZA PARTE<\/strong><\/p>\n<audio class=\"wp-audio-shortcode\" id=\"audio-390859-15\" preload=\"none\" style=\"width: 100%;\" controls=\"controls\"><source type=\"audio\/mpeg\" src=\"https:\/\/www.radiopiu.net\/wordpress\/wp-content\/uploads\/2024\/05\/RF3-3.mp3?_=15\" \/><a href=\"https:\/\/www.radiopiu.net\/wordpress\/wp-content\/uploads\/2024\/05\/RF3-3.mp3\">https:\/\/www.radiopiu.net\/wordpress\/wp-content\/uploads\/2024\/05\/RF3-3.mp3<\/a><\/audio>\n<p>&nbsp;<\/p>\n<h2>LA RACCOLTA COMPLETA <a href=\"https:\/\/www.radiopiu.net\/wordpress\/ritratti-sonori-il-programma-di-alessia-dallo-la-raccolta\/\"><span style=\"color: #3366ff;\">CLICCA QUI<\/span><\/a><\/h2>\n<p>&nbsp;<\/p>\n<hr \/>\n<p>&nbsp;<\/p>\n<h2><span style=\"color: #800080;\">PERITI MINERARI DALL\u2019AGORDINO AL MONDO<\/span><\/h2>\n<p><strong>REDAZIONE<\/strong> Continua la serie di racconti con i periti minerari agordini. Nelle prossime due puntate la storia di Sergio Minute. I racconti dei periti minerari agordini che hanno lavorato nel mondo, ogni luned\u00ec alle 10:30 e alle 19 su Radio Pi\u00f9.<\/p>\n<p><iframe loading=\"lazy\" title=\"SERGIO MINUTE\" width=\"1200\" height=\"675\" src=\"https:\/\/www.youtube.com\/embed\/EoeCfWi0nz0?feature=oembed\" frameborder=\"0\" allow=\"accelerometer; autoplay; clipboard-write; encrypted-media; gyroscope; picture-in-picture; web-share\" referrerpolicy=\"strict-origin-when-cross-origin\" allowfullscreen><\/iframe><\/p>\n<p>&nbsp;<\/p>\n<p>&nbsp;<\/p>\n<h2><strong>LA RACCOLTA COMPLETA <a href=\"https:\/\/www.radiopiu.net\/wordpress\/periti-minerari-dallagordino-al-mondo\/\"><span style=\"color: #0000ff;\">CLICCA QUI<\/span><\/a><\/strong><a href=\"https:\/\/www.radiopiu.net\/wordpress\/periti-minerari-dallagordino-al-mondo\/\"><span style=\"color: #0000ff;\">\u00a0<\/span><\/a><\/h2>\n<p>&nbsp;<\/p>\n<p>&nbsp;<\/p>\n<hr \/>\n<p>&nbsp;<\/p>\n<h2><span style=\"color: #333399;\">SALUTE E SOCIETA&#8217;<\/span><\/h2>\n<p><a class=\"dt-pswp-item\" href=\"https:\/\/www.radiopiu.net\/wordpress\/wp-content\/uploads\/2024\/05\/0b8d3773-0246-e06b-8a55-7071296c52d3.jpg\" data-dt-img-description=\"Pain in the legs and knees of an elderly senior. An old man massages his knees due to severe pain from arthritis and varicose veins\" data-large_image_width=\"800\" data-large_image_height=\"445\"><img loading=\"lazy\" decoding=\"async\" class=\"alignleft wp-image-390961 \" src=\"https:\/\/www.radiopiu.net\/wordpress\/wp-content\/uploads\/2024\/05\/0b8d3773-0246-e06b-8a55-7071296c52d3-300x167.jpg\" alt=\"\" width=\"153\" height=\"85\" srcset=\"https:\/\/www.radiopiu.net\/wordpress\/wp-content\/uploads\/2024\/05\/0b8d3773-0246-e06b-8a55-7071296c52d3-300x167.jpg 300w, https:\/\/www.radiopiu.net\/wordpress\/wp-content\/uploads\/2024\/05\/0b8d3773-0246-e06b-8a55-7071296c52d3-768x427.jpg 768w, https:\/\/www.radiopiu.net\/wordpress\/wp-content\/uploads\/2024\/05\/0b8d3773-0246-e06b-8a55-7071296c52d3.jpg 800w\" sizes=\"auto, (max-width: 153px) 100vw, 153px\" \/><\/a><\/p>\n<p><span style=\"color: #ff0000;\"><strong>PUNTATA DEL 20 MAGGIO 2024<\/strong><\/span><\/p>\n<p><strong>La Campagna PerCORSA di salute <\/strong>Giornate di Screening gratuiti, Convegni e Staffette sportive nel nuovo progetto dedicato all\u2019informazione e alla prevenzione delle patologie respiratorie croniche che colpiscono il 7% della popolazione italiana.<br \/>\n<strong>&#8220;NOT A GOOD MOARNING?&#8221; <\/strong>Nonostante riguardi almeno 240 milioni di persone nel mondo e sia in costante crescita, i sintomi dell\u2019osteoartrosi vengono ancora spesso trascurati, ritardandone la diagnosi. IBSA Italy promuove una campagna di informazione con il patrocinio di ANMAR.<\/p>\n<audio class=\"wp-audio-shortcode\" id=\"audio-390859-16\" preload=\"none\" style=\"width: 100%;\" controls=\"controls\"><source type=\"audio\/mpeg\" src=\"https:\/\/www.radiopiu.net\/wordpress\/wp-content\/uploads\/2024\/05\/SALUTE-2.mp3?_=16\" \/><a href=\"https:\/\/www.radiopiu.net\/wordpress\/wp-content\/uploads\/2024\/05\/SALUTE-2.mp3\">https:\/\/www.radiopiu.net\/wordpress\/wp-content\/uploads\/2024\/05\/SALUTE-2.mp3<\/a><\/audio>\n<p>&nbsp;<\/p>\n<hr \/>\n<p>&nbsp;<\/p>\n<h2><span style=\"color: #ff9900;\">CIAK SI GIRA, IL PROGRAMMA DI PAOLA LANCIATO<\/span><\/h2>\n<p><strong><a class=\"dt-pswp-item\" href=\"https:\/\/www.radiopiu.net\/wordpress\/wp-content\/uploads\/2024\/05\/9788820055905_0_536_0_75.jpg\" data-dt-img-description=\"\" data-large_image_width=\"536\" data-large_image_height=\"831\"><img loading=\"lazy\" decoding=\"async\" class=\" wp-image-390997 alignleft\" src=\"https:\/\/www.radiopiu.net\/wordpress\/wp-content\/uploads\/2024\/05\/9788820055905_0_536_0_75-194x300.jpg\" alt=\"\" width=\"90\" height=\"139\" srcset=\"https:\/\/www.radiopiu.net\/wordpress\/wp-content\/uploads\/2024\/05\/9788820055905_0_536_0_75-194x300.jpg 194w, https:\/\/www.radiopiu.net\/wordpress\/wp-content\/uploads\/2024\/05\/9788820055905_0_536_0_75.jpg 536w\" sizes=\"auto, (max-width: 90px) 100vw, 90px\" \/><\/a>20 MAGGIO LA STORIA DI UNA LADRA DI LIBRI<\/strong><\/p>\n<audio class=\"wp-audio-shortcode\" id=\"audio-390859-17\" preload=\"none\" style=\"width: 100%;\" controls=\"controls\"><source type=\"audio\/mpeg\" src=\"https:\/\/www.radiopiu.net\/wordpress\/wp-content\/uploads\/2024\/05\/CIAK1-1.mp3?_=17\" \/><a href=\"https:\/\/www.radiopiu.net\/wordpress\/wp-content\/uploads\/2024\/05\/CIAK1-1.mp3\">https:\/\/www.radiopiu.net\/wordpress\/wp-content\/uploads\/2024\/05\/CIAK1-1.mp3<\/a><\/audio>\n<p>&nbsp;<\/p>\n<h2>LA RACCOLTA COMPLETA <a href=\"https:\/\/www.radiopiu.net\/wordpress\/ciak24\/\"><span style=\"color: #3366ff;\">CLICCA QUI<\/span><\/a><\/h2>\n<p>&nbsp;<\/p>\n<hr \/>\n<p>&nbsp;<\/p>\n<h2><span style=\"color: #00ccff;\">CINE HITS, ALLA SCOPERTA DELLE COLONNE SONORE<\/span><\/h2>\n<p><strong><a class=\"dt-pswp-item\" href=\"https:\/\/www.radiopiu.net\/wordpress\/wp-content\/uploads\/2024\/05\/IENE.jpg\" data-dt-img-description=\"\" data-large_image_width=\"420\" data-large_image_height=\"600\"><img loading=\"lazy\" decoding=\"async\" class=\" wp-image-391000 alignleft\" src=\"https:\/\/www.radiopiu.net\/wordpress\/wp-content\/uploads\/2024\/05\/IENE-210x300.jpg\" alt=\"\" width=\"98\" height=\"140\" srcset=\"https:\/\/www.radiopiu.net\/wordpress\/wp-content\/uploads\/2024\/05\/IENE-210x300.jpg 210w, https:\/\/www.radiopiu.net\/wordpress\/wp-content\/uploads\/2024\/05\/IENE.jpg 420w\" sizes=\"auto, (max-width: 98px) 100vw, 98px\" \/><\/a>20 MAGGIO &#8211; LE IENE<\/strong><\/p>\n<audio class=\"wp-audio-shortcode\" id=\"audio-390859-18\" preload=\"none\" style=\"width: 100%;\" controls=\"controls\"><source type=\"audio\/mpeg\" src=\"https:\/\/www.radiopiu.net\/wordpress\/wp-content\/uploads\/2024\/05\/CINE1-1.mp3?_=18\" \/><a href=\"https:\/\/www.radiopiu.net\/wordpress\/wp-content\/uploads\/2024\/05\/CINE1-1.mp3\">https:\/\/www.radiopiu.net\/wordpress\/wp-content\/uploads\/2024\/05\/CINE1-1.mp3<\/a><\/audio>\n<p>&nbsp;<\/p>\n<h2>LA RACCOLTA COMPLETA <a href=\"https:\/\/www.radiopiu.net\/wordpress\/ciak24\/\"><span style=\"color: #3366ff;\">CLICCA QUI<\/span><\/a><\/h2>\n<p>&nbsp;<\/p>\n<hr \/>\n<p>&nbsp;<\/p>\n<h2><span style=\"color: #99cc00;\">I RACCONTI DI PAOLO SOPPELSA<\/span><\/h2>\n<p><strong>NOTTE IN MONTAGNA<\/strong><\/p>\n<p><strong>AUDIO<\/strong><\/p>\n<audio class=\"wp-audio-shortcode\" id=\"audio-390859-19\" preload=\"none\" style=\"width: 100%;\" controls=\"controls\"><source type=\"audio\/mpeg\" src=\"https:\/\/www.radiopiu.net\/wordpress\/wp-content\/uploads\/2024\/05\/PAOLOS-2.mp3?_=19\" \/><a href=\"https:\/\/www.radiopiu.net\/wordpress\/wp-content\/uploads\/2024\/05\/PAOLOS-2.mp3\">https:\/\/www.radiopiu.net\/wordpress\/wp-content\/uploads\/2024\/05\/PAOLOS-2.mp3<\/a><\/audio>\n<p>&nbsp;<\/p>\n<p><a class=\"dt-pswp-item\" href=\"https:\/\/www.radiopiu.net\/wordpress\/wp-content\/uploads\/2024\/05\/e08eb187-3835-4ac3-98a2-9c1a63bdec4b.jpg\" data-dt-img-description=\"\" data-large_image_width=\"960\" data-large_image_height=\"720\"><img loading=\"lazy\" decoding=\"async\" class=\" wp-image-390810 alignleft\" src=\"https:\/\/www.radiopiu.net\/wordpress\/wp-content\/uploads\/2024\/05\/e08eb187-3835-4ac3-98a2-9c1a63bdec4b-300x225.jpg\" alt=\"\" width=\"168\" height=\"126\" srcset=\"https:\/\/www.radiopiu.net\/wordpress\/wp-content\/uploads\/2024\/05\/e08eb187-3835-4ac3-98a2-9c1a63bdec4b-300x225.jpg 300w, https:\/\/www.radiopiu.net\/wordpress\/wp-content\/uploads\/2024\/05\/e08eb187-3835-4ac3-98a2-9c1a63bdec4b-768x576.jpg 768w, https:\/\/www.radiopiu.net\/wordpress\/wp-content\/uploads\/2024\/05\/e08eb187-3835-4ac3-98a2-9c1a63bdec4b.jpg 960w\" sizes=\"auto, (max-width: 168px) 100vw, 168px\" \/><\/a>Quell\u2019umida notte di fine agosto aveva il profumo di un caff\u00e8 forte sorseggiato guardando fuori dalla finestra della cucina. Pochi minuti pi\u00f9 tardi, era la brace della sigaretta fumata da un metronotte appoggiato ad una colonna, a ravvivare via Feltre rischiarata solamente dalla met\u00e0 dei lampioni presenti. Soltanto due fanali in giro in quell&#8217;ora cos\u00ec intima e buia, ovvero quelli dell&#8217;auto dei Carabinieri che lentamente avanzava lungo la via delimitata dai tigli. Loro pattugliavano le vie della piccola citt\u00e0 immersa nel sonno, io invece imboccavo per l&#8217;ennesima volta la Strada Madre che avrei seguito fino al paese con la piazza con i cubetti di porfido e la chiesa bianca con i due campanili. Nell&#8217;ora dell\u2019oscurit\u00e0 pi\u00f9 profonda erano i cervi gli assoluti padroni di quel nastro d&#8217;asfalto che corre seguendo il sinuoso snodarsi del Cordevole lungo la valle. Si muovevano in branchi e occorreva pazienza, in quei frangenti non c&#8217;era altro da fare se non attendere che essi permettessero il passaggio di quell&#8217;auto che procedeva guardinga a passo d&#8217;uomo. Lass\u00f9, all\u2019esatto confine fra l\u2019Agordino e la Val di Zoldo, c&#8217;era il perfetto silenzio e la solenne oscurit\u00e0 delle notti senza luna. Solamente stelle che brillavano nel cielo nero e niente profili delle montagne che affiancano il passo Duran. Partii lentamente lungo il sentiero illuminato dalla luce della frontale, destreggiandomi fra scivolose radici e sassi bagnati dalla rugiada della notte. Oscurit\u00e0 assoluta e ragnatele, sudore e poi la strada sterrata che permetteva un camminare pi\u00f9 agevole. Lungo il percorso, il risuonare di qualche campanaccio delle vacche al pascolo rompeva per un attimo quella quiete notturna in cui il suono del respiro cadenzato era l&#8217;unico compagno di viaggio. Tutto taceva al rifugio Carestiato, solo una finestra illuminata faceva presagire qualche attivit\u00e0 imminente. Nell&#8217;attesa del primo lieve sfumare della notte si udivano voci assonnate che parlavano sottovoce, poi rumore di passi leggeri e qualche tintinnio di moschettoni. Li vidi partire in direzione della ferrata Costantini nei minuti in cui il cielo iniziava impercettibilmente a schiarire. Pochi minuti pi\u00f9 tardi, quelle voci si erano fatte pi\u00f9 decise e quelle luci delle frontali salivano velocemente in diagonale lungo la parete come stelle in un cielo di roccia. D\u00ec l\u00ec a poco uomini e natura iniziarono l&#8217;ennesimo precoce risveglio. Incominciavano le attivit\u00e0 all&#8217;interno del rifugio mentre fuori si iniziavano ad intravedere le forme delle montagne intorno. Nebbie leggere si alzavano dai prati bagnati mentre l&#8217;alba si insinuava fra le montagne ora colorate di un rosa pallido. Poi ad est finalmente il sole che spuntava dalle creste di monti situati due valli pi\u00f9 in l\u00e0; buongiorno Cime di San Sebastiano, buon sabato Agner e Moiazza. In poco pi\u00f9 di mezz&#8217;ora tutto era compiuto, natura e uomini si erano svegliati ed erano pronti ad affrontare un altro giorno dell&#8217;estate che lentamente iniziava a sfumare. Il tempo di un caff\u00e8 e poi il ritorno seguendo la stessa strada dell&#8217;andata, incrociando camminatori felici e desiderosi di vivere una giornata in montagna. Un nuovo giorno era appena nato, ed io l\u2019avevo gi\u00e0 molto vissuto.<\/p>\n<p>&nbsp;<\/p>\n<p>&nbsp;<\/p>\n<p>&nbsp;<\/p>\n<hr \/>\n<p>&nbsp;<\/p>\n<h2><span style=\"color: #ff0000;\"><a class=\"dt-pswp-item\" href=\"https:\/\/www.radiopiu.net\/wordpress\/wp-content\/uploads\/2018\/09\/appuntamenti.jpeg\" data-dt-img-description=\"\" data-large_image_width=\"800\" data-large_image_height=\"100\"><img loading=\"lazy\" decoding=\"async\" class=\"wp-image-61958 size-full aligncenter\" src=\"https:\/\/www.radiopiu.net\/wordpress\/wp-content\/uploads\/2018\/09\/appuntamenti.jpeg\" alt=\"\" width=\"800\" height=\"100\" srcset=\"https:\/\/www.radiopiu.net\/wordpress\/wp-content\/uploads\/2018\/09\/appuntamenti.jpeg 800w, https:\/\/www.radiopiu.net\/wordpress\/wp-content\/uploads\/2018\/09\/appuntamenti-300x38.jpeg 300w, https:\/\/www.radiopiu.net\/wordpress\/wp-content\/uploads\/2018\/09\/appuntamenti-768x96.jpeg 768w\" sizes=\"auto, (max-width: 800px) 100vw, 800px\" \/><\/a><\/span><\/h2>\n<div>\n<div class=\"\" dir=\"auto\">\n<div id=\":r9h:\" class=\"x1iorvi4 x1pi30zi x1l90r2v x1swvt13\" data-ad-comet-preview=\"message\" data-ad-preview=\"message\">\n<p>&nbsp;<\/p>\n<p>&nbsp;<\/p>\n<div class=\"x78zum5 xdt5ytf xz62fqu x16ldp7u\">\n<div class=\"xu06os2 x1ok221b\">\n\n\t\t\t<style type='text\/css'>\n\t\t\t\t#gallery-7 {\n\t\t\t\t\tmargin: auto;\n\t\t\t\t}\n\t\t\t\t#gallery-7 .gallery-item {\n\t\t\t\t\tfloat: left;\n\t\t\t\t\tmargin-top: 10px;\n\t\t\t\t\ttext-align: center;\n\t\t\t\t\twidth: 100%;\n\t\t\t\t}\n\t\t\t\t#gallery-7 img {\n\t\t\t\t\tborder: 2px solid #cfcfcf;\n\t\t\t\t}\n\t\t\t\t#gallery-7 .gallery-caption {\n\t\t\t\t\tmargin-left: 0;\n\t\t\t\t}\n\t\t\t\t\/* see gallery_shortcode() in wp-includes\/media.php *\/\n\t\t\t<\/style>\n\t\t<div id='gallery-7' class='dt-gallery-container gallery galleryid-390859 gallery-columns-1 gallery-size-thumbnail'><dl class='gallery-item'>\n\t\t\t\t<dt class='gallery-icon portrait'>\n\t\t\t\t\t<a class=\"rollover rollover-zoom dt-pswp-item\" title=\"437146738_2577149032445332_1917642300626249383_n\" data-dt-img-description=\"\" data-large_image_width=\"509\" data-large_image_height=\"720\"href='https:\/\/www.radiopiu.net\/wordpress\/wp-content\/uploads\/2024\/04\/437146738_2577149032445332_1917642300626249383_n.jpg'><img loading=\"lazy\" decoding=\"async\" width=\"150\" height=\"150\" src=\"https:\/\/www.radiopiu.net\/wordpress\/wp-content\/uploads\/2024\/04\/437146738_2577149032445332_1917642300626249383_n-150x150.jpg\" class=\"attachment-thumbnail size-thumbnail\" alt=\"\" aria-describedby=\"gallery-7-387164\" \/><\/a>\n\t\t\t\t<\/dt>\n\t\t\t\t\t<dd class='wp-caption-text gallery-caption' id='gallery-7-387164'>\n\t\t\t\t\tDA VENERDI 3 MAGGIO VIA AL MAGGIO AGORDINO CON I PERITI MINERARI\n\t\t\t\t\t<\/dd><\/dl><br style=\"clear: both\" \/>\n\t\t\t<\/div>\n\n<\/div>\n<\/div>\n<\/div>\n<\/div>\n<\/div>\n<p>&nbsp;<\/p>\n<h2><\/h2>\n<p><strong>AGORDO<\/strong> MAGGIO AGORDINO, CONOSCERE IL TERRITORIO, CON L&#8217;ASSOCIAZIONE PERITI MINERARI DI AGORDO QUATTRO APPUNTAMENTI, PER QUATTRO VENERDI ALLE 20.30 IN SALA DON TAMIS, AD AGORDO, CON INGRESSO LIBERO A TUTTI\u00a0 VENERDI 24 MAGGIO ENERGIA E AMBIENTE DI MONTAGNA con l&#8217;ingegner Adriano Luchetta MAGGIO AGORDINO&#8230; CON L&#8217;APIM, I VENERDI DI SERA IN SALA DON TAMIS<\/p>\n<p><strong>AGORDO<\/strong> Giornata gratuita dedicata alla densitometria ossea, venerdi 24 maggio ad Agordo, presso la Parafarmacia della dottoressa Nadia B\u00f9lf, al centro commerciale GANZ, Test gratuito, durata circa 20 minuti. Per informazioni e prenotazioni, chiama\u00a0 lo 0437.866683, ci trovi sui social: Instagram &#8211; Facebook, oppure passa direttamente in parafarmacia, VENERDI 24 MAGGIO in parafarmacia ad AGORDO, la giornata gratuita della densitometria ossea<\/p>\n<p><strong>BELLUNO<\/strong> Il Circolo Culturale Bellunese organizza il tradizionale concerto dedicato al vincitore del Premio Venezia, con un&#8217;emozione speciale quest&#8217;anno: si esibir\u00e0 il pianista bellunese Giacomo Menegardi, vincitore del Premio Venezia 2023. L&#8217;evento si terr\u00e0 il 24 maggio alle 20:30 al Teatro Dino Buzzati di Belluno, dove il pubblico applaudir\u00e0 un talento locale riconosciuto a livello internazionale.<\/p>\n<p><strong>BELLUNO <\/strong>L&#8217;Associazione culturale Tina Merlin e l&#8217;Associazione Bellunesi nel Mondo, in collaborazione con la Biblioteca delle migrazioni \u201cDino Buzzati\u201d, propongono la presentazione del libro \u201cChiamami Giulietta\u201d, di Vichi De Marchi (Feltrinelli, 2024). Appuntamento il 24 maggio a Belluno, alle 18 in sede ABM<\/p>\n<p><strong>BELLUNO<\/strong> Sabato alle 17:30 in sala teatro del centro congressi di Piazza Piloni &#8220;Storia del mondo dal Big Bang a Oggi&#8221;,\u00a0 Un viaggio attraverso la storia dell&#8217;universo, dal Big Bang fino ai giorni nostri. Un&#8217;occasione per riflettere su come il nostro futuro sia profondamente legato ai nostri antenati e alla nostra storia, inclusi i Sapiens che, nonostante le loro paure, dipingevano mammut sulle pareti delle loro caverne.<\/p>\n<p><strong>FELTRE\u00a0<\/strong>Sabato 25 maggio alle 21 al Centro Astronomico di Arson a Feltre un incontro con l&#8217;astronomico Giuliano Vanin per parlare degli asteroidi killer<\/p>\n<h2><span style=\"color: #ff0000;\">PROSSIMAMENTE<\/span><\/h2>\n<p>&nbsp;<\/p>\n<p>&nbsp;<\/p>\n<hr \/>\n<p>&nbsp;<\/p>\n<p><a class=\"dt-pswp-item\" href=\"https:\/\/www.radiopiu.net\/wordpress\/wp-content\/uploads\/2018\/09\/viabilita.jpeg\" data-dt-img-description=\"\" data-large_image_width=\"800\" data-large_image_height=\"100\"><img loading=\"lazy\" decoding=\"async\" class=\"aligncenter wp-image-61954 size-full\" src=\"https:\/\/www.radiopiu.net\/wordpress\/wp-content\/uploads\/2018\/09\/viabilita.jpeg\" alt=\"\" width=\"800\" height=\"100\" srcset=\"https:\/\/www.radiopiu.net\/wordpress\/wp-content\/uploads\/2018\/09\/viabilita.jpeg 800w, https:\/\/www.radiopiu.net\/wordpress\/wp-content\/uploads\/2018\/09\/viabilita-300x38.jpeg 300w, https:\/\/www.radiopiu.net\/wordpress\/wp-content\/uploads\/2018\/09\/viabilita-768x96.jpeg 768w\" sizes=\"auto, (max-width: 800px) 100vw, 800px\" \/><\/a><\/p>\n<p>&nbsp;<\/p>\n<p><a class=\"dt-pswp-item\" href=\"https:\/\/www.radiopiu.net\/wordpress\/wp-content\/uploads\/2023\/12\/botol-car-service.jpg\" data-dt-img-description=\"\" data-large_image_width=\"600\" data-large_image_height=\"600\"><img loading=\"lazy\" decoding=\"async\" class=\"size-medium wp-image-367044 aligncenter\" src=\"https:\/\/www.radiopiu.net\/wordpress\/wp-content\/uploads\/2023\/12\/botol-car-service-300x300.jpg\" alt=\"\" width=\"300\" height=\"300\" srcset=\"https:\/\/www.radiopiu.net\/wordpress\/wp-content\/uploads\/2023\/12\/botol-car-service-300x300.jpg 300w, https:\/\/www.radiopiu.net\/wordpress\/wp-content\/uploads\/2023\/12\/botol-car-service-150x150.jpg 150w, https:\/\/www.radiopiu.net\/wordpress\/wp-content\/uploads\/2023\/12\/botol-car-service.jpg 600w\" sizes=\"auto, (max-width: 300px) 100vw, 300px\" \/><\/a><\/p>\n<p>&nbsp;<\/p>\n<p>&nbsp;<\/p>\n<h1>BOLLETTINO QUOTIDIANO, CLICCA QUI<\/h1>\n<blockquote class=\"wp-embedded-content\" data-secret=\"sUNXx3C4mr\"><p><a href=\"https:\/\/www.radiopiu.net\/wordpress\/viabilita\/\">viabilita<\/a><\/p><\/blockquote>\n<p><iframe loading=\"lazy\" class=\"wp-embedded-content\" sandbox=\"allow-scripts\" security=\"restricted\" style=\"position: absolute; clip: rect(1px, 1px, 1px, 1px);\" title=\"&#8220;viabilita&#8221; &#8212; Radio Pi\u00f9\" src=\"https:\/\/www.radiopiu.net\/wordpress\/viabilita\/embed\/#?secret=CwWNVqsNoD#?secret=sUNXx3C4mr\" data-secret=\"sUNXx3C4mr\" width=\"600\" height=\"338\" frameborder=\"0\" marginwidth=\"0\" marginheight=\"0\" scrolling=\"no\"><\/iframe><\/p>\n<p>&nbsp;<\/p>\n<p>&nbsp;<\/p>\n<p>&nbsp;<\/p>\n<hr \/>\n<p>&nbsp;<\/p>\n<p><a class=\"dt-pswp-item\" href=\"https:\/\/www.radiopiu.net\/wordpress\/wp-content\/uploads\/2018\/09\/WhatsApp-Image-2018-09-20-at-16.04.06.jpeg\" data-dt-img-description=\"\" data-large_image_width=\"800\" data-large_image_height=\"100\"><img loading=\"lazy\" decoding=\"async\" class=\"wp-image-61378 size-full aligncenter\" src=\"https:\/\/www.radiopiu.net\/wordpress\/wp-content\/uploads\/2018\/09\/WhatsApp-Image-2018-09-20-at-16.04.06.jpeg\" alt=\"\" width=\"800\" height=\"100\" srcset=\"https:\/\/www.radiopiu.net\/wordpress\/wp-content\/uploads\/2018\/09\/WhatsApp-Image-2018-09-20-at-16.04.06.jpeg 800w, https:\/\/www.radiopiu.net\/wordpress\/wp-content\/uploads\/2018\/09\/WhatsApp-Image-2018-09-20-at-16.04.06-300x38.jpeg 300w, https:\/\/www.radiopiu.net\/wordpress\/wp-content\/uploads\/2018\/09\/WhatsApp-Image-2018-09-20-at-16.04.06-768x96.jpeg 768w\" sizes=\"auto, (max-width: 800px) 100vw, 800px\" \/><\/a><\/p>\n<p><center><\/center><center><\/center><center><\/center><center><\/center><center><\/center><center><\/center>&nbsp;<\/p>\n<p><center><\/center><center><\/center><center><\/center><center><\/center><center><\/center><center><b>OGGI<\/b><\/center>Tempo instabile\/perturbato con cielo molto nuvoloso\/coperto e fenomeni diffusi, in probabile attenuazione tra pomeriggio e sera a partire dalle Prealpi. Contesto termico pi\u00f9 fresco nelle valli.<br \/>\n<b>Precipitazioni: <\/b>Tra la notte e il primo mattino sempre pi\u00f9 diffuse, fino ad interessare tutto il territorio montano per buona parte della giornata (100%), in attenuazione verso sera. I fenomeni saranno spesso a carattere di rovescio e isolato temporale, e anche abbondanti sui settori prealpini e in parte sulle Dolomiti meridionali, meno su quelle centro settentrionali.<br \/>\n<b>Temperature: <\/b>Minime stazionarie in quota e in aumento nelle valli, Massime in calo, lieve in quota, pi\u00f9 sensibile nelle valli.<\/p>\n<hr \/>\n<p><center><b>DOMANI<\/b><\/center>Tempo variabile\/instabile, con schiarite mattutine anche ampie, dalle ore centrali forte aumento delle nuvolosit\u00e0 cumuliforme fino a nuvoloso o molto nuvoloso nel pomeriggio.<br \/>\n<b>Precipitazioni: <\/b>Diffusa instabilit\u00e0 tra le ore centrali e il pomeriggio\/sera con rovesci e temporali sparsi, pi\u00f9 probabili su Prealpi<br \/>\n<b>Temperature: <\/b>Contesto termico fresco per il periodo, con minime in calo e registrate alla sera.<\/p>\n<hr \/>\n<p><center><b>GIOVEDI<\/b><\/center>Ancora una giornata variabile\/instabile, con qualche schiarita mattutina e ripresa di attivit\u00e0 cumuliforme nelle ore centrali, con rovesci e temporali a tratti anche diffusi, in esaurimento in serata. Contesto termico fresco per il periodo, soprattutto al primo mattino.<\/p>\n<hr \/>\n<p><center><b>VENERDI<\/b><\/center>Al mattino schiarite, dalle ore centrali aumento irregolare della nuvolosit\u00e0 associata a qualche rovescio sparso nel pomeriggio. Temperature pressoch\u00e8 stazionarie in quota.<\/p>\n<p>&nbsp;<\/p>\n<hr \/>\n<p>&nbsp;<\/p>\n<p><img loading=\"lazy\" decoding=\"async\" class=\"wp-image-60761 size-full aligncenter\" src=\"https:\/\/www.radiopiu.net\/wordpress\/wp-content\/uploads\/2018\/09\/sport.jpg\" alt=\"\" width=\"800\" height=\"100\" srcset=\"https:\/\/www.radiopiu.net\/wordpress\/wp-content\/uploads\/2018\/09\/sport.jpg 800w, https:\/\/www.radiopiu.net\/wordpress\/wp-content\/uploads\/2018\/09\/sport-300x38.jpg 300w, https:\/\/www.radiopiu.net\/wordpress\/wp-content\/uploads\/2018\/09\/sport-768x96.jpg 768w\" sizes=\"auto, (max-width: 800px) 100vw, 800px\" \/><\/p>\n<p>&nbsp;<\/p>\n<blockquote>\n<h2><span style=\"color: #ff00ff;\">CICLISMO\u00a0<\/span><\/h2>\n<p>Terza Settimana del Giro d\u2019Italia: Le Dolomiti Pronte per lo Spettacolo<\/p><\/blockquote>\n<p><strong>REDAZIONE<\/strong> Nonostante l&#8217;incognita del maltempo, le Dolomiti si preparano ad accogliere la terza settimana del 107\u00ba Giro d\u2019Italia. I ciclisti affronteranno quattro tappe spettacolari: Livigno \u2013 Santa Cristina Valgardena, Selva di Val Gardena \u2013 Passo Brocon, Mortegliano \u2013 Sappada e Alpago \u2013 Bassano del Grappa. Grande attesa per i tifosi bellunesi, soprattutto per seguire il giovane Andrea Pietrobon di Tai, alla sua prima esperienza. Il ragazzo ha gi\u00e0 sfiorato la vittoria a Lucca. La tappa di venerd\u00ec a Sappada richiama memorie storiche del Giro, mentre la Alpago \u2013 Bassano del Grappa di sabato, con la doppia scalata del Grappa, promette intensit\u00e0 e una grande partecipazione di pubblico. Il supporto dei tifosi sar\u00e0 cruciale per affrontare le difficili salite della settimana conclusiva.<\/p>\n\n\t\t\t<style type='text\/css'>\n\t\t\t\t#gallery-8 {\n\t\t\t\t\tmargin: auto;\n\t\t\t\t}\n\t\t\t\t#gallery-8 .gallery-item {\n\t\t\t\t\tfloat: left;\n\t\t\t\t\tmargin-top: 10px;\n\t\t\t\t\ttext-align: center;\n\t\t\t\t\twidth: 33%;\n\t\t\t\t}\n\t\t\t\t#gallery-8 img {\n\t\t\t\t\tborder: 2px solid #cfcfcf;\n\t\t\t\t}\n\t\t\t\t#gallery-8 .gallery-caption {\n\t\t\t\t\tmargin-left: 0;\n\t\t\t\t}\n\t\t\t\t\/* see gallery_shortcode() in wp-includes\/media.php *\/\n\t\t\t<\/style>\n\t\t<div id='gallery-8' class='dt-gallery-container gallery galleryid-390859 gallery-columns-3 gallery-size-medium'><dl class='gallery-item'>\n\t\t\t\t<dt class='gallery-icon landscape'>\n\t\t\t\t\t<a class=\"rollover rollover-zoom dt-pswp-item\" title=\"1\" data-dt-img-description=\"\" data-large_image_width=\"744\" data-large_image_height=\"500\"href='https:\/\/www.radiopiu.net\/wordpress\/wp-content\/uploads\/2024\/05\/1-2.png'><img loading=\"lazy\" decoding=\"async\" width=\"300\" height=\"202\" src=\"https:\/\/www.radiopiu.net\/wordpress\/wp-content\/uploads\/2024\/05\/1-2-300x202.png\" class=\"attachment-medium size-medium\" alt=\"\" aria-describedby=\"gallery-8-391068\" srcset=\"https:\/\/www.radiopiu.net\/wordpress\/wp-content\/uploads\/2024\/05\/1-2-300x202.png 300w, https:\/\/www.radiopiu.net\/wordpress\/wp-content\/uploads\/2024\/05\/1-2.png 744w\" sizes=\"auto, (max-width: 300px) 100vw, 300px\" \/><\/a>\n\t\t\t\t<\/dt>\n\t\t\t\t\t<dd class='wp-caption-text gallery-caption' id='gallery-8-391068'>\n\t\t\t\t\tSELVA DI VAL GARDENAPASSO BROCONMercoled\u00ec 22 maggio &#8211; 17a tappa &#8211; 159 km\n\t\t\t\t\t<\/dd><\/dl><dl class='gallery-item'>\n\t\t\t\t<dt class='gallery-icon landscape'>\n\t\t\t\t\t<a class=\"rollover rollover-zoom dt-pswp-item\" title=\"2\" data-dt-img-description=\"\" data-large_image_width=\"799\" data-large_image_height=\"516\"href='https:\/\/www.radiopiu.net\/wordpress\/wp-content\/uploads\/2024\/05\/2-2.png'><img loading=\"lazy\" decoding=\"async\" width=\"300\" height=\"194\" src=\"https:\/\/www.radiopiu.net\/wordpress\/wp-content\/uploads\/2024\/05\/2-2-300x194.png\" class=\"attachment-medium size-medium\" alt=\"\" aria-describedby=\"gallery-8-391069\" srcset=\"https:\/\/www.radiopiu.net\/wordpress\/wp-content\/uploads\/2024\/05\/2-2-300x194.png 300w, https:\/\/www.radiopiu.net\/wordpress\/wp-content\/uploads\/2024\/05\/2-2-768x496.png 768w, https:\/\/www.radiopiu.net\/wordpress\/wp-content\/uploads\/2024\/05\/2-2.png 799w\" sizes=\"auto, (max-width: 300px) 100vw, 300px\" \/><\/a>\n\t\t\t\t<\/dt>\n\t\t\t\t\t<dd class='wp-caption-text gallery-caption' id='gallery-8-391069'>\n\t\t\t\t\tFIERA DI PRIMIEROPADOVAGioved\u00ec 23 maggio &#8211; 18a tappa &#8211; 178 km\n\t\t\t\t\t<\/dd><\/dl><dl class='gallery-item'>\n\t\t\t\t<dt class='gallery-icon landscape'>\n\t\t\t\t\t<a class=\"rollover rollover-zoom dt-pswp-item\" title=\"5\" data-dt-img-description=\"\" data-large_image_width=\"481\" data-large_image_height=\"238\"href='https:\/\/www.radiopiu.net\/wordpress\/wp-content\/uploads\/2024\/05\/5-1.png'><img loading=\"lazy\" decoding=\"async\" width=\"300\" height=\"148\" src=\"https:\/\/www.radiopiu.net\/wordpress\/wp-content\/uploads\/2024\/05\/5-1-300x148.png\" class=\"attachment-medium size-medium\" alt=\"\" aria-describedby=\"gallery-8-391067\" srcset=\"https:\/\/www.radiopiu.net\/wordpress\/wp-content\/uploads\/2024\/05\/5-1-300x148.png 300w, https:\/\/www.radiopiu.net\/wordpress\/wp-content\/uploads\/2024\/05\/5-1.png 481w\" sizes=\"auto, (max-width: 300px) 100vw, 300px\" \/><\/a>\n\t\t\t\t<\/dt>\n\t\t\t\t\t<dd class='wp-caption-text gallery-caption' id='gallery-8-391067'>\n\t\t\t\t\tcronoprogramma bellunese\n\t\t\t\t\t<\/dd><\/dl><br style=\"clear: both\" \/><dl class='gallery-item'>\n\t\t\t\t<dt class='gallery-icon landscape'>\n\t\t\t\t\t<a class=\"rollover rollover-zoom dt-pswp-item\" title=\"3\" data-dt-img-description=\"\" data-large_image_width=\"740\" data-large_image_height=\"497\"href='https:\/\/www.radiopiu.net\/wordpress\/wp-content\/uploads\/2024\/05\/3-2.png'><img loading=\"lazy\" decoding=\"async\" width=\"300\" height=\"201\" src=\"https:\/\/www.radiopiu.net\/wordpress\/wp-content\/uploads\/2024\/05\/3-2-300x201.png\" class=\"attachment-medium size-medium\" alt=\"\" aria-describedby=\"gallery-8-391065\" srcset=\"https:\/\/www.radiopiu.net\/wordpress\/wp-content\/uploads\/2024\/05\/3-2-300x201.png 300w, https:\/\/www.radiopiu.net\/wordpress\/wp-content\/uploads\/2024\/05\/3-2.png 740w\" sizes=\"auto, (max-width: 300px) 100vw, 300px\" \/><\/a>\n\t\t\t\t<\/dt>\n\t\t\t\t\t<dd class='wp-caption-text gallery-caption' id='gallery-8-391065'>\n\t\t\t\t\tMortegliano-Sappada venerdi 24 maggio19 tappa 157 Km\n\t\t\t\t\t<\/dd><\/dl><dl class='gallery-item'>\n\t\t\t\t<dt class='gallery-icon landscape'>\n\t\t\t\t\t<a class=\"rollover rollover-zoom dt-pswp-item\" title=\"4\" data-dt-img-description=\"\" data-large_image_width=\"773\" data-large_image_height=\"520\"href='https:\/\/www.radiopiu.net\/wordpress\/wp-content\/uploads\/2024\/05\/4-1.png'><img loading=\"lazy\" decoding=\"async\" width=\"300\" height=\"202\" src=\"https:\/\/www.radiopiu.net\/wordpress\/wp-content\/uploads\/2024\/05\/4-1-300x202.png\" class=\"attachment-medium size-medium\" alt=\"\" aria-describedby=\"gallery-8-391066\" srcset=\"https:\/\/www.radiopiu.net\/wordpress\/wp-content\/uploads\/2024\/05\/4-1-300x202.png 300w, https:\/\/www.radiopiu.net\/wordpress\/wp-content\/uploads\/2024\/05\/4-1-768x517.png 768w, https:\/\/www.radiopiu.net\/wordpress\/wp-content\/uploads\/2024\/05\/4-1.png 773w\" sizes=\"auto, (max-width: 300px) 100vw, 300px\" \/><\/a>\n\t\t\t\t<\/dt>\n\t\t\t\t\t<dd class='wp-caption-text gallery-caption' id='gallery-8-391066'>\n\t\t\t\t\tALPAGO BASSANO DEL GRAPPA Sabato 25 maggio 20 tappa 184 km\n\t\t\t\t\t<\/dd><\/dl><dl class='gallery-item'>\n\t\t\t\t<dt class='gallery-icon landscape'>\n\t\t\t\t\t<a class=\"rollover rollover-zoom dt-pswp-item\" title=\"6\" data-dt-img-description=\"\" data-large_image_width=\"368\" data-large_image_height=\"128\"href='https:\/\/www.radiopiu.net\/wordpress\/wp-content\/uploads\/2024\/05\/6.png'><img loading=\"lazy\" decoding=\"async\" width=\"300\" height=\"104\" src=\"https:\/\/www.radiopiu.net\/wordpress\/wp-content\/uploads\/2024\/05\/6-300x104.png\" class=\"attachment-medium size-medium\" alt=\"\" srcset=\"https:\/\/www.radiopiu.net\/wordpress\/wp-content\/uploads\/2024\/05\/6-300x104.png 300w, https:\/\/www.radiopiu.net\/wordpress\/wp-content\/uploads\/2024\/05\/6.png 368w\" sizes=\"auto, (max-width: 300px) 100vw, 300px\" \/><\/a>\n\t\t\t\t<\/dt><\/dl><br style=\"clear: both\" \/>\n\t\t\t<\/div>\n\n<p>&nbsp;<\/p>\n<p><span style=\"color: #0000ff;\"><strong>NUOTO<\/strong><\/span><\/p>\n<blockquote>\n<h3>NUOTO PARALIMPICO: DEBUTTO ASSOLUTO PER LISA GIACCHINI E BRILLANO GIACOMIN E BELLETTI<\/h3>\n<\/blockquote>\n<p><a class=\"dt-pswp-item\" href=\"https:\/\/www.radiopiu.net\/wordpress\/wp-content\/uploads\/2024\/05\/Belletti_Giacchini_e_Giacomin.jpg\" data-dt-img-description=\"\" data-large_image_width=\"1188\" data-large_image_height=\"1137\"><img loading=\"lazy\" decoding=\"async\" class=\" wp-image-391026 alignleft\" src=\"https:\/\/www.radiopiu.net\/wordpress\/wp-content\/uploads\/2024\/05\/Belletti_Giacchini_e_Giacomin-300x287.jpg\" alt=\"\" width=\"118\" height=\"113\" srcset=\"https:\/\/www.radiopiu.net\/wordpress\/wp-content\/uploads\/2024\/05\/Belletti_Giacchini_e_Giacomin-300x287.jpg 300w, https:\/\/www.radiopiu.net\/wordpress\/wp-content\/uploads\/2024\/05\/Belletti_Giacchini_e_Giacomin-1024x980.jpg 1024w, https:\/\/www.radiopiu.net\/wordpress\/wp-content\/uploads\/2024\/05\/Belletti_Giacchini_e_Giacomin-768x735.jpg 768w, https:\/\/www.radiopiu.net\/wordpress\/wp-content\/uploads\/2024\/05\/Belletti_Giacchini_e_Giacomin.jpg 1188w\" sizes=\"auto, (max-width: 118px) 100vw, 118px\" \/><\/a>La squadra di nuoto paralimpico della Sportivamente Belluno ha accolto una nuova atleta, Lisa Giacchini. Insieme a Enrico Giacomin e Daniela Belletti, Lisa ha partecipato al 13\u00ba Trofeo Interregionale \u201cAndrea Monta\u00f1o\u201d a Montebelluna. Per Giacchini era la prima esperienza e ha gareggiato nei 50 metri stile libero e rana. La sua classificazione ufficiale avverr\u00e0 a Brescia a luglio. Giacomin, veterano del gruppo, ha ottenuto il secondo posto nei 400 stile libero, il terzo nei 50 stile libero e il quinto nei 100 stile libero. Belletti si \u00e8 classificata quarta nei 50 dorso e settima nei 50 stile libero. La squadra continua a crescere e a promuovere l&#8217;inclusione.<\/p>\n<p>&nbsp;<\/p>\n<hr \/>\n<p>&nbsp;<\/p>\n<h2><span style=\"color: #00ccff;\">GOODBYE BY BICICLE&#8230;UN VIAGGIO DALL&#8217;INDIA A SEREN DEL GRAPPA IN BICICLETTA<\/span><\/h2>\n<p><span style=\"color: #ff0000;\"><strong>PUNTATA 14 &#8211; GLI ULTIMI ISTANTI IN INDIA ED ORA IN TERRITORIO NEPALESE<\/strong><\/span><\/p>\n<audio class=\"wp-audio-shortcode\" id=\"audio-390859-20\" preload=\"none\" style=\"width: 100%;\" controls=\"controls\"><source type=\"audio\/mpeg\" src=\"https:\/\/www.radiopiu.net\/wordpress\/wp-content\/uploads\/2024\/05\/AIRE-INDIA-PUNTATA-14.mp3?_=20\" \/><a href=\"https:\/\/www.radiopiu.net\/wordpress\/wp-content\/uploads\/2024\/05\/AIRE-INDIA-PUNTATA-14.mp3\">https:\/\/www.radiopiu.net\/wordpress\/wp-content\/uploads\/2024\/05\/AIRE-INDIA-PUNTATA-14.mp3<\/a><\/audio>\n<p>&nbsp;<\/p>\n<p><strong>PER VISITARE I SITI DEI LUOGHI VISITATI, CLICCA SULLE SEGUENTI SCRITTE: <span style=\"color: #3366ff;\"><a href=\"https:\/\/www.ndns.in\/\">NEW DELHI NATURE SOCIETY<\/a>\u00a0 \u00a0<a href=\"https:\/\/nafan.org\/\">NATIONAL FORUM FOR AVOCACY NEPAL<\/a>\u00a0 \u00a0<a href=\"https:\/\/dpsrudrapur.com\/\">DHELI PUBBLIC SCHOOL<\/a><\/span><\/strong><\/p>\n<p>&nbsp;<\/p>\n\n\t\t\t<style type='text\/css'>\n\t\t\t\t#gallery-9 {\n\t\t\t\t\tmargin: auto;\n\t\t\t\t}\n\t\t\t\t#gallery-9 .gallery-item {\n\t\t\t\t\tfloat: left;\n\t\t\t\t\tmargin-top: 10px;\n\t\t\t\t\ttext-align: center;\n\t\t\t\t\twidth: 25%;\n\t\t\t\t}\n\t\t\t\t#gallery-9 img {\n\t\t\t\t\tborder: 2px solid #cfcfcf;\n\t\t\t\t}\n\t\t\t\t#gallery-9 .gallery-caption {\n\t\t\t\t\tmargin-left: 0;\n\t\t\t\t}\n\t\t\t\t\/* see gallery_shortcode() in wp-includes\/media.php *\/\n\t\t\t<\/style>\n\t\t<div id='gallery-9' class='dt-gallery-container gallery galleryid-390859 gallery-columns-4 gallery-size-thumbnail'><dl class='gallery-item'>\n\t\t\t\t<dt class='gallery-icon landscape'>\n\t\t\t\t\t<a class=\"rollover rollover-zoom dt-pswp-item\" title=\"17833395-bac9-466c-82c9-42630a52232e\" data-dt-img-description=\"\" data-large_image_width=\"1600\" data-large_image_height=\"1200\"href='https:\/\/www.radiopiu.net\/wordpress\/wp-content\/uploads\/2024\/05\/17833395-bac9-466c-82c9-42630a52232e.jpg'><img loading=\"lazy\" decoding=\"async\" width=\"150\" height=\"150\" src=\"https:\/\/www.radiopiu.net\/wordpress\/wp-content\/uploads\/2024\/05\/17833395-bac9-466c-82c9-42630a52232e-150x150.jpg\" class=\"attachment-thumbnail size-thumbnail\" alt=\"\" \/><\/a>\n\t\t\t\t<\/dt><\/dl><dl class='gallery-item'>\n\t\t\t\t<dt class='gallery-icon landscape'>\n\t\t\t\t\t<a class=\"rollover rollover-zoom dt-pswp-item\" title=\"10c29cc3-fda1-41f2-9a3f-d1122bc30709\" data-dt-img-description=\"\" data-large_image_width=\"1600\" data-large_image_height=\"1200\"href='https:\/\/www.radiopiu.net\/wordpress\/wp-content\/uploads\/2024\/05\/10c29cc3-fda1-41f2-9a3f-d1122bc30709.jpg'><img loading=\"lazy\" decoding=\"async\" width=\"150\" height=\"150\" src=\"https:\/\/www.radiopiu.net\/wordpress\/wp-content\/uploads\/2024\/05\/10c29cc3-fda1-41f2-9a3f-d1122bc30709-150x150.jpg\" class=\"attachment-thumbnail size-thumbnail\" alt=\"\" \/><\/a>\n\t\t\t\t<\/dt><\/dl><dl class='gallery-item'>\n\t\t\t\t<dt class='gallery-icon landscape'>\n\t\t\t\t\t<a class=\"rollover rollover-zoom dt-pswp-item\" title=\"8cbf6512-435c-483e-a67c-68692bae6769\" data-dt-img-description=\"\" data-large_image_width=\"1600\" data-large_image_height=\"900\"href='https:\/\/www.radiopiu.net\/wordpress\/wp-content\/uploads\/2024\/05\/8cbf6512-435c-483e-a67c-68692bae6769.jpg'><img loading=\"lazy\" decoding=\"async\" width=\"150\" height=\"150\" src=\"https:\/\/www.radiopiu.net\/wordpress\/wp-content\/uploads\/2024\/05\/8cbf6512-435c-483e-a67c-68692bae6769-150x150.jpg\" class=\"attachment-thumbnail size-thumbnail\" alt=\"\" \/><\/a>\n\t\t\t\t<\/dt><\/dl><dl class='gallery-item'>\n\t\t\t\t<dt class='gallery-icon portrait'>\n\t\t\t\t\t<a class=\"rollover rollover-zoom dt-pswp-item\" title=\"4e17669f-281f-4548-99d3-bb8eb6851b67\" data-dt-img-description=\"\" data-large_image_width=\"1200\" data-large_image_height=\"1600\"href='https:\/\/www.radiopiu.net\/wordpress\/wp-content\/uploads\/2024\/05\/4e17669f-281f-4548-99d3-bb8eb6851b67.jpg'><img loading=\"lazy\" decoding=\"async\" width=\"150\" height=\"150\" src=\"https:\/\/www.radiopiu.net\/wordpress\/wp-content\/uploads\/2024\/05\/4e17669f-281f-4548-99d3-bb8eb6851b67-150x150.jpg\" class=\"attachment-thumbnail size-thumbnail\" alt=\"\" \/><\/a>\n\t\t\t\t<\/dt><\/dl><br style=\"clear: both\" \/>\n\t\t\t<\/div>\n\n<p>&nbsp;<\/p>\n<p>&nbsp;<\/p>\n<p>&nbsp;<\/p>\n<p>&nbsp;<\/p>\n","protected":false},"excerpt":{"rendered":"<p>***** &nbsp; Sandro Verardo Complimenti a questa giovane artista che sta ultimando questo bel disegno, vicino ai Vigili del Fuoco di Agordo all&#8217;altezza della rotonda lungo la regionale 203 agordina bis-tangenziale (facebook). &nbsp; &nbsp; &nbsp; &nbsp; &nbsp; PER RICEVERE QUESTO NOTIZIARIO DIRETTAMENTE SUL TUO CELLULARE ISCRIVITI AL CANALE TELEGRAM \u201cRADIO PIU\u00a0 INFORMAZIONE&#8221;\u00a0 \u00a0il CANALE TELEGRAM&#8230;&hellip;<\/p>\n","protected":false},"author":4,"featured_media":391101,"comment_status":"closed","ping_status":"closed","sticky":false,"template":"","format":"standard","meta":{"_monsterinsights_skip_tracking":false,"_monsterinsights_sitenote_active":false,"_monsterinsights_sitenote_note":"","_monsterinsights_sitenote_category":0,"footnotes":""},"categories":[51,86,49],"tags":[],"class_list":["post-390859","post","type-post","status-publish","format-standard","has-post-thumbnail","hentry","category-evidenza-top","category-gr","category-news-18","category-51","category-86","category-49","description-off"],"img_url":"https:\/\/www.radiopiu.net\/wordpress\/wp-content\/uploads\/2024\/05\/442466928_8000569036622852_8635008348397526632_n.jpg","_links":{"self":[{"href":"https:\/\/www.radiopiu.net\/wordpress\/wp-json\/wp\/v2\/posts\/390859","targetHints":{"allow":["GET"]}}],"collection":[{"href":"https:\/\/www.radiopiu.net\/wordpress\/wp-json\/wp\/v2\/posts"}],"about":[{"href":"https:\/\/www.radiopiu.net\/wordpress\/wp-json\/wp\/v2\/types\/post"}],"author":[{"embeddable":true,"href":"https:\/\/www.radiopiu.net\/wordpress\/wp-json\/wp\/v2\/users\/4"}],"replies":[{"embeddable":true,"href":"https:\/\/www.radiopiu.net\/wordpress\/wp-json\/wp\/v2\/comments?post=390859"}],"version-history":[{"count":0,"href":"https:\/\/www.radiopiu.net\/wordpress\/wp-json\/wp\/v2\/posts\/390859\/revisions"}],"wp:featuredmedia":[{"embeddable":true,"href":"https:\/\/www.radiopiu.net\/wordpress\/wp-json\/wp\/v2\/media\/391101"}],"wp:attachment":[{"href":"https:\/\/www.radiopiu.net\/wordpress\/wp-json\/wp\/v2\/media?parent=390859"}],"wp:term":[{"taxonomy":"category","embeddable":true,"href":"https:\/\/www.radiopiu.net\/wordpress\/wp-json\/wp\/v2\/categories?post=390859"},{"taxonomy":"post_tag","embeddable":true,"href":"https:\/\/www.radiopiu.net\/wordpress\/wp-json\/wp\/v2\/tags?post=390859"}],"curies":[{"name":"wp","href":"https:\/\/api.w.org\/{rel}","templated":true}]}}