{"id":390913,"date":"2024-05-20T07:56:44","date_gmt":"2024-05-20T05:56:44","guid":{"rendered":"https:\/\/www.radiopiu.net\/wordpress\/?p=390913"},"modified":"2024-05-20T07:59:14","modified_gmt":"2024-05-20T05:59:14","slug":"dal-1983-la-rassegna-stampa-di-radiopiu-loriginale-alle-otto-del-mattino","status":"publish","type":"post","link":"https:\/\/www.radiopiu.net\/wordpress\/dal-1983-la-rassegna-stampa-di-radiopiu-loriginale-alle-otto-del-mattino\/","title":{"rendered":"dal 1983 la rassegna stampa di RADIOPIU. l&#8217;originale alle otto del mattino"},"content":{"rendered":"<p>**<\/p>\n<p>&nbsp;<\/p>\n<p><iframe loading=\"lazy\" title=\"DAL 1983 LA RASSEGNA STAMPA LOCALE di mirko mezzacasa. L&#039;ORIGINALE\" width=\"1200\" height=\"675\" src=\"https:\/\/www.youtube.com\/embed\/hb7pVYiMGrU?feature=oembed\" frameborder=\"0\" allow=\"accelerometer; autoplay; clipboard-write; encrypted-media; gyroscope; picture-in-picture; web-share\" referrerpolicy=\"strict-origin-when-cross-origin\" allowfullscreen><\/iframe><\/p>\n<p>&nbsp;<\/p>\n<p>PEDAVENA Ieri alle 16, la Centrale del 118 \u00e8 stata attivata per un parapendio precipitato da Malga Campet sul Monte Avena. Purtroppo, il 55enne coinvolto \u00e8 deceduto. La salma \u00e8 stata affidata ai Carabinieri.<br \/>\nAURONZO Verso le 14.30, l\u2019eliambulanza \u00e8 intervenuta sotto Forcella Rin Bianco a Misurina per soccorrere una coppia sudcoreana bloccata su un sentiero ripido. Recuperati con un verricello di 20 metri, i turisti sono stati portati al lago d\u2019Antorno. Pronto a intervenire anche il Soccorso alpino di Auronzo.<br \/>\nI Carabinieri hanno ritrovato a Bolzano la Nissan Qashqai rubata sopra Alleghe tra il 12 e il 13 maggio. L&#8217;auto, finita in un burrone, \u00e8 stata scoperta da escursionisti. La ricostruzione dettagliata dei Carabinieri dell&#8217;Agordino ha tracciato il percorso del veicolo attraverso Taibon, Voltago, Gosaldo, il Trentino e il Primiero, ovviamente passanto davanti alla caserma dei Carabinieri (di confine) che proprio la scorsa settimana \u00e8 stata chiusa.<br \/>\nBELLUNO La Squadra Mobile di Belluno, coadiuvata dai colleghi di Rimini, ha arrestato I.F., 33enne, su ordine della Procura di Belluno, condannandolo a 3 anni di reclusione per lesioni gravi, estorsione, rapina e spaccio di droga. L&#8217;aggressione, avvenuta a gennaio 2023 a causa di un debito di 200\u20ac per cocaina, ha causato lesioni gravi alla vittima, con una prognosi di oltre 40 giorni.<\/p>\n<p>ZOLDO Un orso ha causato danni a tre alveari a Solagnot, Val di Zoldo, confermando il suo ritorno dopo un precedente attacco a Fornesighe. La Polizia Provinciale ha identificato l&#8217;orso come lo stesso individuo che aveva attaccato in Val Zoldana. Le autorit\u00e0 stanno raccogliendo prove biologiche e installando fototrappole per monitorare il suo movimento. Gli apicoltori sono consigliati a utilizzare recinti elettrificati per proteggere le api, mentre la polizia collabora con il Progetto Lince Italia per monitorare altre specie selvatiche.<br \/>\nCENCENIGHE Il turista tedesco ingannato dal navigatore, ha girato a destra ma sulla strada sbagliata che porta alle frazioni alte di Cencenighe. Una volta resosi contro dell&#8217;errore ha tentato una difficile manovra con il camper e il realtivo rimorchio che sono finiti contro la recinzione dell&#8217;abitazione. Sul posto i Vigili del Fuoco con l&#8217;autoscala. L\u2019Intervento \u00e8 durato pi\u00f9 di 4 ore e i turisti si sono poi allontanati.<br \/>\nFELTRE Topi d&#8217;appartamento in azione a Vignui e Villabruna seguendo il copione dei raid del sabato sera: i ladri si introducono nelle case di chi \u00e8 uscito a cena, agendo rapidamente e passando ad altri obiettivi vicini. Sabato sera hanno colpito una villetta a Vignui e una casa a Villabruna, puntando su oggetti preziosi e denaro contante.<br \/>\nDAL FONDO COMUNI CONFINANTI UN CONTRIBUTO DI UN MILIONE E MEZZO DI EURO PER IL RECUPERO DI DUE EDIFICI IN VAL COMELICO<br \/>\nVENETO: ABBIAMO L\u2019INFLAZIONE PIU\u2019 ALTA D\u2019ITALIA Il caro vita ha colpito soprattutto Venezia e Padova, TUTTI I PARTICOLARI SUL SITO DI RADIOPIU, NEL GIORNALE RADIOPIU DI OGGI<\/p>\n<p>AGORDO Oggi alle 20.30 consiglio dell&#8217;Unione Montana Agordina. Ordine del giorno: approvazione Bellunum Holding; comunicazioni del presidente Paolo Frena.<br \/>\nFALCADE Gioved\u00ec alle 20 consiglio comunale a Falcade. Otto punti da discutere tra cui tre variazioni a bilancio, l&#8217;acquisizione sanante di un terreno e l&#8217;approvazione del bilancio e rendiconto di ASCA<br \/>\nRIVAMONTE Consiglio comunale venerdi 24 maggio, cinque punti all&#8217;ordine del giorno. Si parler\u00e0 di una variazione a bilancio, il rendiconto di gestione 2023 e l&#8217;approvazione del bilancio e rendiconto di ASCA<br \/>\nANAS: CHIUSURA NOTTURNA SULLA SS52 CARNICA PER LAVORI DI DEMOLIZIONE Anas ha programmato interventi di demolizione lungo la strada statale 52 Carnica, a Sega Digon nel comune di Comelico Superiore, dal 21 al 24 maggio.<br \/>\nPRATICHE FILOSOFICHE AL CIRCOLO CULTURALE TERRA DEI PADRI<br \/>\nBELLUNO Il Circolo Culturale La Terra dei Padri APS, a Borgo Piave &#8211; Belluno, ospita un laboratorio di pratiche filosofiche aperto a tutti nel mese di maggio 2024.<\/p>\n<p>ASSOCIAZIONE DANZA AGORDINA Successo per l&#8217;Associazione Danza Agordina al Concorso &#8220;Pordenone Danza 2024&#8221;<br \/>\nCALCIO L&#8217;AGORDINA BATTE L&#8217;AURONZO, IL PIAVE CROLLA A CORTINA<br \/>\nEQUITAZIONE OTTIMI RISULTATI PER LE VOLTEGGIATRICI DEL PR RANCH<br \/>\nCALCIO A 5 IL CENTRO SI AGGIUDICA IL MEMORIAL SILVANO MOSCA<br \/>\nCORSA CAMPESTRE IN 300 ALLA CAMPESTRE DI PELOS<\/p>\n<p>&nbsp;<\/p>\n<p>&nbsp;<\/p>\n<hr \/>\n<p>&nbsp;<\/p>\n","protected":false},"excerpt":{"rendered":"<p>** &nbsp; &nbsp; PEDAVENA Ieri alle 16, la Centrale del 118 \u00e8 stata attivata per un parapendio precipitato da Malga Campet sul Monte Avena. Purtroppo, il 55enne coinvolto \u00e8 deceduto. La salma \u00e8 stata affidata ai Carabinieri. AURONZO Verso le 14.30, l\u2019eliambulanza \u00e8 intervenuta sotto Forcella Rin Bianco a Misurina per soccorrere una coppia sudcoreana&hellip;<\/p>\n","protected":false},"author":4,"featured_media":390910,"comment_status":"closed","ping_status":"closed","sticky":false,"template":"","format":"standard","meta":{"_monsterinsights_skip_tracking":false,"_monsterinsights_sitenote_active":false,"_monsterinsights_sitenote_note":"","_monsterinsights_sitenote_category":0,"footnotes":""},"categories":[104,49,142],"tags":[],"class_list":["post-390913","post","type-post","status-publish","format-standard","has-post-thumbnail","hentry","category-evidenza_3","category-news-18","category-rassegna-stampa","category-104","category-49","category-142","description-off"],"img_url":"https:\/\/www.radiopiu.net\/wordpress\/wp-content\/uploads\/2024\/05\/copertina-6.png","_links":{"self":[{"href":"https:\/\/www.radiopiu.net\/wordpress\/wp-json\/wp\/v2\/posts\/390913","targetHints":{"allow":["GET"]}}],"collection":[{"href":"https:\/\/www.radiopiu.net\/wordpress\/wp-json\/wp\/v2\/posts"}],"about":[{"href":"https:\/\/www.radiopiu.net\/wordpress\/wp-json\/wp\/v2\/types\/post"}],"author":[{"embeddable":true,"href":"https:\/\/www.radiopiu.net\/wordpress\/wp-json\/wp\/v2\/users\/4"}],"replies":[{"embeddable":true,"href":"https:\/\/www.radiopiu.net\/wordpress\/wp-json\/wp\/v2\/comments?post=390913"}],"version-history":[{"count":0,"href":"https:\/\/www.radiopiu.net\/wordpress\/wp-json\/wp\/v2\/posts\/390913\/revisions"}],"wp:featuredmedia":[{"embeddable":true,"href":"https:\/\/www.radiopiu.net\/wordpress\/wp-json\/wp\/v2\/media\/390910"}],"wp:attachment":[{"href":"https:\/\/www.radiopiu.net\/wordpress\/wp-json\/wp\/v2\/media?parent=390913"}],"wp:term":[{"taxonomy":"category","embeddable":true,"href":"https:\/\/www.radiopiu.net\/wordpress\/wp-json\/wp\/v2\/categories?post=390913"},{"taxonomy":"post_tag","embeddable":true,"href":"https:\/\/www.radiopiu.net\/wordpress\/wp-json\/wp\/v2\/tags?post=390913"}],"curies":[{"name":"wp","href":"https:\/\/api.w.org\/{rel}","templated":true}]}}