{"id":391148,"date":"2024-05-21T07:55:49","date_gmt":"2024-05-21T05:55:49","guid":{"rendered":"https:\/\/www.radiopiu.net\/wordpress\/?p=391148"},"modified":"2024-05-21T07:57:40","modified_gmt":"2024-05-21T05:57:40","slug":"dal-1983-la-rassegna-della-stampa-locale-2","status":"publish","type":"post","link":"https:\/\/www.radiopiu.net\/wordpress\/dal-1983-la-rassegna-della-stampa-locale-2\/","title":{"rendered":"dal 1983, LA RASSEGNA DELLA STAMPA LOCALE."},"content":{"rendered":"<p>***<\/p>\n<p><iframe loading=\"lazy\" title=\"DAL 1983 LA RASSEGNA STAMPA LOCALE di mirko mezzacasa. L&#039;ORIGINALE\" width=\"1200\" height=\"675\" src=\"https:\/\/www.youtube.com\/embed\/TFMkXHz9IVQ?feature=oembed\" frameborder=\"0\" allow=\"accelerometer; autoplay; clipboard-write; encrypted-media; gyroscope; picture-in-picture; web-share\" referrerpolicy=\"strict-origin-when-cross-origin\" allowfullscreen><\/iframe><\/p>\n<p>Previsioni meteo: estensione e intensificazione delle precipitazioni con rovesci e temporali.<br \/>\nREDAZIONE Attese precipitazioni intense e rapide sui settori montani, pedemontani e collinari, con rischio di frane e colate rapide di grandi dimensioni. Possibili allagamenti in aree interrate e innalzamenti dei livelli dei corsi d\u2019acqua secondari.<br \/>\nBORCA DI CADORE Anche per l\u2019estate 2024, l\u2019ordinanza del Comune di Borca vieta transito e parcheggio all\u2019imbocco della Val Fiorentina. Questo provvedimento, emesso dopo la frana di ottobre 2023, rimane in vigore a causa della continua instabilit\u00e0 della zona tra Pelmo e Pelmetto.<br \/>\nCOLLE SANTA LUCIA \u2013 Un motociclista tedesco \u00e8 rimasto vittima di un grave incidente stradale mentre percorreva le tortuose strade del Passo Giau. L\u2019uomo, tedesco di nazionalit\u00e0, \u00e8 uscito di strada per cause ancora in corso di accertamento. L\u2019incidente \u00e8 avvenuto ieri alle 13:10. Sul posto sono intervenuti tempestivamente i volontari dell\u2019ambulanza della croce bianca di Colle ed i Vigili del fuoco Volontari di Colle Santa Lucia.<br \/>\nCORTINA Domenica sera poco prima delle 21 il Soccorso alpino di Cortina \u00e8 stato attivato per un infortunio sul ghiaione che scende dal Pomagagnon. Dopo aver scalato lo Spigolo Jori alla Punta Fiames, nel rientrare con due compagni di cordata, un alpinista era caduto e si era procurato la sospetta lussazione di una spalla.<br \/>\nBELLUNO Durante la seconda udienza del processo per la morte di Rizieri Ongaro, avvenuta l\u20198 marzo 2022 sulla pista Fertazza ad Alleghe, davanti al Giudice del Tribunale, \u00e8 stato chiamato dalla Procura Rhys Phillips, cittadino inglese di 31 anni, residente a Copenaghen, difeso dagli avvocati Ernesto Caracciolo e Aldo Bissi, indagato per omicidio, in seguito all\u2019investimento di Ongaro, che mor\u00ec per le lesioni e le fratture toraciche. Presente in aula anche la figlia di Rizieri Ongaro, costituitasi parte civile.<\/p>\n<p>CADORE Un uomo \u00e8 stato condannato a un anno e 4 mesi, pi\u00f9 5.000 euro di risarcimento e spese legali, per stalking, lesioni, furto e minacce all\u2019ex moglie. La vicenda, iniziata nel 2021, vede l\u2019uomo colpevole di aver perseguitato e aggredito la donna, costretta a rifugiarsi in una residenza protetta.<br \/>\nAGORDO All\u2019Ospedale Papa Luciani di Agordo \u00e8 stato presentato il nuovo primario di Anestesia, Raul Bucciarelli, e celebrato il primato dell\u2019ospedale per le donazioni di teste del femore nel Triveneto. Bucciarelli, laureato a Chieti e specializzato a Padova, ha una vasta esperienza in Anestesia e Rianimazione. Il reparto di Anestesia di Agordo, con 4 medici e 4 infermieri, gestisce circa 1630 interventi e 2000 prestazioni antalgiche annuali.<br \/>\nREDAZIONE La spedizione del Soccorso Alpino della Guardia di Finanza ha raggiunto una seconda cima inesplorata e innominata nella Cordillera Real delle Ande boliviane il 19 maggio, facendo sventolare il tricolore italiano. Questa vetta, alta 5.756 metri, \u00e8 stata chiamata \u201cCima 250\u201d in onore dei 250 anni del Corpo.<br \/>\nAGORDO Cambiamenti significativi per il servizio mensa degli stabilimenti bellunesi di Essilor Luxottica. Dopo 35 anni di collaborazione, la ditta Pison, specializzata nella ristorazione, ha annunciato il termine del suo contratto. Pison ha fornito pasti ai dipendenti delle sedi di Agordo, Cencenighe, Sedico Uno e Sedico Due, coprendo circa 7.000 dipendenti<br \/>\nRIVAMONTE \u00a0XVI Giornata Nazionale delle Miniere,\u00a0 si terr\u00e0 presso il Centro Minerario di Valle Imperina in data 25 e 26 maggio 2024 a partire dalle 17 (DIRETTE SUI CANALI SOCIAL DI RADIOPIU).\u00a0 Il rilancio del Centro Minerario di Valle Imperina \u00e8 stato fortemente voluto dal Gruppo Botol e alla dedizione\u00a0 di Fabrizio Vigilante<\/p>\n<p>SEDICO Aldo De Salvador, dipendente comunale e volontario, \u00e8 morto a 78 anni. Ha lavorato instancabilmente per il Comune e il volontariato, lasciando un grande vuoto nella comunit\u00e0. Le esequie saranno oggi alle 14:30 a Roe.<br \/>\nLIMANA Un novantenne \u00e8 stato investito a Limana e trasportato all\u2019ospedale San Martino di Belluno con traumi di media gravit\u00e0. L\u2019incidente \u00e8 avvenuto poco prima di mezzogiorno. L\u2019anziano, urtato da un veicolo in transito, \u00e8 caduto a terra riportando escoriazioni.<br \/>\nREDAZIONE Record di visualizzazioni per la Valle Di San Lucano. Due foto stanno spopolando sui social in questi giorni, realizzate da William Da Roit hanno avuto pi\u00f9 di 40.000 visualizzazioni . Condivisioni sui siti specializzati in tour in bici negli Stati Uniti e in Europa. Foto che fanno risplendere la Valle di San Lucano a Taibon Agordino anche in veste ciclistica, i percorsi sono tutti segnalati e realizzati con il progetto Concatour Agordino in collaborazione con l\u2019Ospitalit\u00e0 diffusa<br \/>\nCON I RAGAZZI DEL CFS E I VOLONTARI\u2026UN TERRITORIO PIU\u2019 PULITO<br \/>\nREDAZIONE Alla fine la meteo ha dato una mano e ieri un esercito di volontari hanno ripulito importanti angoli del territorio bellunese in una giornata ecologica di spessore e successo. Da Sedico a Cesana Beach, sulle sponde del lago di Santa Croce, Mezzano in Primiero, Arsi\u00e8 nel basso feltrino, Santa Giustina e Agordo.<br \/>\nBELLUNO E\u2019 uscito ieri su tutte le piattaforme il nuovo disco di Alvise Bortolini, che torna dopo \u201cCanzoni sole\u201d con un album intenso e commovente. Dieci tracce celebrano l\u2019amore e i legami eterni, con partecipazioni di Fabio Trentini, Gabriele Comeglio, Fabrizio Bosso e Gabriele \u201cLele\u201d Melotti. Alcune voci sono state registrate Garlasco a casa di Ron.<br \/>\nFELTRE La trentottesima edizione della Mostra dell\u2019Artigianato Citt\u00e0 di Feltre, dal 27 al 30 giugno, rafforza la collaborazione con il Parco Nazionale Dolomiti Bellunesi. Il Parco sosterr\u00e0 economicamente la mostra e parteciper\u00e0 attivamente con uno stand gestito dagli artigiani del circuito \u201cCarta Qualit\u00e0\u201d<\/p>\n<p>&nbsp;<\/p>\n<p>&nbsp;<\/p>\n<p>&nbsp;<\/p>\n<p>&nbsp;<\/p>\n<p>&nbsp;<\/p>\n<p>&nbsp;<\/p>\n","protected":false},"excerpt":{"rendered":"<p>*** Previsioni meteo: estensione e intensificazione delle precipitazioni con rovesci e temporali. REDAZIONE Attese precipitazioni intense e rapide sui settori montani, pedemontani e collinari, con rischio di frane e colate rapide di grandi dimensioni. Possibili allagamenti in aree interrate e innalzamenti dei livelli dei corsi d\u2019acqua secondari. BORCA DI CADORE Anche per l\u2019estate 2024, l\u2019ordinanza&hellip;<\/p>\n","protected":false},"author":4,"featured_media":391150,"comment_status":"closed","ping_status":"closed","sticky":false,"template":"","format":"standard","meta":{"_monsterinsights_skip_tracking":false,"_monsterinsights_sitenote_active":false,"_monsterinsights_sitenote_note":"","_monsterinsights_sitenote_category":0,"footnotes":""},"categories":[104,49,142],"tags":[],"class_list":["post-391148","post","type-post","status-publish","format-standard","has-post-thumbnail","hentry","category-evidenza_3","category-news-18","category-rassegna-stampa","category-104","category-49","category-142","description-off"],"img_url":"https:\/\/www.radiopiu.net\/wordpress\/wp-content\/uploads\/2024\/05\/COPE2.png","_links":{"self":[{"href":"https:\/\/www.radiopiu.net\/wordpress\/wp-json\/wp\/v2\/posts\/391148","targetHints":{"allow":["GET"]}}],"collection":[{"href":"https:\/\/www.radiopiu.net\/wordpress\/wp-json\/wp\/v2\/posts"}],"about":[{"href":"https:\/\/www.radiopiu.net\/wordpress\/wp-json\/wp\/v2\/types\/post"}],"author":[{"embeddable":true,"href":"https:\/\/www.radiopiu.net\/wordpress\/wp-json\/wp\/v2\/users\/4"}],"replies":[{"embeddable":true,"href":"https:\/\/www.radiopiu.net\/wordpress\/wp-json\/wp\/v2\/comments?post=391148"}],"version-history":[{"count":0,"href":"https:\/\/www.radiopiu.net\/wordpress\/wp-json\/wp\/v2\/posts\/391148\/revisions"}],"wp:featuredmedia":[{"embeddable":true,"href":"https:\/\/www.radiopiu.net\/wordpress\/wp-json\/wp\/v2\/media\/391150"}],"wp:attachment":[{"href":"https:\/\/www.radiopiu.net\/wordpress\/wp-json\/wp\/v2\/media?parent=391148"}],"wp:term":[{"taxonomy":"category","embeddable":true,"href":"https:\/\/www.radiopiu.net\/wordpress\/wp-json\/wp\/v2\/categories?post=391148"},{"taxonomy":"post_tag","embeddable":true,"href":"https:\/\/www.radiopiu.net\/wordpress\/wp-json\/wp\/v2\/tags?post=391148"}],"curies":[{"name":"wp","href":"https:\/\/api.w.org\/{rel}","templated":true}]}}