{"id":391200,"date":"2024-05-22T05:40:12","date_gmt":"2024-05-22T03:40:12","guid":{"rendered":"https:\/\/www.radiopiu.net\/wordpress\/?p=391200"},"modified":"2024-05-22T05:50:57","modified_gmt":"2024-05-22T03:50:57","slug":"aggiornamento-sulle-attivita-di-demolizione-sulla-statale-52-carnica","status":"publish","type":"post","link":"https:\/\/www.radiopiu.net\/wordpress\/aggiornamento-sulle-attivita-di-demolizione-sulla-statale-52-carnica\/","title":{"rendered":"Aggiornamento sulle attivit\u00e0 di demolizione sulla statale 52 Carnica"},"content":{"rendered":"<p>**<\/p>\n<div class=\"flex-1 overflow-hidden\">\n<div class=\"react-scroll-to-bottom--css-xslzq-79elbk h-full\">\n<div class=\"react-scroll-to-bottom--css-xslzq-1n7m0yu\">\n<div>\n<div class=\"flex flex-col text-sm pb-9\">\n<div class=\"w-full text-token-text-primary\" dir=\"auto\" data-testid=\"conversation-turn-51\" data-scroll-anchor=\"true\">\n<div class=\"py-2 juice:py-[18px] px-3 text-base md:px-4 m-auto md:px-5 lg:px-1 xl:px-5\">\n<div class=\"mx-auto flex flex-1 gap-3 text-base juice:gap-4 juice:md:gap-6 md:max-w-3xl lg:max-w-[40rem] xl:max-w-[48rem]\">\n<div class=\"group\/conversation-turn relative flex w-full min-w-0 flex-col agent-turn\">\n<div class=\"flex-col gap-1 md:gap-3\">\n<div class=\"flex flex-grow flex-col max-w-full\">\n<div class=\"min-h-[20px] text-message flex flex-col items-start whitespace-pre-wrap break-words [.text-message+&amp;]:mt-5 juice:w-full juice:items-end overflow-x-auto gap-2\" dir=\"auto\" data-message-author-role=\"assistant\" data-message-id=\"fac96d72-a901-4871-8cf6-6d84e68d36f1\">\n<div class=\"flex w-full flex-col gap-1 juice:empty:hidden juice:first:pt-[3px]\">\n<div class=\"markdown prose w-full break-words dark:prose-invert dark\">\n<p><img loading=\"lazy\" decoding=\"async\" class=\"alignleft\" src=\"https:\/\/www.radiopiu.net\/wordpress\/wp-content\/uploads\/2022\/07\/ANAS_la-strada-non-posacenere-1920x1080-1.jpg\" width=\"204\" height=\"115\" \/>Anas ha comunicato che le attivit\u00e0 di demolizione del versante sulla strada statale 52 Carnica, in localit\u00e0 Sega Digon, sono state posticipate ai giorni 28-31 maggio per consentire il\u00a0 passaggio della 19esima tappa del Giro d\u2019Italia. La famosa corsa ciclistica transiter\u00e0 il 24 maggio lungo le strade del comprensorio del Comelico. Per agevolare la circolazione durante il Giro d\u2019Italia, e su richiesta delle Prefetture interessate, Anas ha revocato le ordinanze di chiusura notturna sulla statale 52 \u2018Carnica\u2019 nel tratto compreso tra il Passo Mauria e il Passo Monte Croce Comelico. La strada rimarr\u00e0 quindi aperta per permettere il regolare svolgimento della tappa. L\u2019interdizione al traffico, prevista inizialmente per favorire le attivit\u00e0 di demolizione, \u00e8 stata posticipata e sar\u00e0 in vigore dal 28 al 31 maggio, nella fascia oraria 22:00-6:00, nel tratto tra il km 93,700 e il km 94,300. Durante questo periodo, Anas proceder\u00e0 con i lavori di demolizione del versante per garantire la sicurezza della viabilit\u00e0.<\/p>\n<\/div>\n<\/div>\n<p>____<\/p>\n<\/div>\n<\/div>\n<\/div>\n<\/div>\n<\/div>\n<\/div>\n<\/div>\n<\/div>\n<\/div>\n<\/div>\n<\/div>\n<\/div>\n<div class=\"w-full md:pt-0 dark:border-white\/20 md:border-transparent md:dark:border-transparent md:w-[calc(100%-.5rem)] juice:w-full\">\n<div class=\"px-3 text-base md:px-4 m-auto md:px-5 lg:px-1 xl:px-5\">\n<div class=\"mx-auto flex flex-1 gap-3 text-base juice:gap-4 juice:md:gap-6 md:max-w-3xl lg:max-w-[40rem] xl:max-w-[48rem]\">\n<form class=\"w-full\">\n<div class=\"relative flex h-full max-w-full flex-1 flex-col\">\n<div class=\"absolute bottom-full left-0 right-0\"><\/div>\n<div class=\"flex w-full items-center\">\n<div class=\"flex w-full flex-col gap-1.5 rounded-[26px] p-1.5 transition-colors bg-[#f4f4f4] dark:bg-token-main-surface-secondary\">\n<div class=\"flex items-end gap-1.5 md:gap-3.5\">\n<div class=\"\" aria-haspopup=\"dialog\" aria-expanded=\"false\" aria-controls=\"radix-:ra:\" data-state=\"closed\">\n<div class=\"flex\"><\/div>\n<\/div>\n<\/div>\n<\/div>\n<\/div>\n<\/div>\n<\/form>\n<\/div>\n<\/div>\n<\/div>\n","protected":false},"excerpt":{"rendered":"<p>** Anas ha comunicato che le attivit\u00e0 di demolizione del versante sulla strada statale 52 Carnica, in localit\u00e0 Sega Digon, sono state posticipate ai giorni 28-31 maggio per consentire il\u00a0 passaggio della 19esima tappa del Giro d\u2019Italia. La famosa corsa ciclistica transiter\u00e0 il 24 maggio lungo le strade del comprensorio del Comelico. Per agevolare la&hellip;<\/p>\n","protected":false},"author":4,"featured_media":286105,"comment_status":"closed","ping_status":"closed","sticky":false,"template":"","format":"standard","meta":{"_monsterinsights_skip_tracking":false,"_monsterinsights_sitenote_active":false,"_monsterinsights_sitenote_note":"","_monsterinsights_sitenote_category":0,"footnotes":""},"categories":[104,49],"tags":[],"class_list":["post-391200","post","type-post","status-publish","format-standard","has-post-thumbnail","hentry","category-evidenza_3","category-news-18","category-104","category-49","description-off"],"img_url":"https:\/\/www.radiopiu.net\/wordpress\/wp-content\/uploads\/2022\/07\/ANAS_la-strada-non-posacenere-1920x1080-1.jpg","_links":{"self":[{"href":"https:\/\/www.radiopiu.net\/wordpress\/wp-json\/wp\/v2\/posts\/391200","targetHints":{"allow":["GET"]}}],"collection":[{"href":"https:\/\/www.radiopiu.net\/wordpress\/wp-json\/wp\/v2\/posts"}],"about":[{"href":"https:\/\/www.radiopiu.net\/wordpress\/wp-json\/wp\/v2\/types\/post"}],"author":[{"embeddable":true,"href":"https:\/\/www.radiopiu.net\/wordpress\/wp-json\/wp\/v2\/users\/4"}],"replies":[{"embeddable":true,"href":"https:\/\/www.radiopiu.net\/wordpress\/wp-json\/wp\/v2\/comments?post=391200"}],"version-history":[{"count":0,"href":"https:\/\/www.radiopiu.net\/wordpress\/wp-json\/wp\/v2\/posts\/391200\/revisions"}],"wp:featuredmedia":[{"embeddable":true,"href":"https:\/\/www.radiopiu.net\/wordpress\/wp-json\/wp\/v2\/media\/286105"}],"wp:attachment":[{"href":"https:\/\/www.radiopiu.net\/wordpress\/wp-json\/wp\/v2\/media?parent=391200"}],"wp:term":[{"taxonomy":"category","embeddable":true,"href":"https:\/\/www.radiopiu.net\/wordpress\/wp-json\/wp\/v2\/categories?post=391200"},{"taxonomy":"post_tag","embeddable":true,"href":"https:\/\/www.radiopiu.net\/wordpress\/wp-json\/wp\/v2\/tags?post=391200"}],"curies":[{"name":"wp","href":"https:\/\/api.w.org\/{rel}","templated":true}]}}