{"id":391220,"date":"2024-05-23T05:30:41","date_gmt":"2024-05-23T03:30:41","guid":{"rendered":"https:\/\/www.radiopiu.net\/wordpress\/?p=391220"},"modified":"2024-05-23T08:48:26","modified_gmt":"2024-05-23T06:48:26","slug":"giornale-radiopiu-23-maggio-2024-direttore-mirko-mezzacasada-40-anni-25-giugno-1983-25-giugno-2023","status":"publish","type":"post","link":"https:\/\/www.radiopiu.net\/wordpress\/giornale-radiopiu-23-maggio-2024-direttore-mirko-mezzacasada-40-anni-25-giugno-1983-25-giugno-2023\/","title":{"rendered":"GIORNALE RADIOPIU 23 MAGGIO 2024 DIRETTORE MIRKO MEZZACASA\u2026DA 40 ANNI 25 GIUGNO 1983-25 GIUGNO 2023"},"content":{"rendered":"<p>*****<\/p>\n\n\t\t\t<style type='text\/css'>\n\t\t\t\t#gallery-1 {\n\t\t\t\t\tmargin: auto;\n\t\t\t\t}\n\t\t\t\t#gallery-1 .gallery-item {\n\t\t\t\t\tfloat: left;\n\t\t\t\t\tmargin-top: 10px;\n\t\t\t\t\ttext-align: center;\n\t\t\t\t\twidth: 100%;\n\t\t\t\t}\n\t\t\t\t#gallery-1 img {\n\t\t\t\t\tborder: 2px solid #cfcfcf;\n\t\t\t\t}\n\t\t\t\t#gallery-1 .gallery-caption {\n\t\t\t\t\tmargin-left: 0;\n\t\t\t\t}\n\t\t\t\t\/* see gallery_shortcode() in wp-includes\/media.php *\/\n\t\t\t<\/style>\n\t\t<div id='gallery-1' class='dt-gallery-container gallery galleryid-391220 gallery-columns-1 gallery-size-medium'><dl class='gallery-item'>\n\t\t\t\t<dt class='gallery-icon portrait'>\n\t\t\t\t\t<a class=\"rollover rollover-zoom dt-pswp-item\" title=\"6d2d8c45-7fb7-430c-bf5a-98151e06bf96\" data-dt-img-description=\"\" data-large_image_width=\"1131\" data-large_image_height=\"1600\"href='https:\/\/www.radiopiu.net\/wordpress\/wp-content\/uploads\/2024\/05\/6d2d8c45-7fb7-430c-bf5a-98151e06bf96-1.jpg'><img loading=\"lazy\" decoding=\"async\" width=\"212\" height=\"300\" src=\"https:\/\/www.radiopiu.net\/wordpress\/wp-content\/uploads\/2024\/05\/6d2d8c45-7fb7-430c-bf5a-98151e06bf96-1-212x300.jpg\" class=\"attachment-medium size-medium\" alt=\"\" srcset=\"https:\/\/www.radiopiu.net\/wordpress\/wp-content\/uploads\/2024\/05\/6d2d8c45-7fb7-430c-bf5a-98151e06bf96-1-212x300.jpg 212w, https:\/\/www.radiopiu.net\/wordpress\/wp-content\/uploads\/2024\/05\/6d2d8c45-7fb7-430c-bf5a-98151e06bf96-1-724x1024.jpg 724w, https:\/\/www.radiopiu.net\/wordpress\/wp-content\/uploads\/2024\/05\/6d2d8c45-7fb7-430c-bf5a-98151e06bf96-1-768x1086.jpg 768w, https:\/\/www.radiopiu.net\/wordpress\/wp-content\/uploads\/2024\/05\/6d2d8c45-7fb7-430c-bf5a-98151e06bf96-1-1086x1536.jpg 1086w, https:\/\/www.radiopiu.net\/wordpress\/wp-content\/uploads\/2024\/05\/6d2d8c45-7fb7-430c-bf5a-98151e06bf96-1.jpg 1131w\" sizes=\"auto, (max-width: 212px) 100vw, 212px\" \/><\/a>\n\t\t\t\t<\/dt><\/dl><br style=\"clear: both\" \/>\n\t\t\t<\/div>\n\n<p>&nbsp;<\/p>\n<h3><a href=\"https:\/\/www.radiopiu.net\/wordpress\/giornale-radiopiu-24-gennaio-2021-direttore-mirko-mezzacasa\/141433770_171616291414874_2957460898102012198_n\/\" rel=\"attachment wp-att-186566\"><img loading=\"lazy\" decoding=\"async\" class=\"wp-image-186566 alignleft\" src=\"https:\/\/www.radiopiu.net\/wordpress\/wp-content\/uploads\/2021\/01\/141433770_171616291414874_2957460898102012198_n-300x300.jpg\" alt=\"\" width=\"144\" height=\"144\" srcset=\"https:\/\/www.radiopiu.net\/wordpress\/wp-content\/uploads\/2021\/01\/141433770_171616291414874_2957460898102012198_n-300x300.jpg 300w, https:\/\/www.radiopiu.net\/wordpress\/wp-content\/uploads\/2021\/01\/141433770_171616291414874_2957460898102012198_n-150x150.jpg 150w, https:\/\/www.radiopiu.net\/wordpress\/wp-content\/uploads\/2021\/01\/141433770_171616291414874_2957460898102012198_n-768x768.jpg 768w, https:\/\/www.radiopiu.net\/wordpress\/wp-content\/uploads\/2021\/01\/141433770_171616291414874_2957460898102012198_n.jpg 800w\" sizes=\"auto, (max-width: 144px) 100vw, 144px\" \/><\/a>PER<strong> RICEVERE QUESTO NOTIZIARIO DIRETTAMENTE SUL TUO CELLULARE ISCRIVITI AL CANALE TELEGRAM <\/strong><strong>\u201cRADIO PIU\u00a0 INFORMAZIONE&#8221;\u00a0<\/strong><\/h3>\n<h3>\u00a0il CANALE TELEGRAM&#8230; UNISCITI A: RADIO PIU INFORMAZIONE<\/h3>\n<p>&nbsp;<\/p>\n<p>&nbsp;<\/p>\n<p><em><a href=\"https:\/\/www.radiopiu.net\/wordpress\/giornale-radiopiu-24-gennaio-2021-direttore-mirko-mezzacasa\/79216601_126817312416448_708980208774483089_n\/\" rel=\"attachment wp-att-186567\"><img loading=\"lazy\" decoding=\"async\" class=\"size-medium wp-image-186567 alignright\" src=\"https:\/\/www.radiopiu.net\/wordpress\/wp-content\/uploads\/2021\/01\/79216601_126817312416448_708980208774483089_n-300x114.jpg\" alt=\"\" width=\"300\" height=\"114\" srcset=\"https:\/\/www.radiopiu.net\/wordpress\/wp-content\/uploads\/2021\/01\/79216601_126817312416448_708980208774483089_n-300x114.jpg 300w, https:\/\/www.radiopiu.net\/wordpress\/wp-content\/uploads\/2021\/01\/79216601_126817312416448_708980208774483089_n-768x292.jpg 768w, https:\/\/www.radiopiu.net\/wordpress\/wp-content\/uploads\/2021\/01\/79216601_126817312416448_708980208774483089_n.jpg 820w\" sizes=\"auto, (max-width: 300px) 100vw, 300px\" \/><\/a><span style=\"color: #ff0000;\">ATTENZIONE: LA NUOVA APP PER IOS-IPHONE di Nicola Vettorello <\/span><\/em><a href=\"https:\/\/apps.apple.com\/it\/app\/radio-pi%C3%B9-emittente-agordina\/id1515939845\">https:\/\/apps.apple.com\/it\/app\/radio-pi%C3%B9-emittente-agordina\/id1515939845<\/a><\/p>\n<p><em style=\"color: #ff0000;\">ATTENZIONE: LA NUOVA APP RADIO\u00a0 PER ANDROID di Nicola Vettorello<\/em><\/p>\n<p><a href=\"https:\/\/play.google.com\/store\/apps\/details?id=net.radiopiu.iniko\" target=\"_blank\" rel=\"noopener noreferrer\">https:\/\/play.google.com\/store\/apps\/details?id=net.radiopiu.iniko\u00a0\u00a0<\/a><\/p>\n<h3 class=\"kvgmc6g5 cxmmr5t8 oygrvhab hcukyx3x c1et5uql\"><\/h3>\n<p>&nbsp;<\/p>\n<div data-block=\"true\" data-editor=\"avj4u\" data-offset-key=\"d3i0j-0-0\">\n<p>&nbsp;<\/p>\n<hr \/>\n<p>&nbsp;<\/p>\n<\/div>\n<p><span style=\"color: #ff0000;\"><strong>OGGI ALLA RADIO<\/strong><\/span>: <strong>ALLE 6.45<\/strong> PIROLE DE LENGA, CON IL MUSLA DI BEATRICE E NICOLA\u00a0 <strong>ALLE 7.20<\/strong> EL BAL DEL FIOR, DETTI E TRADIZIONI DI GIULIANA DA RONCH; <strong>ALLE 8.20<\/strong> PIU&#8217; SIAMO CON MARINA DONA&#8217; <strong>9.00<\/strong> IL COUNTRY LA MUSICA DI ALEX NASCINBEN <strong>10.10<\/strong>\u00a0 CIAK SI GIRA IL GOSSIP CON PAOLA LANCIATO <strong>10.30<\/strong>\u00a0 \u00a0IN VESPA AD ALLEGHE CON ANNA LEVIS E GIADA DA TOS <strong>11.10 <\/strong>\u00a0MEGLIO RADIO CHE MAI, DANIELA RINALDI <strong>12.00<\/strong> LISCIO NON TI LASCIO CON MIRCO BENCIVENNI <strong>12.30<\/strong> GIORNALE RADIO PRINCIPALE <strong>13.00<\/strong>\u00a0 LOREDANA BORGHETTO DAL SALONE DEL LIBRO DI TORINO DI LUISA ALCHINI\u00a0 \u00a0<strong>14.00 COLLAGE OPERAZIONE NOSTALGIA LORIS SCUSSEL<\/strong>\u00a0\u00a0<strong>15.00<\/strong>\u00a0 TIME FOR ME, DI MARINA DONA&#8217;\u00a0 <strong>16.00<\/strong> IL ROCK DI MARCO COSTANTINI <strong>16.45<\/strong> LE HIT DI MIRCO BENCIVENNI\u00a0 <strong>19.00<\/strong> LE ANTICIPAZIONI DAL TG DI ANTENNA 3, CON TIZIANA BOLOGNANI.<\/p>\n<p>&nbsp;<\/p>\n<blockquote><p><strong>rassegna stampa nazionale, ogni giorno alle 5 e alle 6 del mattino<\/strong><br \/>\n<em>giornali locali 7 rassegna stampa flash, 8 rassegna stampa, gr flash alle 10 e alle 11, principale 12.30. Informazione pomerggio alle 15 (speciale) 16, 17, 18. Giornale radio nazionale: ogni ora dalle 5 del mattino, alle 20 della sera.\u00a0<\/em><\/p><\/blockquote>\n<div class=\"x11i5rnm xat24cr x1mh8g0r x1vvkbs xtlvy1s x126k92a\">\n<div dir=\"auto\">\n<p>&nbsp;<\/p>\n<p>&nbsp;<\/p>\n<hr \/>\n<p>&nbsp;<\/p>\n<p>&nbsp;<\/p>\n<div class=\"x11i5rnm xat24cr x1mh8g0r x1vvkbs xtlvy1s x126k92a\">\n<div dir=\"auto\">\n<p><strong><a class=\"dt-pswp-item\" href=\"https:\/\/www.radiopiu.net\/wordpress\/wp-content\/uploads\/2024\/02\/2d44e751-d8a8-461b-8e22-d8e4e853b032.jpg\" data-dt-img-description=\"\" data-large_image_width=\"1600\" data-large_image_height=\"1200\"><img loading=\"lazy\" decoding=\"async\" class=\"wp-image-373307 alignleft\" src=\"https:\/\/www.radiopiu.net\/wordpress\/wp-content\/uploads\/2024\/02\/2d44e751-d8a8-461b-8e22-d8e4e853b032-300x225.jpg\" alt=\"\" width=\"105\" height=\"79\" srcset=\"https:\/\/www.radiopiu.net\/wordpress\/wp-content\/uploads\/2024\/02\/2d44e751-d8a8-461b-8e22-d8e4e853b032-300x225.jpg 300w, https:\/\/www.radiopiu.net\/wordpress\/wp-content\/uploads\/2024\/02\/2d44e751-d8a8-461b-8e22-d8e4e853b032-1024x768.jpg 1024w, https:\/\/www.radiopiu.net\/wordpress\/wp-content\/uploads\/2024\/02\/2d44e751-d8a8-461b-8e22-d8e4e853b032-768x576.jpg 768w, https:\/\/www.radiopiu.net\/wordpress\/wp-content\/uploads\/2024\/02\/2d44e751-d8a8-461b-8e22-d8e4e853b032-1536x1152.jpg 1536w, https:\/\/www.radiopiu.net\/wordpress\/wp-content\/uploads\/2024\/02\/2d44e751-d8a8-461b-8e22-d8e4e853b032.jpg 1600w\" sizes=\"auto, (max-width: 105px) 100vw, 105px\" \/><\/a>EL BAL DEL FIOR, DI GIULIANA DA RONCH, 23 MAGGIO 2024<\/strong><\/p>\n<\/div>\n<\/div>\n<\/div>\n<div dir=\"auto\">\n<audio class=\"wp-audio-shortcode\" id=\"audio-391220-1\" preload=\"none\" style=\"width: 100%;\" controls=\"controls\"><source type=\"audio\/mpeg\" src=\"https:\/\/www.radiopiu.net\/wordpress\/wp-content\/uploads\/2024\/05\/GGI-1.m4a?_=1\" \/><a href=\"https:\/\/www.radiopiu.net\/wordpress\/wp-content\/uploads\/2024\/05\/GGI-1.m4a\">https:\/\/www.radiopiu.net\/wordpress\/wp-content\/uploads\/2024\/05\/GGI-1.m4a<\/a><\/audio>\n<p>&nbsp;<\/p>\n<hr \/>\n<\/div>\n<\/div>\n<blockquote>\n<blockquote>\n<h1><span style=\"color: #ff0000;\">\u00a0<\/span><\/h1>\n<h1><span style=\"color: #ff0000;\">I podcast informativi del mattino &#8211; audio &#8211;\u00a0\u00a0<\/span><\/h1>\n<\/blockquote>\n<p><strong><a class=\"dt-pswp-item\" href=\"https:\/\/www.radiopiu.net\/wordpress\/wp-content\/uploads\/2023\/11\/th-10.jpg\" data-dt-img-description=\"\" data-large_image_width=\"320\" data-large_image_height=\"180\"><img loading=\"lazy\" decoding=\"async\" class=\"wp-image-362866 alignleft\" src=\"https:\/\/www.radiopiu.net\/wordpress\/wp-content\/uploads\/2023\/11\/th-10-300x169.jpg\" alt=\"\" width=\"185\" height=\"104\" srcset=\"https:\/\/www.radiopiu.net\/wordpress\/wp-content\/uploads\/2023\/11\/th-10-300x169.jpg 300w, https:\/\/www.radiopiu.net\/wordpress\/wp-content\/uploads\/2023\/11\/th-10.jpg 320w\" sizes=\"auto, (max-width: 185px) 100vw, 185px\" \/><\/a>LA RASSEGNA STAMPA NAZIONALE ALLA RADIO, OGNI GIORNO ALLE 5 E ALLE 6 DEL MATTINO <span style=\"color: #0000ff;\">viene pubblicata alle 6.00 <span style=\"color: #ff0000;\">DIRETTA RADIO\u00a0 \u00a0\u00a0<\/span><\/span><\/strong><\/p><\/blockquote>\n<h2><\/h2>\n<p><span style=\"color: #ff0000;\"><strong>DI VALENTINA RICCI<\/strong><\/span><\/p>\n<p><strong>Redditometro,<\/strong> Meloni:\u00a0 \u00a0&#8220;non vogliamo vessare le persone comuni&#8217;\u00a0 <strong>Asia<\/strong> La Cina avvia manovre militare intorno a Taiwan, che in risposta dispiega le sue forze\u00a0 <strong>Europa<\/strong> Ucraina, Nyt: la Casa Bianca valuta l&#8217;uso di armi Usa in Russia da parte di Kiev\u00a0 <strong>Trento<\/strong> Chico Forti incontra la mamma dopo 16 anni: &#8216;Sono qui per te&#8217;\u00a0 <strong>Tennis Sinner<\/strong> sar\u00e0 al Roland Garros, l&#8217;allenamento \u00e8 andato bene<\/p>\n<h2>AUDIO dalle 6 del mattino<\/h2>\n<audio class=\"wp-audio-shortcode\" id=\"audio-391220-2\" preload=\"none\" style=\"width: 100%;\" controls=\"controls\"><source type=\"audio\/mpeg\" src=\"https:\/\/www.radiopiu.net\/wordpress\/wp-content\/uploads\/2024\/05\/GIORNALEDELLESEI-22.mp3?_=2\" \/><a href=\"https:\/\/www.radiopiu.net\/wordpress\/wp-content\/uploads\/2024\/05\/GIORNALEDELLESEI-22.mp3\">https:\/\/www.radiopiu.net\/wordpress\/wp-content\/uploads\/2024\/05\/GIORNALEDELLESEI-22.mp3<\/a><\/audio>\n<p>&nbsp;<\/p>\n<p>&nbsp;<\/p>\n<p>&nbsp;<\/p>\n<hr \/>\n<p>&nbsp;<\/p>\n<h1 style=\"text-align: center;\"><span style=\"color: #ff0000;\">I podcast informativi del mattino &#8211; audio &#8211;\u00a0<\/span><\/h1>\n<p><strong><a class=\"dt-pswp-item\" href=\"https:\/\/www.radiopiu.net\/wordpress\/wp-content\/uploads\/2023\/12\/images.png\" data-dt-img-description=\"\" data-large_image_width=\"316\" data-large_image_height=\"160\"><img loading=\"lazy\" decoding=\"async\" class=\"wp-image-367008 alignleft\" src=\"https:\/\/www.radiopiu.net\/wordpress\/wp-content\/uploads\/2023\/12\/images-300x152.png\" alt=\"\" width=\"235\" height=\"119\" srcset=\"https:\/\/www.radiopiu.net\/wordpress\/wp-content\/uploads\/2023\/12\/images-300x152.png 300w, https:\/\/www.radiopiu.net\/wordpress\/wp-content\/uploads\/2023\/12\/images.png 316w\" sizes=\"auto, (max-width: 235px) 100vw, 235px\" \/><\/a>OGNI GIORNO ALLE SETTE DEL MATTINO, LA RASSEGNA STAMPA LOCALE FLASH&#8230; PER CHI VA IN FRETTA. I TITOLI DAI GIORNALI E DAL SITO WWW.RADIOPIU.NET <span style=\"color: #0000ff;\">viene pubblicato alle 7.00<\/span> <span style=\"color: #ff0000;\">DIRETTA RADIO\u00a0<\/span><\/strong><\/p>\n<p><em><span style=\"color: #ff0000;\">per chi va in fretta&#8230; tante notizie in pochi minuti. L&#8217;informazione locale alla radio, ogni ora dalle 7 del mattino alle 19 della sera.\u00a0 \u00a0 \u00a0 \u00a0<\/span><\/em><\/p>\n<p><strong>Gestione Servizi Pubblici<\/strong> informa che, per lavori alla rete idrica comunale, OGGI dalle 8:00 a FINE LAVORI, verr\u00e0 sospesa l\u2019erogazione dell\u2019acqua ad AGORDO, nelle localit\u00e0 PRAGRANDE, COL DI FOGLIA e PONTE ALTO.<br \/>\n<strong>TROVATO SENZA VITA IN VAL NOGARE\u2019 L\u2019ESCURSIONISTA TEDESCO<\/strong><br \/>\n<strong>SEDICO<\/strong> Verso mezzanotte e mezza di ieri, il Soccorso Alpino di Belluno \u00e8 stato attivato dai Vigili del fuoco su richiesta della moglie di un escursionista tedesco di 57 anni, che era preoccupata perch\u00e9 la traccia GPS del marito era ferma nello stesso punto da ore. L\u2019uomo, che percorreva al contrario la Monaco-Venezia, era partito da un B&amp;B a Bolago verso un ostello in Valle Imperina, dove non \u00e8 mai arrivato<br \/>\n<strong>L\u2019ORSO FA VISITA A FAE\u2019 DI LONGARONE<\/strong><br \/>\n<strong>LONGARONE\u00a0<\/strong> un orso ha lasciato segni della sua presenza a Fa\u00e8 (Longarone), dove ha predato quattro arnie nella notte tra il 21 e il 22 maggio. La Polizia Provinciale, che sta analizzando le predazioni, ritiene che si tratti di un giovane esemplare, probabilmente lo stesso che si muove nella Val di Zoldo da una settimana<br \/>\n<strong>TORNANO LE NAVETTE PER GLI OPERAI A GIORNATA DELLO STABILIMENTO ESSILORLUXOTTICA DI AGORDO<\/strong><br \/>\n<strong>AGORDO<\/strong> Nell\u2019ambito del percorso mobilit\u00e0 sostenibile Welfare di EssilorLuxottica, a partire da luned\u00ec 27 maggio, sar\u00e0 riattivato, in via sperimentale per sei mesi, il servizio navetta che collega lo stabilimento alle fermate e ai parcheggi di Agordo.<br \/>\n<strong>BELLUNO<\/strong> Il Tribunale di Belluno ha annullato il processo contro un imputato accusato di violenza sessuale, maltrattamenti e lesioni personali. La difesa, rappresentata dall\u2019avvocato Giuseppe Fantauzzi, ha sollevato un\u2019eccezione riguardo alla presenza di un giudice onorario nel collegio giudicante. Il nuovo processo inizier\u00e0 a novembre.<\/p>\n<h2>AUDIO dalle 7 del mattino<\/h2>\n<audio class=\"wp-audio-shortcode\" id=\"audio-391220-3\" preload=\"none\" style=\"width: 100%;\" controls=\"controls\"><source type=\"audio\/mpeg\" src=\"https:\/\/www.radiopiu.net\/wordpress\/wp-content\/uploads\/2024\/05\/GF07-19.mp3?_=3\" \/><a href=\"https:\/\/www.radiopiu.net\/wordpress\/wp-content\/uploads\/2024\/05\/GF07-19.mp3\">https:\/\/www.radiopiu.net\/wordpress\/wp-content\/uploads\/2024\/05\/GF07-19.mp3<\/a><\/audio>\n<p>&nbsp;<\/p>\n<p>&nbsp;<\/p>\n<hr \/>\n<p>&nbsp;<\/p>\n<h1><\/h1>\n<h1 style=\"text-align: center;\"><span style=\"color: #ff0000;\"><a class=\"dt-pswp-item\" href=\"https:\/\/www.radiopiu.net\/wordpress\/wp-content\/uploads\/2022\/01\/026c3f9d-dae9-4040-a3c1-a6530231bcc3.jpg\" data-dt-img-description=\"\" data-large_image_width=\"1152\" data-large_image_height=\"2048\"><img loading=\"lazy\" decoding=\"async\" class=\"wp-image-251839 alignleft\" src=\"https:\/\/www.radiopiu.net\/wordpress\/wp-content\/uploads\/2022\/01\/026c3f9d-dae9-4040-a3c1-a6530231bcc3-169x300.jpg\" alt=\"\" width=\"100\" height=\"177\" srcset=\"https:\/\/www.radiopiu.net\/wordpress\/wp-content\/uploads\/2022\/01\/026c3f9d-dae9-4040-a3c1-a6530231bcc3-169x300.jpg 169w, https:\/\/www.radiopiu.net\/wordpress\/wp-content\/uploads\/2022\/01\/026c3f9d-dae9-4040-a3c1-a6530231bcc3-576x1024.jpg 576w, https:\/\/www.radiopiu.net\/wordpress\/wp-content\/uploads\/2022\/01\/026c3f9d-dae9-4040-a3c1-a6530231bcc3-768x1365.jpg 768w, https:\/\/www.radiopiu.net\/wordpress\/wp-content\/uploads\/2022\/01\/026c3f9d-dae9-4040-a3c1-a6530231bcc3-864x1536.jpg 864w, https:\/\/www.radiopiu.net\/wordpress\/wp-content\/uploads\/2022\/01\/026c3f9d-dae9-4040-a3c1-a6530231bcc3.jpg 1152w\" sizes=\"auto, (max-width: 100px) 100vw, 100px\" \/><\/a>I podcast informativi del mattino &#8211; audio &#8211;\u00a0<\/span><\/h1>\n<blockquote><p><strong>GIORNALE RADIO NAZIONALE, EDIZIONE DELLE SETTE <span style=\"color: #0000ff;\">viene pubblicato alle 7.05 <span style=\"color: #ff0000;\">DIRETTA RADIO\u00a0<\/span><\/span><\/strong><\/p><\/blockquote>\n<p><strong>il giornale radionazionale e&#8217; in onda ogni ora, dalle sette del mattino alle venti della sera\u00a0\u00a0<\/strong><\/p>\n<p><strong>Guerra in Medio Oriente<\/strong>Video shock sul rapimento di cinque soldatesse israeliane<strong>Verso le Europee<\/strong>Lega e Forza Italia ai ferri corti sulle alleanze<strong>Le indagini<\/strong>Influencer grave in ospedale, il marito indagato per tentato omicidio\u00a0 <strong>Regno Unito<\/strong> Sunak rompe gli indugi, elezioni anticipate per il 4 luglio\u00a0 <strong>Torna il maltempo<\/strong> a nord Grandine e disagi nel Torinese, pioggia a Milano: \u00e8 allerta gialla\u00a0 <strong>Annuncio della Rai<\/strong> Sar\u00e0 Carlo Conti il direttore artistico di Sanremo per i prossimi due anni\u00a0 <strong>Sciame sismico Musumeci<\/strong>: &#8216;Aiuti a chi lascer\u00e0 i Campi Flegrei, chi viveva l\u00ec conosceva i rischi&#8217;<\/p>\n<h2>AUDIO dalle sette del mattino, ogni ora alla radio<\/h2>\n<audio class=\"wp-audio-shortcode\" id=\"audio-391220-4\" preload=\"none\" style=\"width: 100%;\" controls=\"controls\"><source type=\"audio\/mpeg\" src=\"https:\/\/www.radiopiu.net\/wordpress\/wp-content\/uploads\/2024\/05\/giornale07-17.mp3?_=4\" \/><a href=\"https:\/\/www.radiopiu.net\/wordpress\/wp-content\/uploads\/2024\/05\/giornale07-17.mp3\">https:\/\/www.radiopiu.net\/wordpress\/wp-content\/uploads\/2024\/05\/giornale07-17.mp3<\/a><\/audio>\n<p>&nbsp;<\/p>\n<p>&nbsp;<\/p>\n<hr \/>\n<p>&nbsp;<\/p>\n<p>&nbsp;<\/p>\n<h1><span style=\"color: #ff0000;\">I podcast informativi del mattino &#8211; video &#8211;\u00a0<\/span><\/h1>\n<h2><strong><a class=\"dt-pswp-item\" href=\"https:\/\/www.radiopiu.net\/wordpress\/wp-content\/uploads\/2023\/12\/th-10.jpg\" data-dt-img-description=\"\" data-large_image_width=\"245\" data-large_image_height=\"180\"><img loading=\"lazy\" decoding=\"async\" class=\" wp-image-367395 alignleft\" src=\"https:\/\/www.radiopiu.net\/wordpress\/wp-content\/uploads\/2023\/12\/th-10.jpg\" alt=\"\" width=\"166\" height=\"122\" \/><\/a>RASSEGNA STAMPA LOCALE, ORE OTTO 05<\/strong><\/h2>\n<h2><strong> <span style=\"color: #0000ff;\">viene\u00a0 <\/span><\/strong><strong><span style=\"color: #0000ff;\">pubblicata alle 8.05 <span style=\"color: #ff0000;\">DIRETTA RADIO\u00a0\u00a0<\/span><\/span><\/strong><\/h2>\n<p><strong>DI MIRKO MEZZACASA\u00a0 \u00a0<\/strong><\/p>\n<p><strong><a class=\"dt-pswp-item\" href=\"https:\/\/www.radiopiu.net\/wordpress\/wp-content\/uploads\/2024\/05\/Senza-nome-45.png\" data-dt-img-description=\"\" data-large_image_width=\"642\" data-large_image_height=\"305\"><img loading=\"lazy\" decoding=\"async\" class=\"size-medium wp-image-391448 alignleft\" src=\"https:\/\/www.radiopiu.net\/wordpress\/wp-content\/uploads\/2024\/05\/Senza-nome-45-300x143.png\" alt=\"\" width=\"300\" height=\"143\" srcset=\"https:\/\/www.radiopiu.net\/wordpress\/wp-content\/uploads\/2024\/05\/Senza-nome-45-300x143.png 300w, https:\/\/www.radiopiu.net\/wordpress\/wp-content\/uploads\/2024\/05\/Senza-nome-45.png 642w\" sizes=\"auto, (max-width: 300px) 100vw, 300px\" \/><\/a>Buono Postale Ritrovato dopo 60 Anni: Possibile Rimborso<\/strong><br \/>\n<strong>SAN NICOLO\u2019<\/strong> Silvestro De Bolfo ha ritrovato un buono postale da 10 mila lire del 1962, intestatogli dalla madre, mentre svuotava la casa di famiglia a Campitello. Sebbene le Poste lo considerino prescritto, l\u2019associazione GiustItalia sostiene che De Bolfo potrebbe ottenere un rimborso di circa 210 mila euro. De Bolfo, ora pensionato, ha deciso di intraprendere questa strada per onorare il dono materno.<br \/>\n<strong>MEZZO SECOLO DI VITA PER I SUPERMERCATI DEL GRUPPO WALBER<\/strong><br \/>\n<strong>BELLUNO<\/strong> 50 anni di lavoro, di passione, di impegno e di dedizione al territorio. Walber SPA quest\u2019anno raggiunge l\u2019invidiabile traguardo del mezzo secolo di attivit\u00e0. L\u2019azienda ha alle spalle una storia ancora pi\u00f9 lunga, ma quest\u2019anno festeggia i 50 anni dalla nascita del primo negozio \u201cComprameglio\u201d a Ponte nelle Alpi nel 1974. Una data che sancisce il legame del Gruppo con il territorio Bellunese e che da allora si intreccia alle vita e alle storie dei tantissimi clienti che ogni giorno varcano le porte dei suoi negozi.<br \/>\nInaugurazione delle Panchine Rosse alla Scuola Gino Rocca<br \/>\n<strong>FELTRE<\/strong> L\u2019aula magna della scuola Gino Rocca ha ospitato l\u2019inaugurazione delle panchine rosse, simbolo della lotta contro la violenza sulle donne. Gli studenti, guidati dagli insegnanti, hanno dipinto le panchine e creato cartelloni artistici evocativi.<\/p>\n<h2><span style=\"color: #ff0000;\"><strong>VIDEO\u00a0 \u00a0in diretta dalle 8 del mattino\u00a0<\/strong><\/span><\/h2>\n<blockquote class=\"wp-embedded-content\" data-secret=\"r6H2HrH0D3\"><p><a href=\"https:\/\/www.radiopiu.net\/wordpress\/dal-1983-loriginale-la-rassegna-stampa-locale-di-mirko-mezzacasa-10\/\">DAL 1983, L&#8217;ORIGINALE! la rassegna stampa locale di mirko mezzacasa<\/a><\/p><\/blockquote>\n<p><iframe loading=\"lazy\" class=\"wp-embedded-content\" sandbox=\"allow-scripts\" security=\"restricted\" style=\"position: absolute; clip: rect(1px, 1px, 1px, 1px);\" title=\"&#8220;DAL 1983, L&#8217;ORIGINALE! la rassegna stampa locale di mirko mezzacasa&#8221; &#8212; Radio Pi\u00f9\" src=\"https:\/\/www.radiopiu.net\/wordpress\/dal-1983-loriginale-la-rassegna-stampa-locale-di-mirko-mezzacasa-10\/embed\/#?secret=fH67imytCL#?secret=r6H2HrH0D3\" data-secret=\"r6H2HrH0D3\" width=\"600\" height=\"338\" frameborder=\"0\" marginwidth=\"0\" marginheight=\"0\" scrolling=\"no\"><\/iframe><\/p>\n<hr \/>\n<p>&nbsp;<\/p>\n<blockquote>\n<h3>INTERRUZIONI PROGRAMMATE BIM GSP<\/h3>\n<\/blockquote>\n<p>Gestione Servizi Pubblici informa che, per lavori alla rete idrica comunale, OGGI dalle 8:00 a FINE LAVORI, verr\u00e0 sospesa l\u2019erogazione dell\u2019acqua ad AGORDO, nelle localit\u00e0 PRAGRANDE, COL DI FOGLIA e PONTE ALTO.<\/p>\n<p>&nbsp;<\/p>\n<hr \/>\n<p>&nbsp;<\/p>\n<blockquote>\n<h3>TROVATO SENZA VITA IN VAL NOGARE&#8217; L&#8217;ESCURSIONISTA TEDESCO<\/h3>\n<\/blockquote>\n<p><strong><a class=\"dt-pswp-item\" href=\"https:\/\/www.radiopiu.net\/wordpress\/wp-content\/uploads\/2024\/05\/Watermark_20240522_112128_949.jpg\" data-dt-img-description=\"\" data-large_image_width=\"1773\" data-large_image_height=\"2364\"><img loading=\"lazy\" decoding=\"async\" class=\" wp-image-391372 alignleft\" src=\"https:\/\/www.radiopiu.net\/wordpress\/wp-content\/uploads\/2024\/05\/Watermark_20240522_112128_949-225x300.jpg\" alt=\"\" width=\"143\" height=\"191\" srcset=\"https:\/\/www.radiopiu.net\/wordpress\/wp-content\/uploads\/2024\/05\/Watermark_20240522_112128_949-225x300.jpg 225w, https:\/\/www.radiopiu.net\/wordpress\/wp-content\/uploads\/2024\/05\/Watermark_20240522_112128_949-768x1024.jpg 768w, https:\/\/www.radiopiu.net\/wordpress\/wp-content\/uploads\/2024\/05\/Watermark_20240522_112128_949-1152x1536.jpg 1152w, https:\/\/www.radiopiu.net\/wordpress\/wp-content\/uploads\/2024\/05\/Watermark_20240522_112128_949-1536x2048.jpg 1536w, https:\/\/www.radiopiu.net\/wordpress\/wp-content\/uploads\/2024\/05\/Watermark_20240522_112128_949.jpg 1773w\" sizes=\"auto, (max-width: 143px) 100vw, 143px\" \/><\/a>REDAZIONE<\/strong> Verso mezzanotte e mezza di ieri, il Soccorso Alpino di Belluno \u00e8 stato attivato dai Vigili del fuoco su richiesta della moglie di un escursionista tedesco di 57 anni, che era preoccupata perch\u00e9 la traccia GPS del marito era ferma nello stesso punto da ore. L&#8217;uomo, che percorreva al contrario la Monaco-Venezia, era partito da un B&amp;B a Bolago verso un ostello in Valle Imperina, dove non \u00e8 mai arrivato. La traccia GPS si era interrotta nella Val Fogar\u00e8. Una squadra mista di 7 soccorritori e 3 Vigili del fuoco ha perlustato la valle, trovando una felpa e dei soldi nell&#8217;acqua intorno alle 3. Alle 6 le ricerche si sono intensificate e il corpo senza vita dell&#8217;uomo \u00e8 stato trovato in una vasca, probabilmente caduto da circa 50 metri. Si ipotizza che, trovandosi di fronte un torrente ingrossato, abbia tentato di attraversarlo pi\u00f9 a monte, scivolando. La salma \u00e8 stata recuperata e trasportata con un elicottero in localit\u00e0 Salet, dove \u00e8 stata consegnata al carro funebre. L&#8217;intervento si \u00e8 concluso alle 10.30.<\/p>\n<p>&nbsp;<\/p>\n<p>&nbsp;<\/p>\n<blockquote>\n<h2>UNA DONNA SU UN ISOLOTTO DEL TORRENTE MAE\u2019 PORTATA IN SALVO CON L\u2019ELICOTTERO<\/h2>\n<\/blockquote>\n<p>Alle 10:15 a Longarone\u00a0 segnalata una donna su un isolotto del torrente Ma\u00e8 incapace a guadagnare la riva. L\u2019equipaggio l\u2019ha recuperata e portata al sicuro. La donna \u00e8 stata presa in cura dal personale sanitario del Suem e portata in ospedale.<\/p>\n\n\t\t\t<style type='text\/css'>\n\t\t\t\t#gallery-2 {\n\t\t\t\t\tmargin: auto;\n\t\t\t\t}\n\t\t\t\t#gallery-2 .gallery-item {\n\t\t\t\t\tfloat: left;\n\t\t\t\t\tmargin-top: 10px;\n\t\t\t\t\ttext-align: center;\n\t\t\t\t\twidth: 33%;\n\t\t\t\t}\n\t\t\t\t#gallery-2 img {\n\t\t\t\t\tborder: 2px solid #cfcfcf;\n\t\t\t\t}\n\t\t\t\t#gallery-2 .gallery-caption {\n\t\t\t\t\tmargin-left: 0;\n\t\t\t\t}\n\t\t\t\t\/* see gallery_shortcode() in wp-includes\/media.php *\/\n\t\t\t<\/style>\n\t\t<div id='gallery-2' class='dt-gallery-container gallery galleryid-391220 gallery-columns-3 gallery-size-thumbnail'><dl class='gallery-item'>\n\t\t\t\t<dt class='gallery-icon landscape'>\n\t\t\t\t\t<a class=\"rollover rollover-zoom dt-pswp-item\" title=\"c0dc7371-c9d5-4f75-9920-b9f37935bfe7\" data-dt-img-description=\"\" data-large_image_width=\"960\" data-large_image_height=\"674\"href='https:\/\/www.radiopiu.net\/wordpress\/wp-content\/uploads\/2024\/05\/c0dc7371-c9d5-4f75-9920-b9f37935bfe7-1.jpg'><img loading=\"lazy\" decoding=\"async\" width=\"150\" height=\"150\" src=\"https:\/\/www.radiopiu.net\/wordpress\/wp-content\/uploads\/2024\/05\/c0dc7371-c9d5-4f75-9920-b9f37935bfe7-1-150x150.jpg\" class=\"attachment-thumbnail size-thumbnail\" alt=\"\" \/><\/a>\n\t\t\t\t<\/dt><\/dl><dl class='gallery-item'>\n\t\t\t\t<dt class='gallery-icon landscape'>\n\t\t\t\t\t<a class=\"rollover rollover-zoom dt-pswp-item\" title=\"29fb02a6-c131-4b01-98e9-ffc3d3083848\" data-dt-img-description=\"\" data-large_image_width=\"960\" data-large_image_height=\"686\"href='https:\/\/www.radiopiu.net\/wordpress\/wp-content\/uploads\/2024\/05\/29fb02a6-c131-4b01-98e9-ffc3d3083848-1.jpg'><img loading=\"lazy\" decoding=\"async\" width=\"150\" height=\"150\" src=\"https:\/\/www.radiopiu.net\/wordpress\/wp-content\/uploads\/2024\/05\/29fb02a6-c131-4b01-98e9-ffc3d3083848-1-150x150.jpg\" class=\"attachment-thumbnail size-thumbnail\" alt=\"\" \/><\/a>\n\t\t\t\t<\/dt><\/dl><dl class='gallery-item'>\n\t\t\t\t<dt class='gallery-icon landscape'>\n\t\t\t\t\t<a class=\"rollover rollover-zoom dt-pswp-item\" title=\"70b77a6e-899d-4cb1-ba6c-f7c1a9ff3e3e\" data-dt-img-description=\"\" data-large_image_width=\"798\" data-large_image_height=\"548\"href='https:\/\/www.radiopiu.net\/wordpress\/wp-content\/uploads\/2024\/05\/70b77a6e-899d-4cb1-ba6c-f7c1a9ff3e3e-1.jpg'><img loading=\"lazy\" decoding=\"async\" width=\"150\" height=\"150\" src=\"https:\/\/www.radiopiu.net\/wordpress\/wp-content\/uploads\/2024\/05\/70b77a6e-899d-4cb1-ba6c-f7c1a9ff3e3e-1-150x150.jpg\" class=\"attachment-thumbnail size-thumbnail\" alt=\"\" \/><\/a>\n\t\t\t\t<\/dt><\/dl><br style=\"clear: both\" \/>\n\t\t\t<\/div>\n\n<p>&nbsp;<\/p>\n<p>&nbsp;<\/p>\n<hr \/>\n<p>&nbsp;<\/p>\n<blockquote>\n<h3>L&#8217;ORSO FA VISITA A FAE&#8217; DI LONGARONE<\/h3>\n<\/blockquote>\n<p><strong><a class=\"dt-pswp-item\" href=\"https:\/\/www.radiopiu.net\/wordpress\/wp-content\/uploads\/2024\/05\/orso-Fae-danni-3.jpg\" data-dt-img-description=\"\" data-large_image_width=\"1600\" data-large_image_height=\"1200\"><img loading=\"lazy\" decoding=\"async\" class=\" wp-image-391377 alignleft\" src=\"https:\/\/www.radiopiu.net\/wordpress\/wp-content\/uploads\/2024\/05\/orso-Fae-danni-3-300x225.jpg\" alt=\"\" width=\"153\" height=\"115\" srcset=\"https:\/\/www.radiopiu.net\/wordpress\/wp-content\/uploads\/2024\/05\/orso-Fae-danni-3-300x225.jpg 300w, https:\/\/www.radiopiu.net\/wordpress\/wp-content\/uploads\/2024\/05\/orso-Fae-danni-3-1024x768.jpg 1024w, https:\/\/www.radiopiu.net\/wordpress\/wp-content\/uploads\/2024\/05\/orso-Fae-danni-3-768x576.jpg 768w, https:\/\/www.radiopiu.net\/wordpress\/wp-content\/uploads\/2024\/05\/orso-Fae-danni-3-1536x1152.jpg 1536w, https:\/\/www.radiopiu.net\/wordpress\/wp-content\/uploads\/2024\/05\/orso-Fae-danni-3.jpg 1600w\" sizes=\"auto, (max-width: 153px) 100vw, 153px\" \/><\/a>BELLUNO<\/strong> un orso ha lasciato segni della sua presenza a Fa\u00e8 (Longarone), dove ha predato quattro arnie nella notte tra il 21 e il 22 maggio. La Polizia Provinciale, che sta analizzando le predazioni, ritiene che si tratti di un giovane esemplare, probabilmente lo stesso che si muove nella Val di Zoldo da una settimana. L&#8217;orso sembra aver preso l&#8217;abitudine di visitare gli apiari per cibarsi delle larve, fogli di cera, api e del poco miele presente in questo periodo. Gli agenti continueranno a monitorare la situazione con fototrappole e invitano gli apicoltori a controllare quotidianamente le arnie per prevenire ulteriori danni.<\/p>\n<p>&nbsp;<\/p>\n<hr \/>\n<p>&nbsp;<\/p>\n<p>&nbsp;<\/p>\n<p><strong><a class=\"dt-pswp-item\" href=\"https:\/\/www.radiopiu.net\/wordpress\/wp-content\/uploads\/2023\/12\/ANTENNA.png\" data-dt-img-description=\"\" data-large_image_width=\"300\" data-large_image_height=\"166\"><img loading=\"lazy\" decoding=\"async\" class=\" wp-image-366306 alignleft\" src=\"https:\/\/www.radiopiu.net\/wordpress\/wp-content\/uploads\/2023\/12\/ANTENNA.png\" alt=\"\" width=\"175\" height=\"97\" \/><\/a>IERI SERA, DAL TG DI ANTENNA 3, DI TIZIANA BOLOGNANI (ogni sera alle 19 le anticipazioni alla radio, quello che poi seguirete nel TELEGIORNALE BELLUNESE\u00a0 in onda alle 19.30 sul CANALE 10 del digitale terrestre.\u00a0\u00a0<\/strong><\/p>\n<p>&nbsp;<\/p>\n<p><span style=\"color: #ff0000;\"><strong>\u00a0IERI SERA ALLA RADIO&#8230; LE ANTICIPAZIONI DI TIZIANA BOLOGNANI<\/strong><\/span><br \/>\n<span style=\"color: #ff0000;\"><strong>AUDIO<\/strong><\/span><\/p>\n<audio class=\"wp-audio-shortcode\" id=\"audio-391220-5\" preload=\"none\" style=\"width: 100%;\" controls=\"controls\"><source type=\"audio\/wav\" src=\"https:\/\/www.radiopiu.net\/wordpress\/wp-content\/uploads\/2024\/05\/TIZIANA.wav?_=5\" \/><a href=\"https:\/\/www.radiopiu.net\/wordpress\/wp-content\/uploads\/2024\/05\/TIZIANA.wav\">https:\/\/www.radiopiu.net\/wordpress\/wp-content\/uploads\/2024\/05\/TIZIANA.wav<\/a><\/audio>\n<blockquote>\n<h2 class=\"_title post-title entry-title\"><\/h2>\n<h2 class=\"_title post-title entry-title\">OLIMPIADI, L\u2019INCHIESTA NON BLOCCA OPERE. LORENZI IN UN VIDEO ILLUSTRA PISTA DA BOB<\/h2>\n<\/blockquote>\n<p>Intervistati GIANLUCA LORENZI (SINDACO DI CORTINA D\u2019AMPEZZO) (Servizio di\u00a0<a href=\"https:\/\/antennatre.medianordest.it\/redazione\/Tiziana-Bolognani\/\">Tiziana Bolognani<\/a>)<\/p>\n<p><iframe loading=\"lazy\" title=\"OLIMPIADI, L&#039;INCHIESTA NON BLOCCA OPERE. LORENZI IN UN VIDEO ILLUSTRA PISTA DA BOB  | 22\/05\/2024\" width=\"1200\" height=\"675\" src=\"https:\/\/www.youtube.com\/embed\/hjnkxTvfLpg?feature=oembed\" frameborder=\"0\" allow=\"accelerometer; autoplay; clipboard-write; encrypted-media; gyroscope; picture-in-picture; web-share\" referrerpolicy=\"strict-origin-when-cross-origin\" allowfullscreen><\/iframe><\/p>\n<p>&nbsp;<\/p>\n<hr \/>\n<p>&nbsp;<\/p>\n<blockquote>\n<h3>TORNANO LE NAVETTE PER GLI OPERAI A GIORNATA DELLO STABILIMENTO ESSILORLUXOTTICA DI AGORDO<\/h3>\n<\/blockquote>\n<p><strong><a class=\"dt-pswp-item\" href=\"https:\/\/www.radiopiu.net\/wordpress\/wp-content\/uploads\/2024\/04\/LUXOTTICA-1.jpeg\" data-dt-img-description=\"\" data-large_image_width=\"1600\" data-large_image_height=\"1200\"><img loading=\"lazy\" decoding=\"async\" class=\" wp-image-387867 alignleft\" src=\"https:\/\/www.radiopiu.net\/wordpress\/wp-content\/uploads\/2024\/04\/LUXOTTICA-1-300x225.jpeg\" alt=\"\" width=\"152\" height=\"114\" srcset=\"https:\/\/www.radiopiu.net\/wordpress\/wp-content\/uploads\/2024\/04\/LUXOTTICA-1-300x225.jpeg 300w, https:\/\/www.radiopiu.net\/wordpress\/wp-content\/uploads\/2024\/04\/LUXOTTICA-1-1024x768.jpeg 1024w, https:\/\/www.radiopiu.net\/wordpress\/wp-content\/uploads\/2024\/04\/LUXOTTICA-1-768x576.jpeg 768w, https:\/\/www.radiopiu.net\/wordpress\/wp-content\/uploads\/2024\/04\/LUXOTTICA-1-1536x1152.jpeg 1536w, https:\/\/www.radiopiu.net\/wordpress\/wp-content\/uploads\/2024\/04\/LUXOTTICA-1.jpeg 1600w\" sizes=\"auto, (max-width: 152px) 100vw, 152px\" \/><\/a>AGORDO<\/strong> Nell&#8217;ambito del percorso mobilit\u00e0 sostenibile Welfare di EssilorLuxottica, a partire da luned\u00ec 27 maggio, sar\u00e0 riattivato, in via sperimentale per sei mesi, il servizio navetta che collega lo stabilimento alle fermate e ai parcheggi di Agordo. Un servizio essenziale per le maestranze che lavorano a giornata che potranno quindi lasciare l&#8217;auto nei vari parcheggi di Agordo per poi raggiungere con il bus gratuito lo stabilimento di Valcozzena. Un modo anche per non intasare fin dal mattino gli stalli adiacenti al posto di lavoro evitando cos\u00ec di prendere multe per i parcheggi selvaggi. Il servizio sar\u00e0 attivo dalle 7:25 alle 9 e dalle 17:07 alle 18:37.<\/p>\n\n\t\t\t<style type='text\/css'>\n\t\t\t\t#gallery-3 {\n\t\t\t\t\tmargin: auto;\n\t\t\t\t}\n\t\t\t\t#gallery-3 .gallery-item {\n\t\t\t\t\tfloat: left;\n\t\t\t\t\tmargin-top: 10px;\n\t\t\t\t\ttext-align: center;\n\t\t\t\t\twidth: 50%;\n\t\t\t\t}\n\t\t\t\t#gallery-3 img {\n\t\t\t\t\tborder: 2px solid #cfcfcf;\n\t\t\t\t}\n\t\t\t\t#gallery-3 .gallery-caption {\n\t\t\t\t\tmargin-left: 0;\n\t\t\t\t}\n\t\t\t\t\/* see gallery_shortcode() in wp-includes\/media.php *\/\n\t\t\t<\/style>\n\t\t<div id='gallery-3' class='dt-gallery-container gallery galleryid-391220 gallery-columns-2 gallery-size-medium'><dl class='gallery-item'>\n\t\t\t\t<dt class='gallery-icon portrait'>\n\t\t\t\t\t<a class=\"rollover rollover-zoom dt-pswp-item\" title=\"fermate\" data-dt-img-description=\"\" data-large_image_width=\"514\" data-large_image_height=\"569\"href='https:\/\/www.radiopiu.net\/wordpress\/wp-content\/uploads\/2024\/05\/fermate.png'><img loading=\"lazy\" decoding=\"async\" width=\"271\" height=\"300\" src=\"https:\/\/www.radiopiu.net\/wordpress\/wp-content\/uploads\/2024\/05\/fermate-271x300.png\" class=\"attachment-medium size-medium\" alt=\"\" srcset=\"https:\/\/www.radiopiu.net\/wordpress\/wp-content\/uploads\/2024\/05\/fermate-271x300.png 271w, https:\/\/www.radiopiu.net\/wordpress\/wp-content\/uploads\/2024\/05\/fermate.png 514w\" sizes=\"auto, (max-width: 271px) 100vw, 271px\" \/><\/a>\n\t\t\t\t<\/dt><\/dl><dl class='gallery-item'>\n\t\t\t\t<dt class='gallery-icon portrait'>\n\t\t\t\t\t<a class=\"rollover rollover-zoom dt-pswp-item\" title=\"unnamed\" data-dt-img-description=\"\" data-large_image_width=\"1014\" data-large_image_height=\"1242\"href='https:\/\/www.radiopiu.net\/wordpress\/wp-content\/uploads\/2024\/05\/unnamed.png'><img loading=\"lazy\" decoding=\"async\" width=\"245\" height=\"300\" src=\"https:\/\/www.radiopiu.net\/wordpress\/wp-content\/uploads\/2024\/05\/unnamed-245x300.png\" class=\"attachment-medium size-medium\" alt=\"\" srcset=\"https:\/\/www.radiopiu.net\/wordpress\/wp-content\/uploads\/2024\/05\/unnamed-245x300.png 245w, https:\/\/www.radiopiu.net\/wordpress\/wp-content\/uploads\/2024\/05\/unnamed-836x1024.png 836w, https:\/\/www.radiopiu.net\/wordpress\/wp-content\/uploads\/2024\/05\/unnamed-768x941.png 768w, https:\/\/www.radiopiu.net\/wordpress\/wp-content\/uploads\/2024\/05\/unnamed.png 1014w\" sizes=\"auto, (max-width: 245px) 100vw, 245px\" \/><\/a>\n\t\t\t\t<\/dt><\/dl><br style=\"clear: both\" \/>\n\t\t\t<\/div>\n\n<p>&nbsp;<\/p>\n<p>&nbsp;<\/p>\n<hr \/>\n<p>&nbsp;<\/p>\n<blockquote>\n<h3>OGGI LA GIUDIZIARIA, dal Corriere delle Alpi<\/h3>\n<\/blockquote>\n<h3>Processo da Rifare per Composizione Irregolare del Collegio Giudicante<\/h3>\n<p><strong>BELLUNO<\/strong> Il Tribunale di Belluno ha annullato il processo contro un imputato accusato di violenza sessuale, maltrattamenti e lesioni personali. La difesa, rappresentata dall&#8217;avvocato Giuseppe Fantauzzi, ha sollevato un&#8217;eccezione riguardo alla presenza di un giudice onorario nel collegio giudicante. Il nuovo processo inizier\u00e0 a novembre.<\/p>\n<p>&nbsp;<\/p>\n<p>&nbsp;<\/p>\n<hr \/>\n<p>&nbsp;<\/p>\n<blockquote>\n<h2>Buono Postale Ritrovato dopo 60 Anni: Possibile Rimborso<\/h2>\n<\/blockquote>\n<p><strong>SAN NICOLO&#8217;<\/strong> Silvestro De Bolfo ha ritrovato un buono postale da 10 mila lire del 1962, intestatogli dalla madre, mentre svuotava la casa di famiglia a Campitello. Sebbene le Poste lo considerino prescritto, l&#8217;associazione GiustItalia sostiene che De Bolfo potrebbe ottenere un rimborso di circa 210 mila euro. De Bolfo, ora pensionato, ha deciso di intraprendere questa strada per onorare il dono materno.<\/p>\n<p><img decoding=\"async\" class=\"aligncenter\" src=\"https:\/\/www.radiopiu.net\/wordpress\/wp-content\/uploads\/2024\/05\/Senza-nome-44.png\" \/><\/p>\n<p>&nbsp;<\/p>\n<p>&nbsp;<\/p>\n<p>&nbsp;<\/p>\n<p>&nbsp;<\/p>\n<hr \/>\n<p>&nbsp;<\/p>\n<blockquote>\n<h3>MEZZO SECOLO DI VITA PER I SUPERMERCATI DEL GRUPPO WALBER<\/h3>\n<\/blockquote>\n<p><strong>BELLUNO <\/strong>50 anni di lavoro, di passione, di impegno e di dedizione al territorio. Walber SPA quest\u2019anno raggiunge l\u2019invidiabile traguardo del mezzo secolo di attivit\u00e0.\u00a0 L\u2019azienda ha alle spalle una storia ancora pi\u00f9 lunga, ma quest\u2019anno festeggia i 50 anni dalla nascita del primo negozio \u201cComprameglio\u201d a Ponte nelle Alpi nel 1974. Una data che sancisce il legame del Gruppo con il territorio Bellunese e che da allora si intreccia alle vita e alle storie dei tantissimi clienti che ogni giorno varcano le porte dei suoi negozi. Dopo quell\u2019anno seguono infatti numerose aperture, tanti nuovi punti vendita che portano l\u2019azienda a farsi conoscere in tutto il bellunese, prima con l\u2019insegna Comprameglio, poi negli anni 90 con l\u2019apertura dei negozi CM. Nascono cos\u00ec i CM di Agordo, Auronzo di Cadore, Tai di Cadore, poi Belluno e infine Lozzo di Cadore. Negli anni 2000 l\u2019evoluzione dei mercati porta il Gruppo Walber verso un profondo cambiamento, fatto di ristrutturazioni ed acquisizioni, col fine di continuare ad offrire negozi sempre all\u2019avanguardia e in linea con le esigenze dei suoi clienti. Il primo grande passo viene fatto con la totale ristrutturazione del supermercato di Agordo nel 2009. E\u2019 in questo frangente che vengono introdotti i nuovi brand Super W e Junior W, che da questo momento andranno a contraddistinguere tutti i punti vendita del Gruppo Walber. L\u2019evoluzione prosegue su questa strada negli anni a seguire: la spinta al rinnovamento, alla crescita e all\u2019introduzione in tutti i negozi di nuovi servizi porta allo sviluppo del portale di spesa online \u201cWonline\u201d, alla nascita dell\u2019e-commerce \u201cBottega Bellunese\u201d, un brand tutto dedicato alle eccellenze del territorio e infine ad inaugurare una terza insegna, il WStore. La crescita non mette mai in secondo piano i capisaldi che sempre caratterizzano\u00a0 il Gruppo: la passione per il lavoro, l\u2019impegno ad offrire prodotti di eccellenza e la qualit\u00e0 del servizio in ogni negozio. Oggi, 50 anni dopo l\u2019inaugurazione del primo negozio, il Gruppo Walber si conferma leader del mercato bellunese con circa 3.500.000 clienti annuali e 15 punti vendita distribuiti in tutto il territorio della provincia di Belluno. Per celebrare questo traguardo l\u2019azienda ha affidato all\u2019agenzia di comunicazione Evidenzia il compito di studiare e realizzare un video che celebrasse non solo l\u2019azienda, ma che fosse anche un ringraziamento a tutti i collaboratori e ai clienti che da quel 1974 intrecciano le propria vita con quella dei negozi, perch\u00e8 \u201cLe vostre storie sono la nostra, da 50 anni\u201d.<\/p>\n<p><iframe loading=\"lazy\" title=\"Super W 50 ANNI\" width=\"1200\" height=\"675\" src=\"https:\/\/www.youtube.com\/embed\/nIudtIUHItY?feature=oembed\" frameborder=\"0\" allow=\"accelerometer; autoplay; clipboard-write; encrypted-media; gyroscope; picture-in-picture; web-share\" referrerpolicy=\"strict-origin-when-cross-origin\" allowfullscreen><\/iframe><\/p>\n<p>&nbsp;<\/p>\n<hr \/>\n<p>&nbsp;<\/p>\n<p>&nbsp;<\/p>\n<blockquote>\n<h2>Inaugurazione delle Panchine Rosse alla Scuola Gino Rocca<\/h2>\n<\/blockquote>\n<p><a class=\"dt-pswp-item\" href=\"https:\/\/www.radiopiu.net\/wordpress\/wp-content\/uploads\/2024\/05\/PHOTO-2024-05-22-11-50-08-7.jpg\" data-dt-img-description=\"\" data-large_image_width=\"1600\" data-large_image_height=\"1200\"><img loading=\"lazy\" decoding=\"async\" class=\" wp-image-391407 alignleft\" src=\"https:\/\/www.radiopiu.net\/wordpress\/wp-content\/uploads\/2024\/05\/PHOTO-2024-05-22-11-50-08-7-300x225.jpg\" alt=\"\" width=\"267\" height=\"200\" srcset=\"https:\/\/www.radiopiu.net\/wordpress\/wp-content\/uploads\/2024\/05\/PHOTO-2024-05-22-11-50-08-7-300x225.jpg 300w, https:\/\/www.radiopiu.net\/wordpress\/wp-content\/uploads\/2024\/05\/PHOTO-2024-05-22-11-50-08-7-1024x768.jpg 1024w, https:\/\/www.radiopiu.net\/wordpress\/wp-content\/uploads\/2024\/05\/PHOTO-2024-05-22-11-50-08-7-768x576.jpg 768w, https:\/\/www.radiopiu.net\/wordpress\/wp-content\/uploads\/2024\/05\/PHOTO-2024-05-22-11-50-08-7-1536x1152.jpg 1536w, https:\/\/www.radiopiu.net\/wordpress\/wp-content\/uploads\/2024\/05\/PHOTO-2024-05-22-11-50-08-7.jpg 1600w\" sizes=\"auto, (max-width: 267px) 100vw, 267px\" \/><\/a><strong>FELTRE<\/strong> L\u2019aula magna della scuola Gino Rocca ha ospitato l\u2019inaugurazione delle panchine rosse, <a class=\"dt-pswp-item\" href=\"https:\/\/www.radiopiu.net\/wordpress\/wp-content\/uploads\/2024\/05\/PHOTO-2024-05-22-11-50-08-2.jpg\" data-dt-img-description=\"\" data-large_image_width=\"1200\" data-large_image_height=\"1600\"><img loading=\"lazy\" decoding=\"async\" class=\"size-medium wp-image-391409 alignright\" src=\"https:\/\/www.radiopiu.net\/wordpress\/wp-content\/uploads\/2024\/05\/PHOTO-2024-05-22-11-50-08-2-225x300.jpg\" alt=\"\" width=\"225\" height=\"300\" srcset=\"https:\/\/www.radiopiu.net\/wordpress\/wp-content\/uploads\/2024\/05\/PHOTO-2024-05-22-11-50-08-2-225x300.jpg 225w, https:\/\/www.radiopiu.net\/wordpress\/wp-content\/uploads\/2024\/05\/PHOTO-2024-05-22-11-50-08-2-768x1024.jpg 768w, https:\/\/www.radiopiu.net\/wordpress\/wp-content\/uploads\/2024\/05\/PHOTO-2024-05-22-11-50-08-2-1152x1536.jpg 1152w, https:\/\/www.radiopiu.net\/wordpress\/wp-content\/uploads\/2024\/05\/PHOTO-2024-05-22-11-50-08-2.jpg 1200w\" sizes=\"auto, (max-width: 225px) 100vw, 225px\" \/><\/a>simbolo della lotta contro la violenza sulle donne. Gli studenti, guidati dagli insegnanti, hanno dipinto le panchine e creato cartelloni artistici evocativi. La sindaca di Feltre, Viviana Fusaro, ex dirigente della scuola, e Flavia Monego, consigliera provinciale di parit\u00e0, hanno partecipato all\u2019evento. Dopo la presentazione della professoressa Vanda De Boni, il Dirigente Mauro de Lazzer ha espresso soddisfazione per l&#8217;impegno degli alunni e degli insegnanti nel promuovere la sensibilizzazione sulla violenza di genere. Le autorit\u00e0 cittadine hanno sottolineato l\u2019importanza dell\u2019educazione giovanile su questi temi. Gli studenti delle terze medie hanno letto elaborati sul rispetto e l\u2019uguaglianza, mentre il gruppo musicale della scuola ha eseguito brani classici. La professoressa De Boni ha infine ricordato ai ragazzi l\u2019importanza di custodire gelosamente i simboli delle panchine rosse, che portano incise le frasi: &#8220;L\u2019amore non chiude in gabbia, ma lascia liberi di volare&#8221; e &#8220;L\u2019amore non alza le mani ma ti prende per mano&#8221;.<\/p>\n<p>&nbsp;<\/p>\n<hr \/>\n<p>&nbsp;<\/p>\n<blockquote>\n<h2>&#8220;Tipi Strani&#8221;: Nuovo Libro di Francesca Mussoi<\/h2>\n<\/blockquote>\n<h3>BELLUNO &#8220;Tipi Strani&#8221; \u00e8 l&#8217;ultima opera di Francesca Mussoi, composta da due racconti che divertono i bambini e fanno riflettere gli adulti sugli stereotipi. Il libro, illustrato da Sara Masoch e Alessia Da Roit, sar\u00e0 presentato il 24 maggio a Belluno.<\/h3>\n<p>DI\u00a0 DANIELE DAL VIT<\/p>\n<audio class=\"wp-audio-shortcode\" id=\"audio-391220-6\" preload=\"none\" style=\"width: 100%;\" controls=\"controls\"><source type=\"audio\/mpeg\" src=\"https:\/\/www.radiopiu.net\/wordpress\/wp-content\/uploads\/2024\/05\/Radio-Piu-\u2013-Libro-Mussoi-contro-stereotipi.mp3?_=6\" \/><a href=\"https:\/\/www.radiopiu.net\/wordpress\/wp-content\/uploads\/2024\/05\/Radio-Piu-\u2013-Libro-Mussoi-contro-stereotipi.mp3\">https:\/\/www.radiopiu.net\/wordpress\/wp-content\/uploads\/2024\/05\/Radio-Piu-\u2013-Libro-Mussoi-contro-stereotipi.mp3<\/a><\/audio>\n<p><img decoding=\"async\" class=\"aligncenter\" src=\"https:\/\/www.radiopiu.net\/wordpress\/wp-content\/uploads\/2024\/05\/4bd56d21-ffad-4f2d-bd45-8b82b33ac463-300x300.jpg\" \/><\/p>\n<p>&nbsp;<\/p>\n<div class=\"mt-1 flex gap-3 empty:hidden juice:-ml-3\">\n<div class=\"items-center justify-start rounded-xl p-1 flex\">\n<div class=\"flex items-center\">\n<hr \/>\n<div class=\"flex\"><\/div>\n<div class=\"flex\"><\/div>\n<blockquote>\n<h3>DAL SALONE DEL LIBRO DI TORINO L&#8217;INTERVISTA A LOREDANA BORGHETTO<\/h3>\n<\/blockquote>\n<div>\n<p><strong>DI LUISA ALCHINI<\/strong><\/p>\n<p>Con Loredana Borghetto<\/p>\n<audio class=\"wp-audio-shortcode\" id=\"audio-391220-7\" preload=\"none\" style=\"width: 100%;\" controls=\"controls\"><source type=\"audio\/mpeg\" src=\"https:\/\/www.radiopiu.net\/wordpress\/wp-content\/uploads\/2024\/05\/INTERVISTA-a-loredana-borghetto-salone-del-libro-torino.mp3?_=7\" \/><a href=\"https:\/\/www.radiopiu.net\/wordpress\/wp-content\/uploads\/2024\/05\/INTERVISTA-a-loredana-borghetto-salone-del-libro-torino.mp3\">https:\/\/www.radiopiu.net\/wordpress\/wp-content\/uploads\/2024\/05\/INTERVISTA-a-loredana-borghetto-salone-del-libro-torino.mp3<\/a><\/audio>\n<p>&nbsp;<\/p>\n\n\t\t\t<style type='text\/css'>\n\t\t\t\t#gallery-4 {\n\t\t\t\t\tmargin: auto;\n\t\t\t\t}\n\t\t\t\t#gallery-4 .gallery-item {\n\t\t\t\t\tfloat: left;\n\t\t\t\t\tmargin-top: 10px;\n\t\t\t\t\ttext-align: center;\n\t\t\t\t\twidth: 25%;\n\t\t\t\t}\n\t\t\t\t#gallery-4 img {\n\t\t\t\t\tborder: 2px solid #cfcfcf;\n\t\t\t\t}\n\t\t\t\t#gallery-4 .gallery-caption {\n\t\t\t\t\tmargin-left: 0;\n\t\t\t\t}\n\t\t\t\t\/* see gallery_shortcode() in wp-includes\/media.php *\/\n\t\t\t<\/style>\n\t\t<div id='gallery-4' class='dt-gallery-container gallery galleryid-391220 gallery-columns-4 gallery-size-thumbnail'><dl class='gallery-item'>\n\t\t\t\t<dt class='gallery-icon landscape'>\n\t\t\t\t\t<a class=\"rollover rollover-zoom dt-pswp-item\" title=\"LOREDANA 4\" data-dt-img-description=\"\" data-large_image_width=\"1200\" data-large_image_height=\"800\"href='https:\/\/www.radiopiu.net\/wordpress\/wp-content\/uploads\/2024\/05\/LOREDANA-4-1.jpg'><img loading=\"lazy\" decoding=\"async\" width=\"150\" height=\"150\" src=\"https:\/\/www.radiopiu.net\/wordpress\/wp-content\/uploads\/2024\/05\/LOREDANA-4-1-150x150.jpg\" class=\"attachment-thumbnail size-thumbnail\" alt=\"\" \/><\/a>\n\t\t\t\t<\/dt><\/dl><dl class='gallery-item'>\n\t\t\t\t<dt class='gallery-icon landscape'>\n\t\t\t\t\t<a class=\"rollover rollover-zoom dt-pswp-item\" title=\"LOREDANA3\" data-dt-img-description=\"\" data-large_image_width=\"1200\" data-large_image_height=\"800\"href='https:\/\/www.radiopiu.net\/wordpress\/wp-content\/uploads\/2024\/05\/LOREDANA3-1.jpg'><img loading=\"lazy\" decoding=\"async\" width=\"150\" height=\"150\" src=\"https:\/\/www.radiopiu.net\/wordpress\/wp-content\/uploads\/2024\/05\/LOREDANA3-1-150x150.jpg\" class=\"attachment-thumbnail size-thumbnail\" alt=\"\" \/><\/a>\n\t\t\t\t<\/dt><\/dl><dl class='gallery-item'>\n\t\t\t\t<dt class='gallery-icon landscape'>\n\t\t\t\t\t<a class=\"rollover rollover-zoom dt-pswp-item\" title=\"LOREDANA\" data-dt-img-description=\"\" data-large_image_width=\"942\" data-large_image_height=\"531\"href='https:\/\/www.radiopiu.net\/wordpress\/wp-content\/uploads\/2024\/05\/LOREDANA-1.jpg'><img loading=\"lazy\" decoding=\"async\" width=\"150\" height=\"150\" src=\"https:\/\/www.radiopiu.net\/wordpress\/wp-content\/uploads\/2024\/05\/LOREDANA-1-150x150.jpg\" class=\"attachment-thumbnail size-thumbnail\" alt=\"\" \/><\/a>\n\t\t\t\t<\/dt><\/dl><dl class='gallery-item'>\n\t\t\t\t<dt class='gallery-icon portrait'>\n\t\t\t\t\t<a class=\"rollover rollover-zoom dt-pswp-item\" title=\"LOREDANA1\" data-dt-img-description=\"\" data-large_image_width=\"1707\" data-large_image_height=\"2560\"href='https:\/\/www.radiopiu.net\/wordpress\/wp-content\/uploads\/2024\/05\/LOREDANA1-1-scaled.jpg'><img loading=\"lazy\" decoding=\"async\" width=\"150\" height=\"150\" src=\"https:\/\/www.radiopiu.net\/wordpress\/wp-content\/uploads\/2024\/05\/LOREDANA1-1-150x150.jpg\" class=\"attachment-thumbnail size-thumbnail\" alt=\"\" \/><\/a>\n\t\t\t\t<\/dt><\/dl><br style=\"clear: both\" \/>\n\t\t\t<\/div>\n\n<p>&nbsp;<\/p>\n<\/div>\n<div class=\"flex\"><\/div>\n<\/div>\n<\/div>\n<\/div>\n<p>&nbsp;<\/p>\n<hr \/>\n<p>&nbsp;<\/p>\n<h2><span style=\"color: #ff0000;\">CONSIGLI COMUNALI IN AGORDINO<\/span><\/h2>\n<p><strong>FALCADE<\/strong> Oggi alle 20 consiglio comunale a Falcade. Otto punti da discutere tra cui tre variazioni a bilancio, l&#8217;acquisizione sanante di un terreno e l&#8217;approvazione del bilancio e rendiconto di ASCA<\/p>\n<p><strong>RIVAMONTE<\/strong> Consiglio comunale domani, cinque punti all&#8217;ordine del giorno. Si parler\u00e0 di una variazione a bilancio, il rendiconto di gestione 2023 e l&#8217;approvazione del bilancio e rendiconto di ASCA<\/p>\n<p>&nbsp;<\/p>\n<p>&nbsp;<\/p>\n<hr \/>\n<p>&nbsp;<\/p>\n<blockquote>\n<h3 class=\"entry-title\"><a class=\"dt-pswp-item\" href=\"https:\/\/www.radiopiu.net\/wordpress\/wp-content\/uploads\/2023\/11\/road-5089188_640.jpg\" data-dt-img-description=\"\" data-large_image_width=\"640\" data-large_image_height=\"429\"><img loading=\"lazy\" decoding=\"async\" class=\"wp-image-361495 alignleft\" src=\"https:\/\/www.radiopiu.net\/wordpress\/wp-content\/uploads\/2023\/11\/road-5089188_640-300x201.jpg\" alt=\"\" width=\"137\" height=\"92\" srcset=\"https:\/\/www.radiopiu.net\/wordpress\/wp-content\/uploads\/2023\/11\/road-5089188_640-300x201.jpg 300w, https:\/\/www.radiopiu.net\/wordpress\/wp-content\/uploads\/2023\/11\/road-5089188_640.jpg 640w\" sizes=\"auto, (max-width: 137px) 100vw, 137px\" \/><\/a>STRADA PER DIGONERA, UN MESE DI CHIUSURE DIURNE-FERIALI<\/h3>\n<\/blockquote>\n<p><strong>ROCCA PIETORE<\/strong> Dal 6 maggio al 10 giugno chiusura totale della provinciale 563 di Salesei in localit\u00e0 Digonera dalle 7.30 alle 12.30 e dalle 13.30 alle 18, dal lunedi al venerdi. Negli altri orari, h 24 sabato e domenica compresi, senso unico alternato regolato da semaforo<\/p>\n<p><strong>FALCADE<\/strong> Fino al 14 giugno a Caviola. chiusura temporanea al traffico veicolare dalle 7 alle 18, dal lunedi al venerdi, di via Cime d&#8217;Auta, dall&#8217;intersezione con Piazza XX agosto all&#8217;intersezione con Via Tabiadon di Val. Negli altri orari senso unico alternato.<\/p>\n<p>&nbsp;<\/p>\n<p>&nbsp;<\/p>\n<hr \/>\n<p>&nbsp;<\/p>\n<blockquote>\n<h2><span style=\"color: #ff00ff;\">ECCOLI, ARRIVANO I &#8220;GIRINI&#8221;. OGGI\u00a0 IL GIRO D&#8217;ITALIA ABBRACCIO IL FELTRINO, STRADE CHIUSE DA LAMON A SETTEVILLE<\/span><\/h2>\n<p><strong>Terza Settimana del Giro d\u2019Italia: Le Dolomiti Pronte per lo Spettacolo<\/strong><\/p><\/blockquote>\n<p><strong>REDAZIONE<\/strong> Nonostante l&#8217;incognita del maltempo, le Dolomiti si preparano ad accogliere la terza settimana del 107\u00ba Giro d\u2019Italia. I ciclisti affronteranno quattro tappe spettacolari: Livigno \u2013 Santa Cristina Valgardena, Selva di Val Gardena \u2013 Passo Brocon, Mortegliano \u2013 Sappada e Alpago \u2013 Bassano del Grappa. Grande attesa per i tifosi bellunesi, soprattutto per seguire il giovane Andrea Pietrobon di Tai, alla sua prima esperienza. Il ragazzo ha gi\u00e0 sfiorato la vittoria a Lucca. La tappa di DOMANI\u00a0 a Sappada richiama memorie storiche del Giro, mentre la Alpago \u2013 Bassano del Grappa di SABATO , con la doppia scalata del Grappa, promette intensit\u00e0 e una grande partecipazione di pubblico. Il supporto dei tifosi sar\u00e0 cruciale per affrontare le difficili salite della settimana conclusiva.<\/p>\n\n\t\t\t<style type='text\/css'>\n\t\t\t\t#gallery-5 {\n\t\t\t\t\tmargin: auto;\n\t\t\t\t}\n\t\t\t\t#gallery-5 .gallery-item {\n\t\t\t\t\tfloat: left;\n\t\t\t\t\tmargin-top: 10px;\n\t\t\t\t\ttext-align: center;\n\t\t\t\t\twidth: 33%;\n\t\t\t\t}\n\t\t\t\t#gallery-5 img {\n\t\t\t\t\tborder: 2px solid #cfcfcf;\n\t\t\t\t}\n\t\t\t\t#gallery-5 .gallery-caption {\n\t\t\t\t\tmargin-left: 0;\n\t\t\t\t}\n\t\t\t\t\/* see gallery_shortcode() in wp-includes\/media.php *\/\n\t\t\t<\/style>\n\t\t<div id='gallery-5' class='dt-gallery-container gallery galleryid-391220 gallery-columns-3 gallery-size-medium'><dl class='gallery-item'>\n\t\t\t\t<dt class='gallery-icon landscape'>\n\t\t\t\t\t<a class=\"rollover rollover-zoom dt-pswp-item\" title=\"1\" data-dt-img-description=\"\" data-large_image_width=\"744\" data-large_image_height=\"500\"href='https:\/\/www.radiopiu.net\/wordpress\/wp-content\/uploads\/2024\/05\/1-2.png'><img loading=\"lazy\" decoding=\"async\" width=\"300\" height=\"202\" src=\"https:\/\/www.radiopiu.net\/wordpress\/wp-content\/uploads\/2024\/05\/1-2-300x202.png\" class=\"attachment-medium size-medium\" alt=\"\" aria-describedby=\"gallery-5-391068\" srcset=\"https:\/\/www.radiopiu.net\/wordpress\/wp-content\/uploads\/2024\/05\/1-2-300x202.png 300w, https:\/\/www.radiopiu.net\/wordpress\/wp-content\/uploads\/2024\/05\/1-2.png 744w\" sizes=\"auto, (max-width: 300px) 100vw, 300px\" \/><\/a>\n\t\t\t\t<\/dt>\n\t\t\t\t\t<dd class='wp-caption-text gallery-caption' id='gallery-5-391068'>\n\t\t\t\t\tSELVA DI VAL GARDENAPASSO BROCONMercoled\u00ec 22 maggio &#8211; 17a tappa &#8211; 159 km\n\t\t\t\t\t<\/dd><\/dl><dl class='gallery-item'>\n\t\t\t\t<dt class='gallery-icon landscape'>\n\t\t\t\t\t<a class=\"rollover rollover-zoom dt-pswp-item\" title=\"2\" data-dt-img-description=\"\" data-large_image_width=\"799\" data-large_image_height=\"516\"href='https:\/\/www.radiopiu.net\/wordpress\/wp-content\/uploads\/2024\/05\/2-2.png'><img loading=\"lazy\" decoding=\"async\" width=\"300\" height=\"194\" src=\"https:\/\/www.radiopiu.net\/wordpress\/wp-content\/uploads\/2024\/05\/2-2-300x194.png\" class=\"attachment-medium size-medium\" alt=\"\" aria-describedby=\"gallery-5-391069\" srcset=\"https:\/\/www.radiopiu.net\/wordpress\/wp-content\/uploads\/2024\/05\/2-2-300x194.png 300w, https:\/\/www.radiopiu.net\/wordpress\/wp-content\/uploads\/2024\/05\/2-2-768x496.png 768w, https:\/\/www.radiopiu.net\/wordpress\/wp-content\/uploads\/2024\/05\/2-2.png 799w\" sizes=\"auto, (max-width: 300px) 100vw, 300px\" \/><\/a>\n\t\t\t\t<\/dt>\n\t\t\t\t\t<dd class='wp-caption-text gallery-caption' id='gallery-5-391069'>\n\t\t\t\t\tFIERA DI PRIMIEROPADOVAGioved\u00ec 23 maggio &#8211; 18a tappa &#8211; 178 km\n\t\t\t\t\t<\/dd><\/dl><dl class='gallery-item'>\n\t\t\t\t<dt class='gallery-icon landscape'>\n\t\t\t\t\t<a class=\"rollover rollover-zoom dt-pswp-item\" title=\"5\" data-dt-img-description=\"\" data-large_image_width=\"481\" data-large_image_height=\"238\"href='https:\/\/www.radiopiu.net\/wordpress\/wp-content\/uploads\/2024\/05\/5-1.png'><img loading=\"lazy\" decoding=\"async\" width=\"300\" height=\"148\" src=\"https:\/\/www.radiopiu.net\/wordpress\/wp-content\/uploads\/2024\/05\/5-1-300x148.png\" class=\"attachment-medium size-medium\" alt=\"\" aria-describedby=\"gallery-5-391067\" srcset=\"https:\/\/www.radiopiu.net\/wordpress\/wp-content\/uploads\/2024\/05\/5-1-300x148.png 300w, https:\/\/www.radiopiu.net\/wordpress\/wp-content\/uploads\/2024\/05\/5-1.png 481w\" sizes=\"auto, (max-width: 300px) 100vw, 300px\" \/><\/a>\n\t\t\t\t<\/dt>\n\t\t\t\t\t<dd class='wp-caption-text gallery-caption' id='gallery-5-391067'>\n\t\t\t\t\tcronoprogramma bellunese\n\t\t\t\t\t<\/dd><\/dl><br style=\"clear: both\" \/><dl class='gallery-item'>\n\t\t\t\t<dt class='gallery-icon landscape'>\n\t\t\t\t\t<a class=\"rollover rollover-zoom dt-pswp-item\" title=\"3\" data-dt-img-description=\"\" data-large_image_width=\"740\" data-large_image_height=\"497\"href='https:\/\/www.radiopiu.net\/wordpress\/wp-content\/uploads\/2024\/05\/3-2.png'><img loading=\"lazy\" decoding=\"async\" width=\"300\" height=\"201\" src=\"https:\/\/www.radiopiu.net\/wordpress\/wp-content\/uploads\/2024\/05\/3-2-300x201.png\" class=\"attachment-medium size-medium\" alt=\"\" aria-describedby=\"gallery-5-391065\" srcset=\"https:\/\/www.radiopiu.net\/wordpress\/wp-content\/uploads\/2024\/05\/3-2-300x201.png 300w, https:\/\/www.radiopiu.net\/wordpress\/wp-content\/uploads\/2024\/05\/3-2.png 740w\" sizes=\"auto, (max-width: 300px) 100vw, 300px\" \/><\/a>\n\t\t\t\t<\/dt>\n\t\t\t\t\t<dd class='wp-caption-text gallery-caption' id='gallery-5-391065'>\n\t\t\t\t\tMortegliano-Sappada venerdi 24 maggio19 tappa 157 Km\n\t\t\t\t\t<\/dd><\/dl><dl class='gallery-item'>\n\t\t\t\t<dt class='gallery-icon landscape'>\n\t\t\t\t\t<a class=\"rollover rollover-zoom dt-pswp-item\" title=\"4\" data-dt-img-description=\"\" data-large_image_width=\"773\" data-large_image_height=\"520\"href='https:\/\/www.radiopiu.net\/wordpress\/wp-content\/uploads\/2024\/05\/4-1.png'><img loading=\"lazy\" decoding=\"async\" width=\"300\" height=\"202\" src=\"https:\/\/www.radiopiu.net\/wordpress\/wp-content\/uploads\/2024\/05\/4-1-300x202.png\" class=\"attachment-medium size-medium\" alt=\"\" aria-describedby=\"gallery-5-391066\" srcset=\"https:\/\/www.radiopiu.net\/wordpress\/wp-content\/uploads\/2024\/05\/4-1-300x202.png 300w, https:\/\/www.radiopiu.net\/wordpress\/wp-content\/uploads\/2024\/05\/4-1-768x517.png 768w, https:\/\/www.radiopiu.net\/wordpress\/wp-content\/uploads\/2024\/05\/4-1.png 773w\" sizes=\"auto, (max-width: 300px) 100vw, 300px\" \/><\/a>\n\t\t\t\t<\/dt>\n\t\t\t\t\t<dd class='wp-caption-text gallery-caption' id='gallery-5-391066'>\n\t\t\t\t\tALPAGO BASSANO DEL GRAPPA Sabato 25 maggio 20 tappa 184 km\n\t\t\t\t\t<\/dd><\/dl><dl class='gallery-item'>\n\t\t\t\t<dt class='gallery-icon landscape'>\n\t\t\t\t\t<a class=\"rollover rollover-zoom dt-pswp-item\" title=\"6\" data-dt-img-description=\"\" data-large_image_width=\"368\" data-large_image_height=\"128\"href='https:\/\/www.radiopiu.net\/wordpress\/wp-content\/uploads\/2024\/05\/6.png'><img loading=\"lazy\" decoding=\"async\" width=\"300\" height=\"104\" src=\"https:\/\/www.radiopiu.net\/wordpress\/wp-content\/uploads\/2024\/05\/6-300x104.png\" class=\"attachment-medium size-medium\" alt=\"\" srcset=\"https:\/\/www.radiopiu.net\/wordpress\/wp-content\/uploads\/2024\/05\/6-300x104.png 300w, https:\/\/www.radiopiu.net\/wordpress\/wp-content\/uploads\/2024\/05\/6.png 368w\" sizes=\"auto, (max-width: 300px) 100vw, 300px\" \/><\/a>\n\t\t\t\t<\/dt><\/dl><br style=\"clear: both\" \/>\n\t\t\t<\/div>\n\n<p>&nbsp;<\/p>\n<hr \/>\n<p>&nbsp;<\/p>\n<blockquote>\n<h3>TONKOV E CRAVERO A VOLTAGO ALLO JEGGER BAR<\/h3>\n<\/blockquote>\n<p><strong>VOLTAGO<\/strong> Nelle giornate dedicate al Giro D&#8217;Italia non mancano le visite importanti nelle nostre zone. Allo Jegger Bar della famiglia Da campo la visita di Tonkov e Cravero.<\/p>\n\n\t\t\t<style type='text\/css'>\n\t\t\t\t#gallery-6 {\n\t\t\t\t\tmargin: auto;\n\t\t\t\t}\n\t\t\t\t#gallery-6 .gallery-item {\n\t\t\t\t\tfloat: left;\n\t\t\t\t\tmargin-top: 10px;\n\t\t\t\t\ttext-align: center;\n\t\t\t\t\twidth: 20%;\n\t\t\t\t}\n\t\t\t\t#gallery-6 img {\n\t\t\t\t\tborder: 2px solid #cfcfcf;\n\t\t\t\t}\n\t\t\t\t#gallery-6 .gallery-caption {\n\t\t\t\t\tmargin-left: 0;\n\t\t\t\t}\n\t\t\t\t\/* see gallery_shortcode() in wp-includes\/media.php *\/\n\t\t\t<\/style>\n\t\t<div id='gallery-6' class='dt-gallery-container gallery galleryid-391220 gallery-columns-5 gallery-size-thumbnail'><dl class='gallery-item'>\n\t\t\t\t<dt class='gallery-icon landscape'>\n\t\t\t\t\t<a class=\"rollover\" href='https:\/\/www.radiopiu.net\/wordpress\/tonkov-e-cravero-a-voltago-allo-jegger-bar\/3013cd6e-f9fd-4610-ad71-79b69e7195f1\/'><img loading=\"lazy\" decoding=\"async\" width=\"150\" height=\"150\" src=\"https:\/\/www.radiopiu.net\/wordpress\/wp-content\/uploads\/2024\/05\/3013cd6e-f9fd-4610-ad71-79b69e7195f1-150x150.jpg\" class=\"attachment-thumbnail size-thumbnail\" alt=\"\" \/><\/a>\n\t\t\t\t<\/dt><\/dl><dl class='gallery-item'>\n\t\t\t\t<dt class='gallery-icon landscape'>\n\t\t\t\t\t<a class=\"rollover\" href='https:\/\/www.radiopiu.net\/wordpress\/tonkov-e-cravero-a-voltago-allo-jegger-bar\/267aa1c3-86de-45a5-91f9-154dd0a2be5b\/'><img loading=\"lazy\" decoding=\"async\" width=\"150\" height=\"150\" src=\"https:\/\/www.radiopiu.net\/wordpress\/wp-content\/uploads\/2024\/05\/267aa1c3-86de-45a5-91f9-154dd0a2be5b-150x150.jpg\" class=\"attachment-thumbnail size-thumbnail\" alt=\"\" \/><\/a>\n\t\t\t\t<\/dt><\/dl><dl class='gallery-item'>\n\t\t\t\t<dt class='gallery-icon landscape'>\n\t\t\t\t\t<a class=\"rollover\" href='https:\/\/www.radiopiu.net\/wordpress\/tonkov-e-cravero-a-voltago-allo-jegger-bar\/85a07cc3-b3c8-479a-8c2e-a0a30fcd8e5e\/'><img loading=\"lazy\" decoding=\"async\" width=\"150\" height=\"150\" src=\"https:\/\/www.radiopiu.net\/wordpress\/wp-content\/uploads\/2024\/05\/85a07cc3-b3c8-479a-8c2e-a0a30fcd8e5e-150x150.jpg\" class=\"attachment-thumbnail size-thumbnail\" alt=\"\" \/><\/a>\n\t\t\t\t<\/dt><\/dl><dl class='gallery-item'>\n\t\t\t\t<dt class='gallery-icon landscape'>\n\t\t\t\t\t<a class=\"rollover\" href='https:\/\/www.radiopiu.net\/wordpress\/tonkov-e-cravero-a-voltago-allo-jegger-bar\/ecf88312-c0ad-485b-a590-2f3b25a50dfa\/'><img loading=\"lazy\" decoding=\"async\" width=\"150\" height=\"150\" src=\"https:\/\/www.radiopiu.net\/wordpress\/wp-content\/uploads\/2024\/05\/ecf88312-c0ad-485b-a590-2f3b25a50dfa-150x150.jpg\" class=\"attachment-thumbnail size-thumbnail\" alt=\"\" \/><\/a>\n\t\t\t\t<\/dt><\/dl><dl class='gallery-item'>\n\t\t\t\t<dt class='gallery-icon portrait'>\n\t\t\t\t\t<a class=\"rollover\" href='https:\/\/www.radiopiu.net\/wordpress\/tonkov-e-cravero-a-voltago-allo-jegger-bar\/49f310c0-d1c1-4c4c-bf64-c9f3975060b6\/'><img loading=\"lazy\" decoding=\"async\" width=\"150\" height=\"150\" src=\"https:\/\/www.radiopiu.net\/wordpress\/wp-content\/uploads\/2024\/05\/49f310c0-d1c1-4c4c-bf64-c9f3975060b6-150x150.jpg\" class=\"attachment-thumbnail size-thumbnail\" alt=\"\" \/><\/a>\n\t\t\t\t<\/dt><\/dl><br style=\"clear: both\" \/>\n\t\t\t<\/div>\n\n<p>&nbsp;<\/p>\n<div style=\"width: 848px;\" class=\"wp-video\"><video class=\"wp-video-shortcode\" id=\"video-391220-1\" width=\"848\" height=\"480\" preload=\"metadata\" controls=\"controls\"><source type=\"video\/mp4\" src=\"https:\/\/www.radiopiu.net\/wordpress\/wp-content\/uploads\/2024\/05\/WhatsApp-Video-2024-05-22-at-10.19.38.mp4?_=1\" \/><a href=\"https:\/\/www.radiopiu.net\/wordpress\/wp-content\/uploads\/2024\/05\/WhatsApp-Video-2024-05-22-at-10.19.38.mp4\">https:\/\/www.radiopiu.net\/wordpress\/wp-content\/uploads\/2024\/05\/WhatsApp-Video-2024-05-22-at-10.19.38.mp4<\/a><\/video><\/div>\n<p>&nbsp;<\/p>\n<p>&nbsp;<\/p>\n<p>&nbsp;<\/p>\n<hr \/>\n<div class=\"w-full text-token-text-primary\" dir=\"auto\" data-testid=\"conversation-turn-86\" data-scroll-anchor=\"false\">\n<div class=\"py-2 juice:py-[18px] px-3 text-base md:px-4 m-auto md:px-5 lg:px-1 xl:px-5\">\n<div class=\"mx-auto flex flex-1 gap-3 text-base juice:gap-4 juice:md:gap-6 md:max-w-3xl lg:max-w-[40rem] xl:max-w-[48rem]\">\n<div class=\"group\/conversation-turn relative flex w-full min-w-0 flex-col\">\n<div class=\"flex-col gap-1 md:gap-3\">\n<div class=\"flex flex-grow flex-col max-w-full\">\n<div class=\"min-h-[20px] text-message flex flex-col items-start whitespace-pre-wrap break-words [.text-message+&amp;]:mt-5 juice:w-full juice:items-end overflow-x-auto gap-2\" dir=\"auto\" data-message-author-role=\"user\" data-message-id=\"aaa232a8-8ebf-4aec-9437-f3663acc7601\">\n<div class=\"flex w-full flex-col gap-1 juice:empty:hidden items-end rtl:items-start\">\n<div class=\"relative max-w-[90%] rounded-3xl bg-[#f4f4f4] px-5 py-2.5 dark:bg-token-main-surface-secondary\">\n<blockquote>\n<h1><span style=\"color: #ff0000;\"><strong>\u00a0<\/strong><\/span><\/h1>\n<h1><span style=\"color: #ff0000;\"><strong>Verso un Patto Digitale Agordino: incontro ad Agordo<br \/>\n<span style=\"color: #000000;\">lunedi dalle 20.30 la diretta differita alla radio<\/span><\/strong><\/span><\/h1>\n<\/blockquote>\n<p><strong>AGORDO <\/strong>, in sala Don Tamis, si \u00e8 tenuto un incontro sul tema del patto digitale, con la dottoressa Roberta Gallego, Sostituto Procuratore di Belluno, che ha discusso su &#8220;La vita continua oltre i confini del web.&#8221; Il prossimo appuntamento \u00e8 previsto per marted\u00ec 28 maggio, alle 18, in sala Don Tamis. Lo psicologo Francesco Corazza terr\u00e0 una conferenza intitolata &#8220;Dalle parole ai patti,&#8221; un confronto per abbozzare il patto digitale agordino. Questo evento \u00e8 parte di una serie di incontri per promuovere la consapevolezza e la sicurezza digitale nella comunit\u00e0.<\/p>\n<p><a class=\"dt-pswp-item\" href=\"https:\/\/www.radiopiu.net\/wordpress\/wp-content\/uploads\/2024\/05\/69e94682-26a6-4278-af12-047ca60acf59.jpg\" data-dt-img-description=\"\" data-large_image_width=\"2048\" data-large_image_height=\"1152\"><img loading=\"lazy\" decoding=\"async\" class=\"alignnone size-medium wp-image-391242 aligncenter\" src=\"https:\/\/www.radiopiu.net\/wordpress\/wp-content\/uploads\/2024\/05\/69e94682-26a6-4278-af12-047ca60acf59-300x169.jpg\" alt=\"\" width=\"300\" height=\"169\" srcset=\"https:\/\/www.radiopiu.net\/wordpress\/wp-content\/uploads\/2024\/05\/69e94682-26a6-4278-af12-047ca60acf59-300x169.jpg 300w, https:\/\/www.radiopiu.net\/wordpress\/wp-content\/uploads\/2024\/05\/69e94682-26a6-4278-af12-047ca60acf59-1024x576.jpg 1024w, https:\/\/www.radiopiu.net\/wordpress\/wp-content\/uploads\/2024\/05\/69e94682-26a6-4278-af12-047ca60acf59-768x432.jpg 768w, https:\/\/www.radiopiu.net\/wordpress\/wp-content\/uploads\/2024\/05\/69e94682-26a6-4278-af12-047ca60acf59-1536x864.jpg 1536w, https:\/\/www.radiopiu.net\/wordpress\/wp-content\/uploads\/2024\/05\/69e94682-26a6-4278-af12-047ca60acf59.jpg 2048w\" sizes=\"auto, (max-width: 300px) 100vw, 300px\" \/><\/a><\/p>\n<p>&nbsp;<\/p>\n<p>&nbsp;<\/p>\n<\/div>\n<\/div>\n<\/div>\n<\/div>\n<\/div>\n<\/div>\n<\/div>\n<\/div>\n<\/div>\n<hr \/>\n<p>&nbsp;<\/p>\n<blockquote>\n<h2>Belluno: Restauro del Monumento agli Artiglieri<\/h2>\n<\/blockquote>\n<p><strong><a class=\"dt-pswp-item\" href=\"https:\/\/www.radiopiu.net\/wordpress\/wp-content\/uploads\/2024\/05\/DSC05760.jpg\" data-dt-img-description=\"\" data-large_image_width=\"1600\" data-large_image_height=\"1200\"><img loading=\"lazy\" decoding=\"async\" class=\" wp-image-391395 alignleft\" src=\"https:\/\/www.radiopiu.net\/wordpress\/wp-content\/uploads\/2024\/05\/DSC05760-300x225.jpg\" alt=\"\" width=\"232\" height=\"174\" srcset=\"https:\/\/www.radiopiu.net\/wordpress\/wp-content\/uploads\/2024\/05\/DSC05760-300x225.jpg 300w, https:\/\/www.radiopiu.net\/wordpress\/wp-content\/uploads\/2024\/05\/DSC05760-1024x768.jpg 1024w, https:\/\/www.radiopiu.net\/wordpress\/wp-content\/uploads\/2024\/05\/DSC05760-768x576.jpg 768w, https:\/\/www.radiopiu.net\/wordpress\/wp-content\/uploads\/2024\/05\/DSC05760-1536x1152.jpg 1536w, https:\/\/www.radiopiu.net\/wordpress\/wp-content\/uploads\/2024\/05\/DSC05760.jpg 1600w\" sizes=\"auto, (max-width: 232px) 100vw, 232px\" \/><\/a>BELLUNO <\/strong>A Belluno, gli Artiglieri sono soddisfatti per il restauro del monumento al mulo e al suo conducente, situato nei giardini dell&#8217;ex piazzale della Stazione. Questo monumento, creato dall&#8217;artista Massimo Facchin nel 1993, era in condizioni di degrado. Grazie alla determinazione dell&#8217;Associazione Nazionale Artiglieri d\u2019Italia e al supporto dell&#8217;Amministrazione comunale e della Banca PrealpiSan Biagio, \u00e8 iniziato il processo di restauro. Costante Fontana, presidente della sezione provinciale degli Artiglieri, esprime gratitudine per il finanziamento ricevuto. Il restauro dovrebbe essere completato entro il 4 dicembre, giorno di S. Barbara, patrona degli Artiglieri, quando si terr\u00e0 una cerimonia davanti al monumento.<\/p>\n<p>&nbsp;<\/p>\n<div class=\"mt-1 flex gap-3 empty:hidden juice:-ml-3\">\n<div class=\"items-center justify-start rounded-xl p-1 flex\">\n<div class=\"flex items-center\"><\/div>\n<\/div>\n<\/div>\n<hr \/>\n<p>&nbsp;<\/p>\n<blockquote>\n<h3>LA SETTIMANA DEDICATA AL BICENTENARIO DALLA NASCITA DI DON ANTONIO DELLA LUCIA<\/h3>\n<\/blockquote>\n<p><a class=\"dt-pswp-item\" href=\"https:\/\/www.radiopiu.net\/wordpress\/wp-content\/uploads\/2024\/04\/Don-Antonio-Della-Lucia.jpg\" data-dt-img-description=\"\" data-large_image_width=\"1695\" data-large_image_height=\"1822\"><img loading=\"lazy\" decoding=\"async\" class=\" wp-image-387096 alignleft\" src=\"https:\/\/www.radiopiu.net\/wordpress\/wp-content\/uploads\/2024\/04\/Don-Antonio-Della-Lucia-279x300.jpg\" alt=\"\" width=\"120\" height=\"129\" srcset=\"https:\/\/www.radiopiu.net\/wordpress\/wp-content\/uploads\/2024\/04\/Don-Antonio-Della-Lucia-279x300.jpg 279w, https:\/\/www.radiopiu.net\/wordpress\/wp-content\/uploads\/2024\/04\/Don-Antonio-Della-Lucia-953x1024.jpg 953w, https:\/\/www.radiopiu.net\/wordpress\/wp-content\/uploads\/2024\/04\/Don-Antonio-Della-Lucia-768x826.jpg 768w, https:\/\/www.radiopiu.net\/wordpress\/wp-content\/uploads\/2024\/04\/Don-Antonio-Della-Lucia-1429x1536.jpg 1429w, https:\/\/www.radiopiu.net\/wordpress\/wp-content\/uploads\/2024\/04\/Don-Antonio-Della-Lucia.jpg 1695w\" sizes=\"auto, (max-width: 120px) 100vw, 120px\" \/><\/a>Gioved\u00ec scorso sono iniziate le celebrazioni per il bicentenario dalla nascita di Don Antonio Della Lucia.<\/p>\n<p><strong>LORIS SERAFINI, DIRETTORE DEL MUSAL<\/strong><\/p>\n<audio class=\"wp-audio-shortcode\" id=\"audio-391220-8\" preload=\"none\" style=\"width: 100%;\" controls=\"controls\"><source type=\"audio\/mpeg\" src=\"https:\/\/www.radiopiu.net\/wordpress\/wp-content\/uploads\/2024\/05\/LORIS-SERAFINI-SETTIMANA-DON-ANTONIO.mp3?_=8\" \/><a href=\"https:\/\/www.radiopiu.net\/wordpress\/wp-content\/uploads\/2024\/05\/LORIS-SERAFINI-SETTIMANA-DON-ANTONIO.mp3\">https:\/\/www.radiopiu.net\/wordpress\/wp-content\/uploads\/2024\/05\/LORIS-SERAFINI-SETTIMANA-DON-ANTONIO.mp3<\/a><\/audio>\n<p>&nbsp;<\/p>\n<blockquote>\n<h3>LE MOSTRE PER IL BICENTENARIO DELLA NASCITA DI DON ANTONIO DELLA LUCIA<\/h3>\n<\/blockquote>\n<p><strong>CANALE D&#8217;AGORDO<\/strong> La Fondazione Papa Luciani Onlus celebra Don Antonio Della Lucia con un comitato speciale nel bicentenario della sua nascita. Coinvolte varie istituzioni e associazioni locali, incluso il Ministero dell&#8217;agricoltura.\u00a0 Tre mostre in provincia: Palazzo Piloni (16 maggio &#8211; 16 settembre), Canale d\u2019Agordo (1\u00b0 luglio &#8211; 31 agosto), e Frassen\u00e8 Agordino (1\u00b0 luglio &#8211; 31 agosto, su prenotazione). Un omaggio alla vita e all&#8217;opera di Della Lucia, pioniere delle latterie cooperative in Italia.<\/p>\n<a href=\"https:\/\/www.radiopiu.net\/wordpress\/wp-content\/uploads\/2024\/05\/Locandina-eventi-completa-per-il-bicentenario-del-Cavalier-Don-Antonio-Della-Lucia-1.pdf\" class=\"pdfemb-viewer\" style=\"\" data-width=\"max\" data-height=\"max\" data-toolbar=\"top\" data-toolbar-fixed=\"on\">Locandina eventi completa per il bicentenario del Cavalier Don Antonio Della Lucia<\/a>\n<p>&nbsp;<\/p>\n<p>&nbsp;<\/p>\n<hr \/>\n<p>&nbsp;<\/p>\n<blockquote>\n<h3>Giornata Mondiale Senza Tabacco 2024 a Belluno<\/h3>\n<\/blockquote>\n<p><strong>BELLUNO <\/strong>Sabato 25 maggio, dalle 9 alle 12, in Piazza dei Martiri a Belluno, la Lilt (Lega Italiana per la Lotta contro i Tumori) sezione di Belluno e Aulss 1 Dolomiti, con il patrocinio del Comune di Belluno, organizzeranno la manifestazione \u201cInsieme per la Giornata mondiale senza tabacco 2024\u201d. I volontari della Lilt e gli operatori del Servizio Dipendenze e della Pneumologia offriranno misurazioni del respiro e del monossido di carbonio ai cittadini. Saranno esposti gli elaborati degli studenti della Scuola \u201cS. Pertini\u201d di Ponte nelle Alpi, parte del progetto \u201cLiberi di scegliere\u201d. L\u2019iniziativa mira a sensibilizzare sui danni del tabagismo, che causa circa 85.000 morti all\u2019anno in Italia, e a promuovere stili di vita sani.<\/p>\n<div class=\"mt-1 flex gap-3 empty:hidden juice:-ml-3\">\n<div class=\"items-center justify-start rounded-xl p-1 flex\">\n<div class=\"flex items-center\"><button class=\"rounded-lg text-token-text-secondary hover:bg-token-main-surface-secondary\">\u00a0 <\/button><\/div>\n<div>\n<hr \/>\n<\/div>\n<\/div>\n<\/div>\n<p>&nbsp;<\/p>\n<blockquote>\n<h3>L&#8217;INAUGURAZIONE DEL RESTAURO DELLA MADONNA IN TRONO<\/h3>\n<\/blockquote>\n<p><strong><a class=\"dt-pswp-item\" href=\"https:\/\/www.radiopiu.net\/wordpress\/wp-content\/uploads\/2024\/05\/MADONNA-IN-TRONO.png\" data-dt-img-description=\"\" data-large_image_width=\"483\" data-large_image_height=\"550\"><img loading=\"lazy\" decoding=\"async\" class=\" wp-image-390069 alignleft\" src=\"https:\/\/www.radiopiu.net\/wordpress\/wp-content\/uploads\/2024\/05\/MADONNA-IN-TRONO-263x300.png\" alt=\"\" width=\"113\" height=\"129\" srcset=\"https:\/\/www.radiopiu.net\/wordpress\/wp-content\/uploads\/2024\/05\/MADONNA-IN-TRONO-263x300.png 263w, https:\/\/www.radiopiu.net\/wordpress\/wp-content\/uploads\/2024\/05\/MADONNA-IN-TRONO.png 483w\" sizes=\"auto, (max-width: 113px) 100vw, 113px\" \/><\/a>SEDICO<\/strong> La chiesa di Santa Maria Annunziata a Sedico ospita un altare ligneo con la \u201cMadonna in trono\u201d di Francesco e Tiziano Vecellio. Nel 2023 la tavola \u00e8 stata restaurata da Mariangela Mattia grazie a \u201cSave Venice\u201d e poi esposta alle Gallerie dell\u2019Accademia di Venezia e al Museo Civico Fulcis di Belluno. Durante l\u2019assenza, Mariangela Mattia e studenti hanno restaurato l\u2019altare ligneo. Oggi si festegger\u00e0 il ritorno della pala con un evento solenne a Sedico, patrocinato dalla Chiesa di Belluno-Feltre e i Comuni di Belluno e Sedico.<\/p>\n<div><\/div>\n<div><\/div>\n<p>&nbsp;<\/p>\n<p>&nbsp;<\/p>\n<hr \/>\n<p>&nbsp;<\/p>\n<p>&nbsp;<\/p>\n<blockquote>\n<h3><a class=\"dt-pswp-item\" href=\"https:\/\/www.radiopiu.net\/wordpress\/wp-content\/uploads\/2024\/05\/Senza-nome-38.png\" data-dt-img-description=\"\" data-large_image_width=\"589\" data-large_image_height=\"203\"><img loading=\"lazy\" decoding=\"async\" class=\"size-medium wp-image-391087 alignleft\" src=\"https:\/\/www.radiopiu.net\/wordpress\/wp-content\/uploads\/2024\/05\/Senza-nome-38-300x103.png\" alt=\"\" width=\"300\" height=\"103\" srcset=\"https:\/\/www.radiopiu.net\/wordpress\/wp-content\/uploads\/2024\/05\/Senza-nome-38-300x103.png 300w, https:\/\/www.radiopiu.net\/wordpress\/wp-content\/uploads\/2024\/05\/Senza-nome-38.png 589w\" sizes=\"auto, (max-width: 300px) 100vw, 300px\" \/><\/a>Prima Edizione di \u201cDolomiti in Vespa\u201d ad Alleghe<\/h3>\n<\/blockquote>\n<p><strong>ALLEGHE<\/strong> ospita la prima edizione di \u201cDolomiti in Vespa\u201d il 1 giugno 2024. L&#8217;evento celebra il mitico scooter Piaggio con una giornata di divertimento, cibo e musica. Inizia alle 09:00 con gli accrediti in Piazza Dogliani a Caprile, seguito da tre tappe ristoro. La giornata si conclude con un aperitivo, cena e premi per diverse categorie di Vespa. La serata prosegue con un concerto della Shary Band e un after party.<\/p>\n<div class=\"mt-1 flex gap-3 empty:hidden juice:-ml-3\">\n<div class=\"items-center justify-start rounded-xl p-1 flex\">\n<div class=\"flex items-center\">\n<div class=\"flex\">\n<h3><span style=\"color: #ff0000;\"><strong>L&#8217;INTERVISTA ALLA RADIO<\/strong><\/span><\/h3>\n<p><strong>DI MIRKO MEZZACASA<\/strong><\/p>\n<p>OSPITI: Giada Da Tos e Anna Levis<\/p>\n<audio class=\"wp-audio-shortcode\" id=\"audio-391220-9\" preload=\"none\" style=\"width: 100%;\" controls=\"controls\"><source type=\"audio\/mpeg\" src=\"https:\/\/www.radiopiu.net\/wordpress\/wp-content\/uploads\/2024\/05\/anna-e-giada-vespa-alleghe-1.mp3?_=9\" \/><a href=\"https:\/\/www.radiopiu.net\/wordpress\/wp-content\/uploads\/2024\/05\/anna-e-giada-vespa-alleghe-1.mp3\">https:\/\/www.radiopiu.net\/wordpress\/wp-content\/uploads\/2024\/05\/anna-e-giada-vespa-alleghe-1.mp3<\/a><\/audio>\n<\/div>\n<\/div>\n<\/div>\n<\/div>\n<p>&nbsp;<\/p>\n<hr \/>\n<p>&nbsp;<\/p>\n<blockquote>\n<h3><a class=\"dt-pswp-item\" href=\"https:\/\/www.radiopiu.net\/wordpress\/wp-content\/uploads\/2024\/05\/libro-genteperbene.jpeg\" data-dt-img-description=\"\" data-large_image_width=\"720\" data-large_image_height=\"716\"><img loading=\"lazy\" decoding=\"async\" class=\" wp-image-391388 alignleft\" src=\"https:\/\/www.radiopiu.net\/wordpress\/wp-content\/uploads\/2024\/05\/libro-genteperbene-300x298.jpeg\" alt=\"\" width=\"208\" height=\"207\" srcset=\"https:\/\/www.radiopiu.net\/wordpress\/wp-content\/uploads\/2024\/05\/libro-genteperbene-300x298.jpeg 300w, https:\/\/www.radiopiu.net\/wordpress\/wp-content\/uploads\/2024\/05\/libro-genteperbene-150x150.jpeg 150w, https:\/\/www.radiopiu.net\/wordpress\/wp-content\/uploads\/2024\/05\/libro-genteperbene.jpeg 720w\" sizes=\"auto, (max-width: 208px) 100vw, 208px\" \/><\/a>Gente per bene. Gente per male &#8211; Presentazione del libro sulla lotta ai crimini ambientali<\/h3>\n<\/blockquote>\n<p><strong>SEREN DEL GRAPPA<\/strong>Andrea Zanoni sar\u00e0 presente il 29 maggio alle 20.30 presso la Libreria Quattro Sass a Seren del Grappa (BL) per presentare il libro &#8220;Gente per bene. Gente per male&#8221; insieme all&#8217;autore Nicola Pierotti, ex Ispettore Superiore Scelto del Corpo forestale dello Stato e dei Carabinieri. Il libro racconta la sua vita nella lotta contro i crimini ambientali e l&#8217;impegno per la difesa della natura. Zanoni sostiene l&#8217;importanza dell&#8217;ambiente nel suo programma elettorale e invita il pubblico a partecipare all&#8217;incontro, che \u00e8 aperto a tutti. Per informazioni: 0439 394113.<\/p>\n<p>&nbsp;<\/p>\n<div class=\"mt-1 flex gap-3 empty:hidden juice:-ml-3\">\n<div class=\"items-center justify-start rounded-xl p-1 flex\">\n<div class=\"flex items-center\"><button class=\"rounded-lg text-token-text-secondary hover:bg-token-main-surface-secondary\"><\/button><button class=\"rounded-lg text-token-text-secondary hover:bg-token-main-surface-secondary\"><br \/>\n<\/button><\/div>\n<\/div>\n<\/div>\n<p>&nbsp;<\/p>\n<hr \/>\n<p>&nbsp;<\/p>\n<blockquote class=\"wp-embedded-content\" data-secret=\"Hkr6gePvgp\"><p><a href=\"https:\/\/www.radiopiu.net\/wordpress\/pirole-de-lenga-la-parola-del-giorno-a-cura-del-musla-raccolta-completa\/\">PIROLE DE LENGA&#8230; LA PAROLA DEL GIORNO A CURA DEL MUSLA -raccolta completa &#8211;<\/a><\/p><\/blockquote>\n<p><iframe loading=\"lazy\" class=\"wp-embedded-content\" sandbox=\"allow-scripts\" security=\"restricted\" style=\"position: absolute; clip: rect(1px, 1px, 1px, 1px);\" title=\"&#8220;PIROLE DE LENGA&#8230; LA PAROLA DEL GIORNO A CURA DEL MUSLA -raccolta completa &#8211;&#8221; &#8212; Radio Pi\u00f9\" src=\"https:\/\/www.radiopiu.net\/wordpress\/pirole-de-lenga-la-parola-del-giorno-a-cura-del-musla-raccolta-completa\/embed\/#?secret=NzkWiQPydW#?secret=Hkr6gePvgp\" data-secret=\"Hkr6gePvgp\" width=\"600\" height=\"338\" frameborder=\"0\" marginwidth=\"0\" marginheight=\"0\" scrolling=\"no\"><\/iframe><\/p>\n<p>&nbsp;<\/p>\n<p>&nbsp;<\/p>\n<p>&nbsp;<\/p>\n<hr \/>\n<p>&nbsp;<\/p>\n<blockquote>\n<h3>CONCERTO PER ADR1AN0 Il ricordo che non \u00e8 mai passato<\/h3>\n<\/blockquote>\n<p><strong><a class=\"dt-pswp-item\" href=\"https:\/\/www.radiopiu.net\/wordpress\/wp-content\/uploads\/2024\/05\/1002640_643076049062227_926769573_n.jpeg\" data-dt-img-description=\"\" data-large_image_width=\"850\" data-large_image_height=\"567\"><img loading=\"lazy\" decoding=\"async\" class=\" wp-image-391431 alignleft\" src=\"https:\/\/www.radiopiu.net\/wordpress\/wp-content\/uploads\/2024\/05\/1002640_643076049062227_926769573_n-300x200.jpeg\" alt=\"\" width=\"275\" height=\"183\" srcset=\"https:\/\/www.radiopiu.net\/wordpress\/wp-content\/uploads\/2024\/05\/1002640_643076049062227_926769573_n-300x200.jpeg 300w, https:\/\/www.radiopiu.net\/wordpress\/wp-content\/uploads\/2024\/05\/1002640_643076049062227_926769573_n-768x512.jpeg 768w, https:\/\/www.radiopiu.net\/wordpress\/wp-content\/uploads\/2024\/05\/1002640_643076049062227_926769573_n.jpeg 850w\" sizes=\"auto, (max-width: 275px) 100vw, 275px\" \/><\/a>PONTE NELLE ALPI<\/strong> Sono trascorsi 10 anni dalla scomparsa di Adriano, fondatore dei Formato Standard. Per commemorarlo, il gruppo organizza &#8220;ADR1AN0&#8221;, evento musicale al Piccolo Teatro G. Pierobon di Ponte nelle Alpi il 31 maggio alle 20:30. Il titolo mescola il numero 10 con le lettere dell&#8217;alfabeto. Oltre alla musica, verr\u00e0 ripercorsa la storia del gruppo con aneddoti e ospiti speciali. L&#8217;atmosfera sar\u00e0 festosa e leggera. L&#8217;ingresso \u00e8 gratuito e le offerte saranno devolute all&#8217;AFVS &#8211; Associazione Familiari e Vittime della Strada Onllus<\/p>\n<blockquote><p><em>\u201d I leave here tomorrow, would you still remember me?\u201d&#8230;cos\u00ec cantavano i Lynyrd Skynyrd nel loro brano Free Bird. Sono ormai passati 10 anni da quel maledetto incidente che si \u00e8 portato via Adriano fondatore e tastierista dei Formato Standard, gruppo rock del Bellunese. In questi 10 anni molte cose sono cambiate, ma i ricordi, quelli invece rimangono&#8221;<\/em><\/p><\/blockquote>\n<p>&nbsp;<\/p>\n<hr \/>\n<p>&nbsp;<\/p>\n<p>&nbsp;<\/p>\n<blockquote>\n<h3><a class=\"dt-pswp-item\" href=\"https:\/\/www.radiopiu.net\/wordpress\/wp-content\/uploads\/2024\/05\/imperina-1024x512-1.jpg\" data-dt-img-description=\"\" data-large_image_width=\"1024\" data-large_image_height=\"512\"><img loading=\"lazy\" decoding=\"async\" class=\" wp-image-391080 alignleft\" src=\"https:\/\/www.radiopiu.net\/wordpress\/wp-content\/uploads\/2024\/05\/imperina-1024x512-1-300x150.jpg\" alt=\"\" width=\"264\" height=\"132\" srcset=\"https:\/\/www.radiopiu.net\/wordpress\/wp-content\/uploads\/2024\/05\/imperina-1024x512-1-300x150.jpg 300w, https:\/\/www.radiopiu.net\/wordpress\/wp-content\/uploads\/2024\/05\/imperina-1024x512-1-768x384.jpg 768w, https:\/\/www.radiopiu.net\/wordpress\/wp-content\/uploads\/2024\/05\/imperina-1024x512-1.jpg 1024w\" sizes=\"auto, (max-width: 264px) 100vw, 264px\" \/><\/a>VALLE IMPERINA: FINALMENTE!!! NUOVA VITA, SABATO L&#8217;INAUGURAZIONE UFFICIALE<\/h3>\n<\/blockquote>\n<p><strong>RIVAMONTE<\/strong> <span style=\"font-family: Arial, serif;\"><span style=\"font-size: medium;\">\u00a0XVI Giornata Nazionale delle Miniere,\u00a0 si terr\u00e0 presso il Centro Minerario di Valle Imperina in data 25 e 26 maggio 2024 a partire dalle 17 (DIRETTE SUI CANALI SOCIAL DI RADIOPIU).\u00a0<\/span><\/span><span style=\"font-family: Arial, serif;\"><span style=\"font-size: medium;\"> Il rilancio del Centro Minerario di Valle Imperina \u00e8 stato fortemente voluto dalle Istituzioni, dalle Associazioni e dalle Comunit\u00e0 locali ed \u00e8 stato realizzato grazie all\u2019impegno del Gruppo Botol e alla dedizione\u00a0 di Fabrizio Vigilante che caparbiamente ha voluto impegnarsi in questo progetto.\u00a0<\/span><\/span><span style=\"font-family: Arial, serif;\"><span style=\"font-size: medium;\"> Con l\u2019occasione sar\u00e0 possibile assistere ad un convegno a tema con l\u2019intervento di numerosi esperti, visitare i musei, le mostre e godere appieno dello splendido panorama della Conca Agordina e delle Dolomiti Bellunesi.<\/span><\/span><\/p>\n<p>&nbsp;<\/p>\n<a href=\"https:\/\/www.radiopiu.net\/wordpress\/wp-content\/uploads\/2024\/05\/LOC_A3_GG_MINIERE_2024_06_DEF-2.pdf\" class=\"pdfemb-viewer\" style=\"\" data-width=\"max\" data-height=\"max\" data-toolbar=\"top\" data-toolbar-fixed=\"on\">LOC_A3_GG_MINIERE_2024_06_DEF<\/a>\n<p>&nbsp;<\/p>\n<hr \/>\n<blockquote>\n<h2><\/h2>\n<h2>CulturalMoto 2024: nell&#8217;Agordino<\/h2>\n<\/blockquote>\n<p><em>Alla scoperta delle miniere nelle Dolomiti, con la straordinaria partecipazione del geologo Manuel Conedera.<\/em><\/p>\n<p><strong>REDAZIONE<\/strong> Il 26 maggio 2024, EMMECI eventi lancia la seconda tappa di CulturalMoto, un viaggio culturale in moto che esplora l&#8217;Agordino e le Dolomiti bellunesi. Con Giacomo Agostini come ambasciatore, il tour si differenzia per l&#8217;accento sulla scoperta del territorio. Prenotazione obbligatoria al 348 5109129.<\/p>\n\n\t\t\t<style type='text\/css'>\n\t\t\t\t#gallery-7 {\n\t\t\t\t\tmargin: auto;\n\t\t\t\t}\n\t\t\t\t#gallery-7 .gallery-item {\n\t\t\t\t\tfloat: left;\n\t\t\t\t\tmargin-top: 10px;\n\t\t\t\t\ttext-align: center;\n\t\t\t\t\twidth: 50%;\n\t\t\t\t}\n\t\t\t\t#gallery-7 img {\n\t\t\t\t\tborder: 2px solid #cfcfcf;\n\t\t\t\t}\n\t\t\t\t#gallery-7 .gallery-caption {\n\t\t\t\t\tmargin-left: 0;\n\t\t\t\t}\n\t\t\t\t\/* see gallery_shortcode() in wp-includes\/media.php *\/\n\t\t\t<\/style>\n\t\t<div id='gallery-7' class='dt-gallery-container gallery galleryid-391220 gallery-columns-2 gallery-size-medium'><dl class='gallery-item'>\n\t\t\t\t<dt class='gallery-icon portrait'>\n\t\t\t\t\t<a class=\"rollover rollover-zoom dt-pswp-item\" title=\"CulturalMoto Agordo Belluno\" data-dt-img-description=\"\" data-large_image_width=\"842\" data-large_image_height=\"1191\"href='https:\/\/www.radiopiu.net\/wordpress\/wp-content\/uploads\/2024\/05\/CulturalMoto-Agordo-Belluno.jpg'><img loading=\"lazy\" decoding=\"async\" width=\"212\" height=\"300\" src=\"https:\/\/www.radiopiu.net\/wordpress\/wp-content\/uploads\/2024\/05\/CulturalMoto-Agordo-Belluno-212x300.jpg\" class=\"attachment-medium size-medium\" alt=\"\" srcset=\"https:\/\/www.radiopiu.net\/wordpress\/wp-content\/uploads\/2024\/05\/CulturalMoto-Agordo-Belluno-212x300.jpg 212w, https:\/\/www.radiopiu.net\/wordpress\/wp-content\/uploads\/2024\/05\/CulturalMoto-Agordo-Belluno-724x1024.jpg 724w, https:\/\/www.radiopiu.net\/wordpress\/wp-content\/uploads\/2024\/05\/CulturalMoto-Agordo-Belluno-768x1086.jpg 768w, https:\/\/www.radiopiu.net\/wordpress\/wp-content\/uploads\/2024\/05\/CulturalMoto-Agordo-Belluno.jpg 842w\" sizes=\"auto, (max-width: 212px) 100vw, 212px\" \/><\/a>\n\t\t\t\t<\/dt><\/dl><dl class='gallery-item'>\n\t\t\t\t<dt class='gallery-icon portrait'>\n\t\t\t\t\t<a class=\"rollover rollover-zoom dt-pswp-item\" title=\"Giacomo Agostini CulturalMoto\" data-dt-img-description=\"\" data-large_image_width=\"526\" data-large_image_height=\"701\"href='https:\/\/www.radiopiu.net\/wordpress\/wp-content\/uploads\/2024\/05\/Giacomo-Agostini-CulturalMoto.jpg'><img loading=\"lazy\" decoding=\"async\" width=\"225\" height=\"300\" src=\"https:\/\/www.radiopiu.net\/wordpress\/wp-content\/uploads\/2024\/05\/Giacomo-Agostini-CulturalMoto-225x300.jpg\" class=\"attachment-medium size-medium\" alt=\"\" srcset=\"https:\/\/www.radiopiu.net\/wordpress\/wp-content\/uploads\/2024\/05\/Giacomo-Agostini-CulturalMoto-225x300.jpg 225w, https:\/\/www.radiopiu.net\/wordpress\/wp-content\/uploads\/2024\/05\/Giacomo-Agostini-CulturalMoto.jpg 526w\" sizes=\"auto, (max-width: 225px) 100vw, 225px\" \/><\/a>\n\t\t\t\t<\/dt><\/dl><br style=\"clear: both\" \/>\n\t\t\t<\/div>\n\n<p>&nbsp;<\/p>\n<p>&nbsp;<\/p>\n<hr \/>\n<p>&nbsp;<\/p>\n\n\t\t\t<style type='text\/css'>\n\t\t\t\t#gallery-8 {\n\t\t\t\t\tmargin: auto;\n\t\t\t\t}\n\t\t\t\t#gallery-8 .gallery-item {\n\t\t\t\t\tfloat: left;\n\t\t\t\t\tmargin-top: 10px;\n\t\t\t\t\ttext-align: center;\n\t\t\t\t\twidth: 100%;\n\t\t\t\t}\n\t\t\t\t#gallery-8 img {\n\t\t\t\t\tborder: 2px solid #cfcfcf;\n\t\t\t\t}\n\t\t\t\t#gallery-8 .gallery-caption {\n\t\t\t\t\tmargin-left: 0;\n\t\t\t\t}\n\t\t\t\t\/* see gallery_shortcode() in wp-includes\/media.php *\/\n\t\t\t<\/style>\n\t\t<div id='gallery-8' class='dt-gallery-container gallery galleryid-391220 gallery-columns-1 gallery-size-medium'><dl class='gallery-item'>\n\t\t\t\t<dt class='gallery-icon portrait'>\n\t\t\t\t\t<a class=\"rollover rollover-zoom dt-pswp-item\" title=\"f2117638-681b-40d0-918c-1188d4fabc52\" data-dt-img-description=\"\" data-large_image_width=\"1128\" data-large_image_height=\"1600\"href='https:\/\/www.radiopiu.net\/wordpress\/wp-content\/uploads\/2024\/05\/f2117638-681b-40d0-918c-1188d4fabc52-1.jpg'><img loading=\"lazy\" decoding=\"async\" width=\"212\" height=\"300\" src=\"https:\/\/www.radiopiu.net\/wordpress\/wp-content\/uploads\/2024\/05\/f2117638-681b-40d0-918c-1188d4fabc52-1-212x300.jpg\" class=\"attachment-medium size-medium\" alt=\"\" srcset=\"https:\/\/www.radiopiu.net\/wordpress\/wp-content\/uploads\/2024\/05\/f2117638-681b-40d0-918c-1188d4fabc52-1-212x300.jpg 212w, https:\/\/www.radiopiu.net\/wordpress\/wp-content\/uploads\/2024\/05\/f2117638-681b-40d0-918c-1188d4fabc52-1-722x1024.jpg 722w, https:\/\/www.radiopiu.net\/wordpress\/wp-content\/uploads\/2024\/05\/f2117638-681b-40d0-918c-1188d4fabc52-1-768x1089.jpg 768w, https:\/\/www.radiopiu.net\/wordpress\/wp-content\/uploads\/2024\/05\/f2117638-681b-40d0-918c-1188d4fabc52-1-1083x1536.jpg 1083w, https:\/\/www.radiopiu.net\/wordpress\/wp-content\/uploads\/2024\/05\/f2117638-681b-40d0-918c-1188d4fabc52-1.jpg 1128w\" sizes=\"auto, (max-width: 212px) 100vw, 212px\" \/><\/a>\n\t\t\t\t<\/dt><\/dl><br style=\"clear: both\" \/>\n\t\t\t<\/div>\n\n<p>&nbsp;<\/p>\n<hr \/>\n<p>&nbsp;<\/p>\n<h2><span style=\"color: #ff6600;\">IERI ALLA RADIO<\/span><\/h2>\n<h2><span style=\"color: #800080;\">LIBER, DI LIANA CAVALLET<\/span><\/h2>\n<p><strong>PUNTATA 37 22 MAGGIO 2024 &#8211; ORA SEI UNA STELLA &#8220;LUIGI GARLANDO&#8221;<\/strong><\/p>\n\n\t\t\t<style type='text\/css'>\n\t\t\t\t#gallery-9 {\n\t\t\t\t\tmargin: auto;\n\t\t\t\t}\n\t\t\t\t#gallery-9 .gallery-item {\n\t\t\t\t\tfloat: left;\n\t\t\t\t\tmargin-top: 10px;\n\t\t\t\t\ttext-align: center;\n\t\t\t\t\twidth: 100%;\n\t\t\t\t}\n\t\t\t\t#gallery-9 img {\n\t\t\t\t\tborder: 2px solid #cfcfcf;\n\t\t\t\t}\n\t\t\t\t#gallery-9 .gallery-caption {\n\t\t\t\t\tmargin-left: 0;\n\t\t\t\t}\n\t\t\t\t\/* see gallery_shortcode() in wp-includes\/media.php *\/\n\t\t\t<\/style>\n\t\t<div id='gallery-9' class='dt-gallery-container gallery galleryid-391220 gallery-columns-1 gallery-size-medium'><dl class='gallery-item'>\n\t\t\t\t<dt class='gallery-icon portrait'>\n\t\t\t\t\t<a class=\"rollover rollover-zoom dt-pswp-item\" title=\"851e0100-502a-4cbd-b223-94d09dc7d344\" data-dt-img-description=\"\" data-large_image_width=\"371\" data-large_image_height=\"549\"href='https:\/\/www.radiopiu.net\/wordpress\/wp-content\/uploads\/2024\/05\/851e0100-502a-4cbd-b223-94d09dc7d344.jpg'><img loading=\"lazy\" decoding=\"async\" width=\"203\" height=\"300\" src=\"https:\/\/www.radiopiu.net\/wordpress\/wp-content\/uploads\/2024\/05\/851e0100-502a-4cbd-b223-94d09dc7d344-203x300.jpg\" class=\"attachment-medium size-medium\" alt=\"\" srcset=\"https:\/\/www.radiopiu.net\/wordpress\/wp-content\/uploads\/2024\/05\/851e0100-502a-4cbd-b223-94d09dc7d344-203x300.jpg 203w, https:\/\/www.radiopiu.net\/wordpress\/wp-content\/uploads\/2024\/05\/851e0100-502a-4cbd-b223-94d09dc7d344.jpg 371w\" sizes=\"auto, (max-width: 203px) 100vw, 203px\" \/><\/a>\n\t\t\t\t<\/dt><\/dl><br style=\"clear: both\" \/>\n\t\t\t<\/div>\n\n<audio class=\"wp-audio-shortcode\" id=\"audio-391220-10\" preload=\"none\" style=\"width: 100%;\" controls=\"controls\"><source type=\"audio\/mpeg\" src=\"https:\/\/www.radiopiu.net\/wordpress\/wp-content\/uploads\/2024\/05\/LIANA-2.mp3?_=10\" \/><a href=\"https:\/\/www.radiopiu.net\/wordpress\/wp-content\/uploads\/2024\/05\/LIANA-2.mp3\">https:\/\/www.radiopiu.net\/wordpress\/wp-content\/uploads\/2024\/05\/LIANA-2.mp3<\/a><\/audio>\n<p>&nbsp;<\/p>\n<h2>LA RACCOLTA COMPLETA <a href=\"https:\/\/www.radiopiu.net\/wordpress\/liber-di-liana-cavallet-la-raccolta\/\"><span style=\"color: #3366ff;\">CLICCA QUI<\/span><\/a><\/h2>\n<p>&nbsp;<\/p>\n<hr \/>\n<p>&nbsp;<\/p>\n<h2><span style=\"color: #008000;\">CISL E FEMCA CISL LA VOCE PER I LAVORATORI<\/span><\/h2>\n<p><a class=\"dt-pswp-item\" href=\"https:\/\/www.radiopiu.net\/wordpress\/wp-content\/uploads\/2022\/01\/th-7.jpg\" data-dt-img-description=\"\" data-large_image_width=\"202\" data-large_image_height=\"202\"><img loading=\"lazy\" decoding=\"async\" class=\" wp-image-253706 alignleft\" src=\"https:\/\/www.radiopiu.net\/wordpress\/wp-content\/uploads\/2022\/01\/th-7.jpg\" alt=\"\" width=\"96\" height=\"96\" srcset=\"https:\/\/www.radiopiu.net\/wordpress\/wp-content\/uploads\/2022\/01\/th-7.jpg 202w, https:\/\/www.radiopiu.net\/wordpress\/wp-content\/uploads\/2022\/01\/th-7-150x150.jpg 150w\" sizes=\"auto, (max-width: 96px) 100vw, 96px\" \/><\/a>22 maggio 2024<\/p>\n<p><strong>PUNTATA 72 ANTONIO TURCO<\/strong><\/p>\n<audio class=\"wp-audio-shortcode\" id=\"audio-391220-11\" preload=\"none\" style=\"width: 100%;\" controls=\"controls\"><source type=\"audio\/mpeg\" src=\"https:\/\/www.radiopiu.net\/wordpress\/wp-content\/uploads\/2024\/05\/FEMCA-CISL.mp3?_=11\" \/><a href=\"https:\/\/www.radiopiu.net\/wordpress\/wp-content\/uploads\/2024\/05\/FEMCA-CISL.mp3\">https:\/\/www.radiopiu.net\/wordpress\/wp-content\/uploads\/2024\/05\/FEMCA-CISL.mp3<\/a><\/audio>\n<p>&nbsp;<\/p>\n<h2>LA RACCOLTA COMPLETA <a href=\"https:\/\/www.radiopiu.net\/wordpress\/cisl-e-femca-cisl-la-vocef\/\"><span style=\"color: #3366ff;\">CLICCA QUI<\/span><\/a><\/h2>\n<p>&nbsp;<\/p>\n<hr \/>\n<p>&nbsp;<\/p>\n<h2><span style=\"color: #00ccff;\"><a class=\"dt-pswp-item\" href=\"https:\/\/www.radiopiu.net\/wordpress\/wp-content\/uploads\/2022\/11\/scuola-zaino.jpeg\" data-dt-img-description=\"\" data-large_image_width=\"626\" data-large_image_height=\"417\"><img loading=\"lazy\" decoding=\"async\" class=\" wp-image-306830 alignleft\" src=\"https:\/\/www.radiopiu.net\/wordpress\/wp-content\/uploads\/2022\/11\/scuola-zaino-300x200.jpeg\" alt=\"\" width=\"149\" height=\"99\" srcset=\"https:\/\/www.radiopiu.net\/wordpress\/wp-content\/uploads\/2022\/11\/scuola-zaino-300x200.jpeg 300w, https:\/\/www.radiopiu.net\/wordpress\/wp-content\/uploads\/2022\/11\/scuola-zaino.jpeg 626w\" sizes=\"auto, (max-width: 149px) 100vw, 149px\" \/><\/a>SE NON LA SMETTI TI MANDO DAL PRESIDE<\/span><\/h2>\n<p><strong>DI MIRKO MEZZACASA<\/strong><\/p>\n<p>CON MARIA ROSA SALMAZO<\/p>\n<audio class=\"wp-audio-shortcode\" id=\"audio-391220-12\" preload=\"none\" style=\"width: 100%;\" controls=\"controls\"><source type=\"audio\/mpeg\" src=\"https:\/\/www.radiopiu.net\/wordpress\/wp-content\/uploads\/2024\/05\/PRESIDE-3.mp3?_=12\" \/><a href=\"https:\/\/www.radiopiu.net\/wordpress\/wp-content\/uploads\/2024\/05\/PRESIDE-3.mp3\">https:\/\/www.radiopiu.net\/wordpress\/wp-content\/uploads\/2024\/05\/PRESIDE-3.mp3<\/a><\/audio>\n<p>&nbsp;<\/p>\n<hr \/>\n<p>&nbsp;<\/p>\n<h2><span style=\"color: #000000;\">CINE HITS, ALLA SCOPERTA DELLE COLONNE SONORE<\/span><\/h2>\n<p><strong><a class=\"dt-pswp-item\" href=\"https:\/\/www.radiopiu.net\/wordpress\/wp-content\/uploads\/2024\/05\/9-SETT.jpg\" data-dt-img-description=\"\" data-large_image_width=\"420\" data-large_image_height=\"610\"><img loading=\"lazy\" decoding=\"async\" class=\" wp-image-391297 alignleft\" src=\"https:\/\/www.radiopiu.net\/wordpress\/wp-content\/uploads\/2024\/05\/9-SETT-207x300.jpg\" alt=\"\" width=\"93\" height=\"135\" srcset=\"https:\/\/www.radiopiu.net\/wordpress\/wp-content\/uploads\/2024\/05\/9-SETT-207x300.jpg 207w, https:\/\/www.radiopiu.net\/wordpress\/wp-content\/uploads\/2024\/05\/9-SETT.jpg 420w\" sizes=\"auto, (max-width: 93px) 100vw, 93px\" \/><\/a>22 MAGGIO &#8211; 9 SETTIMANE E MEZZO<\/strong><\/p>\n<audio class=\"wp-audio-shortcode\" id=\"audio-391220-13\" preload=\"none\" style=\"width: 100%;\" controls=\"controls\"><source type=\"audio\/mpeg\" src=\"https:\/\/www.radiopiu.net\/wordpress\/wp-content\/uploads\/2024\/05\/CINE2-2.mp3?_=13\" \/><a href=\"https:\/\/www.radiopiu.net\/wordpress\/wp-content\/uploads\/2024\/05\/CINE2-2.mp3\">https:\/\/www.radiopiu.net\/wordpress\/wp-content\/uploads\/2024\/05\/CINE2-2.mp3<\/a><\/audio>\n<p>&nbsp;<\/p>\n<h2>LA RACCOLTA COMPLETA <a href=\"https:\/\/www.radiopiu.net\/wordpress\/cine-hits-alla-scoperta-delle-colonne-sonore-la-raccolta\/\"><span style=\"color: #3366ff;\">CLICCA QUI<\/span><\/a><\/h2>\n<p>&nbsp;<\/p>\n<hr \/>\n<p>&nbsp;<\/p>\n<blockquote class=\"wp-embedded-content\" data-secret=\"LAjPaDAmYW\"><p><a href=\"https:\/\/www.radiopiu.net\/wordpress\/rimasti-piu-avanti-34\/\">&#8220;RIMASTI PIU&#8217; AVANTI&#8221;, ALLA SCOPERTA DELLA MUSICA BELLUNESE CON MARCO V. DAL FARRA<\/a><\/p><\/blockquote>\n<p><iframe loading=\"lazy\" class=\"wp-embedded-content\" sandbox=\"allow-scripts\" security=\"restricted\" style=\"position: absolute; clip: rect(1px, 1px, 1px, 1px);\" title=\"&#8220;&#8220;RIMASTI PIU&#8217; AVANTI&#8221;, ALLA SCOPERTA DELLA MUSICA BELLUNESE CON MARCO V. DAL FARRA&#8221; &#8212; Radio Pi\u00f9\" src=\"https:\/\/www.radiopiu.net\/wordpress\/rimasti-piu-avanti-34\/embed\/#?secret=ZUpyhnjeQW#?secret=LAjPaDAmYW\" data-secret=\"LAjPaDAmYW\" width=\"600\" height=\"338\" frameborder=\"0\" marginwidth=\"0\" marginheight=\"0\" scrolling=\"no\"><\/iframe><\/p>\n<p>&nbsp;<\/p>\n<hr \/>\n<p>&nbsp;<\/p>\n<blockquote class=\"wp-embedded-content\" data-secret=\"h1clJjuUdY\"><p><a href=\"https:\/\/www.radiopiu.net\/wordpress\/coopcortinapun06\/\">COOPERATIVA DI CORTINA, OLTRE LO SHOPPING UN&#8217;ESPERIENZA DA VIVERE &#8211; LA RACCOLTA<\/a><\/p><\/blockquote>\n<p><iframe loading=\"lazy\" class=\"wp-embedded-content\" sandbox=\"allow-scripts\" security=\"restricted\" style=\"position: absolute; clip: rect(1px, 1px, 1px, 1px);\" title=\"&#8220;COOPERATIVA DI CORTINA, OLTRE LO SHOPPING UN&#8217;ESPERIENZA DA VIVERE &#8211; LA RACCOLTA&#8221; &#8212; Radio Pi\u00f9\" src=\"https:\/\/www.radiopiu.net\/wordpress\/coopcortinapun06\/embed\/#?secret=2fJAZdU5wf#?secret=h1clJjuUdY\" data-secret=\"h1clJjuUdY\" width=\"600\" height=\"338\" frameborder=\"0\" marginwidth=\"0\" marginheight=\"0\" scrolling=\"no\"><\/iframe><\/p>\n<p>&nbsp;<\/p>\n<hr \/>\n<p>&nbsp;<\/p>\n<h2><span style=\"color: #ff0000;\"><a class=\"dt-pswp-item\" href=\"https:\/\/www.radiopiu.net\/wordpress\/wp-content\/uploads\/2018\/09\/appuntamenti.jpeg\" data-dt-img-description=\"\" data-large_image_width=\"800\" data-large_image_height=\"100\"><img loading=\"lazy\" decoding=\"async\" class=\"wp-image-61958 size-full aligncenter\" src=\"https:\/\/www.radiopiu.net\/wordpress\/wp-content\/uploads\/2018\/09\/appuntamenti.jpeg\" alt=\"\" width=\"800\" height=\"100\" srcset=\"https:\/\/www.radiopiu.net\/wordpress\/wp-content\/uploads\/2018\/09\/appuntamenti.jpeg 800w, https:\/\/www.radiopiu.net\/wordpress\/wp-content\/uploads\/2018\/09\/appuntamenti-300x38.jpeg 300w, https:\/\/www.radiopiu.net\/wordpress\/wp-content\/uploads\/2018\/09\/appuntamenti-768x96.jpeg 768w\" sizes=\"auto, (max-width: 800px) 100vw, 800px\" \/><\/a><\/span><\/h2>\n<div>\n<div class=\"\" dir=\"auto\">\n<div id=\":r9h:\" class=\"x1iorvi4 x1pi30zi x1l90r2v x1swvt13\" data-ad-comet-preview=\"message\" data-ad-preview=\"message\">\n\n\t\t\t<style type='text\/css'>\n\t\t\t\t#gallery-10 {\n\t\t\t\t\tmargin: auto;\n\t\t\t\t}\n\t\t\t\t#gallery-10 .gallery-item {\n\t\t\t\t\tfloat: left;\n\t\t\t\t\tmargin-top: 10px;\n\t\t\t\t\ttext-align: center;\n\t\t\t\t\twidth: 50%;\n\t\t\t\t}\n\t\t\t\t#gallery-10 img {\n\t\t\t\t\tborder: 2px solid #cfcfcf;\n\t\t\t\t}\n\t\t\t\t#gallery-10 .gallery-caption {\n\t\t\t\t\tmargin-left: 0;\n\t\t\t\t}\n\t\t\t\t\/* see gallery_shortcode() in wp-includes\/media.php *\/\n\t\t\t<\/style>\n\t\t<div id='gallery-10' class='dt-gallery-container gallery galleryid-391220 gallery-columns-2 gallery-size-thumbnail'><dl class='gallery-item'>\n\t\t\t\t<dt class='gallery-icon portrait'>\n\t\t\t\t\t<a class=\"rollover\" href='https:\/\/www.radiopiu.net\/wordpress\/giornale-radiopiu-23-maggio-2024-direttore-mirko-mezzacasada-40-anni-25-giugno-1983-25-giugno-2023\/e651a95f-423a-40f9-827a-3ba70bd26776\/'><img loading=\"lazy\" decoding=\"async\" width=\"150\" height=\"150\" src=\"https:\/\/www.radiopiu.net\/wordpress\/wp-content\/uploads\/2024\/05\/e651a95f-423a-40f9-827a-3ba70bd26776-150x150.jpg\" class=\"attachment-thumbnail size-thumbnail\" alt=\"\" aria-describedby=\"gallery-10-391342\" \/><\/a>\n\t\t\t\t<\/dt>\n\t\t\t\t\t<dd class='wp-caption-text gallery-caption' id='gallery-10-391342'>\n\t\t\t\t\tSAGRA DE SANT&#8217;ANTONI A RIVAMONTE\n\t\t\t\t\t<\/dd><\/dl><dl class='gallery-item'>\n\t\t\t\t<dt class='gallery-icon portrait'>\n\t\t\t\t\t<a class=\"rollover\" href='https:\/\/www.radiopiu.net\/wordpress\/giornale-radiopiu-23-maggio-2024-direttore-mirko-mezzacasada-40-anni-25-giugno-1983-25-giugno-2023\/4f200081-e4c5-4b25-97be-5145b1cf479f\/'><img loading=\"lazy\" decoding=\"async\" width=\"150\" height=\"150\" src=\"https:\/\/www.radiopiu.net\/wordpress\/wp-content\/uploads\/2024\/05\/4f200081-e4c5-4b25-97be-5145b1cf479f-150x150.jpg\" class=\"attachment-thumbnail size-thumbnail\" alt=\"\" aria-describedby=\"gallery-10-391343\" \/><\/a>\n\t\t\t\t<\/dt>\n\t\t\t\t\t<dd class='wp-caption-text gallery-caption' id='gallery-10-391343'>\n\t\t\t\t\tIL CIRCUITO RIVA RON\n\t\t\t\t\t<\/dd><\/dl><br style=\"clear: both\" \/>\n\t\t\t<\/div>\n\n<\/div>\n<\/div>\n<\/div>\n<p><strong>AGORDO<\/strong> MAGGIO AGORDINO, CONOSCERE IL TERRITORIO, CON L&#8217;ASSOCIAZIONE PERITI MINERARI DI AGORDO QUATTRO APPUNTAMENTI, PER QUATTRO VENERDI ALLE 20.30 IN SALA DON TAMIS, AD AGORDO, CON INGRESSO LIBERO A TUTTI\u00a0 DOMANI ENERGIA E AMBIENTE DI MONTAGNA con l&#8217;ingegner Adriano Luchetta MAGGIO AGORDINO&#8230; CON L&#8217;APIM, I VENERDI DI SERA IN SALA DON TAMIS<\/p>\n<p><strong>AGORDO<\/strong> Giornata gratuita dedicata alla densitometria ossea, domani ad Agordo, presso la Parafarmacia della dottoressa Nadia B\u00f9lf, al centro commerciale GANZ, Test gratuito, durata circa 20 minuti. Per informazioni e prenotazioni, chiama\u00a0 lo 0437.866683, ci trovi sui social: Instagram &#8211; Facebook, oppure passa direttamente in parafarmacia, VENERDI 24 MAGGIO in parafarmacia ad AGORDO, la giornata gratuita della densitometria ossea<\/p>\n<p><strong>BELLUNO<\/strong> Il Circolo Culturale Bellunese organizza il tradizionale concerto dedicato al vincitore del Premio Venezia, con un&#8217;emozione speciale quest&#8217;anno: si esibir\u00e0 il pianista bellunese Giacomo Menegardi, vincitore del Premio Venezia 2023. L&#8217;evento si terr\u00e0 domani alle 20:30 al Teatro Dino Buzzati di Belluno, dove il pubblico applaudir\u00e0 un talento locale riconosciuto a livello internazionale.<\/p>\n<p><strong>BELLUNO <\/strong>L&#8217;Associazione culturale Tina Merlin e l&#8217;Associazione Bellunesi nel Mondo, in collaborazione con la Biblioteca delle migrazioni \u201cDino Buzzati\u201d, propongono la presentazione del libro \u201cChiamami Giulietta\u201d, di Vichi De Marchi (Feltrinelli, 2024). Appuntamento domani a Belluno, alle 18 in sede ABM<\/p>\n<p><strong>BELLUNO<\/strong> Sabato alle 17:30 in sala teatro del centro congressi di Piazza Piloni &#8220;Storia del mondo dal Big Bang a Oggi&#8221;,\u00a0 Un viaggio attraverso la storia dell&#8217;universo, dal Big Bang fino ai giorni nostri. Un&#8217;occasione per riflettere su come il nostro futuro sia profondamente legato ai nostri antenati e alla nostra storia, inclusi i Sapiens che, nonostante le loro paure, dipingevano mammut sulle pareti delle loro caverne.<\/p>\n<p><strong>FELTRE\u00a0<\/strong>Sabato 25 maggio alle 21 al Centro Astronomico di Arson a Feltre un incontro con l&#8217;astronomico Giuliano Vanin per parlare degli asteroidi killer<\/p>\n<p><strong>BELLUNO<\/strong> Il\u00a0Circolo Burraco Belluno APS, affiliato FITAB e recentemente costituito, organizza il 1\u00b0 Torneo Provinciale di Belluno. L&#8217;evento si terr\u00e0 domenica 26 maggio a partire dalle ore 15.00 presso l&#8217;agriturismo Rio Cavalli.<\/p>\n<h2><span style=\"color: #ff0000;\">PROSSIMAMENTE<\/span><\/h2>\n<p>RIVA&#8230;&#8230;.RONNNNNNNNN corsa podistica non competitiva. DOMENICA 9 GIUGNO, PARTENZA ALLE 10 DALLA CASA DELLA GIOVENTU&#8217; DI RIVAMONTE. DUE PERCORSI&#8230; TANTI PREMI, pasta party, premiazioni e musica con DJ Tom\u00e8<\/p>\n<p>Preparatevi a scatenare la vostra energia e a superare i vostri limiti con CorriPoi 2024. Il trofeo di Corse Podistiche a tappe Nell&#8217;Agordino, quattro tappe emozionanti, ognuna delle quali vi porter\u00e0 a scoprire le bellezze naturali del territorio. 9 GIUGNO RIVAMONTE, 22 GIUGNO FRASSENE&#8217;, 7 LUGLIO FORCELLA AURINE, 7 SETTEMBRE VOLTAGO Alla CorriPoi parteciperanno, fianco a fianco, forti runner, atleti della domenica, famiglie, gruppi di amici, giovani corridori in erba, tutti con l&#8217;obiettivo di correre e di divertirsi. Corri verso la vittoria, corri verso il trofeo Alpenpluss. Regolamento delle quattro gare sul sito KEEPSPORTING.COM, in collaborazione con Kiwi Sport, abbigliamento sportivo per tutta la famiglia, ad ALLEGHE- CENCENIGHE &#8211; BELLUNO<\/p>\n<p>LA PRO LOCO DI RIVAMONTE TI INVITA ALLA SAGRA DE SANT&#8217;ANTONI, DAL 12 AL 16 GIUGNO<br \/>\nMERCOLEDI 12 GIUGNO, GNOCH CO LA POINA, IL PIATTO TIPICO E ALTRE SPECIALIT\u00e0, MUSICA CON LINO<br \/>\nGIOVEDI 13 GIUGNO PRANZO E CENA, DALLE 21 LA MUSICA DI EROS E KARIM<br \/>\nVENERDI 14 GIUGNO A CENA &#8220;PANET ONTI, WURSTEL PATATINE E BIRRA, PROIEZIONE DEL VIDEO SOSPIROLO-NEPAL IN BICI DI FAUSTO DE POI E DALLE 22 CONCERTO CON I BLACK OUT<br \/>\nSABATO 15 SERATA DANZANTE CON LA SPRITZ BAND, A SEGUIRE DJ MORGAN E BATTAGLIA, CHIUSCO COCKTAIL ALL&#8217;ESTERNO DEL TENDONE<br \/>\nDOMENICA 16 PRANZO ALLE 12, POMERIGGIO CON I GRUPPI BATI ORZ DI SANT TOMASO E FOLK DEL POI<br \/>\nALLA CASA DELLA GIOVENTU&#8217; PESCA DI BENEFICIENZA, IN CHIESA I CORDONI DI SANT&#8217;ANTONIO.<\/p>\n<p>&nbsp;<\/p>\n<hr \/>\n<p>&nbsp;<\/p>\n<p><a class=\"dt-pswp-item\" href=\"https:\/\/www.radiopiu.net\/wordpress\/wp-content\/uploads\/2018\/09\/viabilita.jpeg\" data-dt-img-description=\"\" data-large_image_width=\"800\" data-large_image_height=\"100\"><img loading=\"lazy\" decoding=\"async\" class=\"aligncenter wp-image-61954 size-full\" src=\"https:\/\/www.radiopiu.net\/wordpress\/wp-content\/uploads\/2018\/09\/viabilita.jpeg\" alt=\"\" width=\"800\" height=\"100\" srcset=\"https:\/\/www.radiopiu.net\/wordpress\/wp-content\/uploads\/2018\/09\/viabilita.jpeg 800w, https:\/\/www.radiopiu.net\/wordpress\/wp-content\/uploads\/2018\/09\/viabilita-300x38.jpeg 300w, https:\/\/www.radiopiu.net\/wordpress\/wp-content\/uploads\/2018\/09\/viabilita-768x96.jpeg 768w\" sizes=\"auto, (max-width: 800px) 100vw, 800px\" \/><\/a><\/p>\n<p>&nbsp;<\/p>\n<p><a class=\"dt-pswp-item\" href=\"https:\/\/www.radiopiu.net\/wordpress\/wp-content\/uploads\/2023\/12\/botol-car-service.jpg\" data-dt-img-description=\"\" data-large_image_width=\"600\" data-large_image_height=\"600\"><img loading=\"lazy\" decoding=\"async\" class=\"size-medium wp-image-367044 aligncenter\" src=\"https:\/\/www.radiopiu.net\/wordpress\/wp-content\/uploads\/2023\/12\/botol-car-service-300x300.jpg\" alt=\"\" width=\"300\" height=\"300\" srcset=\"https:\/\/www.radiopiu.net\/wordpress\/wp-content\/uploads\/2023\/12\/botol-car-service-300x300.jpg 300w, https:\/\/www.radiopiu.net\/wordpress\/wp-content\/uploads\/2023\/12\/botol-car-service-150x150.jpg 150w, https:\/\/www.radiopiu.net\/wordpress\/wp-content\/uploads\/2023\/12\/botol-car-service.jpg 600w\" sizes=\"auto, (max-width: 300px) 100vw, 300px\" \/><\/a><\/p>\n<p>&nbsp;<\/p>\n<p>&nbsp;<\/p>\n<h1>BOLLETTINO QUOTIDIANO, CLICCA QUI<\/h1>\n<blockquote class=\"wp-embedded-content\" data-secret=\"WFpg0yntH3\"><p><a href=\"https:\/\/www.radiopiu.net\/wordpress\/viabilita\/\">viabilita<\/a><\/p><\/blockquote>\n<p><iframe loading=\"lazy\" class=\"wp-embedded-content\" sandbox=\"allow-scripts\" security=\"restricted\" style=\"position: absolute; clip: rect(1px, 1px, 1px, 1px);\" title=\"&#8220;viabilita&#8221; &#8212; Radio Pi\u00f9\" src=\"https:\/\/www.radiopiu.net\/wordpress\/viabilita\/embed\/#?secret=3LczqkocBA#?secret=WFpg0yntH3\" data-secret=\"WFpg0yntH3\" width=\"600\" height=\"338\" frameborder=\"0\" marginwidth=\"0\" marginheight=\"0\" scrolling=\"no\"><\/iframe><\/p>\n<p>&nbsp;<\/p>\n<p>&nbsp;<\/p>\n<p>&nbsp;<\/p>\n<hr \/>\n<p>&nbsp;<\/p>\n<p><a class=\"dt-pswp-item\" href=\"https:\/\/www.radiopiu.net\/wordpress\/wp-content\/uploads\/2018\/09\/WhatsApp-Image-2018-09-20-at-16.04.06.jpeg\" data-dt-img-description=\"\" data-large_image_width=\"800\" data-large_image_height=\"100\"><img loading=\"lazy\" decoding=\"async\" class=\"wp-image-61378 size-full aligncenter\" src=\"https:\/\/www.radiopiu.net\/wordpress\/wp-content\/uploads\/2018\/09\/WhatsApp-Image-2018-09-20-at-16.04.06.jpeg\" alt=\"\" width=\"800\" height=\"100\" srcset=\"https:\/\/www.radiopiu.net\/wordpress\/wp-content\/uploads\/2018\/09\/WhatsApp-Image-2018-09-20-at-16.04.06.jpeg 800w, https:\/\/www.radiopiu.net\/wordpress\/wp-content\/uploads\/2018\/09\/WhatsApp-Image-2018-09-20-at-16.04.06-300x38.jpeg 300w, https:\/\/www.radiopiu.net\/wordpress\/wp-content\/uploads\/2018\/09\/WhatsApp-Image-2018-09-20-at-16.04.06-768x96.jpeg 768w\" sizes=\"auto, (max-width: 800px) 100vw, 800px\" \/><\/a><\/p>\n<p><center><\/center><center><\/center><center><\/center><center><\/center><center><\/center><center><\/center>&nbsp;<\/p>\n<p><center><\/center><center><\/center><center><\/center><center><\/center><center><\/center><center><b>OGGI<\/b><\/center>Tempo di nuovo variabile con qualche tratto soleggiato e nuvolosit\u00e0 irregolare al mattino, poi il tempo diverr\u00e0 instabile con aumento della copertura, anche per forte attivit\u00e0 cumuliforme, associata a frequenti rovesci e temporali pomeridiani.<br \/>\n<b>Precipitazioni: <\/b>Al mattino pressoch\u00e9 assenti. Dalle ore probabilit\u00e0 in aumento fino ad alta per rovesci e temporali, in esaurimento in serata.<br \/>\n<b>Temperature: <\/b>Minime senza notevoli variazioni o in lieve flessione, specie in quota, dove saranno osservate alla sera. Massime in leggera flessione.<\/p>\n<hr \/>\n<p><center><b>DOMANI<\/b><\/center>Al mattino tratti soleggiati, localmente ampi, e nuvolosit\u00e0 irregolari. Dalle ore centrali in poi aumento della nuvolosit\u00e0, anche per forte attivit\u00e0 cumuliforme e, seppur minore, l&#8217;instabilit\u00e0 sar\u00e0 ancora presente..<br \/>\n<b>Precipitazioni: <\/b>Al mattino assenti. Al pomeriggio probabilit\u00e0 media per rovesci, l&#8217;insidia temporalesca sar\u00e0 minore, specie sulle Dolomiti, dove potrebbero non verificarsi.<br \/>\n<b>Temperature: <\/b>Minime in leggera diminuzione, specie in caso d&#8217;irraggiamento notturno; massime in leggero aumento nelle valli<\/p>\n<hr \/>\n<p><center><b>SABATO<\/b><\/center>Tempo variabile\/instabile con qualche schiarita in un contesto prevalentemente nuvoloso, a tratti molto nuvoloso, anche per addensamenti cumuliformi associati a rovesci sparsi al mattino e pi\u00f9 frequenti tra le ore centrali e il primo pomeriggio, localmente temporaleschi. Temperature senza notevoli variazioni, salvo qualche lieve diminuzione.<\/p>\n<hr \/>\n<p><center><b>DOMENICA<\/b><\/center>Al mattino sole e cielo sereno, assieme ad aria nitida e ottima visibilit\u00e0. Al pomeriggio riduzione del soleggiamento per modesta attivit\u00e0 cumuliforme sulle Dolomiti, localmente moderata sulle Prealpi. Il rischio di fenomeni convettivi sar\u00e0 assente sulle prime e sembra del tutto scongiurato sulle seconde. Temperature minime in calo e massime in aumento con contesto termico diurno di nuovo primaverile.<\/p>\n<p>&nbsp;<\/p>\n<hr \/>\n<p>&nbsp;<\/p>\n<p><img loading=\"lazy\" decoding=\"async\" class=\"wp-image-60761 size-full aligncenter\" src=\"https:\/\/www.radiopiu.net\/wordpress\/wp-content\/uploads\/2018\/09\/sport.jpg\" alt=\"\" width=\"800\" height=\"100\" srcset=\"https:\/\/www.radiopiu.net\/wordpress\/wp-content\/uploads\/2018\/09\/sport.jpg 800w, https:\/\/www.radiopiu.net\/wordpress\/wp-content\/uploads\/2018\/09\/sport-300x38.jpg 300w, https:\/\/www.radiopiu.net\/wordpress\/wp-content\/uploads\/2018\/09\/sport-768x96.jpg 768w\" sizes=\"auto, (max-width: 800px) 100vw, 800px\" \/><\/p>\n<p>&nbsp;<\/p>\n<p><span style=\"color: #0000ff;\"><strong>HOCKEY<\/strong><\/span><\/p>\n<blockquote>\n<h3>LE GIOVANILI DELL&#8217;ALLEGHE HOCKEY INIZIANO LA PREPARAZIONE<\/h3>\n<\/blockquote>\n<p><strong>REDAZIONE<\/strong> A distanza di un paio di mesi dal termine della stagione agonistica 2023\/2024 e in vista di quella nuova, l\u2019Alleghe Hockey ha gi\u00e0 ripreso la preparazione estiva dei ragazzi Under 12, 14, 16 e 19 agli ordini di coach Marco Vrba e con la sempre preziosa collaborazione di Paolo De Biasio. A giugno inizieranno anche i pi\u00f9 piccoli, seguiti dallo staff storico, con la novit\u00e0 degli innesti mirati di Diego De Silvestro e Alessandro Lacalaprice, che avranno il compito di preparare e far divertire le giovani leve.<br \/>\nIn veste di nuovo responsabile delle giovanili biancorosse, queste le parole di Alberto Fontanive: \u201cSono entusiasta di ripartire con un ruolo importante e per questo sono onorato per la fiducia che mi \u00e8 stata data. Abbiamo costruito un ottimo gruppo con persone di esperienza e giovani volenterosi. Ogni Under ha il suo staff, dagli allenatori ai preparatori atletici fino ai team leader. Ringrazio tutti i collaboratori per il loro prezioso lavoro e un ringraziamento va anche ai volontari che guidano i pulmini per il servizio trasporto dei ragazzi, tutte figure che hanno fin da subito mostrato entusiasmo e collaborazione. Sono convinto che la strada sia quella giusta per costruire una grande famiglia biancorossa e dobbiamo tutti essere orgogliosi di rappresentare questa storica Societ\u00e0\u201d.<\/p>\n\n\t\t\t<style type='text\/css'>\n\t\t\t\t#gallery-11 {\n\t\t\t\t\tmargin: auto;\n\t\t\t\t}\n\t\t\t\t#gallery-11 .gallery-item {\n\t\t\t\t\tfloat: left;\n\t\t\t\t\tmargin-top: 10px;\n\t\t\t\t\ttext-align: center;\n\t\t\t\t\twidth: 25%;\n\t\t\t\t}\n\t\t\t\t#gallery-11 img {\n\t\t\t\t\tborder: 2px solid #cfcfcf;\n\t\t\t\t}\n\t\t\t\t#gallery-11 .gallery-caption {\n\t\t\t\t\tmargin-left: 0;\n\t\t\t\t}\n\t\t\t\t\/* see gallery_shortcode() in wp-includes\/media.php *\/\n\t\t\t<\/style>\n\t\t<div id='gallery-11' class='dt-gallery-container gallery galleryid-391220 gallery-columns-4 gallery-size-thumbnail'><dl class='gallery-item'>\n\t\t\t\t<dt class='gallery-icon landscape'>\n\t\t\t\t\t<a class=\"rollover rollover-zoom dt-pswp-item\" title=\"6f0e2887-5760-480d-8b23-b35d9444c3cf\" data-dt-img-description=\"\" data-large_image_width=\"1536\" data-large_image_height=\"1179\"href='https:\/\/www.radiopiu.net\/wordpress\/wp-content\/uploads\/2024\/05\/6f0e2887-5760-480d-8b23-b35d9444c3cf.jpg'><img loading=\"lazy\" decoding=\"async\" width=\"150\" height=\"150\" src=\"https:\/\/www.radiopiu.net\/wordpress\/wp-content\/uploads\/2024\/05\/6f0e2887-5760-480d-8b23-b35d9444c3cf-150x150.jpg\" class=\"attachment-thumbnail size-thumbnail\" alt=\"\" \/><\/a>\n\t\t\t\t<\/dt><\/dl><dl class='gallery-item'>\n\t\t\t\t<dt class='gallery-icon landscape'>\n\t\t\t\t\t<a class=\"rollover rollover-zoom dt-pswp-item\" title=\"8a78a3c2-3966-4dd3-9870-2a5a73d8f954\" data-dt-img-description=\"\" data-large_image_width=\"1454\" data-large_image_height=\"1169\"href='https:\/\/www.radiopiu.net\/wordpress\/wp-content\/uploads\/2024\/05\/8a78a3c2-3966-4dd3-9870-2a5a73d8f954.jpg'><img loading=\"lazy\" decoding=\"async\" width=\"150\" height=\"150\" src=\"https:\/\/www.radiopiu.net\/wordpress\/wp-content\/uploads\/2024\/05\/8a78a3c2-3966-4dd3-9870-2a5a73d8f954-150x150.jpg\" class=\"attachment-thumbnail size-thumbnail\" alt=\"\" \/><\/a>\n\t\t\t\t<\/dt><\/dl><dl class='gallery-item'>\n\t\t\t\t<dt class='gallery-icon portrait'>\n\t\t\t\t\t<a class=\"rollover rollover-zoom dt-pswp-item\" title=\"a95c4438-e4a5-4e92-9f09-67e3cb3a80b3\" data-dt-img-description=\"\" data-large_image_width=\"1301\" data-large_image_height=\"1557\"href='https:\/\/www.radiopiu.net\/wordpress\/wp-content\/uploads\/2024\/05\/a95c4438-e4a5-4e92-9f09-67e3cb3a80b3.jpg'><img loading=\"lazy\" decoding=\"async\" width=\"150\" height=\"150\" src=\"https:\/\/www.radiopiu.net\/wordpress\/wp-content\/uploads\/2024\/05\/a95c4438-e4a5-4e92-9f09-67e3cb3a80b3-150x150.jpg\" class=\"attachment-thumbnail size-thumbnail\" alt=\"\" \/><\/a>\n\t\t\t\t<\/dt><\/dl><dl class='gallery-item'>\n\t\t\t\t<dt class='gallery-icon landscape'>\n\t\t\t\t\t<a class=\"rollover rollover-zoom dt-pswp-item\" title=\"82b1fe82-e305-4c45-95cb-0d40fc12f303\" data-dt-img-description=\"\" data-large_image_width=\"1474\" data-large_image_height=\"1208\"href='https:\/\/www.radiopiu.net\/wordpress\/wp-content\/uploads\/2024\/05\/82b1fe82-e305-4c45-95cb-0d40fc12f303.jpg'><img loading=\"lazy\" decoding=\"async\" width=\"150\" height=\"150\" src=\"https:\/\/www.radiopiu.net\/wordpress\/wp-content\/uploads\/2024\/05\/82b1fe82-e305-4c45-95cb-0d40fc12f303-150x150.jpg\" class=\"attachment-thumbnail size-thumbnail\" alt=\"\" \/><\/a>\n\t\t\t\t<\/dt><\/dl><br style=\"clear: both\" \/>\n\t\t\t<\/div>\n\n<p>&nbsp;<\/p>\n<p>&nbsp;<\/p>\n<hr \/>\n<p>&nbsp;<\/p>\n<p><span style=\"color: #0000ff;\"><strong>KARATE<\/strong><\/span><\/p>\n<blockquote>\n<h1>Karate Team Dolomiti 1970: Successi a Caorle<\/h1>\n<h2><\/h2>\n<p>***<\/p>\n<p>&nbsp;<\/p>\n<p><strong><img loading=\"lazy\" decoding=\"async\" class=\"alignleft\" src=\"https:\/\/www.radiopiu.net\/wordpress\/wp-content\/uploads\/2024\/05\/KTD-CAORLE-scaled.jpg\" width=\"233\" height=\"187\" \/>BELLUNO<\/strong> Il Karate Team Dolomiti 1970 ha ottenuto ottimi risultati al Campionato Nazionale Agonisti Karate Libertas tenutosi a Caorle (VE) domenica scorsa. I partecipanti bellunesi Lara Tormen, Viel Leonardo, e la pontalpina Nataly Reveane hanno dimostrato grande abilit\u00e0 sul tatami.<\/p>\n<p>&nbsp;<\/p>\n<p>&nbsp;<\/p>\n<p><strong>Risultati<\/strong>:<\/p>\n<table>\n<thead>\n<tr>\n<th>Atleta<\/th>\n<th>Risultato<\/th>\n<th>Categoria<\/th>\n<\/tr>\n<\/thead>\n<tbody>\n<tr>\n<td>Lara Tormen<\/td>\n<td>Oro<\/td>\n<td>Cadetti, -59 kg<\/td>\n<\/tr>\n<tr>\n<td>Nataly Reveane<\/td>\n<td>Argento<\/td>\n<td>Cadetti, -47 kg<\/td>\n<\/tr>\n<tr>\n<td>Viel Leonardo<\/td>\n<td>Quinto posto<\/td>\n<td><\/td>\n<\/tr>\n<\/tbody>\n<\/table>\n<p>&nbsp;<\/p>\n<p>La Tormen, al suo primo anno di pratica, ha conquistato il gradino pi\u00f9 alto del podio. La Reveane ha ottenuto l&#8217;argento, mentre Viel, nonostante una buona prestazione, si \u00e8 piazzato quinto.<\/p>\n<p>Il Direttore Tecnico Moreno Vittorio, si \u00e8 detto soddisfatto dei giovani atleti. Assente alla competizione la Masoch, che parteciper\u00e0 alla Youth League di Porec in Croazia dal 27 al 30 giugno, una competizione di livello mondiale per giovani dai 12 ai 21 anni.<\/p>\n<p>FOTO DA SINISTRA Viel, Moreno, Reveane e Tormen<\/p>\n<p>&nbsp;<\/p><\/blockquote>\n<p>&nbsp;<\/p>\n<hr \/>\n<p>&nbsp;<\/p>\n<h2><span style=\"color: #00ccff;\">GOODBYE BY BICICLE&#8230;UN VIAGGIO DALL&#8217;INDIA A SEREN DEL GRAPPA IN BICICLETTA<\/span><\/h2>\n<p><span style=\"color: #ff0000;\"><strong>PUNTATA 14 &#8211; GLI ULTIMI ISTANTI IN INDIA ED ORA IN TERRITORIO NEPALESE<\/strong><\/span><\/p>\n<audio class=\"wp-audio-shortcode\" id=\"audio-391220-14\" preload=\"none\" style=\"width: 100%;\" controls=\"controls\"><source type=\"audio\/mpeg\" src=\"https:\/\/www.radiopiu.net\/wordpress\/wp-content\/uploads\/2024\/05\/AIRE-INDIA-PUNTATA-14.mp3?_=14\" \/><a href=\"https:\/\/www.radiopiu.net\/wordpress\/wp-content\/uploads\/2024\/05\/AIRE-INDIA-PUNTATA-14.mp3\">https:\/\/www.radiopiu.net\/wordpress\/wp-content\/uploads\/2024\/05\/AIRE-INDIA-PUNTATA-14.mp3<\/a><\/audio>\n<p>&nbsp;<\/p>\n<p><strong>PER VISITARE I SITI DEI LUOGHI VISITATI, CLICCA SULLE SEGUENTI SCRITTE: <span style=\"color: #3366ff;\"><a href=\"https:\/\/www.ndns.in\/\">NEW DELHI NATURE SOCIETY<\/a>\u00a0 \u00a0<a href=\"https:\/\/nafan.org\/\">NATIONAL FORUM FOR AVOCACY NEPAL<\/a>\u00a0 \u00a0<a href=\"https:\/\/dpsrudrapur.com\/\">DHELI PUBBLIC SCHOOL<\/a><\/span><\/strong><\/p>\n<p>&nbsp;<\/p>\n\n\t\t\t<style type='text\/css'>\n\t\t\t\t#gallery-12 {\n\t\t\t\t\tmargin: auto;\n\t\t\t\t}\n\t\t\t\t#gallery-12 .gallery-item {\n\t\t\t\t\tfloat: left;\n\t\t\t\t\tmargin-top: 10px;\n\t\t\t\t\ttext-align: center;\n\t\t\t\t\twidth: 25%;\n\t\t\t\t}\n\t\t\t\t#gallery-12 img {\n\t\t\t\t\tborder: 2px solid #cfcfcf;\n\t\t\t\t}\n\t\t\t\t#gallery-12 .gallery-caption {\n\t\t\t\t\tmargin-left: 0;\n\t\t\t\t}\n\t\t\t\t\/* see gallery_shortcode() in wp-includes\/media.php *\/\n\t\t\t<\/style>\n\t\t<div id='gallery-12' class='dt-gallery-container gallery galleryid-391220 gallery-columns-4 gallery-size-thumbnail'><dl class='gallery-item'>\n\t\t\t\t<dt class='gallery-icon landscape'>\n\t\t\t\t\t<a class=\"rollover rollover-zoom dt-pswp-item\" title=\"17833395-bac9-466c-82c9-42630a52232e\" data-dt-img-description=\"\" data-large_image_width=\"1600\" data-large_image_height=\"1200\"href='https:\/\/www.radiopiu.net\/wordpress\/wp-content\/uploads\/2024\/05\/17833395-bac9-466c-82c9-42630a52232e.jpg'><img loading=\"lazy\" decoding=\"async\" width=\"150\" height=\"150\" src=\"https:\/\/www.radiopiu.net\/wordpress\/wp-content\/uploads\/2024\/05\/17833395-bac9-466c-82c9-42630a52232e-150x150.jpg\" class=\"attachment-thumbnail size-thumbnail\" alt=\"\" \/><\/a>\n\t\t\t\t<\/dt><\/dl><dl class='gallery-item'>\n\t\t\t\t<dt class='gallery-icon landscape'>\n\t\t\t\t\t<a class=\"rollover rollover-zoom dt-pswp-item\" title=\"10c29cc3-fda1-41f2-9a3f-d1122bc30709\" data-dt-img-description=\"\" data-large_image_width=\"1600\" data-large_image_height=\"1200\"href='https:\/\/www.radiopiu.net\/wordpress\/wp-content\/uploads\/2024\/05\/10c29cc3-fda1-41f2-9a3f-d1122bc30709.jpg'><img loading=\"lazy\" decoding=\"async\" width=\"150\" height=\"150\" src=\"https:\/\/www.radiopiu.net\/wordpress\/wp-content\/uploads\/2024\/05\/10c29cc3-fda1-41f2-9a3f-d1122bc30709-150x150.jpg\" class=\"attachment-thumbnail size-thumbnail\" alt=\"\" \/><\/a>\n\t\t\t\t<\/dt><\/dl><dl class='gallery-item'>\n\t\t\t\t<dt class='gallery-icon landscape'>\n\t\t\t\t\t<a class=\"rollover rollover-zoom dt-pswp-item\" title=\"8cbf6512-435c-483e-a67c-68692bae6769\" data-dt-img-description=\"\" data-large_image_width=\"1600\" data-large_image_height=\"900\"href='https:\/\/www.radiopiu.net\/wordpress\/wp-content\/uploads\/2024\/05\/8cbf6512-435c-483e-a67c-68692bae6769.jpg'><img loading=\"lazy\" decoding=\"async\" width=\"150\" height=\"150\" src=\"https:\/\/www.radiopiu.net\/wordpress\/wp-content\/uploads\/2024\/05\/8cbf6512-435c-483e-a67c-68692bae6769-150x150.jpg\" class=\"attachment-thumbnail size-thumbnail\" alt=\"\" \/><\/a>\n\t\t\t\t<\/dt><\/dl><dl class='gallery-item'>\n\t\t\t\t<dt class='gallery-icon portrait'>\n\t\t\t\t\t<a class=\"rollover rollover-zoom dt-pswp-item\" title=\"4e17669f-281f-4548-99d3-bb8eb6851b67\" data-dt-img-description=\"\" data-large_image_width=\"1200\" data-large_image_height=\"1600\"href='https:\/\/www.radiopiu.net\/wordpress\/wp-content\/uploads\/2024\/05\/4e17669f-281f-4548-99d3-bb8eb6851b67.jpg'><img loading=\"lazy\" decoding=\"async\" width=\"150\" height=\"150\" src=\"https:\/\/www.radiopiu.net\/wordpress\/wp-content\/uploads\/2024\/05\/4e17669f-281f-4548-99d3-bb8eb6851b67-150x150.jpg\" class=\"attachment-thumbnail size-thumbnail\" alt=\"\" \/><\/a>\n\t\t\t\t<\/dt><\/dl><br style=\"clear: both\" \/>\n\t\t\t<\/div>\n\n<p>&nbsp;<\/p>\n<p>&nbsp;<\/p>\n<p>&nbsp;<\/p>\n<p>&nbsp;<\/p>\n","protected":false},"excerpt":{"rendered":"<p>***** &nbsp; PER RICEVERE QUESTO NOTIZIARIO DIRETTAMENTE SUL TUO CELLULARE ISCRIVITI AL CANALE TELEGRAM \u201cRADIO PIU\u00a0 INFORMAZIONE&#8221;\u00a0 \u00a0il CANALE TELEGRAM&#8230; UNISCITI A: RADIO PIU INFORMAZIONE &nbsp; &nbsp; ATTENZIONE: LA NUOVA APP PER IOS-IPHONE di Nicola Vettorello https:\/\/apps.apple.com\/it\/app\/radio-pi%C3%B9-emittente-agordina\/id1515939845 ATTENZIONE: LA NUOVA APP RADIO\u00a0 PER ANDROID di Nicola Vettorello https:\/\/play.google.com\/store\/apps\/details?id=net.radiopiu.iniko\u00a0\u00a0 &nbsp; &nbsp; &nbsp; OGGI ALLA RADIO: ALLE&hellip;<\/p>\n","protected":false},"author":4,"featured_media":391424,"comment_status":"closed","ping_status":"closed","sticky":false,"template":"","format":"standard","meta":{"_monsterinsights_skip_tracking":false,"_monsterinsights_sitenote_active":false,"_monsterinsights_sitenote_note":"","_monsterinsights_sitenote_category":0,"footnotes":""},"categories":[51,86,49],"tags":[],"class_list":["post-391220","post","type-post","status-publish","format-standard","has-post-thumbnail","hentry","category-evidenza-top","category-gr","category-news-18","category-51","category-86","category-49","description-off"],"img_url":"https:\/\/www.radiopiu.net\/wordpress\/wp-content\/uploads\/2024\/05\/c0dc7371-c9d5-4f75-9920-b9f37935bfe7-1.jpg","_links":{"self":[{"href":"https:\/\/www.radiopiu.net\/wordpress\/wp-json\/wp\/v2\/posts\/391220","targetHints":{"allow":["GET"]}}],"collection":[{"href":"https:\/\/www.radiopiu.net\/wordpress\/wp-json\/wp\/v2\/posts"}],"about":[{"href":"https:\/\/www.radiopiu.net\/wordpress\/wp-json\/wp\/v2\/types\/post"}],"author":[{"embeddable":true,"href":"https:\/\/www.radiopiu.net\/wordpress\/wp-json\/wp\/v2\/users\/4"}],"replies":[{"embeddable":true,"href":"https:\/\/www.radiopiu.net\/wordpress\/wp-json\/wp\/v2\/comments?post=391220"}],"version-history":[{"count":0,"href":"https:\/\/www.radiopiu.net\/wordpress\/wp-json\/wp\/v2\/posts\/391220\/revisions"}],"wp:featuredmedia":[{"embeddable":true,"href":"https:\/\/www.radiopiu.net\/wordpress\/wp-json\/wp\/v2\/media\/391424"}],"wp:attachment":[{"href":"https:\/\/www.radiopiu.net\/wordpress\/wp-json\/wp\/v2\/media?parent=391220"}],"wp:term":[{"taxonomy":"category","embeddable":true,"href":"https:\/\/www.radiopiu.net\/wordpress\/wp-json\/wp\/v2\/categories?post=391220"},{"taxonomy":"post_tag","embeddable":true,"href":"https:\/\/www.radiopiu.net\/wordpress\/wp-json\/wp\/v2\/tags?post=391220"}],"curies":[{"name":"wp","href":"https:\/\/api.w.org\/{rel}","templated":true}]}}