{"id":391223,"date":"2024-05-22T15:00:39","date_gmt":"2024-05-22T13:00:39","guid":{"rendered":"https:\/\/www.radiopiu.net\/wordpress\/?p=391223"},"modified":"2024-05-22T15:26:25","modified_gmt":"2024-05-22T13:26:25","slug":"commemorazione-del-maestro-lamberto-pietropoli","status":"publish","type":"post","link":"https:\/\/www.radiopiu.net\/wordpress\/commemorazione-del-maestro-lamberto-pietropoli\/","title":{"rendered":"Commemorazione del Maestro Lamberto Pietrop\u00f2li"},"content":{"rendered":"<p>***<\/p>\n<p><strong><img loading=\"lazy\" decoding=\"async\" class=\"alignleft\" src=\"https:\/\/www.radiopiu.net\/wordpress\/wp-content\/uploads\/2024\/05\/pietrop.png\" width=\"290\" height=\"162\" \/>BELLUNO <\/strong>Trent\u2019anni fa, la coralit\u00e0 bellunese e italiana perse uno dei suoi esponenti pi\u00f9 illustri, il maestro Lamberto Pietrop\u00f2li, noto armonizzatore di molti brani di ispirazione popolare. Per ricordarlo, il Coro Minimo Bellunese ha organizzato una manifestazione a cui parteciperanno diverse formazioni corali della provincia di Belluno, che nel corso degli anni hanno collaborato con Pietrop\u00f2li eseguendo spesso le sue opere.\u00a0L&#8217;evento si terr\u00e0 domenica 26 maggio alle 18 al Palaskating di Sedico, con la conduzione di Dino Bridda. Si esibiranno il Coro Minimo Bellunese diretto da Gianluca Nicolai, il Coro \u201cPeralba\u201d di Campolongo di Cadore diretto da Nicola Costan, e il Coro \u201cSanvito\u201d di S. Vito di Cadore diretto da Simone Nucciotti.<\/p>\n<blockquote><p><em>Lamberto Pietrop\u00f2li, nato nel 1936 ad Adria e trasferitosi a Belluno con la famiglia, fu allievo del rinomato maestro Nino Prosdocimi. Fond\u00f2 il Coro Minimo Bellunese nel 1961, ma dovette lasciarne la direzione a Edoardo Gazzera a causa del trasferimento per lavoro a Roma, dove fond\u00f2 il Coro dell\u2019A.N.A. di Roma. Nonostante la distanza, Pietrop\u00f2li mantenne stretti legami con la coralit\u00e0 bellunese e si afferm\u00f2 a livello nazionale come uno dei pi\u00f9 talentuosi armonizzatori per coro a voci miste. Le sue elaborazioni sono ancora oggi eseguite frequentemente nei concerti corali di tutta Italia.<\/em><\/p><\/blockquote>\n<p>&nbsp;<\/p>\n<p>&nbsp;<\/p>\n<hr \/>\n<p>&nbsp;<\/p>\n","protected":false},"excerpt":{"rendered":"<p>*** BELLUNO Trent\u2019anni fa, la coralit\u00e0 bellunese e italiana perse uno dei suoi esponenti pi\u00f9 illustri, il maestro Lamberto Pietrop\u00f2li, noto armonizzatore di molti brani di ispirazione popolare. Per ricordarlo, il Coro Minimo Bellunese ha organizzato una manifestazione a cui parteciperanno diverse formazioni corali della provincia di Belluno, che nel corso degli anni hanno collaborato&hellip;<\/p>\n","protected":false},"author":4,"featured_media":391224,"comment_status":"closed","ping_status":"closed","sticky":false,"template":"","format":"standard","meta":{"_monsterinsights_skip_tracking":false,"_monsterinsights_sitenote_active":false,"_monsterinsights_sitenote_note":"","_monsterinsights_sitenote_category":0,"footnotes":""},"categories":[51,49],"tags":[],"class_list":["post-391223","post","type-post","status-publish","format-standard","has-post-thumbnail","hentry","category-evidenza-top","category-news-18","category-51","category-49","description-off"],"img_url":"https:\/\/www.radiopiu.net\/wordpress\/wp-content\/uploads\/2024\/05\/pietrop.png","_links":{"self":[{"href":"https:\/\/www.radiopiu.net\/wordpress\/wp-json\/wp\/v2\/posts\/391223","targetHints":{"allow":["GET"]}}],"collection":[{"href":"https:\/\/www.radiopiu.net\/wordpress\/wp-json\/wp\/v2\/posts"}],"about":[{"href":"https:\/\/www.radiopiu.net\/wordpress\/wp-json\/wp\/v2\/types\/post"}],"author":[{"embeddable":true,"href":"https:\/\/www.radiopiu.net\/wordpress\/wp-json\/wp\/v2\/users\/4"}],"replies":[{"embeddable":true,"href":"https:\/\/www.radiopiu.net\/wordpress\/wp-json\/wp\/v2\/comments?post=391223"}],"version-history":[{"count":0,"href":"https:\/\/www.radiopiu.net\/wordpress\/wp-json\/wp\/v2\/posts\/391223\/revisions"}],"wp:featuredmedia":[{"embeddable":true,"href":"https:\/\/www.radiopiu.net\/wordpress\/wp-json\/wp\/v2\/media\/391224"}],"wp:attachment":[{"href":"https:\/\/www.radiopiu.net\/wordpress\/wp-json\/wp\/v2\/media?parent=391223"}],"wp:term":[{"taxonomy":"category","embeddable":true,"href":"https:\/\/www.radiopiu.net\/wordpress\/wp-json\/wp\/v2\/categories?post=391223"},{"taxonomy":"post_tag","embeddable":true,"href":"https:\/\/www.radiopiu.net\/wordpress\/wp-json\/wp\/v2\/tags?post=391223"}],"curies":[{"name":"wp","href":"https:\/\/api.w.org\/{rel}","templated":true}]}}