{"id":391226,"date":"2024-05-22T04:56:37","date_gmt":"2024-05-22T02:56:37","guid":{"rendered":"https:\/\/www.radiopiu.net\/wordpress\/?p=391226"},"modified":"2024-05-22T05:53:03","modified_gmt":"2024-05-22T03:53:03","slug":"festa-dei-popoli-2024-un-incontro-di-culture-e-solidarieta","status":"publish","type":"post","link":"https:\/\/www.radiopiu.net\/wordpress\/festa-dei-popoli-2024-un-incontro-di-culture-e-solidarieta\/","title":{"rendered":"Festa dei Popoli 2024: Un Incontro di Culture e Solidariet\u00e0"},"content":{"rendered":"<p>***<\/p>\n<p><img loading=\"lazy\" decoding=\"async\" class=\"alignleft\" src=\"https:\/\/www.radiopiu.net\/wordpress\/wp-content\/uploads\/2024\/05\/Senza-nome-41.png\" width=\"233\" height=\"112\" \/><strong>BELLUNO<\/strong> La Festa dei Popoli 2024, promossa dal &#8220;Coordinamento Rete Immigrazione della Provincia di Belluno&#8221; in collaborazione con il Comune di Belluno, \u00e8 pronta a celebrare l&#8217;incontro e la solidariet\u00e0 tra diverse nazioni. L&#8217;evento, si terr\u00e0 sabato 25 maggio alle\u00a0 18 al Teatro Comunale di Belluno. La manifestazione mira a sensibilizzare la comunit\u00e0 sull&#8217;importanza dell&#8217;incontro, della conoscenza reciproca, e della condivisione, promuovendo valori di solidariet\u00e0 e pace tra i popoli. Durante lo spettacolo multiculturale, rappresentanti di 13 nazioni diverse, tra cui Italia, Marocco, Brasile, Camerun, Ucraina, Ecuador, Kosovo, India, Per\u00f9, e Albania, offriranno esibizioni che riflettono le loro tradizioni e culture uniche. \u00a0La psicologa brasiliana Milena Maja, che ha contribuito all&#8217;organizzazione,\u00a0 sottolinea l&#8217;importanza di partecipare a questo evento per promuovere un mondo pi\u00f9 solidale e unito.<\/p>\n<p>&nbsp;<\/p>\n<p>___<\/p>\n","protected":false},"excerpt":{"rendered":"<p>*** BELLUNO La Festa dei Popoli 2024, promossa dal &#8220;Coordinamento Rete Immigrazione della Provincia di Belluno&#8221; in collaborazione con il Comune di Belluno, \u00e8 pronta a celebrare l&#8217;incontro e la solidariet\u00e0 tra diverse nazioni. L&#8217;evento, si terr\u00e0 sabato 25 maggio alle\u00a0 18 al Teatro Comunale di Belluno. La manifestazione mira a sensibilizzare la comunit\u00e0 sull&#8217;importanza&hellip;<\/p>\n","protected":false},"author":4,"featured_media":391227,"comment_status":"closed","ping_status":"closed","sticky":false,"template":"","format":"standard","meta":{"_monsterinsights_skip_tracking":false,"_monsterinsights_sitenote_active":false,"_monsterinsights_sitenote_note":"","_monsterinsights_sitenote_category":0,"footnotes":""},"categories":[51,49],"tags":[],"class_list":["post-391226","post","type-post","status-publish","format-standard","has-post-thumbnail","hentry","category-evidenza-top","category-news-18","category-51","category-49","description-off"],"img_url":"https:\/\/www.radiopiu.net\/wordpress\/wp-content\/uploads\/2024\/05\/Senza-nome-41.png","_links":{"self":[{"href":"https:\/\/www.radiopiu.net\/wordpress\/wp-json\/wp\/v2\/posts\/391226","targetHints":{"allow":["GET"]}}],"collection":[{"href":"https:\/\/www.radiopiu.net\/wordpress\/wp-json\/wp\/v2\/posts"}],"about":[{"href":"https:\/\/www.radiopiu.net\/wordpress\/wp-json\/wp\/v2\/types\/post"}],"author":[{"embeddable":true,"href":"https:\/\/www.radiopiu.net\/wordpress\/wp-json\/wp\/v2\/users\/4"}],"replies":[{"embeddable":true,"href":"https:\/\/www.radiopiu.net\/wordpress\/wp-json\/wp\/v2\/comments?post=391226"}],"version-history":[{"count":0,"href":"https:\/\/www.radiopiu.net\/wordpress\/wp-json\/wp\/v2\/posts\/391226\/revisions"}],"wp:featuredmedia":[{"embeddable":true,"href":"https:\/\/www.radiopiu.net\/wordpress\/wp-json\/wp\/v2\/media\/391227"}],"wp:attachment":[{"href":"https:\/\/www.radiopiu.net\/wordpress\/wp-json\/wp\/v2\/media?parent=391226"}],"wp:term":[{"taxonomy":"category","embeddable":true,"href":"https:\/\/www.radiopiu.net\/wordpress\/wp-json\/wp\/v2\/categories?post=391226"},{"taxonomy":"post_tag","embeddable":true,"href":"https:\/\/www.radiopiu.net\/wordpress\/wp-json\/wp\/v2\/tags?post=391226"}],"curies":[{"name":"wp","href":"https:\/\/api.w.org\/{rel}","templated":true}]}}