{"id":391236,"date":"2024-05-22T05:00:57","date_gmt":"2024-05-22T03:00:57","guid":{"rendered":"https:\/\/www.radiopiu.net\/wordpress\/?p=391236"},"modified":"2024-05-22T05:52:21","modified_gmt":"2024-05-22T03:52:21","slug":"chissale-v-s-selva-moretti-tempo-di-presentazioni","status":"publish","type":"post","link":"https:\/\/www.radiopiu.net\/wordpress\/chissale-v-s-selva-moretti-tempo-di-presentazioni\/","title":{"rendered":"CHISSALE&#8217; v\/s SELVA MORETTI.  TEMPO DI PRESENTAZIONI"},"content":{"rendered":"<p>**<\/p>\n<p><img loading=\"lazy\" decoding=\"async\" class=\"alignleft\" src=\"https:\/\/www.radiopiu.net\/wordpress\/wp-content\/uploads\/2022\/12\/MUNICIPIO-AGORDO.png\" width=\"236\" height=\"151\" \/><\/p>\n<p><strong>AGORDO<\/strong><\/p>\n<div class=\"flex flex-grow flex-col max-w-full\">\n<div class=\"min-h-[20px] text-message flex flex-col items-start whitespace-pre-wrap break-words [.text-message+&amp;]:mt-5 juice:w-full juice:items-end overflow-x-auto gap-2\" dir=\"auto\" data-message-author-role=\"assistant\" data-message-id=\"b35d6fb2-9072-48c1-8669-43b2902a9dec\">\n<div class=\"flex w-full flex-col gap-1 juice:empty:hidden juice:first:pt-[3px]\">\n<div class=\"markdown prose w-full break-words dark:prose-invert dark\">\n<p>Paolo Selva Moretti e Roberto Chissal\u00e8 incontreranno la cittadinanza di Agordo per presentare le loro candidature e programmi elettorali. Selva Moretti presenter\u00e0 la lista &#8220;Agordo insieme&#8221; domani alle 20:30 in sala Don Tamis, mentre Chissal\u00e8 e la lista &#8220;Per Agordo&#8221; lo faranno venerd\u00ec 31 maggio alle 18.<\/p>\n<\/div>\n<\/div>\n<\/div>\n<\/div>\n<p>&nbsp;<\/p>\n<p>&nbsp;<\/p>\n<hr \/>\n<p>&nbsp;<\/p>\n","protected":false},"excerpt":{"rendered":"<p>** AGORDO Paolo Selva Moretti e Roberto Chissal\u00e8 incontreranno la cittadinanza di Agordo per presentare le loro candidature e programmi elettorali. Selva Moretti presenter\u00e0 la lista &#8220;Agordo insieme&#8221; domani alle 20:30 in sala Don Tamis, mentre Chissal\u00e8 e la lista &#8220;Per Agordo&#8221; lo faranno venerd\u00ec 31 maggio alle 18. &nbsp; &nbsp; &nbsp;<\/p>\n","protected":false},"author":4,"featured_media":309882,"comment_status":"closed","ping_status":"closed","sticky":false,"template":"","format":"standard","meta":{"_monsterinsights_skip_tracking":false,"_monsterinsights_sitenote_active":false,"_monsterinsights_sitenote_note":"","_monsterinsights_sitenote_category":0,"footnotes":""},"categories":[51,49],"tags":[],"class_list":["post-391236","post","type-post","status-publish","format-standard","has-post-thumbnail","hentry","category-evidenza-top","category-news-18","category-51","category-49","description-off"],"img_url":"https:\/\/www.radiopiu.net\/wordpress\/wp-content\/uploads\/2022\/12\/MUNICIPIO-AGORDO.png","_links":{"self":[{"href":"https:\/\/www.radiopiu.net\/wordpress\/wp-json\/wp\/v2\/posts\/391236","targetHints":{"allow":["GET"]}}],"collection":[{"href":"https:\/\/www.radiopiu.net\/wordpress\/wp-json\/wp\/v2\/posts"}],"about":[{"href":"https:\/\/www.radiopiu.net\/wordpress\/wp-json\/wp\/v2\/types\/post"}],"author":[{"embeddable":true,"href":"https:\/\/www.radiopiu.net\/wordpress\/wp-json\/wp\/v2\/users\/4"}],"replies":[{"embeddable":true,"href":"https:\/\/www.radiopiu.net\/wordpress\/wp-json\/wp\/v2\/comments?post=391236"}],"version-history":[{"count":0,"href":"https:\/\/www.radiopiu.net\/wordpress\/wp-json\/wp\/v2\/posts\/391236\/revisions"}],"wp:featuredmedia":[{"embeddable":true,"href":"https:\/\/www.radiopiu.net\/wordpress\/wp-json\/wp\/v2\/media\/309882"}],"wp:attachment":[{"href":"https:\/\/www.radiopiu.net\/wordpress\/wp-json\/wp\/v2\/media?parent=391236"}],"wp:term":[{"taxonomy":"category","embeddable":true,"href":"https:\/\/www.radiopiu.net\/wordpress\/wp-json\/wp\/v2\/categories?post=391236"},{"taxonomy":"post_tag","embeddable":true,"href":"https:\/\/www.radiopiu.net\/wordpress\/wp-json\/wp\/v2\/tags?post=391236"}],"curies":[{"name":"wp","href":"https:\/\/api.w.org\/{rel}","templated":true}]}}