{"id":391355,"date":"2024-05-23T05:24:53","date_gmt":"2024-05-23T03:24:53","guid":{"rendered":"https:\/\/www.radiopiu.net\/wordpress\/?p=391355"},"modified":"2024-05-23T05:37:23","modified_gmt":"2024-05-23T03:37:23","slug":"tornano-le-navette-per-gli-operai-a-giornata-dello-stabilimento-essilorluxottica-di-agordo","status":"publish","type":"post","link":"https:\/\/www.radiopiu.net\/wordpress\/tornano-le-navette-per-gli-operai-a-giornata-dello-stabilimento-essilorluxottica-di-agordo\/","title":{"rendered":"TORNANO LE NAVETTE PER GLI OPERAI A GIORNATA DELLO STABILIMENTO ESSILORLUXOTTICA DI AGORDO"},"content":{"rendered":"<p>******<\/p>\n<p>&nbsp;<\/p>\n<p><strong><a class=\"dt-pswp-item\" href=\"https:\/\/www.radiopiu.net\/wordpress\/wp-content\/uploads\/2024\/04\/LUXOTTICA-1.jpeg\" data-dt-img-description=\"\" data-large_image_width=\"1600\" data-large_image_height=\"1200\"><img loading=\"lazy\" decoding=\"async\" class=\" wp-image-387867 alignleft\" src=\"https:\/\/www.radiopiu.net\/wordpress\/wp-content\/uploads\/2024\/04\/LUXOTTICA-1-300x225.jpeg\" alt=\"\" width=\"152\" height=\"114\" srcset=\"https:\/\/www.radiopiu.net\/wordpress\/wp-content\/uploads\/2024\/04\/LUXOTTICA-1-300x225.jpeg 300w, https:\/\/www.radiopiu.net\/wordpress\/wp-content\/uploads\/2024\/04\/LUXOTTICA-1-1024x768.jpeg 1024w, https:\/\/www.radiopiu.net\/wordpress\/wp-content\/uploads\/2024\/04\/LUXOTTICA-1-768x576.jpeg 768w, https:\/\/www.radiopiu.net\/wordpress\/wp-content\/uploads\/2024\/04\/LUXOTTICA-1-1536x1152.jpeg 1536w, https:\/\/www.radiopiu.net\/wordpress\/wp-content\/uploads\/2024\/04\/LUXOTTICA-1.jpeg 1600w\" sizes=\"auto, (max-width: 152px) 100vw, 152px\" \/><\/a>AGORDO<\/strong> Nell&#8217;ambito del percorso mobilit\u00e0 sostenibile Welfare di EssilorLuxottica, a partire da luned\u00ec 27 maggio, sar\u00e0 riattivato, in via sperimentale per sei mesi, il servizio navetta che collega lo stabilimento alle fermate e ai parcheggi di Agordo. Un servizio essenziale per le maestranze che lavorano a giornata che potranno quindi lasciare l&#8217;auto nei vari parcheggi di Agordo per poi raggiungere con il bus gratuito lo stabilimento di Valcozzena. Un modo anche per non intasare fin dal mattino gli stalli adiacenti al posto di lavoro evitando cos\u00ec di prendere multe per i parcheggi selvaggi. Il servizio sar\u00e0 attivo dalle 7:25 alle 9 e dalle 17:07 alle 18:37.<\/p>\n\n\t\t\t<style type='text\/css'>\n\t\t\t\t#gallery-1 {\n\t\t\t\t\tmargin: auto;\n\t\t\t\t}\n\t\t\t\t#gallery-1 .gallery-item {\n\t\t\t\t\tfloat: left;\n\t\t\t\t\tmargin-top: 10px;\n\t\t\t\t\ttext-align: center;\n\t\t\t\t\twidth: 50%;\n\t\t\t\t}\n\t\t\t\t#gallery-1 img {\n\t\t\t\t\tborder: 2px solid #cfcfcf;\n\t\t\t\t}\n\t\t\t\t#gallery-1 .gallery-caption {\n\t\t\t\t\tmargin-left: 0;\n\t\t\t\t}\n\t\t\t\t\/* see gallery_shortcode() in wp-includes\/media.php *\/\n\t\t\t<\/style>\n\t\t<div id='gallery-1' class='dt-gallery-container gallery galleryid-391355 gallery-columns-2 gallery-size-medium'><dl class='gallery-item'>\n\t\t\t\t<dt class='gallery-icon portrait'>\n\t\t\t\t\t<a class=\"rollover rollover-zoom dt-pswp-item\" title=\"fermate\" data-dt-img-description=\"\" data-large_image_width=\"514\" data-large_image_height=\"569\"href='https:\/\/www.radiopiu.net\/wordpress\/wp-content\/uploads\/2024\/05\/fermate.png'><img loading=\"lazy\" decoding=\"async\" width=\"271\" height=\"300\" src=\"https:\/\/www.radiopiu.net\/wordpress\/wp-content\/uploads\/2024\/05\/fermate-271x300.png\" class=\"attachment-medium size-medium\" alt=\"\" srcset=\"https:\/\/www.radiopiu.net\/wordpress\/wp-content\/uploads\/2024\/05\/fermate-271x300.png 271w, https:\/\/www.radiopiu.net\/wordpress\/wp-content\/uploads\/2024\/05\/fermate.png 514w\" sizes=\"auto, (max-width: 271px) 100vw, 271px\" \/><\/a>\n\t\t\t\t<\/dt><\/dl><dl class='gallery-item'>\n\t\t\t\t<dt class='gallery-icon portrait'>\n\t\t\t\t\t<a class=\"rollover rollover-zoom dt-pswp-item\" title=\"unnamed\" data-dt-img-description=\"\" data-large_image_width=\"1014\" data-large_image_height=\"1242\"href='https:\/\/www.radiopiu.net\/wordpress\/wp-content\/uploads\/2024\/05\/unnamed.png'><img loading=\"lazy\" decoding=\"async\" width=\"245\" height=\"300\" src=\"https:\/\/www.radiopiu.net\/wordpress\/wp-content\/uploads\/2024\/05\/unnamed-245x300.png\" class=\"attachment-medium size-medium\" alt=\"\" srcset=\"https:\/\/www.radiopiu.net\/wordpress\/wp-content\/uploads\/2024\/05\/unnamed-245x300.png 245w, https:\/\/www.radiopiu.net\/wordpress\/wp-content\/uploads\/2024\/05\/unnamed-836x1024.png 836w, https:\/\/www.radiopiu.net\/wordpress\/wp-content\/uploads\/2024\/05\/unnamed-768x941.png 768w, https:\/\/www.radiopiu.net\/wordpress\/wp-content\/uploads\/2024\/05\/unnamed.png 1014w\" sizes=\"auto, (max-width: 245px) 100vw, 245px\" \/><\/a>\n\t\t\t\t<\/dt><\/dl><br style=\"clear: both\" \/>\n\t\t\t<\/div>\n\n<p>&nbsp;<\/p>\n<p>&nbsp;<\/p>\n<p>******<\/p>\n","protected":false},"excerpt":{"rendered":"<p>****** &nbsp; AGORDO Nell&#8217;ambito del percorso mobilit\u00e0 sostenibile Welfare di EssilorLuxottica, a partire da luned\u00ec 27 maggio, sar\u00e0 riattivato, in via sperimentale per sei mesi, il servizio navetta che collega lo stabilimento alle fermate e ai parcheggi di Agordo. Un servizio essenziale per le maestranze che lavorano a giornata che potranno quindi lasciare l&#8217;auto nei&hellip;<\/p>\n","protected":false},"author":4,"featured_media":387867,"comment_status":"closed","ping_status":"closed","sticky":false,"template":"","format":"standard","meta":{"_monsterinsights_skip_tracking":false,"_monsterinsights_sitenote_active":false,"_monsterinsights_sitenote_note":"","_monsterinsights_sitenote_category":0,"footnotes":""},"categories":[51,49],"tags":[],"class_list":["post-391355","post","type-post","status-publish","format-standard","has-post-thumbnail","hentry","category-evidenza-top","category-news-18","category-51","category-49","description-off"],"img_url":"https:\/\/www.radiopiu.net\/wordpress\/wp-content\/uploads\/2024\/04\/LUXOTTICA-1.jpeg","_links":{"self":[{"href":"https:\/\/www.radiopiu.net\/wordpress\/wp-json\/wp\/v2\/posts\/391355","targetHints":{"allow":["GET"]}}],"collection":[{"href":"https:\/\/www.radiopiu.net\/wordpress\/wp-json\/wp\/v2\/posts"}],"about":[{"href":"https:\/\/www.radiopiu.net\/wordpress\/wp-json\/wp\/v2\/types\/post"}],"author":[{"embeddable":true,"href":"https:\/\/www.radiopiu.net\/wordpress\/wp-json\/wp\/v2\/users\/4"}],"replies":[{"embeddable":true,"href":"https:\/\/www.radiopiu.net\/wordpress\/wp-json\/wp\/v2\/comments?post=391355"}],"version-history":[{"count":0,"href":"https:\/\/www.radiopiu.net\/wordpress\/wp-json\/wp\/v2\/posts\/391355\/revisions"}],"wp:featuredmedia":[{"embeddable":true,"href":"https:\/\/www.radiopiu.net\/wordpress\/wp-json\/wp\/v2\/media\/387867"}],"wp:attachment":[{"href":"https:\/\/www.radiopiu.net\/wordpress\/wp-json\/wp\/v2\/media?parent=391355"}],"wp:term":[{"taxonomy":"category","embeddable":true,"href":"https:\/\/www.radiopiu.net\/wordpress\/wp-json\/wp\/v2\/categories?post=391355"},{"taxonomy":"post_tag","embeddable":true,"href":"https:\/\/www.radiopiu.net\/wordpress\/wp-json\/wp\/v2\/tags?post=391355"}],"curies":[{"name":"wp","href":"https:\/\/api.w.org\/{rel}","templated":true}]}}