{"id":391365,"date":"2024-05-23T05:29:52","date_gmt":"2024-05-23T03:29:52","guid":{"rendered":"https:\/\/www.radiopiu.net\/wordpress\/?p=391365"},"modified":"2024-05-23T05:35:05","modified_gmt":"2024-05-23T03:35:05","slug":"trovato-senza-vita-in-val-nogare-lescursionista-tedesco","status":"publish","type":"post","link":"https:\/\/www.radiopiu.net\/wordpress\/trovato-senza-vita-in-val-nogare-lescursionista-tedesco\/","title":{"rendered":"TROVATO SENZA VITA IN VAL NOGARE&#8217; L&#8217;ESCURSIONISTA TEDESCO"},"content":{"rendered":"<p>****<\/p>\n<p>&nbsp;<\/p>\n<p><strong><a class=\"dt-pswp-item\" href=\"https:\/\/www.radiopiu.net\/wordpress\/wp-content\/uploads\/2024\/05\/Watermark_20240522_112128_949.jpg\" data-dt-img-description=\"\" data-large_image_width=\"1773\" data-large_image_height=\"2364\"><img loading=\"lazy\" decoding=\"async\" class=\" wp-image-391372 alignleft\" src=\"https:\/\/www.radiopiu.net\/wordpress\/wp-content\/uploads\/2024\/05\/Watermark_20240522_112128_949-225x300.jpg\" alt=\"\" width=\"143\" height=\"191\" srcset=\"https:\/\/www.radiopiu.net\/wordpress\/wp-content\/uploads\/2024\/05\/Watermark_20240522_112128_949-225x300.jpg 225w, https:\/\/www.radiopiu.net\/wordpress\/wp-content\/uploads\/2024\/05\/Watermark_20240522_112128_949-768x1024.jpg 768w, https:\/\/www.radiopiu.net\/wordpress\/wp-content\/uploads\/2024\/05\/Watermark_20240522_112128_949-1152x1536.jpg 1152w, https:\/\/www.radiopiu.net\/wordpress\/wp-content\/uploads\/2024\/05\/Watermark_20240522_112128_949-1536x2048.jpg 1536w, https:\/\/www.radiopiu.net\/wordpress\/wp-content\/uploads\/2024\/05\/Watermark_20240522_112128_949.jpg 1773w\" sizes=\"auto, (max-width: 143px) 100vw, 143px\" \/><\/a>REDAZIONE<\/strong> A mezzanotte e mezza circa il Soccorso alpino di Belluno \u00e8 stato attivato su richiesta dei Vigili del fuoco, contattati dalla moglie di un escursionista, preoccupata perch\u00e9 la traccia Gps del suo percorso, che stava seguendo da remoto, era ferma nello stesso punto da diverse ore. Il 57enne tedesco, che stava percorrendo al contrario la Monaco &#8211; Venezia, era partito ieri mattina da un Bed &amp; Breakfast a Bolago diretto all&#8217;ostello in Valle Imperina, dove non era mai arrivato. L&#8217;interruzione della traccia era avvenuta all&#8217;altezza della Val Fogar\u00e8. Una squadra mista di 7 soccorritori e 3 Vigili del fuoco ha iniziato a perlustrare la parte media e bassa della valle, finch\u00e9 attorno alle 3 non sono stati individuati galleggianti nell&#8217;acqua una felpa e dei soldi. Alle 6, appena ha fatto luce, le ricerche si sono intensificate: una squadra ha preso a perlustrare la parte alta delle sponde, per individuare il presumibile punto della scivolata, mentre una seconda composta da forristi e dai Saf risaliva la vallata. Una quarantina di metri pi\u00f9 a monte, i soccorritori hanno poco dopo individuato il corpo senza vita in una vasca, si pensa precipitato da una cinquantina di metri. Dalle prime ipotesi l&#8217;uomo, che stava seguendo il Sentiero degli ospizi, trovatosi di fronte il torrente ingrossato da guadare, ha cercato di superarlo pi\u00f9 a monte ed \u00e8 scivolato. La salma \u00e8 stata caricata nella barella stagna dei forristi e calata con una piccola teleferica fino allo sbocco della valle. Non potendosi oltrepassare il Cordevole in piena, l&#8217;elicottero dei Vigili del fuoco la ha poi trasportata in localit\u00e0 Salet, dove \u00e8 stata affidata al carro funebre. L&#8217;intervento si \u00e8 concluso alle 10.30.<\/p>\n<p>&nbsp;<\/p>\n<p>&nbsp;<\/p>\n<p>******<\/p>\n","protected":false},"excerpt":{"rendered":"<p>**** &nbsp; REDAZIONE A mezzanotte e mezza circa il Soccorso alpino di Belluno \u00e8 stato attivato su richiesta dei Vigili del fuoco, contattati dalla moglie di un escursionista, preoccupata perch\u00e9 la traccia Gps del suo percorso, che stava seguendo da remoto, era ferma nello stesso punto da diverse ore. Il 57enne tedesco, che stava percorrendo&hellip;<\/p>\n","protected":false},"author":4,"featured_media":391372,"comment_status":"closed","ping_status":"closed","sticky":false,"template":"","format":"standard","meta":{"_monsterinsights_skip_tracking":false,"_monsterinsights_sitenote_active":false,"_monsterinsights_sitenote_note":"","_monsterinsights_sitenote_category":0,"footnotes":""},"categories":[51,49],"tags":[],"class_list":["post-391365","post","type-post","status-publish","format-standard","has-post-thumbnail","hentry","category-evidenza-top","category-news-18","category-51","category-49","description-off"],"img_url":"https:\/\/www.radiopiu.net\/wordpress\/wp-content\/uploads\/2024\/05\/Watermark_20240522_112128_949.jpg","_links":{"self":[{"href":"https:\/\/www.radiopiu.net\/wordpress\/wp-json\/wp\/v2\/posts\/391365","targetHints":{"allow":["GET"]}}],"collection":[{"href":"https:\/\/www.radiopiu.net\/wordpress\/wp-json\/wp\/v2\/posts"}],"about":[{"href":"https:\/\/www.radiopiu.net\/wordpress\/wp-json\/wp\/v2\/types\/post"}],"author":[{"embeddable":true,"href":"https:\/\/www.radiopiu.net\/wordpress\/wp-json\/wp\/v2\/users\/4"}],"replies":[{"embeddable":true,"href":"https:\/\/www.radiopiu.net\/wordpress\/wp-json\/wp\/v2\/comments?post=391365"}],"version-history":[{"count":0,"href":"https:\/\/www.radiopiu.net\/wordpress\/wp-json\/wp\/v2\/posts\/391365\/revisions"}],"wp:featuredmedia":[{"embeddable":true,"href":"https:\/\/www.radiopiu.net\/wordpress\/wp-json\/wp\/v2\/media\/391372"}],"wp:attachment":[{"href":"https:\/\/www.radiopiu.net\/wordpress\/wp-json\/wp\/v2\/media?parent=391365"}],"wp:term":[{"taxonomy":"category","embeddable":true,"href":"https:\/\/www.radiopiu.net\/wordpress\/wp-json\/wp\/v2\/categories?post=391365"},{"taxonomy":"post_tag","embeddable":true,"href":"https:\/\/www.radiopiu.net\/wordpress\/wp-json\/wp\/v2\/tags?post=391365"}],"curies":[{"name":"wp","href":"https:\/\/api.w.org\/{rel}","templated":true}]}}