{"id":391428,"date":"2024-05-22T18:50:14","date_gmt":"2024-05-22T16:50:14","guid":{"rendered":"https:\/\/www.radiopiu.net\/wordpress\/?p=391428"},"modified":"2024-05-23T05:38:24","modified_gmt":"2024-05-23T03:38:24","slug":"concerto-per-adr1an0-il-ricordo-che-non-e-mai-passato","status":"publish","type":"post","link":"https:\/\/www.radiopiu.net\/wordpress\/concerto-per-adr1an0-il-ricordo-che-non-e-mai-passato\/","title":{"rendered":"CONCERTO PER ADR1AN0 Il ricordo che non \u00e8 mai passato"},"content":{"rendered":"<p>***<\/p>\n<p>&nbsp;<\/p>\n<p><strong><a class=\"dt-pswp-item\" href=\"https:\/\/www.radiopiu.net\/wordpress\/wp-content\/uploads\/2024\/05\/1002640_643076049062227_926769573_n.jpeg\" data-dt-img-description=\"\" data-large_image_width=\"850\" data-large_image_height=\"567\"><img loading=\"lazy\" decoding=\"async\" class=\" wp-image-391431 alignleft\" src=\"https:\/\/www.radiopiu.net\/wordpress\/wp-content\/uploads\/2024\/05\/1002640_643076049062227_926769573_n-300x200.jpeg\" alt=\"\" width=\"275\" height=\"183\" srcset=\"https:\/\/www.radiopiu.net\/wordpress\/wp-content\/uploads\/2024\/05\/1002640_643076049062227_926769573_n-300x200.jpeg 300w, https:\/\/www.radiopiu.net\/wordpress\/wp-content\/uploads\/2024\/05\/1002640_643076049062227_926769573_n-768x512.jpeg 768w, https:\/\/www.radiopiu.net\/wordpress\/wp-content\/uploads\/2024\/05\/1002640_643076049062227_926769573_n.jpeg 850w\" sizes=\"auto, (max-width: 275px) 100vw, 275px\" \/><\/a>PONTE NELLE ALPI<\/strong> Sono trascorsi 10 anni dalla scomparsa di Adriano, fondatore dei Formato Standard. Per commemorarlo, il gruppo organizza &#8220;ADR1AN0&#8221;, evento musicale al Piccolo Teatro G. Pierobon di Ponte nelle Alpi il 31 maggio alle 20:30. Il titolo mescola il numero 10 con le lettere dell&#8217;alfabeto. Oltre alla musica, verr\u00e0 ripercorsa la storia del gruppo con aneddoti e ospiti speciali. L&#8217;atmosfera sar\u00e0 festosa e leggera. L&#8217;ingresso \u00e8 gratuito e le offerte saranno devolute all&#8217;AFVS &#8211; Associazione Familiari e Vittime della Strada Onllus<\/p>\n<blockquote><p><em>\u201d I leave here tomorrow, would you still remember me?\u201d&#8230;cos\u00ec cantavano i Lynyrd Skynyrd nel loro brano Free Bird. Sono ormai passati 10 anni da quel maledetto incidente che si \u00e8 portato via Adriano fondatore e tastierista dei Formato Standard, gruppo rock del Bellunese. In questi 10 anni molte cose sono cambiate, ma i ricordi, quelli invece rimangono&#8221;<\/em><\/p><\/blockquote>\n<p>&nbsp;<\/p>\n<hr \/>\n<p>&nbsp;<\/p>\n","protected":false},"excerpt":{"rendered":"<p>*** &nbsp; PONTE NELLE ALPI Sono trascorsi 10 anni dalla scomparsa di Adriano, fondatore dei Formato Standard. Per commemorarlo, il gruppo organizza &#8220;ADR1AN0&#8221;, evento musicale al Piccolo Teatro G. Pierobon di Ponte nelle Alpi il 31 maggio alle 20:30. Il titolo mescola il numero 10 con le lettere dell&#8217;alfabeto. Oltre alla musica, verr\u00e0 ripercorsa la&hellip;<\/p>\n","protected":false},"author":4,"featured_media":391429,"comment_status":"closed","ping_status":"closed","sticky":false,"template":"","format":"standard","meta":{"_monsterinsights_skip_tracking":false,"_monsterinsights_sitenote_active":false,"_monsterinsights_sitenote_note":"","_monsterinsights_sitenote_category":0,"footnotes":""},"categories":[104,49],"tags":[],"class_list":["post-391428","post","type-post","status-publish","format-standard","has-post-thumbnail","hentry","category-evidenza_3","category-news-18","category-104","category-49","description-off"],"img_url":"https:\/\/www.radiopiu.net\/wordpress\/wp-content\/uploads\/2024\/05\/Senza-nome-43.png","_links":{"self":[{"href":"https:\/\/www.radiopiu.net\/wordpress\/wp-json\/wp\/v2\/posts\/391428","targetHints":{"allow":["GET"]}}],"collection":[{"href":"https:\/\/www.radiopiu.net\/wordpress\/wp-json\/wp\/v2\/posts"}],"about":[{"href":"https:\/\/www.radiopiu.net\/wordpress\/wp-json\/wp\/v2\/types\/post"}],"author":[{"embeddable":true,"href":"https:\/\/www.radiopiu.net\/wordpress\/wp-json\/wp\/v2\/users\/4"}],"replies":[{"embeddable":true,"href":"https:\/\/www.radiopiu.net\/wordpress\/wp-json\/wp\/v2\/comments?post=391428"}],"version-history":[{"count":0,"href":"https:\/\/www.radiopiu.net\/wordpress\/wp-json\/wp\/v2\/posts\/391428\/revisions"}],"wp:featuredmedia":[{"embeddable":true,"href":"https:\/\/www.radiopiu.net\/wordpress\/wp-json\/wp\/v2\/media\/391429"}],"wp:attachment":[{"href":"https:\/\/www.radiopiu.net\/wordpress\/wp-json\/wp\/v2\/media?parent=391428"}],"wp:term":[{"taxonomy":"category","embeddable":true,"href":"https:\/\/www.radiopiu.net\/wordpress\/wp-json\/wp\/v2\/categories?post=391428"},{"taxonomy":"post_tag","embeddable":true,"href":"https:\/\/www.radiopiu.net\/wordpress\/wp-json\/wp\/v2\/tags?post=391428"}],"curies":[{"name":"wp","href":"https:\/\/api.w.org\/{rel}","templated":true}]}}