{"id":391435,"date":"2024-05-24T05:33:02","date_gmt":"2024-05-24T03:33:02","guid":{"rendered":"https:\/\/www.radiopiu.net\/wordpress\/?p=391435"},"modified":"2024-05-24T09:24:07","modified_gmt":"2024-05-24T07:24:07","slug":"giornale-radiopiu-24-maggio-2024-direttore-mirko-mezzacasada-40-anni-25-giugno-1983-25-giugno-2023","status":"publish","type":"post","link":"https:\/\/www.radiopiu.net\/wordpress\/giornale-radiopiu-24-maggio-2024-direttore-mirko-mezzacasada-40-anni-25-giugno-1983-25-giugno-2023\/","title":{"rendered":"GIORNALE RADIOPIU 24 MAGGIO 2024 DIRETTORE MIRKO MEZZACASA\u2026DA 40 ANNI 25 GIUGNO 1983-25 GIUGNO 2023"},"content":{"rendered":"<p>*****<\/p>\n<h3><a class=\"dt-pswp-item\" href=\"https:\/\/www.radiopiu.net\/wordpress\/wp-content\/uploads\/2024\/05\/27883ca5-bb01-4aba-b92e-eb4c5daed456.jpg\" data-dt-img-description=\"\" data-large_image_width=\"1131\" data-large_image_height=\"1600\"><img loading=\"lazy\" decoding=\"async\" class=\"size-medium wp-image-391556 aligncenter\" src=\"https:\/\/www.radiopiu.net\/wordpress\/wp-content\/uploads\/2024\/05\/27883ca5-bb01-4aba-b92e-eb4c5daed456-212x300.jpg\" alt=\"\" width=\"212\" height=\"300\" srcset=\"https:\/\/www.radiopiu.net\/wordpress\/wp-content\/uploads\/2024\/05\/27883ca5-bb01-4aba-b92e-eb4c5daed456-212x300.jpg 212w, https:\/\/www.radiopiu.net\/wordpress\/wp-content\/uploads\/2024\/05\/27883ca5-bb01-4aba-b92e-eb4c5daed456-724x1024.jpg 724w, https:\/\/www.radiopiu.net\/wordpress\/wp-content\/uploads\/2024\/05\/27883ca5-bb01-4aba-b92e-eb4c5daed456-768x1086.jpg 768w, https:\/\/www.radiopiu.net\/wordpress\/wp-content\/uploads\/2024\/05\/27883ca5-bb01-4aba-b92e-eb4c5daed456-1086x1536.jpg 1086w, https:\/\/www.radiopiu.net\/wordpress\/wp-content\/uploads\/2024\/05\/27883ca5-bb01-4aba-b92e-eb4c5daed456.jpg 1131w\" sizes=\"auto, (max-width: 212px) 100vw, 212px\" \/><\/a><\/h3>\n<h3>PER<strong> RICEVERE QUESTO NOTIZIARIO DIRETTAMENTE SUL TUO CELLULARE ISCRIVITI AL CANALE TELEGRAM <\/strong><strong>\u201cRADIO PIU\u00a0 INFORMAZIONE&#8221;\u00a0 <\/strong>\u00a0il CANALE TELEGRAM&#8230; UNISCITI A: RADIO PIU INFORMAZIONE<\/h3>\n<p>&nbsp;<\/p>\n<p>&nbsp;<\/p>\n<p><em><a href=\"https:\/\/www.radiopiu.net\/wordpress\/giornale-radiopiu-24-gennaio-2021-direttore-mirko-mezzacasa\/79216601_126817312416448_708980208774483089_n\/\" rel=\"attachment wp-att-186567\"><img loading=\"lazy\" decoding=\"async\" class=\"size-medium wp-image-186567 alignright\" src=\"https:\/\/www.radiopiu.net\/wordpress\/wp-content\/uploads\/2021\/01\/79216601_126817312416448_708980208774483089_n-300x114.jpg\" alt=\"\" width=\"300\" height=\"114\" srcset=\"https:\/\/www.radiopiu.net\/wordpress\/wp-content\/uploads\/2021\/01\/79216601_126817312416448_708980208774483089_n-300x114.jpg 300w, https:\/\/www.radiopiu.net\/wordpress\/wp-content\/uploads\/2021\/01\/79216601_126817312416448_708980208774483089_n-768x292.jpg 768w, https:\/\/www.radiopiu.net\/wordpress\/wp-content\/uploads\/2021\/01\/79216601_126817312416448_708980208774483089_n.jpg 820w\" sizes=\"auto, (max-width: 300px) 100vw, 300px\" \/><\/a><span style=\"color: #ff0000;\">ATTENZIONE: LA NUOVA APP PER IOS-IPHONE di Nicola Vettorello <\/span><\/em><a href=\"https:\/\/apps.apple.com\/it\/app\/radio-pi%C3%B9-emittente-agordina\/id1515939845\">https:\/\/apps.apple.com\/it\/app\/radio-pi%C3%B9-emittente-agordina\/id1515939845<\/a><\/p>\n<p><em style=\"color: #ff0000;\">ATTENZIONE: LA NUOVA APP RADIO\u00a0 PER ANDROID di Nicola Vettorello<\/em><\/p>\n<p><a href=\"https:\/\/play.google.com\/store\/apps\/details?id=net.radiopiu.iniko\" target=\"_blank\" rel=\"noopener noreferrer\">https:\/\/play.google.com\/store\/apps\/details?id=net.radiopiu.iniko\u00a0\u00a0<\/a><\/p>\n<h3 class=\"kvgmc6g5 cxmmr5t8 oygrvhab hcukyx3x c1et5uql\"><\/h3>\n<p>&nbsp;<\/p>\n<div data-block=\"true\" data-editor=\"avj4u\" data-offset-key=\"d3i0j-0-0\">\n<p>&nbsp;<\/p>\n<hr \/>\n<p>&nbsp;<\/p>\n<\/div>\n<p><span style=\"color: #ff0000;\"><strong><a class=\"dt-pswp-item\" href=\"https:\/\/www.radiopiu.net\/wordpress\/wp-content\/uploads\/2024\/05\/CRISTO-GOSALDO.png\" data-dt-img-description=\"\" data-large_image_width=\"1064\" data-large_image_height=\"657\"><img loading=\"lazy\" decoding=\"async\" class=\" wp-image-390956 alignleft\" src=\"https:\/\/www.radiopiu.net\/wordpress\/wp-content\/uploads\/2024\/05\/CRISTO-GOSALDO-300x185.png\" alt=\"\" width=\"178\" height=\"110\" srcset=\"https:\/\/www.radiopiu.net\/wordpress\/wp-content\/uploads\/2024\/05\/CRISTO-GOSALDO-300x185.png 300w, https:\/\/www.radiopiu.net\/wordpress\/wp-content\/uploads\/2024\/05\/CRISTO-GOSALDO-1024x632.png 1024w, https:\/\/www.radiopiu.net\/wordpress\/wp-content\/uploads\/2024\/05\/CRISTO-GOSALDO-768x474.png 768w, https:\/\/www.radiopiu.net\/wordpress\/wp-content\/uploads\/2024\/05\/CRISTO-GOSALDO.png 1064w\" sizes=\"auto, (max-width: 178px) 100vw, 178px\" \/><\/a>OGGI ALLA RADIO<\/strong><\/span>: <strong>ALLE 6.45<\/strong> PIROLE DE LENGA, CON IL MUSLA DI BEATRICE E NICOLA\u00a0 <strong>ALLE 7.20<\/strong> EL BAL DEL FIOR, DETTI E TRADIZIONI DI GIULIANA DA RONCH; <strong>ALLE 8.20<\/strong> PIU&#8217; SIAMO CON MARINA DONA&#8217; <strong>9.00<\/strong> PREMIER, NOVITA&#8217; ALLA RADIO CON MARCO GAZ E MUSICA ANNI OTTANTA CON MONICA FONTANIVE \u00a0\u00a0<strong>10.10<\/strong>\u00a0 CRISTO DI RIO A RENON DI GOSALDO\u00a0 <strong>11.10 <\/strong>\u00a0MEGLIO RADIO CHE MAI, DANIELA RINALDI <strong>12.00<\/strong> LISCIO NON TI LASCIO CON MIRCO BENCIVENNI <strong>12.30<\/strong> GIORNALE RADIO PRINCIPALE \u00a0<strong>14.00\u00a0 GOLDEN CLASSIC CON MARCO EDELVAIS, MUSICA 70 E 80 <\/strong>\u00a0<strong>15.00<\/strong>\u00a0 IL VENERDI ALLE 3, MARINA C&#8217;E&#8217;\u00a0 \u00a0<strong>16.00<\/strong> IL ROCK DI MARCO COSTANTINI <strong>16.45<\/strong> LE HIT DI MIRCO BENCIVENNI\u00a0 <strong>19.00<\/strong> LE ANTICIPAZIONI DAL TG DI ANTENNA 3, CON TIZIANA BOLOGNANI.<\/p>\n<p>&nbsp;<\/p>\n<blockquote><p><strong>rassegna stampa nazionale, ogni giorno alle 5 e alle 6 del mattino<\/strong><br \/>\n<em>giornali locali 7 rassegna stampa flash, 8 rassegna stampa, gr flash alle 10 e alle 11, principale 12.30. Informazione pomerggio alle 15 (speciale) 16, 17, 18. Giornale radio nazionale: ogni ora dalle 5 del mattino, alle 20 della sera.\u00a0<\/em><\/p><\/blockquote>\n<div class=\"x11i5rnm xat24cr x1mh8g0r x1vvkbs xtlvy1s x126k92a\">\n<div dir=\"auto\">\n<p>&nbsp;<\/p>\n<p>&nbsp;<\/p>\n<hr \/>\n<p>&nbsp;<\/p>\n<p>&nbsp;<\/p>\n<div class=\"x11i5rnm xat24cr x1mh8g0r x1vvkbs xtlvy1s x126k92a\">\n<div dir=\"auto\">\n<p><strong><a class=\"dt-pswp-item\" href=\"https:\/\/www.radiopiu.net\/wordpress\/wp-content\/uploads\/2024\/02\/2d44e751-d8a8-461b-8e22-d8e4e853b032.jpg\" data-dt-img-description=\"\" data-large_image_width=\"1600\" data-large_image_height=\"1200\"><img loading=\"lazy\" decoding=\"async\" class=\"wp-image-373307 alignleft\" src=\"https:\/\/www.radiopiu.net\/wordpress\/wp-content\/uploads\/2024\/02\/2d44e751-d8a8-461b-8e22-d8e4e853b032-300x225.jpg\" alt=\"\" width=\"105\" height=\"79\" srcset=\"https:\/\/www.radiopiu.net\/wordpress\/wp-content\/uploads\/2024\/02\/2d44e751-d8a8-461b-8e22-d8e4e853b032-300x225.jpg 300w, https:\/\/www.radiopiu.net\/wordpress\/wp-content\/uploads\/2024\/02\/2d44e751-d8a8-461b-8e22-d8e4e853b032-1024x768.jpg 1024w, https:\/\/www.radiopiu.net\/wordpress\/wp-content\/uploads\/2024\/02\/2d44e751-d8a8-461b-8e22-d8e4e853b032-768x576.jpg 768w, https:\/\/www.radiopiu.net\/wordpress\/wp-content\/uploads\/2024\/02\/2d44e751-d8a8-461b-8e22-d8e4e853b032-1536x1152.jpg 1536w, https:\/\/www.radiopiu.net\/wordpress\/wp-content\/uploads\/2024\/02\/2d44e751-d8a8-461b-8e22-d8e4e853b032.jpg 1600w\" sizes=\"auto, (max-width: 105px) 100vw, 105px\" \/><\/a>EL BAL DEL FIOR, DI GIULIANA DA RONCH, 24 MAGGIO 2024<\/strong><\/p>\n<\/div>\n<\/div>\n<\/div>\n<div dir=\"auto\">\n<audio class=\"wp-audio-shortcode\" id=\"audio-391435-1\" preload=\"none\" style=\"width: 100%;\" controls=\"controls\"><source type=\"audio\/mpeg\" src=\"https:\/\/www.radiopiu.net\/wordpress\/wp-content\/uploads\/2024\/05\/GVE-1.m4a?_=1\" \/><a href=\"https:\/\/www.radiopiu.net\/wordpress\/wp-content\/uploads\/2024\/05\/GVE-1.m4a\">https:\/\/www.radiopiu.net\/wordpress\/wp-content\/uploads\/2024\/05\/GVE-1.m4a<\/a><\/audio>\n<p>&nbsp;<\/p>\n<p>&nbsp;<\/p>\n<hr \/>\n<\/div>\n<\/div>\n<blockquote>\n<blockquote>\n<h1><span style=\"color: #ff0000;\">I podcast informativi del mattino &#8211; audio &#8211;\u00a0\u00a0<\/span><\/h1>\n<\/blockquote>\n<p><strong><a class=\"dt-pswp-item\" href=\"https:\/\/www.radiopiu.net\/wordpress\/wp-content\/uploads\/2023\/11\/th-10.jpg\" data-dt-img-description=\"\" data-large_image_width=\"320\" data-large_image_height=\"180\"><img loading=\"lazy\" decoding=\"async\" class=\"wp-image-362866 alignleft\" src=\"https:\/\/www.radiopiu.net\/wordpress\/wp-content\/uploads\/2023\/11\/th-10-300x169.jpg\" alt=\"\" width=\"185\" height=\"104\" srcset=\"https:\/\/www.radiopiu.net\/wordpress\/wp-content\/uploads\/2023\/11\/th-10-300x169.jpg 300w, https:\/\/www.radiopiu.net\/wordpress\/wp-content\/uploads\/2023\/11\/th-10.jpg 320w\" sizes=\"auto, (max-width: 185px) 100vw, 185px\" \/><\/a>LA RASSEGNA STAMPA NAZIONALE ALLA RADIO, OGNI GIORNO ALLE 5 E ALLE 6 DEL MATTINO <span style=\"color: #0000ff;\">viene pubblicata alle 6.00 <span style=\"color: #ff0000;\">DIRETTA RADIO\u00a0 \u00a0 \u00a0<\/span><\/span><\/strong><\/p>\n<p>&nbsp;<\/p><\/blockquote>\n<p>DI STEFANO FAMA&#8217;<br \/>\n<strong>Politica<\/strong> Blitz di un ex parlamanetare verde alla Camera, <strong>Fisco<\/strong> fermato lo sto al redditometro <strong>Gaza<\/strong> Raid israeliano, 16 morti tra cui 10 bambini <strong>Seul<\/strong> Cina,\u00a0 Giappone,\u00a0 e Corea si incontrano dopo 5 anni <strong>Bari<\/strong> la Guardia costiera sequestra un cantiere <strong>Roma<\/strong> uomo trovato a terra in fin di vita <strong>Genova<\/strong> Toti in caserma per l&#8217;interrogatorio <strong>Agrigento<\/strong> accoltella moglie e figli e si barrica in casa<br \/>\n<strong>Sport<\/strong> giro d&#8217;Italia 18esima tappa<\/p>\n<h2>AUDIO dalle 6 del mattino<\/h2>\n<audio class=\"wp-audio-shortcode\" id=\"audio-391435-2\" preload=\"none\" style=\"width: 100%;\" controls=\"controls\"><source type=\"audio\/mpeg\" src=\"https:\/\/www.radiopiu.net\/wordpress\/wp-content\/uploads\/2024\/05\/GIORNALEDELLESEI-23.mp3?_=2\" \/><a href=\"https:\/\/www.radiopiu.net\/wordpress\/wp-content\/uploads\/2024\/05\/GIORNALEDELLESEI-23.mp3\">https:\/\/www.radiopiu.net\/wordpress\/wp-content\/uploads\/2024\/05\/GIORNALEDELLESEI-23.mp3<\/a><\/audio>\n<p>&nbsp;<\/p>\n<p>&nbsp;<\/p>\n<hr \/>\n<p>&nbsp;<\/p>\n<h1 style=\"text-align: center;\"><span style=\"color: #ff0000;\">I podcast informativi del mattino &#8211; audio &#8211;\u00a0<\/span><\/h1>\n<p><strong><a class=\"dt-pswp-item\" href=\"https:\/\/www.radiopiu.net\/wordpress\/wp-content\/uploads\/2023\/12\/images.png\" data-dt-img-description=\"\" data-large_image_width=\"316\" data-large_image_height=\"160\"><img loading=\"lazy\" decoding=\"async\" class=\"wp-image-367008 alignleft\" src=\"https:\/\/www.radiopiu.net\/wordpress\/wp-content\/uploads\/2023\/12\/images-300x152.png\" alt=\"\" width=\"235\" height=\"119\" srcset=\"https:\/\/www.radiopiu.net\/wordpress\/wp-content\/uploads\/2023\/12\/images-300x152.png 300w, https:\/\/www.radiopiu.net\/wordpress\/wp-content\/uploads\/2023\/12\/images.png 316w\" sizes=\"auto, (max-width: 235px) 100vw, 235px\" \/><\/a>OGNI GIORNO ALLE SETTE DEL MATTINO, LA RASSEGNA STAMPA LOCALE FLASH&#8230; PER CHI VA IN FRETTA. I TITOLI DAI GIORNALI E DAL SITO WWW.RADIOPIU.NET <span style=\"color: #0000ff;\">viene pubblicato alle 7.00<\/span> <span style=\"color: #ff0000;\">DIRETTA RADIO\u00a0<\/span><\/strong><\/p>\n<p><em><span style=\"color: #ff0000;\">per chi va in fretta&#8230; tante notizie in pochi minuti. L&#8217;informazione locale alla radio, ogni ora dalle 7 del mattino alle 19 della sera.\u00a0 \u00a0 \u00a0\u00a0<\/span><\/em><\/p>\n<p><strong>.\u00a0<\/strong><\/p>\n<p><strong>CARABINIERI<\/strong> AL LAVORO PER DARE UN NOME AI LADRI DELLA NOTTE AGORDINO TERRA DI CONQUISTA, I LADRI SCORAZZANO TRA ALLEGHE E AGORDO, PERCORRONO LA 203 AGORDINA INDISTURBATI TRA UNA TELECAMERA A L\u2019ALTRA, RUBANO AD ALLEGHE E AD AGORDO, SFACCIATAMENTE, IN CENTRO\u2026 DUE FURTI IN UNA NOTTE, UN COLPO AL CUORE PER LA COMUNITA\u2019 \u201c\u00c8 un colpo al cuore per la societ\u00e0, per il nostro impegno fondato sul volontariato \u2013 ha dichiarato la Presidente della Proloco, Celesta Paganin. \u201cIl danno non \u00e8 solo materiale, ma soprattutto morale. \u00c8 come se avessero rubato un pezzo della comunit\u00e0\u201d.<br \/>\n<strong>CENCENIGHE<\/strong> Una giovane di 27 anni di Feltre \u00e8 rimasta ferita in un incidente stradale ieri pomeriggio a Cencenighe. L&#8217;incidente \u00e8 avvenuto poco prima delle 18. Trasportata all&#8217;ospedale Giovanni Paolo I di Agordo, le sue condizioni non sono gravi.<br \/>\n<strong>ROCCA PIETORE<\/strong> Una curva affrontata in scioltezza, fin troppa perch\u00e9 la ruota anteriore \u00e8 scivolata via, e la meteo sicuramente non ha aiutato. Il ciclista tedesco settantenne \u00e8 piombato sull\u2019asfalto. Per rialzarlo \u00e8 intervenuto il personale sanitario che ha provveduto al trasporto in elicottero fino al San Martino di Belluno dove l\u2019uomo \u00e8 stato ospedalizzato con un codice di media gravit\u00e0.<br \/>\n<strong>BELLUNO<\/strong> Marica Fa\u00e8, in Vescio, dopo una lunga lotta si \u00e8 arresa alla malattia. E&#8217; mancata a soli 55 anni lasciando nel dolore il marito Pino, la figlia Martina, il nipote Francesco, le sorelle Valentina e Sabrina, il fratello Massimiliano.<br \/>\nLe esequie avranno luogo sabato alle 15 nella sala di Commiato della Casa Funeraria De Dea Gelisio. Dopo la cremazione le ceneri saranno tumulate nel cimitero di Cencenighe suo paese d&#8217;origine. La famiglia ha ringraziato il dottor Zanne, la dottoressa Sommacal e il personale di Casa Tua 2.<\/p>\n<h2>AUDIO dalle 7 del mattino<\/h2>\n<audio class=\"wp-audio-shortcode\" id=\"audio-391435-3\" preload=\"none\" style=\"width: 100%;\" controls=\"controls\"><source type=\"audio\/mpeg\" src=\"https:\/\/www.radiopiu.net\/wordpress\/wp-content\/uploads\/2024\/05\/GF07-20.mp3?_=3\" \/><a href=\"https:\/\/www.radiopiu.net\/wordpress\/wp-content\/uploads\/2024\/05\/GF07-20.mp3\">https:\/\/www.radiopiu.net\/wordpress\/wp-content\/uploads\/2024\/05\/GF07-20.mp3<\/a><\/audio>\n<p>&nbsp;<\/p>\n<p>&nbsp;<\/p>\n<hr \/>\n<p>&nbsp;<\/p>\n<h1><\/h1>\n<h1 style=\"text-align: center;\"><span style=\"color: #ff0000;\"><a class=\"dt-pswp-item\" href=\"https:\/\/www.radiopiu.net\/wordpress\/wp-content\/uploads\/2022\/01\/026c3f9d-dae9-4040-a3c1-a6530231bcc3.jpg\" data-dt-img-description=\"\" data-large_image_width=\"1152\" data-large_image_height=\"2048\"><img loading=\"lazy\" decoding=\"async\" class=\"wp-image-251839 alignleft\" src=\"https:\/\/www.radiopiu.net\/wordpress\/wp-content\/uploads\/2022\/01\/026c3f9d-dae9-4040-a3c1-a6530231bcc3-169x300.jpg\" alt=\"\" width=\"100\" height=\"177\" srcset=\"https:\/\/www.radiopiu.net\/wordpress\/wp-content\/uploads\/2022\/01\/026c3f9d-dae9-4040-a3c1-a6530231bcc3-169x300.jpg 169w, https:\/\/www.radiopiu.net\/wordpress\/wp-content\/uploads\/2022\/01\/026c3f9d-dae9-4040-a3c1-a6530231bcc3-576x1024.jpg 576w, https:\/\/www.radiopiu.net\/wordpress\/wp-content\/uploads\/2022\/01\/026c3f9d-dae9-4040-a3c1-a6530231bcc3-768x1365.jpg 768w, https:\/\/www.radiopiu.net\/wordpress\/wp-content\/uploads\/2022\/01\/026c3f9d-dae9-4040-a3c1-a6530231bcc3-864x1536.jpg 864w, https:\/\/www.radiopiu.net\/wordpress\/wp-content\/uploads\/2022\/01\/026c3f9d-dae9-4040-a3c1-a6530231bcc3.jpg 1152w\" sizes=\"auto, (max-width: 100px) 100vw, 100px\" \/><\/a>I podcast informativi del mattino &#8211; audio &#8211;\u00a0<\/span><\/h1>\n<blockquote><p><strong>GIORNALE RADIO NAZIONALE, EDIZIONE DELLE SETTE <span style=\"color: #0000ff;\">viene pubblicato alle 7.05 <span style=\"color: #ff0000;\">DIRETTA RADIO\u00a0<\/span><\/span><\/strong><\/p><\/blockquote>\n<p><strong>il giornale radionazionale e&#8217; in onda ogni ora, dalle sette del mattino alle venti della sera\u00a0\u00a0<\/strong><\/p>\n<p>&nbsp;<\/p>\n<p><span style=\"color: #ff0000;\"><strong>NOTIZIE DALLA SERA&#8230; A QUESTA MATTINA<\/strong><\/span><\/p>\n<p><strong>Ultima ora <\/strong>04:20 Borsa: Hong Kong, apertura in ribasso (-0,67%) <strong>Gaza<\/strong>, media: 10 morti in un raid di Israele sulla citt\u00e0 <strong>Maiorca<\/strong> Sovraccarico su terrazza causa crollo in ristorante <strong>Ucraina<\/strong>: Cina: diffamante dire che diamo armi letali a Russia <strong>Genova<\/strong> Toti, &#8216;ogni euro incassato \u00e8 stato destinato alla politica&#8217; <strong>Roma<\/strong> Via il redditometro, ora IA e incroci contro l&#8217;evasione <strong>Budapest<\/strong> Ilaria Salis \u00e8 uscita dal carcere, \u00e8 ai domiciliari a Budapest <strong>Capaci<\/strong> I Mattarella: &#8216;La mafia \u00e8 sempre in agguato, ma \u00e8 destinata a finire&#8217; <strong>Russia<\/strong>, arrestato un altro generale<\/p>\n<h2>AUDIO dalle sette del mattino, ogni ora alla radio<\/h2>\n<audio class=\"wp-audio-shortcode\" id=\"audio-391435-4\" preload=\"none\" style=\"width: 100%;\" controls=\"controls\"><source type=\"audio\/mpeg\" src=\"https:\/\/www.radiopiu.net\/wordpress\/wp-content\/uploads\/2024\/05\/giornale07-18.mp3?_=4\" \/><a href=\"https:\/\/www.radiopiu.net\/wordpress\/wp-content\/uploads\/2024\/05\/giornale07-18.mp3\">https:\/\/www.radiopiu.net\/wordpress\/wp-content\/uploads\/2024\/05\/giornale07-18.mp3<\/a><\/audio>\n<p>&nbsp;<\/p>\n<hr \/>\n<p>&nbsp;<\/p>\n<p>&nbsp;<\/p>\n<h1><span style=\"color: #ff0000;\">I podcast informativi del mattino &#8211; video &#8211;\u00a0<\/span><\/h1>\n<h2><strong><a class=\"dt-pswp-item\" href=\"https:\/\/www.radiopiu.net\/wordpress\/wp-content\/uploads\/2023\/12\/th-10.jpg\" data-dt-img-description=\"\" data-large_image_width=\"245\" data-large_image_height=\"180\"><img loading=\"lazy\" decoding=\"async\" class=\" wp-image-367395 alignleft\" src=\"https:\/\/www.radiopiu.net\/wordpress\/wp-content\/uploads\/2023\/12\/th-10.jpg\" alt=\"\" width=\"166\" height=\"122\" \/><\/a>RASSEGNA STAMPA LOCALE, ORE OTTO 05<\/strong><\/h2>\n<h2><strong> <span style=\"color: #0000ff;\">viene\u00a0 <\/span><\/strong><strong><span style=\"color: #0000ff;\">pubblicata alle 8.05 <span style=\"color: #ff0000;\">DIRETTA RADIO\u00a0\u00a0<\/span><\/span><\/strong><\/h2>\n<p><strong>DI MIRKO MEZZACASA\u00a0 \u00a0<\/strong><\/p>\n<h2><a class=\"dt-pswp-item\" href=\"https:\/\/www.radiopiu.net\/wordpress\/wp-content\/uploads\/2024\/05\/Senza-nome-49.png\" data-dt-img-description=\"\" data-large_image_width=\"431\" data-large_image_height=\"254\"><img loading=\"lazy\" decoding=\"async\" class=\"size-medium wp-image-391606 alignleft\" src=\"https:\/\/www.radiopiu.net\/wordpress\/wp-content\/uploads\/2024\/05\/Senza-nome-49-300x177.png\" alt=\"\" width=\"300\" height=\"177\" srcset=\"https:\/\/www.radiopiu.net\/wordpress\/wp-content\/uploads\/2024\/05\/Senza-nome-49-300x177.png 300w, https:\/\/www.radiopiu.net\/wordpress\/wp-content\/uploads\/2024\/05\/Senza-nome-49.png 431w\" sizes=\"auto, (max-width: 300px) 100vw, 300px\" \/><\/a><\/h2>\n<p><strong>BELLUNO,<\/strong> un giovane \u00e8 stato assolto dall&#8217;accusa di tentata estorsione per aver avvertito un amico dei pericoli legati a un debito di droga di 200 euro. Il Gup Marson ha giudicato non colpevole l&#8217;imputato, difeso dall\u2019avvocato Ferdinando Coppa, nel rito abbreviato.<br \/>\n<strong>BELLUNO<\/strong> A Belluno un macedone di 49 anni, \u00e8 stato condannato a tre mesi per aver chiesto con metodi ruvidi, ma senza minacce, 782 euro di buoni pasto dal datore di lavoro. Il giudice ha derubricato l&#8217;accusa da estorsione a esercizio arbitrario delle proprie ragioni.<br \/>\n<strong>SOSPIROLO<\/strong> Marito e moglie di Sospirolo sono stati rinviati a giudizio per stalking contro la vicina di casa. Accusati di tagliare panni stesi, staccare luce e gas, lasciare feci di cane sotto il davanzale, e minacciare ripetutamente, la coppia affronter\u00e0 il processo. La vittima si \u00e8 costituita parte civile.<br \/>\n<strong>AGORDO<\/strong> Sono giunte in questi giorni le notizie relative a due importanti riconoscimenti ottenuti dagli studenti dell&#8217;Istituto Follador-De Rossi. La prima riguarda la classe 3 liceo scientifico che si \u00e8 classificata nella rosa dei vincitori della competizione di classe \u201cMatematica senza Frontiere\u201d. Si tratta di una gara, svoltasi a fine febbraio, che ha coinvolto 102 Istituti scolastici sparsi su tutto il territorio nazionale<br \/>\n<strong>ALLEGHE<\/strong> Il palaghiaccio Alvise De Toni di Alleghe \u00e8 chiuso fino a settembre per lavori di riqualificazione finanziati dai Fondi dei Comuni Confinanti. Assegnati anche i lavori impiantistici alla Clauger-Technofrigo per 73 mila euro, dopo quelli edili affidati alla Deon di Belluno per 55 mila euro.<\/p>\n<h2><span style=\"color: #ff0000;\"><strong>VIDEO\u00a0 \u00a0in diretta dalle 8 del mattino\u00a0\u00a0<\/strong><\/span><\/h2>\n<p>&nbsp;<\/p>\n<p><iframe loading=\"lazy\" title=\"DAL 1983 LA RASSEGNA STAMPA LOCALE di mirko mezzacasa. L&#039;ORIGINALE\" width=\"1200\" height=\"675\" src=\"https:\/\/www.youtube.com\/embed\/fPimIz1fP2A?feature=oembed\" frameborder=\"0\" allow=\"accelerometer; autoplay; clipboard-write; encrypted-media; gyroscope; picture-in-picture; web-share\" referrerpolicy=\"strict-origin-when-cross-origin\" allowfullscreen><\/iframe><\/p>\n<p>&nbsp;<\/p>\n<p>&nbsp;<\/p>\n<hr \/>\n<p>&nbsp;<\/p>\n<blockquote>\n<h3 dir=\"auto\">FALCO SUL FEDAIA PER IL CICLISTA SULL\u2019ASFALTO<\/h3>\n<\/blockquote>\n<div dir=\"auto\"><strong>\u00a0ROCCA PIETORE<\/strong> Una curva affrontata in scioltezza, fin troppa perch\u00e9 la ruota anteriore \u00e8 scivolata via, e la meteo sicuramente non ha aiutato. Il ciclista tedesco settantenne \u00e8 piombato sull\u2019asfalto. Per rialzarlo \u00e8 intervenuto il personale sanitario che ha provveduto al trasporto in elicottero fino al San Martino di Belluno dove l\u2019uomo \u00e8 stato ospedalizzato con un codice di media gravit\u00e0.<\/div>\n<p>&nbsp;<\/p>\n<p>&nbsp;<\/p>\n<hr \/>\n<div class=\"page-title-head hgroup\">\n<blockquote>\n<h3 class=\"entry-title\"><\/h3>\n<p>&nbsp;<\/p>\n<h3><a class=\"dt-pswp-item\" href=\"https:\/\/www.radiopiu.net\/wordpress\/wp-content\/uploads\/2023\/11\/FALCO-CENCE.jpg\" data-dt-img-description=\"\" data-large_image_width=\"908\" data-large_image_height=\"735\"><img loading=\"lazy\" decoding=\"async\" class=\"wp-image-361710 alignleft\" src=\"https:\/\/www.radiopiu.net\/wordpress\/wp-content\/uploads\/2023\/11\/FALCO-CENCE-300x243.jpg\" alt=\"\" width=\"138\" height=\"112\" srcset=\"https:\/\/www.radiopiu.net\/wordpress\/wp-content\/uploads\/2023\/11\/FALCO-CENCE-300x243.jpg 300w, https:\/\/www.radiopiu.net\/wordpress\/wp-content\/uploads\/2023\/11\/FALCO-CENCE-768x622.jpg 768w, https:\/\/www.radiopiu.net\/wordpress\/wp-content\/uploads\/2023\/11\/FALCO-CENCE.jpg 908w\" sizes=\"auto, (max-width: 138px) 100vw, 138px\" \/><\/a>Donna Ferita in un Incidente Stradale a Cencenighe<\/h3>\n<p><strong>CENCENIGHE<\/strong> Una giovane di 27 anni di Feltre \u00e8 rimasta ferita in un incidente stradale ieri pomeriggio a Cencenighe. L&#8217;incidente \u00e8 avvenuto poco prima delle 18. Trasportata all&#8217;ospedale Giovanni Paolo I di Agordo, le sue condizioni non sono gravi.<\/p>\n<h3 class=\"entry-title\"><\/h3>\n<\/blockquote>\n<hr \/>\n<blockquote>\n<h3 class=\"entry-title\"><\/h3>\n<blockquote>\n<h3 lang=\"x-unicode\">ATTENZIONE SULLA STRADA PER FORCHIADE<\/h3>\n<\/blockquote>\n<div lang=\"x-unicode\"><\/div>\n<div lang=\"x-unicode\">\n<p><strong>REDAZIONE<\/strong> Dalla chat telegram Viabilit\u00e0 Provincia di Belluno la segnalazione di\u00a0 Paolo. Si tratta della strada comunale, Forchiade-Masar\u00e8 di Rocca Pietore, ovvero la vecchia 203 agordina .<\/p>\n\n\t\t\t<style type='text\/css'>\n\t\t\t\t#gallery-1 {\n\t\t\t\t\tmargin: auto;\n\t\t\t\t}\n\t\t\t\t#gallery-1 .gallery-item {\n\t\t\t\t\tfloat: left;\n\t\t\t\t\tmargin-top: 10px;\n\t\t\t\t\ttext-align: center;\n\t\t\t\t\twidth: 33%;\n\t\t\t\t}\n\t\t\t\t#gallery-1 img {\n\t\t\t\t\tborder: 2px solid #cfcfcf;\n\t\t\t\t}\n\t\t\t\t#gallery-1 .gallery-caption {\n\t\t\t\t\tmargin-left: 0;\n\t\t\t\t}\n\t\t\t\t\/* see gallery_shortcode() in wp-includes\/media.php *\/\n\t\t\t<\/style>\n\t\t<div id='gallery-1' class='dt-gallery-container gallery galleryid-391435 gallery-columns-3 gallery-size-large'><dl class='gallery-item'>\n\t\t\t\t<dt class='gallery-icon landscape'>\n\t\t\t\t\t<a class=\"rollover rollover-zoom dt-pswp-item\" title=\"da6c2e24-e90a-4226-870a-20a1c9becb67\" data-dt-img-description=\"\" data-large_image_width=\"1280\" data-large_image_height=\"640\"href='https:\/\/www.radiopiu.net\/wordpress\/wp-content\/uploads\/2024\/05\/da6c2e24-e90a-4226-870a-20a1c9becb67.jpg'><img loading=\"lazy\" decoding=\"async\" width=\"1024\" height=\"512\" src=\"https:\/\/www.radiopiu.net\/wordpress\/wp-content\/uploads\/2024\/05\/da6c2e24-e90a-4226-870a-20a1c9becb67-1024x512.jpg\" class=\"attachment-large size-large\" alt=\"\" srcset=\"https:\/\/www.radiopiu.net\/wordpress\/wp-content\/uploads\/2024\/05\/da6c2e24-e90a-4226-870a-20a1c9becb67-1024x512.jpg 1024w, https:\/\/www.radiopiu.net\/wordpress\/wp-content\/uploads\/2024\/05\/da6c2e24-e90a-4226-870a-20a1c9becb67-300x150.jpg 300w, https:\/\/www.radiopiu.net\/wordpress\/wp-content\/uploads\/2024\/05\/da6c2e24-e90a-4226-870a-20a1c9becb67-768x384.jpg 768w, https:\/\/www.radiopiu.net\/wordpress\/wp-content\/uploads\/2024\/05\/da6c2e24-e90a-4226-870a-20a1c9becb67.jpg 1280w\" sizes=\"auto, (max-width: 1024px) 100vw, 1024px\" \/><\/a>\n\t\t\t\t<\/dt><\/dl><dl class='gallery-item'>\n\t\t\t\t<dt class='gallery-icon landscape'>\n\t\t\t\t\t<a class=\"rollover rollover-zoom dt-pswp-item\" title=\"5c349569-f092-42f8-9f48-201f9b6d4c29\" data-dt-img-description=\"\" data-large_image_width=\"1280\" data-large_image_height=\"640\"href='https:\/\/www.radiopiu.net\/wordpress\/wp-content\/uploads\/2024\/05\/5c349569-f092-42f8-9f48-201f9b6d4c29.jpg'><img loading=\"lazy\" decoding=\"async\" width=\"1024\" height=\"512\" src=\"https:\/\/www.radiopiu.net\/wordpress\/wp-content\/uploads\/2024\/05\/5c349569-f092-42f8-9f48-201f9b6d4c29-1024x512.jpg\" class=\"attachment-large size-large\" alt=\"\" srcset=\"https:\/\/www.radiopiu.net\/wordpress\/wp-content\/uploads\/2024\/05\/5c349569-f092-42f8-9f48-201f9b6d4c29-1024x512.jpg 1024w, https:\/\/www.radiopiu.net\/wordpress\/wp-content\/uploads\/2024\/05\/5c349569-f092-42f8-9f48-201f9b6d4c29-300x150.jpg 300w, https:\/\/www.radiopiu.net\/wordpress\/wp-content\/uploads\/2024\/05\/5c349569-f092-42f8-9f48-201f9b6d4c29-768x384.jpg 768w, https:\/\/www.radiopiu.net\/wordpress\/wp-content\/uploads\/2024\/05\/5c349569-f092-42f8-9f48-201f9b6d4c29.jpg 1280w\" sizes=\"auto, (max-width: 1024px) 100vw, 1024px\" \/><\/a>\n\t\t\t\t<\/dt><\/dl><dl class='gallery-item'>\n\t\t\t\t<dt class='gallery-icon landscape'>\n\t\t\t\t\t<a class=\"rollover rollover-zoom dt-pswp-item\" title=\"2023f016-5437-4eae-a3d9-882b8ddc7c67\" data-dt-img-description=\"\" data-large_image_width=\"1280\" data-large_image_height=\"640\"href='https:\/\/www.radiopiu.net\/wordpress\/wp-content\/uploads\/2024\/05\/2023f016-5437-4eae-a3d9-882b8ddc7c67.jpg'><img loading=\"lazy\" decoding=\"async\" width=\"1024\" height=\"512\" src=\"https:\/\/www.radiopiu.net\/wordpress\/wp-content\/uploads\/2024\/05\/2023f016-5437-4eae-a3d9-882b8ddc7c67-1024x512.jpg\" class=\"attachment-large size-large\" alt=\"\" srcset=\"https:\/\/www.radiopiu.net\/wordpress\/wp-content\/uploads\/2024\/05\/2023f016-5437-4eae-a3d9-882b8ddc7c67-1024x512.jpg 1024w, https:\/\/www.radiopiu.net\/wordpress\/wp-content\/uploads\/2024\/05\/2023f016-5437-4eae-a3d9-882b8ddc7c67-300x150.jpg 300w, https:\/\/www.radiopiu.net\/wordpress\/wp-content\/uploads\/2024\/05\/2023f016-5437-4eae-a3d9-882b8ddc7c67-768x384.jpg 768w, https:\/\/www.radiopiu.net\/wordpress\/wp-content\/uploads\/2024\/05\/2023f016-5437-4eae-a3d9-882b8ddc7c67.jpg 1280w\" sizes=\"auto, (max-width: 1024px) 100vw, 1024px\" \/><\/a>\n\t\t\t\t<\/dt><\/dl><br style=\"clear: both\" \/>\n\t\t\t<\/div>\n\n<p>&nbsp;<\/p>\n<\/div>\n<h3 class=\"entry-title\"><\/h3>\n<h3 class=\"entry-title\"><\/h3>\n<\/blockquote>\n<hr \/>\n<h3 class=\"entry-title\"><\/h3>\n<h3 class=\"entry-title\"><\/h3>\n<blockquote>\n<h3 class=\"entry-title\">DUE FURTI IN UNA NOTTE, UN COLPO AL CUORE PER LA COMUNITA\u2019 <em style=\"font-size: 14px; font-weight: normal;\">&#8220;\u00c8 un colpo al cuore per la societ\u00e0, per il nostro impegno fondato sul volontariato &#8211;\u00a0 <\/em><span style=\"font-size: 14px; font-weight: normal;\">ha dichiarato la Presidente della Proloco, Celesta Paganin. <\/span><em style=\"font-size: 14px; font-weight: normal;\">&#8220;Il danno non \u00e8 solo materiale, ma soprattutto morale. \u00c8 come se avessero rubato un pezzo della comunit\u00e0&#8221;.<\/em><\/h3>\n<\/blockquote>\n<\/div>\n<div class=\"page-title-breadcrumbs\">\n<p><strong><img loading=\"lazy\" decoding=\"async\" class=\"alignleft\" src=\"https:\/\/www.radiopiu.net\/wordpress\/wp-content\/uploads\/2024\/05\/image-25-11-15-10-16-1-300x225-1.jpeg\" width=\"217\" height=\"163\" \/>AGORDO <\/strong>Doppio furto nella notte, nell&#8217;edicola\u00a0 Sommariva in pieno centro e,\u00a0 nell&#8217;altra centralissima via 27 aprile, lungo la regionale 203 agordina, all&#8217;ufficio Turistico. Identico il modus operandi, serratura forzata forando il cilindro e, una volta dentro, gli autori\u00a0 si sono &#8220;accontentati&#8221; del denaro contante. Costernata la Presidente della Proloco Celeste Paganin. <em>&#8220;Avvilita certo &#8211; <img loading=\"lazy\" decoding=\"async\" class=\"alignright\" src=\"https:\/\/www.radiopiu.net\/wordpress\/wp-content\/uploads\/2024\/05\/f142094b-004a-4f53-8b9f-d745689c4322.jpg\" width=\"221\" height=\"124\" \/>di dice &#8211; per il danno economico, ma soprattutto per il danno morale e sociale. E&#8217; stato rubato il denaro non all&#8217;Ufficio Turistico, ma alla comunit\u00e0, ad un gruppo di volontari che si stanno spendendo anche per organizzare la 4 Pass in doi del 2 giugno, in questo periodo stiamo raccogliendo le iscrizioni&#8221;<\/em>. Un danno in qualche migliaia d&#8217;euro. All&#8217;Edicola Sommariva sono stati rubati circa 200 euro in monete. Chi ha commesso i furti ha sfidato la citt\u00e0 ed anche le telecamere, ce ne sono ovunque, private e pubbliche tra via 27 aprile sede dell&#8217;ufficio turistico e l&#8217;angolo di via Garibaldi con la storica edicola di Adriano Sommariva.<\/p>\n<p>&nbsp;<\/p>\n<\/div>\n<p>&nbsp;<\/p>\n<hr \/>\n<p>&nbsp;<\/p>\n<h2><span style=\"color: #ff0000;\"><a class=\"dt-pswp-item\" href=\"https:\/\/www.radiopiu.net\/wordpress\/wp-content\/uploads\/2021\/11\/istockphoto-459021293-170667a.jpg\" data-dt-img-description=\"Burglar entering to house trough balcony window\" data-large_image_width=\"489\" data-large_image_height=\"353\"><img loading=\"lazy\" decoding=\"async\" class=\" wp-image-244874 alignleft\" src=\"https:\/\/www.radiopiu.net\/wordpress\/wp-content\/uploads\/2021\/11\/istockphoto-459021293-170667a-300x217.jpg\" alt=\"\" width=\"160\" height=\"116\" srcset=\"https:\/\/www.radiopiu.net\/wordpress\/wp-content\/uploads\/2021\/11\/istockphoto-459021293-170667a-300x217.jpg 300w, https:\/\/www.radiopiu.net\/wordpress\/wp-content\/uploads\/2021\/11\/istockphoto-459021293-170667a.jpg 489w\" sizes=\"auto, (max-width: 160px) 100vw, 160px\" \/><\/a>CARABINIERI AL LAVORO PER DARE UN NOME AI LADRI DELLA NOTTE<\/span><\/h2>\n<p>&nbsp;<\/p>\n<p><strong>AGORDINO TERRA DI CONQUISTA, I LADRI SCORAZZANO TRA ALLEGHE E AGORDO, PERCORRONO LA 203 AGORDINA INDISTURBATI TRA UNA TELECAMERA A L&#8217;ALTRA, RUBANO AD ALLEGHE E AD AGORDO, SFACCIATAMENTE, IN CENTRO&#8230;\u00a0<\/strong><\/p>\n<p><strong>DI GIANNI SANTOMASO<\/strong><\/p>\n<audio class=\"wp-audio-shortcode\" id=\"audio-391435-5\" preload=\"none\" style=\"width: 100%;\" controls=\"controls\"><source type=\"audio\/wav\" src=\"https:\/\/www.radiopiu.net\/wordpress\/wp-content\/uploads\/2024\/05\/gianni-i-furti.wav?_=5\" \/><a href=\"https:\/\/www.radiopiu.net\/wordpress\/wp-content\/uploads\/2024\/05\/gianni-i-furti.wav\">https:\/\/www.radiopiu.net\/wordpress\/wp-content\/uploads\/2024\/05\/gianni-i-furti.wav<\/a><\/audio>\n<p>&nbsp;<\/p>\n<hr \/>\n<p>&nbsp;<\/p>\n<blockquote>\n<h2>LADRI DI CONTANTE ANCHE IN RIVA AL LAGO<\/h2>\n<\/blockquote>\n<p><strong><img loading=\"lazy\" decoding=\"async\" class=\"alignleft\" src=\"https:\/\/www.radiopiu.net\/wordpress\/wp-content\/uploads\/2020\/11\/ff410afc-8b0c-46c0-a4de-45a8768c3343.jpg\" width=\"261\" height=\"167\" \/>ALLEGHE<\/strong> Non solo i furti ad Agordo (Edicola Sommariva e Ufficio Turistico), ma anche ad Alleghe. I Carabinieri delle stazioni dell&#8217;Agordino, da Caprile di Alleghe a Falcade, da Agordo a Cencenighe hanno gi\u00e0 visionato le telecamere e raccolto indizi importanti.<\/p>\n<p>Da ricostruire la mappa dei furti, di passaggio ad Alleghe, o di ritorno da Agordo? Nella notte ignoti &#8211; non del luogo &#8211; si sono introdotti all&#8217;interno del punto di ristoro di Tobi\u00e0 in riva al lago di Alleghe e alla Pasticceria Artigiana difronte al Pub, cio\u00e8 in centro. Anche ad Alleghe come ad Agordo i malviventi cercavano una cosa sola: denaro contante.<\/p>\n<p>&nbsp;<\/p>\n<p>&nbsp;<\/p>\n<div class=\"html-div xe8uvvx xdj266r x11i5rnm xat24cr x1mh8g0r xexx8yu x4uap5 x18d9i69 xkhd6sd\" dir=\"auto\">\n<div id=\":r1uc:\" class=\"x1iorvi4 x1pi30zi x1l90r2v x1swvt13\" data-ad-comet-preview=\"message\" data-ad-preview=\"message\">\n<div class=\"x78zum5 xdt5ytf xz62fqu x16ldp7u\">\n<div class=\"xu06os2 x1ok221b\">\n<div dir=\"auto\"><\/div>\n<div dir=\"auto\">\n<hr \/>\n<\/div>\n<blockquote>\n<h2 dir=\"auto\"><\/h2>\n<h2 dir=\"auto\"><\/h2>\n<h2 dir=\"auto\">SAN TOMASO, ABBONATI AI DISAGI E DISSERVIZI DI GSP<\/h2>\n<\/blockquote>\n<div dir=\"auto\">\n<p><img loading=\"lazy\" decoding=\"async\" class=\"alignleft\" src=\"https:\/\/www.radiopiu.net\/wordpress\/wp-content\/uploads\/2023\/08\/acqua.jpeg\" width=\"100\" height=\"66\" \/><strong>SAN TOMASO<\/strong> Di nuovo&#8230; e non \u00e8 certo una novit\u00e0 lo sanno bene a San Tomaso. Ancora una volta alla pioggia primaverile si aggiunge l&#8217;inquinamento idrico e quindi scatta l&#8217;ordinanza:\u00a0 \u00a0nelle localit\u00e0 PIANEZZE, VALLATA, VAL, MEZZAVALLE, COSTA DI MEZZO E PIAN MOLIN l&#8217;acqua erogata dall&#8217;acquedotto non \u00e8 potabile e pu\u00f2 essere usata per scopi alimentari SOLO PREVIA bollitura. Verr\u00e0 effettuato servizio sostitutivo con cisterna in localit\u00e0 PIAN MOLIN presso Ecocentro.<\/p>\n<blockquote>\n<h3 lang=\"x-unicode\"><\/h3>\n<h3 lang=\"x-unicode\">SOSPENSIONE SERVIZIO IDRICO A LA VALLE AGORDINA, LE CAMPE-NOACH<\/h3>\n<\/blockquote>\n<\/div>\n<div lang=\"x-unicode\"><strong>LA VALLE<\/strong>\u00a0 per lavori alla rete idrica comunale, LUNEDI 27 MAGGIO dalle 14 alle 17 verr\u00e0 sospesa l\u2019erogazione dell\u2019acqua nelle localit\u00e0 NOACH e LE CAMPE.<\/div>\n<div lang=\"x-unicode\"><\/div>\n<div lang=\"x-unicode\"><\/div>\n<div lang=\"x-unicode\"><\/div>\n<div lang=\"x-unicode\">\n<p>&nbsp;<\/p>\n<hr \/>\n<p>&nbsp;<\/p>\n<blockquote>\n<h3>ADDIO ALLA &#8220;GUERRIERA&#8221;<\/h3>\n<\/blockquote>\n<\/div>\n<div dir=\"auto\">\n<p><strong><a class=\"dt-pswp-item\" href=\"https:\/\/www.radiopiu.net\/wordpress\/wp-content\/uploads\/2024\/05\/Senza-nome-48.png\" data-dt-img-description=\"\" data-large_image_width=\"198\" data-large_image_height=\"229\"><img loading=\"lazy\" decoding=\"async\" class=\" wp-image-391590 alignleft\" src=\"https:\/\/www.radiopiu.net\/wordpress\/wp-content\/uploads\/2024\/05\/Senza-nome-48.png\" alt=\"\" width=\"140\" height=\"162\" \/><\/a>BELLUNO<\/strong> Marica Fa\u00e8, in Vescio, dopo una lunga lotta si \u00e8 arresa alla malattia. E&#8217; mancata a soli 55 anni lasciando nel dolore il marito Pino, la figlia Martina, il nipote Francesco, le sorelle Valentina e Sabrina, il fratello Massimiliano.<br \/>\nLe esequie avranno luogo sabato alle 15 nella sala di Commiato della Casa Funeraria De Dea Gelisio. Dopo la cremazione le ceneri saranno tumulate nel cimitero di Cencenighe suo paese d&#8217;origine.<br \/>\nLa famiglia ha ringraziato il dottor Zanne, la dottoressa Sommacal e il personale di Casa Tua 2.<\/p>\n<p>&nbsp;<\/p>\n<p>&nbsp;<\/p>\n<hr \/>\n<p>&nbsp;<\/p>\n<p>&nbsp;<\/p>\n<p><strong><a class=\"dt-pswp-item\" href=\"https:\/\/www.radiopiu.net\/wordpress\/wp-content\/uploads\/2023\/12\/ANTENNA.png\" data-dt-img-description=\"\" data-large_image_width=\"300\" data-large_image_height=\"166\"><img loading=\"lazy\" decoding=\"async\" class=\" wp-image-366306 alignleft\" src=\"https:\/\/www.radiopiu.net\/wordpress\/wp-content\/uploads\/2023\/12\/ANTENNA.png\" alt=\"\" width=\"175\" height=\"97\" \/><\/a>IERI SERA, DAL TG DI ANTENNA 3, DI TIZIANA BOLOGNANI (ogni sera alle 19 le anticipazioni alla radio, quello che poi seguirete nel TELEGIORNALE BELLUNESE\u00a0 in onda alle 19.30 sul CANALE 10 del digitale terrestre.\u00a0\u00a0<\/strong><\/p>\n<p>&nbsp;<\/p>\n<p><span style=\"color: #ff0000;\"><strong>\u00a0IERI SERA ALLA RADIO&#8230; LE ANTICIPAZIONI DI TIZIANA BOLOGNANI<\/strong><\/span><br \/>\n<span style=\"color: #ff0000;\"><strong>AUDIO<\/strong><\/span><\/p>\n<audio class=\"wp-audio-shortcode\" id=\"audio-391435-6\" preload=\"none\" style=\"width: 100%;\" controls=\"controls\"><source type=\"audio\/mpeg\" src=\"https:\/\/www.radiopiu.net\/wordpress\/wp-content\/uploads\/2024\/05\/TIZIANA.mp3?_=6\" \/><a href=\"https:\/\/www.radiopiu.net\/wordpress\/wp-content\/uploads\/2024\/05\/TIZIANA.mp3\">https:\/\/www.radiopiu.net\/wordpress\/wp-content\/uploads\/2024\/05\/TIZIANA.mp3<\/a><\/audio>\n<p>&nbsp;<\/p>\n<p>&nbsp;<\/p>\n<hr \/>\n<p>&nbsp;<\/p>\n<h1 class=\"_title post-title entry-title\">\u2018NO\u2019 ALLE RISORSE FCC PER SPESE PISTA DA BOB, BON: \u00abI BLITZ NON SI FANNO\u00bb<\/h1>\n<p>Intervistati DARIO BOND (PRESIDENTE FONDO COMUNI DI CONFINE), ALESSANDRO DEL BIANCO (SEGRETARIO PROVINCIALE PD BELLUNO) (Servizio di\u00a0<a href=\"https:\/\/antennatre.medianordest.it\/redazione\/Tiziana-Bolognani\/\">Tiziana Bolognani<\/a>)<\/p>\n<p>&nbsp;<\/p>\n<p><iframe loading=\"lazy\" title=\"&#039;NO&#039; ALLE RISORSE FCC PER SPESE PISTA DA BOB, BON: \u00abI BLITZ NON SI FANNO\u00bb | 23\/05\/2024\" width=\"1200\" height=\"675\" src=\"https:\/\/www.youtube.com\/embed\/fSEplyavZtA?feature=oembed\" frameborder=\"0\" allow=\"accelerometer; autoplay; clipboard-write; encrypted-media; gyroscope; picture-in-picture; web-share\" referrerpolicy=\"strict-origin-when-cross-origin\" allowfullscreen><\/iframe><\/p>\n<p>&nbsp;<\/p>\n<p>&nbsp;<\/p>\n<hr \/>\n<p>&nbsp;<\/p>\n<p><strong>OGGI LA GIUDIZIARIA SUL CORRIERE DELLE ALPI\u00a0<\/strong><\/p>\n<h3>Assolto dall\u2019Accusa di Tentata Estorsione<\/h3>\n<div class=\"flex flex-grow flex-col max-w-full\">\n<div class=\"min-h-[20px] text-message flex flex-col items-start whitespace-pre-wrap break-words [.text-message+&amp;]:mt-5 juice:w-full juice:items-end overflow-x-auto gap-2\" dir=\"auto\" data-message-author-role=\"assistant\" data-message-id=\"cd0248a4-38af-47b6-a4fb-10d3b1c8501b\">\n<div class=\"flex w-full flex-col gap-1 juice:empty:hidden juice:first:pt-[3px]\">\n<div class=\"markdown prose w-full break-words dark:prose-invert dark\">\n<p><strong>BELLUNO<\/strong>, un giovane \u00e8 stato assolto dall&#8217;accusa di tentata estorsione per aver avvertito un amico dei pericoli legati a un debito di droga di 200 euro. Il Gup Marson ha giudicato non colpevole l&#8217;imputato, difeso dall\u2019avvocato Ferdinando Coppa, nel rito abbreviato.<\/p>\n<\/div>\n<\/div>\n<\/div>\n<\/div>\n<div class=\"mt-1 flex gap-3 empty:hidden juice:-ml-3\">\n<div class=\"items-center justify-start rounded-xl p-1 flex\">\n<div class=\"flex items-center\"><\/div>\n<\/div>\n<\/div>\n<h3>Condannato a Tre Mesi per Esercizio Arbitrario delle Proprie Ragioni<\/h3>\n<p><strong>BELLUNO <\/strong>A Belluno, Alija Sadikoski, macedone di 49 anni, \u00e8 stato condannato a tre mesi per aver chiesto con metodi ruvidi, ma senza minacce, 782 euro di buoni pasto dal datore di lavoro. Il giudice ha derubricato l&#8217;accusa da estorsione a esercizio arbitrario delle proprie ragioni.<\/p>\n<div class=\"mt-1 flex gap-3 empty:hidden juice:-ml-3\">\n<div class=\"items-center justify-start rounded-xl p-1 flex\">\n<div class=\"flex items-center\"><\/div>\n<\/div>\n<\/div>\n<h3>Stalking: Coppia Rinviata a Giudizio<\/h3>\n<p><strong>SOSPIROLO<\/strong> Marito e moglie di Sospirolo sono stati rinviati a giudizio per stalking contro la vicina di casa. Accusati di tagliare panni stesi, staccare luce e gas, lasciare feci di cane sotto il davanzale, e minacciare ripetutamente, la coppia affronter\u00e0 il processo. La vittima si \u00e8 costituita parte civile.<\/p>\n<\/div>\n<p>&nbsp;<\/p>\n<p>&nbsp;<\/p>\n<div dir=\"auto\">\n<hr \/>\n<p>&nbsp;<\/p>\n<blockquote>\n<h2>Riconoscimenti Importanti per gli studenti del Follador-De Rossi<\/h2>\n<\/blockquote>\n<\/div>\n<p><strong>AGORDO<\/strong> Sono giunte in questi giorni le notizie relative a due importanti riconoscimenti ottenuti dagli studenti dell&#8217;Istituto Follador-De Rossi. La prima riguarda la classe 3 liceo scientifico che si \u00e8 classificata nella rosa dei vincitori della competizione di classe \u201cMatematica senza Frontiere\u201d. Si tratta di una gara, svoltasi a fine febbraio, che ha coinvolto 102 Istituti scolastici sparsi su tutto il territorio nazionale con un\u2019adesione di oltre cinquecento classi, tra cui altre sette del nostro Istituto. I ragazzi si sono distinti per l\u2019alto punteggio ottenuto, per la precisione del lavoro e per l\u2019efficacia delle soluzioni proposte. L\u2019organizzazione ha fatto pervenire ai ragazzi vincitori una serie di testi per l\u2019approfondimento delle scienze e della matematica, una maglietta celebrativa e alcuni gadget. La seconda bella notizia \u00e8 giunta dalla sezione veneta della Societ\u00e0 Italiana di Chimica che ci ha comunicato che l\u2019alunno Diego Calandri della classe 4^ ad indirizzo Chimica e Materiali, nell\u2019ambito delle finali regionali dei Giochi della Chimica, ha ottenuto il primo posto tra gli allievi della provincia di Belluno.<\/p>\n<p><strong>i ragazzi di 3 liceo con la Dirigente e i docenti di matematica<\/strong><\/p>\n<p><a class=\"dt-pswp-item\" href=\"https:\/\/www.radiopiu.net\/wordpress\/wp-content\/uploads\/2024\/05\/81036ddb-72db-436d-a937-ef2225a83375.jpg\" data-dt-img-description=\"\" data-large_image_width=\"2048\" data-large_image_height=\"1342\"><img loading=\"lazy\" decoding=\"async\" class=\"alignnone wp-image-391553 size-large\" src=\"https:\/\/www.radiopiu.net\/wordpress\/wp-content\/uploads\/2024\/05\/81036ddb-72db-436d-a937-ef2225a83375-1024x671.jpg\" alt=\"\" width=\"1024\" height=\"671\" srcset=\"https:\/\/www.radiopiu.net\/wordpress\/wp-content\/uploads\/2024\/05\/81036ddb-72db-436d-a937-ef2225a83375-1024x671.jpg 1024w, https:\/\/www.radiopiu.net\/wordpress\/wp-content\/uploads\/2024\/05\/81036ddb-72db-436d-a937-ef2225a83375-300x197.jpg 300w, https:\/\/www.radiopiu.net\/wordpress\/wp-content\/uploads\/2024\/05\/81036ddb-72db-436d-a937-ef2225a83375-768x503.jpg 768w, https:\/\/www.radiopiu.net\/wordpress\/wp-content\/uploads\/2024\/05\/81036ddb-72db-436d-a937-ef2225a83375-1536x1007.jpg 1536w, https:\/\/www.radiopiu.net\/wordpress\/wp-content\/uploads\/2024\/05\/81036ddb-72db-436d-a937-ef2225a83375.jpg 2048w\" sizes=\"auto, (max-width: 1024px) 100vw, 1024px\" \/><\/a><\/p>\n<p>&nbsp;<\/p>\n<p>&nbsp;<\/p>\n<hr \/>\n<p>&nbsp;<\/p>\n<\/div>\n<\/div>\n<\/div>\n<\/div>\n<blockquote>\n<hr \/>\n<h3><\/h3>\n<h3>CONSEGNATO IL PATENTINO DELLO SMARTPHONE<\/h3>\n<\/blockquote>\n<p><strong><a class=\"dt-pswp-item\" href=\"https:\/\/www.radiopiu.net\/wordpress\/wp-content\/uploads\/2024\/05\/Patentino_dello_smartphone.jpg\" data-dt-img-description=\"\" data-large_image_width=\"1200\" data-large_image_height=\"1600\"><img loading=\"lazy\" decoding=\"async\" class=\" wp-image-391522 alignleft\" src=\"https:\/\/www.radiopiu.net\/wordpress\/wp-content\/uploads\/2024\/05\/Patentino_dello_smartphone-225x300.jpg\" alt=\"\" width=\"109\" height=\"145\" srcset=\"https:\/\/www.radiopiu.net\/wordpress\/wp-content\/uploads\/2024\/05\/Patentino_dello_smartphone-225x300.jpg 225w, https:\/\/www.radiopiu.net\/wordpress\/wp-content\/uploads\/2024\/05\/Patentino_dello_smartphone-768x1024.jpg 768w, https:\/\/www.radiopiu.net\/wordpress\/wp-content\/uploads\/2024\/05\/Patentino_dello_smartphone-1152x1536.jpg 1152w, https:\/\/www.radiopiu.net\/wordpress\/wp-content\/uploads\/2024\/05\/Patentino_dello_smartphone.jpg 1200w\" sizes=\"auto, (max-width: 109px) 100vw, 109px\" \/><\/a>PONTE NELLE ALPI<\/strong> Alla scuola secondaria di primo grado &#8220;Sandro Pertini&#8221; di Canevoi \u00e8 stato consegnato il &#8220;Patentino dello smartphone&#8221; agli studenti di prima media. La cerimonia, molto partecipata, ha visto la presenza di genitori, insegnanti, autorit\u00e0 scolastiche e locali, rappresentanti di associazioni e la Polizia di Stato. Questo riconoscimento \u00e8 stato il culmine di un percorso formativo sull&#8217;uso consapevole dello smartphone, svolto durante l&#8217;anno scolastico con il supporto dell&#8217;associazione Mec (Media Educazione Comunit\u00e0). Il progetto, che mira a insegnare la cittadinanza digitale e a gestire la comunicazione online, coinvolge studenti, docenti e famiglie. La sua rapida diffusione conferma la validit\u00e0 dell&#8217;iniziativa. L&#8217;evento si \u00e8 concluso con un intrattenimento musicale offerto dagli alunni del corso musicale.<\/p>\n<div class=\"page-title-head hgroup\">\n<h3 class=\"entry-title\"><\/h3>\n<h3 class=\"entry-title\">DI SERA\u2026 ALLA RADIO, LUNEDI ALLE 20.30 \u201cLA VITA CONTINUA OLTRE I CONFINI DEL WEB\u201d diretta differita alla radio, dalla sala Don Tamis di Agordo.<\/h3>\n<\/div>\n<div class=\"page-title-breadcrumbs\">\n<blockquote>\n<h1><strong style=\"font-size: 14px;\">AGORDO <\/strong><span style=\"font-size: 14px; font-weight: normal;\">in sala Don Tamis, si \u00e8 tenuto un incontro sul tema del patto digitale, con la dottoressa Roberta Gallego, Sostituto Procuratore di Belluno, che ha discusso su \u201cLa vita continua oltre i confini del web.\u201d Il prossimo appuntamento \u00e8 previsto per marted\u00ec 28 maggio, alle 18, in sala Don Tamis. Lo psicologo Francesco Corazza terr\u00e0 una conferenza intitolata \u201cDalle parole ai patti,\u201d un confronto per abbozzare il patto digitale agordino. Questo evento \u00e8 parte di una serie di incontri per promuovere la consapevolezza e la sicurezza digitale nella comunit\u00e0. .<\/span><\/h1>\n<\/blockquote>\n<\/div>\n<p>&nbsp;<\/p>\n<hr \/>\n<h3><\/h3>\n<h3>Completati i Lavori agli Ossari di Prade e Cusighe<\/h3>\n<p><strong><a class=\"dt-pswp-item\" href=\"https:\/\/www.radiopiu.net\/wordpress\/wp-content\/uploads\/2024\/05\/bd783d9a-b480-44e6-82cd-f0ab64206ba5.jpg\" data-dt-img-description=\"\" data-large_image_width=\"1600\" data-large_image_height=\"1200\"><img loading=\"lazy\" decoding=\"async\" class=\" wp-image-391585 alignleft\" src=\"https:\/\/www.radiopiu.net\/wordpress\/wp-content\/uploads\/2024\/05\/bd783d9a-b480-44e6-82cd-f0ab64206ba5-300x225.jpg\" alt=\"\" width=\"216\" height=\"162\" srcset=\"https:\/\/www.radiopiu.net\/wordpress\/wp-content\/uploads\/2024\/05\/bd783d9a-b480-44e6-82cd-f0ab64206ba5-300x225.jpg 300w, https:\/\/www.radiopiu.net\/wordpress\/wp-content\/uploads\/2024\/05\/bd783d9a-b480-44e6-82cd-f0ab64206ba5-1024x768.jpg 1024w, https:\/\/www.radiopiu.net\/wordpress\/wp-content\/uploads\/2024\/05\/bd783d9a-b480-44e6-82cd-f0ab64206ba5-768x576.jpg 768w, https:\/\/www.radiopiu.net\/wordpress\/wp-content\/uploads\/2024\/05\/bd783d9a-b480-44e6-82cd-f0ab64206ba5-1536x1152.jpg 1536w, https:\/\/www.radiopiu.net\/wordpress\/wp-content\/uploads\/2024\/05\/bd783d9a-b480-44e6-82cd-f0ab64206ba5.jpg 1600w\" sizes=\"auto, (max-width: 216px) 100vw, 216px\" \/><\/a>BELLUNO<\/strong> Con 400 nuove celle, i lavori agli ossari di Prade e Cusighe sono terminati. A breve inizier\u00e0 anche l\u2019ampliamento con 100 loculi a Salce. A Prade partiranno presto i lavori per il rifacimento della tettoia in via dei Dendrofori. L\u2019assessore Lorenza De Kunovich annuncia un restyling complessivo dei cimiteri, con interventi ordinari e straordinari per garantire decoro e pulizia. Il verde nei 12 cimiteri cittadini \u00e8 curato da una ditta locale, con lavori iniziati un mese in anticipo rispetto al 2023. Grazie a una variazione di bilancio, sono stati stanziati 226 mila euro per la manutenzione. In tutti i cimiteri si stanno riorganizzando le aree per i corpi non mineralizzati, con l&#8217;obiettivo di migliorarne il decoro. L\u2019assessore sottolinea l\u2019importanza del rispetto verso i defunti attraverso una gestione ordinata e rispettosa degli spazi cimiteriali.<\/p>\n<p>&nbsp;<\/p>\n<p>&nbsp;<\/p>\n<hr \/>\n<p>&nbsp;<\/p>\n<blockquote>\n<h2>LATTERIE APERTE<\/h2>\n<\/blockquote>\n<p><strong><a class=\"dt-pswp-item\" href=\"https:\/\/www.radiopiu.net\/wordpress\/wp-content\/uploads\/2024\/05\/1f3b48ca-5d9e-4589-909b-381ea2d00935.jpg\" data-dt-img-description=\"\" data-large_image_width=\"2048\" data-large_image_height=\"1465\"><img loading=\"lazy\" decoding=\"async\" class=\"size-medium wp-image-391625 aligncenter\" src=\"https:\/\/www.radiopiu.net\/wordpress\/wp-content\/uploads\/2024\/05\/1f3b48ca-5d9e-4589-909b-381ea2d00935-300x215.jpg\" alt=\"\" width=\"300\" height=\"215\" srcset=\"https:\/\/www.radiopiu.net\/wordpress\/wp-content\/uploads\/2024\/05\/1f3b48ca-5d9e-4589-909b-381ea2d00935-300x215.jpg 300w, https:\/\/www.radiopiu.net\/wordpress\/wp-content\/uploads\/2024\/05\/1f3b48ca-5d9e-4589-909b-381ea2d00935-1024x733.jpg 1024w, https:\/\/www.radiopiu.net\/wordpress\/wp-content\/uploads\/2024\/05\/1f3b48ca-5d9e-4589-909b-381ea2d00935-768x549.jpg 768w, https:\/\/www.radiopiu.net\/wordpress\/wp-content\/uploads\/2024\/05\/1f3b48ca-5d9e-4589-909b-381ea2d00935-1536x1099.jpg 1536w, https:\/\/www.radiopiu.net\/wordpress\/wp-content\/uploads\/2024\/05\/1f3b48ca-5d9e-4589-909b-381ea2d00935.jpg 2048w\" sizes=\"auto, (max-width: 300px) 100vw, 300px\" \/><\/a>DI DANIELE DAL VIT\u00a0<\/strong><\/p>\n<audio class=\"wp-audio-shortcode\" id=\"audio-391435-7\" preload=\"none\" style=\"width: 100%;\" controls=\"controls\"><source type=\"audio\/mpeg\" src=\"https:\/\/www.radiopiu.net\/wordpress\/wp-content\/uploads\/2024\/05\/Radio-Piu-Servizio-Latterie-aperte-2024.mp3?_=7\" \/><a href=\"https:\/\/www.radiopiu.net\/wordpress\/wp-content\/uploads\/2024\/05\/Radio-Piu-Servizio-Latterie-aperte-2024.mp3\">https:\/\/www.radiopiu.net\/wordpress\/wp-content\/uploads\/2024\/05\/Radio-Piu-Servizio-Latterie-aperte-2024.mp3<\/a><\/audio>\n<p>&nbsp;<\/p>\n<hr \/>\n<p>&nbsp;<\/p>\n<blockquote>\n<h3>A SOSPIROLO E&#8217; FIORITA LA SOLIDARIETA&#8217;<\/h3>\n<\/blockquote>\n<p><strong>SOSPIROLO<\/strong> Grande successo per l&#8217;iniziativa &#8220;Azalea della ricerca AIRC&#8221; che ha coinvolto i giovanissimi volontari della scuola media di Sospirolo. Gli alunni delle classi seconde, insieme ai genitori, hanno distribuito le piantine per sostenere la ricerca sul cancro, esaurendo tutte le azalee disponibili grazie alla generosit\u00e0 dei cittadini. L&#8217;evento, preparato in classe con la professoressa Laura Ballestrin, ha visto la collaborazione della comunit\u00e0 locale, incluse amministrazione comunale, parrocchia, Proloco Monti Del Sole e gruppo GOS de Gron. Una studentessa ha sottolineato la felicit\u00e0 provata nel vedere tante persone donare, mentre un altro ha apprezzato l&#8217;interazione con i cittadini e il divertimento con gli amici. L&#8217;iniziativa ha educato alla bellezza del dono e all&#8217;importanza della ricerca scientifica.<\/p>\n\n\t\t\t<style type='text\/css'>\n\t\t\t\t#gallery-2 {\n\t\t\t\t\tmargin: auto;\n\t\t\t\t}\n\t\t\t\t#gallery-2 .gallery-item {\n\t\t\t\t\tfloat: left;\n\t\t\t\t\tmargin-top: 10px;\n\t\t\t\t\ttext-align: center;\n\t\t\t\t\twidth: 33%;\n\t\t\t\t}\n\t\t\t\t#gallery-2 img {\n\t\t\t\t\tborder: 2px solid #cfcfcf;\n\t\t\t\t}\n\t\t\t\t#gallery-2 .gallery-caption {\n\t\t\t\t\tmargin-left: 0;\n\t\t\t\t}\n\t\t\t\t\/* see gallery_shortcode() in wp-includes\/media.php *\/\n\t\t\t<\/style>\n\t\t<div id='gallery-2' class='dt-gallery-container gallery galleryid-391435 gallery-columns-3 gallery-size-thumbnail'><dl class='gallery-item'>\n\t\t\t\t<dt class='gallery-icon landscape'>\n\t\t\t\t\t<a class=\"rollover rollover-zoom dt-pswp-item\" title=\"Vendita azalee Sospirolo 3\" data-dt-img-description=\"\" data-large_image_width=\"1734\" data-large_image_height=\"1388\"href='https:\/\/www.radiopiu.net\/wordpress\/wp-content\/uploads\/2024\/05\/Vendita-azalee-Sospirolo-3.jpg'><img loading=\"lazy\" decoding=\"async\" width=\"150\" height=\"150\" src=\"https:\/\/www.radiopiu.net\/wordpress\/wp-content\/uploads\/2024\/05\/Vendita-azalee-Sospirolo-3-150x150.jpg\" class=\"attachment-thumbnail size-thumbnail\" alt=\"\" \/><\/a>\n\t\t\t\t<\/dt><\/dl><dl class='gallery-item'>\n\t\t\t\t<dt class='gallery-icon landscape'>\n\t\t\t\t\t<a class=\"rollover rollover-zoom dt-pswp-item\" title=\"Vendita azalee Sospirolo 2\" data-dt-img-description=\"\" data-large_image_width=\"1418\" data-large_image_height=\"1060\"href='https:\/\/www.radiopiu.net\/wordpress\/wp-content\/uploads\/2024\/05\/Vendita-azalee-Sospirolo-2.jpg'><img loading=\"lazy\" decoding=\"async\" width=\"150\" height=\"150\" src=\"https:\/\/www.radiopiu.net\/wordpress\/wp-content\/uploads\/2024\/05\/Vendita-azalee-Sospirolo-2-150x150.jpg\" class=\"attachment-thumbnail size-thumbnail\" alt=\"\" \/><\/a>\n\t\t\t\t<\/dt><\/dl><dl class='gallery-item'>\n\t\t\t\t<dt class='gallery-icon portrait'>\n\t\t\t\t\t<a class=\"rollover rollover-zoom dt-pswp-item\" title=\"Vendita azalee Sospirolo 1\" data-dt-img-description=\"\" data-large_image_width=\"1784\" data-large_image_height=\"2560\"href='https:\/\/www.radiopiu.net\/wordpress\/wp-content\/uploads\/2024\/05\/Vendita-azalee-Sospirolo-1-scaled.jpg'><img loading=\"lazy\" decoding=\"async\" width=\"150\" height=\"150\" src=\"https:\/\/www.radiopiu.net\/wordpress\/wp-content\/uploads\/2024\/05\/Vendita-azalee-Sospirolo-1-150x150.jpg\" class=\"attachment-thumbnail size-thumbnail\" alt=\"\" \/><\/a>\n\t\t\t\t<\/dt><\/dl><br style=\"clear: both\" \/>\n\t\t\t<\/div>\n\n<p>&nbsp;<\/p>\n<hr \/>\n<p>&nbsp;<\/p>\n<p>&nbsp;<\/p>\n<h2><span style=\"color: #ff0000;\">CONSIGLI COMUNALI IN AGORDINO<\/span><\/h2>\n<p><strong>RIVAMONTE<\/strong> Consiglio comunale oggi, cinque punti all&#8217;ordine del giorno. Si parler\u00e0 di una variazione a bilancio, il rendiconto di gestione 2023 e l&#8217;approvazione del bilancio e rendiconto di ASCA<\/p>\n<p>&nbsp;<\/p>\n<p>&nbsp;<\/p>\n<div class=\"html-div xe8uvvx xdj266r x11i5rnm xat24cr x1mh8g0r xexx8yu x4uap5 x18d9i69 xkhd6sd\" dir=\"auto\">\n<div id=\":r1uc:\" class=\"x1iorvi4 x1pi30zi x1l90r2v x1swvt13\" data-ad-comet-preview=\"message\" data-ad-preview=\"message\">\n<div class=\"x78zum5 xdt5ytf xz62fqu x16ldp7u\">\n<div class=\"xu06os2 x1ok221b\">\n<h3 class=\"xdj266r x11i5rnm xat24cr x1mh8g0r x1vvkbs x126k92a\"><a class=\"dt-pswp-item\" href=\"https:\/\/www.radiopiu.net\/wordpress\/wp-content\/uploads\/2022\/09\/PALAGHIACCIO-Alleghe.jpg\" data-dt-img-description=\"\" data-large_image_width=\"640\" data-large_image_height=\"480\"><img loading=\"lazy\" decoding=\"async\" class=\" wp-image-297105 alignleft\" src=\"https:\/\/www.radiopiu.net\/wordpress\/wp-content\/uploads\/2022\/09\/PALAGHIACCIO-Alleghe-300x225.jpg\" alt=\"\" width=\"217\" height=\"163\" srcset=\"https:\/\/www.radiopiu.net\/wordpress\/wp-content\/uploads\/2022\/09\/PALAGHIACCIO-Alleghe-300x225.jpg 300w, https:\/\/www.radiopiu.net\/wordpress\/wp-content\/uploads\/2022\/09\/PALAGHIACCIO-Alleghe.jpg 640w\" sizes=\"auto, (max-width: 217px) 100vw, 217px\" \/><\/a>Riqualificazione del Palaghiaccio Alvise De Toni<\/h3>\n<p><strong>ALLEGHE <\/strong>Il palaghiaccio Alvise De Toni di Alleghe \u00e8 chiuso fino a settembre per lavori di riqualificazione finanziati dai Fondi dei Comuni Confinanti. Assegnati anche i lavori impiantistici alla Clauger-Technofrigo per 73 mila euro, dopo quelli edili affidati alla Deon di Belluno per 55 mila euro. Gli interventi includono l\u2019efficientamento energetico e l\u2019abbattimento delle barriere architettonich<\/p>\n<div class=\"mt-1 flex gap-3 empty:hidden juice:-ml-3\">\n<div class=\"items-center justify-start rounded-xl p-1 flex\">\n<div class=\"flex items-center\"><\/div>\n<\/div>\n<\/div>\n<\/div>\n<\/div>\n<\/div>\n<\/div>\n<p>&nbsp;<\/p>\n<p>&nbsp;<\/p>\n<hr \/>\n<p>&nbsp;<\/p>\n<blockquote>\n<h3 class=\"entry-title\"><a class=\"dt-pswp-item\" href=\"https:\/\/www.radiopiu.net\/wordpress\/wp-content\/uploads\/2023\/11\/road-5089188_640.jpg\" data-dt-img-description=\"\" data-large_image_width=\"640\" data-large_image_height=\"429\"><img loading=\"lazy\" decoding=\"async\" class=\"wp-image-361495 alignleft\" src=\"https:\/\/www.radiopiu.net\/wordpress\/wp-content\/uploads\/2023\/11\/road-5089188_640-300x201.jpg\" alt=\"\" width=\"137\" height=\"92\" srcset=\"https:\/\/www.radiopiu.net\/wordpress\/wp-content\/uploads\/2023\/11\/road-5089188_640-300x201.jpg 300w, https:\/\/www.radiopiu.net\/wordpress\/wp-content\/uploads\/2023\/11\/road-5089188_640.jpg 640w\" sizes=\"auto, (max-width: 137px) 100vw, 137px\" \/><\/a>STRADA PER DIGONERA, UN MESE DI CHIUSURE DIURNE-FERIALI<\/h3>\n<\/blockquote>\n<p><strong>ROCCA PIETORE<\/strong> Dal 6 maggio al 10 giugno chiusura totale della provinciale 563 di Salesei in localit\u00e0 Digonera dalle 7.30 alle 12.30 e dalle 13.30 alle 18, dal lunedi al venerdi. Negli altri orari, h 24 sabato e domenica compresi, senso unico alternato regolato da semaforo<\/p>\n<p><strong>FALCADE<\/strong> Fino al 14 giugno a Caviola. chiusura temporanea al traffico veicolare dalle 7 alle 18, dal lunedi al venerdi, di via Cime d&#8217;Auta, dall&#8217;intersezione con Piazza XX agosto all&#8217;intersezione con Via Tabiadon di Val. Negli altri orari senso unico alternato.<\/p>\n<p>&nbsp;<\/p>\n<hr \/>\n<p>&nbsp;<\/p>\n<blockquote>\n<h2>Ultimi Ciak a Cortina per \u201cCortina Express\u201d<\/h2>\n<\/blockquote>\n<p><strong><a class=\"dt-pswp-item\" href=\"https:\/\/www.radiopiu.net\/wordpress\/wp-content\/uploads\/2024\/05\/d55aab60-7daa-4c92-bd3f-50ab16b26325.jpg\" data-dt-img-description=\"\" data-large_image_width=\"2040\" data-large_image_height=\"920\"><img loading=\"lazy\" decoding=\"async\" class=\" wp-image-391563 alignleft\" src=\"https:\/\/www.radiopiu.net\/wordpress\/wp-content\/uploads\/2024\/05\/d55aab60-7daa-4c92-bd3f-50ab16b26325-300x135.jpg\" alt=\"\" width=\"300\" height=\"135\" srcset=\"https:\/\/www.radiopiu.net\/wordpress\/wp-content\/uploads\/2024\/05\/d55aab60-7daa-4c92-bd3f-50ab16b26325-300x135.jpg 300w, https:\/\/www.radiopiu.net\/wordpress\/wp-content\/uploads\/2024\/05\/d55aab60-7daa-4c92-bd3f-50ab16b26325-1024x462.jpg 1024w, https:\/\/www.radiopiu.net\/wordpress\/wp-content\/uploads\/2024\/05\/d55aab60-7daa-4c92-bd3f-50ab16b26325-768x346.jpg 768w, https:\/\/www.radiopiu.net\/wordpress\/wp-content\/uploads\/2024\/05\/d55aab60-7daa-4c92-bd3f-50ab16b26325-1536x693.jpg 1536w, https:\/\/www.radiopiu.net\/wordpress\/wp-content\/uploads\/2024\/05\/d55aab60-7daa-4c92-bd3f-50ab16b26325.jpg 2040w\" sizes=\"auto, (max-width: 300px) 100vw, 300px\" \/><\/a>CORTINA<\/strong> Le riprese del film &#8220;Cortina Express&#8221; si concludono a Cortina d\u2019Ampezzo e proseguiranno a Roma. Diretto da Eros Puglielli, il film vede protagonisti Christian De Sica, Lillo Petrolo e Isabella Ferrari, ed \u00e8 prodotto da Be Water Film in associazione con Medusa Film, in collaborazione con Prime Video e con il sostegno di Veneto Film Commission. La commedia, ambientata durante le feste natalizie e girata in <a class=\"dt-pswp-item\" href=\"https:\/\/www.radiopiu.net\/wordpress\/wp-content\/uploads\/2024\/05\/893cd0fb-deb9-4a62-92e2-4353941a1d66.jpg\" data-dt-img-description=\"\" data-large_image_width=\"1600\" data-large_image_height=\"1066\"><img loading=\"lazy\" decoding=\"async\" class=\"size-medium wp-image-391565 alignright\" src=\"https:\/\/www.radiopiu.net\/wordpress\/wp-content\/uploads\/2024\/05\/893cd0fb-deb9-4a62-92e2-4353941a1d66-300x200.jpg\" alt=\"\" width=\"300\" height=\"200\" srcset=\"https:\/\/www.radiopiu.net\/wordpress\/wp-content\/uploads\/2024\/05\/893cd0fb-deb9-4a62-92e2-4353941a1d66-300x200.jpg 300w, https:\/\/www.radiopiu.net\/wordpress\/wp-content\/uploads\/2024\/05\/893cd0fb-deb9-4a62-92e2-4353941a1d66-1024x682.jpg 1024w, https:\/\/www.radiopiu.net\/wordpress\/wp-content\/uploads\/2024\/05\/893cd0fb-deb9-4a62-92e2-4353941a1d66-768x512.jpg 768w, https:\/\/www.radiopiu.net\/wordpress\/wp-content\/uploads\/2024\/05\/893cd0fb-deb9-4a62-92e2-4353941a1d66-1536x1023.jpg 1536w, https:\/\/www.radiopiu.net\/wordpress\/wp-content\/uploads\/2024\/05\/893cd0fb-deb9-4a62-92e2-4353941a1d66.jpg 1600w\" sizes=\"auto, (max-width: 300px) 100vw, 300px\" \/><\/a>luoghi iconici di Cortina e Roma, uscir\u00e0 nei cinema il 23 dicembre 2024. Il cast ha presentato il film a Cortina insieme ai produttori e alle autorit\u00e0 locali. &#8220;Cortina Express&#8221; ritrae con ironia e realismo la societ\u00e0 contemporanea, portando benefici economici e promozionali alla regione.<\/p>\n<p><strong>PER LE TRE RADIO, BARBARA PAOLAZZI<\/strong><\/p>\n<audio class=\"wp-audio-shortcode\" id=\"audio-391435-8\" preload=\"none\" style=\"width: 100%;\" controls=\"controls\"><source type=\"audio\/mpeg\" src=\"https:\/\/www.radiopiu.net\/wordpress\/wp-content\/uploads\/2024\/05\/barbara-cortina.mp3?_=8\" \/><a href=\"https:\/\/www.radiopiu.net\/wordpress\/wp-content\/uploads\/2024\/05\/barbara-cortina.mp3\">https:\/\/www.radiopiu.net\/wordpress\/wp-content\/uploads\/2024\/05\/barbara-cortina.mp3<\/a><\/audio>\n<p>&nbsp;<\/p>\n<p>&nbsp;<\/p>\n<p>&nbsp;<\/p>\n<hr \/>\n<p>&nbsp;<\/p>\n<blockquote>\n<h2><span style=\"color: #ff00ff;\">ECCOLI, ARRIVANO I &#8220;GIRINI&#8221;<\/span><\/h2>\n<p><strong>Terza Settimana del Giro d\u2019Italia: Le Dolomiti Pronte per lo Spettacolo<\/strong><\/p><\/blockquote>\n<p><strong>REDAZIONE<\/strong>\u00a0 terza settimana del 107\u00ba Giro d\u2019Italia,\u00a0 tappe spettacolari: Livigno \u2013 Santa Cristina Valgardena, Selva di Val Gardena \u2013 Passo Brocon, Mortegliano \u2013 Sappada e Alpago \u2013 Bassano del Grappa.\u00a0 La tappa di OGGI\u00a0 a Sappada richiama memorie storiche del Giro, mentre la Alpago \u2013 Bassano del Grappa di DOMANI , con la doppia scalata del Grappa, promette intensit\u00e0 e una grande partecipazione di pubblico.<\/p>\n\n\t\t\t<style type='text\/css'>\n\t\t\t\t#gallery-3 {\n\t\t\t\t\tmargin: auto;\n\t\t\t\t}\n\t\t\t\t#gallery-3 .gallery-item {\n\t\t\t\t\tfloat: left;\n\t\t\t\t\tmargin-top: 10px;\n\t\t\t\t\ttext-align: center;\n\t\t\t\t\twidth: 33%;\n\t\t\t\t}\n\t\t\t\t#gallery-3 img {\n\t\t\t\t\tborder: 2px solid #cfcfcf;\n\t\t\t\t}\n\t\t\t\t#gallery-3 .gallery-caption {\n\t\t\t\t\tmargin-left: 0;\n\t\t\t\t}\n\t\t\t\t\/* see gallery_shortcode() in wp-includes\/media.php *\/\n\t\t\t<\/style>\n\t\t<div id='gallery-3' class='dt-gallery-container gallery galleryid-391435 gallery-columns-3 gallery-size-medium'><dl class='gallery-item'>\n\t\t\t\t<dt class='gallery-icon landscape'>\n\t\t\t\t\t<a class=\"rollover rollover-zoom dt-pswp-item\" title=\"3\" data-dt-img-description=\"\" data-large_image_width=\"740\" data-large_image_height=\"497\"href='https:\/\/www.radiopiu.net\/wordpress\/wp-content\/uploads\/2024\/05\/3-2.png'><img loading=\"lazy\" decoding=\"async\" width=\"300\" height=\"201\" src=\"https:\/\/www.radiopiu.net\/wordpress\/wp-content\/uploads\/2024\/05\/3-2-300x201.png\" class=\"attachment-medium size-medium\" alt=\"\" aria-describedby=\"gallery-3-391065\" srcset=\"https:\/\/www.radiopiu.net\/wordpress\/wp-content\/uploads\/2024\/05\/3-2-300x201.png 300w, https:\/\/www.radiopiu.net\/wordpress\/wp-content\/uploads\/2024\/05\/3-2.png 740w\" sizes=\"auto, (max-width: 300px) 100vw, 300px\" \/><\/a>\n\t\t\t\t<\/dt>\n\t\t\t\t\t<dd class='wp-caption-text gallery-caption' id='gallery-3-391065'>\n\t\t\t\t\tMortegliano-Sappada venerdi 24 maggio19 tappa 157 Km\n\t\t\t\t\t<\/dd><\/dl><dl class='gallery-item'>\n\t\t\t\t<dt class='gallery-icon landscape'>\n\t\t\t\t\t<a class=\"rollover rollover-zoom dt-pswp-item\" title=\"4\" data-dt-img-description=\"\" data-large_image_width=\"773\" data-large_image_height=\"520\"href='https:\/\/www.radiopiu.net\/wordpress\/wp-content\/uploads\/2024\/05\/4-1.png'><img loading=\"lazy\" decoding=\"async\" width=\"300\" height=\"202\" src=\"https:\/\/www.radiopiu.net\/wordpress\/wp-content\/uploads\/2024\/05\/4-1-300x202.png\" class=\"attachment-medium size-medium\" alt=\"\" aria-describedby=\"gallery-3-391066\" srcset=\"https:\/\/www.radiopiu.net\/wordpress\/wp-content\/uploads\/2024\/05\/4-1-300x202.png 300w, https:\/\/www.radiopiu.net\/wordpress\/wp-content\/uploads\/2024\/05\/4-1-768x517.png 768w, https:\/\/www.radiopiu.net\/wordpress\/wp-content\/uploads\/2024\/05\/4-1.png 773w\" sizes=\"auto, (max-width: 300px) 100vw, 300px\" \/><\/a>\n\t\t\t\t<\/dt>\n\t\t\t\t\t<dd class='wp-caption-text gallery-caption' id='gallery-3-391066'>\n\t\t\t\t\tALPAGO BASSANO DEL GRAPPA Sabato 25 maggio 20 tappa 184 km\n\t\t\t\t\t<\/dd><\/dl><dl class='gallery-item'>\n\t\t\t\t<dt class='gallery-icon landscape'>\n\t\t\t\t\t<a class=\"rollover rollover-zoom dt-pswp-item\" title=\"6\" data-dt-img-description=\"\" data-large_image_width=\"368\" data-large_image_height=\"128\"href='https:\/\/www.radiopiu.net\/wordpress\/wp-content\/uploads\/2024\/05\/6.png'><img loading=\"lazy\" decoding=\"async\" width=\"300\" height=\"104\" src=\"https:\/\/www.radiopiu.net\/wordpress\/wp-content\/uploads\/2024\/05\/6-300x104.png\" class=\"attachment-medium size-medium\" alt=\"\" srcset=\"https:\/\/www.radiopiu.net\/wordpress\/wp-content\/uploads\/2024\/05\/6-300x104.png 300w, https:\/\/www.radiopiu.net\/wordpress\/wp-content\/uploads\/2024\/05\/6.png 368w\" sizes=\"auto, (max-width: 300px) 100vw, 300px\" \/><\/a>\n\t\t\t\t<\/dt><\/dl><br style=\"clear: both\" \/>\n\t\t\t<\/div>\n\n<p>&nbsp;<\/p>\n<hr \/>\n<p>&nbsp;<\/p>\n<blockquote>\n<h1>Premiati 11 nuovi Maestri Artigiani di Confartigianato Belluno<\/h1>\n<\/blockquote>\n<p><span style=\"font-family: Arial;\"><strong><img loading=\"lazy\" decoding=\"async\" class=\"alignleft\" src=\"https:\/\/www.radiopiu.net\/wordpress\/wp-content\/uploads\/2024\/05\/IMG_20240520_184340740-scaled.jpg\" width=\"267\" height=\"150\" \/>BELLUNO<\/strong> Sono 11 i nuovi Maestri Artigiani premiati da Confartigianato Belluno. <\/span><span style=\"font-family: Arial;\">Numero, questo, che porta a 36 i soci di Confartigianato ad aver ottenuto il titolo. <\/span><span style=\"font-family: Arial;\">La premiazione di luned\u00ec \u00e8 stata la prima ad aver visto come protagonisti nove Maestri che hanno ottenuto il titolo completando il percorso formativo che li ha visti impegnati in 100 ore di corso e in 4 weekend formativi, oltre ai due che hanno presentato domanda alla Regione del Veneto. <\/span><\/p>\n<p><span style=\"font-family: Arial;\">\u00a0<\/span><\/p>\n<div class=\"flex flex-grow flex-col max-w-full\">\n<div class=\"min-h-[20px] text-message flex flex-col items-start whitespace-pre-wrap break-words [.text-message+&amp;]:mt-5 juice:w-full juice:items-end overflow-x-auto gap-2\" dir=\"auto\" data-message-author-role=\"assistant\" data-message-id=\"cd4a631e-5433-41fb-8f14-8702d58eea67\">\n<div class=\"flex w-full flex-col gap-1 juice:empty:hidden juice:first:pt-[3px]\">\n<div class=\"markdown prose w-full break-words dark:prose-invert dark\">\n<table>\n<thead>\n<tr>\n<th>Imprenditore<\/th>\n<th>Azienda<\/th>\n<th>Localit\u00e0<\/th>\n<th>Descrizione<\/th>\n<\/tr>\n<\/thead>\n<tbody>\n<tr>\n<td>Vania Acaia<\/td>\n<td>Acaia Lavio srl<\/td>\n<td>Limana<\/td>\n<td>Azienda attiva da 50 anni nella progettazione e realizzazione di impianti, unendo artigianato e tecnologia.<\/td>\n<\/tr>\n<tr>\n<td>Matteo Caldart<\/td>\n<td>Tecno Isolamenti srl<\/td>\n<td>Belluno<\/td>\n<td>Fondata nel 1979, si occupa di lavori di isolamento con attenzione all&#8217;innovazione.<\/td>\n<\/tr>\n<tr>\n<td>Giorgia Corte Metto<\/td>\n<td>Texhair<\/td>\n<td>Belluno<\/td>\n<td>Acquisita nel 2019, apporta nuove progettualit\u00e0 nel settore dell\u2019acconciatura.<\/td>\n<\/tr>\n<tr>\n<td>Nicola Pietro Dal Piva<\/td>\n<td>Antica Gelateria Bellunese<\/td>\n<td>Belluno<\/td>\n<td>Esperto nella creazione di gelato artigianale, attivo nel settore della ristorazione.<\/td>\n<\/tr>\n<tr>\n<td>Tiziana Morena Fregona<\/td>\n<td>Tiziana Morena Fregona<\/td>\n<td>Feltre<\/td>\n<td>Competente in sartoria, offre anche corsi di formazione per moda e tessile.<\/td>\n<\/tr>\n<tr>\n<td>Nicola Fullin<\/td>\n<td>CFN Verniciatura di Fullin Nello &amp; C. snc<\/td>\n<td>Alpago<\/td>\n<td>Gestisce l\u2019azienda di verniciatura, espandendo i mercati insieme al fratello Martino.<\/td>\n<\/tr>\n<tr>\n<td>Nicola Pradel<\/td>\n<td>NP Graphics di Nicola Pradel<\/td>\n<td>Lamon<\/td>\n<td>Dopo un incidente invalidante, ha avviato la propria attivit\u00e0 di grafico nel 2016.<\/td>\n<\/tr>\n<tr>\n<td>Alessandro Rigon<\/td>\n<td>Falegnameria Rigon snc di Angelo e Alessandro<\/td>\n<td>Marano Vicentino<\/td>\n<td>Dedicato alla sostenibilit\u00e0 e formazione dei giovani nella falegnameria.<\/td>\n<\/tr>\n<tr>\n<td>Claudia Scarzanella<\/td>\n<td>Segheria Traiber di Scarzanella Claudia &amp; C. sas<\/td>\n<td>Val di Zoldo<\/td>\n<td>Segheria attiva dall&#8217;800, lavorazione del legname di larice locale, con focus su tradizione e futuro.<\/td>\n<\/tr>\n<tr>\n<td>Maurizio Scopel<\/td>\n<td>Impianti Elettrici di Scopel Maurizio<\/td>\n<td>Feltre<\/td>\n<td>Aperta nel 1996, specializzata in impianti elettrici con aggiornamenti professionali costanti.<\/td>\n<\/tr>\n<tr>\n<td>Sergio Tieppo<\/td>\n<td>Al Botegon di Sergio Tieppo<\/td>\n<td>Borgo Valbelluna<\/td>\n<td>Falegnameria artigianale avviata nel 2006, progettazione e realizzazione di arredi in legno di qualit\u00e0.<\/td>\n<\/tr>\n<\/tbody>\n<\/table>\n<\/div>\n<\/div>\n<\/div>\n<\/div>\n<div class=\"mt-1 flex gap-3 empty:hidden juice:-ml-3\">\n<div class=\"items-center justify-start rounded-xl p-1 flex\">\n<div class=\"flex items-center\">\n<p>&nbsp;<\/p>\n<div class=\"flex\"><\/div>\n<\/div>\n<\/div>\n<\/div>\n<p>&nbsp;<\/p>\n<hr \/>\n<p>&nbsp;<\/p>\n<blockquote>\n<h3>A BELLUNO IL REQUIEM DI MOZART IN MEMORIA DI DON ANTONIO DELLA LUCIA<\/h3>\n<\/blockquote>\n<p><a class=\"dt-pswp-item\" href=\"https:\/\/www.radiopiu.net\/wordpress\/wp-content\/uploads\/2024\/05\/CHIOSTRO_GOTICO_ISSR-800x477-1.jpg\" data-dt-img-description=\"\" data-large_image_width=\"800\" data-large_image_height=\"477\"><img loading=\"lazy\" decoding=\"async\" class=\" wp-image-391007 alignleft\" src=\"https:\/\/www.radiopiu.net\/wordpress\/wp-content\/uploads\/2024\/05\/CHIOSTRO_GOTICO_ISSR-800x477-1-300x179.jpg\" alt=\"\" width=\"159\" height=\"95\" srcset=\"https:\/\/www.radiopiu.net\/wordpress\/wp-content\/uploads\/2024\/05\/CHIOSTRO_GOTICO_ISSR-800x477-1-300x179.jpg 300w, https:\/\/www.radiopiu.net\/wordpress\/wp-content\/uploads\/2024\/05\/CHIOSTRO_GOTICO_ISSR-800x477-1-768x458.jpg 768w, https:\/\/www.radiopiu.net\/wordpress\/wp-content\/uploads\/2024\/05\/CHIOSTRO_GOTICO_ISSR-800x477-1.jpg 800w\" sizes=\"auto, (max-width: 159px) 100vw, 159px\" \/><\/a>Domani alle 20:30 alla Chiesa di San Pietro, presso il Seminario Gregoriano, Requiem di Mozart eseguito in suffragio di don Antonio Della Lucia dalla Dolomiti Symphonia diretta dal Maestro Delio Cassetta, con intervento all\u2019organo di Loris Serafini in collaborazione con il Seminario e la Diocesi di Belluno-Feltre.<\/p>\n<p><strong>LORIS SERAFINI DIRETTORE DEL MUSAL<\/strong><\/p>\n<audio class=\"wp-audio-shortcode\" id=\"audio-391435-9\" preload=\"none\" style=\"width: 100%;\" controls=\"controls\"><source type=\"audio\/mpeg\" src=\"https:\/\/www.radiopiu.net\/wordpress\/wp-content\/uploads\/2024\/05\/LORIS-AAAA.mp3?_=9\" \/><a href=\"https:\/\/www.radiopiu.net\/wordpress\/wp-content\/uploads\/2024\/05\/LORIS-AAAA.mp3\">https:\/\/www.radiopiu.net\/wordpress\/wp-content\/uploads\/2024\/05\/LORIS-AAAA.mp3<\/a><\/audio>\n<p>&nbsp;<\/p>\n<p>&nbsp;<\/p>\n<blockquote>\n<h3>LE MOSTRE PER IL BICENTENARIO DELLA NASCITA DI DON ANTONIO DELLA LUCIA<\/h3>\n<\/blockquote>\n<p><strong>CANALE D&#8217;AGORDO<\/strong> La Fondazione Papa Luciani Onlus celebra Don Antonio Della Lucia con un comitato speciale nel bicentenario della sua nascita. Coinvolte varie istituzioni e associazioni locali, incluso il Ministero dell&#8217;agricoltura.\u00a0 Tre mostre in provincia: Palazzo Piloni (16 maggio &#8211; 16 settembre), Canale d\u2019Agordo (1\u00b0 luglio &#8211; 31 agosto), e Frassen\u00e8 Agordino (1\u00b0 luglio &#8211; 31 agosto, su prenotazione). Un omaggio alla vita e all&#8217;opera di Della Lucia, pioniere delle latterie cooperative in Italia.<\/p>\n<a href=\"https:\/\/www.radiopiu.net\/wordpress\/wp-content\/uploads\/2024\/05\/Locandina-eventi-completa-per-il-bicentenario-del-Cavalier-Don-Antonio-Della-Lucia-1.pdf\" class=\"pdfemb-viewer\" style=\"\" data-width=\"max\" data-height=\"max\" data-toolbar=\"top\" data-toolbar-fixed=\"on\">Locandina eventi completa per il bicentenario del Cavalier Don Antonio Della Lucia<\/a>\n<p>&nbsp;<\/p>\n<p>&nbsp;<\/p>\n<hr \/>\n<p>&nbsp;<\/p>\n<blockquote>\n<h3>OGGI E DOMANI LA GIORNATA DELLA SCIENZA A SOSPIROLO<\/h3>\n<\/blockquote>\n<p><strong><a class=\"dt-pswp-item\" href=\"https:\/\/www.radiopiu.net\/wordpress\/wp-content\/uploads\/2024\/05\/GIO-SC.png\" data-dt-img-description=\"\" data-large_image_width=\"2481\" data-large_image_height=\"1163\"><img loading=\"lazy\" decoding=\"async\" class=\" wp-image-391488 alignleft\" src=\"https:\/\/www.radiopiu.net\/wordpress\/wp-content\/uploads\/2024\/05\/GIO-SC-300x141.png\" alt=\"\" width=\"168\" height=\"79\" srcset=\"https:\/\/www.radiopiu.net\/wordpress\/wp-content\/uploads\/2024\/05\/GIO-SC-300x141.png 300w, https:\/\/www.radiopiu.net\/wordpress\/wp-content\/uploads\/2024\/05\/GIO-SC-1024x480.png 1024w, https:\/\/www.radiopiu.net\/wordpress\/wp-content\/uploads\/2024\/05\/GIO-SC-768x360.png 768w, https:\/\/www.radiopiu.net\/wordpress\/wp-content\/uploads\/2024\/05\/GIO-SC-1536x720.png 1536w, https:\/\/www.radiopiu.net\/wordpress\/wp-content\/uploads\/2024\/05\/GIO-SC-2048x960.png 2048w\" sizes=\"auto, (max-width: 168px) 100vw, 168px\" \/><\/a>SOSPIROLO<\/strong> Alle scuole medie di Sospirolo si terr\u00e0 la \u201cGiornata della scienza\u201d, promossa dall\u2019Istituto comprensivo di Sedico-Sospirolo, in collaborazione con la biblioteca civica del Comune di Sospirolo, il Comitato Genitori, la Pro Loco Monti del Sole e In viaggio con i potoli. L&#8217;evento include una serie di laboratori scientifici che si svolgeranno dalle 8.30 alle 12.30 e il sabato dalle 8 alle 9.30.<\/p>\n<p>&nbsp;<\/p>\n<p>&nbsp;<\/p>\n<hr \/>\n<p>&nbsp;<\/p>\n<blockquote>\n<h3>Giornata Mondiale Senza Tabacco 2024 a Belluno<\/h3>\n<\/blockquote>\n<p><strong>BELLUNO <\/strong>Domani, dalle 9 alle 12, in Piazza dei Martiri a Belluno, la Lilt (Lega Italiana per la Lotta contro i Tumori) sezione di Belluno e Aulss 1 Dolomiti, con il patrocinio del Comune di Belluno, organizzeranno la manifestazione \u201cInsieme per la Giornata mondiale senza tabacco 2024\u201d. I volontari della Lilt e gli operatori del Servizio Dipendenze e della Pneumologia offriranno misurazioni del respiro e del monossido di carbonio ai cittadini. Saranno esposti gli elaborati degli studenti della Scuola \u201cS. Pertini\u201d di Ponte nelle Alpi, parte del progetto \u201cLiberi di scegliere\u201d. L\u2019iniziativa mira a sensibilizzare sui danni del tabagismo, che causa circa 85.000 morti all\u2019anno in Italia, e a promuovere stili di vita sani.<\/p>\n<p>&nbsp;<\/p>\n<p>&nbsp;<\/p>\n<p>&nbsp;<\/p>\n<hr \/>\n<p>&nbsp;<\/p>\n<p>&nbsp;<\/p>\n<h3><a class=\"dt-pswp-item\" href=\"https:\/\/www.radiopiu.net\/wordpress\/wp-content\/uploads\/2024\/05\/image.jpeg\" data-dt-img-description=\"\" data-large_image_width=\"667\" data-large_image_height=\"1000\"><img loading=\"lazy\" decoding=\"async\" class=\"wp-image-391575 alignleft\" src=\"https:\/\/www.radiopiu.net\/wordpress\/wp-content\/uploads\/2024\/05\/image-200x300.jpeg\" alt=\"\" width=\"180\" height=\"272\" \/><\/a>Aperte le Iscrizioni per la \u201c4 Pas in Doi Bocoi\u201d<\/h3>\n<p>Sono aperte le iscrizioni per la \u201c4 pas in doi bocoi\u201d, una passeggiata enogastronomica di 6 km nell\u2019Agordino, parte dell\u2019evento \u201c4 pas in doi\u201d che si terr\u00e0 il 2 giugno 2024. Organizzato dalla Pro Loco di Agordo, l&#8217;evento include una gara competitiva di 16 km e due non competitive di 16 km e 6 km. La \u201c4 pas in doi bocoi\u201d \u00e8 adatta a tutta la famiglia e offre quattro tappe culinarie con prodotti tipici locali. Ogni partecipante ricever\u00e0 una tazza in latta personalizzata come ricordo. La quota di iscrizione \u00e8 di \u20ac 25,00 per adulti e \u20ac 15,00 per bambini sotto i 4 anni. La manifestazione si svolger\u00e0 nel \u201cBroi\u201d di Agordo, con le Dolomiti come sfondo. Per ulteriori informazioni, visitare <a href=\"http:\/\/www.4pasindoi.it\/\" target=\"_new\" rel=\"noreferrer noopener\">www.4pasindoi.it<\/a> o le pagine social dell\u2019evento.<\/p>\n<p>&nbsp;<\/p>\n<p>&nbsp;<\/p>\n<p>&nbsp;<\/p>\n<hr \/>\n<p>&nbsp;<\/p>\n<blockquote>\n<h3>OGGI IN PARAFARMACIA, AD AGORDO<\/h3>\n<\/blockquote>\n<p><img loading=\"lazy\" decoding=\"async\" class=\"alignleft\" src=\"https:\/\/www.radiopiu.net\/wordpress\/wp-content\/uploads\/2024\/05\/th-16.jpg\" width=\"185\" height=\"89\" \/><\/p>\n<p>Giornata gratuita dedicata alla densitometria ossea, venerdi 24 maggio ad Agordo, presso la Parafarmacia della dottoressa Nadia B\u00f9lf, al centro commerciale GANZ, Test gratuito, durata circa 20 minuti. Per informazioni e prenotazioni, chiama lo 0437.866683, ci trovi sui social: Instagram &#8211; Facebook, oppure passa direttamente in parafarmacia, oggi in parafarmacia ad AGORDO, la giornata gratuita della densitometria ossea.<\/p>\n<p>&nbsp;<\/p>\n<blockquote class=\"wp-embedded-content\" data-secret=\"DX9wPuDCSy\"><p><a href=\"https:\/\/www.radiopiu.net\/wordpress\/coopcortinapun06\/\">COOPERATIVA DI CORTINA, OLTRE LO SHOPPING UN&#8217;ESPERIENZA DA VIVERE &#8211; LA RACCOLTA<\/a><\/p><\/blockquote>\n<p><iframe loading=\"lazy\" class=\"wp-embedded-content\" sandbox=\"allow-scripts\" security=\"restricted\" style=\"position: absolute; clip: rect(1px, 1px, 1px, 1px);\" title=\"&#8220;COOPERATIVA DI CORTINA, OLTRE LO SHOPPING UN&#8217;ESPERIENZA DA VIVERE &#8211; LA RACCOLTA&#8221; &#8212; Radio Pi\u00f9\" src=\"https:\/\/www.radiopiu.net\/wordpress\/coopcortinapun06\/embed\/#?secret=22LhRvfcT4#?secret=DX9wPuDCSy\" data-secret=\"DX9wPuDCSy\" width=\"600\" height=\"338\" frameborder=\"0\" marginwidth=\"0\" marginheight=\"0\" scrolling=\"no\"><\/iframe><\/p>\n<div class=\"mt-1 flex gap-3 empty:hidden juice:-ml-3\">\n<div class=\"items-center justify-start rounded-xl p-1 flex\">\n<div class=\"flex items-center\"><\/div>\n<\/div>\n<\/div>\n<hr \/>\n<p>&nbsp;<\/p>\n<blockquote class=\"wp-embedded-content\" data-secret=\"2nDUBVMOn4\"><p><a href=\"https:\/\/www.radiopiu.net\/wordpress\/pirole-de-lenga-la-parola-del-giorno-a-cura-del-musla-raccolta-completa\/\">PIROLE DE LENGA&#8230; LA PAROLA DEL GIORNO A CURA DEL MUSLA -raccolta completa &#8211;<\/a><\/p><\/blockquote>\n<p><iframe loading=\"lazy\" class=\"wp-embedded-content\" sandbox=\"allow-scripts\" security=\"restricted\" style=\"position: absolute; clip: rect(1px, 1px, 1px, 1px);\" title=\"&#8220;PIROLE DE LENGA&#8230; LA PAROLA DEL GIORNO A CURA DEL MUSLA -raccolta completa &#8211;&#8221; &#8212; Radio Pi\u00f9\" src=\"https:\/\/www.radiopiu.net\/wordpress\/pirole-de-lenga-la-parola-del-giorno-a-cura-del-musla-raccolta-completa\/embed\/#?secret=nFU9qU15ub#?secret=2nDUBVMOn4\" data-secret=\"2nDUBVMOn4\" width=\"600\" height=\"338\" frameborder=\"0\" marginwidth=\"0\" marginheight=\"0\" scrolling=\"no\"><\/iframe><\/p>\n<p>&nbsp;<\/p>\n<p>&nbsp;<\/p>\n<p>&nbsp;<\/p>\n<hr \/>\n<p>&nbsp;<\/p>\n<blockquote>\n<h3>UN CONCERTO PER RICORDARE ADRIANO<\/h3>\n<\/blockquote>\n<p><strong><a class=\"dt-pswp-item\" href=\"https:\/\/www.radiopiu.net\/wordpress\/wp-content\/uploads\/2024\/05\/1798739_643903002312865_2139658864_n.jpeg\" data-dt-img-description=\"\" data-large_image_width=\"960\" data-large_image_height=\"540\"><img loading=\"lazy\" decoding=\"async\" class=\" wp-image-389625 alignleft\" src=\"https:\/\/www.radiopiu.net\/wordpress\/wp-content\/uploads\/2024\/05\/1798739_643903002312865_2139658864_n-300x169.jpeg\" alt=\"\" width=\"174\" height=\"98\" srcset=\"https:\/\/www.radiopiu.net\/wordpress\/wp-content\/uploads\/2024\/05\/1798739_643903002312865_2139658864_n-300x169.jpeg 300w, https:\/\/www.radiopiu.net\/wordpress\/wp-content\/uploads\/2024\/05\/1798739_643903002312865_2139658864_n-768x432.jpeg 768w, https:\/\/www.radiopiu.net\/wordpress\/wp-content\/uploads\/2024\/05\/1798739_643903002312865_2139658864_n.jpeg 960w\" sizes=\"auto, (max-width: 174px) 100vw, 174px\" \/><\/a>PONTE NELLE ALPI<\/strong> Dopo 10 anni dalla perdita di Adriano Peterle, fondatore dei Formato Standard, la band organizza un evento musicale, &#8220;ADR1AN0&#8221;, il 31 maggio al teatro Pierobon di Ponte nelle Alpi, per celebrarne il ricordo. La serata mescoler\u00e0 musica, aneddoti e ospiti speciali, mantenendo lo spirito vivace del gruppo. L&#8217;evento sar\u00e0 gratuito con offerte destinate all&#8217;AFVS &#8211; Associazione Familiari e Vittime della Strada Onlus. Una serata per ricordare e celebrare insieme, con il titolo che unisce il numero 10 alle lettere dell&#8217;alfabeto, come amano i giovani della band.<\/p>\n<p><strong>L&#8217;INTERVISTA DI MARCO DAL FARRA A GIANPAOLO ROSSI<\/strong><\/p>\n<audio class=\"wp-audio-shortcode\" id=\"audio-391435-10\" preload=\"none\" style=\"width: 100%;\" controls=\"controls\"><source type=\"audio\/mpeg\" src=\"https:\/\/www.radiopiu.net\/wordpress\/wp-content\/uploads\/2024\/05\/MARCO-DAL-FARRA-CONCERTO-ADRIANO.mp3?_=10\" \/><a href=\"https:\/\/www.radiopiu.net\/wordpress\/wp-content\/uploads\/2024\/05\/MARCO-DAL-FARRA-CONCERTO-ADRIANO.mp3\">https:\/\/www.radiopiu.net\/wordpress\/wp-content\/uploads\/2024\/05\/MARCO-DAL-FARRA-CONCERTO-ADRIANO.mp3<\/a><\/audio>\n<p>&nbsp;<\/p>\n<p>&nbsp;<\/p>\n<hr \/>\n<p>&nbsp;<\/p>\n<blockquote>\n<h3>GLI EVENTI PER I 40 ANNI DEI GRUPPI ISP DI CUSIGHE E SARGNANO<\/h3>\n<\/blockquote>\n<p><strong>PONTE NELLE ALPI <\/strong>I Gruppi \u201cInsieme si pu\u00f2\u2026\u201d di Cusighe e Sargnano festeggiano quarant\u2019anni dalla loro fondazione nel 1984, nata dall\u2019idea di Piergiorgio Da Rold dopo un viaggio in Uganda. Questi gruppi, partiti con difficolt\u00e0, sono cresciuti grazie a numerose iniziative, come la Festa del Pesce e i Gruppi Colibr\u00ec per i pi\u00f9 piccoli. Per celebrare questo importante traguardo, sono stati organizzati vari eventi, tra cui mostre, concerti e incontri con Tony Daniel, musicista brasiliano fondatore di Ripaxote, un\u2019associazione che aiuta i giovani di San Paolo. Le celebrazioni includono una mostra di giocattoli e strumenti musicali, performance corali e musicali, e serate di testimonianza su come la musica possa trasformare la vita dei giovani. Gli eventi culmineranno con una messa di ringraziamento. La partecipazione \u00e8 gratuita.<\/p>\n<p>&nbsp;<\/p>\n<p>&nbsp;<\/p>\n<hr \/>\n<p>&nbsp;<\/p>\n<p>&nbsp;<\/p>\n<blockquote>\n<h3><a class=\"dt-pswp-item\" href=\"https:\/\/www.radiopiu.net\/wordpress\/wp-content\/uploads\/2024\/05\/imperina-1024x512-1.jpg\" data-dt-img-description=\"\" data-large_image_width=\"1024\" data-large_image_height=\"512\"><img loading=\"lazy\" decoding=\"async\" class=\" wp-image-391080 alignleft\" src=\"https:\/\/www.radiopiu.net\/wordpress\/wp-content\/uploads\/2024\/05\/imperina-1024x512-1-300x150.jpg\" alt=\"\" width=\"264\" height=\"132\" srcset=\"https:\/\/www.radiopiu.net\/wordpress\/wp-content\/uploads\/2024\/05\/imperina-1024x512-1-300x150.jpg 300w, https:\/\/www.radiopiu.net\/wordpress\/wp-content\/uploads\/2024\/05\/imperina-1024x512-1-768x384.jpg 768w, https:\/\/www.radiopiu.net\/wordpress\/wp-content\/uploads\/2024\/05\/imperina-1024x512-1.jpg 1024w\" sizes=\"auto, (max-width: 264px) 100vw, 264px\" \/><\/a>VALLE IMPERINA: FINALMENTE!!! NUOVA VITA, SABATO L&#8217;INAUGURAZIONE UFFICIALE<\/h3>\n<\/blockquote>\n<a href=\"https:\/\/www.radiopiu.net\/wordpress\/wp-content\/uploads\/2024\/05\/LOC_A3_GG_MINIERE_2024_06_DEF-2.pdf\" class=\"pdfemb-viewer\" style=\"\" data-width=\"max\" data-height=\"max\" data-toolbar=\"top\" data-toolbar-fixed=\"on\">LOC_A3_GG_MINIERE_2024_06_DEF<\/a>\n<p>&nbsp;<\/p>\n<hr \/>\n<blockquote>\n<h2><\/h2>\n<h2>CulturalMoto 2024: nell&#8217;Agordino<\/h2>\n<\/blockquote>\n<p><em>Alla scoperta delle miniere nelle Dolomiti, con la straordinaria partecipazione del geologo Manuel Conedera.<\/em><\/p>\n<p><strong>REDAZIONE<\/strong> Il 26 maggio 2024, EMMECI eventi lancia la seconda tappa di CulturalMoto, un viaggio culturale in moto che esplora l&#8217;Agordino e le Dolomiti bellunesi. Con Giacomo Agostini come ambasciatore, il tour si differenzia per l&#8217;accento sulla scoperta del territorio. Prenotazione obbligatoria al 348 5109129.<\/p>\n\n\t\t\t<style type='text\/css'>\n\t\t\t\t#gallery-4 {\n\t\t\t\t\tmargin: auto;\n\t\t\t\t}\n\t\t\t\t#gallery-4 .gallery-item {\n\t\t\t\t\tfloat: left;\n\t\t\t\t\tmargin-top: 10px;\n\t\t\t\t\ttext-align: center;\n\t\t\t\t\twidth: 50%;\n\t\t\t\t}\n\t\t\t\t#gallery-4 img {\n\t\t\t\t\tborder: 2px solid #cfcfcf;\n\t\t\t\t}\n\t\t\t\t#gallery-4 .gallery-caption {\n\t\t\t\t\tmargin-left: 0;\n\t\t\t\t}\n\t\t\t\t\/* see gallery_shortcode() in wp-includes\/media.php *\/\n\t\t\t<\/style>\n\t\t<div id='gallery-4' class='dt-gallery-container gallery galleryid-391435 gallery-columns-2 gallery-size-medium'><dl class='gallery-item'>\n\t\t\t\t<dt class='gallery-icon portrait'>\n\t\t\t\t\t<a class=\"rollover rollover-zoom dt-pswp-item\" title=\"CulturalMoto Agordo Belluno\" data-dt-img-description=\"\" data-large_image_width=\"842\" data-large_image_height=\"1191\"href='https:\/\/www.radiopiu.net\/wordpress\/wp-content\/uploads\/2024\/05\/CulturalMoto-Agordo-Belluno.jpg'><img loading=\"lazy\" decoding=\"async\" width=\"212\" height=\"300\" src=\"https:\/\/www.radiopiu.net\/wordpress\/wp-content\/uploads\/2024\/05\/CulturalMoto-Agordo-Belluno-212x300.jpg\" class=\"attachment-medium size-medium\" alt=\"\" srcset=\"https:\/\/www.radiopiu.net\/wordpress\/wp-content\/uploads\/2024\/05\/CulturalMoto-Agordo-Belluno-212x300.jpg 212w, https:\/\/www.radiopiu.net\/wordpress\/wp-content\/uploads\/2024\/05\/CulturalMoto-Agordo-Belluno-724x1024.jpg 724w, https:\/\/www.radiopiu.net\/wordpress\/wp-content\/uploads\/2024\/05\/CulturalMoto-Agordo-Belluno-768x1086.jpg 768w, https:\/\/www.radiopiu.net\/wordpress\/wp-content\/uploads\/2024\/05\/CulturalMoto-Agordo-Belluno.jpg 842w\" sizes=\"auto, (max-width: 212px) 100vw, 212px\" \/><\/a>\n\t\t\t\t<\/dt><\/dl><dl class='gallery-item'>\n\t\t\t\t<dt class='gallery-icon portrait'>\n\t\t\t\t\t<a class=\"rollover rollover-zoom dt-pswp-item\" title=\"Giacomo Agostini CulturalMoto\" data-dt-img-description=\"\" data-large_image_width=\"526\" data-large_image_height=\"701\"href='https:\/\/www.radiopiu.net\/wordpress\/wp-content\/uploads\/2024\/05\/Giacomo-Agostini-CulturalMoto.jpg'><img loading=\"lazy\" decoding=\"async\" width=\"225\" height=\"300\" src=\"https:\/\/www.radiopiu.net\/wordpress\/wp-content\/uploads\/2024\/05\/Giacomo-Agostini-CulturalMoto-225x300.jpg\" class=\"attachment-medium size-medium\" alt=\"\" srcset=\"https:\/\/www.radiopiu.net\/wordpress\/wp-content\/uploads\/2024\/05\/Giacomo-Agostini-CulturalMoto-225x300.jpg 225w, https:\/\/www.radiopiu.net\/wordpress\/wp-content\/uploads\/2024\/05\/Giacomo-Agostini-CulturalMoto.jpg 526w\" sizes=\"auto, (max-width: 225px) 100vw, 225px\" \/><\/a>\n\t\t\t\t<\/dt><\/dl><br style=\"clear: both\" \/>\n\t\t\t<\/div>\n\n<p>&nbsp;<\/p>\n<p>&nbsp;<\/p>\n<hr \/>\n<p>&nbsp;<\/p>\n\n\t\t\t<style type='text\/css'>\n\t\t\t\t#gallery-5 {\n\t\t\t\t\tmargin: auto;\n\t\t\t\t}\n\t\t\t\t#gallery-5 .gallery-item {\n\t\t\t\t\tfloat: left;\n\t\t\t\t\tmargin-top: 10px;\n\t\t\t\t\ttext-align: center;\n\t\t\t\t\twidth: 100%;\n\t\t\t\t}\n\t\t\t\t#gallery-5 img {\n\t\t\t\t\tborder: 2px solid #cfcfcf;\n\t\t\t\t}\n\t\t\t\t#gallery-5 .gallery-caption {\n\t\t\t\t\tmargin-left: 0;\n\t\t\t\t}\n\t\t\t\t\/* see gallery_shortcode() in wp-includes\/media.php *\/\n\t\t\t<\/style>\n\t\t<div id='gallery-5' class='dt-gallery-container gallery galleryid-391435 gallery-columns-1 gallery-size-medium'><dl class='gallery-item'>\n\t\t\t\t<dt class='gallery-icon portrait'>\n\t\t\t\t\t<a class=\"rollover rollover-zoom dt-pswp-item\" title=\"f2117638-681b-40d0-918c-1188d4fabc52\" data-dt-img-description=\"\" data-large_image_width=\"1128\" data-large_image_height=\"1600\"href='https:\/\/www.radiopiu.net\/wordpress\/wp-content\/uploads\/2024\/05\/f2117638-681b-40d0-918c-1188d4fabc52-1.jpg'><img loading=\"lazy\" decoding=\"async\" width=\"212\" height=\"300\" src=\"https:\/\/www.radiopiu.net\/wordpress\/wp-content\/uploads\/2024\/05\/f2117638-681b-40d0-918c-1188d4fabc52-1-212x300.jpg\" class=\"attachment-medium size-medium\" alt=\"\" srcset=\"https:\/\/www.radiopiu.net\/wordpress\/wp-content\/uploads\/2024\/05\/f2117638-681b-40d0-918c-1188d4fabc52-1-212x300.jpg 212w, https:\/\/www.radiopiu.net\/wordpress\/wp-content\/uploads\/2024\/05\/f2117638-681b-40d0-918c-1188d4fabc52-1-722x1024.jpg 722w, https:\/\/www.radiopiu.net\/wordpress\/wp-content\/uploads\/2024\/05\/f2117638-681b-40d0-918c-1188d4fabc52-1-768x1089.jpg 768w, https:\/\/www.radiopiu.net\/wordpress\/wp-content\/uploads\/2024\/05\/f2117638-681b-40d0-918c-1188d4fabc52-1-1083x1536.jpg 1083w, https:\/\/www.radiopiu.net\/wordpress\/wp-content\/uploads\/2024\/05\/f2117638-681b-40d0-918c-1188d4fabc52-1.jpg 1128w\" sizes=\"auto, (max-width: 212px) 100vw, 212px\" \/><\/a>\n\t\t\t\t<\/dt><\/dl><br style=\"clear: both\" \/>\n\t\t\t<\/div>\n\n<p>&nbsp;<\/p>\n<hr \/>\n<p>&nbsp;<\/p>\n<h2><span style=\"color: #ff6600;\">IERI ALLA RADIO<\/span><\/h2>\n<h2><span style=\"color: #00ccff;\">CIAK SI GIRA, IL PROGRAMMA DI PAOLA LANCIATO<\/span><\/h2>\n<p><strong><a class=\"dt-pswp-item\" href=\"https:\/\/www.radiopiu.net\/wordpress\/wp-content\/uploads\/2024\/05\/GHOSTBUSTERS.jpg\" data-dt-img-description=\"\" data-large_image_width=\"1077\" data-large_image_height=\"1500\"><img loading=\"lazy\" decoding=\"async\" class=\" wp-image-391493 alignleft\" src=\"https:\/\/www.radiopiu.net\/wordpress\/wp-content\/uploads\/2024\/05\/GHOSTBUSTERS-215x300.jpg\" alt=\"\" width=\"95\" height=\"132\" srcset=\"https:\/\/www.radiopiu.net\/wordpress\/wp-content\/uploads\/2024\/05\/GHOSTBUSTERS-215x300.jpg 215w, https:\/\/www.radiopiu.net\/wordpress\/wp-content\/uploads\/2024\/05\/GHOSTBUSTERS-735x1024.jpg 735w, https:\/\/www.radiopiu.net\/wordpress\/wp-content\/uploads\/2024\/05\/GHOSTBUSTERS-768x1070.jpg 768w, https:\/\/www.radiopiu.net\/wordpress\/wp-content\/uploads\/2024\/05\/GHOSTBUSTERS.jpg 1077w\" sizes=\"auto, (max-width: 95px) 100vw, 95px\" \/><\/a>23 MAGGIO GHOSTBUSTERS<\/strong><\/p>\n<audio class=\"wp-audio-shortcode\" id=\"audio-391435-11\" preload=\"none\" style=\"width: 100%;\" controls=\"controls\"><source type=\"audio\/mpeg\" src=\"https:\/\/www.radiopiu.net\/wordpress\/wp-content\/uploads\/2024\/05\/CIAK2-1.mp3?_=11\" \/><a href=\"https:\/\/www.radiopiu.net\/wordpress\/wp-content\/uploads\/2024\/05\/CIAK2-1.mp3\">https:\/\/www.radiopiu.net\/wordpress\/wp-content\/uploads\/2024\/05\/CIAK2-1.mp3<\/a><\/audio>\n<p>&nbsp;<\/p>\n<h2>LA RACCOLTA COMPLETA <a href=\"https:\/\/www.radiopiu.net\/wordpress\/ciak24\/\"><span style=\"color: #3366ff;\">CLICCA QUI<\/span><\/a><\/h2>\n<p>&nbsp;<\/p>\n<hr \/>\n<p>&nbsp;<\/p>\n<h2><span style=\"color: #800080;\">TIME 4 ME, CON GIULIA B<\/span><\/h2>\n<p><strong><a class=\"dt-pswp-item\" href=\"https:\/\/www.radiopiu.net\/wordpress\/wp-content\/uploads\/2024\/05\/443823457_853592386785909_820051030082622046_n.jpg\" data-dt-img-description=\"\" data-large_image_width=\"1080\" data-large_image_height=\"1348\"><img loading=\"lazy\" decoding=\"async\" class=\" wp-image-391500 alignleft\" src=\"https:\/\/www.radiopiu.net\/wordpress\/wp-content\/uploads\/2024\/05\/443823457_853592386785909_820051030082622046_n-240x300.jpg\" alt=\"\" width=\"122\" height=\"153\" srcset=\"https:\/\/www.radiopiu.net\/wordpress\/wp-content\/uploads\/2024\/05\/443823457_853592386785909_820051030082622046_n-240x300.jpg 240w, https:\/\/www.radiopiu.net\/wordpress\/wp-content\/uploads\/2024\/05\/443823457_853592386785909_820051030082622046_n-820x1024.jpg 820w, https:\/\/www.radiopiu.net\/wordpress\/wp-content\/uploads\/2024\/05\/443823457_853592386785909_820051030082622046_n-768x959.jpg 768w, https:\/\/www.radiopiu.net\/wordpress\/wp-content\/uploads\/2024\/05\/443823457_853592386785909_820051030082622046_n.jpg 1080w\" sizes=\"auto, (max-width: 122px) 100vw, 122px\" \/><\/a>DI MARINA DONA&#8217;<\/strong><\/p>\n<p>OSPITE: Giulia B<\/p>\n<p><strong>PRIMA PARTE<\/strong><\/p>\n<audio class=\"wp-audio-shortcode\" id=\"audio-391435-12\" preload=\"none\" style=\"width: 100%;\" controls=\"controls\"><source type=\"audio\/mpeg\" src=\"https:\/\/www.radiopiu.net\/wordpress\/wp-content\/uploads\/2024\/05\/TIME-4-ME-GIULIA-BONETTA-1.mp3?_=12\" \/><a href=\"https:\/\/www.radiopiu.net\/wordpress\/wp-content\/uploads\/2024\/05\/TIME-4-ME-GIULIA-BONETTA-1.mp3\">https:\/\/www.radiopiu.net\/wordpress\/wp-content\/uploads\/2024\/05\/TIME-4-ME-GIULIA-BONETTA-1.mp3<\/a><\/audio>\n<p>&nbsp;<\/p>\n<p><strong>SECONDA PARTE<\/strong><\/p>\n<audio class=\"wp-audio-shortcode\" id=\"audio-391435-13\" preload=\"none\" style=\"width: 100%;\" controls=\"controls\"><source type=\"audio\/mpeg\" src=\"https:\/\/www.radiopiu.net\/wordpress\/wp-content\/uploads\/2024\/05\/TIME-4-ME-GIULIA-BONETTA-2.mp3?_=13\" \/><a href=\"https:\/\/www.radiopiu.net\/wordpress\/wp-content\/uploads\/2024\/05\/TIME-4-ME-GIULIA-BONETTA-2.mp3\">https:\/\/www.radiopiu.net\/wordpress\/wp-content\/uploads\/2024\/05\/TIME-4-ME-GIULIA-BONETTA-2.mp3<\/a><\/audio>\n<p><strong>\u00a0<\/strong><\/p>\n<p><strong>TERZA PARTE<\/strong><\/p>\n<audio class=\"wp-audio-shortcode\" id=\"audio-391435-14\" preload=\"none\" style=\"width: 100%;\" controls=\"controls\"><source type=\"audio\/mpeg\" src=\"https:\/\/www.radiopiu.net\/wordpress\/wp-content\/uploads\/2024\/05\/TIME-4-ME-GIULIA-BONETTA-3.mp3?_=14\" \/><a href=\"https:\/\/www.radiopiu.net\/wordpress\/wp-content\/uploads\/2024\/05\/TIME-4-ME-GIULIA-BONETTA-3.mp3\">https:\/\/www.radiopiu.net\/wordpress\/wp-content\/uploads\/2024\/05\/TIME-4-ME-GIULIA-BONETTA-3.mp3<\/a><\/audio>\n<p>&nbsp;<\/p>\n<hr \/>\n<p>&nbsp;<\/p>\n<h2><span style=\"color: #808000;\">DAL SALONE DEL LIBRO DI TORINO L&#8217;INTERVISTA A LOREDANA BORGHETTO<\/span><\/h2>\n<p><strong>DI LUISA ALCHINI<\/strong><\/p>\n<p>Con Loredana Borghetto<\/p>\n<audio class=\"wp-audio-shortcode\" id=\"audio-391435-15\" preload=\"none\" style=\"width: 100%;\" controls=\"controls\"><source type=\"audio\/mpeg\" src=\"https:\/\/www.radiopiu.net\/wordpress\/wp-content\/uploads\/2024\/05\/INTERVISTA-a-loredana-borghetto-salone-del-libro-torino.mp3?_=15\" \/><a href=\"https:\/\/www.radiopiu.net\/wordpress\/wp-content\/uploads\/2024\/05\/INTERVISTA-a-loredana-borghetto-salone-del-libro-torino.mp3\">https:\/\/www.radiopiu.net\/wordpress\/wp-content\/uploads\/2024\/05\/INTERVISTA-a-loredana-borghetto-salone-del-libro-torino.mp3<\/a><\/audio>\n<p>&nbsp;<\/p>\n\n\t\t\t<style type='text\/css'>\n\t\t\t\t#gallery-6 {\n\t\t\t\t\tmargin: auto;\n\t\t\t\t}\n\t\t\t\t#gallery-6 .gallery-item {\n\t\t\t\t\tfloat: left;\n\t\t\t\t\tmargin-top: 10px;\n\t\t\t\t\ttext-align: center;\n\t\t\t\t\twidth: 25%;\n\t\t\t\t}\n\t\t\t\t#gallery-6 img {\n\t\t\t\t\tborder: 2px solid #cfcfcf;\n\t\t\t\t}\n\t\t\t\t#gallery-6 .gallery-caption {\n\t\t\t\t\tmargin-left: 0;\n\t\t\t\t}\n\t\t\t\t\/* see gallery_shortcode() in wp-includes\/media.php *\/\n\t\t\t<\/style>\n\t\t<div id='gallery-6' class='dt-gallery-container gallery galleryid-391435 gallery-columns-4 gallery-size-thumbnail'><dl class='gallery-item'>\n\t\t\t\t<dt class='gallery-icon landscape'>\n\t\t\t\t\t<a class=\"rollover rollover-zoom dt-pswp-item\" title=\"LOREDANA 4\" data-dt-img-description=\"\" data-large_image_width=\"1200\" data-large_image_height=\"800\"href='https:\/\/www.radiopiu.net\/wordpress\/wp-content\/uploads\/2024\/05\/LOREDANA-4-1.jpg'><img loading=\"lazy\" decoding=\"async\" width=\"150\" height=\"150\" src=\"https:\/\/www.radiopiu.net\/wordpress\/wp-content\/uploads\/2024\/05\/LOREDANA-4-1-150x150.jpg\" class=\"attachment-thumbnail size-thumbnail\" alt=\"\" \/><\/a>\n\t\t\t\t<\/dt><\/dl><dl class='gallery-item'>\n\t\t\t\t<dt class='gallery-icon landscape'>\n\t\t\t\t\t<a class=\"rollover rollover-zoom dt-pswp-item\" title=\"LOREDANA3\" data-dt-img-description=\"\" data-large_image_width=\"1200\" data-large_image_height=\"800\"href='https:\/\/www.radiopiu.net\/wordpress\/wp-content\/uploads\/2024\/05\/LOREDANA3-1.jpg'><img loading=\"lazy\" decoding=\"async\" width=\"150\" height=\"150\" src=\"https:\/\/www.radiopiu.net\/wordpress\/wp-content\/uploads\/2024\/05\/LOREDANA3-1-150x150.jpg\" class=\"attachment-thumbnail size-thumbnail\" alt=\"\" \/><\/a>\n\t\t\t\t<\/dt><\/dl><dl class='gallery-item'>\n\t\t\t\t<dt class='gallery-icon landscape'>\n\t\t\t\t\t<a class=\"rollover rollover-zoom dt-pswp-item\" title=\"LOREDANA\" data-dt-img-description=\"\" data-large_image_width=\"942\" data-large_image_height=\"531\"href='https:\/\/www.radiopiu.net\/wordpress\/wp-content\/uploads\/2024\/05\/LOREDANA-1.jpg'><img loading=\"lazy\" decoding=\"async\" width=\"150\" height=\"150\" src=\"https:\/\/www.radiopiu.net\/wordpress\/wp-content\/uploads\/2024\/05\/LOREDANA-1-150x150.jpg\" class=\"attachment-thumbnail size-thumbnail\" alt=\"\" \/><\/a>\n\t\t\t\t<\/dt><\/dl><dl class='gallery-item'>\n\t\t\t\t<dt class='gallery-icon portrait'>\n\t\t\t\t\t<a class=\"rollover rollover-zoom dt-pswp-item\" title=\"LOREDANA1\" data-dt-img-description=\"\" data-large_image_width=\"1707\" data-large_image_height=\"2560\"href='https:\/\/www.radiopiu.net\/wordpress\/wp-content\/uploads\/2024\/05\/LOREDANA1-1-scaled.jpg'><img loading=\"lazy\" decoding=\"async\" width=\"150\" height=\"150\" src=\"https:\/\/www.radiopiu.net\/wordpress\/wp-content\/uploads\/2024\/05\/LOREDANA1-1-150x150.jpg\" class=\"attachment-thumbnail size-thumbnail\" alt=\"\" \/><\/a>\n\t\t\t\t<\/dt><\/dl><br style=\"clear: both\" \/>\n\t\t\t<\/div>\n\n<p>&nbsp;<\/p>\n<hr \/>\n<p>&nbsp;<\/p>\n<h2><span style=\"color: #ff0000;\"><a class=\"dt-pswp-item\" href=\"https:\/\/www.radiopiu.net\/wordpress\/wp-content\/uploads\/2018\/09\/appuntamenti.jpeg\" data-dt-img-description=\"\" data-large_image_width=\"800\" data-large_image_height=\"100\"><img loading=\"lazy\" decoding=\"async\" class=\"wp-image-61958 size-full aligncenter\" src=\"https:\/\/www.radiopiu.net\/wordpress\/wp-content\/uploads\/2018\/09\/appuntamenti.jpeg\" alt=\"\" width=\"800\" height=\"100\" srcset=\"https:\/\/www.radiopiu.net\/wordpress\/wp-content\/uploads\/2018\/09\/appuntamenti.jpeg 800w, https:\/\/www.radiopiu.net\/wordpress\/wp-content\/uploads\/2018\/09\/appuntamenti-300x38.jpeg 300w, https:\/\/www.radiopiu.net\/wordpress\/wp-content\/uploads\/2018\/09\/appuntamenti-768x96.jpeg 768w\" sizes=\"auto, (max-width: 800px) 100vw, 800px\" \/><\/a><\/span><\/h2>\n<div>\n<div class=\"\" dir=\"auto\">\n<div id=\":r9h:\" class=\"x1iorvi4 x1pi30zi x1l90r2v x1swvt13\" data-ad-comet-preview=\"message\" data-ad-preview=\"message\">\n\n\t\t\t<style type='text\/css'>\n\t\t\t\t#gallery-7 {\n\t\t\t\t\tmargin: auto;\n\t\t\t\t}\n\t\t\t\t#gallery-7 .gallery-item {\n\t\t\t\t\tfloat: left;\n\t\t\t\t\tmargin-top: 10px;\n\t\t\t\t\ttext-align: center;\n\t\t\t\t\twidth: 50%;\n\t\t\t\t}\n\t\t\t\t#gallery-7 img {\n\t\t\t\t\tborder: 2px solid #cfcfcf;\n\t\t\t\t}\n\t\t\t\t#gallery-7 .gallery-caption {\n\t\t\t\t\tmargin-left: 0;\n\t\t\t\t}\n\t\t\t\t\/* see gallery_shortcode() in wp-includes\/media.php *\/\n\t\t\t<\/style>\n\t\t<div id='gallery-7' class='dt-gallery-container gallery galleryid-391435 gallery-columns-2 gallery-size-thumbnail'><dl class='gallery-item'>\n\t\t\t\t<dt class='gallery-icon portrait'>\n\t\t\t\t\t<a class=\"rollover\" href='https:\/\/www.radiopiu.net\/wordpress\/giornale-radiopiu-23-maggio-2024-direttore-mirko-mezzacasada-40-anni-25-giugno-1983-25-giugno-2023\/e651a95f-423a-40f9-827a-3ba70bd26776\/'><img loading=\"lazy\" decoding=\"async\" width=\"150\" height=\"150\" src=\"https:\/\/www.radiopiu.net\/wordpress\/wp-content\/uploads\/2024\/05\/e651a95f-423a-40f9-827a-3ba70bd26776-150x150.jpg\" class=\"attachment-thumbnail size-thumbnail\" alt=\"\" aria-describedby=\"gallery-7-391342\" \/><\/a>\n\t\t\t\t<\/dt>\n\t\t\t\t\t<dd class='wp-caption-text gallery-caption' id='gallery-7-391342'>\n\t\t\t\t\tSAGRA DE SANT&#8217;ANTONI A RIVAMONTE\n\t\t\t\t\t<\/dd><\/dl><dl class='gallery-item'>\n\t\t\t\t<dt class='gallery-icon portrait'>\n\t\t\t\t\t<a class=\"rollover\" href='https:\/\/www.radiopiu.net\/wordpress\/giornale-radiopiu-23-maggio-2024-direttore-mirko-mezzacasada-40-anni-25-giugno-1983-25-giugno-2023\/4f200081-e4c5-4b25-97be-5145b1cf479f\/'><img loading=\"lazy\" decoding=\"async\" width=\"150\" height=\"150\" src=\"https:\/\/www.radiopiu.net\/wordpress\/wp-content\/uploads\/2024\/05\/4f200081-e4c5-4b25-97be-5145b1cf479f-150x150.jpg\" class=\"attachment-thumbnail size-thumbnail\" alt=\"\" aria-describedby=\"gallery-7-391343\" \/><\/a>\n\t\t\t\t<\/dt>\n\t\t\t\t\t<dd class='wp-caption-text gallery-caption' id='gallery-7-391343'>\n\t\t\t\t\tIL CIRCUITO RIVA RON\n\t\t\t\t\t<\/dd><\/dl><br style=\"clear: both\" \/>\n\t\t\t<\/div>\n\n<\/div>\n<\/div>\n<\/div>\n<p><strong><a class=\"dt-pswp-item\" href=\"https:\/\/www.radiopiu.net\/wordpress\/wp-content\/uploads\/2024\/05\/b92444da-85ed-4fbc-beaf-56e33b87ae31.jpg\" data-dt-img-description=\"\" data-large_image_width=\"1536\" data-large_image_height=\"2048\"><img loading=\"lazy\" decoding=\"async\" class=\"size-medium wp-image-391614 alignleft\" src=\"https:\/\/www.radiopiu.net\/wordpress\/wp-content\/uploads\/2024\/05\/b92444da-85ed-4fbc-beaf-56e33b87ae31-225x300.jpg\" alt=\"\" width=\"225\" height=\"300\" srcset=\"https:\/\/www.radiopiu.net\/wordpress\/wp-content\/uploads\/2024\/05\/b92444da-85ed-4fbc-beaf-56e33b87ae31-225x300.jpg 225w, https:\/\/www.radiopiu.net\/wordpress\/wp-content\/uploads\/2024\/05\/b92444da-85ed-4fbc-beaf-56e33b87ae31-768x1024.jpg 768w, https:\/\/www.radiopiu.net\/wordpress\/wp-content\/uploads\/2024\/05\/b92444da-85ed-4fbc-beaf-56e33b87ae31-1152x1536.jpg 1152w, https:\/\/www.radiopiu.net\/wordpress\/wp-content\/uploads\/2024\/05\/b92444da-85ed-4fbc-beaf-56e33b87ae31.jpg 1536w\" sizes=\"auto, (max-width: 225px) 100vw, 225px\" \/><\/a>AGORDO<\/strong> MAGGIO AGORDINO, CONOSCERE IL TERRITORIO, CON L&#8217;ASSOCIAZIONE PERITI MINERARI DI AGORDO QUATTRO APPUNTAMENTI, PER QUATTRO VENERDI ALLE 20.30 IN SALA DON TAMIS, AD AGORDO, CON INGRESSO LIBERO A TUTTI\u00a0 OGGI ENERGIA E AMBIENTE DI MONTAGNA con l&#8217;ingegner Adriano Luchetta MAGGIO AGORDINO&#8230; CON L&#8217;APIM, I VENERDI DI SERA IN SALA DON TAMIS<\/p>\n<p><strong>AGORDO<\/strong> Oggi alle 17.30 in Sala della Biblioteca, Le Pascoline di Antonio Tegner: il romanzo.<\/p>\n<p><strong>AGORDO<\/strong> Giornata gratuita dedicata alla densitometria ossea, domani ad Agordo, presso la Parafarmacia della dottoressa Nadia B\u00f9lf, al centro commerciale GANZ, Test gratuito, durata circa 20 minuti. Per informazioni e prenotazioni, chiama\u00a0 lo 0437.866683, ci trovi sui social: Instagram &#8211; Facebook, oppure passa direttamente in parafarmacia, OGGI in parafarmacia ad AGORDO, la giornata gratuita della densitometria ossea<\/p>\n<p><strong>BELLUNO<\/strong> Il Circolo Culturale Bellunese organizza il tradizionale concerto dedicato al vincitore del Premio Venezia, con un&#8217;emozione speciale quest&#8217;anno: si esibir\u00e0 il pianista bellunese Giacomo Menegardi, vincitore del Premio Venezia 2023. L&#8217;evento si terr\u00e0 oggi alle 20:30 al Teatro Dino Buzzati di Belluno, dove il pubblico applaudir\u00e0 un talento locale riconosciuto a livello internazionale.<\/p>\n<p><strong>BELLUNO <\/strong>L&#8217;Associazione culturale Tina Merlin e l&#8217;Associazione Bellunesi nel Mondo, in collaborazione con la Biblioteca delle migrazioni \u201cDino Buzzati\u201d, propongono la presentazione del libro \u201cChiamami Giulietta\u201d, di Vichi De Marchi (Feltrinelli, 2024). Appuntamento oggi a Belluno, alle 18 in sede ABM<\/p>\n<p><strong>BELLUNO<\/strong> Domani alle 17:30 in sala teatro del centro congressi di Piazza Piloni &#8220;Storia del mondo dal Big Bang a Oggi&#8221;,\u00a0 Un viaggio attraverso la storia dell&#8217;universo, dal Big Bang fino ai giorni nostri. Un&#8217;occasione per riflettere su come il nostro futuro sia profondamente legato ai nostri antenati e alla nostra storia, inclusi i Sapiens che, nonostante le loro paure, dipingevano mammut sulle pareti delle loro caverne.<\/p>\n<p><strong>FELTRE\u00a0<\/strong>Domani alle 21 al Centro Astronomico di Arson a Feltre un incontro con l&#8217;astronomico Giuliano Vanin per parlare degli asteroidi killer<\/p>\n<p><strong>BELLUNO<\/strong> Il\u00a0Circolo Burraco Belluno APS, affiliato FITAB e recentemente costituito, organizza il 1\u00b0 Torneo Provinciale di Belluno. L&#8217;evento si terr\u00e0 domenica 26 maggio a partire dalle ore 15.00 presso l&#8217;agriturismo Rio Cavalli.<\/p>\n<h2><span style=\"color: #ff0000;\">PROSSIMAMENTE<\/span><\/h2>\n<p>RIVA&#8230;&#8230;.RONNNNNNNNN corsa podistica non competitiva. DOMENICA 9 GIUGNO, PARTENZA ALLE 10 DALLA CASA DELLA GIOVENTU&#8217; DI RIVAMONTE. DUE PERCORSI&#8230; TANTI PREMI, pasta party, premiazioni e musica con DJ Tom\u00e8<\/p>\n<p>Preparatevi a scatenare la vostra energia e a superare i vostri limiti con CorriPoi 2024. Il trofeo di Corse Podistiche a tappe Nell&#8217;Agordino, quattro tappe emozionanti, ognuna delle quali vi porter\u00e0 a scoprire le bellezze naturali del territorio. 9 GIUGNO RIVAMONTE, 22 GIUGNO FRASSENE&#8217;, 7 LUGLIO FORCELLA AURINE, 7 SETTEMBRE VOLTAGO Alla CorriPoi parteciperanno, fianco a fianco, forti runner, atleti della domenica, famiglie, gruppi di amici, giovani corridori in erba, tutti con l&#8217;obiettivo di correre e di divertirsi. Corri verso la vittoria, corri verso il trofeo Alpenpluss. Regolamento delle quattro gare sul sito KEEPSPORTING.COM, in collaborazione con Kiwi Sport, abbigliamento sportivo per tutta la famiglia, ad ALLEGHE- CENCENIGHE &#8211; BELLUNO<\/p>\n<p>LA PRO LOCO DI RIVAMONTE TI INVITA ALLA SAGRA DE SANT&#8217;ANTONI, DAL 12 AL 16 GIUGNO<br \/>\nMERCOLEDI 12 GIUGNO, GNOCH CO LA POINA, IL PIATTO TIPICO E ALTRE SPECIALIT\u00e0, MUSICA CON LINO<br \/>\nGIOVEDI 13 GIUGNO PRANZO E CENA, DALLE 21 LA MUSICA DI EROS E KARIM<br \/>\nVENERDI 14 GIUGNO A CENA &#8220;PANET ONTI, WURSTEL PATATINE E BIRRA, PROIEZIONE DEL VIDEO SOSPIROLO-NEPAL IN BICI DI FAUSTO DE POI E DALLE 22 CONCERTO CON I BLACK OUT<br \/>\nSABATO 15 SERATA DANZANTE CON LA SPRITZ BAND, A SEGUIRE DJ MORGAN E BATTAGLIA, CHIUSCO COCKTAIL ALL&#8217;ESTERNO DEL TENDONE<br \/>\nDOMENICA 16 PRANZO ALLE 12, POMERIGGIO CON I GRUPPI BATI ORZ DI SANT TOMASO E FOLK DEL POI<br \/>\nALLA CASA DELLA GIOVENTU&#8217; PESCA DI BENEFICIENZA, IN CHIESA I CORDONI DI SANT&#8217;ANTONIO.<\/p>\n<p>&nbsp;<\/p>\n<hr \/>\n<p>&nbsp;<\/p>\n<p><a class=\"dt-pswp-item\" href=\"https:\/\/www.radiopiu.net\/wordpress\/wp-content\/uploads\/2018\/09\/viabilita.jpeg\" data-dt-img-description=\"\" data-large_image_width=\"800\" data-large_image_height=\"100\"><img loading=\"lazy\" decoding=\"async\" class=\"aligncenter wp-image-61954 size-full\" src=\"https:\/\/www.radiopiu.net\/wordpress\/wp-content\/uploads\/2018\/09\/viabilita.jpeg\" alt=\"\" width=\"800\" height=\"100\" srcset=\"https:\/\/www.radiopiu.net\/wordpress\/wp-content\/uploads\/2018\/09\/viabilita.jpeg 800w, https:\/\/www.radiopiu.net\/wordpress\/wp-content\/uploads\/2018\/09\/viabilita-300x38.jpeg 300w, https:\/\/www.radiopiu.net\/wordpress\/wp-content\/uploads\/2018\/09\/viabilita-768x96.jpeg 768w\" sizes=\"auto, (max-width: 800px) 100vw, 800px\" \/><\/a><\/p>\n<p>&nbsp;<\/p>\n<p><a class=\"dt-pswp-item\" href=\"https:\/\/www.radiopiu.net\/wordpress\/wp-content\/uploads\/2023\/12\/botol-car-service.jpg\" data-dt-img-description=\"\" data-large_image_width=\"600\" data-large_image_height=\"600\"><img loading=\"lazy\" decoding=\"async\" class=\"size-medium wp-image-367044 aligncenter\" src=\"https:\/\/www.radiopiu.net\/wordpress\/wp-content\/uploads\/2023\/12\/botol-car-service-300x300.jpg\" alt=\"\" width=\"300\" height=\"300\" srcset=\"https:\/\/www.radiopiu.net\/wordpress\/wp-content\/uploads\/2023\/12\/botol-car-service-300x300.jpg 300w, https:\/\/www.radiopiu.net\/wordpress\/wp-content\/uploads\/2023\/12\/botol-car-service-150x150.jpg 150w, https:\/\/www.radiopiu.net\/wordpress\/wp-content\/uploads\/2023\/12\/botol-car-service.jpg 600w\" sizes=\"auto, (max-width: 300px) 100vw, 300px\" \/><\/a><\/p>\n<p>&nbsp;<\/p>\n<p>&nbsp;<\/p>\n<h1>BOLLETTINO QUOTIDIANO, CLICCA QUI<\/h1>\n<blockquote class=\"wp-embedded-content\" data-secret=\"OiF8dwl4uc\"><p><a href=\"https:\/\/www.radiopiu.net\/wordpress\/viabilita\/\">viabilita<\/a><\/p><\/blockquote>\n<p><iframe loading=\"lazy\" class=\"wp-embedded-content\" sandbox=\"allow-scripts\" security=\"restricted\" style=\"position: absolute; clip: rect(1px, 1px, 1px, 1px);\" title=\"&#8220;viabilita&#8221; &#8212; Radio Pi\u00f9\" src=\"https:\/\/www.radiopiu.net\/wordpress\/viabilita\/embed\/#?secret=7tRULM7ZI7#?secret=OiF8dwl4uc\" data-secret=\"OiF8dwl4uc\" width=\"600\" height=\"338\" frameborder=\"0\" marginwidth=\"0\" marginheight=\"0\" scrolling=\"no\"><\/iframe><\/p>\n<p>&nbsp;<\/p>\n<p>&nbsp;<\/p>\n<p>&nbsp;<\/p>\n<hr \/>\n<p>&nbsp;<\/p>\n<p><a class=\"dt-pswp-item\" href=\"https:\/\/www.radiopiu.net\/wordpress\/wp-content\/uploads\/2018\/09\/WhatsApp-Image-2018-09-20-at-16.04.06.jpeg\" data-dt-img-description=\"\" data-large_image_width=\"800\" data-large_image_height=\"100\"><img loading=\"lazy\" decoding=\"async\" class=\"wp-image-61378 size-full aligncenter\" src=\"https:\/\/www.radiopiu.net\/wordpress\/wp-content\/uploads\/2018\/09\/WhatsApp-Image-2018-09-20-at-16.04.06.jpeg\" alt=\"\" width=\"800\" height=\"100\" srcset=\"https:\/\/www.radiopiu.net\/wordpress\/wp-content\/uploads\/2018\/09\/WhatsApp-Image-2018-09-20-at-16.04.06.jpeg 800w, https:\/\/www.radiopiu.net\/wordpress\/wp-content\/uploads\/2018\/09\/WhatsApp-Image-2018-09-20-at-16.04.06-300x38.jpeg 300w, https:\/\/www.radiopiu.net\/wordpress\/wp-content\/uploads\/2018\/09\/WhatsApp-Image-2018-09-20-at-16.04.06-768x96.jpeg 768w\" sizes=\"auto, (max-width: 800px) 100vw, 800px\" \/><\/a><\/p>\n<p><center><\/center><center><\/center><center><\/center><center><\/center><center><\/center><center><\/center>&nbsp;<\/p>\n<p><center><\/center><center><\/center><center><\/center><center><\/center><center><\/center><center><b>OGGI<\/b><\/center>Nottetempo nubi e residua instabilit\u00e0. Al mattino qualche tratto soleggiato e nuvolosit\u00e0 irregolare, localmente intensa con qualche sporadico fenomeno. Dalle ore centrali in poi intensificazione della nuvolosit\u00e0, anche per forte attivit\u00e0 cumuliforme e, seppur minore rispetto a gioved\u00ec, l&#8217;instabilit\u00e0 sar\u00e0 ancora presente.<br \/>\n<b>Precipitazioni: <\/b>Rovesci notturni, al mattino qualche residuo piovasco seguito da una pausa senza fenomeni, prima che la probabilit\u00e0 torni ad essere media per rovesci pomeridian, mentre l&#8217;insidia temporalesca sar\u00e0 minore rispetto a gioved\u00ec.<br \/>\n<b>Temperature: <\/b>Minime in leggera diminuzione e massime stazionarie in quota e in lieve aumento nelle valli.<\/p>\n<hr \/>\n<p><center><b>DOMANI<\/b><\/center>Tempo variabile\/instabile con qualche schiarita, pi\u00f9 probabile al mattino, in un contesto prevalentemente nuvoloso, a tratti molto nuvoloso, anche per addensamenti cumuliformi associati a fenomeni d&#8217;instabilit\u00e0. Il rischio fenomeni sar\u00e0 sparso al mattino e maggiore al pomeriggio.<br \/>\n<b>Precipitazioni: <\/b>Nuovi rovesci sparsi al mattino, pi\u00f9 frequenti tra le ore centrali e la prima parte del pomeriggio, non escluso qualche locale temporale, specie tra pedemontana e Prealpi.<br \/>\n<b>Temperature: <\/b>Senza notevoli variazioni, salvo qualche lieve rialzo per le massime in alcune valli.<\/p>\n<hr \/>\n<p><center><b>DOMENICA<\/b><\/center>Al mattino sole e cielo sereno, assieme ad aria nitida e ottima visibilit\u00e0. Al pomeriggio riduzione del soleggiamento per modesta o localmente moderata attivit\u00e0 cumuliforme. Non escluso del tutto qualche isolato temporale nel tardo pomeriggio\/sera su Dolomiti. Temperature minime in calo e massime in aumento con contesto termico diurno di nuovo primaverile.<\/p>\n<hr \/>\n<p><center><b>LUNEDI<\/b><\/center>Ampi tratti soleggiati al mattino, prima che la nuvolosit\u00e0 aumenti nel corso del pomeriggio ed entro il tardo pomeriggio ulteriore intensificazione dell&#8217;attivit\u00e0 cumuliforme e ritorno dell&#8217;instabilit\u00e0 con rovesci e temporali, specie sulle Dolomiti. Temperature minime in rialzo e massime pressoch\u00e9 stazionarie<\/p>\n<p>&nbsp;<\/p>\n<hr \/>\n<p>&nbsp;<\/p>\n<p><img loading=\"lazy\" decoding=\"async\" class=\"wp-image-60761 size-full aligncenter\" src=\"https:\/\/www.radiopiu.net\/wordpress\/wp-content\/uploads\/2018\/09\/sport.jpg\" alt=\"\" width=\"800\" height=\"100\" srcset=\"https:\/\/www.radiopiu.net\/wordpress\/wp-content\/uploads\/2018\/09\/sport.jpg 800w, https:\/\/www.radiopiu.net\/wordpress\/wp-content\/uploads\/2018\/09\/sport-300x38.jpg 300w, https:\/\/www.radiopiu.net\/wordpress\/wp-content\/uploads\/2018\/09\/sport-768x96.jpg 768w\" sizes=\"auto, (max-width: 800px) 100vw, 800px\" \/><\/p>\n<p>&nbsp;<\/p>\n<p><span style=\"color: #0000ff;\"><strong>HOCKEY GHIACCIO<\/strong><\/span><\/p>\n<div class=\"page-title-head hgroup\">\n<blockquote>\n<h3 class=\"entry-title\">E\u2019 FINLANDESE IL NUOVO ALLENATORE DELL\u2019ALLEGHE HOCKEY<\/h3>\n<\/blockquote>\n<\/div>\n<div class=\"page-title-breadcrumbs\">\n<p>****<br \/>\n<strong><a class=\"dt-pswp-item\" href=\"https:\/\/www.radiopiu.net\/wordpress\/wp-content\/uploads\/2024\/05\/d014b74c-fe13-4718-91d5-06f2489949db.jpeg\" data-dt-img-description=\"\" data-large_image_width=\"1095\" data-large_image_height=\"730\"><img loading=\"lazy\" decoding=\"async\" class=\"size-medium wp-image-391539 alignleft\" src=\"https:\/\/www.radiopiu.net\/wordpress\/wp-content\/uploads\/2024\/05\/d014b74c-fe13-4718-91d5-06f2489949db-300x200.jpeg\" alt=\"\" width=\"300\" height=\"200\" srcset=\"https:\/\/www.radiopiu.net\/wordpress\/wp-content\/uploads\/2024\/05\/d014b74c-fe13-4718-91d5-06f2489949db-300x200.jpeg 300w, https:\/\/www.radiopiu.net\/wordpress\/wp-content\/uploads\/2024\/05\/d014b74c-fe13-4718-91d5-06f2489949db-1024x683.jpeg 1024w, https:\/\/www.radiopiu.net\/wordpress\/wp-content\/uploads\/2024\/05\/d014b74c-fe13-4718-91d5-06f2489949db-768x512.jpeg 768w, https:\/\/www.radiopiu.net\/wordpress\/wp-content\/uploads\/2024\/05\/d014b74c-fe13-4718-91d5-06f2489949db.jpeg 1095w\" sizes=\"auto, (max-width: 300px) 100vw, 300px\" \/><\/a>DI ROBERTO MIANA, PORTAVOCE DELL\u2019ALLEGHE HOCKEY<\/strong><\/p>\n<p>L\u2019Alleghe Hockey annuncia con piacere l\u2019ingaggio dell\u2019head coach finlandese Vesa Surenkin. La Societ\u00e0 di via Lungolago torna a pescare in terra finnica, dopo le positive esperienze con Miika Kiviranta e coach Juhani Matikainen. Surenkin, classe 1965, nativo di Helsinki, omone di 194 centimetri per 110 kg, \u00e8 un ex hockeista di ruolo difensore che ha militato per quattro stagioni nell\u2019HIFK Helsinki, una delle squadre pi\u00f9 titolate della massima serie finlandese, dove a fine anni novanta, appesi i pattini al chiodo, ha cominciato ad allenare l\u2019Under 20. Ha maturato grande esperienza sui panconi di mezza Europa, dove tra capo allenatore e assistant coach ha allenato oltre che in Finlandia anche in Russia, Svezia, Austria, Lettonia, Kazakistan e le nazionali di Estonia, Tunisia e Turchia. Nella stagione 2008\/2009 anche l\u2019esperienza come head coach in Italia a Pontebba. Dal 2021 al 2023 \u00e8 stato allenatore in seconda dello Jukurit, nella Liiga, la pi\u00f9 importante lega finlandese. La dirigenza biancorossa, nella scelta tra diversi candidati, ha deciso di affidarsi a Surenkin per continuare il progetto di rilancio e crescita della squadra. Definito da chi lo conosce bene un allenatore completo e \u201cuomo di hockey\u201c, grazie alla sua grande esperienza maturata nei diversi paesi in cui ha allenato e dai quali ha saputo trarre importanti insegnamenti. Il suo credo hockeistico si basa sul binomio imprescindibile giocatori-squadra, ovvero: i giocatori crescono con la squadra e la squadra cresce con i giocatori. Surenkin arriva ad Alleghe carico di entusiasmo, con una gran voglia di lasciare un segno positivo nella storia della Societ\u00e0 e con l\u2019intento di far crescere sia la squadra che i giovani, che sono e saranno il presente ed il futuro dell\u2019hockey agordino. (Foto di copertina tratta dal sito della squadra finlandese dello Jukurit)<\/p>\n<\/div>\n<p>&nbsp;<\/p>\n<p>&nbsp;<\/p>\n<p><span style=\"color: #0000ff;\"><strong>NUOTO<\/strong><\/span><\/p>\n<blockquote>\n<h3>CAMPIONATO NAZIONALE DI NUOTO CSI: C&#8217;E&#8217; ANCHE ATTIVAMENTE AGORDINO<\/h3>\n<\/blockquote>\n<p><strong>BELLUNO<\/strong> Ci sar\u00e0 anche una rappresentanza del comitato di Belluno ai Campionati nazionali di nuoto Csi che si svolgeranno nel fine settimana a Lignano Sabbiadoro in provincia di Udine. Si tratta dei giovani atleti di Attivamente Agordino, societ\u00e0 che nella stagione 2023-2024 ha partecipato al Campionato di nuoto di Csi Trentino. I nuotatori agordini si sono distinti per gli ottimi risultati ottenuti, conquistando numerose vittorie e podi, ma anche dando dimostrazione di una eccellente tecnica nei vari stili. (foto: csibelluno.it)<\/p>\n\n\t\t\t<style type='text\/css'>\n\t\t\t\t#gallery-8 {\n\t\t\t\t\tmargin: auto;\n\t\t\t\t}\n\t\t\t\t#gallery-8 .gallery-item {\n\t\t\t\t\tfloat: left;\n\t\t\t\t\tmargin-top: 10px;\n\t\t\t\t\ttext-align: center;\n\t\t\t\t\twidth: 25%;\n\t\t\t\t}\n\t\t\t\t#gallery-8 img {\n\t\t\t\t\tborder: 2px solid #cfcfcf;\n\t\t\t\t}\n\t\t\t\t#gallery-8 .gallery-caption {\n\t\t\t\t\tmargin-left: 0;\n\t\t\t\t}\n\t\t\t\t\/* see gallery_shortcode() in wp-includes\/media.php *\/\n\t\t\t<\/style>\n\t\t<div id='gallery-8' class='dt-gallery-container gallery galleryid-391435 gallery-columns-4 gallery-size-medium'><dl class='gallery-item'>\n\t\t\t\t<dt class='gallery-icon landscape'>\n\t\t\t\t\t<a class=\"rollover rollover-zoom dt-pswp-item\" title=\"attivamente-agordino-2023-2024-giovani\" data-dt-img-description=\"\" data-large_image_width=\"2048\" data-large_image_height=\"1365\"href='https:\/\/www.radiopiu.net\/wordpress\/wp-content\/uploads\/2024\/05\/attivamente-agordino-2023-2024-giovani.jpg'><img loading=\"lazy\" decoding=\"async\" width=\"300\" height=\"200\" src=\"https:\/\/www.radiopiu.net\/wordpress\/wp-content\/uploads\/2024\/05\/attivamente-agordino-2023-2024-giovani-300x200.jpg\" class=\"attachment-medium size-medium\" alt=\"\" srcset=\"https:\/\/www.radiopiu.net\/wordpress\/wp-content\/uploads\/2024\/05\/attivamente-agordino-2023-2024-giovani-300x200.jpg 300w, https:\/\/www.radiopiu.net\/wordpress\/wp-content\/uploads\/2024\/05\/attivamente-agordino-2023-2024-giovani-1024x683.jpg 1024w, https:\/\/www.radiopiu.net\/wordpress\/wp-content\/uploads\/2024\/05\/attivamente-agordino-2023-2024-giovani-768x512.jpg 768w, https:\/\/www.radiopiu.net\/wordpress\/wp-content\/uploads\/2024\/05\/attivamente-agordino-2023-2024-giovani-1536x1024.jpg 1536w, https:\/\/www.radiopiu.net\/wordpress\/wp-content\/uploads\/2024\/05\/attivamente-agordino-2023-2024-giovani.jpg 2048w\" sizes=\"auto, (max-width: 300px) 100vw, 300px\" \/><\/a>\n\t\t\t\t<\/dt><\/dl><dl class='gallery-item'>\n\t\t\t\t<dt class='gallery-icon landscape'>\n\t\t\t\t\t<a class=\"rollover rollover-zoom dt-pswp-item\" title=\"attivamente-agordino-2023-2024-adulti-1024x771\" data-dt-img-description=\"\" data-large_image_width=\"1024\" data-large_image_height=\"771\"href='https:\/\/www.radiopiu.net\/wordpress\/wp-content\/uploads\/2024\/05\/attivamente-agordino-2023-2024-adulti-1024x771-1.jpg'><img loading=\"lazy\" decoding=\"async\" width=\"300\" height=\"226\" src=\"https:\/\/www.radiopiu.net\/wordpress\/wp-content\/uploads\/2024\/05\/attivamente-agordino-2023-2024-adulti-1024x771-1-300x226.jpg\" class=\"attachment-medium size-medium\" alt=\"\" srcset=\"https:\/\/www.radiopiu.net\/wordpress\/wp-content\/uploads\/2024\/05\/attivamente-agordino-2023-2024-adulti-1024x771-1-300x226.jpg 300w, https:\/\/www.radiopiu.net\/wordpress\/wp-content\/uploads\/2024\/05\/attivamente-agordino-2023-2024-adulti-1024x771-1-768x578.jpg 768w, https:\/\/www.radiopiu.net\/wordpress\/wp-content\/uploads\/2024\/05\/attivamente-agordino-2023-2024-adulti-1024x771-1.jpg 1024w\" sizes=\"auto, (max-width: 300px) 100vw, 300px\" \/><\/a>\n\t\t\t\t<\/dt><\/dl><dl class='gallery-item'>\n\t\t\t\t<dt class='gallery-icon landscape'>\n\t\t\t\t\t<a class=\"rollover rollover-zoom dt-pswp-item\" title=\"4a29434f-c684-4bb7-8026-b26efdb15474\" data-dt-img-description=\"\" data-large_image_width=\"1600\" data-large_image_height=\"1534\"href='https:\/\/www.radiopiu.net\/wordpress\/wp-content\/uploads\/2024\/05\/4a29434f-c684-4bb7-8026-b26efdb15474.jpg'><img loading=\"lazy\" decoding=\"async\" width=\"300\" height=\"288\" src=\"https:\/\/www.radiopiu.net\/wordpress\/wp-content\/uploads\/2024\/05\/4a29434f-c684-4bb7-8026-b26efdb15474-300x288.jpg\" class=\"attachment-medium size-medium\" alt=\"\" srcset=\"https:\/\/www.radiopiu.net\/wordpress\/wp-content\/uploads\/2024\/05\/4a29434f-c684-4bb7-8026-b26efdb15474-300x288.jpg 300w, https:\/\/www.radiopiu.net\/wordpress\/wp-content\/uploads\/2024\/05\/4a29434f-c684-4bb7-8026-b26efdb15474-1024x982.jpg 1024w, https:\/\/www.radiopiu.net\/wordpress\/wp-content\/uploads\/2024\/05\/4a29434f-c684-4bb7-8026-b26efdb15474-768x736.jpg 768w, https:\/\/www.radiopiu.net\/wordpress\/wp-content\/uploads\/2024\/05\/4a29434f-c684-4bb7-8026-b26efdb15474-1536x1473.jpg 1536w, https:\/\/www.radiopiu.net\/wordpress\/wp-content\/uploads\/2024\/05\/4a29434f-c684-4bb7-8026-b26efdb15474.jpg 1600w\" sizes=\"auto, (max-width: 300px) 100vw, 300px\" \/><\/a>\n\t\t\t\t<\/dt><\/dl><dl class='gallery-item'>\n\t\t\t\t<dt class='gallery-icon landscape'>\n\t\t\t\t\t<a class=\"rollover rollover-zoom dt-pswp-item\" title=\"dcbcd013-0a83-449a-9d56-0b2232ad9709\" data-dt-img-description=\"\" data-large_image_width=\"1304\" data-large_image_height=\"941\"href='https:\/\/www.radiopiu.net\/wordpress\/wp-content\/uploads\/2024\/05\/dcbcd013-0a83-449a-9d56-0b2232ad9709.jpg'><img loading=\"lazy\" decoding=\"async\" width=\"300\" height=\"216\" src=\"https:\/\/www.radiopiu.net\/wordpress\/wp-content\/uploads\/2024\/05\/dcbcd013-0a83-449a-9d56-0b2232ad9709-300x216.jpg\" class=\"attachment-medium size-medium\" alt=\"\" srcset=\"https:\/\/www.radiopiu.net\/wordpress\/wp-content\/uploads\/2024\/05\/dcbcd013-0a83-449a-9d56-0b2232ad9709-300x216.jpg 300w, https:\/\/www.radiopiu.net\/wordpress\/wp-content\/uploads\/2024\/05\/dcbcd013-0a83-449a-9d56-0b2232ad9709-1024x739.jpg 1024w, https:\/\/www.radiopiu.net\/wordpress\/wp-content\/uploads\/2024\/05\/dcbcd013-0a83-449a-9d56-0b2232ad9709-768x554.jpg 768w, https:\/\/www.radiopiu.net\/wordpress\/wp-content\/uploads\/2024\/05\/dcbcd013-0a83-449a-9d56-0b2232ad9709.jpg 1304w\" sizes=\"auto, (max-width: 300px) 100vw, 300px\" \/><\/a>\n\t\t\t\t<\/dt><\/dl><br style=\"clear: both\" \/>\n\t\t\t<\/div>\n\n<p><span style=\"color: #0000ff;\"><strong>MOUNTAIN BIKE<\/strong><\/span><\/p>\n<blockquote>\n<h3>ALVARO DAL FARRA PROVA IL CIRCUITO DI ALPAGO BIKE FUNTASTIC<\/h3>\n<\/blockquote>\n<p><a class=\"dt-pswp-item\" href=\"https:\/\/www.radiopiu.net\/wordpress\/wp-content\/uploads\/2024\/05\/alvaro-dal-farra_alpago_bike_funtastic_2024_\u00a9ariondoschiocchet.jpg\" data-dt-img-description=\"\" data-large_image_width=\"2000\" data-large_image_height=\"1333\"><img loading=\"lazy\" decoding=\"async\" class=\" wp-image-391518 alignleft\" src=\"https:\/\/www.radiopiu.net\/wordpress\/wp-content\/uploads\/2024\/05\/alvaro-dal-farra_alpago_bike_funtastic_2024_\u00a9ariondoschiocchet-300x200.jpg\" alt=\"\" width=\"152\" height=\"101\" srcset=\"https:\/\/www.radiopiu.net\/wordpress\/wp-content\/uploads\/2024\/05\/alvaro-dal-farra_alpago_bike_funtastic_2024_\u00a9ariondoschiocchet-300x200.jpg 300w, https:\/\/www.radiopiu.net\/wordpress\/wp-content\/uploads\/2024\/05\/alvaro-dal-farra_alpago_bike_funtastic_2024_\u00a9ariondoschiocchet-1024x682.jpg 1024w, https:\/\/www.radiopiu.net\/wordpress\/wp-content\/uploads\/2024\/05\/alvaro-dal-farra_alpago_bike_funtastic_2024_\u00a9ariondoschiocchet-768x512.jpg 768w, https:\/\/www.radiopiu.net\/wordpress\/wp-content\/uploads\/2024\/05\/alvaro-dal-farra_alpago_bike_funtastic_2024_\u00a9ariondoschiocchet-1536x1024.jpg 1536w, https:\/\/www.radiopiu.net\/wordpress\/wp-content\/uploads\/2024\/05\/alvaro-dal-farra_alpago_bike_funtastic_2024_\u00a9ariondoschiocchet.jpg 2000w\" sizes=\"auto, (max-width: 152px) 100vw, 152px\" \/><\/a>Alvaro Dal Farra, ex pilota di freestyle motocross, ha testato il percorso di Alpago Bike Funtastic a Lamosano di Chies d\u2019Alpago, che ospiter\u00e0 dal 28 al 30 giugno il campionato italiano Team Relay, la finale delle Internazionali d\u2019Italia Series e una gara nazionale giovanile. Il percorso, lungo 3,5 km con 150 metri di dislivello, \u00e8 tecnico e divertente, adatto sia ai biker d\u2019\u00e9lite che agli amatori. Dal Farra ha realizzato clip promozionali e ha incontrato gli alunni delle elementari per parlare di mountain bike e motivazione. Ha inoltre incontrato i volontari, essenziali per l&#8217;evento, elogiati da Paolo Zanon, presidente della Societ\u00e0 ciclistica Chies, che ha sottolineato l\u2019importanza dell\u2019evento per promuovere l&#8217;Alpago.<\/p>\n<p>&nbsp;<\/p>\n<p><span style=\"color: #0000ff;\"><strong>SPORT PARALIMPICI<\/strong><\/span><\/p>\n<blockquote>\n<h3>LO SPORT \u00c8 INCLUSIONE: DUE ALUNNI DELL\u2019IIS \u201cCATULLO\u201d ALLE FINALI NAZIONALI PARALIMPICHE DI ATLETICA LEGGERA<\/h3>\n<\/blockquote>\n<p><a class=\"dt-pswp-item\" href=\"https:\/\/www.radiopiu.net\/wordpress\/wp-content\/uploads\/2024\/05\/Foto-alunna.jpeg\" data-dt-img-description=\"\" data-large_image_width=\"288\" data-large_image_height=\"640\"><img loading=\"lazy\" decoding=\"async\" class=\" wp-image-391532 alignleft\" src=\"https:\/\/www.radiopiu.net\/wordpress\/wp-content\/uploads\/2024\/05\/Foto-alunna-135x300.jpeg\" alt=\"\" width=\"63\" height=\"140\" srcset=\"https:\/\/www.radiopiu.net\/wordpress\/wp-content\/uploads\/2024\/05\/Foto-alunna-135x300.jpeg 135w, https:\/\/www.radiopiu.net\/wordpress\/wp-content\/uploads\/2024\/05\/Foto-alunna.jpeg 288w\" sizes=\"auto, (max-width: 63px) 100vw, 63px\" \/><\/a>Dopo aver superato la fase provinciale dei Giochi sportivi studenteschi di atletica leggera a Belluno il 24 aprile, gli alunni Giorgia Vignato e Endrit Ponik delle prime classi del professionale hanno partecipato alla fase regionale a Verona il 7 maggio, nelle specialit\u00e0 di getto del peso e salto in lungo. I due atleti hanno vinto anche questa sfida, qualificandosi per le Fasi Nazionali delle Competizioni Sportive Scolastiche Paralimpiche di atletica leggera, che si terranno dal 27 al 31 maggio a Pescara. Giorgia, accompagnata dalla professoressa Sonia Matten, ha ricevuto il kit di abbigliamento della rappresentativa veneta dal provveditorato, alla presenza della coordinatrice provinciale di educazione fisica, professoressa Cristina Sattin. Giorgia si \u00e8 detta felice ed emozionata per la gara imminente. Gli alunni e i docenti dell&#8217;IIS &#8220;Catullo&#8221; sono orgogliosi dei risultati ottenuti grazie all&#8217;impegno, abilit\u00e0 e tenacia degli studenti.<\/p>\n<p>&nbsp;<\/p>\n<hr \/>\n<p>&nbsp;<\/p>\n<h2><span style=\"color: #00ccff;\">GOODBYE BY BICICLE&#8230;UN VIAGGIO DALL&#8217;INDIA A SEREN DEL GRAPPA IN BICICLETTA<\/span><\/h2>\n<p><span style=\"color: #ff0000;\"><strong>PUNTATA 14 &#8211; GLI ULTIMI ISTANTI IN INDIA ED ORA IN TERRITORIO NEPALESE<\/strong><\/span><\/p>\n<audio class=\"wp-audio-shortcode\" id=\"audio-391435-16\" preload=\"none\" style=\"width: 100%;\" controls=\"controls\"><source type=\"audio\/mpeg\" src=\"https:\/\/www.radiopiu.net\/wordpress\/wp-content\/uploads\/2024\/05\/AIRE-INDIA-PUNTATA-14.mp3?_=16\" \/><a href=\"https:\/\/www.radiopiu.net\/wordpress\/wp-content\/uploads\/2024\/05\/AIRE-INDIA-PUNTATA-14.mp3\">https:\/\/www.radiopiu.net\/wordpress\/wp-content\/uploads\/2024\/05\/AIRE-INDIA-PUNTATA-14.mp3<\/a><\/audio>\n<p>&nbsp;<\/p>\n<p><strong>PER VISITARE I SITI DEI LUOGHI VISITATI, CLICCA SULLE SEGUENTI SCRITTE: <span style=\"color: #3366ff;\"><a href=\"https:\/\/www.ndns.in\/\">NEW DELHI NATURE SOCIETY<\/a>\u00a0 \u00a0<a href=\"https:\/\/nafan.org\/\">NATIONAL FORUM FOR AVOCACY NEPAL<\/a>\u00a0 \u00a0<a href=\"https:\/\/dpsrudrapur.com\/\">DHELI PUBBLIC SCHOOL<\/a><\/span><\/strong><\/p>\n<p>&nbsp;<\/p>\n\n\t\t\t<style type='text\/css'>\n\t\t\t\t#gallery-9 {\n\t\t\t\t\tmargin: auto;\n\t\t\t\t}\n\t\t\t\t#gallery-9 .gallery-item {\n\t\t\t\t\tfloat: left;\n\t\t\t\t\tmargin-top: 10px;\n\t\t\t\t\ttext-align: center;\n\t\t\t\t\twidth: 25%;\n\t\t\t\t}\n\t\t\t\t#gallery-9 img {\n\t\t\t\t\tborder: 2px solid #cfcfcf;\n\t\t\t\t}\n\t\t\t\t#gallery-9 .gallery-caption {\n\t\t\t\t\tmargin-left: 0;\n\t\t\t\t}\n\t\t\t\t\/* see gallery_shortcode() in wp-includes\/media.php *\/\n\t\t\t<\/style>\n\t\t<div id='gallery-9' class='dt-gallery-container gallery galleryid-391435 gallery-columns-4 gallery-size-thumbnail'><dl class='gallery-item'>\n\t\t\t\t<dt class='gallery-icon landscape'>\n\t\t\t\t\t<a class=\"rollover rollover-zoom dt-pswp-item\" title=\"17833395-bac9-466c-82c9-42630a52232e\" data-dt-img-description=\"\" data-large_image_width=\"1600\" data-large_image_height=\"1200\"href='https:\/\/www.radiopiu.net\/wordpress\/wp-content\/uploads\/2024\/05\/17833395-bac9-466c-82c9-42630a52232e.jpg'><img loading=\"lazy\" decoding=\"async\" width=\"150\" height=\"150\" src=\"https:\/\/www.radiopiu.net\/wordpress\/wp-content\/uploads\/2024\/05\/17833395-bac9-466c-82c9-42630a52232e-150x150.jpg\" class=\"attachment-thumbnail size-thumbnail\" alt=\"\" \/><\/a>\n\t\t\t\t<\/dt><\/dl><dl class='gallery-item'>\n\t\t\t\t<dt class='gallery-icon landscape'>\n\t\t\t\t\t<a class=\"rollover rollover-zoom dt-pswp-item\" title=\"10c29cc3-fda1-41f2-9a3f-d1122bc30709\" data-dt-img-description=\"\" data-large_image_width=\"1600\" data-large_image_height=\"1200\"href='https:\/\/www.radiopiu.net\/wordpress\/wp-content\/uploads\/2024\/05\/10c29cc3-fda1-41f2-9a3f-d1122bc30709.jpg'><img loading=\"lazy\" decoding=\"async\" width=\"150\" height=\"150\" src=\"https:\/\/www.radiopiu.net\/wordpress\/wp-content\/uploads\/2024\/05\/10c29cc3-fda1-41f2-9a3f-d1122bc30709-150x150.jpg\" class=\"attachment-thumbnail size-thumbnail\" alt=\"\" \/><\/a>\n\t\t\t\t<\/dt><\/dl><dl class='gallery-item'>\n\t\t\t\t<dt class='gallery-icon landscape'>\n\t\t\t\t\t<a class=\"rollover rollover-zoom dt-pswp-item\" title=\"8cbf6512-435c-483e-a67c-68692bae6769\" data-dt-img-description=\"\" data-large_image_width=\"1600\" data-large_image_height=\"900\"href='https:\/\/www.radiopiu.net\/wordpress\/wp-content\/uploads\/2024\/05\/8cbf6512-435c-483e-a67c-68692bae6769.jpg'><img loading=\"lazy\" decoding=\"async\" width=\"150\" height=\"150\" src=\"https:\/\/www.radiopiu.net\/wordpress\/wp-content\/uploads\/2024\/05\/8cbf6512-435c-483e-a67c-68692bae6769-150x150.jpg\" class=\"attachment-thumbnail size-thumbnail\" alt=\"\" \/><\/a>\n\t\t\t\t<\/dt><\/dl><dl class='gallery-item'>\n\t\t\t\t<dt class='gallery-icon portrait'>\n\t\t\t\t\t<a class=\"rollover rollover-zoom dt-pswp-item\" title=\"4e17669f-281f-4548-99d3-bb8eb6851b67\" data-dt-img-description=\"\" data-large_image_width=\"1200\" data-large_image_height=\"1600\"href='https:\/\/www.radiopiu.net\/wordpress\/wp-content\/uploads\/2024\/05\/4e17669f-281f-4548-99d3-bb8eb6851b67.jpg'><img loading=\"lazy\" decoding=\"async\" width=\"150\" height=\"150\" src=\"https:\/\/www.radiopiu.net\/wordpress\/wp-content\/uploads\/2024\/05\/4e17669f-281f-4548-99d3-bb8eb6851b67-150x150.jpg\" class=\"attachment-thumbnail size-thumbnail\" alt=\"\" \/><\/a>\n\t\t\t\t<\/dt><\/dl><br style=\"clear: both\" \/>\n\t\t\t<\/div>\n\n<p>&nbsp;<\/p>\n<p>&nbsp;<\/p>\n<p>&nbsp;<\/p>\n","protected":false},"excerpt":{"rendered":"<p>***** PER RICEVERE QUESTO NOTIZIARIO DIRETTAMENTE SUL TUO CELLULARE ISCRIVITI AL CANALE TELEGRAM \u201cRADIO PIU\u00a0 INFORMAZIONE&#8221;\u00a0 \u00a0il CANALE TELEGRAM&#8230; UNISCITI A: RADIO PIU INFORMAZIONE &nbsp; &nbsp; ATTENZIONE: LA NUOVA APP PER IOS-IPHONE di Nicola Vettorello https:\/\/apps.apple.com\/it\/app\/radio-pi%C3%B9-emittente-agordina\/id1515939845 ATTENZIONE: LA NUOVA APP RADIO\u00a0 PER ANDROID di Nicola Vettorello https:\/\/play.google.com\/store\/apps\/details?id=net.radiopiu.iniko\u00a0\u00a0 &nbsp; &nbsp; &nbsp; OGGI ALLA RADIO: ALLE 6.45&hellip;<\/p>\n","protected":false},"author":4,"featured_media":391571,"comment_status":"closed","ping_status":"closed","sticky":false,"template":"","format":"standard","meta":{"_monsterinsights_skip_tracking":false,"_monsterinsights_sitenote_active":false,"_monsterinsights_sitenote_note":"","_monsterinsights_sitenote_category":0,"footnotes":""},"categories":[51,86,49],"tags":[],"class_list":["post-391435","post","type-post","status-publish","format-standard","has-post-thumbnail","hentry","category-evidenza-top","category-gr","category-news-18","category-51","category-86","category-49","description-off"],"img_url":"https:\/\/www.radiopiu.net\/wordpress\/wp-content\/uploads\/2024\/05\/2023f016-5437-4eae-a3d9-882b8ddc7c67.jpg","_links":{"self":[{"href":"https:\/\/www.radiopiu.net\/wordpress\/wp-json\/wp\/v2\/posts\/391435","targetHints":{"allow":["GET"]}}],"collection":[{"href":"https:\/\/www.radiopiu.net\/wordpress\/wp-json\/wp\/v2\/posts"}],"about":[{"href":"https:\/\/www.radiopiu.net\/wordpress\/wp-json\/wp\/v2\/types\/post"}],"author":[{"embeddable":true,"href":"https:\/\/www.radiopiu.net\/wordpress\/wp-json\/wp\/v2\/users\/4"}],"replies":[{"embeddable":true,"href":"https:\/\/www.radiopiu.net\/wordpress\/wp-json\/wp\/v2\/comments?post=391435"}],"version-history":[{"count":0,"href":"https:\/\/www.radiopiu.net\/wordpress\/wp-json\/wp\/v2\/posts\/391435\/revisions"}],"wp:featuredmedia":[{"embeddable":true,"href":"https:\/\/www.radiopiu.net\/wordpress\/wp-json\/wp\/v2\/media\/391571"}],"wp:attachment":[{"href":"https:\/\/www.radiopiu.net\/wordpress\/wp-json\/wp\/v2\/media?parent=391435"}],"wp:term":[{"taxonomy":"category","embeddable":true,"href":"https:\/\/www.radiopiu.net\/wordpress\/wp-json\/wp\/v2\/categories?post=391435"},{"taxonomy":"post_tag","embeddable":true,"href":"https:\/\/www.radiopiu.net\/wordpress\/wp-json\/wp\/v2\/tags?post=391435"}],"curies":[{"name":"wp","href":"https:\/\/api.w.org\/{rel}","templated":true}]}}