{"id":391546,"date":"2024-05-24T05:26:05","date_gmt":"2024-05-24T03:26:05","guid":{"rendered":"https:\/\/www.radiopiu.net\/wordpress\/?p=391546"},"modified":"2024-05-24T05:54:30","modified_gmt":"2024-05-24T03:54:30","slug":"falco-sul-fedaia-per-il-ciclista-sullasfalto","status":"publish","type":"post","link":"https:\/\/www.radiopiu.net\/wordpress\/falco-sul-fedaia-per-il-ciclista-sullasfalto\/","title":{"rendered":"FALCO SUL FEDAIA PER IL CICLISTA SULL&#8217;ASFALTO"},"content":{"rendered":"<p>***<\/p>\n<p>&nbsp;<\/p>\n<p><strong>ROCCA PIETORE<\/strong> Una curva affrontata in scioltezza, fin troppa perch\u00e9 la ruota anteriore \u00e8 scivolata via, e la meteo sicuramente non ha aiutato. Il ciclista tedesco settantenne \u00e8 piombato sull&#8217;asfalto. Per rialzarlo \u00e8 intervenuto il personale sanitario che ha provveduto al trasporto in elicottero fino al San Martino di Belluno dove l&#8217;uomo \u00e8 stato ospedalizzato con un codice di media gravit\u00e0.<\/p>\n<p>foto archivio<\/p>\n<p>__<\/p>\n","protected":false},"excerpt":{"rendered":"<p>*** &nbsp; ROCCA PIETORE Una curva affrontata in scioltezza, fin troppa perch\u00e9 la ruota anteriore \u00e8 scivolata via, e la meteo sicuramente non ha aiutato. Il ciclista tedesco settantenne \u00e8 piombato sull&#8217;asfalto. Per rialzarlo \u00e8 intervenuto il personale sanitario che ha provveduto al trasporto in elicottero fino al San Martino di Belluno dove l&#8217;uomo \u00e8&hellip;<\/p>\n","protected":false},"author":4,"featured_media":335506,"comment_status":"closed","ping_status":"closed","sticky":false,"template":"","format":"standard","meta":{"_monsterinsights_skip_tracking":false,"_monsterinsights_sitenote_active":false,"_monsterinsights_sitenote_note":"","_monsterinsights_sitenote_category":0,"footnotes":""},"categories":[51,49],"tags":[],"class_list":["post-391546","post","type-post","status-publish","format-standard","has-post-thumbnail","hentry","category-evidenza-top","category-news-18","category-51","category-49","description-off"],"img_url":"https:\/\/www.radiopiu.net\/wordpress\/wp-content\/uploads\/2023\/05\/cam110.jpg","_links":{"self":[{"href":"https:\/\/www.radiopiu.net\/wordpress\/wp-json\/wp\/v2\/posts\/391546","targetHints":{"allow":["GET"]}}],"collection":[{"href":"https:\/\/www.radiopiu.net\/wordpress\/wp-json\/wp\/v2\/posts"}],"about":[{"href":"https:\/\/www.radiopiu.net\/wordpress\/wp-json\/wp\/v2\/types\/post"}],"author":[{"embeddable":true,"href":"https:\/\/www.radiopiu.net\/wordpress\/wp-json\/wp\/v2\/users\/4"}],"replies":[{"embeddable":true,"href":"https:\/\/www.radiopiu.net\/wordpress\/wp-json\/wp\/v2\/comments?post=391546"}],"version-history":[{"count":0,"href":"https:\/\/www.radiopiu.net\/wordpress\/wp-json\/wp\/v2\/posts\/391546\/revisions"}],"wp:featuredmedia":[{"embeddable":true,"href":"https:\/\/www.radiopiu.net\/wordpress\/wp-json\/wp\/v2\/media\/335506"}],"wp:attachment":[{"href":"https:\/\/www.radiopiu.net\/wordpress\/wp-json\/wp\/v2\/media?parent=391546"}],"wp:term":[{"taxonomy":"category","embeddable":true,"href":"https:\/\/www.radiopiu.net\/wordpress\/wp-json\/wp\/v2\/categories?post=391546"},{"taxonomy":"post_tag","embeddable":true,"href":"https:\/\/www.radiopiu.net\/wordpress\/wp-json\/wp\/v2\/tags?post=391546"}],"curies":[{"name":"wp","href":"https:\/\/api.w.org\/{rel}","templated":true}]}}