{"id":391643,"date":"2024-05-25T05:44:01","date_gmt":"2024-05-25T03:44:01","guid":{"rendered":"https:\/\/www.radiopiu.net\/wordpress\/?p=391643"},"modified":"2024-05-25T06:02:42","modified_gmt":"2024-05-25T04:02:42","slug":"aperte-le-iscrizioni-al-concorso-letterario-el-bon-de-lansuda-2024","status":"publish","type":"post","link":"https:\/\/www.radiopiu.net\/wordpress\/aperte-le-iscrizioni-al-concorso-letterario-el-bon-de-lansuda-2024\/","title":{"rendered":"APERTE LE ISCRIZIONI AL CONCORSO LETTERARIO EL BON DE L&#8217;ANSUDA 2024"},"content":{"rendered":"<p>*****<\/p>\n<p>&nbsp;<\/p>\n<p><strong><a class=\"dt-pswp-item\" href=\"https:\/\/www.radiopiu.net\/wordpress\/wp-content\/uploads\/2024\/05\/25ae05cb-ebc0-458f-ba62-d1b38063b096.jpg\" data-dt-img-description=\"\" data-large_image_width=\"1600\" data-large_image_height=\"1600\"><img loading=\"lazy\" decoding=\"async\" class=\" wp-image-391644 alignleft\" src=\"https:\/\/www.radiopiu.net\/wordpress\/wp-content\/uploads\/2024\/05\/25ae05cb-ebc0-458f-ba62-d1b38063b096-300x300.jpg\" alt=\"\" width=\"138\" height=\"138\" srcset=\"https:\/\/www.radiopiu.net\/wordpress\/wp-content\/uploads\/2024\/05\/25ae05cb-ebc0-458f-ba62-d1b38063b096-300x300.jpg 300w, https:\/\/www.radiopiu.net\/wordpress\/wp-content\/uploads\/2024\/05\/25ae05cb-ebc0-458f-ba62-d1b38063b096-1024x1024.jpg 1024w, https:\/\/www.radiopiu.net\/wordpress\/wp-content\/uploads\/2024\/05\/25ae05cb-ebc0-458f-ba62-d1b38063b096-150x150.jpg 150w, https:\/\/www.radiopiu.net\/wordpress\/wp-content\/uploads\/2024\/05\/25ae05cb-ebc0-458f-ba62-d1b38063b096-768x768.jpg 768w, https:\/\/www.radiopiu.net\/wordpress\/wp-content\/uploads\/2024\/05\/25ae05cb-ebc0-458f-ba62-d1b38063b096-1536x1536.jpg 1536w, https:\/\/www.radiopiu.net\/wordpress\/wp-content\/uploads\/2024\/05\/25ae05cb-ebc0-458f-ba62-d1b38063b096.jpg 1600w\" sizes=\"auto, (max-width: 138px) 100vw, 138px\" \/><\/a>FALCADE <\/strong>Il Concorso letterario &#8220;EL BON DE L&#8217;ANSUDA&#8221; 2024 \u00e8 aperto ad autori italiani e stranieri per racconti inediti in lingua italiana, con il tema &#8220;La Primavera e il legno&#8221;. Sono previste tre categorie: &#8220;El Bon De l&#8217;Ansuda POP&#8221; per bambini fino a 13 anni; &#8220;El Bon de l&#8217;Ansuda DOVEGN&#8221; per ragazzi dai 14 ai 18 anni; &#8220;El Bon de l&#8217;Ansuda MADUR&#8221; per adulti dai 19 anni in su. I racconti, lunghi massimo 16.000 battute con una tolleranza del 10%, devono essere inviati in formato .pdf all&#8217;indirizzo <a target=\"_new\" rel=\"noreferrer noopener\">concorso.bonansuda@gmail.com<\/a> entro il 7 giugno 2024. Il file non deve contenere dati personali, che invece vanno inclusi nel corpo dell&#8217;e-mail insieme a una dichiarazione di inedicit\u00e0 dell&#8217;opera. Per i minorenni \u00e8 necessaria la firma di un genitore. Una giuria selezioner\u00e0 un vincitore per categoria, con valutazioni insindacabili. Partecipare al concorso implica l&#8217;autorizzazione alla pubblicazione del racconto e all&#8217;uso dei dati personali per comunicazioni relative al concorso. Gli autori rinunciano a qualsiasi pretesa economica sui profitti derivanti dalle vendite delle opere pubblicate. La premiazione si terr\u00e0 il 16 giugno 2024 alle 17:00 presso l&#8217;info point dell&#8217;evento.<\/p>\n<p>&nbsp;<\/p>\n<p>&nbsp;<\/p>\n<p>*******<\/p>\n","protected":false},"excerpt":{"rendered":"<p>***** &nbsp; FALCADE Il Concorso letterario &#8220;EL BON DE L&#8217;ANSUDA&#8221; 2024 \u00e8 aperto ad autori italiani e stranieri per racconti inediti in lingua italiana, con il tema &#8220;La Primavera e il legno&#8221;. Sono previste tre categorie: &#8220;El Bon De l&#8217;Ansuda POP&#8221; per bambini fino a 13 anni; &#8220;El Bon de l&#8217;Ansuda DOVEGN&#8221; per ragazzi dai&hellip;<\/p>\n","protected":false},"author":4,"featured_media":391644,"comment_status":"closed","ping_status":"closed","sticky":false,"template":"","format":"standard","meta":{"_monsterinsights_skip_tracking":false,"_monsterinsights_sitenote_active":false,"_monsterinsights_sitenote_note":"","_monsterinsights_sitenote_category":0,"footnotes":""},"categories":[51,49],"tags":[],"class_list":["post-391643","post","type-post","status-publish","format-standard","has-post-thumbnail","hentry","category-evidenza-top","category-news-18","category-51","category-49","description-off"],"img_url":"https:\/\/www.radiopiu.net\/wordpress\/wp-content\/uploads\/2024\/05\/25ae05cb-ebc0-458f-ba62-d1b38063b096.jpg","_links":{"self":[{"href":"https:\/\/www.radiopiu.net\/wordpress\/wp-json\/wp\/v2\/posts\/391643","targetHints":{"allow":["GET"]}}],"collection":[{"href":"https:\/\/www.radiopiu.net\/wordpress\/wp-json\/wp\/v2\/posts"}],"about":[{"href":"https:\/\/www.radiopiu.net\/wordpress\/wp-json\/wp\/v2\/types\/post"}],"author":[{"embeddable":true,"href":"https:\/\/www.radiopiu.net\/wordpress\/wp-json\/wp\/v2\/users\/4"}],"replies":[{"embeddable":true,"href":"https:\/\/www.radiopiu.net\/wordpress\/wp-json\/wp\/v2\/comments?post=391643"}],"version-history":[{"count":0,"href":"https:\/\/www.radiopiu.net\/wordpress\/wp-json\/wp\/v2\/posts\/391643\/revisions"}],"wp:featuredmedia":[{"embeddable":true,"href":"https:\/\/www.radiopiu.net\/wordpress\/wp-json\/wp\/v2\/media\/391644"}],"wp:attachment":[{"href":"https:\/\/www.radiopiu.net\/wordpress\/wp-json\/wp\/v2\/media?parent=391643"}],"wp:term":[{"taxonomy":"category","embeddable":true,"href":"https:\/\/www.radiopiu.net\/wordpress\/wp-json\/wp\/v2\/categories?post=391643"},{"taxonomy":"post_tag","embeddable":true,"href":"https:\/\/www.radiopiu.net\/wordpress\/wp-json\/wp\/v2\/tags?post=391643"}],"curies":[{"name":"wp","href":"https:\/\/api.w.org\/{rel}","templated":true}]}}