{"id":391669,"date":"2024-05-24T12:48:49","date_gmt":"2024-05-24T10:48:49","guid":{"rendered":"https:\/\/www.radiopiu.net\/wordpress\/?p=391669"},"modified":"2024-05-24T12:49:09","modified_gmt":"2024-05-24T10:49:09","slug":"sr-203-agordina-mercoledi-e-giovedi-senso-unico-alternato-in-galleria-dei-castei","status":"publish","type":"post","link":"https:\/\/www.radiopiu.net\/wordpress\/sr-203-agordina-mercoledi-e-giovedi-senso-unico-alternato-in-galleria-dei-castei\/","title":{"rendered":"SR 203 AGORDINA: MERCOLEDI&#8217; E GIOVEDI&#8217; SENSO UNICO ALTERNATO IN GALLERIA DEI CASTEI"},"content":{"rendered":"<p>*****<\/p>\n<p>&nbsp;<\/p>\n<p><strong>REDAZIONE<\/strong> Veneto Strade comunica che nelle giornate di mercoled\u00ec e gioved\u00ec (29 e 30 maggio) dalle 8:30 alle 18:30 in Galleria dei Castei sulla SR 203 Agordina verr\u00e0 istituito un senso unico alternato regolato da impianto semaforico o movieri per consentire delle indagini diagnostiche.<\/p>\n<p>&nbsp;<\/p>\n<p>&nbsp;<\/p>\n<p>********<\/p>\n","protected":false},"excerpt":{"rendered":"<p>***** &nbsp; REDAZIONE Veneto Strade comunica che nelle giornate di mercoled\u00ec e gioved\u00ec (29 e 30 maggio) dalle 8:30 alle 18:30 in Galleria dei Castei sulla SR 203 Agordina verr\u00e0 istituito un senso unico alternato regolato da impianto semaforico o movieri per consentire delle indagini diagnostiche. &nbsp; &nbsp; ********<\/p>\n","protected":false},"author":4,"featured_media":261091,"comment_status":"closed","ping_status":"closed","sticky":false,"template":"","format":"standard","meta":{"_monsterinsights_skip_tracking":false,"_monsterinsights_sitenote_active":false,"_monsterinsights_sitenote_note":"","_monsterinsights_sitenote_category":0,"footnotes":""},"categories":[49],"tags":[],"class_list":["post-391669","post","type-post","status-publish","format-standard","has-post-thumbnail","hentry","category-news-18","category-49","description-off"],"img_url":"https:\/\/www.radiopiu.net\/wordpress\/wp-content\/uploads\/2022\/02\/castei.jpeg","_links":{"self":[{"href":"https:\/\/www.radiopiu.net\/wordpress\/wp-json\/wp\/v2\/posts\/391669","targetHints":{"allow":["GET"]}}],"collection":[{"href":"https:\/\/www.radiopiu.net\/wordpress\/wp-json\/wp\/v2\/posts"}],"about":[{"href":"https:\/\/www.radiopiu.net\/wordpress\/wp-json\/wp\/v2\/types\/post"}],"author":[{"embeddable":true,"href":"https:\/\/www.radiopiu.net\/wordpress\/wp-json\/wp\/v2\/users\/4"}],"replies":[{"embeddable":true,"href":"https:\/\/www.radiopiu.net\/wordpress\/wp-json\/wp\/v2\/comments?post=391669"}],"version-history":[{"count":0,"href":"https:\/\/www.radiopiu.net\/wordpress\/wp-json\/wp\/v2\/posts\/391669\/revisions"}],"wp:featuredmedia":[{"embeddable":true,"href":"https:\/\/www.radiopiu.net\/wordpress\/wp-json\/wp\/v2\/media\/261091"}],"wp:attachment":[{"href":"https:\/\/www.radiopiu.net\/wordpress\/wp-json\/wp\/v2\/media?parent=391669"}],"wp:term":[{"taxonomy":"category","embeddable":true,"href":"https:\/\/www.radiopiu.net\/wordpress\/wp-json\/wp\/v2\/categories?post=391669"},{"taxonomy":"post_tag","embeddable":true,"href":"https:\/\/www.radiopiu.net\/wordpress\/wp-json\/wp\/v2\/tags?post=391669"}],"curies":[{"name":"wp","href":"https:\/\/api.w.org\/{rel}","templated":true}]}}