{"id":391692,"date":"2024-05-24T18:10:26","date_gmt":"2024-05-24T16:10:26","guid":{"rendered":"https:\/\/www.radiopiu.net\/wordpress\/?p=391692"},"modified":"2024-05-25T18:34:10","modified_gmt":"2024-05-25T16:34:10","slug":"chiusura-della-strada-al-bivio-di-rucava","status":"publish","type":"post","link":"https:\/\/www.radiopiu.net\/wordpress\/chiusura-della-strada-al-bivio-di-rucava\/","title":{"rendered":"CHIUSURA DELLA STRADA AL BIVIO DI RUCAVA&#8217;"},"content":{"rendered":"<p>***<\/p>\n<p>&nbsp;<\/p>\n<p><strong>REDAZIONE<\/strong> Da oggi al 28 giugno la 251 della Val di Zoldo e Cellina sar\u00e0 chiusa tra il bivio Rucav\u00e0 e il bivio di Colcuc per i lavori di mitigazione del rischio di caduta sassi. Escluso sabato e domenica<\/p>\n<p>&nbsp;<\/p>\n<p>\u00e7____<\/p>\n","protected":false},"excerpt":{"rendered":"<p>*** &nbsp; REDAZIONE Da oggi al 28 giugno la 251 della Val di Zoldo e Cellina sar\u00e0 chiusa tra il bivio Rucav\u00e0 e il bivio di Colcuc per i lavori di mitigazione del rischio di caduta sassi. Escluso sabato e domenica &nbsp; \u00e7____<\/p>\n","protected":false},"author":4,"featured_media":135574,"comment_status":"closed","ping_status":"closed","sticky":false,"template":"","format":"standard","meta":{"_monsterinsights_skip_tracking":false,"_monsterinsights_sitenote_active":false,"_monsterinsights_sitenote_note":"","_monsterinsights_sitenote_category":0,"footnotes":""},"categories":[49],"tags":[],"class_list":["post-391692","post","type-post","status-publish","format-standard","has-post-thumbnail","hentry","category-news-18","category-49","description-off"],"img_url":"https:\/\/www.radiopiu.net\/wordpress\/wp-content\/uploads\/2020\/05\/VENETO-STRADE.png","_links":{"self":[{"href":"https:\/\/www.radiopiu.net\/wordpress\/wp-json\/wp\/v2\/posts\/391692","targetHints":{"allow":["GET"]}}],"collection":[{"href":"https:\/\/www.radiopiu.net\/wordpress\/wp-json\/wp\/v2\/posts"}],"about":[{"href":"https:\/\/www.radiopiu.net\/wordpress\/wp-json\/wp\/v2\/types\/post"}],"author":[{"embeddable":true,"href":"https:\/\/www.radiopiu.net\/wordpress\/wp-json\/wp\/v2\/users\/4"}],"replies":[{"embeddable":true,"href":"https:\/\/www.radiopiu.net\/wordpress\/wp-json\/wp\/v2\/comments?post=391692"}],"version-history":[{"count":0,"href":"https:\/\/www.radiopiu.net\/wordpress\/wp-json\/wp\/v2\/posts\/391692\/revisions"}],"wp:featuredmedia":[{"embeddable":true,"href":"https:\/\/www.radiopiu.net\/wordpress\/wp-json\/wp\/v2\/media\/135574"}],"wp:attachment":[{"href":"https:\/\/www.radiopiu.net\/wordpress\/wp-json\/wp\/v2\/media?parent=391692"}],"wp:term":[{"taxonomy":"category","embeddable":true,"href":"https:\/\/www.radiopiu.net\/wordpress\/wp-json\/wp\/v2\/categories?post=391692"},{"taxonomy":"post_tag","embeddable":true,"href":"https:\/\/www.radiopiu.net\/wordpress\/wp-json\/wp\/v2\/tags?post=391692"}],"curies":[{"name":"wp","href":"https:\/\/api.w.org\/{rel}","templated":true}]}}