{"id":391718,"date":"2024-05-25T05:47:13","date_gmt":"2024-05-25T03:47:13","guid":{"rendered":"https:\/\/www.radiopiu.net\/wordpress\/?p=391718"},"modified":"2024-05-25T06:01:30","modified_gmt":"2024-05-25T04:01:30","slug":"inizio-destate-tra-i-cantieri-dalla-galleria-dei-castei-allalto-agordino","status":"publish","type":"post","link":"https:\/\/www.radiopiu.net\/wordpress\/inizio-destate-tra-i-cantieri-dalla-galleria-dei-castei-allalto-agordino\/","title":{"rendered":"INIZIO D&#8217;ESTATE TRA I CANTIERI,\u00a0 DALLA GALLERIA DEI CASTEI\u00a0 ALL&#8217;ALTO AGORDINO"},"content":{"rendered":"<p>**<\/p>\n<p>&nbsp;<\/p>\n<blockquote>\n<h3><a class=\"dt-pswp-item\" href=\"https:\/\/www.radiopiu.net\/wordpress\/wp-content\/uploads\/2024\/05\/castei-300x197-1.jpg\" data-dt-img-description=\"\" data-large_image_width=\"300\" data-large_image_height=\"197\"><img loading=\"lazy\" decoding=\"async\" class=\" wp-image-391678 alignleft\" src=\"https:\/\/www.radiopiu.net\/wordpress\/wp-content\/uploads\/2024\/05\/castei-300x197-1.jpg\" alt=\"\" width=\"158\" height=\"104\" \/><\/a>SR 203 AGORDINA: MERCOLEDI&#8217; E GIOVEDI&#8217; SENSO UNICO ALTERNATO IN GALLERIA DEI CASTEI<\/h3>\n<\/blockquote>\n<p><strong>REDAZIONE<\/strong> Veneto Strade comunica che nelle giornate di mercoled\u00ec e gioved\u00ec (29 e 30 maggio) dalle 8:30 alle 18:30 in Galleria dei Castei sulla SR 203 Agordina verr\u00e0 istituito un senso unico alternato regolato da impianto semaforico o movieri per consentire delle indagini diagnostiche.<\/p>\n<p>&nbsp;<\/p>\n<p>&nbsp;<\/p>\n<blockquote>\n<h2>PROROGATA DI UN MESE LA RIAPERTURA DALLE 251<\/h2>\n<\/blockquote>\n<p><strong>COLLE SANTA LUCIA\u00a0<\/strong> Fino \u00a0al 28 giugno la 251 della Val di Zoldo e Cellina sar\u00e0 chiusa tra il bivio Rucav\u00e0 e il bivio di Colcuc per i lavori di mitigazione del rischio di caduta sassi. Nei giorni festivi e prefestivi senso unico alternato regolato da semaforo<\/p>\n<p>&nbsp;<\/p>\n<p>&nbsp;<\/p>\n<blockquote>\n<h3 class=\"entry-title\"><a class=\"dt-pswp-item\" href=\"https:\/\/www.radiopiu.net\/wordpress\/wp-content\/uploads\/2023\/11\/road-5089188_640.jpg\" data-dt-img-description=\"\" data-large_image_width=\"640\" data-large_image_height=\"429\"><img loading=\"lazy\" decoding=\"async\" class=\"wp-image-361495 alignleft\" src=\"https:\/\/www.radiopiu.net\/wordpress\/wp-content\/uploads\/2023\/11\/road-5089188_640-300x201.jpg\" alt=\"\" width=\"137\" height=\"92\" srcset=\"https:\/\/www.radiopiu.net\/wordpress\/wp-content\/uploads\/2023\/11\/road-5089188_640-300x201.jpg 300w, https:\/\/www.radiopiu.net\/wordpress\/wp-content\/uploads\/2023\/11\/road-5089188_640.jpg 640w\" sizes=\"auto, (max-width: 137px) 100vw, 137px\" \/><\/a>CHIUSURE DIURNE-FERIALI, SABATO E DOMENICA SEMAFORO<\/h3>\n<p>&nbsp;<\/p><\/blockquote>\n<p><strong>ROCCA PIETORE<\/strong> Dal 6 maggio al 10 giugno chiusura totale della provinciale 563 di Salesei in localit\u00e0 Digonera dalle 7.30 alle 12.30 e dalle 13.30 alle 18, dal lunedi al venerdi. Negli altri orari, h 24 sabato e domenica compresi, senso unico alternato regolato da semaforo<\/p>\n<blockquote>\n<h3><\/h3>\n<h3>CHIUSURE IN VALE DEL BIOIS<\/h3>\n<\/blockquote>\n<p><strong>FALCADE<\/strong> Fino al 14 giugno a Caviola. chiusura temporanea al traffico veicolare dalle 7 alle 18, dal lunedi al venerdi, di via Cime d&#8217;Auta, dall&#8217;intersezione con Piazza XX agosto all&#8217;intersezione con Via Tabiadon di Val. Negli altri orari senso unico alternato.<\/p>\n<p>&nbsp;<\/p>\n<p>__<\/p>\n","protected":false},"excerpt":{"rendered":"<p>** &nbsp; SR 203 AGORDINA: MERCOLEDI&#8217; E GIOVEDI&#8217; SENSO UNICO ALTERNATO IN GALLERIA DEI CASTEI REDAZIONE Veneto Strade comunica che nelle giornate di mercoled\u00ec e gioved\u00ec (29 e 30 maggio) dalle 8:30 alle 18:30 in Galleria dei Castei sulla SR 203 Agordina verr\u00e0 istituito un senso unico alternato regolato da impianto semaforico o movieri per&hellip;<\/p>\n","protected":false},"author":4,"featured_media":351717,"comment_status":"closed","ping_status":"closed","sticky":false,"template":"","format":"standard","meta":{"_monsterinsights_skip_tracking":false,"_monsterinsights_sitenote_active":false,"_monsterinsights_sitenote_note":"","_monsterinsights_sitenote_category":0,"footnotes":""},"categories":[51,49],"tags":[],"class_list":["post-391718","post","type-post","status-publish","format-standard","has-post-thumbnail","hentry","category-evidenza-top","category-news-18","category-51","category-49","description-off"],"img_url":"https:\/\/www.radiopiu.net\/wordpress\/wp-content\/uploads\/2023\/09\/Lavori_in_corso.jpg","_links":{"self":[{"href":"https:\/\/www.radiopiu.net\/wordpress\/wp-json\/wp\/v2\/posts\/391718","targetHints":{"allow":["GET"]}}],"collection":[{"href":"https:\/\/www.radiopiu.net\/wordpress\/wp-json\/wp\/v2\/posts"}],"about":[{"href":"https:\/\/www.radiopiu.net\/wordpress\/wp-json\/wp\/v2\/types\/post"}],"author":[{"embeddable":true,"href":"https:\/\/www.radiopiu.net\/wordpress\/wp-json\/wp\/v2\/users\/4"}],"replies":[{"embeddable":true,"href":"https:\/\/www.radiopiu.net\/wordpress\/wp-json\/wp\/v2\/comments?post=391718"}],"version-history":[{"count":0,"href":"https:\/\/www.radiopiu.net\/wordpress\/wp-json\/wp\/v2\/posts\/391718\/revisions"}],"wp:featuredmedia":[{"embeddable":true,"href":"https:\/\/www.radiopiu.net\/wordpress\/wp-json\/wp\/v2\/media\/351717"}],"wp:attachment":[{"href":"https:\/\/www.radiopiu.net\/wordpress\/wp-json\/wp\/v2\/media?parent=391718"}],"wp:term":[{"taxonomy":"category","embeddable":true,"href":"https:\/\/www.radiopiu.net\/wordpress\/wp-json\/wp\/v2\/categories?post=391718"},{"taxonomy":"post_tag","embeddable":true,"href":"https:\/\/www.radiopiu.net\/wordpress\/wp-json\/wp\/v2\/tags?post=391718"}],"curies":[{"name":"wp","href":"https:\/\/api.w.org\/{rel}","templated":true}]}}