{"id":391728,"date":"2024-05-25T07:55:50","date_gmt":"2024-05-25T05:55:50","guid":{"rendered":"https:\/\/www.radiopiu.net\/wordpress\/?p=391728"},"modified":"2024-05-25T07:59:57","modified_gmt":"2024-05-25T05:59:57","slug":"dal-1983-la-rassegna-stampa-locale-e-radiopiu-alle-otto-del-mattino","status":"publish","type":"post","link":"https:\/\/www.radiopiu.net\/wordpress\/dal-1983-la-rassegna-stampa-locale-e-radiopiu-alle-otto-del-mattino\/","title":{"rendered":"dal 1983 la rassegna stampa locale \u00e8&#8230;.. RADIOPIU alle otto del mattino"},"content":{"rendered":"<p>***<\/p>\n<p><iframe loading=\"lazy\" title=\"DAL 1983 LA RASSEGNA STAMPA LOCALE di mirko mezzacasa. L&#039;ORIGINALE\" width=\"1200\" height=\"675\" src=\"https:\/\/www.youtube.com\/embed\/PTPSlrIepPA?feature=oembed\" frameborder=\"0\" allow=\"accelerometer; autoplay; clipboard-write; encrypted-media; gyroscope; picture-in-picture; web-share\" referrerpolicy=\"strict-origin-when-cross-origin\" allowfullscreen><\/iframe><\/p>\n<p>REDAZIONE Veneto Strade comunica che nelle giornate di mercoled\u00ec e gioved\u00ec (29 e 30 maggio) dalle 8:30 alle 18:30 in Galleria dei Castei sulla SR 203 Agordina verr\u00e0 istituito un senso unico alternato regolato da impianto semaforico o movieri per consentire delle indagini diagnostiche.<br \/>\nCOLLE SANTA LUCIA Fino al 28 giugno la 251 della Val di Zoldo e Cellina sar\u00e0 chiusa tra il bivio Rucav\u00e0 e il bivio di Colcuc per i lavori di mitigazione del rischio di caduta sassi. Nei giorni festivi e prefestivi senso unico alternato regolato da semaforo<br \/>\nBELLUNO-CENCENIGHE Marica Fa\u00e8, in Vescio, dopo una lunga lotta si \u00e8 arresa alla malattia. E\u2019 mancata a soli 55 anni lasciando nel dolore il marito Pino, la figlia Martina, il nipote Francesco, le sorelle Valentina e Sabrina, il fratello Massimiliano. Le esequie avranno luogo oggi alle 15 nella sala di Commiato della Casa Funeraria De Dea Gelisio.<br \/>\nBELLUNO Il Giro d\u2019Italia conferma il Bellunese come terra di sport e grandi eventi. Lorraine Berton, presidente di Confindustria Belluno Dolomiti, celebra l\u2019importanza della manifestazione e il coinvolgimento delle aziende locali<br \/>\nLa tappa di OGGI la Alpago \u2013 Bassano del Grappa, con la doppia scalata del Grappa, promette intensit\u00e0 e una grande partecipazione di pubblico. Il supporto dei tifosi sar\u00e0 cruciale per affrontare le difficili salite della settimana conclusiva.<br \/>\nCORTINA Il Comitato Civico Cortina ha presentato un esposto alla Corte dei Conti del Veneto, chiedendo di verificare se il progetto di riqualificazione della ex Stazione di Cortina rispetta la corretta gestione delle risorse pubbliche.<br \/>\nTAIBON ELEZIONI A TAIBON AGORDINO, DOPO 10 ANNI IL SINDACO USCENTE, SILVIA TORMEN, HA DECISO DI RIPRESENTARSI AGLI ELETTORI \u201cPER EVITARE IL COMMISSARIAMENTO\u201d SOLO UNA LISTA A TAIBON AGORDINO, POCHE LE RICONFERME, FERNANDO SOCCOL, TRA I PIU\u2019 APPREZZATI AMMINISTRATORI USCENTI, NON PARTECIPERA\u2019 ALLA COMPETIZIONE ELETTORALE .<br \/>\nBELLUNO Oggi, dalle 9 alle 12, in Piazza dei Martiri a Belluno, la Lilt (Lega Italiana per la Lotta contro i Tumori) sezione di Belluno e Aulss 1 Dolomiti, con il patrocinio del Comune di Belluno, organizzeranno la manifestazione \u201cInsieme per la Giornata mondiale senza tabacco 2024\u201d<\/p>\n<p>BELLUNO Lorenzo Zopp\u00e8 e Aurora De Fina della 2F di Farra d\u2019Alpago hanno vinto il concorso di disegno \u201cContro ogni discriminazione (COD)\u201d in memoria di Roberto \u201cBrio\u201d Bristot. La premiazione, organizzata dal Csv Belluno Treviso insieme ad altre associazioni, si \u00e8 tenuta a Belluno nella sala \u201cValentino Del Fabbro\u201d.<br \/>\nCONFEDILIZIA SU DECRETO SEMPLIFICAZIONI L\u2019approvazione da parte del Consiglio dei ministri del decreto sulle semplificazioni edilizie e urbanistiche \u00e8 una buona notizia. Misure utili ai proprietari di casa e al mercato immobiliare. Ora la palla passa al Parlamento, che potr\u00e0 valutarle ed eventualmente perfezionarle\u201d.<br \/>\nVALLADA Poste Italiane comunica che l\u2019ufficio postale di Vallada Agordina (frazione Celat 13) da luned\u00ec 27 maggio sar\u00e0 interessato da interventi di ammodernamento per migliorare la qualit\u00e0 dei servizi e dell\u2019accoglienza. Durante i lavori Poste Italiane garantir\u00e0 ai cittadini di Vallada Agordina i servizi nell\u2019ufficio postale di Caviola, via Trento, aperto nelle mattine di luned\u00ec, mercoled\u00ec e venerd\u00ec. Sono disponibili anche gli uffici postali di Canale d\u2019Agordo) e quelli di Falcade e Cencenighe<br \/>\nSOSPENSIONE SERVIZIO IDRICO A LA VALLE AGORDINA, LE CAMPE-NOACH E FALCADE<br \/>\nLA VALLE per lavori alla rete idrica comunale, LUNEDI dalle 14 alle 17 verr\u00e0 sospesa l\u2019erogazione dell\u2019acqua nelle localit\u00e0 NOACH e LE CAMPE.<br \/>\nFALCADE per lavori alla rete idrica comunale, LUNEDI dalle 8:00 alle 11:00 potrebbe mancare l\u2019acqua a FALCADE in LOCALITA\u2019 CAVIOLA.<br \/>\nCORTINA Gianni Poli, vincitore della Maratona di New York e ideatore della Cortina Dobbiaco Run, invita gli amanti degli animali alla prima edizione della Animal Heroes Run. Questa corsa non competitiva di 4,5 km si terr\u00e0 il 2 giugno, integrata nel prestigioso evento della Cortina Dobbiaco Run. L\u2019iniziativa sostiene Animal Heroes, una fondazione che aiuta animali in zone di guerra o colpite da disastri naturali, raccogliendo risorse per cani e altri animali in Ucraina e Cisgiordania.<\/p>\n<p>A BELLUNO IL REQUIEM DI MOZART IN MEMORIA DI DON ANTONIO DELLA LUCIA Oggi alle 20:30 alla Chiesa di San Pietro, presso il Seminario Gregoriano, Requiem di Mozart eseguito in suffragio di don Antonio Della Lucia dalla Dolomiti Symphonia diretta dal Maestro Delio Cassetta, con intervento all\u2019organo di Loris Serafini in collaborazione con il Seminario e la Diocesi di Belluno-Feltre.<br \/>\nAGORDO Sono aperte le iscrizioni per la \u201c4 pas in doi bocoi\u201d, una passeggiata enogastronomica di 6 km nell\u2019Agordino, parte dell\u2019evento \u201c4 pas in doi\u201d che si terr\u00e0 il 2 giugno 2024. Organizzato dalla Pro Loco di Agordo, l&#8217;evento include una gara competitiva di 16 km e due non competitive di 16 km e 6 km<br \/>\nPONTE NELLE ALPI Dopo 10 anni dalla perdita di Adriano Peterle, fondatore dei Formato Standard, la band organizza un evento musicale, &#8220;ADR1AN0&#8221;, il 31 maggio al teatro Pierobon di Ponte nelle Alpi, per celebrarne il ricordo<br \/>\nVALLE IMPERINA: FINALMENTE!!! NUOVA VITA, SABATO L&#8217;INAUGURAZIONE UFFICIALE, IN DIRETTA SUI CANALI SOCIAL DI RADIOPIU DALLE 16.30<br \/>\nRIVAMONTE \u00a0XVI Giornata Nazionale delle Miniere,\u00a0 si terr\u00e0 presso il Centro Minerario di Valle Imperina OGGI E DOMANI. Il rilancio del Centro Minerario di Valle Imperina \u00e8 stato fortemente voluto dalle Istituzioni, dalle Associazioni e dalle Comunit\u00e0 locali ed \u00e8 stato realizzato grazie all\u2019impegno del Gruppo Botol e alla dedizione\u00a0 di Fabrizio Vigilante che caparbiamente ha voluto impegnarsi in questo progetto.<br \/>\nREDAZIONE Domani, EMMECI eventi lancia la seconda tappa di CulturalMoto, un viaggio culturale in moto che esplora l&#8217;Agordino e le Dolomiti bellunesi. Con Giacomo Agostini come ambasciatore, il tour si differenzia per l&#8217;accento sulla scoperta del territorio. Prenotazione obbligatoria al 348 5109129.<\/p>\n<p>&nbsp;<\/p>\n<p>&nbsp;<\/p>\n<p>&nbsp;<\/p>\n<p>&nbsp;<\/p>\n<p>&nbsp;<\/p>\n","protected":false},"excerpt":{"rendered":"<p>*** REDAZIONE Veneto Strade comunica che nelle giornate di mercoled\u00ec e gioved\u00ec (29 e 30 maggio) dalle 8:30 alle 18:30 in Galleria dei Castei sulla SR 203 Agordina verr\u00e0 istituito un senso unico alternato regolato da impianto semaforico o movieri per consentire delle indagini diagnostiche. COLLE SANTA LUCIA Fino al 28 giugno la 251 della&hellip;<\/p>\n","protected":false},"author":4,"featured_media":391721,"comment_status":"closed","ping_status":"closed","sticky":false,"template":"","format":"standard","meta":{"_monsterinsights_skip_tracking":false,"_monsterinsights_sitenote_active":false,"_monsterinsights_sitenote_note":"","_monsterinsights_sitenote_category":0,"footnotes":""},"categories":[51,49,142],"tags":[],"class_list":["post-391728","post","type-post","status-publish","format-standard","has-post-thumbnail","hentry","category-evidenza-top","category-news-18","category-rassegna-stampa","category-51","category-49","category-142","description-off"],"img_url":"https:\/\/www.radiopiu.net\/wordpress\/wp-content\/uploads\/2024\/05\/Senza-nome-54.png","_links":{"self":[{"href":"https:\/\/www.radiopiu.net\/wordpress\/wp-json\/wp\/v2\/posts\/391728","targetHints":{"allow":["GET"]}}],"collection":[{"href":"https:\/\/www.radiopiu.net\/wordpress\/wp-json\/wp\/v2\/posts"}],"about":[{"href":"https:\/\/www.radiopiu.net\/wordpress\/wp-json\/wp\/v2\/types\/post"}],"author":[{"embeddable":true,"href":"https:\/\/www.radiopiu.net\/wordpress\/wp-json\/wp\/v2\/users\/4"}],"replies":[{"embeddable":true,"href":"https:\/\/www.radiopiu.net\/wordpress\/wp-json\/wp\/v2\/comments?post=391728"}],"version-history":[{"count":0,"href":"https:\/\/www.radiopiu.net\/wordpress\/wp-json\/wp\/v2\/posts\/391728\/revisions"}],"wp:featuredmedia":[{"embeddable":true,"href":"https:\/\/www.radiopiu.net\/wordpress\/wp-json\/wp\/v2\/media\/391721"}],"wp:attachment":[{"href":"https:\/\/www.radiopiu.net\/wordpress\/wp-json\/wp\/v2\/media?parent=391728"}],"wp:term":[{"taxonomy":"category","embeddable":true,"href":"https:\/\/www.radiopiu.net\/wordpress\/wp-json\/wp\/v2\/categories?post=391728"},{"taxonomy":"post_tag","embeddable":true,"href":"https:\/\/www.radiopiu.net\/wordpress\/wp-json\/wp\/v2\/tags?post=391728"}],"curies":[{"name":"wp","href":"https:\/\/api.w.org\/{rel}","templated":true}]}}