{"id":391925,"date":"2024-05-28T05:33:57","date_gmt":"2024-05-28T03:33:57","guid":{"rendered":"https:\/\/www.radiopiu.net\/wordpress\/?p=391925"},"modified":"2024-05-28T05:47:41","modified_gmt":"2024-05-28T03:47:41","slug":"i-racconti-di-paolo-soppelsa-puntata-228","status":"publish","type":"post","link":"https:\/\/www.radiopiu.net\/wordpress\/i-racconti-di-paolo-soppelsa-puntata-228\/","title":{"rendered":"I RACCONTI DI PAOLO SOPPELSA &#8211; PUNTATA 228"},"content":{"rendered":"<p>*******<\/p>\n<p>&nbsp;<\/p>\n<p><strong>STORIE DI FINE PRIMAVERA <\/strong><\/p>\n<p><strong>AUDIO<\/strong><\/p>\n<audio class=\"wp-audio-shortcode\" id=\"audio-391925-1\" preload=\"none\" style=\"width: 100%;\" controls=\"controls\"><source type=\"audio\/mpeg\" src=\"https:\/\/www.radiopiu.net\/wordpress\/wp-content\/uploads\/2024\/05\/PAOLOS-3.mp3?_=1\" \/><a href=\"https:\/\/www.radiopiu.net\/wordpress\/wp-content\/uploads\/2024\/05\/PAOLOS-3.mp3\">https:\/\/www.radiopiu.net\/wordpress\/wp-content\/uploads\/2024\/05\/PAOLOS-3.mp3<\/a><\/audio>\n<p>&nbsp;<\/p>\n<p><a class=\"dt-pswp-item\" href=\"https:\/\/www.radiopiu.net\/wordpress\/wp-content\/uploads\/2024\/05\/7735120c-0616-4e7e-97c9-5a2a471a326e.jpg\" data-dt-img-description=\"\" data-large_image_width=\"1600\" data-large_image_height=\"1200\"><img loading=\"lazy\" decoding=\"async\" class=\" wp-image-391928 alignleft\" src=\"https:\/\/www.radiopiu.net\/wordpress\/wp-content\/uploads\/2024\/05\/7735120c-0616-4e7e-97c9-5a2a471a326e-300x225.jpg\" alt=\"\" width=\"199\" height=\"149\" srcset=\"https:\/\/www.radiopiu.net\/wordpress\/wp-content\/uploads\/2024\/05\/7735120c-0616-4e7e-97c9-5a2a471a326e-300x225.jpg 300w, https:\/\/www.radiopiu.net\/wordpress\/wp-content\/uploads\/2024\/05\/7735120c-0616-4e7e-97c9-5a2a471a326e-1024x768.jpg 1024w, https:\/\/www.radiopiu.net\/wordpress\/wp-content\/uploads\/2024\/05\/7735120c-0616-4e7e-97c9-5a2a471a326e-768x576.jpg 768w, https:\/\/www.radiopiu.net\/wordpress\/wp-content\/uploads\/2024\/05\/7735120c-0616-4e7e-97c9-5a2a471a326e-1536x1152.jpg 1536w, https:\/\/www.radiopiu.net\/wordpress\/wp-content\/uploads\/2024\/05\/7735120c-0616-4e7e-97c9-5a2a471a326e.jpg 1600w\" sizes=\"auto, (max-width: 199px) 100vw, 199px\" \/><\/a>Quel tempo cittadino di fine maggio era carico di un fermento nuovo. In quei giorni in cui la primavera iniziava a tramutarsi in estate si respirava un&#8217;aria nuova fra le case e i condomini della piccola citt\u00e0. La luce della sera filtrava allegra fra le case e la brezza tiepida portava suoni di dopocena che si udivano dai vialetti ornati dalle rose ora al massimo del loro splendore. Era sbattere di tovaglie dai terrazzi e la sigla del Tg1, erano voci di bambini che facevano la conta prima di iniziare i primi nascondini di stagione. Era il tempo delle mattine assolate, degli scolari irrequieti e delle maestre stanche, delle corse sfrenate sotto la pergola del giardino delle scuole Gabelli e della foto di fine anno all&#8217;ombra del pruno rosso. Il mese delle rose e del rosario terminava sempre cos\u00ec alla met\u00e0 degli anni \u201880, e fu cos\u00ec pure all&#8217;inizio di quell&#8217;estate dei miei dieci anni, quando la scuola, per me, termin\u00f2 a met\u00e0 mattina di un caldo venerd\u00ec. Arriv\u00f2 un attacco di appendicite a rovinare un po\u2019 l&#8217;allegria di quei giorni in cui ormai le vacanze estive erano davvero a un passo. L&#8217;ospedale era quello vecchio situato in centro citt\u00e0 e ormai in via di dismissione, con il portone di legno marrone e la grande camerata che mi avrebbe ospitato per poco meno di una settimana. Un pomeriggio di attesa sdraiato sul letto con le sponde di ferro beige, poi il giro sulla barella attraversando gli angusti corridoi e infine la grande lampada sopra il tavolo operatorio. Mi risvegliai il mattino successivo circondato dai famigliari e accompagnato dal rumore di auto e autobus che transitavano sul porfido di via Loreto. Furono cinque giorni di tranquillo riposo e di minestrine insipide mentre fuori terminava la scuola e iniziava l&#8217;estate. Quel tempo ospedaliero scivol\u00f2 via velocemente mentre Stephen Roche stava per trionfare al Giro d&#8217;Italia; le ore passavano velocemente fra controlli medici sempre pi\u00f9 radi e visite di genitori e parenti che mi trattavano come un piccolo eroe che aveva affrontato quell\u2019imprevisto di inizio estate con dignit\u00e0 e coraggio. Al quinto giorno i medici mi lasciarono fare ritorno a casa con qualche blanda raccomandazione riguardante il cibo e fuori dal severo portone di legno trovai l&#8217;estate appena nata ad attendermi. Ora il tempo della scuola era terminato e la piccola citt\u00e0 aveva gi\u00e0 iniziato a svuotarsi. Nei parcheggi condominiali mancava qualche roulotte che aveva preso la strada delle vacanze e in quei lunghi pomeriggi di sole erano pochi i bambini che giocavano nei prati e nei cortili. Qualche giorno ancora di vita cittadina utili a rimettermi in forze, poi l&#8217;ultimo atto di coraggio, quello del taglio dei punti che sanciva il termine di quel periodo di convalescenza che, tutto sommato, era stato superato senza grossi disagi. Poi arriv\u00f2 una limpida mattina in cui mi svegliai a orario di scuola e mezz&#8217;ora pi\u00f9 tardi ero seduto sul rovente sedile in similpelle nera della 127 color del cielo che stava vivendo la sua ultima estate e che, nonostante la sua veneranda et\u00e0, ringhiava ancora orgogliosa lungo i rettilinei della Strada Madre. Pap\u00e0 ci scaric\u00f2 velocemente ai piedi del Pelsa e poi fece rotta verso la Val Fiorentina, io invece mi dedicai subito alla costruzione del muletto della Lego avuto in regalo perch\u00e9 \u201cere stat valent \u2018nte chi d\u00ec de l\u2019apendicite\u201d. Solo una piccola cicatrice ricordava quei pochi giorni vissuti fra quelle mura stanche, ora c&#8217;era da vivere il presente di una nuova estate da trascorrere nel paese situato all&#8217;incrocio delle valli e dei venti.<\/p>\n<p>&nbsp;<\/p>\n<p>&nbsp;<\/p>\n<p>&nbsp;<\/p>\n<p>*********<\/p>\n","protected":false},"excerpt":{"rendered":"<p>******* &nbsp; STORIE DI FINE PRIMAVERA AUDIO &nbsp; Quel tempo cittadino di fine maggio era carico di un fermento nuovo. In quei giorni in cui la primavera iniziava a tramutarsi in estate si respirava un&#8217;aria nuova fra le case e i condomini della piccola citt\u00e0. La luce della sera filtrava allegra fra le case e&hellip;<\/p>\n","protected":false},"author":4,"featured_media":391928,"comment_status":"closed","ping_status":"closed","sticky":false,"template":"","format":"standard","meta":{"_monsterinsights_skip_tracking":false,"_monsterinsights_sitenote_active":false,"_monsterinsights_sitenote_note":"","_monsterinsights_sitenote_category":0,"footnotes":""},"categories":[104,49],"tags":[],"class_list":["post-391925","post","type-post","status-publish","format-standard","has-post-thumbnail","hentry","category-evidenza_3","category-news-18","category-104","category-49","description-off"],"img_url":"https:\/\/www.radiopiu.net\/wordpress\/wp-content\/uploads\/2024\/05\/7735120c-0616-4e7e-97c9-5a2a471a326e.jpg","_links":{"self":[{"href":"https:\/\/www.radiopiu.net\/wordpress\/wp-json\/wp\/v2\/posts\/391925","targetHints":{"allow":["GET"]}}],"collection":[{"href":"https:\/\/www.radiopiu.net\/wordpress\/wp-json\/wp\/v2\/posts"}],"about":[{"href":"https:\/\/www.radiopiu.net\/wordpress\/wp-json\/wp\/v2\/types\/post"}],"author":[{"embeddable":true,"href":"https:\/\/www.radiopiu.net\/wordpress\/wp-json\/wp\/v2\/users\/4"}],"replies":[{"embeddable":true,"href":"https:\/\/www.radiopiu.net\/wordpress\/wp-json\/wp\/v2\/comments?post=391925"}],"version-history":[{"count":0,"href":"https:\/\/www.radiopiu.net\/wordpress\/wp-json\/wp\/v2\/posts\/391925\/revisions"}],"wp:featuredmedia":[{"embeddable":true,"href":"https:\/\/www.radiopiu.net\/wordpress\/wp-json\/wp\/v2\/media\/391928"}],"wp:attachment":[{"href":"https:\/\/www.radiopiu.net\/wordpress\/wp-json\/wp\/v2\/media?parent=391925"}],"wp:term":[{"taxonomy":"category","embeddable":true,"href":"https:\/\/www.radiopiu.net\/wordpress\/wp-json\/wp\/v2\/categories?post=391925"},{"taxonomy":"post_tag","embeddable":true,"href":"https:\/\/www.radiopiu.net\/wordpress\/wp-json\/wp\/v2\/tags?post=391925"}],"curies":[{"name":"wp","href":"https:\/\/api.w.org\/{rel}","templated":true}]}}