{"id":391930,"date":"2024-05-26T12:49:38","date_gmt":"2024-05-26T10:49:38","guid":{"rendered":"https:\/\/www.radiopiu.net\/wordpress\/?p=391930"},"modified":"2024-05-27T05:40:16","modified_gmt":"2024-05-27T03:40:16","slug":"doppio-intervento-del-suem-118-nella-giornata-di-sabato","status":"publish","type":"post","link":"https:\/\/www.radiopiu.net\/wordpress\/doppio-intervento-del-suem-118-nella-giornata-di-sabato\/","title":{"rendered":"DOPPIO INTERVENTO DEL SUEM 118 NELLA GIORNATA DI SABATO"},"content":{"rendered":"<p>*****<\/p>\n<p>&nbsp;<\/p>\n<p><strong><a class=\"dt-pswp-item\" href=\"https:\/\/www.radiopiu.net\/wordpress\/wp-content\/uploads\/2021\/12\/ambulanze-4.jpeg\" data-dt-img-description=\"\" data-large_image_width=\"1600\" data-large_image_height=\"1200\"><img loading=\"lazy\" decoding=\"async\" class=\" wp-image-250919 alignleft\" src=\"https:\/\/www.radiopiu.net\/wordpress\/wp-content\/uploads\/2021\/12\/ambulanze-4-300x225.jpeg\" alt=\"\" width=\"157\" height=\"118\" srcset=\"https:\/\/www.radiopiu.net\/wordpress\/wp-content\/uploads\/2021\/12\/ambulanze-4-300x225.jpeg 300w, https:\/\/www.radiopiu.net\/wordpress\/wp-content\/uploads\/2021\/12\/ambulanze-4-1024x768.jpeg 1024w, https:\/\/www.radiopiu.net\/wordpress\/wp-content\/uploads\/2021\/12\/ambulanze-4-768x576.jpeg 768w, https:\/\/www.radiopiu.net\/wordpress\/wp-content\/uploads\/2021\/12\/ambulanze-4-1536x1152.jpeg 1536w, https:\/\/www.radiopiu.net\/wordpress\/wp-content\/uploads\/2021\/12\/ambulanze-4.jpeg 1600w\" sizes=\"auto, (max-width: 157px) 100vw, 157px\" \/><\/a>REDAZIONE<\/strong> Sono due gli interventi del SUEM 118 nella giornata di sabato. Poco prima delle 15:30 la centrale operativa \u00e8 stata allertata per un malore a Fusine in Val Di Zoldo. Una donna di 89 anni originaria del luogo \u00e8 stata prontamente soccorsa dall&#8217;ambulanza e dall&#8217;elicottero Falco. La paziente \u00e8 stata trasportata al pronto soccorso di Belluno con un codice rosso. Alle 18 il secondo intervento. A Pedavena un uomo di 53 anni di Feltre \u00e8 stato coinvolto in un incidente tra auto e moto. Sul posto l&#8217;ambulanza che ha portato l&#8217;infortunato al Santa Maria del Prato di Feltre con ferite di media gravit\u00e0.<\/p>\n<p>&nbsp;<\/p>\n<p>&nbsp;<\/p>\n<p>******<\/p>\n","protected":false},"excerpt":{"rendered":"<p>***** &nbsp; REDAZIONE Sono due gli interventi del SUEM 118 nella giornata di sabato. Poco prima delle 15:30 la centrale operativa \u00e8 stata allertata per un malore a Fusine in Val Di Zoldo. Una donna di 89 anni originaria del luogo \u00e8 stata prontamente soccorsa dall&#8217;ambulanza e dall&#8217;elicottero Falco. La paziente \u00e8 stata trasportata al&hellip;<\/p>\n","protected":false},"author":4,"featured_media":250919,"comment_status":"closed","ping_status":"closed","sticky":false,"template":"","format":"standard","meta":{"_monsterinsights_skip_tracking":false,"_monsterinsights_sitenote_active":false,"_monsterinsights_sitenote_note":"","_monsterinsights_sitenote_category":0,"footnotes":""},"categories":[51,49],"tags":[],"class_list":["post-391930","post","type-post","status-publish","format-standard","has-post-thumbnail","hentry","category-evidenza-top","category-news-18","category-51","category-49","description-off"],"img_url":"https:\/\/www.radiopiu.net\/wordpress\/wp-content\/uploads\/2021\/12\/ambulanze-4.jpeg","_links":{"self":[{"href":"https:\/\/www.radiopiu.net\/wordpress\/wp-json\/wp\/v2\/posts\/391930","targetHints":{"allow":["GET"]}}],"collection":[{"href":"https:\/\/www.radiopiu.net\/wordpress\/wp-json\/wp\/v2\/posts"}],"about":[{"href":"https:\/\/www.radiopiu.net\/wordpress\/wp-json\/wp\/v2\/types\/post"}],"author":[{"embeddable":true,"href":"https:\/\/www.radiopiu.net\/wordpress\/wp-json\/wp\/v2\/users\/4"}],"replies":[{"embeddable":true,"href":"https:\/\/www.radiopiu.net\/wordpress\/wp-json\/wp\/v2\/comments?post=391930"}],"version-history":[{"count":0,"href":"https:\/\/www.radiopiu.net\/wordpress\/wp-json\/wp\/v2\/posts\/391930\/revisions"}],"wp:featuredmedia":[{"embeddable":true,"href":"https:\/\/www.radiopiu.net\/wordpress\/wp-json\/wp\/v2\/media\/250919"}],"wp:attachment":[{"href":"https:\/\/www.radiopiu.net\/wordpress\/wp-json\/wp\/v2\/media?parent=391930"}],"wp:term":[{"taxonomy":"category","embeddable":true,"href":"https:\/\/www.radiopiu.net\/wordpress\/wp-json\/wp\/v2\/categories?post=391930"},{"taxonomy":"post_tag","embeddable":true,"href":"https:\/\/www.radiopiu.net\/wordpress\/wp-json\/wp\/v2\/tags?post=391930"}],"curies":[{"name":"wp","href":"https:\/\/api.w.org\/{rel}","templated":true}]}}