{"id":391967,"date":"2024-05-28T05:42:20","date_gmt":"2024-05-28T03:42:20","guid":{"rendered":"https:\/\/www.radiopiu.net\/wordpress\/?p=391967"},"modified":"2024-05-28T08:27:21","modified_gmt":"2024-05-28T06:27:21","slug":"giornale-radiopiu-28-maggio-2024-direttore-mirko-mezzacasada-40-anni-25-giugno-1983-25-giugno-2023","status":"publish","type":"post","link":"https:\/\/www.radiopiu.net\/wordpress\/giornale-radiopiu-28-maggio-2024-direttore-mirko-mezzacasada-40-anni-25-giugno-1983-25-giugno-2023\/","title":{"rendered":"GIORNALE RADIOPIU 28 MAGGIO 2024 DIRETTORE MIRKO MEZZACASA\u2026DA 40 ANNI 25 GIUGNO 1983-25 GIUGNO 2023"},"content":{"rendered":"<p>*****<\/p>\n<h3><a class=\"dt-pswp-item\" href=\"https:\/\/www.radiopiu.net\/wordpress\/wp-content\/uploads\/2024\/05\/27883ca5-bb01-4aba-b92e-eb4c5daed456.jpg\" data-dt-img-description=\"\" data-large_image_width=\"1131\" data-large_image_height=\"1600\"><img loading=\"lazy\" decoding=\"async\" class=\"size-medium wp-image-391556 aligncenter\" src=\"https:\/\/www.radiopiu.net\/wordpress\/wp-content\/uploads\/2024\/05\/27883ca5-bb01-4aba-b92e-eb4c5daed456-212x300.jpg\" alt=\"\" width=\"212\" height=\"300\" srcset=\"https:\/\/www.radiopiu.net\/wordpress\/wp-content\/uploads\/2024\/05\/27883ca5-bb01-4aba-b92e-eb4c5daed456-212x300.jpg 212w, https:\/\/www.radiopiu.net\/wordpress\/wp-content\/uploads\/2024\/05\/27883ca5-bb01-4aba-b92e-eb4c5daed456-724x1024.jpg 724w, https:\/\/www.radiopiu.net\/wordpress\/wp-content\/uploads\/2024\/05\/27883ca5-bb01-4aba-b92e-eb4c5daed456-768x1086.jpg 768w, https:\/\/www.radiopiu.net\/wordpress\/wp-content\/uploads\/2024\/05\/27883ca5-bb01-4aba-b92e-eb4c5daed456-1086x1536.jpg 1086w, https:\/\/www.radiopiu.net\/wordpress\/wp-content\/uploads\/2024\/05\/27883ca5-bb01-4aba-b92e-eb4c5daed456.jpg 1131w\" sizes=\"auto, (max-width: 212px) 100vw, 212px\" \/><\/a><\/h3>\n<h3>PER<strong> RICEVERE QUESTO NOTIZIARIO DIRETTAMENTE SUL TUO CELLULARE ISCRIVITI AL CANALE TELEGRAM <\/strong><strong>\u201cRADIO PIU\u00a0 INFORMAZIONE&#8221;\u00a0 <\/strong>\u00a0il CANALE TELEGRAM&#8230; UNISCITI A: RADIO PIU INFORMAZIONE<\/h3>\n<p>&nbsp;<\/p>\n<p>&nbsp;<\/p>\n<p><em><a href=\"https:\/\/www.radiopiu.net\/wordpress\/giornale-radiopiu-24-gennaio-2021-direttore-mirko-mezzacasa\/79216601_126817312416448_708980208774483089_n\/\" rel=\"attachment wp-att-186567\"><img loading=\"lazy\" decoding=\"async\" class=\"size-medium wp-image-186567 alignright\" src=\"https:\/\/www.radiopiu.net\/wordpress\/wp-content\/uploads\/2021\/01\/79216601_126817312416448_708980208774483089_n-300x114.jpg\" alt=\"\" width=\"300\" height=\"114\" srcset=\"https:\/\/www.radiopiu.net\/wordpress\/wp-content\/uploads\/2021\/01\/79216601_126817312416448_708980208774483089_n-300x114.jpg 300w, https:\/\/www.radiopiu.net\/wordpress\/wp-content\/uploads\/2021\/01\/79216601_126817312416448_708980208774483089_n-768x292.jpg 768w, https:\/\/www.radiopiu.net\/wordpress\/wp-content\/uploads\/2021\/01\/79216601_126817312416448_708980208774483089_n.jpg 820w\" sizes=\"auto, (max-width: 300px) 100vw, 300px\" \/><\/a><span style=\"color: #ff0000;\">ATTENZIONE: LA NUOVA APP PER IOS-IPHONE di Nicola Vettorello <\/span><\/em><a href=\"https:\/\/apps.apple.com\/it\/app\/radio-pi%C3%B9-emittente-agordina\/id1515939845\">https:\/\/apps.apple.com\/it\/app\/radio-pi%C3%B9-emittente-agordina\/id1515939845<\/a><\/p>\n<p><em style=\"color: #ff0000;\">ATTENZIONE: LA NUOVA APP RADIO\u00a0 PER ANDROID di Nicola Vettorello<\/em><\/p>\n<p><a href=\"https:\/\/play.google.com\/store\/apps\/details?id=net.radiopiu.iniko\" target=\"_blank\" rel=\"noopener noreferrer\">https:\/\/play.google.com\/store\/apps\/details?id=net.radiopiu.iniko\u00a0\u00a0<\/a><\/p>\n<h3 class=\"kvgmc6g5 cxmmr5t8 oygrvhab hcukyx3x c1et5uql\"><\/h3>\n<p>&nbsp;<\/p>\n<div data-block=\"true\" data-editor=\"avj4u\" data-offset-key=\"d3i0j-0-0\">\n<p>&nbsp;<\/p>\n<hr \/>\n<p>&nbsp;<\/p>\n<p>&nbsp;<\/p>\n<\/div>\n<p><strong class=\"photoswipe-wrapper\"><a class=\"dt-pswp-item\" href=\"https:\/\/www.radiopiu.net\/wordpress\/wp-content\/uploads\/2024\/05\/WhatsApp-Image-2024-05-25-at-10.21.31.jpeg\" data-dt-img-description=\"\" data-large_image_width=\"892\" data-large_image_height=\"700\"><img loading=\"lazy\" decoding=\"async\" class=\"size-medium wp-image-392180 alignleft\" src=\"https:\/\/www.radiopiu.net\/wordpress\/wp-content\/uploads\/2024\/05\/WhatsApp-Image-2024-05-25-at-10.21.31-300x235.jpeg\" alt=\"\" width=\"300\" height=\"235\" srcset=\"https:\/\/www.radiopiu.net\/wordpress\/wp-content\/uploads\/2024\/05\/WhatsApp-Image-2024-05-25-at-10.21.31-300x235.jpeg 300w, https:\/\/www.radiopiu.net\/wordpress\/wp-content\/uploads\/2024\/05\/WhatsApp-Image-2024-05-25-at-10.21.31-768x603.jpeg 768w, https:\/\/www.radiopiu.net\/wordpress\/wp-content\/uploads\/2024\/05\/WhatsApp-Image-2024-05-25-at-10.21.31.jpeg 892w\" sizes=\"auto, (max-width: 300px) 100vw, 300px\" \/><\/a>OGGI ALLA RADIO<\/strong>:\u00a0<strong>ALLE 6.45<\/strong>\u00a0PIROLE DE LENGA, CON IL MUSLA DI BEATRICE E NICOLA\u00a0\u00a0<strong>ALLE 7.20<\/strong>\u00a0EL BAL DEL FIOR, DETTI E TRADIZIONI DI GIULIANA DA RONCH;\u00a0<strong>ALLE 8.20 <\/strong>PIU&#8217; SIAMO CON MARINA DONA&#8217; <strong>9.00 <\/strong>LA MUSICA COUNTRY DI ALEX NASCINBEN <strong>9.30 <\/strong>VIABILITA<strong> 10.10 <\/strong>LE NOVE IN LADIN CON IL MUSLA<strong> 10.30<\/strong> CORRI POI 2024 LO SPECIALE ALLA RADIO<strong> 11.10 <\/strong>MEGLIO RADIO CHE MAI, DANIELA RINALDI<strong> 12.00 <\/strong>VA TUTTO LISCIO CON MIRCO BENCIVENNI<strong> 14.00 C<\/strong>OLLAGE OPERAZIONE NOSTALGIA DI LORIS SCUSSEL <strong>15.00 <\/strong>RIASCOLTIAMOLI, EL DARLIN DI LUISA ALCHINI CON ANGELO GENUIN<strong> 16.00 <\/strong>IL ROCK DI MARCO COSTANTNI <strong>16.45 <\/strong>LE HIT DI MIRCO BENCIVENNI <strong>19 <\/strong>ANTICIPAZIONI DAL TG DI ANTENNA 3 DI TIZIANA BOLOGNANI.<\/p>\n<p>&nbsp;<\/p>\n<blockquote><p><strong>rassegna stampa nazionale, ogni giorno alle 5 e alle 6 del mattino<\/strong><br \/>\n<em>giornali locali 7 rassegna stampa flash, 8 rassegna stampa, gr flash alle 10 e alle 11, principale 12.30. Informazione pomerggio alle 15 (speciale) 16, 17, 18. Giornale radio nazionale: ogni ora dalle 5 del mattino, alle 20 della sera.\u00a0<\/em><\/p><\/blockquote>\n<div class=\"x11i5rnm xat24cr x1mh8g0r x1vvkbs xtlvy1s x126k92a\">\n<div dir=\"auto\"><\/div>\n<\/div>\n<div class=\"x11i5rnm xat24cr x1mh8g0r x1vvkbs xtlvy1s x126k92a\">\n<div dir=\"auto\">\n<p>&nbsp;<\/p>\n<p>&nbsp;<\/p>\n<hr \/>\n<p>&nbsp;<\/p>\n<p>&nbsp;<\/p>\n<div class=\"x11i5rnm xat24cr x1mh8g0r x1vvkbs xtlvy1s x126k92a\">\n<div dir=\"auto\">\n<p><strong><a class=\"dt-pswp-item\" href=\"https:\/\/www.radiopiu.net\/wordpress\/wp-content\/uploads\/2024\/02\/2d44e751-d8a8-461b-8e22-d8e4e853b032.jpg\" data-dt-img-description=\"\" data-large_image_width=\"1600\" data-large_image_height=\"1200\"><img loading=\"lazy\" decoding=\"async\" class=\"wp-image-373307 alignleft\" src=\"https:\/\/www.radiopiu.net\/wordpress\/wp-content\/uploads\/2024\/02\/2d44e751-d8a8-461b-8e22-d8e4e853b032-300x225.jpg\" alt=\"\" width=\"105\" height=\"79\" srcset=\"https:\/\/www.radiopiu.net\/wordpress\/wp-content\/uploads\/2024\/02\/2d44e751-d8a8-461b-8e22-d8e4e853b032-300x225.jpg 300w, https:\/\/www.radiopiu.net\/wordpress\/wp-content\/uploads\/2024\/02\/2d44e751-d8a8-461b-8e22-d8e4e853b032-1024x768.jpg 1024w, https:\/\/www.radiopiu.net\/wordpress\/wp-content\/uploads\/2024\/02\/2d44e751-d8a8-461b-8e22-d8e4e853b032-768x576.jpg 768w, https:\/\/www.radiopiu.net\/wordpress\/wp-content\/uploads\/2024\/02\/2d44e751-d8a8-461b-8e22-d8e4e853b032-1536x1152.jpg 1536w, https:\/\/www.radiopiu.net\/wordpress\/wp-content\/uploads\/2024\/02\/2d44e751-d8a8-461b-8e22-d8e4e853b032.jpg 1600w\" sizes=\"auto, (max-width: 105px) 100vw, 105px\" \/><\/a>EL BAL DEL FIOR, DI GIULIANA DA RONCH, 28 MAGGIO 2024<\/strong><\/p>\n<\/div>\n<\/div>\n<\/div>\n<div dir=\"auto\">\n<p>&nbsp;<\/p>\n<p>&nbsp;<\/p>\n<audio class=\"wp-audio-shortcode\" id=\"audio-391967-1\" preload=\"none\" style=\"width: 100%;\" controls=\"controls\"><source type=\"audio\/mpeg\" src=\"https:\/\/www.radiopiu.net\/wordpress\/wp-content\/uploads\/2024\/05\/GMA-2.m4a?_=1\" \/><a href=\"https:\/\/www.radiopiu.net\/wordpress\/wp-content\/uploads\/2024\/05\/GMA-2.m4a\">https:\/\/www.radiopiu.net\/wordpress\/wp-content\/uploads\/2024\/05\/GMA-2.m4a<\/a><\/audio>\n<p>&nbsp;<\/p>\n<hr \/>\n<\/div>\n<\/div>\n<blockquote>\n<blockquote>\n<h1><span style=\"color: #ff0000;\">\u00a0<\/span><\/h1>\n<h1><span style=\"color: #ff0000;\">I podcast informativi del mattino &#8211; audio &#8211;\u00a0\u00a0<\/span><\/h1>\n<\/blockquote>\n<p><strong><a class=\"dt-pswp-item\" href=\"https:\/\/www.radiopiu.net\/wordpress\/wp-content\/uploads\/2023\/11\/th-10.jpg\" data-dt-img-description=\"\" data-large_image_width=\"320\" data-large_image_height=\"180\"><img loading=\"lazy\" decoding=\"async\" class=\"wp-image-362866 alignleft\" src=\"https:\/\/www.radiopiu.net\/wordpress\/wp-content\/uploads\/2023\/11\/th-10-300x169.jpg\" alt=\"\" width=\"185\" height=\"104\" srcset=\"https:\/\/www.radiopiu.net\/wordpress\/wp-content\/uploads\/2023\/11\/th-10-300x169.jpg 300w, https:\/\/www.radiopiu.net\/wordpress\/wp-content\/uploads\/2023\/11\/th-10.jpg 320w\" sizes=\"auto, (max-width: 185px) 100vw, 185px\" \/><\/a>LA RASSEGNA STAMPA NAZIONALE ALLA RADIO, OGNI GIORNO ALLE 5 E ALLE 6 DEL MATTINO <span style=\"color: #0000ff;\">viene pubblicata alle 6.00 <span style=\"color: #ff0000;\">DIRETTA RADIO\u00a0 \u00a0<\/span><\/span><\/strong><\/p><\/blockquote>\n<p>&nbsp;<\/p>\n<p><strong>NELLA NOTTE:\u00a0 NOTIZIE DAL MONDO<\/strong><\/p>\n<p><strong>Al Jazeera,<\/strong> sette morti in nuovo attacco su Rafah Colpito un edificio costruito con blocchi di cemento e tubi <strong>Playoff Nba<\/strong>, Boston batte Indiana e vola in finale Celtics sconfiggono i Pacers in gara 4 per 105-102 <strong>Argentina<\/strong>, si dimette capo di Gabinetto del Governo Milei<br \/>\nAl posto di Nicolas Posse ci sar\u00e0 ministro Guillermo Francos <strong>Papua Nuova Guinea,<\/strong> al via evacuazione per 8.000 persone Si trovano vicino alla frana caduta nei giorni scorsi <strong>Mosca<\/strong> conferma, arrestata e detenuta giornalista ucraina Viktoria Roshchyna \u00e8 scomparsa nell&#8217;agosto 2023 <strong>Zelensky domani a Bruxelles<\/strong>, summit con premier De Croo Belgio e Ucraina firmeranno un accordo di sicurezza bilaterale<\/p>\n<h2>AUDIO dalle 6 del mattino<\/h2>\n<audio class=\"wp-audio-shortcode\" id=\"audio-391967-2\" preload=\"none\" style=\"width: 100%;\" controls=\"controls\"><source type=\"audio\/mpeg\" src=\"https:\/\/www.radiopiu.net\/wordpress\/wp-content\/uploads\/2024\/05\/GIORNALEDELLESEI-26.mp3?_=2\" \/><a href=\"https:\/\/www.radiopiu.net\/wordpress\/wp-content\/uploads\/2024\/05\/GIORNALEDELLESEI-26.mp3\">https:\/\/www.radiopiu.net\/wordpress\/wp-content\/uploads\/2024\/05\/GIORNALEDELLESEI-26.mp3<\/a><\/audio>\n<p>&nbsp;<\/p>\n<p>&nbsp;<\/p>\n<hr \/>\n<p>&nbsp;<\/p>\n<h1 style=\"text-align: center;\"><span style=\"color: #ff0000;\">I podcast informativi del mattino &#8211; audio &#8211;\u00a0<\/span><\/h1>\n<p><strong><a class=\"dt-pswp-item\" href=\"https:\/\/www.radiopiu.net\/wordpress\/wp-content\/uploads\/2023\/12\/images.png\" data-dt-img-description=\"\" data-large_image_width=\"316\" data-large_image_height=\"160\"><img loading=\"lazy\" decoding=\"async\" class=\"wp-image-367008 alignleft\" src=\"https:\/\/www.radiopiu.net\/wordpress\/wp-content\/uploads\/2023\/12\/images-300x152.png\" alt=\"\" width=\"235\" height=\"119\" srcset=\"https:\/\/www.radiopiu.net\/wordpress\/wp-content\/uploads\/2023\/12\/images-300x152.png 300w, https:\/\/www.radiopiu.net\/wordpress\/wp-content\/uploads\/2023\/12\/images.png 316w\" sizes=\"auto, (max-width: 235px) 100vw, 235px\" \/><\/a>OGNI GIORNO ALLE SETTE DEL MATTINO, LA RASSEGNA STAMPA LOCALE FLASH&#8230; PER CHI VA IN FRETTA. I TITOLI DAI GIORNALI E DAL SITO WWW.RADIOPIU.NET <span style=\"color: #0000ff;\">viene pubblicato alle 7.00<\/span> <span style=\"color: #ff0000;\">DIRETTA RADIO\u00a0<\/span><\/strong><\/p>\n<p><em><span style=\"color: #ff0000;\">per chi va in fretta&#8230; tante notizie in pochi minuti. L&#8217;informazione locale alla radio, ogni ora dalle 7 del mattino alle 19 della sera.\u00a0 \u00a0 \u00a0\u00a0<\/span><\/em><\/p>\n<p>.<strong>ADDIO AL PICCOLO ANGELO BASSOT<\/strong>\u2026IL BAMBINO DI TUTTI, AMATO PER IL SUO SORRISO, I FUNERALI SI SVOLGERANNO GIOVEDI ALLE 14.30 NELLA CHIESA PARROCCHIALE DI ROCCA PIETORE.<br \/>\n<strong>MEL<\/strong> A 77 anni, infatti, si \u00e8 spento Gianfranco Miglioranza, gi\u00e0 consigliere comunale e assessore a Mel ma anche volontario della Pro loco zumellese e presidente del consorzio delle Pro loco della Sinistra Piave. Lascia la moglie Pia e i figli Paolo e Silvia<br \/>\n<strong>REDAZIONE<\/strong> La giornata della centrale operativa del Suem 118 \u00e8 iniziata ieri\u00a0 mattina dopo le 7:30 quando i sanitari sono stati chiamati per soccorrere un minore che aveva subito un trauma. E&#8217; successo a Sospirolo, il giovane paziente \u00e8 stato portato all&#8217;ospedale di Belluno con ferite lievi. Alle 10 il secondo intervento, questa volta a Santa Giustina per soccorrere una 79enne del luogo a causa di un trauma. L&#8217;ambulanza di Feltre si \u00e8 recata in localit\u00e0 Piovena per poi trasportare al Santa Maria Del Prato la signora infortunata con ferite di media gravit\u00e0.<br \/>\n<strong>CESIOMAGGIORE<\/strong> \u00a0grande spavento ma, fortunatamente, nessun danno permanente per un bambino di quinta elementare che, ieri pomeriggio alle 17:30, \u00e8 rimasto infilzato da uno spuntone del cancello mentre tentava di scavalcarlo vicino alla piazza di Pez. Le sue urla hanno richiamato l&#8217;attenzione dei residenti che hanno immediatamente chiamato il 118 e i vigili del fuoco.<br \/>\n<strong>REDAZIONE<\/strong> Gestione Servizi Pubblici informa che a LIVINALLONGO DEL COL DI LANA in localit\u00e0 COLLAZ l&#8217;acqua erogata dall&#8217;acquedotto non \u00e8 potabile e non pu\u00f2 essere usata per scopi alimentari.<\/p>\n<h2>AUDIO dalle 7 del mattino<\/h2>\n<audio class=\"wp-audio-shortcode\" id=\"audio-391967-3\" preload=\"none\" style=\"width: 100%;\" controls=\"controls\"><source type=\"audio\/mpeg\" src=\"https:\/\/www.radiopiu.net\/wordpress\/wp-content\/uploads\/2024\/05\/GF07-23.mp3?_=3\" \/><a href=\"https:\/\/www.radiopiu.net\/wordpress\/wp-content\/uploads\/2024\/05\/GF07-23.mp3\">https:\/\/www.radiopiu.net\/wordpress\/wp-content\/uploads\/2024\/05\/GF07-23.mp3<\/a><\/audio>\n<p>&nbsp;<\/p>\n<p>&nbsp;<\/p>\n<hr \/>\n<p>&nbsp;<\/p>\n<h1><\/h1>\n<h1 style=\"text-align: center;\"><span style=\"color: #ff0000;\"><a class=\"dt-pswp-item\" href=\"https:\/\/www.radiopiu.net\/wordpress\/wp-content\/uploads\/2022\/01\/026c3f9d-dae9-4040-a3c1-a6530231bcc3.jpg\" data-dt-img-description=\"\" data-large_image_width=\"1152\" data-large_image_height=\"2048\"><img loading=\"lazy\" decoding=\"async\" class=\"wp-image-251839 alignleft\" src=\"https:\/\/www.radiopiu.net\/wordpress\/wp-content\/uploads\/2022\/01\/026c3f9d-dae9-4040-a3c1-a6530231bcc3-169x300.jpg\" alt=\"\" width=\"100\" height=\"177\" srcset=\"https:\/\/www.radiopiu.net\/wordpress\/wp-content\/uploads\/2022\/01\/026c3f9d-dae9-4040-a3c1-a6530231bcc3-169x300.jpg 169w, https:\/\/www.radiopiu.net\/wordpress\/wp-content\/uploads\/2022\/01\/026c3f9d-dae9-4040-a3c1-a6530231bcc3-576x1024.jpg 576w, https:\/\/www.radiopiu.net\/wordpress\/wp-content\/uploads\/2022\/01\/026c3f9d-dae9-4040-a3c1-a6530231bcc3-768x1365.jpg 768w, https:\/\/www.radiopiu.net\/wordpress\/wp-content\/uploads\/2022\/01\/026c3f9d-dae9-4040-a3c1-a6530231bcc3-864x1536.jpg 864w, https:\/\/www.radiopiu.net\/wordpress\/wp-content\/uploads\/2022\/01\/026c3f9d-dae9-4040-a3c1-a6530231bcc3.jpg 1152w\" sizes=\"auto, (max-width: 100px) 100vw, 100px\" \/><\/a>I podcast informativi del mattino &#8211; audio &#8211;\u00a0<\/span><\/h1>\n<blockquote><p><strong>GIORNALE RADIO NAZIONALE, EDIZIONE DELLE SETTE <span style=\"color: #0000ff;\">viene pubblicato alle 7.05 <span style=\"color: #ff0000;\">DIRETTA RADIO\u00a0<\/span><\/span><\/strong><\/p><\/blockquote>\n<p><strong>il giornale radionazionale e&#8217; in onda ogni ora, dalle sette del mattino alle venti della sera\u00a0\u00a0<\/strong><\/p>\n<p><strong>Guerra in Medio Oriente <\/strong>Raid israeliano a Rafah, 45 morti Il mondo condanna la strage Netanyahu: &#8216;Tragico incidente&#8217;.\u00a0 <strong>L&#8217;incontro a porte chiuse <\/strong>Il Papa contro i gay nei seminari, duro attacco parlando ai vescovi Avrebbe detto: troppa &#8216;frociaggine&#8217; <strong>Il processo <\/strong>Impagnatiello: &#8216;Ho ucciso Giulia&#8217;. Poi un castello di bugie <strong>Governo-Regione Siciliana <\/strong>Fondi di coesione, Meloni firma il patto da quasi 7 miliardi per la Sicilia <strong>Giallo a Palermo <\/strong>Per la morte di Onorato il pm apre un fascicolo per omicidio <strong>Ucraina <\/strong>Kiev annuncia l&#8217;arrivo di istruttori militari francesi<br \/>\n&#8216;\u00c8 in fase di discussione&#8217; <strong>Nuovo stop <\/strong>Taxi sul piede di guerra, scioperano il 5 e 6 giugno<\/p>\n<h2>AUDIO dalle sette del mattino, ogni ora alla radio<\/h2>\n<audio class=\"wp-audio-shortcode\" id=\"audio-391967-4\" preload=\"none\" style=\"width: 100%;\" controls=\"controls\"><source type=\"audio\/mpeg\" src=\"https:\/\/www.radiopiu.net\/wordpress\/wp-content\/uploads\/2024\/05\/giornale07-21.mp3?_=4\" \/><a href=\"https:\/\/www.radiopiu.net\/wordpress\/wp-content\/uploads\/2024\/05\/giornale07-21.mp3\">https:\/\/www.radiopiu.net\/wordpress\/wp-content\/uploads\/2024\/05\/giornale07-21.mp3<\/a><\/audio>\n<p>&nbsp;<\/p>\n<p>&nbsp;<\/p>\n<hr \/>\n<p>&nbsp;<\/p>\n<p>&nbsp;<\/p>\n<h1><span style=\"color: #ff0000;\">I podcast informativi del mattino &#8211; video &#8211;\u00a0<\/span><\/h1>\n<h2><strong><a class=\"dt-pswp-item\" href=\"https:\/\/www.radiopiu.net\/wordpress\/wp-content\/uploads\/2023\/12\/th-10.jpg\" data-dt-img-description=\"\" data-large_image_width=\"245\" data-large_image_height=\"180\"><img loading=\"lazy\" decoding=\"async\" class=\" wp-image-367395 alignleft\" src=\"https:\/\/www.radiopiu.net\/wordpress\/wp-content\/uploads\/2023\/12\/th-10.jpg\" alt=\"\" width=\"166\" height=\"122\" \/><\/a>RASSEGNA STAMPA LOCALE, ORE OTTO 05<\/strong><\/h2>\n<h2><strong> <span style=\"color: #0000ff;\">viene\u00a0 <\/span><\/strong><strong><span style=\"color: #0000ff;\">pubblicata alle 8.05 <span style=\"color: #ff0000;\">DIRETTA RADIO\u00a0\u00a0<\/span><\/span><\/strong><\/h2>\n<p><strong>DI MIRKO MEZZACASA\u00a0 \u00a0<\/strong><\/p>\n<p><strong>FELTRE<\/strong> Bottiglie di birra vuote alla fermata Dolomiti bus vicino alla scuola dell&#8217;infanzia di Anz\u00f9 creano uno spettacolo deplorevole per bambini, genitori e maestre. Le mamme chiedono maggiore attenzione del Comune per garantire il decoro e disincentivare comportamenti inappropriati.<br \/>\n<strong>BELLUNO<\/strong>\u00a0 Il 21 giugno, a Belluno, si terr\u00e0 l&#8217;udienza preliminare per Angelika Hutter, la 33enne tedesca che il 6 luglio scorso invest\u00ec e uccise tre turisti veneziani, Marco e Mattia Antoniello e Maria Grazia Zuin. Il pm Simone Marcon chieder\u00e0 il rinvio a giudizio per omicidio stradale plurimo.<br \/>\n<strong>SEDICO<\/strong> Nel processo per circonvenzione di incapace ai danni di un&#8217;anziana 78enne di Sedico, ieri hanno deposto gli imputati, due coniugi, accusati di aver approfittato dell&#8217;amica. Le accuse emergono dai servizi sociali, che hanno scoperto versamenti sospetti di 60 mila euro in totale dalla donna alla coppia.<br \/>\n<strong>BORGOVALBELLUNA\u00a0<\/strong> \u00a0Ennesimo investimento sulla provinciale 1 Sinistra Piave. Il conducente della Lancia Musa si \u00e8 trovato davanti il cervo, schianto inevitabile, parabrezza in frantumi e cofano distrutto<br \/>\n<strong>AGORDO<\/strong>\u00a0Dal 15 al 19 luglio, EssilorLuxottica organizza per il decimo anno consecutivo corsi gratuiti di preparazione per i test di ammissione all\u2019universit\u00e0, destinati a studenti diplomati o che hanno completato il 4\u00b0 anno. I corsi si terranno al Centro Congressi Belluno, con docenti delle Universit\u00e0 di Padova e Venezia.<br \/>\n<strong>RICONOSCIMENTO<\/strong> Il Gruppo Archeologico Cadorino \u00e8 stato Premiato con la Bandiera Verde di Legambiente 2024<\/p>\n<h2><span style=\"color: #ff0000;\"><strong>VIDEO\u00a0 \u00a0in diretta dalle 8 del mattino\u00a0<\/strong><\/span><\/h2>\n<p><iframe loading=\"lazy\" title=\"DAL 1983 LA RASSEGNA STAMPA LOCALE di mirko mezzacasa. L&#039;ORIGINALE\" width=\"1200\" height=\"675\" src=\"https:\/\/www.youtube.com\/embed\/Qkk4RStkUTE?feature=oembed\" frameborder=\"0\" allow=\"accelerometer; autoplay; clipboard-write; encrypted-media; gyroscope; picture-in-picture; web-share\" referrerpolicy=\"strict-origin-when-cross-origin\" allowfullscreen><\/iframe><\/p>\n<hr \/>\n<p>&nbsp;<\/p>\n<p>&nbsp;<\/p>\n<p><strong><a class=\"dt-pswp-item\" href=\"https:\/\/www.radiopiu.net\/wordpress\/wp-content\/uploads\/2023\/12\/ANTENNA.png\" data-dt-img-description=\"\" data-large_image_width=\"300\" data-large_image_height=\"166\"><img loading=\"lazy\" decoding=\"async\" class=\" wp-image-366306 alignleft\" src=\"https:\/\/www.radiopiu.net\/wordpress\/wp-content\/uploads\/2023\/12\/ANTENNA.png\" alt=\"\" width=\"175\" height=\"97\" \/><\/a>IERI SERA, DAL TG DI ANTENNA 3, DI\u00a0 STEFANO BOZZI (ogni sera alle 19 le anticipazioni alla radio, quello che poi seguirete nel TELEGIORNALE BELLUNESE\u00a0 in onda alle 19.30 sul CANALE 10 del digitale terrestre.\u00a0\u00a0<\/strong><\/p>\n<p>&nbsp;<\/p>\n<p><span style=\"color: #ff0000;\"><strong>\u00a0IERI SERA ALLA RADIO&#8230; LE ANTICIPAZIONI DI\u00a0 stefano bozzi<\/strong><\/span><\/p>\n<p><em><strong>ampio spazio alla vicenda pista da bob a Cortina e Fondi dei Comuni Confinanti, un&#8217;idea che risale al 2019 con i responsabili che\u00a0 cascano dal &#8220;pero&#8221;&#8230;<br \/>\nSmentite dalla Provincia Autonoma di Trento.<\/strong><\/em><\/p>\n<p><strong>audio<\/strong><\/p>\n<audio class=\"wp-audio-shortcode\" id=\"audio-391967-5\" preload=\"none\" style=\"width: 100%;\" controls=\"controls\"><source type=\"audio\/mpeg\" src=\"https:\/\/www.radiopiu.net\/wordpress\/wp-content\/uploads\/2024\/05\/ANTENNA3-2.mp3?_=5\" \/><a href=\"https:\/\/www.radiopiu.net\/wordpress\/wp-content\/uploads\/2024\/05\/ANTENNA3-2.mp3\">https:\/\/www.radiopiu.net\/wordpress\/wp-content\/uploads\/2024\/05\/ANTENNA3-2.mp3<\/a><\/audio>\n<p>&nbsp;<\/p>\n<p>&nbsp;<\/p>\n<p>&nbsp;<\/p>\n<hr \/>\n<p>&nbsp;<\/p>\n<blockquote>\n<h3>ADDIO AL PICCOLO ANGELO&#8230;IL BAMBINO DI TUTTI, AMATO PER IL SUO SORRISO, I FUNERALI SI SVOLGERANNO GIOVEDI ALLE 14.30 NELLA CHIESA PARROCCHIALE DI ROCCA PIETORE.<\/h3>\n<\/blockquote>\n<p><strong><a class=\"dt-pswp-item\" href=\"https:\/\/www.radiopiu.net\/wordpress\/wp-content\/uploads\/2024\/05\/e8db0c2a-a01f-4afd-8c8e-4468c9fbe527.jpg\" data-dt-img-description=\"\" data-large_image_width=\"1200\" data-large_image_height=\"1600\"><img loading=\"lazy\" decoding=\"async\" class=\" wp-image-392102 alignleft\" src=\"https:\/\/www.radiopiu.net\/wordpress\/wp-content\/uploads\/2024\/05\/e8db0c2a-a01f-4afd-8c8e-4468c9fbe527-225x300.jpg\" alt=\"\" width=\"143\" height=\"191\" srcset=\"https:\/\/www.radiopiu.net\/wordpress\/wp-content\/uploads\/2024\/05\/e8db0c2a-a01f-4afd-8c8e-4468c9fbe527-225x300.jpg 225w, https:\/\/www.radiopiu.net\/wordpress\/wp-content\/uploads\/2024\/05\/e8db0c2a-a01f-4afd-8c8e-4468c9fbe527-768x1024.jpg 768w, https:\/\/www.radiopiu.net\/wordpress\/wp-content\/uploads\/2024\/05\/e8db0c2a-a01f-4afd-8c8e-4468c9fbe527-1152x1536.jpg 1152w, https:\/\/www.radiopiu.net\/wordpress\/wp-content\/uploads\/2024\/05\/e8db0c2a-a01f-4afd-8c8e-4468c9fbe527.jpg 1200w\" sizes=\"auto, (max-width: 143px) 100vw, 143px\" \/><\/a>DI MARINA DONA&#8217;<\/strong><\/p>\n<p>Affetto da una malattia rara, \u00e8 venuto a mancare\u00a0 il piccolo Angelo Bassot, di nove anni, di Saviner di Rocca Pietore. Era un bambino dolcissimo e di carattere mite, amato da tutti perch\u00e9 sorrideva sempre. La sorella, in particolare, si \u00e8 sempre presa cura di lui come se fosse la sua infermiera personale. I genitori raccontano che un giorno Elena, la sorellina, ha espresso il desiderio di imparare alcune tecniche di medicazione per poter aiutare il fratellino. Sara e Omar affermano che Angelo non era solo il loro bambino, ma il bambino di tutti. Era sempre allegro e sorridente, un bambino molto dolce. Angelo adorava osservare il suo pap\u00e0 mentre lavorava sulla &#8220;pachera&#8221;. Ora Angelo \u00e8 un angelo di nome e di fatto.<\/p>\n<blockquote>\n<h3><em>&#8220;Sarai sempre in me, ritrover\u00f2 in un gesto gentile, nell&#8217;acqua gelida della tua amata Mont da Laste, nel rumore del camion, trial, escavatore&#8230; sarai la volpe che mi guarda o sei il cervo? Se in ogni cosa infinitamente mio, ma tua ora vai, corri mio piccolo Angelo, senza fili, libero dal male tra le tue montagne&#8221;\u00a0<\/em><\/h3>\n<p>&nbsp;<\/p><\/blockquote>\n<hr \/>\n<p>&nbsp;<\/p>\n<p>&nbsp;<\/p>\n<p><strong><a class=\"dt-pswp-item\" href=\"https:\/\/www.radiopiu.net\/wordpress\/wp-content\/uploads\/2024\/05\/Senza-nome-59.png\" data-dt-img-description=\"\" data-large_image_width=\"222\" data-large_image_height=\"217\"><img loading=\"lazy\" decoding=\"async\" class=\" wp-image-392162 alignleft\" src=\"https:\/\/www.radiopiu.net\/wordpress\/wp-content\/uploads\/2024\/05\/Senza-nome-59.png\" alt=\"\" width=\"72\" height=\"70\" \/><\/a>LUTTO A MEL<\/strong><\/p>\n<p>&nbsp;<\/p>\n<p><strong>MEL<\/strong> \u00a0A 77 anni, infatti, si \u00e8 spento Gianfranco Miglioranza, gi\u00e0 consigliere comunale e assessore a Mel ma anche volontario della Pro loco zumellese e presidente del consorzio delle Pro loco della Sinistra Piave. Lascia la moglie Pia e i figli Paolo e Silvia,<\/p>\n<p>&nbsp;<\/p>\n<hr \/>\n<p>&nbsp;<\/p>\n<blockquote>\n<h3>DUE INTERVENTI IN MATTINATA PER IL SUEM 118<\/h3>\n<\/blockquote>\n<p><strong><a class=\"dt-pswp-item\" href=\"https:\/\/www.radiopiu.net\/wordpress\/wp-content\/uploads\/2023\/08\/suem.png\" data-dt-img-description=\"\" data-large_image_width=\"273\" data-large_image_height=\"127\"><img loading=\"lazy\" decoding=\"async\" class=\" wp-image-348238 alignleft\" src=\"https:\/\/www.radiopiu.net\/wordpress\/wp-content\/uploads\/2023\/08\/suem.png\" alt=\"\" width=\"163\" height=\"76\" \/><\/a>REDAZIONE<\/strong> La giornata della centrale operativa del Suem 118 \u00e8 iniziata questa mattina dopo le 7:30 quando i sanitari sono stati chiamati per soccorrere un minore che aveva subito un trauma. E&#8217; successo a Sospirolo, il giovane paziente \u00e8 stato portato all&#8217;ospedale di Belluno con ferite lievi. Alle 10 il secondo intervento, questa volta a Santa Giustina per soccorrere una 79enne del luogo a causa di un trauma. L&#8217;ambulanza di Feltre si \u00e8 recata in localit\u00e0 Piovena per poi trasportare al Santa Maria Del Prato la signora infortunata con ferite di media gravit\u00e0.<\/p>\n<p>&nbsp;<\/p>\n<hr \/>\n<p>&nbsp;<\/p>\n<blockquote>\n<h2>Grande mobilitazione per salvare un bambino a Pez (foto corriere alpi)<\/h2>\n<\/blockquote>\n<p><strong><img decoding=\"async\" class=\"alignleft\" src=\"https:\/\/www.radiopiu.net\/wordpress\/wp-content\/uploads\/2024\/05\/Senza-nome-58.png\" \/>CESIOMAGGIORE<\/strong> \u00a0grande spavento ma, fortunatamente, nessun danno permanente per un bambino di quinta elementare che, ieri pomeriggio alle 17:30, \u00e8 rimasto infilzato da uno spuntone del cancello mentre tentava di scavalcarlo vicino alla piazza di Pez. Le sue urla hanno richiamato l&#8217;attenzione dei residenti che hanno immediatamente chiamato il 118 e i vigili del fuoco. L&#8217;ambulanza dell&#8217;ospedale di Feltre \u00e8 arrivata per prima, seguita dai vigili del fuoco. I soccorritori, valutando la situazione, hanno richiesto l&#8217;intervento dell&#8217;elicottero del Suem. Il bambino \u00e8 stato rassicurato e, con la massima cautela, i vigili del fuoco hanno tagliato lo spuntone conficcato nella sua gamba. Trasportato all&#8217;ospedale di Belluno, il piccolo \u00e8 stato trattato senza complicazioni gravi. L&#8217;intervento tempestivo e coordinato dei soccorritori ha dimostrato grande professionalit\u00e0, lasciando un segno positivo nella memoria del giovane protagonista e della comunit\u00e0 locale.<\/p>\n<p>&nbsp;<\/p>\n<hr \/>\n<p>&nbsp;<\/p>\n<blockquote>\n<h3><a class=\"dt-pswp-item\" href=\"https:\/\/www.radiopiu.net\/wordpress\/wp-content\/uploads\/2023\/08\/ambulanza-ulss-1.jpg\" data-dt-img-description=\"\" data-large_image_width=\"1591\" data-large_image_height=\"1029\"><img loading=\"lazy\" decoding=\"async\" class=\"wp-image-348787 alignleft\" src=\"https:\/\/www.radiopiu.net\/wordpress\/wp-content\/uploads\/2023\/08\/ambulanza-ulss-1-300x194.jpg\" alt=\"\" width=\"176\" height=\"114\" srcset=\"https:\/\/www.radiopiu.net\/wordpress\/wp-content\/uploads\/2023\/08\/ambulanza-ulss-1-300x194.jpg 300w, https:\/\/www.radiopiu.net\/wordpress\/wp-content\/uploads\/2023\/08\/ambulanza-ulss-1-1024x662.jpg 1024w, https:\/\/www.radiopiu.net\/wordpress\/wp-content\/uploads\/2023\/08\/ambulanza-ulss-1-768x497.jpg 768w, https:\/\/www.radiopiu.net\/wordpress\/wp-content\/uploads\/2023\/08\/ambulanza-ulss-1-1536x993.jpg 1536w, https:\/\/www.radiopiu.net\/wordpress\/wp-content\/uploads\/2023\/08\/ambulanza-ulss-1.jpg 1591w\" sizes=\"auto, (max-width: 176px) 100vw, 176px\" \/><\/a>Incidente a Piovena: anziana finisce nella scarpata con la sua Peugeot 206<\/h3>\n<\/blockquote>\n<p><strong>SANTA GIUSTINA<\/strong> Un&#8217;anziana di Santa Giustina ha perso il controllo della sua Peugeot 206 lungo la statale 50 in localit\u00e0 Piovena, finendo nella scarpata sottostante. L&#8217;incidente \u00e8 avvenuto poco prima delle 10 di luned\u00ec mattina. La donna, per fortuna, non ha riportato ferite gravi ma \u00e8 stata comunque trasportata al pronto soccorso dell&#8217;ospedale di Feltre. Sul posto \u00e8 intervenuta anche un&#8217;ambulanza del 118, che ha trasferito la donna al\u00a0 Santa Maria del Prato.<\/p>\n<p>&nbsp;<\/p>\n<p>&nbsp;<\/p>\n<hr \/>\n<p>&nbsp;<\/p>\n<blockquote>\n<h2>Degrado alla fermata dell&#8217;asilo di Anz\u00f9<\/h2>\n<\/blockquote>\n<p><strong>FELTRE <\/strong>Bottiglie di birra vuote alla fermata Dolomiti bus vicino alla scuola dell&#8217;infanzia di Anz\u00f9 creano uno spettacolo deplorevole per bambini, genitori e maestre. Le mamme chiedono maggiore attenzione del Comune per garantire il decoro e disincentivare comportamenti inappropriati.<\/p>\n<p>&nbsp;<\/p>\n<hr \/>\n<p>&nbsp;<\/p>\n<p>&nbsp;<\/p>\n<blockquote>\n<h2>LA GIUDIZIARIA, SINTESI DAL CORRIERE DELLE ALPI<\/h2>\n<h3>Udienza Preliminare per Omicidio Stradale Plurimo<\/h3>\n<\/blockquote>\n<p><strong>BELLUNO\u00a0<\/strong> Il 21 giugno, a Belluno, si terr\u00e0 l&#8217;udienza preliminare per Angelika Hutter, la 33enne tedesca che il 6 luglio scorso invest\u00ec e uccise tre turisti veneziani, Marco e Mattia Antoniello e Maria Grazia Zuin. Il pm Simone Marcon chieder\u00e0 il rinvio a giudizio per omicidio stradale plurimo. Le famiglie delle vittime si costituiranno parte civile. Hutter, che ora \u00e8 in libert\u00e0 vigilata in una struttura psichiatrica, \u00e8 stata riconosciuta parzialmente incapace di intendere e volere al momento dell&#8217;incidente.<\/p>\n<p>&nbsp;<\/p>\n<blockquote>\n<h3>Amicizia Tradita: Processo per Circonvenzione di Incapace<\/h3>\n<\/blockquote>\n<p><strong>SEDICO <\/strong>Nel processo per circonvenzione di incapace ai danni di un&#8217;anziana 78enne di Sedico, ieri hanno deposto gli imputati, due coniugi, accusati di aver approfittato dell&#8217;amica. Le accuse emergono dai servizi sociali, che hanno scoperto versamenti sospetti di 60 mila euro in totale dalla donna alla coppia. Gli imputati negano ogni richiesta di denaro. Nonostante una perizia che ha dimostrato l&#8217;incapacit\u00e0 della donna a testimoniare, il processo \u00e8 stato rinviato a settembre per le ultime testimonianze e la discussione finale.<\/p>\n<p>&nbsp;<\/p>\n<hr \/>\n<p>&nbsp;<\/p>\n<blockquote>\n<h3>UN CERVO IN MENO E UNA MACCHINA IN PIU&#8217; IN CARROZZERIA<\/h3>\n<\/blockquote>\n<p><strong>BORGOVALBELLUNA\u00a0<\/strong> \u00a0Ennesimo investimento sulla provinciale 1 Sinistra Piave. Il conducente della Lancia Musa si \u00e8 trovato davanti il cervo, schianto inevitabile, parabrezza in frantumi e cofano distrutto<\/p>\n<p>&nbsp;<\/p>\n<p>&nbsp;<\/p>\n<hr \/>\n<p>&nbsp;<\/p>\n<blockquote>\n<h3 class=\"entry-title\">ISCRIZIONI APERTE AI CORSI GRATUITI ESSILORLUXOTTICA PER I TEST UNIVERSITARI<\/h3>\n<\/blockquote>\n<p><strong class=\"photoswipe-wrapper\"><a class=\"dt-pswp-item pspw-wrap-ready\" href=\"https:\/\/www.radiopiu.net\/wordpress\/wp-content\/uploads\/2024\/04\/essilorluxottica.png\" data-dt-img-description=\"\" data-large_image_width=\"400\" data-large_image_height=\"400\"><img loading=\"lazy\" decoding=\"async\" class=\" wp-image-386124 alignleft\" src=\"https:\/\/www.radiopiu.net\/wordpress\/wp-content\/uploads\/2024\/04\/essilorluxottica-300x300.png\" sizes=\"auto, (max-width: 124px) 100vw, 124px\" srcset=\"https:\/\/www.radiopiu.net\/wordpress\/wp-content\/uploads\/2024\/04\/essilorluxottica-300x300.png 300w, https:\/\/www.radiopiu.net\/wordpress\/wp-content\/uploads\/2024\/04\/essilorluxottica-150x150.png 150w, https:\/\/www.radiopiu.net\/wordpress\/wp-content\/uploads\/2024\/04\/essilorluxottica.png 400w\" alt=\"\" width=\"124\" height=\"124\" \/><\/a>AGORDO<\/strong>\u00a0Dal 15 al 19 luglio, EssilorLuxottica organizza per il decimo anno consecutivo corsi gratuiti di preparazione per i test di ammissione all\u2019universit\u00e0, destinati a studenti diplomati o che hanno completato il 4\u00b0 anno. I corsi si terranno al Centro Congressi Belluno, con docenti delle Universit\u00e0 di Padova e Venezia. Questa iniziativa di welfare mira a garantire l\u2019accessibilit\u00e0 alla formazione e avr\u00e0 un impatto sociale positivo. \u00c8 prevista una convenzione con la Casa per Ferie per chi proviene da fuori provincia e la possibilit\u00e0 di partecipare online via Microsoft Teams. I partecipanti riceveranno un attestato valido come riconoscimento del PCTO (ex alternanza scuola-lavoro).<\/p>\n<p>&nbsp;<\/p>\n<p>&nbsp;<\/p>\n<hr \/>\n<blockquote>\n<h3><\/h3>\n<h3>INAUGURATA LA CICLOPEDONALE DELLA VENEGGIA<\/h3>\n<\/blockquote>\n<p><strong><a class=\"dt-pswp-item\" href=\"https:\/\/www.radiopiu.net\/wordpress\/wp-content\/uploads\/2024\/05\/08b1a582-7661-45bf-ad6e-62b881876791.jpg\" data-dt-img-description=\"\" data-large_image_width=\"2048\" data-large_image_height=\"1536\"><img loading=\"lazy\" decoding=\"async\" class=\" wp-image-392084 alignleft\" src=\"https:\/\/www.radiopiu.net\/wordpress\/wp-content\/uploads\/2024\/05\/08b1a582-7661-45bf-ad6e-62b881876791-300x225.jpg\" alt=\"\" width=\"157\" height=\"118\" srcset=\"https:\/\/www.radiopiu.net\/wordpress\/wp-content\/uploads\/2024\/05\/08b1a582-7661-45bf-ad6e-62b881876791-300x225.jpg 300w, https:\/\/www.radiopiu.net\/wordpress\/wp-content\/uploads\/2024\/05\/08b1a582-7661-45bf-ad6e-62b881876791-1024x768.jpg 1024w, https:\/\/www.radiopiu.net\/wordpress\/wp-content\/uploads\/2024\/05\/08b1a582-7661-45bf-ad6e-62b881876791-768x576.jpg 768w, https:\/\/www.radiopiu.net\/wordpress\/wp-content\/uploads\/2024\/05\/08b1a582-7661-45bf-ad6e-62b881876791-1536x1152.jpg 1536w, https:\/\/www.radiopiu.net\/wordpress\/wp-content\/uploads\/2024\/05\/08b1a582-7661-45bf-ad6e-62b881876791.jpg 2048w\" sizes=\"auto, (max-width: 157px) 100vw, 157px\" \/><\/a>BELLUNO<\/strong> Taglio del nastro per la passerella ciclopedonale della Veneggia, a Belluno: torna cos\u00ec pienamente percorribile da tutti il ponte tra via Vittorio Veneto e via Tiziano Vecellio.<\/p>\n<p><strong>DI DANIELE DALVIT<\/strong><\/p>\n<audio class=\"wp-audio-shortcode\" id=\"audio-391967-6\" preload=\"none\" style=\"width: 100%;\" controls=\"controls\"><source type=\"audio\/mpeg\" src=\"https:\/\/www.radiopiu.net\/wordpress\/wp-content\/uploads\/2024\/05\/Radio-Piu-Servizio-Inaugurazione-ciclabile-Veneggia.mp3?_=6\" \/><a href=\"https:\/\/www.radiopiu.net\/wordpress\/wp-content\/uploads\/2024\/05\/Radio-Piu-Servizio-Inaugurazione-ciclabile-Veneggia.mp3\">https:\/\/www.radiopiu.net\/wordpress\/wp-content\/uploads\/2024\/05\/Radio-Piu-Servizio-Inaugurazione-ciclabile-Veneggia.mp3<\/a><\/audio>\n<p>&nbsp;<\/p>\n<hr \/>\n<p>&nbsp;<\/p>\n<blockquote>\n<h3>PRIMA RIUNIONE DELLA CABINA DI COORDINAMENTO DEL PNRR A BELLUNO<\/h3>\n<\/blockquote>\n<p><strong><a class=\"dt-pswp-item\" href=\"https:\/\/www.radiopiu.net\/wordpress\/wp-content\/uploads\/2020\/04\/PREFETTURA-BELLUNO.jpeg\" data-dt-img-description=\"\" data-large_image_width=\"384\" data-large_image_height=\"384\"><img loading=\"lazy\" decoding=\"async\" class=\" wp-image-133575 alignleft\" src=\"https:\/\/www.radiopiu.net\/wordpress\/wp-content\/uploads\/2020\/04\/PREFETTURA-BELLUNO-300x300.jpeg\" alt=\"\" width=\"133\" height=\"133\" srcset=\"https:\/\/www.radiopiu.net\/wordpress\/wp-content\/uploads\/2020\/04\/PREFETTURA-BELLUNO-300x300.jpeg 300w, https:\/\/www.radiopiu.net\/wordpress\/wp-content\/uploads\/2020\/04\/PREFETTURA-BELLUNO-150x150.jpeg 150w, https:\/\/www.radiopiu.net\/wordpress\/wp-content\/uploads\/2020\/04\/PREFETTURA-BELLUNO.jpeg 384w\" sizes=\"auto, (max-width: 133px) 100vw, 133px\" \/><\/a>BELLUNO <\/strong>Ieri si \u00e8 tenuta presso la Prefettura di Belluno la prima riunione della Cabina di coordinamento del PNRR, istituita in tutte le Prefetture dal decreto-legge n. 19 del 2024. La riunione \u00e8 stata presieduta dal Presidente del Consiglio, che ha partecipato da Roma. In presenza a Belluno c&#8217;erano il Sindaco del Comune capoluogo, i Sindaci di Sedico e Feltre, il responsabile della RGS di Belluno-Treviso e il Direttore dell\u2019Ufficio Scolastico Territoriale di Belluno. Le Cabine di coordinamento sono strumenti di supporto territoriale per rafforzare la governance del PNRR, migliorando la comunicazione tra la Cabina di Regia nazionale, le amministrazioni centrali e i soggetti attuatori locali. Questi gruppi aiuteranno a identificare e risolvere tempestivamente eventuali criticit\u00e0, collaborando con tutti i soggetti istituzionali coinvolti e implementando Piani di azione dedicati.<\/p>\n<p>&nbsp;<\/p>\n<p>&nbsp;<\/p>\n<hr \/>\n<p>&nbsp;<\/p>\n<blockquote>\n<h3>MANIFATTURIERO IN TENUTA, MA CONGIUNTURA DEBOLE<\/h3>\n<\/blockquote>\n<p><strong><a class=\"dt-pswp-item\" href=\"https:\/\/www.radiopiu.net\/wordpress\/wp-content\/uploads\/2024\/03\/ee5a0546-b1cd-4c75-be00-58435b134846.jpg\" data-dt-img-description=\"\" data-large_image_width=\"1600\" data-large_image_height=\"531\"><img loading=\"lazy\" decoding=\"async\" class=\" wp-image-377589 alignleft\" src=\"https:\/\/www.radiopiu.net\/wordpress\/wp-content\/uploads\/2024\/03\/ee5a0546-b1cd-4c75-be00-58435b134846-300x100.jpg\" alt=\"\" width=\"207\" height=\"69\" srcset=\"https:\/\/www.radiopiu.net\/wordpress\/wp-content\/uploads\/2024\/03\/ee5a0546-b1cd-4c75-be00-58435b134846-300x100.jpg 300w, https:\/\/www.radiopiu.net\/wordpress\/wp-content\/uploads\/2024\/03\/ee5a0546-b1cd-4c75-be00-58435b134846-1024x340.jpg 1024w, https:\/\/www.radiopiu.net\/wordpress\/wp-content\/uploads\/2024\/03\/ee5a0546-b1cd-4c75-be00-58435b134846-768x255.jpg 768w, https:\/\/www.radiopiu.net\/wordpress\/wp-content\/uploads\/2024\/03\/ee5a0546-b1cd-4c75-be00-58435b134846-1536x510.jpg 1536w, https:\/\/www.radiopiu.net\/wordpress\/wp-content\/uploads\/2024\/03\/ee5a0546-b1cd-4c75-be00-58435b134846.jpg 1600w\" sizes=\"auto, (max-width: 207px) 100vw, 207px\" \/><\/a>TREVISO<\/strong> I risultati del primo trimestre 2024 dell\u2019indagine congiunturale sulle imprese manifatturiere venete, trevigiane e bellunesi, indicano una stabilizzazione del rallentamento economico, con segnali di lieve ripresa. La produzione e gli ordini, soprattutto esteri, stanno migliorando, portando a un aumento dell&#8217;utilizzo degli impianti e dei giorni di produzione garantiti. Tuttavia, il quadro economico resta debole, influenzato da inflazione, calo del potere d\u2019acquisto e incertezze negli investimenti. Settori come il legno-arredo sono ancora in difficolt\u00e0, mentre l&#8217;occhialeria mostra una crescita positiva. La ripresa dei settori dei metalli e della gomma plastica \u00e8 un segnale incoraggiante. Le previsioni per il secondo trimestre sono moderatamente ottimistiche, ma persistono rischi geopolitici e l&#8217;importanza di una gestione adeguata dei tassi d\u2019interesse da parte della BCE. Globalmente, l&#8217;economia mostra resilienza, con una crescita mondiale prevista del 3,2% per il 2024. Le economie emergenti, in particolare Cina e India, sosterranno questa crescita, mentre la ripresa nell&#8217;area euro sar\u00e0 debole. L&#8217;Italia \u00e8 prevista crescere dello 0,7%, leggermente inferiore al 2023.<\/p>\n<p>&nbsp;<\/p>\n<p>&nbsp;<\/p>\n<hr \/>\n<p>&nbsp;<\/p>\n<blockquote>\n<h3>IERI L&#8217;ASSEMBLEA DEI SOCI DELLA FONDAZIONE DOLOMITI BELLUNESI<\/h3>\n<\/blockquote>\n<p><strong><a class=\"dt-pswp-item\" href=\"https:\/\/www.radiopiu.net\/wordpress\/wp-content\/uploads\/2024\/05\/Assemblea-soci-foto-2_27-maggio-2024.jpg\" data-dt-img-description=\"\" data-large_image_width=\"1600\" data-large_image_height=\"1200\"><img loading=\"lazy\" decoding=\"async\" class=\" wp-image-392149 alignleft\" src=\"https:\/\/www.radiopiu.net\/wordpress\/wp-content\/uploads\/2024\/05\/Assemblea-soci-foto-2_27-maggio-2024-300x225.jpg\" alt=\"\" width=\"171\" height=\"128\" srcset=\"https:\/\/www.radiopiu.net\/wordpress\/wp-content\/uploads\/2024\/05\/Assemblea-soci-foto-2_27-maggio-2024-300x225.jpg 300w, https:\/\/www.radiopiu.net\/wordpress\/wp-content\/uploads\/2024\/05\/Assemblea-soci-foto-2_27-maggio-2024-1024x768.jpg 1024w, https:\/\/www.radiopiu.net\/wordpress\/wp-content\/uploads\/2024\/05\/Assemblea-soci-foto-2_27-maggio-2024-768x576.jpg 768w, https:\/\/www.radiopiu.net\/wordpress\/wp-content\/uploads\/2024\/05\/Assemblea-soci-foto-2_27-maggio-2024-1536x1152.jpg 1536w, https:\/\/www.radiopiu.net\/wordpress\/wp-content\/uploads\/2024\/05\/Assemblea-soci-foto-2_27-maggio-2024.jpg 1600w\" sizes=\"auto, (max-width: 171px) 100vw, 171px\" \/><\/a>BELLUNO<\/strong> Ieri durante l&#8217;Assemblea dei soci della Fondazione Dolomiti Bellunesi, la Presidente Emanuela de Zanna e la Direttrice Valentina Colleselli hanno presentato il piano di sviluppo della DMO per il periodo 2024-2026. La DMO mira a diventare un interlocutore chiave per il territorio, promuovendo una nuova visione turistica che integri attrattivit\u00e0, coesione territoriale e rafforzamento delle identit\u00e0 locali, evolvendosi da ente di promozione a ente di governance e sviluppo territoriale. \u00c8 stato illustrato il piano di sviluppo territoriale e marketing per il 2024, con l\u2019obiettivo di trasformare la destinazione in una &#8220;Smart Tourism Destination&#8221; attraverso strumenti di data intelligence e digitali. \u00c8 stato presentato il report SEO del sito <a href=\"http:\/\/www.visitdolomitibellunesi.com\/\" target=\"_new\" rel=\"noreferrer noopener\">www.visitdolomitibellunesi.com<\/a>, la mappatura dei visitatori e delle ricerche, e il piano di comunicazione 2024. Il bilancio 2023 \u00e8 stato approvato all&#8217;unanimit\u00e0.<\/p>\n<p>&nbsp;<\/p>\n<hr \/>\n<p>&nbsp;<\/p>\n<blockquote>\n<h1>DILLO A RADIO PIU&#8217;&#8230;IL CAMPEGGIO STUDENTESCO DI PRALONGO<\/h1>\n<\/blockquote>\n<blockquote><p><em>Dal 2018, iscriviamo i nostri figli al Campeggio Studentesco di Pralongo, un&#8217;esperienza educativa preziosa. Quest&#8217;anno, non riceviamo conferme n\u00e9 risposte. Chiediamo chiarimenti urgenti per partecipare e non deludere i nostri ragazzi.<\/em><\/p><\/blockquote>\n<p><strong><a class=\"dt-pswp-item\" href=\"https:\/\/www.radiopiu.net\/wordpress\/wp-content\/uploads\/2024\/05\/132739016-749cb1ef-8e65-49ac-a583-003eea4a0808.jpg\" data-dt-img-description=\"\" data-large_image_width=\"1920\" data-large_image_height=\"1080\"><img loading=\"lazy\" decoding=\"async\" class=\" wp-image-391836 alignleft\" src=\"https:\/\/www.radiopiu.net\/wordpress\/wp-content\/uploads\/2024\/05\/132739016-749cb1ef-8e65-49ac-a583-003eea4a0808-300x169.jpg\" alt=\"\" width=\"241\" height=\"136\" srcset=\"https:\/\/www.radiopiu.net\/wordpress\/wp-content\/uploads\/2024\/05\/132739016-749cb1ef-8e65-49ac-a583-003eea4a0808-300x169.jpg 300w, https:\/\/www.radiopiu.net\/wordpress\/wp-content\/uploads\/2024\/05\/132739016-749cb1ef-8e65-49ac-a583-003eea4a0808-1024x576.jpg 1024w, https:\/\/www.radiopiu.net\/wordpress\/wp-content\/uploads\/2024\/05\/132739016-749cb1ef-8e65-49ac-a583-003eea4a0808-768x432.jpg 768w, https:\/\/www.radiopiu.net\/wordpress\/wp-content\/uploads\/2024\/05\/132739016-749cb1ef-8e65-49ac-a583-003eea4a0808-1536x864.jpg 1536w, https:\/\/www.radiopiu.net\/wordpress\/wp-content\/uploads\/2024\/05\/132739016-749cb1ef-8e65-49ac-a583-003eea4a0808.jpg 1920w\" sizes=\"auto, (max-width: 241px) 100vw, 241px\" \/><\/a>RICEVIAMO E PUBBLICHIAMO<\/strong><\/p>\n<p>Buon giorno, siamo tre famiglie di Verona che, dal 2018, iscriviamo i nostri figli e figlie al Campeggio Studentesco di Pralongo. Abbiamo conosciuto l\u2019iniziativa, attraverso una circolare dell\u2019Istituto Comprensivo della Val di Zoldo che la scuola che frequentiamo di Verona ha girato a tutte le famiglie. Abbiamo trovato l\u2019iniziativa molto stimolante, il programma utile, il contesto spiegato in ogni dettaglio. Abbiamo ricevuto ogni rassicurazione con informative chiare e esaustive sul sito dedicato, risposte tempestive alle mail di richiesta informazioni e dettagli completi nel corso dei contatti telefonici. Tutto questo ci ha convinti, tanto che fin dal primo anno di partecipazione abbiamo affidato una delle nostre ragazze (allora la piu\u0300 grande del gruppo) all\u2019iniziativa e la fiducia e\u0300 stata confermata quando abbiamo conosciuto anche di persona gli insegnanti e i volontari, tanto che negli anni successivi anche amici, amiche e fratelli si sono iscritti. Da allora i veronesi che, di anno in anno, si sono iscritti, sono arrivati a essere fino a sei! Per assicurarci il posto abbiamo sempre partecipato al bando fin dal primo giorno (e dalle prime ore) di apertura delle iscrizioni e i nostri figli e figlie hanno sempre imparato da questa esperienza a conoscere la montagna (molto diversa dalla loro comfort zone cittadina!), a organizzare spazi, attrezzature e oggetti personali, mangiare sano, fare attivita\u0300 motoria e conoscere amici e amiche di altre citta\u0300, mantenendo durante gli inverni i contatti e le relazioni. Questo per noi non e\u0300 quindi solo un campeggio, solo una vacanza, ma un vero e proprio vissuto educativo, nel quale sentiamo gli e le adulti coinvolti come forti alleati nella crescita personale e sociale dei nostri figli e figlie, che affidiamo con fiducia a una comunita\u0300 educante lontana da Verona, ma vicina al nostro sistema valoriale. Quest\u2019anno abbiamo partecipato al bando, come sempre, scegliendo il turno che per ciascuno di noi meglio si coniugasse con gli impegni estivi scolastici e familiari. A tutt\u2019oggi non abbiamo conferma dell\u2019accoglimento della domanda, non riceviamo risposta alle mail che inviamo, non troviamo interlocutori telefonici. Il sito non e\u0300 aggiornato e siamo preoccupati per questo silenzio. Siamo certi che qualcosa ci sfugga; non possiamo credere che chi da anni organizza questa meravigliosa esperienza, non se ne stia occupando. Sappiamo anche della costituzione di una Associazione a tutela dell\u2019esperienza maturata con questo Campeggio Studentesco e davvero siamo nell\u2019imbarazzo di non sapere se, tra un mese, si svolgera\u0300 o meno. Chiediamo a chi ne e\u0300 titolato con fermezza di riattivare ogni canale utile non solo a metterci nelle condizioni logistiche e organizzative per poter partecipare al Campeggio Studentesco, ma anche a non deludere i nostri ragazzi e ragazze. Grazie, fin da ora, per l\u2019aiuto a mettere chiarezza su questa vicenda e per i riscontri che ci saranno dati.<\/p>\n<p>Famiglia Cavarzere, Valeria e Giovanni genitori di Emma e Francesco<\/p>\n<p>Famiglia Diodato, Giuliana e Davide, genitori di Cesare<\/p>\n<p>Famiglia Zamboni, Martina e Federico genitori di Viola<\/p>\n<p>(foto: Corriere Delle Alpi)<\/p>\n<p>&nbsp;<\/p>\n<h2><span style=\"color: #ff0000;\"><strong>SECONDO CONTRIBUTO<\/strong><\/span><\/h2>\n<p><strong>Riceviamo e pubblichiamo<\/strong><\/p>\n<p>Siamo 5 famiglie di Padova i cui figli frequentano, chi da pi\u00f9 anni chi da meno, il campeggio studentesco di Pralongo, organizzato dall\u2019Istituto Comprensivo d i Val di Zoldo, ma il gruppo di Padova \u00e8 storicamente un gruppo ben pi\u00f9 ampio. Ogni anno, il giorno della pre iscrizione, siamo tutti pronti alle 8 di mattina davanti al computer per compilare il format dell\u2019iscrizione il prima possibile, perch\u00e9 i nostri ragazzi ci tengono tantissimo. Per tutto l\u2019anno aspettano di poter rivedere i lo ro amici che abitano in altre citt\u00e0 come Verona, Feltre, Belluno, Venezia. Amicizie sane che si sono create in un contesto sano! In questa societ\u00e0 liquida dove tutto deve essere veloce, superficiale ed effimero, questa di Pralongo \u00e8 un\u2019esperienza solida, vera, che resta indelebile nella memoria. Bambini e ragazzi che a volte non sanno nemmeno cos\u2019\u00e8 un prato, hanno la possibilit\u00e0 di vivere a diretto contatto con la natura, cosa che permette loro di conoscere le proprie abilit\u00e0 e i propri limiti; di vivere a contatto con relazioni reali e non virtuali (mediate da schermi), cosa che permette loro di conoscere e confrontarsi col proprio carattere e con la propria identit\u00e0 in formazione. Imparano a gestirsi e ad organizzarsi sotto la guida sicura ma discreta di adulti che ci mettono attenzione e passione, persone che si sono unite in Associazione per tutelare al meglio questa attivit\u00e0. Ci troviamo ora in questa situazione incredibile in cui tutto questo \u00e8 stato bloccato senza una spiegazione. Da un mese e mezzo non abbiamo nessuna notizia, il 3 Aprile abbiamo inviato la pre iscrizione, non sappiamo se i nostri figli sono stati presi e soprattutto non sappiamo se il campeggio avr\u00e0 luogo. Ci si chiede perch\u00e9 non possiamo avere un interlocutore. Qualcuno che ci spieghi cosa sta succedendo e che non ci lasci cos\u00ec sospesi. Al di l\u00e0 degli aspetti organizzativi che comunque pesano molto (sappiamo quanto sia difficile organizzare le estati dei figli quando i genitori lavorano) ci chiediamo perch\u00e9 un\u2019esperienza che dal nostro punto di vista ha solo del buono per i ragazzi, debba essere bloccata dopo cos\u00ec tanti anni. Chiediamo di rompere il silenzio, di dare una risposta certa sull\u2019attivazione del campeggio studentesco, di aprire una comunicazione che permetta la possibilit\u00e0 organizzativa di partecipare, rispondendo cos\u00ec alle tante aspettative dei ragazzi e delle loro famiglie. Grazie per l\u2019aiuto che ci verr\u00e0 fornito a fare chiarezza e per i riscontri che ci saranno dati.<br \/>\nFamiglia Canton,\u00a0 Famiglia Sartori,\u00a0 Famiglia Magazz\u00f9,\u00a0 Famiglia Saccuman,\u00a0 Famiglia Cogotti<\/p>\n<p>&nbsp;<\/p>\n<p>&nbsp;<\/p>\n<hr \/>\n<p>&nbsp;<\/p>\n<p>&nbsp;<\/p>\n<p><span style=\"color: #ff0000;\"><strong>LE DIRETTE DI RADIOPIU&#8217;&#8230;..<\/strong><\/span><\/p>\n<h2><span style=\"color: #666699;\">LA VITA CONTINUA OLTRE I CONFINI DEL WEB<\/span><\/h2>\n<p class=\"photoswipe-wrapper\"><strong><a class=\"dt-pswp-item\" href=\"https:\/\/www.radiopiu.net\/wordpress\/wp-content\/uploads\/2021\/07\/SALA-DON-TAMIS.png\" data-dt-img-description=\"\" data-large_image_width=\"1354\" data-large_image_height=\"920\"><img loading=\"lazy\" decoding=\"async\" class=\" wp-image-220859 alignleft\" src=\"https:\/\/www.radiopiu.net\/wordpress\/wp-content\/uploads\/2021\/07\/SALA-DON-TAMIS-300x204.png\" alt=\"\" width=\"199\" height=\"135\" srcset=\"https:\/\/www.radiopiu.net\/wordpress\/wp-content\/uploads\/2021\/07\/SALA-DON-TAMIS-300x204.png 300w, https:\/\/www.radiopiu.net\/wordpress\/wp-content\/uploads\/2021\/07\/SALA-DON-TAMIS-1024x696.png 1024w, https:\/\/www.radiopiu.net\/wordpress\/wp-content\/uploads\/2021\/07\/SALA-DON-TAMIS-768x522.png 768w, https:\/\/www.radiopiu.net\/wordpress\/wp-content\/uploads\/2021\/07\/SALA-DON-TAMIS.png 1354w\" sizes=\"auto, (max-width: 199px) 100vw, 199px\" \/><\/a>REDAZIONE<\/strong>\u00a0 Secondo dei tre incontri in sala Don Tamis con Libera Agordino. Relatore il Sostituto Procuratore di Belluno, Roberta Gallego \u201cLa vita continua oltre i confini del web\u201d. Prossimo appuntamento martedi 28 maggio alle 18 in sala Don Tamis lo psicologo Francesco Corazza \u201cConfronto per abbozzare il patto digitale per l\u2019Agordino\u201d.<\/p>\n<p><strong>AUDIO DELLA SERATA CON IL SOSTITUTO PROCURATORE DI BELLUNO ROBERTA GALLEGO<\/strong><\/p>\n<audio class=\"wp-audio-shortcode\" id=\"audio-391967-7\" preload=\"none\" style=\"width: 100%;\" controls=\"controls\"><source type=\"audio\/mpeg\" src=\"https:\/\/www.radiopiu.net\/wordpress\/wp-content\/uploads\/2024\/05\/GALLEGO-AD-AGORDO.mp3?_=7\" \/><a href=\"https:\/\/www.radiopiu.net\/wordpress\/wp-content\/uploads\/2024\/05\/GALLEGO-AD-AGORDO.mp3\">https:\/\/www.radiopiu.net\/wordpress\/wp-content\/uploads\/2024\/05\/GALLEGO-AD-AGORDO.mp3<\/a><\/audio>\n<p>&nbsp;<\/p>\n<h2><span style=\"color: #ff0000;\">CONSIGLI COMUNALI IN AGORDINO<\/span><\/h2>\n<p><strong>LIVINALLONGO<\/strong> Consiglio comunale gioved\u00ec alle 20. Due punti da discutere: l&#8217;approvazione della seduta precedente e l&#8217;approvazione del rendiconto di gestione per il 2023<\/p>\n<p>&nbsp;<\/p>\n<p>&nbsp;<\/p>\n<hr \/>\n<p>&nbsp;<\/p>\n<blockquote>\n<h3>ACQUA NON POTABILE A LIVINALLONGO<\/h3>\n<\/blockquote>\n<p><strong>REDAZIONE<\/strong> Gestione Servizi Pubblici informa che a LIVINALLONGO DEL COL DI LANA in localit\u00e0 COLLAZ l&#8217;acqua erogata dall&#8217;acquedotto non \u00e8 potabile e non pu\u00f2 essere usata per scopi alimentari. GSP ha, comunque, gi\u00e0 adottato le necessarie misure per la disinfezione dell&#8217;acqua presente nei serbatoi e nella rete idrica con l&#8217;aggiunta di cloro.<\/p>\n<p>&nbsp;<\/p>\n<blockquote>\n<h3 dir=\"auto\">SAN TOMASO, ABBONATI AI DISAGI E DISSERVIZI DI GSP<\/h3>\n<\/blockquote>\n<div dir=\"auto\">\n<p><img loading=\"lazy\" decoding=\"async\" class=\"alignleft\" src=\"https:\/\/www.radiopiu.net\/wordpress\/wp-content\/uploads\/2023\/08\/acqua.jpeg\" width=\"100\" height=\"66\" \/><strong>SAN TOMASO<\/strong>\u00a0Di nuovo\u2026 e non \u00e8 certo una novit\u00e0 lo sanno bene a San Tomaso. Ancora una volta alla pioggia primaverile si aggiunge l\u2019inquinamento idrico e quindi scatta l\u2019ordinanza:\u00a0 \u00a0nelle localit\u00e0 PIANEZZE, VALLATA, VAL, MEZZAVALLE, COSTA DI MEZZO E PIAN MOLIN l\u2019acqua erogata dall\u2019acquedotto non \u00e8 potabile e pu\u00f2 essere usata per scopi alimentari SOLO PREVIA bollitura. Verr\u00e0 effettuato servizio sostitutivo con cisterna in localit\u00e0 PIAN MOLIN presso Ecocentro.<\/p>\n<p>&nbsp;<\/p>\n<p>&nbsp;<\/p>\n<hr \/>\n<p>&nbsp;<\/p>\n<\/div>\n<blockquote>\n<h2><a class=\"dt-pswp-item\" href=\"https:\/\/www.radiopiu.net\/wordpress\/wp-content\/uploads\/2024\/05\/Chiavenna-SO-Bandiera-Verde-2024-Legambiente-al-GAC.resized-rotated.jpg\" data-dt-img-description=\"\" data-large_image_width=\"1509\" data-large_image_height=\"1635\"><img loading=\"lazy\" decoding=\"async\" class=\" wp-image-392068 alignleft\" src=\"https:\/\/www.radiopiu.net\/wordpress\/wp-content\/uploads\/2024\/05\/Chiavenna-SO-Bandiera-Verde-2024-Legambiente-al-GAC.resized-277x300.jpg\" alt=\"\" width=\"171\" height=\"186\" srcset=\"https:\/\/www.radiopiu.net\/wordpress\/wp-content\/uploads\/2024\/05\/Chiavenna-SO-Bandiera-Verde-2024-Legambiente-al-GAC.resized-277x300.jpg 277w, https:\/\/www.radiopiu.net\/wordpress\/wp-content\/uploads\/2024\/05\/Chiavenna-SO-Bandiera-Verde-2024-Legambiente-al-GAC.resized-945x1024.jpg 945w, https:\/\/www.radiopiu.net\/wordpress\/wp-content\/uploads\/2024\/05\/Chiavenna-SO-Bandiera-Verde-2024-Legambiente-al-GAC.resized-768x832.jpg 768w, https:\/\/www.radiopiu.net\/wordpress\/wp-content\/uploads\/2024\/05\/Chiavenna-SO-Bandiera-Verde-2024-Legambiente-al-GAC.resized-1418x1536.jpg 1418w, https:\/\/www.radiopiu.net\/wordpress\/wp-content\/uploads\/2024\/05\/Chiavenna-SO-Bandiera-Verde-2024-Legambiente-al-GAC.resized-rotated.jpg 1509w\" sizes=\"auto, (max-width: 171px) 100vw, 171px\" \/><\/a>Il Gruppo Archeologico Cadorino Premiato con la Bandiera Verde di Legambiente 2024<\/h2>\n<\/blockquote>\n<p>Il Gruppo Archeologico Cadorino ha ricevuto la Bandiera Verde di Legambiente 2024 insieme ad altre 22 realt\u00e0 dell&#8217;Arco alpino, per il suo impegno nella difesa e rivalutazione del patrimonio archeologico in Cadore. Fondato nel 1996, il gruppo si dedica alla salvaguardia del patrimonio culturale locale, collaborando con la Soprintendenza e gli enti locali, organizzando conferenze, visite culturali e attivit\u00e0 di sensibilizzazione. Tra le sue iniziative, spiccano gli scavi archeologici, la formazione dei giovani e il progetto \u201cArcheologia a scuola\u201d. Questo riconoscimento premia le loro buone pratiche e l\u2019importante ruolo nella valorizzazione culturale e sviluppo locale.<\/p>\n<p><strong>PER LE TRE RADIO BARBARA PAOLAZZI<\/strong><\/p>\n<audio class=\"wp-audio-shortcode\" id=\"audio-391967-8\" preload=\"none\" style=\"width: 100%;\" controls=\"controls\"><source type=\"audio\/mpeg\" src=\"https:\/\/www.radiopiu.net\/wordpress\/wp-content\/uploads\/2024\/05\/PAOLAZZI-BANDIERA-VERDE-ARCHELOGICO-CADORE.mp3?_=8\" \/><a href=\"https:\/\/www.radiopiu.net\/wordpress\/wp-content\/uploads\/2024\/05\/PAOLAZZI-BANDIERA-VERDE-ARCHELOGICO-CADORE.mp3\">https:\/\/www.radiopiu.net\/wordpress\/wp-content\/uploads\/2024\/05\/PAOLAZZI-BANDIERA-VERDE-ARCHELOGICO-CADORE.mp3<\/a><\/audio>\n<p>&nbsp;<\/p>\n<p>&nbsp;<\/p>\n<p>&nbsp;<\/p>\n<hr \/>\n<p>&nbsp;<\/p>\n<h3 dir=\"auto\"><a class=\"dt-pswp-item\" href=\"https:\/\/www.radiopiu.net\/wordpress\/wp-content\/uploads\/2024\/05\/4.jpg\" data-dt-img-description=\"\" data-large_image_width=\"1080\" data-large_image_height=\"1350\"><img loading=\"lazy\" decoding=\"async\" class=\"wp-image-392066 alignleft\" src=\"https:\/\/www.radiopiu.net\/wordpress\/wp-content\/uploads\/2024\/05\/4-240x300.jpg\" alt=\"\" width=\"144\" height=\"180\" srcset=\"https:\/\/www.radiopiu.net\/wordpress\/wp-content\/uploads\/2024\/05\/4-240x300.jpg 240w, https:\/\/www.radiopiu.net\/wordpress\/wp-content\/uploads\/2024\/05\/4-819x1024.jpg 819w, https:\/\/www.radiopiu.net\/wordpress\/wp-content\/uploads\/2024\/05\/4-768x960.jpg 768w, https:\/\/www.radiopiu.net\/wordpress\/wp-content\/uploads\/2024\/05\/4.jpg 1080w\" sizes=\"auto, (max-width: 144px) 100vw, 144px\" \/><\/a><\/h3>\n<h3 dir=\"auto\">EMERGENCY Belluno: Celebrazione del 30\u00b0 Anniversario<\/h3>\n<p>&nbsp;<\/p>\n<p>Il gruppo provinciale EMERGENCY Belluno annuncia un evento speciale per il trentesimo anniversario dell&#8217;ONG. Presso la Sala Polifunzionale di Lamosano, dalle 18:30, sar\u00e0 allestita una mostra e un&#8217;esperienza virtuale a bordo della nave Life Support. Per i bambini dai 6 anni, ci sar\u00e0 una lettura-laboratorio del libro &#8220;Il viaggio di Cam&#8221;. La serata si concluder\u00e0 con un giro pizza al ristorante Il Teverone. Per informazioni e prenotazioni: 3471087801.<\/p>\n<h2><\/h2>\n<hr \/>\n<p>&nbsp;<\/p>\n<h2>Galvalux Vince il Motore Italia Veneto Awards 2024<\/h2>\n<p><strong><a class=\"dt-pswp-item\" href=\"https:\/\/www.radiopiu.net\/wordpress\/wp-content\/uploads\/2024\/05\/IMG-20240523-WA0007.jpg\" data-dt-img-description=\"\" data-large_image_width=\"1536\" data-large_image_height=\"2048\"><img loading=\"lazy\" decoding=\"async\" class=\" wp-image-392061 alignleft\" src=\"https:\/\/www.radiopiu.net\/wordpress\/wp-content\/uploads\/2024\/05\/IMG-20240523-WA0007-225x300.jpg\" alt=\"\" width=\"158\" height=\"211\" srcset=\"https:\/\/www.radiopiu.net\/wordpress\/wp-content\/uploads\/2024\/05\/IMG-20240523-WA0007-225x300.jpg 225w, https:\/\/www.radiopiu.net\/wordpress\/wp-content\/uploads\/2024\/05\/IMG-20240523-WA0007-768x1024.jpg 768w, https:\/\/www.radiopiu.net\/wordpress\/wp-content\/uploads\/2024\/05\/IMG-20240523-WA0007-1152x1536.jpg 1152w, https:\/\/www.radiopiu.net\/wordpress\/wp-content\/uploads\/2024\/05\/IMG-20240523-WA0007.jpg 1536w\" sizes=\"auto, (max-width: 158px) 100vw, 158px\" \/><\/a>BELLUNO <\/strong>Galvalux, leader nei trattamenti galvanici e verniciature con sede a Tai di Pieve di Cadore, ha conquistato il primo posto nella categoria PMI dei Motore Italia Veneto Awards 2024, organizzati dal circuito Class e Milano Finanza. Francesco De Polo, vicepresidente di Galvalux, ha ritirato il premio a Vicenza, evidenziando l&#8217;importanza del lavoro di squadra. Il riconoscimento valorizza la solidit\u00e0 economica, patrimoniale e reddituale di Galvalux. De Polo ha sottolineato che l&#8217;azienda non ha mai smesso di investire, nemmeno nei momenti pi\u00f9 difficili, mantenendo sempre un focus sulla sostenibilit\u00e0. Galvalux \u00e8 impegnata nella ricerca di soluzioni ecosostenibili, eliminazione degli sprechi e co-generazione di energia termica ed elettrica. L&#8217;innovazione di Galvalux si estende anche al sociale, con misure di welfare per i suoi 100 collaboratori e supporto al territorio, come il sostegno al palaghiaccio di Pieve di Cadore, noto come &#8220;Galvalux Arena&#8221;. Lorraine Berton, presidente di Confindustria Belluno Dolomiti, ha elogiato Galvalux come esempio di eccellenza nel tessuto manifatturiero delle valli.<\/p>\n<p><strong>PER LE TRE RADIO BARBARA PAOLAZZI<\/strong><\/p>\n<audio class=\"wp-audio-shortcode\" id=\"audio-391967-9\" preload=\"none\" style=\"width: 100%;\" controls=\"controls\"><source type=\"audio\/mpeg\" src=\"https:\/\/www.radiopiu.net\/wordpress\/wp-content\/uploads\/2024\/05\/PAOLAZZI-GALVALUX.mp3?_=9\" \/><a href=\"https:\/\/www.radiopiu.net\/wordpress\/wp-content\/uploads\/2024\/05\/PAOLAZZI-GALVALUX.mp3\">https:\/\/www.radiopiu.net\/wordpress\/wp-content\/uploads\/2024\/05\/PAOLAZZI-GALVALUX.mp3<\/a><\/audio>\n<p>&nbsp;<\/p>\n<hr \/>\n<p>&nbsp;<\/p>\n<blockquote>\n<h3>LA FESTA DELLE ROSE AL MUSEO ETNOGRAFICO<\/h3>\n<\/blockquote>\n<p><strong>BELLUNO<\/strong> La Festa delle Rose al Museo etnografico della Provincia di Belluno ha riscosso un grande successo domenica 26 maggio, attirando oltre 500 visitatori. Pi\u00f9 di 350 persone hanno visitato anche la collezione del museo, che espone oggetti della cultura tradizionale locale dal XVIII al XXI secolo. Le attivit\u00e0 proposte, tra cui laboratori di piantumazione, dimostrazioni di acquerello e visite all\u2019apiario didattico, hanno coinvolto molte famiglie. La consigliera Vanessa De Francesch ha sottolineato l&#8217;importanza turistica dell&#8217;evento. Le visite al giardino delle rose, con variet\u00e0 in fioritura come l&#8217;American Pillar, proseguiranno fino al 9 giugno.<\/p>\n\n\t\t\t<style type='text\/css'>\n\t\t\t\t#gallery-1 {\n\t\t\t\t\tmargin: auto;\n\t\t\t\t}\n\t\t\t\t#gallery-1 .gallery-item {\n\t\t\t\t\tfloat: left;\n\t\t\t\t\tmargin-top: 10px;\n\t\t\t\t\ttext-align: center;\n\t\t\t\t\twidth: 20%;\n\t\t\t\t}\n\t\t\t\t#gallery-1 img {\n\t\t\t\t\tborder: 2px solid #cfcfcf;\n\t\t\t\t}\n\t\t\t\t#gallery-1 .gallery-caption {\n\t\t\t\t\tmargin-left: 0;\n\t\t\t\t}\n\t\t\t\t\/* see gallery_shortcode() in wp-includes\/media.php *\/\n\t\t\t<\/style>\n\t\t<div id='gallery-1' class='dt-gallery-container gallery galleryid-391967 gallery-columns-5 gallery-size-thumbnail'><dl class='gallery-item'>\n\t\t\t\t<dt class='gallery-icon landscape'>\n\t\t\t\t\t<a class=\"rollover rollover-zoom dt-pswp-item\" title=\"6d4a323f-3d92-4de5-96ab-b2b0dc6abb48\" data-dt-img-description=\"\" data-large_image_width=\"1600\" data-large_image_height=\"1200\"href='https:\/\/www.radiopiu.net\/wordpress\/wp-content\/uploads\/2024\/05\/6d4a323f-3d92-4de5-96ab-b2b0dc6abb48.jpg'><img loading=\"lazy\" decoding=\"async\" width=\"150\" height=\"150\" src=\"https:\/\/www.radiopiu.net\/wordpress\/wp-content\/uploads\/2024\/05\/6d4a323f-3d92-4de5-96ab-b2b0dc6abb48-150x150.jpg\" class=\"attachment-thumbnail size-thumbnail\" alt=\"\" \/><\/a>\n\t\t\t\t<\/dt><\/dl><dl class='gallery-item'>\n\t\t\t\t<dt class='gallery-icon landscape'>\n\t\t\t\t\t<a class=\"rollover rollover-zoom dt-pswp-item\" title=\"1e6b54a8-f5a6-4661-949e-4a63286841e9\" data-dt-img-description=\"\" data-large_image_width=\"2040\" data-large_image_height=\"1152\"href='https:\/\/www.radiopiu.net\/wordpress\/wp-content\/uploads\/2024\/05\/1e6b54a8-f5a6-4661-949e-4a63286841e9.jpg'><img loading=\"lazy\" decoding=\"async\" width=\"150\" height=\"150\" src=\"https:\/\/www.radiopiu.net\/wordpress\/wp-content\/uploads\/2024\/05\/1e6b54a8-f5a6-4661-949e-4a63286841e9-150x150.jpg\" class=\"attachment-thumbnail size-thumbnail\" alt=\"\" \/><\/a>\n\t\t\t\t<\/dt><\/dl><dl class='gallery-item'>\n\t\t\t\t<dt class='gallery-icon landscape'>\n\t\t\t\t\t<a class=\"rollover rollover-zoom dt-pswp-item\" title=\"3f143997-8d3b-4e1d-bd75-49bbe313d17c\" data-dt-img-description=\"\" data-large_image_width=\"1984\" data-large_image_height=\"1488\"href='https:\/\/www.radiopiu.net\/wordpress\/wp-content\/uploads\/2024\/05\/3f143997-8d3b-4e1d-bd75-49bbe313d17c.jpg'><img loading=\"lazy\" decoding=\"async\" width=\"150\" height=\"150\" src=\"https:\/\/www.radiopiu.net\/wordpress\/wp-content\/uploads\/2024\/05\/3f143997-8d3b-4e1d-bd75-49bbe313d17c-150x150.jpg\" class=\"attachment-thumbnail size-thumbnail\" alt=\"\" \/><\/a>\n\t\t\t\t<\/dt><\/dl><dl class='gallery-item'>\n\t\t\t\t<dt class='gallery-icon portrait'>\n\t\t\t\t\t<a class=\"rollover rollover-zoom dt-pswp-item\" title=\"5515d345-2ddc-4941-b92c-87cdcee503a1\" data-dt-img-description=\"\" data-large_image_width=\"1512\" data-large_image_height=\"2016\"href='https:\/\/www.radiopiu.net\/wordpress\/wp-content\/uploads\/2024\/05\/5515d345-2ddc-4941-b92c-87cdcee503a1.jpg'><img loading=\"lazy\" decoding=\"async\" width=\"150\" height=\"150\" src=\"https:\/\/www.radiopiu.net\/wordpress\/wp-content\/uploads\/2024\/05\/5515d345-2ddc-4941-b92c-87cdcee503a1-150x150.jpg\" class=\"attachment-thumbnail size-thumbnail\" alt=\"\" \/><\/a>\n\t\t\t\t<\/dt><\/dl><dl class='gallery-item'>\n\t\t\t\t<dt class='gallery-icon landscape'>\n\t\t\t\t\t<a class=\"rollover rollover-zoom dt-pswp-item\" title=\"8a5534cf-ea4d-4719-8815-47369c114a5a\" data-dt-img-description=\"\" data-large_image_width=\"2016\" data-large_image_height=\"1512\"href='https:\/\/www.radiopiu.net\/wordpress\/wp-content\/uploads\/2024\/05\/8a5534cf-ea4d-4719-8815-47369c114a5a.jpg'><img loading=\"lazy\" decoding=\"async\" width=\"150\" height=\"150\" src=\"https:\/\/www.radiopiu.net\/wordpress\/wp-content\/uploads\/2024\/05\/8a5534cf-ea4d-4719-8815-47369c114a5a-150x150.jpg\" class=\"attachment-thumbnail size-thumbnail\" alt=\"\" \/><\/a>\n\t\t\t\t<\/dt><\/dl><br style=\"clear: both\" \/>\n\t\t\t<\/div>\n\n<p>&nbsp;<\/p>\n<p>&nbsp;<\/p>\n<hr \/>\n<p>&nbsp;<\/p>\n<blockquote>\n<h3>Successo per la Rassegna Teatrale Nazionale Dedicata a Paolo Dego<\/h3>\n<\/blockquote>\n<p><strong>PONTE NELLE ALPI<\/strong><\/p>\n<div class=\"flex flex-grow flex-col max-w-full\">\n<div class=\"min-h-[20px] text-message flex flex-col items-start whitespace-pre-wrap break-words [.text-message+&amp;]:mt-5 juice:w-full juice:items-end overflow-x-auto gap-2\" dir=\"auto\" data-message-author-role=\"assistant\" data-message-id=\"b4977d10-8743-4e90-8046-4f458a9e5620\">\n<div class=\"flex w-full flex-col gap-1 juice:empty:hidden juice:first:pt-[3px]\">\n<div class=\"markdown prose w-full break-words dark:prose-invert dark\">\n<p>Si \u00e8 conclusa con successo la rassegna di teatro amatoriale nazionale dedicata a Paolo Dego, fondatore del gruppo \u201cLe Bretelle Lasche\u201d. Nata nel 2006, la rassegna ha visto la partecipazione di sessanta compagnie e si \u00e8 svolta al Teatro \u201cPierobon\u201d di Paiane, registrando oltre 1200 presenze. La compagnia L\u2019Archibugio di Lonigo ha vinto con &#8220;Cyrano de Bergerac&#8221;.<\/p>\n<\/div>\n<\/div>\n<\/div>\n<\/div>\n<div class=\"mt-1 flex gap-3 empty:hidden juice:-ml-3\">\n<div class=\"items-center justify-start rounded-xl p-1 flex\">\n<div class=\"flex items-center\">\n<h3><a class=\"dt-pswp-item\" href=\"https:\/\/www.radiopiu.net\/wordpress\/wp-content\/uploads\/2024\/05\/Festival_Dego_2024.jpg\" data-dt-img-description=\"\" data-large_image_width=\"1600\" data-large_image_height=\"1200\"><img loading=\"lazy\" decoding=\"async\" class=\"wp-image-392070 aligncenter\" src=\"https:\/\/www.radiopiu.net\/wordpress\/wp-content\/uploads\/2024\/05\/Festival_Dego_2024-1024x768.jpg\" alt=\"\" width=\"442\" height=\"332\" srcset=\"https:\/\/www.radiopiu.net\/wordpress\/wp-content\/uploads\/2024\/05\/Festival_Dego_2024-1024x768.jpg 1024w, https:\/\/www.radiopiu.net\/wordpress\/wp-content\/uploads\/2024\/05\/Festival_Dego_2024-300x225.jpg 300w, https:\/\/www.radiopiu.net\/wordpress\/wp-content\/uploads\/2024\/05\/Festival_Dego_2024-768x576.jpg 768w, https:\/\/www.radiopiu.net\/wordpress\/wp-content\/uploads\/2024\/05\/Festival_Dego_2024-1536x1152.jpg 1536w, https:\/\/www.radiopiu.net\/wordpress\/wp-content\/uploads\/2024\/05\/Festival_Dego_2024.jpg 1600w\" sizes=\"auto, (max-width: 442px) 100vw, 442px\" \/><\/a><\/h3>\n<div class=\"flex\"><\/div>\n<div><\/div>\n<div>\n<hr \/>\n<\/div>\n<div><\/div>\n<blockquote>\n<h3>\u00a0SALUTE E SOCIETA&#8217;, CON IL DOTTOR MARCO CARACCIOLO. IL LUNEDI ALLE 13.10 SU RADIOPIU <strong style=\"font-size: 14px;\">\u00a0<\/strong><\/h3>\n<\/blockquote>\n<div>\n<p><strong><a class=\"dt-pswp-item\" href=\"https:\/\/www.radiopiu.net\/wordpress\/wp-content\/uploads\/2024\/05\/2b687950-9bdf-14f4-4f8f-16d0c85616f9.jpg\" data-dt-img-description=\"\" data-large_image_width=\"1200\" data-large_image_height=\"798\"><img loading=\"lazy\" decoding=\"async\" class=\" wp-image-392037 alignleft\" src=\"https:\/\/www.radiopiu.net\/wordpress\/wp-content\/uploads\/2024\/05\/2b687950-9bdf-14f4-4f8f-16d0c85616f9-300x200.jpg\" alt=\"\" width=\"257\" height=\"171\" srcset=\"https:\/\/www.radiopiu.net\/wordpress\/wp-content\/uploads\/2024\/05\/2b687950-9bdf-14f4-4f8f-16d0c85616f9-300x200.jpg 300w, https:\/\/www.radiopiu.net\/wordpress\/wp-content\/uploads\/2024\/05\/2b687950-9bdf-14f4-4f8f-16d0c85616f9-1024x681.jpg 1024w, https:\/\/www.radiopiu.net\/wordpress\/wp-content\/uploads\/2024\/05\/2b687950-9bdf-14f4-4f8f-16d0c85616f9-768x511.jpg 768w, https:\/\/www.radiopiu.net\/wordpress\/wp-content\/uploads\/2024\/05\/2b687950-9bdf-14f4-4f8f-16d0c85616f9.jpg 1200w\" sizes=\"auto, (max-width: 257px) 100vw, 257px\" \/><\/a>Tumore ovarico<\/strong><br \/>\nIl tumore ovarico \u00e8 il settimo tumore pi\u00f9 comune tra le donne e costituisce l&#8217;ottava causa di morte per cancro. Per gestire le pazienti a 360 gradi \u00e8 fondamentale un team multidisciplinare.<\/p>\n<p><strong>Diagnostica per immagini<\/strong><br \/>\nL&#8217;innovazione tecnologica della diagnostica per immagini offre oggi un grande ausilio per la prevenzione di diversi tumori, permettondoci di scoprire e di classificare in modo pi\u00f9 preciso che in passato le lesioni pi\u00f9 pericolose.<\/p>\n<p><strong>AUDIO\u00a0<\/strong><\/p>\n<\/div>\n<div>\n<audio class=\"wp-audio-shortcode\" id=\"audio-391967-10\" preload=\"none\" style=\"width: 100%;\" controls=\"controls\"><source type=\"audio\/mpeg\" src=\"https:\/\/www.radiopiu.net\/wordpress\/wp-content\/uploads\/2024\/05\/SALUTE-3.mp3?_=10\" \/><a href=\"https:\/\/www.radiopiu.net\/wordpress\/wp-content\/uploads\/2024\/05\/SALUTE-3.mp3\">https:\/\/www.radiopiu.net\/wordpress\/wp-content\/uploads\/2024\/05\/SALUTE-3.mp3<\/a><\/audio>\n<\/div>\n<\/div>\n<\/div>\n<\/div>\n<blockquote><p>&nbsp;<\/p><\/blockquote>\n<hr \/>\n<p>&nbsp;<\/p>\n<p>&nbsp;<\/p>\n<h2><a class=\"dt-pswp-item\" href=\"https:\/\/www.radiopiu.net\/wordpress\/wp-content\/uploads\/2024\/05\/Fai-un-giro-di-maestria-2.jpeg\" data-dt-img-description=\"\" data-large_image_width=\"1600\" data-large_image_height=\"885\"><img loading=\"lazy\" decoding=\"async\" class=\"size-medium wp-image-392071 alignleft\" src=\"https:\/\/www.radiopiu.net\/wordpress\/wp-content\/uploads\/2024\/05\/Fai-un-giro-di-maestria-2-300x166.jpeg\" alt=\"\" width=\"300\" height=\"166\" srcset=\"https:\/\/www.radiopiu.net\/wordpress\/wp-content\/uploads\/2024\/05\/Fai-un-giro-di-maestria-2-300x166.jpeg 300w, https:\/\/www.radiopiu.net\/wordpress\/wp-content\/uploads\/2024\/05\/Fai-un-giro-di-maestria-2-1024x566.jpeg 1024w, https:\/\/www.radiopiu.net\/wordpress\/wp-content\/uploads\/2024\/05\/Fai-un-giro-di-maestria-2-768x425.jpeg 768w, https:\/\/www.radiopiu.net\/wordpress\/wp-content\/uploads\/2024\/05\/Fai-un-giro-di-maestria-2-1536x850.jpeg 1536w, https:\/\/www.radiopiu.net\/wordpress\/wp-content\/uploads\/2024\/05\/Fai-un-giro-di-maestria-2.jpeg 1600w\" sizes=\"auto, (max-width: 300px) 100vw, 300px\" \/><\/a>Confartigianato Belluno Celebra il Giro d\u2019Italia con Laboratori Artigianali<\/h2>\n<div class=\"flex flex-grow flex-col max-w-full\">\n<div class=\"min-h-[20px] text-message flex flex-col items-start whitespace-pre-wrap break-words [.text-message+&amp;]:mt-5 juice:w-full juice:items-end overflow-x-auto gap-2\" dir=\"auto\" data-message-author-role=\"assistant\" data-message-id=\"ec8e214a-16b8-4b8d-9f5c-db30323202ad\">\n<div class=\"flex w-full flex-col gap-1 juice:empty:hidden juice:first:pt-[3px]\">\n<div class=\"markdown prose w-full break-words dark:prose-invert dark\">\n<p><strong>BELLUNO<\/strong> Venerd\u00ec 24 maggio, Confartigianato Belluno ha celebrato il Giro d\u2019Italia 2024 a Farra d\u2019Alpago con laboratori artigianali per bambini e ragazzi, precedendo la Notte Rosa e la 20\u00aa tappa Alpago \u2013 Bassano del Grappa. Il progetto &#8220;Fai un giro di Maestria&#8221;, alla sua seconda edizione, ha coinvolto imprese artigiane locali, promuovendo il territorio e avvicinando i giovani all\u2019artigianato.<\/p>\n<\/div>\n<\/div>\n<\/div>\n<\/div>\n<div class=\"mt-1 flex gap-3 empty:hidden juice:-ml-3\">\n<div class=\"items-center justify-start rounded-xl p-1 flex\">\n<div class=\"flex items-center\">\n<div class=\"flex\"><\/div>\n<\/div>\n<\/div>\n<\/div>\n<blockquote><p>&nbsp;<\/p><\/blockquote>\n<hr \/>\n<p>&nbsp;<\/p>\n<blockquote>\n<h3>UN LABORATORIO CON FONDAZIONE PROGETTO UOMO<\/h3>\n<\/blockquote>\n<p><strong><a class=\"dt-pswp-item\" href=\"https:\/\/www.radiopiu.net\/wordpress\/wp-content\/uploads\/2024\/03\/PROGETTO-UOMO.gif\" data-dt-img-description=\"\" data-large_image_width=\"90\" data-large_image_height=\"95\"><img loading=\"lazy\" decoding=\"async\" class=\"size-full wp-image-378746 alignleft\" src=\"https:\/\/www.radiopiu.net\/wordpress\/wp-content\/uploads\/2024\/03\/PROGETTO-UOMO.gif\" alt=\"\" width=\"90\" height=\"95\" \/><\/a>BELLUNO<\/strong> Fondazione Progetto Uomo organizza un Open Day per professionisti del territorio, dedicato alla scoperta e sperimentazione del metodo del Bonding Process. Il corso, che si terr\u00e0 domani presso l&#8217;Hotel da Benito a Ponte nelle Alpi, offre un approccio didattico operativo-esperienziale, favorendo un apprendimento diretto e immediato. Partecipare permette di acquisire rapidamente competenze per gestire situazioni relazionali emotivamente rilevanti. L&#8217;esperienza gratuita introduce una metodologia applicabile a livello nazionale e internazionale, promuovendo collaborazione professionale. Per iscrizioni, inviare una mail con contatti e professione a <a target=\"_new\" rel=\"noreferrer noopener\">info@fondazioneprogettouomo.it<\/a>.<\/p>\n<p>&nbsp;<\/p>\n<p>&nbsp;<\/p>\n<hr \/>\n<p>&nbsp;<\/p>\n<h3><a class=\"dt-pswp-item\" href=\"https:\/\/www.radiopiu.net\/wordpress\/wp-content\/uploads\/2024\/05\/image.jpeg\" data-dt-img-description=\"\" data-large_image_width=\"667\" data-large_image_height=\"1000\"><img loading=\"lazy\" decoding=\"async\" class=\"wp-image-391575 alignleft\" src=\"https:\/\/www.radiopiu.net\/wordpress\/wp-content\/uploads\/2024\/05\/image-200x300.jpeg\" alt=\"\" width=\"125\" height=\"188\" srcset=\"https:\/\/www.radiopiu.net\/wordpress\/wp-content\/uploads\/2024\/05\/image-200x300.jpeg 200w, https:\/\/www.radiopiu.net\/wordpress\/wp-content\/uploads\/2024\/05\/image.jpeg 667w\" sizes=\"auto, (max-width: 125px) 100vw, 125px\" \/><\/a>Aperte le Iscrizioni per la \u201c4 Pas in Doi Bocoi\u201d<\/h3>\n<p>Sono aperte le iscrizioni per la \u201c4 pas in doi bocoi\u201d, una passeggiata enogastronomica di 6 km nell\u2019Agordino, parte dell\u2019evento \u201c4 pas in doi\u201d che si terr\u00e0 il 2 giugno 2024. Organizzato dalla Pro Loco di Agordo, l&#8217;evento include una gara competitiva di 16 km e due non competitive di 16 km e 6 km. La \u201c4 pas in doi bocoi\u201d \u00e8 adatta a tutta la famiglia e offre quattro tappe culinarie con prodotti tipici locali. Ogni partecipante ricever\u00e0 una tazza in latta personalizzata come ricordo. La quota di iscrizione \u00e8 di \u20ac 25,00 per adulti e \u20ac 15,00 per bambini sotto i 4 anni. La manifestazione si svolger\u00e0 nel \u201cBroi\u201d di Agordo, con le Dolomiti come sfondo. Per ulteriori informazioni, visitare <a href=\"http:\/\/www.4pasindoi.it\/\" target=\"_new\" rel=\"noreferrer noopener\">www.4pasindoi.it<\/a> o le pagine social dell\u2019evento.<\/p>\n<p>&nbsp;<\/p>\n<p>&nbsp;<\/p>\n<p>&nbsp;<\/p>\n<hr \/>\n<p>&nbsp;<\/p>\n<blockquote>\n<h3>UN CONCERTO PER RICORDARE ADRIANO<\/h3>\n<\/blockquote>\n<p><strong><a class=\"dt-pswp-item\" href=\"https:\/\/www.radiopiu.net\/wordpress\/wp-content\/uploads\/2024\/05\/1798739_643903002312865_2139658864_n.jpeg\" data-dt-img-description=\"\" data-large_image_width=\"960\" data-large_image_height=\"540\"><img loading=\"lazy\" decoding=\"async\" class=\" wp-image-389625 alignleft\" src=\"https:\/\/www.radiopiu.net\/wordpress\/wp-content\/uploads\/2024\/05\/1798739_643903002312865_2139658864_n-300x169.jpeg\" alt=\"\" width=\"174\" height=\"98\" srcset=\"https:\/\/www.radiopiu.net\/wordpress\/wp-content\/uploads\/2024\/05\/1798739_643903002312865_2139658864_n-300x169.jpeg 300w, https:\/\/www.radiopiu.net\/wordpress\/wp-content\/uploads\/2024\/05\/1798739_643903002312865_2139658864_n-768x432.jpeg 768w, https:\/\/www.radiopiu.net\/wordpress\/wp-content\/uploads\/2024\/05\/1798739_643903002312865_2139658864_n.jpeg 960w\" sizes=\"auto, (max-width: 174px) 100vw, 174px\" \/><\/a>PONTE NELLE ALPI<\/strong> Dopo 10 anni dalla perdita di Adriano Peterle, fondatore dei Formato Standard, la band organizza un evento musicale, &#8220;ADR1AN0&#8221;, il 31 maggio al teatro Pierobon di Ponte nelle Alpi, per celebrarne il ricordo. La serata mescoler\u00e0 musica, aneddoti e ospiti speciali, mantenendo lo spirito vivace del gruppo. L&#8217;evento sar\u00e0 gratuito con offerte destinate all&#8217;AFVS &#8211; Associazione Familiari e Vittime della Strada Onlus. Una serata per ricordare e celebrare insieme, con il titolo che unisce il numero 10 alle lettere dell&#8217;alfabeto, come amano i giovani della band.<\/p>\n<p><strong>L&#8217;INTERVISTA DI MARCO DAL FARRA A GIANPAOLO ROSSI\u00a0\u00a0<\/strong><\/p>\n<audio class=\"wp-audio-shortcode\" id=\"audio-391967-11\" preload=\"none\" style=\"width: 100%;\" controls=\"controls\"><source type=\"audio\/mpeg\" src=\"https:\/\/www.radiopiu.net\/wordpress\/wp-content\/uploads\/2024\/05\/MARCO-DAL-FARRA-CONCERTO-ADRIANO.mp3?_=11\" \/><a href=\"https:\/\/www.radiopiu.net\/wordpress\/wp-content\/uploads\/2024\/05\/MARCO-DAL-FARRA-CONCERTO-ADRIANO.mp3\">https:\/\/www.radiopiu.net\/wordpress\/wp-content\/uploads\/2024\/05\/MARCO-DAL-FARRA-CONCERTO-ADRIANO.mp3<\/a><\/audio>\n<p>&nbsp;<\/p>\n<p>&nbsp;<\/p>\n<hr \/>\n<p>&nbsp;<\/p>\n<blockquote>\n<h3>CONCORSO LETTERARIO EL BON DE L&#8217;ANSUDA 2024<\/h3>\n<\/blockquote>\n<p><strong><a class=\"dt-pswp-item\" href=\"https:\/\/www.radiopiu.net\/wordpress\/wp-content\/uploads\/2024\/05\/25ae05cb-ebc0-458f-ba62-d1b38063b096.jpg\" data-dt-img-description=\"\" data-large_image_width=\"1600\" data-large_image_height=\"1600\"><img loading=\"lazy\" decoding=\"async\" class=\" wp-image-391644 alignleft\" src=\"https:\/\/www.radiopiu.net\/wordpress\/wp-content\/uploads\/2024\/05\/25ae05cb-ebc0-458f-ba62-d1b38063b096-300x300.jpg\" alt=\"\" width=\"138\" height=\"138\" srcset=\"https:\/\/www.radiopiu.net\/wordpress\/wp-content\/uploads\/2024\/05\/25ae05cb-ebc0-458f-ba62-d1b38063b096-300x300.jpg 300w, https:\/\/www.radiopiu.net\/wordpress\/wp-content\/uploads\/2024\/05\/25ae05cb-ebc0-458f-ba62-d1b38063b096-1024x1024.jpg 1024w, https:\/\/www.radiopiu.net\/wordpress\/wp-content\/uploads\/2024\/05\/25ae05cb-ebc0-458f-ba62-d1b38063b096-150x150.jpg 150w, https:\/\/www.radiopiu.net\/wordpress\/wp-content\/uploads\/2024\/05\/25ae05cb-ebc0-458f-ba62-d1b38063b096-768x768.jpg 768w, https:\/\/www.radiopiu.net\/wordpress\/wp-content\/uploads\/2024\/05\/25ae05cb-ebc0-458f-ba62-d1b38063b096-1536x1536.jpg 1536w, https:\/\/www.radiopiu.net\/wordpress\/wp-content\/uploads\/2024\/05\/25ae05cb-ebc0-458f-ba62-d1b38063b096.jpg 1600w\" sizes=\"auto, (max-width: 138px) 100vw, 138px\" \/><\/a>FALCADE <\/strong>Il Concorso letterario &#8220;EL BON DE L&#8217;ANSUDA&#8221; 2024 \u00e8 aperto ad autori italiani e stranieri per racconti inediti in lingua italiana, con il tema &#8220;La Primavera e il legno&#8221;. Sono previste tre categorie: &#8220;El Bon De l&#8217;Ansuda POP&#8221; per bambini fino a 13 anni; &#8220;El Bon de l&#8217;Ansuda DOVEGN&#8221; per ragazzi dai 14 ai 18 anni; &#8220;El Bon de l&#8217;Ansuda MADUR&#8221; per adulti dai 19 anni in su. I racconti, lunghi massimo 16.000 battute con una tolleranza del 10%, devono essere inviati in formato .pdf all&#8217;indirizzo <a target=\"_new\" rel=\"noreferrer noopener\">concorso.bonansuda@gmail.com<\/a> entro il 7 giugno 2024. Il file non deve contenere dati personali, che invece vanno inclusi nel corpo dell&#8217;e-mail insieme a una dichiarazione di inedicit\u00e0 dell&#8217;opera. Per i minorenni \u00e8 necessaria la firma di un genitore. Una giuria selezioner\u00e0 un vincitore per categoria, con valutazioni insindacabili. Partecipare al concorso implica l&#8217;autorizzazione alla pubblicazione del racconto e all&#8217;uso dei dati personali per comunicazioni relative al concorso. Gli autori rinunciano a qualsiasi pretesa economica sui profitti derivanti dalle vendite delle opere pubblicate. La premiazione si terr\u00e0 il 16 giugno 2024 alle 17:00 presso l&#8217;info point dell&#8217;evento.<\/p>\n<p>&nbsp;<\/p>\n<blockquote><p>&nbsp;<\/p><\/blockquote>\n<div dir=\"auto\">\n<p>&nbsp;<\/p>\n<hr \/>\n<p>&nbsp;<\/p>\n<h2><span style=\"color: #ff6600;\">IERI ALLA RADIO\u00a0<\/span><\/h2>\n<p>&nbsp;<\/p>\n<p>&nbsp;<\/p>\n<h2><span style=\"color: #ff00ff;\">RITRATTI SONORI, IL PROGRAMMA DI ALESSIA DALL&#8217;O&#8217;<\/span><\/h2>\n<p><span style=\"color: #ff0000;\"><strong><a class=\"dt-pswp-item\" href=\"https:\/\/www.radiopiu.net\/wordpress\/wp-content\/uploads\/2024\/05\/FABRIZIO-PESCOSTA.jpg\" data-dt-img-description=\"\" data-large_image_width=\"303\" data-large_image_height=\"166\"><img loading=\"lazy\" decoding=\"async\" class=\" wp-image-392099 alignleft\" src=\"https:\/\/www.radiopiu.net\/wordpress\/wp-content\/uploads\/2024\/05\/FABRIZIO-PESCOSTA-300x164.jpg\" alt=\"\" width=\"187\" height=\"102\" srcset=\"https:\/\/www.radiopiu.net\/wordpress\/wp-content\/uploads\/2024\/05\/FABRIZIO-PESCOSTA-300x164.jpg 300w, https:\/\/www.radiopiu.net\/wordpress\/wp-content\/uploads\/2024\/05\/FABRIZIO-PESCOSTA.jpg 303w\" sizes=\"auto, (max-width: 187px) 100vw, 187px\" \/><\/a>PUNTATA 03 &#8211; FABRIZIO PESCOSTA<\/strong><\/span><\/p>\n<p><strong>PRIMA PARTE<\/strong><\/p>\n<audio class=\"wp-audio-shortcode\" id=\"audio-391967-12\" preload=\"none\" style=\"width: 100%;\" controls=\"controls\"><source type=\"audio\/mpeg\" src=\"https:\/\/www.radiopiu.net\/wordpress\/wp-content\/uploads\/2024\/05\/RF1-4.mp3?_=12\" \/><a href=\"https:\/\/www.radiopiu.net\/wordpress\/wp-content\/uploads\/2024\/05\/RF1-4.mp3\">https:\/\/www.radiopiu.net\/wordpress\/wp-content\/uploads\/2024\/05\/RF1-4.mp3<\/a><\/audio>\n<p><strong>\u00a0<\/strong><\/p>\n<p><strong>SECONDA PARTE<\/strong><\/p>\n<audio class=\"wp-audio-shortcode\" id=\"audio-391967-13\" preload=\"none\" style=\"width: 100%;\" controls=\"controls\"><source type=\"audio\/mpeg\" src=\"https:\/\/www.radiopiu.net\/wordpress\/wp-content\/uploads\/2024\/05\/RF2-4.mp3?_=13\" \/><a href=\"https:\/\/www.radiopiu.net\/wordpress\/wp-content\/uploads\/2024\/05\/RF2-4.mp3\">https:\/\/www.radiopiu.net\/wordpress\/wp-content\/uploads\/2024\/05\/RF2-4.mp3<\/a><\/audio>\n<p><strong>\u00a0<\/strong><\/p>\n<p><strong>TERZA PARTE<\/strong><\/p>\n<audio class=\"wp-audio-shortcode\" id=\"audio-391967-14\" preload=\"none\" style=\"width: 100%;\" controls=\"controls\"><source type=\"audio\/mpeg\" src=\"https:\/\/www.radiopiu.net\/wordpress\/wp-content\/uploads\/2024\/05\/RF3-4.mp3?_=14\" \/><a href=\"https:\/\/www.radiopiu.net\/wordpress\/wp-content\/uploads\/2024\/05\/RF3-4.mp3\">https:\/\/www.radiopiu.net\/wordpress\/wp-content\/uploads\/2024\/05\/RF3-4.mp3<\/a><\/audio>\n<p>&nbsp;<\/p>\n<h2>LA RACCOLTA COMPLETA <a href=\"https:\/\/www.radiopiu.net\/wordpress\/ritratti-sonori-il-programma-di-alessia-dallo-la-raccolta\/\"><span style=\"color: #3366ff;\">CLICCA QUI<\/span><\/a><\/h2>\n<p>&nbsp;<\/p>\n<hr \/>\n<p>&nbsp;<\/p>\n<h2><span style=\"color: #808000;\">PERITI MINERARI DALL\u2019AGORDINO AL MONDO<\/span><\/h2>\n<p><strong>REDAZIONE<\/strong> Continua la serie di racconti con i periti minerari agordini. Nelle prossime due puntate la storia di Sergio Minute. I racconti dei periti minerari agordini che hanno lavorato nel mondo, ogni luned\u00ec alle 10:30 e alle 19 su Radio Pi\u00f9.<\/p>\n<p><iframe loading=\"lazy\" title=\"SERGIO MINUTE\" width=\"1200\" height=\"675\" src=\"https:\/\/www.youtube.com\/embed\/EoeCfWi0nz0?feature=oembed\" frameborder=\"0\" allow=\"accelerometer; autoplay; clipboard-write; encrypted-media; gyroscope; picture-in-picture; web-share\" referrerpolicy=\"strict-origin-when-cross-origin\" allowfullscreen><\/iframe><\/p>\n<p>&nbsp;<\/p>\n<p>&nbsp;<\/p>\n<h2><strong>LA RACCOLTA COMPLETA <a href=\"https:\/\/www.radiopiu.net\/wordpress\/periti-minerari-dallagordino-al-mondo\/\"><span style=\"color: #0000ff;\">CLICCA QUI<\/span><\/a><\/strong><a href=\"https:\/\/www.radiopiu.net\/wordpress\/periti-minerari-dallagordino-al-mondo\/\"><span style=\"color: #0000ff;\">\u00a0<\/span><\/a><\/h2>\n<p>&nbsp;<\/p>\n<hr \/>\n<p>&nbsp;<\/p>\n<h2><span style=\"color: #ff0000;\">CIAK SI GIRA, IL PROGRAMMA DI PAOLA LANCIATO<\/span><\/h2>\n<p><strong><a class=\"dt-pswp-item\" href=\"https:\/\/www.radiopiu.net\/wordpress\/wp-content\/uploads\/2024\/05\/ARMA-LETALE.jpg\" data-dt-img-description=\"\" data-large_image_width=\"420\" data-large_image_height=\"606\"><img loading=\"lazy\" decoding=\"async\" class=\" wp-image-392110 alignleft\" src=\"https:\/\/www.radiopiu.net\/wordpress\/wp-content\/uploads\/2024\/05\/ARMA-LETALE-208x300.jpg\" alt=\"\" width=\"97\" height=\"139\" srcset=\"https:\/\/www.radiopiu.net\/wordpress\/wp-content\/uploads\/2024\/05\/ARMA-LETALE-208x300.jpg 208w, https:\/\/www.radiopiu.net\/wordpress\/wp-content\/uploads\/2024\/05\/ARMA-LETALE.jpg 420w\" sizes=\"auto, (max-width: 97px) 100vw, 97px\" \/><\/a>27 MAGGIO ARMA LETALE<\/strong><\/p>\n<audio class=\"wp-audio-shortcode\" id=\"audio-391967-15\" preload=\"none\" style=\"width: 100%;\" controls=\"controls\"><source type=\"audio\/mpeg\" src=\"https:\/\/www.radiopiu.net\/wordpress\/wp-content\/uploads\/2024\/05\/CIAK1-2.mp3?_=15\" \/><a href=\"https:\/\/www.radiopiu.net\/wordpress\/wp-content\/uploads\/2024\/05\/CIAK1-2.mp3\">https:\/\/www.radiopiu.net\/wordpress\/wp-content\/uploads\/2024\/05\/CIAK1-2.mp3<\/a><\/audio>\n<p>&nbsp;<\/p>\n<h2>LA RACCOLTA COMPLETA <a href=\"https:\/\/www.radiopiu.net\/wordpress\/ciak24\/\"><span style=\"color: #3366ff;\">CLICCA QUI<\/span><\/a><\/h2>\n<p>&nbsp;<\/p>\n<hr \/>\n<p>&nbsp;<\/p>\n<h2><span style=\"color: #008000;\">CINE HITS, ALLA SCOPERTA DELLE COLONNE SONORE<\/span><\/h2>\n<p><strong><a class=\"dt-pswp-item\" href=\"https:\/\/www.radiopiu.net\/wordpress\/wp-content\/uploads\/2024\/05\/GHOSTBUSTERS.jpg\" data-dt-img-description=\"\" data-large_image_width=\"1077\" data-large_image_height=\"1500\"><img loading=\"lazy\" decoding=\"async\" class=\" wp-image-391493 alignleft\" src=\"https:\/\/www.radiopiu.net\/wordpress\/wp-content\/uploads\/2024\/05\/GHOSTBUSTERS-215x300.jpg\" alt=\"\" width=\"104\" height=\"145\" srcset=\"https:\/\/www.radiopiu.net\/wordpress\/wp-content\/uploads\/2024\/05\/GHOSTBUSTERS-215x300.jpg 215w, https:\/\/www.radiopiu.net\/wordpress\/wp-content\/uploads\/2024\/05\/GHOSTBUSTERS-735x1024.jpg 735w, https:\/\/www.radiopiu.net\/wordpress\/wp-content\/uploads\/2024\/05\/GHOSTBUSTERS-768x1070.jpg 768w, https:\/\/www.radiopiu.net\/wordpress\/wp-content\/uploads\/2024\/05\/GHOSTBUSTERS.jpg 1077w\" sizes=\"auto, (max-width: 104px) 100vw, 104px\" \/><\/a>27 MAGGIO &#8211; GHOSTBUSTERS<\/strong><\/p>\n<audio class=\"wp-audio-shortcode\" id=\"audio-391967-16\" preload=\"none\" style=\"width: 100%;\" controls=\"controls\"><source type=\"audio\/mpeg\" src=\"https:\/\/www.radiopiu.net\/wordpress\/wp-content\/uploads\/2024\/05\/CINE1-2.mp3?_=16\" \/><a href=\"https:\/\/www.radiopiu.net\/wordpress\/wp-content\/uploads\/2024\/05\/CINE1-2.mp3\">https:\/\/www.radiopiu.net\/wordpress\/wp-content\/uploads\/2024\/05\/CINE1-2.mp3<\/a><\/audio>\n<p>&nbsp;<\/p>\n<h2>LA RACCOLTA COMPLETA <a href=\"https:\/\/www.radiopiu.net\/wordpress\/cine-hits-alla-scoperta-delle-colonne-sonore-la-raccolta\/\"><span style=\"color: #3366ff;\">CLICCA QUI<\/span><\/a><\/h2>\n<p>&nbsp;<\/p>\n<hr \/>\n<p>&nbsp;<\/p>\n<\/div>\n<h2><span style=\"color: #00ffff;\">I RACCONTI DI PAOLO SOPPELSA<\/span><\/h2>\n<p><strong>STORIE DI FINE PRIMAVERA <\/strong><\/p>\n<p><strong>AUDIO<\/strong><\/p>\n<audio class=\"wp-audio-shortcode\" id=\"audio-391967-17\" preload=\"none\" style=\"width: 100%;\" controls=\"controls\"><source type=\"audio\/mpeg\" src=\"https:\/\/www.radiopiu.net\/wordpress\/wp-content\/uploads\/2024\/05\/PAOLOS-3.mp3?_=17\" \/><a href=\"https:\/\/www.radiopiu.net\/wordpress\/wp-content\/uploads\/2024\/05\/PAOLOS-3.mp3\">https:\/\/www.radiopiu.net\/wordpress\/wp-content\/uploads\/2024\/05\/PAOLOS-3.mp3<\/a><\/audio>\n<p>&nbsp;<\/p>\n<p><a class=\"dt-pswp-item\" href=\"https:\/\/www.radiopiu.net\/wordpress\/wp-content\/uploads\/2024\/05\/7735120c-0616-4e7e-97c9-5a2a471a326e.jpg\" data-dt-img-description=\"\" data-large_image_width=\"1600\" data-large_image_height=\"1200\"><img loading=\"lazy\" decoding=\"async\" class=\" wp-image-391928 alignleft\" src=\"https:\/\/www.radiopiu.net\/wordpress\/wp-content\/uploads\/2024\/05\/7735120c-0616-4e7e-97c9-5a2a471a326e-300x225.jpg\" alt=\"\" width=\"199\" height=\"149\" srcset=\"https:\/\/www.radiopiu.net\/wordpress\/wp-content\/uploads\/2024\/05\/7735120c-0616-4e7e-97c9-5a2a471a326e-300x225.jpg 300w, https:\/\/www.radiopiu.net\/wordpress\/wp-content\/uploads\/2024\/05\/7735120c-0616-4e7e-97c9-5a2a471a326e-1024x768.jpg 1024w, https:\/\/www.radiopiu.net\/wordpress\/wp-content\/uploads\/2024\/05\/7735120c-0616-4e7e-97c9-5a2a471a326e-768x576.jpg 768w, https:\/\/www.radiopiu.net\/wordpress\/wp-content\/uploads\/2024\/05\/7735120c-0616-4e7e-97c9-5a2a471a326e-1536x1152.jpg 1536w, https:\/\/www.radiopiu.net\/wordpress\/wp-content\/uploads\/2024\/05\/7735120c-0616-4e7e-97c9-5a2a471a326e.jpg 1600w\" sizes=\"auto, (max-width: 199px) 100vw, 199px\" \/><\/a>Quel tempo cittadino di fine maggio era carico di un fermento nuovo. In quei giorni in cui la primavera iniziava a tramutarsi in estate si respirava un&#8217;aria nuova fra le case e i condomini della piccola citt\u00e0. La luce della sera filtrava allegra fra le case e la brezza tiepida portava suoni di dopocena che si udivano dai vialetti ornati dalle rose ora al massimo del loro splendore. Era sbattere di tovaglie dai terrazzi e la sigla del Tg1, erano voci di bambini che facevano la conta prima di iniziare i primi nascondini di stagione. Era il tempo delle mattine assolate, degli scolari irrequieti e delle maestre stanche, delle corse sfrenate sotto la pergola del giardino delle scuole Gabelli e della foto di fine anno all&#8217;ombra del pruno rosso. Il mese delle rose e del rosario terminava sempre cos\u00ec alla met\u00e0 degli anni \u201880, e fu cos\u00ec pure all&#8217;inizio di quell&#8217;estate dei miei dieci anni, quando la scuola, per me, termin\u00f2 a met\u00e0 mattina di un caldo venerd\u00ec. Arriv\u00f2 un attacco di appendicite a rovinare un po\u2019 l&#8217;allegria di quei giorni in cui ormai le vacanze estive erano davvero a un passo. L&#8217;ospedale era quello vecchio situato in centro citt\u00e0 e ormai in via di dismissione, con il portone di legno marrone e la grande camerata che mi avrebbe ospitato per poco meno di una settimana. Un pomeriggio di attesa sdraiato sul letto con le sponde di ferro beige, poi il giro sulla barella attraversando gli angusti corridoi e infine la grande lampada sopra il tavolo operatorio. Mi risvegliai il mattino successivo circondato dai famigliari e accompagnato dal rumore di auto e autobus che transitavano sul porfido di via Loreto. Furono cinque giorni di tranquillo riposo e di minestrine insipide mentre fuori terminava la scuola e iniziava l&#8217;estate. Quel tempo ospedaliero scivol\u00f2 via velocemente mentre Stephen Roche stava per trionfare al Giro d&#8217;Italia; le ore passavano velocemente fra controlli medici sempre pi\u00f9 radi e visite di genitori e parenti che mi trattavano come un piccolo eroe che aveva affrontato quell\u2019imprevisto di inizio estate con dignit\u00e0 e coraggio. Al quinto giorno i medici mi lasciarono fare ritorno a casa con qualche blanda raccomandazione riguardante il cibo e fuori dal severo portone di legno trovai l&#8217;estate appena nata ad attendermi. Ora il tempo della scuola era terminato e la piccola citt\u00e0 aveva gi\u00e0 iniziato a svuotarsi. Nei parcheggi condominiali mancava qualche roulotte che aveva preso la strada delle vacanze e in quei lunghi pomeriggi di sole erano pochi i bambini che giocavano nei prati e nei cortili. Qualche giorno ancora di vita cittadina utili a rimettermi in forze, poi l&#8217;ultimo atto di coraggio, quello del taglio dei punti che sanciva il termine di quel periodo di convalescenza che, tutto sommato, era stato superato senza grossi disagi. Poi arriv\u00f2 una limpida mattina in cui mi svegliai a orario di scuola e mezz&#8217;ora pi\u00f9 tardi ero seduto sul rovente sedile in similpelle nera della 127 color del cielo che stava vivendo la sua ultima estate e che, nonostante la sua veneranda et\u00e0, ringhiava ancora orgogliosa lungo i rettilinei della Strada Madre. Pap\u00e0 ci scaric\u00f2 velocemente ai piedi del Pelsa e poi fece rotta verso la Val Fiorentina, io invece mi dedicai subito alla costruzione del muletto della Lego avuto in regalo perch\u00e9 \u201cere stat valent \u2018nte chi d\u00ec de l\u2019apendicite\u201d. Solo una piccola cicatrice ricordava quei pochi giorni vissuti fra quelle mura stanche, ora c&#8217;era da vivere il presente di una nuova estate da trascorrere nel paese situato all&#8217;incrocio delle valli e dei venti.<\/p>\n<p>&nbsp;<\/p>\n<hr \/>\n<p>&nbsp;<\/p>\n<p>&nbsp;<\/p>\n<h2><span style=\"color: #ff0000;\"><a class=\"dt-pswp-item\" href=\"https:\/\/www.radiopiu.net\/wordpress\/wp-content\/uploads\/2018\/09\/appuntamenti.jpeg\" data-dt-img-description=\"\" data-large_image_width=\"800\" data-large_image_height=\"100\"><img loading=\"lazy\" decoding=\"async\" class=\"wp-image-61958 size-full aligncenter\" src=\"https:\/\/www.radiopiu.net\/wordpress\/wp-content\/uploads\/2018\/09\/appuntamenti.jpeg\" alt=\"\" width=\"800\" height=\"100\" srcset=\"https:\/\/www.radiopiu.net\/wordpress\/wp-content\/uploads\/2018\/09\/appuntamenti.jpeg 800w, https:\/\/www.radiopiu.net\/wordpress\/wp-content\/uploads\/2018\/09\/appuntamenti-300x38.jpeg 300w, https:\/\/www.radiopiu.net\/wordpress\/wp-content\/uploads\/2018\/09\/appuntamenti-768x96.jpeg 768w\" sizes=\"auto, (max-width: 800px) 100vw, 800px\" \/><\/a><\/span><\/h2>\n<div>\n<div class=\"\" dir=\"auto\">\n<div id=\":r9h:\" class=\"x1iorvi4 x1pi30zi x1l90r2v x1swvt13\" data-ad-comet-preview=\"message\" data-ad-preview=\"message\">\n\n\t\t\t<style type='text\/css'>\n\t\t\t\t#gallery-2 {\n\t\t\t\t\tmargin: auto;\n\t\t\t\t}\n\t\t\t\t#gallery-2 .gallery-item {\n\t\t\t\t\tfloat: left;\n\t\t\t\t\tmargin-top: 10px;\n\t\t\t\t\ttext-align: center;\n\t\t\t\t\twidth: 50%;\n\t\t\t\t}\n\t\t\t\t#gallery-2 img {\n\t\t\t\t\tborder: 2px solid #cfcfcf;\n\t\t\t\t}\n\t\t\t\t#gallery-2 .gallery-caption {\n\t\t\t\t\tmargin-left: 0;\n\t\t\t\t}\n\t\t\t\t\/* see gallery_shortcode() in wp-includes\/media.php *\/\n\t\t\t<\/style>\n\t\t<div id='gallery-2' class='dt-gallery-container gallery galleryid-391967 gallery-columns-2 gallery-size-thumbnail'><dl class='gallery-item'>\n\t\t\t\t<dt class='gallery-icon portrait'>\n\t\t\t\t\t<a class=\"rollover\" href='https:\/\/www.radiopiu.net\/wordpress\/giornale-radiopiu-23-maggio-2024-direttore-mirko-mezzacasada-40-anni-25-giugno-1983-25-giugno-2023\/e651a95f-423a-40f9-827a-3ba70bd26776\/'><img loading=\"lazy\" decoding=\"async\" width=\"150\" height=\"150\" src=\"https:\/\/www.radiopiu.net\/wordpress\/wp-content\/uploads\/2024\/05\/e651a95f-423a-40f9-827a-3ba70bd26776-150x150.jpg\" class=\"attachment-thumbnail size-thumbnail\" alt=\"\" aria-describedby=\"gallery-2-391342\" \/><\/a>\n\t\t\t\t<\/dt>\n\t\t\t\t\t<dd class='wp-caption-text gallery-caption' id='gallery-2-391342'>\n\t\t\t\t\tSAGRA DE SANT&#8217;ANTONI A RIVAMONTE\n\t\t\t\t\t<\/dd><\/dl><dl class='gallery-item'>\n\t\t\t\t<dt class='gallery-icon portrait'>\n\t\t\t\t\t<a class=\"rollover\" href='https:\/\/www.radiopiu.net\/wordpress\/giornale-radiopiu-23-maggio-2024-direttore-mirko-mezzacasada-40-anni-25-giugno-1983-25-giugno-2023\/4f200081-e4c5-4b25-97be-5145b1cf479f\/'><img loading=\"lazy\" decoding=\"async\" width=\"150\" height=\"150\" src=\"https:\/\/www.radiopiu.net\/wordpress\/wp-content\/uploads\/2024\/05\/4f200081-e4c5-4b25-97be-5145b1cf479f-150x150.jpg\" class=\"attachment-thumbnail size-thumbnail\" alt=\"\" aria-describedby=\"gallery-2-391343\" \/><\/a>\n\t\t\t\t<\/dt>\n\t\t\t\t\t<dd class='wp-caption-text gallery-caption' id='gallery-2-391343'>\n\t\t\t\t\tIL CIRCUITO RIVA RON\n\t\t\t\t\t<\/dd><\/dl><br style=\"clear: both\" \/>\n\t\t\t<\/div>\n\n<\/div>\n<\/div>\n<\/div>\n<p>&nbsp;<\/p>\n<p>&nbsp;<\/p>\n<h2><span style=\"color: #ff0000;\">PROSSIMAMENTE<\/span><\/h2>\n<p>RIVA&#8230;&#8230;.RONNNNNNNNN corsa podistica non competitiva. DOMENICA 9 GIUGNO, PARTENZA ALLE 10 DALLA CASA DELLA GIOVENTU&#8217; DI RIVAMONTE. DUE PERCORSI&#8230; TANTI PREMI, pasta party, premiazioni e musica con DJ Tom\u00e8<\/p>\n<p>Preparatevi a scatenare la vostra energia e a superare i vostri limiti con CorriPoi 2024. Il trofeo di Corse Podistiche a tappe Nell&#8217;Agordino, quattro tappe emozionanti, ognuna delle quali vi porter\u00e0 a scoprire le bellezze naturali del territorio. 9 GIUGNO RIVAMONTE, 22 GIUGNO FRASSENE&#8217;, 7 LUGLIO FORCELLA AURINE, 7 SETTEMBRE VOLTAGO Alla CorriPoi parteciperanno, fianco a fianco, forti runner, atleti della domenica, famiglie, gruppi di amici, giovani corridori in erba, tutti con l&#8217;obiettivo di correre e di divertirsi. Corri verso la vittoria, corri verso il trofeo Alpenpluss. Regolamento delle quattro gare sul sito KEEPSPORTING.COM, in collaborazione con Kiwi Sport, abbigliamento sportivo per tutta la famiglia, ad ALLEGHE- CENCENIGHE &#8211; BELLUNO<\/p>\n<p>LA PRO LOCO DI RIVAMONTE TI INVITA ALLA SAGRA DE SANT&#8217;ANTONI, DAL 12 AL 16 GIUGNO<br \/>\nMERCOLEDI 12 GIUGNO, GNOCH CO LA POINA, IL PIATTO TIPICO E ALTRE SPECIALIT\u00e0, MUSICA CON LINO<br \/>\nGIOVEDI 13 GIUGNO PRANZO E CENA, DALLE 21 LA MUSICA DI EROS E KARIM<br \/>\nVENERDI 14 GIUGNO A CENA &#8220;PANET ONTI, WURSTEL PATATINE E BIRRA, PROIEZIONE DEL VIDEO SOSPIROLO-NEPAL IN BICI DI FAUSTO DE POI E DALLE 22 CONCERTO CON I BLACK OUT<br \/>\nSABATO 15 SERATA DANZANTE CON LA SPRITZ BAND, A SEGUIRE DJ MORGAN E BATTAGLIA, CHIUSCO COCKTAIL ALL&#8217;ESTERNO DEL TENDONE<br \/>\nDOMENICA 16 PRANZO ALLE 12, POMERIGGIO CON I GRUPPI BATI ORZ DI SANT TOMASO E FOLK DEL POI<br \/>\nALLA CASA DELLA GIOVENTU&#8217; PESCA DI BENEFICIENZA, IN CHIESA I CORDONI DI SANT&#8217;ANTONIO.<\/p>\n<p>&nbsp;<\/p>\n<hr \/>\n<p>&nbsp;<\/p>\n<p><a class=\"dt-pswp-item\" href=\"https:\/\/www.radiopiu.net\/wordpress\/wp-content\/uploads\/2018\/09\/viabilita.jpeg\" data-dt-img-description=\"\" data-large_image_width=\"800\" data-large_image_height=\"100\"><img loading=\"lazy\" decoding=\"async\" class=\"aligncenter wp-image-61954 size-full\" src=\"https:\/\/www.radiopiu.net\/wordpress\/wp-content\/uploads\/2018\/09\/viabilita.jpeg\" alt=\"\" width=\"800\" height=\"100\" srcset=\"https:\/\/www.radiopiu.net\/wordpress\/wp-content\/uploads\/2018\/09\/viabilita.jpeg 800w, https:\/\/www.radiopiu.net\/wordpress\/wp-content\/uploads\/2018\/09\/viabilita-300x38.jpeg 300w, https:\/\/www.radiopiu.net\/wordpress\/wp-content\/uploads\/2018\/09\/viabilita-768x96.jpeg 768w\" sizes=\"auto, (max-width: 800px) 100vw, 800px\" \/><\/a><\/p>\n<p>&nbsp;<\/p>\n<p><a class=\"dt-pswp-item\" href=\"https:\/\/www.radiopiu.net\/wordpress\/wp-content\/uploads\/2023\/12\/botol-car-service.jpg\" data-dt-img-description=\"\" data-large_image_width=\"600\" data-large_image_height=\"600\"><img loading=\"lazy\" decoding=\"async\" class=\"size-medium wp-image-367044 aligncenter\" src=\"https:\/\/www.radiopiu.net\/wordpress\/wp-content\/uploads\/2023\/12\/botol-car-service-300x300.jpg\" alt=\"\" width=\"300\" height=\"300\" srcset=\"https:\/\/www.radiopiu.net\/wordpress\/wp-content\/uploads\/2023\/12\/botol-car-service-300x300.jpg 300w, https:\/\/www.radiopiu.net\/wordpress\/wp-content\/uploads\/2023\/12\/botol-car-service-150x150.jpg 150w, https:\/\/www.radiopiu.net\/wordpress\/wp-content\/uploads\/2023\/12\/botol-car-service.jpg 600w\" sizes=\"auto, (max-width: 300px) 100vw, 300px\" \/><\/a><\/p>\n<p>&nbsp;<\/p>\n<p>&nbsp;<\/p>\n<h1>BOLLETTINO QUOTIDIANO, CLICCA QUI<\/h1>\n<blockquote class=\"wp-embedded-content\" data-secret=\"KA4md0Ak54\"><p><a href=\"https:\/\/www.radiopiu.net\/wordpress\/viabilita\/\">viabilita<\/a><\/p><\/blockquote>\n<p><iframe loading=\"lazy\" class=\"wp-embedded-content\" sandbox=\"allow-scripts\" security=\"restricted\" style=\"position: absolute; clip: rect(1px, 1px, 1px, 1px);\" title=\"&#8220;viabilita&#8221; &#8212; Radio Pi\u00f9\" src=\"https:\/\/www.radiopiu.net\/wordpress\/viabilita\/embed\/#?secret=pDmURLhjhw#?secret=KA4md0Ak54\" data-secret=\"KA4md0Ak54\" width=\"600\" height=\"338\" frameborder=\"0\" marginwidth=\"0\" marginheight=\"0\" scrolling=\"no\"><\/iframe><\/p>\n<p>&nbsp;<\/p>\n<p>&nbsp;<\/p>\n<p>&nbsp;<\/p>\n<hr \/>\n<p>&nbsp;<\/p>\n<p><a class=\"dt-pswp-item\" href=\"https:\/\/www.radiopiu.net\/wordpress\/wp-content\/uploads\/2018\/09\/WhatsApp-Image-2018-09-20-at-16.04.06.jpeg\" data-dt-img-description=\"\" data-large_image_width=\"800\" data-large_image_height=\"100\"><img loading=\"lazy\" decoding=\"async\" class=\"wp-image-61378 size-full aligncenter\" src=\"https:\/\/www.radiopiu.net\/wordpress\/wp-content\/uploads\/2018\/09\/WhatsApp-Image-2018-09-20-at-16.04.06.jpeg\" alt=\"\" width=\"800\" height=\"100\" srcset=\"https:\/\/www.radiopiu.net\/wordpress\/wp-content\/uploads\/2018\/09\/WhatsApp-Image-2018-09-20-at-16.04.06.jpeg 800w, https:\/\/www.radiopiu.net\/wordpress\/wp-content\/uploads\/2018\/09\/WhatsApp-Image-2018-09-20-at-16.04.06-300x38.jpeg 300w, https:\/\/www.radiopiu.net\/wordpress\/wp-content\/uploads\/2018\/09\/WhatsApp-Image-2018-09-20-at-16.04.06-768x96.jpeg 768w\" sizes=\"auto, (max-width: 800px) 100vw, 800px\" \/><\/a><\/p>\n<p><center><\/center><center><\/center><center><\/center><center><\/center><center><\/center><center><\/center>&nbsp;<\/p>\n<p><center><\/center><center><\/center><center><\/center><center><\/center><center><\/center><center><\/center><center><b>OGGI<\/b><\/center>Nuvoloso o molto nuvoloso al mattino, dal pomeriggio irregolari schiarite via via pi\u00f9 ampie a partire da Prealpi occidentali in estensione verso sera a Dolomiti.<br \/>\n<b>Precipitazioni: <\/b>Rovesci diffusi tra notte e mattino, nel pomeriggio isolati rovesci\/temporali pi\u00f9 probabili su Prealpi, in serata generalmente assenti ovunque.<br \/>\n<b>Temperature: <\/b>Minime in contenuto aumento nelle valli e stazionarie o in lieve diminuzione in quota, massime in discreto calo<\/p>\n<hr \/>\n<p><center><b>DOMANI<\/b><\/center>Tempo variabile, con spazi di sereno pi\u00f9 presenti al mattino e addensamenti nuvolosi via via pi\u00f9 significativi dal mezzogiorno con cielo irregolarmente nuvoloso nel pomeriggio.<br \/>\n<b>Precipitazioni: <\/b>Al mattino generalmente assenti, dalle ore centrali e nel pomeriggio rovesci sparsi e isolati temporali un p\u00f2 pi\u00f9 probabili su Dolomiti rispetto a prealpi occidentali.<br \/>\n<b>Temperature: <\/b>Stazionarie in quota, massime in aumento nelle valli.<\/p>\n<hr \/>\n<p><center><b>GIOVEDI<\/b><\/center>Cielo molto nuvoloso o coperto con probabili rovesci sparsi possibili a tratti durante tutta la giornata anche se pi\u00f9 probabili al mattino, pi\u00f9 insistenti sulle Prealpi dove sono possibili isolati temporali; temperature minime in aumento, massime senza notevoli variazioni ad alta quota e in diminuzione altrove.<\/p>\n<hr \/>\n<p><center><b>VENERDI<\/b><\/center>Nuvoloso o molto nuvoloso con probabili forti rovesci diffusi e locali temporali su Prealpi. Temperature in generale calo .<\/p>\n<p>&nbsp;<\/p>\n<hr \/>\n<p>&nbsp;<\/p>\n<p><img loading=\"lazy\" decoding=\"async\" class=\"wp-image-60761 size-full aligncenter\" src=\"https:\/\/www.radiopiu.net\/wordpress\/wp-content\/uploads\/2018\/09\/sport.jpg\" alt=\"\" width=\"800\" height=\"100\" srcset=\"https:\/\/www.radiopiu.net\/wordpress\/wp-content\/uploads\/2018\/09\/sport.jpg 800w, https:\/\/www.radiopiu.net\/wordpress\/wp-content\/uploads\/2018\/09\/sport-300x38.jpg 300w, https:\/\/www.radiopiu.net\/wordpress\/wp-content\/uploads\/2018\/09\/sport-768x96.jpg 768w\" sizes=\"auto, (max-width: 800px) 100vw, 800px\" \/><\/p>\n<p>&nbsp;<\/p>\n<p><span style=\"color: #0000ff;\"><strong>NUOTO<\/strong><\/span><\/p>\n<blockquote>\n<h3>ATTIVAMENTE AGORDINO AI CAMPIONATI ITALIANI DI NUOTO CSI. GAIA BRISTOT CAMPIONESSA ITALIANA NEI 50 DORSO<\/h3>\n<\/blockquote>\n<p><strong>AGORDO <\/strong>Si sono svolti da gioved\u00ec 23 a domenica 26 maggio nella splendida piscina da 50 metri del villaggio Bella Italia di Lignano, i Campionati Italiani di nuoto CSI che hanno visto la partecipazione di oltre 1.500 atleti provenienti da numerose regioni. All\u2019importante manifestazione era presente, con 10 ragazzi, anche la societ\u00e0 Attivamente Agordino, unica di tutto il Veneto. Livia Ren, Carlotta Fusina, Ilenia Venialetti, Dalia Fadig\u00e0, Rebecca Buxai, Martino De Toffol, Samuele Zasso Cucchini, Giulia Carrera, Giulia Carlin e Gaia Bristot i componenti della squadra agordina accompagnati da Giada Conedera e Giorgio De Nardin. Esperienza bellissima per i ragazzi che, in un contesto agonistico di elevato livello, hanno ottenuto numerosi piazzamenti nelle prime posizioni delle classifiche culminanti con due medaglie da parte di Gaia Bristot che, dopo il bronzo nei 100 delfino di venerd\u00ec, sabato si \u00e8 aggiudicata il Titolo Italiano nei 50 dorso al termine di una avvincente ed entusiasmante gara vinta con il tempo di 33\u201d60. Finali conquistate anche da Martino De Toffol, quinto nella finale dei 100 sl e da Ilenia Venialetti, ottava nella finale nei 50 dorso.<\/p>\n\n\t\t\t<style type='text\/css'>\n\t\t\t\t#gallery-3 {\n\t\t\t\t\tmargin: auto;\n\t\t\t\t}\n\t\t\t\t#gallery-3 .gallery-item {\n\t\t\t\t\tfloat: left;\n\t\t\t\t\tmargin-top: 10px;\n\t\t\t\t\ttext-align: center;\n\t\t\t\t\twidth: 33%;\n\t\t\t\t}\n\t\t\t\t#gallery-3 img {\n\t\t\t\t\tborder: 2px solid #cfcfcf;\n\t\t\t\t}\n\t\t\t\t#gallery-3 .gallery-caption {\n\t\t\t\t\tmargin-left: 0;\n\t\t\t\t}\n\t\t\t\t\/* see gallery_shortcode() in wp-includes\/media.php *\/\n\t\t\t<\/style>\n\t\t<div id='gallery-3' class='dt-gallery-container gallery galleryid-391967 gallery-columns-3 gallery-size-medium'><dl class='gallery-item'>\n\t\t\t\t<dt class='gallery-icon landscape'>\n\t\t\t\t\t<a class=\"rollover rollover-zoom dt-pswp-item\" title=\"11b63f12-5c9d-42c5-b6ae-d8d5c4e93366\" data-dt-img-description=\"\" data-large_image_width=\"2048\" data-large_image_height=\"1536\"href='https:\/\/www.radiopiu.net\/wordpress\/wp-content\/uploads\/2024\/05\/11b63f12-5c9d-42c5-b6ae-d8d5c4e93366.jpg'><img loading=\"lazy\" decoding=\"async\" width=\"300\" height=\"225\" src=\"https:\/\/www.radiopiu.net\/wordpress\/wp-content\/uploads\/2024\/05\/11b63f12-5c9d-42c5-b6ae-d8d5c4e93366-300x225.jpg\" class=\"attachment-medium size-medium\" alt=\"\" srcset=\"https:\/\/www.radiopiu.net\/wordpress\/wp-content\/uploads\/2024\/05\/11b63f12-5c9d-42c5-b6ae-d8d5c4e93366-300x225.jpg 300w, https:\/\/www.radiopiu.net\/wordpress\/wp-content\/uploads\/2024\/05\/11b63f12-5c9d-42c5-b6ae-d8d5c4e93366-1024x768.jpg 1024w, https:\/\/www.radiopiu.net\/wordpress\/wp-content\/uploads\/2024\/05\/11b63f12-5c9d-42c5-b6ae-d8d5c4e93366-768x576.jpg 768w, https:\/\/www.radiopiu.net\/wordpress\/wp-content\/uploads\/2024\/05\/11b63f12-5c9d-42c5-b6ae-d8d5c4e93366-1536x1152.jpg 1536w, https:\/\/www.radiopiu.net\/wordpress\/wp-content\/uploads\/2024\/05\/11b63f12-5c9d-42c5-b6ae-d8d5c4e93366.jpg 2048w\" sizes=\"auto, (max-width: 300px) 100vw, 300px\" \/><\/a>\n\t\t\t\t<\/dt><\/dl><dl class='gallery-item'>\n\t\t\t\t<dt class='gallery-icon landscape'>\n\t\t\t\t\t<a class=\"rollover rollover-zoom dt-pswp-item\" title=\"92d8e872-e92c-4d31-b280-8fcc36eb6669\" data-dt-img-description=\"\" data-large_image_width=\"1507\" data-large_image_height=\"1200\"href='https:\/\/www.radiopiu.net\/wordpress\/wp-content\/uploads\/2024\/05\/92d8e872-e92c-4d31-b280-8fcc36eb6669.jpg'><img loading=\"lazy\" decoding=\"async\" width=\"300\" height=\"239\" src=\"https:\/\/www.radiopiu.net\/wordpress\/wp-content\/uploads\/2024\/05\/92d8e872-e92c-4d31-b280-8fcc36eb6669-300x239.jpg\" class=\"attachment-medium size-medium\" alt=\"\" srcset=\"https:\/\/www.radiopiu.net\/wordpress\/wp-content\/uploads\/2024\/05\/92d8e872-e92c-4d31-b280-8fcc36eb6669-300x239.jpg 300w, https:\/\/www.radiopiu.net\/wordpress\/wp-content\/uploads\/2024\/05\/92d8e872-e92c-4d31-b280-8fcc36eb6669-1024x815.jpg 1024w, https:\/\/www.radiopiu.net\/wordpress\/wp-content\/uploads\/2024\/05\/92d8e872-e92c-4d31-b280-8fcc36eb6669-768x612.jpg 768w, https:\/\/www.radiopiu.net\/wordpress\/wp-content\/uploads\/2024\/05\/92d8e872-e92c-4d31-b280-8fcc36eb6669.jpg 1507w\" sizes=\"auto, (max-width: 300px) 100vw, 300px\" \/><\/a>\n\t\t\t\t<\/dt><\/dl><dl class='gallery-item'>\n\t\t\t\t<dt class='gallery-icon landscape'>\n\t\t\t\t\t<a class=\"rollover rollover-zoom dt-pswp-item\" title=\"781d8e2a-8b9a-4765-a5c9-39c62482461a\" data-dt-img-description=\"\" data-large_image_width=\"1600\" data-large_image_height=\"1200\"href='https:\/\/www.radiopiu.net\/wordpress\/wp-content\/uploads\/2024\/05\/781d8e2a-8b9a-4765-a5c9-39c62482461a.jpg'><img loading=\"lazy\" decoding=\"async\" width=\"300\" height=\"225\" src=\"https:\/\/www.radiopiu.net\/wordpress\/wp-content\/uploads\/2024\/05\/781d8e2a-8b9a-4765-a5c9-39c62482461a-300x225.jpg\" class=\"attachment-medium size-medium\" alt=\"\" srcset=\"https:\/\/www.radiopiu.net\/wordpress\/wp-content\/uploads\/2024\/05\/781d8e2a-8b9a-4765-a5c9-39c62482461a-300x225.jpg 300w, https:\/\/www.radiopiu.net\/wordpress\/wp-content\/uploads\/2024\/05\/781d8e2a-8b9a-4765-a5c9-39c62482461a-1024x768.jpg 1024w, https:\/\/www.radiopiu.net\/wordpress\/wp-content\/uploads\/2024\/05\/781d8e2a-8b9a-4765-a5c9-39c62482461a-768x576.jpg 768w, https:\/\/www.radiopiu.net\/wordpress\/wp-content\/uploads\/2024\/05\/781d8e2a-8b9a-4765-a5c9-39c62482461a-1536x1152.jpg 1536w, https:\/\/www.radiopiu.net\/wordpress\/wp-content\/uploads\/2024\/05\/781d8e2a-8b9a-4765-a5c9-39c62482461a.jpg 1600w\" sizes=\"auto, (max-width: 300px) 100vw, 300px\" \/><\/a>\n\t\t\t\t<\/dt><\/dl><br style=\"clear: both\" \/>\n\t\t\t<\/div>\n\n<p>&nbsp;<\/p>\n<p><span style=\"color: #0000ff;\"><strong>PALLAVOLO <\/strong><\/span><b>\u00a0<\/b><\/p>\n<blockquote>\n<h1><b><a class=\"dt-pswp-item\" href=\"https:\/\/www.radiopiu.net\/wordpress\/wp-content\/uploads\/2024\/05\/Orto_ha_vestito_i_panni_di_libero.jpg\" data-dt-img-description=\"\" data-large_image_width=\"400\" data-large_image_height=\"394\"><img loading=\"lazy\" decoding=\"async\" class=\"wp-image-392075 alignleft\" src=\"https:\/\/www.radiopiu.net\/wordpress\/wp-content\/uploads\/2024\/05\/Orto_ha_vestito_i_panni_di_libero-300x296.jpg\" alt=\"\" width=\"194\" height=\"191\" srcset=\"https:\/\/www.radiopiu.net\/wordpress\/wp-content\/uploads\/2024\/05\/Orto_ha_vestito_i_panni_di_libero-300x296.jpg 300w, https:\/\/www.radiopiu.net\/wordpress\/wp-content\/uploads\/2024\/05\/Orto_ha_vestito_i_panni_di_libero.jpg 400w\" sizes=\"auto, (max-width: 194px) 100vw, 194px\" \/><\/a>La Belluno Volley saluta Antonaci, Bucko, Orto (foto) e Stufano<\/b><\/h1>\n<\/blockquote>\n<div class=\"flex flex-grow flex-col max-w-full\">\n<div class=\"min-h-[20px] text-message flex flex-col items-start whitespace-pre-wrap break-words [.text-message+&amp;]:mt-5 juice:w-full juice:items-end overflow-x-auto gap-2\" dir=\"auto\" data-message-author-role=\"assistant\" data-message-id=\"fbd7d0a1-a5ec-4b13-95ad-11508e3a2c64\">\n<div class=\"flex w-full flex-col gap-1 juice:empty:hidden juice:first:pt-[3px]\">\n<div class=\"markdown prose w-full break-words dark:prose-invert dark\">\n<p>\u00c8 tempo di cambiamenti per il Belluno Volley, con l&#8217;annuncio che Piergiorgio Antonaci, Bartosz Bucko, Simone Orto e Alessandro Stufano non faranno parte della squadra nella stagione 2024-2025. Bucko, di origini polacche ma con un animo &#8220;latino&#8221;, \u00e8 stato un protagonista della stagione appena conclusa, contribuendo al secondo posto in regular season e alle semifinali playoff. Antonaci ha eccelso soprattutto a muro, mentre Stufano, dopo due stagioni, ha dimostrato il suo valore entrando spesso a partita in corso. Il giovane libero Orto, di Catania, ha impressionato per la sua maturit\u00e0 e abilit\u00e0 in ricezione e difesa. Il presidente Sandro Da Rold e la societ\u00e0 augurano a tutti loro un futuro ricco di soddisfazioni sia nel volley che nella vita.<\/p>\n<\/div>\n<\/div>\n<\/div>\n<\/div>\n<p>&nbsp;<\/p>\n<p>&nbsp;<\/p>\n<hr \/>\n<p>&nbsp;<\/p>\n<h2><span style=\"color: #800080;\">GOODBYE BY BICICLE&#8230;UN VIAGGIO DALL&#8217;INDIA A SEREN DEL GRAPPA IN BICICLETTA<\/span><\/h2>\n<p><span style=\"color: #ff0000;\"><strong>PUNTATA 15 &#8211; I PRIMI GIORNI IN NEPAL<\/strong><\/span><\/p>\n<audio class=\"wp-audio-shortcode\" id=\"audio-391967-18\" preload=\"none\" style=\"width: 100%;\" controls=\"controls\"><source type=\"audio\/mpeg\" src=\"https:\/\/www.radiopiu.net\/wordpress\/wp-content\/uploads\/2024\/05\/AIRE-INDIA-PUNTATA-15.mp3?_=18\" \/><a href=\"https:\/\/www.radiopiu.net\/wordpress\/wp-content\/uploads\/2024\/05\/AIRE-INDIA-PUNTATA-15.mp3\">https:\/\/www.radiopiu.net\/wordpress\/wp-content\/uploads\/2024\/05\/AIRE-INDIA-PUNTATA-15.mp3<\/a><\/audio>\n<p>&nbsp;<\/p>\n<p><strong>PER VISITARE I SITI DEI LUOGHI VISITATI, CLICCA SULLE SEGUENTI SCRITTE: <a href=\"https:\/\/bardianationalpark.gov.np\/en\/\"><span style=\"color: #3366ff;\">BARDIA NATIONAL PARK<\/span><\/a>\u00a0 \u00a0<a href=\"https:\/\/www.facebook.com\/sanjeevanifoundationnepal\"><span style=\"color: #3366ff;\">SANJE EVANI FOUNDATION<\/span><\/a><\/strong><\/p>\n\n\t\t\t<style type='text\/css'>\n\t\t\t\t#gallery-4 {\n\t\t\t\t\tmargin: auto;\n\t\t\t\t}\n\t\t\t\t#gallery-4 .gallery-item {\n\t\t\t\t\tfloat: left;\n\t\t\t\t\tmargin-top: 10px;\n\t\t\t\t\ttext-align: center;\n\t\t\t\t\twidth: 33%;\n\t\t\t\t}\n\t\t\t\t#gallery-4 img {\n\t\t\t\t\tborder: 2px solid #cfcfcf;\n\t\t\t\t}\n\t\t\t\t#gallery-4 .gallery-caption {\n\t\t\t\t\tmargin-left: 0;\n\t\t\t\t}\n\t\t\t\t\/* see gallery_shortcode() in wp-includes\/media.php *\/\n\t\t\t<\/style>\n\t\t<div id='gallery-4' class='dt-gallery-container gallery galleryid-391967 gallery-columns-3 gallery-size-thumbnail'><dl class='gallery-item'>\n\t\t\t\t<dt class='gallery-icon landscape'>\n\t\t\t\t\t<a class=\"rollover rollover-zoom dt-pswp-item\" title=\"77cdcdf9-10c4-4c98-a8c4-e2141b44b458\" data-dt-img-description=\"\" data-large_image_width=\"1600\" data-large_image_height=\"1200\"href='https:\/\/www.radiopiu.net\/wordpress\/wp-content\/uploads\/2024\/05\/77cdcdf9-10c4-4c98-a8c4-e2141b44b458.jpg'><img loading=\"lazy\" decoding=\"async\" width=\"150\" height=\"150\" src=\"https:\/\/www.radiopiu.net\/wordpress\/wp-content\/uploads\/2024\/05\/77cdcdf9-10c4-4c98-a8c4-e2141b44b458-150x150.jpg\" class=\"attachment-thumbnail size-thumbnail\" alt=\"\" \/><\/a>\n\t\t\t\t<\/dt><\/dl><dl class='gallery-item'>\n\t\t\t\t<dt class='gallery-icon landscape'>\n\t\t\t\t\t<a class=\"rollover rollover-zoom dt-pswp-item\" title=\"832335e2-841e-449d-92e9-ca21d7c5ed82\" data-dt-img-description=\"\" data-large_image_width=\"1600\" data-large_image_height=\"1200\"href='https:\/\/www.radiopiu.net\/wordpress\/wp-content\/uploads\/2024\/05\/832335e2-841e-449d-92e9-ca21d7c5ed82.jpg'><img loading=\"lazy\" decoding=\"async\" width=\"150\" height=\"150\" src=\"https:\/\/www.radiopiu.net\/wordpress\/wp-content\/uploads\/2024\/05\/832335e2-841e-449d-92e9-ca21d7c5ed82-150x150.jpg\" class=\"attachment-thumbnail size-thumbnail\" alt=\"\" \/><\/a>\n\t\t\t\t<\/dt><\/dl><dl class='gallery-item'>\n\t\t\t\t<dt class='gallery-icon landscape'>\n\t\t\t\t\t<a class=\"rollover rollover-zoom dt-pswp-item\" title=\"a0939792-5218-43fa-be75-522b11df7034\" data-dt-img-description=\"\" data-large_image_width=\"1600\" data-large_image_height=\"1200\"href='https:\/\/www.radiopiu.net\/wordpress\/wp-content\/uploads\/2024\/05\/a0939792-5218-43fa-be75-522b11df7034.jpg'><img loading=\"lazy\" decoding=\"async\" width=\"150\" height=\"150\" src=\"https:\/\/www.radiopiu.net\/wordpress\/wp-content\/uploads\/2024\/05\/a0939792-5218-43fa-be75-522b11df7034-150x150.jpg\" class=\"attachment-thumbnail size-thumbnail\" alt=\"\" \/><\/a>\n\t\t\t\t<\/dt><\/dl><br style=\"clear: both\" \/>\n\t\t\t<\/div>\n\n<p>&nbsp;<\/p>\n<p>&nbsp;<\/p>\n<p>&nbsp;<\/p>\n<p>&nbsp;<\/p>\n","protected":false},"excerpt":{"rendered":"<p>***** PER RICEVERE QUESTO NOTIZIARIO DIRETTAMENTE SUL TUO CELLULARE ISCRIVITI AL CANALE TELEGRAM \u201cRADIO PIU\u00a0 INFORMAZIONE&#8221;\u00a0 \u00a0il CANALE TELEGRAM&#8230; UNISCITI A: RADIO PIU INFORMAZIONE &nbsp; &nbsp; ATTENZIONE: LA NUOVA APP PER IOS-IPHONE di Nicola Vettorello https:\/\/apps.apple.com\/it\/app\/radio-pi%C3%B9-emittente-agordina\/id1515939845 ATTENZIONE: LA NUOVA APP RADIO\u00a0 PER ANDROID di Nicola Vettorello https:\/\/play.google.com\/store\/apps\/details?id=net.radiopiu.iniko\u00a0\u00a0 &nbsp; &nbsp; &nbsp; &nbsp; OGGI ALLA RADIO:\u00a0ALLE 6.45\u00a0PIROLE&hellip;<\/p>\n","protected":false},"author":4,"featured_media":392142,"comment_status":"closed","ping_status":"closed","sticky":false,"template":"","format":"standard","meta":{"_monsterinsights_skip_tracking":false,"_monsterinsights_sitenote_active":false,"_monsterinsights_sitenote_note":"","_monsterinsights_sitenote_category":0,"footnotes":""},"categories":[51,86,49],"tags":[],"class_list":["post-391967","post","type-post","status-publish","format-standard","has-post-thumbnail","hentry","category-evidenza-top","category-gr","category-news-18","category-51","category-86","category-49","description-off"],"img_url":"https:\/\/www.radiopiu.net\/wordpress\/wp-content\/uploads\/2024\/05\/781d8e2a-8b9a-4765-a5c9-39c62482461a.jpg","_links":{"self":[{"href":"https:\/\/www.radiopiu.net\/wordpress\/wp-json\/wp\/v2\/posts\/391967","targetHints":{"allow":["GET"]}}],"collection":[{"href":"https:\/\/www.radiopiu.net\/wordpress\/wp-json\/wp\/v2\/posts"}],"about":[{"href":"https:\/\/www.radiopiu.net\/wordpress\/wp-json\/wp\/v2\/types\/post"}],"author":[{"embeddable":true,"href":"https:\/\/www.radiopiu.net\/wordpress\/wp-json\/wp\/v2\/users\/4"}],"replies":[{"embeddable":true,"href":"https:\/\/www.radiopiu.net\/wordpress\/wp-json\/wp\/v2\/comments?post=391967"}],"version-history":[{"count":0,"href":"https:\/\/www.radiopiu.net\/wordpress\/wp-json\/wp\/v2\/posts\/391967\/revisions"}],"wp:featuredmedia":[{"embeddable":true,"href":"https:\/\/www.radiopiu.net\/wordpress\/wp-json\/wp\/v2\/media\/392142"}],"wp:attachment":[{"href":"https:\/\/www.radiopiu.net\/wordpress\/wp-json\/wp\/v2\/media?parent=391967"}],"wp:term":[{"taxonomy":"category","embeddable":true,"href":"https:\/\/www.radiopiu.net\/wordpress\/wp-json\/wp\/v2\/categories?post=391967"},{"taxonomy":"post_tag","embeddable":true,"href":"https:\/\/www.radiopiu.net\/wordpress\/wp-json\/wp\/v2\/tags?post=391967"}],"curies":[{"name":"wp","href":"https:\/\/api.w.org\/{rel}","templated":true}]}}