{"id":392013,"date":"2024-05-27T05:35:53","date_gmt":"2024-05-27T03:35:53","guid":{"rendered":"https:\/\/www.radiopiu.net\/wordpress\/?p=392013"},"modified":"2024-05-27T05:39:26","modified_gmt":"2024-05-27T03:39:26","slug":"cortina-piange-ugo-constantini-ghea","status":"publish","type":"post","link":"https:\/\/www.radiopiu.net\/wordpress\/cortina-piange-ugo-constantini-ghea\/","title":{"rendered":"Cortina Piange Ugo Constantini Ghea"},"content":{"rendered":"<p>***<\/p>\n<p><a class=\"dt-pswp-item\" href=\"https:\/\/www.radiopiu.net\/wordpress\/wp-content\/uploads\/2024\/05\/441887788_491757989843045_5460454723150955599_n.jpg\" data-dt-img-description=\"\" data-large_image_width=\"508\" data-large_image_height=\"960\"><img loading=\"lazy\" decoding=\"async\" class=\"size-medium wp-image-392014 alignleft\" src=\"https:\/\/www.radiopiu.net\/wordpress\/wp-content\/uploads\/2024\/05\/441887788_491757989843045_5460454723150955599_n-159x300.jpg\" alt=\"\" width=\"159\" height=\"300\" srcset=\"https:\/\/www.radiopiu.net\/wordpress\/wp-content\/uploads\/2024\/05\/441887788_491757989843045_5460454723150955599_n-159x300.jpg 159w, https:\/\/www.radiopiu.net\/wordpress\/wp-content\/uploads\/2024\/05\/441887788_491757989843045_5460454723150955599_n.jpg 508w\" sizes=\"auto, (max-width: 159px) 100vw, 159px\" \/><\/a><strong>CORTINA<\/strong><\/p>\n<p>\u00e8 in lutto per la scomparsa di Ugo Constantini Ghea, gi\u00e0 capitano della Sch\u00fctzenkompanie Anpezo Hayden. Ugo, figura di riferimento nella comunit\u00e0, \u00e8 deceduto lasciando la moglie Luisa, la figlia Manuela e il figlio Andrea, sacerdote a Livinallongo del Col di Lana.<\/p>\n<p><strong>IL MESSAGGIO<\/strong><\/p>\n<p>L\u2019Union Ladis de Anpezo (ULd\u2019A) ha espresso il proprio cordoglio con un messaggio: &#8220;Ancuoi si ne su Ugo Constantini &#8216;Ghea&#8217;, pare de Don Andrea. Senpre presente par Union Ladis de Anpezo &#8211; ULd\u2019A e ex capitano de Sch\u00fctzenkompanie Anpezo\/Hayden.&#8221; Il rosario si terr\u00e0 luned\u00ec, con la sepoltura prevista per marted\u00ec alle 15 nella Chiesa Grande.<\/p>\n<p>Il presidente e tutto il consiglio dell\u2019ULd\u2019A hanno espresso le loro condoglianze alla famiglia, sottolineando il contributo di Ugo alla comunit\u00e0. La sua presenza e il suo impegno saranno ricordati con affetto e rispetto da tutti coloro che hanno avuto il privilegio di conoscerlo.<\/p>\n<p>&nbsp;<\/p>\n<p>&nbsp;<\/p>\n<hr \/>\n<p>&nbsp;<\/p>\n","protected":false},"excerpt":{"rendered":"<p>*** CORTINA \u00e8 in lutto per la scomparsa di Ugo Constantini Ghea, gi\u00e0 capitano della Sch\u00fctzenkompanie Anpezo Hayden. Ugo, figura di riferimento nella comunit\u00e0, \u00e8 deceduto lasciando la moglie Luisa, la figlia Manuela e il figlio Andrea, sacerdote a Livinallongo del Col di Lana. IL MESSAGGIO L\u2019Union Ladis de Anpezo (ULd\u2019A) ha espresso il proprio&hellip;<\/p>\n","protected":false},"author":4,"featured_media":392015,"comment_status":"closed","ping_status":"closed","sticky":false,"template":"","format":"standard","meta":{"_monsterinsights_skip_tracking":false,"_monsterinsights_sitenote_active":false,"_monsterinsights_sitenote_note":"","_monsterinsights_sitenote_category":0,"footnotes":""},"categories":[49],"tags":[],"class_list":["post-392013","post","type-post","status-publish","format-standard","has-post-thumbnail","hentry","category-news-18","category-49","description-off"],"img_url":"https:\/\/www.radiopiu.net\/wordpress\/wp-content\/uploads\/2024\/05\/Senza-nome-56.png","_links":{"self":[{"href":"https:\/\/www.radiopiu.net\/wordpress\/wp-json\/wp\/v2\/posts\/392013","targetHints":{"allow":["GET"]}}],"collection":[{"href":"https:\/\/www.radiopiu.net\/wordpress\/wp-json\/wp\/v2\/posts"}],"about":[{"href":"https:\/\/www.radiopiu.net\/wordpress\/wp-json\/wp\/v2\/types\/post"}],"author":[{"embeddable":true,"href":"https:\/\/www.radiopiu.net\/wordpress\/wp-json\/wp\/v2\/users\/4"}],"replies":[{"embeddable":true,"href":"https:\/\/www.radiopiu.net\/wordpress\/wp-json\/wp\/v2\/comments?post=392013"}],"version-history":[{"count":0,"href":"https:\/\/www.radiopiu.net\/wordpress\/wp-json\/wp\/v2\/posts\/392013\/revisions"}],"wp:featuredmedia":[{"embeddable":true,"href":"https:\/\/www.radiopiu.net\/wordpress\/wp-json\/wp\/v2\/media\/392015"}],"wp:attachment":[{"href":"https:\/\/www.radiopiu.net\/wordpress\/wp-json\/wp\/v2\/media?parent=392013"}],"wp:term":[{"taxonomy":"category","embeddable":true,"href":"https:\/\/www.radiopiu.net\/wordpress\/wp-json\/wp\/v2\/categories?post=392013"},{"taxonomy":"post_tag","embeddable":true,"href":"https:\/\/www.radiopiu.net\/wordpress\/wp-json\/wp\/v2\/tags?post=392013"}],"curies":[{"name":"wp","href":"https:\/\/api.w.org\/{rel}","templated":true}]}}