{"id":392122,"date":"2024-05-28T05:40:21","date_gmt":"2024-05-28T03:40:21","guid":{"rendered":"https:\/\/www.radiopiu.net\/wordpress\/?p=392122"},"modified":"2024-05-28T05:45:27","modified_gmt":"2024-05-28T03:45:27","slug":"due-interventi-in-mattinata-per-il-suem-118","status":"publish","type":"post","link":"https:\/\/www.radiopiu.net\/wordpress\/due-interventi-in-mattinata-per-il-suem-118\/","title":{"rendered":"DUE INTERVENTI IN MATTINATA PER IL SUEM 118"},"content":{"rendered":"<p>*****<\/p>\n<p>&nbsp;<\/p>\n<p><strong><a class=\"dt-pswp-item\" href=\"https:\/\/www.radiopiu.net\/wordpress\/wp-content\/uploads\/2023\/08\/suem.png\" data-dt-img-description=\"\" data-large_image_width=\"273\" data-large_image_height=\"127\"><img loading=\"lazy\" decoding=\"async\" class=\" wp-image-348238 alignleft\" src=\"https:\/\/www.radiopiu.net\/wordpress\/wp-content\/uploads\/2023\/08\/suem.png\" alt=\"\" width=\"163\" height=\"76\" \/><\/a>REDAZIONE<\/strong> La giornata della centrale operativa del Suem 118 \u00e8 iniziata questa mattina dopo le 7:30 quando i sanitari sono stati chiamati per soccorrere un minore che aveva subito un trauma. E&#8217; successo a Sospirolo, il giovane paziente \u00e8 stato portato all&#8217;ospedale di Belluno con ferite lievi. Alle 10 il secondo intervento, quasta volta a Santa Giustina per soccorrere una 79enne del luogo a causa di un trauma. L&#8217;ambulanza di Feltre si \u00e8 recata in localit\u00e0 Piovena per poi trasportare al Santa Maria Del Prato la signora infortunata con ferite di media gravit\u00e0.<\/p>\n<p>&nbsp;<\/p>\n<p>&nbsp;<\/p>\n<p>********<\/p>\n","protected":false},"excerpt":{"rendered":"<p>***** &nbsp; REDAZIONE La giornata della centrale operativa del Suem 118 \u00e8 iniziata questa mattina dopo le 7:30 quando i sanitari sono stati chiamati per soccorrere un minore che aveva subito un trauma. E&#8217; successo a Sospirolo, il giovane paziente \u00e8 stato portato all&#8217;ospedale di Belluno con ferite lievi. Alle 10 il secondo intervento, quasta&hellip;<\/p>\n","protected":false},"author":4,"featured_media":348238,"comment_status":"closed","ping_status":"closed","sticky":false,"template":"","format":"standard","meta":{"_monsterinsights_skip_tracking":false,"_monsterinsights_sitenote_active":false,"_monsterinsights_sitenote_note":"","_monsterinsights_sitenote_category":0,"footnotes":""},"categories":[51,49],"tags":[],"class_list":["post-392122","post","type-post","status-publish","format-standard","has-post-thumbnail","hentry","category-evidenza-top","category-news-18","category-51","category-49","description-off"],"img_url":"https:\/\/www.radiopiu.net\/wordpress\/wp-content\/uploads\/2023\/08\/suem.png","_links":{"self":[{"href":"https:\/\/www.radiopiu.net\/wordpress\/wp-json\/wp\/v2\/posts\/392122","targetHints":{"allow":["GET"]}}],"collection":[{"href":"https:\/\/www.radiopiu.net\/wordpress\/wp-json\/wp\/v2\/posts"}],"about":[{"href":"https:\/\/www.radiopiu.net\/wordpress\/wp-json\/wp\/v2\/types\/post"}],"author":[{"embeddable":true,"href":"https:\/\/www.radiopiu.net\/wordpress\/wp-json\/wp\/v2\/users\/4"}],"replies":[{"embeddable":true,"href":"https:\/\/www.radiopiu.net\/wordpress\/wp-json\/wp\/v2\/comments?post=392122"}],"version-history":[{"count":0,"href":"https:\/\/www.radiopiu.net\/wordpress\/wp-json\/wp\/v2\/posts\/392122\/revisions"}],"wp:featuredmedia":[{"embeddable":true,"href":"https:\/\/www.radiopiu.net\/wordpress\/wp-json\/wp\/v2\/media\/348238"}],"wp:attachment":[{"href":"https:\/\/www.radiopiu.net\/wordpress\/wp-json\/wp\/v2\/media?parent=392122"}],"wp:term":[{"taxonomy":"category","embeddable":true,"href":"https:\/\/www.radiopiu.net\/wordpress\/wp-json\/wp\/v2\/categories?post=392122"},{"taxonomy":"post_tag","embeddable":true,"href":"https:\/\/www.radiopiu.net\/wordpress\/wp-json\/wp\/v2\/tags?post=392122"}],"curies":[{"name":"wp","href":"https:\/\/api.w.org\/{rel}","templated":true}]}}