{"id":392175,"date":"2024-05-28T07:55:29","date_gmt":"2024-05-28T05:55:29","guid":{"rendered":"https:\/\/www.radiopiu.net\/wordpress\/?p=392175"},"modified":"2024-05-28T08:27:07","modified_gmt":"2024-05-28T06:27:07","slug":"la-rassegna-stampa-alle-otto-del-mattino-sua-radiopiu-dal-1983","status":"publish","type":"post","link":"https:\/\/www.radiopiu.net\/wordpress\/la-rassegna-stampa-alle-otto-del-mattino-sua-radiopiu-dal-1983\/","title":{"rendered":"la rassegna stampa alle otto del mattino.. SUA RADIOPIU dal 1983"},"content":{"rendered":"<p>***<\/p>\n<p><iframe loading=\"lazy\" title=\"DAL 1983 LA RASSEGNA STAMPA LOCALE di mirko mezzacasa. L&#039;ORIGINALE\" width=\"1200\" height=\"675\" src=\"https:\/\/www.youtube.com\/embed\/Qkk4RStkUTE?feature=oembed\" frameborder=\"0\" allow=\"accelerometer; autoplay; clipboard-write; encrypted-media; gyroscope; picture-in-picture; web-share\" referrerpolicy=\"strict-origin-when-cross-origin\" allowfullscreen><\/iframe><\/p>\n<p>&nbsp;<\/p>\n<p>&nbsp;<\/p>\n<p><a class=\"dt-pswp-item\" href=\"https:\/\/www.radiopiu.net\/wordpress\/wp-content\/uploads\/2024\/05\/e8db0c2a-a01f-4afd-8c8e-4468c9fbe527.jpg\" data-dt-img-description=\"\" data-large_image_width=\"1200\" data-large_image_height=\"1600\"><img loading=\"lazy\" decoding=\"async\" class=\"size-medium wp-image-392102 alignleft\" src=\"https:\/\/www.radiopiu.net\/wordpress\/wp-content\/uploads\/2024\/05\/e8db0c2a-a01f-4afd-8c8e-4468c9fbe527-225x300.jpg\" alt=\"\" width=\"225\" height=\"300\" srcset=\"https:\/\/www.radiopiu.net\/wordpress\/wp-content\/uploads\/2024\/05\/e8db0c2a-a01f-4afd-8c8e-4468c9fbe527-225x300.jpg 225w, https:\/\/www.radiopiu.net\/wordpress\/wp-content\/uploads\/2024\/05\/e8db0c2a-a01f-4afd-8c8e-4468c9fbe527-768x1024.jpg 768w, https:\/\/www.radiopiu.net\/wordpress\/wp-content\/uploads\/2024\/05\/e8db0c2a-a01f-4afd-8c8e-4468c9fbe527-1152x1536.jpg 1152w, https:\/\/www.radiopiu.net\/wordpress\/wp-content\/uploads\/2024\/05\/e8db0c2a-a01f-4afd-8c8e-4468c9fbe527.jpg 1200w\" sizes=\"auto, (max-width: 225px) 100vw, 225px\" \/><\/a>ADDIO AL PICCOLO ANGELO BASSOT\u2026IL BAMBINO DI TUTTI, AMATO PER IL SUO SORRISO, I FUNERALI SI SVOLGERANNO GIOVEDI ALLE 14.30 NELLA CHIESA PARROCCHIALE DI ROCCA PIETORE.<br \/>\nMEL A 77 anni, infatti, si \u00e8 spento Gianfranco Miglioranza, gi\u00e0 consigliere comunale e assessore a Mel ma anche volontario della Pro loco zumellese e presidente del consorzio delle Pro loco della Sinistra Piave. Lascia la moglie Pia e i figli Paolo e Silvia<br \/>\nREDAZIONE La giornata della centrale operativa del Suem 118 \u00e8 iniziata ieri\u00a0 mattina dopo le 7:30 quando i sanitari sono stati chiamati per soccorrere un minore che aveva subito un trauma. E&#8217; successo a Sospirolo, il giovane paziente \u00e8 stato portato all&#8217;ospedale di Belluno con ferite lievi. Alle 10 il secondo intervento, questa volta a Santa Giustina per soccorrere una 79enne del luogo a causa di un trauma. L&#8217;ambulanza di Feltre si \u00e8 recata in localit\u00e0 Piovena per poi trasportare al Santa Maria Del Prato la signora infortunata con ferite di media gravit\u00e0.<br \/>\nCESIOMAGGIORE \u00a0grande spavento ma, fortunatamente, nessun danno permanente per un bambino di quinta elementare che, ieri pomeriggio alle 17:30, \u00e8 rimasto infilzato da uno spuntone del cancello mentre tentava di scavalcarlo vicino alla piazza di Pez. Le sue urla hanno richiamato l&#8217;attenzione dei residenti che hanno immediatamente chiamato il 118 e i vigili del fuoco.<br \/>\nREDAZIONE Gestione Servizi Pubblici informa che a LIVINALLONGO DEL COL DI LANA in localit\u00e0 COLLAZ l&#8217;acqua erogata dall&#8217;acquedotto non \u00e8 potabile e non pu\u00f2 essere usata per scopi alimentari.<\/p>\n<p><a class=\"dt-pswp-item\" href=\"https:\/\/www.radiopiu.net\/wordpress\/wp-content\/uploads\/2024\/05\/COPERTINA-11.png\" data-dt-img-description=\"\" data-large_image_width=\"464\" data-large_image_height=\"355\"><img loading=\"lazy\" decoding=\"async\" class=\" wp-image-392166 alignleft\" src=\"https:\/\/www.radiopiu.net\/wordpress\/wp-content\/uploads\/2024\/05\/COPERTINA-11-300x230.png\" alt=\"\" width=\"252\" height=\"193\" srcset=\"https:\/\/www.radiopiu.net\/wordpress\/wp-content\/uploads\/2024\/05\/COPERTINA-11-300x230.png 300w, https:\/\/www.radiopiu.net\/wordpress\/wp-content\/uploads\/2024\/05\/COPERTINA-11.png 464w\" sizes=\"auto, (max-width: 252px) 100vw, 252px\" \/><\/a>FELTRE Bottiglie di birra vuote alla fermata Dolomiti bus vicino alla scuola dell&#8217;infanzia di Anz\u00f9 creano uno spettacolo deplorevole per bambini, genitori e maestre. Le mamme chiedono maggiore attenzione del Comune per garantire il decoro e disincentivare comportamenti inappropriati.<br \/>\nBELLUNO\u00a0 Il 21 giugno, a Belluno, si terr\u00e0 l&#8217;udienza preliminare per Angelika Hutter, la 33enne tedesca che il 6 luglio scorso invest\u00ec e uccise tre turisti veneziani, Marco e Mattia Antoniello e Maria Grazia Zuin. Il pm Simone Marcon chieder\u00e0 il rinvio a giudizio per omicidio stradale plurimo.<br \/>\nSEDICO Nel processo per circonvenzione di incapace ai danni di un&#8217;anziana 78enne di Sedico, ieri hanno deposto gli imputati, due coniugi, accusati di aver approfittato dell&#8217;amica. Le accuse emergono dai servizi sociali, che hanno scoperto versamenti sospetti di 60 mila euro in totale dalla donna alla coppia.<br \/>\nBORGOVALBELLUNA\u00a0 \u00a0Ennesimo investimento sulla provinciale 1 Sinistra Piave. Il conducente della Lancia Musa si \u00e8 trovato davanti il cervo, schianto inevitabile, parabrezza in frantumi e cofano distrutto<br \/>\nAGORDO\u00a0Dal 15 al 19 luglio, EssilorLuxottica organizza per il decimo anno consecutivo corsi gratuiti di preparazione per i test di ammissione all\u2019universit\u00e0, destinati a studenti diplomati o che hanno completato il 4\u00b0 anno. I corsi si terranno al Centro Congressi Belluno, con docenti delle Universit\u00e0 di Padova e Venezia.<br \/>\nRICONOSCIMENTO Il Gruppo Archeologico Cadorino \u00e8 stato Premiato con la Bandiera Verde di Legambiente 2024<\/p>\n<p><a class=\"dt-pswp-item\" href=\"https:\/\/www.radiopiu.net\/wordpress\/wp-content\/uploads\/2024\/05\/5515d345-2ddc-4941-b92c-87cdcee503a1.jpg\" data-dt-img-description=\"\" data-large_image_width=\"1512\" data-large_image_height=\"2016\"><img loading=\"lazy\" decoding=\"async\" class=\"size-medium wp-image-392129 alignleft\" src=\"https:\/\/www.radiopiu.net\/wordpress\/wp-content\/uploads\/2024\/05\/5515d345-2ddc-4941-b92c-87cdcee503a1-225x300.jpg\" alt=\"\" width=\"225\" height=\"300\" srcset=\"https:\/\/www.radiopiu.net\/wordpress\/wp-content\/uploads\/2024\/05\/5515d345-2ddc-4941-b92c-87cdcee503a1-225x300.jpg 225w, https:\/\/www.radiopiu.net\/wordpress\/wp-content\/uploads\/2024\/05\/5515d345-2ddc-4941-b92c-87cdcee503a1-768x1024.jpg 768w, https:\/\/www.radiopiu.net\/wordpress\/wp-content\/uploads\/2024\/05\/5515d345-2ddc-4941-b92c-87cdcee503a1-1152x1536.jpg 1152w, https:\/\/www.radiopiu.net\/wordpress\/wp-content\/uploads\/2024\/05\/5515d345-2ddc-4941-b92c-87cdcee503a1.jpg 1512w\" sizes=\"auto, (max-width: 225px) 100vw, 225px\" \/><\/a>BELLUNO Taglio del nastro per la passerella ciclopedonale della Veneggia, a Belluno: torna cos\u00ec pienamente percorribile da tutti il ponte tra via Vittorio Veneto e via Tiziano Vecellio.<br \/>\nBELLUNO Ieri si \u00e8 tenuta presso la Prefettura di Belluno la prima riunione della Cabina di coordinamento del PNRR, istituita in tutte le Prefetture dal decreto-legge n. 19 del 2024. La riunione \u00e8 stata presieduta dal Presidente del Consiglio, che ha partecipato da Roma. In presenza a Belluno c&#8217;erano il Sindaco del Comune capoluogo, i Sindaci di Sedico e Feltre, il responsabile della RGS di Belluno-Treviso e il Direttore dell\u2019Ufficio Scolastico Territoriale di Belluno.<br \/>\nBELLUNO Ieri durante l&#8217;Assemblea dei soci della Fondazione Dolomiti Bellunesi, la Presidente Emanuela de Zanna e la Direttrice Valentina Colleselli hanno presentato il piano di sviluppo della DMO per il periodo 2024-2026.<br \/>\nDILLO A RADIO PIU&#8217;&#8230;IL CAMPEGGIO STUDENTESCO DI PRALONGO<br \/>\nDal 2018, iscriviamo i nostri figli al Campeggio Studentesco di Pralongo, un&#8217;esperienza educativa preziosa. Quest&#8217;anno, non riceviamo conferme n\u00e9 risposte. Chiediamo chiarimenti urgenti per partecipare e non deludere i nostri ragazzi.<br \/>\nLIVINALLONGO Consiglio comunale gioved\u00ec alle 20. Due punti da discutere: l&#8217;approvazione della seduta precedente e l&#8217;approvazione del rendiconto di gestione per il 2023<br \/>\nBELLUNO Galvalux, leader nei trattamenti galvanici e verniciature con sede a Tai di Pieve di Cadore, ha conquistato il primo posto nella categoria PICCOLE MEDIE INDUSTRIE categoria Motore Italia-Veneto<\/p>\n<p>&nbsp;<\/p>\n<p>&nbsp;<\/p>\n<p>&nbsp;<\/p>\n<hr \/>\n<p>&nbsp;<\/p>\n","protected":false},"excerpt":{"rendered":"<p>*** &nbsp; &nbsp; ADDIO AL PICCOLO ANGELO BASSOT\u2026IL BAMBINO DI TUTTI, AMATO PER IL SUO SORRISO, I FUNERALI SI SVOLGERANNO GIOVEDI ALLE 14.30 NELLA CHIESA PARROCCHIALE DI ROCCA PIETORE. MEL A 77 anni, infatti, si \u00e8 spento Gianfranco Miglioranza, gi\u00e0 consigliere comunale e assessore a Mel ma anche volontario della Pro loco zumellese e presidente&hellip;<\/p>\n","protected":false},"author":4,"featured_media":392166,"comment_status":"closed","ping_status":"closed","sticky":false,"template":"","format":"standard","meta":{"_monsterinsights_skip_tracking":false,"_monsterinsights_sitenote_active":false,"_monsterinsights_sitenote_note":"","_monsterinsights_sitenote_category":0,"footnotes":""},"categories":[51,49,142],"tags":[],"class_list":["post-392175","post","type-post","status-publish","format-standard","has-post-thumbnail","hentry","category-evidenza-top","category-news-18","category-rassegna-stampa","category-51","category-49","category-142","description-off"],"img_url":"https:\/\/www.radiopiu.net\/wordpress\/wp-content\/uploads\/2024\/05\/COPERTINA-11.png","_links":{"self":[{"href":"https:\/\/www.radiopiu.net\/wordpress\/wp-json\/wp\/v2\/posts\/392175","targetHints":{"allow":["GET"]}}],"collection":[{"href":"https:\/\/www.radiopiu.net\/wordpress\/wp-json\/wp\/v2\/posts"}],"about":[{"href":"https:\/\/www.radiopiu.net\/wordpress\/wp-json\/wp\/v2\/types\/post"}],"author":[{"embeddable":true,"href":"https:\/\/www.radiopiu.net\/wordpress\/wp-json\/wp\/v2\/users\/4"}],"replies":[{"embeddable":true,"href":"https:\/\/www.radiopiu.net\/wordpress\/wp-json\/wp\/v2\/comments?post=392175"}],"version-history":[{"count":0,"href":"https:\/\/www.radiopiu.net\/wordpress\/wp-json\/wp\/v2\/posts\/392175\/revisions"}],"wp:featuredmedia":[{"embeddable":true,"href":"https:\/\/www.radiopiu.net\/wordpress\/wp-json\/wp\/v2\/media\/392166"}],"wp:attachment":[{"href":"https:\/\/www.radiopiu.net\/wordpress\/wp-json\/wp\/v2\/media?parent=392175"}],"wp:term":[{"taxonomy":"category","embeddable":true,"href":"https:\/\/www.radiopiu.net\/wordpress\/wp-json\/wp\/v2\/categories?post=392175"},{"taxonomy":"post_tag","embeddable":true,"href":"https:\/\/www.radiopiu.net\/wordpress\/wp-json\/wp\/v2\/tags?post=392175"}],"curies":[{"name":"wp","href":"https:\/\/api.w.org\/{rel}","templated":true}]}}