{"id":392272,"date":"2024-05-29T05:29:36","date_gmt":"2024-05-29T03:29:36","guid":{"rendered":"https:\/\/www.radiopiu.net\/wordpress\/?p=392272"},"modified":"2024-05-29T05:36:44","modified_gmt":"2024-05-29T03:36:44","slug":"rubata-unauto-al-confine-co","status":"publish","type":"post","link":"https:\/\/www.radiopiu.net\/wordpress\/rubata-unauto-al-confine-co\/","title":{"rendered":"Ruba una Jeep con un Cane a Bordo: Finale Lieto"},"content":{"rendered":"<p>******<\/p>\n<p><strong>IERI SERA CHAT\u00a0<\/strong><\/p>\n<p><strong>QUERO VAS <\/strong>Dalla chat Telegram Viabilit\u00e0 Provincia di Belluno si evince che nella giornata di oggi \u00e8 stata rubata un&#8217;auto, una Jeep Cherokee targata CB372WH. All&#8217;interno anche un cane che \u00e8 stato trovato dalla Polizia Stradale sulla Pedemontana in zona Vedelago. Il mezzo \u00e8 stato rubato a Fener e i ladri si sono diretti verso Pederobba.<\/p>\n<p><strong>NELLA NOTTE<\/strong><\/p>\n<div class=\"flex flex-grow flex-col max-w-full\">\n<div class=\"min-h-[20px] text-message flex flex-col items-start whitespace-pre-wrap break-words [.text-message+&amp;]:mt-5 juice:w-full juice:items-end overflow-x-auto gap-2\" dir=\"auto\" data-message-author-role=\"assistant\" data-message-id=\"c71a6488-5a90-4d91-b038-cdb6c550535d\">\n<div class=\"flex w-full flex-col gap-1 juice:empty:hidden juice:first:pt-[3px]\">\n<div class=\"markdown prose w-full break-words dark:prose-invert dark\">\n<p>Ieri sera un uomo ha rubato una Jeep Cherokee davanti agli occhi del proprietario, con dentro il cane Nessie. Dopo una fuga verso il Trevigiano, la polizia ha rintracciato la vettura non pi\u00f9 marciante a Vedelago. Nessie \u00e8 stata ritrovata sana e salva, rassicurando la veterinaria di Quero, Lara Mazzocco, e il suo compagno. La coppia, preoccupata per il loro Border Collie, aveva lanciato un appello disperato sui social. Il furto \u00e8 avvenuto a Fener mentre il proprietario prelevava denaro. La Jeep \u00e8 stata localizzata e Nessie \u00e8 stata recuperata.<\/p>\n<\/div>\n<\/div>\n<\/div>\n<\/div>\n<div class=\"mt-1 flex gap-3 empty:hidden juice:-ml-3\">\n<div class=\"items-center justify-start rounded-xl p-1 flex\">\n<div class=\"flex items-center\"><button class=\"rounded-lg text-token-text-secondary hover:bg-token-main-surface-secondary\"><\/button><\/p>\n<div class=\"flex items-center pb-0.5 juice:pb-0\">\n<div class=\"[&amp;_svg]:h-full [&amp;_svg]:w-full icon-md h-4 w-4\"><\/div>\n<\/div>\n<\/div>\n<\/div>\n<\/div>\n<p>********<\/p>\n","protected":false},"excerpt":{"rendered":"<p>****** IERI SERA CHAT\u00a0 QUERO VAS Dalla chat Telegram Viabilit\u00e0 Provincia di Belluno si evince che nella giornata di oggi \u00e8 stata rubata un&#8217;auto, una Jeep Cherokee targata CB372WH. All&#8217;interno anche un cane che \u00e8 stato trovato dalla Polizia Stradale sulla Pedemontana in zona Vedelago. Il mezzo \u00e8 stato rubato a Fener e i ladri&hellip;<\/p>\n","protected":false},"author":4,"featured_media":392276,"comment_status":"closed","ping_status":"closed","sticky":false,"template":"","format":"standard","meta":{"_monsterinsights_skip_tracking":false,"_monsterinsights_sitenote_active":false,"_monsterinsights_sitenote_note":"","_monsterinsights_sitenote_category":0,"footnotes":""},"categories":[51,49],"tags":[],"class_list":["post-392272","post","type-post","status-publish","format-standard","has-post-thumbnail","hentry","category-evidenza-top","category-news-18","category-51","category-49","description-off"],"img_url":"https:\/\/www.radiopiu.net\/wordpress\/wp-content\/uploads\/2024\/05\/ladro-auto.jpg","_links":{"self":[{"href":"https:\/\/www.radiopiu.net\/wordpress\/wp-json\/wp\/v2\/posts\/392272","targetHints":{"allow":["GET"]}}],"collection":[{"href":"https:\/\/www.radiopiu.net\/wordpress\/wp-json\/wp\/v2\/posts"}],"about":[{"href":"https:\/\/www.radiopiu.net\/wordpress\/wp-json\/wp\/v2\/types\/post"}],"author":[{"embeddable":true,"href":"https:\/\/www.radiopiu.net\/wordpress\/wp-json\/wp\/v2\/users\/4"}],"replies":[{"embeddable":true,"href":"https:\/\/www.radiopiu.net\/wordpress\/wp-json\/wp\/v2\/comments?post=392272"}],"version-history":[{"count":0,"href":"https:\/\/www.radiopiu.net\/wordpress\/wp-json\/wp\/v2\/posts\/392272\/revisions"}],"wp:featuredmedia":[{"embeddable":true,"href":"https:\/\/www.radiopiu.net\/wordpress\/wp-json\/wp\/v2\/media\/392276"}],"wp:attachment":[{"href":"https:\/\/www.radiopiu.net\/wordpress\/wp-json\/wp\/v2\/media?parent=392272"}],"wp:term":[{"taxonomy":"category","embeddable":true,"href":"https:\/\/www.radiopiu.net\/wordpress\/wp-json\/wp\/v2\/categories?post=392272"},{"taxonomy":"post_tag","embeddable":true,"href":"https:\/\/www.radiopiu.net\/wordpress\/wp-json\/wp\/v2\/tags?post=392272"}],"curies":[{"name":"wp","href":"https:\/\/api.w.org\/{rel}","templated":true}]}}