{"id":392317,"date":"2024-05-29T07:55:19","date_gmt":"2024-05-29T05:55:19","guid":{"rendered":"https:\/\/www.radiopiu.net\/wordpress\/?p=392317"},"modified":"2024-05-29T08:05:02","modified_gmt":"2024-05-29T06:05:02","slug":"392317-2","status":"publish","type":"post","link":"https:\/\/www.radiopiu.net\/wordpress\/392317-2\/","title":{"rendered":"dal 1983 alle otto del mattino la rassegna stampa locale e&#8217; su RADIOPIU l&#8217;originale"},"content":{"rendered":"<p>***<\/p>\n<p><iframe loading=\"lazy\" title=\"DAL 1983 LA RASSEGNA STAMPA LOCALE di mirko mezzacasa. L&#039;ORIGINALE\" width=\"1200\" height=\"675\" src=\"https:\/\/www.youtube.com\/embed\/CK-0dYNmazs?feature=oembed\" frameborder=\"0\" allow=\"accelerometer; autoplay; clipboard-write; encrypted-media; gyroscope; picture-in-picture; web-share\" referrerpolicy=\"strict-origin-when-cross-origin\" allowfullscreen><\/iframe><\/p>\n<p><a class=\"dt-pswp-item\" href=\"https:\/\/www.radiopiu.net\/wordpress\/wp-content\/uploads\/2024\/05\/th-20.jpg\" data-dt-img-description=\"\" data-large_image_width=\"229\" data-large_image_height=\"180\"><img loading=\"lazy\" decoding=\"async\" class=\"size-full wp-image-392307 alignleft\" src=\"https:\/\/www.radiopiu.net\/wordpress\/wp-content\/uploads\/2024\/05\/th-20.jpg\" alt=\"\" width=\"229\" height=\"180\" \/><\/a>TAIBON L&#8217;orso di sarebbe spostato dal longaronese all&#8217;Agordino. Sembrerebbe, se lo scatto dell&#8217;escursionista locale \u00e8 reale, ovvero la traccia del plantigrado a Pon de la Pita in alta valle di San Lucano<br \/>\nTAI DI CADORE\u00a0 Un uomo di 60 anni Giovanni Unterberger. \u00e8 morto\u00a0 in\u00a0 seguito a un tragico incidente domestico. L&#8217;uomo,\u00a0 sbattendo un tappeto dal quarto piano della sua abitazione,\u00a0 ha perso l&#8217;equilibrio ed \u00e8 precipitato nel vuoto, cadendo da un&#8217;altezza di 12 metri.<br \/>\nIL CORDOGLIO DEL COMITATO CALCIO AGORDINO Il presidente del Comitato Calcio Agordino Andrea Baldassi si unisce al dolore della famiglia di Gianni Unterberger. Lo stesso fanno anche tutte le squadre del Campionato Agordino di calcio. Unterberger per tanti anni ha arbitrato il torneo di vallata<br \/>\nAddio al Piccolo Angelo Bassot: Un Angioletto Amato da Tutti<br \/>\nI FUNERALI SI SVOLGERANNO DOMANI ALLE 14.30 NELLA CHIESA PARROCCHIALE DI ROCCA PIETORE.<br \/>\nLA VALLE Sanitari del Suem 118 al lavoro ieri sera a La Valle dove una donna di 62 anni del posto ha accusato un malore. Il fatto \u00e8 successo nella frazione di Lantrago dove la donna si \u00e8 improvvisamente sentita male e si \u00e8 accasciata a terra. Pronto l&#8217;intervento dell&#8217;ambulanza che ha prestato le prime cure alla paziente in attesa dell&#8217;arrivo dell&#8217;elicottero.<\/p>\n<p><a class=\"dt-pswp-item\" href=\"https:\/\/www.radiopiu.net\/wordpress\/wp-content\/uploads\/2024\/05\/COPERTINA-2-1.png\" data-dt-img-description=\"\" data-large_image_width=\"356\" data-large_image_height=\"222\"><img loading=\"lazy\" decoding=\"async\" class=\"size-medium wp-image-392303 alignleft\" src=\"https:\/\/www.radiopiu.net\/wordpress\/wp-content\/uploads\/2024\/05\/COPERTINA-2-1-300x187.png\" alt=\"\" width=\"300\" height=\"187\" srcset=\"https:\/\/www.radiopiu.net\/wordpress\/wp-content\/uploads\/2024\/05\/COPERTINA-2-1-300x187.png 300w, https:\/\/www.radiopiu.net\/wordpress\/wp-content\/uploads\/2024\/05\/COPERTINA-2-1.png 356w\" sizes=\"auto, (max-width: 300px) 100vw, 300px\" \/><\/a>QUERO Ieri sera un uomo ha rubato una Jeep Cherokee davanti agli occhi del proprietario, con dentro il cane Nessie. Dopo una fuga verso il Trevigiano, la polizia ha rintracciato la vettura non pi\u00f9 marciante a Vedelago. Nessie \u00e8 stata ritrovata sana e salva<br \/>\nLa Finanza in Unione Montana per Acquisire Documentazione<br \/>\nBORCA DI CADORE Ieri mattina, la Guardia di Finanza ha prelevato atti e documenti dalla sede dell&#8217;Unione Montana Valboite. L&#8217;operazione, condotta dal comando provinciale di Belluno, ha bloccato temporaneamente gli uffici.<br \/>\nBELLUNO Sar\u00e0 la citt\u00e0 di Belluno ad ospitare quest&#8217;anno la Giornata nazionale dello sport: una quindicina le federazioni che sabato occuperanno Piazza dei Martiri per promuovere le proprie attivit\u00e0.<br \/>\nBELLUNO Il Consiglio Provinciale ha approvato all&#8217;unanimit\u00e0 alcune variazioni nel bilancio di previsione. Le entrate aumentano di circa 227mila euro, principalmente grazie all&#8217;Imposta Provinciale di Trascrizione.<br \/>\nAGORDO E&#8217; stato firmato tra dirigenza della stabilimento Essilorluxottica di Agordo e RSU un accordo per un sabato di flessibilit\u00e0 per il mese di giugno. Saranno chiamate al lavoro le maestranze che fanno parte del settore metallo. Come sempre sar\u00e0 divisa in due sabati per consentire ai turnisti di lavorare solo quando nella settimana indicata sono di turno al mattino. I sabati indicati sono il 15 e 22 giugno.<br \/>\nLA PRO LOCO DI RIVAMONTE TI INVITA ALLA SAGRA DE SANT&#8217;ANTONI, DAL 12 AL 16 GIUGNO<\/p>\n<p><a class=\"dt-pswp-item\" href=\"https:\/\/www.radiopiu.net\/wordpress\/wp-content\/uploads\/2024\/05\/COPERTINA-12.png\" data-dt-img-description=\"\" data-large_image_width=\"507\" data-large_image_height=\"356\"><img loading=\"lazy\" decoding=\"async\" class=\"size-medium wp-image-392302 alignleft\" src=\"https:\/\/www.radiopiu.net\/wordpress\/wp-content\/uploads\/2024\/05\/COPERTINA-12-300x211.png\" alt=\"\" width=\"300\" height=\"211\" srcset=\"https:\/\/www.radiopiu.net\/wordpress\/wp-content\/uploads\/2024\/05\/COPERTINA-12-300x211.png 300w, https:\/\/www.radiopiu.net\/wordpress\/wp-content\/uploads\/2024\/05\/COPERTINA-12.png 507w\" sizes=\"auto, (max-width: 300px) 100vw, 300px\" \/><\/a>BELLUNO Il 2 giugno, a Belluno, si terranno le celebrazioni per la Festa della Repubblica. Alle ore 9.00 in Viale Fantuzzi e alle ore 10.00 in Piazza Vittorio Emanuele II e successivamente alle 10.15 in Piazza dei Martiri, verranno resi gli onori ai caduti delle Guerre Mondiali con la cerimonia dell&#8217;alzabandiera. Alle 11.00 in Piazza Duomo, la &#8220;Filarmonica di Belluno 1867&#8221; terr\u00e0 un concerto<br \/>\nPONTE NELLE ALPI Continuano gli interventi sulla rete ferroviaria provinciale, grazie a investimenti di RFI per aumentare sicurezza, tecnologia e comodit\u00e0 per i viaggiatori. La stazione di Ponte nelle Alpi sar\u00e0 cruciale per le Olimpiadi di Milano-Cortina 2026.<br \/>\nLIVINALLONGO Consiglio comunale domani alle 20. Due punti da discutere: l&#8217;approvazione della seduta precedente e l&#8217;approvazione del rendiconto di gestione per il 2023<br \/>\nBELLUNO L\u2019associazione Cucchini organizza un concerto speciale per la Giornata Nazionale del Sollievo, domani\u00a0 alle 20.45 al teatro Giovanni XXIII. Il viaggio musicale e poetico ripercorrer\u00e0 le canzoni di Lucio Dalla, grazie agli interpreti bellunesi Alvise Bortolini e Federico Strag\u00e0<br \/>\nPONTE NELLE ALPI Dopo 10 anni dalla perdita di Adriano Peterle, fondatore dei Formato Standard, la band organizza un evento musicale, &#8220;ADR1AN0&#8221;, il 31 maggio al teatro Pierobon di Ponte nelle Alpi, per celebrarne il ricordo.<br \/>\nRIVA&#8230;&#8230;.RONNNNNNNNN corsa podistica non competitiva. DOMENICA 9 GIUGNO, PARTENZA ALLE 10 DALLA CASA DELLA GIOVENTU&#8217; DI RIVAMONTE. DUE PERCORSI&#8230; TANTI PREMI, pasta party, premiazioni e musica con DJ Tom\u00e8<\/p>\n<p>&nbsp;<\/p>\n<p>&nbsp;<\/p>\n<p>&nbsp;<\/p>\n","protected":false},"excerpt":{"rendered":"<p>*** TAIBON L&#8217;orso di sarebbe spostato dal longaronese all&#8217;Agordino. Sembrerebbe, se lo scatto dell&#8217;escursionista locale \u00e8 reale, ovvero la traccia del plantigrado a Pon de la Pita in alta valle di San Lucano TAI DI CADORE\u00a0 Un uomo di 60 anni Giovanni Unterberger. \u00e8 morto\u00a0 in\u00a0 seguito a un tragico incidente domestico. L&#8217;uomo,\u00a0 sbattendo un&hellip;<\/p>\n","protected":false},"author":4,"featured_media":392302,"comment_status":"closed","ping_status":"closed","sticky":false,"template":"","format":"standard","meta":{"_monsterinsights_skip_tracking":false,"_monsterinsights_sitenote_active":false,"_monsterinsights_sitenote_note":"","_monsterinsights_sitenote_category":0,"footnotes":""},"categories":[104,49,142],"tags":[],"class_list":["post-392317","post","type-post","status-publish","format-standard","has-post-thumbnail","hentry","category-evidenza_3","category-news-18","category-rassegna-stampa","category-104","category-49","category-142","description-off"],"img_url":"https:\/\/www.radiopiu.net\/wordpress\/wp-content\/uploads\/2024\/05\/COPERTINA-12.png","_links":{"self":[{"href":"https:\/\/www.radiopiu.net\/wordpress\/wp-json\/wp\/v2\/posts\/392317","targetHints":{"allow":["GET"]}}],"collection":[{"href":"https:\/\/www.radiopiu.net\/wordpress\/wp-json\/wp\/v2\/posts"}],"about":[{"href":"https:\/\/www.radiopiu.net\/wordpress\/wp-json\/wp\/v2\/types\/post"}],"author":[{"embeddable":true,"href":"https:\/\/www.radiopiu.net\/wordpress\/wp-json\/wp\/v2\/users\/4"}],"replies":[{"embeddable":true,"href":"https:\/\/www.radiopiu.net\/wordpress\/wp-json\/wp\/v2\/comments?post=392317"}],"version-history":[{"count":0,"href":"https:\/\/www.radiopiu.net\/wordpress\/wp-json\/wp\/v2\/posts\/392317\/revisions"}],"wp:featuredmedia":[{"embeddable":true,"href":"https:\/\/www.radiopiu.net\/wordpress\/wp-json\/wp\/v2\/media\/392302"}],"wp:attachment":[{"href":"https:\/\/www.radiopiu.net\/wordpress\/wp-json\/wp\/v2\/media?parent=392317"}],"wp:term":[{"taxonomy":"category","embeddable":true,"href":"https:\/\/www.radiopiu.net\/wordpress\/wp-json\/wp\/v2\/categories?post=392317"},{"taxonomy":"post_tag","embeddable":true,"href":"https:\/\/www.radiopiu.net\/wordpress\/wp-json\/wp\/v2\/tags?post=392317"}],"curies":[{"name":"wp","href":"https:\/\/api.w.org\/{rel}","templated":true}]}}