{"id":392409,"date":"2024-05-31T05:39:21","date_gmt":"2024-05-31T03:39:21","guid":{"rendered":"https:\/\/www.radiopiu.net\/wordpress\/?p=392409"},"modified":"2024-05-31T09:54:48","modified_gmt":"2024-05-31T07:54:48","slug":"giornale-radiopiu-31-maggio-2024-direttore-mirko-mezzacasada-40-anni-25-giugno-1983-25-giugno-2023","status":"publish","type":"post","link":"https:\/\/www.radiopiu.net\/wordpress\/giornale-radiopiu-31-maggio-2024-direttore-mirko-mezzacasada-40-anni-25-giugno-1983-25-giugno-2023\/","title":{"rendered":"GIORNALE RADIOPIU 31 MAGGIO 2024 DIRETTORE MIRKO MEZZACASA\u2026DA 40 ANNI 25 GIUGNO 1983-25 GIUGNO 2023"},"content":{"rendered":"<p>******<\/p>\n<p>&nbsp;<\/p>\n<h3><a class=\"dt-pswp-item\" href=\"https:\/\/www.radiopiu.net\/wordpress\/wp-content\/uploads\/2024\/05\/27883ca5-bb01-4aba-b92e-eb4c5daed456.jpg\" data-dt-img-description=\"\" data-large_image_width=\"1131\" data-large_image_height=\"1600\"><img loading=\"lazy\" decoding=\"async\" class=\"size-medium wp-image-391556 aligncenter\" src=\"https:\/\/www.radiopiu.net\/wordpress\/wp-content\/uploads\/2024\/05\/27883ca5-bb01-4aba-b92e-eb4c5daed456-212x300.jpg\" alt=\"\" width=\"212\" height=\"300\" srcset=\"https:\/\/www.radiopiu.net\/wordpress\/wp-content\/uploads\/2024\/05\/27883ca5-bb01-4aba-b92e-eb4c5daed456-212x300.jpg 212w, https:\/\/www.radiopiu.net\/wordpress\/wp-content\/uploads\/2024\/05\/27883ca5-bb01-4aba-b92e-eb4c5daed456-724x1024.jpg 724w, https:\/\/www.radiopiu.net\/wordpress\/wp-content\/uploads\/2024\/05\/27883ca5-bb01-4aba-b92e-eb4c5daed456-768x1086.jpg 768w, https:\/\/www.radiopiu.net\/wordpress\/wp-content\/uploads\/2024\/05\/27883ca5-bb01-4aba-b92e-eb4c5daed456-1086x1536.jpg 1086w, https:\/\/www.radiopiu.net\/wordpress\/wp-content\/uploads\/2024\/05\/27883ca5-bb01-4aba-b92e-eb4c5daed456.jpg 1131w\" sizes=\"auto, (max-width: 212px) 100vw, 212px\" \/><\/a><\/h3>\n<h3><\/h3>\n<h3>PER<strong> RICEVERE QUESTO NOTIZIARIO DIRETTAMENTE SUL TUO CELLULARE ISCRIVITI AL CANALE TELEGRAM <\/strong><strong>\u201cRADIO PIU\u00a0 INFORMAZIONE&#8221;\u00a0 <\/strong>\u00a0il CANALE TELEGRAM&#8230; UNISCITI A: RADIO PIU INFORMAZIONE<\/h3>\n<p>&nbsp;<\/p>\n<p>&nbsp;<\/p>\n<hr \/>\n<p>&nbsp;<\/p>\n<p>&nbsp;<\/p>\n<p>&nbsp;<\/p>\n<blockquote>\n<h3>ACQUA INQUINATA A LIVINALLONGO<\/h3>\n<\/blockquote>\n<p><strong><img loading=\"lazy\" decoding=\"async\" class=\"alignleft\" src=\"https:\/\/www.radiopiu.net\/wordpress\/wp-content\/uploads\/2024\/05\/cantiere-municipio-Livinallongo-scaled.jpg\" width=\"231\" height=\"104\" \/><\/strong><\/p>\n<p>&nbsp;<\/p>\n<p><strong>LIVINALLONGO DEL COL DI LANA<\/strong> in localit\u00e0 COLLAZ l&#8217;acqua erogata dall&#8217;acquedotto non \u00e8 potabile e non pu\u00f2 essere usata per scopi alimentari.<\/p>\n<h3 dir=\"auto\"><\/h3>\n<p>&nbsp;<\/p>\n<p>&nbsp;<\/p>\n<p>&nbsp;<\/p>\n<hr \/>\n<p><em><a href=\"https:\/\/www.radiopiu.net\/wordpress\/giornale-radiopiu-24-gennaio-2021-direttore-mirko-mezzacasa\/79216601_126817312416448_708980208774483089_n\/\" rel=\"attachment wp-att-186567\"><img loading=\"lazy\" decoding=\"async\" class=\"size-medium wp-image-186567 alignright\" src=\"https:\/\/www.radiopiu.net\/wordpress\/wp-content\/uploads\/2021\/01\/79216601_126817312416448_708980208774483089_n-300x114.jpg\" alt=\"\" width=\"300\" height=\"114\" srcset=\"https:\/\/www.radiopiu.net\/wordpress\/wp-content\/uploads\/2021\/01\/79216601_126817312416448_708980208774483089_n-300x114.jpg 300w, https:\/\/www.radiopiu.net\/wordpress\/wp-content\/uploads\/2021\/01\/79216601_126817312416448_708980208774483089_n-768x292.jpg 768w, https:\/\/www.radiopiu.net\/wordpress\/wp-content\/uploads\/2021\/01\/79216601_126817312416448_708980208774483089_n.jpg 820w\" sizes=\"auto, (max-width: 300px) 100vw, 300px\" \/><\/a><\/em><\/p>\n<p><em><span style=\"color: #ff0000;\">ATTENZIONE: LA NUOVA APP PER IOS-IPHONE di Nicola Vettorello <\/span><\/em><a href=\"https:\/\/apps.apple.com\/it\/app\/radio-pi%C3%B9-emittente-agordina\/id1515939845\">https:\/\/apps.apple.com\/it\/app\/radio-pi%C3%B9-emittente-agordina\/id1515939845<\/a><\/p>\n<p><em style=\"color: #ff0000;\">ATTENZIONE: LA NUOVA APP RADIO\u00a0 PER ANDROID di Nicola Vettorello<\/em><\/p>\n<p><a href=\"https:\/\/play.google.com\/store\/apps\/details?id=net.radiopiu.iniko\" target=\"_blank\" rel=\"noopener noreferrer\">https:\/\/play.google.com\/store\/apps\/details?id=net.radiopiu.iniko\u00a0\u00a0<\/a><\/p>\n<div data-block=\"true\" data-editor=\"avj4u\" data-offset-key=\"d3i0j-0-0\">\n<hr \/>\n<p>&nbsp;<\/p>\n<p>&nbsp;<\/p>\n<\/div>\n<p>&nbsp;<\/p>\n<p><strong class=\"photoswipe-wrapper\"><span style=\"color: #ff0000;\"><a class=\"dt-pswp-item\" href=\"https:\/\/www.radiopiu.net\/wordpress\/wp-content\/uploads\/2024\/01\/dbd0d535-95bf-468e-9e11-dfc05dd8c264.jpg\" data-dt-img-description=\"\" data-large_image_width=\"1913\" data-large_image_height=\"2048\"><img loading=\"lazy\" decoding=\"async\" class=\" wp-image-370329 alignleft\" src=\"https:\/\/www.radiopiu.net\/wordpress\/wp-content\/uploads\/2024\/01\/dbd0d535-95bf-468e-9e11-dfc05dd8c264-280x300.jpg\" alt=\"\" width=\"98\" height=\"105\" srcset=\"https:\/\/www.radiopiu.net\/wordpress\/wp-content\/uploads\/2024\/01\/dbd0d535-95bf-468e-9e11-dfc05dd8c264-280x300.jpg 280w, https:\/\/www.radiopiu.net\/wordpress\/wp-content\/uploads\/2024\/01\/dbd0d535-95bf-468e-9e11-dfc05dd8c264-957x1024.jpg 957w, https:\/\/www.radiopiu.net\/wordpress\/wp-content\/uploads\/2024\/01\/dbd0d535-95bf-468e-9e11-dfc05dd8c264-768x822.jpg 768w, https:\/\/www.radiopiu.net\/wordpress\/wp-content\/uploads\/2024\/01\/dbd0d535-95bf-468e-9e11-dfc05dd8c264-1435x1536.jpg 1435w, https:\/\/www.radiopiu.net\/wordpress\/wp-content\/uploads\/2024\/01\/dbd0d535-95bf-468e-9e11-dfc05dd8c264.jpg 1913w\" sizes=\"auto, (max-width: 98px) 100vw, 98px\" \/><\/a>OGGI ALLA RADIO<\/span><\/strong>:\u00a0<strong>ALLE 6.15<\/strong>\u00a0PIROLE DE LENGA, CON IL MUSLA DI BEATRICE E NICOLA\u00a0\u00a0<strong>ALLE 7.20<\/strong>\u00a0EL BAL DEL FIOR, DETTI E TRADIZIONI DI GIULIANA DA RONCH;\u00a0<strong>ALLE 8.20 <\/strong>PIU&#8217; SIAMO CON MARINA DONA&#8217; <strong>9.00<\/strong> PREMIER LE NOVITA&#8217; CON MARCO GAZ E OTTANTA CON MONICA FONTANIVE\u00a0 <strong>\u00a09.30 <\/strong>VIABILITA&#8217; Botol_Car<strong> 10.10<\/strong> MUSLA, LE NOVE IN LADIN CON GIORGIA TAIO DEL MUSLA<strong> 10.30<\/strong> DIANA ZERILLI, DOMANI APRE MOSTO RICCO AD AGORDO IN VICOLO CROTTA<strong>\u00a0<\/strong><strong>12.00 <\/strong>VA TUTTO LISCIO CON MIRCO BENCIVENNI<strong> 12.30 <\/strong>GIORNALE RADIO EDIZIONE PRINCIPALE <strong>1300<\/strong> PETTIROSSO AGORDINO, CON SONIA D&#8217;AGOSTINI E LAURA MIANA<strong>\u00a014.00\u00a0<\/strong> GOLDEN MUSIC CON MARCO EDELVAIS\u00a0 <strong>15.00\u00a0 WEEK END, MARINA C&#8217;E&#8217; <\/strong>\u00a0\u00a0<strong>16.00 <\/strong>IL ROCK DI MARCO COSTANTINI <strong>16.45 <\/strong>LE HIT DI MIRCO BENCIVENNI <strong>19 <\/strong>ANTICIPAZIONI DAL TG DI ANTENNA 3 DI TIZIANA BOLOGNANI.<\/p>\n<blockquote><p><strong>rassegna stampa nazionale, ogni giorno alle 5 e alle 6 del mattino<\/strong><br \/>\n<em>giornali locali 7 rassegna stampa flash, 8 rassegna stampa, gr flash alle 10 e alle 11, principale 12.30. Informazione pomerggio alle 15 (speciale) 16, 17, 18. Giornale radio nazionale: ogni ora dalle 5 del mattino, alle 20 della sera.\u00a0<\/em><\/p><\/blockquote>\n<div class=\"x11i5rnm xat24cr x1mh8g0r x1vvkbs xtlvy1s x126k92a\">\n<div dir=\"auto\"><\/div>\n<\/div>\n<div class=\"x11i5rnm xat24cr x1mh8g0r x1vvkbs xtlvy1s x126k92a\">\n<div dir=\"auto\">\n<p>&nbsp;<\/p>\n<p>&nbsp;<\/p>\n<hr \/>\n<p>&nbsp;<\/p>\n<p>&nbsp;<\/p>\n<div class=\"x11i5rnm xat24cr x1mh8g0r x1vvkbs xtlvy1s x126k92a\">\n<div dir=\"auto\">\n<p><strong><a class=\"dt-pswp-item\" href=\"https:\/\/www.radiopiu.net\/wordpress\/wp-content\/uploads\/2024\/02\/2d44e751-d8a8-461b-8e22-d8e4e853b032.jpg\" data-dt-img-description=\"\" data-large_image_width=\"1600\" data-large_image_height=\"1200\"><img loading=\"lazy\" decoding=\"async\" class=\"wp-image-373307 alignleft\" src=\"https:\/\/www.radiopiu.net\/wordpress\/wp-content\/uploads\/2024\/02\/2d44e751-d8a8-461b-8e22-d8e4e853b032-300x225.jpg\" alt=\"\" width=\"105\" height=\"79\" srcset=\"https:\/\/www.radiopiu.net\/wordpress\/wp-content\/uploads\/2024\/02\/2d44e751-d8a8-461b-8e22-d8e4e853b032-300x225.jpg 300w, https:\/\/www.radiopiu.net\/wordpress\/wp-content\/uploads\/2024\/02\/2d44e751-d8a8-461b-8e22-d8e4e853b032-1024x768.jpg 1024w, https:\/\/www.radiopiu.net\/wordpress\/wp-content\/uploads\/2024\/02\/2d44e751-d8a8-461b-8e22-d8e4e853b032-768x576.jpg 768w, https:\/\/www.radiopiu.net\/wordpress\/wp-content\/uploads\/2024\/02\/2d44e751-d8a8-461b-8e22-d8e4e853b032-1536x1152.jpg 1536w, https:\/\/www.radiopiu.net\/wordpress\/wp-content\/uploads\/2024\/02\/2d44e751-d8a8-461b-8e22-d8e4e853b032.jpg 1600w\" sizes=\"auto, (max-width: 105px) 100vw, 105px\" \/><\/a>EL BAL DEL FIOR, DI GIULIANA DA RONCH, 31 MAGGIO 2024<\/strong><\/p>\n<p>&nbsp;<\/p>\n<\/div>\n<\/div>\n<\/div>\n<div dir=\"auto\">\n<audio class=\"wp-audio-shortcode\" id=\"audio-392409-1\" preload=\"none\" style=\"width: 100%;\" controls=\"controls\"><source type=\"audio\/mpeg\" src=\"https:\/\/www.radiopiu.net\/wordpress\/wp-content\/uploads\/2024\/05\/GVE-2.m4a?_=1\" \/><a href=\"https:\/\/www.radiopiu.net\/wordpress\/wp-content\/uploads\/2024\/05\/GVE-2.m4a\">https:\/\/www.radiopiu.net\/wordpress\/wp-content\/uploads\/2024\/05\/GVE-2.m4a<\/a><\/audio>\n<p>&nbsp;<\/p>\n<p>&nbsp;<\/p>\n<hr \/>\n<\/div>\n<\/div>\n<blockquote>\n<blockquote>\n<h1><span style=\"color: #ff0000;\">\u00a0<\/span><\/h1>\n<h1><span style=\"color: #ff0000;\">I podcast informativi del mattino &#8211; audio &#8211;\u00a0\u00a0<\/span><\/h1>\n<\/blockquote>\n<p><strong><a class=\"dt-pswp-item\" href=\"https:\/\/www.radiopiu.net\/wordpress\/wp-content\/uploads\/2023\/11\/th-10.jpg\" data-dt-img-description=\"\" data-large_image_width=\"320\" data-large_image_height=\"180\"><img loading=\"lazy\" decoding=\"async\" class=\"wp-image-362866 alignleft\" src=\"https:\/\/www.radiopiu.net\/wordpress\/wp-content\/uploads\/2023\/11\/th-10-300x169.jpg\" alt=\"\" width=\"185\" height=\"104\" srcset=\"https:\/\/www.radiopiu.net\/wordpress\/wp-content\/uploads\/2023\/11\/th-10-300x169.jpg 300w, https:\/\/www.radiopiu.net\/wordpress\/wp-content\/uploads\/2023\/11\/th-10.jpg 320w\" sizes=\"auto, (max-width: 185px) 100vw, 185px\" \/><\/a>LA RASSEGNA STAMPA NAZIONALE ALLA RADIO, OGNI GIORNO ALLE 5 E ALLE 6 DEL MATTINO <span style=\"color: #0000ff;\">viene pubblicata alle 6.00 <span style=\"color: #ff0000;\">DIRETTA RADIO\u00a0 \u00a0\u00a0<\/span><\/span><\/strong><\/p><\/blockquote>\n<h2><\/h2>\n<p>&nbsp;<\/p>\n<p><span style=\"color: #ff0000;\"><strong>NELLA NOTTE:\u00a0 NOTIZIE DAL MONDO<\/strong><\/span><\/p>\n<p><strong>Esercitazione congiunta<\/strong> di Russia e Bielorussia per armi aeree\u00a0 <strong>Borsa:<\/strong> Shanghai apre a +0,10%, Shenzhen a +0,04%\u00a0 <strong>Avvocato Trump,<\/strong> &#8216;ricorreremo in appello appena possibile&#8217;\u00a0 <strong>Attacco con droni<\/strong> in Russia, a fuoco deposito petrolifero <strong>Attacchi aerei in Yemen<\/strong>. Gb: operazione congiunta con Usa\u00a0 <strong>Netanyahu<\/strong> torna primo nei sondaggi dopo un anno\u00a0 <strong>Meloni:<\/strong> con la riforma niente pi\u00f9 giustizia a orologeria\u00a0 <strong>Colosimo<\/strong>: alle amministrative 32 impresentabili<\/p>\n<p><span style=\"color: #ff0000;\"><strong>RASSEGNA STAMPA\u00a0<\/strong><\/span><\/p>\n<h2>AUDIO dalle 6 del mattino<\/h2>\n<audio class=\"wp-audio-shortcode\" id=\"audio-392409-2\" preload=\"none\" style=\"width: 100%;\" controls=\"controls\"><source type=\"audio\/mpeg\" src=\"https:\/\/www.radiopiu.net\/wordpress\/wp-content\/uploads\/2024\/05\/GIORNALEDELLESEI-29.mp3?_=2\" \/><a href=\"https:\/\/www.radiopiu.net\/wordpress\/wp-content\/uploads\/2024\/05\/GIORNALEDELLESEI-29.mp3\">https:\/\/www.radiopiu.net\/wordpress\/wp-content\/uploads\/2024\/05\/GIORNALEDELLESEI-29.mp3<\/a><\/audio>\n<p>&nbsp;<\/p>\n<p>&nbsp;<\/p>\n<hr \/>\n<p>&nbsp;<\/p>\n<h1 style=\"text-align: center;\"><span style=\"color: #ff0000;\">I podcast informativi del mattino &#8211; audio &#8211;\u00a0<\/span><\/h1>\n<p><strong><a class=\"dt-pswp-item\" href=\"https:\/\/www.radiopiu.net\/wordpress\/wp-content\/uploads\/2023\/12\/images.png\" data-dt-img-description=\"\" data-large_image_width=\"316\" data-large_image_height=\"160\"><img loading=\"lazy\" decoding=\"async\" class=\"wp-image-367008 alignleft\" src=\"https:\/\/www.radiopiu.net\/wordpress\/wp-content\/uploads\/2023\/12\/images-300x152.png\" alt=\"\" width=\"235\" height=\"119\" srcset=\"https:\/\/www.radiopiu.net\/wordpress\/wp-content\/uploads\/2023\/12\/images-300x152.png 300w, https:\/\/www.radiopiu.net\/wordpress\/wp-content\/uploads\/2023\/12\/images.png 316w\" sizes=\"auto, (max-width: 235px) 100vw, 235px\" \/><\/a>OGNI GIORNO ALLE SETTE DEL MATTINO, LA RASSEGNA STAMPA LOCALE FLASH&#8230; PER CHI VA IN FRETTA. I TITOLI DAI GIORNALI E DAL SITO WWW.RADIOPIU.NET <span style=\"color: #0000ff;\">viene pubblicato alle 7.00<\/span> <span style=\"color: #ff0000;\">DIRETTA RADIO\u00a0<\/span><\/strong><\/p>\n<p><em><span style=\"color: #ff0000;\">per chi va in fretta&#8230; tante notizie in pochi minuti. L&#8217;informazione locale alla radio, ogni ora dalle 7 del mattino alle 19 della sera.\u00a0 \u00a0 \u00a0\u00a0<\/span><\/em><\/p>\n<p>.<\/p>\n<p><strong>METEO. IN VENETO ATTESE PRECIPITAZIONI ANCHE INTENSE<\/strong><br \/>\nVENEZIA Il Centro Funzionale Decentrato della Protezione Civile del Veneto ha emesso un nuovo avviso di criticit\u00e0 di aggiornamento valido 24 ore, fino alle 20 di oggi, che eleva l\u2019allerta idrogeologica per temporali a gialla in tutti i bacini del Veneto<br \/>\n<strong>IL GIORNO DELL&#8217;ADDIO.<\/strong><br \/>\nROCCA PIETORE\u00a0 erano in tanti per l&#8217;ultimo saluto al piccolo Angelo Bassot di 9 anni mancato per una malattia rara. Al funerale immancabile la presenza del suo &#8220;uomo ragno&#8221;, il super eroe di Angelo, tanti bambini, associazioni di volontariato, operatori sanitari che per lui hanno lottato e lo hanno amato fino all&#8217;ultimo respiro.<br \/>\nAGORDO Ieri l&#8217;ultimo saluto a Luigi &#8220;Gigi&#8221; Caldart, l&#8217;uomo dell&#8217;Armeria Caldart di via Carrera. Un messaggio di cordoglio \u00e8 stato inviato alla famiglia dal gruppo assistenza volontaria del capoluogo<br \/>\nTAI DI CADORE Chiesa di Tai gremita per l&#8217;addio all&#8217;arbitro Giovanni Unterberger, morto a 59 anni. Presenti sindaca, giunta, arbitri e associazioni sportive locali. L&#8217;arcidiacono Soravia ha elogiato la sua dedizione.<br \/>\n<strong>SOSTANZE OLEOSE SULLA SP 3 TRA PONTE ALTO E RIVAMONTE<\/strong><br \/>\nRIVAMONTE Vigli del Fuoco e Veneto Strade al lavoro sulla SP 3 nel pomeriggio di ieri. I pompieri sono intervenuti assieme al personale che ha in gestione la tratta tra Ponte Alto e Rivamonte a causa di sostanze oleose presenti sulla sede stradale<br \/>\n<strong>INCIDENTE A COL CUMANO, GIOVANE ILLESO AUTO DANNEGGIATA<\/strong><br \/>\nSANTA GIUSTINA Nel pomeriggio di ieri, un giovane di Belluno ha perso il controllo della sua Fiat Punto vicino a Col Cumano, danneggiandola gravemente. La pioggia e l&#8217;asfalto viscido sono probabilmente la causa. Illeso, ha richiesto l&#8217;intervento dei vigili del fuoco e dei carabinieri.<\/p>\n<h2>AUDIO dalle 7 del mattino<\/h2>\n<audio class=\"wp-audio-shortcode\" id=\"audio-392409-3\" preload=\"none\" style=\"width: 100%;\" controls=\"controls\"><source type=\"audio\/mpeg\" src=\"https:\/\/www.radiopiu.net\/wordpress\/wp-content\/uploads\/2024\/05\/GF07-26.mp3?_=3\" \/><a href=\"https:\/\/www.radiopiu.net\/wordpress\/wp-content\/uploads\/2024\/05\/GF07-26.mp3\">https:\/\/www.radiopiu.net\/wordpress\/wp-content\/uploads\/2024\/05\/GF07-26.mp3<\/a><\/audio>\n<p>&nbsp;<\/p>\n<p>&nbsp;<\/p>\n<hr \/>\n<p>&nbsp;<\/p>\n<h1><\/h1>\n<h1 style=\"text-align: center;\"><span style=\"color: #ff0000;\"><a class=\"dt-pswp-item\" href=\"https:\/\/www.radiopiu.net\/wordpress\/wp-content\/uploads\/2022\/01\/026c3f9d-dae9-4040-a3c1-a6530231bcc3.jpg\" data-dt-img-description=\"\" data-large_image_width=\"1152\" data-large_image_height=\"2048\"><img loading=\"lazy\" decoding=\"async\" class=\"wp-image-251839 alignleft\" src=\"https:\/\/www.radiopiu.net\/wordpress\/wp-content\/uploads\/2022\/01\/026c3f9d-dae9-4040-a3c1-a6530231bcc3-169x300.jpg\" alt=\"\" width=\"100\" height=\"177\" srcset=\"https:\/\/www.radiopiu.net\/wordpress\/wp-content\/uploads\/2022\/01\/026c3f9d-dae9-4040-a3c1-a6530231bcc3-169x300.jpg 169w, https:\/\/www.radiopiu.net\/wordpress\/wp-content\/uploads\/2022\/01\/026c3f9d-dae9-4040-a3c1-a6530231bcc3-576x1024.jpg 576w, https:\/\/www.radiopiu.net\/wordpress\/wp-content\/uploads\/2022\/01\/026c3f9d-dae9-4040-a3c1-a6530231bcc3-768x1365.jpg 768w, https:\/\/www.radiopiu.net\/wordpress\/wp-content\/uploads\/2022\/01\/026c3f9d-dae9-4040-a3c1-a6530231bcc3-864x1536.jpg 864w, https:\/\/www.radiopiu.net\/wordpress\/wp-content\/uploads\/2022\/01\/026c3f9d-dae9-4040-a3c1-a6530231bcc3.jpg 1152w\" sizes=\"auto, (max-width: 100px) 100vw, 100px\" \/><\/a>I podcast informativi del mattino &#8211; audio &#8211;\u00a0<\/span><\/h1>\n<blockquote><p><strong>GIORNALE RADIO NAZIONALE, EDIZIONE DELLE SETTE <span style=\"color: #0000ff;\">viene pubblicato alle 7.05 <span style=\"color: #ff0000;\">DIRETTA RADIO\u00a0<\/span><\/span><\/strong><\/p><\/blockquote>\n<p><strong>il giornale radionazionale e&#8217; in onda ogni ora, dalle sette del mattino alle venti della sera\u00a0\u00a0<\/strong><\/p>\n<p>&nbsp;<\/p>\n<p><strong>Ucraina<\/strong> &#8216;Biden ha dato l&#8217;ok a Kiev per colpire la Russia con armi Usa&#8217;\u00a0<strong> Buttata gi\u00f9<\/strong> da un ponte della A4 dal compagno: &#8216;Si dovevano sposare, lei ci aveva ripensato&#8217;\u00a0 <strong>L&#8217;anniversario<\/strong> La Camera celebra Giacomo Matteotti. Meloni: &#8216;Ucciso dallo squadrismo fascista&#8217;\u00a0 <strong>Dalle verande alle pareti<\/strong>, scatta il Salva-casa Al via le domande ai Comuni, oltre le scadenze c&#8217;\u00e8 il silenzio-assenso\u00a0 <strong>Economist,<\/strong> Meloni in copertina fra le 3 donne chiave d&#8217;Europa<\/p>\n<h2>AUDIO dalle sette del mattino, ogni ora alla radio<\/h2>\n<audio class=\"wp-audio-shortcode\" id=\"audio-392409-4\" preload=\"none\" style=\"width: 100%;\" controls=\"controls\"><source type=\"audio\/mpeg\" src=\"https:\/\/www.radiopiu.net\/wordpress\/wp-content\/uploads\/2024\/05\/giornale07-24.mp3?_=4\" \/><a href=\"https:\/\/www.radiopiu.net\/wordpress\/wp-content\/uploads\/2024\/05\/giornale07-24.mp3\">https:\/\/www.radiopiu.net\/wordpress\/wp-content\/uploads\/2024\/05\/giornale07-24.mp3<\/a><\/audio>\n<p>&nbsp;<\/p>\n<p>&nbsp;<\/p>\n<p>&nbsp;<\/p>\n<hr \/>\n<p>&nbsp;<\/p>\n<p>&nbsp;<\/p>\n<h1><span style=\"color: #ff0000;\">I podcast informativi del mattino &#8211; video &#8211;\u00a0<\/span><\/h1>\n<h2><strong><a class=\"dt-pswp-item\" href=\"https:\/\/www.radiopiu.net\/wordpress\/wp-content\/uploads\/2023\/12\/th-10.jpg\" data-dt-img-description=\"\" data-large_image_width=\"245\" data-large_image_height=\"180\"><img loading=\"lazy\" decoding=\"async\" class=\" wp-image-367395 alignleft\" src=\"https:\/\/www.radiopiu.net\/wordpress\/wp-content\/uploads\/2023\/12\/th-10.jpg\" alt=\"\" width=\"166\" height=\"122\" \/><\/a>RASSEGNA STAMPA LOCALE, ORE OTTO 05<\/strong><\/h2>\n<h2><strong> <span style=\"color: #0000ff;\">viene\u00a0 <\/span><\/strong><strong><span style=\"color: #0000ff;\">pubblicata alle 8.05 <span style=\"color: #ff0000;\">DIRETTA RADIO\u00a0\u00a0<\/span><\/span><\/strong><\/h2>\n<p><strong>DI MIRKO MEZZACASA\u00a0 \u00a0<\/strong><\/p>\n<p>&nbsp;<\/p>\n<p>&nbsp;<\/p>\n<p><strong><a class=\"dt-pswp-item\" href=\"https:\/\/www.radiopiu.net\/wordpress\/wp-content\/uploads\/2024\/05\/Senza-nome-69.png\" data-dt-img-description=\"\" data-large_image_width=\"513\" data-large_image_height=\"360\"><img loading=\"lazy\" decoding=\"async\" class=\"size-medium wp-image-392604 alignleft\" src=\"https:\/\/www.radiopiu.net\/wordpress\/wp-content\/uploads\/2024\/05\/Senza-nome-69-300x211.png\" alt=\"\" width=\"300\" height=\"211\" srcset=\"https:\/\/www.radiopiu.net\/wordpress\/wp-content\/uploads\/2024\/05\/Senza-nome-69-300x211.png 300w, https:\/\/www.radiopiu.net\/wordpress\/wp-content\/uploads\/2024\/05\/Senza-nome-69.png 513w\" sizes=\"auto, (max-width: 300px) 100vw, 300px\" \/><\/a>AGORDO<\/strong> Addio alla Professoressa Marina Rita Nessenzia, Cuore e Anima della Scuola Agordina Con la scomparsa della professoressa Marina Rita Nessenzia, se ne va un pezzo di storia della scuola e della musica del territorio. Fu promotrice della Corale de I Musici, il fiore all\u2019occhiello dell\u2019Istituto Comprensivo di Agordo.<br \/>\n<strong>AGORDO<\/strong>&#8230; PANE E OCCHIALI? DA OGGI SOLO OCCHIALI, IL PANE SI &#8220;IMPORTA&#8221; chiude il punto vendita Carlin 1905 di via Cesare Battisti e lo storico panificio di nonno &#8220;Leone&#8221; a Toccol.<br \/>\n<strong><a class=\"dt-pswp-item\" href=\"https:\/\/www.radiopiu.net\/wordpress\/wp-content\/uploads\/2024\/05\/s.png\" data-dt-img-description=\"\" data-large_image_width=\"445\" data-large_image_height=\"273\"><img loading=\"lazy\" decoding=\"async\" class=\"size-medium wp-image-392605 alignright\" src=\"https:\/\/www.radiopiu.net\/wordpress\/wp-content\/uploads\/2024\/05\/s-300x184.png\" alt=\"\" width=\"300\" height=\"184\" srcset=\"https:\/\/www.radiopiu.net\/wordpress\/wp-content\/uploads\/2024\/05\/s-300x184.png 300w, https:\/\/www.radiopiu.net\/wordpress\/wp-content\/uploads\/2024\/05\/s.png 445w\" sizes=\"auto, (max-width: 300px) 100vw, 300px\" \/><\/a>LA BELLA NOTIZIA.<\/strong>.. Un&#8217;altra sfida importante da partita iva, con Diana che domani apre il nuovo ufficio di Vicolo Crotta, gi\u00e0 di Bimbissimi e della famiglia De Zorzi.<br \/>\n<strong>AGORDO<\/strong> Segnalata la presenza della pericolosa pianta Panace di Mantegazza vicino agli uffici della Valpe a Polane. Il gruppo &#8220;Agordino dove rinascono le Dolomiti&#8221; ha avvisato sui social della presenza di numerose piante quasi in fioritura. L&#8217;ultimo avvistamento risale a due anni fa a Val di Zoldo.<br \/>\n<strong>VENEZIA<\/strong> Ieri si \u00e8 tenuto un incontro sul monitoraggio della situazione dei lavoratori e dello stabilimento ex Italia Wanbao ACC, ora gestito da Sest (gruppo Luve) con 109 addetti. Convocato dalla Regione Veneto e coordinato da Veneto Lavoro, al tavolo hanno partecipato rappresentanti aziendali, sindacali, di Confindustria Belluno Dolomiti e Uomo e Impresa. L&#8217;incontro ha aggiornato sull&#8217;occupazione e facilitato il confronto sulla situazione di Sest<\/p>\n<h2><span style=\"color: #ff0000;\"><strong>VIDEO\u00a0 \u00a0in diretta dalle 8 del mattino\u00a0<\/strong><\/span><\/h2>\n<p><iframe loading=\"lazy\" title=\"DUE MINUTI UN LIBRO, TUTTI I GIORNI ALLA RADIO\u00a0 LA RACCOLTA COMPLETA CLICCA QUI\u00a0 I RACCONTI DI PAOLO\" width=\"1200\" height=\"675\" src=\"https:\/\/www.youtube.com\/embed\/LLboGQgAPjc?feature=oembed\" frameborder=\"0\" allow=\"accelerometer; autoplay; clipboard-write; encrypted-media; gyroscope; picture-in-picture; web-share\" referrerpolicy=\"strict-origin-when-cross-origin\" allowfullscreen><\/iframe><\/p>\n<p>&nbsp;<\/p>\n<p>&nbsp;<\/p>\n<p>&nbsp;<\/p>\n<p>&nbsp;<\/p>\n<hr \/>\n<p>&nbsp;<\/p>\n<p>&nbsp;<\/p>\n<p><strong><a class=\"dt-pswp-item\" href=\"https:\/\/www.radiopiu.net\/wordpress\/wp-content\/uploads\/2023\/12\/ANTENNA.png\" data-dt-img-description=\"\" data-large_image_width=\"300\" data-large_image_height=\"166\"><img loading=\"lazy\" decoding=\"async\" class=\" wp-image-366306 alignleft\" src=\"https:\/\/www.radiopiu.net\/wordpress\/wp-content\/uploads\/2023\/12\/ANTENNA.png\" alt=\"\" width=\"175\" height=\"97\" \/><\/a>IERI SERA, DAL TG DI ANTENNA 3, DI\u00a0 STEFANO BOZZI (ogni sera alle 19 le anticipazioni alla radio, quello che poi seguirete nel TELEGIORNALE BELLUNESE\u00a0 in onda alle 19.30 sul CANALE 10 del digitale terrestre.\u00a0\u00a0<\/strong><\/p>\n<p>&nbsp;<\/p>\n<p><span style=\"color: #ff0000;\"><strong>\u00a0IERI SERA ALLA RADIO&#8230; LE ANTICIPAZIONI DI\u00a0<\/strong><\/span><\/p>\n<audio class=\"wp-audio-shortcode\" id=\"audio-392409-5\" preload=\"none\" style=\"width: 100%;\" controls=\"controls\"><source type=\"audio\/mpeg\" src=\"https:\/\/www.radiopiu.net\/wordpress\/wp-content\/uploads\/2024\/05\/ANTENNA3-5.mp3?_=5\" \/><a href=\"https:\/\/www.radiopiu.net\/wordpress\/wp-content\/uploads\/2024\/05\/ANTENNA3-5.mp3\">https:\/\/www.radiopiu.net\/wordpress\/wp-content\/uploads\/2024\/05\/ANTENNA3-5.mp3<\/a><\/audio>\n<p>&nbsp;<\/p>\n<p>&nbsp;<\/p>\n<p>&nbsp;<\/p>\n<hr \/>\n<p>&nbsp;<\/p>\n<blockquote>\n<h3>METEO. IN VENETO ATTESE PRECIPITAZIONI ANCHE INTENSE<\/h3>\n<\/blockquote>\n<p><strong>VENEZIA<\/strong> Il Centro Funzionale Decentrato della Protezione Civile del Veneto ha emesso un nuovo avviso di criticit\u00e0 di aggiornamento valido 24 ore, fino alle 20 di oggi, che eleva l\u2019allerta idrogeologica per temporali a gialla in tutti i bacini del Veneto. Fino alla serata di oggi \u00e8 previsto tempo instabile\/perturbato con precipitazioni localmente abbondanti specie su zone centro-settentrionali; fenomeni a prevalente carattere di rovescio e temporale, a tratti anche forti (forti rovesci, locali grandinate e forti raffiche di vento) e diffusi, specie tra Prealpi e pianura al mattino di oggi.<\/p>\n<p><a class=\"dt-pswp-item\" href=\"https:\/\/www.radiopiu.net\/wordpress\/wp-content\/uploads\/2024\/05\/JLKDG.png\" data-dt-img-description=\"\" data-large_image_width=\"947\" data-large_image_height=\"263\"><img loading=\"lazy\" decoding=\"async\" class=\"alignnone wp-image-392543 size-full\" src=\"https:\/\/www.radiopiu.net\/wordpress\/wp-content\/uploads\/2024\/05\/JLKDG.png\" alt=\"\" width=\"947\" height=\"263\" srcset=\"https:\/\/www.radiopiu.net\/wordpress\/wp-content\/uploads\/2024\/05\/JLKDG.png 947w, https:\/\/www.radiopiu.net\/wordpress\/wp-content\/uploads\/2024\/05\/JLKDG-300x83.png 300w, https:\/\/www.radiopiu.net\/wordpress\/wp-content\/uploads\/2024\/05\/JLKDG-768x213.png 768w\" sizes=\"auto, (max-width: 947px) 100vw, 947px\" \/><\/a><\/p>\n<p>&nbsp;<\/p>\n<hr \/>\n<p>&nbsp;<\/p>\n<p>&nbsp;<\/p>\n<div class=\"row\">\n<div class=\"col-xs-1\">\n<div id=\"share_bar_wrapper\" class=\"top\">\n<div id=\"share_bar\">\n<div>\n<p><strong>IL GIORNO DELL&#8217;ADDIO.<\/strong><\/p>\n<p><strong>\u00a0<\/strong><\/p>\n<\/div>\n<div><strong><a class=\"dt-pswp-item\" href=\"https:\/\/www.radiopiu.net\/wordpress\/wp-content\/uploads\/2024\/05\/Senza-nome-61.png\" data-dt-img-description=\"\" data-large_image_width=\"313\" data-large_image_height=\"209\"><img loading=\"lazy\" decoding=\"async\" class=\" wp-image-392200 alignleft\" src=\"https:\/\/www.radiopiu.net\/wordpress\/wp-content\/uploads\/2024\/05\/Senza-nome-61-300x200.png\" alt=\"\" width=\"234\" height=\"156\" srcset=\"https:\/\/www.radiopiu.net\/wordpress\/wp-content\/uploads\/2024\/05\/Senza-nome-61-300x200.png 300w, https:\/\/www.radiopiu.net\/wordpress\/wp-content\/uploads\/2024\/05\/Senza-nome-61.png 313w\" sizes=\"auto, (max-width: 234px) 100vw, 234px\" \/><\/a>ROCCA PIETORE<\/strong>\u00a0 erano in tanti per l&#8217;ultimo saluto al piccolo Angelo Bassot di 9 anni mancato per una malattia rara. Al funerale immancabile la presenza del suo &#8220;uomo ragno&#8221;, il super eroe di Angelo, tanti bambini, associazioni di volontariato, operatori sanitari che per lui hanno lottato e lo hanno amato fino all&#8217;ultimo respiro.<\/div>\n<\/div>\n<div><strong>AGORDO<\/strong> Ieri l&#8217;ultimo saluto a Luigi &#8220;Gigi&#8221; Caldart, l&#8217;uomo dell&#8217;Armeria Caldart di via Carrera. Un messaggio di cordoglio \u00e8 stato inviato alla famiglia dal gruppo assistenza volontaria del capoluogo<\/div>\n<div>\n<p><strong>TAI DI CADORE<\/strong> Chiesa di Tai gremita per l&#8217;addio all&#8217;arbitro Giovanni Unterberger, morto a 59 anni. Presenti sindaca, giunta, arbitri e associazioni sportive locali. L&#8217;arcidiacono Soravia ha elogiato la sua dedizione.<\/p>\n<div class=\"mt-1 flex gap-3 empty:hidden juice:-ml-3\">\n<div class=\"items-center justify-start rounded-xl p-1 flex\">\n<div class=\"flex items-center\"><\/div>\n<\/div>\n<\/div>\n<\/div>\n<div><\/div>\n<div id=\"share_bar\"><\/div>\n<\/div>\n<\/div>\n<\/div>\n<p>&nbsp;<\/p>\n<p>&nbsp;<\/p>\n<hr \/>\n<p>&nbsp;<\/p>\n<blockquote>\n<h3>SOSTANZE OLEOSE SULLA SP 3 TRA PONTE ALTO E RIVAMONTE<\/h3>\n<\/blockquote>\n<p><strong>RIVAMONTE<\/strong> Vigli del Fuoco e Veneto Strade al lavoro sulla SP 3 nel pomeriggio di ieri. I pompieri sono intervenuti assieme al personale che ha in gestione la tratta tra Ponte Alto e Rivamonte a causa di sostanze oleose presenti sulla sede stradale.<\/p>\n<p>&nbsp;<\/p>\n<p>&nbsp;<\/p>\n<div class=\"row\">\n<div class=\"col-xs-1\">\n<div id=\"share_bar_wrapper\" class=\"top\">\n<div id=\"share_bar\">\n<div><\/div>\n<div>\n<hr \/>\n<\/div>\n<div><\/div>\n<blockquote>\n<h3>Incidente a Col Cumano: Giovane Illeso, Ma Auto Danneggiata<\/h3>\n<\/blockquote>\n<\/div>\n<\/div>\n<\/div>\n<\/div>\n<p><strong>SANTA GIUSTINA<\/strong> Nel pomeriggio di ieri, un giovane di Belluno ha perso il controllo della sua Fiat Punto vicino a Col Cumano, danneggiandola gravemente. La pioggia e l&#8217;asfalto viscido sono probabilmente la causa. Illeso, ha richiesto l&#8217;intervento dei vigili del fuoco e dei carabinieri.<\/p>\n<p>&nbsp;<\/p>\n<p>&nbsp;<\/p>\n<hr \/>\n<p>&nbsp;<\/p>\n<p>&nbsp;<\/p>\n<blockquote>\n<h3><img loading=\"lazy\" decoding=\"async\" class=\"alignleft\" src=\"https:\/\/www.radiopiu.net\/wordpress\/wp-content\/uploads\/2024\/05\/Senza-nome-64.png\" width=\"263\" height=\"153\" \/>UN VUOTO INCOLMABILE LA SCOMPARSA DI MARINA<\/h3>\n<\/blockquote>\n<p><strong>AGORDO<\/strong> Ciao &#8220;maestra&#8221;, in effetti non eravamo molto distanti all&#8217;ufficio angrafe, qualche anno. Sufficiente perch\u00e9 Marina potesse insegnarmi la musica, E&#8217; stata la mia maestra d&#8217;organo, quando frequentavo la scuola di musica del maestro Ernesto Bellus all&#8217;ultimo piano del Municipio di Agordo. Marina era eccezionale, insegnava\u00a0 e amava la musica, lo sanno bene i Musici che l&#8217;hanno conosciuta ed apprezzata nelle ore di scuola alla Media Pertile.\u00a0 E&#8217; stato bello ed edificante seguire le varie tappe della crescita musicale dei nostri giovani seguiti da Marina. Un vuoto incolmabile per il marito Giorgio, il figlio Davide con Elisabetta, mamma Nerina, fratello Alessandro con famigliari e parenti. I funerali\u00a0 domani alle 14.30 nell&#8217;Arcidiaconale di Agordo.<\/p>\n<p>&nbsp;<\/p>\n<p><strong>DON GIORGIO LISE, GIA&#8217; ARCIDIACONO DI AGORDO<\/strong><\/p>\n<audio class=\"wp-audio-shortcode\" id=\"audio-392409-6\" preload=\"none\" style=\"width: 100%;\" controls=\"controls\"><source type=\"audio\/mpeg\" src=\"https:\/\/www.radiopiu.net\/wordpress\/wp-content\/uploads\/2024\/05\/GIORGINO.mp3?_=6\" \/><a href=\"https:\/\/www.radiopiu.net\/wordpress\/wp-content\/uploads\/2024\/05\/GIORGINO.mp3\">https:\/\/www.radiopiu.net\/wordpress\/wp-content\/uploads\/2024\/05\/GIORGINO.mp3<\/a><\/audio>\n<p>&nbsp;<\/p>\n<p><strong><a class=\"dt-pswp-item\" href=\"https:\/\/www.radiopiu.net\/wordpress\/wp-content\/uploads\/2024\/05\/Senza-nsome.png\" data-dt-img-description=\"\" data-large_image_width=\"178\" data-large_image_height=\"234\"><img loading=\"lazy\" decoding=\"async\" class=\"size-full wp-image-392588 aligncenter\" src=\"https:\/\/www.radiopiu.net\/wordpress\/wp-content\/uploads\/2024\/05\/Senza-nsome.png\" alt=\"\" width=\"178\" height=\"234\" \/><\/a><\/strong><\/p>\n<p>&nbsp;<\/p>\n<p><strong>DI GIANNI SANTOMASO, CORRIEREALPI<\/strong><\/p>\n<audio class=\"wp-audio-shortcode\" id=\"audio-392409-7\" preload=\"none\" style=\"width: 100%;\" controls=\"controls\"><source type=\"audio\/mpeg\" src=\"https:\/\/www.radiopiu.net\/wordpress\/wp-content\/uploads\/2024\/05\/GIANNI-MARINA.mp3?_=7\" \/><a href=\"https:\/\/www.radiopiu.net\/wordpress\/wp-content\/uploads\/2024\/05\/GIANNI-MARINA.mp3\">https:\/\/www.radiopiu.net\/wordpress\/wp-content\/uploads\/2024\/05\/GIANNI-MARINA.mp3<\/a><\/audio>\n<p>&nbsp;<\/p>\n<p>&nbsp;<\/p>\n<blockquote>\n<h2>Addio alla Professoressa Marina Rita Nessenzia, Cuore e Anima della Scuola Agordina<\/h2>\n<\/blockquote>\n<p><strong>DI BERNARDINO CHIOCCHETTI,\u00a0 gi\u00e0 Dirigente Scolastico dell\u2019Istituto Comprensivo Agordo<\/strong><\/p>\n<p>Con la scomparsa della professoressa Marina Rita Nessenzia, se ne va una parte rilevante della mia esperienza nella Scuola Agordina. Promotrice della Cor<a class=\"dt-pswp-item\" href=\"https:\/\/www.radiopiu.net\/wordpress\/wp-content\/uploads\/2024\/05\/Senza-nome-67.png\" data-dt-img-description=\"\" data-large_image_width=\"464\" data-large_image_height=\"260\"><img loading=\"lazy\" decoding=\"async\" class=\"size-medium wp-image-392589 alignleft\" src=\"https:\/\/www.radiopiu.net\/wordpress\/wp-content\/uploads\/2024\/05\/Senza-nome-67-300x168.png\" alt=\"\" width=\"300\" height=\"168\" srcset=\"https:\/\/www.radiopiu.net\/wordpress\/wp-content\/uploads\/2024\/05\/Senza-nome-67-300x168.png 300w, https:\/\/www.radiopiu.net\/wordpress\/wp-content\/uploads\/2024\/05\/Senza-nome-67.png 464w\" sizes=\"auto, (max-width: 300px) 100vw, 300px\" \/><\/a>ale de I Musici, il fiore all\u2019occhiello dell\u2019Istituto Comprensivo di Agordo, ho potuto apprezzare il suo impegno sin dal mio incarico nel 2010. Questa notizia, che avrei voluto non dover mai ricevere, mi addolora profondamente. Oltre alla mia esperienza personale, sono convinto che con la professoressa Nessenzia tutta la scuola, non solo quella agordina, abbia perso una figura di grande rilievo. Una docente che ha dedicato tanto del suo tempo per migliorare la realt\u00e0 scolastica, mettendo a disposizione le sue competenze. Rimane nella memoria la sua signorilit\u00e0 e la dignit\u00e0 con cui ha affrontato la malattia, che l&#8217;ha portata via troppo presto. La professoressa Nessenzia era una persona riservata e sensibile, sempre professionale e corretta nei confronti dei colleghi, gestendo le sue classi con ammirabile abilit\u00e0 senza dover ricorrere a richiami. Ricordo in particolare i verbali che firmava, distinti per puntualit\u00e0 e precisione. Nei momenti di confronto, sapeva intervenire con equilibrio, guadagnandosi il rispetto di tutti. La Corale de I Musici, un suo patrimonio, richiede una riflessione a s\u00e9 stante. Fondata durante l\u2019a.s. 2004-2005, la Corale ha facilitato l&#8217;interazione tra Scuola Primaria e Scuola Media, contribuendo a superare le iniziali difficolt\u00e0 del nuovo Istituto Comprensivo. Nel corso degli anni, la professoressa Nessenzia ha esteso le iscrizioni agli studenti delle scuole superiori, organizzando saggi e rassegne canore a livello regionale e nazionale, spesso coronate da premi. La Corale ha favorito collaborazioni con agenzie extrascolastiche e, prima della malattia, stava stabilendo un collegamento con l\u2019Istituto Comprensivo di Cencenighe Agordino. Il maestro Matteo Andri ha continuato l&#8217;attivit\u00e0 della Corale, mantenendo vivo l\u2019entusiasmo per la musica, strumento di interazione e promozione sociale. La professoressa Nessenzia ha dedicato buona parte della sua vita a questo nobile ideale, meritando un grande riconoscimento. Le mie pi\u00f9 sentite condoglianze vanno al marito Giorgio, a Davide, alla mamma Nerina e al fratello Alessandro. Siamo certi che il suo ricordo continuer\u00e0 a vivere nella nostra memoria e in quella dei suoi numerosi estimatori.<\/p>\n<p>&nbsp;<\/p>\n<p>&nbsp;<\/p>\n<p><span style=\"color: #000000;\"><strong>archivio radiopiu, 29 ottobre 2015\u00a0<\/strong><\/span><\/p>\n<p><span style=\"color: #ff0000;\"><strong>(foto &#8220;Premiati i Musici del Comprensivo&#8221; \u00a0Il riconoscimento viene dal concorso nazionale Indicibili In(canti) 2014<\/strong><\/span><\/p>\n<blockquote>\n<h3>La &#8220;mamma&#8221; dei Musici Nessenzia premiata per la diffusione della cultura<\/h3>\n<\/blockquote>\n<div class=\"row\">\n<div class=\"col-xs-1\">\n<div id=\"share_bar_wrapper\" class=\"top\">\n<div id=\"share_bar\">\n<div class=\"icon msg-art-em\"><strong><a class=\"dt-pswp-item\" href=\"https:\/\/www.radiopiu.net\/wordpress\/wp-content\/uploads\/2024\/05\/Senza-nome-66.png\" data-dt-img-description=\"\" data-large_image_width=\"473\" data-large_image_height=\"263\"><img loading=\"lazy\" decoding=\"async\" class=\" wp-image-392512 alignleft\" src=\"https:\/\/www.radiopiu.net\/wordpress\/wp-content\/uploads\/2024\/05\/Senza-nome-66-300x167.png\" alt=\"\" width=\"368\" height=\"205\" srcset=\"https:\/\/www.radiopiu.net\/wordpress\/wp-content\/uploads\/2024\/05\/Senza-nome-66-300x167.png 300w, https:\/\/www.radiopiu.net\/wordpress\/wp-content\/uploads\/2024\/05\/Senza-nome-66.png 473w\" sizes=\"auto, (max-width: 368px) 100vw, 368px\" \/><\/a>AGORDO<\/strong> &#8211; (m.m.) Marina Nessenzia, direttrice dei &#8220;Musici&#8221; di Agordo, insignita del premio del Circolo Culturale Agordino per la diffusione della cultura nella Vallata Agordina.\u00a0 \u00abCon la sincera gratitudine della popolazione di tutto l&#8217;Agordino, delle autorit\u00e0 e di quanti sono stati interessati alla cultura musicale, indirizzando i giovani agordini frequentanti la scuola media di Agordo attraverso il coro I Musici verso vette corali apprezzate e premiate in molte manifestazioni locali e nazionali. Il riconoscimento \u00e8 espressione di un grazie sentito e corale offerto pubblicamente\u00bb.<\/div>\n<div><\/div>\n<div><\/div>\n<div><\/div>\n<div>\n<hr \/>\n<\/div>\n<div><\/div>\n<div>\n<p><strong>\u00a0<\/strong><\/p>\n<\/div>\n<\/div>\n<\/div>\n<\/div>\n<\/div>\n<hr \/>\n<p>&nbsp;<\/p>\n<blockquote>\n<blockquote>\n<h3>AGORDO&#8230; PANE E OCCHIALI? DA OGGI SOLO OCCHIALI, IL PANE SI &#8220;IMPORTA&#8221;<\/h3>\n<\/blockquote>\n<p><strong><a class=\"dt-pswp-item\" href=\"https:\/\/www.radiopiu.net\/wordpress\/wp-content\/uploads\/2024\/05\/22222222.png\" data-dt-img-description=\"\" data-large_image_width=\"518\" data-large_image_height=\"345\"><img loading=\"lazy\" decoding=\"async\" class=\"size-medium wp-image-392481 alignleft\" src=\"https:\/\/www.radiopiu.net\/wordpress\/wp-content\/uploads\/2024\/05\/22222222-300x200.png\" alt=\"\" width=\"300\" height=\"200\" srcset=\"https:\/\/www.radiopiu.net\/wordpress\/wp-content\/uploads\/2024\/05\/22222222-300x200.png 300w, https:\/\/www.radiopiu.net\/wordpress\/wp-content\/uploads\/2024\/05\/22222222.png 518w\" sizes=\"auto, (max-width: 300px) 100vw, 300px\" \/><\/a>AGORDO<\/strong>\u00a0 C&#8217;erano una volta i panifici, plurale. Oggi non pi\u00f9. A Taibon hanno chiuso uno dietro l&#8217;altro, gli storici panettieri sono ormai un ricordo. Fortunatamente ci ha pensato\u00a0 Gianluca con la Napi Wine e Beer a portare il pane sulla &#8220;porta di casa&#8221; e quello buono a chilometri&#8230; pochi, direttamente\u00a0 dal Forner di William Da Roit da La Valle Agordina.\u00a0 Agordo dunque segue a ruota, con la chiusura del negozio di Monica e della famiglia Carlin si chiude un&#8217;epoca. Quindi il pane ad Agordo? Al centro commerciale Ganz resiste la famiglia dei &#8220;Crock&#8221; col famoso forno di Canale d&#8217;Agordo. Oppure il pane da\u00a0 Supermercato, perch\u00e9\u00a0 quelli grazie alle &#8220;politiche&#8221; del passato non mancano, anzi il territorio segna un quasi record tra Le Campe e Morbiach di Cencenighe, passando ovviamente per la localit\u00e0 Valcozzena, zona industriale Luxottica. Politiche degli anni scorsi che hanno depauperato il territorio di attivit\u00e0 importanti per la collettivit\u00e0, per la comunit\u00e0.<\/p>\n<blockquote><p><em><strong>PANIFICIO CARLIN<\/strong>&#8230; dal 1905 a Toccol di Agordo, e come se si chiude un&#8217;epoca dall&#8217;allora forno dei Leone Carlin, attivit\u00e0 famigliare presa poi in mano da Cesare Carlin con la moglie Mariella e quindi, fino ad oggi con Monica Carlin e il marito Stefano che per anni hanno garantito pane fresco ad Agordo e distribuzione nell&#8217;elegante punto vendita di via Cesare Battisti. A voi, grazie per l&#8217;impegno e &#8230; buona nuova vita.<\/em><\/p><\/blockquote>\n<p>mirko<\/p><\/blockquote>\n<p>&nbsp;<\/p>\n<p><span style=\"color: #ff0000;\"><strong>LA BELLA NOTIZIA&#8230;<\/strong><\/span><\/p>\n<p>Un&#8217;altra sfida importante da partita iva, con Diana che domani apre il nuovo ufficio di Vicolo Crotta, gi\u00e0 di Bimbissimi e della famiglia De Zorzi.<\/p>\n<p><strong>L&#8217;INTERVISTA ALLA RADIO<\/strong><\/p>\n<audio class=\"wp-audio-shortcode\" id=\"audio-392409-8\" preload=\"none\" style=\"width: 100%;\" controls=\"controls\"><source type=\"audio\/mpeg\" src=\"https:\/\/www.radiopiu.net\/wordpress\/wp-content\/uploads\/2024\/04\/DIANA-E-PASQUALE.mp3?_=8\" \/><a href=\"https:\/\/www.radiopiu.net\/wordpress\/wp-content\/uploads\/2024\/04\/DIANA-E-PASQUALE.mp3\">https:\/\/www.radiopiu.net\/wordpress\/wp-content\/uploads\/2024\/04\/DIANA-E-PASQUALE.mp3<\/a><\/audio>\n<p>&nbsp;<\/p>\n<blockquote><p><a class=\"dt-pswp-item\" href=\"https:\/\/www.radiopiu.net\/wordpress\/wp-content\/uploads\/2024\/05\/5911f7e0-6c6b-4fdc-b330-6da4daf26057.jpg\" data-dt-img-description=\"\" data-large_image_width=\"1127\" data-large_image_height=\"1600\"><img loading=\"lazy\" decoding=\"async\" class=\"size-medium wp-image-392418 aligncenter\" src=\"https:\/\/www.radiopiu.net\/wordpress\/wp-content\/uploads\/2024\/05\/5911f7e0-6c6b-4fdc-b330-6da4daf26057-211x300.jpg\" alt=\"\" width=\"211\" height=\"300\" srcset=\"https:\/\/www.radiopiu.net\/wordpress\/wp-content\/uploads\/2024\/05\/5911f7e0-6c6b-4fdc-b330-6da4daf26057-211x300.jpg 211w, https:\/\/www.radiopiu.net\/wordpress\/wp-content\/uploads\/2024\/05\/5911f7e0-6c6b-4fdc-b330-6da4daf26057-721x1024.jpg 721w, https:\/\/www.radiopiu.net\/wordpress\/wp-content\/uploads\/2024\/05\/5911f7e0-6c6b-4fdc-b330-6da4daf26057-768x1090.jpg 768w, https:\/\/www.radiopiu.net\/wordpress\/wp-content\/uploads\/2024\/05\/5911f7e0-6c6b-4fdc-b330-6da4daf26057-1082x1536.jpg 1082w, https:\/\/www.radiopiu.net\/wordpress\/wp-content\/uploads\/2024\/05\/5911f7e0-6c6b-4fdc-b330-6da4daf26057.jpg 1127w\" sizes=\"auto, (max-width: 211px) 100vw, 211px\" \/><\/a><\/p>\n<p>&nbsp;<\/p><\/blockquote>\n<p>&nbsp;<\/p>\n<p>&nbsp;<\/p>\n<hr \/>\n<p>&nbsp;<\/p>\n<blockquote>\n<h2>Allarme Panace di Mantegazza a Polane, I PRECEDENTI<\/h2>\n<\/blockquote>\n<div dir=\"auto\">\n<p><strong><a class=\"dt-pswp-item\" href=\"https:\/\/www.radiopiu.net\/wordpress\/wp-content\/uploads\/2022\/06\/Senza-nome.png\" data-dt-img-description=\"\" data-large_image_width=\"800\" data-large_image_height=\"655\"><img loading=\"lazy\" decoding=\"async\" class=\"size-medium wp-image-392614 alignleft\" src=\"https:\/\/www.radiopiu.net\/wordpress\/wp-content\/uploads\/2022\/06\/Senza-nome-300x246.png\" alt=\"\" width=\"300\" height=\"246\" srcset=\"https:\/\/www.radiopiu.net\/wordpress\/wp-content\/uploads\/2022\/06\/Senza-nome-300x246.png 300w, https:\/\/www.radiopiu.net\/wordpress\/wp-content\/uploads\/2022\/06\/Senza-nome-768x629.png 768w, https:\/\/www.radiopiu.net\/wordpress\/wp-content\/uploads\/2022\/06\/Senza-nome.png 800w\" sizes=\"auto, (max-width: 300px) 100vw, 300px\" \/><\/a>\u00a0<\/strong><\/p>\n<p><strong>AGORDO<\/strong> Segnalata la presenza della pericolosa pianta Panace di Mantegazza vicino agli uffici della Valpe a Polane. Il gruppo &#8220;Agordino dove rinascono le Dolomiti&#8221; ha avvisato sui social della presenza di numerose piante quasi in fioritura. Il sindaco Roberto Chissal\u00e8 promette verifiche. L&#8217;ultimo avvistamento risale a due anni fa a Val di Zoldo.<\/p>\n<div dir=\"auto\"><\/div>\n<div dir=\"auto\">La Panace di Mantegazza anche quest&#8217;anno si \u00e8 ripresentata nella zona di Polane ad Agordo, appena sotto agli uffici della Valpe. Le piante sono numerose e alcune sono quasi in fioritura, minimo sono 5 o 6 , tutte molto grandi. Ricordiamo che si tratta di una pianta pericolosa e altamente infestante che non va toccata, nemmeno per tentare di rimuoverla. Va segnalata al comune che deve rimuoverla con le dovute cautele e mezzi adatti ( tute, occhiali, guanti e se necessario mezzi meccanici ) e non va assolutamente smaltita in discarica come il normale verde. <span class=\"html-span xdj266r x11i5rnm xat24cr x1mh8g0r xexx8yu x4uap5 x18d9i69 xkhd6sd x1hl2dhg x16tdsg8 x1vvkbs\"><a class=\"x1i10hfl xjbqb8w x1ejq31n xd10rxx x1sy0etr x17r0tee x972fbf xcfux6l x1qhh985 xm0m39n x9f619 x1ypdohk xt0psk2 xe8uvvx xdj266r x11i5rnm xat24cr x1mh8g0r xexx8yu x4uap5 x18d9i69 xkhd6sd x16tdsg8 x1hl2dhg xggy1nq x1a2a7pz x1sur9pj xkrqix3 x1fey0fg xo1l8bm\" tabindex=\"0\" role=\"link\" href=\"https:\/\/www.facebook.com\/hashtag\/panacemantegazza?__eep__=6&amp;__cft__[0]=AZUymCYhkjGEGdy9gBZ1zDExU_ZxsTq9BYzql0jt7ibW0Y6gDMtQhLYto0Tu3VVpIIZILPEE_Jzx9p21TgeuNp3DfSSacimFRXEz3MqvnSEPozWrRksYMsDn46mMCUYmWYwBqXDapLJAXEGgeU8HOR7PlIE4IgssNLcnLhrXfJnyh3YWnBW3Cwti8jD3AQCV3y315iCdKVc9vdJKJoe2t7lp17Ogf9SZGKD6lWSKxIxhAfj8MD2esVCRWClRC5rOTzbtL3lvCMtKZdsCymZFQrJk&amp;__tn__=*NK-y-R\">#panacemantegazza<\/a><\/span> <span class=\"html-span xdj266r x11i5rnm xat24cr x1mh8g0r xexx8yu x4uap5 x18d9i69 xkhd6sd x1hl2dhg x16tdsg8 x1vvkbs\"><a class=\"x1i10hfl xjbqb8w x1ejq31n xd10rxx x1sy0etr x17r0tee x972fbf xcfux6l x1qhh985 xm0m39n x9f619 x1ypdohk xt0psk2 xe8uvvx xdj266r x11i5rnm xat24cr x1mh8g0r xexx8yu x4uap5 x18d9i69 xkhd6sd x16tdsg8 x1hl2dhg xggy1nq x1a2a7pz x1sur9pj xkrqix3 x1fey0fg xo1l8bm\" tabindex=\"0\" role=\"link\" href=\"https:\/\/www.facebook.com\/hashtag\/mantegazza?__eep__=6&amp;__cft__[0]=AZUymCYhkjGEGdy9gBZ1zDExU_ZxsTq9BYzql0jt7ibW0Y6gDMtQhLYto0Tu3VVpIIZILPEE_Jzx9p21TgeuNp3DfSSacimFRXEz3MqvnSEPozWrRksYMsDn46mMCUYmWYwBqXDapLJAXEGgeU8HOR7PlIE4IgssNLcnLhrXfJnyh3YWnBW3Cwti8jD3AQCV3y315iCdKVc9vdJKJoe2t7lp17Ogf9SZGKD6lWSKxIxhAfj8MD2esVCRWClRC5rOTzbtL3lvCMtKZdsCymZFQrJk&amp;__tn__=*NK-y-R\">#mantegazza<\/a><\/span><\/div>\n<\/div>\n<div dir=\"auto\"><\/div>\n<p>&nbsp;<\/p>\n<p><span style=\"color: #ff0000;\"><strong>DUE ANNI FA&#8230;<\/strong>.<\/span><\/p>\n<p><strong>VAL DI ZOLDO<\/strong> Lo scorso anno ad Agordo, oggi a ridosso delle scuole medie in Val di Zoldo. E&#8217; allarme panace di Mantegazza, \u00e8 stata infatti segnalata la presenza di una pianta estremamente simile a quella che provoca gravi ustioni a chi viene in contatto con foglie e fiori. L&#8217;allarme lo ha lanciato alla popolazione, tramite social, il sindaco Camillo De Pellegrin. A questo proposito riproponiamo alcuni articoli pubblicati lo scorso anno per lo stesso allarme ad Agordo<\/p>\n<p>&nbsp;<\/p>\n<p><span style=\"color: #ff0000;\"><strong>DAL NOTIZIARIO DEL 28 LUGLIO 2021<\/strong><\/span><\/p>\n<blockquote>\n<h3>DILLO A RADIO PIU&#8217;:<\/h3>\n<p><strong><a class=\"dt-pswp-item\" href=\"https:\/\/www.radiopiu.net\/wordpress\/wp-content\/uploads\/2020\/05\/panace.jpg\" data-dt-img-description=\"\" data-large_image_width=\"196\" data-large_image_height=\"257\"><img loading=\"lazy\" decoding=\"async\" class=\"size-full wp-image-137357 alignleft\" src=\"https:\/\/www.radiopiu.net\/wordpress\/wp-content\/uploads\/2020\/05\/panace.jpg\" alt=\"\" width=\"196\" height=\"257\" \/><\/a>RADIO PIU&#8217;<\/strong> Riceviamo e pubblichiamo una lettera arrivata in redazione<\/p>\n<blockquote><p><strong><em>LA LETTERA<\/em><\/strong><\/p>\n<p><em>L&#8217;anno scorso avete pubblicato un articolo dove si dava l&#8217;allarme per una pianta &#8220;Panace di Mantegazza&#8221; : la Panace di Manategazza \u00e8 una pianta di cui\u00a0 siero e polline causano ustioni alla pelle\u00a0 anche piuttosto gravi (addirittura cecit\u00e0 se toccano gli occhi). Grazie a quell&#8217;articolo e ad una consulenza del Comandante della stazione della forestale di Agordo ho individuato\u00a0 vicino all&#8217;orto di casa e nel prato del vicino alcuni esemplari, che sono stati estirpati con le dovute cautele. Cos\u00ec si \u00e8 risolta la misteriosa malattia della pelle che per anni aveva portato un conoscente\u00a0 a curarsi pi\u00f9 volte con antibiotici vari (le ustioni difatti poi degenerano in infezioni che si estendono). In questi giorni ho individuato altre piantine, ancora in via di crescita in vari luoghi a Veran, in genere sui bordi delle strade o in zone poco curate. Forse sarebbe meglio rinnovare l&#8217;allarme per gli abitanti (e non solo di Veran , visto che i semi possono diffondersi facilmente ovunque) magari pubblicando una foto. Allego una foto da internet: sono caratteristiche le foglie frastagliate, visto che ancora il fiore (per fortuna) non \u00e8 ancora apparso. Non \u00e8 una pianta locale, \u00e8 stata importata come pianta ornamentale: classificata &#8220;la pi\u00f9 pericolosa d&#8217;Europa&#8221;. Si deve estirpare possibilmente con tutta la sua lunga radice , indossando guanti e poi va gettata in un sacchetto nel secco (non nell&#8217;umido, perch\u00e8 si potrebbe riprodurre). Quell&#8217;articolo\u00a0 \u00e8 stato utilissimo . In caso per altre info si pu\u00f2 chiedere ai forestali, sempre gentilissimi.<\/em><\/p>\n<p><em>Lettera Firmata<\/em><\/p><\/blockquote>\n<p>&nbsp;<\/p>\n<p><span style=\"color: #ff0000;\"><strong>ECCO L&#8217;ARTICOLO PUBBICATO IL 1 AGOSTO 2019<\/strong><\/span><\/p>\n<h2>Piante pericolose in Agordino, neanche la tempesta Vaia \u00e8 riuscita a estirparle.<\/h2>\n<p><em>inviato da Ylenia Vassere<\/em><\/p>\n<p>La Panace di Mantegazza (Heracleum Mantegazzianum, Hogweed in inglese) \u00e8 un\u2019ombrellifera che pu\u00f2 raggiungere i 2.5-4 metri d\u2019altezza nell\u2019arco di una stagione vegetativa, le sue foglie hanno grandi dimensioni ( molto pi\u00f9 grandi di quelle \u201csimili\u201d che normalmente troviamo nei nostri prati) , profondamente divise, con piccoli ricci di aculei.<br \/>\nLe infiorescenze, larghe anche mezzo metro, fioriscono in estate e le radici sono tenaci a tal punto che nemmeno Vaia \u00e8 stata in grado di estirpare completamente e in alcuni luoghi , purtroppo, hanno fatto la loro ricomparsa anche quest\u2019anno in Agordino. E\u2019 una pianta originaria del Caucaso, introdotta dagli inglesi a scopo decorativo quando ancora non si era a conoscenza della sua pericolosit\u00e0 e rapidamente diffusasi lungo i corsi d\u2019acqua di tutta Europa. E proprio lunghi i corsi d\u2019acqua dell\u2019Agordino gi\u00e0 era stata avvistata tra Cencenighe e Listolade e segnalata ufficialmente gli scorsi anni (zona La Stanga lungo la Statale Agordina nel 2006). Si tratta di una pianta pericolosa, perch\u00e9 il contatto con i fiori crea uno stato infiammatorio (fitofotodermatite) caratterizzato da arrossamenti, rash cutanei e lesioni papulovescicolari anche persistenti ed \u00e8 anche una pianta invasiva in grado di diffondersi velocemente e considerata una delle specie vegetali pi\u00f9 dannose in Europa. <strong>Attualmente in Agordino sono presenti tre esemplari lungo il torrente Missiaga, zona Crostolin di Agordo e sono sopravvissute incredibilmente alla furia della tempesta di Ottobre 2018 che ha portato via metri di argine ma non \u00e8 riuscita a scalfirne le radici che continuano a produrre piante e infiorescenze (vedi foto)<\/strong><\/p>\n\n\t\t\t<style type='text\/css'>\n\t\t\t\t#gallery-1 {\n\t\t\t\t\tmargin: auto;\n\t\t\t\t}\n\t\t\t\t#gallery-1 .gallery-item {\n\t\t\t\t\tfloat: left;\n\t\t\t\t\tmargin-top: 10px;\n\t\t\t\t\ttext-align: center;\n\t\t\t\t\twidth: 33%;\n\t\t\t\t}\n\t\t\t\t#gallery-1 img {\n\t\t\t\t\tborder: 2px solid #cfcfcf;\n\t\t\t\t}\n\t\t\t\t#gallery-1 .gallery-caption {\n\t\t\t\t\tmargin-left: 0;\n\t\t\t\t}\n\t\t\t\t\/* see gallery_shortcode() in wp-includes\/media.php *\/\n\t\t\t<\/style>\n\t\t<div id='gallery-1' class='dt-gallery-container gallery galleryid-392409 gallery-columns-3 gallery-size-medium'><dl class='gallery-item'>\n\t\t\t\t<dt class='gallery-icon portrait'>\n\t\t\t\t\t<a class=\"rollover rollover-zoom dt-pswp-item\" title=\"P_20180626_142056_SRES\" data-dt-img-description=\"\" data-large_image_width=\"1199\" data-large_image_height=\"1600\"href='https:\/\/www.radiopiu.net\/wordpress\/wp-content\/uploads\/2019\/07\/P_20180626_142056_SRES.jpg'><img loading=\"lazy\" decoding=\"async\" width=\"225\" height=\"300\" src=\"https:\/\/www.radiopiu.net\/wordpress\/wp-content\/uploads\/2019\/07\/P_20180626_142056_SRES-225x300.jpg\" class=\"attachment-medium size-medium\" alt=\"\" srcset=\"https:\/\/www.radiopiu.net\/wordpress\/wp-content\/uploads\/2019\/07\/P_20180626_142056_SRES-225x300.jpg 225w, https:\/\/www.radiopiu.net\/wordpress\/wp-content\/uploads\/2019\/07\/P_20180626_142056_SRES-768x1025.jpg 768w, https:\/\/www.radiopiu.net\/wordpress\/wp-content\/uploads\/2019\/07\/P_20180626_142056_SRES-767x1024.jpg 767w, https:\/\/www.radiopiu.net\/wordpress\/wp-content\/uploads\/2019\/07\/P_20180626_142056_SRES.jpg 1199w\" sizes=\"auto, (max-width: 225px) 100vw, 225px\" \/><\/a>\n\t\t\t\t<\/dt><\/dl><dl class='gallery-item'>\n\t\t\t\t<dt class='gallery-icon portrait'>\n\t\t\t\t\t<a class=\"rollover rollover-zoom dt-pswp-item\" title=\"2019pm\" data-dt-img-description=\"\" data-large_image_width=\"1200\" data-large_image_height=\"1600\"href='https:\/\/www.radiopiu.net\/wordpress\/wp-content\/uploads\/2019\/07\/2019pm.jpg'><img loading=\"lazy\" decoding=\"async\" width=\"225\" height=\"300\" src=\"https:\/\/www.radiopiu.net\/wordpress\/wp-content\/uploads\/2019\/07\/2019pm-225x300.jpg\" class=\"attachment-medium size-medium\" alt=\"\" srcset=\"https:\/\/www.radiopiu.net\/wordpress\/wp-content\/uploads\/2019\/07\/2019pm-225x300.jpg 225w, https:\/\/www.radiopiu.net\/wordpress\/wp-content\/uploads\/2019\/07\/2019pm-768x1024.jpg 768w, https:\/\/www.radiopiu.net\/wordpress\/wp-content\/uploads\/2019\/07\/2019pm.jpg 1200w\" sizes=\"auto, (max-width: 225px) 100vw, 225px\" \/><\/a>\n\t\t\t\t<\/dt><\/dl><dl class='gallery-item'>\n\t\t\t\t<dt class='gallery-icon portrait'>\n\t\t\t\t\t<a class=\"rollover rollover-zoom dt-pswp-item\" title=\"2019\" data-dt-img-description=\"\" data-large_image_width=\"1200\" data-large_image_height=\"1600\"href='https:\/\/www.radiopiu.net\/wordpress\/wp-content\/uploads\/2019\/07\/2019.jpg'><img loading=\"lazy\" decoding=\"async\" width=\"225\" height=\"300\" src=\"https:\/\/www.radiopiu.net\/wordpress\/wp-content\/uploads\/2019\/07\/2019-225x300.jpg\" class=\"attachment-medium size-medium\" alt=\"\" srcset=\"https:\/\/www.radiopiu.net\/wordpress\/wp-content\/uploads\/2019\/07\/2019-225x300.jpg 225w, https:\/\/www.radiopiu.net\/wordpress\/wp-content\/uploads\/2019\/07\/2019-768x1024.jpg 768w, https:\/\/www.radiopiu.net\/wordpress\/wp-content\/uploads\/2019\/07\/2019.jpg 1200w\" sizes=\"auto, (max-width: 225px) 100vw, 225px\" \/><\/a>\n\t\t\t\t<\/dt><\/dl><br style=\"clear: both\" \/>\n\t\t\t<\/div>\n<\/blockquote>\n<p>&nbsp;<\/p>\n<hr \/>\n<p>&nbsp;<\/p>\n<p>&nbsp;<\/p>\n<p><strong><a class=\"dt-pswp-item\" href=\"https:\/\/www.radiopiu.net\/wordpress\/wp-content\/uploads\/2023\/12\/ANTENNA.png\" data-dt-img-description=\"\" data-large_image_width=\"300\" data-large_image_height=\"166\"><img loading=\"lazy\" decoding=\"async\" class=\" wp-image-366306 alignleft\" src=\"https:\/\/www.radiopiu.net\/wordpress\/wp-content\/uploads\/2023\/12\/ANTENNA.png\" alt=\"\" width=\"175\" height=\"97\" \/><\/a>IERI SERA, DAL TG DI ANTENNA 3, DI\u00a0 STEFANO BOZZI (ogni sera alle 19 le anticipazioni alla radio, quello che poi seguirete nel TELEGIORNALE BELLUNESE\u00a0 in onda alle 19.30 sul CANALE 10 del digitale terrestre.\u00a0 \u00a0<\/strong><\/p>\n<p>&nbsp;<\/p>\n<h1 class=\"_title post-title entry-title\">LA GRUA E FERRO IN MAGGIORANZA? DE PELLEGRIN: \u00abPER ORA RESTANO \u2018IN PANCHINA\u2019<\/h1>\n<p>Intervistati OSCAR DE PELLEGRIN (SINDACO DI BELLUNO), GIANGIACOMO NICOLINI (CAPOGRUPPO BELLUNO D+), SANDRA MELLA (CAPOGRUPPO NOI CON OSCAR), CLAUDIA BETTIOL (CAPOGRUPPO PD), MARZIO SOVILLA (CAPOGRUPPO LEGA), MIRCO COSTA (CAPOGRUPPO VALORE COMUNE), ALESSANDRO FARINA (CAPOGRUPPO FRATELLI D\u2019ITALIA), LUCIA OLIVOTTO (CAPOGRUPPO INSIEME PER BELLUNO BENE COMUNE), JACOPO MASSARO (CAPOGRUPPO IN MOVIMENTO) (Servizio di\u00a0<a href=\"https:\/\/antennatre.medianordest.it\/redazione\/Tiziana-Bolognani\/\">Tiziana Bolognani<\/a>)<\/p>\n<p><iframe loading=\"lazy\" title=\"LA GRUA E FERRO IN MAGGIORANZA? DE PELLEGRIN: \u00abPER ORA RESTANO &#039;IN PANCHINA&#039;\u00bb | 30\/05\/2024\" width=\"1200\" height=\"675\" src=\"https:\/\/www.youtube.com\/embed\/l33UQywanVw?feature=oembed\" frameborder=\"0\" allow=\"accelerometer; autoplay; clipboard-write; encrypted-media; gyroscope; picture-in-picture; web-share\" referrerpolicy=\"strict-origin-when-cross-origin\" allowfullscreen><\/iframe><\/p>\n<h1><\/h1>\n<p>&nbsp;<\/p>\n<p><strong><a class=\"dt-pswp-item\" href=\"https:\/\/www.radiopiu.net\/wordpress\/wp-content\/uploads\/2023\/12\/ANTENNA.png\" data-dt-img-description=\"\" data-large_image_width=\"300\" data-large_image_height=\"166\"><img loading=\"lazy\" decoding=\"async\" class=\" wp-image-366306 alignleft\" src=\"https:\/\/www.radiopiu.net\/wordpress\/wp-content\/uploads\/2023\/12\/ANTENNA.png\" alt=\"\" width=\"175\" height=\"97\" \/><\/a>IERI SERA, DAL TG DI ANTENNA 3, DI\u00a0 STEFANO BOZZI (ogni sera alle 19 le anticipazioni alla radio, quello che poi seguirete nel TELEGIORNALE BELLUNESE\u00a0 in onda alle 19.30 sul CANALE 10 del digitale terrestre.\u00a0 \u00a0<\/strong><\/p>\n<p>&nbsp;<\/p>\n<p>&nbsp;<\/p>\n<p>&nbsp;<\/p>\n<h1 class=\"_title post-title entry-title\">PATTO PER PREVENZIONE E CONTRASTO MOLESTIE E VIOLENZE NEI LUOGHI DI LAVORO<\/h1>\n<p>Intervistati FLAVIA MONEGO (CONSIGLIERA DI PARITA\u2019 PROVINCIA DI BELLUNO), DAVIDE VENTURI (ISPETTORATO DEL LAVORO BELLUNO TREVISO) (Servizio di\u00a0<a href=\"https:\/\/antennatre.medianordest.it\/redazione\/Tiziana-Bolognani\/\">Tiziana Bolognani<\/a>)<\/p>\n<p><iframe loading=\"lazy\" title=\"PATTO PER PREVENZIONE E CONTRASTO MOLESTIE E VIOLENZE NEI LUOGHI DI LAVORO | 30\/05\/2024\" width=\"1200\" height=\"675\" src=\"https:\/\/www.youtube.com\/embed\/m5arC1AK-MU?feature=oembed\" frameborder=\"0\" allow=\"accelerometer; autoplay; clipboard-write; encrypted-media; gyroscope; picture-in-picture; web-share\" referrerpolicy=\"strict-origin-when-cross-origin\" allowfullscreen><\/iframe><\/p>\n<p>&nbsp;<\/p>\n<p>&nbsp;<\/p>\n<hr \/>\n<p>&nbsp;<\/p>\n<blockquote>\n<h3>IL TAVOLO DI MONITORAGGIO SULLA EX ACC DI MEL<\/h3>\n<\/blockquote>\n<p><strong><a class=\"dt-pswp-item\" href=\"https:\/\/www.radiopiu.net\/wordpress\/wp-content\/uploads\/2021\/06\/ACC-MEL.png\" data-dt-img-description=\"\" data-large_image_width=\"1376\" data-large_image_height=\"786\"><img loading=\"lazy\" decoding=\"async\" class=\" wp-image-217731 alignleft\" src=\"https:\/\/www.radiopiu.net\/wordpress\/wp-content\/uploads\/2021\/06\/ACC-MEL-300x171.png\" alt=\"\" width=\"205\" height=\"117\" srcset=\"https:\/\/www.radiopiu.net\/wordpress\/wp-content\/uploads\/2021\/06\/ACC-MEL-300x171.png 300w, https:\/\/www.radiopiu.net\/wordpress\/wp-content\/uploads\/2021\/06\/ACC-MEL-1024x585.png 1024w, https:\/\/www.radiopiu.net\/wordpress\/wp-content\/uploads\/2021\/06\/ACC-MEL-768x439.png 768w, https:\/\/www.radiopiu.net\/wordpress\/wp-content\/uploads\/2021\/06\/ACC-MEL.png 1376w\" sizes=\"auto, (max-width: 205px) 100vw, 205px\" \/><\/a>VENEZIA<\/strong> Ieri si \u00e8 tenuto un incontro sul monitoraggio della situazione dei lavoratori e dello stabilimento ex Italia Wanbao ACC, ora gestito da Sest (gruppo Luve) con 109 addetti. Convocato dalla Regione Veneto e coordinato da Veneto Lavoro, al tavolo hanno partecipato rappresentanti aziendali, sindacali, di Confindustria Belluno Dolomiti e Uomo e Impresa. L&#8217;incontro ha aggiornato sull&#8217;occupazione e facilitato il confronto sulla situazione di Sest, che utilizza la cassa integrazione per affrontare la volatilit\u00e0 del mercato. Sono stati discussi i percorsi di ricollocazione per 54 lavoratori, con 11 gi\u00e0 assunti altrove. Nonostante la contrazione del mercato delle pompe di calore e refrigeratori, Sest intende minimizzare l&#8217;impatto sui lavoratori. La Regione ha apprezzato la collaborazione e aggiornato il tavolo a settembre.<\/p>\n<p>&nbsp;<\/p>\n<p>&nbsp;<\/p>\n<hr \/>\n<p>&nbsp;<\/p>\n<blockquote>\n<h3><a class=\"dt-pswp-item\" href=\"https:\/\/www.radiopiu.net\/wordpress\/wp-content\/uploads\/2024\/05\/c44e56bd-2030-4d8d-b381-8b5b7a18a5d4.jpg\" data-dt-img-description=\"\" data-large_image_width=\"930\" data-large_image_height=\"620\"><img loading=\"lazy\" decoding=\"async\" class=\" wp-image-392572 alignleft\" src=\"https:\/\/www.radiopiu.net\/wordpress\/wp-content\/uploads\/2024\/05\/c44e56bd-2030-4d8d-b381-8b5b7a18a5d4-300x200.jpg\" alt=\"\" width=\"170\" height=\"113\" srcset=\"https:\/\/www.radiopiu.net\/wordpress\/wp-content\/uploads\/2024\/05\/c44e56bd-2030-4d8d-b381-8b5b7a18a5d4-300x200.jpg 300w, https:\/\/www.radiopiu.net\/wordpress\/wp-content\/uploads\/2024\/05\/c44e56bd-2030-4d8d-b381-8b5b7a18a5d4-768x512.jpg 768w, https:\/\/www.radiopiu.net\/wordpress\/wp-content\/uploads\/2024\/05\/c44e56bd-2030-4d8d-b381-8b5b7a18a5d4.jpg 930w\" sizes=\"auto, (max-width: 170px) 100vw, 170px\" \/><\/a>PISTA DA BOB A CORTINA: BUONA LA PRIMA. VISITA AI LAVORI DELL&#8217;IMPIANTO<\/h3>\n<\/blockquote>\n<p><strong>CORTINA<\/strong><\/p>\n<p><strong>PER LE TRE RADIO BARBARA PAOLAZZI<\/strong><\/p>\n<audio class=\"wp-audio-shortcode\" id=\"audio-392409-9\" preload=\"none\" style=\"width: 100%;\" controls=\"controls\"><source type=\"audio\/mpeg\" src=\"https:\/\/www.radiopiu.net\/wordpress\/wp-content\/uploads\/2024\/05\/PAOLAZZI-PISTA-BOB-CORTINA-BUONA-LA-PRIMA.mp3?_=9\" \/><a href=\"https:\/\/www.radiopiu.net\/wordpress\/wp-content\/uploads\/2024\/05\/PAOLAZZI-PISTA-BOB-CORTINA-BUONA-LA-PRIMA.mp3\">https:\/\/www.radiopiu.net\/wordpress\/wp-content\/uploads\/2024\/05\/PAOLAZZI-PISTA-BOB-CORTINA-BUONA-LA-PRIMA.mp3<\/a><\/audio>\n<p>&nbsp;<\/p>\n<p>&nbsp;<\/p>\n<hr \/>\n<p>&nbsp;<\/p>\n<blockquote>\n<h3 class=\"entry-title\">SUCCESSO DEL SINDACATO, 27 TRASFORMAZIONI DA PART-TIME A FULL-TIME A BELLUNO<\/h3>\n<\/blockquote>\n<p><strong><img loading=\"lazy\" decoding=\"async\" class=\"alignleft\" src=\"https:\/\/www.radiopiu.net\/wordpress\/wp-content\/uploads\/2023\/12\/Poste-Italiane-auto-elettrica.jpg\" width=\"302\" height=\"166\" \/>AGORDO <\/strong><em>&#8220;Abbiamo ottenuto un risultato straordinario: 27 trasformazioni da part-time a full-time a Belluno.Numeri importanti, mai visti prima,&#8221;<\/em> dichiara con soddisfazione Adriano Musolino (Slc Cgil). Un anno e mezzo fa, solo tre persone furono fortunate ad accedere a questa opportunit\u00e0. Da allora, cosa \u00e8 cambiato? <em>&#8220;Sit-in, fiaccolate, proteste e denunce, sia a livello regionale che locale,&#8221;<\/em> spiega Musolino. Il risultato rappresenta una vittoria significativa contro il lavoro &#8220;povero&#8221;. Tuttavia, Musolino sottolinea la continua vigilanza sulla sicurezza, citando recenti\u00a0 Pieve di Cadore come esempio. Quali sono le altre sfide? <em>&#8220;La sportelleria sta attraversando mesi di confusione, con una carenza di personale che impedisce ai colleghi di prendersi ferie nonostante le richieste. Si sopravvive grazie ai favori dei colleghi che si spostano,&#8221;<\/em> denuncia Musolino. Il sindacato chiede ancora una volta attenzione:<em> &#8220;Anche il rispetto della dignit\u00e0 dei colleghi che hanno il diritto di fare ferie e, talvolta, di ammalarsi. Chiediamo che il &#8216;problema&#8217; venga portato a Venezia.&#8221;<\/em><\/p>\n<p>MM<\/p>\n<p>&nbsp;<\/p>\n<p>&nbsp;<\/p>\n<hr \/>\n<p>&nbsp;<\/p>\n<p>&nbsp;<\/p>\n<blockquote>\n<h3><a class=\"dt-pswp-item\" href=\"https:\/\/www.radiopiu.net\/wordpress\/wp-content\/uploads\/2024\/05\/b3c8f62b-305a-47e9-afc6-69820fcd3900.jpg\" data-dt-img-description=\"\" data-large_image_width=\"1131\" data-large_image_height=\"1600\"><img loading=\"lazy\" decoding=\"async\" class=\" wp-image-392575 alignleft\" src=\"https:\/\/www.radiopiu.net\/wordpress\/wp-content\/uploads\/2024\/05\/b3c8f62b-305a-47e9-afc6-69820fcd3900-212x300.jpg\" alt=\"\" width=\"102\" height=\"144\" srcset=\"https:\/\/www.radiopiu.net\/wordpress\/wp-content\/uploads\/2024\/05\/b3c8f62b-305a-47e9-afc6-69820fcd3900-212x300.jpg 212w, https:\/\/www.radiopiu.net\/wordpress\/wp-content\/uploads\/2024\/05\/b3c8f62b-305a-47e9-afc6-69820fcd3900-724x1024.jpg 724w, https:\/\/www.radiopiu.net\/wordpress\/wp-content\/uploads\/2024\/05\/b3c8f62b-305a-47e9-afc6-69820fcd3900-768x1086.jpg 768w, https:\/\/www.radiopiu.net\/wordpress\/wp-content\/uploads\/2024\/05\/b3c8f62b-305a-47e9-afc6-69820fcd3900-1086x1536.jpg 1086w, https:\/\/www.radiopiu.net\/wordpress\/wp-content\/uploads\/2024\/05\/b3c8f62b-305a-47e9-afc6-69820fcd3900.jpg 1131w\" sizes=\"auto, (max-width: 102px) 100vw, 102px\" \/><\/a>IL CENTESIMO ANNIVERSARIO DELL&#8217;ASSASINIO DI MATTEOTTI A BELLUNO<\/h3>\n<\/blockquote>\n<p><strong>DI ROBERTO BONA<\/strong><\/p>\n<audio class=\"wp-audio-shortcode\" id=\"audio-392409-10\" preload=\"none\" style=\"width: 100%;\" controls=\"controls\"><source type=\"audio\/mpeg\" src=\"https:\/\/www.radiopiu.net\/wordpress\/wp-content\/uploads\/2024\/05\/BONA-CENTESIMO-ANNIVERSARIO-MATTEOTTI-SCADENZA-15-GIUGNO.mp3?_=10\" \/><a href=\"https:\/\/www.radiopiu.net\/wordpress\/wp-content\/uploads\/2024\/05\/BONA-CENTESIMO-ANNIVERSARIO-MATTEOTTI-SCADENZA-15-GIUGNO.mp3\">https:\/\/www.radiopiu.net\/wordpress\/wp-content\/uploads\/2024\/05\/BONA-CENTESIMO-ANNIVERSARIO-MATTEOTTI-SCADENZA-15-GIUGNO.mp3<\/a><\/audio>\n<p>&nbsp;<\/p>\n<p>&nbsp;<\/p>\n<p>&nbsp;<\/p>\n<hr \/>\n<p>&nbsp;<\/p>\n<blockquote>\n<h3>CONCLUSO IL PROGETTO DI POTENZIAMENTO DI TELEMEDICINA IN PROVINCIA<\/h3>\n<\/blockquote>\n<p><strong><a class=\"dt-pswp-item\" href=\"https:\/\/www.radiopiu.net\/wordpress\/wp-content\/uploads\/2023\/08\/Cambio_medico.jpg\" data-dt-img-description=\"\" data-large_image_width=\"1323\" data-large_image_height=\"954\"><img loading=\"lazy\" decoding=\"async\" class=\" wp-image-347008 alignleft\" src=\"https:\/\/www.radiopiu.net\/wordpress\/wp-content\/uploads\/2023\/08\/Cambio_medico-300x216.jpg\" alt=\"\" width=\"158\" height=\"114\" srcset=\"https:\/\/www.radiopiu.net\/wordpress\/wp-content\/uploads\/2023\/08\/Cambio_medico-300x216.jpg 300w, https:\/\/www.radiopiu.net\/wordpress\/wp-content\/uploads\/2023\/08\/Cambio_medico-1024x738.jpg 1024w, https:\/\/www.radiopiu.net\/wordpress\/wp-content\/uploads\/2023\/08\/Cambio_medico-768x554.jpg 768w, https:\/\/www.radiopiu.net\/wordpress\/wp-content\/uploads\/2023\/08\/Cambio_medico.jpg 1323w\" sizes=\"auto, (max-width: 158px) 100vw, 158px\" \/><\/a>BELLUNO<\/strong> Il progetto di potenziamento della telemedicina \u00e8 stato avviato nel 2021 tramite una convenzione tra la Provincia e l&#8217;Ulss 1 Dolomiti, cofinanziato con circa 1,6 milioni di euro dai Fondi Comuni confinanti e dall&#8217;Ulss stessa. Concluso recentemente, il progetto ha permesso l&#8217;acquisto di strumentazioni avanzate per migliorare la diagnostica e la telemedicina fuori dagli ospedali. Sono stati acquisiti veicoli per radiologia domiciliare e mezzi robusti per operare in condizioni difficili, nuovi sistemi di protezione firewall, server per l&#8217;infrastruttura di virtualizzazione, apparecchiature portatili per la diagnostica radiologica domiciliare e monitor defibrillatori per il pronto soccorso. Inoltre, sono stati forniti retinografi per la teleoculistica, notebook e PC per medici e ambulatori, e sistemi per teledialisi e telemonitoraggio di pazienti con dispositivi cardiaci. Questo progetto strategico mira a rafforzare l&#8217;assistenza sanitaria nelle zone montane, migliorando l&#8217;accessibilit\u00e0 e la qualit\u00e0 dei servizi grazie alle tecnologie avanzate. Il presidente della Provincia ha evidenziato l&#8217;importanza della sinergia tra Fcc, Ulss e Provincia, mentre il commissario dell\u2019Ulss Dolomiti ha sottolineato come la telemedicina consenta di portare i servizi direttamente alle persone, riducendo gli spostamenti e valorizzando l&#8217;aspetto umano dell&#8217;assistenza sanitaria.<\/p>\n<p>&nbsp;<\/p>\n<p>&nbsp;<\/p>\n<hr \/>\n<p>&nbsp;<\/p>\n<blockquote>\n<h3>PRESENTATO IL NUOVO PRIMARIO DI ANATOMIA PATOLOGICA DELL&#8217;OSPEDALE DI FELTRE<\/h3>\n<\/blockquote>\n<p><strong><a class=\"dt-pswp-item\" href=\"https:\/\/www.radiopiu.net\/wordpress\/wp-content\/uploads\/2024\/05\/72fc3d08-eab4-4cf7-a8c7-bf05a930b178.jpg\" data-dt-img-description=\"\" data-large_image_width=\"2048\" data-large_image_height=\"1536\"><img loading=\"lazy\" decoding=\"async\" class=\" wp-image-392532 alignleft\" src=\"https:\/\/www.radiopiu.net\/wordpress\/wp-content\/uploads\/2024\/05\/72fc3d08-eab4-4cf7-a8c7-bf05a930b178-300x225.jpg\" alt=\"\" width=\"159\" height=\"119\" srcset=\"https:\/\/www.radiopiu.net\/wordpress\/wp-content\/uploads\/2024\/05\/72fc3d08-eab4-4cf7-a8c7-bf05a930b178-300x225.jpg 300w, https:\/\/www.radiopiu.net\/wordpress\/wp-content\/uploads\/2024\/05\/72fc3d08-eab4-4cf7-a8c7-bf05a930b178-1024x768.jpg 1024w, https:\/\/www.radiopiu.net\/wordpress\/wp-content\/uploads\/2024\/05\/72fc3d08-eab4-4cf7-a8c7-bf05a930b178-768x576.jpg 768w, https:\/\/www.radiopiu.net\/wordpress\/wp-content\/uploads\/2024\/05\/72fc3d08-eab4-4cf7-a8c7-bf05a930b178-1536x1152.jpg 1536w, https:\/\/www.radiopiu.net\/wordpress\/wp-content\/uploads\/2024\/05\/72fc3d08-eab4-4cf7-a8c7-bf05a930b178.jpg 2048w\" sizes=\"auto, (max-width: 159px) 100vw, 159px\" \/><\/a>FELTRE <\/strong>E&#8217; Ettore Macr\u00ec il nuovo primario di Anatomia Patologica di Feltre, una realt\u00e0 importante nella diagnosi e terapia delle malattie oncologiche che guarda con fiducia ai nuovi progressi tecnologici, a partire dall&#8217;intelligenza artificiale.<\/p>\n<p><strong>DI DANIELE DALVIT<\/strong><\/p>\n<audio class=\"wp-audio-shortcode\" id=\"audio-392409-11\" preload=\"none\" style=\"width: 100%;\" controls=\"controls\"><source type=\"audio\/mpeg\" src=\"https:\/\/www.radiopiu.net\/wordpress\/wp-content\/uploads\/2024\/05\/Radio-Piu-Servizio-Primario-anatomia-patologica-Feltre.mp3?_=11\" \/><a href=\"https:\/\/www.radiopiu.net\/wordpress\/wp-content\/uploads\/2024\/05\/Radio-Piu-Servizio-Primario-anatomia-patologica-Feltre.mp3\">https:\/\/www.radiopiu.net\/wordpress\/wp-content\/uploads\/2024\/05\/Radio-Piu-Servizio-Primario-anatomia-patologica-Feltre.mp3<\/a><\/audio>\n<p>&nbsp;<\/p>\n<hr \/>\n<p>&nbsp;<\/p>\n<blockquote>\n<h3>SANITA&#8217;: OK IN COMMISSIONE CONSIGLIARE AL PIANO DELLA GIUNTA CONTRO LE LISTE D\u2019ATTESA<\/h3>\n<\/blockquote>\n<p><strong><a class=\"dt-pswp-item\" href=\"https:\/\/www.radiopiu.net\/wordpress\/wp-content\/uploads\/2020\/10\/Medicina_generale.jpg\" data-dt-img-description=\"\" data-large_image_width=\"1284\" data-large_image_height=\"851\"><img loading=\"lazy\" decoding=\"async\" class=\" wp-image-168272 alignleft\" src=\"https:\/\/www.radiopiu.net\/wordpress\/wp-content\/uploads\/2020\/10\/Medicina_generale-300x199.jpg\" alt=\"\" width=\"201\" height=\"133\" srcset=\"https:\/\/www.radiopiu.net\/wordpress\/wp-content\/uploads\/2020\/10\/Medicina_generale-300x199.jpg 300w, https:\/\/www.radiopiu.net\/wordpress\/wp-content\/uploads\/2020\/10\/Medicina_generale-1024x679.jpg 1024w, https:\/\/www.radiopiu.net\/wordpress\/wp-content\/uploads\/2020\/10\/Medicina_generale-768x509.jpg 768w, https:\/\/www.radiopiu.net\/wordpress\/wp-content\/uploads\/2020\/10\/Medicina_generale.jpg 1284w\" sizes=\"auto, (max-width: 201px) 100vw, 201px\" \/><\/a>VENEZIA<\/strong> L&#8217;approvazione del nuovo Piano Regionale di Governo delle Liste d\u2019Attesa (PRGLA) in Veneto segna una nuova fase per la sanit\u00e0 regionale, con l&#8217;obiettivo di ridurre ed eliminare le liste d&#8217;attesa. L&#8217;Assessore alla Sanit\u00e0 ha sottolineato che il nuovo piano, aggiornato rispetto al 2019, introduce regole pi\u00f9 stringenti e tempi di attesa pi\u00f9 brevi rispetto al piano nazionale. Per il 2024, sono stati stanziati 40 milioni di euro. Le tempistiche massime di attesa sono ridotte a 24 ore per le urgenze, 10 giorni per le classi brevi, 30 giorni per le classi differibili, e 60-90 giorni per le classi programmate. Il sistema di &#8220;pre-appuntamento&#8221; sostituisce il &#8220;galleggiamento&#8221; per garantire la tracciabilit\u00e0 e gestione delle prenotazioni. Inoltre, le prestazioni monitorate aumentano da 69 a 83 e tutte le prenotazioni saranno informatizzate e centralizzate nel Centro Unico di Prenotazione Aziendale, con una validit\u00e0 delle ricette di 180 giorni.<\/p>\n<p>&nbsp;<\/p>\n<p>&nbsp;<\/p>\n<hr \/>\n<p>&nbsp;<\/p>\n<blockquote>\n<h3>IL CONCORSO DI ARPAV DEDICATO AI GIOVANI VIDEOMAKER<\/h3>\n<\/blockquote>\n<p><strong><a class=\"dt-pswp-item\" href=\"https:\/\/www.radiopiu.net\/wordpress\/wp-content\/uploads\/2024\/05\/image-scaled.jpg\" data-dt-img-description=\"\" data-large_image_width=\"2560\" data-large_image_height=\"1920\"><img loading=\"lazy\" decoding=\"async\" class=\" wp-image-392546 alignleft\" src=\"https:\/\/www.radiopiu.net\/wordpress\/wp-content\/uploads\/2024\/05\/image-300x225.jpg\" alt=\"\" width=\"160\" height=\"120\" srcset=\"https:\/\/www.radiopiu.net\/wordpress\/wp-content\/uploads\/2024\/05\/image-300x225.jpg 300w, https:\/\/www.radiopiu.net\/wordpress\/wp-content\/uploads\/2024\/05\/image-1024x768.jpg 1024w, https:\/\/www.radiopiu.net\/wordpress\/wp-content\/uploads\/2024\/05\/image-768x576.jpg 768w, https:\/\/www.radiopiu.net\/wordpress\/wp-content\/uploads\/2024\/05\/image-1536x1152.jpg 1536w, https:\/\/www.radiopiu.net\/wordpress\/wp-content\/uploads\/2024\/05\/image-2048x1536.jpg 2048w\" sizes=\"auto, (max-width: 160px) 100vw, 160px\" \/><\/a>PADOVA<\/strong> Al cinema PortoAstra di Padova si \u00e8 svolta la premiazione di #arpaVideo, un concorso Arpav per le scuole secondarie di II grado del Veneto, con la partecipazione di 38 video realizzati da 1000 studenti. Il progetto, in collaborazione con la Regione del Veneto e l\u2019Ufficio Scolastico regionale del Veneto, mira a sensibilizzare i giovani sull\u2019importanza di adottare stili di vita sostenibili e prendersi cura dell\u2019ambiente, in linea con la Strategia regionale per lo sviluppo sostenibile e l\u2019Agenda 2030 dell\u2019ONU. Sono stati assegnati cinque premi, consistenti in contributi per uscite didattiche in Parchi o Aree naturali protette del Veneto, per promuovere la cura del patrimonio ambientale e favorire il benessere psicofisico. Agli studenti sono stati consegnati quaderni, segnalibri e penne sostenibili, borracce di alluminio e casse di amplificazione in legno di abete rosso, con un albero piantato per ogni cassa donata, per incoraggiare la riduzione dell\u2019usa e getta e il riuso degli oggetti.<\/p>\n<p><strong>I PREMI ASSEGNATI<\/strong><\/p>\n<table>\n<thead>\n<tr>\n<th><strong>Posizione<\/strong><\/th>\n<th><strong>Titolo<\/strong><\/th>\n<th><strong>Classe<\/strong><\/th>\n<th><strong>Istituto<\/strong><\/th>\n<th><strong>Localit\u00e0<\/strong><\/th>\n<\/tr>\n<\/thead>\n<tbody>\n<tr>\n<td>1\u00b0 posto<\/td>\n<td>Trashclub alla riscossa<\/td>\n<td>Classe 4^ D audiovisivo-multimediale<\/td>\n<td>Liceo Artistico &#8220;Bruno Munari&#8221;<\/td>\n<td>Vittorio Veneto (TV)<\/td>\n<\/tr>\n<tr>\n<td>2\u00b0 posto<\/td>\n<td>La sostenibilit\u00e0. Tutela e valorizzazione del sistema socio-ambientale<\/td>\n<td>Classe 3^AR<\/td>\n<td>Liceo Statale Guarino Veronese<\/td>\n<td>Roveggio di Cologna Veneta (VR)<\/td>\n<\/tr>\n<tr>\n<td>3\u00b0 posto<\/td>\n<td>Anno 2054. Generazione terra<\/td>\n<td>Classe 2 ITT<\/td>\n<td>Istituto San Marco<\/td>\n<td>Venezia Mestre<\/td>\n<\/tr>\n<tr>\n<td>Premio speciale ARPAV<\/td>\n<td>Hai mai sentito parlare di economia circolare?<\/td>\n<td>Classe 1^ Ipermediale<\/td>\n<td>IIS Leonardo Da Vinci<\/td>\n<td>Belluno<\/td>\n<\/tr>\n<tr>\n<td>Premio della Giuria<\/td>\n<td>La fitodepurazione<\/td>\n<td>Classi 3^ e 4^<\/td>\n<td>ITTMM Istituto don Bosco<\/td>\n<td>Mogliano Veneto (TV)<\/td>\n<\/tr>\n<\/tbody>\n<\/table>\n<h3><\/h3>\n<hr \/>\n<p>&nbsp;<\/p>\n<p>&nbsp;<\/p>\n<blockquote>\n<h3><a class=\"dt-pswp-item\" href=\"https:\/\/www.radiopiu.net\/wordpress\/wp-content\/uploads\/2024\/01\/POSTE-ITALIANE.png\" data-dt-img-description=\"\" data-large_image_width=\"400\" data-large_image_height=\"400\"><img loading=\"lazy\" decoding=\"async\" class=\" wp-image-370478 alignleft\" src=\"https:\/\/www.radiopiu.net\/wordpress\/wp-content\/uploads\/2024\/01\/POSTE-ITALIANE-300x300.png\" alt=\"\" width=\"115\" height=\"115\" srcset=\"https:\/\/www.radiopiu.net\/wordpress\/wp-content\/uploads\/2024\/01\/POSTE-ITALIANE-300x300.png 300w, https:\/\/www.radiopiu.net\/wordpress\/wp-content\/uploads\/2024\/01\/POSTE-ITALIANE-150x150.png 150w, https:\/\/www.radiopiu.net\/wordpress\/wp-content\/uploads\/2024\/01\/POSTE-ITALIANE.png 400w\" sizes=\"auto, (max-width: 115px) 100vw, 115px\" \/><\/a>DA DOMANI IN PAGAMENTO LE PENSIONI DI GIUGNO<\/h3>\n<\/blockquote>\n<p><strong>BELLUNO<\/strong> <span class=\"s2\">Poste Italiane comunica che in tutti i 104 Uffici Postali della provincia di Belluno le pensioni del mese di giugno saranno in pagamento a partire da domani. <span class=\"s1\">Per evitare assembramenti e tempi di attesa superiori alla media, Poste Italiane consiglia a tutti i pensionati, ove possibile, di recarsi a ritirare la pensione in tarda mattinata o durante le ore pomeridiane privilegiando i giorni successivi ai primi.<\/span><\/span><\/p>\n<p>&nbsp;<\/p>\n<p>&nbsp;<\/p>\n<p>&nbsp;<\/p>\n<p>&nbsp;<\/p>\n<hr \/>\n<blockquote>\n<h3><\/h3>\n<h3>DOMENICA LA FESTA DELLA REPUBBLICA A FELTRE<\/h3>\n<\/blockquote>\n<p><strong>FELTRE<\/strong> In occasione della Festa della Repubblica, il comune di Feltre organizza i festeggiamenti in Piazza Maggiore alle 17:30\u00a0 con il concerto della Banda Citt\u00e0 di Feltre.<\/p>\n<p>&nbsp;<\/p>\n<p>&nbsp;<\/p>\n<hr \/>\n<p>&nbsp;<\/p>\n<blockquote>\n<h3>UN CONCERTO PER RICORDARE ADRIANO<\/h3>\n<\/blockquote>\n<p><strong><a class=\"dt-pswp-item\" href=\"https:\/\/www.radiopiu.net\/wordpress\/wp-content\/uploads\/2024\/05\/1798739_643903002312865_2139658864_n.jpeg\" data-dt-img-description=\"\" data-large_image_width=\"960\" data-large_image_height=\"540\"><img loading=\"lazy\" decoding=\"async\" class=\" wp-image-389625 alignleft\" src=\"https:\/\/www.radiopiu.net\/wordpress\/wp-content\/uploads\/2024\/05\/1798739_643903002312865_2139658864_n-300x169.jpeg\" alt=\"\" width=\"174\" height=\"98\" srcset=\"https:\/\/www.radiopiu.net\/wordpress\/wp-content\/uploads\/2024\/05\/1798739_643903002312865_2139658864_n-300x169.jpeg 300w, https:\/\/www.radiopiu.net\/wordpress\/wp-content\/uploads\/2024\/05\/1798739_643903002312865_2139658864_n-768x432.jpeg 768w, https:\/\/www.radiopiu.net\/wordpress\/wp-content\/uploads\/2024\/05\/1798739_643903002312865_2139658864_n.jpeg 960w\" sizes=\"auto, (max-width: 174px) 100vw, 174px\" \/><\/a>PONTE NELLE ALPI<\/strong> Dopo 10 anni dalla perdita di Adriano Peterle, fondatore dei Formato Standard, la band organizza un evento musicale, &#8220;ADR1AN0&#8221;, domani al teatro Pierobon di Ponte nelle Alpi, per celebrarne il ricordo. La serata mescoler\u00e0 musica, aneddoti e ospiti speciali, mantenendo lo spirito vivace del gruppo. L&#8217;evento sar\u00e0 gratuito con offerte destinate all&#8217;AFVS &#8211; Associazione Familiari e Vittime della Strada Onlus. Una serata per ricordare e celebrare insieme, con il titolo che unisce il numero 10 alle lettere dell&#8217;alfabeto, come amano i giovani della band.<\/p>\n<p><strong>L&#8217;INTERVISTA DI MARCO DAL FARRA A GIANPAOLO ROSSI\u00a0\u00a0<\/strong><\/p>\n<audio class=\"wp-audio-shortcode\" id=\"audio-392409-12\" preload=\"none\" style=\"width: 100%;\" controls=\"controls\"><source type=\"audio\/mpeg\" src=\"https:\/\/www.radiopiu.net\/wordpress\/wp-content\/uploads\/2024\/05\/MARCO-DAL-FARRA-CONCERTO-ADRIANO.mp3?_=12\" \/><a href=\"https:\/\/www.radiopiu.net\/wordpress\/wp-content\/uploads\/2024\/05\/MARCO-DAL-FARRA-CONCERTO-ADRIANO.mp3\">https:\/\/www.radiopiu.net\/wordpress\/wp-content\/uploads\/2024\/05\/MARCO-DAL-FARRA-CONCERTO-ADRIANO.mp3<\/a><\/audio>\n<p>&nbsp;<\/p>\n<p>&nbsp;<\/p>\n<hr \/>\n<p>&nbsp;<\/p>\n<div dir=\"auto\">\n<p lang=\"it-IT\" align=\"justify\">\n<\/div>\n<div dir=\"auto\">\n<hr \/>\n<p align=\"center\"><span style=\"font-family: Times New Roman, serif;\"><span style=\"font-size: large;\"><b><a class=\"dt-pswp-item\" href=\"https:\/\/www.radiopiu.net\/wordpress\/wp-content\/uploads\/2024\/05\/Concerto-Trichiana.jpg\" data-dt-img-description=\"\" data-large_image_width=\"1131\" data-large_image_height=\"1600\"><img loading=\"lazy\" decoding=\"async\" class=\" wp-image-392216 alignleft\" src=\"https:\/\/www.radiopiu.net\/wordpress\/wp-content\/uploads\/2024\/05\/Concerto-Trichiana-212x300.jpg\" alt=\"\" width=\"108\" height=\"153\" srcset=\"https:\/\/www.radiopiu.net\/wordpress\/wp-content\/uploads\/2024\/05\/Concerto-Trichiana-212x300.jpg 212w, https:\/\/www.radiopiu.net\/wordpress\/wp-content\/uploads\/2024\/05\/Concerto-Trichiana-724x1024.jpg 724w, https:\/\/www.radiopiu.net\/wordpress\/wp-content\/uploads\/2024\/05\/Concerto-Trichiana-768x1086.jpg 768w, https:\/\/www.radiopiu.net\/wordpress\/wp-content\/uploads\/2024\/05\/Concerto-Trichiana-1086x1536.jpg 1086w, https:\/\/www.radiopiu.net\/wordpress\/wp-content\/uploads\/2024\/05\/Concerto-Trichiana.jpg 1131w\" sizes=\"auto, (max-width: 108px) 100vw, 108px\" \/><\/a>SABATO 1\u00b0 GIUGNO CONCERTO DI PRIMAVERA A TRICHIANA.<\/b><\/span><\/span><\/p>\n<p align=\"justify\"><span style=\"font-family: Times New Roman, serif;\"><span style=\"font-size: large;\"><strong>TRICHIANA<\/strong> il <\/span><\/span><span style=\"font-family: Times New Roman, serif;\"><span style=\"font-size: large;\">\u201cConcerto di Primavera\u201d si terr\u00e0 domani alle 20,30 presso la Chiesa arcipretale di Trichiana<\/span><\/span><span style=\"font-family: Times New Roman, serif;\"><span style=\"font-size: large;\">. Ospiti del <\/span><\/span><span style=\"font-family: Times New Roman, serif;\"><span style=\"font-size: large;\">Coro organizzatore, diretto dal maestro Stefano Bittante, i cori maschili Croda Rossa di Mirano (VE) diretto dal maestro Giovanni Ancilotto e il coro Cadore di Pieve di Cadore diretto dal maestro Victor Gino Ruoso. <\/span><\/span>\u201c<span style=\"font-family: Times New Roman, serif;\"><span style=\"font-size: large;\"><i>Questa volta ho voluto organizzare questo tradizionale concerto per dare la possibilit\u00e0 al pubblico di ascoltare brani di ispirazione popolare<\/i><\/span><\/span><span style=\"font-family: Times New Roman, serif;\"><span style=\"font-size: large;\">\u201d. Cos\u00ec ha annunciato il <\/span><\/span><span style=\"font-family: Times New Roman, serif;\"><span style=\"font-size: large;\">Presidente Paolo Gardenal<\/span><\/span><span style=\"font-family: Times New Roman, serif;\"><span style=\"font-size: large;\"><i>. <\/i><\/span><\/span><span style=\"font-family: Times New Roman, serif;\"><span style=\"font-size: large;\">L\u2019ingresso \u00e8 libero, presenta Edoardo Comiotto<\/span><\/span><\/p>\n<\/div>\n<p>&nbsp;<\/p>\n<p>&nbsp;<\/p>\n<hr \/>\n<p>&nbsp;<\/p>\n<blockquote>\n<h3>DOMANI LA VISITA A BELLUNO CITTA&#8217; DELLA RONDINE<\/h3>\n<\/blockquote>\n<p><strong><a class=\"dt-pswp-item\" href=\"https:\/\/www.radiopiu.net\/wordpress\/wp-content\/uploads\/2020\/05\/RONDINI.jpg\" data-dt-img-description=\"\" data-large_image_width=\"1920\" data-large_image_height=\"1282\"><img loading=\"lazy\" decoding=\"async\" class=\" wp-image-139152 alignleft\" src=\"https:\/\/www.radiopiu.net\/wordpress\/wp-content\/uploads\/2020\/05\/RONDINI-300x200.jpg\" alt=\"\" width=\"132\" height=\"88\" srcset=\"https:\/\/www.radiopiu.net\/wordpress\/wp-content\/uploads\/2020\/05\/RONDINI-300x200.jpg 300w, https:\/\/www.radiopiu.net\/wordpress\/wp-content\/uploads\/2020\/05\/RONDINI-1024x684.jpg 1024w, https:\/\/www.radiopiu.net\/wordpress\/wp-content\/uploads\/2020\/05\/RONDINI-768x513.jpg 768w, https:\/\/www.radiopiu.net\/wordpress\/wp-content\/uploads\/2020\/05\/RONDINI-1536x1026.jpg 1536w, https:\/\/www.radiopiu.net\/wordpress\/wp-content\/uploads\/2020\/05\/RONDINI.jpg 1920w\" sizes=\"auto, (max-width: 132px) 100vw, 132px\" \/><\/a>BELLUNO<\/strong> Le uscite gratuite promosse dal Comune di Belluno e curate dalle guide de Il Mazarol nel progetto DiVerDente stanno avendo successo. Domani \u00e8 prevista l&#8217;uscita \u201cBelluno citt\u00e0 delle Rondini\u201d, una passeggiata facile tra i portici e le piazze principali di Belluno, per osservare rondini comuni, rondini alpine, balestrucci e rondoni. Il ritrovo \u00e8 alle 16:00 davanti al Teatro comunale \u201cDino Buzzati\u201d e la conclusione alle 18:30. Il percorso \u00e8 adatto a tutti, comprese famiglie con passeggini e persone in carrozzina, con un massimo di 25 partecipanti. La partecipazione \u00e8 gratuita ma richiede iscrizione obbligatoria ai contatti forniti. In caso di maltempo, l&#8217;uscita sar\u00e0 rimandata all&#8217;8 giugno.<\/p>\n<p>&nbsp;<\/p>\n<p>&nbsp;<\/p>\n<hr \/>\n<p>&nbsp;<\/p>\n<blockquote>\n<h3>CONCORSO LETTERARIO EL BON DE L&#8217;ANSUDA 2024<\/h3>\n<\/blockquote>\n<p><strong><a class=\"dt-pswp-item\" href=\"https:\/\/www.radiopiu.net\/wordpress\/wp-content\/uploads\/2024\/05\/25ae05cb-ebc0-458f-ba62-d1b38063b096.jpg\" data-dt-img-description=\"\" data-large_image_width=\"1600\" data-large_image_height=\"1600\"><img loading=\"lazy\" decoding=\"async\" class=\" wp-image-391644 alignleft\" src=\"https:\/\/www.radiopiu.net\/wordpress\/wp-content\/uploads\/2024\/05\/25ae05cb-ebc0-458f-ba62-d1b38063b096-300x300.jpg\" alt=\"\" width=\"138\" height=\"138\" srcset=\"https:\/\/www.radiopiu.net\/wordpress\/wp-content\/uploads\/2024\/05\/25ae05cb-ebc0-458f-ba62-d1b38063b096-300x300.jpg 300w, https:\/\/www.radiopiu.net\/wordpress\/wp-content\/uploads\/2024\/05\/25ae05cb-ebc0-458f-ba62-d1b38063b096-1024x1024.jpg 1024w, https:\/\/www.radiopiu.net\/wordpress\/wp-content\/uploads\/2024\/05\/25ae05cb-ebc0-458f-ba62-d1b38063b096-150x150.jpg 150w, https:\/\/www.radiopiu.net\/wordpress\/wp-content\/uploads\/2024\/05\/25ae05cb-ebc0-458f-ba62-d1b38063b096-768x768.jpg 768w, https:\/\/www.radiopiu.net\/wordpress\/wp-content\/uploads\/2024\/05\/25ae05cb-ebc0-458f-ba62-d1b38063b096-1536x1536.jpg 1536w, https:\/\/www.radiopiu.net\/wordpress\/wp-content\/uploads\/2024\/05\/25ae05cb-ebc0-458f-ba62-d1b38063b096.jpg 1600w\" sizes=\"auto, (max-width: 138px) 100vw, 138px\" \/><\/a>FALCADE <\/strong>Il Concorso letterario &#8220;EL BON DE L&#8217;ANSUDA&#8221; 2024 \u00e8 aperto ad autori italiani e stranieri per racconti inediti in lingua italiana, con il tema &#8220;La Primavera e il legno&#8221;. Sono previste tre categorie: &#8220;El Bon De l&#8217;Ansuda POP&#8221; per bambini fino a 13 anni; &#8220;El Bon de l&#8217;Ansuda DOVEGN&#8221; per ragazzi dai 14 ai 18 anni; &#8220;El Bon de l&#8217;Ansuda MADUR&#8221; per adulti dai 19 anni in su. I racconti, lunghi massimo 16.000 battute con una tolleranza del 10%, devono essere inviati in formato .pdf all&#8217;indirizzo <a target=\"_new\" rel=\"noreferrer noopener\">concorso.bonansuda@gmail.com<\/a> entro il 7 giugno 2024. Il file non deve contenere dati personali, che invece vanno inclusi nel corpo dell&#8217;e-mail insieme a una dichiarazione di inedicit\u00e0 dell&#8217;opera. Per i minorenni \u00e8 necessaria la firma di un genitore. Una giuria selezioner\u00e0 un vincitore per categoria, con valutazioni insindacabili. Partecipare al concorso implica l&#8217;autorizzazione alla pubblicazione del racconto e all&#8217;uso dei dati personali per comunicazioni relative al concorso. Gli autori rinunciano a qualsiasi pretesa economica sui profitti derivanti dalle vendite delle opere pubblicate. La premiazione si terr\u00e0 il 16 giugno 2024 alle 17:00 presso l&#8217;info point dell&#8217;evento.<\/p>\n<p>&nbsp;<\/p>\n<hr \/>\n<blockquote><p>&nbsp;<\/p><\/blockquote>\n<div dir=\"auto\">\n<p class=\"western\" lang=\"it-IT\" align=\"center\"><span style=\"font-family: Georgia, serif;\"><b><a class=\"dt-pswp-item\" href=\"https:\/\/www.radiopiu.net\/wordpress\/wp-content\/uploads\/2024\/05\/Nissun-va-al-Monte-1-atto-2.jpeg\" data-dt-img-description=\"\" data-large_image_width=\"1209\" data-large_image_height=\"650\"><img loading=\"lazy\" decoding=\"async\" class=\" wp-image-392215 alignleft\" src=\"https:\/\/www.radiopiu.net\/wordpress\/wp-content\/uploads\/2024\/05\/Nissun-va-al-Monte-1-atto-2-300x161.jpeg\" alt=\"\" width=\"212\" height=\"114\" srcset=\"https:\/\/www.radiopiu.net\/wordpress\/wp-content\/uploads\/2024\/05\/Nissun-va-al-Monte-1-atto-2-300x161.jpeg 300w, https:\/\/www.radiopiu.net\/wordpress\/wp-content\/uploads\/2024\/05\/Nissun-va-al-Monte-1-atto-2-1024x551.jpeg 1024w, https:\/\/www.radiopiu.net\/wordpress\/wp-content\/uploads\/2024\/05\/Nissun-va-al-Monte-1-atto-2-768x413.jpeg 768w, https:\/\/www.radiopiu.net\/wordpress\/wp-content\/uploads\/2024\/05\/Nissun-va-al-Monte-1-atto-2.jpeg 1209w\" sizes=\"auto, (max-width: 212px) 100vw, 212px\" \/><\/a>IL CIRCOLO, CON IL COMUNE DI ALPAGO E LA COMPAGNIA AMATORIALE <\/b><\/span><\/p>\n<p class=\"western\" lang=\"it-IT\" align=\"center\">\u201c<span style=\"font-family: Georgia, serif;\"><b>I SEQUERIS\u201d, SVELANO IL PRIMO CARTELLONE DI TEATRO VENETO<\/b><\/span><\/p>\n<p class=\"western\" lang=\"it-IT\" align=\"center\"><span style=\"font-family: Georgia, serif;\"><i>Annunciate le 5 rappresentazioni teatrali e il concerto di musica sinfonica che accompagneranno il pubblico da novembre ad aprile, nella sede della Casa della Giovent\u00f9<\/i><\/span><\/p>\n<p class=\"western\" lang=\"it-IT\" align=\"justify\"><span style=\"font-family: Georgia, serif;\">BELLUNO\u00a0 Cinque spettacoli di prosa veneta e un concerto della Dolomiti Symphonia Orchestra: nella sede della Provincia, il Circolo Cultura e Stampa Bellunese e il Comune di Alpago hanno svelato il cartellone della Prima Stagione che, dal 3 novembre al 13 aprile, accompagner\u00e0 il pubblico tra divertimento e musica d\u2019autore. <\/span><span style=\"font-family: Georgia, serif;\">La sede scelta \u00e8 quella della Casa della Giovent\u00f9, in Via Verdi, 1 (Puos), dove gli spettacoli verranno inscenati di domenica alle 16.30, per agevolare la fruizione alle famiglie. Primo appuntamento domenica<\/span> 3 novembre\u00a0 con\u00a0 UNA CASA DI PAZZI e la\u00a0 Compagnia teatrale La Moscheta<\/p>\n<\/div>\n<div dir=\"auto\">\n<p align=\"justify\">\n<\/div>\n<div dir=\"auto\">\n<p>&nbsp;<\/p>\n<hr \/>\n<p>&nbsp;<\/p>\n<h2><span style=\"color: #ff6600;\">ALLA RADIO\u00a0\u00a0<\/span><\/h2>\n<\/div>\n<h2><span style=\"color: #ff0000;\">SPECIALE SPI CGIL<\/span><\/h2>\n<p><strong><a class=\"dt-pswp-item\" href=\"https:\/\/www.radiopiu.net\/wordpress\/wp-content\/uploads\/2023\/02\/SPI-CGIL.png\" data-dt-img-description=\"\" data-large_image_width=\"278\" data-large_image_height=\"244\"><img loading=\"lazy\" decoding=\"async\" class=\" wp-image-322694 alignleft\" src=\"https:\/\/www.radiopiu.net\/wordpress\/wp-content\/uploads\/2023\/02\/SPI-CGIL.png\" alt=\"\" width=\"140\" height=\"123\" \/><\/a>DI MIRKO MEZZACASA<\/strong><\/p>\n<p>OSPITE: Maria Rita Gentilin, SPI CGIL Belluno<\/p>\n<audio class=\"wp-audio-shortcode\" id=\"audio-392409-13\" preload=\"none\" style=\"width: 100%;\" controls=\"controls\"><source type=\"audio\/mpeg\" src=\"https:\/\/www.radiopiu.net\/wordpress\/wp-content\/uploads\/2024\/05\/SPI-CGIL-2024-maggio.mp3?_=13\" \/><a href=\"https:\/\/www.radiopiu.net\/wordpress\/wp-content\/uploads\/2024\/05\/SPI-CGIL-2024-maggio.mp3\">https:\/\/www.radiopiu.net\/wordpress\/wp-content\/uploads\/2024\/05\/SPI-CGIL-2024-maggio.mp3<\/a><\/audio>\n<p>&nbsp;<\/p>\n<p>&nbsp;<\/p>\n<hr \/>\n<p>&nbsp;<\/p>\n<h2><span style=\"color: #008080;\">TIME 4 ME CON ALESSANDRO CABELLA<\/span><\/h2>\n<p><strong><a class=\"dt-pswp-item\" href=\"https:\/\/www.radiopiu.net\/wordpress\/wp-content\/uploads\/2024\/05\/WhatsApp-Image-2024-05-29-at-23.11.50.jpeg\" data-dt-img-description=\"\" data-large_image_width=\"1200\" data-large_image_height=\"1600\"><img loading=\"lazy\" decoding=\"async\" class=\" wp-image-392441 alignleft\" src=\"https:\/\/www.radiopiu.net\/wordpress\/wp-content\/uploads\/2024\/05\/WhatsApp-Image-2024-05-29-at-23.11.50-225x300.jpeg\" alt=\"\" width=\"143\" height=\"191\" srcset=\"https:\/\/www.radiopiu.net\/wordpress\/wp-content\/uploads\/2024\/05\/WhatsApp-Image-2024-05-29-at-23.11.50-225x300.jpeg 225w, https:\/\/www.radiopiu.net\/wordpress\/wp-content\/uploads\/2024\/05\/WhatsApp-Image-2024-05-29-at-23.11.50-768x1024.jpeg 768w, https:\/\/www.radiopiu.net\/wordpress\/wp-content\/uploads\/2024\/05\/WhatsApp-Image-2024-05-29-at-23.11.50-1152x1536.jpeg 1152w, https:\/\/www.radiopiu.net\/wordpress\/wp-content\/uploads\/2024\/05\/WhatsApp-Image-2024-05-29-at-23.11.50.jpeg 1200w\" sizes=\"auto, (max-width: 143px) 100vw, 143px\" \/><\/a>DI MARINA DONA&#8217;<\/strong><\/p>\n<p>OSPITE: Alessandro Cabella<\/p>\n<p><strong>PRIMA PARTE<\/strong><\/p>\n<audio class=\"wp-audio-shortcode\" id=\"audio-392409-14\" preload=\"none\" style=\"width: 100%;\" controls=\"controls\"><source type=\"audio\/mpeg\" src=\"https:\/\/www.radiopiu.net\/wordpress\/wp-content\/uploads\/2024\/05\/TIME-4-ME-CON-ALESSANDRO-CABELLA-1-1.mp3?_=14\" \/><a href=\"https:\/\/www.radiopiu.net\/wordpress\/wp-content\/uploads\/2024\/05\/TIME-4-ME-CON-ALESSANDRO-CABELLA-1-1.mp3\">https:\/\/www.radiopiu.net\/wordpress\/wp-content\/uploads\/2024\/05\/TIME-4-ME-CON-ALESSANDRO-CABELLA-1-1.mp3<\/a><\/audio>\n<p>&nbsp;<\/p>\n<p><strong>SECONDA PARTE<\/strong><\/p>\n<audio class=\"wp-audio-shortcode\" id=\"audio-392409-15\" preload=\"none\" style=\"width: 100%;\" controls=\"controls\"><source type=\"audio\/mpeg\" src=\"https:\/\/www.radiopiu.net\/wordpress\/wp-content\/uploads\/2024\/05\/TIME-4-ME-CON-ALESSANDRO-CABELLA-2.mp3?_=15\" \/><a href=\"https:\/\/www.radiopiu.net\/wordpress\/wp-content\/uploads\/2024\/05\/TIME-4-ME-CON-ALESSANDRO-CABELLA-2.mp3\">https:\/\/www.radiopiu.net\/wordpress\/wp-content\/uploads\/2024\/05\/TIME-4-ME-CON-ALESSANDRO-CABELLA-2.mp3<\/a><\/audio>\n<p>&nbsp;<\/p>\n<p><strong>TERZA PARTE<\/strong><\/p>\n<audio class=\"wp-audio-shortcode\" id=\"audio-392409-16\" preload=\"none\" style=\"width: 100%;\" controls=\"controls\"><source type=\"audio\/mpeg\" src=\"https:\/\/www.radiopiu.net\/wordpress\/wp-content\/uploads\/2024\/05\/TIME-4-ME-CON-ALESSANDRO-CABELLA-3.mp3?_=16\" \/><a href=\"https:\/\/www.radiopiu.net\/wordpress\/wp-content\/uploads\/2024\/05\/TIME-4-ME-CON-ALESSANDRO-CABELLA-3.mp3\">https:\/\/www.radiopiu.net\/wordpress\/wp-content\/uploads\/2024\/05\/TIME-4-ME-CON-ALESSANDRO-CABELLA-3.mp3<\/a><\/audio>\n<p>&nbsp;<\/p>\n<p>&nbsp;<\/p>\n<hr \/>\n<p>&nbsp;<\/p>\n<h2><span style=\"color: #ff9900;\">CIAK SI GIRA, IL PROGRAMMA DI PAOLA LANCIATO<\/span><\/h2>\n<p><strong><a class=\"dt-pswp-item\" href=\"https:\/\/www.radiopiu.net\/wordpress\/wp-content\/uploads\/2024\/05\/51O9HbsKjgL._AC_UF10001000_QL80_.jpg\" data-dt-img-description=\"\" data-large_image_width=\"693\" data-large_image_height=\"1000\"><img loading=\"lazy\" decoding=\"async\" class=\" wp-image-392560 alignleft\" src=\"https:\/\/www.radiopiu.net\/wordpress\/wp-content\/uploads\/2024\/05\/51O9HbsKjgL._AC_UF10001000_QL80_-208x300.jpg\" alt=\"\" width=\"98\" height=\"141\" srcset=\"https:\/\/www.radiopiu.net\/wordpress\/wp-content\/uploads\/2024\/05\/51O9HbsKjgL._AC_UF10001000_QL80_-208x300.jpg 208w, https:\/\/www.radiopiu.net\/wordpress\/wp-content\/uploads\/2024\/05\/51O9HbsKjgL._AC_UF10001000_QL80_.jpg 693w\" sizes=\"auto, (max-width: 98px) 100vw, 98px\" \/><\/a>30 MAGGIO NON CI RESTA CHE PIANGERE<\/strong><\/p>\n<audio class=\"wp-audio-shortcode\" id=\"audio-392409-17\" preload=\"none\" style=\"width: 100%;\" controls=\"controls\"><source type=\"audio\/mpeg\" src=\"https:\/\/www.radiopiu.net\/wordpress\/wp-content\/uploads\/2024\/05\/CIAK2-2.mp3?_=17\" \/><a href=\"https:\/\/www.radiopiu.net\/wordpress\/wp-content\/uploads\/2024\/05\/CIAK2-2.mp3\">https:\/\/www.radiopiu.net\/wordpress\/wp-content\/uploads\/2024\/05\/CIAK2-2.mp3<\/a><\/audio>\n<p>&nbsp;<\/p>\n<h2>LA RACCOLTA COMPLETA <span style=\"color: #0000ff;\"><a style=\"color: #0000ff;\" href=\"https:\/\/www.radiopiu.net\/wordpress\/ciak24\/\">CLICCA QUI<\/a><\/span><\/h2>\n<p>&nbsp;<\/p>\n<p>&nbsp;<\/p>\n<hr \/>\n<p>&nbsp;<\/p>\n<blockquote>\n<h2><a class=\"dt-pswp-item\" href=\"https:\/\/www.radiopiu.net\/wordpress\/wp-content\/uploads\/2024\/03\/424c19db-081f-4c05-8d28-81cf9cf8f216-1.jpg\" data-dt-img-description=\"\" data-large_image_width=\"355\" data-large_image_height=\"555\"><img loading=\"lazy\" decoding=\"async\" class=\" wp-image-392471 alignleft\" src=\"https:\/\/www.radiopiu.net\/wordpress\/wp-content\/uploads\/2024\/03\/424c19db-081f-4c05-8d28-81cf9cf8f216-1-192x300.jpg\" alt=\"\" width=\"91\" height=\"142\" srcset=\"https:\/\/www.radiopiu.net\/wordpress\/wp-content\/uploads\/2024\/03\/424c19db-081f-4c05-8d28-81cf9cf8f216-1-192x300.jpg 192w, https:\/\/www.radiopiu.net\/wordpress\/wp-content\/uploads\/2024\/03\/424c19db-081f-4c05-8d28-81cf9cf8f216-1.jpg 355w\" sizes=\"auto, (max-width: 91px) 100vw, 91px\" \/><\/a>LIBER, DI LIANA CAVALLET<\/h2>\n<\/blockquote>\n<blockquote>\n<h2><\/h2>\n<\/blockquote>\n<p><strong>PUNTATA 38 30 MAGGIO 2024 &#8211; &#8220;IL DUCA\u00a0 MATTEO MELCHIORRE&#8221;<\/strong><\/p>\n<audio class=\"wp-audio-shortcode\" id=\"audio-392409-18\" preload=\"none\" style=\"width: 100%;\" controls=\"controls\"><source type=\"audio\/mpeg\" src=\"https:\/\/www.radiopiu.net\/wordpress\/wp-content\/uploads\/2024\/03\/LIANA-7.mp3?_=18\" \/><a href=\"https:\/\/www.radiopiu.net\/wordpress\/wp-content\/uploads\/2024\/03\/LIANA-7.mp3\">https:\/\/www.radiopiu.net\/wordpress\/wp-content\/uploads\/2024\/03\/LIANA-7.mp3<\/a><\/audio>\n<blockquote class=\"wp-embedded-content\" data-secret=\"yCoMds4ose\"><p><a href=\"https:\/\/www.radiopiu.net\/wordpress\/liber-di-liana-cavallet-la-raccolta\/\">LIBER,  DI LIANA CAVALLET &#8211; LA RACCOLTA<\/a><\/p><\/blockquote>\n<p><iframe loading=\"lazy\" class=\"wp-embedded-content\" sandbox=\"allow-scripts\" security=\"restricted\" style=\"position: absolute; clip: rect(1px, 1px, 1px, 1px);\" title=\"&#8220;LIBER,  DI LIANA CAVALLET &#8211; LA RACCOLTA&#8221; &#8212; Radio Pi\u00f9\" src=\"https:\/\/www.radiopiu.net\/wordpress\/liber-di-liana-cavallet-la-raccolta\/embed\/#?secret=2xYv7BZQja#?secret=yCoMds4ose\" data-secret=\"yCoMds4ose\" width=\"600\" height=\"338\" frameborder=\"0\" marginwidth=\"0\" marginheight=\"0\" scrolling=\"no\"><\/iframe><\/p>\n<p>&nbsp;<\/p>\n<p>&nbsp;<\/p>\n<p>&nbsp;<\/p>\n<h2><span style=\"color: #ff00ff;\">I FINE SETTIMANA DI MAGGIO AL MASO COLCUC<\/span><\/h2>\n<p><strong><a class=\"dt-pswp-item\" href=\"https:\/\/www.radiopiu.net\/wordpress\/wp-content\/uploads\/2024\/05\/caption.jpg\" data-dt-img-description=\"\" data-large_image_width=\"800\" data-large_image_height=\"600\"><img loading=\"lazy\" decoding=\"async\" class=\" wp-image-389208 alignleft\" src=\"https:\/\/www.radiopiu.net\/wordpress\/wp-content\/uploads\/2024\/05\/caption-300x225.jpg\" alt=\"\" width=\"173\" height=\"130\" srcset=\"https:\/\/www.radiopiu.net\/wordpress\/wp-content\/uploads\/2024\/05\/caption-300x225.jpg 300w, https:\/\/www.radiopiu.net\/wordpress\/wp-content\/uploads\/2024\/05\/caption-768x576.jpg 768w, https:\/\/www.radiopiu.net\/wordpress\/wp-content\/uploads\/2024\/05\/caption.jpg 800w\" sizes=\"auto, (max-width: 173px) 100vw, 173px\" \/><\/a>DI MIRKO MEZZACASA<\/strong><\/p>\n<p>OSPITE: Giulia Tasser<\/p>\n<audio class=\"wp-audio-shortcode\" id=\"audio-392409-19\" preload=\"none\" style=\"width: 100%;\" controls=\"controls\"><source type=\"audio\/mpeg\" src=\"https:\/\/www.radiopiu.net\/wordpress\/wp-content\/uploads\/2024\/05\/GIULIA-TASSER-MAGGGIO-2024.mp3?_=19\" \/><a href=\"https:\/\/www.radiopiu.net\/wordpress\/wp-content\/uploads\/2024\/05\/GIULIA-TASSER-MAGGGIO-2024.mp3\">https:\/\/www.radiopiu.net\/wordpress\/wp-content\/uploads\/2024\/05\/GIULIA-TASSER-MAGGGIO-2024.mp3<\/a><\/audio>\n<p>&nbsp;<\/p>\n<hr \/>\n<h2><span style=\"color: #993300;\">\u00a0 \u00a0<\/span><\/h2>\n<h2><span style=\"color: #ff0000;\">DAL SITO DI RADIO PIU&#8230; ALCUNI PODCAST, I PIU&#8217; VISUALIZZATI NELLA SETTIMANA&#8230;<\/span><\/h2>\n<p>&nbsp;<\/p>\n<h2><span style=\"color: #800080;\">DUE MINUTI UN LIBRO, TUTTI I GIORNI ALLA RADIO\u00a0 <\/span>LA RACCOLTA COMPLETA<a href=\"https:\/\/www.radiopiu.net\/wordpress\/due-minuti-un-libro\/\"> <span style=\"color: #0000ff;\">CLICCA QUI\u00a0<\/span><\/a><\/h2>\n<h2><span style=\"color: #800080;\">I RACCONTI DI PAOLO SOPPELSA\u00a0 <\/span>LA RACCOLTA COMPLETA<a href=\"https:\/\/www.radiopiu.net\/wordpress\/i-racconti-di-paolo-soppelsa\/\"> <span style=\"color: #0000ff;\">CLICCA QUI\u00a0<\/span><\/a><\/h2>\n<h2><span style=\"color: #800080;\">NCONTONSE CON MILLY CREPAZ <\/span>LA RACCOLTA COMPLETA<a href=\"https:\/\/www.radiopiu.net\/wordpress\/lad08aaaa\/\"> <span style=\"color: #0000ff;\">CLICCA QUI\u00a0<\/span><\/a><\/h2>\n<h2><span style=\"color: #993300;\">CINE HITS, ALLA SCOPERTA DELLE COLONNE SONORE DI ALDO BRIGADOI <\/span>LA RACCOLTA COMPLETA <a href=\"https:\/\/www.radiopiu.net\/wordpress\/cine-hits-alla-scoperta-delle-colonne-sonore-la-raccolta\/\"><span style=\"color: #3366ff;\">CLICCA QUI\u00a0<\/span><\/a><\/h2>\n<h2><span style=\"color: #993366;\">CIAK SI GIRA, IL PROGRAMMA DI PAOLA LANCIATO <\/span>LA RACCOLTA COMPLETA <span style=\"color: #0000ff;\"><a style=\"color: #0000ff;\" href=\"https:\/\/www.radiopiu.net\/wordpress\/ciak24\/\">CLICCA QUI\u00a0 \u00a0<\/a><\/span><\/h2>\n<h2><span style=\"color: #800080;\">PIROLE DE LENGA, IL PROGRAMMA CON NICOLA E BEATRICE DEL MUSLA\u00a0<\/span>LA RACCOLTA COMPLETA <a href=\"https:\/\/www.radiopiu.net\/wordpress\/pirole-de-lenga-la-parola-del-giorno-a-cura-del-musla-raccolta-completa\/\"><span style=\"color: #0000ff;\">CLICCA QUI\u00a0\u00a0\u00a0\u00a0\u00a0<\/span><\/a><\/h2>\n<h2><span style=\"color: #800080;\">EL BAL DEL FIOR, CON GIULIANA DA RONCH<\/span>LA RACCOLTA COMPLETA <a href=\"https:\/\/www.radiopiu.net\/wordpress\/set3a\/\"><span style=\"color: #0000ff;\">CLICCA QUI\u00a0<\/span><\/a><\/h2>\n<h2><span style=\"color: #800080;\">PERITI MINERARI NEL MONDO&#8230; A CURA DELL&#8217;APIM\u00a0 AGORDO<\/span>LA RACCOLTA COMPLETA <a href=\"https:\/\/www.radiopiu.net\/wordpress\/periti-minerari-dallagordino-al-mondo\/\"><span style=\"color: #0000ff;\">CLICCA QUI\u00a0<\/span><\/a><\/h2>\n<h2><span style=\"color: #800080;\">SE NON LA SMETTI DI MANDO DAL PRESIDE, CON LA PROF. MARIA ROSA SALMAZO<\/span>LA RACCOLTA COMPLETA<a href=\"https:\/\/www.radiopiu.net\/wordpress\/se-non-la-smetti-di-mando-dal-preside\/\"> <span style=\"color: #0000ff;\">CLICCA QUI\u00a0<\/span><\/a><\/h2>\n<h2><span style=\"color: #800080;\">CISL LA VOCE PER I LAVORATORI, IL MERCOLEDI MATTINA ALLA RADIO <\/span>LA RACCOLTA COMPLETA\u00a0 <a href=\"https:\/\/www.radiopiu.net\/wordpress\/cisl-e-femca-cisl-la-voce-per-i-lavoratori\/\"><span style=\"color: #0000ff;\">CLICCA QUI\u00a0<\/span><\/a><\/h2>\n<h2><\/h2>\n<p>&nbsp;<\/p>\n<p>&nbsp;<\/p>\n<hr \/>\n<p>&nbsp;<\/p>\n<h2><span style=\"color: #ff0000;\"><a class=\"dt-pswp-item\" href=\"https:\/\/www.radiopiu.net\/wordpress\/wp-content\/uploads\/2018\/09\/appuntamenti.jpeg\" data-dt-img-description=\"\" data-large_image_width=\"800\" data-large_image_height=\"100\"><img loading=\"lazy\" decoding=\"async\" class=\"wp-image-61958 size-full aligncenter\" src=\"https:\/\/www.radiopiu.net\/wordpress\/wp-content\/uploads\/2018\/09\/appuntamenti.jpeg\" alt=\"\" width=\"800\" height=\"100\" srcset=\"https:\/\/www.radiopiu.net\/wordpress\/wp-content\/uploads\/2018\/09\/appuntamenti.jpeg 800w, https:\/\/www.radiopiu.net\/wordpress\/wp-content\/uploads\/2018\/09\/appuntamenti-300x38.jpeg 300w, https:\/\/www.radiopiu.net\/wordpress\/wp-content\/uploads\/2018\/09\/appuntamenti-768x96.jpeg 768w\" sizes=\"auto, (max-width: 800px) 100vw, 800px\" \/><\/a><\/span><\/h2>\n<div>\n<div class=\"\" dir=\"auto\">\n<div id=\":r9h:\" class=\"x1iorvi4 x1pi30zi x1l90r2v x1swvt13\" data-ad-comet-preview=\"message\" data-ad-preview=\"message\">\n\n\t\t\t<style type='text\/css'>\n\t\t\t\t#gallery-2 {\n\t\t\t\t\tmargin: auto;\n\t\t\t\t}\n\t\t\t\t#gallery-2 .gallery-item {\n\t\t\t\t\tfloat: left;\n\t\t\t\t\tmargin-top: 10px;\n\t\t\t\t\ttext-align: center;\n\t\t\t\t\twidth: 33%;\n\t\t\t\t}\n\t\t\t\t#gallery-2 img {\n\t\t\t\t\tborder: 2px solid #cfcfcf;\n\t\t\t\t}\n\t\t\t\t#gallery-2 .gallery-caption {\n\t\t\t\t\tmargin-left: 0;\n\t\t\t\t}\n\t\t\t\t\/* see gallery_shortcode() in wp-includes\/media.php *\/\n\t\t\t<\/style>\n\t\t<div id='gallery-2' class='dt-gallery-container gallery galleryid-392409 gallery-columns-3 gallery-size-thumbnail'><dl class='gallery-item'>\n\t\t\t\t<dt class='gallery-icon portrait'>\n\t\t\t\t\t<a class=\"rollover\" href='https:\/\/www.radiopiu.net\/wordpress\/giornale-radiopiu-23-maggio-2024-direttore-mirko-mezzacasada-40-anni-25-giugno-1983-25-giugno-2023\/e651a95f-423a-40f9-827a-3ba70bd26776\/'><img loading=\"lazy\" decoding=\"async\" width=\"150\" height=\"150\" src=\"https:\/\/www.radiopiu.net\/wordpress\/wp-content\/uploads\/2024\/05\/e651a95f-423a-40f9-827a-3ba70bd26776-150x150.jpg\" class=\"attachment-thumbnail size-thumbnail\" alt=\"\" aria-describedby=\"gallery-2-391342\" \/><\/a>\n\t\t\t\t<\/dt>\n\t\t\t\t\t<dd class='wp-caption-text gallery-caption' id='gallery-2-391342'>\n\t\t\t\t\tSAGRA DE SANT&#8217;ANTONI A RIVAMONTE\n\t\t\t\t\t<\/dd><\/dl><dl class='gallery-item'>\n\t\t\t\t<dt class='gallery-icon portrait'>\n\t\t\t\t\t<a class=\"rollover\" href='https:\/\/www.radiopiu.net\/wordpress\/giornale-radiopiu-23-maggio-2024-direttore-mirko-mezzacasada-40-anni-25-giugno-1983-25-giugno-2023\/4f200081-e4c5-4b25-97be-5145b1cf479f\/'><img loading=\"lazy\" decoding=\"async\" width=\"150\" height=\"150\" src=\"https:\/\/www.radiopiu.net\/wordpress\/wp-content\/uploads\/2024\/05\/4f200081-e4c5-4b25-97be-5145b1cf479f-150x150.jpg\" class=\"attachment-thumbnail size-thumbnail\" alt=\"\" aria-describedby=\"gallery-2-391343\" \/><\/a>\n\t\t\t\t<\/dt>\n\t\t\t\t\t<dd class='wp-caption-text gallery-caption' id='gallery-2-391343'>\n\t\t\t\t\tIL CIRCUITO RIVA RON\n\t\t\t\t\t<\/dd><\/dl><dl class='gallery-item'>\n\t\t\t\t<dt class='gallery-icon portrait'>\n\t\t\t\t\t<a class=\"rollover\" href='https:\/\/www.radiopiu.net\/wordpress\/giornale-radiopiu-29-maggio-2024-direttore-mirko-mezzacasada-40-anni-25-giugno-1983-25-giugno-2023\/890e9473-a042-44c0-9495-16862bf3cf2c\/'><img loading=\"lazy\" decoding=\"async\" width=\"150\" height=\"150\" src=\"https:\/\/www.radiopiu.net\/wordpress\/wp-content\/uploads\/2024\/05\/890e9473-a042-44c0-9495-16862bf3cf2c-150x150.jpg\" class=\"attachment-thumbnail size-thumbnail\" alt=\"\" aria-describedby=\"gallery-2-392239\" \/><\/a>\n\t\t\t\t<\/dt>\n\t\t\t\t\t<dd class='wp-caption-text gallery-caption' id='gallery-2-392239'>\n\t\t\t\t\t80 NOSTALGIA DEI 90\n\t\t\t\t\t<\/dd><\/dl><br style=\"clear: both\" \/>\n\t\t\t<\/div>\n\n<\/div>\n<\/div>\n<\/div>\n<p><strong>LORENZAGO DI<\/strong> <strong>CADORE\u00a0<\/strong>Domenica 2 giugno alle 11 verr\u00e0 inaugurata a Lorenzago di Cadore, presso la sala espositiva del Municipio, una nuova mostra dal titolo TRATTI e RITRATTI, esercizi di disegno, BABEK 2022-2023<\/p>\n<p>&nbsp;<\/p>\n<h2><span style=\"color: #ff0000;\">PROSSIMAMENTE<\/span><\/h2>\n<p>RIVA&#8230;&#8230;.RONNNNNNNNN corsa podistica non competitiva. DOMENICA 9 GIUGNO, PARTENZA ALLE 10 DALLA CASA DELLA GIOVENTU&#8217; DI RIVAMONTE. DUE PERCORSI&#8230; TANTI PREMI, pasta party, premiazioni e musica con DJ Tom\u00e8<\/p>\n<p>Preparatevi a scatenare la vostra energia e a superare i vostri limiti con CorriPoi 2024. Il trofeo di Corse Podistiche a tappe Nell&#8217;Agordino, quattro tappe emozionanti, ognuna delle quali vi porter\u00e0 a scoprire le bellezze naturali del territorio. 9 GIUGNO RIVAMONTE, 22 GIUGNO FRASSENE&#8217;, 7 LUGLIO FORCELLA AURINE, 7 SETTEMBRE VOLTAGO Alla CorriPoi parteciperanno, fianco a fianco, forti runner, atleti della domenica, famiglie, gruppi di amici, giovani corridori in erba, tutti con l&#8217;obiettivo di correre e di divertirsi. Corri verso la vittoria, corri verso il trofeo Alpenpluss. Regolamento delle quattro gare sul sito KEEPSPORTING.COM, in collaborazione con Kiwi Sport, abbigliamento sportivo per tutta la famiglia, ad ALLEGHE- CENCENIGHE &#8211; BELLUNO<\/p>\n<p>LA PRO LOCO DI RIVAMONTE TI INVITA ALLA SAGRA DE SANT&#8217;ANTONI, DAL 12 AL 16 GIUGNO<br \/>\nMERCOLEDI 12 GIUGNO, GNOCH CO LA POINA, IL PIATTO TIPICO E ALTRE SPECIALIT\u00e0, MUSICA CON LINO<br \/>\nGIOVEDI 13 GIUGNO PRANZO E CENA, DALLE 21 LA MUSICA DI EROS E KARIM<br \/>\nVENERDI 14 GIUGNO A CENA &#8220;PANET ONTI, WURSTEL PATATINE E BIRRA, PROIEZIONE DEL VIDEO SOSPIROLO-NEPAL IN BICI DI FAUSTO DE POI E DALLE 22 CONCERTO CON I BLACK OUT<br \/>\nSABATO 15 SERATA DANZANTE CON LA SPRITZ BAND, A SEGUIRE DJ MORGAN E BATTAGLIA, CHIUSCO COCKTAIL ALL&#8217;ESTERNO DEL TENDONE<br \/>\nDOMENICA 16 PRANZO ALLE 12, POMERIGGIO CON I GRUPPI BATI ORZ DI SANT TOMASO E FOLK DEL POI<br \/>\nALLA CASA DELLA GIOVENTU&#8217; PESCA DI BENEFICIENZA, IN CHIESA I CORDONI DI SANT&#8217;ANTONIO.<\/p>\n<p>&nbsp;<\/p>\n<p>&nbsp;<\/p>\n<blockquote class=\"wp-embedded-content\" data-secret=\"W8l6RkOp7F\"><p><a href=\"https:\/\/www.radiopiu.net\/wordpress\/colombi-colorati-a-svela-il-vero-picasso-della-famiglia-schena\/\">&#8220;Colombi Colorati: jessica Svela il Vero &#8216;Picasso&#8217; della Famiglia Schena&#8221;<\/a><\/p><\/blockquote>\n<p><iframe loading=\"lazy\" class=\"wp-embedded-content\" sandbox=\"allow-scripts\" security=\"restricted\" style=\"position: absolute; clip: rect(1px, 1px, 1px, 1px);\" title=\"&#8220;&#8220;Colombi Colorati: jessica Svela il Vero &#8216;Picasso&#8217; della Famiglia Schena&#8221;&#8221; &#8212; Radio Pi\u00f9\" src=\"https:\/\/www.radiopiu.net\/wordpress\/colombi-colorati-a-svela-il-vero-picasso-della-famiglia-schena\/embed\/#?secret=YoxBBwS6nW#?secret=W8l6RkOp7F\" data-secret=\"W8l6RkOp7F\" width=\"600\" height=\"338\" frameborder=\"0\" marginwidth=\"0\" marginheight=\"0\" scrolling=\"no\"><\/iframe><\/p>\n<p>&nbsp;<\/p>\n<p>&nbsp;<\/p>\n<hr \/>\n<p>&nbsp;<\/p>\n<p><a class=\"dt-pswp-item\" href=\"https:\/\/www.radiopiu.net\/wordpress\/wp-content\/uploads\/2018\/09\/viabilita.jpeg\" data-dt-img-description=\"\" data-large_image_width=\"800\" data-large_image_height=\"100\"><img loading=\"lazy\" decoding=\"async\" class=\"aligncenter wp-image-61954 size-full\" src=\"https:\/\/www.radiopiu.net\/wordpress\/wp-content\/uploads\/2018\/09\/viabilita.jpeg\" alt=\"\" width=\"800\" height=\"100\" srcset=\"https:\/\/www.radiopiu.net\/wordpress\/wp-content\/uploads\/2018\/09\/viabilita.jpeg 800w, https:\/\/www.radiopiu.net\/wordpress\/wp-content\/uploads\/2018\/09\/viabilita-300x38.jpeg 300w, https:\/\/www.radiopiu.net\/wordpress\/wp-content\/uploads\/2018\/09\/viabilita-768x96.jpeg 768w\" sizes=\"auto, (max-width: 800px) 100vw, 800px\" \/><\/a><\/p>\n<p>&nbsp;<\/p>\n<p><a class=\"dt-pswp-item\" href=\"https:\/\/www.radiopiu.net\/wordpress\/wp-content\/uploads\/2023\/12\/botol-car-service.jpg\" data-dt-img-description=\"\" data-large_image_width=\"600\" data-large_image_height=\"600\"><img loading=\"lazy\" decoding=\"async\" class=\"size-medium wp-image-367044 aligncenter\" src=\"https:\/\/www.radiopiu.net\/wordpress\/wp-content\/uploads\/2023\/12\/botol-car-service-300x300.jpg\" alt=\"\" width=\"300\" height=\"300\" srcset=\"https:\/\/www.radiopiu.net\/wordpress\/wp-content\/uploads\/2023\/12\/botol-car-service-300x300.jpg 300w, https:\/\/www.radiopiu.net\/wordpress\/wp-content\/uploads\/2023\/12\/botol-car-service-150x150.jpg 150w, https:\/\/www.radiopiu.net\/wordpress\/wp-content\/uploads\/2023\/12\/botol-car-service.jpg 600w\" sizes=\"auto, (max-width: 300px) 100vw, 300px\" \/><\/a><\/p>\n<p>&nbsp;<\/p>\n<p>&nbsp;<\/p>\n<h1>BOLLETTINO QUOTIDIANO, CLICCA QUI<\/h1>\n<blockquote class=\"wp-embedded-content\" data-secret=\"wEpGVq6pgG\"><p><a href=\"https:\/\/www.radiopiu.net\/wordpress\/viabilita-2\/\">viabilita<\/a><\/p><\/blockquote>\n<p><iframe loading=\"lazy\" class=\"wp-embedded-content\" sandbox=\"allow-scripts\" security=\"restricted\" style=\"position: absolute; clip: rect(1px, 1px, 1px, 1px);\" title=\"&#8220;viabilita&#8221; &#8212; Radio Pi\u00f9\" src=\"https:\/\/www.radiopiu.net\/wordpress\/viabilita-2\/embed\/#?secret=CQcnZqlu5h#?secret=wEpGVq6pgG\" data-secret=\"wEpGVq6pgG\" width=\"600\" height=\"338\" frameborder=\"0\" marginwidth=\"0\" marginheight=\"0\" scrolling=\"no\"><\/iframe><\/p>\n<p>&nbsp;<\/p>\n<p>&nbsp;<\/p>\n<hr \/>\n<p>&nbsp;<\/p>\n<p><a class=\"dt-pswp-item\" href=\"https:\/\/www.radiopiu.net\/wordpress\/wp-content\/uploads\/2018\/09\/WhatsApp-Image-2018-09-20-at-16.04.06.jpeg\" data-dt-img-description=\"\" data-large_image_width=\"800\" data-large_image_height=\"100\"><img loading=\"lazy\" decoding=\"async\" class=\"wp-image-61378 size-full aligncenter\" src=\"https:\/\/www.radiopiu.net\/wordpress\/wp-content\/uploads\/2018\/09\/WhatsApp-Image-2018-09-20-at-16.04.06.jpeg\" alt=\"\" width=\"800\" height=\"100\" srcset=\"https:\/\/www.radiopiu.net\/wordpress\/wp-content\/uploads\/2018\/09\/WhatsApp-Image-2018-09-20-at-16.04.06.jpeg 800w, https:\/\/www.radiopiu.net\/wordpress\/wp-content\/uploads\/2018\/09\/WhatsApp-Image-2018-09-20-at-16.04.06-300x38.jpeg 300w, https:\/\/www.radiopiu.net\/wordpress\/wp-content\/uploads\/2018\/09\/WhatsApp-Image-2018-09-20-at-16.04.06-768x96.jpeg 768w\" sizes=\"auto, (max-width: 800px) 100vw, 800px\" \/><\/a><\/p>\n<p><center><\/center><center><\/center><center><\/center><center><\/center><center><\/center><center><\/center>&nbsp;<\/p>\n<p><center><\/center><center><\/center><center><\/center><center><\/center><center><\/center><center><\/center><center><b>OGGI<\/b><\/center>Tempo instabile con cielo molto nuvoloso, a tratti coperto, fino al primo pomeriggio. Poi non escluso qualche chance di schiarite, ma saranno brevi in un contesto sempre molto nuvoloso. Come per gioved\u00ec, i fenomeni saranno probabili sia al mattino che al pomeriggio.<br \/>\n<b>Precipitazioni: <\/b>Alta probabilit\u00e0 di fenomeni, anche diffusi e a carattere di rovescio, localmente anche di temporale sulle Prealpi. In 24 ore i cumuli, nonostante la grande variabilit\u00e0 spaziale, saranno ovunque significativi<br \/>\n<b>Temperature: <\/b>In generale lieve calo a tutte le quote con minime osservate alla sera.<\/p>\n<hr \/>\n<p><center><b>DOMANI<\/b><\/center>Al mattino sereno o poco nuvoloso sulle Prealpi, lo stesso sulle Dolomiti, dopo dissolvimento della residua nuvolosit\u00e0 mattutina. Dalle ore centrali in poi attivit\u00e0 cumuliforme irregolare, localmente intensa ed associata a fenomeni convettivi.<br \/>\n<b>Precipitazioni: <\/b>Al mattino assenti. Al pomeriggio probabili rovesci sparsi, localmente temporaleschi sulla fascia prealpina.<br \/>\n<b>Temperature: <\/b>Minime in calo e massime in ripresa.<\/p>\n<hr \/>\n<p><center><b>DOMENICA<\/b><\/center>Al mattino sole e cielo poco nuvoloso, dalle ore centrali in poi riduzione del soleggiamento per attivit\u00e0 cumuliforme irregolare associata a qualche rovescio\/temporale, pi\u00f9 probabile a ridosso del Trentino e Alto Adige, mentre altrove il rischio sar\u00e0 decisamente minore. Temperature in ulteriore lieve aumento.<\/p>\n<hr \/>\n<p><center><b>LUNEDI<\/b><\/center>Al mattino sole e qualche annuvolamento. Al pomeriggio forte riduzione del soleggiamento per moderata\/forte attivit\u00e0 cumuliforme e insidia rovesci e temporali sparsi. Temperature massime in lieve flessione.<\/p>\n<p>&nbsp;<\/p>\n<hr \/>\n<p>&nbsp;<\/p>\n<p><img loading=\"lazy\" decoding=\"async\" class=\"wp-image-60761 size-full aligncenter\" src=\"https:\/\/www.radiopiu.net\/wordpress\/wp-content\/uploads\/2018\/09\/sport.jpg\" alt=\"\" width=\"800\" height=\"100\" srcset=\"https:\/\/www.radiopiu.net\/wordpress\/wp-content\/uploads\/2018\/09\/sport.jpg 800w, https:\/\/www.radiopiu.net\/wordpress\/wp-content\/uploads\/2018\/09\/sport-300x38.jpg 300w, https:\/\/www.radiopiu.net\/wordpress\/wp-content\/uploads\/2018\/09\/sport-768x96.jpg 768w\" sizes=\"auto, (max-width: 800px) 100vw, 800px\" \/><\/p>\n<p>&nbsp;<\/p>\n<h3><span style=\"color: #0000ff;\">MOTORI\u00a0<\/span><\/h3>\n<blockquote>\n<h3>Andrea e Diego Tornano in Pista a Imola con la Lamborghini Huracan<\/h3>\n<\/blockquote>\n<div class=\"flex flex-grow flex-col max-w-full\">\n<div class=\"min-h-[20px] text-message flex flex-col items-start whitespace-pre-wrap break-words [.text-message+&amp;]:mt-5 juice:w-full juice:items-end overflow-x-auto gap-2\" dir=\"auto\" data-message-author-role=\"assistant\" data-message-id=\"9e314030-f123-447c-9640-1b83423e9bbb\">\n<div class=\"flex w-full flex-col gap-1 juice:empty:hidden juice:first:pt-[3px]\">\n<div class=\"markdown prose w-full break-words dark:prose-invert dark\">\n<p><img loading=\"lazy\" decoding=\"async\" class=\"alignleft\" src=\"https:\/\/www.radiopiu.net\/wordpress\/wp-content\/uploads\/2024\/05\/0c2dadf6-efb3-69f7-bd1e-2e3997e10f6e.jpg\" width=\"270\" height=\"273\" \/>Questo fine settimana, Andrea Fontana torner\u00e0 al volante della Lamborghini Huracan ST Evo2 di DL Racing all&#8217;Autodromo Enzo e Dino Ferrari in Imola. Dopo un promettente inizio di stagione a Misano, con un secondo e un quarto posto, Andrea condivider\u00e0 l&#8217;abitacolo con Diego Locanto, patron del team. Con il cambio di line-up dovuto a un problema di Stefano Gattuso, Andrea affronter\u00e0 la sfida di coach-driver per aiutare Diego a riabituarsi alla vettura GT.<\/p>\n<div class=\"flex flex-grow flex-col max-w-full\">\n<div class=\"min-h-[20px] text-message flex flex-col items-start whitespace-pre-wrap break-words [.text-message+&amp;]:mt-5 juice:w-full juice:items-end overflow-x-auto gap-2\" dir=\"auto\" data-message-author-role=\"assistant\" data-message-id=\"e45ed35b-e1f0-483d-8f61-8899a86c4971\">\n<div class=\"flex w-full flex-col gap-1 juice:empty:hidden juice:first:pt-[3px]\">\n<div class=\"markdown prose w-full break-words dark:prose-invert dark\">\n<p>Il secondo appuntamento del campionato si terr\u00e0\u00a0 dunque all&#8217;Autodromo Enzo e Dino Ferrari in Imola, una pista insidiosa e imprevedibile. Diego Locanto dovr\u00e0 adattarsi rapidamente alla vettura, sfruttando l&#8217;esperienza di Andrea Fontana come coach-driver. Andrea, a causa di un cambio di line-up improvviso, dovr\u00e0 massimizzare il tempo di prove libere per aiutare Diego a familiarizzare con la guida della GT.<\/p>\n<blockquote>\n<h3 style=\"text-align: center;\"><em>Intenso Weekend di Gare a Imola per la GT Cup<\/em><\/h3>\n<p style=\"text-align: center;\"><em>Il fine settimana di Imola vedr\u00e0 55 vetture in pista: venerd\u00ec per le prove libere, sabato mattina per due turni di qualifiche, e gara 1 nel pomeriggio alle 18:40. Gara 2 chiuder\u00e0 il programma domenica alle 16:30.<\/em><\/p>\n<\/blockquote>\n<\/div>\n<\/div>\n<\/div>\n<\/div>\n<\/div>\n<\/div>\n<\/div>\n<\/div>\n<p>&nbsp;<\/p>\n<p>&nbsp;<\/p>\n<p>&nbsp;<\/p>\n<p><span style=\"color: #0000ff;\"><strong>BASKET<\/strong><\/span><\/p>\n<blockquote>\n<h3>I MIGLIORI TALENTI DEL BASKET TORNANO A DOMEGGE<\/h3>\n<\/blockquote>\n<p><a class=\"dt-pswp-item\" href=\"https:\/\/www.radiopiu.net\/wordpress\/wp-content\/uploads\/2024\/05\/Italia-21-Torneo-Internazionale-Domegge-2023.jpg\" data-dt-img-description=\"\" data-large_image_width=\"1600\" data-large_image_height=\"1200\"><img loading=\"lazy\" decoding=\"async\" class=\" wp-image-392540 alignleft\" src=\"https:\/\/www.radiopiu.net\/wordpress\/wp-content\/uploads\/2024\/05\/Italia-21-Torneo-Internazionale-Domegge-2023-300x225.jpg\" alt=\"\" width=\"149\" height=\"112\" srcset=\"https:\/\/www.radiopiu.net\/wordpress\/wp-content\/uploads\/2024\/05\/Italia-21-Torneo-Internazionale-Domegge-2023-300x225.jpg 300w, https:\/\/www.radiopiu.net\/wordpress\/wp-content\/uploads\/2024\/05\/Italia-21-Torneo-Internazionale-Domegge-2023-1024x768.jpg 1024w, https:\/\/www.radiopiu.net\/wordpress\/wp-content\/uploads\/2024\/05\/Italia-21-Torneo-Internazionale-Domegge-2023-768x576.jpg 768w, https:\/\/www.radiopiu.net\/wordpress\/wp-content\/uploads\/2024\/05\/Italia-21-Torneo-Internazionale-Domegge-2023-1536x1152.jpg 1536w, https:\/\/www.radiopiu.net\/wordpress\/wp-content\/uploads\/2024\/05\/Italia-21-Torneo-Internazionale-Domegge-2023.jpg 1600w\" sizes=\"auto, (max-width: 149px) 100vw, 149px\" \/><\/a>Il grande basket internazionale torna in Cadore per la 22\u00aa edizione del Torneo \u201cMemorial Vigilio De Silvestro \u2013 Trofeo Bepi Meneghin\u201d, che si terr\u00e0 dal 5 al 7 luglio 2024 al palazzetto Mario Cian Toma di Domegge. Parteciperanno le Nazionali Under 20 di Italia, Spagna, Slovenia e Grecia. Gli azzurrini di coach Paolo Galbiati concluderanno a Domegge il ritiro pre-Europei U20, che si terranno in Polonia dal 13 al 21 luglio. Organizzato dal Consorzio Promozione Turistica \u201cCadore Dolomiti\u201d con il Comune di Domegge e il Valbelluna Basket, il Torneo \u00e8 uno degli eventi giovanili pi\u00f9 prestigiosi d&#8217;Europa<\/p>\n<p>&nbsp;<\/p>\n<p><span style=\"color: #0000ff;\"><strong>ATLETICA<\/strong><\/span><\/p>\n<blockquote>\n<h3>A BORGO VALBELLUNA IL FESTIVAL DEL MEZZOFONDO<\/h3>\n<\/blockquote>\n<p><a class=\"dt-pswp-item\" href=\"https:\/\/www.radiopiu.net\/wordpress\/wp-content\/uploads\/2024\/05\/Borgo-Valbelluna_stadio_1.jpg\" data-dt-img-description=\"\" data-large_image_width=\"1024\" data-large_image_height=\"576\"><img loading=\"lazy\" decoding=\"async\" class=\" wp-image-392541 alignleft\" src=\"https:\/\/www.radiopiu.net\/wordpress\/wp-content\/uploads\/2024\/05\/Borgo-Valbelluna_stadio_1-300x169.jpg\" alt=\"\" width=\"144\" height=\"81\" srcset=\"https:\/\/www.radiopiu.net\/wordpress\/wp-content\/uploads\/2024\/05\/Borgo-Valbelluna_stadio_1-300x169.jpg 300w, https:\/\/www.radiopiu.net\/wordpress\/wp-content\/uploads\/2024\/05\/Borgo-Valbelluna_stadio_1-768x432.jpg 768w, https:\/\/www.radiopiu.net\/wordpress\/wp-content\/uploads\/2024\/05\/Borgo-Valbelluna_stadio_1.jpg 1024w\" sizes=\"auto, (max-width: 144px) 100vw, 144px\" \/><\/a>Il Festival del Mezzofondo \u2013 1\u00b0 Memorial \u201cLuana Gorza\u201d vedr\u00e0 la partecipazione di trecento atleti provenienti da tutta Italia, oggi allo stadio comunale di Borgo Valbelluna. Organizzato dal Gs La Piave 2000 con AISLA Belluno, l&#8217;evento \u00e8 la 2\u00aa tappa del circuito Dolomiting 2024 e includer\u00e0 gare di mezzofondo, velocit\u00e0 e ostacoli. Le categorie in gara saranno ragazzi, cadetti e assoluti, con una prova dimostrativa di 600 metri per gli Esordienti A della provincia di Belluno. Cinquanta club parteciperanno, e quello con pi\u00f9 giovani atleti vincer\u00e0 il 1\u00b0 Trofeo AISLA Belluno. Tra gli iscritti, spiccano i campioni italiani Isabella Calzolari e Jacopo Cinquegrani, e la star locale Elena Nessenzia. Nicolas De Lorenzi e Mihail Sirbu competeranno nei 5000 metri. Le gare inizieranno alle 16.15 con i giovani e dalle 17.35 per gli assoluti, includendo eventi come 110 ostacoli, 200, 800, e 5000 metri maschili, e 100 ostacoli, 200, 1500, e 3000 metri femminili.<\/p>\n<p>&nbsp;<\/p>\n<p><span style=\"color: #0000ff;\"><strong>CORSA IN MONTAGNA <\/strong><\/span><\/p>\n<blockquote>\n<h3>VERSO LA 4 PAS IN DOI, E I &#8220;DOI BOCOI&#8221;&#8230;TRA LE MONTAGNE DI AGORDO<\/h3>\n<\/blockquote>\n<p><span style=\"color: #0000ff;\"><strong>2024, puntata 03<\/strong><\/span><\/p>\n<p><strong>AGORDO <\/strong><strong>&#8230; CON MARTA MORETTI<\/strong><\/p>\n<audio class=\"wp-audio-shortcode\" id=\"audio-392409-20\" preload=\"none\" style=\"width: 100%;\" controls=\"controls\"><source type=\"audio\/mpeg\" src=\"https:\/\/www.radiopiu.net\/wordpress\/wp-content\/uploads\/2024\/05\/MARTA.mp3?_=20\" \/><a href=\"https:\/\/www.radiopiu.net\/wordpress\/wp-content\/uploads\/2024\/05\/MARTA.mp3\">https:\/\/www.radiopiu.net\/wordpress\/wp-content\/uploads\/2024\/05\/MARTA.mp3<\/a><\/audio>\n<p>&nbsp;<\/p>\n<p><span style=\"color: #0000ff;\"><strong>2024, puntata 02<\/strong><\/span><\/p>\n<p><strong>AGORDO <\/strong><strong>&#8230; CON MARTA MORETTI<\/strong><\/p>\n<audio class=\"wp-audio-shortcode\" id=\"audio-392409-21\" preload=\"none\" style=\"width: 100%;\" controls=\"controls\"><source type=\"audio\/mpeg\" src=\"https:\/\/www.radiopiu.net\/wordpress\/wp-content\/uploads\/2024\/05\/MARTA-MORETTI1.mp3?_=21\" \/><a href=\"https:\/\/www.radiopiu.net\/wordpress\/wp-content\/uploads\/2024\/05\/MARTA-MORETTI1.mp3\">https:\/\/www.radiopiu.net\/wordpress\/wp-content\/uploads\/2024\/05\/MARTA-MORETTI1.mp3<\/a><\/audio>\n<p>&nbsp;<\/p>\n<p><span style=\"color: #0000ff;\"><strong>2024, puntata 01<\/strong><\/span><\/p>\n<p><strong>AGORDO <\/strong><strong>&#8230; CON MARTA MORETTI<\/strong><\/p>\n<h3><a class=\"dt-pswp-item\" href=\"https:\/\/www.radiopiu.net\/wordpress\/wp-content\/uploads\/2024\/05\/image.jpeg\" data-dt-img-description=\"\" data-large_image_width=\"667\" data-large_image_height=\"1000\"><img loading=\"lazy\" decoding=\"async\" class=\"wp-image-391575 alignleft\" src=\"https:\/\/www.radiopiu.net\/wordpress\/wp-content\/uploads\/2024\/05\/image-200x300.jpeg\" alt=\"\" width=\"125\" height=\"188\" srcset=\"https:\/\/www.radiopiu.net\/wordpress\/wp-content\/uploads\/2024\/05\/image-200x300.jpeg 200w, https:\/\/www.radiopiu.net\/wordpress\/wp-content\/uploads\/2024\/05\/image.jpeg 667w\" sizes=\"auto, (max-width: 125px) 100vw, 125px\" \/><\/a>Aperte le Iscrizioni per la \u201c4 Pas in Doi Bocoi\u201d<\/h3>\n<p>Sono aperte le iscrizioni per la \u201c4 pas in doi bocoi\u201d, una passeggiata enogastronomica di 6 km nell\u2019Agordino, parte dell\u2019evento \u201c4 pas in doi\u201d che si terr\u00e0 il 2 giugno 2024. Organizzato dalla Pro Loco di Agordo, l&#8217;evento include una gara competitiva di 16 km e due non competitive di 16 km e 6 km. La \u201c4 pas in doi bocoi\u201d \u00e8 adatta a tutta la famiglia e offre quattro tappe culinarie con prodotti tipici locali. Ogni partecipante ricever\u00e0 una tazza in latta personalizzata come ricordo. La quota di iscrizione \u00e8 di \u20ac 25,00 per adulti e \u20ac 15,00 per bambini sotto i 4 anni. La manifestazione si svolger\u00e0 nel \u201cBroi\u201d di Agordo, con le Dolomiti come sfondo. Per ulteriori informazioni, visitare <a href=\"http:\/\/www.4pasindoi.it\/\" target=\"_new\" rel=\"noreferrer noopener\">www.4pasindoi.it<\/a> o le pagine social dell\u2019evento.<\/p>\n<p>&nbsp;<\/p>\n<p>&nbsp;<\/p>\n<p>&nbsp;<\/p>\n<hr \/>\n<p>&nbsp;<\/p>\n<h2><span style=\"color: #800080;\">GOODBYE BY BICICLE&#8230;UN VIAGGIO DALL&#8217;INDIA A SEREN DEL GRAPPA IN BICICLETTA<\/span><\/h2>\n<p><span style=\"color: #ff0000;\"><strong>PUNTATA 15 &#8211; I PRIMI GIORNI IN NEPAL<\/strong><\/span><\/p>\n<audio class=\"wp-audio-shortcode\" id=\"audio-392409-22\" preload=\"none\" style=\"width: 100%;\" controls=\"controls\"><source type=\"audio\/mpeg\" src=\"https:\/\/www.radiopiu.net\/wordpress\/wp-content\/uploads\/2024\/05\/AIRE-INDIA-PUNTATA-15.mp3?_=22\" \/><a href=\"https:\/\/www.radiopiu.net\/wordpress\/wp-content\/uploads\/2024\/05\/AIRE-INDIA-PUNTATA-15.mp3\">https:\/\/www.radiopiu.net\/wordpress\/wp-content\/uploads\/2024\/05\/AIRE-INDIA-PUNTATA-15.mp3<\/a><\/audio>\n<p>&nbsp;<\/p>\n<p><strong>PER VISITARE I SITI DEI LUOGHI VISITATI, CLICCA SULLE SEGUENTI SCRITTE: <a href=\"https:\/\/bardianationalpark.gov.np\/en\/\"><span style=\"color: #3366ff;\">BARDIA NATIONAL PARK<\/span><\/a>\u00a0 \u00a0<a href=\"https:\/\/www.facebook.com\/sanjeevanifoundationnepal\"><span style=\"color: #3366ff;\">SANJE EVANI FOUNDATION<\/span><\/a><\/strong><\/p>\n\n\t\t\t<style type='text\/css'>\n\t\t\t\t#gallery-3 {\n\t\t\t\t\tmargin: auto;\n\t\t\t\t}\n\t\t\t\t#gallery-3 .gallery-item {\n\t\t\t\t\tfloat: left;\n\t\t\t\t\tmargin-top: 10px;\n\t\t\t\t\ttext-align: center;\n\t\t\t\t\twidth: 33%;\n\t\t\t\t}\n\t\t\t\t#gallery-3 img {\n\t\t\t\t\tborder: 2px solid #cfcfcf;\n\t\t\t\t}\n\t\t\t\t#gallery-3 .gallery-caption {\n\t\t\t\t\tmargin-left: 0;\n\t\t\t\t}\n\t\t\t\t\/* see gallery_shortcode() in wp-includes\/media.php *\/\n\t\t\t<\/style>\n\t\t<div id='gallery-3' class='dt-gallery-container gallery galleryid-392409 gallery-columns-3 gallery-size-thumbnail'><dl class='gallery-item'>\n\t\t\t\t<dt class='gallery-icon landscape'>\n\t\t\t\t\t<a class=\"rollover rollover-zoom dt-pswp-item\" title=\"77cdcdf9-10c4-4c98-a8c4-e2141b44b458\" data-dt-img-description=\"\" data-large_image_width=\"1600\" data-large_image_height=\"1200\"href='https:\/\/www.radiopiu.net\/wordpress\/wp-content\/uploads\/2024\/05\/77cdcdf9-10c4-4c98-a8c4-e2141b44b458.jpg'><img loading=\"lazy\" decoding=\"async\" width=\"150\" height=\"150\" src=\"https:\/\/www.radiopiu.net\/wordpress\/wp-content\/uploads\/2024\/05\/77cdcdf9-10c4-4c98-a8c4-e2141b44b458-150x150.jpg\" class=\"attachment-thumbnail size-thumbnail\" alt=\"\" \/><\/a>\n\t\t\t\t<\/dt><\/dl><dl class='gallery-item'>\n\t\t\t\t<dt class='gallery-icon landscape'>\n\t\t\t\t\t<a class=\"rollover rollover-zoom dt-pswp-item\" title=\"832335e2-841e-449d-92e9-ca21d7c5ed82\" data-dt-img-description=\"\" data-large_image_width=\"1600\" data-large_image_height=\"1200\"href='https:\/\/www.radiopiu.net\/wordpress\/wp-content\/uploads\/2024\/05\/832335e2-841e-449d-92e9-ca21d7c5ed82.jpg'><img loading=\"lazy\" decoding=\"async\" width=\"150\" height=\"150\" src=\"https:\/\/www.radiopiu.net\/wordpress\/wp-content\/uploads\/2024\/05\/832335e2-841e-449d-92e9-ca21d7c5ed82-150x150.jpg\" class=\"attachment-thumbnail size-thumbnail\" alt=\"\" \/><\/a>\n\t\t\t\t<\/dt><\/dl><dl class='gallery-item'>\n\t\t\t\t<dt class='gallery-icon landscape'>\n\t\t\t\t\t<a class=\"rollover rollover-zoom dt-pswp-item\" title=\"a0939792-5218-43fa-be75-522b11df7034\" data-dt-img-description=\"\" data-large_image_width=\"1600\" data-large_image_height=\"1200\"href='https:\/\/www.radiopiu.net\/wordpress\/wp-content\/uploads\/2024\/05\/a0939792-5218-43fa-be75-522b11df7034.jpg'><img loading=\"lazy\" decoding=\"async\" width=\"150\" height=\"150\" src=\"https:\/\/www.radiopiu.net\/wordpress\/wp-content\/uploads\/2024\/05\/a0939792-5218-43fa-be75-522b11df7034-150x150.jpg\" class=\"attachment-thumbnail size-thumbnail\" alt=\"\" \/><\/a>\n\t\t\t\t<\/dt><\/dl><br style=\"clear: both\" \/>\n\t\t\t<\/div>\n\n<p>&nbsp;<\/p>\n<p>&nbsp;<\/p>\n","protected":false},"excerpt":{"rendered":"<p>****** &nbsp; PER RICEVERE QUESTO NOTIZIARIO DIRETTAMENTE SUL TUO CELLULARE ISCRIVITI AL CANALE TELEGRAM \u201cRADIO PIU\u00a0 INFORMAZIONE&#8221;\u00a0 \u00a0il CANALE TELEGRAM&#8230; UNISCITI A: RADIO PIU INFORMAZIONE &nbsp; &nbsp; &nbsp; &nbsp; &nbsp; ACQUA INQUINATA A LIVINALLONGO &nbsp; LIVINALLONGO DEL COL DI LANA in localit\u00e0 COLLAZ l&#8217;acqua erogata dall&#8217;acquedotto non \u00e8 potabile e non pu\u00f2 essere usata per&hellip;<\/p>\n","protected":false},"author":4,"featured_media":392572,"comment_status":"closed","ping_status":"closed","sticky":false,"template":"","format":"standard","meta":{"_monsterinsights_skip_tracking":false,"_monsterinsights_sitenote_active":false,"_monsterinsights_sitenote_note":"","_monsterinsights_sitenote_category":0,"footnotes":""},"categories":[51,86,49],"tags":[],"class_list":["post-392409","post","type-post","status-publish","format-standard","has-post-thumbnail","hentry","category-evidenza-top","category-gr","category-news-18","category-51","category-86","category-49","description-off"],"img_url":"https:\/\/www.radiopiu.net\/wordpress\/wp-content\/uploads\/2024\/05\/c44e56bd-2030-4d8d-b381-8b5b7a18a5d4.jpg","_links":{"self":[{"href":"https:\/\/www.radiopiu.net\/wordpress\/wp-json\/wp\/v2\/posts\/392409","targetHints":{"allow":["GET"]}}],"collection":[{"href":"https:\/\/www.radiopiu.net\/wordpress\/wp-json\/wp\/v2\/posts"}],"about":[{"href":"https:\/\/www.radiopiu.net\/wordpress\/wp-json\/wp\/v2\/types\/post"}],"author":[{"embeddable":true,"href":"https:\/\/www.radiopiu.net\/wordpress\/wp-json\/wp\/v2\/users\/4"}],"replies":[{"embeddable":true,"href":"https:\/\/www.radiopiu.net\/wordpress\/wp-json\/wp\/v2\/comments?post=392409"}],"version-history":[{"count":0,"href":"https:\/\/www.radiopiu.net\/wordpress\/wp-json\/wp\/v2\/posts\/392409\/revisions"}],"wp:featuredmedia":[{"embeddable":true,"href":"https:\/\/www.radiopiu.net\/wordpress\/wp-json\/wp\/v2\/media\/392572"}],"wp:attachment":[{"href":"https:\/\/www.radiopiu.net\/wordpress\/wp-json\/wp\/v2\/media?parent=392409"}],"wp:term":[{"taxonomy":"category","embeddable":true,"href":"https:\/\/www.radiopiu.net\/wordpress\/wp-json\/wp\/v2\/categories?post=392409"},{"taxonomy":"post_tag","embeddable":true,"href":"https:\/\/www.radiopiu.net\/wordpress\/wp-json\/wp\/v2\/tags?post=392409"}],"curies":[{"name":"wp","href":"https:\/\/api.w.org\/{rel}","templated":true}]}}