{"id":392479,"date":"2024-05-31T05:33:21","date_gmt":"2024-05-31T03:33:21","guid":{"rendered":"https:\/\/www.radiopiu.net\/wordpress\/?p=392479"},"modified":"2024-06-01T07:35:29","modified_gmt":"2024-06-01T05:35:29","slug":"pane-ad-agordo-chiude-anche-lultimo-negozio-in-centro","status":"publish","type":"post","link":"https:\/\/www.radiopiu.net\/wordpress\/pane-ad-agordo-chiude-anche-lultimo-negozio-in-centro\/","title":{"rendered":"PANE AD AGORDO, CHIUDE ANCHE L&#8217;ULTIMO NEGOZIO IN CENTRO"},"content":{"rendered":"<p>***<\/p>\n<blockquote>\n<h3>AGORDO&#8230; PANE E OCCHIALI? DA DOMANI SOLO OCCHIALI, IL PANE SI &#8220;IMPORTA&#8221;<\/h3>\n<\/blockquote>\n<p>&nbsp;<\/p>\n<p><strong><a class=\"dt-pswp-item\" href=\"https:\/\/www.radiopiu.net\/wordpress\/wp-content\/uploads\/2024\/05\/22222222.png\" data-dt-img-description=\"\" data-large_image_width=\"518\" data-large_image_height=\"345\"><img loading=\"lazy\" decoding=\"async\" class=\"size-medium wp-image-392481 alignleft\" src=\"https:\/\/www.radiopiu.net\/wordpress\/wp-content\/uploads\/2024\/05\/22222222-300x200.png\" alt=\"\" width=\"300\" height=\"200\" srcset=\"https:\/\/www.radiopiu.net\/wordpress\/wp-content\/uploads\/2024\/05\/22222222-300x200.png 300w, https:\/\/www.radiopiu.net\/wordpress\/wp-content\/uploads\/2024\/05\/22222222.png 518w\" sizes=\"auto, (max-width: 300px) 100vw, 300px\" \/><\/a>AGORDO<\/strong>\u00a0 C&#8217;erano una volta i panifici, plurale. Oggi non pi\u00f9. A Taibon hanno chiuso uno dietro l&#8217;altro, gli storici panettieri sono ormai un ricordo. Fortunatamente ci ha pensato\u00a0 Gianluca con la Napi Wine e Beer a portare il pane sulla &#8220;porta di casa&#8221; e quello buono a chilometri&#8230; pochi, direttamente\u00a0 dal Forner di William Da Roit da La Valle Agordina.\u00a0 Agordo dunque segue a ruota, con la chiusura del negozio di Monica e della famiglia Carlin si chiude un&#8217;epoca. Quindi il pane ad Agordo? Al centro commerciale Ganz resiste la famiglia dei &#8220;Crock&#8221; col famoso forno di Canale d&#8217;Agordo.\u00a0 A Toccol il pane locale \u00e8 quello di Renato Orzetti di Rivamonte, alla latteria Agordina. Oppure il pane da\u00a0 Supermercato, perch\u00e9\u00a0 quelli grazie alle &#8220;politiche&#8221; del passato non mancano, anzi il territorio segna un quasi record tra Le Campe e Morbiach di Cencenighe, passando ovviamente per la localit\u00e0 Valcozzena, zona industriale Luxottica. Politiche degli anni scorsi che hanno depauperato il territorio di attivit\u00e0 importanti per la collettivit\u00e0, per la comunit\u00e0.<\/p>\n<blockquote><p><em><strong>PANIFICIO CARLIN<\/strong>&#8230; dal 1905 a Toccol di Agordo, e come se si chiude un&#8217;epoca dall&#8217;allora forno dei Leone Carlin, attivit\u00e0 famigliare presa poi in mano da Cesare Carlin con la moglie Mariella e quindi, fino ad oggi con Monica Carlin e il marito Stefano che per anni hanno garantito pane fresco ad Agordo e distribuzione nell&#8217;elegante punto vendita di via Cesare Battisti. A voi, grazie per l&#8217;impegno e &#8230; buona nuova vita.<\/em><\/p><\/blockquote>\n<p>mirko<\/p>\n<p>&nbsp;<\/p>\n<p>LA BELLA NOTIZIA&#8230;<\/p>\n<p>Un&#8217;altra sfida importante da partita iva, con Diana che sabato apre il nuovo ufficio di Vicolo Crotta, gi\u00e0 di Bimbissimi e della famiglia De Zorzi.<\/p>\n<p><strong>L&#8217;INTERVISTA ALLA RADIO\u00a0<\/strong><\/p>\n<audio class=\"wp-audio-shortcode\" id=\"audio-392479-1\" preload=\"none\" style=\"width: 100%;\" controls=\"controls\"><source type=\"audio\/mpeg\" src=\"https:\/\/www.radiopiu.net\/wordpress\/wp-content\/uploads\/2024\/04\/DIANA-E-PASQUALE.mp3?_=1\" \/><a href=\"https:\/\/www.radiopiu.net\/wordpress\/wp-content\/uploads\/2024\/04\/DIANA-E-PASQUALE.mp3\">https:\/\/www.radiopiu.net\/wordpress\/wp-content\/uploads\/2024\/04\/DIANA-E-PASQUALE.mp3<\/a><\/audio>\n<p>&nbsp;<\/p>\n<p><a class=\"dt-pswp-item\" href=\"https:\/\/www.radiopiu.net\/wordpress\/wp-content\/uploads\/2024\/05\/5911f7e0-6c6b-4fdc-b330-6da4daf26057.jpg\" data-dt-img-description=\"\" data-large_image_width=\"1127\" data-large_image_height=\"1600\"><img loading=\"lazy\" decoding=\"async\" class=\"size-medium wp-image-392418 aligncenter\" src=\"https:\/\/www.radiopiu.net\/wordpress\/wp-content\/uploads\/2024\/05\/5911f7e0-6c6b-4fdc-b330-6da4daf26057-211x300.jpg\" alt=\"\" width=\"211\" height=\"300\" srcset=\"https:\/\/www.radiopiu.net\/wordpress\/wp-content\/uploads\/2024\/05\/5911f7e0-6c6b-4fdc-b330-6da4daf26057-211x300.jpg 211w, https:\/\/www.radiopiu.net\/wordpress\/wp-content\/uploads\/2024\/05\/5911f7e0-6c6b-4fdc-b330-6da4daf26057-721x1024.jpg 721w, https:\/\/www.radiopiu.net\/wordpress\/wp-content\/uploads\/2024\/05\/5911f7e0-6c6b-4fdc-b330-6da4daf26057-768x1090.jpg 768w, https:\/\/www.radiopiu.net\/wordpress\/wp-content\/uploads\/2024\/05\/5911f7e0-6c6b-4fdc-b330-6da4daf26057-1082x1536.jpg 1082w, https:\/\/www.radiopiu.net\/wordpress\/wp-content\/uploads\/2024\/05\/5911f7e0-6c6b-4fdc-b330-6da4daf26057.jpg 1127w\" sizes=\"auto, (max-width: 211px) 100vw, 211px\" \/><\/a><\/p>\n<p>&nbsp;<\/p>\n<p>___<\/p>\n","protected":false},"excerpt":{"rendered":"<p>*** AGORDO&#8230; PANE E OCCHIALI? DA DOMANI SOLO OCCHIALI, IL PANE SI &#8220;IMPORTA&#8221; &nbsp; AGORDO\u00a0 C&#8217;erano una volta i panifici, plurale. Oggi non pi\u00f9. A Taibon hanno chiuso uno dietro l&#8217;altro, gli storici panettieri sono ormai un ricordo. Fortunatamente ci ha pensato\u00a0 Gianluca con la Napi Wine e Beer a portare il pane sulla &#8220;porta&hellip;<\/p>\n","protected":false},"author":4,"featured_media":392481,"comment_status":"closed","ping_status":"closed","sticky":false,"template":"","format":"standard","meta":{"_monsterinsights_skip_tracking":false,"_monsterinsights_sitenote_active":false,"_monsterinsights_sitenote_note":"","_monsterinsights_sitenote_category":0,"footnotes":""},"categories":[104,49],"tags":[],"class_list":["post-392479","post","type-post","status-publish","format-standard","has-post-thumbnail","hentry","category-evidenza_3","category-news-18","category-104","category-49","description-off"],"img_url":"https:\/\/www.radiopiu.net\/wordpress\/wp-content\/uploads\/2024\/05\/22222222.png","_links":{"self":[{"href":"https:\/\/www.radiopiu.net\/wordpress\/wp-json\/wp\/v2\/posts\/392479","targetHints":{"allow":["GET"]}}],"collection":[{"href":"https:\/\/www.radiopiu.net\/wordpress\/wp-json\/wp\/v2\/posts"}],"about":[{"href":"https:\/\/www.radiopiu.net\/wordpress\/wp-json\/wp\/v2\/types\/post"}],"author":[{"embeddable":true,"href":"https:\/\/www.radiopiu.net\/wordpress\/wp-json\/wp\/v2\/users\/4"}],"replies":[{"embeddable":true,"href":"https:\/\/www.radiopiu.net\/wordpress\/wp-json\/wp\/v2\/comments?post=392479"}],"version-history":[{"count":0,"href":"https:\/\/www.radiopiu.net\/wordpress\/wp-json\/wp\/v2\/posts\/392479\/revisions"}],"wp:featuredmedia":[{"embeddable":true,"href":"https:\/\/www.radiopiu.net\/wordpress\/wp-json\/wp\/v2\/media\/392481"}],"wp:attachment":[{"href":"https:\/\/www.radiopiu.net\/wordpress\/wp-json\/wp\/v2\/media?parent=392479"}],"wp:term":[{"taxonomy":"category","embeddable":true,"href":"https:\/\/www.radiopiu.net\/wordpress\/wp-json\/wp\/v2\/categories?post=392479"},{"taxonomy":"post_tag","embeddable":true,"href":"https:\/\/www.radiopiu.net\/wordpress\/wp-json\/wp\/v2\/tags?post=392479"}],"curies":[{"name":"wp","href":"https:\/\/api.w.org\/{rel}","templated":true}]}}