{"id":392533,"date":"2024-07-23T05:34:33","date_gmt":"2024-07-23T03:34:33","guid":{"rendered":"https:\/\/www.radiopiu.net\/wordpress\/?p=392533"},"modified":"2024-07-23T05:48:33","modified_gmt":"2024-07-23T03:48:33","slug":"aspost","status":"publish","type":"post","link":"https:\/\/www.radiopiu.net\/wordpress\/aspost\/","title":{"rendered":"AGORDO: Disservizi all&#8217;Ufficio Postale, la denuncia del sindacalista"},"content":{"rendered":"<p>***<\/p>\n<blockquote>\n<h3><em>Gli sportellisti gi\u00e0 con i loro problemi sul camper,\u00a0 non hanno responsabilit\u00e0 sulla mancata consegna della raccomandate o dei pacchi.<\/em><\/h3>\n<\/blockquote>\n<p><strong>AGORDO\u00a0<\/strong> Ci sono ancora problemi all&#8217;ufficio postale di Agordo, negli uffici di\u00a0 Viale Sommariva, ergo&#8230; nel camper che fa le veci dello storico ufficio. La denuncia arriva dal sindacalista\u00a0Adriano Musolino (SLC CGIL). <em>&#8220;Questa mattina lunedi &#8211; ci racconta &#8211; 2000 pezzi in giacenza tra pacchi e raccomandate, la posta ferma da giorni e giorni,\u00a0 con il preposto (direttore) in ferie e siamo nel momento peggiore con il picco dei pacchi e la carenza di personale&#8221;.\u00a0<\/em>E&#8217; un&#8217;importante responsabilit\u00e0 aziendale, lo sa Musolino che ha parlato con i vertici provinciali &#8220;<em>Qui si rischia l&#8217;interruzione di pubblico servizio. I Dirigenti mi rispondono che conscono i problemi, che l&#8217;organigramma va cambiato. Ma questo \u00e8 il risultato, non da ieri, da oltre un anno e mezzo&#8221;. <\/em>Per l&#8217;ennesima volta la parte sindacale ribadisce i problemi di sempre mentre gli utenti si lamentano per la posta che non arriva, i pacchi che non arrivano con la posta ferma da giorni.<em> &#8220;L&#8217;azienda &#8211; conclude Musolino &#8211; continua ad afferma che interverr\u00e0, ma non lo fa. Gi\u00e0 c&#8217;\u00e8 stata la visita dello Spisal, non ci rimane che interessare l&#8217;ispettorato del lavoro. Intanto i colleghi sono sempre l\u00ec, nel camper e chi paga \u00e8 l&#8217;utente finale che si trova difronte un&#8217;unica sportellista&#8221;<\/em><\/p>\n<p>&nbsp;<\/p>\n<p>&nbsp;<\/p>\n<p><span style=\"color: #ff0000;\"><strong>ARCHIVIO RADIOPIU<\/strong><\/span><\/p>\n<blockquote class=\"wp-embedded-content\" data-secret=\"9vNzMmm6pT\"><p><a href=\"https:\/\/www.radiopiu.net\/wordpress\/ufficio-postale-di-agordo-disservizi-postali-ad-agordo\/\">POSTE AD AGORDO, GRAVI CRITICITA&#8217; DI SICUREZZA, SCATTA LA DENUNCIA SINDACALE<\/a><\/p><\/blockquote>\n<p><iframe loading=\"lazy\" class=\"wp-embedded-content\" sandbox=\"allow-scripts\" security=\"restricted\" style=\"position: absolute; visibility: hidden;\" title=\"&#8220;POSTE AD AGORDO, GRAVI CRITICITA&#8217; DI SICUREZZA, SCATTA LA DENUNCIA SINDACALE&#8221; &#8212; Radio Pi\u00f9\" src=\"https:\/\/www.radiopiu.net\/wordpress\/ufficio-postale-di-agordo-disservizi-postali-ad-agordo\/embed\/#?secret=VL6a4BU3Wd#?secret=9vNzMmm6pT\" data-secret=\"9vNzMmm6pT\" width=\"600\" height=\"338\" frameborder=\"0\" marginwidth=\"0\" marginheight=\"0\" scrolling=\"no\"><\/iframe><\/p>\n<p>:::_______<\/p>\n","protected":false},"excerpt":{"rendered":"<p>*** Gli sportellisti gi\u00e0 con i loro problemi sul camper,\u00a0 non hanno responsabilit\u00e0 sulla mancata consegna della raccomandate o dei pacchi. AGORDO\u00a0 Ci sono ancora problemi all&#8217;ufficio postale di Agordo, negli uffici di\u00a0 Viale Sommariva, ergo&#8230; nel camper che fa le veci dello storico ufficio. La denuncia arriva dal sindacalista\u00a0Adriano Musolino (SLC CGIL). &#8220;Questa mattina&hellip;<\/p>\n","protected":false},"author":4,"featured_media":367682,"comment_status":"closed","ping_status":"closed","sticky":false,"template":"","format":"standard","meta":{"_monsterinsights_skip_tracking":false,"_monsterinsights_sitenote_active":false,"_monsterinsights_sitenote_note":"","_monsterinsights_sitenote_category":0,"footnotes":""},"categories":[51,49],"tags":[],"class_list":["post-392533","post","type-post","status-publish","format-standard","has-post-thumbnail","hentry","category-evidenza-top","category-news-18","category-51","category-49","description-off"],"img_url":"https:\/\/www.radiopiu.net\/wordpress\/wp-content\/uploads\/2023\/12\/Poste-Italiane-auto-elettrica.jpg","_links":{"self":[{"href":"https:\/\/www.radiopiu.net\/wordpress\/wp-json\/wp\/v2\/posts\/392533","targetHints":{"allow":["GET"]}}],"collection":[{"href":"https:\/\/www.radiopiu.net\/wordpress\/wp-json\/wp\/v2\/posts"}],"about":[{"href":"https:\/\/www.radiopiu.net\/wordpress\/wp-json\/wp\/v2\/types\/post"}],"author":[{"embeddable":true,"href":"https:\/\/www.radiopiu.net\/wordpress\/wp-json\/wp\/v2\/users\/4"}],"replies":[{"embeddable":true,"href":"https:\/\/www.radiopiu.net\/wordpress\/wp-json\/wp\/v2\/comments?post=392533"}],"version-history":[{"count":0,"href":"https:\/\/www.radiopiu.net\/wordpress\/wp-json\/wp\/v2\/posts\/392533\/revisions"}],"wp:featuredmedia":[{"embeddable":true,"href":"https:\/\/www.radiopiu.net\/wordpress\/wp-json\/wp\/v2\/media\/367682"}],"wp:attachment":[{"href":"https:\/\/www.radiopiu.net\/wordpress\/wp-json\/wp\/v2\/media?parent=392533"}],"wp:term":[{"taxonomy":"category","embeddable":true,"href":"https:\/\/www.radiopiu.net\/wordpress\/wp-json\/wp\/v2\/categories?post=392533"},{"taxonomy":"post_tag","embeddable":true,"href":"https:\/\/www.radiopiu.net\/wordpress\/wp-json\/wp\/v2\/tags?post=392533"}],"curies":[{"name":"wp","href":"https:\/\/api.w.org\/{rel}","templated":true}]}}