{"id":392542,"date":"2024-05-31T05:35:37","date_gmt":"2024-05-31T03:35:37","guid":{"rendered":"https:\/\/www.radiopiu.net\/wordpress\/?p=392542"},"modified":"2024-05-31T05:57:37","modified_gmt":"2024-05-31T03:57:37","slug":"meteo-in-veneto-attese-precipitazioni-anche-intense","status":"publish","type":"post","link":"https:\/\/www.radiopiu.net\/wordpress\/meteo-in-veneto-attese-precipitazioni-anche-intense\/","title":{"rendered":"METEO. IN VENETO ATTESE PRECIPITAZIONI ANCHE INTENSE"},"content":{"rendered":"<p>******<\/p>\n<p>&nbsp;<\/p>\n<p><strong>VENEZIA <\/strong>Il Centro Funzionale Decentrato della Protezione Civile del Veneto ha emesso un nuovo avviso di criticit\u00e0 di aggiornamento valido 24 ore, dalla mezzanotte alle ore 20.00 di domani venerd\u00ec 31 maggio (fino alla mezzanotte di oggi rimane valido l\u2019avviso emesso ieri), che eleva l\u2019allerta idrogeologica per temporali a gialla in tutti i bacini del Veneto. Tra il pomeriggio\/sera di oggi e la serata di domani \u00e8 previsto tempo instabile\/perturbato con precipitazioni localmente abbondanti specie su zone centro-settentrionali; fenomeni a prevalente carattere di rovescio e temporale, a tratti anche forti (forti rovesci, locali grandinate e forti raffiche di vento) e diffusi, specie tra Prealpi e pianura al mattino di venerd\u00ec e fino a parte del pomeriggio. Nel bacino del Basso Brenta -Bacchiglione viene indicato lo stato di preallarme per criticit\u00e0 idrogeologica e idraulica. In particolare l&#8217;allerta idraulica arancione \u00e8 riferita al bacino del Muson dei Sassi, ove \u00e8 possibile il superamento della seconda soglia idrometrica. La criticit\u00e0 idraulica prevista sul resto dei bacini \u00e8 gialla (attenzione), escluso l\u2019Alto Piave (verde). Per quanto concerne la criticit\u00e0 idrogeologica di preallarme riguarda i bacini del Piave Pedemontano e Alto Brenta \u2013 Bacchiglione \u2013 Alpone, stato di attenzione (allerta gialla) sul resto dei bacini regionali. La criticit\u00e0 idraulica gialla nelle zone Vene C (Adige-Garda e Monti Lessini) e Vene-D (Po,Fissero-Tartaro-CanalBianco e Basso Adige) si riferisce ai livelli idrometrici del fiume Adige ancora sostenuti. Sono state inoltre segnalate problematiche di dissesto arginale lungo il tratto terminale dello stesso Adige. \u00c8 previsto il possibile innesco di frane e colate rapide sui settori montani, pedemontani, collinari delle zone in allerta; probabile rigurgito dei sistemi di smaltimento delle acque piovane e allagamenti di locali interrati e\/o sottopassi; innalzamento dei livelli della rete idrografica secondaria, in particolare per le zone in allerta arancione possibile inondazione delle aree limitrofe. In caso di temporali lo scenario sar\u00e0 caratterizzato da fenomeni intensi e in rapida evoluzione. Nelle zone in allerta idraulica si potr\u00e0 registrare l\u2019innalzamento dei livelli dei corsi d\u2019acqua principali, con probabile superamento della prima soglia idrometrica generalmente contenuto all\u2019interno dell\u2019alveo.<\/p>\n<p><a class=\"dt-pswp-item\" href=\"https:\/\/www.radiopiu.net\/wordpress\/wp-content\/uploads\/2024\/05\/JLKDG.png\" data-dt-img-description=\"\" data-large_image_width=\"947\" data-large_image_height=\"263\"><img loading=\"lazy\" decoding=\"async\" class=\"alignnone wp-image-392543 size-full\" src=\"https:\/\/www.radiopiu.net\/wordpress\/wp-content\/uploads\/2024\/05\/JLKDG.png\" alt=\"\" width=\"947\" height=\"263\" srcset=\"https:\/\/www.radiopiu.net\/wordpress\/wp-content\/uploads\/2024\/05\/JLKDG.png 947w, https:\/\/www.radiopiu.net\/wordpress\/wp-content\/uploads\/2024\/05\/JLKDG-300x83.png 300w, https:\/\/www.radiopiu.net\/wordpress\/wp-content\/uploads\/2024\/05\/JLKDG-768x213.png 768w\" sizes=\"auto, (max-width: 947px) 100vw, 947px\" \/><\/a><\/p>\n<p>&nbsp;<\/p>\n<p>&nbsp;<\/p>\n<p>******<\/p>\n","protected":false},"excerpt":{"rendered":"<p>****** &nbsp; VENEZIA Il Centro Funzionale Decentrato della Protezione Civile del Veneto ha emesso un nuovo avviso di criticit\u00e0 di aggiornamento valido 24 ore, dalla mezzanotte alle ore 20.00 di domani venerd\u00ec 31 maggio (fino alla mezzanotte di oggi rimane valido l\u2019avviso emesso ieri), che eleva l\u2019allerta idrogeologica per temporali a gialla in tutti i&hellip;<\/p>\n","protected":false},"author":4,"featured_media":65370,"comment_status":"closed","ping_status":"closed","sticky":false,"template":"","format":"standard","meta":{"_monsterinsights_skip_tracking":false,"_monsterinsights_sitenote_active":false,"_monsterinsights_sitenote_note":"","_monsterinsights_sitenote_category":0,"footnotes":""},"categories":[51,49],"tags":[],"class_list":["post-392542","post","type-post","status-publish","format-standard","has-post-thumbnail","hentry","category-evidenza-top","category-news-18","category-51","category-49","description-off"],"img_url":"https:\/\/www.radiopiu.net\/wordpress\/wp-content\/uploads\/2018\/10\/pioggia.jpg","_links":{"self":[{"href":"https:\/\/www.radiopiu.net\/wordpress\/wp-json\/wp\/v2\/posts\/392542","targetHints":{"allow":["GET"]}}],"collection":[{"href":"https:\/\/www.radiopiu.net\/wordpress\/wp-json\/wp\/v2\/posts"}],"about":[{"href":"https:\/\/www.radiopiu.net\/wordpress\/wp-json\/wp\/v2\/types\/post"}],"author":[{"embeddable":true,"href":"https:\/\/www.radiopiu.net\/wordpress\/wp-json\/wp\/v2\/users\/4"}],"replies":[{"embeddable":true,"href":"https:\/\/www.radiopiu.net\/wordpress\/wp-json\/wp\/v2\/comments?post=392542"}],"version-history":[{"count":0,"href":"https:\/\/www.radiopiu.net\/wordpress\/wp-json\/wp\/v2\/posts\/392542\/revisions"}],"wp:featuredmedia":[{"embeddable":true,"href":"https:\/\/www.radiopiu.net\/wordpress\/wp-json\/wp\/v2\/media\/65370"}],"wp:attachment":[{"href":"https:\/\/www.radiopiu.net\/wordpress\/wp-json\/wp\/v2\/media?parent=392542"}],"wp:term":[{"taxonomy":"category","embeddable":true,"href":"https:\/\/www.radiopiu.net\/wordpress\/wp-json\/wp\/v2\/categories?post=392542"},{"taxonomy":"post_tag","embeddable":true,"href":"https:\/\/www.radiopiu.net\/wordpress\/wp-json\/wp\/v2\/tags?post=392542"}],"curies":[{"name":"wp","href":"https:\/\/api.w.org\/{rel}","templated":true}]}}