{"id":392577,"date":"2024-06-01T05:42:11","date_gmt":"2024-06-01T03:42:11","guid":{"rendered":"https:\/\/www.radiopiu.net\/wordpress\/?p=392577"},"modified":"2024-06-01T08:02:45","modified_gmt":"2024-06-01T06:02:45","slug":"giornale-radiopiu-01-giugno-2024-direttore-mirko-mezzacasada-40-anni-25-giugno-1983-25-giugno-2023","status":"publish","type":"post","link":"https:\/\/www.radiopiu.net\/wordpress\/giornale-radiopiu-01-giugno-2024-direttore-mirko-mezzacasada-40-anni-25-giugno-1983-25-giugno-2023\/","title":{"rendered":"GIORNALE RADIOPIU 01 GIUGNO 2024 DIRETTORE MIRKO MEZZACASA\u2026DA 40 ANNI 25 GIUGNO 1983-25 GIUGNO 2023"},"content":{"rendered":"<p>******<\/p>\n<p>&nbsp;<\/p>\n<h3><a class=\"dt-pswp-item\" href=\"https:\/\/www.radiopiu.net\/wordpress\/wp-content\/uploads\/2024\/05\/27883ca5-bb01-4aba-b92e-eb4c5daed456.jpg\" data-dt-img-description=\"\" data-large_image_width=\"1131\" data-large_image_height=\"1600\"><img loading=\"lazy\" decoding=\"async\" class=\"size-medium wp-image-391556 aligncenter\" src=\"https:\/\/www.radiopiu.net\/wordpress\/wp-content\/uploads\/2024\/05\/27883ca5-bb01-4aba-b92e-eb4c5daed456-212x300.jpg\" alt=\"\" width=\"212\" height=\"300\" srcset=\"https:\/\/www.radiopiu.net\/wordpress\/wp-content\/uploads\/2024\/05\/27883ca5-bb01-4aba-b92e-eb4c5daed456-212x300.jpg 212w, https:\/\/www.radiopiu.net\/wordpress\/wp-content\/uploads\/2024\/05\/27883ca5-bb01-4aba-b92e-eb4c5daed456-724x1024.jpg 724w, https:\/\/www.radiopiu.net\/wordpress\/wp-content\/uploads\/2024\/05\/27883ca5-bb01-4aba-b92e-eb4c5daed456-768x1086.jpg 768w, https:\/\/www.radiopiu.net\/wordpress\/wp-content\/uploads\/2024\/05\/27883ca5-bb01-4aba-b92e-eb4c5daed456-1086x1536.jpg 1086w, https:\/\/www.radiopiu.net\/wordpress\/wp-content\/uploads\/2024\/05\/27883ca5-bb01-4aba-b92e-eb4c5daed456.jpg 1131w\" sizes=\"auto, (max-width: 212px) 100vw, 212px\" \/><\/a><\/h3>\n<hr \/>\n<hr \/>\n<hr \/>\n<hr \/>\n<hr \/>\n<hr \/>\n<hr \/>\n<hr \/>\n<hr \/>\n<hr \/>\n<hr \/>\n<hr \/>\n<hr \/>\n<hr \/>\n<hr \/>\n<hr \/>\n<hr \/>\n<hr \/>\n<hr \/>\n<hr \/>\n<hr \/>\n<hr \/>\n<h3>PER<strong> RICEVERE QUESTO NOTIZIARIO DIRETTAMENTE SUL TUO CELLULARE ISCRIVITI AL CANALE TELEGRAM <\/strong><strong>\u201cRADIO PIU\u00a0 INFORMAZIONE&#8221;\u00a0 <\/strong>\u00a0il CANALE TELEGRAM&#8230; UNISCITI A: RADIO PIU INFORMAZIONE<\/h3>\n<p>&nbsp;<\/p>\n<p>&nbsp;<\/p>\n<p><em><a href=\"https:\/\/www.radiopiu.net\/wordpress\/giornale-radiopiu-24-gennaio-2021-direttore-mirko-mezzacasa\/79216601_126817312416448_708980208774483089_n\/\" rel=\"attachment wp-att-186567\"><img loading=\"lazy\" decoding=\"async\" class=\"size-medium wp-image-186567 alignright\" src=\"https:\/\/www.radiopiu.net\/wordpress\/wp-content\/uploads\/2021\/01\/79216601_126817312416448_708980208774483089_n-300x114.jpg\" alt=\"\" width=\"300\" height=\"114\" srcset=\"https:\/\/www.radiopiu.net\/wordpress\/wp-content\/uploads\/2021\/01\/79216601_126817312416448_708980208774483089_n-300x114.jpg 300w, https:\/\/www.radiopiu.net\/wordpress\/wp-content\/uploads\/2021\/01\/79216601_126817312416448_708980208774483089_n-768x292.jpg 768w, https:\/\/www.radiopiu.net\/wordpress\/wp-content\/uploads\/2021\/01\/79216601_126817312416448_708980208774483089_n.jpg 820w\" sizes=\"auto, (max-width: 300px) 100vw, 300px\" \/><\/a><span style=\"color: #ff0000;\">ATTENZIONE: LA NUOVA APP PER IOS-IPHONE di Nicola Vettorello <\/span><\/em><a href=\"https:\/\/apps.apple.com\/it\/app\/radio-pi%C3%B9-emittente-agordina\/id1515939845\">https:\/\/apps.apple.com\/it\/app\/radio-pi%C3%B9-emittente-agordina\/id1515939845<\/a><\/p>\n<p><em style=\"color: #ff0000;\">ATTENZIONE: LA NUOVA APP RADIO\u00a0 PER ANDROID di Nicola Vettorello<\/em><\/p>\n<p><a href=\"https:\/\/play.google.com\/store\/apps\/details?id=net.radiopiu.iniko\" target=\"_blank\" rel=\"noopener noreferrer\">https:\/\/play.google.com\/store\/apps\/details?id=net.radiopiu.iniko\u00a0\u00a0<\/a><\/p>\n<h3 class=\"kvgmc6g5 cxmmr5t8 oygrvhab hcukyx3x c1et5uql\"><\/h3>\n<p>&nbsp;<\/p>\n<div data-block=\"true\" data-editor=\"avj4u\" data-offset-key=\"d3i0j-0-0\">\n<p>&nbsp;<\/p>\n<hr \/>\n<p>&nbsp;<\/p>\n<p>&nbsp;<\/p>\n<\/div>\n<p><strong class=\"photoswipe-wrapper\"><span style=\"color: #ff0000;\"><a class=\"dt-pswp-item\" href=\"https:\/\/www.radiopiu.net\/wordpress\/wp-content\/uploads\/2023\/11\/06-MARCO-DAL-FARRA-2.jpg\" data-dt-img-description=\"\" data-large_image_width=\"500\" data-large_image_height=\"261\"><img loading=\"lazy\" decoding=\"async\" class=\"size-medium wp-image-362553 alignleft\" src=\"https:\/\/www.radiopiu.net\/wordpress\/wp-content\/uploads\/2023\/11\/06-MARCO-DAL-FARRA-2-300x157.jpg\" alt=\"\" width=\"300\" height=\"157\" srcset=\"https:\/\/www.radiopiu.net\/wordpress\/wp-content\/uploads\/2023\/11\/06-MARCO-DAL-FARRA-2-300x157.jpg 300w, https:\/\/www.radiopiu.net\/wordpress\/wp-content\/uploads\/2023\/11\/06-MARCO-DAL-FARRA-2.jpg 500w\" sizes=\"auto, (max-width: 300px) 100vw, 300px\" \/><\/a>OGGI ALLA RADIO<\/span><\/strong>:\u00a0<strong>ALLE 6.15<\/strong>\u00a0PIROLE DE LENGA, CON IL MUSLA DI BEATRICE E NICOLA\u00a0\u00a0<strong>ALLE 7.20<\/strong>\u00a0EL BAL DEL FIOR, DETTI E TRADIZIONI DI GIULIANA DA RONCH;\u00a0<strong>ALLE 8.20\u00a0 week end MARINA C&#8217;E&#8217; <\/strong>&#8216; <strong>9.00<\/strong> PREMIER LE NOVITA&#8217; CON MARCO GAZ\u00a0 <strong>\u00a09.30 <\/strong>VIABILITA&#8217; Botol_Car <strong>\u00a010.30<\/strong> LA RASSEGNA STAMPA DA L&#8217;AMICO DEL POPOLO DI GIANNI SANTOMASO 11.00 ULTIMA PUNTATA DI CUCINEMA, UN&#8217;ALTRA\u00a0 STAGIONE CON MARTINA E VALENTINA\u00a0 AL CAPOLINEA <strong>\u00a0<\/strong><strong>12.00 <\/strong>VA TUTTO LISCIO CON MIRCO BENCIVENNI<strong> 12.30 <\/strong>GIORNALE RADIO EDIZIONE PRINCIPALE<strong> 14.00\u00a0<\/strong> ELETTROCHOK CON DJ JACK\u00a0 \u00a0<strong>15.00\u00a0 LA CLASSIFICA UFFICIALE DI RADIOPIU CON MARCO GAZ <\/strong>\u00a0\u00a0<strong>16.00 <\/strong>IL ROCK DI MARCO COSTANTINI <strong>16.45 <\/strong>LE HIT DI MIRCO BENCIVENNI <strong>19 <\/strong>ANTICIPAZIONI DAL TG DI ANTENNA 3 DI TIZIANA BOLOGNANI.<strong> E QUESTA SERA.. IN BIRRERIA PEDAVENA LA VALLE AGORDINA IL CONCERTO DI JESSICA LENA E MARCO V DAL FARRA (foto)<\/strong><\/p>\n<blockquote><p><strong>rassegna stampa nazionale, ogni giorno alle 5 e alle 6 del mattino<\/strong><br \/>\n<em>giornali locali 7 rassegna stampa flash, 8 rassegna stampa, gr flash alle 10 e alle 11, principale 12.30. Informazione pomerggio alle 15 (speciale) 16, 17, 18. Giornale radio nazionale: ogni ora dalle 5 del mattino, alle 20 della sera.\u00a0<\/em><\/p><\/blockquote>\n<div class=\"x11i5rnm xat24cr x1mh8g0r x1vvkbs xtlvy1s x126k92a\">\n<div dir=\"auto\"><\/div>\n<\/div>\n<div class=\"x11i5rnm xat24cr x1mh8g0r x1vvkbs xtlvy1s x126k92a\">\n<div dir=\"auto\">\n<p>&nbsp;<\/p>\n<p>&nbsp;<\/p>\n<hr \/>\n<p>&nbsp;<\/p>\n<p>&nbsp;<\/p>\n<div class=\"x11i5rnm xat24cr x1mh8g0r x1vvkbs xtlvy1s x126k92a\">\n<div dir=\"auto\">\n<p><strong><a class=\"dt-pswp-item\" href=\"https:\/\/www.radiopiu.net\/wordpress\/wp-content\/uploads\/2024\/02\/2d44e751-d8a8-461b-8e22-d8e4e853b032.jpg\" data-dt-img-description=\"\" data-large_image_width=\"1600\" data-large_image_height=\"1200\"><img loading=\"lazy\" decoding=\"async\" class=\"wp-image-373307 alignleft\" src=\"https:\/\/www.radiopiu.net\/wordpress\/wp-content\/uploads\/2024\/02\/2d44e751-d8a8-461b-8e22-d8e4e853b032-300x225.jpg\" alt=\"\" width=\"105\" height=\"79\" srcset=\"https:\/\/www.radiopiu.net\/wordpress\/wp-content\/uploads\/2024\/02\/2d44e751-d8a8-461b-8e22-d8e4e853b032-300x225.jpg 300w, https:\/\/www.radiopiu.net\/wordpress\/wp-content\/uploads\/2024\/02\/2d44e751-d8a8-461b-8e22-d8e4e853b032-1024x768.jpg 1024w, https:\/\/www.radiopiu.net\/wordpress\/wp-content\/uploads\/2024\/02\/2d44e751-d8a8-461b-8e22-d8e4e853b032-768x576.jpg 768w, https:\/\/www.radiopiu.net\/wordpress\/wp-content\/uploads\/2024\/02\/2d44e751-d8a8-461b-8e22-d8e4e853b032-1536x1152.jpg 1536w, https:\/\/www.radiopiu.net\/wordpress\/wp-content\/uploads\/2024\/02\/2d44e751-d8a8-461b-8e22-d8e4e853b032.jpg 1600w\" sizes=\"auto, (max-width: 105px) 100vw, 105px\" \/><\/a>EL BAL DEL FIOR, DI GIULIANA DA RONCH, 01 GIUGNO 2024<\/strong><\/p>\n<\/div>\n<\/div>\n<\/div>\n<div dir=\"auto\">\n<audio class=\"wp-audio-shortcode\" id=\"audio-392577-1\" preload=\"none\" style=\"width: 100%;\" controls=\"controls\"><source type=\"audio\/mpeg\" src=\"https:\/\/www.radiopiu.net\/wordpress\/wp-content\/uploads\/2024\/05\/GSA-2.m4a?_=1\" \/><a href=\"https:\/\/www.radiopiu.net\/wordpress\/wp-content\/uploads\/2024\/05\/GSA-2.m4a\">https:\/\/www.radiopiu.net\/wordpress\/wp-content\/uploads\/2024\/05\/GSA-2.m4a<\/a><\/audio>\n<p>&nbsp;<\/p>\n<hr \/>\n<\/div>\n<\/div>\n<blockquote>\n<blockquote>\n<h1><span style=\"color: #ff0000;\">\u00a0<\/span><\/h1>\n<h1><span style=\"color: #ff0000;\">I podcast informativi del mattino &#8211; audio &#8211;\u00a0\u00a0<\/span><\/h1>\n<\/blockquote>\n<p><strong><a class=\"dt-pswp-item\" href=\"https:\/\/www.radiopiu.net\/wordpress\/wp-content\/uploads\/2023\/11\/th-10.jpg\" data-dt-img-description=\"\" data-large_image_width=\"320\" data-large_image_height=\"180\"><img loading=\"lazy\" decoding=\"async\" class=\"wp-image-362866 alignleft\" src=\"https:\/\/www.radiopiu.net\/wordpress\/wp-content\/uploads\/2023\/11\/th-10-300x169.jpg\" alt=\"\" width=\"185\" height=\"104\" srcset=\"https:\/\/www.radiopiu.net\/wordpress\/wp-content\/uploads\/2023\/11\/th-10-300x169.jpg 300w, https:\/\/www.radiopiu.net\/wordpress\/wp-content\/uploads\/2023\/11\/th-10.jpg 320w\" sizes=\"auto, (max-width: 185px) 100vw, 185px\" \/><\/a>LA RASSEGNA STAMPA NAZIONALE ALLA RADIO, OGNI GIORNO ALLE 5 E ALLE 6 DEL MATTINO <span style=\"color: #0000ff;\">viene pubblicata alle 6.00 <span style=\"color: #ff0000;\">DIRETTA RADIO\u00a0 \u00a0\u00a0<\/span><\/span><\/strong><\/p><\/blockquote>\n<h2><\/h2>\n<p>&nbsp;<\/p>\n<p><span style=\"color: #ff0000;\"><strong>CRONACHE ITALIANE\u00a0<\/strong><\/span><\/p>\n<p><strong>IERI SERA:<\/strong> <strong>Rissa a Milano<\/strong>, denunciati sei giovanissimi,\u00a0<strong> Vento forte<\/strong> alle Tremiti, motonave costretta a tornare a Termoli <strong>A Bologna<\/strong> dichiarato ammissibile il referendum sulla Citt\u00e0 30<\/p>\n<p><strong>MILANO<\/strong> Picchiato dal branco, aveva difeso una ragazza da botte <strong>VIGONZA<\/strong> Gettata dal ponte: il compagno non risponde al gip, Andrea Favero, accusato dell&#8217;omicidio della compagna Giada Zanola, resta in carcere <strong>ROMA<\/strong> Gi\u00f9 da una finestra durante un controllo, tre agenti a rischio di processo <strong>CAGLIARI<\/strong> Bimba di un anno precipita dal balcone, una pianta la salva UDINE Tre giovani dispersi per la piena del Natisone in Friuli <strong>PALERMO<\/strong> Spari con una pistola a gas contro passanti, tre feriti<\/p>\n<p><strong>RASSEGNA STAMPA\u00a0<\/strong><\/p>\n<h2>AUDIO dalle 6 del mattino<\/h2>\n<audio class=\"wp-audio-shortcode\" id=\"audio-392577-2\" preload=\"none\" style=\"width: 100%;\" controls=\"controls\"><source type=\"audio\/mpeg\" src=\"https:\/\/www.radiopiu.net\/wordpress\/wp-content\/uploads\/2024\/05\/GIORNALEDELLESEI-30.mp3?_=2\" \/><a href=\"https:\/\/www.radiopiu.net\/wordpress\/wp-content\/uploads\/2024\/05\/GIORNALEDELLESEI-30.mp3\">https:\/\/www.radiopiu.net\/wordpress\/wp-content\/uploads\/2024\/05\/GIORNALEDELLESEI-30.mp3<\/a><\/audio>\n<p>&nbsp;<\/p>\n<p>&nbsp;<\/p>\n<hr \/>\n<p>&nbsp;<\/p>\n<h1 style=\"text-align: center;\"><span style=\"color: #ff0000;\">I podcast informativi del mattino &#8211; audio &#8211;\u00a0<\/span><\/h1>\n<p><strong><a class=\"dt-pswp-item\" href=\"https:\/\/www.radiopiu.net\/wordpress\/wp-content\/uploads\/2023\/12\/images.png\" data-dt-img-description=\"\" data-large_image_width=\"316\" data-large_image_height=\"160\"><img loading=\"lazy\" decoding=\"async\" class=\"wp-image-367008 alignleft\" src=\"https:\/\/www.radiopiu.net\/wordpress\/wp-content\/uploads\/2023\/12\/images-300x152.png\" alt=\"\" width=\"235\" height=\"119\" srcset=\"https:\/\/www.radiopiu.net\/wordpress\/wp-content\/uploads\/2023\/12\/images-300x152.png 300w, https:\/\/www.radiopiu.net\/wordpress\/wp-content\/uploads\/2023\/12\/images.png 316w\" sizes=\"auto, (max-width: 235px) 100vw, 235px\" \/><\/a>OGNI GIORNO ALLE SETTE DEL MATTINO, LA RASSEGNA STAMPA LOCALE FLASH&#8230; PER CHI VA IN FRETTA. I TITOLI DAI GIORNALI E DAL SITO WWW.RADIOPIU.NET <span style=\"color: #0000ff;\">viene pubblicato alle 7.00<\/span> <span style=\"color: #ff0000;\">DIRETTA RADIO\u00a0<\/span><\/strong><\/p>\n<p><em><span style=\"color: #ff0000;\">per chi va in fretta&#8230; tante notizie in pochi minuti. L&#8217;informazione locale alla radio, ogni ora dalle 7 del mattino alle 19 della sera.\u00a0 \u00a0 \u00a0\u00a0<\/span><\/em><\/p>\n<p><strong>.Addio alla Professoressa Marina Rita Nessenzia, Cuore e Anima della Scuola Agordina<\/strong><br \/>\nAGORDO Un Vuoto Incolmabile: La Scomparsa di Marina. Un vuoto incolmabile per il marito Giorgio, il figlio Davide, mamma Nerina e il fratello Alessandro. I funerali si terranno oggi alle 14.30 nell\u2019Arcidiaconale di Agordo.<br \/>\n<strong>LIVINALLONGO DEL COL DI LANA<\/strong> in localit\u00e0 COLLAZ l\u2019acqua erogata dall\u2019acquedotto non \u00e8 potabile e non pu\u00f2 essere usata per scopi alimentari.<br \/>\n<strong>BELLUNO<\/strong> Ieri pomeriggio uno smottamento ha interessato la strada Pra\u2019 de Luni verso Vial e Pont de la Mortis, isolando due residenti. Nessun danno a persone o cose, ma la strada \u00e8 stata chiusa per la notte. Vigili del fuoco e polizia locale sono intervenuti tempestivamente per valutare la situazione e garantire la sicurezza.<br \/>\n<strong>FELTRE<\/strong> Un automobilista feltrino, per evitare un cervo sulla strada regionale Feltrina, ha sterzato a sinistra finendo con la sua Fiat 500 contro un muretto. Fortunatamente, \u00e8 rimasto illeso. Sul posto sono intervenuti i carabinieri e i vigili del fuoco.<br \/>\n<strong>SETTEVILLE<\/strong> Un altro incidente si \u00e8 verificato a Fener, coinvolgendo un furgone e una Skoda Octavia, che ha preso fuoco. Un 68enne \u00e8 rimasto lievemente ferito.<br \/>\n<strong>VAL DI ZOLDO<\/strong> Quest\u2019anno il campeggio studentesco a Pralongo non si far\u00e0. Le istituzioni scolastiche, secondo il sindaco di Val di Zoldo, Camillo De Pellegrin, non hanno mostrato volont\u00e0 di proseguire questa tradizione di oltre cinquant\u2019anni. Il Comune non pu\u00f2 recuperare la gestione della baita n\u00e9 i beni della scuola necessari per il campeggio. Le ispezioni dell\u2019Ufficio scolastico regionale hanno evidenziato irregolarit\u00e0 amministrative, complicando ulteriormente la situazione. De Pellegrin esprime delusione per la mancanza di sostegno istituzionale e la perdita di una realt\u00e0 importante per la comunit\u00e0.<\/p>\n<h2>AUDIO dalle 7 del mattino<\/h2>\n<audio class=\"wp-audio-shortcode\" id=\"audio-392577-3\" preload=\"none\" style=\"width: 100%;\" controls=\"controls\"><source type=\"audio\/mpeg\" src=\"https:\/\/www.radiopiu.net\/wordpress\/wp-content\/uploads\/2024\/06\/GF07.mp3?_=3\" \/><a href=\"https:\/\/www.radiopiu.net\/wordpress\/wp-content\/uploads\/2024\/06\/GF07.mp3\">https:\/\/www.radiopiu.net\/wordpress\/wp-content\/uploads\/2024\/06\/GF07.mp3<\/a><\/audio>\n<p>&nbsp;<\/p>\n<p>&nbsp;<\/p>\n<p>&nbsp;<\/p>\n<hr \/>\n<p>&nbsp;<\/p>\n<h1><\/h1>\n<h1 style=\"text-align: center;\"><span style=\"color: #ff0000;\"><a class=\"dt-pswp-item\" href=\"https:\/\/www.radiopiu.net\/wordpress\/wp-content\/uploads\/2022\/01\/026c3f9d-dae9-4040-a3c1-a6530231bcc3.jpg\" data-dt-img-description=\"\" data-large_image_width=\"1152\" data-large_image_height=\"2048\"><img loading=\"lazy\" decoding=\"async\" class=\"wp-image-251839 alignleft\" src=\"https:\/\/www.radiopiu.net\/wordpress\/wp-content\/uploads\/2022\/01\/026c3f9d-dae9-4040-a3c1-a6530231bcc3-169x300.jpg\" alt=\"\" width=\"100\" height=\"177\" srcset=\"https:\/\/www.radiopiu.net\/wordpress\/wp-content\/uploads\/2022\/01\/026c3f9d-dae9-4040-a3c1-a6530231bcc3-169x300.jpg 169w, https:\/\/www.radiopiu.net\/wordpress\/wp-content\/uploads\/2022\/01\/026c3f9d-dae9-4040-a3c1-a6530231bcc3-576x1024.jpg 576w, https:\/\/www.radiopiu.net\/wordpress\/wp-content\/uploads\/2022\/01\/026c3f9d-dae9-4040-a3c1-a6530231bcc3-768x1365.jpg 768w, https:\/\/www.radiopiu.net\/wordpress\/wp-content\/uploads\/2022\/01\/026c3f9d-dae9-4040-a3c1-a6530231bcc3-864x1536.jpg 864w, https:\/\/www.radiopiu.net\/wordpress\/wp-content\/uploads\/2022\/01\/026c3f9d-dae9-4040-a3c1-a6530231bcc3.jpg 1152w\" sizes=\"auto, (max-width: 100px) 100vw, 100px\" \/><\/a>I podcast informativi del mattino &#8211; audio &#8211;\u00a0<\/span><\/h1>\n<blockquote><p><strong>GIORNALE RADIO NAZIONALE, EDIZIONE DELLE SETTE <span style=\"color: #0000ff;\">viene pubblicato alle 7.05 <span style=\"color: #ff0000;\">DIRETTA RADIO\u00a0<\/span><\/span><\/strong><\/p><\/blockquote>\n<p><strong>il giornale radionazionale e&#8217; in onda ogni ora, dalle sette del mattino alle venti della sera\u00a0\u00a0<\/strong><\/p>\n<h2><span style=\"color: #ff0000;\"><strong>NELLA NOTTE\u00a0<\/strong><\/span><\/h2>\n<p><strong>Mosca,<\/strong> il gruppo &#8220;Nord&#8221; continua ad avanzare in Ucraina&#8217;Respinti i contrattacchi, morti circa 225 soldati ucraini&#8217;<strong>\u00a0 Austin<\/strong> vedr\u00e0 Zelensky su obiettivi da colpire con armi Usa Politico, questione in cima all&#8217;ordine del giorno\u00a0 <strong>Usa,<\/strong> Houthi lanciano droni e missili contro le navi Non sono stati segnalati feriti o danni alle imbarcazioni\u00a0 <strong>Belgio,<\/strong> no a uso dei nostri F-16 al di fuori dell&#8217;Ucraina Lo ha assicurato il primo ministro Alexander De Croo a Biden\u00a0 <strong>Trump<\/strong> ha raccolto 53 milioni nelle 24 ore dopo il verdetto &#8216;Raccolta record realizzata grazie ai piccoli donatori&#8217;\u00a0 <strong>Netanyahu,<\/strong> la guerra non finir\u00e0 fino a eliminazione Hamas &#8216;La road map proposta ci consente di raggiungere gli obiettivi&#8217;\u00a0 <strong>Varese<\/strong> Cade dalla finestra, bimbo di 5 anni grave nel Varesotto Si indaga per capire se il piccolo fosse in casa da solo\u00a0 <strong>Esequie<\/strong> solenni per i 3 finanzieri morti in un&#8217;esercitazione Onori militari per i tre giovani<\/p>\n<h2>AUDIO dalle sette del mattino, ogni ora alla radio<\/h2>\n<audio class=\"wp-audio-shortcode\" id=\"audio-392577-4\" preload=\"none\" style=\"width: 100%;\" controls=\"controls\"><source type=\"audio\/mpeg\" src=\"https:\/\/www.radiopiu.net\/wordpress\/wp-content\/uploads\/2024\/06\/giornale07.mp3?_=4\" \/><a href=\"https:\/\/www.radiopiu.net\/wordpress\/wp-content\/uploads\/2024\/06\/giornale07.mp3\">https:\/\/www.radiopiu.net\/wordpress\/wp-content\/uploads\/2024\/06\/giornale07.mp3<\/a><\/audio>\n<p>&nbsp;<\/p>\n<p>&nbsp;<\/p>\n<hr \/>\n<p>&nbsp;<\/p>\n<p>&nbsp;<\/p>\n<h1><span style=\"color: #ff0000;\">I podcast informativi del mattino &#8211; video &#8211;\u00a0<\/span><\/h1>\n<h2><strong><a class=\"dt-pswp-item\" href=\"https:\/\/www.radiopiu.net\/wordpress\/wp-content\/uploads\/2023\/12\/th-10.jpg\" data-dt-img-description=\"\" data-large_image_width=\"245\" data-large_image_height=\"180\"><img loading=\"lazy\" decoding=\"async\" class=\" wp-image-367395 alignleft\" src=\"https:\/\/www.radiopiu.net\/wordpress\/wp-content\/uploads\/2023\/12\/th-10.jpg\" alt=\"\" width=\"166\" height=\"122\" \/><\/a>RASSEGNA STAMPA LOCALE, ORE OTTO 05<\/strong><\/h2>\n<h2><strong> <span style=\"color: #0000ff;\">viene\u00a0 <\/span><\/strong><strong><span style=\"color: #0000ff;\">pubblicata alle 8.05 <span style=\"color: #ff0000;\">DIRETTA RADIO\u00a0\u00a0<\/span><\/span><\/strong><\/h2>\n<p><strong>DI MIRKO MEZZACASA\u00a0 \u00a0<\/strong><\/p>\n<p>&nbsp;<\/p>\n<p><strong>Panace di Mantegazza ad \u201cAgordo: Azione Istituzionale Contro la Pianta Pericolosa\u201d<\/strong><br \/>\n<a class=\"dt-pswp-item\" href=\"https:\/\/www.radiopiu.net\/wordpress\/wp-content\/uploads\/2024\/06\/COPERTINA.png\" data-dt-img-description=\"\" data-large_image_width=\"558\" data-large_image_height=\"312\"><img loading=\"lazy\" decoding=\"async\" class=\"size-medium wp-image-392778 alignleft\" src=\"https:\/\/www.radiopiu.net\/wordpress\/wp-content\/uploads\/2024\/06\/COPERTINA-300x168.png\" alt=\"\" width=\"300\" height=\"168\" srcset=\"https:\/\/www.radiopiu.net\/wordpress\/wp-content\/uploads\/2024\/06\/COPERTINA-300x168.png 300w, https:\/\/www.radiopiu.net\/wordpress\/wp-content\/uploads\/2024\/06\/COPERTINA.png 558w\" sizes=\"auto, (max-width: 300px) 100vw, 300px\" \/><\/a>AGORDO La segnalazione della pericolosa pianta \u00e8 arrivata anche nella sede istituzionale, il Municipio, dopo il passaggio sui canali social e di rimbalzo sui mezzi di informazione. A conoscenza del problema l\u2019amministrazione comunale corre ai ripari con le intenzioni di risolvere il problema alla radice, per questo l\u2019incontro con gli esperti ha gi\u00e0 avuto luogo e presto inizieranno le operazioni pi\u00f9 importanti con la Provincia.<br \/>\n<strong>LONGARONE<\/strong> Il dialogo tra il Comune di Longarone, il Comitato per la Variante, un gruppo di cittadini e il Commissario di Governo, architetto Fabio Saldini, continua in modo costruttivo riguardo alla Variante di Longarone, prevista per le opere olimpiche. Il Commissario Saldini ha annunciato un\u2019assemblea pubblica a fine giugno per presentare i risultati del lavoro condiviso<br \/>\n<strong>SANTA GIUSTINA<\/strong> I primi due ricorsi contro le multe elevate in via Moro sono stati accolti dal giudice di pace. Il sindacato Sulpl Veneto, che difende l\u2019unico agente di polizia municipale coinvolto, spera che anche il terzo ricorso venga archiviato. Simone Maniero, subcommissario Sulpl Veneto, ha criticato il sindaco per aver delegittimato l\u2019operato dell\u2019agente e per l\u2019assenza di sostegno dalla giunta<br \/>\n<strong>INIZIATI I LAVORI DI PULIZIA DEL TORRENTE MISSIAGA<\/strong><br \/>\nLA VALLE Veneto Agricoltura \u2013 Servizi Forestali Regionali ha iniziato la pulizia da vegetazione nell\u2019alveo del torrente Missiaga a La Valle Agordina.<br \/>\n<strong>TREVISO<\/strong> Franco Ascani, presidente della FICTS, ha lanciato il weekend conclusivo di GenerAzione 2026, coinvolgendo oltre 10mila studenti veneti in attivit\u00e0 legate alle Olimpiadi di Milano Cortina. L\u2019evento si svolger\u00e0 il 6-7 e 8 giugno tra Treviso e Verona, con la partecipazione di 31 scuole venete e 22 comuni.<br \/>\nCORSA IN MONTAGNA DOMANI LA 4 PAS IN DOI, E I \u201cDOI BOCOI\u201d\u2026TRA LE MONTAGNE DI AGORDO LA VIGILIA\u2026TUTTO PRONTO SUL BROI<br \/>\nCALCIO DOMANI INIZIA LA 49ESIMA EDIZIONE DEL CAMPIONATO AGORDINO DI CALCIO, RADIO PIU&#8217; C&#8217;E&#8217;! SEGUIREMO ANCHE QUEST&#8217;ANNO UNO DEI PIU&#8217; IMPORTANTI EVENTI DELLA PROVINCIA, CONFERMANDO LA TERRITORIALITA&#8217; DI QUESTA RADIO.<br \/>\nCALCIO \u2013 SABATO 1 GIUGNO LE FINALI DEI TORNEI OVER DI CSI BELLUNO (nota stampa)<\/p>\n<h2><span style=\"color: #ff0000;\"><strong>VIDEO\u00a0 \u00a0in diretta dalle 8 del mattino\u00a0<\/strong><\/span><\/h2>\n<p><a class=\"dt-pswp-item\" href=\"https:\/\/www.radiopiu.net\/wordpress\/wp-content\/uploads\/2024\/06\/COPERTINA.png\" data-dt-img-description=\"\" data-large_image_width=\"558\" data-large_image_height=\"312\">\u00a0<\/a><\/p>\n<p>&nbsp;<\/p>\n<p><iframe loading=\"lazy\" title=\"DAL 1983 LA RASSEGNA STAMPA LOCALE di mirko mezzacasa. L&#039;ORIGINALE\" width=\"1200\" height=\"675\" src=\"https:\/\/www.youtube.com\/embed\/Lt2ZwjA4RtY?feature=oembed\" frameborder=\"0\" allow=\"accelerometer; autoplay; clipboard-write; encrypted-media; gyroscope; picture-in-picture; web-share\" referrerpolicy=\"strict-origin-when-cross-origin\" allowfullscreen><\/iframe><\/p>\n<p>&nbsp;<\/p>\n<p>&nbsp;<\/p>\n<hr \/>\n<p>&nbsp;<\/p>\n<p>&nbsp;<\/p>\n<p><strong><a class=\"dt-pswp-item\" href=\"https:\/\/www.radiopiu.net\/wordpress\/wp-content\/uploads\/2023\/12\/ANTENNA.png\" data-dt-img-description=\"\" data-large_image_width=\"300\" data-large_image_height=\"166\"><img loading=\"lazy\" decoding=\"async\" class=\" wp-image-366306 alignleft\" src=\"https:\/\/www.radiopiu.net\/wordpress\/wp-content\/uploads\/2023\/12\/ANTENNA.png\" alt=\"\" width=\"175\" height=\"97\" \/><\/a>IERI SERA, DAL TG DI ANTENNA 3, DI\u00a0 STEFANO BOZZI (ogni sera alle 19 le anticipazioni alla radio, quello che poi seguirete nel TELEGIORNALE BELLUNESE\u00a0 in onda alle 19.30 sul CANALE 10 del digitale terrestre.\u00a0\u00a0<\/strong><\/p>\n<p>&nbsp;<\/p>\n<p><span style=\"color: #ff0000;\"><strong>\u00a0IERI SERA ALLA RADIO&#8230; LE ANTICIPAZIONI DI\u00a0<\/strong><\/span><\/p>\n<audio class=\"wp-audio-shortcode\" id=\"audio-392577-5\" preload=\"none\" style=\"width: 100%;\" controls=\"controls\"><source type=\"audio\/mpeg\" src=\"https:\/\/www.radiopiu.net\/wordpress\/wp-content\/uploads\/2024\/05\/ANTENNA3-6.mp3?_=5\" \/><a href=\"https:\/\/www.radiopiu.net\/wordpress\/wp-content\/uploads\/2024\/05\/ANTENNA3-6.mp3\">https:\/\/www.radiopiu.net\/wordpress\/wp-content\/uploads\/2024\/05\/ANTENNA3-6.mp3<\/a><\/audio>\n<p>&nbsp;<\/p>\n<p>&nbsp;<\/p>\n<hr \/>\n<p>&nbsp;<\/p>\n<p>&nbsp;<\/p>\n<div><\/div>\n<div>\n<div>\n<h2><strong><a class=\"dt-pswp-item\" href=\"https:\/\/www.radiopiu.net\/wordpress\/wp-content\/uploads\/2024\/05\/Senza-nsome.png\" data-dt-img-description=\"\" data-large_image_width=\"178\" data-large_image_height=\"234\"><img loading=\"lazy\" decoding=\"async\" class=\" wp-image-392588 alignleft\" src=\"https:\/\/www.radiopiu.net\/wordpress\/wp-content\/uploads\/2024\/05\/Senza-nsome.png\" alt=\"\" width=\"136\" height=\"179\" \/><\/a><\/strong>Addio alla Professoressa Marina Rita Nessenzia, Cuore e Anima della Scuola Agordina<\/h2>\n<\/div>\n<div>\n<h3>Un Vuoto Incolmabile: La Scomparsa di Marina.\u00a0 \u00a0Un vuoto incolmabile per il marito Giorgio, il figlio Davide, mamma Nerina e il fratello Alessandro. I funerali si terranno oggi alle 14.30 nell&#8217;Arcidiaconale di Agordo.<\/h3>\n<\/div>\n<div>\n<p><strong>DON GIORGIO LISE, GIA&#8217; ARCIDIACONO DI AGORDO<\/strong><\/p>\n<audio class=\"wp-audio-shortcode\" id=\"audio-392577-6\" preload=\"none\" style=\"width: 100%;\" controls=\"controls\"><source type=\"audio\/mpeg\" src=\"https:\/\/www.radiopiu.net\/wordpress\/wp-content\/uploads\/2024\/05\/GIORGINO.mp3?_=6\" \/><a href=\"https:\/\/www.radiopiu.net\/wordpress\/wp-content\/uploads\/2024\/05\/GIORGINO.mp3\">https:\/\/www.radiopiu.net\/wordpress\/wp-content\/uploads\/2024\/05\/GIORGINO.mp3<\/a><\/audio>\n<p>&nbsp;<\/p>\n<\/div>\n<\/div>\n<div><\/div>\n<p>&nbsp;<\/p>\n<hr \/>\n<p>&nbsp;<\/p>\n<blockquote>\n<h3>ACQUA INQUINATA A LIVINALLONGO e non solo, GIOVEDI SENZA A COLLE E AGORDO<\/h3>\n<\/blockquote>\n<p><strong><img loading=\"lazy\" decoding=\"async\" class=\"alignleft\" src=\"https:\/\/www.radiopiu.net\/wordpress\/wp-content\/uploads\/2024\/05\/cantiere-municipio-Livinallongo-scaled.jpg\" width=\"231\" height=\"104\" \/>LIVINALLONGO DEL COL DI LANA<\/strong> in localit\u00e0 COLLAZ l&#8217;acqua erogata dall&#8217;acquedotto non \u00e8 potabile e non pu\u00f2 essere usata per scopi alimentari.<\/p>\n<h3 dir=\"auto\"><strong style=\"font-size: 14px;\">SAN TOMASO<\/strong><span style=\"font-size: 14px; font-weight: normal;\"> scatta l\u2019ordinanza:\u00a0 \u00a0nelle localit\u00e0 PIANEZZE, VALLATA, VAL, MEZZAVALLE, COSTA DI MEZZO E PIAN MOLIN l\u2019acqua erogata dall\u2019acquedotto non \u00e8 potabile e pu\u00f2 essere usata per scopi alimentari SOLO PREVIA bollitura. Verr\u00e0 effettuato servizio sostitutivo con cisterna in localit\u00e0 PIAN MOLIN presso Ecocentro.<\/span><\/h3>\n<p><strong>AGORDO\u00a0<\/strong> MARTED\u00ec\u00a0 dalle 8 a fine lavori,\u00a0 verr\u00e0 sospesa l\u2019erogazione dell\u2019acqua\u00a0 nelle vie 5 MAGGIO 1848, CAMPO DEI FIORI, V.lo 5 MAGGIO 1848 e DOZZA.<\/p>\n<p>&nbsp;<\/p>\n<hr \/>\n<p>&nbsp;<\/p>\n<p>&nbsp;<\/p>\n<blockquote>\n<h3><strong><a class=\"dt-pswp-item\" href=\"https:\/\/www.radiopiu.net\/wordpress\/wp-content\/uploads\/2024\/06\/Senza-nome-1.png\" data-dt-img-description=\"\" data-large_image_width=\"259\" data-large_image_height=\"173\"><img loading=\"lazy\" decoding=\"async\" class=\" wp-image-392767 alignleft\" src=\"https:\/\/www.radiopiu.net\/wordpress\/wp-content\/uploads\/2024\/06\/Senza-nome-1.png\" alt=\"\" width=\"132\" height=\"88\" \/><\/a>Smottamento Isola Borgo di Vial<\/strong><\/h3>\n<\/blockquote>\n<p><strong>BELLUNO<\/strong> Ieri\u00a0 pomeriggio uno smottamento ha interessato la strada Pra&#8217; de Luni verso Vial e Pont de la Mortis, isolando due residenti. Nessun danno a persone o cose, ma la strada \u00e8 stata chiusa per la notte. Vigili del fuoco e polizia locale\u00a0 sono intervenuti tempestivamente per valutare la situazione e garantire la sicurezza.<\/p>\n<div class=\"mt-1 flex gap-3 empty:hidden juice:-ml-3\">\n<div class=\"items-center justify-start rounded-xl p-1 flex\">\n<div class=\"flex items-center\">\n<div class=\"flex\"><\/div>\n<div class=\"flex items-center pb-0.5 juice:pb-0\">\n<div class=\"[&amp;_svg]:h-full [&amp;_svg]:w-full icon-md h-4 w-4\"><\/div>\n<\/div>\n<\/div>\n<div>\n<hr \/>\n<\/div>\n<div class=\"mt-1 flex gap-3 empty:hidden juice:-ml-3\">\n<div class=\"items-center justify-start rounded-xl p-1 flex\">\n<div class=\"flex items-center\">\n<div>\n<hr \/>\n<\/div>\n<div>\n<p>&nbsp;<\/p>\n<hr \/>\n<p>&nbsp;<\/p>\n<p>&nbsp;<\/p>\n<div>\n<blockquote>\n<h2><strong>Automobilista evita cervo e finisce contro un muretto<\/strong><\/h2>\n<\/blockquote>\n<\/div>\n<p><strong>FELTRE<\/strong> Un automobilista feltrino, per evitare un cervo sulla strada regionale Feltrina, ha sterzato a sinistra finendo con la sua Fiat 500 contro un muretto. Fortunatamente, \u00e8 rimasto illeso. Sul posto sono intervenuti i carabinieri e i vigili del fuoco.<\/p>\n<p><strong><a class=\"dt-pswp-item\" href=\"https:\/\/www.radiopiu.net\/wordpress\/wp-content\/uploads\/2024\/06\/Senza-nome-2.png\" data-dt-img-description=\"\" data-large_image_width=\"454\" data-large_image_height=\"266\"><img loading=\"lazy\" decoding=\"async\" class=\" wp-image-392773 alignleft\" src=\"https:\/\/www.radiopiu.net\/wordpress\/wp-content\/uploads\/2024\/06\/Senza-nome-2-300x176.png\" alt=\"\" width=\"176\" height=\"103\" srcset=\"https:\/\/www.radiopiu.net\/wordpress\/wp-content\/uploads\/2024\/06\/Senza-nome-2-300x176.png 300w, https:\/\/www.radiopiu.net\/wordpress\/wp-content\/uploads\/2024\/06\/Senza-nome-2.png 454w\" sizes=\"auto, (max-width: 176px) 100vw, 176px\" \/><\/a><\/strong><br \/>\n<strong>INCIDENTE CON INCENDIO<\/strong><\/p>\n<p><strong>SETTEVILLE<\/strong> Un altro incidente si \u00e8 verificato a Fener, coinvolgendo un furgone e una Skoda Octavia, che ha preso fuoco. Un 68enne \u00e8 rimasto lievemente ferito.<\/p>\n<div class=\"mt-1 flex gap-3 empty:hidden juice:-ml-3\">\n<div class=\"items-center justify-start rounded-xl p-1 flex\">\n<div class=\"flex items-center\">\n<div class=\"flex\"><\/div>\n<div><\/div>\n<\/div>\n<\/div>\n<\/div>\n<p>&nbsp;<\/p>\n<\/div>\n<div><\/div>\n<div>\n<hr \/>\n<\/div>\n<div><\/div>\n<blockquote>\n<div><\/div>\n<\/blockquote>\n<div><\/div>\n<div>\n<hr \/>\n<\/div>\n<blockquote>\n<h2><\/h2>\n<h2>Campeggio Studentesco a Pralongo Annullato<\/h2>\n<\/blockquote>\n<div>\n<p><strong>VAL DI ZOLDO<\/strong> Quest&#8217;anno il campeggio studentesco a Pralongo non si far\u00e0. Le istituzioni scolastiche, secondo il sindaco di Val di Zoldo, Camillo De Pellegrin, non hanno mostrato volont\u00e0 di proseguire questa tradizione di oltre cinquant&#8217;anni. Il Comune non pu\u00f2 recuperare la gestione della baita n\u00e9 i beni della scuola necessari per il campeggio. Le ispezioni dell&#8217;Ufficio scolastico regionale hanno evidenziato irregolarit\u00e0 amministrative, complicando ulteriormente la situazione. De Pellegrin esprime delusione per la mancanza di sostegno istituzionale e la perdita di una realt\u00e0 importante per la comunit\u00e0.<\/p>\n<div class=\"mt-1 flex gap-3 empty:hidden juice:-ml-3\">\n<div class=\"items-center justify-start rounded-xl p-1 flex\">\n<div class=\"flex items-center\">\n<div class=\"flex\"><\/div>\n<\/div>\n<\/div>\n<\/div>\n<blockquote class=\"wp-embedded-content\" data-secret=\"RGuXCYxXUc\"><p><a href=\"https:\/\/www.radiopiu.net\/wordpress\/campeggio-studentesco-a-pralongo-annullato\/\">Campeggio Studentesco a Pralongo Annullato<\/a><\/p><\/blockquote>\n<p><iframe loading=\"lazy\" class=\"wp-embedded-content\" sandbox=\"allow-scripts\" security=\"restricted\" style=\"position: absolute; clip: rect(1px, 1px, 1px, 1px);\" title=\"&#8220;Campeggio Studentesco a Pralongo Annullato&#8221; &#8212; Radio Pi\u00f9\" src=\"https:\/\/www.radiopiu.net\/wordpress\/campeggio-studentesco-a-pralongo-annullato\/embed\/#?secret=kqVCvKHqX4#?secret=RGuXCYxXUc\" data-secret=\"RGuXCYxXUc\" width=\"600\" height=\"338\" frameborder=\"0\" marginwidth=\"0\" marginheight=\"0\" scrolling=\"no\"><\/iframe><\/p>\n<\/div>\n<div><\/div>\n<\/div>\n<\/div>\n<\/div>\n<div><\/div>\n<div><\/div>\n<\/div>\n<\/div>\n<hr \/>\n<blockquote>\n<h2><\/h2>\n<h2>Allarme Panace di Mantegazza a Polane, I PRECEDENTI<\/h2>\n<\/blockquote>\n<div dir=\"auto\">\n<p><strong><a class=\"dt-pswp-item\" href=\"https:\/\/www.radiopiu.net\/wordpress\/wp-content\/uploads\/2022\/06\/Senza-nome.png\" data-dt-img-description=\"\" data-large_image_width=\"800\" data-large_image_height=\"655\"><img loading=\"lazy\" decoding=\"async\" class=\"size-medium wp-image-392614 alignleft\" src=\"https:\/\/www.radiopiu.net\/wordpress\/wp-content\/uploads\/2022\/06\/Senza-nome-300x246.png\" alt=\"\" width=\"300\" height=\"246\" srcset=\"https:\/\/www.radiopiu.net\/wordpress\/wp-content\/uploads\/2022\/06\/Senza-nome-300x246.png 300w, https:\/\/www.radiopiu.net\/wordpress\/wp-content\/uploads\/2022\/06\/Senza-nome-768x629.png 768w, https:\/\/www.radiopiu.net\/wordpress\/wp-content\/uploads\/2022\/06\/Senza-nome.png 800w\" sizes=\"auto, (max-width: 300px) 100vw, 300px\" \/><\/a>\u00a0<\/strong><\/p>\n<p><strong>AGORDO<\/strong> Segnalata la presenza della pericolosa pianta Panace di Mantegazza vicino agli uffici della Valpe a Polane. Il gruppo &#8220;Agordino dove rinascono le Dolomiti&#8221; ha avvisato sui social della presenza di numerose piante quasi in fioritura. Il sindaco Roberto Chissal\u00e8 promette verifiche. L&#8217;ultimo avvistamento risale a due anni fa a Val di Zoldo.<\/p>\n<blockquote>\n<h3 dir=\"auto\">Panace di Mantegazza ad &#8220;Agordo: Azione Istituzionale Contro la Pianta Pericolosa&#8221;<\/h3>\n<\/blockquote>\n<div dir=\"auto\"><strong>AGORDO<\/strong> La segnalazione della pericolosa pianta \u00e8 arrivata anche nella sede istituzionale, il Municipio, dopo il passaggio sui canali social e di rimbalzo sui mezzi di informazione. A conoscenza del problema l&#8217;amministrazione comunale corre ai ripari con le intenzioni di risolvere il problema alla radice, per questo l&#8217;incontro con gli esperti ha gi\u00e0 avuto luogo e presto inizieranno le operazioni pi\u00f9 importante &#8220;Ci siamo immediatamente attivati &#8211; dice il sindaco Roberto Chissal\u00e8\u00a0 &#8211;\u00a0 Ci siamo ritrovati allo stesso tavolo interessando anche i Carabinieri Forstali, l&#8217;Ulss1 e la Provincia. Sar\u00e0 proprio la Provincia che interverr\u00e0 con personale preparato e quindi pronto ad estirpare le piante con ogni cautela. Nel frattempo ribadiamo l&#8217;importanza di tenersi a distanza dalla Pance di Mantegazza&#8221;.<\/div>\n<div dir=\"auto\"><\/div>\n<\/div>\n<p>&nbsp;<\/p>\n<hr \/>\n<p>&nbsp;<\/p>\n<blockquote>\n<h3>MILANO CORTINA 2026: NUOVO INCONTRO SULLA VARIANTE DI LONGARONE<\/h3>\n<\/blockquote>\n<p><strong><a class=\"dt-pswp-item\" href=\"https:\/\/www.radiopiu.net\/wordpress\/wp-content\/uploads\/2024\/05\/8e8cbba8-f609-49d6-abd0-bb668b599e36.jpg\" data-dt-img-description=\"\" data-large_image_width=\"2048\" data-large_image_height=\"1536\"><img loading=\"lazy\" decoding=\"async\" class=\" wp-image-392736 alignleft\" src=\"https:\/\/www.radiopiu.net\/wordpress\/wp-content\/uploads\/2024\/05\/8e8cbba8-f609-49d6-abd0-bb668b599e36-300x225.jpg\" alt=\"\" width=\"157\" height=\"118\" srcset=\"https:\/\/www.radiopiu.net\/wordpress\/wp-content\/uploads\/2024\/05\/8e8cbba8-f609-49d6-abd0-bb668b599e36-300x225.jpg 300w, https:\/\/www.radiopiu.net\/wordpress\/wp-content\/uploads\/2024\/05\/8e8cbba8-f609-49d6-abd0-bb668b599e36-1024x768.jpg 1024w, https:\/\/www.radiopiu.net\/wordpress\/wp-content\/uploads\/2024\/05\/8e8cbba8-f609-49d6-abd0-bb668b599e36-768x576.jpg 768w, https:\/\/www.radiopiu.net\/wordpress\/wp-content\/uploads\/2024\/05\/8e8cbba8-f609-49d6-abd0-bb668b599e36-1536x1152.jpg 1536w, https:\/\/www.radiopiu.net\/wordpress\/wp-content\/uploads\/2024\/05\/8e8cbba8-f609-49d6-abd0-bb668b599e36.jpg 2048w\" sizes=\"auto, (max-width: 157px) 100vw, 157px\" \/><\/a>LONGARONE<\/strong> Il dialogo tra il Comune di Longarone, il Comitato per la Variante, un gruppo di cittadini e il Commissario di Governo, architetto Fabio Saldini, continua in modo costruttivo riguardo alla Variante di Longarone, prevista per le opere olimpiche. Il Commissario Saldini ha annunciato un&#8217;assemblea pubblica a fine giugno per presentare i risultati del lavoro condiviso. Il Sindaco ha elogiato la disponibilit\u00e0 del Commissario e ha sottolineato l&#8217;importanza delle migliorie proposte, che riducono l&#8217;impatto visivo e sociale dell&#8217;opera, migliorando il tratto di strada tra la confluenza del Ma\u00e8 e la fiera. I rappresentanti del Comitato per la Variante hanno espresso soddisfazione per le soluzioni trovate, come la modifica al ponte Campelli che evita la necessit\u00e0 della sopraelevata. Anche il gruppo di cittadini \u00e8 favorevole alle migliorie, considerando la variante indispensabile per Longarone e la sua viabilit\u00e0. Le modifiche non influiranno sulle tempistiche di realizzazione, confermando l&#8217;impegno delle parti coinvolte nel raggiungere un risultato ottimale.<\/p>\n<p><strong>PER LE TRE RADIO BARBARA PAOLAZZI<\/strong><\/p>\n<audio class=\"wp-audio-shortcode\" id=\"audio-392577-7\" preload=\"none\" style=\"width: 100%;\" controls=\"controls\"><source type=\"audio\/mpeg\" src=\"https:\/\/www.radiopiu.net\/wordpress\/wp-content\/uploads\/2024\/05\/PAOLAZZI-COMMISSARIO-OPERE-OLIMPICHE-LONGARONE.mp3?_=7\" \/><a href=\"https:\/\/www.radiopiu.net\/wordpress\/wp-content\/uploads\/2024\/05\/PAOLAZZI-COMMISSARIO-OPERE-OLIMPICHE-LONGARONE.mp3\">https:\/\/www.radiopiu.net\/wordpress\/wp-content\/uploads\/2024\/05\/PAOLAZZI-COMMISSARIO-OPERE-OLIMPICHE-LONGARONE.mp3<\/a><\/audio>\n<p>&nbsp;<\/p>\n<hr \/>\n<p>&nbsp;<\/p>\n<p>&nbsp;<\/p>\n<blockquote>\n<h1><strong>Accolti i primi due ricorsi per le multe in via Moro<\/strong><\/h1>\n<\/blockquote>\n<p><strong><a class=\"dt-pswp-item\" href=\"https:\/\/www.radiopiu.net\/wordpress\/wp-content\/uploads\/2022\/12\/Polizia_Locale.jpg\" data-dt-img-description=\"\" data-large_image_width=\"1591\" data-large_image_height=\"1193\"><img loading=\"lazy\" decoding=\"async\" class=\" wp-image-312951 alignleft\" src=\"https:\/\/www.radiopiu.net\/wordpress\/wp-content\/uploads\/2022\/12\/Polizia_Locale-300x225.jpg\" alt=\"\" width=\"216\" height=\"162\" srcset=\"https:\/\/www.radiopiu.net\/wordpress\/wp-content\/uploads\/2022\/12\/Polizia_Locale-300x225.jpg 300w, https:\/\/www.radiopiu.net\/wordpress\/wp-content\/uploads\/2022\/12\/Polizia_Locale-1024x768.jpg 1024w, https:\/\/www.radiopiu.net\/wordpress\/wp-content\/uploads\/2022\/12\/Polizia_Locale-768x576.jpg 768w, https:\/\/www.radiopiu.net\/wordpress\/wp-content\/uploads\/2022\/12\/Polizia_Locale-1536x1152.jpg 1536w, https:\/\/www.radiopiu.net\/wordpress\/wp-content\/uploads\/2022\/12\/Polizia_Locale.jpg 1591w\" sizes=\"auto, (max-width: 216px) 100vw, 216px\" \/><\/a>SANTA GIUSTINA\u00a0<\/strong> I primi due ricorsi contro le multe elevate in via Moro sono stati accolti dal giudice di pace. Il sindacato Sulpl Veneto, che difende l&#8217;unico agente di polizia municipale coinvolto, spera che anche il terzo ricorso venga archiviato. Simone Maniero, subcommissario Sulpl Veneto, ha criticato il sindaco per aver delegittimato l&#8217;operato dell&#8217;agente e per l&#8217;assenza di sostegno dalla giunta. Il sindacato ha sottolineato l&#8217;ambiguit\u00e0 sullo stato della strada e la mancata opposizione del Comune. Il subcommissario Sulpl Veneto, Simone Maniero che all&#8217;indomani del decreto del Comune a non costituirsi in giudizio avendo preso le distanze dal provvedimento adottato dal vigile urbano, aveva accusato il sindaco di delegittimare il suo ufficio, non \u00e8 sorpreso dalla decisione del giudice. Ma dichiara tutta la sua amarezza per la piega che ha preso questa situazione e per l&#8217;evoluzione &#8220;politica&#8221; che \u00abscredita il dipendente e non rispetta i diritti doveri dei cittadini\u00bb.<\/p>\n<div class=\"mt-1 flex gap-3 empty:hidden juice:-ml-3\">\n<div class=\"items-center justify-start rounded-xl p-1 flex\">\n<div class=\"flex items-center\">\n<div class=\"flex\"><\/div>\n<div class=\"flex items-center pb-0.5 juice:pb-0\">\n<div class=\"[&amp;_svg]:h-full [&amp;_svg]:w-full icon-md h-4 w-4\"><\/div>\n<\/div>\n<\/div>\n<\/div>\n<\/div>\n<p>&nbsp;<\/p>\n<hr \/>\n<p>&nbsp;<\/p>\n<blockquote>\n<h3>SAN TOMASO AL VOTO: MORENO DE VAL CANDIDATO SINDACO PER LA QUARTA VOLTA CONSECUTIVA<\/h3>\n<\/blockquote>\n<p><strong><a class=\"dt-pswp-item\" href=\"https:\/\/www.radiopiu.net\/wordpress\/wp-content\/uploads\/2023\/06\/moreno-de-val-ok.jpg\" data-dt-img-description=\"\" data-large_image_width=\"1313\" data-large_image_height=\"1065\"><img loading=\"lazy\" decoding=\"async\" class=\" wp-image-340941 alignleft\" src=\"https:\/\/www.radiopiu.net\/wordpress\/wp-content\/uploads\/2023\/06\/moreno-de-val-ok-300x243.jpg\" alt=\"\" width=\"159\" height=\"129\" srcset=\"https:\/\/www.radiopiu.net\/wordpress\/wp-content\/uploads\/2023\/06\/moreno-de-val-ok-300x243.jpg 300w, https:\/\/www.radiopiu.net\/wordpress\/wp-content\/uploads\/2023\/06\/moreno-de-val-ok-1024x831.jpg 1024w, https:\/\/www.radiopiu.net\/wordpress\/wp-content\/uploads\/2023\/06\/moreno-de-val-ok-768x623.jpg 768w, https:\/\/www.radiopiu.net\/wordpress\/wp-content\/uploads\/2023\/06\/moreno-de-val-ok.jpg 1313w\" sizes=\"auto, (max-width: 159px) 100vw, 159px\" \/><\/a>SAN TOMASO<\/strong><\/p>\n<p>DI GIANNI SANTOMASO<\/p>\n<audio class=\"wp-audio-shortcode\" id=\"audio-392577-8\" preload=\"none\" style=\"width: 100%;\" controls=\"controls\"><source type=\"audio\/mpeg\" src=\"https:\/\/www.radiopiu.net\/wordpress\/wp-content\/uploads\/2024\/05\/GIANNI-MORENO-DE-VAL-CANDIDATO-SINDACO-PER-LA-QUARTA-VOLTA-CONSECUTIVA.mp3?_=8\" \/><a href=\"https:\/\/www.radiopiu.net\/wordpress\/wp-content\/uploads\/2024\/05\/GIANNI-MORENO-DE-VAL-CANDIDATO-SINDACO-PER-LA-QUARTA-VOLTA-CONSECUTIVA.mp3\">https:\/\/www.radiopiu.net\/wordpress\/wp-content\/uploads\/2024\/05\/GIANNI-MORENO-DE-VAL-CANDIDATO-SINDACO-PER-LA-QUARTA-VOLTA-CONSECUTIVA.mp3<\/a><\/audio>\n<p>&nbsp;<\/p>\n<p>&nbsp;<\/p>\n<hr \/>\n<p>&nbsp;<\/p>\n<blockquote>\n<h3>INIZIATI I LAVORI DI PULIZIA DEL TORRENTE MISSIAGA<\/h3>\n<\/blockquote>\n<p><strong>LA VALLE <\/strong>Veneto Agricoltura &#8211; Servizi Forestali Regionali ha iniziato la pulizia da vegetazione nell&#8217;alveo del torrente Missiaga a La Valle Agordina.<\/p>\n<p><strong>LE FOTO DI TIZIANO DE COL<\/strong><\/p>\n\n\t\t\t<style type='text\/css'>\n\t\t\t\t#gallery-1 {\n\t\t\t\t\tmargin: auto;\n\t\t\t\t}\n\t\t\t\t#gallery-1 .gallery-item {\n\t\t\t\t\tfloat: left;\n\t\t\t\t\tmargin-top: 10px;\n\t\t\t\t\ttext-align: center;\n\t\t\t\t\twidth: 20%;\n\t\t\t\t}\n\t\t\t\t#gallery-1 img {\n\t\t\t\t\tborder: 2px solid #cfcfcf;\n\t\t\t\t}\n\t\t\t\t#gallery-1 .gallery-caption {\n\t\t\t\t\tmargin-left: 0;\n\t\t\t\t}\n\t\t\t\t\/* see gallery_shortcode() in wp-includes\/media.php *\/\n\t\t\t<\/style>\n\t\t<div id='gallery-1' class='dt-gallery-container gallery galleryid-392577 gallery-columns-5 gallery-size-thumbnail'><dl class='gallery-item'>\n\t\t\t\t<dt class='gallery-icon portrait'>\n\t\t\t\t\t<a class=\"rollover rollover-zoom dt-pswp-item\" title=\"0fa39c35-30b6-4f12-b2bf-f4378e522d04\" data-dt-img-description=\"\" data-large_image_width=\"1536\" data-large_image_height=\"2048\"href='https:\/\/www.radiopiu.net\/wordpress\/wp-content\/uploads\/2024\/05\/0fa39c35-30b6-4f12-b2bf-f4378e522d04.jpg'><img loading=\"lazy\" decoding=\"async\" width=\"150\" height=\"150\" src=\"https:\/\/www.radiopiu.net\/wordpress\/wp-content\/uploads\/2024\/05\/0fa39c35-30b6-4f12-b2bf-f4378e522d04-150x150.jpg\" class=\"attachment-thumbnail size-thumbnail\" alt=\"\" \/><\/a>\n\t\t\t\t<\/dt><\/dl><dl class='gallery-item'>\n\t\t\t\t<dt class='gallery-icon landscape'>\n\t\t\t\t\t<a class=\"rollover rollover-zoom dt-pswp-item\" title=\"cdfc1de6-9545-4daf-8b6c-140e02648060\" data-dt-img-description=\"\" data-large_image_width=\"2048\" data-large_image_height=\"1536\"href='https:\/\/www.radiopiu.net\/wordpress\/wp-content\/uploads\/2024\/05\/cdfc1de6-9545-4daf-8b6c-140e02648060.jpg'><img loading=\"lazy\" decoding=\"async\" width=\"150\" height=\"150\" src=\"https:\/\/www.radiopiu.net\/wordpress\/wp-content\/uploads\/2024\/05\/cdfc1de6-9545-4daf-8b6c-140e02648060-150x150.jpg\" class=\"attachment-thumbnail size-thumbnail\" alt=\"\" \/><\/a>\n\t\t\t\t<\/dt><\/dl><dl class='gallery-item'>\n\t\t\t\t<dt class='gallery-icon landscape'>\n\t\t\t\t\t<a class=\"rollover rollover-zoom dt-pswp-item\" title=\"a104da0c-23e5-41e9-826e-88278fd096a2\" data-dt-img-description=\"\" data-large_image_width=\"2048\" data-large_image_height=\"1536\"href='https:\/\/www.radiopiu.net\/wordpress\/wp-content\/uploads\/2024\/05\/a104da0c-23e5-41e9-826e-88278fd096a2.jpg'><img loading=\"lazy\" decoding=\"async\" width=\"150\" height=\"150\" src=\"https:\/\/www.radiopiu.net\/wordpress\/wp-content\/uploads\/2024\/05\/a104da0c-23e5-41e9-826e-88278fd096a2-150x150.jpg\" class=\"attachment-thumbnail size-thumbnail\" alt=\"\" \/><\/a>\n\t\t\t\t<\/dt><\/dl><dl class='gallery-item'>\n\t\t\t\t<dt class='gallery-icon portrait'>\n\t\t\t\t\t<a class=\"rollover rollover-zoom dt-pswp-item\" title=\"cd08fb5f-8c79-442c-bdec-73518901abbe\" data-dt-img-description=\"\" data-large_image_width=\"1536\" data-large_image_height=\"2048\"href='https:\/\/www.radiopiu.net\/wordpress\/wp-content\/uploads\/2024\/05\/cd08fb5f-8c79-442c-bdec-73518901abbe.jpg'><img loading=\"lazy\" decoding=\"async\" width=\"150\" height=\"150\" src=\"https:\/\/www.radiopiu.net\/wordpress\/wp-content\/uploads\/2024\/05\/cd08fb5f-8c79-442c-bdec-73518901abbe-150x150.jpg\" class=\"attachment-thumbnail size-thumbnail\" alt=\"\" \/><\/a>\n\t\t\t\t<\/dt><\/dl><dl class='gallery-item'>\n\t\t\t\t<dt class='gallery-icon portrait'>\n\t\t\t\t\t<a class=\"rollover rollover-zoom dt-pswp-item\" title=\"df727fe9-f1f1-4b1d-9833-bcaedee6910f\" data-dt-img-description=\"\" data-large_image_width=\"1536\" data-large_image_height=\"2048\"href='https:\/\/www.radiopiu.net\/wordpress\/wp-content\/uploads\/2024\/05\/df727fe9-f1f1-4b1d-9833-bcaedee6910f.jpg'><img loading=\"lazy\" decoding=\"async\" width=\"150\" height=\"150\" src=\"https:\/\/www.radiopiu.net\/wordpress\/wp-content\/uploads\/2024\/05\/df727fe9-f1f1-4b1d-9833-bcaedee6910f-150x150.jpg\" class=\"attachment-thumbnail size-thumbnail\" alt=\"\" \/><\/a>\n\t\t\t\t<\/dt><\/dl><br style=\"clear: both\" \/>\n\t\t\t<\/div>\n\n<p>&nbsp;<\/p>\n<p>&nbsp;<\/p>\n<hr \/>\n<p>&nbsp;<\/p>\n<blockquote>\n<h3 class=\"entry-title\">GENERAZIONE 2026: CELEBRANDO L\u2019OLIMPIADE DI MILANO CORTINA<\/h3>\n<\/blockquote>\n<p><strong><a class=\"dt-pswp-item\" href=\"https:\/\/www.radiopiu.net\/wordpress\/wp-content\/uploads\/2024\/05\/Ascani-2048x1000_c.jpg\" data-dt-img-description=\"\" data-large_image_width=\"2048\" data-large_image_height=\"1000\"><img loading=\"lazy\" decoding=\"async\" class=\"size-medium wp-image-392708 alignleft\" src=\"https:\/\/www.radiopiu.net\/wordpress\/wp-content\/uploads\/2024\/05\/Ascani-2048x1000_c-300x146.jpg\" alt=\"\" width=\"300\" height=\"146\" srcset=\"https:\/\/www.radiopiu.net\/wordpress\/wp-content\/uploads\/2024\/05\/Ascani-2048x1000_c-300x146.jpg 300w, https:\/\/www.radiopiu.net\/wordpress\/wp-content\/uploads\/2024\/05\/Ascani-2048x1000_c-1024x500.jpg 1024w, https:\/\/www.radiopiu.net\/wordpress\/wp-content\/uploads\/2024\/05\/Ascani-2048x1000_c-768x375.jpg 768w, https:\/\/www.radiopiu.net\/wordpress\/wp-content\/uploads\/2024\/05\/Ascani-2048x1000_c-1536x750.jpg 1536w, https:\/\/www.radiopiu.net\/wordpress\/wp-content\/uploads\/2024\/05\/Ascani-2048x1000_c.jpg 2048w\" sizes=\"auto, (max-width: 300px) 100vw, 300px\" \/><\/a>TREVISO\u00a0<\/strong> Franco Ascani, presidente della FICTS, ha lanciato il weekend conclusivo di GenerAzione 2026, coinvolgendo oltre 10mila studenti veneti in attivit\u00e0 legate alle Olimpiadi di Milano Cortina. L&#8217;evento si svolger\u00e0 il 6-7 e 8 giugno tra Treviso e Verona, con la partecipazione di 31 scuole venete e 22 comuni. Gli studenti hanno realizzato disegni, video sportivi e coreografie, e gareggeranno in gare di atletica. Le premiazioni e le mostre degli elaborati si terranno nel weekend, caratterizzando l&#8217;evento con un tocco internazionale.<\/p>\n<p>DI DANIELE DALVIT<\/p>\n<audio class=\"wp-audio-shortcode\" id=\"audio-392577-9\" preload=\"none\" style=\"width: 100%;\" controls=\"controls\"><source type=\"audio\/mpeg\" src=\"https:\/\/www.radiopiu.net\/wordpress\/wp-content\/uploads\/2024\/05\/Radio-Piu-Servizio-Generazione-2026-eventi-finali-1.mp3?_=9\" \/><a href=\"https:\/\/www.radiopiu.net\/wordpress\/wp-content\/uploads\/2024\/05\/Radio-Piu-Servizio-Generazione-2026-eventi-finali-1.mp3\">https:\/\/www.radiopiu.net\/wordpress\/wp-content\/uploads\/2024\/05\/Radio-Piu-Servizio-Generazione-2026-eventi-finali-1.mp3<\/a><\/audio>\n<p>&nbsp;<\/p>\n<p>&nbsp;<\/p>\n<hr \/>\n<p>&nbsp;<\/p>\n<p><strong><a class=\"dt-pswp-item\" href=\"https:\/\/www.radiopiu.net\/wordpress\/wp-content\/uploads\/2023\/12\/ANTENNA.png\" data-dt-img-description=\"\" data-large_image_width=\"300\" data-large_image_height=\"166\"><img loading=\"lazy\" decoding=\"async\" class=\" wp-image-366306 alignleft\" src=\"https:\/\/www.radiopiu.net\/wordpress\/wp-content\/uploads\/2023\/12\/ANTENNA.png\" alt=\"\" width=\"175\" height=\"97\" \/><\/a>IERI SERA, DAL TG DI ANTENNA 3, DI\u00a0 STEFANO BOZZI (ogni sera alle 19 le anticipazioni alla radio, quello che poi seguirete nel TELEGIORNALE BELLUNESE\u00a0 in onda alle 19.30 sul CANALE 10 del digitale terrestre.\u00a0\u00a0<\/strong><\/p>\n<p>&nbsp;<\/p>\n<blockquote>\n<h1 class=\"_title post-title entry-title\">BELLUNO | ODG NEVEGAL, COMUNICAZIONI DEL SINDACO \u2018INTEMPESTIVE, SBAGLIATE, IMPRECISE\u2019<\/h1>\n<\/blockquote>\n<p>&nbsp;<\/p>\n<p><iframe loading=\"lazy\" title=\"ODG NEVEGAL, COMUNICAZIONI DEL SINDACO &#039;INTEMPESTIVE, SBAGLIATE, IMPRECISE&#039; | 31\/05\/2024\" width=\"1200\" height=\"675\" src=\"https:\/\/www.youtube.com\/embed\/DQA1QTJkGwo?feature=oembed\" frameborder=\"0\" allow=\"accelerometer; autoplay; clipboard-write; encrypted-media; gyroscope; picture-in-picture; web-share\" referrerpolicy=\"strict-origin-when-cross-origin\" allowfullscreen><\/iframe><\/p>\n<p>&nbsp;<\/p>\n<p>&nbsp;<\/p>\n<hr \/>\n<p>&nbsp;<\/p>\n<blockquote>\n<h2>FATTI AVANTI E ASSUMITI LE TUE RESPONSABILITA&#8217;! NON SOLO DAVANTI ALLA LEGGE<\/h2>\n<\/blockquote>\n<p><span style=\"color: #0000ff;\"><strong>L&#8217;appello di Gaia, pagina facebook SEI DI AGORDO SE\u00a0<\/strong><\/span><\/p>\n<div dir=\"auto\">Aim\u00e8 mi tocca fare questo post perch\u00e9 a quanto pare \u00e8 pi\u00f9 facile scappare dai propri problemi piuttosto che affrontarli no? Marted\u00ec sera dopo le 20 nel parcheggio davanti all&#8217;ospedale di Agordo qualche furbetta\/o facendo retro probabilmente ha battuto dentro la macchina di mio padre (nuova di 13 giorni, giusto per mettere i puntini sulle i) \u00e8 scappato\/a senza lasciare n\u00e9 un recapito n\u00e9 nulla. Mi duole informare questo personaggio che abbiamo la targa,colore e modello della macchina e che se non salta fuori a breve sporgeremo denuncia senza se e senza ma perch\u00e9 noi di piet\u00e0 non ne abbiamo.<\/div>\n<div dir=\"auto\">Abbiamo gi\u00e0 informato i carabinieri in tutto ci\u00f2 quindi fai veramente prima a scrivermi in privato risolvendola in modo pacifico senza tante denunce anche perch\u00e9 abbiamo testimoni e accesso alle telecamere quindi non ci scappi.<\/div>\n<div dir=\"auto\"><\/div>\n<div dir=\"auto\"><img decoding=\"async\" class=\"aligncenter\" src=\"https:\/\/www.radiopiu.net\/wordpress\/wp-content\/uploads\/2024\/06\/445220488_1664724861004589_6745099889767050400_n.jpg\" \/><\/div>\n<div dir=\"auto\"><\/div>\n<div dir=\"auto\"><\/div>\n<p>&nbsp;<\/p>\n<p>&nbsp;<\/p>\n<p>&nbsp;<\/p>\n<p>&nbsp;<\/p>\n<hr \/>\n<p>&nbsp;<\/p>\n<blockquote>\n<h3><a class=\"dt-pswp-item\" href=\"https:\/\/www.radiopiu.net\/wordpress\/wp-content\/uploads\/2024\/05\/panchina-tricolore-C10F.jpg\" data-dt-img-description=\"\" data-large_image_width=\"640\" data-large_image_height=\"905\"><img loading=\"lazy\" decoding=\"async\" class=\" wp-image-392696 alignleft\" src=\"https:\/\/www.radiopiu.net\/wordpress\/wp-content\/uploads\/2024\/05\/panchina-tricolore-C10F-212x300.jpg\" alt=\"\" width=\"121\" height=\"171\" srcset=\"https:\/\/www.radiopiu.net\/wordpress\/wp-content\/uploads\/2024\/05\/panchina-tricolore-C10F-212x300.jpg 212w, https:\/\/www.radiopiu.net\/wordpress\/wp-content\/uploads\/2024\/05\/panchina-tricolore-C10F.jpg 640w\" sizes=\"auto, (max-width: 121px) 100vw, 121px\" \/><\/a><\/h3>\n<h3>Il Comitato 10 Febbraio Promuove le \u201cPanchine del Ricordo\u201d<\/h3>\n<\/blockquote>\n<p>Dal 2 giugno, il Comitato 10 Febbraio lancia l&#8217;iniziativa patriottica \u201cPanchine del Ricordo\u201d in tutta Italia. Verranno installate panchine dipinte con i colori della bandiera nazionale in spazi pubblici, dedicate a Martiri delle foibe, alla Medaglia d\u2019Oro al Merito Civile Norma Cossetto, o a esuli istriani, giuliani, fiumani e dalmati distinti nel lavoro e nella cultura. L\u2019iniziativa, che parte il giorno della Festa della Repubblica, mira a preservare la memoria storica.<\/p>\n<p>&nbsp;<\/p>\n<p>&nbsp;<\/p>\n<p>&nbsp;<\/p>\n<hr \/>\n<p>&nbsp;<\/p>\n<p>&nbsp;<\/p>\n<blockquote>\n<h3><a class=\"dt-pswp-item\" href=\"https:\/\/www.radiopiu.net\/wordpress\/wp-content\/uploads\/2024\/01\/POSTE-ITALIANE.png\" data-dt-img-description=\"\" data-large_image_width=\"400\" data-large_image_height=\"400\"><img loading=\"lazy\" decoding=\"async\" class=\" wp-image-370478 alignleft\" src=\"https:\/\/www.radiopiu.net\/wordpress\/wp-content\/uploads\/2024\/01\/POSTE-ITALIANE-300x300.png\" alt=\"\" width=\"115\" height=\"115\" srcset=\"https:\/\/www.radiopiu.net\/wordpress\/wp-content\/uploads\/2024\/01\/POSTE-ITALIANE-300x300.png 300w, https:\/\/www.radiopiu.net\/wordpress\/wp-content\/uploads\/2024\/01\/POSTE-ITALIANE-150x150.png 150w, https:\/\/www.radiopiu.net\/wordpress\/wp-content\/uploads\/2024\/01\/POSTE-ITALIANE.png 400w\" sizes=\"auto, (max-width: 115px) 100vw, 115px\" \/><\/a>DA OGGI\u00a0 IN PAGAMENTO LE PENSIONI DI GIUGNO<\/h3>\n<\/blockquote>\n<p><strong>BELLUNO<\/strong> <span class=\"s2\">Poste Italiane comunica che in tutti i 104 Uffici Postali della provincia di Belluno le pensioni del mese di giugno saranno in pagamento a partire da oggi\u00a0<\/span><\/p>\n<p>&nbsp;<\/p>\n<p>&nbsp;<\/p>\n<p>&nbsp;<\/p>\n<p>&nbsp;<\/p>\n<hr \/>\n<p>&nbsp;<\/p>\n<blockquote>\n<h3>POSTE ITALIANE: STRAORDINARI NON PAGATI. UN MODULO PER RICHIEDERE IL PAGAMENTO<\/h3>\n<\/blockquote>\n<p><strong><a class=\"dt-pswp-item\" href=\"https:\/\/www.radiopiu.net\/wordpress\/wp-content\/uploads\/2024\/05\/IMG-20240417-WA0011.jpg\" data-dt-img-description=\"\" data-large_image_width=\"2016\" data-large_image_height=\"1344\"><img loading=\"lazy\" decoding=\"async\" class=\" wp-image-392743 alignleft\" src=\"https:\/\/www.radiopiu.net\/wordpress\/wp-content\/uploads\/2024\/05\/IMG-20240417-WA0011-300x200.jpg\" alt=\"\" width=\"212\" height=\"141\" srcset=\"https:\/\/www.radiopiu.net\/wordpress\/wp-content\/uploads\/2024\/05\/IMG-20240417-WA0011-300x200.jpg 300w, https:\/\/www.radiopiu.net\/wordpress\/wp-content\/uploads\/2024\/05\/IMG-20240417-WA0011-1024x683.jpg 1024w, https:\/\/www.radiopiu.net\/wordpress\/wp-content\/uploads\/2024\/05\/IMG-20240417-WA0011-768x512.jpg 768w, https:\/\/www.radiopiu.net\/wordpress\/wp-content\/uploads\/2024\/05\/IMG-20240417-WA0011-1536x1024.jpg 1536w, https:\/\/www.radiopiu.net\/wordpress\/wp-content\/uploads\/2024\/05\/IMG-20240417-WA0011.jpg 2016w\" sizes=\"auto, (max-width: 212px) 100vw, 212px\" \/><\/a>ROMA<\/strong> Oltre un anno fa, le lavoratrici e i lavoratori precari di Poste Italiane, tramite il movimento Lottiamo Insieme, hanno denunciato le pratiche di sfruttamento e mancato pagamento degli straordinari imposti ai portalettere con contratti a tempo determinato. Nonostante le numerose testimonianze e la documentazione delle ore extra lavorate, n\u00e9 l&#8217;azienda n\u00e9 il sindacato maggioritario Slp Cisl hanno preso provvedimenti. I lavoratori riportano di essere costretti a lavorare fino a 12 ore al giorno, senza alcun compenso per gli straordinari, sotto la minaccia di non vedersi rinnovato il contratto. Slp Cisl, pur dichiarando di difendere la dignit\u00e0 del lavoro, sembra ignorare queste denunce. I lavoratori possono recuperare il credito degli straordinari non pagati entro cinque anni dalla cessazione del rapporto di lavoro, ma molti sono costretti a rivolgersi a studi legali per far valere i propri diritti. Il movimento Lottiamo Insieme fornisce un modello di richiesta per l&#8217;accertamento dell&#8217;orario di lavoro, invitando tutti i lavoratori a reclamare i propri diritti senza timore di ritorsioni.<\/p>\n<p>&nbsp;<\/p>\n<p>&nbsp;<\/p>\n<hr \/>\n<p>&nbsp;<\/p>\n<p>&nbsp;<\/p>\n<blockquote>\n<h2><a class=\"dt-pswp-item\" href=\"https:\/\/www.radiopiu.net\/wordpress\/wp-content\/uploads\/2024\/05\/Montagna-Futura-ROMA.jpeg\" data-dt-img-description=\"\" data-large_image_width=\"1536\" data-large_image_height=\"2048\"><img loading=\"lazy\" decoding=\"async\" class=\" wp-image-392685 alignleft\" src=\"https:\/\/www.radiopiu.net\/wordpress\/wp-content\/uploads\/2024\/05\/Montagna-Futura-ROMA-225x300.jpeg\" alt=\"\" width=\"116\" height=\"155\" srcset=\"https:\/\/www.radiopiu.net\/wordpress\/wp-content\/uploads\/2024\/05\/Montagna-Futura-ROMA-225x300.jpeg 225w, https:\/\/www.radiopiu.net\/wordpress\/wp-content\/uploads\/2024\/05\/Montagna-Futura-ROMA-768x1024.jpeg 768w, https:\/\/www.radiopiu.net\/wordpress\/wp-content\/uploads\/2024\/05\/Montagna-Futura-ROMA-1152x1536.jpeg 1152w, https:\/\/www.radiopiu.net\/wordpress\/wp-content\/uploads\/2024\/05\/Montagna-Futura-ROMA.jpeg 1536w\" sizes=\"auto, (max-width: 116px) 100vw, 116px\" \/><\/a>Il Futuro della Montagna Italiana: Un Rilancio Condiviso<\/h2>\n<\/blockquote>\n<div class=\"flex flex-grow flex-col max-w-full\">\n<div class=\"min-h-[20px] text-message flex flex-col items-start whitespace-pre-wrap break-words [.text-message+&amp;]:mt-5 juice:w-full juice:items-end overflow-x-auto gap-2\" dir=\"auto\" data-message-author-role=\"assistant\" data-message-id=\"1b069051-24e4-492a-816f-19b8917c4564\">\n<div class=\"flex w-full flex-col gap-1 juice:empty:hidden juice:first:pt-[3px]\">\n<div class=\"markdown prose w-full break-words dark:prose-invert dark\">\n<p><strong>BELLUNO<\/strong> Il rilancio infrastrutturale, economico e sociale delle aree alpine ed appenniniche italiane dipende dall&#8217;impegno delle istituzioni, degli enti locali, delle imprese e degli attori sociali. Confartigianato ha coinvolto questi protagonisti nel percorso \u2018Montagna Futura\u2019, culminato il 29 maggio con un evento nazionale a Roma. Durante il convegno si \u00e8 discusso della nuova legge per la montagna e delle prospettive per imprenditori e residenti. Importanti risultati sono stati ottenuti grazie a una collaborazione ben organizzata e all&#8217;impegno per un nuovo sviluppo sostenibile delle aree montane.<\/p>\n<\/div>\n<\/div>\n<\/div>\n<\/div>\n<p>&nbsp;<\/p>\n<p>&nbsp;<\/p>\n<hr \/>\n<p>&nbsp;<\/p>\n<blockquote>\n<h2>Successo per il Follador-De Rossi nel Concorso Webuild Group<\/h2>\n<\/blockquote>\n<p>DI GIANNI SANTOMASO<\/p>\n<audio class=\"wp-audio-shortcode\" id=\"audio-392577-10\" preload=\"none\" style=\"width: 100%;\" controls=\"controls\"><source type=\"audio\/mpeg\" src=\"https:\/\/www.radiopiu.net\/wordpress\/wp-content\/uploads\/2024\/05\/GIANNI-PREMIO-FOLLADOR-DE-ROSSI.mp3?_=10\" \/><a href=\"https:\/\/www.radiopiu.net\/wordpress\/wp-content\/uploads\/2024\/05\/GIANNI-PREMIO-FOLLADOR-DE-ROSSI.mp3\">https:\/\/www.radiopiu.net\/wordpress\/wp-content\/uploads\/2024\/05\/GIANNI-PREMIO-FOLLADOR-DE-ROSSI.mp3<\/a><\/audio>\n<p>&nbsp;<\/p>\n<p><strong><a class=\"dt-pswp-item\" href=\"https:\/\/www.radiopiu.net\/wordpress\/wp-content\/uploads\/2024\/05\/IMG20240530120500-scaled.jpg\" data-dt-img-description=\"oppo_2\" data-large_image_width=\"2560\" data-large_image_height=\"1152\"><img loading=\"lazy\" decoding=\"async\" class=\"size-medium wp-image-392675 alignleft\" src=\"https:\/\/www.radiopiu.net\/wordpress\/wp-content\/uploads\/2024\/05\/IMG20240530120500-300x135.jpg\" alt=\"\" width=\"300\" height=\"135\" srcset=\"https:\/\/www.radiopiu.net\/wordpress\/wp-content\/uploads\/2024\/05\/IMG20240530120500-300x135.jpg 300w, https:\/\/www.radiopiu.net\/wordpress\/wp-content\/uploads\/2024\/05\/IMG20240530120500-1024x461.jpg 1024w, https:\/\/www.radiopiu.net\/wordpress\/wp-content\/uploads\/2024\/05\/IMG20240530120500-768x346.jpg 768w, https:\/\/www.radiopiu.net\/wordpress\/wp-content\/uploads\/2024\/05\/IMG20240530120500-1536x691.jpg 1536w, https:\/\/www.radiopiu.net\/wordpress\/wp-content\/uploads\/2024\/05\/IMG20240530120500-2048x922.jpg 2048w\" sizes=\"auto, (max-width: 300px) 100vw, 300px\" \/><\/a>AGORDO<\/strong> Grande soddisfazione al Follador-De Rossi per il riconoscimento ottenuto dalle classi Quarta e Quinta dell&#8217;indirizzo Geotecnico Minerario. I ragazzi hanno partecipato al Project Work Build Up 2024, promosso dall&#8217;azienda Webuild Group, leader mondiale nel settore delle costruzioni e dell\u2019ingegneria civile. Il concorso invitava le scuole di tutta Italia a realizzare un progetto di una grande opera applicabile al proprio territorio, accompagnato da uno studio di fattibilit\u00e0. Il Follador ha proposto uno studio per la realizzazione di un tunnel ferroviario di circa 56 km, collegando Belluno a Canazei, passando per Agordo. Questo progetto, discusso anche a livello politico, \u00e8 stato scelto per verificarne la fattibilit\u00e0. Gli studenti hanno suddiviso il lavoro in sei lotti, utilizzando le competenze geologiche, tecniche e topografiche acquisite a scuola, e presentandolo attraverso video che illustravano il processo di realizzazione, una stima dei costi e le tecnologie utilizzate. Gli studenti hanno espresso grande entusiasmo per l&#8217;esperienza, che ha permesso loro di applicare le conoscenze scolastiche in modo pratico e di visitare il cantiere del traforo del Brennero come premio. Gi\u00e0 si guarda al Project Work Build Up 2025!<\/p>\n<p>&nbsp;<\/p>\n<hr \/>\n<p>&nbsp;<\/p>\n<blockquote>\n<h2>Grazie al Crowdfunding, Progetti Realizzabili per gli ETS di Belluno e Treviso<\/h2>\n<\/blockquote>\n<div class=\"flex flex-grow flex-col max-w-full\">\n<div class=\"min-h-[20px] text-message flex flex-col items-start whitespace-pre-wrap break-words [.text-message+&amp;]:mt-5 juice:w-full juice:items-end overflow-x-auto gap-2\" dir=\"auto\" data-message-author-role=\"assistant\" data-message-id=\"48dd3579-4fe4-4cfb-b775-493b894a0e0e\">\n<div class=\"flex w-full flex-col gap-1 juice:empty:hidden juice:first:pt-[3px]\">\n<div class=\"markdown prose w-full break-words dark:prose-invert dark\">\n<p><span style=\"color: #1e1d1d;\"><span style=\"font-family: Tahoma, serif;\"><span style=\"font-size: small;\"><strong>TREVISO &#8211; BELLUNO<\/strong><a class=\"dt-pswp-item\" href=\"https:\/\/www.radiopiu.net\/wordpress\/wp-content\/uploads\/2024\/05\/Uno-degli-appuntamenti-di-CROWDFUNDING-il-dono-della-comunita-1-scaled.jpg\" data-dt-img-description=\"\" data-large_image_width=\"2560\" data-large_image_height=\"1440\"><img loading=\"lazy\" decoding=\"async\" class=\"size-medium wp-image-392680 alignleft\" src=\"https:\/\/www.radiopiu.net\/wordpress\/wp-content\/uploads\/2024\/05\/Uno-degli-appuntamenti-di-CROWDFUNDING-il-dono-della-comunita-1-300x169.jpg\" alt=\"\" width=\"300\" height=\"169\" srcset=\"https:\/\/www.radiopiu.net\/wordpress\/wp-content\/uploads\/2024\/05\/Uno-degli-appuntamenti-di-CROWDFUNDING-il-dono-della-comunita-1-300x169.jpg 300w, https:\/\/www.radiopiu.net\/wordpress\/wp-content\/uploads\/2024\/05\/Uno-degli-appuntamenti-di-CROWDFUNDING-il-dono-della-comunita-1-1024x576.jpg 1024w, https:\/\/www.radiopiu.net\/wordpress\/wp-content\/uploads\/2024\/05\/Uno-degli-appuntamenti-di-CROWDFUNDING-il-dono-della-comunita-1-768x432.jpg 768w, https:\/\/www.radiopiu.net\/wordpress\/wp-content\/uploads\/2024\/05\/Uno-degli-appuntamenti-di-CROWDFUNDING-il-dono-della-comunita-1-1536x864.jpg 1536w, https:\/\/www.radiopiu.net\/wordpress\/wp-content\/uploads\/2024\/05\/Uno-degli-appuntamenti-di-CROWDFUNDING-il-dono-della-comunita-1-2048x1152.jpg 2048w\" sizes=\"auto, (max-width: 300px) 100vw, 300px\" \/><\/a>Un\u2019iniziativa congiunta\u00a0 del Csv Belluno Treviso ha permesso di raccogliere oltre 60 mila euro da investire in progettualit\u00e0 per gli Enti del Terzo Settore di Belluno e Treviso. &#8220;Crowdfunding: il dono della Comunit\u00e0&#8221; ha coinvolto una trentina di associazioni.\u00a0 In provincia &#8220;La Quercia&#8221; di Feltre,\u00a0 ha presentato un progetto rivolto ai minori dal titolo &#8220;La fortuna aiuta gli audaci: un nuovo spazio&#8221;. Raccolta una cifra di 13.800 euro a fronte di 10 mila necessari, l\u2019associazione potr\u00e0 ora realizzare una nuova sede idonea ad ospitare gli alunni dai 3 ai 14 anni per una formazione scolastica basata sui principi steineriani, in particolare la terza media, che necessitava di spazi consoni.<\/span><\/span><\/span>_<\/p>\n<p>&nbsp;<\/p>\n<hr \/>\n<p>&nbsp;<\/p>\n<p>&nbsp;<\/p>\n<blockquote>\n<h3>Sciopero nella Ristorazione Collettiva<\/h3>\n<\/blockquote>\n<p>Le Organizzazioni Sindacali Filcams CGIL, Fisascat CISL, e Uiltucs hanno proclamato lo stato di agitazione e una giornata di sciopero per i lavoratori della ristorazione collettiva aderenti a ANIR e ANGEM, protestando per il rinnovo del Contratto nazionale scaduto da oltre 3 anni.<\/p>\n<p>&nbsp;<\/p>\n<\/div>\n<hr \/>\n<p>&nbsp;<\/p>\n<blockquote>\n<h3>LA GIORNATA MONDIALE SENZA TABACCO: I DATI DEL BELLUNESE<\/h3>\n<\/blockquote>\n<p><strong><a class=\"dt-pswp-item\" href=\"https:\/\/www.radiopiu.net\/wordpress\/wp-content\/uploads\/2023\/01\/SIGARETTA.png\" data-dt-img-description=\"\" data-large_image_width=\"1620\" data-large_image_height=\"1068\"><img loading=\"lazy\" decoding=\"async\" class=\" wp-image-319122 alignleft\" src=\"https:\/\/www.radiopiu.net\/wordpress\/wp-content\/uploads\/2023\/01\/SIGARETTA-300x198.png\" alt=\"\" width=\"155\" height=\"102\" srcset=\"https:\/\/www.radiopiu.net\/wordpress\/wp-content\/uploads\/2023\/01\/SIGARETTA-300x198.png 300w, https:\/\/www.radiopiu.net\/wordpress\/wp-content\/uploads\/2023\/01\/SIGARETTA-1024x675.png 1024w, https:\/\/www.radiopiu.net\/wordpress\/wp-content\/uploads\/2023\/01\/SIGARETTA-768x506.png 768w, https:\/\/www.radiopiu.net\/wordpress\/wp-content\/uploads\/2023\/01\/SIGARETTA-1536x1013.png 1536w, https:\/\/www.radiopiu.net\/wordpress\/wp-content\/uploads\/2023\/01\/SIGARETTA.png 1620w\" sizes=\"auto, (max-width: 155px) 100vw, 155px\" \/><\/a>BELLUNO<\/strong> Ieri \u00e8 la Giornata Mondiale Senza Tabacco, dedicata a riflettere sulle abitudini al fumo e a sensibilizzare la cittadinanza sull&#8217;importanza di smettere di fumare. L\u2019ULSS Dolomiti ha diffuso dati sul fenomeno nel Bellunese. Tra gli adulti, il 55% non fuma, il 22% ha smesso e il 23% fuma, con una media di 10,8 sigarette al giorno. L&#8217;uso di sigarette elettroniche e dispositivi IQOS \u00e8 in aumento. Tra i giovani (13-15 anni), il 18% sono fumatori abituali e l&#8217;e-cig \u00e8 il dispositivo pi\u00f9 usato. Il 45% dei fumatori ha tentato di smettere nell&#8217;ultimo anno, con l&#8217;81% che ha fallito. Il 32% degli intervistati ha ricevuto consigli di smettere dagli operatori sanitari. Il divieto di fumo \u00e8 rispettato nel 99,5% dei luoghi di lavoro e nel 94% delle case.<\/p>\n<p>&nbsp;<\/p>\n<hr \/>\n<p>&nbsp;<\/p>\n<blockquote>\n<h2>Concluso il Secondo Corso USAR Medium per Personale Sanitario<\/h2>\n<\/blockquote>\n<p>&nbsp;<\/p>\n<p>***<\/p>\n<p><strong>BELLUNO <\/strong>Gioved\u00ec 30 maggio, si \u00e8 concluso il secondo dei tre corsi USAR (Urban Search and Rescue) Medium, organizzato dalla Direzione Interregionale del Veneto e Trentino Alto Adige in collaborazione con il Suem 118. Il corso ha formato 24 tra medici e infermieri delle province venete per inserirli nei team USAR, specializzati nella ricerca e soccorso di persone sotto le macerie, operando anche a livello internazionale. Dopo la teoria a Venezia Mestre, le esercitazioni pratiche si sono svolte nel campo macerie del comando di Belluno. Il comandante dei vigili del fuoco di Belluno, ing. Matteo Carretto, ha elogiato i partecipanti e consegnato loro gli attestati di superamento. Il terzo corso si terr\u00e0 a ottobre, sempre a Belluno<\/p>\n\n\t\t\t<style type='text\/css'>\n\t\t\t\t#gallery-2 {\n\t\t\t\t\tmargin: auto;\n\t\t\t\t}\n\t\t\t\t#gallery-2 .gallery-item {\n\t\t\t\t\tfloat: left;\n\t\t\t\t\tmargin-top: 10px;\n\t\t\t\t\ttext-align: center;\n\t\t\t\t\twidth: 14%;\n\t\t\t\t}\n\t\t\t\t#gallery-2 img {\n\t\t\t\t\tborder: 2px solid #cfcfcf;\n\t\t\t\t}\n\t\t\t\t#gallery-2 .gallery-caption {\n\t\t\t\t\tmargin-left: 0;\n\t\t\t\t}\n\t\t\t\t\/* see gallery_shortcode() in wp-includes\/media.php *\/\n\t\t\t<\/style>\n\t\t<div id='gallery-2' class='dt-gallery-container gallery galleryid-392577 gallery-columns-7 gallery-size-thumbnail'><dl class='gallery-item'>\n\t\t\t\t<dt class='gallery-icon landscape'>\n\t\t\t\t\t<a class=\"rollover rollover-zoom dt-pswp-item\" title=\"ef33f8e0-a6e8-4738-b1a2-abf023b5f06c\" data-dt-img-description=\"\" data-large_image_width=\"1600\" data-large_image_height=\"1200\"href='https:\/\/www.radiopiu.net\/wordpress\/wp-content\/uploads\/2024\/05\/ef33f8e0-a6e8-4738-b1a2-abf023b5f06c.jpg'><img loading=\"lazy\" decoding=\"async\" width=\"150\" height=\"150\" src=\"https:\/\/www.radiopiu.net\/wordpress\/wp-content\/uploads\/2024\/05\/ef33f8e0-a6e8-4738-b1a2-abf023b5f06c-150x150.jpg\" class=\"attachment-thumbnail size-thumbnail\" alt=\"\" \/><\/a>\n\t\t\t\t<\/dt><\/dl><dl class='gallery-item'>\n\t\t\t\t<dt class='gallery-icon portrait'>\n\t\t\t\t\t<a class=\"rollover rollover-zoom dt-pswp-item\" title=\"12a47f92-6320-4782-b5a7-64ec05f86413\" data-dt-img-description=\"\" data-large_image_width=\"1200\" data-large_image_height=\"1600\"href='https:\/\/www.radiopiu.net\/wordpress\/wp-content\/uploads\/2024\/05\/12a47f92-6320-4782-b5a7-64ec05f86413.jpg'><img loading=\"lazy\" decoding=\"async\" width=\"150\" height=\"150\" src=\"https:\/\/www.radiopiu.net\/wordpress\/wp-content\/uploads\/2024\/05\/12a47f92-6320-4782-b5a7-64ec05f86413-150x150.jpg\" class=\"attachment-thumbnail size-thumbnail\" alt=\"\" \/><\/a>\n\t\t\t\t<\/dt><\/dl><dl class='gallery-item'>\n\t\t\t\t<dt class='gallery-icon landscape'>\n\t\t\t\t\t<a class=\"rollover rollover-zoom dt-pswp-item\" title=\"be127b82-3508-4a5b-af9c-ae294664113d\" data-dt-img-description=\"\" data-large_image_width=\"1600\" data-large_image_height=\"1200\"href='https:\/\/www.radiopiu.net\/wordpress\/wp-content\/uploads\/2024\/05\/be127b82-3508-4a5b-af9c-ae294664113d.jpg'><img loading=\"lazy\" decoding=\"async\" width=\"150\" height=\"150\" src=\"https:\/\/www.radiopiu.net\/wordpress\/wp-content\/uploads\/2024\/05\/be127b82-3508-4a5b-af9c-ae294664113d-150x150.jpg\" class=\"attachment-thumbnail size-thumbnail\" alt=\"\" \/><\/a>\n\t\t\t\t<\/dt><\/dl><dl class='gallery-item'>\n\t\t\t\t<dt class='gallery-icon portrait'>\n\t\t\t\t\t<a class=\"rollover rollover-zoom dt-pswp-item\" title=\"32fe48a1-66a8-47a4-87a5-16e53fab765e\" data-dt-img-description=\"\" data-large_image_width=\"1200\" data-large_image_height=\"1600\"href='https:\/\/www.radiopiu.net\/wordpress\/wp-content\/uploads\/2024\/05\/32fe48a1-66a8-47a4-87a5-16e53fab765e.jpg'><img loading=\"lazy\" decoding=\"async\" width=\"150\" height=\"150\" src=\"https:\/\/www.radiopiu.net\/wordpress\/wp-content\/uploads\/2024\/05\/32fe48a1-66a8-47a4-87a5-16e53fab765e-150x150.jpg\" class=\"attachment-thumbnail size-thumbnail\" alt=\"\" \/><\/a>\n\t\t\t\t<\/dt><\/dl><dl class='gallery-item'>\n\t\t\t\t<dt class='gallery-icon portrait'>\n\t\t\t\t\t<a class=\"rollover rollover-zoom dt-pswp-item\" title=\"ba4514f4-cd5f-47cf-89fe-d4160883ed31\" data-dt-img-description=\"\" data-large_image_width=\"1200\" data-large_image_height=\"1600\"href='https:\/\/www.radiopiu.net\/wordpress\/wp-content\/uploads\/2024\/05\/ba4514f4-cd5f-47cf-89fe-d4160883ed31.jpg'><img loading=\"lazy\" decoding=\"async\" width=\"150\" height=\"150\" src=\"https:\/\/www.radiopiu.net\/wordpress\/wp-content\/uploads\/2024\/05\/ba4514f4-cd5f-47cf-89fe-d4160883ed31-150x150.jpg\" class=\"attachment-thumbnail size-thumbnail\" alt=\"\" \/><\/a>\n\t\t\t\t<\/dt><\/dl><dl class='gallery-item'>\n\t\t\t\t<dt class='gallery-icon portrait'>\n\t\t\t\t\t<a class=\"rollover rollover-zoom dt-pswp-item\" title=\"736d07c4-7254-426e-a920-d91b4168b8e3\" data-dt-img-description=\"\" data-large_image_width=\"1536\" data-large_image_height=\"2048\"href='https:\/\/www.radiopiu.net\/wordpress\/wp-content\/uploads\/2024\/05\/736d07c4-7254-426e-a920-d91b4168b8e3.jpg'><img loading=\"lazy\" decoding=\"async\" width=\"150\" height=\"150\" src=\"https:\/\/www.radiopiu.net\/wordpress\/wp-content\/uploads\/2024\/05\/736d07c4-7254-426e-a920-d91b4168b8e3-150x150.jpg\" class=\"attachment-thumbnail size-thumbnail\" alt=\"\" \/><\/a>\n\t\t\t\t<\/dt><\/dl><dl class='gallery-item'>\n\t\t\t\t<dt class='gallery-icon portrait'>\n\t\t\t\t\t<a class=\"rollover rollover-zoom dt-pswp-item\" title=\"0c0f7d8f-dd6e-4055-be8d-e351a64bd9ea\" data-dt-img-description=\"\" data-large_image_width=\"1200\" data-large_image_height=\"1600\"href='https:\/\/www.radiopiu.net\/wordpress\/wp-content\/uploads\/2024\/05\/0c0f7d8f-dd6e-4055-be8d-e351a64bd9ea.jpg'><img loading=\"lazy\" decoding=\"async\" width=\"150\" height=\"150\" src=\"https:\/\/www.radiopiu.net\/wordpress\/wp-content\/uploads\/2024\/05\/0c0f7d8f-dd6e-4055-be8d-e351a64bd9ea-150x150.jpg\" class=\"attachment-thumbnail size-thumbnail\" alt=\"\" \/><\/a>\n\t\t\t\t<\/dt><\/dl><br style=\"clear: both\" \/>\n\t\t\t<\/div>\n\n<p>&nbsp;<\/p>\n<p>&nbsp;<\/p>\n<hr \/>\n<p>&nbsp;<\/p>\n<blockquote>\n<h3><a class=\"dt-pswp-item\" href=\"https:\/\/www.radiopiu.net\/wordpress\/wp-content\/uploads\/2024\/05\/Senza-nome-72.png\" data-dt-img-description=\"\" data-large_image_width=\"755\" data-large_image_height=\"695\"><img loading=\"lazy\" decoding=\"async\" class=\" wp-image-392698 alignleft\" src=\"https:\/\/www.radiopiu.net\/wordpress\/wp-content\/uploads\/2024\/05\/Senza-nome-72-300x276.png\" alt=\"\" width=\"182\" height=\"167\" srcset=\"https:\/\/www.radiopiu.net\/wordpress\/wp-content\/uploads\/2024\/05\/Senza-nome-72-300x276.png 300w, https:\/\/www.radiopiu.net\/wordpress\/wp-content\/uploads\/2024\/05\/Senza-nome-72.png 755w\" sizes=\"auto, (max-width: 182px) 100vw, 182px\" \/><\/a>Patrimoni Unesco dell\u2019Umanit\u00e0: la classifica delle nazioni<\/h3>\n<\/blockquote>\n<p><strong>ROMA<\/strong>\u00a0 I siti patrimonio dell\u2019Unesco sono essenziali per preservare e promuovere la cultura. Preply ha pubblicato una classifica mondiale e nazionale dei paesi con pi\u00f9 siti Unesco. L\u2019Italia \u00e8 prima con 59 riconoscimenti, seguita dalla Cina. In Italia, la Lombardia guida con 10 siti, seguita dal Veneto e dalla Toscana. Valle d\u2019Aosta e Molise non hanno siti riconosciuti. La Germania supera Francia e Spagna. La ricerca evidenzia la ricchezza culturale italiana, nonostante le diverse estensioni territoriali dei paesi.<\/p>\n<p>&nbsp;<\/p>\n<p>.<\/p>\n<\/div>\n<\/div>\n<\/div>\n<p>&nbsp;<\/p>\n<p>&nbsp;<\/p>\n<hr \/>\n<p>&nbsp;<\/p>\n<blockquote>\n<h3><a class=\"dt-pswp-item\" href=\"https:\/\/www.radiopiu.net\/wordpress\/wp-content\/uploads\/2024\/05\/Senza-nome-73.png\" data-dt-img-description=\"\" data-large_image_width=\"273\" data-large_image_height=\"297\"><img loading=\"lazy\" decoding=\"async\" class=\"wp-image-392703 alignleft\" src=\"https:\/\/www.radiopiu.net\/wordpress\/wp-content\/uploads\/2024\/05\/Senza-nome-73.png\" alt=\"\" width=\"113\" height=\"123\" \/><\/a>Lions Club Cadore Dolomiti: Conferenza Stampa per la Staffetta della Pace<\/h3>\n<\/blockquote>\n<p>Il Lions Club Cadore Dolomiti invita alla conferenza stampa di lancio della Staffetta Lions per la Pace 2024, il 4 giugno alle 11:00 nella Sala Consiliare del Comune di Pieve di Cadore. La staffetta, che partir\u00e0 il 6 luglio dalle Dolomiti e arriver\u00e0 a Roma tra il 12 e il 18 settembre, coinvolger\u00e0 7 Distretti Lions e attraverser\u00e0 5 regioni italiane. Durante la conferenza, interverranno Moni Ovadia e Raffaele Crocco.<\/p>\n<p>&nbsp;<\/p>\n<p>&nbsp;<\/p>\n<hr \/>\n<p>&nbsp;<\/p>\n<blockquote>\n<h3>VIVA SOFIA: DUE MANI PER LA VITA CON IL LIONS CLUB BELLUNO<\/h3>\n<\/blockquote>\n<p><strong><a class=\"dt-pswp-item\" href=\"https:\/\/www.radiopiu.net\/wordpress\/wp-content\/uploads\/2024\/05\/W.SOFIA_.Dott_.-Fabio-Soppelsa.-Pres.-Zona-Lions.jpg\" data-dt-img-description=\"\" data-large_image_width=\"526\" data-large_image_height=\"701\"><img loading=\"lazy\" decoding=\"async\" class=\" wp-image-392741 alignleft\" src=\"https:\/\/www.radiopiu.net\/wordpress\/wp-content\/uploads\/2024\/05\/W.SOFIA_.Dott_.-Fabio-Soppelsa.-Pres.-Zona-Lions-225x300.jpg\" alt=\"\" width=\"138\" height=\"184\" srcset=\"https:\/\/www.radiopiu.net\/wordpress\/wp-content\/uploads\/2024\/05\/W.SOFIA_.Dott_.-Fabio-Soppelsa.-Pres.-Zona-Lions-225x300.jpg 225w, https:\/\/www.radiopiu.net\/wordpress\/wp-content\/uploads\/2024\/05\/W.SOFIA_.Dott_.-Fabio-Soppelsa.-Pres.-Zona-Lions.jpg 526w\" sizes=\"auto, (max-width: 138px) 100vw, 138px\" \/><\/a>BELLUNO<\/strong> Ogni anno in Italia, circa 65mila persone muoiono per mancanza o ritardi nel primo intervento, inclusi casi di soffocamento. In Europa, 500 bambini muoiono annualmente per soffocamento; in Italia, uno ogni 10 giorni. Meno dell&#8217;1% della popolazione italiana sa come eseguire la manovra di disostruzione delle vie aeree su un bambino, rispetto a oltre il 57% negli Stati Uniti. Dal 2015, il service &#8220;Viva Sofia: due mani per la vita&#8221; dei Lions Italia insegna procedure salvavita come la manovra di Heimlich, la rianimazione di base e l&#8217;uso del defibrillatore automatico. Questo progetto, ideato da Daniele Donigaglia, ha formato oltre 40mila persone grazie ai volontari Lions. Il Lions Club Belluno ha organizzato una sessione formativa per 22 ragazzi presso la sede Scout di Mussoi, ricevendo entusiasmo e interesse. Il progetto mira a espandersi in scuole, spiagge, teatri e universit\u00e0 per educare sempre pi\u00f9 persone e dimostrare che &#8220;due mani possono realmente salvare una vita&#8221;<\/p>\n<p>&nbsp;<\/p>\n<p>&nbsp;<\/p>\n<hr \/>\n<p>&nbsp;<\/p>\n<blockquote>\n<h2>PETTIROSSO AGORDINO, DOPO I QUATTRO APPUNTAMENTI A CENCENIGHE<\/h2>\n<\/blockquote>\n<p><strong><a class=\"dt-pswp-item\" href=\"https:\/\/www.radiopiu.net\/wordpress\/wp-content\/uploads\/2022\/11\/th-21.jpg\" data-dt-img-description=\"\" data-large_image_width=\"474\" data-large_image_height=\"335\"><img loading=\"lazy\" decoding=\"async\" class=\" wp-image-309972 alignleft\" src=\"https:\/\/www.radiopiu.net\/wordpress\/wp-content\/uploads\/2022\/11\/th-21-300x212.jpg\" alt=\"\" width=\"156\" height=\"110\" srcset=\"https:\/\/www.radiopiu.net\/wordpress\/wp-content\/uploads\/2022\/11\/th-21-300x212.jpg 300w, https:\/\/www.radiopiu.net\/wordpress\/wp-content\/uploads\/2022\/11\/th-21.jpg 474w\" sizes=\"auto, (max-width: 156px) 100vw, 156px\" \/><\/a><\/strong><\/p>\n<p><strong>DI MIRKO MEZZACASA<\/strong><\/p>\n<p><strong>con Sonia d&#8217;Agostini e Laura Miana<\/strong><\/p>\n<p>audio<\/p>\n<audio class=\"wp-audio-shortcode\" id=\"audio-392577-11\" preload=\"none\" style=\"width: 100%;\" controls=\"controls\"><source type=\"audio\/mpeg\" src=\"https:\/\/www.radiopiu.net\/wordpress\/wp-content\/uploads\/2024\/04\/PETTIROSSO-FINALE-RIASUNTO.mp3?_=11\" \/><a href=\"https:\/\/www.radiopiu.net\/wordpress\/wp-content\/uploads\/2024\/04\/PETTIROSSO-FINALE-RIASUNTO.mp3\">https:\/\/www.radiopiu.net\/wordpress\/wp-content\/uploads\/2024\/04\/PETTIROSSO-FINALE-RIASUNTO.mp3<\/a><\/audio>\n<p>&nbsp;<\/p>\n<p>&nbsp;<\/p>\n<p>&nbsp;<\/p>\n<p>&nbsp;<\/p>\n<hr \/>\n<p>&nbsp;<\/p>\n<blockquote>\n<h3><a class=\"dt-pswp-item\" href=\"https:\/\/www.radiopiu.net\/wordpress\/wp-content\/uploads\/2024\/05\/IMG_1223-scaled.jpg\" data-dt-img-description=\"\" data-large_image_width=\"2560\" data-large_image_height=\"2053\"><img loading=\"lazy\" decoding=\"async\" class=\" wp-image-392730 alignleft\" src=\"https:\/\/www.radiopiu.net\/wordpress\/wp-content\/uploads\/2024\/05\/IMG_1223-300x241.jpg\" alt=\"\" width=\"167\" height=\"134\" srcset=\"https:\/\/www.radiopiu.net\/wordpress\/wp-content\/uploads\/2024\/05\/IMG_1223-300x241.jpg 300w, https:\/\/www.radiopiu.net\/wordpress\/wp-content\/uploads\/2024\/05\/IMG_1223-1024x821.jpg 1024w, https:\/\/www.radiopiu.net\/wordpress\/wp-content\/uploads\/2024\/05\/IMG_1223-768x616.jpg 768w, https:\/\/www.radiopiu.net\/wordpress\/wp-content\/uploads\/2024\/05\/IMG_1223-1536x1232.jpg 1536w, https:\/\/www.radiopiu.net\/wordpress\/wp-content\/uploads\/2024\/05\/IMG_1223-2048x1643.jpg 2048w\" sizes=\"auto, (max-width: 167px) 100vw, 167px\" \/><\/a>BORTOLINI E STRAGA&#8217; FANNO IL PIENONE A BELLUNO<\/h3>\n<\/blockquote>\n<p><strong>BELLUNO<\/strong> Il Teatro Giovanni XXIII era strapieno per il concerto di Alvise Bortolini e Federico Strag\u00e0, organizzato dall&#8217;Associazione Cucchini per sensibilizzare sulle Cure Palliative in occasione della Giornata del Sollievo. L&#8217;evento ha registrato il tutto esaurito. Paolo Colleselli, presidente dell&#8217;associazione, ha espresso gratitudine per la grande partecipazione e per le emozioni regalate dai due cantautori e dai musicisti che li hanno accompagnati.<\/p>\n<p>&nbsp;<\/p>\n<p>&nbsp;<\/p>\n<hr \/>\n<p>&nbsp;<\/p>\n<blockquote>\n<h3>CONCORSO LETTERARIO EL BON DE L&#8217;ANSUDA 2024<\/h3>\n<\/blockquote>\n<p><strong><a class=\"dt-pswp-item\" href=\"https:\/\/www.radiopiu.net\/wordpress\/wp-content\/uploads\/2024\/05\/25ae05cb-ebc0-458f-ba62-d1b38063b096.jpg\" data-dt-img-description=\"\" data-large_image_width=\"1600\" data-large_image_height=\"1600\"><img loading=\"lazy\" decoding=\"async\" class=\" wp-image-391644 alignleft\" src=\"https:\/\/www.radiopiu.net\/wordpress\/wp-content\/uploads\/2024\/05\/25ae05cb-ebc0-458f-ba62-d1b38063b096-300x300.jpg\" alt=\"\" width=\"138\" height=\"138\" srcset=\"https:\/\/www.radiopiu.net\/wordpress\/wp-content\/uploads\/2024\/05\/25ae05cb-ebc0-458f-ba62-d1b38063b096-300x300.jpg 300w, https:\/\/www.radiopiu.net\/wordpress\/wp-content\/uploads\/2024\/05\/25ae05cb-ebc0-458f-ba62-d1b38063b096-1024x1024.jpg 1024w, https:\/\/www.radiopiu.net\/wordpress\/wp-content\/uploads\/2024\/05\/25ae05cb-ebc0-458f-ba62-d1b38063b096-150x150.jpg 150w, https:\/\/www.radiopiu.net\/wordpress\/wp-content\/uploads\/2024\/05\/25ae05cb-ebc0-458f-ba62-d1b38063b096-768x768.jpg 768w, https:\/\/www.radiopiu.net\/wordpress\/wp-content\/uploads\/2024\/05\/25ae05cb-ebc0-458f-ba62-d1b38063b096-1536x1536.jpg 1536w, https:\/\/www.radiopiu.net\/wordpress\/wp-content\/uploads\/2024\/05\/25ae05cb-ebc0-458f-ba62-d1b38063b096.jpg 1600w\" sizes=\"auto, (max-width: 138px) 100vw, 138px\" \/><\/a>FALCADE <\/strong>Il Concorso letterario &#8220;EL BON DE L&#8217;ANSUDA&#8221; 2024 \u00e8 aperto ad autori italiani e stranieri per racconti inediti in lingua italiana, con il tema &#8220;La Primavera e il legno&#8221;. Sono previste tre categorie: &#8220;El Bon De l&#8217;Ansuda POP&#8221; per bambini fino a 13 anni; &#8220;El Bon de l&#8217;Ansuda DOVEGN&#8221; per ragazzi dai 14 ai 18 anni; &#8220;El Bon de l&#8217;Ansuda MADUR&#8221; per adulti dai 19 anni in su. I racconti, lunghi massimo 16.000 battute con una tolleranza del 10%, devono essere inviati in formato .pdf all&#8217;indirizzo <a target=\"_new\" rel=\"noreferrer noopener\">concorso.bonansuda@gmail.com<\/a> entro il 7 giugno 2024. Il file non deve contenere dati personali, che invece vanno inclusi nel corpo dell&#8217;e-mail insieme a una dichiarazione di inedicit\u00e0 dell&#8217;opera. Per i minorenni \u00e8 necessaria la firma di un genitore. Una giuria selezioner\u00e0 un vincitore per categoria, con valutazioni insindacabili. Partecipare al concorso implica l&#8217;autorizzazione alla pubblicazione del racconto e all&#8217;uso dei dati personali per comunicazioni relative al concorso. Gli autori rinunciano a qualsiasi pretesa economica sui profitti derivanti dalle vendite delle opere pubblicate. La premiazione si terr\u00e0 il 16 giugno 2024 alle 17:00 presso l&#8217;info point dell&#8217;evento.<\/p>\n<p>&nbsp;<\/p>\n<hr \/>\n<blockquote><p>&nbsp;<\/p>\n<p>&nbsp;<\/p><\/blockquote>\n<div dir=\"auto\">\n<p class=\"western\" lang=\"it-IT\" align=\"center\"><span style=\"font-family: Georgia, serif;\"><b><a class=\"dt-pswp-item\" href=\"https:\/\/www.radiopiu.net\/wordpress\/wp-content\/uploads\/2024\/05\/Nissun-va-al-Monte-1-atto-2.jpeg\" data-dt-img-description=\"\" data-large_image_width=\"1209\" data-large_image_height=\"650\"><img loading=\"lazy\" decoding=\"async\" class=\" wp-image-392215 alignleft\" src=\"https:\/\/www.radiopiu.net\/wordpress\/wp-content\/uploads\/2024\/05\/Nissun-va-al-Monte-1-atto-2-300x161.jpeg\" alt=\"\" width=\"212\" height=\"114\" srcset=\"https:\/\/www.radiopiu.net\/wordpress\/wp-content\/uploads\/2024\/05\/Nissun-va-al-Monte-1-atto-2-300x161.jpeg 300w, https:\/\/www.radiopiu.net\/wordpress\/wp-content\/uploads\/2024\/05\/Nissun-va-al-Monte-1-atto-2-1024x551.jpeg 1024w, https:\/\/www.radiopiu.net\/wordpress\/wp-content\/uploads\/2024\/05\/Nissun-va-al-Monte-1-atto-2-768x413.jpeg 768w, https:\/\/www.radiopiu.net\/wordpress\/wp-content\/uploads\/2024\/05\/Nissun-va-al-Monte-1-atto-2.jpeg 1209w\" sizes=\"auto, (max-width: 212px) 100vw, 212px\" \/><\/a>IL CIRCOLO, CON IL COMUNE DI ALPAGO E LA COMPAGNIA AMATORIALE <\/b><\/span><\/p>\n<p class=\"western\" lang=\"it-IT\" align=\"center\">\u201c<span style=\"font-family: Georgia, serif;\"><b>I SEQUERIS\u201d, SVELANO IL PRIMO CARTELLONE DI TEATRO VENETO<\/b><\/span><\/p>\n<p class=\"western\" lang=\"it-IT\" align=\"center\"><span style=\"font-family: Georgia, serif;\"><i>Annunciate le 5 rappresentazioni teatrali e il concerto di musica sinfonica che accompagneranno il pubblico da novembre ad aprile, nella sede della Casa della Giovent\u00f9<\/i><\/span><\/p>\n<p class=\"western\" lang=\"it-IT\" align=\"justify\"><span style=\"font-family: Georgia, serif;\">BELLUNO\u00a0 Cinque spettacoli di prosa veneta e un concerto della Dolomiti Symphonia Orchestra: nella sede della Provincia, il Circolo Cultura e Stampa Bellunese e il Comune di Alpago hanno svelato il cartellone della Prima Stagione che, dal 3 novembre al 13 aprile, accompagner\u00e0 il pubblico tra divertimento e musica d\u2019autore. <\/span><span style=\"font-family: Georgia, serif;\">La sede scelta \u00e8 quella della Casa della Giovent\u00f9, in Via Verdi, 1 (Puos), dove gli spettacoli verranno inscenati di domenica alle 16.30, per agevolare la fruizione alle famiglie. Primo appuntamento domenica<\/span> 3 novembre\u00a0 con\u00a0 UNA CASA DI PAZZI e la\u00a0 Compagnia teatrale La Moscheta<\/p>\n<p lang=\"it-IT\" align=\"justify\">\n<\/div>\n<hr \/>\n<p>&nbsp;<\/p>\n<blockquote>\n<h3><a class=\"dt-pswp-item\" href=\"https:\/\/www.radiopiu.net\/wordpress\/wp-content\/uploads\/2024\/05\/b3c8f62b-305a-47e9-afc6-69820fcd3900.jpg\" data-dt-img-description=\"\" data-large_image_width=\"1131\" data-large_image_height=\"1600\"><img loading=\"lazy\" decoding=\"async\" class=\" wp-image-392575 alignleft\" src=\"https:\/\/www.radiopiu.net\/wordpress\/wp-content\/uploads\/2024\/05\/b3c8f62b-305a-47e9-afc6-69820fcd3900-212x300.jpg\" alt=\"\" width=\"102\" height=\"144\" srcset=\"https:\/\/www.radiopiu.net\/wordpress\/wp-content\/uploads\/2024\/05\/b3c8f62b-305a-47e9-afc6-69820fcd3900-212x300.jpg 212w, https:\/\/www.radiopiu.net\/wordpress\/wp-content\/uploads\/2024\/05\/b3c8f62b-305a-47e9-afc6-69820fcd3900-724x1024.jpg 724w, https:\/\/www.radiopiu.net\/wordpress\/wp-content\/uploads\/2024\/05\/b3c8f62b-305a-47e9-afc6-69820fcd3900-768x1086.jpg 768w, https:\/\/www.radiopiu.net\/wordpress\/wp-content\/uploads\/2024\/05\/b3c8f62b-305a-47e9-afc6-69820fcd3900-1086x1536.jpg 1086w, https:\/\/www.radiopiu.net\/wordpress\/wp-content\/uploads\/2024\/05\/b3c8f62b-305a-47e9-afc6-69820fcd3900.jpg 1131w\" sizes=\"auto, (max-width: 102px) 100vw, 102px\" \/><\/a>IL CENTESIMO ANNIVERSARIO DELL&#8217;ASSASINIO DI MATTEOTTI A BELLUNO<\/h3>\n<\/blockquote>\n<p><strong>DI ROBERTO BONA<\/strong><\/p>\n<audio class=\"wp-audio-shortcode\" id=\"audio-392577-12\" preload=\"none\" style=\"width: 100%;\" controls=\"controls\"><source type=\"audio\/mpeg\" src=\"https:\/\/www.radiopiu.net\/wordpress\/wp-content\/uploads\/2024\/05\/BONA-CENTESIMO-ANNIVERSARIO-MATTEOTTI-SCADENZA-15-GIUGNO.mp3?_=12\" \/><a href=\"https:\/\/www.radiopiu.net\/wordpress\/wp-content\/uploads\/2024\/05\/BONA-CENTESIMO-ANNIVERSARIO-MATTEOTTI-SCADENZA-15-GIUGNO.mp3\">https:\/\/www.radiopiu.net\/wordpress\/wp-content\/uploads\/2024\/05\/BONA-CENTESIMO-ANNIVERSARIO-MATTEOTTI-SCADENZA-15-GIUGNO.mp3<\/a><\/audio>\n<p>&nbsp;<\/p>\n<hr \/>\n<p>&nbsp;<\/p>\n<h2><span style=\"color: #ff6600;\">ALLA RADIO\u00a0 \u00a0\u00a0<\/span><\/h2>\n<h2><span style=\"color: #ff00ff;\">&#8220;DINTORN E FORA VIA&#8221;\u00a0 IL PROGRAMMA\u00a0 A CURA DEL MUSLA<\/span><\/h2>\n<p><strong><a class=\"dt-pswp-item\" href=\"https:\/\/www.radiopiu.net\/wordpress\/wp-content\/uploads\/2018\/07\/Giorgia-Taio.jpg\" data-dt-img-description=\"\" data-large_image_width=\"777\" data-large_image_height=\"1599\"><img loading=\"lazy\" decoding=\"async\" class=\" wp-image-53380 alignleft\" src=\"https:\/\/www.radiopiu.net\/wordpress\/wp-content\/uploads\/2018\/07\/Giorgia-Taio-146x300.jpg\" alt=\"\" width=\"85\" height=\"174\" srcset=\"https:\/\/www.radiopiu.net\/wordpress\/wp-content\/uploads\/2018\/07\/Giorgia-Taio-146x300.jpg 146w, https:\/\/www.radiopiu.net\/wordpress\/wp-content\/uploads\/2018\/07\/Giorgia-Taio-768x1580.jpg 768w, https:\/\/www.radiopiu.net\/wordpress\/wp-content\/uploads\/2018\/07\/Giorgia-Taio-498x1024.jpg 498w, https:\/\/www.radiopiu.net\/wordpress\/wp-content\/uploads\/2018\/07\/Giorgia-Taio.jpg 777w\" sizes=\"auto, (max-width: 85px) 100vw, 85px\" \/><\/a>PUNTATA DEL 31 MAGGIO, GIORGIA TAIO<\/strong><\/p>\n<audio class=\"wp-audio-shortcode\" id=\"audio-392577-13\" preload=\"none\" style=\"width: 100%;\" controls=\"controls\"><source type=\"audio\/mpeg\" src=\"https:\/\/www.radiopiu.net\/wordpress\/wp-content\/uploads\/2024\/05\/MUSLA-8.mp3?_=13\" \/><a href=\"https:\/\/www.radiopiu.net\/wordpress\/wp-content\/uploads\/2024\/05\/MUSLA-8.mp3\">https:\/\/www.radiopiu.net\/wordpress\/wp-content\/uploads\/2024\/05\/MUSLA-8.mp3<\/a><\/audio>\n<p>&nbsp;<\/p>\n<h2>LA RACCOLTA COMPLETA <a href=\"https:\/\/www.radiopiu.net\/wordpress\/musla\/\"><span style=\"color: #3366ff;\">CLICCA QUI<\/span><\/a><\/h2>\n<p>&nbsp;<\/p>\n<p>&nbsp;<\/p>\n<hr \/>\n<p>&nbsp;<\/p>\n<div class=\"page-title-head hgroup\"><\/div>\n<h2><\/h2>\n<h2><span style=\"color: #ff0000;\">DAL SITO DI RADIO PIU&#8230; ALCUNI PODCAST, I PIU&#8217; VISUALIZZATI NELLA SETTIMANA&#8230;<\/span><\/h2>\n<p>&nbsp;<\/p>\n<h2><span style=\"color: #800080;\">DUE MINUTI UN LIBRO, TUTTI I GIORNI ALLA RADIO\u00a0 <\/span>LA RACCOLTA COMPLETA<a href=\"https:\/\/www.radiopiu.net\/wordpress\/due-minuti-un-libro\/\"> <span style=\"color: #0000ff;\">CLICCA QUI\u00a0\u00a0<\/span><\/a><\/h2>\n<h2><span style=\"color: #800080;\">LIBER IL MERCOLEDI ALLE 8 CON LIANA CAVALLET\u00a0 <\/span>LA RACCOLTA COMPLETA<a href=\"https:\/\/www.radiopiu.net\/wordpress\/liber-di-liana-cavallet-la-raccolta\/\"> <span style=\"color: #0000ff;\">CLICCA QUI\u00a0<\/span><\/a><\/h2>\n<h2><span style=\"color: #800080;\">I RACCONTI DI PAOLO SOPPELSA\u00a0 <\/span>LA RACCOLTA COMPLETA<a href=\"https:\/\/www.radiopiu.net\/wordpress\/i-racconti-di-paolo-soppelsa\/\"> <span style=\"color: #0000ff;\">CLICCA QUI\u00a0<\/span><\/a><\/h2>\n<h2><span style=\"color: #800080;\">NCONTONSE CON MILLY CREPAZ <\/span>LA RACCOLTA COMPLETA<a href=\"https:\/\/www.radiopiu.net\/wordpress\/lad08aaaa\/\"> <span style=\"color: #0000ff;\">CLICCA QUI\u00a0<\/span><\/a><\/h2>\n<h2><span style=\"color: #800080;\">CINE HITS, ALLA SCOPERTA DELLE COLONNE SONORE DI ALDO BRIGADOI <\/span>LA RACCOLTA COMPLETA <a href=\"https:\/\/www.radiopiu.net\/wordpress\/cine-hits-alla-scoperta-delle-colonne-sonore-la-raccolta\/\"><span style=\"color: #3366ff;\">CLICCA QUI\u00a0<\/span><\/a><\/h2>\n<h2><span style=\"color: #800080;\">CIAK SI GIRA, IL PROGRAMMA DI PAOLA LANCIATO <\/span>LA RACCOLTA COMPLETA <span style=\"color: #0000ff;\"><a style=\"color: #0000ff;\" href=\"https:\/\/www.radiopiu.net\/wordpress\/ciak24\/\">CLICCA QUI\u00a0 \u00a0<\/a><\/span><\/h2>\n<h2><span style=\"color: #800080;\">PIROLE DE LENGA, IL PROGRAMMA CON NICOLA E BEATRICE DEL MUSLA\u00a0<\/span>LA RACCOLTA COMPLETA <a href=\"https:\/\/www.radiopiu.net\/wordpress\/pirole-de-lenga-la-parola-del-giorno-a-cura-del-musla-raccolta-completa\/\"><span style=\"color: #0000ff;\">CLICCA QUI\u00a0\u00a0\u00a0\u00a0\u00a0<\/span><\/a><\/h2>\n<h2><span style=\"color: #800080;\">EL BAL DEL FIOR, CON GIULIANA DA RONCH<\/span>LA RACCOLTA COMPLETA <a href=\"https:\/\/www.radiopiu.net\/wordpress\/set3a\/\"><span style=\"color: #0000ff;\">CLICCA QUI\u00a0<\/span><\/a><\/h2>\n<h2><span style=\"color: #800080;\">PERITI MINERARI NEL MONDO&#8230; A CURA DELL&#8217;APIM\u00a0 AGORDO<\/span>LA RACCOLTA COMPLETA <a href=\"https:\/\/www.radiopiu.net\/wordpress\/periti-minerari-dallagordino-al-mondo\/\"><span style=\"color: #0000ff;\">CLICCA QUI\u00a0<\/span><\/a><\/h2>\n<h2><span style=\"color: #800080;\">SE NON LA SMETTI DI MANDO DAL PRESIDE, CON LA PROF. MARIA ROSA SALMAZO<\/span>LA RACCOLTA COMPLETA<a href=\"https:\/\/www.radiopiu.net\/wordpress\/se-non-la-smetti-di-mando-dal-preside\/\"> <span style=\"color: #0000ff;\">CLICCA QUI\u00a0<\/span><\/a><\/h2>\n<h2><span style=\"color: #800080;\">CISL LA VOCE PER I LAVORATORI, IL MERCOLEDI MATTINA ALLA RADIO <\/span>LA RACCOLTA COMPLETA\u00a0 <a href=\"https:\/\/www.radiopiu.net\/wordpress\/cisl-e-femca-cisl-la-voce-per-i-lavoratori\/\"><span style=\"color: #0000ff;\">CLICCA QUI\u00a0<\/span><\/a><\/h2>\n<h2><span style=\"color: #993366;\"><strong>LA RASSEGNA STAMPA DA L&#8217;AMICO DEL POPOLO IL SABATO ALLA RADIO DI GIANNI SANTOMASO<\/strong> <\/span><span style=\"color: #0000ff;\"><a style=\"color: #0000ff;\" href=\"https:\/\/www.radiopiu.net\/wordpress\/gli-ultimi-sei-anni-della-rassegna-stampa-di-gianni-santomaso-raccolta-completa\/\">CLICCA QUI<\/a><\/span><\/h2>\n<h2><span style=\"color: #0000ff;\"><span style=\"color: #993366;\">SALUTE E SOCIETA&#8217; DOTTOR MARCO CARACCIOLO IL LUNEDI ALLE 13 <\/span><a style=\"color: #0000ff;\" href=\"https:\/\/www.radiopiu.net\/wordpress\/saluteesocieta\/\">CLICCA QUI\u00a0<\/a><\/span><\/h2>\n<h2><span style=\"color: #0000ff;\"><span style=\"color: #993366;\">SOLIDARIETA&#8217; VENETO FONDO PENSIONE CON PAOLO STEFAN IL 1 VENERDI DEL MESE<\/span><\/span><\/h2>\n<h2><span style=\"color: #0000ff;\"><span style=\"color: #993366;\">SALUTE E SOCIETA&#8217; DOTTOR MARCO CARACCIOLO IL LUNEDI ALLE 13 <\/span><a href=\"https:\/\/www.radiopiu.net\/wordpress\/solidarieta-veneto\/\">CLICCA QUI\u00a0<\/a><\/span><\/h2>\n<h2><span style=\"color: #800080;\">EP CENTER CON FRANCESCO ZILLIO, LA TECNOLOGIA APPLICATA. ALLA RADIO<\/span> <span style=\"color: #0000ff;\"><a style=\"color: #0000ff;\" href=\"https:\/\/www.radiopiu.net\/wordpress\/tecnologie-con-francesco-zillio\/\">CLICCA QUI<\/a><\/span><\/h2>\n<h2><span style=\"color: #800080;\">ZAINO DA VIAGGIO AL FEMMINILE, L&#8217;ESTATE CON PAOLA LANCIATO <\/span>\u00a0<span style=\"color: #0000ff;\"><a style=\"color: #0000ff;\" href=\"https:\/\/www.radiopiu.net\/wordpress\/zaino-femminile-lanciato\/\">CLICCA QUI\u00a0<\/a><\/span><\/h2>\n<h2><span style=\"color: #800080;\">VOCI RIBELLI, IL PROGRAMMA IN COLLABORAZIONE CON DAFNE DI ALESSIA DALL&#8217; <\/span>\u00a0<a href=\"https:\/\/www.radiopiu.net\/wordpress\/voci-ribelli-conversazioni-senza-filtri-per-ragazzi-audaci\/\"><span style=\"color: #0000ff;\">CLICCA QUI\u00a0<\/span><\/a><\/h2>\n<p>&nbsp;<\/p>\n<blockquote class=\"wp-embedded-content\" data-secret=\"er82PvHRgd\"><p><a href=\"https:\/\/www.radiopiu.net\/wordpress\/lad08aaaa\/\">&#8220;NCONTONSE&#8221; IN LADINO SU RADIO PI\u00d9<\/a><\/p><\/blockquote>\n<p><iframe loading=\"lazy\" class=\"wp-embedded-content\" sandbox=\"allow-scripts\" security=\"restricted\" style=\"position: absolute; clip: rect(1px, 1px, 1px, 1px);\" title=\"&#8220;&#8220;NCONTONSE&#8221; IN LADINO SU RADIO PI\u00d9&#8221; &#8212; Radio Pi\u00f9\" src=\"https:\/\/www.radiopiu.net\/wordpress\/lad08aaaa\/embed\/#?secret=O7wG4p06H4#?secret=er82PvHRgd\" data-secret=\"er82PvHRgd\" width=\"600\" height=\"338\" frameborder=\"0\" marginwidth=\"0\" marginheight=\"0\" scrolling=\"no\"><\/iframe><\/p>\n<p>&nbsp;<\/p>\n<p>&nbsp;<\/p>\n<blockquote class=\"wp-embedded-content\" data-secret=\"Ig0Sl6gKXl\"><p><a href=\"https:\/\/www.radiopiu.net\/wordpress\/gli-ultimi-sei-anni-della-rassegna-stampa-di-gianni-santomaso-raccolta-completa\/\">GLI ULTIMI SEI ANNI DELLA RASSEGNA STAMPA DI GIANNI SANTOMASO, RACCOLTA COMPLETA<\/a><\/p><\/blockquote>\n<p><iframe loading=\"lazy\" class=\"wp-embedded-content\" sandbox=\"allow-scripts\" security=\"restricted\" style=\"position: absolute; clip: rect(1px, 1px, 1px, 1px);\" title=\"&#8220;GLI ULTIMI SEI ANNI DELLA RASSEGNA STAMPA DI GIANNI SANTOMASO, RACCOLTA COMPLETA&#8221; &#8212; Radio Pi\u00f9\" src=\"https:\/\/www.radiopiu.net\/wordpress\/gli-ultimi-sei-anni-della-rassegna-stampa-di-gianni-santomaso-raccolta-completa\/embed\/#?secret=DPlAZGusRQ#?secret=Ig0Sl6gKXl\" data-secret=\"Ig0Sl6gKXl\" width=\"600\" height=\"338\" frameborder=\"0\" marginwidth=\"0\" marginheight=\"0\" scrolling=\"no\"><\/iframe><\/p>\n<p>&nbsp;<\/p>\n<p>&nbsp;<\/p>\n<hr \/>\n<p>&nbsp;<\/p>\n<h2><span style=\"color: #ff0000;\"><a class=\"dt-pswp-item\" href=\"https:\/\/www.radiopiu.net\/wordpress\/wp-content\/uploads\/2018\/09\/appuntamenti.jpeg\" data-dt-img-description=\"\" data-large_image_width=\"800\" data-large_image_height=\"100\"><img loading=\"lazy\" decoding=\"async\" class=\"wp-image-61958 size-full aligncenter\" src=\"https:\/\/www.radiopiu.net\/wordpress\/wp-content\/uploads\/2018\/09\/appuntamenti.jpeg\" alt=\"\" width=\"800\" height=\"100\" srcset=\"https:\/\/www.radiopiu.net\/wordpress\/wp-content\/uploads\/2018\/09\/appuntamenti.jpeg 800w, https:\/\/www.radiopiu.net\/wordpress\/wp-content\/uploads\/2018\/09\/appuntamenti-300x38.jpeg 300w, https:\/\/www.radiopiu.net\/wordpress\/wp-content\/uploads\/2018\/09\/appuntamenti-768x96.jpeg 768w\" sizes=\"auto, (max-width: 800px) 100vw, 800px\" \/><\/a><\/span><\/h2>\n<div>\n<div class=\"\" dir=\"auto\">\n<div id=\":r9h:\" class=\"x1iorvi4 x1pi30zi x1l90r2v x1swvt13\" data-ad-comet-preview=\"message\" data-ad-preview=\"message\">\n\n\t\t\t<style type='text\/css'>\n\t\t\t\t#gallery-3 {\n\t\t\t\t\tmargin: auto;\n\t\t\t\t}\n\t\t\t\t#gallery-3 .gallery-item {\n\t\t\t\t\tfloat: left;\n\t\t\t\t\tmargin-top: 10px;\n\t\t\t\t\ttext-align: center;\n\t\t\t\t\twidth: 25%;\n\t\t\t\t}\n\t\t\t\t#gallery-3 img {\n\t\t\t\t\tborder: 2px solid #cfcfcf;\n\t\t\t\t}\n\t\t\t\t#gallery-3 .gallery-caption {\n\t\t\t\t\tmargin-left: 0;\n\t\t\t\t}\n\t\t\t\t\/* see gallery_shortcode() in wp-includes\/media.php *\/\n\t\t\t<\/style>\n\t\t<div id='gallery-3' class='dt-gallery-container gallery galleryid-392577 gallery-columns-4 gallery-size-thumbnail'><dl class='gallery-item'>\n\t\t\t\t<dt class='gallery-icon portrait'>\n\t\t\t\t\t<a class=\"rollover\" href='https:\/\/www.radiopiu.net\/wordpress\/giornale-radiopiu-23-maggio-2024-direttore-mirko-mezzacasada-40-anni-25-giugno-1983-25-giugno-2023\/e651a95f-423a-40f9-827a-3ba70bd26776\/'><img loading=\"lazy\" decoding=\"async\" width=\"150\" height=\"150\" src=\"https:\/\/www.radiopiu.net\/wordpress\/wp-content\/uploads\/2024\/05\/e651a95f-423a-40f9-827a-3ba70bd26776-150x150.jpg\" class=\"attachment-thumbnail size-thumbnail\" alt=\"\" aria-describedby=\"gallery-3-391342\" \/><\/a>\n\t\t\t\t<\/dt>\n\t\t\t\t\t<dd class='wp-caption-text gallery-caption' id='gallery-3-391342'>\n\t\t\t\t\tSAGRA DE SANT&#8217;ANTONI A RIVAMONTE\n\t\t\t\t\t<\/dd><\/dl><dl class='gallery-item'>\n\t\t\t\t<dt class='gallery-icon portrait'>\n\t\t\t\t\t<a class=\"rollover\" href='https:\/\/www.radiopiu.net\/wordpress\/giornale-radiopiu-23-maggio-2024-direttore-mirko-mezzacasada-40-anni-25-giugno-1983-25-giugno-2023\/4f200081-e4c5-4b25-97be-5145b1cf479f\/'><img loading=\"lazy\" decoding=\"async\" width=\"150\" height=\"150\" src=\"https:\/\/www.radiopiu.net\/wordpress\/wp-content\/uploads\/2024\/05\/4f200081-e4c5-4b25-97be-5145b1cf479f-150x150.jpg\" class=\"attachment-thumbnail size-thumbnail\" alt=\"\" aria-describedby=\"gallery-3-391343\" \/><\/a>\n\t\t\t\t<\/dt>\n\t\t\t\t\t<dd class='wp-caption-text gallery-caption' id='gallery-3-391343'>\n\t\t\t\t\tIL CIRCUITO RIVA RON\n\t\t\t\t\t<\/dd><\/dl><dl class='gallery-item'>\n\t\t\t\t<dt class='gallery-icon portrait'>\n\t\t\t\t\t<a class=\"rollover\" href='https:\/\/www.radiopiu.net\/wordpress\/giornale-radiopiu-29-maggio-2024-direttore-mirko-mezzacasada-40-anni-25-giugno-1983-25-giugno-2023\/890e9473-a042-44c0-9495-16862bf3cf2c\/'><img loading=\"lazy\" decoding=\"async\" width=\"150\" height=\"150\" src=\"https:\/\/www.radiopiu.net\/wordpress\/wp-content\/uploads\/2024\/05\/890e9473-a042-44c0-9495-16862bf3cf2c-150x150.jpg\" class=\"attachment-thumbnail size-thumbnail\" alt=\"\" aria-describedby=\"gallery-3-392239\" \/><\/a>\n\t\t\t\t<\/dt>\n\t\t\t\t\t<dd class='wp-caption-text gallery-caption' id='gallery-3-392239'>\n\t\t\t\t\t80 NOSTALGIA DEI 90\n\t\t\t\t\t<\/dd><\/dl><dl class='gallery-item'>\n\t\t\t\t<dt class='gallery-icon portrait'>\n\t\t\t\t\t<a class=\"rollover\" href='https:\/\/www.radiopiu.net\/wordpress\/giornale-radiopiu-01-giugno-2024-direttore-mirko-mezzacasada-40-anni-25-giugno-1983-25-giugno-2023\/c950811c-7763-405d-ad2c-15d392502b93-2\/'><img loading=\"lazy\" decoding=\"async\" width=\"150\" height=\"150\" src=\"https:\/\/www.radiopiu.net\/wordpress\/wp-content\/uploads\/2024\/05\/c950811c-7763-405d-ad2c-15d392502b93-1-150x150.jpg\" class=\"attachment-thumbnail size-thumbnail\" alt=\"\" aria-describedby=\"gallery-3-392711\" \/><\/a>\n\t\t\t\t<\/dt>\n\t\t\t\t\t<dd class='wp-caption-text gallery-caption' id='gallery-3-392711'>\n\t\t\t\t\tCAMPANOT A CASTION\n\t\t\t\t\t<\/dd><\/dl><br style=\"clear: both\" \/>\n\t\t\t<\/div>\n\n<\/div>\n<\/div>\n<\/div>\n<p><strong>LORENZAGO DI<\/strong> <strong>CADORE\u00a0<\/strong>Domani alle 11 verr\u00e0 inaugurata a Lorenzago di Cadore, presso la sala espositiva del Municipio, una nuova mostra dal titolo TRATTI e RITRATTI, esercizi di disegno, BABEK 2022-2023<\/p>\n<p>&nbsp;<\/p>\n<h2><span style=\"color: #ff0000;\">PROSSIMAMENTE\u00a0<\/span><\/h2>\n<p><strong>BELLUNO <\/strong>La Commissione Escursionismo della Sezione di Belluno del Club Alpino Italiano organizza per domenica 9 Giugno 2024 un\u2019escursione sul versante sud delle Cime d\u2019Auta in val del Biois. Escursione facile ma molto panoramica che spazia dalla Civetta all\u2019 Altipiano delle Pale di San Martino. Zona ricca di flora e, se fortunati, si possono incontrare dei stambecchi e camosci. Percorreremo un tratto dell\u2019 Alta Via dei Pastori. Le iscrizioni, aperte solo ai soci CAI, si effettuano esclusivamente in modalit\u00e0 online entro le ore 12 di sabato 08 Giugno\u00a0<strong>PER ISCRIVERTI <a href=\"https:\/\/form.jotform.com\/EscursionismoCaiBL\/Lago\"><span style=\"color: #3366ff;\">CLICCA QUI<\/span><\/a><\/strong><\/p>\n<p><strong>BELLUNO<\/strong> Venerdi 7 giugno nella sala polifunzionale di Cavarzano, con ingresso libero, spettacolo Sold-in di e con Alverio Cau. Chiacchiere e canzoni, organizza circolo dei Sardi nel bellunese<\/p>\n<p>RIVA&#8230;&#8230;.RONNNNNNNNN corsa podistica non competitiva. DOMENICA 9 GIUGNO, PARTENZA ALLE 10 DALLA CASA DELLA GIOVENTU&#8217; DI RIVAMONTE. DUE PERCORSI&#8230; TANTI PREMI, pasta party, premiazioni e musica con DJ Tom\u00e8<\/p>\n<p>Preparatevi a scatenare la vostra energia e a superare i vostri limiti con CorriPoi 2024. Il trofeo di Corse Podistiche a tappe Nell&#8217;Agordino, quattro tappe emozionanti, ognuna delle quali vi porter\u00e0 a scoprire le bellezze naturali del territorio. 9 GIUGNO RIVAMONTE, 22 GIUGNO FRASSENE&#8217;, 7 LUGLIO FORCELLA AURINE, 7 SETTEMBRE VOLTAGO Alla CorriPoi parteciperanno, fianco a fianco, forti runner, atleti della domenica, famiglie, gruppi di amici, giovani corridori in erba, tutti con l&#8217;obiettivo di correre e di divertirsi. Corri verso la vittoria, corri verso il trofeo Alpenpluss. Regolamento delle quattro gare sul sito KEEPSPORTING.COM, in collaborazione con Kiwi Sport, abbigliamento sportivo per tutta la famiglia, ad ALLEGHE- CENCENIGHE &#8211; BELLUNO<\/p>\n<p>LA PRO LOCO DI RIVAMONTE TI INVITA ALLA SAGRA DE SANT&#8217;ANTONI, DAL 12 AL 16 GIUGNO<br \/>\nMERCOLEDI 12 GIUGNO, GNOCH CO LA POINA, IL PIATTO TIPICO E ALTRE SPECIALIT\u00e0, MUSICA CON LINO<br \/>\nGIOVEDI 13 GIUGNO PRANZO E CENA, DALLE 21 LA MUSICA DI EROS E KARIM<br \/>\nVENERDI 14 GIUGNO A CENA &#8220;PANET ONTI, WURSTEL PATATINE E BIRRA, PROIEZIONE DEL VIDEO SOSPIROLO-NEPAL IN BICI DI FAUSTO DE POI E DALLE 22 CONCERTO CON I BLACK OUT<br \/>\nSABATO 15 SERATA DANZANTE CON LA SPRITZ BAND, A SEGUIRE DJ MORGAN E BATTAGLIA, CHIUSCO COCKTAIL ALL&#8217;ESTERNO DEL TENDONE<br \/>\nDOMENICA 16 PRANZO ALLE 12, POMERIGGIO CON I GRUPPI BATI ORZ DI SANT TOMASO E FOLK DEL POI<br \/>\nALLA CASA DELLA GIOVENTU&#8217; PESCA DI BENEFICIENZA, IN CHIESA I CORDONI DI SANT&#8217;ANTONIO.<\/p>\n<p>&nbsp;<\/p>\n<p>&nbsp;<\/p>\n<blockquote class=\"wp-embedded-content\" data-secret=\"Fkg7jD1mvh\"><p><a href=\"https:\/\/www.radiopiu.net\/wordpress\/colombi-colorati-a-svela-il-vero-picasso-della-famiglia-schena\/\">&#8220;Colombi Colorati: jessica Svela il Vero &#8216;Picasso&#8217; della Famiglia Schena&#8221;<\/a><\/p><\/blockquote>\n<p><iframe loading=\"lazy\" class=\"wp-embedded-content\" sandbox=\"allow-scripts\" security=\"restricted\" style=\"position: absolute; clip: rect(1px, 1px, 1px, 1px);\" title=\"&#8220;&#8220;Colombi Colorati: jessica Svela il Vero &#8216;Picasso&#8217; della Famiglia Schena&#8221;&#8221; &#8212; Radio Pi\u00f9\" src=\"https:\/\/www.radiopiu.net\/wordpress\/colombi-colorati-a-svela-il-vero-picasso-della-famiglia-schena\/embed\/#?secret=5h7ZOYbhYu#?secret=Fkg7jD1mvh\" data-secret=\"Fkg7jD1mvh\" width=\"600\" height=\"338\" frameborder=\"0\" marginwidth=\"0\" marginheight=\"0\" scrolling=\"no\"><\/iframe><\/p>\n<p>&nbsp;<\/p>\n<p>&nbsp;<\/p>\n<hr \/>\n<p>&nbsp;<\/p>\n<p><a class=\"dt-pswp-item\" href=\"https:\/\/www.radiopiu.net\/wordpress\/wp-content\/uploads\/2018\/09\/viabilita.jpeg\" data-dt-img-description=\"\" data-large_image_width=\"800\" data-large_image_height=\"100\"><img loading=\"lazy\" decoding=\"async\" class=\"aligncenter wp-image-61954 size-full\" src=\"https:\/\/www.radiopiu.net\/wordpress\/wp-content\/uploads\/2018\/09\/viabilita.jpeg\" alt=\"\" width=\"800\" height=\"100\" srcset=\"https:\/\/www.radiopiu.net\/wordpress\/wp-content\/uploads\/2018\/09\/viabilita.jpeg 800w, https:\/\/www.radiopiu.net\/wordpress\/wp-content\/uploads\/2018\/09\/viabilita-300x38.jpeg 300w, https:\/\/www.radiopiu.net\/wordpress\/wp-content\/uploads\/2018\/09\/viabilita-768x96.jpeg 768w\" sizes=\"auto, (max-width: 800px) 100vw, 800px\" \/><\/a><\/p>\n<p>&nbsp;<\/p>\n<p><a class=\"dt-pswp-item\" href=\"https:\/\/www.radiopiu.net\/wordpress\/wp-content\/uploads\/2023\/12\/botol-car-service.jpg\" data-dt-img-description=\"\" data-large_image_width=\"600\" data-large_image_height=\"600\"><img loading=\"lazy\" decoding=\"async\" class=\"size-medium wp-image-367044 aligncenter\" src=\"https:\/\/www.radiopiu.net\/wordpress\/wp-content\/uploads\/2023\/12\/botol-car-service-300x300.jpg\" alt=\"\" width=\"300\" height=\"300\" srcset=\"https:\/\/www.radiopiu.net\/wordpress\/wp-content\/uploads\/2023\/12\/botol-car-service-300x300.jpg 300w, https:\/\/www.radiopiu.net\/wordpress\/wp-content\/uploads\/2023\/12\/botol-car-service-150x150.jpg 150w, https:\/\/www.radiopiu.net\/wordpress\/wp-content\/uploads\/2023\/12\/botol-car-service.jpg 600w\" sizes=\"auto, (max-width: 300px) 100vw, 300px\" \/><\/a><\/p>\n<p>&nbsp;<\/p>\n<p>&nbsp;<\/p>\n<h1>BOLLETTINO QUOTIDIANO, CLICCA QUI<\/h1>\n<blockquote class=\"wp-embedded-content\" data-secret=\"PsSHXIgsza\"><p><a href=\"https:\/\/www.radiopiu.net\/wordpress\/viabilita-2\/\">viabilita<\/a><\/p><\/blockquote>\n<p><iframe loading=\"lazy\" class=\"wp-embedded-content\" sandbox=\"allow-scripts\" security=\"restricted\" style=\"position: absolute; clip: rect(1px, 1px, 1px, 1px);\" title=\"&#8220;viabilita&#8221; &#8212; Radio Pi\u00f9\" src=\"https:\/\/www.radiopiu.net\/wordpress\/viabilita-2\/embed\/#?secret=8wlkhsDyST#?secret=PsSHXIgsza\" data-secret=\"PsSHXIgsza\" width=\"600\" height=\"338\" frameborder=\"0\" marginwidth=\"0\" marginheight=\"0\" scrolling=\"no\"><\/iframe><\/p>\n<p>&nbsp;<\/p>\n<p>&nbsp;<\/p>\n<hr \/>\n<p>&nbsp;<\/p>\n<p><a class=\"dt-pswp-item\" href=\"https:\/\/www.radiopiu.net\/wordpress\/wp-content\/uploads\/2018\/09\/WhatsApp-Image-2018-09-20-at-16.04.06.jpeg\" data-dt-img-description=\"\" data-large_image_width=\"800\" data-large_image_height=\"100\"><img loading=\"lazy\" decoding=\"async\" class=\"wp-image-61378 size-full aligncenter\" src=\"https:\/\/www.radiopiu.net\/wordpress\/wp-content\/uploads\/2018\/09\/WhatsApp-Image-2018-09-20-at-16.04.06.jpeg\" alt=\"\" width=\"800\" height=\"100\" srcset=\"https:\/\/www.radiopiu.net\/wordpress\/wp-content\/uploads\/2018\/09\/WhatsApp-Image-2018-09-20-at-16.04.06.jpeg 800w, https:\/\/www.radiopiu.net\/wordpress\/wp-content\/uploads\/2018\/09\/WhatsApp-Image-2018-09-20-at-16.04.06-300x38.jpeg 300w, https:\/\/www.radiopiu.net\/wordpress\/wp-content\/uploads\/2018\/09\/WhatsApp-Image-2018-09-20-at-16.04.06-768x96.jpeg 768w\" sizes=\"auto, (max-width: 800px) 100vw, 800px\" \/><\/a><\/p>\n<p><center><\/center><center><\/center><center><\/center><center><\/center><center><\/center><center><\/center>&nbsp;<\/p>\n<p><center><\/center><center><\/center><center><\/center><center><\/center><center><\/center><center><\/center><center><\/center><b>OGGI: <\/b>Al mattino sereno o poco nuvoloso sulle Prealpi, lo stesso sulle Dolomiti, dopo dissolvimento della residua nuvolosit\u00e0 mattutina. Dalle ore centrali in poi attivit\u00e0 cumuliforme irregolare, localmente intensa ed associata a fenomeni convettivi. <b>Precipitazioni: <\/b>Al mattino assenti. Al pomeriggio probabili rovesci sparsi, localmente temporaleschi sulla fascia prealpina. <b>Temperature: <\/b>Minime in calo e massime in ripresa.<\/p>\n<p>&nbsp;<\/p>\n<hr \/>\n<p><center><\/center><b>DOMANI : <\/b>Al mattino sole e cielo poco nuvoloso, dalle ore centrali in poi riduzione del soleggiamento per attivit\u00e0 cumuliforme irregolare associata a qualche rovescio\/temporale, ma con probabilit\u00e0 che non sar\u00e0 ovunque la stessa, anzi. <b>Precipitazioni: <\/b>Al mattino assenti. Al pomeriggio probabili rovesci sparsi, localmente temporaleschi in caso di fattori favorevoli alla convezione nelle ore precedenti (prevalenza di sole). Il rischio sar\u00e0 pi\u00f9 elevato sui settori confinanti con il Trentino e l&#8217;Alto Adige, minore altrove altrove. In ogni caso saranno fenomeni sparsi, vale a dire che su alcuni settori non piover\u00e0 affatto. <b>Temperature: <\/b>In generale lieve aumento<\/p>\n<p>&nbsp;<\/p>\n<hr \/>\n<p><center><\/center><strong>LUNEDI<\/strong> Al mattino sole e qualche annuvolamento. dalle ore centrali forte riduzione del soleggiamento per moderata\/forte attivit\u00e0 cumuliforme e insidia rovesci e temporali sparsi. Temperature massime in lieve flessione.<\/p>\n<hr \/>\n<p><center><\/center><strong>MARTEDI<\/strong> Tempo soleggiato con cielo perlopi\u00f9 sereno o poco nuvoloso al mattino, poi attivit\u00e0 cumuliforme irregolare e di minore intensit\u00e0 rispetto a luned\u00ec, di conseguenza il rischio di fenomeni diminuir\u00e0 nettamente, specie sulle Dolomiti. Temperature in generale lieve aumento con valori primaverili alle quote pi\u00f9 basse.<\/p>\n<p>&nbsp;<\/p>\n<hr \/>\n<p>&nbsp;<\/p>\n<p><img loading=\"lazy\" decoding=\"async\" class=\"wp-image-60761 size-full aligncenter\" src=\"https:\/\/www.radiopiu.net\/wordpress\/wp-content\/uploads\/2018\/09\/sport.jpg\" alt=\"\" width=\"800\" height=\"100\" srcset=\"https:\/\/www.radiopiu.net\/wordpress\/wp-content\/uploads\/2018\/09\/sport.jpg 800w, https:\/\/www.radiopiu.net\/wordpress\/wp-content\/uploads\/2018\/09\/sport-300x38.jpg 300w, https:\/\/www.radiopiu.net\/wordpress\/wp-content\/uploads\/2018\/09\/sport-768x96.jpg 768w\" sizes=\"auto, (max-width: 800px) 100vw, 800px\" \/><\/p>\n<p>&nbsp;<\/p>\n<p>&nbsp;<\/p>\n<p><span style=\"color: #0000ff;\"><strong>CORSA IN MONTAGNA <\/strong><\/span><\/p>\n<blockquote>\n<h3>VERSO LA 4 PAS IN DOI, E I &#8220;DOI BOCOI&#8221;&#8230;TRA LE MONTAGNE DI AGORDO<\/h3>\n<\/blockquote>\n<p><span style=\"color: #ff0000;\"><strong>LA VIGILIA&#8230;TUTTO PRONTO SUL BROI<\/strong><\/span><\/p>\n<p><span style=\"color: #0000ff;\"><strong>2024, puntata 04<\/strong><\/span><\/p>\n<p><strong>AGORDO..CON MARTA MORETTI<\/strong><\/p>\n<audio class=\"wp-audio-shortcode\" id=\"audio-392577-14\" preload=\"none\" style=\"width: 100%;\" controls=\"controls\"><source type=\"audio\/mpeg\" src=\"https:\/\/www.radiopiu.net\/wordpress\/wp-content\/uploads\/2024\/05\/MARTA-1.mp3?_=14\" \/><a href=\"https:\/\/www.radiopiu.net\/wordpress\/wp-content\/uploads\/2024\/05\/MARTA-1.mp3\">https:\/\/www.radiopiu.net\/wordpress\/wp-content\/uploads\/2024\/05\/MARTA-1.mp3<\/a><\/audio>\n<p>&nbsp;<\/p>\n<blockquote class=\"wp-embedded-content\" data-secret=\"4wi3C7U74o\"><p><a href=\"https:\/\/www.radiopiu.net\/wordpress\/2-puntata-1-24\/\">VERSO LA 4 PAS IN DOI, E I &#8220;DOI BOCOI&#8221;&#8230;TRA LE MONTAGNE DI AGORDO<\/a><\/p><\/blockquote>\n<p><iframe loading=\"lazy\" class=\"wp-embedded-content\" sandbox=\"allow-scripts\" security=\"restricted\" style=\"position: absolute; clip: rect(1px, 1px, 1px, 1px);\" title=\"&#8220;VERSO LA 4 PAS IN DOI, E I &#8220;DOI BOCOI&#8221;&#8230;TRA LE MONTAGNE DI AGORDO&#8221; &#8212; Radio Pi\u00f9\" src=\"https:\/\/www.radiopiu.net\/wordpress\/2-puntata-1-24\/embed\/#?secret=oVUVk2AAte#?secret=4wi3C7U74o\" data-secret=\"4wi3C7U74o\" width=\"600\" height=\"338\" frameborder=\"0\" marginwidth=\"0\" marginheight=\"0\" scrolling=\"no\"><\/iframe><\/p>\n<p>&nbsp;<\/p>\n<p>&nbsp;<\/p>\n<hr \/>\n<p>&nbsp;<\/p>\n<p><span style=\"color: #0000ff;\"><strong>CALCIO\u00a0<\/strong><\/span><\/p>\n<blockquote>\n<h3>DOMANI INIZIA LA 49ESIMA EDIZIONE DEL CAMPIONATO AGORDINO DI CALCIO<\/h3>\n<\/blockquote>\n<p><strong><a class=\"dt-pswp-item\" href=\"https:\/\/www.radiopiu.net\/wordpress\/wp-content\/uploads\/2023\/11\/calcio.jpg\" data-dt-img-description=\"\" data-large_image_width=\"1280\" data-large_image_height=\"853\"><img loading=\"lazy\" decoding=\"async\" class=\" wp-image-360218 alignleft\" src=\"https:\/\/www.radiopiu.net\/wordpress\/wp-content\/uploads\/2023\/11\/calcio-300x200.jpg\" alt=\"\" width=\"173\" height=\"115\" srcset=\"https:\/\/www.radiopiu.net\/wordpress\/wp-content\/uploads\/2023\/11\/calcio-300x200.jpg 300w, https:\/\/www.radiopiu.net\/wordpress\/wp-content\/uploads\/2023\/11\/calcio-1024x682.jpg 1024w, https:\/\/www.radiopiu.net\/wordpress\/wp-content\/uploads\/2023\/11\/calcio-768x512.jpg 768w, https:\/\/www.radiopiu.net\/wordpress\/wp-content\/uploads\/2023\/11\/calcio.jpg 1280w\" sizes=\"auto, (max-width: 173px) 100vw, 173px\" \/><\/a>DI MARCO GAZ<\/strong><\/p>\n<p><strong>REDAZIONE<\/strong> Inizia questo fine settimana la 49\u00aa edizione del Campionato Agordino di Calcio che sar\u00e0 anche la 2\u00aa edizione del Memorial Attilio Moretti, dedicato al giornalista e organizzatore della manifestazione che tanto ha contribuito al torneo. Quest&#8217;anno, le squadre partecipanti sono 13, suddivise in due gironi: il girone A con 7 squadre vede al via Caprile, Vallada, Taibon, Alleghe, Rivamonte, La Valle e Fodom mentre il girone B con 6 squadre: Voltago, Canale, Gosaldo, Le Ville, Cencenighe e la nuova iscritta Falcade\/Caviola. La stagione regolare inizier\u00e0 domani e terminer\u00e0 il 7 luglio. Le prime due squadre di ogni girone accederanno direttamente ai quarti di finale, mentre le squadre classificate dalla terza alla sesta posizione giocheranno i miniottavi di finale. L&#8217;ultima classificata del girone A sar\u00e0 eliminata. Le vincenti dei miniottavi completeranno il tabellone finale, con la finalissima prevista il 4 agosto a Taibon Agordino, in occasione del 60\u00ba anniversario del Gruppo Sportivo Taibon. Analizzando i gironi, il girone A vede il Taibon e il Fodom come favoriti per l&#8217;accesso diretto ai quarti, mentre l&#8217;Alleghe appare come la squadra meno competitiva. Il girone B sembra pi\u00f9 interessante con il Voltago campione in carica che cercher\u00e0 la riconferma ma con Gosaldo e Le Ville che sicuramente daranno battaglia. \u00a0Queste le date della fase finale del torneo: \u00a0miniottavi il 14 luglio a Boscoverde di Rocca Pietore e Cencenighe, quarti di finale il 21 luglio a Canale e Voltago, semifinali il 28 luglio a Rivamonte \u00a0e finalissima il 4 agosto al \u201cCesare Scatena di Taibon Radio Pi\u00f9 sar\u00e0 la radio ufficiale del torneo e seguir\u00e0 le partite in diretta la domenica pomeriggio alle 16. Sempre domenica alle 20:10 l\u2019appuntamento con lo storico 80esimo Minuto la sintesi con il riassunto delle partite. Luned\u00ec sera alle 20:30 l\u2019approfondimento con Campioneto Agordino Show.<\/p>\n<p><strong>LE PARTITE DEL FINE SETTIMANA<\/strong> Girone A: domani alle 16 Taibon \u2013 Fodom a Cernadoi, Caprile \u2013 Rivamonte a Rivamonte, Vallada \u2013 La Valle a Vallada. Girone B: domani alle 16 Canale \u2013 Cencenighe a Canale D\u2019Agordo (anticipo della terza giornata)<\/p>\n<p>&nbsp;<\/p>\n<blockquote><p><span style=\"color: #000000; font-family: verdana, sans-serif;\"><b>CALCIO &#8211; SABATO 1 GIUGNO LE FINALI DEI TORNEI OVER DI CSI BELLUNO (nota stampa)<\/b><\/span><\/p><\/blockquote>\n<div>Oggi, a Lib\u00e0no di Sedico si svolgeranno le finali dei tornei Over 2023-2024. Alle 15 si disputer\u00e0 la finale della Coppa Over tra Team Stramal e Plavis Veterani (arbitro Simone Bristot, coadiuvato da Fabrizio Pat e Angelo Barbieri), alle 17.30 la finale del campionato tra Tomo Bar La Sosta e Willy\u2019s Bar (arbitro Walter Matten coadiuvato da Fabrizio Pat e Angelo Barbieri). Seguiranno le premiazioni.<\/div>\n<p><span style=\"color: #000000; font-family: verdana, sans-serif;\">All\u2019inizio degli incontri verr\u00e0 osservato un minuto di silenzio in memoria del nostro arbitro Giovanni Unterberger, scomparso nei giorni scorsi.<\/span><\/p>\n\n\t\t\t<style type='text\/css'>\n\t\t\t\t#gallery-4 {\n\t\t\t\t\tmargin: auto;\n\t\t\t\t}\n\t\t\t\t#gallery-4 .gallery-item {\n\t\t\t\t\tfloat: left;\n\t\t\t\t\tmargin-top: 10px;\n\t\t\t\t\ttext-align: center;\n\t\t\t\t\twidth: 50%;\n\t\t\t\t}\n\t\t\t\t#gallery-4 img {\n\t\t\t\t\tborder: 2px solid #cfcfcf;\n\t\t\t\t}\n\t\t\t\t#gallery-4 .gallery-caption {\n\t\t\t\t\tmargin-left: 0;\n\t\t\t\t}\n\t\t\t\t\/* see gallery_shortcode() in wp-includes\/media.php *\/\n\t\t\t<\/style>\n\t\t<div id='gallery-4' class='dt-gallery-container gallery galleryid-392577 gallery-columns-2 gallery-size-medium'><dl class='gallery-item'>\n\t\t\t\t<dt class='gallery-icon landscape'>\n\t\t\t\t\t<a class=\"rollover rollover-zoom dt-pswp-item\" title=\"willy&#039;s 25.05.2024\" data-dt-img-description=\"\" data-large_image_width=\"1600\" data-large_image_height=\"1200\"href='https:\/\/www.radiopiu.net\/wordpress\/wp-content\/uploads\/2024\/05\/willys-25.05.2024.jpeg'><img loading=\"lazy\" decoding=\"async\" width=\"300\" height=\"225\" src=\"https:\/\/www.radiopiu.net\/wordpress\/wp-content\/uploads\/2024\/05\/willys-25.05.2024-300x225.jpeg\" class=\"attachment-medium size-medium\" alt=\"\" aria-describedby=\"gallery-4-392701\" srcset=\"https:\/\/www.radiopiu.net\/wordpress\/wp-content\/uploads\/2024\/05\/willys-25.05.2024-300x225.jpeg 300w, https:\/\/www.radiopiu.net\/wordpress\/wp-content\/uploads\/2024\/05\/willys-25.05.2024-1024x768.jpeg 1024w, https:\/\/www.radiopiu.net\/wordpress\/wp-content\/uploads\/2024\/05\/willys-25.05.2024-768x576.jpeg 768w, https:\/\/www.radiopiu.net\/wordpress\/wp-content\/uploads\/2024\/05\/willys-25.05.2024-1536x1152.jpeg 1536w, https:\/\/www.radiopiu.net\/wordpress\/wp-content\/uploads\/2024\/05\/willys-25.05.2024.jpeg 1600w\" sizes=\"auto, (max-width: 300px) 100vw, 300px\" \/><\/a>\n\t\t\t\t<\/dt>\n\t\t\t\t\t<dd class='wp-caption-text gallery-caption' id='gallery-4-392701'>\n\t\t\t\t\twilly&#8217;s\n\t\t\t\t\t<\/dd><\/dl><dl class='gallery-item'>\n\t\t\t\t<dt class='gallery-icon landscape'>\n\t\t\t\t\t<a class=\"rollover rollover-zoom dt-pswp-item\" title=\"tomo 25.05.2024\" data-dt-img-description=\"\" data-large_image_width=\"1600\" data-large_image_height=\"1200\"href='https:\/\/www.radiopiu.net\/wordpress\/wp-content\/uploads\/2024\/05\/tomo-25.05.2024.jpeg'><img loading=\"lazy\" decoding=\"async\" width=\"300\" height=\"225\" src=\"https:\/\/www.radiopiu.net\/wordpress\/wp-content\/uploads\/2024\/05\/tomo-25.05.2024-300x225.jpeg\" class=\"attachment-medium size-medium\" alt=\"\" aria-describedby=\"gallery-4-392702\" srcset=\"https:\/\/www.radiopiu.net\/wordpress\/wp-content\/uploads\/2024\/05\/tomo-25.05.2024-300x225.jpeg 300w, https:\/\/www.radiopiu.net\/wordpress\/wp-content\/uploads\/2024\/05\/tomo-25.05.2024-1024x768.jpeg 1024w, https:\/\/www.radiopiu.net\/wordpress\/wp-content\/uploads\/2024\/05\/tomo-25.05.2024-768x576.jpeg 768w, https:\/\/www.radiopiu.net\/wordpress\/wp-content\/uploads\/2024\/05\/tomo-25.05.2024-1536x1152.jpeg 1536w, https:\/\/www.radiopiu.net\/wordpress\/wp-content\/uploads\/2024\/05\/tomo-25.05.2024.jpeg 1600w\" sizes=\"auto, (max-width: 300px) 100vw, 300px\" \/><\/a>\n\t\t\t\t<\/dt>\n\t\t\t\t\t<dd class='wp-caption-text gallery-caption' id='gallery-4-392702'>\n\t\t\t\t\ttomo\n\t\t\t\t\t<\/dd><\/dl><br style=\"clear: both\" \/>\n\t\t\t<\/div>\n\n<p><span style=\"color: #0000ff;\"><strong>NUOTO<\/strong><\/span><\/p>\n<blockquote>\n<h3>TRA POCHI GIORNI LA VASCALONGA<\/h3>\n<\/blockquote>\n<p><a class=\"dt-pswp-item\" href=\"https:\/\/www.radiopiu.net\/wordpress\/wp-content\/uploads\/2024\/05\/Presentazione-Vascalonga-2024-scaled.jpg\" data-dt-img-description=\"\" data-large_image_width=\"2560\" data-large_image_height=\"1920\"><img loading=\"lazy\" decoding=\"async\" class=\" wp-image-392734 alignleft\" src=\"https:\/\/www.radiopiu.net\/wordpress\/wp-content\/uploads\/2024\/05\/Presentazione-Vascalonga-2024-300x225.jpg\" alt=\"\" width=\"145\" height=\"109\" srcset=\"https:\/\/www.radiopiu.net\/wordpress\/wp-content\/uploads\/2024\/05\/Presentazione-Vascalonga-2024-300x225.jpg 300w, https:\/\/www.radiopiu.net\/wordpress\/wp-content\/uploads\/2024\/05\/Presentazione-Vascalonga-2024-1024x768.jpg 1024w, https:\/\/www.radiopiu.net\/wordpress\/wp-content\/uploads\/2024\/05\/Presentazione-Vascalonga-2024-768x576.jpg 768w, https:\/\/www.radiopiu.net\/wordpress\/wp-content\/uploads\/2024\/05\/Presentazione-Vascalonga-2024-1536x1152.jpg 1536w, https:\/\/www.radiopiu.net\/wordpress\/wp-content\/uploads\/2024\/05\/Presentazione-Vascalonga-2024-2048x1536.jpg 2048w\" sizes=\"auto, (max-width: 145px) 100vw, 145px\" \/><\/a>La SportivamenteBelluno e l\u2019Associazione Pollicino hanno presentato l&#8217;11\u00aa edizione della &#8220;Vascalonga&#8221;, una staffetta di nuoto a squadre di 18 componenti, che si terr\u00e0 l&#8217;8 giugno presso la piscina di Lambioi. L&#8217;evento, nato nel 2011, unisce sport e solidariet\u00e0, destinando i proventi alla Casa Pollicino per aiutare bambini disabili e in disagio sociale a Petrosani, Romania. Enrico Fant e Morena Pavei hanno sottolineato l&#8217;importanza dell&#8217;iniziativa per il territorio. La manifestazione include numerosi eventi sportivi, tra cui una partita di pallanuoto e un evento di apnea per diabetici venerd\u00ec, una gara di nuoto aperta a tutti domenica mattina, e un saggio di nuoto sincronizzato domenica sera. La squadra paraolimpica parteciper\u00e0 alla Vascalonga 2024. L\u2019Associazione Pollicino organizzer\u00e0 uno stand enogastronomico per tutta la durata dell&#8217;evento.<\/p>\n<p>&nbsp;<\/p>\n<hr \/>\n<p>&nbsp;<\/p>\n<h3><span style=\"color: #0000ff;\">MOTORI\u00a0<\/span><\/h3>\n<blockquote>\n<h3>Andrea e Diego Tornano in Pista a Imola con la Lamborghini Huracan<\/h3>\n<\/blockquote>\n<div class=\"flex flex-grow flex-col max-w-full\">\n<div class=\"min-h-[20px] text-message flex flex-col items-start whitespace-pre-wrap break-words [.text-message+&amp;]:mt-5 juice:w-full juice:items-end overflow-x-auto gap-2\" dir=\"auto\" data-message-author-role=\"assistant\" data-message-id=\"9e314030-f123-447c-9640-1b83423e9bbb\">\n<div class=\"flex w-full flex-col gap-1 juice:empty:hidden juice:first:pt-[3px]\">\n<div class=\"markdown prose w-full break-words dark:prose-invert dark\">\n<p><img loading=\"lazy\" decoding=\"async\" class=\"alignleft\" src=\"https:\/\/www.radiopiu.net\/wordpress\/wp-content\/uploads\/2024\/05\/0c2dadf6-efb3-69f7-bd1e-2e3997e10f6e.jpg\" width=\"270\" height=\"273\" \/>Questo fine settimana, Andrea Fontana torner\u00e0 al volante della Lamborghini Huracan ST Evo2 di DL Racing all&#8217;Autodromo Enzo e Dino Ferrari in Imola. Dopo un promettente inizio di stagione a Misano, con un secondo e un quarto posto, Andrea condivider\u00e0 l&#8217;abitacolo con Diego Locanto, patron del team. Con il cambio di line-up dovuto a un problema di Stefano Gattuso, Andrea affronter\u00e0 la sfida di coach-driver per aiutare Diego a riabituarsi alla vettura GT.<\/p>\n<div class=\"flex flex-grow flex-col max-w-full\">\n<div class=\"min-h-[20px] text-message flex flex-col items-start whitespace-pre-wrap break-words [.text-message+&amp;]:mt-5 juice:w-full juice:items-end overflow-x-auto gap-2\" dir=\"auto\" data-message-author-role=\"assistant\" data-message-id=\"e45ed35b-e1f0-483d-8f61-8899a86c4971\">\n<div class=\"flex w-full flex-col gap-1 juice:empty:hidden juice:first:pt-[3px]\">\n<div class=\"markdown prose w-full break-words dark:prose-invert dark\">\n<p>&nbsp;<\/p>\n<blockquote>\n<h3 style=\"text-align: center;\"><em>Intenso Weekend di Gare a Imola per la GT Cup<\/em><\/h3>\n<p style=\"text-align: center;\"><em>Il fine settimana di Imola vedr\u00e0 55 vetture in pista: stamane due turni di qualifiche, e gara 1 nel pomeriggio alle 18:40. Gara 2 chiuder\u00e0 il programma domani alle 16:30.\u00a0<\/em><\/p>\n<p>&nbsp;<\/p><\/blockquote>\n<\/div>\n<\/div>\n<\/div>\n<\/div>\n<\/div>\n<\/div>\n<\/div>\n<\/div>\n<p>&nbsp;<\/p>\n<hr \/>\n<p>&nbsp;<\/p>\n<p>&nbsp;<\/p>\n<p><span style=\"color: #0000ff;\"><strong>PALLAVOLO<\/strong><\/span><\/p>\n<p>&nbsp;<\/p>\n<p><a class=\"dt-pswp-item\" href=\"https:\/\/www.radiopiu.net\/wordpress\/wp-content\/uploads\/2024\/05\/Fabio_Bisi_rinnova.jpg\" data-dt-img-description=\"\" data-large_image_width=\"1280\" data-large_image_height=\"853\"><img loading=\"lazy\" decoding=\"async\" class=\"size-medium wp-image-392697 alignleft\" src=\"https:\/\/www.radiopiu.net\/wordpress\/wp-content\/uploads\/2024\/05\/Fabio_Bisi_rinnova-300x200.jpg\" alt=\"\" width=\"300\" height=\"200\" srcset=\"https:\/\/www.radiopiu.net\/wordpress\/wp-content\/uploads\/2024\/05\/Fabio_Bisi_rinnova-300x200.jpg 300w, https:\/\/www.radiopiu.net\/wordpress\/wp-content\/uploads\/2024\/05\/Fabio_Bisi_rinnova-1024x682.jpg 1024w, https:\/\/www.radiopiu.net\/wordpress\/wp-content\/uploads\/2024\/05\/Fabio_Bisi_rinnova-768x512.jpg 768w, https:\/\/www.radiopiu.net\/wordpress\/wp-content\/uploads\/2024\/05\/Fabio_Bisi_rinnova.jpg 1280w\" sizes=\"auto, (max-width: 300px) 100vw, 300px\" \/><\/a><\/p>\n<h3>Fabio Bisi Rinnova con Belluno Volley per la Stagione 2024-2025<\/h3>\n<p>Fabio Bisi sar\u00e0 ancora il capitano del Belluno Volley nella stagione 2024-2025, confermando il suo rinnovo con la societ\u00e0 di Sandro Da Rold. Dopo un&#8217;ottima annata con 385 punti in 24 partite, Bisi \u00e8 pronto a continuare il suo percorso con i &#8220;rinoceronti&#8221;. L&#8217;opposto di Modena ha apprezzato il calore della citt\u00e0 e il rapporto con i compagni. Ora, dopo un meritato relax e il viaggio di nozze in Islanda, punta a migliorare ulteriormente la squadra.<\/p>\n<p>&nbsp;<\/p>\n<p>&nbsp;<\/p>\n<hr \/>\n<p>&nbsp;<\/p>\n<h2><span style=\"color: #800080;\">GOODBYE BY BICICLE&#8230;UN VIAGGIO DALL&#8217;INDIA A SEREN DEL GRAPPA IN BICICLETTA<\/span><\/h2>\n<p><span style=\"color: #ff0000;\"><strong>PUNTATA 15 &#8211; I PRIMI GIORNI IN NEPAL<\/strong><\/span><\/p>\n<audio class=\"wp-audio-shortcode\" id=\"audio-392577-15\" preload=\"none\" style=\"width: 100%;\" controls=\"controls\"><source type=\"audio\/mpeg\" src=\"https:\/\/www.radiopiu.net\/wordpress\/wp-content\/uploads\/2024\/05\/AIRE-INDIA-PUNTATA-15.mp3?_=15\" \/><a href=\"https:\/\/www.radiopiu.net\/wordpress\/wp-content\/uploads\/2024\/05\/AIRE-INDIA-PUNTATA-15.mp3\">https:\/\/www.radiopiu.net\/wordpress\/wp-content\/uploads\/2024\/05\/AIRE-INDIA-PUNTATA-15.mp3<\/a><\/audio>\n<p>&nbsp;<\/p>\n<p><strong>PER VISITARE I SITI DEI LUOGHI VISITATI, CLICCA SULLE SEGUENTI SCRITTE: <a href=\"https:\/\/bardianationalpark.gov.np\/en\/\"><span style=\"color: #3366ff;\">BARDIA NATIONAL PARK<\/span><\/a>\u00a0 \u00a0<a href=\"https:\/\/www.facebook.com\/sanjeevanifoundationnepal\"><span style=\"color: #3366ff;\">SANJE EVANI FOUNDATION<\/span><\/a><\/strong><\/p>\n\n\t\t\t<style type='text\/css'>\n\t\t\t\t#gallery-5 {\n\t\t\t\t\tmargin: auto;\n\t\t\t\t}\n\t\t\t\t#gallery-5 .gallery-item {\n\t\t\t\t\tfloat: left;\n\t\t\t\t\tmargin-top: 10px;\n\t\t\t\t\ttext-align: center;\n\t\t\t\t\twidth: 33%;\n\t\t\t\t}\n\t\t\t\t#gallery-5 img {\n\t\t\t\t\tborder: 2px solid #cfcfcf;\n\t\t\t\t}\n\t\t\t\t#gallery-5 .gallery-caption {\n\t\t\t\t\tmargin-left: 0;\n\t\t\t\t}\n\t\t\t\t\/* see gallery_shortcode() in wp-includes\/media.php *\/\n\t\t\t<\/style>\n\t\t<div id='gallery-5' class='dt-gallery-container gallery galleryid-392577 gallery-columns-3 gallery-size-thumbnail'><dl class='gallery-item'>\n\t\t\t\t<dt class='gallery-icon landscape'>\n\t\t\t\t\t<a class=\"rollover rollover-zoom dt-pswp-item\" title=\"77cdcdf9-10c4-4c98-a8c4-e2141b44b458\" data-dt-img-description=\"\" data-large_image_width=\"1600\" data-large_image_height=\"1200\"href='https:\/\/www.radiopiu.net\/wordpress\/wp-content\/uploads\/2024\/05\/77cdcdf9-10c4-4c98-a8c4-e2141b44b458.jpg'><img loading=\"lazy\" decoding=\"async\" width=\"150\" height=\"150\" src=\"https:\/\/www.radiopiu.net\/wordpress\/wp-content\/uploads\/2024\/05\/77cdcdf9-10c4-4c98-a8c4-e2141b44b458-150x150.jpg\" class=\"attachment-thumbnail size-thumbnail\" alt=\"\" \/><\/a>\n\t\t\t\t<\/dt><\/dl><dl class='gallery-item'>\n\t\t\t\t<dt class='gallery-icon landscape'>\n\t\t\t\t\t<a class=\"rollover rollover-zoom dt-pswp-item\" title=\"832335e2-841e-449d-92e9-ca21d7c5ed82\" data-dt-img-description=\"\" data-large_image_width=\"1600\" data-large_image_height=\"1200\"href='https:\/\/www.radiopiu.net\/wordpress\/wp-content\/uploads\/2024\/05\/832335e2-841e-449d-92e9-ca21d7c5ed82.jpg'><img loading=\"lazy\" decoding=\"async\" width=\"150\" height=\"150\" src=\"https:\/\/www.radiopiu.net\/wordpress\/wp-content\/uploads\/2024\/05\/832335e2-841e-449d-92e9-ca21d7c5ed82-150x150.jpg\" class=\"attachment-thumbnail size-thumbnail\" alt=\"\" \/><\/a>\n\t\t\t\t<\/dt><\/dl><dl class='gallery-item'>\n\t\t\t\t<dt class='gallery-icon landscape'>\n\t\t\t\t\t<a class=\"rollover rollover-zoom dt-pswp-item\" title=\"a0939792-5218-43fa-be75-522b11df7034\" data-dt-img-description=\"\" data-large_image_width=\"1600\" data-large_image_height=\"1200\"href='https:\/\/www.radiopiu.net\/wordpress\/wp-content\/uploads\/2024\/05\/a0939792-5218-43fa-be75-522b11df7034.jpg'><img loading=\"lazy\" decoding=\"async\" width=\"150\" height=\"150\" src=\"https:\/\/www.radiopiu.net\/wordpress\/wp-content\/uploads\/2024\/05\/a0939792-5218-43fa-be75-522b11df7034-150x150.jpg\" class=\"attachment-thumbnail size-thumbnail\" alt=\"\" \/><\/a>\n\t\t\t\t<\/dt><\/dl><br style=\"clear: both\" \/>\n\t\t\t<\/div>\n\n<p>&nbsp;<\/p>\n<p>&nbsp;<\/p>\n","protected":false},"excerpt":{"rendered":"<p>****** &nbsp; PER RICEVERE QUESTO NOTIZIARIO DIRETTAMENTE SUL TUO CELLULARE ISCRIVITI AL CANALE TELEGRAM \u201cRADIO PIU\u00a0 INFORMAZIONE&#8221;\u00a0 \u00a0il CANALE TELEGRAM&#8230; UNISCITI A: RADIO PIU INFORMAZIONE &nbsp; &nbsp; ATTENZIONE: LA NUOVA APP PER IOS-IPHONE di Nicola Vettorello https:\/\/apps.apple.com\/it\/app\/radio-pi%C3%B9-emittente-agordina\/id1515939845 ATTENZIONE: LA NUOVA APP RADIO\u00a0 PER ANDROID di Nicola Vettorello https:\/\/play.google.com\/store\/apps\/details?id=net.radiopiu.iniko\u00a0\u00a0 &nbsp; &nbsp; &nbsp; &nbsp; OGGI ALLA RADIO:\u00a0ALLE&hellip;<\/p>\n","protected":false},"author":4,"featured_media":392688,"comment_status":"closed","ping_status":"closed","sticky":false,"template":"","format":"standard","meta":{"_monsterinsights_skip_tracking":false,"_monsterinsights_sitenote_active":false,"_monsterinsights_sitenote_note":"","_monsterinsights_sitenote_category":0,"footnotes":""},"categories":[51,86,49],"tags":[],"class_list":["post-392577","post","type-post","status-publish","format-standard","has-post-thumbnail","hentry","category-evidenza-top","category-gr","category-news-18","category-51","category-86","category-49","description-off"],"img_url":"https:\/\/www.radiopiu.net\/wordpress\/wp-content\/uploads\/2024\/05\/be127b82-3508-4a5b-af9c-ae294664113d.jpg","_links":{"self":[{"href":"https:\/\/www.radiopiu.net\/wordpress\/wp-json\/wp\/v2\/posts\/392577","targetHints":{"allow":["GET"]}}],"collection":[{"href":"https:\/\/www.radiopiu.net\/wordpress\/wp-json\/wp\/v2\/posts"}],"about":[{"href":"https:\/\/www.radiopiu.net\/wordpress\/wp-json\/wp\/v2\/types\/post"}],"author":[{"embeddable":true,"href":"https:\/\/www.radiopiu.net\/wordpress\/wp-json\/wp\/v2\/users\/4"}],"replies":[{"embeddable":true,"href":"https:\/\/www.radiopiu.net\/wordpress\/wp-json\/wp\/v2\/comments?post=392577"}],"version-history":[{"count":0,"href":"https:\/\/www.radiopiu.net\/wordpress\/wp-json\/wp\/v2\/posts\/392577\/revisions"}],"wp:featuredmedia":[{"embeddable":true,"href":"https:\/\/www.radiopiu.net\/wordpress\/wp-json\/wp\/v2\/media\/392688"}],"wp:attachment":[{"href":"https:\/\/www.radiopiu.net\/wordpress\/wp-json\/wp\/v2\/media?parent=392577"}],"wp:term":[{"taxonomy":"category","embeddable":true,"href":"https:\/\/www.radiopiu.net\/wordpress\/wp-json\/wp\/v2\/categories?post=392577"},{"taxonomy":"post_tag","embeddable":true,"href":"https:\/\/www.radiopiu.net\/wordpress\/wp-json\/wp\/v2\/tags?post=392577"}],"curies":[{"name":"wp","href":"https:\/\/api.w.org\/{rel}","templated":true}]}}