{"id":392587,"date":"2024-05-31T05:37:14","date_gmt":"2024-05-31T03:37:14","guid":{"rendered":"https:\/\/www.radiopiu.net\/wordpress\/?p=392587"},"modified":"2024-05-31T05:56:43","modified_gmt":"2024-05-31T03:56:43","slug":"addio-alla-professoressa-marina-rita-nessenzia-cuore-e-anima-della-scuola-agordina","status":"publish","type":"post","link":"https:\/\/www.radiopiu.net\/wordpress\/addio-alla-professoressa-marina-rita-nessenzia-cuore-e-anima-della-scuola-agordina\/","title":{"rendered":"Addio alla Professoressa Marina Rita Nessenzia, Cuore e Anima della Scuola Agordina"},"content":{"rendered":"<p>**<\/p>\n<p><strong>DI BERNARDINO CHIOCCHETTI,\u00a0 gi\u00e0 Dirigente Scolastico dell\u2019Istituto Comprensivo Agordo<\/strong><\/p>\n<p>&nbsp;<\/p>\n<p>Con la scomparsa della professoressa Marina Rita Nessenzia, se ne va una parte rilevante della mia esperienza nella Scuola Agordina. Promotrice della Cor<a class=\"dt-pswp-item\" href=\"https:\/\/www.radiopiu.net\/wordpress\/wp-content\/uploads\/2024\/05\/Senza-nome-67.png\" data-dt-img-description=\"\" data-large_image_width=\"464\" data-large_image_height=\"260\"><img loading=\"lazy\" decoding=\"async\" class=\"size-medium wp-image-392589 alignleft\" src=\"https:\/\/www.radiopiu.net\/wordpress\/wp-content\/uploads\/2024\/05\/Senza-nome-67-300x168.png\" alt=\"\" width=\"300\" height=\"168\" srcset=\"https:\/\/www.radiopiu.net\/wordpress\/wp-content\/uploads\/2024\/05\/Senza-nome-67-300x168.png 300w, https:\/\/www.radiopiu.net\/wordpress\/wp-content\/uploads\/2024\/05\/Senza-nome-67.png 464w\" sizes=\"auto, (max-width: 300px) 100vw, 300px\" \/><\/a>ale de I Musici, il fiore all\u2019occhiello dell\u2019Istituto Comprensivo di Agordo, ho potuto apprezzare il suo impegno sin dal mio incarico nel 2010. Questa notizia, che avrei voluto non dover mai ricevere, mi addolora profondamente. Oltre alla mia esperienza personale, sono convinto che con la professoressa Nessenzia tutta la scuola, non solo quella agordina, abbia perso una figura di grande rilievo. Una docente che ha dedicato tanto del suo tempo per migliorare la realt\u00e0 scolastica, mettendo a disposizione le sue competenze. Rimane nella memoria la sua signorilit\u00e0 e la dignit\u00e0 con cui ha affrontato la malattia, che l&#8217;ha portata via troppo presto. La professoressa Nessenzia era una persona riservata e sensibile, sempre professionale e corretta nei confronti dei colleghi, gestendo le sue classi con ammirabile abilit\u00e0 senza dover ricorrere a richiami. Ricordo in particolare i verbali che firmava, distinti per puntualit\u00e0 e precisione. Nei momenti di confronto, sapeva intervenire con equilibrio, guadagnandosi il rispetto di tutti. La Corale de I Musici, un suo patrimonio, richiede una riflessione a s\u00e9 stante. Fondata durante l\u2019a.s. 2004-2005, la Corale ha facilitato l&#8217;interazione tra Scuola Primaria e Scuola Media, contribuendo a superare le iniziali difficolt\u00e0 del nuovo Istituto Comprensivo. Nel corso degli anni, la professoressa Nessenzia ha esteso le iscrizioni agli studenti delle scuole superiori, organizzando saggi e rassegne canore a livello regionale e nazionale, spesso coronate da premi. La Corale ha favorito collaborazioni con agenzie extrascolastiche e, prima della malattia, stava stabilendo un collegamento con l\u2019Istituto Comprensivo di Cencenighe Agordino. Il maestro Matteo Andri ha continuato l&#8217;attivit\u00e0 della Corale, mantenendo vivo l\u2019entusiasmo per la musica, strumento di interazione e promozione sociale. La professoressa Nessenzia ha dedicato buona parte della sua vita a questo nobile ideale, meritando un grande riconoscimento. Le mie pi\u00f9 sentite condoglianze vanno al marito Giorgio, a Davide, alla mamma Nerina e al fratello Alessandro. Siamo certi che il suo ricordo continuer\u00e0 a vivere nella nostra memoria e in quella dei suoi numerosi estimatori.<\/p>\n<p>&nbsp;<\/p>\n<p>&nbsp;<\/p>\n<p>&nbsp;<\/p>\n<p>___<\/p>\n<p>&nbsp;<\/p>\n","protected":false},"excerpt":{"rendered":"<p>** DI BERNARDINO CHIOCCHETTI,\u00a0 gi\u00e0 Dirigente Scolastico dell\u2019Istituto Comprensivo Agordo &nbsp; Con la scomparsa della professoressa Marina Rita Nessenzia, se ne va una parte rilevante della mia esperienza nella Scuola Agordina. Promotrice della Corale de I Musici, il fiore all\u2019occhiello dell\u2019Istituto Comprensivo di Agordo, ho potuto apprezzare il suo impegno sin dal mio incarico nel&hellip;<\/p>\n","protected":false},"author":4,"featured_media":392589,"comment_status":"closed","ping_status":"closed","sticky":false,"template":"","format":"standard","meta":{"_monsterinsights_skip_tracking":false,"_monsterinsights_sitenote_active":false,"_monsterinsights_sitenote_note":"","_monsterinsights_sitenote_category":0,"footnotes":""},"categories":[51,49],"tags":[],"class_list":["post-392587","post","type-post","status-publish","format-standard","has-post-thumbnail","hentry","category-evidenza-top","category-news-18","category-51","category-49","description-off"],"img_url":"https:\/\/www.radiopiu.net\/wordpress\/wp-content\/uploads\/2024\/05\/Senza-nome-67.png","_links":{"self":[{"href":"https:\/\/www.radiopiu.net\/wordpress\/wp-json\/wp\/v2\/posts\/392587","targetHints":{"allow":["GET"]}}],"collection":[{"href":"https:\/\/www.radiopiu.net\/wordpress\/wp-json\/wp\/v2\/posts"}],"about":[{"href":"https:\/\/www.radiopiu.net\/wordpress\/wp-json\/wp\/v2\/types\/post"}],"author":[{"embeddable":true,"href":"https:\/\/www.radiopiu.net\/wordpress\/wp-json\/wp\/v2\/users\/4"}],"replies":[{"embeddable":true,"href":"https:\/\/www.radiopiu.net\/wordpress\/wp-json\/wp\/v2\/comments?post=392587"}],"version-history":[{"count":0,"href":"https:\/\/www.radiopiu.net\/wordpress\/wp-json\/wp\/v2\/posts\/392587\/revisions"}],"wp:featuredmedia":[{"embeddable":true,"href":"https:\/\/www.radiopiu.net\/wordpress\/wp-json\/wp\/v2\/media\/392589"}],"wp:attachment":[{"href":"https:\/\/www.radiopiu.net\/wordpress\/wp-json\/wp\/v2\/media?parent=392587"}],"wp:term":[{"taxonomy":"category","embeddable":true,"href":"https:\/\/www.radiopiu.net\/wordpress\/wp-json\/wp\/v2\/categories?post=392587"},{"taxonomy":"post_tag","embeddable":true,"href":"https:\/\/www.radiopiu.net\/wordpress\/wp-json\/wp\/v2\/tags?post=392587"}],"curies":[{"name":"wp","href":"https:\/\/api.w.org\/{rel}","templated":true}]}}