{"id":392933,"date":"2024-06-01T13:59:13","date_gmt":"2024-06-01T11:59:13","guid":{"rendered":"https:\/\/www.radiopiu.net\/wordpress\/?p=392933"},"modified":"2024-06-01T13:59:13","modified_gmt":"2024-06-01T11:59:13","slug":"malore-fatale-muore-un-46enne-a-cortina","status":"publish","type":"post","link":"https:\/\/www.radiopiu.net\/wordpress\/malore-fatale-muore-un-46enne-a-cortina\/","title":{"rendered":"MALORE FATALE. MUORE UN 46ENNE A CORTINA"},"content":{"rendered":"<p>*****<\/p>\n<p>&nbsp;<\/p>\n<p><strong><a class=\"dt-pswp-item\" href=\"https:\/\/www.radiopiu.net\/wordpress\/wp-content\/uploads\/2023\/08\/suem.png\" data-dt-img-description=\"\" data-large_image_width=\"273\" data-large_image_height=\"127\"><img loading=\"lazy\" decoding=\"async\" class=\" wp-image-348238 alignleft\" src=\"https:\/\/www.radiopiu.net\/wordpress\/wp-content\/uploads\/2023\/08\/suem.png\" alt=\"\" width=\"174\" height=\"81\" \/><\/a>REDAZIONE\u00a0<\/strong>Sono due gli interventi del Suem registrati in mattinata. Poco dopo le 9 la centrale operativa del 118 \u00e8 stata allertata per un incidente ciclistico a Belluno dove \u00e8 rimasto coinvolto un 20enne del luogo che \u00e8 stato portato all&#8217;ospedale San Martino con ferite lievi. Alle 10:21 l&#8217;ambulanza di Cortina e l&#8217;elicottero Falco sono stati chiamati per un malore. Un uomo di 46 anni originario della Romania \u00e8 \u00e8 stato preso in cura dai sanitari ma purtroppo \u00e8 deceduto.<\/p>\n<p>&nbsp;<\/p>\n<p>&nbsp;<\/p>\n<p>*******<\/p>\n","protected":false},"excerpt":{"rendered":"<p>***** &nbsp; REDAZIONE\u00a0Sono due gli interventi del Suem registrati in mattinata. Poco dopo le 9 la centrale operativa del 118 \u00e8 stata allertata per un incidente ciclistico a Belluno dove \u00e8 rimasto coinvolto un 20enne del luogo che \u00e8 stato portato all&#8217;ospedale San Martino con ferite lievi. Alle 10:21 l&#8217;ambulanza di Cortina e l&#8217;elicottero Falco&hellip;<\/p>\n","protected":false},"author":4,"featured_media":348787,"comment_status":"closed","ping_status":"closed","sticky":false,"template":"","format":"standard","meta":{"_monsterinsights_skip_tracking":false,"_monsterinsights_sitenote_active":false,"_monsterinsights_sitenote_note":"","_monsterinsights_sitenote_category":0,"footnotes":""},"categories":[49],"tags":[],"class_list":["post-392933","post","type-post","status-publish","format-standard","has-post-thumbnail","hentry","category-news-18","category-49","description-off"],"img_url":"https:\/\/www.radiopiu.net\/wordpress\/wp-content\/uploads\/2023\/08\/ambulanza-ulss-1.jpg","_links":{"self":[{"href":"https:\/\/www.radiopiu.net\/wordpress\/wp-json\/wp\/v2\/posts\/392933","targetHints":{"allow":["GET"]}}],"collection":[{"href":"https:\/\/www.radiopiu.net\/wordpress\/wp-json\/wp\/v2\/posts"}],"about":[{"href":"https:\/\/www.radiopiu.net\/wordpress\/wp-json\/wp\/v2\/types\/post"}],"author":[{"embeddable":true,"href":"https:\/\/www.radiopiu.net\/wordpress\/wp-json\/wp\/v2\/users\/4"}],"replies":[{"embeddable":true,"href":"https:\/\/www.radiopiu.net\/wordpress\/wp-json\/wp\/v2\/comments?post=392933"}],"version-history":[{"count":0,"href":"https:\/\/www.radiopiu.net\/wordpress\/wp-json\/wp\/v2\/posts\/392933\/revisions"}],"wp:featuredmedia":[{"embeddable":true,"href":"https:\/\/www.radiopiu.net\/wordpress\/wp-json\/wp\/v2\/media\/348787"}],"wp:attachment":[{"href":"https:\/\/www.radiopiu.net\/wordpress\/wp-json\/wp\/v2\/media?parent=392933"}],"wp:term":[{"taxonomy":"category","embeddable":true,"href":"https:\/\/www.radiopiu.net\/wordpress\/wp-json\/wp\/v2\/categories?post=392933"},{"taxonomy":"post_tag","embeddable":true,"href":"https:\/\/www.radiopiu.net\/wordpress\/wp-json\/wp\/v2\/tags?post=392933"}],"curies":[{"name":"wp","href":"https:\/\/api.w.org\/{rel}","templated":true}]}}