{"id":393046,"date":"2024-06-04T05:37:01","date_gmt":"2024-06-04T03:37:01","guid":{"rendered":"https:\/\/www.radiopiu.net\/wordpress\/?p=393046"},"modified":"2024-10-16T15:57:44","modified_gmt":"2024-10-16T13:57:44","slug":"giornale-radiopiu-04-giugno-2024-direttore-mirko-mezzacasada-40-anni-25-giugno-1983-25-giugno-2023","status":"publish","type":"post","link":"https:\/\/www.radiopiu.net\/wordpress\/giornale-radiopiu-04-giugno-2024-direttore-mirko-mezzacasada-40-anni-25-giugno-1983-25-giugno-2023\/","title":{"rendered":"GIORNALE RADIOPIU 04 GIUGNO 2024 DIRETTORE MIRKO MEZZACASA\u2026DA 40 ANNI 25 GIUGNO 1983-25 GIUGNO 2023"},"content":{"rendered":"<p>******<\/p>\n<p>&nbsp;<\/p>\n<blockquote>\n<h2><span style=\"color: #ff0000;\">ultim&#8217;ora TERREMOTO IN SVIZZERA\u00a0<\/span><\/h2>\n<\/blockquote>\n<p><a class=\"dt-pswp-item\" href=\"https:\/\/www.radiopiu.net\/wordpress\/wp-content\/uploads\/2024\/06\/AGOR.HHZ_-1.png\" data-dt-img-description=\"\" data-large_image_width=\"792\" data-large_image_height=\"612\"><img loading=\"lazy\" decoding=\"async\" class=\" wp-image-393206 alignleft\" src=\"https:\/\/www.radiopiu.net\/wordpress\/wp-content\/uploads\/2024\/06\/AGOR.HHZ_-1-300x232.png\" alt=\"\" width=\"158\" height=\"122\" srcset=\"https:\/\/www.radiopiu.net\/wordpress\/wp-content\/uploads\/2024\/06\/AGOR.HHZ_-1-300x232.png 300w, https:\/\/www.radiopiu.net\/wordpress\/wp-content\/uploads\/2024\/06\/AGOR.HHZ_-1-768x593.png 768w, https:\/\/www.radiopiu.net\/wordpress\/wp-content\/uploads\/2024\/06\/AGOR.HHZ_-1.png 792w\" sizes=\"auto, (max-width: 158px) 100vw, 158px\" \/><\/a><strong>Una scossa di terremoto di magnitudo 4.2 \u00e8 stata registrata alle 2:34 in Svizzera ed avvertita anche in Italia. \u00a0 \u00a0 Secondo i dati dell&#8217;Istituto nazionale di geofisica e vulcanologia (Ingv), il sisma ha avuto ipocentro a otto chilometri di profondit\u00e0 ed epicentro vicino Studen, nel Canton Berna.\u00a0 Non si hanno al momento notizie di danni a persone o cose.<\/strong><\/p>\n<p>LA SCOSSA come si evince dal diagramma \u00e8 stata registrata anche dal sismografo di AGORDO<\/p>\n<p>&nbsp;<\/p>\n<p>&nbsp;<\/p>\n<hr \/>\n<p>&nbsp;<\/p>\n<h3>PER<strong> RICEVERE QUESTO NOTIZIARIO DIRETTAMENTE SUL TUO CELLULARE ISCRIVITI AL CANALE TELEGRAM <\/strong><strong>\u201cRADIO PIU\u00a0 INFORMAZIONE&#8221;\u00a0 <\/strong>\u00a0il CANALE TELEGRAM&#8230; UNISCITI A: RADIO PIU INFORMAZIONE<\/h3>\n<p>&nbsp;<\/p>\n<p>&nbsp;<\/p>\n<p><em><a href=\"https:\/\/www.radiopiu.net\/wordpress\/giornale-radiopiu-24-gennaio-2021-direttore-mirko-mezzacasa\/79216601_126817312416448_708980208774483089_n\/\" rel=\"attachment wp-att-186567\"><img loading=\"lazy\" decoding=\"async\" class=\"size-medium wp-image-186567 alignright\" src=\"https:\/\/www.radiopiu.net\/wordpress\/wp-content\/uploads\/2021\/01\/79216601_126817312416448_708980208774483089_n-300x114.jpg\" alt=\"\" width=\"300\" height=\"114\" srcset=\"https:\/\/www.radiopiu.net\/wordpress\/wp-content\/uploads\/2021\/01\/79216601_126817312416448_708980208774483089_n-300x114.jpg 300w, https:\/\/www.radiopiu.net\/wordpress\/wp-content\/uploads\/2021\/01\/79216601_126817312416448_708980208774483089_n-768x292.jpg 768w, https:\/\/www.radiopiu.net\/wordpress\/wp-content\/uploads\/2021\/01\/79216601_126817312416448_708980208774483089_n.jpg 820w\" sizes=\"auto, (max-width: 300px) 100vw, 300px\" \/><\/a><span style=\"color: #ff0000;\">ATTENZIONE: LA NUOVA APP PER IOS-IPHONE di Nicola Vettorello <\/span><\/em><a href=\"https:\/\/apps.apple.com\/it\/app\/radio-pi%C3%B9-emittente-agordina\/id1515939845\">https:\/\/apps.apple.com\/it\/app\/radio-pi%C3%B9-emittente-agordina\/id1515939845<\/a><\/p>\n<p><em style=\"color: #ff0000;\">ATTENZIONE: LA NUOVA APP RADIO\u00a0 PER ANDROID di Nicola Vettorello<\/em><\/p>\n<p><a href=\"https:\/\/play.google.com\/store\/apps\/details?id=net.radiopiu.iniko\" target=\"_blank\" rel=\"noopener noreferrer\">https:\/\/play.google.com\/store\/apps\/details?id=net.radiopiu.iniko\u00a0\u00a0<\/a><\/p>\n<h3 class=\"kvgmc6g5 cxmmr5t8 oygrvhab hcukyx3x c1et5uql\"><\/h3>\n<p>&nbsp;<\/p>\n<div data-block=\"true\" data-editor=\"avj4u\" data-offset-key=\"d3i0j-0-0\">\n<p>&nbsp;<\/p>\n<hr \/>\n<p>&nbsp;<\/p>\n<p>&nbsp;<\/p>\n<\/div>\n<p><strong class=\"photoswipe-wrapper\"><span style=\"color: #ff0000;\"><a class=\"dt-pswp-item\" href=\"https:\/\/www.radiopiu.net\/wordpress\/wp-content\/uploads\/2024\/06\/th.jpg\" data-dt-img-description=\"\" data-large_image_width=\"512\" data-large_image_height=\"384\"><img loading=\"lazy\" decoding=\"async\" class=\" wp-image-393192 alignleft\" src=\"https:\/\/www.radiopiu.net\/wordpress\/wp-content\/uploads\/2024\/06\/th-300x225.jpg\" alt=\"\" width=\"167\" height=\"125\" srcset=\"https:\/\/www.radiopiu.net\/wordpress\/wp-content\/uploads\/2024\/06\/th-300x225.jpg 300w, https:\/\/www.radiopiu.net\/wordpress\/wp-content\/uploads\/2024\/06\/th.jpg 512w\" sizes=\"auto, (max-width: 167px) 100vw, 167px\" \/><\/a>OGGI ALLA RADIO<\/span><\/strong>:\u00a0<strong>ALLE 6.15<\/strong> PIROLE DE LENGA, CON IL MUSLA\u00a0 <strong>ALLE 7.20<\/strong>\u00a0EL BAL DEL FIOR, DETTI E TRADIZIONI DI GIULIANA DA RONCH;\u00a0<strong>ALLE 8.20 <\/strong>PIU SIAMO CON MARINA 9.00 IL COUNTRY CON ALEX NASCINBEN\u00a0 <strong>9.30 <\/strong>VIABILITA&#8217; Botol_Car <strong>\u00a010.10 <\/strong>MUSLA LE NOVE IN LADIN\u00a0 CON VERONICA LEZUO<span style=\"color: #0000ff;\"><strong> 10.30\u00a0 seconda stagione, prima puntata, VOCI RIBELLI di ALESSIA DALL&#8217;O OSPITE LUXURIA<\/strong><span style=\"color: #000000;\"><strong> 11.10<\/strong> SPECIALE FESTIVALBAR, LA STORIA DI MIRCO BENCIVENNI <\/span><\/span><strong>12.00 <\/strong>VA TUTTO LISCIO CON MIRCO BENCIVENNI<strong> 12.30 <\/strong>GIORNALE RADIO EDIZIONE PRINCIPALE \u00a0<strong>13.20<\/strong> PRIMA VERA HIT <strong>15.00<\/strong> MARTEDI POMERIGGIO CON LUISA ALCHINI, L&#8217;EVENTO DEL 7 GIUGNO LA LUNGA NOTTE DELLE CHIESE <strong>16.00 <\/strong>IL ROCK DI MARCO COSTANTINI <strong>16.45 <\/strong>LE HIT DI MIRCO BENCIVENNI <strong>19 <\/strong>ANTICIPAZIONI DAL TG DI ANTENNA 3 DI TIZIANA BOLOGNANI.<\/p>\n<blockquote><p><strong>rassegna stampa nazionale, ogni giorno alle 5 e alle 6 del mattino<\/strong><br \/>\n<em>giornali locali 7 rassegna stampa flash, 8 rassegna stampa, gr flash alle 10 e alle 11, principale 12.30. Informazione pomerggio alle 15 (speciale) 16, 17, 18. Giornale radio nazionale: ogni ora dalle 5 del mattino, alle 20 della sera.\u00a0<\/em><\/p><\/blockquote>\n<div class=\"x11i5rnm xat24cr x1mh8g0r x1vvkbs xtlvy1s x126k92a\">\n<div dir=\"auto\"><\/div>\n<\/div>\n<div class=\"x11i5rnm xat24cr x1mh8g0r x1vvkbs xtlvy1s x126k92a\">\n<div dir=\"auto\">\n<p>&nbsp;<\/p>\n<p>&nbsp;<\/p>\n<hr \/>\n<p>&nbsp;<\/p>\n<p>&nbsp;<\/p>\n<div class=\"x11i5rnm xat24cr x1mh8g0r x1vvkbs xtlvy1s x126k92a\">\n<div dir=\"auto\">\n<p><strong><a class=\"dt-pswp-item\" href=\"https:\/\/www.radiopiu.net\/wordpress\/wp-content\/uploads\/2024\/02\/2d44e751-d8a8-461b-8e22-d8e4e853b032.jpg\" data-dt-img-description=\"\" data-large_image_width=\"1600\" data-large_image_height=\"1200\"><img loading=\"lazy\" decoding=\"async\" class=\"wp-image-373307 alignleft\" src=\"https:\/\/www.radiopiu.net\/wordpress\/wp-content\/uploads\/2024\/02\/2d44e751-d8a8-461b-8e22-d8e4e853b032-300x225.jpg\" alt=\"\" width=\"105\" height=\"79\" srcset=\"https:\/\/www.radiopiu.net\/wordpress\/wp-content\/uploads\/2024\/02\/2d44e751-d8a8-461b-8e22-d8e4e853b032-300x225.jpg 300w, https:\/\/www.radiopiu.net\/wordpress\/wp-content\/uploads\/2024\/02\/2d44e751-d8a8-461b-8e22-d8e4e853b032-1024x768.jpg 1024w, https:\/\/www.radiopiu.net\/wordpress\/wp-content\/uploads\/2024\/02\/2d44e751-d8a8-461b-8e22-d8e4e853b032-768x576.jpg 768w, https:\/\/www.radiopiu.net\/wordpress\/wp-content\/uploads\/2024\/02\/2d44e751-d8a8-461b-8e22-d8e4e853b032-1536x1152.jpg 1536w, https:\/\/www.radiopiu.net\/wordpress\/wp-content\/uploads\/2024\/02\/2d44e751-d8a8-461b-8e22-d8e4e853b032.jpg 1600w\" sizes=\"auto, (max-width: 105px) 100vw, 105px\" \/><\/a>EL BAL DEL FIOR, DI GIULIANA DA RONCH, 03 GIUGNO 2024<\/strong><\/p>\n<\/div>\n<\/div>\n<\/div>\n<div dir=\"auto\">\n<audio class=\"wp-audio-shortcode\" id=\"audio-393046-1\" preload=\"none\" style=\"width: 100%;\" controls=\"controls\"><source type=\"audio\/mpeg\" src=\"https:\/\/www.radiopiu.net\/wordpress\/wp-content\/uploads\/2024\/06\/GMA.m4a?_=1\" \/><a href=\"https:\/\/www.radiopiu.net\/wordpress\/wp-content\/uploads\/2024\/06\/GMA.m4a\">https:\/\/www.radiopiu.net\/wordpress\/wp-content\/uploads\/2024\/06\/GMA.m4a<\/a><\/audio>\n<p>&nbsp;<\/p>\n<hr \/>\n<\/div>\n<\/div>\n<blockquote>\n<blockquote>\n<h1><span style=\"color: #ff0000;\">\u00a0<\/span><\/h1>\n<h1><span style=\"color: #ff0000;\">I podcast informativi del mattino &#8211; audio &#8211;\u00a0\u00a0<\/span><\/h1>\n<\/blockquote>\n<p><strong><a class=\"dt-pswp-item\" href=\"https:\/\/www.radiopiu.net\/wordpress\/wp-content\/uploads\/2023\/11\/th-10.jpg\" data-dt-img-description=\"\" data-large_image_width=\"320\" data-large_image_height=\"180\"><img loading=\"lazy\" decoding=\"async\" class=\"wp-image-362866 alignleft\" src=\"https:\/\/www.radiopiu.net\/wordpress\/wp-content\/uploads\/2023\/11\/th-10-300x169.jpg\" alt=\"\" width=\"185\" height=\"104\" srcset=\"https:\/\/www.radiopiu.net\/wordpress\/wp-content\/uploads\/2023\/11\/th-10-300x169.jpg 300w, https:\/\/www.radiopiu.net\/wordpress\/wp-content\/uploads\/2023\/11\/th-10.jpg 320w\" sizes=\"auto, (max-width: 185px) 100vw, 185px\" \/><\/a>LA RASSEGNA STAMPA NAZIONALE ALLA RADIO, OGNI GIORNO ALLE 5 E ALLE 6 DEL MATTINO <span style=\"color: #0000ff;\">viene pubblicata alle 6.00 <span style=\"color: #ff0000;\">DIRETTA RADIO\u00a0 \u00a0\u00a0<\/span><\/span><\/strong><\/p><\/blockquote>\n<p>&nbsp;<\/p>\n<p>&nbsp;<\/p>\n<p><span style=\"color: #000000;\"><strong>ULTIME DELLA NOTTE\u00a0<\/strong><\/span><\/p>\n<p><strong>Borsa<\/strong>: Hong Kong, apertura in ribasso (-0,37%)\u00a0 <strong>Terremoto<\/strong> magnitudo 4.2 in Svizzera, avvertito anche in Italia <strong>Sudafrica<\/strong>, il bilancio delle inondazioni sale a 12 morti\u00a0 <strong>Migranti in Albania<\/strong>, fino 13,5 milioni di euro per il noleggio di una nave\u00a0 <strong>La Cassazione<\/strong>: &#8216;Non serve pi\u00f9 l&#8217;alcoltest per provare l&#8217;ubriachezza&#8217; <strong>Paolo Emilio Signorini<\/strong> resta in carcere\u00a0 <strong>Brescia<\/strong> \u00e8 morta la bimba di un anno e mezzo investita fuori da una scuola <strong>Meloni<\/strong>: &#8216;Basta polemiche, \u00e8 la sinistra che non rispetta il Colle&#8217;. Salvini-La Russa: &#8216;Stop a Borghi&#8217;<\/p>\n<h2>AUDIO dalle 6 del mattino<\/h2>\n<audio class=\"wp-audio-shortcode\" id=\"audio-393046-2\" preload=\"none\" style=\"width: 100%;\" controls=\"controls\"><source type=\"audio\/mpeg\" src=\"https:\/\/www.radiopiu.net\/wordpress\/wp-content\/uploads\/2024\/06\/GIORNALEDELLESEI-1.mp3?_=2\" \/><a href=\"https:\/\/www.radiopiu.net\/wordpress\/wp-content\/uploads\/2024\/06\/GIORNALEDELLESEI-1.mp3\">https:\/\/www.radiopiu.net\/wordpress\/wp-content\/uploads\/2024\/06\/GIORNALEDELLESEI-1.mp3<\/a><\/audio>\n<p>&nbsp;<\/p>\n<hr \/>\n<p>&nbsp;<\/p>\n<h1 style=\"text-align: center;\"><span style=\"color: #ff0000;\">I podcast informativi del mattino &#8211; audio &#8211;\u00a0<\/span><\/h1>\n<p><strong><a class=\"dt-pswp-item\" href=\"https:\/\/www.radiopiu.net\/wordpress\/wp-content\/uploads\/2023\/12\/images.png\" data-dt-img-description=\"\" data-large_image_width=\"316\" data-large_image_height=\"160\"><img loading=\"lazy\" decoding=\"async\" class=\"wp-image-367008 alignleft\" src=\"https:\/\/www.radiopiu.net\/wordpress\/wp-content\/uploads\/2023\/12\/images-300x152.png\" alt=\"\" width=\"235\" height=\"119\" srcset=\"https:\/\/www.radiopiu.net\/wordpress\/wp-content\/uploads\/2023\/12\/images-300x152.png 300w, https:\/\/www.radiopiu.net\/wordpress\/wp-content\/uploads\/2023\/12\/images.png 316w\" sizes=\"auto, (max-width: 235px) 100vw, 235px\" \/><\/a>OGNI GIORNO ALLE SETTE DEL MATTINO, LA RASSEGNA STAMPA LOCALE FLASH&#8230; PER CHI VA IN FRETTA. I TITOLI DAI GIORNALI E DAL SITO WWW.RADIOPIU.NET <span style=\"color: #0000ff;\">viene pubblicato alle 7.00<\/span> <span style=\"color: #ff0000;\">DIRETTA RADIO\u00a0<\/span><\/strong><\/p>\n<p><em><span style=\"color: #ff0000;\">per chi va in fretta&#8230; tante notizie in pochi minuti. L&#8217;informazione locale alla radio, ogni ora dalle 7 del mattino alle 19 della sera.\u00a0 \u00a0 \u00a0\u00a0<\/span><\/em><\/p>\n<p><strong><a class=\"dt-pswp-item\" href=\"https:\/\/www.radiopiu.net\/wordpress\/wp-content\/uploads\/2024\/06\/copertina-aa.png\" data-dt-img-description=\"\" data-large_image_width=\"465\" data-large_image_height=\"256\"><img loading=\"lazy\" decoding=\"async\" class=\"size-medium wp-image-393196 alignleft\" src=\"https:\/\/www.radiopiu.net\/wordpress\/wp-content\/uploads\/2024\/06\/copertina-aa-300x165.png\" alt=\"\" width=\"300\" height=\"165\" srcset=\"https:\/\/www.radiopiu.net\/wordpress\/wp-content\/uploads\/2024\/06\/copertina-aa-300x165.png 300w, https:\/\/www.radiopiu.net\/wordpress\/wp-content\/uploads\/2024\/06\/copertina-aa.png 465w\" sizes=\"auto, (max-width: 300px) 100vw, 300px\" \/><\/a>Una scossa di terremoto di magnitudo 4.2 \u00e8 stata registrata alle 2:34 in Svizzera<\/strong> ed avvertita anche in Italia,\u00a0 ipocentro a otto chilometri di profondit\u00e0 ed epicentro vicino Studen, nel Canton Berna.\u00a0 Non si hanno al momento notizie di danni a persone o cose. <strong>LIVINALLONGO DEL COL DI LANA<\/strong> in localit\u00e0 COLLAZ l&#8217;acqua erogata dall&#8217;acquedotto non \u00e8 potabile e non pu\u00f2 essere usata per scopi alimentari <strong>AGORDO\u00a0<\/strong> OGGI dalle 8 a fine lavori,\u00a0 verr\u00e0 sospesa l\u2019erogazione dell\u2019acqua\u00a0 nelle vie 5 MAGGIO 1848, CAMPO DEI FIORI, V.lo 5 MAGGIO 1848 e DOZZA.<strong> L&#8217;UNPLI SI STRINGE ATTORNO ALLA FAMIGLIA DI ESPEDITO PAGNUSSAT<\/strong> BELLUNO Il Comitato Pro loco Unpli Veneto e il Comitato Pro loco Unpli Belluno partecipano commossi al lutto familiare per la perdita del loro ex presidente provinciale e consigliere onorario regionale Espedito Pagnussat. <strong>SEDICO<\/strong> \u00a0Un colpo di sonno ha causato un incidente sulla 203 Agordina, coinvolgendo due auto. Il conducente di una Golf ha perso il controllo, scontrandosi con una Citroen. Entrambi i guidatori, 19 e 30 anni, hanno riportato traumi lievi. Sul posto, Polstrada, vigili del fuoco e sanitari.<\/p>\n<h2>AUDIO dalle 7 del mattino<\/h2>\n<audio class=\"wp-audio-shortcode\" id=\"audio-393046-3\" preload=\"none\" style=\"width: 100%;\" controls=\"controls\"><source type=\"audio\/mpeg\" src=\"https:\/\/www.radiopiu.net\/wordpress\/wp-content\/uploads\/2024\/06\/GF07-2.mp3?_=3\" \/><a href=\"https:\/\/www.radiopiu.net\/wordpress\/wp-content\/uploads\/2024\/06\/GF07-2.mp3\">https:\/\/www.radiopiu.net\/wordpress\/wp-content\/uploads\/2024\/06\/GF07-2.mp3<\/a><\/audio>\n<p>&nbsp;<\/p>\n<hr \/>\n<p>&nbsp;<\/p>\n<h1><\/h1>\n<h1 style=\"text-align: center;\"><span style=\"color: #ff0000;\"><a class=\"dt-pswp-item\" href=\"https:\/\/www.radiopiu.net\/wordpress\/wp-content\/uploads\/2022\/01\/026c3f9d-dae9-4040-a3c1-a6530231bcc3.jpg\" data-dt-img-description=\"\" data-large_image_width=\"1152\" data-large_image_height=\"2048\"><img loading=\"lazy\" decoding=\"async\" class=\"wp-image-251839 alignleft\" src=\"https:\/\/www.radiopiu.net\/wordpress\/wp-content\/uploads\/2022\/01\/026c3f9d-dae9-4040-a3c1-a6530231bcc3-169x300.jpg\" alt=\"\" width=\"100\" height=\"177\" srcset=\"https:\/\/www.radiopiu.net\/wordpress\/wp-content\/uploads\/2022\/01\/026c3f9d-dae9-4040-a3c1-a6530231bcc3-169x300.jpg 169w, https:\/\/www.radiopiu.net\/wordpress\/wp-content\/uploads\/2022\/01\/026c3f9d-dae9-4040-a3c1-a6530231bcc3-576x1024.jpg 576w, https:\/\/www.radiopiu.net\/wordpress\/wp-content\/uploads\/2022\/01\/026c3f9d-dae9-4040-a3c1-a6530231bcc3-768x1365.jpg 768w, https:\/\/www.radiopiu.net\/wordpress\/wp-content\/uploads\/2022\/01\/026c3f9d-dae9-4040-a3c1-a6530231bcc3-864x1536.jpg 864w, https:\/\/www.radiopiu.net\/wordpress\/wp-content\/uploads\/2022\/01\/026c3f9d-dae9-4040-a3c1-a6530231bcc3.jpg 1152w\" sizes=\"auto, (max-width: 100px) 100vw, 100px\" \/><\/a>I podcast informativi del mattino &#8211; audio &#8211;\u00a0<\/span><\/h1>\n<blockquote><p><strong>GIORNALE RADIO NAZIONALE, EDIZIONE DELLE SETTE <span style=\"color: #0000ff;\">viene pubblicato alle 7.05 <span style=\"color: #ff0000;\">DIRETTA RADIO\u00a0<\/span><\/span><\/strong><\/p><\/blockquote>\n<p><strong>il giornale radionazionale e&#8217; in onda ogni ora, dalle sette del mattino alle venti della sera\u00a0\u00a0<\/strong><\/p>\n<p><strong>Roma<\/strong> Atleti paralimpici della Difesa sventano un borseggio\u00a0<strong>Lombardia<\/strong> Scritte antisemite a Milano, chiesto il processo per un 56enne\u00a0<strong>Meredith Kercher<\/strong> Amanda Knox: &#8216;Sar\u00f2 in aula per difendermi ancora una volta&#8217;\u00a0<strong>Medico avvelenato<\/strong>, assolti il figlio e la colf a Ravenna Per la Corte di Assise il fatto non sussiste. L&#8217;imputato: &#8220;Ho sempre cercato di parlare e chiarire&#8221;<strong> Caso Englaro,<\/strong> la Corte dei Conti condanna l&#8217;ex dg della Sanit\u00e0 in Lombardia\u00a0<strong>Sfregiata a Prato<\/strong>: l&#8217;ex fidanzato condannato a 9 anni Potr\u00e0 scontare la pena ai domiciliari. Altri 2 condannati\u00a0<strong>Ucciso per un parcheggio<\/strong>, la moglie: &#8216;Da me avranno sempre battaglia&#8217; Al via il processo di secondo grado per l&#8217;omicidio Cerrato<\/p>\n<h2>AUDIO dalle sette del mattino, ogni ora alla radio<\/h2>\n<audio class=\"wp-audio-shortcode\" id=\"audio-393046-4\" preload=\"none\" style=\"width: 100%;\" controls=\"controls\"><source type=\"audio\/mpeg\" src=\"https:\/\/www.radiopiu.net\/wordpress\/wp-content\/uploads\/2024\/06\/giornale07-2.mp3?_=4\" \/><a href=\"https:\/\/www.radiopiu.net\/wordpress\/wp-content\/uploads\/2024\/06\/giornale07-2.mp3\">https:\/\/www.radiopiu.net\/wordpress\/wp-content\/uploads\/2024\/06\/giornale07-2.mp3<\/a><\/audio>\n<p>&nbsp;<\/p>\n<p>&nbsp;<\/p>\n<p>&nbsp;<\/p>\n<hr \/>\n<p>&nbsp;<\/p>\n<p>&nbsp;<\/p>\n<h1><span style=\"color: #ff0000;\">I podcast informativi del mattino &#8211; video &#8211;\u00a0<\/span><\/h1>\n<h2><strong><a class=\"dt-pswp-item\" href=\"https:\/\/www.radiopiu.net\/wordpress\/wp-content\/uploads\/2023\/12\/th-10.jpg\" data-dt-img-description=\"\" data-large_image_width=\"245\" data-large_image_height=\"180\"><img loading=\"lazy\" decoding=\"async\" class=\" wp-image-367395 alignleft\" src=\"https:\/\/www.radiopiu.net\/wordpress\/wp-content\/uploads\/2023\/12\/th-10.jpg\" alt=\"\" width=\"166\" height=\"122\" \/><\/a>RASSEGNA STAMPA LOCALE, ORE OTTO 05<\/strong><\/h2>\n<h2><strong> <span style=\"color: #0000ff;\">viene\u00a0 <\/span><\/strong><strong><span style=\"color: #0000ff;\">pubblicata alle 8.05 <span style=\"color: #ff0000;\">DIRETTA RADIO\u00a0\u00a0<\/span><\/span><\/strong><\/h2>\n<p><strong>DI MIRKO MEZZACASA\u00a0 \u00a0<\/strong><\/p>\n<p><strong><a class=\"dt-pswp-item\" href=\"https:\/\/www.radiopiu.net\/wordpress\/wp-content\/uploads\/2024\/06\/copert12.png\" data-dt-img-description=\"\" data-large_image_width=\"513\" data-large_image_height=\"320\"><img loading=\"lazy\" decoding=\"async\" class=\"size-medium wp-image-393198 alignleft\" src=\"https:\/\/www.radiopiu.net\/wordpress\/wp-content\/uploads\/2024\/06\/copert12-300x187.png\" alt=\"\" width=\"300\" height=\"187\" srcset=\"https:\/\/www.radiopiu.net\/wordpress\/wp-content\/uploads\/2024\/06\/copert12-300x187.png 300w, https:\/\/www.radiopiu.net\/wordpress\/wp-content\/uploads\/2024\/06\/copert12.png 513w\" sizes=\"auto, (max-width: 300px) 100vw, 300px\" \/><\/a>BELLUNO<\/strong> A B, trovato con un coltello da cucina nei pantaloni per autodifesa, \u00e8 stato condannato a otto mesi di arresto e mille euro di ammenda per porto illegale di arma. <strong>FELTRE<\/strong> Una madre di Feltre, che avanza 2.355 euro per il mantenimento e spese dei figli, non si \u00e8 presentata in tribunale. L&#8217;udienza \u00e8 stata rinviata al 20 settembre a causa dell&#8217;assenza della parte offesa e dei testimoni della difesa. <strong>OGGI<\/strong> LO SCIOPERO NAZIONALE PER I DIPENDENTI DELLE AZIENDE DELLA RISTORAZIONE <strong>RIFUGI SANI<\/strong> E SICURI: CONSEGNATE LE PRIME 11 TARGHE<br \/>\n<strong>ELETTO<\/strong> IL CONSIGLIO DIRETTIVO DI ABM <strong>BELLUNO<\/strong> La Commissione elettorale dell&#8217;Associazione Bellunesi nel Mondo (Abm) ha completato lo spoglio delle schede elettorali per il rinnovo delle cariche sociali 2024-2027. Sono stati eletti i membri del nuovo Consiglio Direttivo e del Collegio dei probiviri, con l&#8217;approvazione del bilancio consuntivo 2023 e preventivo 2024. Alla votazione hanno partecipato 1397 soci. Per il Consiglio Direttivo, Oscar De Bona \u00e8 stato il pi\u00f9 votato e ha ottenuto 1277 voti.<\/p>\n<h2><span style=\"color: #ff0000;\"><strong>VIDEO\u00a0 \u00a0in diretta dalle 8 del mattino\u00a0<\/strong><\/span><\/h2>\n<p><iframe loading=\"lazy\" title=\"DAL 1983 LA RASSEGNA STAMPA LOCALE di mirko mezzacasa. L&#039;ORIGINALE\" width=\"1200\" height=\"675\" src=\"https:\/\/www.youtube.com\/embed\/36prgR-LasI?feature=oembed\" frameborder=\"0\" allow=\"accelerometer; autoplay; clipboard-write; encrypted-media; gyroscope; picture-in-picture; web-share\" referrerpolicy=\"strict-origin-when-cross-origin\" allowfullscreen><\/iframe><\/p>\n<p>&nbsp;<\/p>\n<hr \/>\n<p>&nbsp;<\/p>\n<p>&nbsp;<\/p>\n<p><strong><a class=\"dt-pswp-item\" href=\"https:\/\/www.radiopiu.net\/wordpress\/wp-content\/uploads\/2023\/12\/ANTENNA.png\" data-dt-img-description=\"\" data-large_image_width=\"300\" data-large_image_height=\"166\"><img loading=\"lazy\" decoding=\"async\" class=\" wp-image-366306 alignleft\" src=\"https:\/\/www.radiopiu.net\/wordpress\/wp-content\/uploads\/2023\/12\/ANTENNA.png\" alt=\"\" width=\"175\" height=\"97\" \/><\/a>IERI SERA, DAL TG DI ANTENNA 3, ogni sera alle 19 le anticipazioni alla radio, quello che poi seguirete nel TELEGIORNALE BELLUNESE\u00a0 in onda alle 19.30 sul CANALE 10 del digitale terrestre.\u00a0\u00a0<\/strong><\/p>\n<p>&nbsp;<\/p>\n<p><span style=\"color: #ff0000;\"><strong>\u00a0IERI SERA ALLA RADIO&#8230; LE ANTICIPAZIONI DI TIZIANA BOLOGNANI<\/strong><\/span><\/p>\n<audio class=\"wp-audio-shortcode\" id=\"audio-393046-5\" preload=\"none\" style=\"width: 100%;\" controls=\"controls\"><source type=\"audio\/mpeg\" src=\"https:\/\/www.radiopiu.net\/wordpress\/wp-content\/uploads\/2024\/06\/ANTENNA3.mp3?_=5\" \/><a href=\"https:\/\/www.radiopiu.net\/wordpress\/wp-content\/uploads\/2024\/06\/ANTENNA3.mp3\">https:\/\/www.radiopiu.net\/wordpress\/wp-content\/uploads\/2024\/06\/ANTENNA3.mp3<\/a><\/audio>\n<p>&nbsp;<\/p>\n<p>&nbsp;<\/p>\n<hr \/>\n<p>&nbsp;<\/p>\n<blockquote>\n<h3>ACQUA INQUINATA A LIVINALLONGO e non solo, GIOVEDI SENZA A COLLE E AGORDO<\/h3>\n<\/blockquote>\n<p><strong><img loading=\"lazy\" decoding=\"async\" class=\"alignleft\" src=\"https:\/\/www.radiopiu.net\/wordpress\/wp-content\/uploads\/2024\/05\/cantiere-municipio-Livinallongo-scaled.jpg\" width=\"231\" height=\"104\" \/>LIVINALLONGO DEL COL DI LANA<\/strong> in localit\u00e0 COLLAZ l&#8217;acqua erogata dall&#8217;acquedotto non \u00e8 potabile e non pu\u00f2 essere usata per scopi alimentari.<\/p>\n<h3 dir=\"auto\"><strong style=\"font-size: 14px;\">SAN TOMASO<\/strong><span style=\"font-size: 14px; font-weight: normal;\"> scatta l\u2019ordinanza:\u00a0 \u00a0nelle localit\u00e0 PIANEZZE, VALLATA, VAL, MEZZAVALLE, COSTA DI MEZZO E PIAN MOLIN l\u2019acqua erogata dall\u2019acquedotto non \u00e8 potabile e pu\u00f2 essere usata per scopi alimentari SOLO PREVIA bollitura. Verr\u00e0 effettuato servizio sostitutivo con cisterna in localit\u00e0 PIAN MOLIN presso Ecocentro.<\/span><\/h3>\n<p><strong>AGORDO\u00a0<\/strong> OGGI dalle 8 a fine lavori,\u00a0 verr\u00e0 sospesa l\u2019erogazione dell\u2019acqua\u00a0 nelle vie 5 MAGGIO 1848, CAMPO DEI FIORI, V.lo 5 MAGGIO 1848 e DOZZA.<\/p>\n<p>&nbsp;<\/p>\n<p>&nbsp;<\/p>\n<hr \/>\n<p>&nbsp;<\/p>\n<blockquote>\n<h3>L&#8217;UNPLI SI STRINGE ATTORNO ALLA FAMIGLIA DI ESPEDITO PAGNUSSAT<\/h3>\n<\/blockquote>\n<p><a class=\"dt-pswp-item\" href=\"https:\/\/www.radiopiu.net\/wordpress\/wp-content\/uploads\/2024\/06\/ESPEDITO-PAGNUSSAT.jpeg\" data-dt-img-description=\"Screenshot\" data-large_image_width=\"550\" data-large_image_height=\"696\"><img loading=\"lazy\" decoding=\"async\" class=\"alignleft wp-image-393154\" src=\"https:\/\/www.radiopiu.net\/wordpress\/wp-content\/uploads\/2024\/06\/ESPEDITO-PAGNUSSAT-237x300.jpeg\" alt=\"\" width=\"92\" height=\"116\" srcset=\"https:\/\/www.radiopiu.net\/wordpress\/wp-content\/uploads\/2024\/06\/ESPEDITO-PAGNUSSAT-237x300.jpeg 237w, https:\/\/www.radiopiu.net\/wordpress\/wp-content\/uploads\/2024\/06\/ESPEDITO-PAGNUSSAT.jpeg 550w\" sizes=\"auto, (max-width: 92px) 100vw, 92px\" \/><\/a><strong>BELLUNO <\/strong>Il Comitato Pro loco Unpli Veneto e il Comitato Pro loco Unpli Belluno partecipano commossi al lutto familiare per la perdita del loro ex presidente provinciale e consigliere onorario regionale Espedito Pagnussat. Dopo aver ricoperto per diversi anni la carica di vicepresidente della Pro loco di San Gregorio, dal 1980 e per oltre 40 anni ne \u00e8 stato il presidente. Prima segretario, dal 2001 al 2018 \u00e8 stato presidente provinciale dell\u2019Unpli Belluno. Per diversi anni \u00e8 stato segretario del Consorzio Pro loco Pedemontane \u201cVal Belluna\u201d. Il suo impegno nelle Pro loco \u00e8 stato riconosciuto a livello regionale, nel 2020, con l\u2019assegnazione del titolo di consigliere onorario delle Pro loco venete.<\/p>\n<p>&nbsp;<\/p>\n<p>&nbsp;<\/p>\n<hr \/>\n<p>&nbsp;<\/p>\n<blockquote>\n<h3>I RINGRAZIAMENTI DELLA FAMIGLIA BASSOT PER L&#8217;ULTIMO SALUTO AL PICCOLO ANGELO<\/h3>\n<\/blockquote>\n<p><a class=\"dt-pswp-item\" href=\"https:\/\/www.radiopiu.net\/wordpress\/wp-content\/uploads\/2024\/06\/SCR-20240603-ssib.jpeg\" data-dt-img-description=\"Screenshot\" data-large_image_width=\"1254\" data-large_image_height=\"884\"><img loading=\"lazy\" decoding=\"async\" class=\"alignleft wp-image-393189 \" src=\"https:\/\/www.radiopiu.net\/wordpress\/wp-content\/uploads\/2024\/06\/SCR-20240603-ssib-300x211.jpeg\" alt=\"\" width=\"179\" height=\"126\" srcset=\"https:\/\/www.radiopiu.net\/wordpress\/wp-content\/uploads\/2024\/06\/SCR-20240603-ssib-300x211.jpeg 300w, https:\/\/www.radiopiu.net\/wordpress\/wp-content\/uploads\/2024\/06\/SCR-20240603-ssib-1024x722.jpeg 1024w, https:\/\/www.radiopiu.net\/wordpress\/wp-content\/uploads\/2024\/06\/SCR-20240603-ssib-768x541.jpeg 768w, https:\/\/www.radiopiu.net\/wordpress\/wp-content\/uploads\/2024\/06\/SCR-20240603-ssib.jpeg 1254w\" sizes=\"auto, (max-width: 179px) 100vw, 179px\" \/><\/a><\/p>\n<p><strong>ROCCA PIETORE<\/strong><\/p>\n<p>DI MARINA DONA&#8217;<\/p>\n<audio class=\"wp-audio-shortcode\" id=\"audio-393046-6\" preload=\"none\" style=\"width: 100%;\" controls=\"controls\"><source type=\"audio\/mpeg\" src=\"https:\/\/www.radiopiu.net\/wordpress\/wp-content\/uploads\/2024\/06\/MARINA-famiglia-bassot-i-ringraziamenti-per-l-ultimo-saluto-al-piccolo-angelo.mp3?_=6\" \/><a href=\"https:\/\/www.radiopiu.net\/wordpress\/wp-content\/uploads\/2024\/06\/MARINA-famiglia-bassot-i-ringraziamenti-per-l-ultimo-saluto-al-piccolo-angelo.mp3\">https:\/\/www.radiopiu.net\/wordpress\/wp-content\/uploads\/2024\/06\/MARINA-famiglia-bassot-i-ringraziamenti-per-l-ultimo-saluto-al-piccolo-angelo.mp3<\/a><\/audio>\n<p>&nbsp;<\/p>\n<hr \/>\n<p>&nbsp;<\/p>\n<blockquote>\n<h3>MATTINATA IMPEGNATIVA PER IL SUEM. TRE INCIDENTI IN POCHE ORE<\/h3>\n<\/blockquote>\n<p><strong><a class=\"dt-pswp-item\" href=\"https:\/\/www.radiopiu.net\/wordpress\/wp-content\/uploads\/2023\/08\/suem.png\" data-dt-img-description=\"\" data-large_image_width=\"273\" data-large_image_height=\"127\"><img loading=\"lazy\" decoding=\"async\" class=\" wp-image-348238 alignleft\" src=\"https:\/\/www.radiopiu.net\/wordpress\/wp-content\/uploads\/2023\/08\/suem.png\" alt=\"\" width=\"163\" height=\"76\" \/><\/a>REDAZIONE<\/strong> E&#8217; stata una mattinata impegnativa per il Suem 118 che fin dalle prime ore dei ieri \u00e8 stato allertato per delle emergenze. La prima poco dopo le 8 quando la centrale operativa \u00e8 stata contatta per un incidente a Sedico. Sul posto le ambulanze del San Martino di Belluno per soccorrere due pazienti, un 19enne di Belluno e un 30enne di Vicenza. Entrambi sono stati portati al nosocomio di Belluno. Poco prima delle 9 un altro incidente, questa a Calalzo di Cadore. Coinvolta una donna di 61 anni di Pieve di Cadore. Infine, alle 10:40, ancora una chiamata alla centrale operativa per un incidente motociclistico a Vallada, subito dopo la galleria delle Anime salendo verso Falcade. L&#8217;ambulanza della Croce Verde Val Biois ha soccorso un tedesco di 61 anni che \u00e8 stato portato all&#8217;ospedale di Agordo con ferite lievi.<\/p>\n<p>&nbsp;<\/p>\n<hr \/>\n<p>&nbsp;<\/p>\n<p>&nbsp;<\/p>\n<h3><a class=\"dt-pswp-item\" href=\"https:\/\/www.radiopiu.net\/wordpress\/wp-content\/uploads\/2024\/06\/COPRTINA-1.png\" data-dt-img-description=\"\" data-large_image_width=\"513\" data-large_image_height=\"303\"><img loading=\"lazy\" decoding=\"async\" class=\"wp-image-393195 alignleft\" src=\"https:\/\/www.radiopiu.net\/wordpress\/wp-content\/uploads\/2024\/06\/COPRTINA-1-300x177.png\" alt=\"\" width=\"203\" height=\"120\" srcset=\"https:\/\/www.radiopiu.net\/wordpress\/wp-content\/uploads\/2024\/06\/COPRTINA-1-300x177.png 300w, https:\/\/www.radiopiu.net\/wordpress\/wp-content\/uploads\/2024\/06\/COPRTINA-1.png 513w\" sizes=\"auto, (max-width: 203px) 100vw, 203px\" \/><\/a>Colpo di Sonno al Volante: Schianto tra Due Auto<\/h3>\n<p><strong>SEDICO<\/strong> \u00a0Un colpo di sonno ha causato un incidente sulla 203 Agordina, coinvolgendo due auto. Il conducente di una Golf ha perso il controllo, scontrandosi con una Citroen. Entrambi i guidatori, 19 e 30 anni, hanno riportato traumi lievi. Sul posto, Polstrada, vigili del fuoco e sanitari.<\/p>\n<div class=\"mt-1 flex gap-3 empty:hidden juice:-ml-3\">\n<div class=\"items-center justify-start rounded-xl p-1 flex\">\n<div class=\"flex items-center\">\n<div class=\"flex\"><\/div>\n<div><strong>FOTO corriere delle alpi<\/strong><\/div>\n<\/div>\n<\/div>\n<\/div>\n<p>&nbsp;<\/p>\n<p>&nbsp;<\/p>\n<p>&nbsp;<\/p>\n<hr \/>\n<p>&nbsp;<\/p>\n<blockquote>\n<h3><a class=\"dt-pswp-item\" href=\"https:\/\/www.radiopiu.net\/wordpress\/wp-content\/uploads\/2023\/03\/MUNCIPIO-CORTINA.png\" data-dt-img-description=\"\" data-large_image_width=\"423\" data-large_image_height=\"367\"><img loading=\"lazy\" decoding=\"async\" class=\" wp-image-327577 alignleft\" src=\"https:\/\/www.radiopiu.net\/wordpress\/wp-content\/uploads\/2023\/03\/MUNCIPIO-CORTINA-300x260.png\" alt=\"\" width=\"141\" height=\"122\" srcset=\"https:\/\/www.radiopiu.net\/wordpress\/wp-content\/uploads\/2023\/03\/MUNCIPIO-CORTINA-300x260.png 300w, https:\/\/www.radiopiu.net\/wordpress\/wp-content\/uploads\/2023\/03\/MUNCIPIO-CORTINA.png 423w\" sizes=\"auto, (max-width: 141px) 100vw, 141px\" \/><\/a>SENSO UNICO ALTERNATO ALLE PORTE DI CORTINA FINO AD AGOSTO<\/h3>\n<\/blockquote>\n<p><strong>PER LE TRE RADIO BARBARA PAOLAZZI<\/strong><\/p>\n<audio class=\"wp-audio-shortcode\" id=\"audio-393046-7\" preload=\"none\" style=\"width: 100%;\" controls=\"controls\"><source type=\"audio\/mpeg\" src=\"https:\/\/www.radiopiu.net\/wordpress\/wp-content\/uploads\/2024\/06\/PAOLAZZI-CANTIERE-CORTINA.mp3?_=7\" \/><a href=\"https:\/\/www.radiopiu.net\/wordpress\/wp-content\/uploads\/2024\/06\/PAOLAZZI-CANTIERE-CORTINA.mp3\">https:\/\/www.radiopiu.net\/wordpress\/wp-content\/uploads\/2024\/06\/PAOLAZZI-CANTIERE-CORTINA.mp3<\/a><\/audio>\n<p>&nbsp;<\/p>\n<p>.<\/p>\n<p>&nbsp;<\/p>\n<hr \/>\n<p>&nbsp;<\/p>\n<blockquote>\n<h3>OGGI LO SCIOPERO NAZIONALE PER I DIPENDENTI DELLE AZIENDE DELLA RISTORAZIONE COLLETTIVA<\/h3>\n<\/blockquote>\n<p><strong><a class=\"dt-pswp-item\" href=\"https:\/\/www.radiopiu.net\/wordpress\/wp-content\/uploads\/2018\/06\/lavoro-addetto-mensa-cuoco.jpg\" data-dt-img-description=\"\" data-large_image_width=\"499\" data-large_image_height=\"293\"><img loading=\"lazy\" decoding=\"async\" class=\" wp-image-51211 alignleft\" src=\"https:\/\/www.radiopiu.net\/wordpress\/wp-content\/uploads\/2018\/06\/lavoro-addetto-mensa-cuoco-300x176.jpg\" alt=\"\" width=\"182\" height=\"107\" srcset=\"https:\/\/www.radiopiu.net\/wordpress\/wp-content\/uploads\/2018\/06\/lavoro-addetto-mensa-cuoco-300x176.jpg 300w, https:\/\/www.radiopiu.net\/wordpress\/wp-content\/uploads\/2018\/06\/lavoro-addetto-mensa-cuoco.jpg 499w\" sizes=\"auto, (max-width: 182px) 100vw, 182px\" \/><\/a>BELLUNO<\/strong> Le Organizzazioni Sindacali Filcams Cgil, Fisascat Cisl e Uiltucs hanno indetto uno stato di agitazione e una giornata di sciopero per marted\u00ec 4 giugno, coinvolgendo i lavoratori delle imprese di ristorazione collettiva aderenti alle associazioni ANIR e ANGEM. Lo sciopero riguarder\u00e0 l&#8217;intero turno giornaliero, con un presidio previsto dalle 10.30 alle 12 davanti all&#8217;ospedale di Feltre, dove la societ\u00e0 Serenissima Spa gestisce il centro cottura. Le motivazioni alla base dello sciopero sono legate al rinnovo del Contratto nazionale dei Pubblici esercizi, Ristorazione collettiva, Commerciale e Turismo, scaduto da oltre tre anni. Le associazioni datoriali ANGEM e ANIR hanno diffidato le Organizzazioni Sindacali dal prendere qualsiasi iniziativa riguardante il settore della Ristorazione Collettiva.<\/p>\n<p>&nbsp;<\/p>\n<p>&nbsp;<\/p>\n<p>&nbsp;<\/p>\n<hr \/>\n<p>&nbsp;<\/p>\n<blockquote>\n<h3><a class=\"dt-pswp-item\" href=\"https:\/\/www.radiopiu.net\/wordpress\/wp-content\/uploads\/2024\/06\/WhatsApp-Image-2024-06-03-at-19.03.30.jpeg\" data-dt-img-description=\"\" data-large_image_width=\"2040\" data-large_image_height=\"1530\"><img loading=\"lazy\" decoding=\"async\" class=\" wp-image-393185 alignleft\" src=\"https:\/\/www.radiopiu.net\/wordpress\/wp-content\/uploads\/2024\/06\/WhatsApp-Image-2024-06-03-at-19.03.30-300x225.jpeg\" alt=\"\" width=\"193\" height=\"145\" srcset=\"https:\/\/www.radiopiu.net\/wordpress\/wp-content\/uploads\/2024\/06\/WhatsApp-Image-2024-06-03-at-19.03.30-300x225.jpeg 300w, https:\/\/www.radiopiu.net\/wordpress\/wp-content\/uploads\/2024\/06\/WhatsApp-Image-2024-06-03-at-19.03.30-1024x768.jpeg 1024w, https:\/\/www.radiopiu.net\/wordpress\/wp-content\/uploads\/2024\/06\/WhatsApp-Image-2024-06-03-at-19.03.30-768x576.jpeg 768w, https:\/\/www.radiopiu.net\/wordpress\/wp-content\/uploads\/2024\/06\/WhatsApp-Image-2024-06-03-at-19.03.30-1536x1152.jpeg 1536w, https:\/\/www.radiopiu.net\/wordpress\/wp-content\/uploads\/2024\/06\/WhatsApp-Image-2024-06-03-at-19.03.30.jpeg 2040w\" sizes=\"auto, (max-width: 193px) 100vw, 193px\" \/><\/a>RIFUGI SANI E SICURI: CONSEGNATE LE PRIME 11 TARGHE<\/h3>\n<\/blockquote>\n<p><strong>BELLUNO<\/strong> Estate sempre pi\u00f9 sana e sicura nelle Dolomiti. Ieri il Commissario dell\u2019Ulss Dolomiti Giuseppe Dal Ben ha consegnato le prime 11 attestazioni di \u201cRifugio sano e sicuro\u201d alle strutture ricettive che hanno completato il percorso di riconoscimento. Oltre alla targa, i rifugisti\/proprietari hanno ricevuto uno \u201cstarter kit\u201d, cio\u00e8 una borsa con il logo del progetto e prodotti per la protezione dai raggi solari (bandana copricapo, creme solari e un buono per un paio di occhiali da sole) donati da Aziende del territorio che collaborano al progetto (Karpos, Unifarco e Essilor Luxottica) e le tovagliette create dai bambini nell\u2019ambito dei progetti di promozione di salute nelle scuole per la prevenzione del melanoma.<\/p>\n<p><strong>I RIFUGI SONO:\u00a0<\/strong><\/p>\n<table style=\"height: 307px;\" width=\"505\">\n<tbody>\n<tr>\n<td>1<\/td>\n<td>Bruto Carestiato<\/td>\n<td>Agordo<\/td>\n<\/tr>\n<tr>\n<td>2<\/td>\n<td>Col Gallina<\/td>\n<td>Cortina d&#8217;Ampezzo<\/td>\n<\/tr>\n<tr>\n<td>3<\/td>\n<td>Cesare Tom\u00e8 &#8211; Passo Duran<\/td>\n<td>La Valle Agordina<\/td>\n<\/tr>\n<tr>\n<td>4<\/td>\n<td>Dolomieu al Dolada<\/td>\n<td>Pieve d&#8217;Alpago<\/td>\n<\/tr>\n<tr>\n<td>5<\/td>\n<td>Scarpa \u2013 Gurekian<\/td>\n<td>Voltago Agordino<\/td>\n<\/tr>\n<tr>\n<td>6<\/td>\n<td>Malga Cavallera<\/td>\n<td>Gosaldo<\/td>\n<\/tr>\n<tr>\n<td>7<\/td>\n<td>Pranolz<\/td>\n<td>Trichiana<\/td>\n<\/tr>\n<tr>\n<td>8<\/td>\n<td>Aquileia<\/td>\n<td>Selva di Cadore<\/td>\n<\/tr>\n<tr>\n<td>9<\/td>\n<td>Citt\u00e0 di Fiume<\/td>\n<td>Borca di Cadore<\/td>\n<\/tr>\n<tr>\n<td>10<\/td>\n<td>San Sebastiano<\/td>\n<td>Zoldo Alto<\/td>\n<\/tr>\n<tr>\n<td>11<\/td>\n<td>Furio Bianchet<\/td>\n<td>Sedico<\/td>\n<\/tr>\n<\/tbody>\n<\/table>\n<p>&nbsp;<\/p>\n<p>&nbsp;<\/p>\n<p>&nbsp;<\/p>\n<hr \/>\n<blockquote>\n<h3><\/h3>\n<h3>ELETTO IL CONSIGLIO DIRETTIVO DI ABM<\/h3>\n<\/blockquote>\n<p><strong><a class=\"dt-pswp-item\" href=\"https:\/\/www.radiopiu.net\/wordpress\/wp-content\/uploads\/2023\/05\/oscar_de_bona.jpg\" data-dt-img-description=\"\" data-large_image_width=\"672\" data-large_image_height=\"509\"><img loading=\"lazy\" decoding=\"async\" class=\" wp-image-338169 alignleft\" src=\"https:\/\/www.radiopiu.net\/wordpress\/wp-content\/uploads\/2023\/05\/oscar_de_bona-300x227.jpg\" alt=\"\" width=\"155\" height=\"117\" srcset=\"https:\/\/www.radiopiu.net\/wordpress\/wp-content\/uploads\/2023\/05\/oscar_de_bona-300x227.jpg 300w, https:\/\/www.radiopiu.net\/wordpress\/wp-content\/uploads\/2023\/05\/oscar_de_bona.jpg 672w\" sizes=\"auto, (max-width: 155px) 100vw, 155px\" \/><\/a>BELLUNO<\/strong> La Commissione elettorale dell&#8217;Associazione Bellunesi nel Mondo (Abm) ha completato lo spoglio delle schede elettorali per il rinnovo delle cariche sociali 2024-2027. Sono stati eletti i membri del nuovo Consiglio Direttivo e del Collegio dei probiviri, con l&#8217;approvazione del bilancio consuntivo 2023 e preventivo 2024. Alla votazione hanno partecipato 1397 soci. Per il Consiglio Direttivo, Oscar De Bona \u00e8 stato il pi\u00f9 votato e ha ottenuto 1277 voti. I nuovi consiglieri si riuniranno a settembre per eleggere le cariche esecutive. Nel Direttivo sono presenti consiglieri residenti in Brasile, Germania e Svizzera, a testimonianza dell&#8217;internazionalit\u00e0 dell&#8217;Abm.<\/p>\n<p>&nbsp;<\/p>\n<p>&nbsp;<\/p>\n<p><strong><a class=\"dt-pswp-item\" href=\"https:\/\/www.radiopiu.net\/wordpress\/wp-content\/uploads\/2023\/12\/ANTENNA.png\" data-dt-img-description=\"\" data-large_image_width=\"300\" data-large_image_height=\"166\"><img loading=\"lazy\" decoding=\"async\" class=\" wp-image-366306 alignleft\" src=\"https:\/\/www.radiopiu.net\/wordpress\/wp-content\/uploads\/2023\/12\/ANTENNA.png\" alt=\"\" width=\"175\" height=\"97\" \/><\/a>IERI SERA, DAL TG DI ANTENNA 3, ogni sera alle 19 le anticipazioni alla radio, quello che poi seguirete nel TELEGIORNALE BELLUNESE\u00a0 in onda alle 19.30 sul CANALE 10 del digitale terrestre.\u00a0\u00a0<\/strong><\/p>\n<p>&nbsp;<\/p>\n<p>&nbsp;<\/p>\n<h1 class=\"_title post-title entry-title\">ASSEMBLEA ABM, IL FUTURO CONTA SUGLI ORIUNDI PER LA LOTTA ALLO SPOPOLAMENTO<\/h1>\n<p>Intervistati OSCAR DE BONA (PRESIDENTE ASSOCIAZIONE BELLUNESI NEL MONDO) (Servizio di\u00a0<a href=\"https:\/\/antennatre.medianordest.it\/redazione\/Tiziana-Bolognani\/\">Tiziana Bolognani<\/a>)<\/p>\n<p>&nbsp;<\/p>\n<p><iframe loading=\"lazy\" title=\"ASSEMBLEA ABM, IL FUTURO CONTA SUGLI ORIUNDI PER LA LOTTA ALLO SPOPOLAMENTO | 03\/06\/2024\" width=\"1200\" height=\"675\" src=\"https:\/\/www.youtube.com\/embed\/OZ6Mv340dC8?feature=oembed\" frameborder=\"0\" allow=\"accelerometer; autoplay; clipboard-write; encrypted-media; gyroscope; picture-in-picture; web-share\" referrerpolicy=\"strict-origin-when-cross-origin\" allowfullscreen><\/iframe><\/p>\n<p>&nbsp;<\/p>\n<p>&nbsp;<\/p>\n<hr \/>\n<p>&nbsp;<\/p>\n<blockquote>\n<h3>&#8220;NIENTE E&#8217; COME SEMBRA&#8221;, IL FILM AL TEATRO DINO BUZZATI DI BELLUNO<\/h3>\n<\/blockquote>\n<p><strong><a class=\"dt-pswp-item\" href=\"https:\/\/www.radiopiu.net\/wordpress\/wp-content\/uploads\/2024\/06\/7f673240-bb54-4c91-bb55-6723a4f49943.jpg\" data-dt-img-description=\"\" data-large_image_width=\"2048\" data-large_image_height=\"1536\"><img loading=\"lazy\" decoding=\"async\" class=\" wp-image-393149 alignleft\" src=\"https:\/\/www.radiopiu.net\/wordpress\/wp-content\/uploads\/2024\/06\/7f673240-bb54-4c91-bb55-6723a4f49943-300x225.jpg\" alt=\"\" width=\"173\" height=\"130\" srcset=\"https:\/\/www.radiopiu.net\/wordpress\/wp-content\/uploads\/2024\/06\/7f673240-bb54-4c91-bb55-6723a4f49943-300x225.jpg 300w, https:\/\/www.radiopiu.net\/wordpress\/wp-content\/uploads\/2024\/06\/7f673240-bb54-4c91-bb55-6723a4f49943-1024x768.jpg 1024w, https:\/\/www.radiopiu.net\/wordpress\/wp-content\/uploads\/2024\/06\/7f673240-bb54-4c91-bb55-6723a4f49943-768x576.jpg 768w, https:\/\/www.radiopiu.net\/wordpress\/wp-content\/uploads\/2024\/06\/7f673240-bb54-4c91-bb55-6723a4f49943-1536x1152.jpg 1536w, https:\/\/www.radiopiu.net\/wordpress\/wp-content\/uploads\/2024\/06\/7f673240-bb54-4c91-bb55-6723a4f49943.jpg 2048w\" sizes=\"auto, (max-width: 173px) 100vw, 173px\" \/><\/a>BELLUNO<\/strong> Sar\u00e0 proiettato in anteprima assoluta il 19 giugno al Teatro Buzzati di Belluno \u201cNiente \u00e8 come sembra\u201d film contro la violenza di genere realizzato all&#8217;interno di un progetto che ha visto partecipare il CSV di Belluno Treviso e diverse associazioni del territorio.<\/p>\n<p><strong>DI DANIELE DALVIT<\/strong><\/p>\n<audio class=\"wp-audio-shortcode\" id=\"audio-393046-8\" preload=\"none\" style=\"width: 100%;\" controls=\"controls\"><source type=\"audio\/mpeg\" src=\"https:\/\/www.radiopiu.net\/wordpress\/wp-content\/uploads\/2024\/06\/Radio-Piu-Niente-e-come-sembra-Film-CSV.mp3?_=8\" \/><a href=\"https:\/\/www.radiopiu.net\/wordpress\/wp-content\/uploads\/2024\/06\/Radio-Piu-Niente-e-come-sembra-Film-CSV.mp3\">https:\/\/www.radiopiu.net\/wordpress\/wp-content\/uploads\/2024\/06\/Radio-Piu-Niente-e-come-sembra-Film-CSV.mp3<\/a><\/audio>\n<p>&nbsp;<\/p>\n<p>&nbsp;<\/p>\n<p>&nbsp;<\/p>\n<hr \/>\n<p>&nbsp;<\/p>\n<blockquote>\n<h3>TEMPO DI BILANCI PER GLI STUDENTI DEL GALILEI-TIZIANO: \u00abGRAZIE PER IL VOSTRO IMPEGNO\u00bb<\/h3>\n<\/blockquote>\n<p><strong><a class=\"dt-pswp-item\" href=\"https:\/\/www.radiopiu.net\/wordpress\/wp-content\/uploads\/2024\/06\/Facciata-Galilei-2-scaled-1.jpg\" data-dt-img-description=\"\" data-large_image_width=\"2560\" data-large_image_height=\"1920\"><img loading=\"lazy\" decoding=\"async\" class=\" wp-image-393087 alignleft\" src=\"https:\/\/www.radiopiu.net\/wordpress\/wp-content\/uploads\/2024\/06\/Facciata-Galilei-2-scaled-1-300x225.jpg\" alt=\"\" width=\"139\" height=\"104\" srcset=\"https:\/\/www.radiopiu.net\/wordpress\/wp-content\/uploads\/2024\/06\/Facciata-Galilei-2-scaled-1-300x225.jpg 300w, https:\/\/www.radiopiu.net\/wordpress\/wp-content\/uploads\/2024\/06\/Facciata-Galilei-2-scaled-1-1024x768.jpg 1024w, https:\/\/www.radiopiu.net\/wordpress\/wp-content\/uploads\/2024\/06\/Facciata-Galilei-2-scaled-1-768x576.jpg 768w, https:\/\/www.radiopiu.net\/wordpress\/wp-content\/uploads\/2024\/06\/Facciata-Galilei-2-scaled-1-1536x1152.jpg 1536w, https:\/\/www.radiopiu.net\/wordpress\/wp-content\/uploads\/2024\/06\/Facciata-Galilei-2-scaled-1-2048x1536.jpg 2048w\" sizes=\"auto, (max-width: 139px) 100vw, 139px\" \/><\/a>BELLUNO<\/strong> L&#8217;anno scolastico dei Licei \u00abGalilei-Tiziano\u00bb si conclude con successo grazie all&#8217;impegno di studenti e insegnanti in vari progetti e concorsi. Prima degli scrutini e dell&#8217;Esame di Stato, il Dirigente Scolastico Andrea Pozzobon elogia gli studenti di tutti gli indirizzi per la loro partecipazione attiva. Tra i risultati di spicco, Samuele Sbardellotto \u00e8 arrivato secondo al Premio Schiaparelli e Nicola Bortoluzzi rappresenter\u00e0 l&#8217;Italia ai Campionati Internazionali di Astronomia. Francesco Bortot ha ricevuto una menzione d&#8217;onore alle Olimpiadi della Matematica, mentre Luca Renon ha vinto la fase provinciale dei Giochi della Chimica. Anche nel settore umanistico ci sono stati successi, come Elisa Guglielmi seconda al Certamen Athesinum e Chiara De Bona menzionata al Certamen Livianum. Molti altri progetti e attivit\u00e0 hanno visto una partecipazione entusiasta, culminando in proposte ricreative e sportive per l&#8217;ultimo giorno di scuola.<\/p>\n<p>&nbsp;<\/p>\n<p>&nbsp;<\/p>\n<hr \/>\n<p>&nbsp;<\/p>\n<blockquote>\n<h3>A TEATRO CON SCUOLE IN RETE<\/h3>\n<\/blockquote>\n<p><strong><a class=\"dt-pswp-item\" href=\"https:\/\/www.radiopiu.net\/wordpress\/wp-content\/uploads\/2024\/06\/60187496_1110835259117244_1967145517498499072_o-1.jpg\" data-dt-img-description=\"\" data-large_image_width=\"1772\" data-large_image_height=\"1183\"><img loading=\"lazy\" decoding=\"async\" class=\" wp-image-393049 alignleft\" src=\"https:\/\/www.radiopiu.net\/wordpress\/wp-content\/uploads\/2024\/06\/60187496_1110835259117244_1967145517498499072_o-1-300x200.jpg\" alt=\"\" width=\"170\" height=\"113\" srcset=\"https:\/\/www.radiopiu.net\/wordpress\/wp-content\/uploads\/2024\/06\/60187496_1110835259117244_1967145517498499072_o-1-300x200.jpg 300w, https:\/\/www.radiopiu.net\/wordpress\/wp-content\/uploads\/2024\/06\/60187496_1110835259117244_1967145517498499072_o-1-1024x684.jpg 1024w, https:\/\/www.radiopiu.net\/wordpress\/wp-content\/uploads\/2024\/06\/60187496_1110835259117244_1967145517498499072_o-1-768x513.jpg 768w, https:\/\/www.radiopiu.net\/wordpress\/wp-content\/uploads\/2024\/06\/60187496_1110835259117244_1967145517498499072_o-1-1536x1025.jpg 1536w, https:\/\/www.radiopiu.net\/wordpress\/wp-content\/uploads\/2024\/06\/60187496_1110835259117244_1967145517498499072_o-1.jpg 1772w\" sizes=\"auto, (max-width: 170px) 100vw, 170px\" \/><\/a>BELLUNO<\/strong> Le Scuole in rete organizzano venerd\u00ec 7 giugno lo spettacolo &#8220;Domani \u00e8 bello&#8221; con Michele Dotti ed Erica Boschiero al Teatro Dino Buzzati di Belluno, con ingresso libero: la sera alle 20:30 per tutti e al mattino per gli studenti delle superiori. L&#8217;evento conclude il meeting di fine anno delle Scuole in Rete, in collaborazione con vari enti locali. La giornata prevede teatro e attivit\u00e0 educative, con Dotti, educatore e scrittore, e Boschiero, cantautrice impegnata nei diritti umani. Il progetto mira a promuovere cambiamenti positivi e soluzioni ai problemi attuali. La mattina include giochi ambientali, merenda equosolidale e presentazioni delle scuole e progetti di volontariato.<\/p>\n<p>&nbsp;<\/p>\n<p>&nbsp;<\/p>\n<hr \/>\n<p>&nbsp;<\/p>\n<blockquote>\n<h3>INAUGURATO MOSTORICCO AD AGORDO<\/h3>\n<\/blockquote>\n<p><strong>AGORDO<\/strong> Si \u00e8 svolta sabato in Vicolo Crotta ad Agordo l&#8217;inaugurazione della nuova enoteca online Mostoricco. Un nuovo negozio dedicato ai vini. &#8220;Un ringraziamento a tutti coloro che hanno partecipato alla nostra inaugurazione per l&#8217;apertura del nostro ufficio. Un grazie speciale a &#8220;Vignematte&#8221; e \u201cCose Belle\u201d di Agordo per aver collaborato al successo di questo evento&#8221; dicono i gestori.<\/p>\n\n\t\t\t<style type='text\/css'>\n\t\t\t\t#gallery-1 {\n\t\t\t\t\tmargin: auto;\n\t\t\t\t}\n\t\t\t\t#gallery-1 .gallery-item {\n\t\t\t\t\tfloat: left;\n\t\t\t\t\tmargin-top: 10px;\n\t\t\t\t\ttext-align: center;\n\t\t\t\t\twidth: 25%;\n\t\t\t\t}\n\t\t\t\t#gallery-1 img {\n\t\t\t\t\tborder: 2px solid #cfcfcf;\n\t\t\t\t}\n\t\t\t\t#gallery-1 .gallery-caption {\n\t\t\t\t\tmargin-left: 0;\n\t\t\t\t}\n\t\t\t\t\/* see gallery_shortcode() in wp-includes\/media.php *\/\n\t\t\t<\/style>\n\t\t<div id='gallery-1' class='dt-gallery-container gallery galleryid-393046 gallery-columns-4 gallery-size-thumbnail'><dl class='gallery-item'>\n\t\t\t\t<dt class='gallery-icon landscape'>\n\t\t\t\t\t<a class=\"rollover rollover-zoom dt-pswp-item\" title=\"MOSTO 1\" data-dt-img-description=\"\" data-large_image_width=\"643\" data-large_image_height=\"414\"href='https:\/\/www.radiopiu.net\/wordpress\/wp-content\/uploads\/2024\/06\/MOSTO-1.png'><img loading=\"lazy\" decoding=\"async\" width=\"150\" height=\"150\" src=\"https:\/\/www.radiopiu.net\/wordpress\/wp-content\/uploads\/2024\/06\/MOSTO-1-150x150.png\" class=\"attachment-thumbnail size-thumbnail\" alt=\"\" \/><\/a>\n\t\t\t\t<\/dt><\/dl><dl class='gallery-item'>\n\t\t\t\t<dt class='gallery-icon landscape'>\n\t\t\t\t\t<a class=\"rollover rollover-zoom dt-pswp-item\" title=\"MOSTO 2\" data-dt-img-description=\"\" data-large_image_width=\"634\" data-large_image_height=\"400\"href='https:\/\/www.radiopiu.net\/wordpress\/wp-content\/uploads\/2024\/06\/MOSTO-2.png'><img loading=\"lazy\" decoding=\"async\" width=\"150\" height=\"150\" src=\"https:\/\/www.radiopiu.net\/wordpress\/wp-content\/uploads\/2024\/06\/MOSTO-2-150x150.png\" class=\"attachment-thumbnail size-thumbnail\" alt=\"\" \/><\/a>\n\t\t\t\t<\/dt><\/dl><dl class='gallery-item'>\n\t\t\t\t<dt class='gallery-icon landscape'>\n\t\t\t\t\t<a class=\"rollover rollover-zoom dt-pswp-item\" title=\"MOSTO 3\" data-dt-img-description=\"\" data-large_image_width=\"582\" data-large_image_height=\"379\"href='https:\/\/www.radiopiu.net\/wordpress\/wp-content\/uploads\/2024\/06\/MOSTO-3.png'><img loading=\"lazy\" decoding=\"async\" width=\"150\" height=\"150\" src=\"https:\/\/www.radiopiu.net\/wordpress\/wp-content\/uploads\/2024\/06\/MOSTO-3-150x150.png\" class=\"attachment-thumbnail size-thumbnail\" alt=\"\" \/><\/a>\n\t\t\t\t<\/dt><\/dl><dl class='gallery-item'>\n\t\t\t\t<dt class='gallery-icon landscape'>\n\t\t\t\t\t<a class=\"rollover rollover-zoom dt-pswp-item\" title=\"MOSTO 4\" data-dt-img-description=\"\" data-large_image_width=\"608\" data-large_image_height=\"511\"href='https:\/\/www.radiopiu.net\/wordpress\/wp-content\/uploads\/2024\/06\/MOSTO-4.png'><img loading=\"lazy\" decoding=\"async\" width=\"150\" height=\"150\" src=\"https:\/\/www.radiopiu.net\/wordpress\/wp-content\/uploads\/2024\/06\/MOSTO-4-150x150.png\" class=\"attachment-thumbnail size-thumbnail\" alt=\"\" \/><\/a>\n\t\t\t\t<\/dt><\/dl><br style=\"clear: both\" \/>\n\t\t\t<\/div>\n\n<p>&nbsp;<\/p>\n<hr \/>\n<p>&nbsp;<\/p>\n<blockquote>\n<h3>40 ANNI DI ATTIVITA&#8217; PER LA MACELLERIA DE MARCH<\/h3>\n<\/blockquote>\n<p><strong><a class=\"dt-pswp-item\" href=\"https:\/\/www.radiopiu.net\/wordpress\/wp-content\/uploads\/2024\/06\/240602-Doglioni-con-la-fam.-De-March.jpg\" data-dt-img-description=\"\" data-large_image_width=\"1530\" data-large_image_height=\"2040\"><img loading=\"lazy\" decoding=\"async\" class=\" wp-image-393142 alignleft\" src=\"https:\/\/www.radiopiu.net\/wordpress\/wp-content\/uploads\/2024\/06\/240602-Doglioni-con-la-fam.-De-March-225x300.jpg\" alt=\"\" width=\"107\" height=\"143\" srcset=\"https:\/\/www.radiopiu.net\/wordpress\/wp-content\/uploads\/2024\/06\/240602-Doglioni-con-la-fam.-De-March-225x300.jpg 225w, https:\/\/www.radiopiu.net\/wordpress\/wp-content\/uploads\/2024\/06\/240602-Doglioni-con-la-fam.-De-March-768x1024.jpg 768w, https:\/\/www.radiopiu.net\/wordpress\/wp-content\/uploads\/2024\/06\/240602-Doglioni-con-la-fam.-De-March-1152x1536.jpg 1152w, https:\/\/www.radiopiu.net\/wordpress\/wp-content\/uploads\/2024\/06\/240602-Doglioni-con-la-fam.-De-March.jpg 1530w\" sizes=\"auto, (max-width: 107px) 100vw, 107px\" \/><\/a>TAMBRE<\/strong> Paolo Doglioni, presidente di Confcommercio Belluno-Dolomiti, ha espresso grande piacere ed entusiasmo nel partecipare alla celebrazione dei 40 anni di attivit\u00e0 della famiglia De March a Tambre. Ha sottolineato la gioia di vedere una famiglia unita e amata dalla comunit\u00e0, definendo la loro attivit\u00e0 un faro e punto di riferimento per il territorio. Doglioni ha lodato la capacit\u00e0 della famiglia di resistere e prosperare nel commercio, investendo nella qualit\u00e0 e nelle relazioni. Ha riconosciuto il contributo significativo di Gianni De March nell&#8217;associazione e il coinvolgimento entusiasta della figlia Federica. Ha ringraziato la famiglia per aver dimostrato il valore del lavoro e della passione, essenziali per la sopravvivenza dei piccoli negozi nei paesi.<\/p>\n<p>&nbsp;<\/p>\n<p>&nbsp;<\/p>\n<hr \/>\n<p>&nbsp;<\/p>\n<blockquote>\n<h3>LUNGARDO IN FEST&#8230;UN SUCCESSO<\/h3>\n<\/blockquote>\n<p><strong><a class=\"dt-pswp-item\" href=\"https:\/\/www.radiopiu.net\/wordpress\/wp-content\/uploads\/2024\/06\/Unknown.jpeg\" data-dt-img-description=\"\" data-large_image_width=\"2048\" data-large_image_height=\"1536\"><img loading=\"lazy\" decoding=\"async\" class=\" wp-image-393134 alignleft\" src=\"https:\/\/www.radiopiu.net\/wordpress\/wp-content\/uploads\/2024\/06\/Unknown-300x225.jpeg\" alt=\"\" width=\"143\" height=\"107\" srcset=\"https:\/\/www.radiopiu.net\/wordpress\/wp-content\/uploads\/2024\/06\/Unknown-300x225.jpeg 300w, https:\/\/www.radiopiu.net\/wordpress\/wp-content\/uploads\/2024\/06\/Unknown-1024x768.jpeg 1024w, https:\/\/www.radiopiu.net\/wordpress\/wp-content\/uploads\/2024\/06\/Unknown-768x576.jpeg 768w, https:\/\/www.radiopiu.net\/wordpress\/wp-content\/uploads\/2024\/06\/Unknown-1536x1152.jpeg 1536w, https:\/\/www.radiopiu.net\/wordpress\/wp-content\/uploads\/2024\/06\/Unknown.jpeg 2048w\" sizes=\"auto, (max-width: 143px) 100vw, 143px\" \/><\/a>BORGO VALBELLUNA<\/strong> L&#8217;edizione 2024 di Lungardo in Fest, organizzata dalla Cooperativa Societ\u00e0 Nuova, ha riscosso un grande successo di pubblico. Un contributo significativo \u00e8 stato dato dal gruppo alpini di San Michele dei Mucchietti, che ha preparato Gnocco Fritto e Borlenghi. Questo gruppo, composto da 16 persone tra i 61 e gli 86 anni, ha percorso 300 chilometri per partecipare all&#8217;evento. Anche altri volontari hanno contribuito alla buona riuscita della festa: il gruppo degli amici di Garna ha preparato panini con pastin e formaggio, mentre il gruppo degli amici di Trichiana ha gestito il chiosco.<\/p>\n<p>&nbsp;<\/p>\n<p>&nbsp;<\/p>\n<hr \/>\n<p>&nbsp;<\/p>\n<blockquote>\n<h3>GLI ALPINI DI BELLUNO ORGANIZZANO UN CAMPO SCUOLA PER RAGAZZI<\/h3>\n<\/blockquote>\n<p><strong><a class=\"dt-pswp-item\" href=\"https:\/\/www.radiopiu.net\/wordpress\/wp-content\/uploads\/2023\/03\/ALPINI.png\" data-dt-img-description=\"\" data-large_image_width=\"245\" data-large_image_height=\"208\"><img loading=\"lazy\" decoding=\"async\" class=\" wp-image-326487 alignleft\" src=\"https:\/\/www.radiopiu.net\/wordpress\/wp-content\/uploads\/2023\/03\/ALPINI.png\" alt=\"\" width=\"126\" height=\"107\" \/><\/a>BELLUNO<\/strong> La Sezione Alpini di Belluno propone un Campo Scuola per ragazzi e ragazze di terza media degli Istituti Comprensivi di Belluno &#8220;Ricci&#8221;, &#8220;Tina Merlin&#8221; di Belluno-Castion, Sedico-Sospirolo, Limana-Trichiana e &#8220;Marco da Melo&#8221; di Mel. L&#8217;iniziativa si svolger\u00e0 dal 29 giugno al 6 luglio presso l&#8217;Ostello &#8220;La Casermetta&#8221; a Valmorel di Limana. Sotto la guida degli Alpini e dei volontari della Protezione Civile, i partecipanti potranno approfondire i valori del volontariato e partecipare a diverse attivit\u00e0 specialistiche. Queste includeranno sessioni con squadre logistica, alpinistica, cinofila, antincendio boschivo, idrogeologica, telecomunicazioni, droni, toponomastica e orienteering, sia in aula che sul campo. Il programma del Campo Scuola verr\u00e0 illustrato ai ragazzi e ai loro genitori durante un incontro informativo che si terr\u00e0 venerd\u00ec 7 giugno alle ore 20 presso la sede di via Tissi 10 a Belluno. Le iscrizioni saranno aperte dal giorno successivo, 8 giugno, a partire dalle 14. Per ulteriori informazioni, \u00e8 possibile contattare l&#8217;organizzazione tramite email all&#8217;indirizzo <a target=\"_new\" rel=\"noreferrer noopener\">camposcuolaalpinibelluno@gmail.com<\/a>, consultare la pagina Facebook &#8220;Associazione Nazionale Alpini-Sezione di Belluno&#8221;, telefonare al numero 0437 942447, visitare il sito <a href=\"http:\/\/www.belluno.ana.it\/\" target=\"_new\" rel=\"noreferrer noopener\">www.belluno.ana.it<\/a> o contattare il referente Umberto Soccal.<\/p>\n<p>&nbsp;<\/p>\n<p>&nbsp;<\/p>\n<hr \/>\n<p>&nbsp;<\/p>\n<blockquote>\n<h3>CONCORSO LETTERARIO EL BON DE L&#8217;ANSUDA 2024<\/h3>\n<\/blockquote>\n<p><strong><a class=\"dt-pswp-item\" href=\"https:\/\/www.radiopiu.net\/wordpress\/wp-content\/uploads\/2024\/05\/25ae05cb-ebc0-458f-ba62-d1b38063b096.jpg\" data-dt-img-description=\"\" data-large_image_width=\"1600\" data-large_image_height=\"1600\"><img loading=\"lazy\" decoding=\"async\" class=\" wp-image-391644 alignleft\" src=\"https:\/\/www.radiopiu.net\/wordpress\/wp-content\/uploads\/2024\/05\/25ae05cb-ebc0-458f-ba62-d1b38063b096-300x300.jpg\" alt=\"\" width=\"138\" height=\"138\" srcset=\"https:\/\/www.radiopiu.net\/wordpress\/wp-content\/uploads\/2024\/05\/25ae05cb-ebc0-458f-ba62-d1b38063b096-300x300.jpg 300w, https:\/\/www.radiopiu.net\/wordpress\/wp-content\/uploads\/2024\/05\/25ae05cb-ebc0-458f-ba62-d1b38063b096-1024x1024.jpg 1024w, https:\/\/www.radiopiu.net\/wordpress\/wp-content\/uploads\/2024\/05\/25ae05cb-ebc0-458f-ba62-d1b38063b096-150x150.jpg 150w, https:\/\/www.radiopiu.net\/wordpress\/wp-content\/uploads\/2024\/05\/25ae05cb-ebc0-458f-ba62-d1b38063b096-768x768.jpg 768w, https:\/\/www.radiopiu.net\/wordpress\/wp-content\/uploads\/2024\/05\/25ae05cb-ebc0-458f-ba62-d1b38063b096-1536x1536.jpg 1536w, https:\/\/www.radiopiu.net\/wordpress\/wp-content\/uploads\/2024\/05\/25ae05cb-ebc0-458f-ba62-d1b38063b096.jpg 1600w\" sizes=\"auto, (max-width: 138px) 100vw, 138px\" \/><\/a>FALCADE <\/strong>Il Concorso letterario &#8220;EL BON DE L&#8217;ANSUDA&#8221; 2024 \u00e8 aperto ad autori italiani e stranieri per racconti inediti in lingua italiana, con il tema &#8220;La Primavera e il legno&#8221;. Sono previste tre categorie: &#8220;El Bon De l&#8217;Ansuda POP&#8221; per bambini fino a 13 anni; &#8220;El Bon de l&#8217;Ansuda DOVEGN&#8221; per ragazzi dai 14 ai 18 anni; &#8220;El Bon de l&#8217;Ansuda MADUR&#8221; per adulti dai 19 anni in su. I racconti, lunghi massimo 16.000 battute con una tolleranza del 10%, devono essere inviati in formato .pdf all&#8217;indirizzo <a target=\"_new\" rel=\"noreferrer noopener\">concorso.bonansuda@gmail.com<\/a> entro il 7 giugno 2024. Il file non deve contenere dati personali, che invece vanno inclusi nel corpo dell&#8217;e-mail insieme a una dichiarazione di inedicit\u00e0 dell&#8217;opera. Per i minorenni \u00e8 necessaria la firma di un genitore. Una giuria selezioner\u00e0 un vincitore per categoria, con valutazioni insindacabili. Partecipare al concorso implica l&#8217;autorizzazione alla pubblicazione del racconto e all&#8217;uso dei dati personali per comunicazioni relative al concorso. Gli autori rinunciano a qualsiasi pretesa economica sui profitti derivanti dalle vendite delle opere pubblicate. La premiazione si terr\u00e0 il 16 giugno 2024 alle 17:00 presso l&#8217;info point dell&#8217;evento.<\/p>\n<p>&nbsp;<\/p>\n<hr \/>\n<blockquote><p>&nbsp;<\/p>\n<p>&nbsp;<\/p><\/blockquote>\n<div dir=\"auto\">\n<p class=\"western\" lang=\"it-IT\" align=\"center\"><span style=\"font-family: Georgia, serif;\"><b><a class=\"dt-pswp-item\" href=\"https:\/\/www.radiopiu.net\/wordpress\/wp-content\/uploads\/2024\/05\/Nissun-va-al-Monte-1-atto-2.jpeg\" data-dt-img-description=\"\" data-large_image_width=\"1209\" data-large_image_height=\"650\"><img loading=\"lazy\" decoding=\"async\" class=\" wp-image-392215 alignleft\" src=\"https:\/\/www.radiopiu.net\/wordpress\/wp-content\/uploads\/2024\/05\/Nissun-va-al-Monte-1-atto-2-300x161.jpeg\" alt=\"\" width=\"212\" height=\"114\" srcset=\"https:\/\/www.radiopiu.net\/wordpress\/wp-content\/uploads\/2024\/05\/Nissun-va-al-Monte-1-atto-2-300x161.jpeg 300w, https:\/\/www.radiopiu.net\/wordpress\/wp-content\/uploads\/2024\/05\/Nissun-va-al-Monte-1-atto-2-1024x551.jpeg 1024w, https:\/\/www.radiopiu.net\/wordpress\/wp-content\/uploads\/2024\/05\/Nissun-va-al-Monte-1-atto-2-768x413.jpeg 768w, https:\/\/www.radiopiu.net\/wordpress\/wp-content\/uploads\/2024\/05\/Nissun-va-al-Monte-1-atto-2.jpeg 1209w\" sizes=\"auto, (max-width: 212px) 100vw, 212px\" \/><\/a>IL CIRCOLO, CON IL COMUNE DI ALPAGO E LA COMPAGNIA AMATORIALE <\/b><\/span><\/p>\n<p class=\"western\" lang=\"it-IT\" align=\"center\">\u201c<span style=\"font-family: Georgia, serif;\"><b>I SEQUERIS\u201d, SVELANO IL PRIMO CARTELLONE DI TEATRO VENETO<\/b><\/span><\/p>\n<p class=\"western\" lang=\"it-IT\" align=\"center\"><span style=\"font-family: Georgia, serif;\"><i>Annunciate le 5 rappresentazioni teatrali e il concerto di musica sinfonica che accompagneranno il pubblico da novembre ad aprile, nella sede della Casa della Giovent\u00f9<\/i><\/span><\/p>\n<p class=\"western\" lang=\"it-IT\" align=\"justify\"><span style=\"font-family: Georgia, serif;\">BELLUNO\u00a0 Cinque spettacoli di prosa veneta e un concerto della Dolomiti Symphonia Orchestra: nella sede della Provincia, il Circolo Cultura e Stampa Bellunese e il Comune di Alpago hanno svelato il cartellone della Prima Stagione che, dal 3 novembre al 13 aprile, accompagner\u00e0 il pubblico tra divertimento e musica d\u2019autore. <\/span><span style=\"font-family: Georgia, serif;\">La sede scelta \u00e8 quella della Casa della Giovent\u00f9, in Via Verdi, 1 (Puos), dove gli spettacoli verranno inscenati di domenica alle 16.30, per agevolare la fruizione alle famiglie. Primo appuntamento domenica<\/span> 3 novembre\u00a0 con\u00a0 UNA CASA DI PAZZI e la\u00a0 Compagnia teatrale La Moscheta<\/p>\n<p lang=\"it-IT\" align=\"justify\">\n<\/div>\n<hr \/>\n<p>&nbsp;<\/p>\n<blockquote>\n<h3><a class=\"dt-pswp-item\" href=\"https:\/\/www.radiopiu.net\/wordpress\/wp-content\/uploads\/2024\/05\/b3c8f62b-305a-47e9-afc6-69820fcd3900.jpg\" data-dt-img-description=\"\" data-large_image_width=\"1131\" data-large_image_height=\"1600\"><img loading=\"lazy\" decoding=\"async\" class=\" wp-image-392575 alignleft\" src=\"https:\/\/www.radiopiu.net\/wordpress\/wp-content\/uploads\/2024\/05\/b3c8f62b-305a-47e9-afc6-69820fcd3900-212x300.jpg\" alt=\"\" width=\"102\" height=\"144\" srcset=\"https:\/\/www.radiopiu.net\/wordpress\/wp-content\/uploads\/2024\/05\/b3c8f62b-305a-47e9-afc6-69820fcd3900-212x300.jpg 212w, https:\/\/www.radiopiu.net\/wordpress\/wp-content\/uploads\/2024\/05\/b3c8f62b-305a-47e9-afc6-69820fcd3900-724x1024.jpg 724w, https:\/\/www.radiopiu.net\/wordpress\/wp-content\/uploads\/2024\/05\/b3c8f62b-305a-47e9-afc6-69820fcd3900-768x1086.jpg 768w, https:\/\/www.radiopiu.net\/wordpress\/wp-content\/uploads\/2024\/05\/b3c8f62b-305a-47e9-afc6-69820fcd3900-1086x1536.jpg 1086w, https:\/\/www.radiopiu.net\/wordpress\/wp-content\/uploads\/2024\/05\/b3c8f62b-305a-47e9-afc6-69820fcd3900.jpg 1131w\" sizes=\"auto, (max-width: 102px) 100vw, 102px\" \/><\/a>IL CENTESIMO ANNIVERSARIO DELL&#8217;ASSASINIO DI MATTEOTTI A BELLUNO<\/h3>\n<\/blockquote>\n<p><strong>DI ROBERTO BONA<\/strong><\/p>\n<audio class=\"wp-audio-shortcode\" id=\"audio-393046-9\" preload=\"none\" style=\"width: 100%;\" controls=\"controls\"><source type=\"audio\/mpeg\" src=\"https:\/\/www.radiopiu.net\/wordpress\/wp-content\/uploads\/2024\/05\/BONA-CENTESIMO-ANNIVERSARIO-MATTEOTTI-SCADENZA-15-GIUGNO.mp3?_=9\" \/><a href=\"https:\/\/www.radiopiu.net\/wordpress\/wp-content\/uploads\/2024\/05\/BONA-CENTESIMO-ANNIVERSARIO-MATTEOTTI-SCADENZA-15-GIUGNO.mp3\">https:\/\/www.radiopiu.net\/wordpress\/wp-content\/uploads\/2024\/05\/BONA-CENTESIMO-ANNIVERSARIO-MATTEOTTI-SCADENZA-15-GIUGNO.mp3<\/a><\/audio>\n<p>&nbsp;<\/p>\n<hr \/>\n<p>&nbsp;<\/p>\n<h2><span style=\"color: #ff6600;\">ALLA RADIO\u00a0 \u00a0\u00a0<\/span><\/h2>\n<h2><span style=\"color: #ff00ff;\">RITRATTI SONORI, IL PROGRAMMA DI ALESSIA DALL&#8217;O&#8217;<\/span><\/h2>\n<p><span style=\"color: #ff0000;\"><strong><a class=\"dt-pswp-item\" href=\"https:\/\/www.radiopiu.net\/wordpress\/wp-content\/uploads\/2024\/05\/chi-sono-paola-argilledipaola.jpg\" data-dt-img-description=\"\" data-large_image_width=\"676\" data-large_image_height=\"450\"><img loading=\"lazy\" decoding=\"async\" class=\" wp-image-393080 alignleft\" src=\"https:\/\/www.radiopiu.net\/wordpress\/wp-content\/uploads\/2024\/05\/chi-sono-paola-argilledipaola-300x200.jpg\" alt=\"\" width=\"152\" height=\"101\" srcset=\"https:\/\/www.radiopiu.net\/wordpress\/wp-content\/uploads\/2024\/05\/chi-sono-paola-argilledipaola-300x200.jpg 300w, https:\/\/www.radiopiu.net\/wordpress\/wp-content\/uploads\/2024\/05\/chi-sono-paola-argilledipaola.jpg 676w\" sizes=\"auto, (max-width: 152px) 100vw, 152px\" \/><\/a>PUNTATA 04 &#8211; PAOLA NARD<\/strong><\/span><\/p>\n<p><strong>PRIMA PARTE<\/strong><\/p>\n<audio class=\"wp-audio-shortcode\" id=\"audio-393046-10\" preload=\"none\" style=\"width: 100%;\" controls=\"controls\"><source type=\"audio\/mpeg\" src=\"https:\/\/www.radiopiu.net\/wordpress\/wp-content\/uploads\/2024\/01\/RF1.mp3?_=10\" \/><a href=\"https:\/\/www.radiopiu.net\/wordpress\/wp-content\/uploads\/2024\/01\/RF1.mp3\">https:\/\/www.radiopiu.net\/wordpress\/wp-content\/uploads\/2024\/01\/RF1.mp3<\/a><\/audio>\n<p><strong>\u00a0<\/strong><\/p>\n<p><strong>SECONDA PARTE\u00a0<\/strong><\/p>\n<audio class=\"wp-audio-shortcode\" id=\"audio-393046-11\" preload=\"none\" style=\"width: 100%;\" controls=\"controls\"><source type=\"audio\/mpeg\" src=\"https:\/\/www.radiopiu.net\/wordpress\/wp-content\/uploads\/2024\/01\/RF2.mp3?_=11\" \/><a href=\"https:\/\/www.radiopiu.net\/wordpress\/wp-content\/uploads\/2024\/01\/RF2.mp3\">https:\/\/www.radiopiu.net\/wordpress\/wp-content\/uploads\/2024\/01\/RF2.mp3<\/a><\/audio>\n<p><strong>\u00a0<\/strong><\/p>\n<p><strong>TERZA PARTE<\/strong><\/p>\n<audio class=\"wp-audio-shortcode\" id=\"audio-393046-12\" preload=\"none\" style=\"width: 100%;\" controls=\"controls\"><source type=\"audio\/mpeg\" src=\"https:\/\/www.radiopiu.net\/wordpress\/wp-content\/uploads\/2024\/01\/RF3.mp3?_=12\" \/><a href=\"https:\/\/www.radiopiu.net\/wordpress\/wp-content\/uploads\/2024\/01\/RF3.mp3\">https:\/\/www.radiopiu.net\/wordpress\/wp-content\/uploads\/2024\/01\/RF3.mp3<\/a><\/audio>\n<p>&nbsp;<\/p>\n<h2>LA RACCOLTA COMPLETA <a href=\"https:\/\/www.radiopiu.net\/wordpress\/ritratti-sonori-il-programma-di-alessia-dallo-la-raccolta\/\"><span style=\"color: #3366ff;\">CLICCA QUI<\/span><\/a><\/h2>\n<p>&nbsp;<\/p>\n<hr \/>\n<p>&nbsp;<\/p>\n<h2><span style=\"color: #808000;\">ALLE NOVE&#8230; lunedi OGGI COME IERI di e con SILVIA BALDO<\/span><\/h2>\n<p><img decoding=\"async\" class=\"aligncenter\" src=\"https:\/\/www.radiopiu.net\/wordpress\/wp-content\/uploads\/2023\/09\/309000774_10222572118595513_7956305457803922499_n.jpg\" \/><\/p>\n<p><strong>\u00a0 \u00a0<\/strong><\/p>\n<p><strong>PUNTATA 31 03 GIUGNO<\/strong><\/p>\n<audio class=\"wp-audio-shortcode\" id=\"audio-393046-13\" preload=\"none\" style=\"width: 100%;\" controls=\"controls\"><source type=\"audio\/mpeg\" src=\"https:\/\/www.radiopiu.net\/wordpress\/wp-content\/uploads\/2024\/01\/SIBI-10.mp3?_=13\" \/><a href=\"https:\/\/www.radiopiu.net\/wordpress\/wp-content\/uploads\/2024\/01\/SIBI-10.mp3\">https:\/\/www.radiopiu.net\/wordpress\/wp-content\/uploads\/2024\/01\/SIBI-10.mp3<\/a><\/audio>\n<p>&nbsp;<\/p>\n<h2>LA RACCOLTA COMPLETA <a href=\"https:\/\/www.radiopiu.net\/wordpress\/alle-nove-oggi-come-ieri-di-e-con-silvia-baldo\/\"><span style=\"color: #3366ff;\">CLICCA QUI<\/span><\/a><\/h2>\n<p>&nbsp;<\/p>\n<hr \/>\n<p>&nbsp;<\/p>\n<h2><span style=\"color: #993300;\">PERITI MINERARI DALL\u2019AGORDINO AL MONDO<\/span><\/h2>\n<p><strong>REDAZIONE<\/strong> Continua la serie di racconti con i periti minerari agordini. Nelle prossime due puntate la storia di Daniele Scola. I racconti dei periti minerari agordini che hanno lavorato nel mondo, ogni luned\u00ec alle 10:30 e alle 19 su Radio Pi\u00f9.<\/p>\n<p><iframe loading=\"lazy\" title=\"DANIELE SCOLA\" width=\"1200\" height=\"675\" src=\"https:\/\/www.youtube.com\/embed\/Jbn8Bf-eB_M?feature=oembed\" frameborder=\"0\" allow=\"accelerometer; autoplay; clipboard-write; encrypted-media; gyroscope; picture-in-picture; web-share\" referrerpolicy=\"strict-origin-when-cross-origin\" allowfullscreen><\/iframe><\/p>\n<p>&nbsp;<\/p>\n<h2><strong>LA RACCOLTA COMPLETA <a href=\"https:\/\/www.radiopiu.net\/wordpress\/periti-minerari-dallagordino-al-mondo\/\"><span style=\"color: #0000ff;\">CLICCA QUI<\/span><\/a><\/strong><a href=\"https:\/\/www.radiopiu.net\/wordpress\/periti-minerari-dallagordino-al-mondo\/\"><span style=\"color: #0000ff;\">\u00a0<\/span><\/a><\/h2>\n<p>&nbsp;<\/p>\n<hr \/>\n<p>&nbsp;<\/p>\n<h2><span style=\"color: #993366;\"><a class=\"dt-pswp-item\" href=\"https:\/\/www.radiopiu.net\/wordpress\/wp-content\/uploads\/2024\/06\/c2f4f425-e175-4bc7-918a-e3d1330c6c31.jpg\" data-dt-img-description=\"\" data-large_image_width=\"1080\" data-large_image_height=\"907\"><img loading=\"lazy\" decoding=\"async\" class=\" wp-image-393091 alignleft\" src=\"https:\/\/www.radiopiu.net\/wordpress\/wp-content\/uploads\/2024\/06\/c2f4f425-e175-4bc7-918a-e3d1330c6c31-300x252.jpg\" alt=\"\" width=\"119\" height=\"100\" srcset=\"https:\/\/www.radiopiu.net\/wordpress\/wp-content\/uploads\/2024\/06\/c2f4f425-e175-4bc7-918a-e3d1330c6c31-300x252.jpg 300w, https:\/\/www.radiopiu.net\/wordpress\/wp-content\/uploads\/2024\/06\/c2f4f425-e175-4bc7-918a-e3d1330c6c31-1024x860.jpg 1024w, https:\/\/www.radiopiu.net\/wordpress\/wp-content\/uploads\/2024\/06\/c2f4f425-e175-4bc7-918a-e3d1330c6c31-768x645.jpg 768w, https:\/\/www.radiopiu.net\/wordpress\/wp-content\/uploads\/2024\/06\/c2f4f425-e175-4bc7-918a-e3d1330c6c31.jpg 1080w\" sizes=\"auto, (max-width: 119px) 100vw, 119px\" \/><\/a>ZAINO DA VIAGGIO AL FEMMINILE<\/span><\/h2>\n<p><strong>IL PROGRAMMA DI PAOLA LANCIATO<\/strong><\/p>\n<p>PRIMA PUNTATA: CELLA MONTE<\/p>\n<blockquote class=\"wp-embedded-content\" data-secret=\"80i79QMiy5\"><p><a href=\"https:\/\/www.radiopiu.net\/wordpress\/zaino-femminile-lanciato\/\">Zaino da viaggio al femminile<\/a><\/p><\/blockquote>\n<p><iframe loading=\"lazy\" class=\"wp-embedded-content\" sandbox=\"allow-scripts\" security=\"restricted\" style=\"position: absolute; visibility: hidden;\" title=\"&#8220;Zaino da viaggio al femminile&#8221; &#8212; Radio Pi\u00f9\" src=\"https:\/\/www.radiopiu.net\/wordpress\/zaino-femminile-lanciato\/embed\/#?secret=qXc1VXwClo#?secret=80i79QMiy5\" data-secret=\"80i79QMiy5\" width=\"600\" height=\"338\" frameborder=\"0\" marginwidth=\"0\" marginheight=\"0\" scrolling=\"no\"><\/iframe><\/p>\n<p>&nbsp;<\/p>\n<hr \/>\n<p>&nbsp;<\/p>\n<h2><span style=\"color: #008080;\">SALUTE E SOCIETA<\/span><\/h2>\n<p><a class=\"dt-pswp-item\" href=\"https:\/\/www.radiopiu.net\/wordpress\/wp-content\/uploads\/2024\/06\/2b9eca0b-f4d6-ce99-0786-e52fe8327b71.jpg\" data-dt-img-description=\"A woman with cancer is next to her daughter. A girl is hugging a woman happy\" data-large_image_width=\"800\" data-large_image_height=\"445\"><img loading=\"lazy\" decoding=\"async\" class=\"wp-image-393085 alignleft\" src=\"https:\/\/www.radiopiu.net\/wordpress\/wp-content\/uploads\/2024\/06\/2b9eca0b-f4d6-ce99-0786-e52fe8327b71-300x167.jpg\" alt=\"\" width=\"199\" height=\"111\" srcset=\"https:\/\/www.radiopiu.net\/wordpress\/wp-content\/uploads\/2024\/06\/2b9eca0b-f4d6-ce99-0786-e52fe8327b71-300x167.jpg 300w, https:\/\/www.radiopiu.net\/wordpress\/wp-content\/uploads\/2024\/06\/2b9eca0b-f4d6-ce99-0786-e52fe8327b71-768x427.jpg 768w, https:\/\/www.radiopiu.net\/wordpress\/wp-content\/uploads\/2024\/06\/2b9eca0b-f4d6-ce99-0786-e52fe8327b71.jpg 800w\" sizes=\"auto, (max-width: 199px) 100vw, 199px\" \/><\/a><span style=\"color: #ff0000;\"><strong>PUNTATA DEL 03 GIUGNO 2024<\/strong><\/span><\/p>\n<p><strong>Tumori ematologici, elevare la qualit\u00e0 delle cure per elevare la qualit\u00e0 della vita <\/strong>La qualit\u00e0 della vita non riguarda solo i tumori, le possibili recidive, la tossicit\u00e0 dei trattamenti, ma comprende altri aspetti molto rilevanti, come laa \u201ctossicit\u00e0 economica\u201d, una pesante realt\u00e0 che si aggiunge alla diagnosi. <strong>Sclerosi multipla, importanza del processo decisionale condiviso col paziente <\/strong>Il processo decisionale condiviso \u00e8 un modello che promuove il coinvolgimento del paziente, soprattutto nelle fasi decisionali riguardanti il trattamento e in presenza di diverse opzioni terapeutiche.<\/p>\n<audio class=\"wp-audio-shortcode\" id=\"audio-393046-14\" preload=\"none\" style=\"width: 100%;\" controls=\"controls\"><source type=\"audio\/mpeg\" src=\"https:\/\/www.radiopiu.net\/wordpress\/wp-content\/uploads\/2024\/06\/SALUTE.mp3?_=14\" \/><a href=\"https:\/\/www.radiopiu.net\/wordpress\/wp-content\/uploads\/2024\/06\/SALUTE.mp3\">https:\/\/www.radiopiu.net\/wordpress\/wp-content\/uploads\/2024\/06\/SALUTE.mp3<\/a><\/audio>\n<p>&nbsp;<\/p>\n<hr \/>\n<p>&nbsp;<\/p>\n<h2><span style=\"color: #00ccff;\">I RACCONTI DI PAOLO SOPPELSA<\/span><\/h2>\n<p><strong>IL MESE DI MEZZO<\/strong><\/p>\n<p><strong>AUDIO<\/strong><\/p>\n<audio class=\"wp-audio-shortcode\" id=\"audio-393046-15\" preload=\"none\" style=\"width: 100%;\" controls=\"controls\"><source type=\"audio\/mpeg\" src=\"https:\/\/www.radiopiu.net\/wordpress\/wp-content\/uploads\/2024\/06\/PAOLOS.mp3?_=15\" \/><a href=\"https:\/\/www.radiopiu.net\/wordpress\/wp-content\/uploads\/2024\/06\/PAOLOS.mp3\">https:\/\/www.radiopiu.net\/wordpress\/wp-content\/uploads\/2024\/06\/PAOLOS.mp3<\/a><\/audio>\n<p>&nbsp;<\/p>\n<p><a class=\"dt-pswp-item\" href=\"https:\/\/www.radiopiu.net\/wordpress\/wp-content\/uploads\/2024\/06\/fecadfe9-96a4-4451-a0c9-a9a85258ae91.jpg\" data-dt-img-description=\"\" data-large_image_width=\"1600\" data-large_image_height=\"1200\"><img loading=\"lazy\" decoding=\"async\" class=\" wp-image-392981 alignleft\" src=\"https:\/\/www.radiopiu.net\/wordpress\/wp-content\/uploads\/2024\/06\/fecadfe9-96a4-4451-a0c9-a9a85258ae91-300x225.jpg\" alt=\"\" width=\"165\" height=\"124\" srcset=\"https:\/\/www.radiopiu.net\/wordpress\/wp-content\/uploads\/2024\/06\/fecadfe9-96a4-4451-a0c9-a9a85258ae91-300x225.jpg 300w, https:\/\/www.radiopiu.net\/wordpress\/wp-content\/uploads\/2024\/06\/fecadfe9-96a4-4451-a0c9-a9a85258ae91-1024x768.jpg 1024w, https:\/\/www.radiopiu.net\/wordpress\/wp-content\/uploads\/2024\/06\/fecadfe9-96a4-4451-a0c9-a9a85258ae91-768x576.jpg 768w, https:\/\/www.radiopiu.net\/wordpress\/wp-content\/uploads\/2024\/06\/fecadfe9-96a4-4451-a0c9-a9a85258ae91-1536x1152.jpg 1536w, https:\/\/www.radiopiu.net\/wordpress\/wp-content\/uploads\/2024\/06\/fecadfe9-96a4-4451-a0c9-a9a85258ae91.jpg 1600w\" sizes=\"auto, (max-width: 165px) 100vw, 165px\" \/><\/a>Giugno sapeva entrare con discrezione nella valle pronta ad accogliere l&#8217;estate e i turisti. Il mese di mezzo, quello pi\u00f9 desiderato da ragazzi e bambini, sanciva la fine dell&#8217;anno scolastico e, per molti, la partenza verso i luoghi della sognata villeggiatura. Quelli immediatamente successivi alla fine della scuola erano giorni carichi di una gioiosa frenesia. Era il tempo del primo arrivare dei villeggianti che, intorno alla met\u00e0 di giugno, rendevano vivi i paesi di montagna ormai immersi nell\u2019allegro clima estivo. Di giorno in giorno il traffico aumentava e nel secondo fine settimana di giugno si registravano i primi ingorghi nella piazza del paese situato all&#8217;incrocio delle due valli agordine. Erano i giorni del grande esodo, lo affermava pure la televisione all&#8217;interno dei telegiornali che mostravano colonne infinite di auto ferme ai caselli autostradali; una parte di quelle vetture cariche di bagagli si sarebbe diretta verso le coste, altre, invece, avrebbero percorso le tortuose strade che correvano lungo le valli dolomitiche fino a raggiungere campeggi, alberghi e seconde case. Dal terrazzo che guarda la piazza di Cencenighe vedevo nascere quelle gioiose estati di montagna, ed era interessante trascorrere del tempo ad osservare quelle auto, cos\u00ec stipate di valigie e bambini, che faticavano non poco quando la strada iniziava a salire. Era soprattutto al sabato mattina che si assisteva all&#8217;arrivo di turisti e persone che ritornavano al proprio paese per un periodo di vacanza. La piazza intasata di auto, profumo di benzina super e brusio delle ventole accese che tentavano disperatamente di raffreddare motori stanchi dal lungo viaggiare, era odore di frizioni affaticate e mariti nervosi che attendevano mogli sparite all&#8217;interno di qualche negozio situato lungo strada. Era l\u2019approdare di qualcuno all\u2019agognata m\u00e9ta, erano gli abbracci con i parenti che li avevano attesi al parcheggio, erano i portapacchi carichi e il sudore che scendeva lungo quei visi che ancora mostravano un pallore cittadino. Era il tempo dei ragazzi che riscoprivano il paese e ritrovavano gli amici dell&#8217;estate, era il tempo delle madri che arieggiavano le case e riassettavano quelle stanze chiuse da tanti mesi. Ed era pure il tempo di alcuni padri che ripartivano la domenica sera in direzione della calda pianura; sarebbero ritornati al paese forse il sabato successivo oppure ad inizio agosto, quando arrivava anche per loro il tempo delle agognate ferie estive. Il mese di mezzo proponeva le pi\u00f9 lunghe sere dell&#8217;anno, sere che in montagna erano gentili, buone per passeggiare ascoltando lo scorrere calmo delle acque dei torrenti e per ammirare l&#8217;accendersi delle stelle in quel cielo racchiuso fra le cime ormai quasi libere dalla neve. Poi quel tempo di giugno profumato di fieno scivolava verso il culmine della breve estate montana; in quota sfiorivano i rododendri e luglio, il mese principe dell&#8217;estate era gi\u00e0 pronto a dispensare a uomini e natura quel caldo potente che lass\u00f9, all&#8217;incrocio delle valli e dei venti, durava il tempo di un respiro.<\/p>\n<p>&nbsp;<\/p>\n<p>&nbsp;<\/p>\n<hr \/>\n<p>&nbsp;<\/p>\n<h2><span style=\"color: #ffcc00;\">GOODBYE BY BICICLE&#8230;UN VIAGGIO DALL&#8217;INDIA A SEREN DEL GRAPPA IN BICICLETTA<\/span><\/h2>\n<p><span style=\"color: #ff0000;\"><strong>PUNTATA 16 &#8211; IL VIAGGIO ATTRAVERSO IL NEPAL CONTINUA<\/strong><\/span><\/p>\n<audio class=\"wp-audio-shortcode\" id=\"audio-393046-16\" preload=\"none\" style=\"width: 100%;\" controls=\"controls\"><source type=\"audio\/mpeg\" src=\"https:\/\/www.radiopiu.net\/wordpress\/wp-content\/uploads\/2024\/05\/AIRE-INDIA-PUNTATA-16.mp3?_=16\" \/><a href=\"https:\/\/www.radiopiu.net\/wordpress\/wp-content\/uploads\/2024\/05\/AIRE-INDIA-PUNTATA-16.mp3\">https:\/\/www.radiopiu.net\/wordpress\/wp-content\/uploads\/2024\/05\/AIRE-INDIA-PUNTATA-16.mp3<\/a><\/audio>\n<p><strong>PER VISITARE I SITI DEI LUOGHI VISITATI, CLICCA SULLE SEGUENTI SCRITTE:\u00a0 <a href=\"https:\/\/www.instagram.com\/fyn0.7?igsh=dmpmMGQ5NjFneXA2\"><span style=\"color: #3366ff;\">FORESTRY YOUTH NETWORK<\/span><\/a><\/strong><\/p>\n\n\t\t\t<style type='text\/css'>\n\t\t\t\t#gallery-2 {\n\t\t\t\t\tmargin: auto;\n\t\t\t\t}\n\t\t\t\t#gallery-2 .gallery-item {\n\t\t\t\t\tfloat: left;\n\t\t\t\t\tmargin-top: 10px;\n\t\t\t\t\ttext-align: center;\n\t\t\t\t\twidth: 20%;\n\t\t\t\t}\n\t\t\t\t#gallery-2 img {\n\t\t\t\t\tborder: 2px solid #cfcfcf;\n\t\t\t\t}\n\t\t\t\t#gallery-2 .gallery-caption {\n\t\t\t\t\tmargin-left: 0;\n\t\t\t\t}\n\t\t\t\t\/* see gallery_shortcode() in wp-includes\/media.php *\/\n\t\t\t<\/style>\n\t\t<div id='gallery-2' class='dt-gallery-container gallery galleryid-393046 gallery-columns-5 gallery-size-thumbnail'><dl class='gallery-item'>\n\t\t\t\t<dt class='gallery-icon landscape'>\n\t\t\t\t\t<a class=\"rollover rollover-zoom dt-pswp-item\" title=\"1562532f-2eb3-4f26-9c6c-6924ce24f892\" data-dt-img-description=\"\" data-large_image_width=\"1600\" data-large_image_height=\"1200\"href='https:\/\/www.radiopiu.net\/wordpress\/wp-content\/uploads\/2024\/05\/1562532f-2eb3-4f26-9c6c-6924ce24f892.jpg'><img loading=\"lazy\" decoding=\"async\" width=\"150\" height=\"150\" src=\"https:\/\/www.radiopiu.net\/wordpress\/wp-content\/uploads\/2024\/05\/1562532f-2eb3-4f26-9c6c-6924ce24f892-150x150.jpg\" class=\"attachment-thumbnail size-thumbnail\" alt=\"\" \/><\/a>\n\t\t\t\t<\/dt><\/dl><dl class='gallery-item'>\n\t\t\t\t<dt class='gallery-icon landscape'>\n\t\t\t\t\t<a class=\"rollover rollover-zoom dt-pswp-item\" title=\"74f2cb89-55c2-4729-8ea5-2cc6704adbb9\" data-dt-img-description=\"\" data-large_image_width=\"1600\" data-large_image_height=\"1200\"href='https:\/\/www.radiopiu.net\/wordpress\/wp-content\/uploads\/2024\/05\/74f2cb89-55c2-4729-8ea5-2cc6704adbb9.jpg'><img loading=\"lazy\" decoding=\"async\" width=\"150\" height=\"150\" src=\"https:\/\/www.radiopiu.net\/wordpress\/wp-content\/uploads\/2024\/05\/74f2cb89-55c2-4729-8ea5-2cc6704adbb9-150x150.jpg\" class=\"attachment-thumbnail size-thumbnail\" alt=\"\" \/><\/a>\n\t\t\t\t<\/dt><\/dl><dl class='gallery-item'>\n\t\t\t\t<dt class='gallery-icon landscape'>\n\t\t\t\t\t<a class=\"rollover rollover-zoom dt-pswp-item\" title=\"37bb0abc-bfc3-44ab-98f0-fc948781f3e7\" data-dt-img-description=\"\" data-large_image_width=\"1600\" data-large_image_height=\"1200\"href='https:\/\/www.radiopiu.net\/wordpress\/wp-content\/uploads\/2024\/05\/37bb0abc-bfc3-44ab-98f0-fc948781f3e7.jpg'><img loading=\"lazy\" decoding=\"async\" width=\"150\" height=\"150\" src=\"https:\/\/www.radiopiu.net\/wordpress\/wp-content\/uploads\/2024\/05\/37bb0abc-bfc3-44ab-98f0-fc948781f3e7-150x150.jpg\" class=\"attachment-thumbnail size-thumbnail\" alt=\"\" \/><\/a>\n\t\t\t\t<\/dt><\/dl><dl class='gallery-item'>\n\t\t\t\t<dt class='gallery-icon portrait'>\n\t\t\t\t\t<a class=\"rollover rollover-zoom dt-pswp-item\" title=\"5eb0987e-5445-4212-80c1-d602d08145b9\" data-dt-img-description=\"\" data-large_image_width=\"1200\" data-large_image_height=\"1600\"href='https:\/\/www.radiopiu.net\/wordpress\/wp-content\/uploads\/2024\/05\/5eb0987e-5445-4212-80c1-d602d08145b9.jpg'><img loading=\"lazy\" decoding=\"async\" width=\"150\" height=\"150\" src=\"https:\/\/www.radiopiu.net\/wordpress\/wp-content\/uploads\/2024\/05\/5eb0987e-5445-4212-80c1-d602d08145b9-150x150.jpg\" class=\"attachment-thumbnail size-thumbnail\" alt=\"\" \/><\/a>\n\t\t\t\t<\/dt><\/dl><dl class='gallery-item'>\n\t\t\t\t<dt class='gallery-icon landscape'>\n\t\t\t\t\t<a class=\"rollover rollover-zoom dt-pswp-item\" title=\"9eb3ff6e-8aae-4069-ac8c-448af4375acd\" data-dt-img-description=\"\" data-large_image_width=\"1496\" data-large_image_height=\"1496\"href='https:\/\/www.radiopiu.net\/wordpress\/wp-content\/uploads\/2024\/05\/9eb3ff6e-8aae-4069-ac8c-448af4375acd.jpg'><img loading=\"lazy\" decoding=\"async\" width=\"150\" height=\"150\" src=\"https:\/\/www.radiopiu.net\/wordpress\/wp-content\/uploads\/2024\/05\/9eb3ff6e-8aae-4069-ac8c-448af4375acd-150x150.jpg\" class=\"attachment-thumbnail size-thumbnail\" alt=\"\" srcset=\"https:\/\/www.radiopiu.net\/wordpress\/wp-content\/uploads\/2024\/05\/9eb3ff6e-8aae-4069-ac8c-448af4375acd-150x150.jpg 150w, https:\/\/www.radiopiu.net\/wordpress\/wp-content\/uploads\/2024\/05\/9eb3ff6e-8aae-4069-ac8c-448af4375acd-300x300.jpg 300w, https:\/\/www.radiopiu.net\/wordpress\/wp-content\/uploads\/2024\/05\/9eb3ff6e-8aae-4069-ac8c-448af4375acd-1024x1024.jpg 1024w, https:\/\/www.radiopiu.net\/wordpress\/wp-content\/uploads\/2024\/05\/9eb3ff6e-8aae-4069-ac8c-448af4375acd-768x768.jpg 768w, https:\/\/www.radiopiu.net\/wordpress\/wp-content\/uploads\/2024\/05\/9eb3ff6e-8aae-4069-ac8c-448af4375acd.jpg 1496w\" sizes=\"auto, (max-width: 150px) 100vw, 150px\" \/><\/a>\n\t\t\t\t<\/dt><\/dl><br style=\"clear: both\" \/>\n\t\t\t<\/div>\n\n<p>&nbsp;<\/p>\n<h2>LA RACCOLTA COMPLETA <a href=\"https:\/\/www.radiopiu.net\/wordpress\/goodbye-by-bicicle-un-viaggio-dallindia-a-seren-del-grappa-in-bicicletta-16\/\"><span style=\"color: #3366ff;\">CLICCA QUI<\/span><\/a><\/h2>\n<p>&nbsp;<\/p>\n<hr \/>\n<p>&nbsp;<\/p>\n<h2><span style=\"color: #ff0000;\">DAL SITO DI RADIO PIU&#8230; ALCUNI PODCAST, I PIU&#8217; VISUALIZZATI NELLA SETTIMANA&#8230;<\/span><\/h2>\n<p>&nbsp;<\/p>\n<h2><span style=\"color: #800080;\">DUE MINUTI UN LIBRO, TUTTI I GIORNI ALLA RADIO\u00a0 <\/span>LA RACCOLTA COMPLETA<a href=\"https:\/\/www.radiopiu.net\/wordpress\/due-minuti-un-libro\/\"> <span style=\"color: #0000ff;\">CLICCA QUI\u00a0\u00a0<\/span><\/a><\/h2>\n<h2><span style=\"color: #800080;\">LIBER IL MERCOLEDI ALLE 8 CON LIANA CAVALLET\u00a0 <\/span>LA RACCOLTA COMPLETA<a href=\"https:\/\/www.radiopiu.net\/wordpress\/liber-di-liana-cavallet-la-raccolta\/\"> <span style=\"color: #0000ff;\">CLICCA QUI\u00a0<\/span><\/a><\/h2>\n<h2><span style=\"color: #800080;\">I RACCONTI DI PAOLO SOPPELSA\u00a0 <\/span>LA RACCOLTA COMPLETA<a href=\"https:\/\/www.radiopiu.net\/wordpress\/i-racconti-di-paolo-soppelsa\/\"> <span style=\"color: #0000ff;\">CLICCA QUI\u00a0<\/span><\/a><\/h2>\n<h2><span style=\"color: #800080;\">NCONTONSE CON MILLY CREPAZ <\/span>LA RACCOLTA COMPLETA<a href=\"https:\/\/www.radiopiu.net\/wordpress\/lad08aaaa\/\"> <span style=\"color: #0000ff;\">CLICCA QUI\u00a0<\/span><\/a><\/h2>\n<h2><span style=\"color: #800080;\">CINE HITS, ALLA SCOPERTA DELLE COLONNE SONORE DI ALDO BRIGADOI <\/span>LA RACCOLTA COMPLETA <a href=\"https:\/\/www.radiopiu.net\/wordpress\/cine-hits-alla-scoperta-delle-colonne-sonore-la-raccolta\/\"><span style=\"color: #3366ff;\">CLICCA QUI\u00a0<\/span><\/a><\/h2>\n<h2><span style=\"color: #800080;\">CIAK SI GIRA, IL PROGRAMMA DI PAOLA LANCIATO <\/span>LA RACCOLTA COMPLETA <span style=\"color: #0000ff;\"><a style=\"color: #0000ff;\" href=\"https:\/\/www.radiopiu.net\/wordpress\/ciak24\/\">CLICCA QUI\u00a0 \u00a0<\/a><\/span><\/h2>\n<h2><span style=\"color: #800080;\">PIROLE DE LENGA, IL PROGRAMMA CON NICOLA E BEATRICE DEL MUSLA\u00a0<\/span>LA RACCOLTA COMPLETA <a href=\"https:\/\/www.radiopiu.net\/wordpress\/pirole-de-lenga-la-parola-del-giorno-a-cura-del-musla-raccolta-completa\/\"><span style=\"color: #0000ff;\">CLICCA QUI\u00a0\u00a0\u00a0\u00a0\u00a0<\/span><\/a><\/h2>\n<h2><span style=\"color: #800080;\">EL BAL DEL FIOR, CON GIULIANA DA RONCH<\/span>LA RACCOLTA COMPLETA <a href=\"https:\/\/www.radiopiu.net\/wordpress\/set3a\/\"><span style=\"color: #0000ff;\">CLICCA QUI\u00a0<\/span><\/a><\/h2>\n<h2><span style=\"color: #800080;\">PERITI MINERARI NEL MONDO&#8230; A CURA DELL&#8217;APIM\u00a0 AGORDO<\/span>LA RACCOLTA COMPLETA <a href=\"https:\/\/www.radiopiu.net\/wordpress\/periti-minerari-dallagordino-al-mondo\/\"><span style=\"color: #0000ff;\">CLICCA QUI\u00a0<\/span><\/a><\/h2>\n<h2><span style=\"color: #800080;\">SE NON LA SMETTI DI MANDO DAL PRESIDE, CON LA PROF. MARIA ROSA SALMAZO<\/span>LA RACCOLTA COMPLETA<a href=\"https:\/\/www.radiopiu.net\/wordpress\/se-non-la-smetti-di-mando-dal-preside\/\"> <span style=\"color: #0000ff;\">CLICCA QUI\u00a0<\/span><\/a><\/h2>\n<h2><span style=\"color: #800080;\">CISL LA VOCE PER I LAVORATORI, IL MERCOLEDI MATTINA ALLA RADIO <\/span>LA RACCOLTA COMPLETA\u00a0 <a href=\"https:\/\/www.radiopiu.net\/wordpress\/cisl-e-femca-cisl-la-voce-per-i-lavoratori\/\"><span style=\"color: #0000ff;\">CLICCA QUI\u00a0<\/span><\/a><\/h2>\n<h2><span style=\"color: #993366;\"><strong>LA RASSEGNA STAMPA DA L&#8217;AMICO DEL POPOLO IL SABATO ALLA RADIO DI GIANNI SANTOMASO<\/strong> <\/span><span style=\"color: #0000ff;\"><a style=\"color: #0000ff;\" href=\"https:\/\/www.radiopiu.net\/wordpress\/gli-ultimi-sei-anni-della-rassegna-stampa-di-gianni-santomaso-raccolta-completa\/\">CLICCA QUI<\/a><\/span><\/h2>\n<h2><span style=\"color: #0000ff;\"><span style=\"color: #993366;\">SALUTE E SOCIETA&#8217; DOTTOR MARCO CARACCIOLO IL LUNEDI ALLE 13 <\/span><a style=\"color: #0000ff;\" href=\"https:\/\/www.radiopiu.net\/wordpress\/saluteesocieta\/\">CLICCA QUI\u00a0<\/a><\/span><\/h2>\n<h2><span style=\"color: #0000ff;\"><span style=\"color: #993366;\">SOLIDARIETA&#8217; VENETO FONDO PENSIONE CON PAOLO STEFAN IL 1 VENERDI DEL MESE<\/span><\/span><\/h2>\n<h2><span style=\"color: #0000ff;\"><span style=\"color: #993366;\">SALUTE E SOCIETA&#8217; DOTTOR MARCO CARACCIOLO IL LUNEDI ALLE 13 <\/span><a href=\"https:\/\/www.radiopiu.net\/wordpress\/solidarieta-veneto\/\">CLICCA QUI\u00a0<\/a><\/span><\/h2>\n<h2><span style=\"color: #800080;\">EP CENTER CON FRANCESCO ZILLIO, LA TECNOLOGIA APPLICATA. ALLA RADIO<\/span> <span style=\"color: #0000ff;\"><a style=\"color: #0000ff;\" href=\"https:\/\/www.radiopiu.net\/wordpress\/tecnologie-con-francesco-zillio\/\">CLICCA QUI<\/a><\/span><\/h2>\n<h2><span style=\"color: #800080;\">ZAINO DA VIAGGIO AL FEMMINILE, L&#8217;ESTATE CON PAOLA LANCIATO <\/span>\u00a0<span style=\"color: #0000ff;\"><a style=\"color: #0000ff;\" href=\"https:\/\/www.radiopiu.net\/wordpress\/zaino-femminile-lanciato\/\">CLICCA QUI\u00a0<\/a><\/span><\/h2>\n<h2><span style=\"color: #800080;\">VOCI RIBELLI, IL PROGRAMMA IN COLLABORAZIONE CON DAFNE DI ALESSIA DALL&#8217; <\/span>\u00a0<a href=\"https:\/\/www.radiopiu.net\/wordpress\/voci-ribelli-conversazioni-senza-filtri-per-ragazzi-audaci\/\"><span style=\"color: #0000ff;\">CLICCA QUI\u00a0<\/span><\/a><\/h2>\n<p>&nbsp;<\/p>\n<blockquote class=\"wp-embedded-content\" data-secret=\"a2qf1Rms7X\"><p><a href=\"https:\/\/www.radiopiu.net\/wordpress\/lad08aaaa\/\">&#8220;NCONTONSE&#8221; IN LADINO SU RADIO PI\u00d9<\/a><\/p><\/blockquote>\n<p><iframe loading=\"lazy\" class=\"wp-embedded-content\" sandbox=\"allow-scripts\" security=\"restricted\" style=\"position: absolute; visibility: hidden;\" title=\"&#8220;&#8220;NCONTONSE&#8221; IN LADINO SU RADIO PI\u00d9&#8221; &#8212; Radio Pi\u00f9\" src=\"https:\/\/www.radiopiu.net\/wordpress\/lad08aaaa\/embed\/#?secret=7RDX0RClfw#?secret=a2qf1Rms7X\" data-secret=\"a2qf1Rms7X\" width=\"600\" height=\"338\" frameborder=\"0\" marginwidth=\"0\" marginheight=\"0\" scrolling=\"no\"><\/iframe><\/p>\n<p>&nbsp;<\/p>\n<p>&nbsp;<\/p>\n<blockquote class=\"wp-embedded-content\" data-secret=\"2aMVWP6XMA\"><p><a href=\"https:\/\/www.radiopiu.net\/wordpress\/gli-ultimi-sei-anni-della-rassegna-stampa-di-gianni-santomaso-raccolta-completa\/\">GLI ULTIMI SEI ANNI DELLA RASSEGNA STAMPA DI GIANNI SANTOMASO, RACCOLTA COMPLETA<\/a><\/p><\/blockquote>\n<p><iframe loading=\"lazy\" class=\"wp-embedded-content\" sandbox=\"allow-scripts\" security=\"restricted\" style=\"position: absolute; visibility: hidden;\" title=\"&#8220;GLI ULTIMI SEI ANNI DELLA RASSEGNA STAMPA DI GIANNI SANTOMASO, RACCOLTA COMPLETA&#8221; &#8212; Radio Pi\u00f9\" src=\"https:\/\/www.radiopiu.net\/wordpress\/gli-ultimi-sei-anni-della-rassegna-stampa-di-gianni-santomaso-raccolta-completa\/embed\/#?secret=MHfMFQIfAu#?secret=2aMVWP6XMA\" data-secret=\"2aMVWP6XMA\" width=\"600\" height=\"338\" frameborder=\"0\" marginwidth=\"0\" marginheight=\"0\" scrolling=\"no\"><\/iframe><\/p>\n<h1 class=\"_title post-title entry-title\"><\/h1>\n<h1 class=\"_title post-title entry-title\"><strong><a class=\"dt-pswp-item\" href=\"https:\/\/www.radiopiu.net\/wordpress\/wp-content\/uploads\/2023\/12\/ANTENNA.png\" data-dt-img-description=\"\" data-large_image_width=\"300\" data-large_image_height=\"166\"><img loading=\"lazy\" decoding=\"async\" class=\" wp-image-366306 alignleft\" src=\"https:\/\/www.radiopiu.net\/wordpress\/wp-content\/uploads\/2023\/12\/ANTENNA.png\" alt=\"\" width=\"175\" height=\"97\" \/><\/a>IERI SERA, DAL TG DI ANTENNA 3, ogni sera alle 19 le anticipazioni alla radio, quello che poi seguirete nel TELEGIORNALE BELLUNESE\u00a0 in onda alle 19.30 sul CANALE 10 del digitale terrestre.\u00a0 \u00a0<\/strong><\/h1>\n<p>&nbsp;<\/p>\n<h1 class=\"_title post-title entry-title\">QUANDO LA \u201cVITA SPERICOLATA\u201d ERA DI SCENA AL PALAVERDE<\/h1>\n<p><iframe loading=\"lazy\" title=\"QUANDO LA \u201cVITA SPERICOLATA\u201d ERA DI SCENA AL PALAVERDE | 02\/06\/2024\" width=\"1200\" height=\"675\" src=\"https:\/\/www.youtube.com\/embed\/4bEXyHVUs8Y?feature=oembed\" frameborder=\"0\" allow=\"accelerometer; autoplay; clipboard-write; encrypted-media; gyroscope; picture-in-picture; web-share\" referrerpolicy=\"strict-origin-when-cross-origin\" allowfullscreen><\/iframe><\/p>\n<p>&nbsp;<\/p>\n<p>&nbsp;<\/p>\n<p>&nbsp;<\/p>\n<hr \/>\n<p>&nbsp;<\/p>\n<h2><span style=\"color: #ff0000;\"><a class=\"dt-pswp-item\" href=\"https:\/\/www.radiopiu.net\/wordpress\/wp-content\/uploads\/2018\/09\/appuntamenti.jpeg\" data-dt-img-description=\"\" data-large_image_width=\"800\" data-large_image_height=\"100\"><img loading=\"lazy\" decoding=\"async\" class=\"wp-image-61958 size-full aligncenter\" src=\"https:\/\/www.radiopiu.net\/wordpress\/wp-content\/uploads\/2018\/09\/appuntamenti.jpeg\" alt=\"\" width=\"800\" height=\"100\" srcset=\"https:\/\/www.radiopiu.net\/wordpress\/wp-content\/uploads\/2018\/09\/appuntamenti.jpeg 800w, https:\/\/www.radiopiu.net\/wordpress\/wp-content\/uploads\/2018\/09\/appuntamenti-300x38.jpeg 300w, https:\/\/www.radiopiu.net\/wordpress\/wp-content\/uploads\/2018\/09\/appuntamenti-768x96.jpeg 768w\" sizes=\"auto, (max-width: 800px) 100vw, 800px\" \/><\/a><\/span><\/h2>\n<div>\n<div class=\"\" dir=\"auto\">\n<div id=\":r9h:\" class=\"x1iorvi4 x1pi30zi x1l90r2v x1swvt13\" data-ad-comet-preview=\"message\" data-ad-preview=\"message\">\n\n\t\t\t<style type='text\/css'>\n\t\t\t\t#gallery-3 {\n\t\t\t\t\tmargin: auto;\n\t\t\t\t}\n\t\t\t\t#gallery-3 .gallery-item {\n\t\t\t\t\tfloat: left;\n\t\t\t\t\tmargin-top: 10px;\n\t\t\t\t\ttext-align: center;\n\t\t\t\t\twidth: 25%;\n\t\t\t\t}\n\t\t\t\t#gallery-3 img {\n\t\t\t\t\tborder: 2px solid #cfcfcf;\n\t\t\t\t}\n\t\t\t\t#gallery-3 .gallery-caption {\n\t\t\t\t\tmargin-left: 0;\n\t\t\t\t}\n\t\t\t\t\/* see gallery_shortcode() in wp-includes\/media.php *\/\n\t\t\t<\/style>\n\t\t<div id='gallery-3' class='dt-gallery-container gallery galleryid-393046 gallery-columns-4 gallery-size-thumbnail'><dl class='gallery-item'>\n\t\t\t\t<dt class='gallery-icon portrait'>\n\t\t\t\t\t<a class=\"rollover\" href='https:\/\/www.radiopiu.net\/wordpress\/giornale-radiopiu-23-maggio-2024-direttore-mirko-mezzacasada-40-anni-25-giugno-1983-25-giugno-2023\/e651a95f-423a-40f9-827a-3ba70bd26776\/'><img loading=\"lazy\" decoding=\"async\" width=\"150\" height=\"150\" src=\"https:\/\/www.radiopiu.net\/wordpress\/wp-content\/uploads\/2024\/05\/e651a95f-423a-40f9-827a-3ba70bd26776-150x150.jpg\" class=\"attachment-thumbnail size-thumbnail\" alt=\"\" aria-describedby=\"gallery-3-391342\" \/><\/a>\n\t\t\t\t<\/dt>\n\t\t\t\t\t<dd class='wp-caption-text gallery-caption' id='gallery-3-391342'>\n\t\t\t\t\tSAGRA DE SANT&#8217;ANTONI A RIVAMONTE\n\t\t\t\t\t<\/dd><\/dl><dl class='gallery-item'>\n\t\t\t\t<dt class='gallery-icon portrait'>\n\t\t\t\t\t<a class=\"rollover\" href='https:\/\/www.radiopiu.net\/wordpress\/giornale-radiopiu-23-maggio-2024-direttore-mirko-mezzacasada-40-anni-25-giugno-1983-25-giugno-2023\/4f200081-e4c5-4b25-97be-5145b1cf479f\/'><img loading=\"lazy\" decoding=\"async\" width=\"150\" height=\"150\" src=\"https:\/\/www.radiopiu.net\/wordpress\/wp-content\/uploads\/2024\/05\/4f200081-e4c5-4b25-97be-5145b1cf479f-150x150.jpg\" class=\"attachment-thumbnail size-thumbnail\" alt=\"\" aria-describedby=\"gallery-3-391343\" \/><\/a>\n\t\t\t\t<\/dt>\n\t\t\t\t\t<dd class='wp-caption-text gallery-caption' id='gallery-3-391343'>\n\t\t\t\t\tIL CIRCUITO RIVA RON\n\t\t\t\t\t<\/dd><\/dl><dl class='gallery-item'>\n\t\t\t\t<dt class='gallery-icon portrait'>\n\t\t\t\t\t<a class=\"rollover\" href='https:\/\/www.radiopiu.net\/wordpress\/giornale-radiopiu-29-maggio-2024-direttore-mirko-mezzacasada-40-anni-25-giugno-1983-25-giugno-2023\/890e9473-a042-44c0-9495-16862bf3cf2c\/'><img loading=\"lazy\" decoding=\"async\" width=\"150\" height=\"150\" src=\"https:\/\/www.radiopiu.net\/wordpress\/wp-content\/uploads\/2024\/05\/890e9473-a042-44c0-9495-16862bf3cf2c-150x150.jpg\" class=\"attachment-thumbnail size-thumbnail\" alt=\"\" aria-describedby=\"gallery-3-392239\" \/><\/a>\n\t\t\t\t<\/dt>\n\t\t\t\t\t<dd class='wp-caption-text gallery-caption' id='gallery-3-392239'>\n\t\t\t\t\t80 NOSTALGIA DEI 90\n\t\t\t\t\t<\/dd><\/dl><dl class='gallery-item'>\n\t\t\t\t<dt class='gallery-icon portrait'>\n\t\t\t\t\t<a class=\"rollover\" href='https:\/\/www.radiopiu.net\/wordpress\/giornale-radiopiu-01-giugno-2024-direttore-mirko-mezzacasada-40-anni-25-giugno-1983-25-giugno-2023\/c950811c-7763-405d-ad2c-15d392502b93-2\/'><img loading=\"lazy\" decoding=\"async\" width=\"150\" height=\"150\" src=\"https:\/\/www.radiopiu.net\/wordpress\/wp-content\/uploads\/2024\/05\/c950811c-7763-405d-ad2c-15d392502b93-1-150x150.jpg\" class=\"attachment-thumbnail size-thumbnail\" alt=\"\" aria-describedby=\"gallery-3-392711\" \/><\/a>\n\t\t\t\t<\/dt>\n\t\t\t\t\t<dd class='wp-caption-text gallery-caption' id='gallery-3-392711'>\n\t\t\t\t\tCAMPANOT A CASTION\n\t\t\t\t\t<\/dd><\/dl><br style=\"clear: both\" \/>\n\t\t\t<\/div>\n\n<\/div>\n<\/div>\n<\/div>\n<p><strong>BELLUNO <\/strong>La Commissione Escursionismo della Sezione di Belluno del Club Alpino Italiano organizza per domenica 9 Giugno 2024 un\u2019escursione sul versante sud delle Cime d\u2019Auta in val del Biois. Escursione facile ma molto panoramica che spazia dalla Civetta all\u2019 Altipiano delle Pale di San Martino. Zona ricca di flora e, se fortunati, si possono incontrare dei stambecchi e camosci. Percorreremo un tratto dell\u2019 Alta Via dei Pastori. Le iscrizioni, aperte solo ai soci CAI, si effettuano esclusivamente in modalit\u00e0 online entro le ore 12 di sabato 08 Giugno\u00a0<strong>PER ISCRIVERTI <a href=\"https:\/\/form.jotform.com\/EscursionismoCaiBL\/Lago\"><span style=\"color: #3366ff;\">CLICCA QUI<\/span><\/a><\/strong><\/p>\n<p><strong>AGORDO<\/strong> Venerd\u00ec alle 17:30, l\u2019autrice Angela Torri presenter\u00e0 nella sala riunioni della Biblioteca Civica di Agordo il romanzo \u201cAnin\u201d, storia incentrata sulle Portatrici Carniche, un manipolo di donne che durante la Grande Guerra hanno aiutato i soldati al fronte portando con le loro gerle rifornimenti anche in posti impervi, oltre che pericolosi soprattutto per il contesto di prima linea nelle quali operavano.<\/p>\n<p><strong>BELLUNO<\/strong> Venerdi nella sala polifunzionale di Cavarzano, con ingresso libero, spettacolo Sold-in di e con Alverio Cau. Chiacchiere e canzoni, organizza circolo dei Sardi nel bellunese<\/p>\n<p><strong>BORGO VALBELLUNA <\/strong>Dopo il successo ottenuto dal concerto di sabato scorso con musiche popolari, il Coro polifonico di Trichiana ha organizzato un concerto particolare per sabato 8 giugno alle ore 20,30 presso la Chiesa arcipretale di Trichiana. Ospite della serata il Vocal Band \u201cAcapellago\u201d, un gruppo contemporaneo delle Filippine, composto da cinque musicisti di talento.<\/p>\n<p>RIVA&#8230;&#8230;.RONNNNNNNNN corsa podistica non competitiva. DOMENICA 9 GIUGNO, PARTENZA ALLE 10 DALLA CASA DELLA GIOVENTU&#8217; DI RIVAMONTE. DUE PERCORSI&#8230; TANTI PREMI, pasta party, premiazioni e musica con DJ Tom\u00e8<\/p>\n<h2><span style=\"color: #ff0000;\">PROSSIMAMENTE\u00a0<\/span><\/h2>\n<p>Preparatevi a scatenare la vostra energia e a superare i vostri limiti con CorriPoi 2024. Il trofeo di Corse Podistiche a tappe Nell&#8217;Agordino, quattro tappe emozionanti, ognuna delle quali vi porter\u00e0 a scoprire le bellezze naturali del territorio. 9 GIUGNO RIVAMONTE, 22 GIUGNO FRASSENE&#8217;, 7 LUGLIO FORCELLA AURINE, 7 SETTEMBRE VOLTAGO Alla CorriPoi parteciperanno, fianco a fianco, forti runner, atleti della domenica, famiglie, gruppi di amici, giovani corridori in erba, tutti con l&#8217;obiettivo di correre e di divertirsi. Corri verso la vittoria, corri verso il trofeo Alpenpluss. Regolamento delle quattro gare sul sito KEEPSPORTING.COM, in collaborazione con Kiwi Sport, abbigliamento sportivo per tutta la famiglia, ad ALLEGHE- CENCENIGHE &#8211; BELLUNO<\/p>\n<p>LA PRO LOCO DI RIVAMONTE TI INVITA ALLA SAGRA DE SANT&#8217;ANTONI, DAL 12 AL 16 GIUGNO<br \/>\nMERCOLEDI 12 GIUGNO, GNOCH CO LA POINA, IL PIATTO TIPICO E ALTRE SPECIALIT\u00e0, MUSICA CON LINO<br \/>\nGIOVEDI 13 GIUGNO PRANZO E CENA, DALLE 21 LA MUSICA DI EROS E KARIM<br \/>\nVENERDI 14 GIUGNO A CENA &#8220;PANET ONTI, WURSTEL PATATINE E BIRRA, PROIEZIONE DEL VIDEO SOSPIROLO-NEPAL IN BICI DI FAUSTO DE POI E DALLE 22 CONCERTO CON I BLACK OUT<br \/>\nSABATO 15 SERATA DANZANTE CON LA SPRITZ BAND, A SEGUIRE DJ MORGAN E BATTAGLIA, CHIUSCO COCKTAIL ALL&#8217;ESTERNO DEL TENDONE<br \/>\nDOMENICA 16 PRANZO ALLE 12, POMERIGGIO CON I GRUPPI BATI ORZ DI SANT TOMASO E FOLK DEL POI<br \/>\nALLA CASA DELLA GIOVENTU&#8217; PESCA DI BENEFICIENZA, IN CHIESA I CORDONI DI SANT&#8217;ANTONIO.<\/p>\n<p>&nbsp;<\/p>\n<p>&nbsp;<\/p>\n<hr \/>\n<p>&nbsp;<\/p>\n<p><a class=\"dt-pswp-item\" href=\"https:\/\/www.radiopiu.net\/wordpress\/wp-content\/uploads\/2018\/09\/viabilita.jpeg\" data-dt-img-description=\"\" data-large_image_width=\"800\" data-large_image_height=\"100\"><img loading=\"lazy\" decoding=\"async\" class=\"aligncenter wp-image-61954 size-full\" src=\"https:\/\/www.radiopiu.net\/wordpress\/wp-content\/uploads\/2018\/09\/viabilita.jpeg\" alt=\"\" width=\"800\" height=\"100\" srcset=\"https:\/\/www.radiopiu.net\/wordpress\/wp-content\/uploads\/2018\/09\/viabilita.jpeg 800w, https:\/\/www.radiopiu.net\/wordpress\/wp-content\/uploads\/2018\/09\/viabilita-300x38.jpeg 300w, https:\/\/www.radiopiu.net\/wordpress\/wp-content\/uploads\/2018\/09\/viabilita-768x96.jpeg 768w\" sizes=\"auto, (max-width: 800px) 100vw, 800px\" \/><\/a><\/p>\n<p>&nbsp;<\/p>\n<p><a class=\"dt-pswp-item\" href=\"https:\/\/www.radiopiu.net\/wordpress\/wp-content\/uploads\/2023\/12\/botol-car-service.jpg\" data-dt-img-description=\"\" data-large_image_width=\"600\" data-large_image_height=\"600\"><img loading=\"lazy\" decoding=\"async\" class=\"size-medium wp-image-367044 aligncenter\" src=\"https:\/\/www.radiopiu.net\/wordpress\/wp-content\/uploads\/2023\/12\/botol-car-service-300x300.jpg\" alt=\"\" width=\"300\" height=\"300\" srcset=\"https:\/\/www.radiopiu.net\/wordpress\/wp-content\/uploads\/2023\/12\/botol-car-service-300x300.jpg 300w, https:\/\/www.radiopiu.net\/wordpress\/wp-content\/uploads\/2023\/12\/botol-car-service-150x150.jpg 150w, https:\/\/www.radiopiu.net\/wordpress\/wp-content\/uploads\/2023\/12\/botol-car-service.jpg 600w\" sizes=\"auto, (max-width: 300px) 100vw, 300px\" \/><\/a><\/p>\n<p>&nbsp;<\/p>\n<p>&nbsp;<\/p>\n<h1>BOLLETTINO QUOTIDIANO, CLICCA QUI<\/h1>\n<blockquote class=\"wp-embedded-content\" data-secret=\"nLoHHxwfxo\"><p><a href=\"https:\/\/www.radiopiu.net\/wordpress\/viabilita-2\/\">viabilita<\/a><\/p><\/blockquote>\n<p><iframe loading=\"lazy\" class=\"wp-embedded-content\" sandbox=\"allow-scripts\" security=\"restricted\" style=\"position: absolute; visibility: hidden;\" title=\"&#8220;viabilita&#8221; &#8212; Radio Pi\u00f9\" src=\"https:\/\/www.radiopiu.net\/wordpress\/viabilita-2\/embed\/#?secret=lcRoEfIAwu#?secret=nLoHHxwfxo\" data-secret=\"nLoHHxwfxo\" width=\"600\" height=\"338\" frameborder=\"0\" marginwidth=\"0\" marginheight=\"0\" scrolling=\"no\"><\/iframe><\/p>\n<p>&nbsp;<\/p>\n<p>&nbsp;<\/p>\n<hr \/>\n<p>&nbsp;<\/p>\n<p><a class=\"dt-pswp-item\" href=\"https:\/\/www.radiopiu.net\/wordpress\/wp-content\/uploads\/2018\/09\/WhatsApp-Image-2018-09-20-at-16.04.06.jpeg\" data-dt-img-description=\"\" data-large_image_width=\"800\" data-large_image_height=\"100\"><img loading=\"lazy\" decoding=\"async\" class=\"wp-image-61378 size-full aligncenter\" src=\"https:\/\/www.radiopiu.net\/wordpress\/wp-content\/uploads\/2018\/09\/WhatsApp-Image-2018-09-20-at-16.04.06.jpeg\" alt=\"\" width=\"800\" height=\"100\" srcset=\"https:\/\/www.radiopiu.net\/wordpress\/wp-content\/uploads\/2018\/09\/WhatsApp-Image-2018-09-20-at-16.04.06.jpeg 800w, https:\/\/www.radiopiu.net\/wordpress\/wp-content\/uploads\/2018\/09\/WhatsApp-Image-2018-09-20-at-16.04.06-300x38.jpeg 300w, https:\/\/www.radiopiu.net\/wordpress\/wp-content\/uploads\/2018\/09\/WhatsApp-Image-2018-09-20-at-16.04.06-768x96.jpeg 768w\" sizes=\"auto, (max-width: 800px) 100vw, 800px\" \/><\/a><\/p>\n<p><center><\/center><center><\/center><center><\/center><center><\/center><center><\/center><center><\/center>&nbsp;<\/p>\n<p><center><\/center><center><\/center><center><\/center><center><\/center><center><\/center><center><\/center><center><\/center><center><b>OGGI<\/b><\/center>Al mattino tratti soleggiati, anche duraturi, e transito di sottili nubi alte, assieme a qualche temporaneo annuvolamento stratiforme. Poi riduzione del soleggiamento per attivit\u00e0 cumuliforme irregolare, localmente intensa ed associata a fenomeni convettivi sparsi, magari pi\u00f9 intensi rispetto a luned\u00ec per maggiore convezione iniziale.<br \/>\n<b>Precipitazioni: <\/b>Al mattino assenti. Dalle ore centrali probabili rovesci sparsi e e qualche temporale, la cui intensit\u00e0 potrebbe essere maggiore rispetto a luned\u00ec.<br \/>\n<b>Temperature: <\/b>Minime in aumento in quota e in calo nelle valli per maggiore irraggiamento notturno. Massime in generale lieve aumento con valori prettamente primaverili alle quote pi\u00f9 basse.<\/p>\n<hr \/>\n<p><center><b>DOMANI<\/b><\/center>Sole e temporanee nubi alte al mattino, mentre l&#8217;attivit\u00e0 cumuliforme sar\u00e0 ancora ben presente al pomeriggio con riduzione del soleggiamento, Nel contempo crescer\u00e0 la probabilit\u00e0 di fenomeni convettivi, seppur minore rispetto a marted\u00ec.<br \/>\n<b>Precipitazioni: <\/b>Al mattino assenti; dalle ore centrali qualche rovescio, ma la probabilit\u00e0 sar\u00e0 minore rispetto a marted\u00ec ed i fenomeni decisamente pi\u00f9 isolati, tant&#8217;\u00e8 che su alcuni settori montani le precipitazioni saranno del tutto assenti.<br \/>\n<b>Temperature: <\/b>In ulteriore aumento a tutte le quote specie per quanto riguarda le massime.<\/p>\n<hr \/>\n<p><center><b>GIOVEDI<\/b><\/center>Eccetto qualche banco di nubi basse mattutine, il tempo sar\u00e0 in prevalenza soleggiato con qualche velatura e cumuli di bel tempo fino a met\u00e0 pomeriggio. Poi non escluso qualche addensamento in grado di dar luogo a qualche isolato focolaio d&#8217;instabilit\u00e0 convettiva, ma sar\u00e0 l&#8217;eccezione. Temperature in generale aumento con valori tardo primaverili.<\/p>\n<hr \/>\n<p><center><b>VENERDI<\/b><\/center>Tempo in prevalenza soleggiato con cielo sereno o poco nuvoloso per velature al mattino. Lieve riduzione del soleggiamento al pomeriggio per modesta attivit\u00e0 cumuliforme, localmente moderata alla sera, quando isolati temporali di calore non saranno da escludere del tutto. Temperature in aumento con contesto diurno quasi estivo nelle valli, mentre il rialzo sar\u00e0 minore in alta quota, specie nei settori ancora innevati.<\/p>\n<p>&nbsp;<\/p>\n<hr \/>\n<p>&nbsp;<\/p>\n<p><img loading=\"lazy\" decoding=\"async\" class=\"wp-image-60761 size-full aligncenter\" src=\"https:\/\/www.radiopiu.net\/wordpress\/wp-content\/uploads\/2018\/09\/sport.jpg\" alt=\"\" width=\"800\" height=\"100\" srcset=\"https:\/\/www.radiopiu.net\/wordpress\/wp-content\/uploads\/2018\/09\/sport.jpg 800w, https:\/\/www.radiopiu.net\/wordpress\/wp-content\/uploads\/2018\/09\/sport-300x38.jpg 300w, https:\/\/www.radiopiu.net\/wordpress\/wp-content\/uploads\/2018\/09\/sport-768x96.jpg 768w\" sizes=\"auto, (max-width: 800px) 100vw, 800px\" \/><\/p>\n<p>&nbsp;<\/p>\n<p><span style=\"color: #0000ff;\"><strong>CALCIO<\/strong><\/span><\/p>\n<blockquote>\n<h3>IL TOMO BAR SOSTA VINCE IL CAMPIONATO CSI OVER<\/h3>\n<\/blockquote>\n<p>Sabato 1 giugno, il campo sportivo di Lib\u00e0no di Sedico ha ospitato l\u2019ultimo atto dei tornei Over 2023-2024 proposti dai comitati di Belluno e di Feltre del Centro sportivo italiano. A cura del Gs Giardini Sedico (societ\u00e0 che festeggia i 40 anni di storia), si sono disputate la finale del Campionato e la finale della Coppa. Nella finale del Campionato si sono affrontate il Tomo Bar La Sosta e il Willy\u2019s Bar. A vincere sono stati i feltrini del Tomo Bar La Sosta, impostisi per 3-1, con due reti di Antonio Argenta e una di Andrea Zucco. La finale della Coppa ha visto la vittoria della Plavis Veterani, impostasi dopo i calci di rigore sul Team Stramal.\u00a0 Prima dei due incontri si \u00e8 osservato un minuto di silenzio in memoria di Gianni Unterberger, arbitro del Csi di Belluno scomparso recentemente<\/p>\n\n\t\t\t<style type='text\/css'>\n\t\t\t\t#gallery-4 {\n\t\t\t\t\tmargin: auto;\n\t\t\t\t}\n\t\t\t\t#gallery-4 .gallery-item {\n\t\t\t\t\tfloat: left;\n\t\t\t\t\tmargin-top: 10px;\n\t\t\t\t\ttext-align: center;\n\t\t\t\t\twidth: 50%;\n\t\t\t\t}\n\t\t\t\t#gallery-4 img {\n\t\t\t\t\tborder: 2px solid #cfcfcf;\n\t\t\t\t}\n\t\t\t\t#gallery-4 .gallery-caption {\n\t\t\t\t\tmargin-left: 0;\n\t\t\t\t}\n\t\t\t\t\/* see gallery_shortcode() in wp-includes\/media.php *\/\n\t\t\t<\/style>\n\t\t<div id='gallery-4' class='dt-gallery-container gallery galleryid-393046 gallery-columns-2 gallery-size-medium'><dl class='gallery-item'>\n\t\t\t\t<dt class='gallery-icon landscape'>\n\t\t\t\t\t<a class=\"rollover rollover-zoom dt-pswp-item\" title=\"plavis veterani vince la coppa over 01.06.2024 libano_credito BEPPE DE ZANET\" data-dt-img-description=\"\" data-large_image_width=\"1500\" data-large_image_height=\"1000\"href='https:\/\/www.radiopiu.net\/wordpress\/wp-content\/uploads\/2024\/06\/plavis-veterani-vince-la-coppa-over-01.06.2024-libano_credito-BEPPE-DE-ZANET.jpg'><img loading=\"lazy\" decoding=\"async\" width=\"300\" height=\"200\" src=\"https:\/\/www.radiopiu.net\/wordpress\/wp-content\/uploads\/2024\/06\/plavis-veterani-vince-la-coppa-over-01.06.2024-libano_credito-BEPPE-DE-ZANET-300x200.jpg\" class=\"attachment-medium size-medium\" alt=\"\" aria-describedby=\"gallery-4-393157\" srcset=\"https:\/\/www.radiopiu.net\/wordpress\/wp-content\/uploads\/2024\/06\/plavis-veterani-vince-la-coppa-over-01.06.2024-libano_credito-BEPPE-DE-ZANET-300x200.jpg 300w, https:\/\/www.radiopiu.net\/wordpress\/wp-content\/uploads\/2024\/06\/plavis-veterani-vince-la-coppa-over-01.06.2024-libano_credito-BEPPE-DE-ZANET-1024x683.jpg 1024w, https:\/\/www.radiopiu.net\/wordpress\/wp-content\/uploads\/2024\/06\/plavis-veterani-vince-la-coppa-over-01.06.2024-libano_credito-BEPPE-DE-ZANET-768x512.jpg 768w, https:\/\/www.radiopiu.net\/wordpress\/wp-content\/uploads\/2024\/06\/plavis-veterani-vince-la-coppa-over-01.06.2024-libano_credito-BEPPE-DE-ZANET.jpg 1500w\" sizes=\"auto, (max-width: 300px) 100vw, 300px\" \/><\/a>\n\t\t\t\t<\/dt>\n\t\t\t\t\t<dd class='wp-caption-text gallery-caption' id='gallery-4-393157'>\n\t\t\t\t\tPLAVIS VETERANI\n\t\t\t\t\t<\/dd><\/dl><dl class='gallery-item'>\n\t\t\t\t<dt class='gallery-icon landscape'>\n\t\t\t\t\t<a class=\"rollover rollover-zoom dt-pswp-item\" title=\"tomo la sosta vittoria finale campionato over 01.06.2024_libano_credito BEPPE DE ZANET - Copia\" data-dt-img-description=\"\" data-large_image_width=\"1500\" data-large_image_height=\"1000\"href='https:\/\/www.radiopiu.net\/wordpress\/wp-content\/uploads\/2024\/06\/tomo-la-sosta-vittoria-finale-campionato-over-01.06.2024_libano_credito-BEPPE-DE-ZANET-Copia.jpg'><img loading=\"lazy\" decoding=\"async\" width=\"300\" height=\"200\" src=\"https:\/\/www.radiopiu.net\/wordpress\/wp-content\/uploads\/2024\/06\/tomo-la-sosta-vittoria-finale-campionato-over-01.06.2024_libano_credito-BEPPE-DE-ZANET-Copia-300x200.jpg\" class=\"attachment-medium size-medium\" alt=\"\" aria-describedby=\"gallery-4-393158\" srcset=\"https:\/\/www.radiopiu.net\/wordpress\/wp-content\/uploads\/2024\/06\/tomo-la-sosta-vittoria-finale-campionato-over-01.06.2024_libano_credito-BEPPE-DE-ZANET-Copia-300x200.jpg 300w, https:\/\/www.radiopiu.net\/wordpress\/wp-content\/uploads\/2024\/06\/tomo-la-sosta-vittoria-finale-campionato-over-01.06.2024_libano_credito-BEPPE-DE-ZANET-Copia-1024x683.jpg 1024w, https:\/\/www.radiopiu.net\/wordpress\/wp-content\/uploads\/2024\/06\/tomo-la-sosta-vittoria-finale-campionato-over-01.06.2024_libano_credito-BEPPE-DE-ZANET-Copia-768x512.jpg 768w, https:\/\/www.radiopiu.net\/wordpress\/wp-content\/uploads\/2024\/06\/tomo-la-sosta-vittoria-finale-campionato-over-01.06.2024_libano_credito-BEPPE-DE-ZANET-Copia.jpg 1500w\" sizes=\"auto, (max-width: 300px) 100vw, 300px\" \/><\/a>\n\t\t\t\t<\/dt>\n\t\t\t\t\t<dd class='wp-caption-text gallery-caption' id='gallery-4-393158'>\n\t\t\t\t\tTOMO LA SOSTA\n\t\t\t\t\t<\/dd><\/dl><br style=\"clear: both\" \/>\n\t\t\t<\/div>\n\n<p>&nbsp;<\/p>\n<p><a class=\"dt-pswp-item\" href=\"https:\/\/www.radiopiu.net\/wordpress\/wp-content\/uploads\/2024\/06\/copertina-aa.png\" data-dt-img-description=\"\" data-large_image_width=\"465\" data-large_image_height=\"256\"><img loading=\"lazy\" decoding=\"async\" class=\"aligncenter wp-image-393196 size-full\" src=\"https:\/\/www.radiopiu.net\/wordpress\/wp-content\/uploads\/2024\/06\/copertina-aa.png\" alt=\"\" width=\"465\" height=\"256\" srcset=\"https:\/\/www.radiopiu.net\/wordpress\/wp-content\/uploads\/2024\/06\/copertina-aa.png 465w, https:\/\/www.radiopiu.net\/wordpress\/wp-content\/uploads\/2024\/06\/copertina-aa-300x165.png 300w\" sizes=\"auto, (max-width: 465px) 100vw, 465px\" \/><\/a><\/p>\n","protected":false},"excerpt":{"rendered":"<p>****** &nbsp; ultim&#8217;ora TERREMOTO IN SVIZZERA\u00a0 Una scossa di terremoto di magnitudo 4.2 \u00e8 stata registrata alle 2:34 in Svizzera ed avvertita anche in Italia. \u00a0 \u00a0 Secondo i dati dell&#8217;Istituto nazionale di geofisica e vulcanologia (Ingv), il sisma ha avuto ipocentro a otto chilometri di profondit\u00e0 ed epicentro vicino Studen, nel Canton Berna.\u00a0 Non&hellip;<\/p>\n","protected":false},"author":4,"featured_media":393195,"comment_status":"closed","ping_status":"closed","sticky":false,"template":"","format":"standard","meta":{"_monsterinsights_skip_tracking":false,"_monsterinsights_sitenote_active":false,"_monsterinsights_sitenote_note":"","_monsterinsights_sitenote_category":0,"footnotes":""},"categories":[51,86,49],"tags":[],"class_list":["post-393046","post","type-post","status-publish","format-standard","has-post-thumbnail","hentry","category-evidenza-top","category-gr","category-news-18","category-51","category-86","category-49","description-off"],"img_url":"https:\/\/www.radiopiu.net\/wordpress\/wp-content\/uploads\/2024\/06\/COPRTINA-1.png","_links":{"self":[{"href":"https:\/\/www.radiopiu.net\/wordpress\/wp-json\/wp\/v2\/posts\/393046","targetHints":{"allow":["GET"]}}],"collection":[{"href":"https:\/\/www.radiopiu.net\/wordpress\/wp-json\/wp\/v2\/posts"}],"about":[{"href":"https:\/\/www.radiopiu.net\/wordpress\/wp-json\/wp\/v2\/types\/post"}],"author":[{"embeddable":true,"href":"https:\/\/www.radiopiu.net\/wordpress\/wp-json\/wp\/v2\/users\/4"}],"replies":[{"embeddable":true,"href":"https:\/\/www.radiopiu.net\/wordpress\/wp-json\/wp\/v2\/comments?post=393046"}],"version-history":[{"count":2,"href":"https:\/\/www.radiopiu.net\/wordpress\/wp-json\/wp\/v2\/posts\/393046\/revisions"}],"predecessor-version":[{"id":414831,"href":"https:\/\/www.radiopiu.net\/wordpress\/wp-json\/wp\/v2\/posts\/393046\/revisions\/414831"}],"wp:featuredmedia":[{"embeddable":true,"href":"https:\/\/www.radiopiu.net\/wordpress\/wp-json\/wp\/v2\/media\/393195"}],"wp:attachment":[{"href":"https:\/\/www.radiopiu.net\/wordpress\/wp-json\/wp\/v2\/media?parent=393046"}],"wp:term":[{"taxonomy":"category","embeddable":true,"href":"https:\/\/www.radiopiu.net\/wordpress\/wp-json\/wp\/v2\/categories?post=393046"},{"taxonomy":"post_tag","embeddable":true,"href":"https:\/\/www.radiopiu.net\/wordpress\/wp-json\/wp\/v2\/tags?post=393046"}],"curies":[{"name":"wp","href":"https:\/\/api.w.org\/{rel}","templated":true}]}}