{"id":393211,"date":"2024-06-04T07:55:14","date_gmt":"2024-06-04T05:55:14","guid":{"rendered":"https:\/\/www.radiopiu.net\/wordpress\/?p=393211"},"modified":"2024-06-04T07:57:02","modified_gmt":"2024-06-04T05:57:02","slug":"dal-1983-la-rassegna-stampa-locale-di-radiopiu-loriginale","status":"publish","type":"post","link":"https:\/\/www.radiopiu.net\/wordpress\/dal-1983-la-rassegna-stampa-locale-di-radiopiu-loriginale\/","title":{"rendered":"dal 1983 la rassegna stampa locale, DI radiopi\u00f9 L&#8217;ORIGINALE"},"content":{"rendered":"<p>***<\/p>\n<p><iframe loading=\"lazy\" title=\"DAL 1983 LA RASSEGNA STAMPA LOCALE di mirko mezzacasa. L&#039;ORIGINALE\" width=\"1200\" height=\"675\" src=\"https:\/\/www.youtube.com\/embed\/36prgR-LasI?feature=oembed\" frameborder=\"0\" allow=\"accelerometer; autoplay; clipboard-write; encrypted-media; gyroscope; picture-in-picture; web-share\" referrerpolicy=\"strict-origin-when-cross-origin\" allowfullscreen><\/iframe><\/p>\n<p>&nbsp;<\/p>\n<p><img loading=\"lazy\" decoding=\"async\" class=\"alignleft\" src=\"https:\/\/www.radiopiu.net\/wordpress\/wp-content\/uploads\/2024\/06\/copert12.png\" width=\"380\" height=\"237\" \/><strong>Una scossa di terremoto di magnitudo 4.2 \u00e8 stata registrata alle 2:34 in Svizzera ed avvertita anche in Italia. \u00a0 \u00a0 Secondo i dati dell&#8217;Istituto nazionale di geofisica e vulcanologia (Ingv), il sisma ha avuto ipocentro a otto chilometri di profondit\u00e0 ed epicentro vicino Studen, nel Canton Berna.\u00a0 Non si hanno al momento notizie di danni a persone o cose.<\/strong><br \/>\n<strong>LIVINALLONGO DEL COL DI LANA<\/strong> in localit\u00e0 COLLAZ l&#8217;acqua erogata dall&#8217;acquedotto non \u00e8 potabile e non pu\u00f2 essere usata per scopi alimentari <strong>AGORDO\u00a0<\/strong> OGGI dalle 8 a fine lavori,\u00a0 verr\u00e0 sospesa l\u2019erogazione dell\u2019acqua\u00a0 nelle vie 5 MAGGIO 1848, CAMPO DEI FIORI, V.lo 5 MAGGIO 1848 e DOZZA.<br \/>\n<strong>L&#8217;UNPLI SI STRINGE ATTORNO ALLA FAMIGLIA DI ESPEDITO PAGNUSSAT<\/strong><br \/>\n<strong>SEDICO<\/strong> \u00a0Un colpo di sonno ha causato un incidente sulla 203 Agordina, coinvolgendo due auto. Il conducente di una Golf ha perso il controllo, scontrandosi con una Citroen. Entrambi i guidatori, 19 e 30 anni, hanno riportato traumi lievi. Sul posto, Polstrada, vigili del fuoco e sanitari.<br \/>\n<a class=\"dt-pswp-item\" href=\"https:\/\/www.radiopiu.net\/wordpress\/wp-content\/uploads\/2024\/06\/copertina-aa.png\" data-dt-img-description=\"\" data-large_image_width=\"465\" data-large_image_height=\"256\"><img loading=\"lazy\" decoding=\"async\" class=\"size-medium wp-image-393196 alignleft\" src=\"https:\/\/www.radiopiu.net\/wordpress\/wp-content\/uploads\/2024\/06\/copertina-aa-300x165.png\" alt=\"\" width=\"300\" height=\"165\" srcset=\"https:\/\/www.radiopiu.net\/wordpress\/wp-content\/uploads\/2024\/06\/copertina-aa-300x165.png 300w, https:\/\/www.radiopiu.net\/wordpress\/wp-content\/uploads\/2024\/06\/copertina-aa.png 465w\" sizes=\"auto, (max-width: 300px) 100vw, 300px\" \/><\/a><strong>FELTRE<\/strong> Una madre di Feltre, che avanza 2.355 euro per il mantenimento e spese dei figli, non si \u00e8 presentata in tribunale. L&#8217;udienza \u00e8 stata rinviata al 20 settembre a causa dell&#8217;assenza della parte offesa e dei testimoni della difesa.<br \/>\n<strong>OGGI LO SCIOPERO NAZIONALE PER I DIPENDENTI DELLE AZIENDE DELLA RISTORAZIONE<\/strong><br \/>\n<strong>RIFUGI<\/strong> SANI E SICURI: CONSEGNATE LE PRIME 11 TARGHE <strong>ELETTO IL CONSIGLIO DIRETTIVO DI ABM<\/strong><br \/>\nPer il Consiglio Direttivo, Oscar De Bona \u00e8 stato il pi\u00f9 votato e ha ottenuto 1277 voti.<\/p>\n<p>&nbsp;<\/p>\n<p>&nbsp;<\/p>\n<hr \/>\n<p>&nbsp;<\/p>\n","protected":false},"excerpt":{"rendered":"<p>*** &nbsp; Una scossa di terremoto di magnitudo 4.2 \u00e8 stata registrata alle 2:34 in Svizzera ed avvertita anche in Italia. \u00a0 \u00a0 Secondo i dati dell&#8217;Istituto nazionale di geofisica e vulcanologia (Ingv), il sisma ha avuto ipocentro a otto chilometri di profondit\u00e0 ed epicentro vicino Studen, nel Canton Berna.\u00a0 Non si hanno al momento&hellip;<\/p>\n","protected":false},"author":4,"featured_media":393198,"comment_status":"closed","ping_status":"closed","sticky":false,"template":"","format":"standard","meta":{"_monsterinsights_skip_tracking":false,"_monsterinsights_sitenote_active":false,"_monsterinsights_sitenote_note":"","_monsterinsights_sitenote_category":0,"footnotes":""},"categories":[51,49,142],"tags":[],"class_list":["post-393211","post","type-post","status-publish","format-standard","has-post-thumbnail","hentry","category-evidenza-top","category-news-18","category-rassegna-stampa","category-51","category-49","category-142","description-off"],"img_url":"https:\/\/www.radiopiu.net\/wordpress\/wp-content\/uploads\/2024\/06\/copert12.png","_links":{"self":[{"href":"https:\/\/www.radiopiu.net\/wordpress\/wp-json\/wp\/v2\/posts\/393211","targetHints":{"allow":["GET"]}}],"collection":[{"href":"https:\/\/www.radiopiu.net\/wordpress\/wp-json\/wp\/v2\/posts"}],"about":[{"href":"https:\/\/www.radiopiu.net\/wordpress\/wp-json\/wp\/v2\/types\/post"}],"author":[{"embeddable":true,"href":"https:\/\/www.radiopiu.net\/wordpress\/wp-json\/wp\/v2\/users\/4"}],"replies":[{"embeddable":true,"href":"https:\/\/www.radiopiu.net\/wordpress\/wp-json\/wp\/v2\/comments?post=393211"}],"version-history":[{"count":0,"href":"https:\/\/www.radiopiu.net\/wordpress\/wp-json\/wp\/v2\/posts\/393211\/revisions"}],"wp:featuredmedia":[{"embeddable":true,"href":"https:\/\/www.radiopiu.net\/wordpress\/wp-json\/wp\/v2\/media\/393198"}],"wp:attachment":[{"href":"https:\/\/www.radiopiu.net\/wordpress\/wp-json\/wp\/v2\/media?parent=393211"}],"wp:term":[{"taxonomy":"category","embeddable":true,"href":"https:\/\/www.radiopiu.net\/wordpress\/wp-json\/wp\/v2\/categories?post=393211"},{"taxonomy":"post_tag","embeddable":true,"href":"https:\/\/www.radiopiu.net\/wordpress\/wp-json\/wp\/v2\/tags?post=393211"}],"curies":[{"name":"wp","href":"https:\/\/api.w.org\/{rel}","templated":true}]}}