{"id":393298,"date":"2024-06-06T05:33:50","date_gmt":"2024-06-06T03:33:50","guid":{"rendered":"https:\/\/www.radiopiu.net\/wordpress\/?p=393298"},"modified":"2024-06-06T05:46:24","modified_gmt":"2024-06-06T03:46:24","slug":"segnalazion","status":"publish","type":"post","link":"https:\/\/www.radiopiu.net\/wordpress\/segnalazion\/","title":{"rendered":"RIAPERTA LA SS52 \u201cCARNICA\u2019\u201d A LORENZAGO DI CADORE"},"content":{"rendered":"<p>\u00b0\u00b0\u00b0<\/p>\n<p>&nbsp;<\/p>\n<p>A causa di un mezzo pesante in avaria, ieri sera era stata chiusa\u00a0 \u00a0la carreggiata lungo la SS52 \u201cCarnica\u201d a Lorenzago di Cadore in provincia di Belluno. La chiusura si \u00e8 resa necessaria per consentire le operazioni di rimozione del mezzo terminate attorno alle 17<\/p>\n<p><span style=\"color: #0000ff;\">FOTO CHAT VIABILITA&#8217; PROVINCIA BELLUNO VPB TELEGRAM<\/span><\/p>\n\n\t\t\t<style type='text\/css'>\n\t\t\t\t#gallery-1 {\n\t\t\t\t\tmargin: auto;\n\t\t\t\t}\n\t\t\t\t#gallery-1 .gallery-item {\n\t\t\t\t\tfloat: left;\n\t\t\t\t\tmargin-top: 10px;\n\t\t\t\t\ttext-align: center;\n\t\t\t\t\twidth: 50%;\n\t\t\t\t}\n\t\t\t\t#gallery-1 img {\n\t\t\t\t\tborder: 2px solid #cfcfcf;\n\t\t\t\t}\n\t\t\t\t#gallery-1 .gallery-caption {\n\t\t\t\t\tmargin-left: 0;\n\t\t\t\t}\n\t\t\t\t\/* see gallery_shortcode() in wp-includes\/media.php *\/\n\t\t\t<\/style>\n\t\t<div id='gallery-1' class='dt-gallery-container gallery galleryid-393298 gallery-columns-2 gallery-size-medium'><dl class='gallery-item'>\n\t\t\t\t<dt class='gallery-icon portrait'>\n\t\t\t\t\t<a class=\"rollover rollover-zoom dt-pswp-item\" title=\"4cc662e5-2b71-45d4-9a4c-416a64475cb4\" data-dt-img-description=\"\" data-large_image_width=\"960\" data-large_image_height=\"1280\"href='https:\/\/www.radiopiu.net\/wordpress\/wp-content\/uploads\/2024\/06\/4cc662e5-2b71-45d4-9a4c-416a64475cb4.jpg'><img loading=\"lazy\" decoding=\"async\" width=\"225\" height=\"300\" src=\"https:\/\/www.radiopiu.net\/wordpress\/wp-content\/uploads\/2024\/06\/4cc662e5-2b71-45d4-9a4c-416a64475cb4-225x300.jpg\" class=\"attachment-medium size-medium\" alt=\"\" srcset=\"https:\/\/www.radiopiu.net\/wordpress\/wp-content\/uploads\/2024\/06\/4cc662e5-2b71-45d4-9a4c-416a64475cb4-225x300.jpg 225w, https:\/\/www.radiopiu.net\/wordpress\/wp-content\/uploads\/2024\/06\/4cc662e5-2b71-45d4-9a4c-416a64475cb4-768x1024.jpg 768w, https:\/\/www.radiopiu.net\/wordpress\/wp-content\/uploads\/2024\/06\/4cc662e5-2b71-45d4-9a4c-416a64475cb4.jpg 960w\" sizes=\"auto, (max-width: 225px) 100vw, 225px\" \/><\/a>\n\t\t\t\t<\/dt><\/dl><dl class='gallery-item'>\n\t\t\t\t<dt class='gallery-icon portrait'>\n\t\t\t\t\t<a class=\"rollover rollover-zoom dt-pswp-item\" title=\"53f038c6-7ee8-4e11-b484-63c524d1e538\" data-dt-img-description=\"\" data-large_image_width=\"960\" data-large_image_height=\"1280\"href='https:\/\/www.radiopiu.net\/wordpress\/wp-content\/uploads\/2024\/06\/53f038c6-7ee8-4e11-b484-63c524d1e538.jpg'><img loading=\"lazy\" decoding=\"async\" width=\"225\" height=\"300\" src=\"https:\/\/www.radiopiu.net\/wordpress\/wp-content\/uploads\/2024\/06\/53f038c6-7ee8-4e11-b484-63c524d1e538-225x300.jpg\" class=\"attachment-medium size-medium\" alt=\"\" srcset=\"https:\/\/www.radiopiu.net\/wordpress\/wp-content\/uploads\/2024\/06\/53f038c6-7ee8-4e11-b484-63c524d1e538-225x300.jpg 225w, https:\/\/www.radiopiu.net\/wordpress\/wp-content\/uploads\/2024\/06\/53f038c6-7ee8-4e11-b484-63c524d1e538-768x1024.jpg 768w, https:\/\/www.radiopiu.net\/wordpress\/wp-content\/uploads\/2024\/06\/53f038c6-7ee8-4e11-b484-63c524d1e538.jpg 960w\" sizes=\"auto, (max-width: 225px) 100vw, 225px\" \/><\/a>\n\t\t\t\t<\/dt><\/dl><br style=\"clear: both\" \/>\n\t\t\t<\/div>\n\n<p>&nbsp;<\/p>\n<p><strong>IERI\u00a0<\/strong><\/p>\n<p>&nbsp;<\/p>\n<p>Importanti avvisi riguardanti la viabilit\u00e0 per domenica 16 giugno, comunicati tramite la chat viabilit\u00e0. Ecco i dettagli:<\/p>\n<h4><a class=\"dt-pswp-item\" href=\"https:\/\/www.radiopiu.net\/wordpress\/wp-content\/uploads\/2024\/06\/e44290e6-8b35-4a86-99b4-3af2ad03c334.jpg\" data-dt-img-description=\"\" data-large_image_width=\"960\" data-large_image_height=\"1280\"><img loading=\"lazy\" decoding=\"async\" class=\" wp-image-393300 alignleft\" src=\"https:\/\/www.radiopiu.net\/wordpress\/wp-content\/uploads\/2024\/06\/e44290e6-8b35-4a86-99b4-3af2ad03c334-225x300.jpg\" alt=\"\" width=\"129\" height=\"172\" srcset=\"https:\/\/www.radiopiu.net\/wordpress\/wp-content\/uploads\/2024\/06\/e44290e6-8b35-4a86-99b4-3af2ad03c334-225x300.jpg 225w, https:\/\/www.radiopiu.net\/wordpress\/wp-content\/uploads\/2024\/06\/e44290e6-8b35-4a86-99b4-3af2ad03c334-768x1024.jpg 768w, https:\/\/www.radiopiu.net\/wordpress\/wp-content\/uploads\/2024\/06\/e44290e6-8b35-4a86-99b4-3af2ad03c334.jpg 960w\" sizes=\"auto, (max-width: 129px) 100vw, 129px\" \/><\/a>Chiusura Parziale della Strada per il Passo Duran<\/h4>\n<p>La strada per il Passo Duran sar\u00e0 parzialmente chiusa dalle 8.30 alle 11.30 nel tratto compreso tra Forcella Staulanza e Selva di Cadore. Questa chiusura \u00e8 necessaria per consentire lo svolgimento di lavori di manutenzione e miglioramento della sicurezza <a class=\"dt-pswp-item\" href=\"https:\/\/www.radiopiu.net\/wordpress\/wp-content\/uploads\/2024\/06\/FALCADE-ALTO-1.png\" data-dt-img-description=\"\" data-large_image_width=\"382\" data-large_image_height=\"223\"><img loading=\"lazy\" decoding=\"async\" class=\"size-medium wp-image-393299 alignright\" src=\"https:\/\/www.radiopiu.net\/wordpress\/wp-content\/uploads\/2024\/06\/FALCADE-ALTO-1-300x175.png\" alt=\"\" width=\"300\" height=\"175\" srcset=\"https:\/\/www.radiopiu.net\/wordpress\/wp-content\/uploads\/2024\/06\/FALCADE-ALTO-1-300x175.png 300w, https:\/\/www.radiopiu.net\/wordpress\/wp-content\/uploads\/2024\/06\/FALCADE-ALTO-1.png 382w\" sizes=\"auto, (max-width: 300px) 100vw, 300px\" \/><\/a>stradale. Gli automobilisti sono invitati a pianificare percorsi alternativi per evitare disagi.<\/p>\n<h4>Senso Unico Alternato a Falcade Alto<\/h4>\n<p>A Falcade Alto, \u00e8 stato segnalato un senso unico alternato lungo la strada 346 del San Pellegrino. Questa misura \u00e8 stata adottata per gestire il traffico in salita, garantendo la sicurezza e la fluidit\u00e0 della circolazione in questa zona montana. Gli automobilisti sono pregati di prestare attenzione alla segnaletica e di seguire le indicazioni del personale addetto alla viabilit\u00e0.<\/p>\n<p>&nbsp;<\/p>\n<p>&nbsp;<\/p>\n<hr \/>\n<p>&nbsp;<\/p>\n","protected":false},"excerpt":{"rendered":"<p>\u00b0\u00b0\u00b0 &nbsp; A causa di un mezzo pesante in avaria, ieri sera era stata chiusa\u00a0 \u00a0la carreggiata lungo la SS52 \u201cCarnica\u201d a Lorenzago di Cadore in provincia di Belluno. La chiusura si \u00e8 resa necessaria per consentire le operazioni di rimozione del mezzo terminate attorno alle 17 FOTO CHAT VIABILITA&#8217; PROVINCIA BELLUNO VPB TELEGRAM &nbsp;&hellip;<\/p>\n","protected":false},"author":4,"featured_media":393323,"comment_status":"closed","ping_status":"closed","sticky":false,"template":"","format":"standard","meta":{"_monsterinsights_skip_tracking":false,"_monsterinsights_sitenote_active":false,"_monsterinsights_sitenote_note":"","_monsterinsights_sitenote_category":0,"footnotes":""},"categories":[51,49],"tags":[],"class_list":["post-393298","post","type-post","status-publish","format-standard","has-post-thumbnail","hentry","category-evidenza-top","category-news-18","category-51","category-49","description-off"],"img_url":"https:\/\/www.radiopiu.net\/wordpress\/wp-content\/uploads\/2024\/06\/4cc662e5-2b71-45d4-9a4c-416a64475cb4.jpg","_links":{"self":[{"href":"https:\/\/www.radiopiu.net\/wordpress\/wp-json\/wp\/v2\/posts\/393298","targetHints":{"allow":["GET"]}}],"collection":[{"href":"https:\/\/www.radiopiu.net\/wordpress\/wp-json\/wp\/v2\/posts"}],"about":[{"href":"https:\/\/www.radiopiu.net\/wordpress\/wp-json\/wp\/v2\/types\/post"}],"author":[{"embeddable":true,"href":"https:\/\/www.radiopiu.net\/wordpress\/wp-json\/wp\/v2\/users\/4"}],"replies":[{"embeddable":true,"href":"https:\/\/www.radiopiu.net\/wordpress\/wp-json\/wp\/v2\/comments?post=393298"}],"version-history":[{"count":0,"href":"https:\/\/www.radiopiu.net\/wordpress\/wp-json\/wp\/v2\/posts\/393298\/revisions"}],"wp:featuredmedia":[{"embeddable":true,"href":"https:\/\/www.radiopiu.net\/wordpress\/wp-json\/wp\/v2\/media\/393323"}],"wp:attachment":[{"href":"https:\/\/www.radiopiu.net\/wordpress\/wp-json\/wp\/v2\/media?parent=393298"}],"wp:term":[{"taxonomy":"category","embeddable":true,"href":"https:\/\/www.radiopiu.net\/wordpress\/wp-json\/wp\/v2\/categories?post=393298"},{"taxonomy":"post_tag","embeddable":true,"href":"https:\/\/www.radiopiu.net\/wordpress\/wp-json\/wp\/v2\/tags?post=393298"}],"curies":[{"name":"wp","href":"https:\/\/api.w.org\/{rel}","templated":true}]}}