{"id":393327,"date":"2024-06-06T05:30:06","date_gmt":"2024-06-06T03:30:06","guid":{"rendered":"https:\/\/www.radiopiu.net\/wordpress\/?p=393327"},"modified":"2024-06-06T05:47:18","modified_gmt":"2024-06-06T03:47:18","slug":"i-210-anni-dei-carabinieri-la-festa-in-piazza-duomo","status":"publish","type":"post","link":"https:\/\/www.radiopiu.net\/wordpress\/i-210-anni-dei-carabinieri-la-festa-in-piazza-duomo\/","title":{"rendered":"I 210 ANNI DEI CARABINIERI, LA FESTA IN PIAZZA DUOMO"},"content":{"rendered":"<p>&nbsp;<\/p>\n<p>***<\/p>\n<div class=\"flex-shrink-0 flex flex-col relative items-end\">\n<div>\n<div class=\"pt-0.5 juice:pt-0\">\n<div class=\"gizmo-bot-avatar flex h-6 w-6 items-center justify-center overflow-hidden rounded-full juice:h-8 juice:w-8\">\n<div class=\"relative p-1 rounded-sm flex items-center justify-center bg-token-main-surface-primary text-token-text-primary h-8 w-8\"><\/div>\n<\/div>\n<\/div>\n<\/div>\n<\/div>\n<div class=\"group\/conversation-turn relative flex w-full min-w-0 flex-col agent-turn\">\n<div class=\"flex-col gap-1 md:gap-3\">\n<div class=\"flex flex-grow flex-col max-w-full\">\n<div class=\"min-h-[20px] text-message flex flex-col items-start whitespace-pre-wrap break-words [.text-message+&amp;]:mt-5 juice:w-full juice:items-end overflow-x-auto gap-2\" dir=\"auto\" data-message-author-role=\"assistant\" data-message-id=\"807081fc-e821-41b5-a8dc-2bcfccb5018a\">\n<div class=\"flex w-full flex-col gap-1 juice:empty:hidden juice:first:pt-[3px]\">\n<div class=\"markdown prose w-full break-words dark:prose-invert dark\">\n<blockquote><p><em>I Carabinieri hanno celebrato i 210 anni dalla fondazione in Piazza del Duomo a Belluno, con la partecipazione del Prefetto, sindaci e autorit\u00e0. La sfilata \u00e8 partita dal Teatro Comunale, accompagnata dalla marcia &#8220;Fedelissima&#8221;, e ha visto la presenza di giovani studentesse che hanno issato il Tricolore.\u00a0<\/em><\/p>\n<p>&nbsp;<\/p><\/blockquote>\n<\/div>\n<p><iframe loading=\"lazy\" title=\"MASTER SPOT FESTA ARMA 2024\" width=\"1200\" height=\"675\" src=\"https:\/\/www.youtube.com\/embed\/-s2cAVJO19w?feature=oembed\" frameborder=\"0\" allow=\"accelerometer; autoplay; clipboard-write; encrypted-media; gyroscope; picture-in-picture; web-share\" referrerpolicy=\"strict-origin-when-cross-origin\" allowfullscreen><\/iframe><\/p>\n<p>&nbsp;<\/p>\n<p>&nbsp;<\/p>\n<p>&nbsp;<\/p>\n<\/div>\n<\/div>\n<\/div>\n<\/div>\n<\/div>\n<div class=\"flex flex-grow flex-col max-w-full\">\n<div class=\"min-h-[20px] text-message flex flex-col items-start whitespace-pre-wrap break-words [.text-message+&amp;]:mt-5 juice:w-full juice:items-end overflow-x-auto gap-2\" dir=\"auto\" data-message-author-role=\"assistant\" data-message-id=\"01317a37-7e0e-4989-9d53-c83d72b72a55\">\n<div class=\"flex w-full flex-col gap-1 juice:empty:hidden juice:first:pt-[3px]\">\n<div class=\"markdown prose w-full break-words dark:prose-invert dark\">\n<blockquote>\n<h3>Impegno e Risultati dell\u2019Arma dei Carabinieri in Provincia: Un Anno di Attivit\u00e0 Intensa<\/h3>\n<\/blockquote>\n<p><a class=\"dt-pswp-item\" href=\"https:\/\/www.radiopiu.net\/wordpress\/wp-content\/uploads\/2024\/06\/47dd01e6-52cd-471b-ae78-f78e67222dca.jpg\" data-dt-img-description=\"\" data-large_image_width=\"1280\" data-large_image_height=\"854\"><img loading=\"lazy\" decoding=\"async\" class=\" wp-image-393328 alignleft\" src=\"https:\/\/www.radiopiu.net\/wordpress\/wp-content\/uploads\/2024\/06\/47dd01e6-52cd-471b-ae78-f78e67222dca-300x200.jpg\" alt=\"\" width=\"269\" height=\"179\" srcset=\"https:\/\/www.radiopiu.net\/wordpress\/wp-content\/uploads\/2024\/06\/47dd01e6-52cd-471b-ae78-f78e67222dca-300x200.jpg 300w, https:\/\/www.radiopiu.net\/wordpress\/wp-content\/uploads\/2024\/06\/47dd01e6-52cd-471b-ae78-f78e67222dca-1024x683.jpg 1024w, https:\/\/www.radiopiu.net\/wordpress\/wp-content\/uploads\/2024\/06\/47dd01e6-52cd-471b-ae78-f78e67222dca-768x512.jpg 768w, https:\/\/www.radiopiu.net\/wordpress\/wp-content\/uploads\/2024\/06\/47dd01e6-52cd-471b-ae78-f78e67222dca.jpg 1280w\" sizes=\"auto, (max-width: 269px) 100vw, 269px\" \/><\/a>L&#8217;Arma dei Carabinieri in provincia ha registrato un&#8217;intensa attivit\u00e0 operativa nel corso dell&#8217;ultimo anno. Il Comandante Provinciale ha sottolineato che i numeri, pur parziali, riflettono l&#8217;impegno significativo dell&#8217;Arma. Sono stati svolti oltre 16.500 servizi di prevenzione, con un incremento del 10% rispetto all&#8217;anno precedente, controllando oltre 40.000 veicoli e identificando 46.000 persone. In aggiunta, sono stati effettuati oltre 40 servizi ad alto impatto, mirati a contrastare specifici fenomeni criminali. Nel 2023, sono stati operati 64 arresti, con un aumento del 35% rispetto all&#8217;anno precedente, e 25 nel primo semestre del 2024. Sono state denunciate a piede libero oltre 1.320 persone nel 2023 e 500 nel primo semestre del 2024. Sono stati perseguiti oltre 4.200 reati, identificando il 62% degli autori. Particolarmente rilevanti i dati sulla sicurezza stradale, con 1.898 sanzioni e il sequestro di 91 veicoli. Significativa anche la lotta ai furti e alle truffe, con 113 e 174 denunce rispettivamente. Nel contrasto alla droga, sono state sequestrate quasi 3 kg di hashish, 142 g di marijuana, 390 g di cocaina e 100 g di altre sostanze. Sono stati sequestrati 13 fucili, 2 pistole e numerosi esplosivi.I reati di genere sono stati perseguiti con determinazione, con 190 casi totali e misure cautelari in aumento del 10%. L&#8217;Arma ha anche condotto attivit\u00e0 di prevenzione nelle scuole, coinvolgendo circa 3.100 studenti su tematiche come bullismo e sicurezza stradale. Il servizio di emergenza 112 ha gestito oltre 78.000 chiamate, e le operazioni di soccorso piste hanno visto 1.013 interventi. I Carabinieri hanno inoltre condotto operazioni significative, tra cui l&#8217;arresto di autori di violenze di genere, tentati omicidi e traffico di stupefacenti.<\/p>\n<\/div>\n<\/div>\n<\/div>\n<\/div>\n<div class=\"flex flex-grow flex-col max-w-full\">\n<div class=\"min-h-[20px] text-message flex flex-col items-start whitespace-pre-wrap break-words [.text-message+&amp;]:mt-5 juice:w-full juice:items-end overflow-x-auto gap-2\" dir=\"auto\" data-message-author-role=\"assistant\" data-message-id=\"7f372026-7dcd-4413-ae3f-10d38be03fc8\">\n<div class=\"flex w-full flex-col gap-1 juice:empty:hidden juice:first:pt-[3px]\">\n<div class=\"markdown prose w-full break-words dark:prose-invert dark\">\n<p>&nbsp;<\/p>\n<p><strong>&#8220;Valorosi nel Servire: Il Messaggio del Colonnello Pigozzo in Celebrazione dei 210 Anni dei Carabinieri a Belluno<\/strong><\/p>\n<\/div>\n<\/div>\n<\/div>\n<\/div>\n<div class=\"flex flex-grow flex-col max-w-full\">\n<div class=\"min-h-[20px] text-message flex flex-col items-start whitespace-pre-wrap break-words [.text-message+&amp;]:mt-5 juice:w-full juice:items-end overflow-x-auto gap-2\" dir=\"auto\" data-message-author-role=\"assistant\" data-message-id=\"8d2976e4-56ec-4159-b4d1-5bec3e7d72fd\">\n<div class=\"flex w-full flex-col gap-1 juice:empty:hidden juice:first:pt-[3px]\">\n<div class=\"markdown prose w-full break-words dark:prose-invert dark\">\n<blockquote><p><em>Il Colonnello Enrico Pigozzo, nel suo discorso per la celebrazione dei 210 anni della fondazione dei Carabinieri a Belluno, ha lodato la collaborazione tra le forze dell&#8217;ordine e ha ringraziato le famiglie dei militari. Ha sottolineato l&#8217;importanza dei valori etici dell&#8217;Arma e l&#8217;essenza sostanziale del servizio. Ha esortato al sostegno dei giovani e alla lotta contro la violenza sulle donne e per il benessere delle fasce pi\u00f9 vulnerabili.<\/em><\/p><\/blockquote>\n<\/div>\n<\/div>\n<\/div>\n<\/div>\n<div class=\"mt-1 flex gap-3 empty:hidden juice:-ml-3\">\n<div class=\"flex\"><\/div>\n<div class=\"items-center justify-start rounded-xl p-1 flex\">\n<div class=\"flex items-center\">\n<div class=\"flex items-center pb-0.5 juice:pb-0\">\n<div class=\"[&amp;_svg]:h-full [&amp;_svg]:w-full icon-md h-4 w-4\">\n<h3>I PREMIATI<\/h3>\n<p><a class=\"dt-pswp-item\" href=\"https:\/\/www.radiopiu.net\/wordpress\/wp-content\/uploads\/2024\/06\/4c88dd35-1110-44d8-92b8-52d1efff7910.jpg\" data-dt-img-description=\"\" data-large_image_width=\"1548\" data-large_image_height=\"1032\"><img loading=\"lazy\" decoding=\"async\" class=\"size-medium wp-image-393329 alignleft\" src=\"https:\/\/www.radiopiu.net\/wordpress\/wp-content\/uploads\/2024\/06\/4c88dd35-1110-44d8-92b8-52d1efff7910-300x200.jpg\" alt=\"\" width=\"300\" height=\"200\" srcset=\"https:\/\/www.radiopiu.net\/wordpress\/wp-content\/uploads\/2024\/06\/4c88dd35-1110-44d8-92b8-52d1efff7910-300x200.jpg 300w, https:\/\/www.radiopiu.net\/wordpress\/wp-content\/uploads\/2024\/06\/4c88dd35-1110-44d8-92b8-52d1efff7910-1024x683.jpg 1024w, https:\/\/www.radiopiu.net\/wordpress\/wp-content\/uploads\/2024\/06\/4c88dd35-1110-44d8-92b8-52d1efff7910-768x512.jpg 768w, https:\/\/www.radiopiu.net\/wordpress\/wp-content\/uploads\/2024\/06\/4c88dd35-1110-44d8-92b8-52d1efff7910-1536x1024.jpg 1536w, https:\/\/www.radiopiu.net\/wordpress\/wp-content\/uploads\/2024\/06\/4c88dd35-1110-44d8-92b8-52d1efff7910.jpg 1548w\" sizes=\"auto, (max-width: 300px) 100vw, 300px\" \/><\/a>Durante la cerimonia, tra i Carabinieri premiati si distinguono il Luogotenente Caltana e il Luogotenente Dal Mas per la loro professionalit\u00e0. Anche i giovani Carabinieri sono stati riconosciuti per un intervento tempestivo fuori servizio. L&#8217;Associazione Nazionale Carabinieri ha ricevuto elogi per il suo supporto alle istituzioni locali.<\/p>\n<p><strong>Encomio del Comandante\u00a0<\/strong> al Car.Sc. Arianna MANFROI e ai Carabinieri Stefano ANDREATA e Tiziano PISANO\u2019, in servizio alla Stazione Carabinieri di Cortina d\u2019Ampezzo <em>\u201cAddetti a Stazione Capoluogo, dando prova di spiccata iniziativa ed elevata professionalit\u00e0,intervenivano in soccorso di un uomo colto da improvviso, grave malore durante una manifestazione <\/em><br \/>\n<em>sportiva, praticandogli appropriate manovre di rianimazione fino all\u2019arrivo del personale medico, <\/em><br \/>\n<em>scongiurando cos\u00ec irreparabili conseguenze\u201d\u00a0<\/em><\/p>\n<p><strong>Encomio del Comandante\u00a0<\/strong>\u00a0 al Maresciallo Maggiore, ora in congedo, Lorenzo PEGREFFI, al Maresciallo Ordinario Michele SOFFIATTI, all\u2019Appuntato Francesca COLLOI e al Car. Sc. Nicholas BOLZAN, in servizio al Nucleo Investigativo di Polizia Ambientale Agroalimentare e Forestale di Belluno e al Nucleo Forestale di Puos d\u2019Alpago;\u00a0 <em>\u201cComandante di Nucleo Forestale e addetti al Nucleo Investigativo provinciale, con spiccata capacit\u00e0 organizzativa ed elevata professionalit\u00e0, conducevano una complessa attivit\u00e0 info-investigativa, che consentiva di deferire all\u2019Autorit\u00e0 Giudiziaria un sodalizio criminale dedito al traffico illecito di rifiuti in molteplici regioni d\u2019Italia e all\u2019emissione di false fatturazioni. L\u2019operazione si concludeva con l\u2019arresto di 14 persone e il deferimento di altre 10, nonch\u00e9 il sequestro preventivo di beni per il valore di circa 5 milioni di euro\u201d<\/em><\/p>\n<\/div>\n<p>&nbsp;<\/p>\n<div class=\"[&amp;_svg]:h-full [&amp;_svg]:w-full icon-md h-4 w-4\">\n<p><strong><a class=\"dt-pswp-item\" href=\"https:\/\/www.radiopiu.net\/wordpress\/wp-content\/uploads\/2024\/06\/1bdb13d5-863a-468a-a9e7-c028d5d36d07.jpg\" data-dt-img-description=\"\" data-large_image_width=\"991\" data-large_image_height=\"743\"><img loading=\"lazy\" decoding=\"async\" class=\"size-medium wp-image-393330 alignleft\" src=\"https:\/\/www.radiopiu.net\/wordpress\/wp-content\/uploads\/2024\/06\/1bdb13d5-863a-468a-a9e7-c028d5d36d07-300x225.jpg\" alt=\"\" width=\"300\" height=\"225\" srcset=\"https:\/\/www.radiopiu.net\/wordpress\/wp-content\/uploads\/2024\/06\/1bdb13d5-863a-468a-a9e7-c028d5d36d07-300x225.jpg 300w, https:\/\/www.radiopiu.net\/wordpress\/wp-content\/uploads\/2024\/06\/1bdb13d5-863a-468a-a9e7-c028d5d36d07-768x576.jpg 768w, https:\/\/www.radiopiu.net\/wordpress\/wp-content\/uploads\/2024\/06\/1bdb13d5-863a-468a-a9e7-c028d5d36d07.jpg 991w\" sizes=\"auto, (max-width: 300px) 100vw, 300px\" \/><\/a>Elogio\u00a0<\/strong> ai Carabinieri Marco ARAMU, Jury AMENDOLA, Francesco ARENA e Giuseppe CALABRO\u2019, in servizio alle Stazioni Carabinieri di Belluno e Longarone; <em>\u201cMilitari addetti a Stazioni provinciali, mentre si trovavano, liberi dal servizio, nel centro cittadino di <\/em><br \/>\n<em>Belluno, si avvedevano di una lite in corso tra due uomini all\u2019esterno di un locale pubblico, chedegenerava rapidamente nell\u2019accoltellamento della vittima. Con estrema reattivit\u00e0 ed elevataprofessionalit\u00e0, intervenivano prontamente per soccorrere il ferito, allertando i soccorsi sanitari,fermare il responsabile e recuperare l\u2019arma da taglio, frattanto occultata dall\u2019aggressore. L\u2019operazione <\/em><br \/>\n<em>si concludeva con l\u2019arresto dell\u2019uomo, il sequestro dell\u2019arma e la raccolta di fonti di prova che, in sede di processo, consentivano la condanna dell\u2019imputato per il reato di tentato omicidio\u201d.\u00a0<\/em><\/p>\n<p><strong>Elogio\u00a0<\/strong> di Reparto concesso alla Stazione Carabinieri di Longarone;<em> \u201cComandante e militari addetti a Stazione distaccata, con corale sforzo, svolgevano prolungate e complesse attivit\u00e0 investigative, a seguito del decesso, per intossicazione acuta, di un bambino di <\/em><br \/>\n<em>pochi anni. All\u2019esito, riuscivano a raccogliere fondamentali elementi di prova a carico del responsabile e a fornire un ampio quanto determinante quadro di elementi di valutazione all\u2019Autorit\u00e0 Giudiziaria per l\u2019esercizio dell\u2019azione penale\u201d.<\/em><\/p>\n<p><strong>Elogio<\/strong> al Lgt. CS Massimo CALTANA, Comandante della Stazione di Pieve di Cadore; al Lgt. DAL MAS Filippo Ugo, Comandante della Stazione di Santa Giustina Bellunese;\u00a0 <strong>Elogio<\/strong> di Reparto concesso all\u2019Aliquota Operativa della Compagnia di Feltre;\u00a0 di Reparto, quale prima attestazione di merito, concessa al Nucleo Investigativo del Comando Provinciale di Belluno e alla Stazione Carabinieri di Santo Stefano di Cadore.<\/p>\n<p>&nbsp;<\/p>\n<\/div>\n<\/div>\n<\/div>\n<\/div>\n<\/div>\n<p>&nbsp;<\/p>\n<p>&nbsp;<\/p>\n<hr \/>\n<p>&nbsp;<\/p>\n<p>&nbsp;<\/p>\n<p>&nbsp;<\/p>\n","protected":false},"excerpt":{"rendered":"<p>&nbsp; *** I Carabinieri hanno celebrato i 210 anni dalla fondazione in Piazza del Duomo a Belluno, con la partecipazione del Prefetto, sindaci e autorit\u00e0. La sfilata \u00e8 partita dal Teatro Comunale, accompagnata dalla marcia &#8220;Fedelissima&#8221;, e ha visto la presenza di giovani studentesse che hanno issato il Tricolore.\u00a0 &nbsp; &nbsp; &nbsp; &nbsp; Impegno e&hellip;<\/p>\n","protected":false},"author":4,"featured_media":393330,"comment_status":"closed","ping_status":"closed","sticky":false,"template":"","format":"standard","meta":{"_monsterinsights_skip_tracking":false,"_monsterinsights_sitenote_active":false,"_monsterinsights_sitenote_note":"","_monsterinsights_sitenote_category":0,"footnotes":""},"categories":[104,49],"tags":[],"class_list":["post-393327","post","type-post","status-publish","format-standard","has-post-thumbnail","hentry","category-evidenza_3","category-news-18","category-104","category-49","description-off"],"img_url":"https:\/\/www.radiopiu.net\/wordpress\/wp-content\/uploads\/2024\/06\/1bdb13d5-863a-468a-a9e7-c028d5d36d07.jpg","_links":{"self":[{"href":"https:\/\/www.radiopiu.net\/wordpress\/wp-json\/wp\/v2\/posts\/393327","targetHints":{"allow":["GET"]}}],"collection":[{"href":"https:\/\/www.radiopiu.net\/wordpress\/wp-json\/wp\/v2\/posts"}],"about":[{"href":"https:\/\/www.radiopiu.net\/wordpress\/wp-json\/wp\/v2\/types\/post"}],"author":[{"embeddable":true,"href":"https:\/\/www.radiopiu.net\/wordpress\/wp-json\/wp\/v2\/users\/4"}],"replies":[{"embeddable":true,"href":"https:\/\/www.radiopiu.net\/wordpress\/wp-json\/wp\/v2\/comments?post=393327"}],"version-history":[{"count":0,"href":"https:\/\/www.radiopiu.net\/wordpress\/wp-json\/wp\/v2\/posts\/393327\/revisions"}],"wp:featuredmedia":[{"embeddable":true,"href":"https:\/\/www.radiopiu.net\/wordpress\/wp-json\/wp\/v2\/media\/393330"}],"wp:attachment":[{"href":"https:\/\/www.radiopiu.net\/wordpress\/wp-json\/wp\/v2\/media?parent=393327"}],"wp:term":[{"taxonomy":"category","embeddable":true,"href":"https:\/\/www.radiopiu.net\/wordpress\/wp-json\/wp\/v2\/categories?post=393327"},{"taxonomy":"post_tag","embeddable":true,"href":"https:\/\/www.radiopiu.net\/wordpress\/wp-json\/wp\/v2\/tags?post=393327"}],"curies":[{"name":"wp","href":"https:\/\/api.w.org\/{rel}","templated":true}]}}