{"id":393334,"date":"2024-06-06T05:36:43","date_gmt":"2024-06-06T03:36:43","guid":{"rendered":"https:\/\/www.radiopiu.net\/wordpress\/?p=393334"},"modified":"2024-06-06T08:01:20","modified_gmt":"2024-06-06T06:01:20","slug":"giornale-radiopiu-06-giugno-2024-direttore-mirko-mezzacasada-40-anni-25-giugno-1983-25-giugno-2023","status":"publish","type":"post","link":"https:\/\/www.radiopiu.net\/wordpress\/giornale-radiopiu-06-giugno-2024-direttore-mirko-mezzacasada-40-anni-25-giugno-1983-25-giugno-2023\/","title":{"rendered":"GIORNALE RADIOPIU 06 GIUGNO 2024 DIRETTORE MIRKO MEZZACASA\u2026DA 40 ANNI 25 GIUGNO 1983-25 GIUGNO 2023"},"content":{"rendered":"<p>******<\/p>\n<p>&nbsp;<\/p>\n<h3>PER<strong> RICEVERE QUESTO NOTIZIARIO DIRETTAMENTE SUL TUO CELLULARRisultati Eccellenti agli Esami Cambridge per l&#8217;Oxford School DolomitiE ISCRIVITI AL CANALE TELEGRAM <\/strong><strong>\u201cRADIO PIU\u00a0 INFORMAZIONE&#8221;\u00a0 <\/strong>\u00a0il CANALE TELEGRAM&#8230; UNISCITI A: RADIO PIU INFORMAZIONE<\/h3>\n<p>&nbsp;<\/p>\n<p>&nbsp;<\/p>\n<p><em><a href=\"https:\/\/www.radiopiu.net\/wordpress\/giornale-radiopiu-24-gennaio-2021-direttore-mirko-mezzacasa\/79216601_126817312416448_708980208774483089_n\/\" rel=\"attachment wp-att-186567\"><img loading=\"lazy\" decoding=\"async\" class=\"size-medium wp-image-186567 alignright\" src=\"https:\/\/www.radiopiu.net\/wordpress\/wp-content\/uploads\/2021\/01\/79216601_126817312416448_708980208774483089_n-300x114.jpg\" alt=\"\" width=\"300\" height=\"114\" srcset=\"https:\/\/www.radiopiu.net\/wordpress\/wp-content\/uploads\/2021\/01\/79216601_126817312416448_708980208774483089_n-300x114.jpg 300w, https:\/\/www.radiopiu.net\/wordpress\/wp-content\/uploads\/2021\/01\/79216601_126817312416448_708980208774483089_n-768x292.jpg 768w, https:\/\/www.radiopiu.net\/wordpress\/wp-content\/uploads\/2021\/01\/79216601_126817312416448_708980208774483089_n.jpg 820w\" sizes=\"auto, (max-width: 300px) 100vw, 300px\" \/><\/a><span style=\"color: #ff0000;\">ATTENZIONE: LA NUOVA APP PER IOS-IPHONE di Nicola Vettorello <\/span><\/em><a href=\"https:\/\/apps.apple.com\/it\/app\/radio-pi%C3%B9-emittente-agordina\/id1515939845\">https:\/\/apps.apple.com\/it\/app\/radio-pi%C3%B9-emittente-agordina\/id1515939845<\/a><\/p>\n<p><em style=\"color: #ff0000;\">ATTENZIONE: LA NUOVA APP RADIO\u00a0 PER ANDROID di Nicola Vettorello<\/em><\/p>\n<p><a href=\"https:\/\/play.google.com\/store\/apps\/details?id=net.radiopiu.iniko\" target=\"_blank\" rel=\"noopener noreferrer\">https:\/\/play.google.com\/store\/apps\/details?id=net.radiopiu.iniko\u00a0\u00a0\u00a0<\/a><\/p>\n<p>&nbsp;<\/p>\n<p>&nbsp;<\/p>\n<h3><strong>SABATO 8 GIUGNO PASSI CHIUSI\u00a0 CAMPOLONGO, GARDENA, SELLA, PORDOI<\/strong><\/h3>\n<div data-block=\"true\" data-editor=\"avj4u\" data-offset-key=\"d3i0j-0-0\"><a class=\"dt-pswp-item\" href=\"https:\/\/www.radiopiu.net\/wordpress\/wp-content\/uploads\/2024\/06\/346731c3-7c22-43d6-8a7b-78fc8c5cb9fe-1.jpg\" data-dt-img-description=\"\" data-large_image_width=\"1200\" data-large_image_height=\"1600\"><img loading=\"lazy\" decoding=\"async\" class=\"size-medium wp-image-393460 aligncenter\" src=\"https:\/\/www.radiopiu.net\/wordpress\/wp-content\/uploads\/2024\/06\/346731c3-7c22-43d6-8a7b-78fc8c5cb9fe-1-225x300.jpg\" alt=\"\" width=\"225\" height=\"300\" srcset=\"https:\/\/www.radiopiu.net\/wordpress\/wp-content\/uploads\/2024\/06\/346731c3-7c22-43d6-8a7b-78fc8c5cb9fe-1-225x300.jpg 225w, https:\/\/www.radiopiu.net\/wordpress\/wp-content\/uploads\/2024\/06\/346731c3-7c22-43d6-8a7b-78fc8c5cb9fe-1-768x1024.jpg 768w, https:\/\/www.radiopiu.net\/wordpress\/wp-content\/uploads\/2024\/06\/346731c3-7c22-43d6-8a7b-78fc8c5cb9fe-1-1152x1536.jpg 1152w, https:\/\/www.radiopiu.net\/wordpress\/wp-content\/uploads\/2024\/06\/346731c3-7c22-43d6-8a7b-78fc8c5cb9fe-1.jpg 1200w\" sizes=\"auto, (max-width: 225px) 100vw, 225px\" \/>\u00a0<\/a><\/div>\n<div data-block=\"true\" data-editor=\"avj4u\" data-offset-key=\"d3i0j-0-0\">\n<hr \/>\n<p>&nbsp;<\/p>\n<p>&nbsp;<\/p>\n<\/div>\n<p><strong class=\"photoswipe-wrapper\"><span style=\"color: #ff0000;\"><a class=\"dt-pswp-item\" href=\"https:\/\/www.radiopiu.net\/wordpress\/wp-content\/uploads\/2024\/06\/5abe0e33-6f51-4d7b-8679-122a37e833d1-scaled.jpg\" data-dt-img-description=\"\" data-large_image_width=\"1920\" data-large_image_height=\"2560\"><img loading=\"lazy\" decoding=\"async\" class=\" wp-image-393464 alignleft\" src=\"https:\/\/www.radiopiu.net\/wordpress\/wp-content\/uploads\/2024\/06\/5abe0e33-6f51-4d7b-8679-122a37e833d1-225x300.jpg\" alt=\"\" width=\"193\" height=\"257\" srcset=\"https:\/\/www.radiopiu.net\/wordpress\/wp-content\/uploads\/2024\/06\/5abe0e33-6f51-4d7b-8679-122a37e833d1-225x300.jpg 225w, https:\/\/www.radiopiu.net\/wordpress\/wp-content\/uploads\/2024\/06\/5abe0e33-6f51-4d7b-8679-122a37e833d1-768x1024.jpg 768w, https:\/\/www.radiopiu.net\/wordpress\/wp-content\/uploads\/2024\/06\/5abe0e33-6f51-4d7b-8679-122a37e833d1-1152x1536.jpg 1152w, https:\/\/www.radiopiu.net\/wordpress\/wp-content\/uploads\/2024\/06\/5abe0e33-6f51-4d7b-8679-122a37e833d1-1536x2048.jpg 1536w, https:\/\/www.radiopiu.net\/wordpress\/wp-content\/uploads\/2024\/06\/5abe0e33-6f51-4d7b-8679-122a37e833d1-scaled.jpg 1920w\" sizes=\"auto, (max-width: 193px) 100vw, 193px\" \/><\/a>OGGI ALLA RADIO<\/span><\/strong>:\u00a0<strong>ALLE 6.15<\/strong> PIROLE DE LENGA, CON IL MUSLA\u00a0 <strong>ALLE 7.20<\/strong>\u00a0EL BAL DEL FIOR, DETTI E TRADIZIONI DI GIULIANA DA RONCH;\u00a0<strong>ALLE 8.20 <\/strong>PIU SIAMO CON MARINA<strong> 9.00 <\/strong>LA MUSICA COUNTRY <a class=\"dt-pswp-item\" href=\"https:\/\/www.radiopiu.net\/wordpress\/wp-content\/uploads\/2024\/06\/c3fbee65-3af1-4369-bfac-365051a6118a-scaled.jpg\" data-dt-img-description=\"\" data-large_image_width=\"1920\" data-large_image_height=\"2560\"><img loading=\"lazy\" decoding=\"async\" class=\" wp-image-393463 alignright\" src=\"https:\/\/www.radiopiu.net\/wordpress\/wp-content\/uploads\/2024\/06\/c3fbee65-3af1-4369-bfac-365051a6118a-225x300.jpg\" alt=\"\" width=\"195\" height=\"260\" srcset=\"https:\/\/www.radiopiu.net\/wordpress\/wp-content\/uploads\/2024\/06\/c3fbee65-3af1-4369-bfac-365051a6118a-225x300.jpg 225w, https:\/\/www.radiopiu.net\/wordpress\/wp-content\/uploads\/2024\/06\/c3fbee65-3af1-4369-bfac-365051a6118a-768x1024.jpg 768w, https:\/\/www.radiopiu.net\/wordpress\/wp-content\/uploads\/2024\/06\/c3fbee65-3af1-4369-bfac-365051a6118a-1152x1536.jpg 1152w, https:\/\/www.radiopiu.net\/wordpress\/wp-content\/uploads\/2024\/06\/c3fbee65-3af1-4369-bfac-365051a6118a-1536x2048.jpg 1536w, https:\/\/www.radiopiu.net\/wordpress\/wp-content\/uploads\/2024\/06\/c3fbee65-3af1-4369-bfac-365051a6118a-scaled.jpg 1920w\" sizes=\"auto, (max-width: 195px) 100vw, 195px\" \/><\/a>DI ALEX NASCINBEN\u00a0 <strong>9.30 <\/strong>VIABILITA&#8217; Botol_Car <strong>\u00a0<\/strong><span style=\"color: #0000ff;\"><strong><span style=\"color: #000000;\"> 10.10<\/span>\u00a0 <\/strong><span style=\"color: #000000;\">ZAINO DA VIAGGIO AL FEMMINILE, CON PAOLA LANCIATO. <strong>10.30<\/strong> RIVARON CON GIORGIA SCHENA, DOMENICA LA GARA A RIVAMONTE <\/span><\/span><span style=\"color: #0000ff;\"><span style=\"color: #000000;\"><strong>11.10<\/strong> C&#8217;ERA UNA VOLTA FESTIVALBAR, DI MIRCO BENCIVENNI <\/span><\/span><strong>12.00 <\/strong>VA TUTTO LISCIO <strong>12.30 <\/strong>GIORNALE RADIO EDIZIONE PRINCIPALE \u00a0<strong>13.20<\/strong> PRIMA VERA HIT <strong>14.00\u00a0 <\/strong>COLLAGE OPERAZIONE NOSTALGIA LORIS SCUSSEL <strong>15.00 <\/strong>TIME FOR ME CON MARINA DONA&#8217;\u00a0 <strong>16.00 <\/strong>IL ROCK DI MARCO COSTANTINI <strong>16.45 <\/strong>LE HIT DI MIRCO BENCIVENNI <strong>19 <\/strong>ANTICIPAZIONI DAL TG DI ANTENNA 3 DI TIZIANA BOLOGNANI.<\/p>\n<blockquote><p><strong>rassegna stampa nazionale, ogni giorno alle 5 e alle 6 del mattino<\/strong><br \/>\n<em>giornali locali 7 rassegna stampa flash, 8 rassegna stampa, gr flash alle 10 e alle 11, principale 12.30. Informazione pomerggio alle 15 (speciale) 16, 17, 18. Giornale radio nazionale: ogni ora dalle 5 del mattino, alle 20 della sera.\u00a0<\/em><\/p><\/blockquote>\n<div class=\"x11i5rnm xat24cr x1mh8g0r x1vvkbs xtlvy1s x126k92a\">\n<div dir=\"auto\"><strong>FOTO Elena e Matteo, <span style=\"color: #0000ff;\"><a style=\"color: #0000ff;\" href=\"https:\/\/www.facebook.com\/pages\/Rifugio-Sasso-Bianco\/380312638707278\">rifugio Sasso Bianco_san tomaso\u00a0<\/a><\/span><\/strong><\/div>\n<\/div>\n<div class=\"x11i5rnm xat24cr x1mh8g0r x1vvkbs xtlvy1s x126k92a\">\n<div dir=\"auto\">\n<p>&nbsp;<\/p>\n<p>&nbsp;<\/p>\n<p>&nbsp;<\/p>\n<hr \/>\n<p>&nbsp;<\/p>\n<p>&nbsp;<\/p>\n<div class=\"x11i5rnm xat24cr x1mh8g0r x1vvkbs xtlvy1s x126k92a\">\n<div dir=\"auto\">\n<p><strong><a class=\"dt-pswp-item\" href=\"https:\/\/www.radiopiu.net\/wordpress\/wp-content\/uploads\/2024\/02\/2d44e751-d8a8-461b-8e22-d8e4e853b032.jpg\" data-dt-img-description=\"\" data-large_image_width=\"1600\" data-large_image_height=\"1200\"><img loading=\"lazy\" decoding=\"async\" class=\"wp-image-373307 alignleft\" src=\"https:\/\/www.radiopiu.net\/wordpress\/wp-content\/uploads\/2024\/02\/2d44e751-d8a8-461b-8e22-d8e4e853b032-300x225.jpg\" alt=\"\" width=\"105\" height=\"79\" srcset=\"https:\/\/www.radiopiu.net\/wordpress\/wp-content\/uploads\/2024\/02\/2d44e751-d8a8-461b-8e22-d8e4e853b032-300x225.jpg 300w, https:\/\/www.radiopiu.net\/wordpress\/wp-content\/uploads\/2024\/02\/2d44e751-d8a8-461b-8e22-d8e4e853b032-1024x768.jpg 1024w, https:\/\/www.radiopiu.net\/wordpress\/wp-content\/uploads\/2024\/02\/2d44e751-d8a8-461b-8e22-d8e4e853b032-768x576.jpg 768w, https:\/\/www.radiopiu.net\/wordpress\/wp-content\/uploads\/2024\/02\/2d44e751-d8a8-461b-8e22-d8e4e853b032-1536x1152.jpg 1536w, https:\/\/www.radiopiu.net\/wordpress\/wp-content\/uploads\/2024\/02\/2d44e751-d8a8-461b-8e22-d8e4e853b032.jpg 1600w\" sizes=\"auto, (max-width: 105px) 100vw, 105px\" \/><\/a>EL BAL DEL FIOR, DI GIULIANA DA RONCH, 06 GIUGNO 2024<\/strong><\/p>\n<\/div>\n<\/div>\n<\/div>\n<div dir=\"auto\">\n<audio class=\"wp-audio-shortcode\" id=\"audio-393334-1\" preload=\"none\" style=\"width: 100%;\" controls=\"controls\"><source type=\"audio\/mpeg\" src=\"https:\/\/www.radiopiu.net\/wordpress\/wp-content\/uploads\/2024\/06\/GGI.m4a?_=1\" \/><a href=\"https:\/\/www.radiopiu.net\/wordpress\/wp-content\/uploads\/2024\/06\/GGI.m4a\">https:\/\/www.radiopiu.net\/wordpress\/wp-content\/uploads\/2024\/06\/GGI.m4a<\/a><\/audio>\n<p>&nbsp;<\/p>\n<hr \/>\n<\/div>\n<\/div>\n<blockquote>\n<blockquote>\n<h1><span style=\"color: #ff0000;\">\u00a0<\/span><\/h1>\n<h1><span style=\"color: #ff0000;\">I podcast informativi del mattino &#8211; audio &#8211;\u00a0\u00a0<\/span><\/h1>\n<\/blockquote>\n<p><strong><a class=\"dt-pswp-item\" href=\"https:\/\/www.radiopiu.net\/wordpress\/wp-content\/uploads\/2023\/11\/th-10.jpg\" data-dt-img-description=\"\" data-large_image_width=\"320\" data-large_image_height=\"180\"><img loading=\"lazy\" decoding=\"async\" class=\"wp-image-362866 alignleft\" src=\"https:\/\/www.radiopiu.net\/wordpress\/wp-content\/uploads\/2023\/11\/th-10-300x169.jpg\" alt=\"\" width=\"185\" height=\"104\" srcset=\"https:\/\/www.radiopiu.net\/wordpress\/wp-content\/uploads\/2023\/11\/th-10-300x169.jpg 300w, https:\/\/www.radiopiu.net\/wordpress\/wp-content\/uploads\/2023\/11\/th-10.jpg 320w\" sizes=\"auto, (max-width: 185px) 100vw, 185px\" \/><\/a>LA RASSEGNA STAMPA NAZIONALE ALLA RADIO, OGNI GIORNO ALLE 5 E ALLE 6 DEL MATTINO <span style=\"color: #0000ff;\">viene pubblicata alle 6.00 <span style=\"color: #ff0000;\">DIRETTA RADIO\u00a0 \u00a0\u00a0<\/span><\/span><\/strong><\/p><\/blockquote>\n<p>&nbsp;<\/p>\n<p>&nbsp;<\/p>\n<p><span style=\"color: #000000;\"><strong>cronaca\u00a0<\/strong><\/span><\/p>\n<p style=\"text-align: left;\"><button class=\"rounded-lg text-token-text-secondary hover:bg-token-main-surface-secondary\"><strong> Emilia Romagna<\/strong> I funerali della vigilessa uccisa, i genitori: &#8216;Chiediamo giustizia per lei&#8217;<strong>\u00a0Roma<\/strong> Studentesse di un liceo denunciano: &#8216;C&#8217;\u00e8 una lista delle ragazze trofeo&#8217; <strong>Giallo nel Torinese<\/strong> per una donna scomparsa, indaga la procura\u00a0 Incidente sul lavoro<strong> a Latina<\/strong>, muore un operaio di 38 anni Continuano le morti sul lavoro nel Lazio <strong>Uccise la moglie<\/strong> a Roma, 78enne condannato all&#8217;ergastolo\u00a0 Presunto molestatore <strong>picchiato dal branco<\/strong> nel casertano Il video sui social.\u00a0 <strong>\u00a0Bimba morta<\/strong> a Napoli, il giudice dispone nuove indagini Per il primo ricovero due indagati.\u00a0<\/button><\/p>\n<h2>AUDIO dalle 6 del mattino<\/h2>\n<audio class=\"wp-audio-shortcode\" id=\"audio-393334-2\" preload=\"none\" style=\"width: 100%;\" controls=\"controls\"><source type=\"audio\/mpeg\" src=\"https:\/\/www.radiopiu.net\/wordpress\/wp-content\/uploads\/2024\/06\/GIORNALEDELLESEI-3.mp3?_=2\" \/><a href=\"https:\/\/www.radiopiu.net\/wordpress\/wp-content\/uploads\/2024\/06\/GIORNALEDELLESEI-3.mp3\">https:\/\/www.radiopiu.net\/wordpress\/wp-content\/uploads\/2024\/06\/GIORNALEDELLESEI-3.mp3<\/a><\/audio>\n<p>&nbsp;<\/p>\n<hr \/>\n<p>&nbsp;<\/p>\n<h1 style=\"text-align: center;\"><span style=\"color: #ff0000;\">I podcast informativi del mattino &#8211; audio &#8211;\u00a0<\/span><\/h1>\n<p><strong><a class=\"dt-pswp-item\" href=\"https:\/\/www.radiopiu.net\/wordpress\/wp-content\/uploads\/2023\/12\/images.png\" data-dt-img-description=\"\" data-large_image_width=\"316\" data-large_image_height=\"160\"><img loading=\"lazy\" decoding=\"async\" class=\"wp-image-367008 alignleft\" src=\"https:\/\/www.radiopiu.net\/wordpress\/wp-content\/uploads\/2023\/12\/images-300x152.png\" alt=\"\" width=\"235\" height=\"119\" srcset=\"https:\/\/www.radiopiu.net\/wordpress\/wp-content\/uploads\/2023\/12\/images-300x152.png 300w, https:\/\/www.radiopiu.net\/wordpress\/wp-content\/uploads\/2023\/12\/images.png 316w\" sizes=\"auto, (max-width: 235px) 100vw, 235px\" \/><\/a>OGNI GIORNO ALLE SETTE DEL MATTINO, LA RASSEGNA STAMPA LOCALE FLASH&#8230; PER CHI VA IN FRETTA. I TITOLI DAI GIORNALI E DAL SITO WWW.RADIOPIU.NET <span style=\"color: #0000ff;\">viene pubblicato alle 7.00<\/span> <span style=\"color: #ff0000;\">DIRETTA RADIO\u00a0<\/span><\/strong><\/p>\n<p><em><span style=\"color: #ff0000;\">per chi va in fretta&#8230; tante notizie in pochi minuti. L&#8217;informazione locale alla radio, ogni ora dalle 7 del mattino alle 19 della sera.\u00a0 \u00a0 \u00a0\u00a0<\/span><\/em><\/p>\n<p><strong><a class=\"dt-pswp-item\" href=\"https:\/\/www.radiopiu.net\/wordpress\/wp-content\/uploads\/2024\/06\/COPERTINA-1.png\" data-dt-img-description=\"\" data-large_image_width=\"486\" data-large_image_height=\"269\"><img loading=\"lazy\" decoding=\"async\" class=\"size-medium wp-image-393538 alignleft\" src=\"https:\/\/www.radiopiu.net\/wordpress\/wp-content\/uploads\/2024\/06\/COPERTINA-1-300x166.png\" alt=\"\" width=\"300\" height=\"166\" srcset=\"https:\/\/www.radiopiu.net\/wordpress\/wp-content\/uploads\/2024\/06\/COPERTINA-1-300x166.png 300w, https:\/\/www.radiopiu.net\/wordpress\/wp-content\/uploads\/2024\/06\/COPERTINA-1.png 486w\" sizes=\"auto, (max-width: 300px) 100vw, 300px\" \/><\/a>SELVA DI CADORE<\/strong> Grave incidente, mortale, ieri alle 15 ha perso la vita un motociclista tedesco di 50 anni (moto contro un camion condotto da un bellunese, sotto choc per quanto accaduto) lungo la provinciale della Val Fiorentina scendendo verso Caprile, passato il paese poco prima delle gallerie. Elicottero del Suem sul posto con il personale sanitario e i volontari della Croce Verde di Alleghe. La strada \u00e8 rimasta bloccata fino alle 17.30 mentre i Carabinieri di Caprile effettuavano i rilievi.<br \/>\n<strong>STRADA DELLA VAL FIORENTINA,<\/strong> riaperta del 2019, ma ad oggi in localit\u00e0 Marzeluch la galleria \u00e8 tristemente \u201cspenta\u201d le luci non sono mai state accese. Tutto \u00e8 fermo tra le carte di Veneto Strade, l\u2019incidente di ieri comunque nulla a a che fare con l\u2019illuminazione delle gallerie, ma questo non toglie che il problema vada risolto in fretta e in questi giorni di grande traffico (anche per la chiusura della strada a Colcuclungo la 251<br \/>\n<strong>DILLO A RADIO PIU\u2026<\/strong> Caso vuole che proprio ieri mattina da Selva di Cadore, Orsolina metteva in evidenza il problema della mancata illuminazione. \u201cPer avere soddisfazione e vedere finalmente le luci in galleria cosa possiamo fare? A chi dobbiamo rivolgerci per avere una risposta che sia concreta e ponga fine a questi disagi?\u201d<br \/>\n<strong>CORTINA<\/strong> Verso le 19 DI IERI SERA la Centrale del Suem \u00e8 stata attivata per tre escursionisti all\u2019uscita della Ferrata all\u2019altezza di Forcella Verde. I tre uomini inglesi avevano trovato tanta neve, erano impauriti e non se la sentivano di proseguire. Assicuratisi a uno spuntone di roccia con una fettuccia, i tre hanno atteso l\u2019intervento dell\u2019elicottero del Suem di Pieve di Cadore a circa 2.360 metri di quota. Individuati, sono stati recuperati con un verricello corto dal tecnico di elisoccorso, per essere trasportati a Cima Banche.<br \/>\n<strong>SAN GREGORIO NELLE ALPI<\/strong> Espedito Pagnussat, scomparso a 74 anni, \u00e8 stato una figura centrale per San Gregorio e la provincia di Belluno. Presidente della Pro loco per 42 anni e dell\u2019Unpli bellunese per 18 anni, ha dedicato la sua vita al volontariato. Ricordato con affetto dal capogruppo degli alpini Fabio Minella e altre figure istituzionali, Pagnussat ha lasciato un\u2019eredit\u00e0 di impegno comunitario e umilt\u00e0. Le esequie hanno visto una grande partecipazione, riflettendo l\u2019enorme impatto che ha avuto sulla comunit\u00e0.<\/p>\n<h2>AUDIO dalle 7 del mattino<\/h2>\n<audio class=\"wp-audio-shortcode\" id=\"audio-393334-3\" preload=\"none\" style=\"width: 100%;\" controls=\"controls\"><source type=\"audio\/mpeg\" src=\"https:\/\/www.radiopiu.net\/wordpress\/wp-content\/uploads\/2024\/06\/GF07-4.mp3?_=3\" \/><a href=\"https:\/\/www.radiopiu.net\/wordpress\/wp-content\/uploads\/2024\/06\/GF07-4.mp3\">https:\/\/www.radiopiu.net\/wordpress\/wp-content\/uploads\/2024\/06\/GF07-4.mp3<\/a><\/audio>\n<p>&nbsp;<\/p>\n<p>&nbsp;<\/p>\n<hr \/>\n<p>&nbsp;<\/p>\n<h1><\/h1>\n<h1 style=\"text-align: center;\"><span style=\"color: #ff0000;\"><a class=\"dt-pswp-item\" href=\"https:\/\/www.radiopiu.net\/wordpress\/wp-content\/uploads\/2022\/01\/026c3f9d-dae9-4040-a3c1-a6530231bcc3.jpg\" data-dt-img-description=\"\" data-large_image_width=\"1152\" data-large_image_height=\"2048\"><img loading=\"lazy\" decoding=\"async\" class=\"wp-image-251839 alignleft\" src=\"https:\/\/www.radiopiu.net\/wordpress\/wp-content\/uploads\/2022\/01\/026c3f9d-dae9-4040-a3c1-a6530231bcc3-169x300.jpg\" alt=\"\" width=\"100\" height=\"177\" srcset=\"https:\/\/www.radiopiu.net\/wordpress\/wp-content\/uploads\/2022\/01\/026c3f9d-dae9-4040-a3c1-a6530231bcc3-169x300.jpg 169w, https:\/\/www.radiopiu.net\/wordpress\/wp-content\/uploads\/2022\/01\/026c3f9d-dae9-4040-a3c1-a6530231bcc3-576x1024.jpg 576w, https:\/\/www.radiopiu.net\/wordpress\/wp-content\/uploads\/2022\/01\/026c3f9d-dae9-4040-a3c1-a6530231bcc3-768x1365.jpg 768w, https:\/\/www.radiopiu.net\/wordpress\/wp-content\/uploads\/2022\/01\/026c3f9d-dae9-4040-a3c1-a6530231bcc3-864x1536.jpg 864w, https:\/\/www.radiopiu.net\/wordpress\/wp-content\/uploads\/2022\/01\/026c3f9d-dae9-4040-a3c1-a6530231bcc3.jpg 1152w\" sizes=\"auto, (max-width: 100px) 100vw, 100px\" \/><\/a>I podcast informativi del mattino &#8211; audio &#8211;\u00a0<\/span><\/h1>\n<blockquote><p><strong>GIORNALE RADIO NAZIONALE, EDIZIONE DELLE SETTE <span style=\"color: #0000ff;\">viene pubblicato alle 7.05 <span style=\"color: #ff0000;\">DIRETTA RADIO\u00a0<\/span><\/span><\/strong><\/p><\/blockquote>\n<p><strong>il giornale radionazionale e&#8217; in onda ogni ora, dalle sette del mattino alle venti della sera\u00a0\u00a0<\/strong><\/p>\n<p>&nbsp;<\/p>\n<p><strong>NELLA NOTTE&#8230; LE ULTIM&#8217;ORA<\/strong><\/p>\n<p style=\"text-align: left;\"><button class=\"rounded-lg text-token-text-secondary hover:bg-token-main-surface-secondary\"><strong>Putin,<\/strong> &#8216;con stop di armi Usa il conflitto finisce in 2-3 mesi\u00a0 \u00a0 \u00a0 \u00a0<strong>Putin,<\/strong> &#8216;in Italia non c&#8217;\u00e8 russofobia da cavernicoli&#8217;<br \/>\n&#8216;Lo teniamo in considerazione<\/button><\/p>\n<p>&nbsp;<\/p>\n<p style=\"text-align: left;\"><button class=\"rounded-lg text-token-text-secondary hover:bg-token-main-surface-secondary\"><strong>Idf, &#8216;<\/strong>colpito un sito di Hamas in una scuola dell&#8217;Unrwa&#8217;<br \/>\n&#8216;Eliminati diversi terroristi&#8217;<strong>Trump,<\/strong> 5 novembre sar\u00e0 il giorno pi\u00f9 importante nella storia Usa &#8216;I processi contro di me sono una strumentalizzazione&#8217; <strong>Copernicus,<\/strong> maggio 2024 il pi\u00f9 caldo mai registrato<br \/>\n12esimo mese di seguito da record. Negli ultimi 12 mesi +1,63\u00b0C <strong>Unicef,<\/strong> &#8216;pi\u00f9 di un bimbo su 4 in grave povert\u00e0 alimentare&#8217; Serie conseguenze per oltre 180 mln di bambini sotto i 5 anni\u00a0<\/button><\/p>\n<h2>AUDIO dalle sette del mattino, ogni ora alla radio<\/h2>\n<audio class=\"wp-audio-shortcode\" id=\"audio-393334-4\" preload=\"none\" style=\"width: 100%;\" controls=\"controls\"><source type=\"audio\/mpeg\" src=\"https:\/\/www.radiopiu.net\/wordpress\/wp-content\/uploads\/2024\/06\/giornale07-4.mp3?_=4\" \/><a href=\"https:\/\/www.radiopiu.net\/wordpress\/wp-content\/uploads\/2024\/06\/giornale07-4.mp3\">https:\/\/www.radiopiu.net\/wordpress\/wp-content\/uploads\/2024\/06\/giornale07-4.mp3<\/a><\/audio>\n<p>&nbsp;<\/p>\n<p>&nbsp;<\/p>\n<hr \/>\n<p>&nbsp;<\/p>\n<p>&nbsp;<\/p>\n<h1><span style=\"color: #ff0000;\">I podcast informativi del mattino &#8211; video &#8211;\u00a0<\/span><\/h1>\n<h2><strong><a class=\"dt-pswp-item\" href=\"https:\/\/www.radiopiu.net\/wordpress\/wp-content\/uploads\/2023\/12\/th-10.jpg\" data-dt-img-description=\"\" data-large_image_width=\"245\" data-large_image_height=\"180\"><img loading=\"lazy\" decoding=\"async\" class=\" wp-image-367395 alignleft\" src=\"https:\/\/www.radiopiu.net\/wordpress\/wp-content\/uploads\/2023\/12\/th-10.jpg\" alt=\"\" width=\"166\" height=\"122\" \/><\/a>RASSEGNA STAMPA LOCALE, ORE OTTO 05<\/strong><\/h2>\n<h2><strong> <span style=\"color: #0000ff;\">viene\u00a0 <\/span><\/strong><strong><span style=\"color: #0000ff;\">pubblicata alle 8.05 <span style=\"color: #ff0000;\">DIRETTA RADIO\u00a0\u00a0<\/span><\/span><\/strong><\/h2>\n<p><strong>DI MIRKO MEZZACASA\u00a0 \u00a0<\/strong><\/p>\n<p><strong><a class=\"dt-pswp-item\" href=\"https:\/\/www.radiopiu.net\/wordpress\/wp-content\/uploads\/2024\/06\/coop.png\" data-dt-img-description=\"\" data-large_image_width=\"561\" data-large_image_height=\"367\"><img loading=\"lazy\" decoding=\"async\" class=\"size-medium wp-image-393549 alignleft\" src=\"https:\/\/www.radiopiu.net\/wordpress\/wp-content\/uploads\/2024\/06\/coop-300x196.png\" alt=\"\" width=\"300\" height=\"196\" srcset=\"https:\/\/www.radiopiu.net\/wordpress\/wp-content\/uploads\/2024\/06\/coop-300x196.png 300w, https:\/\/www.radiopiu.net\/wordpress\/wp-content\/uploads\/2024\/06\/coop.png 561w\" sizes=\"auto, (max-width: 300px) 100vw, 300px\" \/><\/a>I 210 ANNI DEI CARABINIERI, LA FESTA IN PIAZZA DUOMO<\/strong><br \/>\nI Carabinieri hanno celebrato i 210 anni dalla fondazione in Piazza del Duomo a Belluno, con la partecipazione del Prefetto, sindaci e autorit\u00e0. La sfilata \u00e8 partita dal Teatro Comunale, accompagnata dalla marcia \u201cFedelissima\u201d, e ha visto la presenza di giovani studentesse che hanno issato il Tricolore.<br \/>\n<strong>LEGAMBIENTE VENETO E L\u2019AUTOVELOX DI COLLE SANTA LUCIA<\/strong><br \/>\nPADOVA Legambiente Veneto supporta il sindaco di Colle Santa Lucia nella vicenda dell\u2019autovelox locale, installato nel 2019 per contrastare l\u2019eccessiva velocit\u00e0 di motociclisti e automobilisti vicino al Passo Giau. Questo autovelox, tuttavia, rientra tra quelli \u201cnon omologati\u201d a causa di un problema normativo, che ha bloccato le sanzioni. Luigi Lazzaro, presidente di Legambiente Veneto, critica la resistenza contro gli autovelox, ritenendola pericolosa per la sicurezza stradale.<\/p>\n<p><strong>FELTRE<\/strong> Il titolare di un locale del Feltrino \u00e8 stato assolto dall\u2019accusa di stupro da parte dei giudici Coniglio, Montalto e Cittolin, poich\u00e9 il fatto non sussiste. Anche il pm Roberta Gallego e il difensore Massimiliano Paniz avevano raggiunto la stessa conclusione, mentre l\u2019avvocato di parte civile Federica Rossi chiedeva la condanna e un risarcimento di 20 mila euro.<br \/>\n<strong>VALLE DI CADORE<\/strong> Il cittadino albanese \u00e8 accusato di violenza sessuale per aver sorpreso e palpeggiato una donna appoggiata a una fontana durante una festa all\u2019aperto il 13 giugno scorso. La vittima ha denunciato l\u2019aggressione, affermando che l\u2019imputato le avrebbe infilato una mano sotto la gonna e toccato le parti intime. Il processo inizier\u00e0 il 5 giugno dell\u2019anno prossimo. K.G. nega le accuse, e la vittima non si \u00e8 costituita parte civile<br \/>\n<strong>DISAGI PER PASSO DURAN E FORCELLA STAULANZA<\/strong><br \/>\nChiusura Parziale della Strada per il Passo Duran<br \/>\nLa strada per il Passo Duran sar\u00e0 parzialmente chiusa dalle 8.30 alle 11.30 nel tratto compreso tra Forcella Staulanza e Selva di Cadore. Questa chiusura \u00e8 necessaria per consentire lo svolgimento di lavori di manutenzione e miglioramento della sicurezza stradale. Gli automobilisti sono invitati a pianificare percorsi alternativi per evitare disagi.<\/p>\n<h2><span style=\"color: #ff0000;\"><strong>VIDEO\u00a0 \u00a0in diretta dalle 8 del mattino\u00a0<\/strong><\/span><\/h2>\n<p>&nbsp;<\/p>\n<p><iframe loading=\"lazy\" title=\"DAL 1983 LA RASSEGNA STAMPA LOCALE di mirko mezzacasa. L&#039;ORIGINALE\" width=\"1200\" height=\"675\" src=\"https:\/\/www.youtube.com\/embed\/2Gw9cbHHsXE?feature=oembed\" frameborder=\"0\" allow=\"accelerometer; autoplay; clipboard-write; encrypted-media; gyroscope; picture-in-picture; web-share\" referrerpolicy=\"strict-origin-when-cross-origin\" allowfullscreen><\/iframe><\/p>\n<p>&nbsp;<\/p>\n<hr \/>\n<p>&nbsp;<\/p>\n<p>&nbsp;<\/p>\n<p><strong><a class=\"dt-pswp-item\" href=\"https:\/\/www.radiopiu.net\/wordpress\/wp-content\/uploads\/2023\/12\/ANTENNA.png\" data-dt-img-description=\"\" data-large_image_width=\"300\" data-large_image_height=\"166\"><img loading=\"lazy\" decoding=\"async\" class=\" wp-image-366306 alignleft\" src=\"https:\/\/www.radiopiu.net\/wordpress\/wp-content\/uploads\/2023\/12\/ANTENNA.png\" alt=\"\" width=\"175\" height=\"97\" \/><\/a>IERI SERA, DAL TG DI ANTENNA 3, ogni sera alle 19 le anticipazioni alla radio, quello che poi seguirete nel TELEGIORNALE BELLUNESE\u00a0 in onda alle 19.30 sul CANALE 10 del digitale terrestre.\u00a0\u00a0<\/strong><\/p>\n<p>&nbsp;<\/p>\n<p><span style=\"color: #ff0000;\"><strong>\u00a0IERI SERA ALLA RADIO&#8230; LE ANTICIPAZIONI DI TIZIANA BOLOGNANI<\/strong><\/span><\/p>\n<audio class=\"wp-audio-shortcode\" id=\"audio-393334-5\" preload=\"none\" style=\"width: 100%;\" controls=\"controls\"><source type=\"audio\/mpeg\" src=\"https:\/\/www.radiopiu.net\/wordpress\/wp-content\/uploads\/2024\/06\/ANTENNA3-2.mp3?_=5\" \/><a href=\"https:\/\/www.radiopiu.net\/wordpress\/wp-content\/uploads\/2024\/06\/ANTENNA3-2.mp3\">https:\/\/www.radiopiu.net\/wordpress\/wp-content\/uploads\/2024\/06\/ANTENNA3-2.mp3<\/a><\/audio>\n<p>&nbsp;<\/p>\n<hr \/>\n<p>&nbsp;<\/p>\n<blockquote>\n<h3>ACQUA INQUINATA A LIVINALLONGO e non solo<\/h3>\n<\/blockquote>\n<p><strong><img loading=\"lazy\" decoding=\"async\" class=\"alignleft\" src=\"https:\/\/www.radiopiu.net\/wordpress\/wp-content\/uploads\/2024\/05\/cantiere-municipio-Livinallongo-scaled.jpg\" width=\"231\" height=\"104\" \/>LIVINALLONGO DEL COL DI LANA<\/strong> in localit\u00e0 COLLAZ l&#8217;acqua erogata dall&#8217;acquedotto non \u00e8 potabile e non pu\u00f2 essere usata per scopi alimentari.<\/p>\n<h3 dir=\"auto\"><strong style=\"font-size: 14px;\">SAN TOMASO<\/strong><span style=\"font-size: 14px; font-weight: normal;\"> scatta l\u2019ordinanza:\u00a0 \u00a0nelle localit\u00e0 PIANEZZE, VALLATA, VAL, MEZZAVALLE, COSTA DI MEZZO E PIAN MOLIN l\u2019acqua erogata dall\u2019acquedotto non \u00e8 potabile e pu\u00f2 essere usata per scopi alimentari SOLO PREVIA bollitura. Verr\u00e0 effettuato servizio sostitutivo con cisterna in localit\u00e0 PIAN MOLIN presso Ecocentro.<\/span><\/h3>\n<p>&nbsp;<\/p>\n<p>&nbsp;<\/p>\n<hr \/>\n<p>&nbsp;<\/p>\n<p>&nbsp;<\/p>\n<div class=\"page-title-head hgroup\">\n<blockquote>\n<h3 class=\"entry-title\"><a class=\"dt-pswp-item\" href=\"https:\/\/www.radiopiu.net\/wordpress\/wp-content\/uploads\/2024\/06\/Senza-nome-8.png\" data-dt-img-description=\"\" data-large_image_width=\"392\" data-large_image_height=\"297\"><img loading=\"lazy\" decoding=\"async\" class=\" wp-image-393468 alignleft\" src=\"https:\/\/www.radiopiu.net\/wordpress\/wp-content\/uploads\/2024\/06\/Senza-nome-8-300x227.png\" alt=\"\" width=\"158\" height=\"119\" srcset=\"https:\/\/www.radiopiu.net\/wordpress\/wp-content\/uploads\/2024\/06\/Senza-nome-8-300x227.png 300w, https:\/\/www.radiopiu.net\/wordpress\/wp-content\/uploads\/2024\/06\/Senza-nome-8.png 392w\" sizes=\"auto, (max-width: 158px) 100vw, 158px\" \/><\/a> PERDE LA VITA UN MOTOCICLISTA TEDESCO<\/h3>\n<\/blockquote>\n<\/div>\n<p><strong>SELVA DI CADORE<\/strong> Grave incidente, mortale, ieri alle 15 ha perso la vita un motociclista tedesco di 50 anni\u00a0 (moto contro un camion\u00a0 condotto da un bellunese, sotto choc per quanto accaduto)\u00a0 lungo la provinciale della Val Fiorentina scendendo verso Caprile, passato il paese poco prima delle gallerie.\u00a0 Elicottero del Suem sul posto con il personale sanitario e i volontari della Croce Verde di Alleghe. La strada \u00e8 rimasta bloccata fino alle 17.30 mentre i Carabinieri di\u00a0 Caprile effettuavano i rilievi.<\/p>\n<p>&nbsp;<\/p>\n<p><button class=\"rounded-lg text-token-text-secondary hover:bg-token-main-surface-secondary\"><strong>\u00a0STRADA DELLA VAL FIORENTINA<\/strong>, riaperta del 2019, ma ad oggi in localit\u00e0 Marzeluch la galleria \u00e8 tristemente &#8220;spenta&#8221; le luci non sono mai state accese. Tutto \u00e8 fermo tra le carte di Veneto Strade, l&#8217;incidente di ieri comunque nulla a a che fare con l&#8217;illuminazione delle gallerie, ma questo non toglie che il problema vada risolto in fretta e in questi giorni di grande traffico (anche per la chiusura della strada a Colcuclungo la 251<\/button><\/p>\n<p><strong>DILLO A RADIO PIU&#8230;<\/strong> Caso vuole che proprio ieri mattina da Selva di Cadore, Orsolina metteva in evidenza il problema della mancata illuminazione. &#8220;Per avere soddisfazione e vedere finalmente le luci in galleria cosa possiamo fare? A chi dobbiamo rivolgerci per avere una risposta che sia concreta e ponga fine a questi disagi?&#8221;<\/p>\n<p>&nbsp;<\/p>\n<p>&nbsp;<\/p>\n<p>&nbsp;<\/p>\n<hr \/>\n<p>&nbsp;<\/p>\n<blockquote>\n<h3>RECUPERATI ESCURSIONISTI IN DIFFICOLT\u00c0<\/h3>\n<\/blockquote>\n<p><strong>CORTINA<\/strong> Verso le 19 la Centrale del Suem \u00e8 stata attivata per tre escursionisti all&#8217;uscita della Ferrata all&#8217;altezza di Forcella Verde. I tre uomini inglesi avevano trovato tanta neve, erano impauriti e non se la sentivano di proseguire. Assicuratisi a uno spuntone di roccia con una fettuccia, i tre hanno atteso l&#8217;intervento dell&#8217;elicottero del Suem di Pieve di Cadore a circa 2.360 metri di quota. Individuati, sono stati recuperati con un verricello corto dal tecnico di elisoccorso, per essere trasportati a Cima Banche.<\/p>\n<p>&nbsp;<\/p>\n<hr \/>\n<p>&nbsp;<\/p>\n<p>&nbsp;<\/p>\n<h3><a class=\"dt-pswp-item\" href=\"https:\/\/www.radiopiu.net\/wordpress\/wp-content\/uploads\/2024\/06\/Senza-nome-9.png\" data-dt-img-description=\"\" data-large_image_width=\"299\" data-large_image_height=\"165\"><img loading=\"lazy\" decoding=\"async\" class=\" wp-image-393534 alignleft\" src=\"https:\/\/www.radiopiu.net\/wordpress\/wp-content\/uploads\/2024\/06\/Senza-nome-9.png\" alt=\"\" width=\"263\" height=\"145\" \/><\/a>Addio a Espedito Pagnussat, Colonna del Volontariato<\/h3>\n<p><strong>SAN GREGORIO NELLE ALPI<\/strong> Espedito Pagnussat, scomparso a 74 anni, \u00e8 stato una figura centrale per San Gregorio e la provincia di Belluno. Presidente della Pro loco per 42 anni e dell&#8217;Unpli bellunese per 18 anni, ha dedicato la sua vita al volontariato. Ricordato con affetto dal capogruppo degli alpini Fabio Minella e altre figure istituzionali, Pagnussat ha lasciato un&#8217;eredit\u00e0 di impegno comunitario e umilt\u00e0. Le esequie hanno visto una grande partecipazione, riflettendo l&#8217;enorme impatto che ha avuto sulla comunit\u00e0.<\/p>\n<p><button class=\"rounded-lg text-token-text-secondary hover:bg-token-main-surface-secondary\">Impossibile per la pur non piccola chiesa di San Gregorio contenere i rappresentanti di Pro loco, alpini, donatori di sangue, Abm, Famiglia ex emigranti, istituzioni e amici. In molti sono rimasti sul sagrato\u00a0<\/button><\/p>\n<p><strong>FOTO corriere delle alpi<\/strong><\/p>\n<p>&nbsp;<\/p>\n<p>&nbsp;<\/p>\n<hr \/>\n<p>&nbsp;<\/p>\n<p>&nbsp;<\/p>\n<blockquote>\n<h3><a class=\"dt-pswp-item\" href=\"https:\/\/www.radiopiu.net\/wordpress\/wp-content\/uploads\/2024\/06\/53f038c6-7ee8-4e11-b484-63c524d1e538.jpg\" data-dt-img-description=\"\" data-large_image_width=\"960\" data-large_image_height=\"1280\"><img loading=\"lazy\" decoding=\"async\" class=\" wp-image-393324 alignleft\" src=\"https:\/\/www.radiopiu.net\/wordpress\/wp-content\/uploads\/2024\/06\/53f038c6-7ee8-4e11-b484-63c524d1e538-225x300.jpg\" alt=\"\" width=\"125\" height=\"167\" srcset=\"https:\/\/www.radiopiu.net\/wordpress\/wp-content\/uploads\/2024\/06\/53f038c6-7ee8-4e11-b484-63c524d1e538-225x300.jpg 225w, https:\/\/www.radiopiu.net\/wordpress\/wp-content\/uploads\/2024\/06\/53f038c6-7ee8-4e11-b484-63c524d1e538-768x1024.jpg 768w, https:\/\/www.radiopiu.net\/wordpress\/wp-content\/uploads\/2024\/06\/53f038c6-7ee8-4e11-b484-63c524d1e538.jpg 960w\" sizes=\"auto, (max-width: 125px) 100vw, 125px\" \/><\/a>Tir Incastrato sul Ponte Paralizza il Traffico per Ore<\/h3>\n<\/blockquote>\n<p>Un tir sloveno si \u00e8 incastrato sul ponte della statale 52 Carnica, tra Pelos di Cadore e Lorenzago, dalle 19 di marted\u00ec alle 16 di ieri. Ignorando i cartelli di avviso, l&#8217;autista ha forato tre gomme del rimorchio. I vigili del fuoco, la polizia e una squadra di pneumatici di Belluno sono intervenuti, ma il traffico \u00e8 rimasto bloccato fino all&#8217;arrivo di un&#8217;autogr\u00f9 privata per rimuovere il mezzo. Questo incidente ha causato notevoli disagi e costretto gli automobilisti a percorsi alternativi. Un episodio simile era avvenuto il 29 maggio, suscitando frustrazione tra i residenti. (<em>foto chat viabilita&#8217; provincia belluno VPB)<\/em><\/p>\n<p style=\"text-align: center;\"><button class=\"rounded-lg text-token-text-secondary hover:bg-token-main-surface-secondary\">\u00abNon ne possiamo pi\u00f9\u00bb commenta un paesano\u00a0<\/button><\/p>\n<p>&nbsp;<\/p>\n<p>&nbsp;<\/p>\n<hr \/>\n<blockquote>\n<h2><\/h2>\n<h2>I 210 ANNI DEI CARABINIERI, LA FESTA IN PIAZZA DUOMO<\/h2>\n<\/blockquote>\n<div class=\"group\/conversation-turn relative flex w-full min-w-0 flex-col agent-turn\">\n<div class=\"flex-col gap-1 md:gap-3\">\n<div class=\"flex flex-grow flex-col max-w-full\">\n<div class=\"min-h-[20px] text-message flex flex-col items-start whitespace-pre-wrap break-words [.text-message+&amp;]:mt-5 juice:w-full juice:items-end overflow-x-auto gap-2\" dir=\"auto\" data-message-author-role=\"assistant\" data-message-id=\"807081fc-e821-41b5-a8dc-2bcfccb5018a\">\n<div class=\"flex w-full flex-col gap-1 juice:empty:hidden juice:first:pt-[3px]\">\n<div class=\"markdown prose w-full break-words dark:prose-invert dark\">\n<blockquote><p><em>I Carabinieri hanno celebrato i 210 anni dalla fondazione in Piazza del Duomo a Belluno, con la partecipazione del Prefetto, sindaci e autorit\u00e0. La sfilata \u00e8 partita dal Teatro Comunale, accompagnata dalla marcia &#8220;Fedelissima&#8221;, e ha visto la presenza di giovani studentesse che hanno issato il Tricolore.\u00a0<\/em><\/p>\n<p>&nbsp;<\/p><\/blockquote>\n<\/div>\n<p><iframe loading=\"lazy\" title=\"MASTER SPOT FESTA ARMA 2024\" width=\"1200\" height=\"675\" src=\"https:\/\/www.youtube.com\/embed\/-s2cAVJO19w?feature=oembed\" frameborder=\"0\" allow=\"accelerometer; autoplay; clipboard-write; encrypted-media; gyroscope; picture-in-picture; web-share\" referrerpolicy=\"strict-origin-when-cross-origin\" allowfullscreen><\/iframe><\/p>\n<p>&nbsp;<\/p>\n<p>&nbsp;<\/p>\n<\/div>\n<\/div>\n<\/div>\n<\/div>\n<\/div>\n<div class=\"flex flex-grow flex-col max-w-full\">\n<div class=\"min-h-[20px] text-message flex flex-col items-start whitespace-pre-wrap break-words [.text-message+&amp;]:mt-5 juice:w-full juice:items-end overflow-x-auto gap-2\" dir=\"auto\" data-message-author-role=\"assistant\" data-message-id=\"01317a37-7e0e-4989-9d53-c83d72b72a55\">\n<div class=\"flex w-full flex-col gap-1 juice:empty:hidden juice:first:pt-[3px]\">\n<div class=\"markdown prose w-full break-words dark:prose-invert dark\">\n<blockquote>\n<h3>Impegno e Risultati dell\u2019Arma dei Carabinieri in Provincia: Un Anno di Attivit\u00e0 Intensa<\/h3>\n<\/blockquote>\n<p><a class=\"dt-pswp-item\" href=\"https:\/\/www.radiopiu.net\/wordpress\/wp-content\/uploads\/2024\/06\/47dd01e6-52cd-471b-ae78-f78e67222dca.jpg\" data-dt-img-description=\"\" data-large_image_width=\"1280\" data-large_image_height=\"854\"><img loading=\"lazy\" decoding=\"async\" class=\" wp-image-393328 alignleft\" src=\"https:\/\/www.radiopiu.net\/wordpress\/wp-content\/uploads\/2024\/06\/47dd01e6-52cd-471b-ae78-f78e67222dca-300x200.jpg\" alt=\"\" width=\"269\" height=\"179\" srcset=\"https:\/\/www.radiopiu.net\/wordpress\/wp-content\/uploads\/2024\/06\/47dd01e6-52cd-471b-ae78-f78e67222dca-300x200.jpg 300w, https:\/\/www.radiopiu.net\/wordpress\/wp-content\/uploads\/2024\/06\/47dd01e6-52cd-471b-ae78-f78e67222dca-1024x683.jpg 1024w, https:\/\/www.radiopiu.net\/wordpress\/wp-content\/uploads\/2024\/06\/47dd01e6-52cd-471b-ae78-f78e67222dca-768x512.jpg 768w, https:\/\/www.radiopiu.net\/wordpress\/wp-content\/uploads\/2024\/06\/47dd01e6-52cd-471b-ae78-f78e67222dca.jpg 1280w\" sizes=\"auto, (max-width: 269px) 100vw, 269px\" \/><\/a>L&#8217;Arma dei Carabinieri in provincia ha registrato un&#8217;intensa attivit\u00e0 operativa nel corso dell&#8217;ultimo anno. Il Comandante Provinciale ha sottolineato che i numeri, pur parziali, riflettono l&#8217;impegno significativo dell&#8217;Arma. Sono stati svolti oltre 16.500 servizi di prevenzione, con un incremento del 10% rispetto all&#8217;anno precedente, controllando oltre 40.000 veicoli e identificando 46.000 persone. In aggiunta, sono stati effettuati oltre 40 servizi ad alto impatto, mirati a contrastare specifici fenomeni criminali. Nel 2023, sono stati operati 64 arresti, con un aumento del 35% rispetto all&#8217;anno precedente, e 25 nel primo semestre del 2024. Sono state denunciate a piede libero oltre 1.320 persone nel 2023 e 500 nel primo semestre del 2024. Sono stati perseguiti oltre 4.200 reati, identificando il 62% degli autori. Particolarmente rilevanti i dati sulla sicurezza stradale, con 1.898 sanzioni e il sequestro di 91 veicoli. Significativa anche la lotta ai furti e alle truffe, con 113 e 174 denunce rispettivamente. Nel contrasto alla droga, sono state sequestrate quasi 3 kg di hashish, 142 g di marijuana, 390 g di cocaina e 100 g di altre sostanze. Sono stati sequestrati 13 fucili, 2 pistole e numerosi esplosivi.I reati di genere sono stati perseguiti con determinazione, con 190 casi totali e misure cautelari in aumento del 10%. L&#8217;Arma ha anche condotto attivit\u00e0 di prevenzione nelle scuole, coinvolgendo circa 3.100 studenti su tematiche come bullismo e sicurezza stradale. Il servizio di emergenza 112 ha gestito oltre 78.000 chiamate, e le operazioni di soccorso piste hanno visto 1.013 interventi. I Carabinieri hanno inoltre condotto operazioni significative, tra cui l&#8217;arresto di autori di violenze di genere, tentati omicidi e traffico di stupefacenti.<\/p>\n<\/div>\n<\/div>\n<\/div>\n<\/div>\n<div class=\"flex flex-grow flex-col max-w-full\">\n<div class=\"min-h-[20px] text-message flex flex-col items-start whitespace-pre-wrap break-words [.text-message+&amp;]:mt-5 juice:w-full juice:items-end overflow-x-auto gap-2\" dir=\"auto\" data-message-author-role=\"assistant\" data-message-id=\"7f372026-7dcd-4413-ae3f-10d38be03fc8\">\n<div class=\"flex w-full flex-col gap-1 juice:empty:hidden juice:first:pt-[3px]\">\n<div class=\"markdown prose w-full break-words dark:prose-invert dark\">\n<p>&nbsp;<\/p>\n<p><strong>&#8220;Valorosi nel Servire: Il Messaggio del Colonnello Pigozzo in Celebrazione dei 210 Anni dei Carabinieri a Belluno<\/strong><\/p>\n<\/div>\n<\/div>\n<\/div>\n<\/div>\n<div class=\"flex flex-grow flex-col max-w-full\">\n<div class=\"min-h-[20px] text-message flex flex-col items-start whitespace-pre-wrap break-words [.text-message+&amp;]:mt-5 juice:w-full juice:items-end overflow-x-auto gap-2\" dir=\"auto\" data-message-author-role=\"assistant\" data-message-id=\"8d2976e4-56ec-4159-b4d1-5bec3e7d72fd\">\n<div class=\"flex w-full flex-col gap-1 juice:empty:hidden juice:first:pt-[3px]\">\n<div class=\"markdown prose w-full break-words dark:prose-invert dark\">\n<blockquote><p><em>Il Colonnello Enrico Pigozzo, nel suo discorso per la celebrazione dei 210 anni della fondazione dei Carabinieri a Belluno, ha lodato la collaborazione tra le forze dell&#8217;ordine e ha ringraziato le famiglie dei militari. Ha sottolineato l&#8217;importanza dei valori etici dell&#8217;Arma e l&#8217;essenza sostanziale del servizio. Ha esortato al sostegno dei giovani e alla lotta contro la violenza sulle donne e per il benessere delle fasce pi\u00f9 vulnerabili.<\/em><\/p><\/blockquote>\n<\/div>\n<\/div>\n<\/div>\n<\/div>\n<div class=\"mt-1 flex gap-3 empty:hidden juice:-ml-3\">\n<div class=\"flex\"><\/div>\n<div class=\"items-center justify-start rounded-xl p-1 flex\">\n<div class=\"flex items-center\">\n<div class=\"flex items-center pb-0.5 juice:pb-0\">\n<div class=\"[&amp;_svg]:h-full [&amp;_svg]:w-full icon-md h-4 w-4\">\n<h3>I PREMIATI<\/h3>\n<p><a class=\"dt-pswp-item\" href=\"https:\/\/www.radiopiu.net\/wordpress\/wp-content\/uploads\/2024\/06\/4c88dd35-1110-44d8-92b8-52d1efff7910.jpg\" data-dt-img-description=\"\" data-large_image_width=\"1548\" data-large_image_height=\"1032\"><img loading=\"lazy\" decoding=\"async\" class=\"size-medium wp-image-393329 alignleft\" src=\"https:\/\/www.radiopiu.net\/wordpress\/wp-content\/uploads\/2024\/06\/4c88dd35-1110-44d8-92b8-52d1efff7910-300x200.jpg\" alt=\"\" width=\"300\" height=\"200\" srcset=\"https:\/\/www.radiopiu.net\/wordpress\/wp-content\/uploads\/2024\/06\/4c88dd35-1110-44d8-92b8-52d1efff7910-300x200.jpg 300w, https:\/\/www.radiopiu.net\/wordpress\/wp-content\/uploads\/2024\/06\/4c88dd35-1110-44d8-92b8-52d1efff7910-1024x683.jpg 1024w, https:\/\/www.radiopiu.net\/wordpress\/wp-content\/uploads\/2024\/06\/4c88dd35-1110-44d8-92b8-52d1efff7910-768x512.jpg 768w, https:\/\/www.radiopiu.net\/wordpress\/wp-content\/uploads\/2024\/06\/4c88dd35-1110-44d8-92b8-52d1efff7910-1536x1024.jpg 1536w, https:\/\/www.radiopiu.net\/wordpress\/wp-content\/uploads\/2024\/06\/4c88dd35-1110-44d8-92b8-52d1efff7910.jpg 1548w\" sizes=\"auto, (max-width: 300px) 100vw, 300px\" \/><\/a>Durante la cerimonia, tra i Carabinieri premiati si distinguono il Luogotenente Caltana e il Luogotenente Dal Mas per la loro professionalit\u00e0. Anche i giovani Carabinieri sono stati riconosciuti per un intervento tempestivo fuori servizio. L&#8217;Associazione Nazionale Carabinieri ha ricevuto elogi per il suo supporto alle istituzioni locali.<\/p>\n<p><strong>Encomio del Comandante\u00a0<\/strong> al Car.Sc. Arianna MANFROI e ai Carabinieri Stefano ANDREATA e Tiziano PISANO\u2019, in servizio alla Stazione Carabinieri di Cortina d\u2019Ampezzo <em>\u201cAddetti a Stazione Capoluogo, dando prova di spiccata iniziativa ed elevata professionalit\u00e0,intervenivano in soccorso di un uomo colto da improvviso, grave malore durante una manifestazione <\/em><br \/>\n<em>sportiva, praticandogli appropriate manovre di rianimazione fino all\u2019arrivo del personale medico, <\/em><br \/>\n<em>scongiurando cos\u00ec irreparabili conseguenze\u201d\u00a0<\/em><\/p>\n<p><strong>Encomio del Comandante\u00a0<\/strong>\u00a0 al Maresciallo Maggiore, ora in congedo, Lorenzo PEGREFFI, al Maresciallo Ordinario Michele SOFFIATTI, all\u2019Appuntato Francesca COLLOI e al Car. Sc. Nicholas BOLZAN, in servizio al Nucleo Investigativo di Polizia Ambientale Agroalimentare e Forestale di Belluno e al Nucleo Forestale di Puos d\u2019Alpago;\u00a0 <em>\u201cComandante di Nucleo Forestale e addetti al Nucleo Investigativo provinciale, con spiccata capacit\u00e0 organizzativa ed elevata professionalit\u00e0, conducevano una complessa attivit\u00e0 info-investigativa, che consentiva di deferire all\u2019Autorit\u00e0 Giudiziaria un sodalizio criminale dedito al traffico illecito di rifiuti in molteplici regioni d\u2019Italia e all\u2019emissione di false fatturazioni. L\u2019operazione si concludeva con l\u2019arresto di 14 persone e il deferimento di altre 10, nonch\u00e9 il sequestro preventivo di beni per il valore di circa 5 milioni di euro\u201d<\/em><\/p>\n<\/div>\n<p>&nbsp;<\/p>\n<div class=\"[&amp;_svg]:h-full [&amp;_svg]:w-full icon-md h-4 w-4\">\n<p><strong><a class=\"dt-pswp-item\" href=\"https:\/\/www.radiopiu.net\/wordpress\/wp-content\/uploads\/2024\/06\/1bdb13d5-863a-468a-a9e7-c028d5d36d07.jpg\" data-dt-img-description=\"\" data-large_image_width=\"991\" data-large_image_height=\"743\"><img loading=\"lazy\" decoding=\"async\" class=\"size-medium wp-image-393330 alignleft\" src=\"https:\/\/www.radiopiu.net\/wordpress\/wp-content\/uploads\/2024\/06\/1bdb13d5-863a-468a-a9e7-c028d5d36d07-300x225.jpg\" alt=\"\" width=\"300\" height=\"225\" srcset=\"https:\/\/www.radiopiu.net\/wordpress\/wp-content\/uploads\/2024\/06\/1bdb13d5-863a-468a-a9e7-c028d5d36d07-300x225.jpg 300w, https:\/\/www.radiopiu.net\/wordpress\/wp-content\/uploads\/2024\/06\/1bdb13d5-863a-468a-a9e7-c028d5d36d07-768x576.jpg 768w, https:\/\/www.radiopiu.net\/wordpress\/wp-content\/uploads\/2024\/06\/1bdb13d5-863a-468a-a9e7-c028d5d36d07.jpg 991w\" sizes=\"auto, (max-width: 300px) 100vw, 300px\" \/><\/a>Elogio\u00a0<\/strong> ai Carabinieri Marco ARAMU, Jury AMENDOLA, Francesco ARENA e Giuseppe CALABRO\u2019, in servizio alle Stazioni Carabinieri di Belluno e Longarone; <em>\u201cMilitari addetti a Stazioni provinciali, mentre si trovavano, liberi dal servizio, nel centro cittadino di <\/em><br \/>\n<em>Belluno, si avvedevano di una lite in corso tra due uomini all\u2019esterno di un locale pubblico, chedegenerava rapidamente nell\u2019accoltellamento della vittima. Con estrema reattivit\u00e0 ed elevataprofessionalit\u00e0, intervenivano prontamente per soccorrere il ferito, allertando i soccorsi sanitari,fermare il responsabile e recuperare l\u2019arma da taglio, frattanto occultata dall\u2019aggressore. L\u2019operazione <\/em><br \/>\n<em>si concludeva con l\u2019arresto dell\u2019uomo, il sequestro dell\u2019arma e la raccolta di fonti di prova che, in sede di processo, consentivano la condanna dell\u2019imputato per il reato di tentato omicidio\u201d.\u00a0<\/em><\/p>\n<p><strong>Elogio\u00a0<\/strong> di Reparto concesso alla Stazione Carabinieri di Longarone;<em> \u201cComandante e militari addetti a Stazione distaccata, con corale sforzo, svolgevano prolungate e complesse attivit\u00e0 investigative, a seguito del decesso, per intossicazione acuta, di un bambino di <\/em><br \/>\n<em>pochi anni. All\u2019esito, riuscivano a raccogliere fondamentali elementi di prova a carico del responsabile e a fornire un ampio quanto determinante quadro di elementi di valutazione all\u2019Autorit\u00e0 Giudiziaria per l\u2019esercizio dell\u2019azione penale\u201d.<\/em><\/p>\n<p><strong>Elogio<\/strong> al Lgt. CS Massimo CALTANA, Comandante della Stazione di Pieve di Cadore; al Lgt. DAL MAS Filippo Ugo, Comandante della Stazione di Santa Giustina Bellunese;\u00a0 <strong>Elogio<\/strong> di Reparto concesso all\u2019Aliquota Operativa della Compagnia di Feltre;\u00a0 di Reparto, quale prima attestazione di merito, concessa al Nucleo Investigativo del Comando Provinciale di Belluno e alla Stazione Carabinieri di Santo Stefano di Cadore.<\/p>\n<p>&nbsp;<\/p>\n<\/div>\n<\/div>\n<\/div>\n<\/div>\n<\/div>\n<p>&nbsp;<\/p>\n<hr \/>\n<p>&nbsp;<\/p>\n<blockquote>\n<h3>LEGAMBIENTE VENETO E L&#8217;AUTOVELOX DI COLLE SANTA LUCIA<\/h3>\n<\/blockquote>\n<p><strong><a class=\"dt-pswp-item\" href=\"https:\/\/www.radiopiu.net\/wordpress\/wp-content\/uploads\/2023\/08\/Autovelox_c-Antonio-Nardelli_lr.jpg\" data-dt-img-description=\"\" data-large_image_width=\"500\" data-large_image_height=\"291\"><img loading=\"lazy\" decoding=\"async\" class=\" wp-image-348189 alignleft\" src=\"https:\/\/www.radiopiu.net\/wordpress\/wp-content\/uploads\/2023\/08\/Autovelox_c-Antonio-Nardelli_lr-300x175.jpg\" alt=\"\" width=\"159\" height=\"93\" srcset=\"https:\/\/www.radiopiu.net\/wordpress\/wp-content\/uploads\/2023\/08\/Autovelox_c-Antonio-Nardelli_lr-300x175.jpg 300w, https:\/\/www.radiopiu.net\/wordpress\/wp-content\/uploads\/2023\/08\/Autovelox_c-Antonio-Nardelli_lr.jpg 500w\" sizes=\"auto, (max-width: 159px) 100vw, 159px\" \/><\/a>PADOVA<\/strong> Legambiente Veneto supporta il sindaco di Colle Santa Lucia nella vicenda dell&#8217;autovelox locale, installato nel 2019 per contrastare l&#8217;eccessiva velocit\u00e0 di motociclisti e automobilisti vicino al Passo Giau. Questo autovelox, tuttavia, rientra tra quelli &#8220;non omologati&#8221; a causa di un problema normativo, che ha bloccato le sanzioni. Luigi Lazzaro, presidente di Legambiente Veneto, critica la resistenza contro gli autovelox, ritenendola pericolosa per la sicurezza stradale. La recente riforma del Codice della strada e il &#8220;Decreto Autovelox&#8221; complicano ulteriormente il controllo della velocit\u00e0. Legambiente si impegna a sostenere il sindaco di Colle Santa Lucia e gli amministratori locali in un confronto con il prefetto di Belluno per migliorare la sicurezza stradale, proponendo l&#8217;installazione di sistemi di controllo informatici del traffico nelle Dolomiti.<\/p>\n<p>&nbsp;<\/p>\n<p>&nbsp;<\/p>\n<hr \/>\n<p>&nbsp;<\/p>\n<p>&nbsp;<\/p>\n<blockquote>\n<h3>NASCONO I PUNTI DIGITALE FACILE IN PROVINCIA DI BELLUNO<\/h3>\n<\/blockquote>\n<blockquote><p><em>Grazie al PNRR e alla Regione Veneto, il Consorzio BIM Piave Belluno e SIT offrono supporto digitale ai cittadini con corsi ed eventi formativi gratuiti. Il primo incontro, in collaborazione con l&#8217;Agenzia delle <a class=\"dt-pswp-item\" href=\"https:\/\/www.radiopiu.net\/wordpress\/wp-content\/uploads\/2024\/06\/Immagine-Allegata.png\" data-dt-img-description=\"\" data-large_image_width=\"640\" data-large_image_height=\"480\"><img loading=\"lazy\" decoding=\"async\" class=\" wp-image-393454 alignleft\" src=\"https:\/\/www.radiopiu.net\/wordpress\/wp-content\/uploads\/2024\/06\/Immagine-Allegata-300x225.png\" alt=\"\" width=\"249\" height=\"187\" srcset=\"https:\/\/www.radiopiu.net\/wordpress\/wp-content\/uploads\/2024\/06\/Immagine-Allegata-300x225.png 300w, https:\/\/www.radiopiu.net\/wordpress\/wp-content\/uploads\/2024\/06\/Immagine-Allegata.png 640w\" sizes=\"auto, (max-width: 249px) 100vw, 249px\" \/><\/a>Entrate, si terr\u00e0 il 12 giugno e riguarder\u00e0 la dichiarazione dei redditi precompilata.<\/em><\/p><\/blockquote>\n<p>&nbsp;<\/p>\n<p><strong>BELLUNO<\/strong> In provincia di Belluno nascono i Punti Digitale Facile, grazie al PNRR attuato dalla Regione Veneto. Il progetto, condotto dal Consorzio BIM Piave Belluno e SIT, prevede punti di facilitazione per l&#8217;accesso gratuito a corsi ed eventi formativi, in presenza e online, per l&#8217;uso di Internet e strumenti digitali. Il primo evento, organizzato con l&#8217;Agenzia delle Entrate, si terr\u00e0 il 12 giugno dalle 18.00 alle 20.00 online, e fornir\u00e0 informazioni sulla dichiarazione dei redditi precompilata. Per iscriversi, visitare il sito <a href=\"http:\/\/www.innovationlabdolomiti.it\" target=\"_new\" rel=\"noreferrer noopener\">www.innovationlabdolomiti.it<\/a> nella sezione \u201cEventi\u201d.<\/p>\n<p>&nbsp;<\/p>\n<p>&nbsp;<\/p>\n<hr \/>\n<p>&nbsp;<\/p>\n<p><strong>LA GIUDIZIARIA OGGI, SINTESI DAL CORRIERE DELLE ALPI<\/strong><\/p>\n<p><strong>DI GIGI SOSSO\u00a0\u00a0<\/strong><\/p>\n<h3>Assolto il Titolare di un Locale del Feltrino<\/h3>\n<p><strong>FELTRE<\/strong> Il titolare di un locale del Feltrino \u00e8 stato assolto dall&#8217;accusa di stupro da parte dei giudici Coniglio, Montalto e Cittolin, poich\u00e9 il fatto non sussiste. Anche il pm Roberta Gallego e il difensore Massimiliano Paniz avevano raggiunto la stessa conclusione, mentre l\u2019avvocato di parte civile Federica Rossi chiedeva la condanna e un risarcimento di 20 mila euro.\u00a0<button class=\"rounded-lg text-token-text-secondary hover:bg-token-main-surface-secondary\"> Secondo la pubblica accusa non c&#8217;erano un referto o una testimonianza diretta e, secondo la difesa, l&#8217;imputato aveva senz&#8217;altro tentato degli approcci espliciti ma si era fermato quando la 19enne aspirante barista gli aveva detto di no<\/button><\/p>\n<hr \/>\n<hr \/>\n<hr \/>\n<hr \/>\n<hr \/>\n<hr \/>\n<hr \/>\n<hr \/>\n<hr \/>\n<hr \/>\n<hr \/>\n<hr \/>\n<hr \/>\n<hr \/>\n<h3>Violenza Sessuale a una Festa: Processo per Cittadino Albanese<\/h3>\n<p><strong>VALLE DI CADORE<\/strong>\u00a0 Il cittadino albanese\u00a0 \u00e8 accusato di violenza sessuale per aver sorpreso e palpeggiato una donna appoggiata a una fontana durante una festa all&#8217;aperto il 13 giugno scorso. La vittima ha denunciato l&#8217;aggressione, affermando che l&#8217;imputato le avrebbe infilato una mano sotto la gonna e toccato le parti intime. Il processo inizier\u00e0 il 5 giugno dell&#8217;anno prossimo. K.G. nega le accuse, e la vittima non si \u00e8 costituita parte civile<\/p>\n<div class=\"mt-1 flex gap-3 empty:hidden juice:-ml-3\">\n<div class=\"items-center justify-start rounded-xl p-1 flex\">\n<div class=\"flex items-center\" style=\"text-align: center;\"><button class=\"rounded-lg text-token-text-secondary hover:bg-token-main-surface-secondary\">\u00a0nega le accuse, e la vittima non si \u00e8 costituita parte civile.\u00a0<\/button><button class=\"rounded-lg text-token-text-secondary hover:bg-token-main-surface-secondary\"><br \/>\n<\/button><\/div>\n<div>\n<hr \/>\n<hr \/>\n<hr \/>\n<hr \/>\n<hr \/>\n<hr \/>\n<hr \/>\n<hr \/>\n<hr \/>\n<hr \/>\n<hr \/>\n<hr \/>\n<hr \/>\n<hr \/>\n<\/div>\n<div><\/div>\n<\/div>\n<\/div>\n<hr \/>\n<p>&nbsp;<\/p>\n<blockquote>\n<h3>CORTINA: ASSOALBERGATORI E UMANA INSIEME PER MIGLIORARE L\u2019OFFERTA TURISTICA<\/h3>\n<\/blockquote>\n<p><strong><a class=\"dt-pswp-item\" href=\"https:\/\/www.radiopiu.net\/wordpress\/wp-content\/uploads\/2020\/05\/ristorante.jpg\" data-dt-img-description=\"\" data-large_image_width=\"1920\" data-large_image_height=\"1280\"><img loading=\"lazy\" decoding=\"async\" class=\" wp-image-137077 alignleft\" src=\"https:\/\/www.radiopiu.net\/wordpress\/wp-content\/uploads\/2020\/05\/ristorante-300x200.jpg\" alt=\"\" width=\"156\" height=\"104\" srcset=\"https:\/\/www.radiopiu.net\/wordpress\/wp-content\/uploads\/2020\/05\/ristorante-300x200.jpg 300w, https:\/\/www.radiopiu.net\/wordpress\/wp-content\/uploads\/2020\/05\/ristorante-1024x683.jpg 1024w, https:\/\/www.radiopiu.net\/wordpress\/wp-content\/uploads\/2020\/05\/ristorante-768x512.jpg 768w, https:\/\/www.radiopiu.net\/wordpress\/wp-content\/uploads\/2020\/05\/ristorante-1536x1024.jpg 1536w, https:\/\/www.radiopiu.net\/wordpress\/wp-content\/uploads\/2020\/05\/ristorante.jpg 1920w\" sizes=\"auto, (max-width: 156px) 100vw, 156px\" \/><\/a>CORTINA <\/strong>L\u2019Associazione degli Albergatori di Cortina ha formalmente siglato una partnership con Umana Spa.\u00a0 L\u2019accordo, che avr\u00e0 durata annuale rinnovabile, \u00e8 stato firmato proprio in questi giorni e prevede che i professionisti dell\u2019ospitalit\u00e0 ampezzana e l\u2019agenzia per il lavoro, fra i principali player di servizi HR in Italia, uniscano le forze per migliorare l\u2019offerta turistica sul territorio anche e soprattutto attraverso la ricerca, la selezione e la formazione di personale altamente qualificato. Quello della carenza di manodopera specializzata, infatti, \u00e8 un nervo scoperto che ciclicamente torna a pungere soprattutto nel ramo horeca, pi\u00f9 colpito rispetto ad altri dagli effetti negativi di un problema ormai endemico e senza distinzioni geografiche, ma pi\u00f9 evidente nelle localit\u00e0 turistiche dove la penuria di addetti ha un peso sicuramente maggiore, soprattutto nei periodi di alta stagione.<\/p>\n<p>&nbsp;<\/p>\n<p>&nbsp;<\/p>\n<hr \/>\n<blockquote>\n<h3><\/h3>\n<h3>DISAGI PER PASSO DURAN E FORCELLA STAULANZA<\/h3>\n<\/blockquote>\n<h4>Chiusura Parziale della Strada per il Passo Duran<\/h4>\n<p>La strada per il Passo Duran sar\u00e0 parzialmente chiusa dalle 8.30 alle 11.30 nel tratto compreso tra Forcella Staulanza e Selva di Cadore. Questa chiusura \u00e8 necessaria per consentire lo svolgimento di lavori di manutenzione e miglioramento della sicurezza stradale. Gli automobilisti sono invitati a pianificare percorsi alternativi per evitare disagi.<\/p>\n<p>&nbsp;<\/p>\n<p>&nbsp;<\/p>\n<hr \/>\n<p>&nbsp;<\/p>\n<blockquote>\n<h3>GIORNATA DELL&#8217;AMBIENTE: LA MONTAGNA GIA&#8217; NELLA TRANSIZIONE ECOLOGICA<\/h3>\n<\/blockquote>\n<p><strong><a class=\"dt-pswp-item\" href=\"https:\/\/www.radiopiu.net\/wordpress\/wp-content\/uploads\/2020\/11\/logoUNCEM_no_scritta-wdtr.jpg\" data-dt-img-description=\"\" data-large_image_width=\"640\" data-large_image_height=\"640\"><img loading=\"lazy\" decoding=\"async\" class=\" wp-image-170846 alignleft\" src=\"https:\/\/www.radiopiu.net\/wordpress\/wp-content\/uploads\/2020\/11\/logoUNCEM_no_scritta-wdtr-300x300.jpg\" alt=\"\" width=\"142\" height=\"142\" srcset=\"https:\/\/www.radiopiu.net\/wordpress\/wp-content\/uploads\/2020\/11\/logoUNCEM_no_scritta-wdtr-300x300.jpg 300w, https:\/\/www.radiopiu.net\/wordpress\/wp-content\/uploads\/2020\/11\/logoUNCEM_no_scritta-wdtr-150x150.jpg 150w, https:\/\/www.radiopiu.net\/wordpress\/wp-content\/uploads\/2020\/11\/logoUNCEM_no_scritta-wdtr.jpg 640w\" sizes=\"auto, (max-width: 142px) 100vw, 142px\" \/><\/a>ROMA<\/strong> Ieri, in occasione della Giornata mondiale dell&#8217;Ambiente, le comunit\u00e0 italiane hanno celebrato l&#8217;impegno nella protezione delle risorse naturali e nella lotta alla crisi climatica. La transizione ecologica \u00e8 guidata dalla Strategia delle Green Communities, introdotta nella legislazione italiana tramite il &#8220;Collegato ambientale&#8221; alla legge di bilancio 2016. Finanziate dal Piano nazionale di Ripresa e Resilienza con 135 milioni di euro, 40 aree italiane stanno promuovendo iniziative su ambiente, energia, risorse, agricoltura e turismo sostenibile. Uncem sollecita il Governo a finanziare anche i restanti 160 progetti delle Alpi e degli Appennini, utilizzando fondi della coesione e strutturali europei, per attuare pienamente le Strategie territoriali delle Green Communities, risposta concreta ai cambiamenti climatici.<\/p>\n<p>&nbsp;<\/p>\n<p>&nbsp;<\/p>\n<hr \/>\n<p>&nbsp;<\/p>\n<blockquote>\n<h3>A TEATRO CON SCUOLE IN RETE<\/h3>\n<\/blockquote>\n<p><strong><a class=\"dt-pswp-item\" href=\"https:\/\/www.radiopiu.net\/wordpress\/wp-content\/uploads\/2024\/06\/60187496_1110835259117244_1967145517498499072_o-1.jpg\" data-dt-img-description=\"\" data-large_image_width=\"1772\" data-large_image_height=\"1183\"><img loading=\"lazy\" decoding=\"async\" class=\" wp-image-393049 alignleft\" src=\"https:\/\/www.radiopiu.net\/wordpress\/wp-content\/uploads\/2024\/06\/60187496_1110835259117244_1967145517498499072_o-1-300x200.jpg\" alt=\"\" width=\"170\" height=\"113\" srcset=\"https:\/\/www.radiopiu.net\/wordpress\/wp-content\/uploads\/2024\/06\/60187496_1110835259117244_1967145517498499072_o-1-300x200.jpg 300w, https:\/\/www.radiopiu.net\/wordpress\/wp-content\/uploads\/2024\/06\/60187496_1110835259117244_1967145517498499072_o-1-1024x684.jpg 1024w, https:\/\/www.radiopiu.net\/wordpress\/wp-content\/uploads\/2024\/06\/60187496_1110835259117244_1967145517498499072_o-1-768x513.jpg 768w, https:\/\/www.radiopiu.net\/wordpress\/wp-content\/uploads\/2024\/06\/60187496_1110835259117244_1967145517498499072_o-1-1536x1025.jpg 1536w, https:\/\/www.radiopiu.net\/wordpress\/wp-content\/uploads\/2024\/06\/60187496_1110835259117244_1967145517498499072_o-1.jpg 1772w\" sizes=\"auto, (max-width: 170px) 100vw, 170px\" \/><\/a>BELLUNO<\/strong> Le Scuole in rete organizzano domani lo spettacolo &#8220;Domani \u00e8 bello&#8221; con Michele Dotti ed Erica Boschiero al Teatro Dino Buzzati di Belluno, con ingresso libero: la sera alle 20:30 per tutti e al mattino per gli studenti delle superiori. L&#8217;evento conclude il meeting di fine anno delle Scuole in Rete, in collaborazione con vari enti locali. La giornata prevede teatro e attivit\u00e0 educative, con Dotti, educatore e scrittore, e Boschiero, cantautrice impegnata nei diritti umani. Il progetto mira a promuovere cambiamenti positivi e soluzioni ai problemi attuali. La mattina include giochi ambientali, merenda equosolidale e presentazioni delle scuole e progetti di volontariato.<\/p>\n<p>&nbsp;<\/p>\n<hr \/>\n<p>&nbsp;<\/p>\n<blockquote>\n<h2>Musica nell\u2019Agordino, la 31\u00aa edizione tra classica, folk e luoghi incantevoli<\/h2>\n<\/blockquote>\n<p><img loading=\"lazy\" decoding=\"async\" class=\"alignleft\" src=\"https:\/\/www.radiopiu.net\/wordpress\/wp-content\/uploads\/2024\/06\/cantemus-choir-1-scaled.jpg\" width=\"198\" height=\"132\" \/><strong>AGORDO<\/strong> Anche quest&#8217;estate, Musica nell\u2019Agordino offre un ricco programma per la sua trentunesima edizione, arricchendo l&#8217;offerta culturale della Valle per residenti e turisti. L&#8217;apertura sar\u00e0 il concerto per coro, organo e due violini nella Chiesa Arcidiaconale di Agordo. Tra i momenti salienti, l&#8217;attesa serata di Agordo Etno Musica nei giardini di Palazzo Crotta De Manzoni con danze e musiche internazionali. Ad agosto, la settimana organistica valorizzer\u00e0 le Chiese della vallata. Eventi speciali includeranno concerti nel castello di Andraz e nella Chiesetta di San Lucano, culminando con il tradizionale concerto del coro Valbiois a Falcade.<\/p>\n<p>&nbsp;<\/p>\n<hr \/>\n<p>&nbsp;<\/p>\n<blockquote>\n<h2>Risultati Eccellenti agli Esami Cambridge per l&#8217;Oxford School Dolomiti<\/h2>\n<p>&nbsp;<\/p>\n<p><strong>ALLEGHE\u00a0 Ottimi <\/strong>\u00a0risultati\u00a0 \u00a0agli esami Cambridge per la Oxford School Dolomiti.\u00a0 Ben 14 studenti delle scuole medie si sono impegnati\u00a0 nella prova internazionale composta da 4 abilit\u00e0: grammatica, ascolto, scrittura e colloquio orale. \u00a0Il 41% di loro ha ottenuto il livello B1 (da terza superiore) con alto punteggio, Sofia\u00a0 il B2 (da quinta superiore).<br \/>\nAnastasia, Massimiliano, Gianni, Filippo, Giuseppe, Alessandra, Diego, Angelo e Gabriele hanno passato l&#8217;esame con distinto,\u00a0 Vittorio e Sofia con ottimo. Eccellenti risultati anche dei 14 bambini con un punteggio globale di 9 negli esami e in particolare 9,5 nei colloqui orali: i fratelli Giulia&amp;Martin, Ida, Alissa e Letizia\u00a0 hanno ottenuto 10 in tutte le prove<\/p><\/blockquote>\n<p>&nbsp;<\/p>\n\n\t\t\t<style type='text\/css'>\n\t\t\t\t#gallery-1 {\n\t\t\t\t\tmargin: auto;\n\t\t\t\t}\n\t\t\t\t#gallery-1 .gallery-item {\n\t\t\t\t\tfloat: left;\n\t\t\t\t\tmargin-top: 10px;\n\t\t\t\t\ttext-align: center;\n\t\t\t\t\twidth: 50%;\n\t\t\t\t}\n\t\t\t\t#gallery-1 img {\n\t\t\t\t\tborder: 2px solid #cfcfcf;\n\t\t\t\t}\n\t\t\t\t#gallery-1 .gallery-caption {\n\t\t\t\t\tmargin-left: 0;\n\t\t\t\t}\n\t\t\t\t\/* see gallery_shortcode() in wp-includes\/media.php *\/\n\t\t\t<\/style>\n\t\t<div id='gallery-1' class='dt-gallery-container gallery galleryid-393334 gallery-columns-2 gallery-size-medium'><dl class='gallery-item'>\n\t\t\t\t<dt class='gallery-icon landscape'>\n\t\t\t\t\t<a class=\"rollover rollover-zoom dt-pswp-item\" title=\"46c03283-fb8a-4668-80ea-031d01661d08\" data-dt-img-description=\"\" data-large_image_width=\"1600\" data-large_image_height=\"1200\"href='https:\/\/www.radiopiu.net\/wordpress\/wp-content\/uploads\/2024\/06\/46c03283-fb8a-4668-80ea-031d01661d08.jpg'><img loading=\"lazy\" decoding=\"async\" width=\"300\" height=\"225\" src=\"https:\/\/www.radiopiu.net\/wordpress\/wp-content\/uploads\/2024\/06\/46c03283-fb8a-4668-80ea-031d01661d08-300x225.jpg\" class=\"attachment-medium size-medium\" alt=\"\" srcset=\"https:\/\/www.radiopiu.net\/wordpress\/wp-content\/uploads\/2024\/06\/46c03283-fb8a-4668-80ea-031d01661d08-300x225.jpg 300w, https:\/\/www.radiopiu.net\/wordpress\/wp-content\/uploads\/2024\/06\/46c03283-fb8a-4668-80ea-031d01661d08-1024x768.jpg 1024w, https:\/\/www.radiopiu.net\/wordpress\/wp-content\/uploads\/2024\/06\/46c03283-fb8a-4668-80ea-031d01661d08-768x576.jpg 768w, https:\/\/www.radiopiu.net\/wordpress\/wp-content\/uploads\/2024\/06\/46c03283-fb8a-4668-80ea-031d01661d08-1536x1152.jpg 1536w, https:\/\/www.radiopiu.net\/wordpress\/wp-content\/uploads\/2024\/06\/46c03283-fb8a-4668-80ea-031d01661d08.jpg 1600w\" sizes=\"auto, (max-width: 300px) 100vw, 300px\" \/><\/a>\n\t\t\t\t<\/dt><\/dl><dl class='gallery-item'>\n\t\t\t\t<dt class='gallery-icon landscape'>\n\t\t\t\t\t<a class=\"rollover rollover-zoom dt-pswp-item\" title=\"bfa99061-affc-44c1-9f1a-c0f108a6fb8b\" data-dt-img-description=\"\" data-large_image_width=\"1397\" data-large_image_height=\"1085\"href='https:\/\/www.radiopiu.net\/wordpress\/wp-content\/uploads\/2024\/06\/bfa99061-affc-44c1-9f1a-c0f108a6fb8b.jpg'><img loading=\"lazy\" decoding=\"async\" width=\"300\" height=\"233\" src=\"https:\/\/www.radiopiu.net\/wordpress\/wp-content\/uploads\/2024\/06\/bfa99061-affc-44c1-9f1a-c0f108a6fb8b-300x233.jpg\" class=\"attachment-medium size-medium\" alt=\"\" srcset=\"https:\/\/www.radiopiu.net\/wordpress\/wp-content\/uploads\/2024\/06\/bfa99061-affc-44c1-9f1a-c0f108a6fb8b-300x233.jpg 300w, https:\/\/www.radiopiu.net\/wordpress\/wp-content\/uploads\/2024\/06\/bfa99061-affc-44c1-9f1a-c0f108a6fb8b-1024x795.jpg 1024w, https:\/\/www.radiopiu.net\/wordpress\/wp-content\/uploads\/2024\/06\/bfa99061-affc-44c1-9f1a-c0f108a6fb8b-768x596.jpg 768w, https:\/\/www.radiopiu.net\/wordpress\/wp-content\/uploads\/2024\/06\/bfa99061-affc-44c1-9f1a-c0f108a6fb8b.jpg 1397w\" sizes=\"auto, (max-width: 300px) 100vw, 300px\" \/><\/a>\n\t\t\t\t<\/dt><\/dl><br style=\"clear: both\" \/>\n\t\t\t<\/div>\n\n<h4><\/h4>\n<hr \/>\n<p>&nbsp;<\/p>\n<blockquote>\n<h3>DILLO A RADIO PIU&#8230;. Viaggio in Bicicletta per Promuovere la Via Claudia Augusta<\/h3>\n<\/blockquote>\n<p>&nbsp;<\/p>\n<p>**<\/p>\n<blockquote><p><em>Mi chiamo Claudio Mason, sono il presidente di Fiab Feltreinbici. Vorrei condividere con voi la nostra recente esperienza di un viaggio in bicicletta intrapreso per promuovere la Via Claudia Augusta.<\/em><\/p><\/blockquote>\n<p>Il nostro viaggio \u00e8 iniziato sabato 1 giugno, quando abbiamo preso il treno da Feltre e siamo arrivati a Mestre. Da l\u00ec, abbiamo proseguito il nostro viaggio in bicicletta, attraversando strade secondarie e piste ciclabili, fino ad arrivare ad Altino, dove si trovano una zona archeologica e un museo.L\u2019obiettivo di questa escursione in bicicletta era quello di promuovere l\u2019antica strada romana Claudia Augusta, costruita per volere dell\u2019imperatore romano Claudio, che collegava Altino al fiume Danubio in Germania. Questo itinerario turistico \u00e8 molto popolare tra i cicloturisti, soprattutto tedeschi, che partono dalla Germania e arrivano alle porte di Venezia. Altino \u00e8 considerata l\u2019origine di Venezia. Infatti, gli abitanti di questa citt\u00e0 si trasferirono sulle isole della laguna per proteggersi dalle invasioni barbariche.La giornata \u00e8 proseguita con un sole splendente. Abbiamo continuato lungo il Sile e poi abbiamo raggiunto Roncade con la sua villa. Proseguendo verso nord, abbiamo attraversato il fiume Piave e siamo arrivati a Susegana, all\u2019ombra del castello di San Salvatore, dove abbiamo pernottato.Il secondo giorno, abbiamo proseguito per Pieve di Soligo e Follina, famosa per la sua splendida abbazia storica. Qui ha avuto inizio la salita pi\u00f9 impegnativa, il passo Praderadego a quota 900 metri.Dopo la pausa pranzo al Vin e Pit, abbiamo iniziato la discesa dal versante bellunese e abbiamo fatto una breve visita al castello di Zumelle, un altro punto di riferimento lungo la strada. Mentre il tempo minacciava un temporale, abbiamo proseguito verso Lentiai e poi Busche. Da l\u00ec, siamo risaliti a Cesio Maggiore e abbiamo visitato il cippo millenario, che indicava la strada romana.Abbiamo proseguito il nostro viaggio fino a raggiungere Feltre, la meta del nostro viaggio, in Piazza Maggiore, dove termina la prima parte di questa lunga strada romana che attraversa la nostra citt\u00e0 di Feltre.<\/p>\n<p>&nbsp;<\/p>\n<hr \/>\n\n\t\t\t<style type='text\/css'>\n\t\t\t\t#gallery-2 {\n\t\t\t\t\tmargin: auto;\n\t\t\t\t}\n\t\t\t\t#gallery-2 .gallery-item {\n\t\t\t\t\tfloat: left;\n\t\t\t\t\tmargin-top: 10px;\n\t\t\t\t\ttext-align: center;\n\t\t\t\t\twidth: 25%;\n\t\t\t\t}\n\t\t\t\t#gallery-2 img {\n\t\t\t\t\tborder: 2px solid #cfcfcf;\n\t\t\t\t}\n\t\t\t\t#gallery-2 .gallery-caption {\n\t\t\t\t\tmargin-left: 0;\n\t\t\t\t}\n\t\t\t\t\/* see gallery_shortcode() in wp-includes\/media.php *\/\n\t\t\t<\/style>\n\t\t<div id='gallery-2' class='dt-gallery-container gallery galleryid-393334 gallery-columns-4 gallery-size-thumbnail'><dl class='gallery-item'>\n\t\t\t\t<dt class='gallery-icon landscape'>\n\t\t\t\t\t<a class=\"rollover\" href='https:\/\/www.radiopiu.net\/wordpress\/dillo-a-radio-piu-viaggio-in-bicicletta-per-promuovere-la-via-claudia-augusta\/immagine-whatsapp-2024-06-02-ore-21-29-14_838405e1\/'><img loading=\"lazy\" decoding=\"async\" width=\"150\" height=\"150\" src=\"https:\/\/www.radiopiu.net\/wordpress\/wp-content\/uploads\/2024\/06\/Immagine-WhatsApp-2024-06-02-ore-21.29.14_838405e1-150x150.jpg\" class=\"attachment-thumbnail size-thumbnail\" alt=\"\" \/><\/a>\n\t\t\t\t<\/dt><\/dl><dl class='gallery-item'>\n\t\t\t\t<dt class='gallery-icon portrait'>\n\t\t\t\t\t<a class=\"rollover\" href='https:\/\/www.radiopiu.net\/wordpress\/dillo-a-radio-piu-viaggio-in-bicicletta-per-promuovere-la-via-claudia-augusta\/immagine-whatsapp-2024-06-02-ore-21-28-49_cabab524\/'><img loading=\"lazy\" decoding=\"async\" width=\"150\" height=\"150\" src=\"https:\/\/www.radiopiu.net\/wordpress\/wp-content\/uploads\/2024\/06\/Immagine-WhatsApp-2024-06-02-ore-21.28.49_cabab524-150x150.jpg\" class=\"attachment-thumbnail size-thumbnail\" alt=\"\" \/><\/a>\n\t\t\t\t<\/dt><\/dl><dl class='gallery-item'>\n\t\t\t\t<dt class='gallery-icon portrait'>\n\t\t\t\t\t<a class=\"rollover\" href='https:\/\/www.radiopiu.net\/wordpress\/dillo-a-radio-piu-viaggio-in-bicicletta-per-promuovere-la-via-claudia-augusta\/immagine-whatsapp-2024-06-02-ore-20-43-57_c9a0fd29\/'><img loading=\"lazy\" decoding=\"async\" width=\"150\" height=\"150\" src=\"https:\/\/www.radiopiu.net\/wordpress\/wp-content\/uploads\/2024\/06\/Immagine-WhatsApp-2024-06-02-ore-20.43.57_c9a0fd29-150x150.jpg\" class=\"attachment-thumbnail size-thumbnail\" alt=\"\" \/><\/a>\n\t\t\t\t<\/dt><\/dl><dl class='gallery-item'>\n\t\t\t\t<dt class='gallery-icon landscape'>\n\t\t\t\t\t<a class=\"rollover\" href='https:\/\/www.radiopiu.net\/wordpress\/dillo-a-radio-piu-viaggio-in-bicicletta-per-promuovere-la-via-claudia-augusta\/immagine-whatsapp-2024-06-02-ore-21-38-02_89933657\/'><img loading=\"lazy\" decoding=\"async\" width=\"150\" height=\"150\" src=\"https:\/\/www.radiopiu.net\/wordpress\/wp-content\/uploads\/2024\/06\/Immagine-WhatsApp-2024-06-02-ore-21.38.02_89933657-150x150.jpg\" class=\"attachment-thumbnail size-thumbnail\" alt=\"\" srcset=\"https:\/\/www.radiopiu.net\/wordpress\/wp-content\/uploads\/2024\/06\/Immagine-WhatsApp-2024-06-02-ore-21.38.02_89933657-150x150.jpg 150w, https:\/\/www.radiopiu.net\/wordpress\/wp-content\/uploads\/2024\/06\/Immagine-WhatsApp-2024-06-02-ore-21.38.02_89933657-300x300.jpg 300w, https:\/\/www.radiopiu.net\/wordpress\/wp-content\/uploads\/2024\/06\/Immagine-WhatsApp-2024-06-02-ore-21.38.02_89933657-1024x1024.jpg 1024w, https:\/\/www.radiopiu.net\/wordpress\/wp-content\/uploads\/2024\/06\/Immagine-WhatsApp-2024-06-02-ore-21.38.02_89933657-768x768.jpg 768w, https:\/\/www.radiopiu.net\/wordpress\/wp-content\/uploads\/2024\/06\/Immagine-WhatsApp-2024-06-02-ore-21.38.02_89933657.jpg 1500w\" sizes=\"auto, (max-width: 150px) 100vw, 150px\" \/><\/a>\n\t\t\t\t<\/dt><\/dl><br style=\"clear: both\" \/><dl class='gallery-item'>\n\t\t\t\t<dt class='gallery-icon landscape'>\n\t\t\t\t\t<a class=\"rollover\" href='https:\/\/www.radiopiu.net\/wordpress\/dillo-a-radio-piu-viaggio-in-bicicletta-per-promuovere-la-via-claudia-augusta\/immagine-whatsapp-2024-06-02-ore-20-44-04_103fb2e6\/'><img loading=\"lazy\" decoding=\"async\" width=\"150\" height=\"150\" src=\"https:\/\/www.radiopiu.net\/wordpress\/wp-content\/uploads\/2024\/06\/Immagine-WhatsApp-2024-06-02-ore-20.44.04_103fb2e6-150x150.jpg\" class=\"attachment-thumbnail size-thumbnail\" alt=\"\" \/><\/a>\n\t\t\t\t<\/dt><\/dl><dl class='gallery-item'>\n\t\t\t\t<dt class='gallery-icon portrait'>\n\t\t\t\t\t<a class=\"rollover\" href='https:\/\/www.radiopiu.net\/wordpress\/dillo-a-radio-piu-viaggio-in-bicicletta-per-promuovere-la-via-claudia-augusta\/immagine-whatsapp-2024-06-02-ore-21-26-17_668adbbb\/'><img loading=\"lazy\" decoding=\"async\" width=\"150\" height=\"150\" src=\"https:\/\/www.radiopiu.net\/wordpress\/wp-content\/uploads\/2024\/06\/Immagine-WhatsApp-2024-06-02-ore-21.26.17_668adbbb-150x150.jpg\" class=\"attachment-thumbnail size-thumbnail\" alt=\"\" \/><\/a>\n\t\t\t\t<\/dt><\/dl><dl class='gallery-item'>\n\t\t\t\t<dt class='gallery-icon portrait'>\n\t\t\t\t\t<a class=\"rollover\" href='https:\/\/www.radiopiu.net\/wordpress\/dillo-a-radio-piu-viaggio-in-bicicletta-per-promuovere-la-via-claudia-augusta\/immagine-whatsapp-2024-06-02-ore-20-44-03_7e7dd7cf\/'><img loading=\"lazy\" decoding=\"async\" width=\"150\" height=\"150\" src=\"https:\/\/www.radiopiu.net\/wordpress\/wp-content\/uploads\/2024\/06\/Immagine-WhatsApp-2024-06-02-ore-20.44.03_7e7dd7cf-150x150.jpg\" class=\"attachment-thumbnail size-thumbnail\" alt=\"\" \/><\/a>\n\t\t\t\t<\/dt><\/dl><dl class='gallery-item'>\n\t\t\t\t<dt class='gallery-icon portrait'>\n\t\t\t\t\t<a class=\"rollover\" href='https:\/\/www.radiopiu.net\/wordpress\/dillo-a-radio-piu-viaggio-in-bicicletta-per-promuovere-la-via-claudia-augusta\/immagine-whatsapp-2024-06-02-ore-20-43-58_307de9bc\/'><img loading=\"lazy\" decoding=\"async\" width=\"150\" height=\"150\" src=\"https:\/\/www.radiopiu.net\/wordpress\/wp-content\/uploads\/2024\/06\/Immagine-WhatsApp-2024-06-02-ore-20.43.58_307de9bc-150x150.jpg\" class=\"attachment-thumbnail size-thumbnail\" alt=\"\" \/><\/a>\n\t\t\t\t<\/dt><\/dl><br style=\"clear: both\" \/>\n\t\t\t<\/div>\n\n<p>&nbsp;<\/p>\n<p>&nbsp;<\/p>\n<p>&nbsp;<\/p>\n<hr \/>\n<p>&nbsp;<\/p>\n<blockquote>\n<h3>CONCORSO LETTERARIO EL BON DE L&#8217;ANSUDA 2024<\/h3>\n<\/blockquote>\n<p><strong><a class=\"dt-pswp-item\" href=\"https:\/\/www.radiopiu.net\/wordpress\/wp-content\/uploads\/2024\/05\/25ae05cb-ebc0-458f-ba62-d1b38063b096.jpg\" data-dt-img-description=\"\" data-large_image_width=\"1600\" data-large_image_height=\"1600\"><img loading=\"lazy\" decoding=\"async\" class=\" wp-image-391644 alignleft\" src=\"https:\/\/www.radiopiu.net\/wordpress\/wp-content\/uploads\/2024\/05\/25ae05cb-ebc0-458f-ba62-d1b38063b096-300x300.jpg\" alt=\"\" width=\"138\" height=\"138\" srcset=\"https:\/\/www.radiopiu.net\/wordpress\/wp-content\/uploads\/2024\/05\/25ae05cb-ebc0-458f-ba62-d1b38063b096-300x300.jpg 300w, https:\/\/www.radiopiu.net\/wordpress\/wp-content\/uploads\/2024\/05\/25ae05cb-ebc0-458f-ba62-d1b38063b096-1024x1024.jpg 1024w, https:\/\/www.radiopiu.net\/wordpress\/wp-content\/uploads\/2024\/05\/25ae05cb-ebc0-458f-ba62-d1b38063b096-150x150.jpg 150w, https:\/\/www.radiopiu.net\/wordpress\/wp-content\/uploads\/2024\/05\/25ae05cb-ebc0-458f-ba62-d1b38063b096-768x768.jpg 768w, https:\/\/www.radiopiu.net\/wordpress\/wp-content\/uploads\/2024\/05\/25ae05cb-ebc0-458f-ba62-d1b38063b096-1536x1536.jpg 1536w, https:\/\/www.radiopiu.net\/wordpress\/wp-content\/uploads\/2024\/05\/25ae05cb-ebc0-458f-ba62-d1b38063b096.jpg 1600w\" sizes=\"auto, (max-width: 138px) 100vw, 138px\" \/><\/a>FALCADE <\/strong>Il Concorso letterario &#8220;EL BON DE L&#8217;ANSUDA&#8221; 2024 \u00e8 aperto ad autori italiani e stranieri per racconti inediti in lingua italiana, con il tema &#8220;La Primavera e il legno&#8221;. Sono previste tre categorie: &#8220;El Bon De l&#8217;Ansuda POP&#8221; per bambini fino a 13 anni; &#8220;El Bon de l&#8217;Ansuda DOVEGN&#8221; per ragazzi dai 14 ai 18 anni; &#8220;El Bon de l&#8217;Ansuda MADUR&#8221; per adulti dai 19 anni in su. I racconti, lunghi massimo 16.000 battute con una tolleranza del 10%, devono essere inviati in formato .pdf all&#8217;indirizzo <a target=\"_new\" rel=\"noreferrer noopener\">concorso.bonansuda@gmail.com<\/a> entro il 7 giugno 2024. Il file non deve contenere dati personali, che invece vanno inclusi nel corpo dell&#8217;e-mail insieme a una dichiarazione di inedicit\u00e0 dell&#8217;opera. Per i minorenni \u00e8 necessaria la firma di un genitore. Una giuria selezioner\u00e0 un vincitore per categoria, con valutazioni insindacabili. Partecipare al concorso implica l&#8217;autorizzazione alla pubblicazione del racconto e all&#8217;uso dei dati personali per comunicazioni relative al concorso. Gli autori rinunciano a qualsiasi pretesa economica sui profitti derivanti dalle vendite delle opere pubblicate. La premiazione si terr\u00e0 il 16 giugno 2024 alle 17:00 presso l&#8217;info point dell&#8217;evento.<\/p>\n<p>&nbsp;<\/p>\n<hr \/>\n<p>&nbsp;<\/p>\n<div dir=\"auto\">\n<blockquote>\n<h3><a class=\"dt-pswp-item\" href=\"https:\/\/www.radiopiu.net\/wordpress\/wp-content\/uploads\/2024\/06\/FESTA_ABM_FALCADE_2024.jpeg\" data-dt-img-description=\"\" data-large_image_width=\"1240\" data-large_image_height=\"1754\"><img loading=\"lazy\" decoding=\"async\" class=\"wp-image-393436 alignleft\" src=\"https:\/\/www.radiopiu.net\/wordpress\/wp-content\/uploads\/2024\/06\/FESTA_ABM_FALCADE_2024-212x300.jpeg\" alt=\"\" width=\"134\" height=\"190\" srcset=\"https:\/\/www.radiopiu.net\/wordpress\/wp-content\/uploads\/2024\/06\/FESTA_ABM_FALCADE_2024-212x300.jpeg 212w, https:\/\/www.radiopiu.net\/wordpress\/wp-content\/uploads\/2024\/06\/FESTA_ABM_FALCADE_2024-724x1024.jpeg 724w, https:\/\/www.radiopiu.net\/wordpress\/wp-content\/uploads\/2024\/06\/FESTA_ABM_FALCADE_2024-768x1086.jpeg 768w, https:\/\/www.radiopiu.net\/wordpress\/wp-content\/uploads\/2024\/06\/FESTA_ABM_FALCADE_2024-1086x1536.jpeg 1086w, https:\/\/www.radiopiu.net\/wordpress\/wp-content\/uploads\/2024\/06\/FESTA_ABM_FALCADE_2024.jpeg 1240w\" sizes=\"auto, (max-width: 134px) 100vw, 134px\" \/><\/a>FESTA DEI BELLUNESI NEL MONDO IL 16 GIUGNO A FALCADE<\/h3>\n<\/blockquote>\n<p>Torna la tradizionale &#8220;Festa dei bellunesi nel mondo&#8221;, organizzata dall\u2019Associazione Bellunesi nel Mondo. Quest&#8217;anno l&#8217;evento si terr\u00e0 domenica 16 giugno a Falcade, grazie alla collaborazione del sindaco di Falcade e altre realt\u00e0 locali. Il presidente dell&#8217;Abm, Oscar De Bona, invita tutti a partecipare anche alla festa di primavera &#8220;El bon de l\u2019ansuda&#8221;. L&#8217;evento \u00e8 parte dell&#8217;anno del &#8220;Turismo delle radici&#8221;, promosso dal Ministero degli Esteri e sostenuto dal Pnrr. Durante la giornata si terranno una guida sul turismo delle radici, un laboratorio di genealogia, una Messa e un pranzo comunitario. Per il pranzo \u00e8 necessaria la prenotazione, contattando l&#8217;Abm allo 0437 941160 o inviando una mail a: <a href=\"mailto:info@bellunesinelmondo.it\">info@bellunesinelmondo.it<\/a>.<\/p>\n<p>&nbsp;<\/p>\n<p>&nbsp;<\/p>\n<p>&nbsp;<\/p>\n<\/div>\n<hr \/>\n<p>&nbsp;<\/p>\n<blockquote>\n<h3><a class=\"dt-pswp-item\" href=\"https:\/\/www.radiopiu.net\/wordpress\/wp-content\/uploads\/2024\/05\/b3c8f62b-305a-47e9-afc6-69820fcd3900.jpg\" data-dt-img-description=\"\" data-large_image_width=\"1131\" data-large_image_height=\"1600\"><img loading=\"lazy\" decoding=\"async\" class=\" wp-image-392575 alignleft\" src=\"https:\/\/www.radiopiu.net\/wordpress\/wp-content\/uploads\/2024\/05\/b3c8f62b-305a-47e9-afc6-69820fcd3900-212x300.jpg\" alt=\"\" width=\"102\" height=\"144\" srcset=\"https:\/\/www.radiopiu.net\/wordpress\/wp-content\/uploads\/2024\/05\/b3c8f62b-305a-47e9-afc6-69820fcd3900-212x300.jpg 212w, https:\/\/www.radiopiu.net\/wordpress\/wp-content\/uploads\/2024\/05\/b3c8f62b-305a-47e9-afc6-69820fcd3900-724x1024.jpg 724w, https:\/\/www.radiopiu.net\/wordpress\/wp-content\/uploads\/2024\/05\/b3c8f62b-305a-47e9-afc6-69820fcd3900-768x1086.jpg 768w, https:\/\/www.radiopiu.net\/wordpress\/wp-content\/uploads\/2024\/05\/b3c8f62b-305a-47e9-afc6-69820fcd3900-1086x1536.jpg 1086w, https:\/\/www.radiopiu.net\/wordpress\/wp-content\/uploads\/2024\/05\/b3c8f62b-305a-47e9-afc6-69820fcd3900.jpg 1131w\" sizes=\"auto, (max-width: 102px) 100vw, 102px\" \/><\/a>IL CENTESIMO ANNIVERSARIO DELL&#8217;ASSASINIO DI MATTEOTTI A BELLUNO<\/h3>\n<\/blockquote>\n<p><strong>DI ROBERTO BONA<\/strong><\/p>\n<audio class=\"wp-audio-shortcode\" id=\"audio-393334-6\" preload=\"none\" style=\"width: 100%;\" controls=\"controls\"><source type=\"audio\/mpeg\" src=\"https:\/\/www.radiopiu.net\/wordpress\/wp-content\/uploads\/2024\/05\/BONA-CENTESIMO-ANNIVERSARIO-MATTEOTTI-SCADENZA-15-GIUGNO.mp3?_=6\" \/><a href=\"https:\/\/www.radiopiu.net\/wordpress\/wp-content\/uploads\/2024\/05\/BONA-CENTESIMO-ANNIVERSARIO-MATTEOTTI-SCADENZA-15-GIUGNO.mp3\">https:\/\/www.radiopiu.net\/wordpress\/wp-content\/uploads\/2024\/05\/BONA-CENTESIMO-ANNIVERSARIO-MATTEOTTI-SCADENZA-15-GIUGNO.mp3<\/a><\/audio>\n<p>&nbsp;<\/p>\n<hr \/>\n<p>&nbsp;<\/p>\n<h2><span style=\"color: #ff6600;\">ALLA RADIO\u00a0\u00a0<\/span><\/h2>\n<h2><span style=\"color: #ff6600;\">\u00a0<\/span><\/h2>\n<h2><span style=\"color: #99cc00;\">VOCI RIBELLI: CONVERSAZIONI SENZA FILTRI PER RAGAZZI AUDACI<\/span><\/h2>\n<p><a class=\"dt-pswp-item\" href=\"https:\/\/www.radiopiu.net\/wordpress\/wp-content\/uploads\/2024\/06\/th.jpg\" data-dt-img-description=\"\" data-large_image_width=\"512\" data-large_image_height=\"384\"><img loading=\"lazy\" decoding=\"async\" class=\" wp-image-393192 alignleft\" src=\"https:\/\/www.radiopiu.net\/wordpress\/wp-content\/uploads\/2024\/06\/th-300x225.jpg\" alt=\"\" width=\"142\" height=\"107\" srcset=\"https:\/\/www.radiopiu.net\/wordpress\/wp-content\/uploads\/2024\/06\/th-300x225.jpg 300w, https:\/\/www.radiopiu.net\/wordpress\/wp-content\/uploads\/2024\/06\/th.jpg 512w\" sizes=\"auto, (max-width: 142px) 100vw, 142px\" \/><\/a>Benvenuti a &#8220;VOCI RIBELLI: CONVERSAZIONI SENZA FILTRI PER RAGAZZI AUDACI,&#8221; il podcast che sfida gli stereotipi e apre la porta a conversazioni senza paura per i giovani coraggiosi. Questo podcast, prodotto dall&#8217;Associazione Dafne con la regia di Lorenzo Cassol, \u00e8 il luogo dove la voce dell&#8217;audacia incontra la sincerit\u00e0 pi\u00f9 profonda.<\/p>\n<p>&nbsp;<\/p>\n<p><strong>PUNTATA 01 &#8211; VLADIMIR LUXURIA (PRIMA PARTE) marted\u00ec la seconda parte<\/strong><\/p>\n<audio class=\"wp-audio-shortcode\" id=\"audio-393334-7\" preload=\"none\" style=\"width: 100%;\" controls=\"controls\"><source type=\"audio\/mpeg\" src=\"https:\/\/www.radiopiu.net\/wordpress\/wp-content\/uploads\/2023\/09\/VRIB.mp3?_=7\" \/><a href=\"https:\/\/www.radiopiu.net\/wordpress\/wp-content\/uploads\/2023\/09\/VRIB.mp3\">https:\/\/www.radiopiu.net\/wordpress\/wp-content\/uploads\/2023\/09\/VRIB.mp3<\/a><\/audio>\n<p>&nbsp;<\/p>\n<h2>LA RACCOLTA COMPLETA <a href=\"https:\/\/www.radiopiu.net\/wordpress\/voci-ribelli-conversazioni-senza-filtri-per-ragazzi-audaci\/\"><span style=\"color: #3366ff;\">CLICCA QUI<\/span><\/a><\/h2>\n<p>&nbsp;<\/p>\n<p>&nbsp;<\/p>\n<hr \/>\n<p>&nbsp;<\/p>\n<p>&nbsp;<\/p>\n<h2><span style=\"color: #ff00ff;\">LIBER, DI LIANA CAVALLET<\/span><\/h2>\n<p><strong>PUNTATA 39 05 GIUGNO 2024 &#8211; BAUMGARTNER &#8220;PAUL AUSTER&#8221; &#8211; ULTIMA PUNTATA DELLA STAGIONE<\/strong><\/p>\n\n\t\t\t<style type='text\/css'>\n\t\t\t\t#gallery-3 {\n\t\t\t\t\tmargin: auto;\n\t\t\t\t}\n\t\t\t\t#gallery-3 .gallery-item {\n\t\t\t\t\tfloat: left;\n\t\t\t\t\tmargin-top: 10px;\n\t\t\t\t\ttext-align: center;\n\t\t\t\t\twidth: 100%;\n\t\t\t\t}\n\t\t\t\t#gallery-3 img {\n\t\t\t\t\tborder: 2px solid #cfcfcf;\n\t\t\t\t}\n\t\t\t\t#gallery-3 .gallery-caption {\n\t\t\t\t\tmargin-left: 0;\n\t\t\t\t}\n\t\t\t\t\/* see gallery_shortcode() in wp-includes\/media.php *\/\n\t\t\t<\/style>\n\t\t<div id='gallery-3' class='dt-gallery-container gallery galleryid-393334 gallery-columns-1 gallery-size-medium'><dl class='gallery-item'>\n\t\t\t\t<dt class='gallery-icon portrait'>\n\t\t\t\t\t<a class=\"rollover rollover-zoom dt-pswp-item\" title=\"971e581e-3fcc-421e-91a8-027250edc9fd\" data-dt-img-description=\"\" data-large_image_width=\"576\" data-large_image_height=\"900\"href='https:\/\/www.radiopiu.net\/wordpress\/wp-content\/uploads\/2024\/03\/971e581e-3fcc-421e-91a8-027250edc9fd.jpg'><img loading=\"lazy\" decoding=\"async\" width=\"192\" height=\"300\" src=\"https:\/\/www.radiopiu.net\/wordpress\/wp-content\/uploads\/2024\/03\/971e581e-3fcc-421e-91a8-027250edc9fd-192x300.jpg\" class=\"attachment-medium size-medium\" alt=\"\" srcset=\"https:\/\/www.radiopiu.net\/wordpress\/wp-content\/uploads\/2024\/03\/971e581e-3fcc-421e-91a8-027250edc9fd-192x300.jpg 192w, https:\/\/www.radiopiu.net\/wordpress\/wp-content\/uploads\/2024\/03\/971e581e-3fcc-421e-91a8-027250edc9fd.jpg 576w\" sizes=\"auto, (max-width: 192px) 100vw, 192px\" \/><\/a>\n\t\t\t\t<\/dt><\/dl><br style=\"clear: both\" \/>\n\t\t\t<\/div>\n\n<p>&nbsp;<\/p>\n<audio class=\"wp-audio-shortcode\" id=\"audio-393334-8\" preload=\"none\" style=\"width: 100%;\" controls=\"controls\"><source type=\"audio\/mpeg\" src=\"https:\/\/www.radiopiu.net\/wordpress\/wp-content\/uploads\/2024\/03\/LIANA-8.mp3?_=8\" \/><a href=\"https:\/\/www.radiopiu.net\/wordpress\/wp-content\/uploads\/2024\/03\/LIANA-8.mp3\">https:\/\/www.radiopiu.net\/wordpress\/wp-content\/uploads\/2024\/03\/LIANA-8.mp3<\/a><\/audio>\n<p>&nbsp;<\/p>\n<h2>LA RACCOLTA COMPLETA <a href=\"https:\/\/www.radiopiu.net\/wordpress\/liber-di-liana-cavallet-la-raccolta\/\"><span style=\"color: #3366ff;\">CLICCA QUI<\/span><\/a><\/h2>\n<p>&nbsp;<\/p>\n<hr \/>\n<p>&nbsp;<\/p>\n<h2><span style=\"color: #339966;\"><a class=\"dt-pswp-item\" href=\"https:\/\/www.radiopiu.net\/wordpress\/wp-content\/uploads\/2022\/11\/scuola-zaino.jpeg\" data-dt-img-description=\"\" data-large_image_width=\"626\" data-large_image_height=\"417\"><img loading=\"lazy\" decoding=\"async\" class=\" wp-image-306830 alignleft\" src=\"https:\/\/www.radiopiu.net\/wordpress\/wp-content\/uploads\/2022\/11\/scuola-zaino-300x200.jpeg\" alt=\"\" width=\"168\" height=\"112\" srcset=\"https:\/\/www.radiopiu.net\/wordpress\/wp-content\/uploads\/2022\/11\/scuola-zaino-300x200.jpeg 300w, https:\/\/www.radiopiu.net\/wordpress\/wp-content\/uploads\/2022\/11\/scuola-zaino.jpeg 626w\" sizes=\"auto, (max-width: 168px) 100vw, 168px\" \/><\/a><span style=\"color: #00ccff;\">SE NON LA SMETTI TI MANDO LA PRESIDE<\/span><\/span><\/h2>\n<p><span style=\"color: #ff0000;\"><strong>ULTIMA PUNTATA DELLA STAGIONE<\/strong><\/span><\/p>\n<p><strong>DI MIRKO MEZZACASA<\/strong><\/p>\n<p>CON MARIA ROSA SALMAZO<\/p>\n<audio class=\"wp-audio-shortcode\" id=\"audio-393334-9\" preload=\"none\" style=\"width: 100%;\" controls=\"controls\"><source type=\"audio\/mpeg\" src=\"https:\/\/www.radiopiu.net\/wordpress\/wp-content\/uploads\/2024\/06\/PRESIDE.mp3?_=9\" \/><a href=\"https:\/\/www.radiopiu.net\/wordpress\/wp-content\/uploads\/2024\/06\/PRESIDE.mp3\">https:\/\/www.radiopiu.net\/wordpress\/wp-content\/uploads\/2024\/06\/PRESIDE.mp3<\/a><\/audio>\n<p>&nbsp;<\/p>\n<hr \/>\n<p>&nbsp;<\/p>\n<h2><span style=\"color: #008000;\">CISL E FEMCA CISL LA VOCE PER I LAVORATORI<\/span><\/h2>\n<p><a class=\"dt-pswp-item\" href=\"https:\/\/www.radiopiu.net\/wordpress\/wp-content\/uploads\/2024\/04\/LUXOTTICA-1.jpeg\" data-dt-img-description=\"\" data-large_image_width=\"1600\" data-large_image_height=\"1200\"><img loading=\"lazy\" decoding=\"async\" class=\" wp-image-387867 alignleft\" src=\"https:\/\/www.radiopiu.net\/wordpress\/wp-content\/uploads\/2024\/04\/LUXOTTICA-1-300x225.jpeg\" alt=\"\" width=\"153\" height=\"115\" srcset=\"https:\/\/www.radiopiu.net\/wordpress\/wp-content\/uploads\/2024\/04\/LUXOTTICA-1-300x225.jpeg 300w, https:\/\/www.radiopiu.net\/wordpress\/wp-content\/uploads\/2024\/04\/LUXOTTICA-1-1024x768.jpeg 1024w, https:\/\/www.radiopiu.net\/wordpress\/wp-content\/uploads\/2024\/04\/LUXOTTICA-1-768x576.jpeg 768w, https:\/\/www.radiopiu.net\/wordpress\/wp-content\/uploads\/2024\/04\/LUXOTTICA-1-1536x1152.jpeg 1536w, https:\/\/www.radiopiu.net\/wordpress\/wp-content\/uploads\/2024\/04\/LUXOTTICA-1.jpeg 1600w\" sizes=\"auto, (max-width: 153px) 100vw, 153px\" \/><\/a>05 giugno 2024<\/p>\n<p><strong>PUNTATA 74 MARA PAGNUSSAT, LAURA VETTOREL<\/strong><\/p>\n<audio class=\"wp-audio-shortcode\" id=\"audio-393334-10\" preload=\"none\" style=\"width: 100%;\" controls=\"controls\"><source type=\"audio\/mpeg\" src=\"https:\/\/www.radiopiu.net\/wordpress\/wp-content\/uploads\/2024\/04\/FEMCA-CISL-3.mp3?_=10\" \/><a href=\"https:\/\/www.radiopiu.net\/wordpress\/wp-content\/uploads\/2024\/04\/FEMCA-CISL-3.mp3\">https:\/\/www.radiopiu.net\/wordpress\/wp-content\/uploads\/2024\/04\/FEMCA-CISL-3.mp3<\/a><\/audio>\n<p>&nbsp;<\/p>\n<h2>LA RACCOLTA COMPLETA <a href=\"https:\/\/www.radiopiu.net\/wordpress\/cisl-e-femca-cisl-la-vocef\/\"><span style=\"color: #0000ff;\">CLICCA QUI<\/span><\/a><\/h2>\n<p>&nbsp;<\/p>\n<hr \/>\n<p>&nbsp;<\/p>\n<blockquote class=\"wp-embedded-content\" data-secret=\"3JRwjbE2WB\"><p><a href=\"https:\/\/www.radiopiu.net\/wordpress\/rimasti-piu-avanti-36\/\">&#8220;RIMASTI PIU&#8217; AVANTI&#8221;, ALLA SCOPERTA DELLA MUSICA BELLUNESE CON MARCO V. DAL FARRA<\/a><\/p><\/blockquote>\n<p><iframe loading=\"lazy\" class=\"wp-embedded-content\" sandbox=\"allow-scripts\" security=\"restricted\" style=\"position: absolute; clip: rect(1px, 1px, 1px, 1px);\" title=\"&#8220;&#8220;RIMASTI PIU&#8217; AVANTI&#8221;, ALLA SCOPERTA DELLA MUSICA BELLUNESE CON MARCO V. DAL FARRA&#8221; &#8212; Radio Pi\u00f9\" src=\"https:\/\/www.radiopiu.net\/wordpress\/rimasti-piu-avanti-36\/embed\/#?secret=cDQ0yRlIJf#?secret=3JRwjbE2WB\" data-secret=\"3JRwjbE2WB\" width=\"600\" height=\"338\" frameborder=\"0\" marginwidth=\"0\" marginheight=\"0\" scrolling=\"no\"><\/iframe><\/p>\n<p>&nbsp;<\/p>\n<h1>OGGI ALLA RADIO<\/h1>\n<p>&nbsp;<\/p>\n<p><a class=\"dt-pswp-item\" href=\"https:\/\/www.radiopiu.net\/wordpress\/wp-content\/uploads\/2024\/06\/26e658bb-6e6f-49c7-8999-177ba9583f5c.jpg\" data-dt-img-description=\"\" data-large_image_width=\"1080\" data-large_image_height=\"1557\"><img loading=\"lazy\" decoding=\"async\" class=\"size-medium wp-image-393511 aligncenter\" src=\"https:\/\/www.radiopiu.net\/wordpress\/wp-content\/uploads\/2024\/06\/26e658bb-6e6f-49c7-8999-177ba9583f5c-208x300.jpg\" alt=\"\" width=\"208\" height=\"300\" srcset=\"https:\/\/www.radiopiu.net\/wordpress\/wp-content\/uploads\/2024\/06\/26e658bb-6e6f-49c7-8999-177ba9583f5c-208x300.jpg 208w, https:\/\/www.radiopiu.net\/wordpress\/wp-content\/uploads\/2024\/06\/26e658bb-6e6f-49c7-8999-177ba9583f5c-710x1024.jpg 710w, https:\/\/www.radiopiu.net\/wordpress\/wp-content\/uploads\/2024\/06\/26e658bb-6e6f-49c7-8999-177ba9583f5c-768x1107.jpg 768w, https:\/\/www.radiopiu.net\/wordpress\/wp-content\/uploads\/2024\/06\/26e658bb-6e6f-49c7-8999-177ba9583f5c-1065x1536.jpg 1065w, https:\/\/www.radiopiu.net\/wordpress\/wp-content\/uploads\/2024\/06\/26e658bb-6e6f-49c7-8999-177ba9583f5c.jpg 1080w\" sizes=\"auto, (max-width: 208px) 100vw, 208px\" \/><\/a><\/p>\n<p>&nbsp;<\/p>\n<p>&nbsp;<\/p>\n<hr \/>\n<p>&nbsp;<\/p>\n<h2><span style=\"color: #ff0000;\">DAL SITO DI RADIO PIU&#8230; ALCUNI PODCAST, I PIU&#8217; VISUALIZZATI NELLA SETTIMANA&#8230;\u00a0<\/span><\/h2>\n<blockquote class=\"wp-embedded-content\" data-secret=\"8w4LEuFmrR\"><p><a href=\"https:\/\/www.radiopiu.net\/wordpress\/biblioteca-del-territorio-i-podcast-di-radiopiu\/\">BIBLIOTECA DEL TERRITORIO&#8230; I PODCAST DI RADIOPIU<\/a><\/p><\/blockquote>\n<p><iframe loading=\"lazy\" class=\"wp-embedded-content\" sandbox=\"allow-scripts\" security=\"restricted\" style=\"position: absolute; clip: rect(1px, 1px, 1px, 1px);\" title=\"&#8220;BIBLIOTECA DEL TERRITORIO&#8230; I PODCAST DI RADIOPIU&#8221; &#8212; Radio Pi\u00f9\" src=\"https:\/\/www.radiopiu.net\/wordpress\/biblioteca-del-territorio-i-podcast-di-radiopiu\/embed\/#?secret=LHLmXBYBgn#?secret=8w4LEuFmrR\" data-secret=\"8w4LEuFmrR\" width=\"600\" height=\"338\" frameborder=\"0\" marginwidth=\"0\" marginheight=\"0\" scrolling=\"no\"><\/iframe><\/p>\n<p>&nbsp;<\/p>\n<blockquote class=\"wp-embedded-content\" data-secret=\"pF97SSbXGh\"><p><a href=\"https:\/\/www.radiopiu.net\/wordpress\/lad08aaaa\/\">&#8220;NCONTONSE&#8221; IN LADINO SU RADIO PI\u00d9<\/a><\/p><\/blockquote>\n<p><iframe loading=\"lazy\" class=\"wp-embedded-content\" sandbox=\"allow-scripts\" security=\"restricted\" style=\"position: absolute; clip: rect(1px, 1px, 1px, 1px);\" title=\"&#8220;&#8220;NCONTONSE&#8221; IN LADINO SU RADIO PI\u00d9&#8221; &#8212; Radio Pi\u00f9\" src=\"https:\/\/www.radiopiu.net\/wordpress\/lad08aaaa\/embed\/#?secret=ZxK64bcQ14#?secret=pF97SSbXGh\" data-secret=\"pF97SSbXGh\" width=\"600\" height=\"338\" frameborder=\"0\" marginwidth=\"0\" marginheight=\"0\" scrolling=\"no\"><\/iframe><\/p>\n<p>&nbsp;<\/p>\n<p>&nbsp;<\/p>\n<blockquote class=\"wp-embedded-content\" data-secret=\"uqZ7yMXpkM\"><p><a href=\"https:\/\/www.radiopiu.net\/wordpress\/gli-ultimi-sei-anni-della-rassegna-stampa-di-gianni-santomaso-raccolta-completa\/\">GLI ULTIMI SEI ANNI DELLA RASSEGNA STAMPA DI GIANNI SANTOMASO, RACCOLTA COMPLETA<\/a><\/p><\/blockquote>\n<p><iframe loading=\"lazy\" class=\"wp-embedded-content\" sandbox=\"allow-scripts\" security=\"restricted\" style=\"position: absolute; clip: rect(1px, 1px, 1px, 1px);\" title=\"&#8220;GLI ULTIMI SEI ANNI DELLA RASSEGNA STAMPA DI GIANNI SANTOMASO, RACCOLTA COMPLETA&#8221; &#8212; Radio Pi\u00f9\" src=\"https:\/\/www.radiopiu.net\/wordpress\/gli-ultimi-sei-anni-della-rassegna-stampa-di-gianni-santomaso-raccolta-completa\/embed\/#?secret=377ZWoMLTH#?secret=uqZ7yMXpkM\" data-secret=\"uqZ7yMXpkM\" width=\"600\" height=\"338\" frameborder=\"0\" marginwidth=\"0\" marginheight=\"0\" scrolling=\"no\"><\/iframe><\/p>\n<p>&nbsp;<\/p>\n<hr \/>\n<p>&nbsp;<\/p>\n<h2><span style=\"color: #ff0000;\"><a class=\"dt-pswp-item\" href=\"https:\/\/www.radiopiu.net\/wordpress\/wp-content\/uploads\/2018\/09\/appuntamenti.jpeg\" data-dt-img-description=\"\" data-large_image_width=\"800\" data-large_image_height=\"100\"><img loading=\"lazy\" decoding=\"async\" class=\"wp-image-61958 size-full aligncenter\" src=\"https:\/\/www.radiopiu.net\/wordpress\/wp-content\/uploads\/2018\/09\/appuntamenti.jpeg\" alt=\"\" width=\"800\" height=\"100\" srcset=\"https:\/\/www.radiopiu.net\/wordpress\/wp-content\/uploads\/2018\/09\/appuntamenti.jpeg 800w, https:\/\/www.radiopiu.net\/wordpress\/wp-content\/uploads\/2018\/09\/appuntamenti-300x38.jpeg 300w, https:\/\/www.radiopiu.net\/wordpress\/wp-content\/uploads\/2018\/09\/appuntamenti-768x96.jpeg 768w\" sizes=\"auto, (max-width: 800px) 100vw, 800px\" \/><\/a><\/span><\/h2>\n<div>\n<div class=\"\" dir=\"auto\">\n<div id=\":r9h:\" class=\"x1iorvi4 x1pi30zi x1l90r2v x1swvt13\" data-ad-comet-preview=\"message\" data-ad-preview=\"message\">\n\n\t\t\t<style type='text\/css'>\n\t\t\t\t#gallery-4 {\n\t\t\t\t\tmargin: auto;\n\t\t\t\t}\n\t\t\t\t#gallery-4 .gallery-item {\n\t\t\t\t\tfloat: left;\n\t\t\t\t\tmargin-top: 10px;\n\t\t\t\t\ttext-align: center;\n\t\t\t\t\twidth: 20%;\n\t\t\t\t}\n\t\t\t\t#gallery-4 img {\n\t\t\t\t\tborder: 2px solid #cfcfcf;\n\t\t\t\t}\n\t\t\t\t#gallery-4 .gallery-caption {\n\t\t\t\t\tmargin-left: 0;\n\t\t\t\t}\n\t\t\t\t\/* see gallery_shortcode() in wp-includes\/media.php *\/\n\t\t\t<\/style>\n\t\t<div id='gallery-4' class='dt-gallery-container gallery galleryid-393334 gallery-columns-5 gallery-size-thumbnail'><dl class='gallery-item'>\n\t\t\t\t<dt class='gallery-icon portrait'>\n\t\t\t\t\t<a class=\"rollover\" href='https:\/\/www.radiopiu.net\/wordpress\/giornale-radiopiu-23-maggio-2024-direttore-mirko-mezzacasada-40-anni-25-giugno-1983-25-giugno-2023\/e651a95f-423a-40f9-827a-3ba70bd26776\/'><img loading=\"lazy\" decoding=\"async\" width=\"150\" height=\"150\" src=\"https:\/\/www.radiopiu.net\/wordpress\/wp-content\/uploads\/2024\/05\/e651a95f-423a-40f9-827a-3ba70bd26776-150x150.jpg\" class=\"attachment-thumbnail size-thumbnail\" alt=\"\" aria-describedby=\"gallery-4-391342\" \/><\/a>\n\t\t\t\t<\/dt>\n\t\t\t\t\t<dd class='wp-caption-text gallery-caption' id='gallery-4-391342'>\n\t\t\t\t\tSAGRA DE SANT&#8217;ANTONI A RIVAMONTE\n\t\t\t\t\t<\/dd><\/dl><dl class='gallery-item'>\n\t\t\t\t<dt class='gallery-icon portrait'>\n\t\t\t\t\t<a class=\"rollover\" href='https:\/\/www.radiopiu.net\/wordpress\/giornale-radiopiu-23-maggio-2024-direttore-mirko-mezzacasada-40-anni-25-giugno-1983-25-giugno-2023\/4f200081-e4c5-4b25-97be-5145b1cf479f\/'><img loading=\"lazy\" decoding=\"async\" width=\"150\" height=\"150\" src=\"https:\/\/www.radiopiu.net\/wordpress\/wp-content\/uploads\/2024\/05\/4f200081-e4c5-4b25-97be-5145b1cf479f-150x150.jpg\" class=\"attachment-thumbnail size-thumbnail\" alt=\"\" aria-describedby=\"gallery-4-391343\" \/><\/a>\n\t\t\t\t<\/dt>\n\t\t\t\t\t<dd class='wp-caption-text gallery-caption' id='gallery-4-391343'>\n\t\t\t\t\tIL CIRCUITO RIVA RON\n\t\t\t\t\t<\/dd><\/dl><dl class='gallery-item'>\n\t\t\t\t<dt class='gallery-icon portrait'>\n\t\t\t\t\t<a class=\"rollover\" href='https:\/\/www.radiopiu.net\/wordpress\/giornale-radiopiu-29-maggio-2024-direttore-mirko-mezzacasada-40-anni-25-giugno-1983-25-giugno-2023\/890e9473-a042-44c0-9495-16862bf3cf2c\/'><img loading=\"lazy\" decoding=\"async\" width=\"150\" height=\"150\" src=\"https:\/\/www.radiopiu.net\/wordpress\/wp-content\/uploads\/2024\/05\/890e9473-a042-44c0-9495-16862bf3cf2c-150x150.jpg\" class=\"attachment-thumbnail size-thumbnail\" alt=\"\" aria-describedby=\"gallery-4-392239\" \/><\/a>\n\t\t\t\t<\/dt>\n\t\t\t\t\t<dd class='wp-caption-text gallery-caption' id='gallery-4-392239'>\n\t\t\t\t\t80 NOSTALGIA DEI 90\n\t\t\t\t\t<\/dd><\/dl><dl class='gallery-item'>\n\t\t\t\t<dt class='gallery-icon portrait'>\n\t\t\t\t\t<a class=\"rollover\" href='https:\/\/www.radiopiu.net\/wordpress\/giornale-radiopiu-01-giugno-2024-direttore-mirko-mezzacasada-40-anni-25-giugno-1983-25-giugno-2023\/c950811c-7763-405d-ad2c-15d392502b93-2\/'><img loading=\"lazy\" decoding=\"async\" width=\"150\" height=\"150\" src=\"https:\/\/www.radiopiu.net\/wordpress\/wp-content\/uploads\/2024\/05\/c950811c-7763-405d-ad2c-15d392502b93-1-150x150.jpg\" class=\"attachment-thumbnail size-thumbnail\" alt=\"\" aria-describedby=\"gallery-4-392711\" \/><\/a>\n\t\t\t\t<\/dt>\n\t\t\t\t\t<dd class='wp-caption-text gallery-caption' id='gallery-4-392711'>\n\t\t\t\t\tCAMPANOT A CASTION\n\t\t\t\t\t<\/dd><\/dl><dl class='gallery-item'>\n\t\t\t\t<dt class='gallery-icon portrait'>\n\t\t\t\t\t<a class=\"rollover\" href='https:\/\/www.radiopiu.net\/wordpress\/giornale-radiopiu-06-giugno-2024-direttore-mirko-mezzacasada-40-anni-25-giugno-1983-25-giugno-2023\/locandina-san-giovanni-2024\/'><img loading=\"lazy\" decoding=\"async\" width=\"150\" height=\"150\" src=\"https:\/\/www.radiopiu.net\/wordpress\/wp-content\/uploads\/2024\/06\/Locandina-San-Giovanni-2024-150x150.jpeg\" class=\"attachment-thumbnail size-thumbnail\" alt=\"\" aria-describedby=\"gallery-4-393442\" \/><\/a>\n\t\t\t\t<\/dt>\n\t\t\t\t\t<dd class='wp-caption-text gallery-caption' id='gallery-4-393442'>\n\t\t\t\t\tSAN GIOVANNI A CANALE D&#8217;AGORDO\n\t\t\t\t\t<\/dd><\/dl><br style=\"clear: both\" \/>\n\t\t\t<\/div>\n\n<\/div>\n<\/div>\n<\/div>\n<p><strong>BELLUNO <\/strong>La Commissione Escursionismo della Sezione di Belluno del Club Alpino Italiano organizza per domenica 9 Giugno 2024 un\u2019escursione sul versante sud delle Cime d\u2019Auta in val del Biois. Escursione facile ma molto panoramica che spazia dalla Civetta all\u2019 Altipiano delle Pale di San Martino. Zona ricca di flora e, se fortunati, si possono incontrare dei stambecchi e camosci. Percorreremo un tratto dell\u2019 Alta Via dei Pastori. Le iscrizioni, aperte solo ai soci CAI, si effettuano esclusivamente in modalit\u00e0 online entro le ore 12 di sabato 08 Giugno\u00a0<strong>PER ISCRIVERTI <a href=\"https:\/\/form.jotform.com\/EscursionismoCaiBL\/Lago\"><span style=\"color: #3366ff;\">CLICCA QUI<\/span><\/a><\/strong><\/p>\n<p><strong>AGORDO<\/strong> Domani alle 17:30, l\u2019autrice Angela Torri presenter\u00e0 nella sala riunioni della Biblioteca Civica di Agordo il romanzo \u201cAnin\u201d, storia incentrata sulle Portatrici Carniche, un manipolo di donne che durante la Grande Guerra hanno aiutato i soldati al fronte portando con le loro gerle rifornimenti anche in posti impervi, oltre che pericolosi soprattutto per il contesto di prima linea nelle quali operavano.<\/p>\n<p><strong>BELLUNO<\/strong> Domani nella sala polifunzionale di Cavarzano, con ingresso libero, spettacolo Sold-in di e con Alverio Cau. Chiacchiere e canzoni, organizza circolo dei Sardi nel bellunese<\/p>\n<p><strong>BORGO VALBELLUNA <\/strong>Dopo il successo ottenuto dal concerto di sabato scorso con musiche popolari, il Coro polifonico di Trichiana ha organizzato un concerto particolare per sabato 8 giugno alle ore 20,30 presso la Chiesa arcipretale di Trichiana. Ospite della serata il Vocal Band \u201cAcapellago\u201d, un gruppo contemporaneo delle Filippine, composto da cinque musicisti di talento.<\/p>\n<p><strong>BORCA DI CADORE <\/strong>Torna sabato 8 giugno all&#8217;ex Villaggio Eni di Borca di Cadore il Teimat Fest, che per la sua seconda edizione porta ai piedi delle Dolomiti tredici artisti della scena alternativa e underground italiana.<\/p>\n<p>RIVA&#8230;&#8230;.RONNNNNNNNN corsa podistica non competitiva. DOMENICA 9 GIUGNO, PARTENZA ALLE 10 DALLA CASA DELLA GIOVENTU&#8217; DI RIVAMONTE. DUE PERCORSI&#8230; TANTI PREMI, pasta party, premiazioni e musica con DJ Tom\u00e8<\/p>\n<h2><span style=\"color: #ff0000;\">PROSSIMAMENTE\u00a0<\/span><\/h2>\n<p>Preparatevi a scatenare la vostra energia e a superare i vostri limiti con CorriPoi 2024. Il trofeo di Corse Podistiche a tappe Nell&#8217;Agordino, quattro tappe emozionanti, ognuna delle quali vi porter\u00e0 a scoprire le bellezze naturali del territorio. 9 GIUGNO RIVAMONTE, 22 GIUGNO FRASSENE&#8217;, 7 LUGLIO FORCELLA AURINE, 7 SETTEMBRE VOLTAGO Alla CorriPoi parteciperanno, fianco a fianco, forti runner, atleti della domenica, famiglie, gruppi di amici, giovani corridori in erba, tutti con l&#8217;obiettivo di correre e di divertirsi. Corri verso la vittoria, corri verso il trofeo Alpenpluss. Regolamento delle quattro gare sul sito KEEPSPORTING.COM, in collaborazione con Kiwi Sport, abbigliamento sportivo per tutta la famiglia, ad ALLEGHE- CENCENIGHE &#8211; BELLUNO<\/p>\n<p>LA PRO LOCO DI RIVAMONTE TI INVITA ALLA SAGRA DE SANT&#8217;ANTONI, DAL 12 AL 16 GIUGNO<br \/>\nMERCOLEDI 12 GIUGNO, GNOCH CO LA POINA, IL PIATTO TIPICO E ALTRE SPECIALIT\u00e0, MUSICA CON LINO<br \/>\nGIOVEDI 13 GIUGNO PRANZO E CENA, DALLE 21 LA MUSICA DI EROS E KARIM<br \/>\nVENERDI 14 GIUGNO A CENA &#8220;PANET ONTI, WURSTEL PATATINE E BIRRA, PROIEZIONE DEL VIDEO SOSPIROLO-NEPAL IN BICI DI FAUSTO DE POI E DALLE 22 CONCERTO CON I BLACK OUT<br \/>\nSABATO 15 SERATA DANZANTE CON LA SPRITZ BAND, A SEGUIRE DJ MORGAN E BATTAGLIA, CHIUSCO COCKTAIL ALL&#8217;ESTERNO DEL TENDONE<br \/>\nDOMENICA 16 PRANZO ALLE 12, POMERIGGIO CON I GRUPPI BATI ORZ DI SANT TOMASO E FOLK DEL POI<br \/>\nALLA CASA DELLA GIOVENTU&#8217; PESCA DI BENEFICIENZA, IN CHIESA I CORDONI DI SANT&#8217;ANTONIO.<\/p>\n<p>&nbsp;<\/p>\n<p>&nbsp;<\/p>\n<hr \/>\n<p>&nbsp;<\/p>\n<p><a class=\"dt-pswp-item\" href=\"https:\/\/www.radiopiu.net\/wordpress\/wp-content\/uploads\/2018\/09\/viabilita.jpeg\" data-dt-img-description=\"\" data-large_image_width=\"800\" data-large_image_height=\"100\"><img loading=\"lazy\" decoding=\"async\" class=\"aligncenter wp-image-61954 size-full\" src=\"https:\/\/www.radiopiu.net\/wordpress\/wp-content\/uploads\/2018\/09\/viabilita.jpeg\" alt=\"\" width=\"800\" height=\"100\" srcset=\"https:\/\/www.radiopiu.net\/wordpress\/wp-content\/uploads\/2018\/09\/viabilita.jpeg 800w, https:\/\/www.radiopiu.net\/wordpress\/wp-content\/uploads\/2018\/09\/viabilita-300x38.jpeg 300w, https:\/\/www.radiopiu.net\/wordpress\/wp-content\/uploads\/2018\/09\/viabilita-768x96.jpeg 768w\" sizes=\"auto, (max-width: 800px) 100vw, 800px\" \/><\/a><\/p>\n<p>&nbsp;<\/p>\n<p><a class=\"dt-pswp-item\" href=\"https:\/\/www.radiopiu.net\/wordpress\/wp-content\/uploads\/2023\/12\/botol-car-service.jpg\" data-dt-img-description=\"\" data-large_image_width=\"600\" data-large_image_height=\"600\"><img loading=\"lazy\" decoding=\"async\" class=\"size-medium wp-image-367044 aligncenter\" src=\"https:\/\/www.radiopiu.net\/wordpress\/wp-content\/uploads\/2023\/12\/botol-car-service-300x300.jpg\" alt=\"\" width=\"300\" height=\"300\" srcset=\"https:\/\/www.radiopiu.net\/wordpress\/wp-content\/uploads\/2023\/12\/botol-car-service-300x300.jpg 300w, https:\/\/www.radiopiu.net\/wordpress\/wp-content\/uploads\/2023\/12\/botol-car-service-150x150.jpg 150w, https:\/\/www.radiopiu.net\/wordpress\/wp-content\/uploads\/2023\/12\/botol-car-service.jpg 600w\" sizes=\"auto, (max-width: 300px) 100vw, 300px\" \/><\/a><\/p>\n<p>&nbsp;<\/p>\n<p>&nbsp;<\/p>\n<h1>BOLLETTINO QUOTIDIANO, CLICCA QUI<\/h1>\n<blockquote class=\"wp-embedded-content\" data-secret=\"dmq4z9ZVD3\"><p><a href=\"https:\/\/www.radiopiu.net\/wordpress\/viabilita-2\/\">viabilita<\/a><\/p><\/blockquote>\n<p><iframe loading=\"lazy\" class=\"wp-embedded-content\" sandbox=\"allow-scripts\" security=\"restricted\" style=\"position: absolute; clip: rect(1px, 1px, 1px, 1px);\" title=\"&#8220;viabilita&#8221; &#8212; Radio Pi\u00f9\" src=\"https:\/\/www.radiopiu.net\/wordpress\/viabilita-2\/embed\/#?secret=0hxzl85j1b#?secret=dmq4z9ZVD3\" data-secret=\"dmq4z9ZVD3\" width=\"600\" height=\"338\" frameborder=\"0\" marginwidth=\"0\" marginheight=\"0\" scrolling=\"no\"><\/iframe><\/p>\n<p>&nbsp;<\/p>\n<p>&nbsp;<\/p>\n<hr \/>\n<p>&nbsp;<\/p>\n<p><a class=\"dt-pswp-item\" href=\"https:\/\/www.radiopiu.net\/wordpress\/wp-content\/uploads\/2018\/09\/WhatsApp-Image-2018-09-20-at-16.04.06.jpeg\" data-dt-img-description=\"\" data-large_image_width=\"800\" data-large_image_height=\"100\"><img loading=\"lazy\" decoding=\"async\" class=\"wp-image-61378 size-full aligncenter\" src=\"https:\/\/www.radiopiu.net\/wordpress\/wp-content\/uploads\/2018\/09\/WhatsApp-Image-2018-09-20-at-16.04.06.jpeg\" alt=\"\" width=\"800\" height=\"100\" srcset=\"https:\/\/www.radiopiu.net\/wordpress\/wp-content\/uploads\/2018\/09\/WhatsApp-Image-2018-09-20-at-16.04.06.jpeg 800w, https:\/\/www.radiopiu.net\/wordpress\/wp-content\/uploads\/2018\/09\/WhatsApp-Image-2018-09-20-at-16.04.06-300x38.jpeg 300w, https:\/\/www.radiopiu.net\/wordpress\/wp-content\/uploads\/2018\/09\/WhatsApp-Image-2018-09-20-at-16.04.06-768x96.jpeg 768w\" sizes=\"auto, (max-width: 800px) 100vw, 800px\" \/><\/a><\/p>\n<p><center><\/center><center><\/center><center><\/center><center><\/center><center><\/center><center><\/center>&nbsp;<\/p>\n<p><center><\/center><center><\/center><center><\/center><center><\/center><center><\/center><center><\/center><center><\/center><center><b>OGGI<\/b><\/center>Eccetto qualche banco di nubi basse mattutine, il tempo sar\u00e0 in prevalenza soleggiato con qualche velatura e primi cumuli di bel tempo fino al primo pomeriggio. Poi addensamenti irregolari, localmente in grado di dar luogo a qualche isolato focolaio d&#8217;instabilit\u00e0 convettiva.<br \/>\n<b>Precipitazioni: <\/b>Assenti al mattino, mentre il rischio per qualche sporadico piovasco o rovescio sar\u00e0 presente, ma assai pi\u00f9 contenuto rispetto ai giorni precedenti, un po&#8217; meno probabile sulle Prealpi rispetto alle Dolomiti.<br \/>\n<b>Temperature: <\/b>In generale lieve aumento a tutte le quote.<\/p>\n<hr \/>\n<p><center><b>DOMANI<\/b><\/center>Tempo in prevalenza soleggiato con cielo sereno o poco nuvoloso per velature al mattino. Parziale riduzione del soleggiamento al pomeriggio per modesta attivit\u00e0 cumuliforme, localmente moderata\/forte da met\u00e0 pomeriggio in poi, quando locali fenomeni convettivi potranno verificarsi.<br \/>\n<b>Precipitazioni: <\/b>Fino a met\u00e0 pomeriggio assenti. In seguito probabilit\u00e0 assai contenuta per qualche temporale di calore tra met\u00e0 pomeriggio e prima serata.<br \/>\n<b>Temperature: <\/b>In ulteriore generale aumento a tutte le quote.<\/p>\n<hr \/>\n<p><center><b>SABATO<\/b><\/center>Sulle Prealpi tempo perlopi\u00f9 soleggiato con annuvolamenti nelle ore pi\u00f9 calde; sulle Dolomiti probabile iniziale nuvolosit\u00e0 media stratiforme, prima che il sole possa imporsi maggiormente, prima della crescente attivit\u00e0 cumuliforme durante le ore pi\u00f9 calde. Ad oggi \u00e8 difficile comprendere l&#8217;entit\u00e0 dell&#8217;insidia convettiva, ma sembra che il rischio rovesci e temporali aumenti rispetto a venerd\u00ec. Contesto termico diurno quasi estivo<\/p>\n<hr \/>\n<p><center><b>DOMENICA<\/b><\/center>Brevi schiarite e maggiore nuvolosit\u00e0, gi\u00e0 presente ed estesa al mattino. In seguito ulteriore intensificazione della nuvolosit\u00e0 per moderata\/forte attivit\u00e0 cumuliforme e crescente instabilit\u00e0 con elevata probabilit\u00e0 di rovesci e temporali sia sulle Dolomiti che sulle Prealpi. Temperature minime in aumento e massime in leggera flessione.<\/p>\n<p>&nbsp;<\/p>\n<hr \/>\n<p>&nbsp;<\/p>\n<p><img loading=\"lazy\" decoding=\"async\" class=\"wp-image-60761 size-full aligncenter\" src=\"https:\/\/www.radiopiu.net\/wordpress\/wp-content\/uploads\/2018\/09\/sport.jpg\" alt=\"\" width=\"800\" height=\"100\" srcset=\"https:\/\/www.radiopiu.net\/wordpress\/wp-content\/uploads\/2018\/09\/sport.jpg 800w, https:\/\/www.radiopiu.net\/wordpress\/wp-content\/uploads\/2018\/09\/sport-300x38.jpg 300w, https:\/\/www.radiopiu.net\/wordpress\/wp-content\/uploads\/2018\/09\/sport-768x96.jpg 768w\" sizes=\"auto, (max-width: 800px) 100vw, 800px\" \/><\/p>\n<p>&nbsp;<\/p>\n<p><span style=\"color: #0000ff;\"><strong>HOCKEY SU GHIACCIO<\/strong><\/span><\/p>\n<blockquote>\n<h3>ARRIVANO LE PRIME CONFERME IN CASA ALLEGHE HOCKEY<\/h3>\n<\/blockquote>\n<p><strong><a class=\"dt-pswp-item\" href=\"https:\/\/www.radiopiu.net\/wordpress\/wp-content\/uploads\/2024\/06\/d5d27a4a-5d4e-4016-a75b-b4867c098a05.jpg\" data-dt-img-description=\"\" data-large_image_width=\"940\" data-large_image_height=\"788\"><img loading=\"lazy\" decoding=\"async\" class=\" wp-image-393404 alignleft\" src=\"https:\/\/www.radiopiu.net\/wordpress\/wp-content\/uploads\/2024\/06\/d5d27a4a-5d4e-4016-a75b-b4867c098a05-300x251.jpg\" alt=\"\" width=\"197\" height=\"165\" srcset=\"https:\/\/www.radiopiu.net\/wordpress\/wp-content\/uploads\/2024\/06\/d5d27a4a-5d4e-4016-a75b-b4867c098a05-300x251.jpg 300w, https:\/\/www.radiopiu.net\/wordpress\/wp-content\/uploads\/2024\/06\/d5d27a4a-5d4e-4016-a75b-b4867c098a05-768x644.jpg 768w, https:\/\/www.radiopiu.net\/wordpress\/wp-content\/uploads\/2024\/06\/d5d27a4a-5d4e-4016-a75b-b4867c098a05.jpg 940w\" sizes=\"auto, (max-width: 197px) 100vw, 197px\" \/><\/a>DI ROBERTO MIANA, PORTAVOCE DELL&#8217;ALLEGHE HOCKEY<\/strong><\/p>\n<p>Arrivano le prime conferme in casa Alleghe Hockey che, nel segno della continuit\u00e0, annuncia la permanenza a difesa della propria gabbia dei goalie GIANNI SCOLA e MATHIAS DE NARDIN. Quinta stagione sotto al Civetta per il forte goalie fassano Gianni Scola, in grado di fare la differenza e distinguersi in questi anni per seriet\u00e0 e professionalit\u00e0 dentro e fuori dal ghiaccio. La sua conferma in riva al lago dimostra come la Societ\u00e0 voglia continuare il progetto di crescita. Classe 1995 di Canazei, nella vita di tutti i giorni si occupa con grande passione di montaggio e smontaggio gru nell\u2019azienda di famiglia e oltre all\u2019hockey ha una grande passione per la bicicletta. Ha costruito la sua storia hockeistica partendo dalle giovanili di Fassa e Gherd\u00ebina fino ad arrivare alla squadra senior fassana, nella quale ha disputato tre campionati di AHL per poi approdare ad Alleghe. In dieci anni di carriera in prima squadra con Fassa ed Alleghe ha giocato 223 gare tra AHL, serie A, IHL e Coppa Italia. Le parole di Gianni: \u201cSono molto contento di giocare ancora ad Alleghe, poi visto l\u2019entusiasmo della passata stagione non vedo l\u2019ora di ricominciare. Secondo me si prospetta un campionato ancora pi\u00f9 combattuto, tante squadre si stanno rinforzando e il livello qualitativo si alzer\u00e0 ancora, per questo credo che la Societ\u00e0 stia lavorando sodo per costruire una squadra competitiva. Quest\u2019anno poi torna anche il derby del Fedaia e per me non sar\u00e0 una partita come le altre, sar\u00e0 molto emozionante giocare contro il Fassa, la squadra dove sono cresciuto\u201d. Terza stagione in prima squadra per Mathias De Nardin, posto da backup che si \u00e8 guadagnato meritatamente, dopo aver fatto tutta la trafila nelle giovanili biancorosse. Classe 2004 di Alleghe, studente universitario al primo anno di Scienze Motorie, oltre che giocare ad hockey ama seguire gli sport come sci, tennis e formula 1. La passata stagione ha collezionato 9 presenze destando buone impressioni, mostrando doti tecniche e carattere. Le parole di Mathias: \u201cPer la prossima stagione mi aspetto un campionato ancora pi\u00f9 competitivo, con l\u2019aggiunta di due nuove squadre (Fassa e Aosta) avremo pi\u00f9 partite da giocare e sar\u00e0 ancora pi\u00f9 impegnativo, ma sono sicuro che la Societ\u00e0 far\u00e0 di tutto per creare una squadra all\u2019altezza di questo campionato. Io e Gianni (Scola) abbiamo un buon rapporto, con la sua esperienza mi d\u00e0 sempre consigli su come migliorarmi, inoltre porta molta allegria nello spogliatoio e ha un importante ruolo all\u2019interno della squadra\u201d.<\/p>\n<h2><\/h2>\n<p><span style=\"color: #0000ff;\"><strong>PALLAVOLO<\/strong><\/span><\/p>\n<p>&nbsp;<\/p>\n<p><strong><a class=\"dt-pswp-item\" href=\"https:\/\/www.radiopiu.net\/wordpress\/wp-content\/uploads\/2024\/06\/d244039f-baa2-4229-8357-80c785754d55.jpg\" data-dt-img-description=\"\" data-large_image_width=\"2048\" data-large_image_height=\"1536\"><img loading=\"lazy\" decoding=\"async\" class=\" wp-image-393507 alignleft\" src=\"https:\/\/www.radiopiu.net\/wordpress\/wp-content\/uploads\/2024\/06\/d244039f-baa2-4229-8357-80c785754d55-300x225.jpg\" alt=\"\" width=\"188\" height=\"141\" srcset=\"https:\/\/www.radiopiu.net\/wordpress\/wp-content\/uploads\/2024\/06\/d244039f-baa2-4229-8357-80c785754d55-300x225.jpg 300w, https:\/\/www.radiopiu.net\/wordpress\/wp-content\/uploads\/2024\/06\/d244039f-baa2-4229-8357-80c785754d55-1024x768.jpg 1024w, https:\/\/www.radiopiu.net\/wordpress\/wp-content\/uploads\/2024\/06\/d244039f-baa2-4229-8357-80c785754d55-768x576.jpg 768w, https:\/\/www.radiopiu.net\/wordpress\/wp-content\/uploads\/2024\/06\/d244039f-baa2-4229-8357-80c785754d55-1536x1152.jpg 1536w, https:\/\/www.radiopiu.net\/wordpress\/wp-content\/uploads\/2024\/06\/d244039f-baa2-4229-8357-80c785754d55.jpg 2048w\" sizes=\"auto, (max-width: 188px) 100vw, 188px\" \/><\/a>Secondo acquisto per il Belluno Volley: arriva da Motta di Livenza Michele Luisetto, centrale, \u201cincubo\u201d dei rinoceronti nella partita d&#8217;andata dello scorso campionato.<\/strong><\/p>\n<p>DI DANIELE DALVIT<\/p>\n<audio class=\"wp-audio-shortcode\" id=\"audio-393334-11\" preload=\"none\" style=\"width: 100%;\" controls=\"controls\"><source type=\"audio\/mpeg\" src=\"https:\/\/www.radiopiu.net\/wordpress\/wp-content\/uploads\/2024\/06\/Radio-Piu-Servizio-Luisetto-centrale-Belluno-Volley.mp3?_=11\" \/><a href=\"https:\/\/www.radiopiu.net\/wordpress\/wp-content\/uploads\/2024\/06\/Radio-Piu-Servizio-Luisetto-centrale-Belluno-Volley.mp3\">https:\/\/www.radiopiu.net\/wordpress\/wp-content\/uploads\/2024\/06\/Radio-Piu-Servizio-Luisetto-centrale-Belluno-Volley.mp3<\/a><\/audio>\n<blockquote><p>&nbsp;<\/p><\/blockquote>\n<p>&nbsp;<\/p>\n<p>&nbsp;<\/p>\n<p><span style=\"color: #0000ff;\"><strong> NUOTO<\/strong><\/span><\/p>\n<blockquote>\n<h2>Trofeo dell\u2019Est a Gorizia: due medaglie e diversi primati stagionali<\/h2>\n<\/blockquote>\n<p><span style=\"color: #000000;\"><span style=\"font-family: Helvetica Neue, serif;\"><span style=\"font-size: small;\"><span style=\"font-family: Helvetica, serif;\"><span style=\"font-size: x-large;\"><span lang=\"it-IT\"><b><a class=\"dt-pswp-item\" href=\"https:\/\/www.radiopiu.net\/wordpress\/wp-content\/uploads\/2024\/06\/Trofeo_Est_Gorizia.jpg\" data-dt-img-description=\"\" data-large_image_width=\"2048\" data-large_image_height=\"1537\"><img loading=\"lazy\" decoding=\"async\" class=\"size-medium wp-image-393473 alignleft\" src=\"https:\/\/www.radiopiu.net\/wordpress\/wp-content\/uploads\/2024\/06\/Trofeo_Est_Gorizia-300x225.jpg\" alt=\"\" width=\"300\" height=\"225\" srcset=\"https:\/\/www.radiopiu.net\/wordpress\/wp-content\/uploads\/2024\/06\/Trofeo_Est_Gorizia-300x225.jpg 300w, https:\/\/www.radiopiu.net\/wordpress\/wp-content\/uploads\/2024\/06\/Trofeo_Est_Gorizia-1024x769.jpg 1024w, https:\/\/www.radiopiu.net\/wordpress\/wp-content\/uploads\/2024\/06\/Trofeo_Est_Gorizia-768x576.jpg 768w, https:\/\/www.radiopiu.net\/wordpress\/wp-content\/uploads\/2024\/06\/Trofeo_Est_Gorizia-1536x1153.jpg 1536w, https:\/\/www.radiopiu.net\/wordpress\/wp-content\/uploads\/2024\/06\/Trofeo_Est_Gorizia.jpg 2048w\" sizes=\"auto, (max-width: 300px) 100vw, 300px\" \/><\/a><\/b><\/span><\/span><\/span><\/span><\/span><\/span><span style=\"color: #000000;\"><span style=\"font-family: Helvetica Neue, serif;\"><span style=\"font-size: small;\"><span style=\"font-family: Helvetica, serif;\"><span lang=\"it-IT\">Bilancio da incorniciare per la squadra di categoria della Sportivamente Belluno, impegnata in una manifestazione di stampo internazionale: la trentaquattresima edizione del Trofeo dell\u2019Est, a Gorizia, in vasca da 50 metri. <\/span><\/span><\/span><\/span><\/span><span style=\"font-family: Helvetica, serif; font-size: small; color: #000000;\">Diversi i primati stagionali, e personali, fatti registrare dalle nuotatrici e dai nuotatori bellunesi, in tutti e quattro gli stili e sulle distanze dei 50, 100 e 200 metri. Di rilievo, in particolare, le due medaglie ottenute da Elisa Petten\u00f2 (argento nei 100 dorso, a livello assoluto) e Alessandro Nerviani (bronzo nei 50 stile per la categoria Ragazzi). <\/span><span style=\"color: #000000;\"><span style=\"font-family: Helvetica Neue, serif;\"><span style=\"font-size: small;\"><span style=\"font-family: Helvetica, serif;\"><span lang=\"it-IT\">Tutto ci\u00f2, all\u2019interno di un nobile contesto, arricchito dalla presenza di alcuni atleti della Nazionale italiana, gi\u00e0 qualificati per le Olimpiadi di Parigi. <\/span><\/span><\/span><\/span><\/span><span style=\"font-family: Helvetica, serif; font-size: small; color: #000000;\">Guardando oltre, il prossimo appuntamento \u00e8 in calendario dal 14 a 16 giugno, quando a Merano andr\u00e0 in scena il Cool Swim Meeting.<\/span><\/p>\n<p>&nbsp;<\/p>\n<p>&nbsp;<\/p>\n<p><span style=\"color: #0000ff;\"><strong>MOTORI\u00a0<\/strong><\/span><\/p>\n<blockquote>\n<h2>FONTANA ANCORA IN LOTTA PER IL CAMPIONATO ITALIANO GT CUP<\/h2>\n<\/blockquote>\n<p><img loading=\"lazy\" decoding=\"async\" class=\"alignleft\" src=\"https:\/\/www.radiopiu.net\/wordpress\/wp-content\/uploads\/2024\/06\/f55ce1a7-918d-a9bd-85c8-ded116ddbe34-300x300.jpg\" width=\"187\" height=\"187\" \/>Dopo un ottimo primo weekend a Misano, Andrea Fontana ha partecipato al secondo appuntamento del Campionato Italiano Gran Turismo Sprint 2024, disputatosi sul circuito Enzo e Dino Ferrari di Imola. Fontana, a bordo della Lamborghini Huracan ST Evo2 del team DL Racing, \u00e8 stato affiancato dal proprietario della squadra, Diego Locanto. Nella prima sessione di qualifiche, Fontana \u00e8 stato penalizzato da una bandiera rossa, ottenendo il 7\u00b0 posto in griglia per Gara-1. In Gara-1, Fontana ha sfruttato una partenza eccezionale, evitando un incidente e transitando al comando della corsa, per poi lasciare il volante a Locanto che ha concluso al 6\u00b0 posto assoluto e 5\u00b0 nella categoria Pro-Am. In Gara-2, la fortuna non ha assistito il team: Locanto, partito dalla decima fila, \u00e8 rimasto coinvolto in un contatto al primo giro, concludendo la gara anticipatamente a causa di una sospensione posteriore danneggiata. Fontana ha comunque dimostrato il suo valore con la Lamborghini Huracan e sar\u00e0 di nuovo in pista al Mugello il 23-25 agosto per il terzo appuntamento stagionale.<\/p>\n<p>&nbsp;<\/p>\n<p>&nbsp;<\/p>\n<p><span style=\"color: #0000ff;\"><strong>CALCIO<\/strong><\/span><\/p>\n<blockquote>\n<h3>IL FIORI BARP MAS CHIUDE LA STAGIONE CON DUE MEMORIAL<\/h3>\n<\/blockquote>\n<p><strong><a class=\"dt-pswp-item\" href=\"https:\/\/www.radiopiu.net\/wordpress\/wp-content\/uploads\/2020\/10\/fiori-barp.png\" data-dt-img-description=\"\" data-large_image_width=\"334\" data-large_image_height=\"475\"><img loading=\"lazy\" decoding=\"async\" class=\" wp-image-164208 alignleft\" src=\"https:\/\/www.radiopiu.net\/wordpress\/wp-content\/uploads\/2020\/10\/fiori-barp-211x300.png\" alt=\"\" width=\"110\" height=\"156\" srcset=\"https:\/\/www.radiopiu.net\/wordpress\/wp-content\/uploads\/2020\/10\/fiori-barp-211x300.png 211w, https:\/\/www.radiopiu.net\/wordpress\/wp-content\/uploads\/2020\/10\/fiori-barp.png 334w\" sizes=\"auto, (max-width: 110px) 100vw, 110px\" \/><\/a>SEDICO<\/strong><\/p>\n<p>DI ROBERTO BONA<\/p>\n<audio class=\"wp-audio-shortcode\" id=\"audio-393334-12\" preload=\"none\" style=\"width: 100%;\" controls=\"controls\"><source type=\"audio\/mpeg\" src=\"https:\/\/www.radiopiu.net\/wordpress\/wp-content\/uploads\/2024\/06\/BONA-MEMORIAL-FIORI-BARP.mp3?_=12\" \/><a href=\"https:\/\/www.radiopiu.net\/wordpress\/wp-content\/uploads\/2024\/06\/BONA-MEMORIAL-FIORI-BARP.mp3\">https:\/\/www.radiopiu.net\/wordpress\/wp-content\/uploads\/2024\/06\/BONA-MEMORIAL-FIORI-BARP.mp3<\/a><\/audio>\n<p>&nbsp;<\/p>\n<p>&nbsp;<\/p>\n<p><span style=\"color: #0000ff;\"><strong>CORSA PODISTICA<\/strong><\/span><\/p>\n<blockquote>\n<h3>RIVARON, APRE AL TROFEO &#8220;CORRIPOI&#8221;, DOMENICA SPORT E FESTA A RIVAMONTE<\/h3>\n<\/blockquote>\n<p><span style=\"color: #ff0000;\"><strong>ALLA RADIO, CON GIULIA SCHENA\u00a0<\/strong><\/span><\/p>\n<audio class=\"wp-audio-shortcode\" id=\"audio-393334-13\" preload=\"none\" style=\"width: 100%;\" controls=\"controls\"><source type=\"audio\/mpeg\" src=\"https:\/\/www.radiopiu.net\/wordpress\/wp-content\/uploads\/2024\/06\/rivaron-giulia-schena-2024.mp3?_=13\" \/><a href=\"https:\/\/www.radiopiu.net\/wordpress\/wp-content\/uploads\/2024\/06\/rivaron-giulia-schena-2024.mp3\">https:\/\/www.radiopiu.net\/wordpress\/wp-content\/uploads\/2024\/06\/rivaron-giulia-schena-2024.mp3<\/a><\/audio>\n<p>&nbsp;<\/p>\n<p><strong>ARCHIVIO RADIO PIU&#8217;, SESTA EDIZIONE 2022<\/strong><\/p>\n<p>&nbsp;<\/p>\n<p><strong>LA PARTENZA<\/strong><\/p>\n<div style=\"width: 848px;\" class=\"wp-video\"><video class=\"wp-video-shortcode\" id=\"video-393334-1\" width=\"848\" height=\"480\" preload=\"metadata\" controls=\"controls\"><source type=\"video\/mp4\" src=\"https:\/\/www.radiopiu.net\/wordpress\/wp-content\/uploads\/2022\/06\/WhatsApp-Video-2022-06-12-at-12.57.10.mp4?_=1\" \/><a href=\"https:\/\/www.radiopiu.net\/wordpress\/wp-content\/uploads\/2022\/06\/WhatsApp-Video-2022-06-12-at-12.57.10.mp4\">https:\/\/www.radiopiu.net\/wordpress\/wp-content\/uploads\/2022\/06\/WhatsApp-Video-2022-06-12-at-12.57.10.mp4<\/a><\/video><\/div>\n<p>&nbsp;<\/p>\n\n\t\t\t<style type='text\/css'>\n\t\t\t\t#gallery-5 {\n\t\t\t\t\tmargin: auto;\n\t\t\t\t}\n\t\t\t\t#gallery-5 .gallery-item {\n\t\t\t\t\tfloat: left;\n\t\t\t\t\tmargin-top: 10px;\n\t\t\t\t\ttext-align: center;\n\t\t\t\t\twidth: 20%;\n\t\t\t\t}\n\t\t\t\t#gallery-5 img {\n\t\t\t\t\tborder: 2px solid #cfcfcf;\n\t\t\t\t}\n\t\t\t\t#gallery-5 .gallery-caption {\n\t\t\t\t\tmargin-left: 0;\n\t\t\t\t}\n\t\t\t\t\/* see gallery_shortcode() in wp-includes\/media.php *\/\n\t\t\t<\/style>\n\t\t<div id='gallery-5' class='dt-gallery-container gallery galleryid-393334 gallery-columns-5 gallery-size-thumbnail'><dl class='gallery-item'>\n\t\t\t\t<dt class='gallery-icon landscape'>\n\t\t\t\t\t<a class=\"rollover rollover-zoom dt-pswp-item\" title=\"3bb68128-470c-429f-a1d8-ca3fac6a7b83\" data-dt-img-description=\"\" data-large_image_width=\"2048\" data-large_image_height=\"1536\"href='https:\/\/www.radiopiu.net\/wordpress\/wp-content\/uploads\/2022\/06\/3bb68128-470c-429f-a1d8-ca3fac6a7b83.jpg'><img loading=\"lazy\" decoding=\"async\" width=\"150\" height=\"150\" src=\"https:\/\/www.radiopiu.net\/wordpress\/wp-content\/uploads\/2022\/06\/3bb68128-470c-429f-a1d8-ca3fac6a7b83-150x150.jpg\" class=\"attachment-thumbnail size-thumbnail\" alt=\"\" \/><\/a>\n\t\t\t\t<\/dt><\/dl><dl class='gallery-item'>\n\t\t\t\t<dt class='gallery-icon landscape'>\n\t\t\t\t\t<a class=\"rollover rollover-zoom dt-pswp-item\" title=\"d0b88752-1642-4645-bd0c-9df128881f15\" data-dt-img-description=\"\" data-large_image_width=\"2048\" data-large_image_height=\"1536\"href='https:\/\/www.radiopiu.net\/wordpress\/wp-content\/uploads\/2022\/06\/d0b88752-1642-4645-bd0c-9df128881f15.jpg'><img loading=\"lazy\" decoding=\"async\" width=\"150\" height=\"150\" src=\"https:\/\/www.radiopiu.net\/wordpress\/wp-content\/uploads\/2022\/06\/d0b88752-1642-4645-bd0c-9df128881f15-150x150.jpg\" class=\"attachment-thumbnail size-thumbnail\" alt=\"\" \/><\/a>\n\t\t\t\t<\/dt><\/dl><dl class='gallery-item'>\n\t\t\t\t<dt class='gallery-icon landscape'>\n\t\t\t\t\t<a class=\"rollover rollover-zoom dt-pswp-item\" title=\"2ac13a8e-daad-4b01-9c5c-34a2a132a31f\" data-dt-img-description=\"\" data-large_image_width=\"1125\" data-large_image_height=\"740\"href='https:\/\/www.radiopiu.net\/wordpress\/wp-content\/uploads\/2022\/06\/2ac13a8e-daad-4b01-9c5c-34a2a132a31f.jpg'><img loading=\"lazy\" decoding=\"async\" width=\"150\" height=\"150\" src=\"https:\/\/www.radiopiu.net\/wordpress\/wp-content\/uploads\/2022\/06\/2ac13a8e-daad-4b01-9c5c-34a2a132a31f-150x150.jpg\" class=\"attachment-thumbnail size-thumbnail\" alt=\"\" \/><\/a>\n\t\t\t\t<\/dt><\/dl><dl class='gallery-item'>\n\t\t\t\t<dt class='gallery-icon landscape'>\n\t\t\t\t\t<a class=\"rollover rollover-zoom dt-pswp-item\" title=\"c26fb344-8fec-45f5-84a4-1bd2a67315ca\" data-dt-img-description=\"\" data-large_image_width=\"1125\" data-large_image_height=\"738\"href='https:\/\/www.radiopiu.net\/wordpress\/wp-content\/uploads\/2022\/06\/c26fb344-8fec-45f5-84a4-1bd2a67315ca.jpg'><img loading=\"lazy\" decoding=\"async\" width=\"150\" height=\"150\" src=\"https:\/\/www.radiopiu.net\/wordpress\/wp-content\/uploads\/2022\/06\/c26fb344-8fec-45f5-84a4-1bd2a67315ca-150x150.jpg\" class=\"attachment-thumbnail size-thumbnail\" alt=\"\" \/><\/a>\n\t\t\t\t<\/dt><\/dl><dl class='gallery-item'>\n\t\t\t\t<dt class='gallery-icon landscape'>\n\t\t\t\t\t<a class=\"rollover rollover-zoom dt-pswp-item\" title=\"e557547b-fd5b-4e41-9987-c0c748e0ef60\" data-dt-img-description=\"\" data-large_image_width=\"1125\" data-large_image_height=\"729\"href='https:\/\/www.radiopiu.net\/wordpress\/wp-content\/uploads\/2022\/06\/e557547b-fd5b-4e41-9987-c0c748e0ef60.jpg'><img loading=\"lazy\" decoding=\"async\" width=\"150\" height=\"150\" src=\"https:\/\/www.radiopiu.net\/wordpress\/wp-content\/uploads\/2022\/06\/e557547b-fd5b-4e41-9987-c0c748e0ef60-150x150.jpg\" class=\"attachment-thumbnail size-thumbnail\" alt=\"\" \/><\/a>\n\t\t\t\t<\/dt><\/dl><br style=\"clear: both\" \/><dl class='gallery-item'>\n\t\t\t\t<dt class='gallery-icon landscape'>\n\t\t\t\t\t<a class=\"rollover rollover-zoom dt-pswp-item\" title=\"cae965b9-d5a2-4eb3-8440-44c2171a33fc\" data-dt-img-description=\"\" data-large_image_width=\"1125\" data-large_image_height=\"735\"href='https:\/\/www.radiopiu.net\/wordpress\/wp-content\/uploads\/2022\/06\/cae965b9-d5a2-4eb3-8440-44c2171a33fc.jpg'><img loading=\"lazy\" decoding=\"async\" width=\"150\" height=\"150\" src=\"https:\/\/www.radiopiu.net\/wordpress\/wp-content\/uploads\/2022\/06\/cae965b9-d5a2-4eb3-8440-44c2171a33fc-150x150.jpg\" class=\"attachment-thumbnail size-thumbnail\" alt=\"\" \/><\/a>\n\t\t\t\t<\/dt><\/dl><dl class='gallery-item'>\n\t\t\t\t<dt class='gallery-icon landscape'>\n\t\t\t\t\t<a class=\"rollover rollover-zoom dt-pswp-item\" title=\"c8fba6b9-e437-4eb1-b3f4-0121908394ea\" data-dt-img-description=\"\" data-large_image_width=\"1125\" data-large_image_height=\"751\"href='https:\/\/www.radiopiu.net\/wordpress\/wp-content\/uploads\/2022\/06\/c8fba6b9-e437-4eb1-b3f4-0121908394ea.jpg'><img loading=\"lazy\" decoding=\"async\" width=\"150\" height=\"150\" src=\"https:\/\/www.radiopiu.net\/wordpress\/wp-content\/uploads\/2022\/06\/c8fba6b9-e437-4eb1-b3f4-0121908394ea-150x150.jpg\" class=\"attachment-thumbnail size-thumbnail\" alt=\"\" \/><\/a>\n\t\t\t\t<\/dt><\/dl><dl class='gallery-item'>\n\t\t\t\t<dt class='gallery-icon landscape'>\n\t\t\t\t\t<a class=\"rollover rollover-zoom dt-pswp-item\" title=\"8960e5de-bb3f-4f3c-a316-f825fe7c84da\" data-dt-img-description=\"\" data-large_image_width=\"1024\" data-large_image_height=\"768\"href='https:\/\/www.radiopiu.net\/wordpress\/wp-content\/uploads\/2022\/06\/8960e5de-bb3f-4f3c-a316-f825fe7c84da.jpg'><img loading=\"lazy\" decoding=\"async\" width=\"150\" height=\"150\" src=\"https:\/\/www.radiopiu.net\/wordpress\/wp-content\/uploads\/2022\/06\/8960e5de-bb3f-4f3c-a316-f825fe7c84da-150x150.jpg\" class=\"attachment-thumbnail size-thumbnail\" alt=\"\" \/><\/a>\n\t\t\t\t<\/dt><\/dl><dl class='gallery-item'>\n\t\t\t\t<dt class='gallery-icon portrait'>\n\t\t\t\t\t<a class=\"rollover rollover-zoom dt-pswp-item\" title=\"f0abf845-f159-4c28-9453-a823a2836bab\" data-dt-img-description=\"\" data-large_image_width=\"1500\" data-large_image_height=\"2000\"href='https:\/\/www.radiopiu.net\/wordpress\/wp-content\/uploads\/2022\/06\/f0abf845-f159-4c28-9453-a823a2836bab.jpg'><img loading=\"lazy\" decoding=\"async\" width=\"150\" height=\"150\" src=\"https:\/\/www.radiopiu.net\/wordpress\/wp-content\/uploads\/2022\/06\/f0abf845-f159-4c28-9453-a823a2836bab-150x150.jpg\" class=\"attachment-thumbnail size-thumbnail\" alt=\"\" \/><\/a>\n\t\t\t\t<\/dt><\/dl><dl class='gallery-item'>\n\t\t\t\t<dt class='gallery-icon portrait'>\n\t\t\t\t\t<a class=\"rollover rollover-zoom dt-pswp-item\" title=\"f2db89d5-a904-4d64-8a31-6444a5e83750\" data-dt-img-description=\"\" data-large_image_width=\"1500\" data-large_image_height=\"2000\"href='https:\/\/www.radiopiu.net\/wordpress\/wp-content\/uploads\/2022\/06\/f2db89d5-a904-4d64-8a31-6444a5e83750.jpg'><img loading=\"lazy\" decoding=\"async\" width=\"150\" height=\"150\" src=\"https:\/\/www.radiopiu.net\/wordpress\/wp-content\/uploads\/2022\/06\/f2db89d5-a904-4d64-8a31-6444a5e83750-150x150.jpg\" class=\"attachment-thumbnail size-thumbnail\" alt=\"\" \/><\/a>\n\t\t\t\t<\/dt><\/dl><br style=\"clear: both\" \/>\n\t\t\t<\/div>\n\n<p>&nbsp;<\/p>\n<p>&nbsp;<\/p>\n<hr \/>\n<p>&nbsp;<\/p>\n<h2><span style=\"color: #ffcc00;\">GOODBYE BY BICICLE&#8230;UN VIAGGIO DALL&#8217;INDIA A SEREN DEL GRAPPA IN BICICLETTA<\/span><\/h2>\n<p><span style=\"color: #ff0000;\"><strong>PUNTATA 16 &#8211; IL VIAGGIO ATTRAVERSO IL NEPAL CONTINUA<\/strong><\/span><\/p>\n<audio class=\"wp-audio-shortcode\" id=\"audio-393334-14\" preload=\"none\" style=\"width: 100%;\" controls=\"controls\"><source type=\"audio\/mpeg\" src=\"https:\/\/www.radiopiu.net\/wordpress\/wp-content\/uploads\/2024\/05\/AIRE-INDIA-PUNTATA-16.mp3?_=14\" \/><a href=\"https:\/\/www.radiopiu.net\/wordpress\/wp-content\/uploads\/2024\/05\/AIRE-INDIA-PUNTATA-16.mp3\">https:\/\/www.radiopiu.net\/wordpress\/wp-content\/uploads\/2024\/05\/AIRE-INDIA-PUNTATA-16.mp3<\/a><\/audio>\n<p><strong>PER VISITARE I SITI DEI LUOGHI VISITATI, CLICCA SULLE SEGUENTI SCRITTE:\u00a0 <a href=\"https:\/\/www.instagram.com\/fyn0.7?igsh=dmpmMGQ5NjFneXA2\"><span style=\"color: #3366ff;\">FORESTRY YOUTH NETWORK<\/span><\/a><\/strong><\/p>\n\n\t\t\t<style type='text\/css'>\n\t\t\t\t#gallery-6 {\n\t\t\t\t\tmargin: auto;\n\t\t\t\t}\n\t\t\t\t#gallery-6 .gallery-item {\n\t\t\t\t\tfloat: left;\n\t\t\t\t\tmargin-top: 10px;\n\t\t\t\t\ttext-align: center;\n\t\t\t\t\twidth: 20%;\n\t\t\t\t}\n\t\t\t\t#gallery-6 img {\n\t\t\t\t\tborder: 2px solid #cfcfcf;\n\t\t\t\t}\n\t\t\t\t#gallery-6 .gallery-caption {\n\t\t\t\t\tmargin-left: 0;\n\t\t\t\t}\n\t\t\t\t\/* see gallery_shortcode() in wp-includes\/media.php *\/\n\t\t\t<\/style>\n\t\t<div id='gallery-6' class='dt-gallery-container gallery galleryid-393334 gallery-columns-5 gallery-size-thumbnail'><dl class='gallery-item'>\n\t\t\t\t<dt class='gallery-icon landscape'>\n\t\t\t\t\t<a class=\"rollover rollover-zoom dt-pswp-item\" title=\"1562532f-2eb3-4f26-9c6c-6924ce24f892\" data-dt-img-description=\"\" data-large_image_width=\"1600\" data-large_image_height=\"1200\"href='https:\/\/www.radiopiu.net\/wordpress\/wp-content\/uploads\/2024\/05\/1562532f-2eb3-4f26-9c6c-6924ce24f892.jpg'><img loading=\"lazy\" decoding=\"async\" width=\"150\" height=\"150\" src=\"https:\/\/www.radiopiu.net\/wordpress\/wp-content\/uploads\/2024\/05\/1562532f-2eb3-4f26-9c6c-6924ce24f892-150x150.jpg\" class=\"attachment-thumbnail size-thumbnail\" alt=\"\" \/><\/a>\n\t\t\t\t<\/dt><\/dl><dl class='gallery-item'>\n\t\t\t\t<dt class='gallery-icon landscape'>\n\t\t\t\t\t<a class=\"rollover rollover-zoom dt-pswp-item\" title=\"74f2cb89-55c2-4729-8ea5-2cc6704adbb9\" data-dt-img-description=\"\" data-large_image_width=\"1600\" data-large_image_height=\"1200\"href='https:\/\/www.radiopiu.net\/wordpress\/wp-content\/uploads\/2024\/05\/74f2cb89-55c2-4729-8ea5-2cc6704adbb9.jpg'><img loading=\"lazy\" decoding=\"async\" width=\"150\" height=\"150\" src=\"https:\/\/www.radiopiu.net\/wordpress\/wp-content\/uploads\/2024\/05\/74f2cb89-55c2-4729-8ea5-2cc6704adbb9-150x150.jpg\" class=\"attachment-thumbnail size-thumbnail\" alt=\"\" \/><\/a>\n\t\t\t\t<\/dt><\/dl><dl class='gallery-item'>\n\t\t\t\t<dt class='gallery-icon landscape'>\n\t\t\t\t\t<a class=\"rollover rollover-zoom dt-pswp-item\" title=\"37bb0abc-bfc3-44ab-98f0-fc948781f3e7\" data-dt-img-description=\"\" data-large_image_width=\"1600\" data-large_image_height=\"1200\"href='https:\/\/www.radiopiu.net\/wordpress\/wp-content\/uploads\/2024\/05\/37bb0abc-bfc3-44ab-98f0-fc948781f3e7.jpg'><img loading=\"lazy\" decoding=\"async\" width=\"150\" height=\"150\" src=\"https:\/\/www.radiopiu.net\/wordpress\/wp-content\/uploads\/2024\/05\/37bb0abc-bfc3-44ab-98f0-fc948781f3e7-150x150.jpg\" class=\"attachment-thumbnail size-thumbnail\" alt=\"\" \/><\/a>\n\t\t\t\t<\/dt><\/dl><dl class='gallery-item'>\n\t\t\t\t<dt class='gallery-icon portrait'>\n\t\t\t\t\t<a class=\"rollover rollover-zoom dt-pswp-item\" title=\"5eb0987e-5445-4212-80c1-d602d08145b9\" data-dt-img-description=\"\" data-large_image_width=\"1200\" data-large_image_height=\"1600\"href='https:\/\/www.radiopiu.net\/wordpress\/wp-content\/uploads\/2024\/05\/5eb0987e-5445-4212-80c1-d602d08145b9.jpg'><img loading=\"lazy\" decoding=\"async\" width=\"150\" height=\"150\" src=\"https:\/\/www.radiopiu.net\/wordpress\/wp-content\/uploads\/2024\/05\/5eb0987e-5445-4212-80c1-d602d08145b9-150x150.jpg\" class=\"attachment-thumbnail size-thumbnail\" alt=\"\" \/><\/a>\n\t\t\t\t<\/dt><\/dl><dl class='gallery-item'>\n\t\t\t\t<dt class='gallery-icon landscape'>\n\t\t\t\t\t<a class=\"rollover rollover-zoom dt-pswp-item\" title=\"9eb3ff6e-8aae-4069-ac8c-448af4375acd\" data-dt-img-description=\"\" data-large_image_width=\"1496\" data-large_image_height=\"1496\"href='https:\/\/www.radiopiu.net\/wordpress\/wp-content\/uploads\/2024\/05\/9eb3ff6e-8aae-4069-ac8c-448af4375acd.jpg'><img loading=\"lazy\" decoding=\"async\" width=\"150\" height=\"150\" src=\"https:\/\/www.radiopiu.net\/wordpress\/wp-content\/uploads\/2024\/05\/9eb3ff6e-8aae-4069-ac8c-448af4375acd-150x150.jpg\" class=\"attachment-thumbnail size-thumbnail\" alt=\"\" srcset=\"https:\/\/www.radiopiu.net\/wordpress\/wp-content\/uploads\/2024\/05\/9eb3ff6e-8aae-4069-ac8c-448af4375acd-150x150.jpg 150w, https:\/\/www.radiopiu.net\/wordpress\/wp-content\/uploads\/2024\/05\/9eb3ff6e-8aae-4069-ac8c-448af4375acd-300x300.jpg 300w, https:\/\/www.radiopiu.net\/wordpress\/wp-content\/uploads\/2024\/05\/9eb3ff6e-8aae-4069-ac8c-448af4375acd-1024x1024.jpg 1024w, https:\/\/www.radiopiu.net\/wordpress\/wp-content\/uploads\/2024\/05\/9eb3ff6e-8aae-4069-ac8c-448af4375acd-768x768.jpg 768w, https:\/\/www.radiopiu.net\/wordpress\/wp-content\/uploads\/2024\/05\/9eb3ff6e-8aae-4069-ac8c-448af4375acd.jpg 1496w\" sizes=\"auto, (max-width: 150px) 100vw, 150px\" \/><\/a>\n\t\t\t\t<\/dt><\/dl><br style=\"clear: both\" \/>\n\t\t\t<\/div>\n\n<p>&nbsp;<\/p>\n<h2>LA RACCOLTA COMPLETA <a href=\"https:\/\/www.radiopiu.net\/wordpress\/goodbye-by-bicicle-un-viaggio-dallindia-a-seren-del-grappa-in-bicicletta-16\/\"><span style=\"color: #3366ff;\">CLICCA QUI<\/span><\/a><\/h2>\n<p>&nbsp;<\/p>\n<p>&nbsp;<\/p>\n<p>&nbsp;<\/p>\n<p>&nbsp;<\/p>\n","protected":false},"excerpt":{"rendered":"<p>****** &nbsp; PER RICEVERE QUESTO NOTIZIARIO DIRETTAMENTE SUL TUO CELLULARRisultati Eccellenti agli Esami Cambridge per l&#8217;Oxford School DolomitiE ISCRIVITI AL CANALE TELEGRAM \u201cRADIO PIU\u00a0 INFORMAZIONE&#8221;\u00a0 \u00a0il CANALE TELEGRAM&#8230; UNISCITI A: RADIO PIU INFORMAZIONE &nbsp; &nbsp; ATTENZIONE: LA NUOVA APP PER IOS-IPHONE di Nicola Vettorello https:\/\/apps.apple.com\/it\/app\/radio-pi%C3%B9-emittente-agordina\/id1515939845 ATTENZIONE: LA NUOVA APP RADIO\u00a0 PER ANDROID di Nicola Vettorello&hellip;<\/p>\n","protected":false},"author":4,"featured_media":393534,"comment_status":"closed","ping_status":"closed","sticky":false,"template":"","format":"standard","meta":{"_monsterinsights_skip_tracking":false,"_monsterinsights_sitenote_active":false,"_monsterinsights_sitenote_note":"","_monsterinsights_sitenote_category":0,"footnotes":""},"categories":[51,86,49],"tags":[],"class_list":["post-393334","post","type-post","status-publish","format-standard","has-post-thumbnail","hentry","category-evidenza-top","category-gr","category-news-18","category-51","category-86","category-49","description-off"],"img_url":"https:\/\/www.radiopiu.net\/wordpress\/wp-content\/uploads\/2024\/06\/Senza-nome-9.png","_links":{"self":[{"href":"https:\/\/www.radiopiu.net\/wordpress\/wp-json\/wp\/v2\/posts\/393334","targetHints":{"allow":["GET"]}}],"collection":[{"href":"https:\/\/www.radiopiu.net\/wordpress\/wp-json\/wp\/v2\/posts"}],"about":[{"href":"https:\/\/www.radiopiu.net\/wordpress\/wp-json\/wp\/v2\/types\/post"}],"author":[{"embeddable":true,"href":"https:\/\/www.radiopiu.net\/wordpress\/wp-json\/wp\/v2\/users\/4"}],"replies":[{"embeddable":true,"href":"https:\/\/www.radiopiu.net\/wordpress\/wp-json\/wp\/v2\/comments?post=393334"}],"version-history":[{"count":0,"href":"https:\/\/www.radiopiu.net\/wordpress\/wp-json\/wp\/v2\/posts\/393334\/revisions"}],"wp:featuredmedia":[{"embeddable":true,"href":"https:\/\/www.radiopiu.net\/wordpress\/wp-json\/wp\/v2\/media\/393534"}],"wp:attachment":[{"href":"https:\/\/www.radiopiu.net\/wordpress\/wp-json\/wp\/v2\/media?parent=393334"}],"wp:term":[{"taxonomy":"category","embeddable":true,"href":"https:\/\/www.radiopiu.net\/wordpress\/wp-json\/wp\/v2\/categories?post=393334"},{"taxonomy":"post_tag","embeddable":true,"href":"https:\/\/www.radiopiu.net\/wordpress\/wp-json\/wp\/v2\/tags?post=393334"}],"curies":[{"name":"wp","href":"https:\/\/api.w.org\/{rel}","templated":true}]}}