{"id":393403,"date":"2024-06-05T10:00:14","date_gmt":"2024-06-05T08:00:14","guid":{"rendered":"https:\/\/www.radiopiu.net\/wordpress\/?p=393403"},"modified":"2024-06-05T08:26:49","modified_gmt":"2024-06-05T06:26:49","slug":"arrivano-le-prime-conferme-in-casa-alleghe-hockey-2","status":"publish","type":"post","link":"https:\/\/www.radiopiu.net\/wordpress\/arrivano-le-prime-conferme-in-casa-alleghe-hockey-2\/","title":{"rendered":"ARRIVANO LE PRIME CONFERME IN CASA ALLEGHE HOCKEY"},"content":{"rendered":"<p>*****<\/p>\n<p>&nbsp;<\/p>\n<p><strong><a class=\"dt-pswp-item\" href=\"https:\/\/www.radiopiu.net\/wordpress\/wp-content\/uploads\/2024\/06\/d5d27a4a-5d4e-4016-a75b-b4867c098a05.jpg\" data-dt-img-description=\"\" data-large_image_width=\"940\" data-large_image_height=\"788\"><img loading=\"lazy\" decoding=\"async\" class=\" wp-image-393404 alignleft\" src=\"https:\/\/www.radiopiu.net\/wordpress\/wp-content\/uploads\/2024\/06\/d5d27a4a-5d4e-4016-a75b-b4867c098a05-300x251.jpg\" alt=\"\" width=\"197\" height=\"165\" srcset=\"https:\/\/www.radiopiu.net\/wordpress\/wp-content\/uploads\/2024\/06\/d5d27a4a-5d4e-4016-a75b-b4867c098a05-300x251.jpg 300w, https:\/\/www.radiopiu.net\/wordpress\/wp-content\/uploads\/2024\/06\/d5d27a4a-5d4e-4016-a75b-b4867c098a05-768x644.jpg 768w, https:\/\/www.radiopiu.net\/wordpress\/wp-content\/uploads\/2024\/06\/d5d27a4a-5d4e-4016-a75b-b4867c098a05.jpg 940w\" sizes=\"auto, (max-width: 197px) 100vw, 197px\" \/><\/a>DI ROBERTO MIANA, PORTAVOCE DELL&#8217;ALLEGHE HOCKEY<\/strong><\/p>\n<p>Arrivano le prime conferme in casa Alleghe Hockey che, nel segno della continuit\u00e0, annuncia la permanenza a difesa della propria gabbia dei goalie GIANNI SCOLA e MATHIAS DE NARDIN. Quinta stagione sotto al Civetta per il forte goalie fassano Gianni Scola, in grado di fare la differenza e distinguersi in questi anni per seriet\u00e0 e professionalit\u00e0 dentro e fuori dal ghiaccio. La sua conferma in riva al lago dimostra come la Societ\u00e0 voglia continuare il progetto di crescita. Classe 1995 di Canazei, nella vita di tutti i giorni si occupa con grande passione di montaggio e smontaggio gru nell\u2019azienda di famiglia e oltre all\u2019hockey ha una grande passione per la bicicletta. Ha costruito la sua storia hockeistica partendo dalle giovanili di Fassa e Gherd\u00ebina fino ad arrivare alla squadra senior fassana, nella quale ha disputato tre campionati di AHL per poi approdare ad Alleghe. In dieci anni di carriera in prima squadra con Fassa ed Alleghe ha giocato 223 gare tra AHL, serie A, IHL e Coppa Italia. Le parole di Gianni: \u201cSono molto contento di giocare ancora ad Alleghe, poi visto l\u2019entusiasmo della passata stagione non vedo l\u2019ora di ricominciare. Secondo me si prospetta un campionato ancora pi\u00f9 combattuto, tante squadre si stanno rinforzando e il livello qualitativo si alzer\u00e0 ancora, per questo credo che la Societ\u00e0 stia lavorando sodo per costruire una squadra competitiva. Quest\u2019anno poi torna anche il derby del Fedaia e per me non sar\u00e0 una partita come le altre, sar\u00e0 molto emozionante giocare contro il Fassa, la squadra dove sono cresciuto\u201d. Terza stagione in prima squadra per Mathias De Nardin, posto da backup che si \u00e8 guadagnato meritatamente, dopo aver fatto tutta la trafila nelle giovanili biancorosse. Classe 2004 di Alleghe, studente universitario al primo anno di Scienze Motorie, oltre che giocare ad hockey ama seguire gli sport come sci, tennis e formula 1. La passata stagione ha collezionato 9 presenze destando buone impressioni, mostrando doti tecniche e carattere. Le parole di Mathias: \u201cPer la prossima stagione mi aspetto un campionato ancora pi\u00f9 competitivo, con l\u2019aggiunta di due nuove squadre (Fassa e Aosta) avremo pi\u00f9 partite da giocare e sar\u00e0 ancora pi\u00f9 impegnativo, ma sono sicuro che la Societ\u00e0 far\u00e0 di tutto per creare una squadra all\u2019altezza di questo campionato. Io e Gianni (Scola) abbiamo un buon rapporto, con la sua esperienza mi d\u00e0 sempre consigli su come migliorarmi, inoltre porta molta allegria nello spogliatoio e ha un importante ruolo all\u2019interno della squadra\u201d.<\/p>\n<p>&nbsp;<\/p>\n<p>&nbsp;<\/p>\n<p>*******<\/p>\n","protected":false},"excerpt":{"rendered":"<p>***** &nbsp; DI ROBERTO MIANA, PORTAVOCE DELL&#8217;ALLEGHE HOCKEY Arrivano le prime conferme in casa Alleghe Hockey che, nel segno della continuit\u00e0, annuncia la permanenza a difesa della propria gabbia dei goalie GIANNI SCOLA e MATHIAS DE NARDIN. Quinta stagione sotto al Civetta per il forte goalie fassano Gianni Scola, in grado di fare la differenza&hellip;<\/p>\n","protected":false},"author":4,"featured_media":393404,"comment_status":"closed","ping_status":"closed","sticky":false,"template":"","format":"standard","meta":{"_monsterinsights_skip_tracking":false,"_monsterinsights_sitenote_active":false,"_monsterinsights_sitenote_note":"","_monsterinsights_sitenote_category":0,"footnotes":""},"categories":[49],"tags":[],"class_list":["post-393403","post","type-post","status-publish","format-standard","has-post-thumbnail","hentry","category-news-18","category-49","description-off"],"img_url":"https:\/\/www.radiopiu.net\/wordpress\/wp-content\/uploads\/2024\/06\/d5d27a4a-5d4e-4016-a75b-b4867c098a05.jpg","_links":{"self":[{"href":"https:\/\/www.radiopiu.net\/wordpress\/wp-json\/wp\/v2\/posts\/393403","targetHints":{"allow":["GET"]}}],"collection":[{"href":"https:\/\/www.radiopiu.net\/wordpress\/wp-json\/wp\/v2\/posts"}],"about":[{"href":"https:\/\/www.radiopiu.net\/wordpress\/wp-json\/wp\/v2\/types\/post"}],"author":[{"embeddable":true,"href":"https:\/\/www.radiopiu.net\/wordpress\/wp-json\/wp\/v2\/users\/4"}],"replies":[{"embeddable":true,"href":"https:\/\/www.radiopiu.net\/wordpress\/wp-json\/wp\/v2\/comments?post=393403"}],"version-history":[{"count":0,"href":"https:\/\/www.radiopiu.net\/wordpress\/wp-json\/wp\/v2\/posts\/393403\/revisions"}],"wp:featuredmedia":[{"embeddable":true,"href":"https:\/\/www.radiopiu.net\/wordpress\/wp-json\/wp\/v2\/media\/393404"}],"wp:attachment":[{"href":"https:\/\/www.radiopiu.net\/wordpress\/wp-json\/wp\/v2\/media?parent=393403"}],"wp:term":[{"taxonomy":"category","embeddable":true,"href":"https:\/\/www.radiopiu.net\/wordpress\/wp-json\/wp\/v2\/categories?post=393403"},{"taxonomy":"post_tag","embeddable":true,"href":"https:\/\/www.radiopiu.net\/wordpress\/wp-json\/wp\/v2\/tags?post=393403"}],"curies":[{"name":"wp","href":"https:\/\/api.w.org\/{rel}","templated":true}]}}