{"id":393467,"date":"2024-06-06T05:34:04","date_gmt":"2024-06-06T03:34:04","guid":{"rendered":"https:\/\/www.radiopiu.net\/wordpress\/?p=393467"},"modified":"2024-06-06T05:46:02","modified_gmt":"2024-06-06T03:46:02","slug":"ultimora-15-00-provinciale-val-fiorentina-bloccata","status":"publish","type":"post","link":"https:\/\/www.radiopiu.net\/wordpress\/ultimora-15-00-provinciale-val-fiorentina-bloccata\/","title":{"rendered":"INCIDENTE MORTALE, PERDE LA VITA UN MOTOCISLITA TEDESCO"},"content":{"rendered":"<p>&nbsp;<\/p>\n<p>&nbsp;<\/p>\n<p>***<\/p>\n<div class=\"page-title-head hgroup\">\n<blockquote>\n<h3><\/h3>\n<h3 class=\"entry-title\"><a class=\"dt-pswp-item\" href=\"https:\/\/www.radiopiu.net\/wordpress\/wp-content\/uploads\/2024\/06\/Senza-nome-8.png\" data-dt-img-description=\"\" data-large_image_width=\"392\" data-large_image_height=\"297\"><img loading=\"lazy\" decoding=\"async\" class=\" wp-image-393468 alignleft\" src=\"https:\/\/www.radiopiu.net\/wordpress\/wp-content\/uploads\/2024\/06\/Senza-nome-8-300x227.png\" alt=\"\" width=\"200\" height=\"151\" srcset=\"https:\/\/www.radiopiu.net\/wordpress\/wp-content\/uploads\/2024\/06\/Senza-nome-8-300x227.png 300w, https:\/\/www.radiopiu.net\/wordpress\/wp-content\/uploads\/2024\/06\/Senza-nome-8.png 392w\" sizes=\"auto, (max-width: 200px) 100vw, 200px\" \/><\/a>moto, PERDE LA VITA UN MOTOCICLISTA TEDESCO<\/h3>\n<\/blockquote>\n<\/div>\n<p><strong>SELVA DI CADORE<\/strong> Grave incidente, mortale, ieri alle 15 ha perso la vita un motociclista tedesco di 50 anni\u00a0 (moto contro un camion\u00a0 condotto da un bellunese, sotto choc per quanto accaduto)\u00a0 lungo la provinciale della Val Fiorentina scendendo verso Caprile, passato il paese poco prima delle gallerie.\u00a0 Elicottero del Suem sul posto con il personale sanitario e i volontari della Croce Verde di Alleghe. La strada \u00e8 rimasta bloccata fino alle 17.30<\/p>\n<p><button class=\"rounded-lg text-token-text-secondary hover:bg-token-main-surface-secondary\"><strong>STRADA DELLA VAL FIORENTINA<\/strong>, riaperta del 2019, ma ad oggi in localit\u00e0 Marzeluch la galleria \u00e8 tristemente &#8220;spenta&#8221; le luci non sono mai state accese. Tutto \u00e8 fermo tra le carte di Veneto Strade, l&#8217;incidente di ieri comunque nulla a a che fare con l&#8217;illuminazione delle gallerie, ma questo non toglie che il problema vada risolto in fretta e in questi giorni di grande traffico (anche per la chiusura della strada a Colcuclungo la 251<\/p>\n<p><strong>DILLO A RADIO PIU.<\/strong>.. Caso vuole che proprio ieri mattina da Selva di Cadore, Orsolina metteva in evidenza il problema della mancata illuminazione. &#8220;Per avere soddisfazione e vedere finalmente le luci in galleria cosa possiamo fare? A chi dobbiamo rivolgerci per avere una risposta che sia concreta e ponga fine a questi disagi?<\/p>\n<p><\/button><\/p>\n<p>&nbsp;<\/p>\n<p>&nbsp;<\/p>\n<p>&nbsp;<\/p>\n<p>&nbsp;<\/p>\n<hr \/>\n<p>__<\/p>\n<blockquote>\n<h3><a class=\"dt-pswp-item\" href=\"https:\/\/www.radiopiu.net\/wordpress\/wp-content\/uploads\/2024\/06\/53f038c6-7ee8-4e11-b484-63c524d1e538.jpg\" data-dt-img-description=\"\" data-large_image_width=\"960\" data-large_image_height=\"1280\"><img loading=\"lazy\" decoding=\"async\" class=\" wp-image-393324 alignleft\" src=\"https:\/\/www.radiopiu.net\/wordpress\/wp-content\/uploads\/2024\/06\/53f038c6-7ee8-4e11-b484-63c524d1e538-225x300.jpg\" alt=\"\" width=\"125\" height=\"167\" srcset=\"https:\/\/www.radiopiu.net\/wordpress\/wp-content\/uploads\/2024\/06\/53f038c6-7ee8-4e11-b484-63c524d1e538-225x300.jpg 225w, https:\/\/www.radiopiu.net\/wordpress\/wp-content\/uploads\/2024\/06\/53f038c6-7ee8-4e11-b484-63c524d1e538-768x1024.jpg 768w, https:\/\/www.radiopiu.net\/wordpress\/wp-content\/uploads\/2024\/06\/53f038c6-7ee8-4e11-b484-63c524d1e538.jpg 960w\" sizes=\"auto, (max-width: 125px) 100vw, 125px\" \/><\/a>Tir Incastrato sul Ponte Paralizza il Traffico per Ore<\/h3>\n<\/blockquote>\n<p>Un tir sloveno si \u00e8 incastrato sul ponte della statale 52 Carnica, tra Pelos di Cadore e Lorenzago, dalle 19 di marted\u00ec alle 16 di ieri. Ignorando i cartelli di avviso, l&#8217;autista ha forato tre gomme del rimorchio. I vigili del fuoco, la polizia e una squadra di pneumatici di Belluno sono intervenuti, ma il traffico \u00e8 rimasto bloccato fino all&#8217;arrivo di un&#8217;autogr\u00f9 privata per rimuovere il mezzo. Questo incidente ha causato notevoli disagi e costretto gli automobilisti a percorsi alternativi. Un episodio simile era avvenuto il 29 maggio, suscitando frustrazione tra i residenti. (<em>foto chat viabilita&#8217; provincia belluno VPB)<\/em><\/p>\n<p style=\"text-align: center;\"><button class=\"rounded-lg text-token-text-secondary hover:bg-token-main-surface-secondary\">\u00abNon ne possiamo pi\u00f9\u00bb commenta un paesano\u00a0<\/button><\/p>\n<p>&nbsp;<\/p>\n<p>&nbsp;<\/p>\n<p>&nbsp;<\/p>\n<p>&nbsp;<\/p>\n<hr \/>\n<p>&nbsp;<\/p>\n","protected":false},"excerpt":{"rendered":"<p>&nbsp; &nbsp; *** moto, PERDE LA VITA UN MOTOCICLISTA TEDESCO SELVA DI CADORE Grave incidente, mortale, ieri alle 15 ha perso la vita un motociclista tedesco di 50 anni\u00a0 (moto contro un camion\u00a0 condotto da un bellunese, sotto choc per quanto accaduto)\u00a0 lungo la provinciale della Val Fiorentina scendendo verso Caprile, passato il paese poco&hellip;<\/p>\n","protected":false},"author":4,"featured_media":393468,"comment_status":"closed","ping_status":"closed","sticky":false,"template":"","format":"standard","meta":{"_monsterinsights_skip_tracking":false,"_monsterinsights_sitenote_active":false,"_monsterinsights_sitenote_note":"","_monsterinsights_sitenote_category":0,"footnotes":""},"categories":[51,49],"tags":[],"class_list":["post-393467","post","type-post","status-publish","format-standard","has-post-thumbnail","hentry","category-evidenza-top","category-news-18","category-51","category-49","description-off"],"img_url":"https:\/\/www.radiopiu.net\/wordpress\/wp-content\/uploads\/2024\/06\/Senza-nome-8.png","_links":{"self":[{"href":"https:\/\/www.radiopiu.net\/wordpress\/wp-json\/wp\/v2\/posts\/393467","targetHints":{"allow":["GET"]}}],"collection":[{"href":"https:\/\/www.radiopiu.net\/wordpress\/wp-json\/wp\/v2\/posts"}],"about":[{"href":"https:\/\/www.radiopiu.net\/wordpress\/wp-json\/wp\/v2\/types\/post"}],"author":[{"embeddable":true,"href":"https:\/\/www.radiopiu.net\/wordpress\/wp-json\/wp\/v2\/users\/4"}],"replies":[{"embeddable":true,"href":"https:\/\/www.radiopiu.net\/wordpress\/wp-json\/wp\/v2\/comments?post=393467"}],"version-history":[{"count":0,"href":"https:\/\/www.radiopiu.net\/wordpress\/wp-json\/wp\/v2\/posts\/393467\/revisions"}],"wp:featuredmedia":[{"embeddable":true,"href":"https:\/\/www.radiopiu.net\/wordpress\/wp-json\/wp\/v2\/media\/393468"}],"wp:attachment":[{"href":"https:\/\/www.radiopiu.net\/wordpress\/wp-json\/wp\/v2\/media?parent=393467"}],"wp:term":[{"taxonomy":"category","embeddable":true,"href":"https:\/\/www.radiopiu.net\/wordpress\/wp-json\/wp\/v2\/categories?post=393467"},{"taxonomy":"post_tag","embeddable":true,"href":"https:\/\/www.radiopiu.net\/wordpress\/wp-json\/wp\/v2\/tags?post=393467"}],"curies":[{"name":"wp","href":"https:\/\/api.w.org\/{rel}","templated":true}]}}