{"id":393515,"date":"2024-06-07T05:38:12","date_gmt":"2024-06-07T03:38:12","guid":{"rendered":"https:\/\/www.radiopiu.net\/wordpress\/?p=393515"},"modified":"2024-06-07T09:49:48","modified_gmt":"2024-06-07T07:49:48","slug":"giornale-radiopiu-07-giugno-2024-direttore-mirko-mezzacasada-40-anni-25-giugno-1983-25-giugno-2023","status":"publish","type":"post","link":"https:\/\/www.radiopiu.net\/wordpress\/giornale-radiopiu-07-giugno-2024-direttore-mirko-mezzacasada-40-anni-25-giugno-1983-25-giugno-2023\/","title":{"rendered":"GIORNALE RADIOPIU 07 GIUGNO 2024 DIRETTORE MIRKO MEZZACASA\u2026DA 40 ANNI 25 GIUGNO 1983-25 GIUGNO 2023"},"content":{"rendered":"<p>******<\/p>\n<p>&nbsp;<\/p>\n<h3>PER<strong> RICEVERE QUESTO NOTIZIARIO DIRETTAMENTE SUL TUO CELLULARE ISCRIVITI AL CANALE TELEGRAM <\/strong><strong>\u201cRADIO PIU\u00a0 INFORMAZIONE&#8221;\u00a0 <\/strong>\u00a0il CANALE TELEGRAM&#8230; UNISCITI A: RADIO PIU INFORMAZIONE<\/h3>\n<p>&nbsp;<\/p>\n<p>&nbsp;<\/p>\n<p><em><a href=\"https:\/\/www.radiopiu.net\/wordpress\/giornale-radiopiu-24-gennaio-2021-direttore-mirko-mezzacasa\/79216601_126817312416448_708980208774483089_n\/\" rel=\"attachment wp-att-186567\"><img loading=\"lazy\" decoding=\"async\" class=\"size-medium wp-image-186567 alignright\" src=\"https:\/\/www.radiopiu.net\/wordpress\/wp-content\/uploads\/2021\/01\/79216601_126817312416448_708980208774483089_n-300x114.jpg\" alt=\"\" width=\"300\" height=\"114\" srcset=\"https:\/\/www.radiopiu.net\/wordpress\/wp-content\/uploads\/2021\/01\/79216601_126817312416448_708980208774483089_n-300x114.jpg 300w, https:\/\/www.radiopiu.net\/wordpress\/wp-content\/uploads\/2021\/01\/79216601_126817312416448_708980208774483089_n-768x292.jpg 768w, https:\/\/www.radiopiu.net\/wordpress\/wp-content\/uploads\/2021\/01\/79216601_126817312416448_708980208774483089_n.jpg 820w\" sizes=\"auto, (max-width: 300px) 100vw, 300px\" \/><\/a><span style=\"color: #ff0000;\">ATTENZIONE: LA NUOVA APP PER IOS-IPHONE di Nicola Vettorello <\/span><\/em><a href=\"https:\/\/apps.apple.com\/it\/app\/radio-pi%C3%B9-emittente-agordina\/id1515939845\">https:\/\/apps.apple.com\/it\/app\/radio-pi%C3%B9-emittente-agordina\/id1515939845<\/a><\/p>\n<p><em style=\"color: #ff0000;\">ATTENZIONE: LA NUOVA APP RADIO\u00a0 PER ANDROID di Nicola Vettorello<\/em><\/p>\n<p><a href=\"https:\/\/play.google.com\/store\/apps\/details?id=net.radiopiu.iniko\" target=\"_blank\" rel=\"noopener noreferrer\">https:\/\/play.google.com\/store\/apps\/details?id=net.radiopiu.iniko\u00a0\u00a0\u00a0<\/a><\/p>\n<p>&nbsp;<\/p>\n<p>&nbsp;<\/p>\n<h3><strong>SABATO 8 GIUGNO PASSI CHIUSI\u00a0 CAMPOLONGO, GARDENA, SELLA, PORDOI\u00a0<\/strong><\/h3>\n<p><em>Tratte interessate: strade attorno ai 4 Passi Dolomitici: Passo Campolongo, Passo Gardena, Passo Sella e Passo Pordoi. Ai partecipanti viene raccomandato il senso antiorario, quindi: Arabba &#8211; Passo Campolongo &#8211; Passo Gardena &#8211; Passo Sella &#8211; Passo Pordoi &#8211; Arabba.<\/em><\/p>\n<div data-block=\"true\" data-editor=\"avj4u\" data-offset-key=\"d3i0j-0-0\"><a class=\"dt-pswp-item\" href=\"https:\/\/www.radiopiu.net\/wordpress\/wp-content\/uploads\/2024\/06\/346731c3-7c22-43d6-8a7b-78fc8c5cb9fe-1.jpg\" data-dt-img-description=\"\" data-large_image_width=\"1200\" data-large_image_height=\"1600\"><img loading=\"lazy\" decoding=\"async\" class=\"size-medium wp-image-393460 aligncenter\" src=\"https:\/\/www.radiopiu.net\/wordpress\/wp-content\/uploads\/2024\/06\/346731c3-7c22-43d6-8a7b-78fc8c5cb9fe-1-225x300.jpg\" alt=\"\" width=\"225\" height=\"300\" srcset=\"https:\/\/www.radiopiu.net\/wordpress\/wp-content\/uploads\/2024\/06\/346731c3-7c22-43d6-8a7b-78fc8c5cb9fe-1-225x300.jpg 225w, https:\/\/www.radiopiu.net\/wordpress\/wp-content\/uploads\/2024\/06\/346731c3-7c22-43d6-8a7b-78fc8c5cb9fe-1-768x1024.jpg 768w, https:\/\/www.radiopiu.net\/wordpress\/wp-content\/uploads\/2024\/06\/346731c3-7c22-43d6-8a7b-78fc8c5cb9fe-1-1152x1536.jpg 1152w, https:\/\/www.radiopiu.net\/wordpress\/wp-content\/uploads\/2024\/06\/346731c3-7c22-43d6-8a7b-78fc8c5cb9fe-1.jpg 1200w\" sizes=\"auto, (max-width: 225px) 100vw, 225px\" \/>\u00a0<\/a><\/div>\n<div data-block=\"true\" data-editor=\"avj4u\" data-offset-key=\"d3i0j-0-0\">\n<hr \/>\n<p>&nbsp;<\/p>\n<p><span style=\"color: #000000;\"><strong>AGORDO<\/strong><\/span><\/p>\n<h1><span style=\"color: #0000ff;\">\u00c8 stata ritrovata mountain bike Bemmex colore viola abbandonata presso il\u00a0 posteggio Peppino Impastato a Tamonich. Chi fosse interessato contatti Radiopiu.\u00a0\u00a0<\/span><\/h1>\n<p>&nbsp;<\/p>\n<hr \/>\n<p>&nbsp;<\/p>\n<\/div>\n<p><strong class=\"photoswipe-wrapper\"><span style=\"color: #ff0000;\"><a class=\"dt-pswp-item\" href=\"https:\/\/www.radiopiu.net\/wordpress\/wp-content\/uploads\/2024\/06\/1582640_LOGO-80NOSTALGIA_thumb_big.jpg\" data-dt-img-description=\"\" data-large_image_width=\"1080\" data-large_image_height=\"1080\"><img loading=\"lazy\" decoding=\"async\" class=\"wp-image-393685 alignleft\" src=\"https:\/\/www.radiopiu.net\/wordpress\/wp-content\/uploads\/2024\/06\/1582640_LOGO-80NOSTALGIA_thumb_big-300x300.jpg\" alt=\"\" width=\"166\" height=\"166\" srcset=\"https:\/\/www.radiopiu.net\/wordpress\/wp-content\/uploads\/2024\/06\/1582640_LOGO-80NOSTALGIA_thumb_big-300x300.jpg 300w, https:\/\/www.radiopiu.net\/wordpress\/wp-content\/uploads\/2024\/06\/1582640_LOGO-80NOSTALGIA_thumb_big-1024x1024.jpg 1024w, https:\/\/www.radiopiu.net\/wordpress\/wp-content\/uploads\/2024\/06\/1582640_LOGO-80NOSTALGIA_thumb_big-150x150.jpg 150w, https:\/\/www.radiopiu.net\/wordpress\/wp-content\/uploads\/2024\/06\/1582640_LOGO-80NOSTALGIA_thumb_big-768x768.jpg 768w, https:\/\/www.radiopiu.net\/wordpress\/wp-content\/uploads\/2024\/06\/1582640_LOGO-80NOSTALGIA_thumb_big.jpg 1080w\" sizes=\"auto, (max-width: 166px) 100vw, 166px\" \/><\/a>OGGI ALLA RADIO<\/span><\/strong>:\u00a0<strong>ALLE 6.15<\/strong> PIROLE DE LENGA, CON IL MUSLA\u00a0 <strong>ALLE 7.20<\/strong>\u00a0EL BAL DEL FIOR, DETTI E TRADIZIONI DI GIULIANA DA RONCH;\u00a0<strong>ALLE 8.20 <\/strong>PIU SIAMO CON MARINA<strong> 9.00 <\/strong>PREMIERE, LE NOVITA&#8217; MUSICALI DEL FINE SETTIMANA CON MARCO GAZ\u00a0<strong> 9:10<\/strong> LA MUSICA ANNI 80 CON MONICA FONTANIVE\u00a0 <strong>9.30 <\/strong>VIABILITA&#8217; Botol_Car <strong>\u00a0<\/strong><span style=\"color: #0000ff;\"><strong><span style=\"color: #000000;\"> 10.10 <\/span><\/strong><span style=\"color: #000000;\">MUSLA le nove in ladi<\/span><strong><span style=\"color: #000000;\">n 10.30 <\/span><\/strong><span style=\"color: #000000;\">SOLIDARIETA&#8217; VENETO FONDO PENSIONE CON PAOLO STEFAN, PRIMO VENERDI DEL MESE\u00a0 <\/span><\/span><span style=\"color: #0000ff;\"><span style=\"color: #000000;\"><strong>11.10<\/strong> C&#8217;ERA UNA VOLTA FESTIVALBAR, DI MIRCO BENCIVENNI <\/span><\/span><strong>12.00 <\/strong>VA TUTTO LISCIO <strong>12.30 <\/strong>GIORNALE RADIO EDIZIONE PRINCIPALE \u00a0<strong>13.20<\/strong> PRIMA VERA HIT <strong>14.00 <\/strong>GOLDEN CLASSIC CON MARCO EDELVAIS 15.00 WEEK END MARINA C&#8217;E&#8217;<strong>\u00a0 1<\/strong><strong>6.00 <\/strong>IL ROCK DI MARCO COSTANTINI <strong>16.45 <\/strong>LE HIT DI MIRCO BENCIVENNI <strong>19 <\/strong>ANTICIPAZIONI DAL TG DI ANTENNA 3 DI TIZIANA BOLOGNANI.<\/p>\n<blockquote><p><strong>rassegna stampa nazionale, ogni giorno alle 5 e alle 6 del mattino<\/strong><br \/>\n<em>giornali locali 7 rassegna stampa flash, 8 rassegna stampa, gr flash alle 10 e alle 11, principale 12.30. Informazione pomerIggio alle 15 (speciale) 16, 17, 18. Giornale radio nazionale: ogni ora dalle 5 del mattino, alle 20 della sera.\u00a0<\/em><\/p><\/blockquote>\n<div class=\"x11i5rnm xat24cr x1mh8g0r x1vvkbs xtlvy1s x126k92a\">\n<div dir=\"auto\">\n<p>&nbsp;<\/p>\n<p>&nbsp;<\/p>\n<hr \/>\n<p>&nbsp;<\/p>\n<p>&nbsp;<\/p>\n<div class=\"x11i5rnm xat24cr x1mh8g0r x1vvkbs xtlvy1s x126k92a\">\n<div dir=\"auto\">\n<p><strong><a class=\"dt-pswp-item\" href=\"https:\/\/www.radiopiu.net\/wordpress\/wp-content\/uploads\/2024\/02\/2d44e751-d8a8-461b-8e22-d8e4e853b032.jpg\" data-dt-img-description=\"\" data-large_image_width=\"1600\" data-large_image_height=\"1200\"><img loading=\"lazy\" decoding=\"async\" class=\"wp-image-373307 alignleft\" src=\"https:\/\/www.radiopiu.net\/wordpress\/wp-content\/uploads\/2024\/02\/2d44e751-d8a8-461b-8e22-d8e4e853b032-300x225.jpg\" alt=\"\" width=\"105\" height=\"79\" srcset=\"https:\/\/www.radiopiu.net\/wordpress\/wp-content\/uploads\/2024\/02\/2d44e751-d8a8-461b-8e22-d8e4e853b032-300x225.jpg 300w, https:\/\/www.radiopiu.net\/wordpress\/wp-content\/uploads\/2024\/02\/2d44e751-d8a8-461b-8e22-d8e4e853b032-1024x768.jpg 1024w, https:\/\/www.radiopiu.net\/wordpress\/wp-content\/uploads\/2024\/02\/2d44e751-d8a8-461b-8e22-d8e4e853b032-768x576.jpg 768w, https:\/\/www.radiopiu.net\/wordpress\/wp-content\/uploads\/2024\/02\/2d44e751-d8a8-461b-8e22-d8e4e853b032-1536x1152.jpg 1536w, https:\/\/www.radiopiu.net\/wordpress\/wp-content\/uploads\/2024\/02\/2d44e751-d8a8-461b-8e22-d8e4e853b032.jpg 1600w\" sizes=\"auto, (max-width: 105px) 100vw, 105px\" \/><\/a>EL BAL DEL FIOR, DI GIULIANA DA RONCH, 07 GIUGNO 2024<\/strong><\/p>\n<\/div>\n<\/div>\n<\/div>\n<div dir=\"auto\">\n<audio class=\"wp-audio-shortcode\" id=\"audio-393515-1\" preload=\"none\" style=\"width: 100%;\" controls=\"controls\"><source type=\"audio\/mpeg\" src=\"https:\/\/www.radiopiu.net\/wordpress\/wp-content\/uploads\/2024\/06\/GVE.m4a?_=1\" \/><a href=\"https:\/\/www.radiopiu.net\/wordpress\/wp-content\/uploads\/2024\/06\/GVE.m4a\">https:\/\/www.radiopiu.net\/wordpress\/wp-content\/uploads\/2024\/06\/GVE.m4a<\/a><\/audio>\n<p>&nbsp;<\/p>\n<hr \/>\n<\/div>\n<\/div>\n<blockquote>\n<blockquote>\n<h1><span style=\"color: #ff0000;\">\u00a0<\/span><\/h1>\n<h1><span style=\"color: #ff0000;\">I podcast informativi del mattino &#8211; audio &#8211;\u00a0\u00a0<\/span><\/h1>\n<\/blockquote>\n<p><strong><a class=\"dt-pswp-item\" href=\"https:\/\/www.radiopiu.net\/wordpress\/wp-content\/uploads\/2023\/11\/th-10.jpg\" data-dt-img-description=\"\" data-large_image_width=\"320\" data-large_image_height=\"180\"><img loading=\"lazy\" decoding=\"async\" class=\"wp-image-362866 alignleft\" src=\"https:\/\/www.radiopiu.net\/wordpress\/wp-content\/uploads\/2023\/11\/th-10-300x169.jpg\" alt=\"\" width=\"185\" height=\"104\" srcset=\"https:\/\/www.radiopiu.net\/wordpress\/wp-content\/uploads\/2023\/11\/th-10-300x169.jpg 300w, https:\/\/www.radiopiu.net\/wordpress\/wp-content\/uploads\/2023\/11\/th-10.jpg 320w\" sizes=\"auto, (max-width: 185px) 100vw, 185px\" \/><\/a>LA RASSEGNA STAMPA NAZIONALE ALLA RADIO, OGNI GIORNO ALLE 5 E ALLE 6 DEL MATTINO <span style=\"color: #0000ff;\">viene pubblicata alle 6.00 <span style=\"color: #ff0000;\">DIRETTA RADIO\u00a0 \u00a0\u00a0<\/span><\/span><\/strong><\/p><\/blockquote>\n<p>&nbsp;<\/p>\n<p>&nbsp;<\/p>\n<p><span style=\"color: #000000;\"><strong>ULTIME DELLA NOTTE\u00a0<\/strong><\/span><\/p>\n<p><button class=\"rounded-lg text-token-text-secondary hover:bg-token-main-surface-secondary\">\u00a0 <strong>Attacco missilistico<\/strong> russo contro Ucraina occidentale <strong>Corea del Sud<\/strong> primo sciopero alla Samsung Electronics\u00a0 <strong>Al Jazeera<\/strong> sindaco Nuseirat ucciso in raid su Gaza <strong>Francia<\/strong> Macron annuncia l&#8217;invio di caccia Mirage a Kiev entro l&#8217;anno <strong>La Bce<\/strong> taglia i tassi di 25 punti base. Lagarde: &#8216;Sar\u00e0 un percorso accidentato&#8217;<\/button><\/p>\n<h2>AUDIO dalle 6 del mattino<\/h2>\n<audio class=\"wp-audio-shortcode\" id=\"audio-393515-2\" preload=\"none\" style=\"width: 100%;\" controls=\"controls\"><source type=\"audio\/mpeg\" src=\"https:\/\/www.radiopiu.net\/wordpress\/wp-content\/uploads\/2024\/06\/GIORNALEDELLESEI-4.mp3?_=2\" \/><a href=\"https:\/\/www.radiopiu.net\/wordpress\/wp-content\/uploads\/2024\/06\/GIORNALEDELLESEI-4.mp3\">https:\/\/www.radiopiu.net\/wordpress\/wp-content\/uploads\/2024\/06\/GIORNALEDELLESEI-4.mp3<\/a><\/audio>\n<p>&nbsp;<\/p>\n<hr \/>\n<p>&nbsp;<\/p>\n<h1 style=\"text-align: center;\"><span style=\"color: #ff0000;\">I podcast informativi del mattino &#8211; audio &#8211;\u00a0<\/span><\/h1>\n<p><strong><a class=\"dt-pswp-item\" href=\"https:\/\/www.radiopiu.net\/wordpress\/wp-content\/uploads\/2023\/12\/images.png\" data-dt-img-description=\"\" data-large_image_width=\"316\" data-large_image_height=\"160\"><img loading=\"lazy\" decoding=\"async\" class=\"wp-image-367008 alignleft\" src=\"https:\/\/www.radiopiu.net\/wordpress\/wp-content\/uploads\/2023\/12\/images-300x152.png\" alt=\"\" width=\"235\" height=\"119\" srcset=\"https:\/\/www.radiopiu.net\/wordpress\/wp-content\/uploads\/2023\/12\/images-300x152.png 300w, https:\/\/www.radiopiu.net\/wordpress\/wp-content\/uploads\/2023\/12\/images.png 316w\" sizes=\"auto, (max-width: 235px) 100vw, 235px\" \/><\/a>OGNI GIORNO ALLE SETTE DEL MATTINO, LA RASSEGNA STAMPA LOCALE FLASH&#8230; PER CHI VA IN FRETTA. I TITOLI DAI GIORNALI E DAL SITO WWW.RADIOPIU.NET <span style=\"color: #0000ff;\">viene pubblicato alle 7.00<\/span> <span style=\"color: #ff0000;\">DIRETTA RADIO\u00a0<\/span><\/strong><\/p>\n<p><em><span style=\"color: #ff0000;\">per chi va in fretta&#8230; tante notizie in pochi minuti. L&#8217;informazione locale alla radio, ogni ora dalle 7 del mattino alle 19 della sera.\u00a0 \u00a0 \u00a0\u00a0<\/span><\/em><\/p>\n<p><strong>E\u2019 morto Germano Perera, 82enne molto conosciuto a Feltre, dove risiedeva, era capogruppo degli alpini della frazione di Villabruna.<\/strong><br \/>\n<strong>FELTRE<\/strong> Germano Perera 82enne di Feltre \u00e8 morto all\u2019ospedale di Treviso dove era stato trasportato in gravi condizioni.<br \/>\n<strong>CORTINA <\/strong> incidente stradale ieri alle 9.30, un uomo di 41 anni del posto \u00e8 stato trasferito al Codivilla in seguito ai danni riportati. Precedentemente l\u2019elicottero s\u2019\u00e8 alzato in volo per soccorrere un 63enne di Santo Stefano di Cadore ricoverato al San Martino.<br \/>\n<strong>FRANCO, IMPRENDITORE ESEMPIO DI VITA<\/strong><br \/>\n<strong>AGORDO<\/strong> Poco pi\u00f9 di un anno fa, da questa stessa pagina, fa salutavamo Giorgio, oggi l\u2019ultimo saluto \u00e8 per il fratello Franco mancato a 82 anni. I fratelli Ganz rappresentano un pezzo di storia imprenditoriale di successo ad Agordo. Siamo di nuovo vicini alla famiglia Ganz, a figli Dario e Marco e ai parenti, in questo momento di dolore e ricordo.<br \/>\n<strong>SELVA DI CADORE<\/strong> In una nota Veneto Strade precisa che le pratiche per l&#8217;illuminazione delle gallerie lungo la provinciale 20 (per la cabina Enel) sono state evase. Coinvolti diversi enti, anche la Regola di Colle Santa Lucia che ha accettato l&#8217;esproprio. Enel \u00e8 in possesso di tutta la documentazione quindi&#8230;<br \/>\n<strong>BELLUNO<\/strong>\u00a0 La circolazione dei treni sar\u00e0 sospesa da domenica 9 giugno al 14 dicembre 2024 sulla linea Feltre-Belluno, mentre dal 9 giugno al 7 settembre la sospensione riguarder\u00e0 le stazioni di Treviso e Montebelluna.<\/p>\n<h2>AUDIO dalle 7 del mattino<\/h2>\n<audio class=\"wp-audio-shortcode\" id=\"audio-393515-3\" preload=\"none\" style=\"width: 100%;\" controls=\"controls\"><source type=\"audio\/mpeg\" src=\"https:\/\/www.radiopiu.net\/wordpress\/wp-content\/uploads\/2024\/06\/GF07-5.mp3?_=3\" \/><a href=\"https:\/\/www.radiopiu.net\/wordpress\/wp-content\/uploads\/2024\/06\/GF07-5.mp3\">https:\/\/www.radiopiu.net\/wordpress\/wp-content\/uploads\/2024\/06\/GF07-5.mp3<\/a><\/audio>\n<p>&nbsp;<\/p>\n<p>&nbsp;<\/p>\n<hr \/>\n<p>&nbsp;<\/p>\n<h1><\/h1>\n<h1 style=\"text-align: center;\"><span style=\"color: #ff0000;\"><a class=\"dt-pswp-item\" href=\"https:\/\/www.radiopiu.net\/wordpress\/wp-content\/uploads\/2022\/01\/026c3f9d-dae9-4040-a3c1-a6530231bcc3.jpg\" data-dt-img-description=\"\" data-large_image_width=\"1152\" data-large_image_height=\"2048\"><img loading=\"lazy\" decoding=\"async\" class=\"wp-image-251839 alignleft\" src=\"https:\/\/www.radiopiu.net\/wordpress\/wp-content\/uploads\/2022\/01\/026c3f9d-dae9-4040-a3c1-a6530231bcc3-169x300.jpg\" alt=\"\" width=\"100\" height=\"177\" srcset=\"https:\/\/www.radiopiu.net\/wordpress\/wp-content\/uploads\/2022\/01\/026c3f9d-dae9-4040-a3c1-a6530231bcc3-169x300.jpg 169w, https:\/\/www.radiopiu.net\/wordpress\/wp-content\/uploads\/2022\/01\/026c3f9d-dae9-4040-a3c1-a6530231bcc3-576x1024.jpg 576w, https:\/\/www.radiopiu.net\/wordpress\/wp-content\/uploads\/2022\/01\/026c3f9d-dae9-4040-a3c1-a6530231bcc3-768x1365.jpg 768w, https:\/\/www.radiopiu.net\/wordpress\/wp-content\/uploads\/2022\/01\/026c3f9d-dae9-4040-a3c1-a6530231bcc3-864x1536.jpg 864w, https:\/\/www.radiopiu.net\/wordpress\/wp-content\/uploads\/2022\/01\/026c3f9d-dae9-4040-a3c1-a6530231bcc3.jpg 1152w\" sizes=\"auto, (max-width: 100px) 100vw, 100px\" \/><\/a>I podcast informativi del mattino &#8211; audio &#8211;\u00a0<\/span><\/h1>\n<blockquote><p><strong>GIORNALE RADIO NAZIONALE, EDIZIONE DELLE SETTE <span style=\"color: #0000ff;\">viene pubblicato alle 7.05 <span style=\"color: #ff0000;\">DIRETTA RADIO\u00a0<\/span><\/span><\/strong><\/p><\/blockquote>\n<p><strong>il giornale radionazionale e&#8217; in onda ogni ora, dalle sette del mattino alle venti della sera\u00a0\u00a0<\/strong><\/p>\n<p>&nbsp;<\/p>\n<p><strong>Sardegna <\/strong>Trovato morto il 19enne scomparso da Arzachena, in Gallura <strong>La sentenza <\/strong>La Cedu condanna l&#8217;Italia per un uomo internato oltre i termini\u00a0 Istat sulla corruzione: &#8216;\u00c8 in calo, ma \u00e8 accettata se serve a far lavorare i figli&#8217;\u00a0 <strong>Roma<\/strong> Tenta di vendere un manoscritto su Bernini, un arresto in Vaticano<br \/>\nUn ex dipendente della Fabbrica di S. Pietro dal 27 maggio \u00e8 in carcere <strong>Roma<\/strong> Preso stupratore seriale autore di tre violenze. Il gip lo manda ai domiciliari Gi\u00e0 condannato per 2 abusi. <strong>Olbia<\/strong> L&#8217;asilo che non vuole i bambini vivaci<\/p>\n<h2>AUDIO dalle sette del mattino, ogni ora alla radio<\/h2>\n<audio class=\"wp-audio-shortcode\" id=\"audio-393515-4\" preload=\"none\" style=\"width: 100%;\" controls=\"controls\"><source type=\"audio\/mpeg\" src=\"https:\/\/www.radiopiu.net\/wordpress\/wp-content\/uploads\/2024\/06\/giornale07-5.mp3?_=4\" \/><a href=\"https:\/\/www.radiopiu.net\/wordpress\/wp-content\/uploads\/2024\/06\/giornale07-5.mp3\">https:\/\/www.radiopiu.net\/wordpress\/wp-content\/uploads\/2024\/06\/giornale07-5.mp3<\/a><\/audio>\n<p>&nbsp;<\/p>\n<hr \/>\n<p>&nbsp;<\/p>\n<p>&nbsp;<\/p>\n<h1><span style=\"color: #ff0000;\">I podcast informativi del mattino &#8211; video &#8211;\u00a0<\/span><\/h1>\n<h2><strong><a class=\"dt-pswp-item\" href=\"https:\/\/www.radiopiu.net\/wordpress\/wp-content\/uploads\/2023\/12\/th-10.jpg\" data-dt-img-description=\"\" data-large_image_width=\"245\" data-large_image_height=\"180\"><img loading=\"lazy\" decoding=\"async\" class=\" wp-image-367395 alignleft\" src=\"https:\/\/www.radiopiu.net\/wordpress\/wp-content\/uploads\/2023\/12\/th-10.jpg\" alt=\"\" width=\"166\" height=\"122\" \/><\/a>RASSEGNA STAMPA LOCALE, ORE OTTO 05<\/strong><\/h2>\n<h2><strong> <span style=\"color: #0000ff;\">viene\u00a0 <\/span><\/strong><strong><span style=\"color: #0000ff;\">pubblicata alle 8.05 <span style=\"color: #ff0000;\">DIRETTA RADIO\u00a0\u00a0<\/span><\/span><\/strong><\/h2>\n<p><strong>DI MIRKO MEZZACASA\u00a0 \u00a0<\/strong><\/p>\n<p><button class=\"rounded-lg text-token-text-secondary hover:bg-token-main-surface-secondary\"><strong>\u00a0<\/strong><\/button><\/p>\n<p><strong>Critiche e incidenti al campionato regionale allievi di ciclismo<\/strong><br \/>\n<strong><a class=\"dt-pswp-item\" href=\"https:\/\/www.radiopiu.net\/wordpress\/wp-content\/uploads\/2024\/06\/copertina-2.png\" data-dt-img-description=\"\" data-large_image_width=\"489\" data-large_image_height=\"300\"><img loading=\"lazy\" decoding=\"async\" class=\"size-medium wp-image-393682 alignleft\" src=\"https:\/\/www.radiopiu.net\/wordpress\/wp-content\/uploads\/2024\/06\/copertina-2-300x184.png\" alt=\"\" width=\"300\" height=\"184\" srcset=\"https:\/\/www.radiopiu.net\/wordpress\/wp-content\/uploads\/2024\/06\/copertina-2-300x184.png 300w, https:\/\/www.radiopiu.net\/wordpress\/wp-content\/uploads\/2024\/06\/copertina-2.png 489w\" sizes=\"auto, (max-width: 300px) 100vw, 300px\" \/><\/a>FONZASO<\/strong> Un corridore \u00e8 finito al pronto soccorso con la clavicola rotta, diverse cadute nel gruppo, un telaio spezzato e numerose forature lungo viale Fusinato.<br \/>\n<strong>BELLUNO<\/strong> Monsignor Renato Marangoni ha smascherato un inganno ai danni di don Severino Cecchin, ex parroco delle parrocchie feltrine di Pren, Lamen e Vignui.<br \/>\n<strong>SOSPIROL<\/strong>O Una coppia di Sospirolo ha querelato un uomo per stalking e si \u00e8 costituita parte civile per risarcimento danni. Gli atti persecutori, iniziati nel 2019<\/p>\n<p><strong>FRANE DI BORGO PRA\u2019 E DI VIA SAN FRANCESCO: IN VIA DI AFFIDAMENTO I CANTIERI PER LA MESSA IN SICUREZZA<\/strong><br \/>\n<strong>BELLUNO<\/strong> \u00c8 stato approvato il progetto esecutivo per la messa in sicurezza delle frane di Borgo Pra e di via San Francesco, con l&#8217;appalto dei lavori in via di definizione. Il costo totale delle opere \u00e8 di 380.000 euro<br \/>\n<strong>PERTOSSE: AUMENTO DEI CASI IN VENETO<\/strong><br \/>\n<strong>VENEZIA<\/strong> Dall&#8217;inizio dell&#8217;anno, il Veneto ha registrato un aumento dei casi di pertosse, in linea con quanto osservato in Italia e in Europa. L&#8217;Assessore alla Sanit\u00e0 ha dichiarato che la Direzione Prevenzione sta monitorando attentamente la situazione.<br \/>\n<strong>INFERMIERE DI FAMIGLIA O DI COMUNIT\u00c0, AL VIA LA FORMAZIONE DEL PERSONALE<\/strong><br \/>\n<strong>VENEZIA<\/strong> \u00c8 iniziata la formazione per l&#8217;istituzione dell&#8217;infermiere di famiglia o di comunit\u00e0 (IFoC) nelle Ulss del Veneto, una nuova figura professionale creata per rafforzare i servizi infermieristici e supportare persone fragili<br \/>\n<strong>BELLUNO<\/strong> l&#8217;associazione Ex Alunni del Liceo Tiziano annuncia per l&#8217;autunno un ciclo di incontri che uniscono temi attuali e classicit\u00e0, con un&#8217;anteprima sabato 15 giugno.<\/p>\n<h2><span style=\"color: #ff0000;\"><strong>VIDEO\u00a0 \u00a0in diretta dalle 8 del mattino\u00a0<\/strong><\/span><\/h2>\n<p><iframe loading=\"lazy\" title=\"DAL 1983 LA RASSEGNA STAMPA LOCALE:_SU RADIOPIU! di mirko mezzacasa\" width=\"1200\" height=\"675\" src=\"https:\/\/www.youtube.com\/embed\/ABztmAIyMCc?feature=oembed\" frameborder=\"0\" allow=\"accelerometer; autoplay; clipboard-write; encrypted-media; gyroscope; picture-in-picture; web-share\" referrerpolicy=\"strict-origin-when-cross-origin\" allowfullscreen><\/iframe><\/p>\n<p>&nbsp;<\/p>\n<hr \/>\n<p>&nbsp;<\/p>\n<p>&nbsp;<\/p>\n<p><strong><a class=\"dt-pswp-item\" href=\"https:\/\/www.radiopiu.net\/wordpress\/wp-content\/uploads\/2023\/12\/ANTENNA.png\" data-dt-img-description=\"\" data-large_image_width=\"300\" data-large_image_height=\"166\"><img loading=\"lazy\" decoding=\"async\" class=\" wp-image-366306 alignleft\" src=\"https:\/\/www.radiopiu.net\/wordpress\/wp-content\/uploads\/2023\/12\/ANTENNA.png\" alt=\"\" width=\"175\" height=\"97\" \/><\/a>IERI SERA, DAL TG DI ANTENNA 3, ogni sera alle 19 le anticipazioni alla radio, quello che poi seguirete nel TELEGIORNALE BELLUNESE\u00a0 in onda alle 19.30 sul CANALE 10 del digitale terrestre.\u00a0\u00a0<\/strong><\/p>\n<p>&nbsp;<\/p>\n<p><span style=\"color: #ff0000;\"><strong>\u00a0IERI SERA ALLA RADIO&#8230; LE ANTICIPAZIONI DI TIZIANA BOLOGNANI<\/strong><\/span><\/p>\n<audio class=\"wp-audio-shortcode\" id=\"audio-393515-5\" preload=\"none\" style=\"width: 100%;\" controls=\"controls\"><source type=\"audio\/mpeg\" src=\"https:\/\/www.radiopiu.net\/wordpress\/wp-content\/uploads\/2024\/06\/ANTENNA3-3.mp3?_=5\" \/><a href=\"https:\/\/www.radiopiu.net\/wordpress\/wp-content\/uploads\/2024\/06\/ANTENNA3-3.mp3\">https:\/\/www.radiopiu.net\/wordpress\/wp-content\/uploads\/2024\/06\/ANTENNA3-3.mp3<\/a><\/audio>\n<p>&nbsp;<\/p>\n<p>&nbsp;<\/p>\n<p>&nbsp;<\/p>\n<hr \/>\n<blockquote>\n<h4><strong style=\"color: #ff0000;\">E\u2019 morto Germano Perera, 82enne molto conosciuto a Feltre, dove risiedeva, era capogruppo degli alpini della frazione di Villabruna.\u00a0<\/strong><\/h4>\n<\/blockquote>\n<p><strong><a class=\"dt-pswp-item\" href=\"https:\/\/www.radiopiu.net\/wordpress\/wp-content\/uploads\/2024\/06\/Senza-nome-13.png\" data-dt-img-description=\"\" data-large_image_width=\"532\" data-large_image_height=\"407\"><img loading=\"lazy\" decoding=\"async\" class=\" wp-image-393679 alignleft\" src=\"https:\/\/www.radiopiu.net\/wordpress\/wp-content\/uploads\/2024\/06\/Senza-nome-13-300x230.png\" alt=\"\" width=\"211\" height=\"162\" srcset=\"https:\/\/www.radiopiu.net\/wordpress\/wp-content\/uploads\/2024\/06\/Senza-nome-13-300x230.png 300w, https:\/\/www.radiopiu.net\/wordpress\/wp-content\/uploads\/2024\/06\/Senza-nome-13.png 532w\" sizes=\"auto, (max-width: 211px) 100vw, 211px\" \/><\/a>FELTRE\u00a0 Germano Perera<\/strong> 82enne di Feltre \u00e8 morto all&#8217;ospedale di Treviso dove era\u00a0 stato trasportato in gravi condizioni. Attorno alle 13, la Centrale del 118 \u00e8 stata attivata per il mancato rientro dell&#8217;uomo, che si trovava a prendere legna con la motocarriola sul limitare del bosco in localit\u00e0 Fornaci di Villabruna. Non conoscendo inizialmente la posizione esatta, una squadra del Soccorso Alpino di Feltre si \u00e8 recata a casa dei familiari che avevano lanciato l&#8217;allarme, per poi dirigersi nella direzione indicata. Una volta sul posto, la squadra ha ritrovato l&#8217;anziano a terra, incosciente, con un probabile trauma cranico e ferite alle mani, probabilmente causate da una caduta nel tentativo di sorreggere la motocarriola, trovata ancora accesa. Subito \u00e8 stato richiesto l&#8217;intervento dell&#8217;elicottero del Suem di Pieve di Cadore, che \u00e8 atterrato nel prato vicino. Preso in carico dall&#8217;equipe sanitaria, all&#8217;uomo sono state prestate le prime cure urgenti. Caricato a bordo, \u00e8 stato immediatamente trasportato a Treviso<\/p>\n<p>&nbsp;<\/p>\n<p>&nbsp;<\/p>\n<hr \/>\n<p>&nbsp;<\/p>\n<p>&nbsp;<\/p>\n<p><img loading=\"lazy\" decoding=\"async\" class=\"alignleft\" src=\"https:\/\/www.radiopiu.net\/wordpress\/wp-content\/uploads\/2021\/10\/a0c568f4-8fef-4e1e-b203-57f1d1d0c1e7.jpg\" width=\"138\" height=\"103\" \/><strong>Cortina<\/strong> incidente stradale ieri alle 9.30, un uomo di 41 anni del posto \u00e8 stato trasferito al Codivilla in seguito ai danni riportati. Precedentemente l&#8217;elicottero s&#8217;\u00e8 alzato in volo per soccorrere un 63enne di Santo Stefano di Cadore ricoverato al San Martino.<\/p>\n<p>&nbsp;<\/p>\n<p>&nbsp;<\/p>\n<p>&nbsp;<\/p>\n<hr \/>\n<p>&nbsp;<\/p>\n<p>&nbsp;<\/p>\n<div class=\"page-title-head hgroup\">\n<blockquote>\n<h2 class=\"entry-title\">FRANCO, IMPRENDITORE ESEMPIO DI VITA<\/h2>\n<\/blockquote>\n<\/div>\n<div class=\"page-title-breadcrumbs\">\n<p><strong><img loading=\"lazy\" decoding=\"async\" class=\"alignleft\" src=\"https:\/\/www.radiopiu.net\/wordpress\/wp-content\/uploads\/2023\/04\/Senza-nome-3.png\" width=\"203\" height=\"116\" \/><\/strong><\/p>\n<p><strong>AGORDO<\/strong>\u00a0 Poco pi\u00f9 di un anno fa, da questa stessa pagina,\u00a0 fa salutavamo Giorgio, oggi l&#8217;ultimo saluto \u00e8 per\u00a0 Franco mancato a 82 anni. I\u00a0 Ganz rappresentano un pezzo di storia imprenditoriale di successo ad Agordo. Siamo di nuovo vicini alla famiglia Ganz, ai figli Dario e Marco e ai parenti, in questo momento di dolore e ricordo.<\/p>\n<p><span class=\"epigraph\">Ad annunciare la scomparsa di Franco Ganz<\/span>\u00a0i figli Dario con Moira e Andrea, Marco con Raffaella e Matteo, le sorelle Marina e Luciana, i cognati Gianni, Gemma e Alberto, i cugini, i nipoti ed i parenti tutti.\u00a0I funerali avranno luogo sabato 8 Giugno alle ore 14.30 nella Chiesa Arcidiaconale di Agordo. \u00a0I famigliari porgono un sentito ringraziamento a tutto il personale Medico e Infermieristico che lo ha seguito amorevolmente.<\/p>\n<p><em>Franco riposa in pace con Nada..\u00a0<\/em><\/p>\n<p>mirko<\/p>\n<p>&nbsp;<\/p>\n<p><strong>\u00a0<\/strong><\/p>\n<p>&nbsp;<\/p>\n<\/div>\n<p>&nbsp;<\/p>\n<hr \/>\n<p>&nbsp;<\/p>\n<blockquote>\n<h3>ELEZIONI COMUNALI A ROCCA PIETORE: PAROLA AI CANDIDATI<\/h3>\n<\/blockquote>\n<p><strong>ROCCA PIETORE<\/strong><\/p>\n<p>DI GIANNI SANTOMASO<\/p>\n<p><strong><a class=\"dt-pswp-item\" href=\"https:\/\/www.radiopiu.net\/wordpress\/wp-content\/uploads\/2024\/06\/VALERIO-DAVARE.png\" data-dt-img-description=\"\" data-large_image_width=\"513\" data-large_image_height=\"495\"><img loading=\"lazy\" decoding=\"async\" class=\" wp-image-393708 alignleft\" src=\"https:\/\/www.radiopiu.net\/wordpress\/wp-content\/uploads\/2024\/06\/VALERIO-DAVARE-300x289.png\" alt=\"\" width=\"126\" height=\"121\" srcset=\"https:\/\/www.radiopiu.net\/wordpress\/wp-content\/uploads\/2024\/06\/VALERIO-DAVARE-300x289.png 300w, https:\/\/www.radiopiu.net\/wordpress\/wp-content\/uploads\/2024\/06\/VALERIO-DAVARE.png 513w\" sizes=\"auto, (max-width: 126px) 100vw, 126px\" \/><\/a>INTERVISTA A VALERIO DAVARE<\/strong><\/p>\n<audio class=\"wp-audio-shortcode\" id=\"audio-393515-6\" preload=\"none\" style=\"width: 100%;\" controls=\"controls\"><source type=\"audio\/mpeg\" src=\"https:\/\/www.radiopiu.net\/wordpress\/wp-content\/uploads\/2024\/06\/GIANNI-VALERIO-DAVARE.mp3?_=6\" \/><a href=\"https:\/\/www.radiopiu.net\/wordpress\/wp-content\/uploads\/2024\/06\/GIANNI-VALERIO-DAVARE.mp3\">https:\/\/www.radiopiu.net\/wordpress\/wp-content\/uploads\/2024\/06\/GIANNI-VALERIO-DAVARE.mp3<\/a><\/audio>\n<p>&nbsp;<\/p>\n<p><strong><a class=\"dt-pswp-item\" href=\"https:\/\/www.radiopiu.net\/wordpress\/wp-content\/uploads\/2024\/06\/ALESSANDRO-DARMAN.jpg\" data-dt-img-description=\"\" data-large_image_width=\"962\" data-large_image_height=\"1080\"><img loading=\"lazy\" decoding=\"async\" class=\"wp-image-393709 alignleft\" src=\"https:\/\/www.radiopiu.net\/wordpress\/wp-content\/uploads\/2024\/06\/ALESSANDRO-DARMAN-267x300.jpg\" alt=\"\" width=\"131\" height=\"148\" srcset=\"https:\/\/www.radiopiu.net\/wordpress\/wp-content\/uploads\/2024\/06\/ALESSANDRO-DARMAN-267x300.jpg 267w, https:\/\/www.radiopiu.net\/wordpress\/wp-content\/uploads\/2024\/06\/ALESSANDRO-DARMAN-912x1024.jpg 912w, https:\/\/www.radiopiu.net\/wordpress\/wp-content\/uploads\/2024\/06\/ALESSANDRO-DARMAN-768x862.jpg 768w, https:\/\/www.radiopiu.net\/wordpress\/wp-content\/uploads\/2024\/06\/ALESSANDRO-DARMAN.jpg 962w\" sizes=\"auto, (max-width: 131px) 100vw, 131px\" \/><\/a>INTERVISTA AD ALESSANDRO DARMAN<\/strong><\/p>\n<audio class=\"wp-audio-shortcode\" id=\"audio-393515-7\" preload=\"none\" style=\"width: 100%;\" controls=\"controls\"><source type=\"audio\/mpeg\" src=\"https:\/\/www.radiopiu.net\/wordpress\/wp-content\/uploads\/2024\/06\/GIANNI-ALESSANDRO-DARMAN.mp3?_=7\" \/><a href=\"https:\/\/www.radiopiu.net\/wordpress\/wp-content\/uploads\/2024\/06\/GIANNI-ALESSANDRO-DARMAN.mp3\">https:\/\/www.radiopiu.net\/wordpress\/wp-content\/uploads\/2024\/06\/GIANNI-ALESSANDRO-DARMAN.mp3<\/a><\/audio>\n<p>&nbsp;<\/p>\n<hr \/>\n<p>&nbsp;<\/p>\n<blockquote>\n<h3>Critiche e incidenti al campionato regionale allievi di ciclismo<\/h3>\n<\/blockquote>\n<p><strong>FONZASO<\/strong> Un corridore \u00e8 finito al pronto soccorso con la clavicola rotta, diverse cadute nel gruppo, un telaio spezzato e numerose forature lungo viale Fusinato. Dopo l&#8217;adrenalina della gara, sono piovute critiche sull&#8217;Uc Foen Mictu per come si \u00e8 svolto il campionato regionale allievi di ciclismo di domenica. La colpa \u00e8 stata attribuita alle pessime condizioni del manto stradale di viale Fusinato e della discesa di Cart. Nonostante mesi di preparazione, l&#8217;organizzazione dell&#8217;Uc Foen \u00e8 stata oscurata dai problemi ereditati dai lavori stradali. Alfonso Scopel, dirigente dell&#8217;Uc Foen, <em>dal quotidiano Corriere delle Alpi<\/em> ha espresso il suo rammarico, sperando che questo incidente non comprometta future edizioni.<\/p>\n<p>&nbsp;<\/p>\n<hr \/>\n<p>&nbsp;<\/p>\n<p>&nbsp;<\/p>\n<blockquote>\n<h3><span style=\"color: #ff0000;\">PROVINCIALE 20: VENETO STRADE SI SMARCA, ENEL DOVE SEI?<\/span><\/h3>\n<\/blockquote>\n<p><strong>SELVA DI CADORE<\/strong> In una nota Veneto Strade precisa che le pratiche per l&#8217;illuminazione delle gallerie lungo la provinciale 20 (per la cabina Enel) sono state evase. Coinvolti diversi enti, anche la Regola di Colle Santa Lucia che ha accettato l&#8217;esproprio. Enel \u00e8 in possesso di tutta la documentazione quindi&#8230;<\/p>\n<p>&nbsp;<\/p>\n<p>&nbsp;<\/p>\n<hr \/>\n<p>&nbsp;<\/p>\n<p><strong>GIUDIZIARIA OGGI, DAL CORRIERE DELLE ALPI<\/strong><\/p>\n<p>DI GIGI SOSSO<\/p>\n<h3>Il Vescovo Smarca il Raggiro ai Danni di un Prete<\/h3>\n<p><strong>BELLUNO<\/strong> Monsignor Renato Marangoni ha smascherato un inganno ai danni di don Severino Cecchin, ex parroco delle parrocchie feltrine di Pren, Lamen e Vignui. L&#8217;inganno ha portato alla sottrazione di almeno 42.000 euro. Una coppia \u00e8 stata portata in tribunale con l&#8217;accusa di circonvenzione d&#8217;incapace. Don Cecchin, non costituendosi parte civile, non riavr\u00e0 i soldi persi. Il Vescovo Marangoni ha testimoniato che don Severino era stato ingannato per denaro destinato a un presunto aborto.\u00a0 In passato, don Cecchin era stato gi\u00e0 truffato per 8.200 euro.<\/p>\n<h3>Pacchetto di Wurstel con la Scritta &#8220;Ladroni&#8221; nel Giardino dei Vicini<\/h3>\n<p><strong>SOSPIROLO<\/strong> Una coppia di Sospirolo ha querelato un uomo per stalking e si \u00e8 costituita parte civile per risarcimento danni. Gli atti persecutori, iniziati nel 2019, sono proseguiti fino a novembre 2022. Tra le accuse, minacce, insulti, cartelloni con scritte offensive e lanci di oggetti, tra cui un pacchetto di wurstel e una tavola di legno.\u00a0La coppia nega le accuse e riferisce di insulti giornalieri, minacce con una scopa, e accuse di abusi edilizi. Il processo continuer\u00e0 il 20 settembre.<\/p>\n<p>&nbsp;<\/p>\n<p>&nbsp;<\/p>\n<hr \/>\n<p>&nbsp;<\/p>\n<blockquote>\n<h3>FRANE DI BORGO PRA\u2019 E DI VIA SAN FRANCESCO: IN VIA DI AFFIDAMENTO I CANTIERI PER LA MESSA IN SICUREZZA<\/h3>\n<\/blockquote>\n<p><strong><a class=\"dt-pswp-item\" href=\"https:\/\/www.radiopiu.net\/wordpress\/wp-content\/uploads\/2022\/12\/PALAZZO-ROSSO.png\" data-dt-img-description=\"\" data-large_image_width=\"2076\" data-large_image_height=\"1328\"><img loading=\"lazy\" decoding=\"async\" class=\" wp-image-313801 alignleft\" src=\"https:\/\/www.radiopiu.net\/wordpress\/wp-content\/uploads\/2022\/12\/PALAZZO-ROSSO-300x192.png\" alt=\"\" width=\"169\" height=\"108\" srcset=\"https:\/\/www.radiopiu.net\/wordpress\/wp-content\/uploads\/2022\/12\/PALAZZO-ROSSO-300x192.png 300w, https:\/\/www.radiopiu.net\/wordpress\/wp-content\/uploads\/2022\/12\/PALAZZO-ROSSO-1024x655.png 1024w, https:\/\/www.radiopiu.net\/wordpress\/wp-content\/uploads\/2022\/12\/PALAZZO-ROSSO-768x491.png 768w, https:\/\/www.radiopiu.net\/wordpress\/wp-content\/uploads\/2022\/12\/PALAZZO-ROSSO-1536x983.png 1536w, https:\/\/www.radiopiu.net\/wordpress\/wp-content\/uploads\/2022\/12\/PALAZZO-ROSSO-2048x1310.png 2048w\" sizes=\"auto, (max-width: 169px) 100vw, 169px\" \/><\/a>BELLUNO<\/strong> \u00c8 stato approvato il progetto esecutivo per la messa in sicurezza delle frane di Borgo Pra e di via San Francesco, con l&#8217;appalto dei lavori in via di definizione. Il costo totale delle opere \u00e8 di 380.000 euro, finanziati con fondi statali ex PNRR, con 142.079 euro destinati a Borgo Pra e 120.934 euro a via San Francesco. Le frane, peggiorate negli anni e causate da condizioni idrogeologiche e piogge intense, richiedono interventi urgenti. Le opere previste includono la pulizia della vegetazione, la rimozione del materiale instabile e l&#8217;installazione di reti metalliche e biostuoie per stabilizzare i terreni e favorire la crescita vegetativa.<\/p>\n<p>&nbsp;<\/p>\n<p>&nbsp;<\/p>\n<hr \/>\n<p>&nbsp;<\/p>\n<blockquote>\n<h3>ACQUA INQUINATA\u00a0 DA CENCENIGHE A LIVINALLONGO<\/h3>\n<\/blockquote>\n<p><strong><img loading=\"lazy\" decoding=\"async\" class=\"alignleft\" src=\"https:\/\/www.radiopiu.net\/wordpress\/wp-content\/uploads\/2024\/05\/cantiere-municipio-Livinallongo-scaled.jpg\" width=\"231\" height=\"104\" \/>LIVINALLONGO DEL COL DI LANA<\/strong> in localit\u00e0 COLLAZ l&#8217;acqua erogata dall&#8217;acquedotto non \u00e8 potabile e non pu\u00f2 essere usata per scopi alimentari.<\/p>\n<p><strong>CENCENIGHE<\/strong> in localit\u00e0 COLLAZ E PRADIMEZZO l&#8217;acqua erogata dall&#8217;acquedotto non \u00e8 potabile e non pu\u00f2 essere usata per scopi alimentari. Verr\u00e0 effettuato servizio sostitutivo con cisterna in Piazza localit\u00e0 Collaz e Pradimezzo<\/p>\n<p><strong>SAN TOMASO AGORDINO<\/strong> nelle localit\u00e0 PIANEZZE, VALLATA, VAL, MEZZAVALLE, COSTA DI MEZZO E PIAN MOLIN l&#8217;acqua erogata dall&#8217;acquedotto \u00e8 di nuovo potabile e pu\u00f2 essere usata, quindi, per scopi alimentari.<\/p>\n<p>&nbsp;<\/p>\n<hr \/>\n<blockquote>\n<h1><strong>\u00a0<\/strong><\/h1>\n<h1><strong>i lavori sulla rete ferroviaria<\/strong><\/h1>\n<\/blockquote>\n<p><strong>BELLUNO\u00a0<\/strong> La circolazione dei treni sar\u00e0 sospesa da domenica 9 giugno al 14 dicembre 2024 sulla linea Feltre-Belluno, mentre dal 9 giugno al 7 settembre la sospensione riguarder\u00e0 le stazioni di Treviso e Montebelluna.<\/p>\n<p>&nbsp;<\/p>\n<p><strong><a class=\"dt-pswp-item\" href=\"https:\/\/www.radiopiu.net\/wordpress\/wp-content\/uploads\/2023\/12\/ANTENNA.png\" data-dt-img-description=\"\" data-large_image_width=\"300\" data-large_image_height=\"166\"><img loading=\"lazy\" decoding=\"async\" class=\" wp-image-366306 alignleft\" src=\"https:\/\/www.radiopiu.net\/wordpress\/wp-content\/uploads\/2023\/12\/ANTENNA.png\" alt=\"\" width=\"175\" height=\"97\" \/><\/a>IERI SERA, DAL TG DI ANTENNA 3, ogni sera alle 19 le anticipazioni alla radio, quello che poi seguirete nel TELEGIORNALE BELLUNESE\u00a0 in onda alle 19.30 sul CANALE 10 del digitale terrestre.\u00a0\u00a0<\/strong><\/p>\n<p>&nbsp;<\/p>\n<h3>COMELICO SUPERIORE | TRENI FERMI E TAGLI ALLE CORSE BUS PER IL COMELICO: RABBIA FRA GLI UTENTI<\/h3>\n<p>di TIZIANA BOLOGNANI<\/p>\n<p><iframe loading=\"lazy\" title=\"TRENI FERMI E TAGLI ALLE CORSE BUS PER IL COMELICO: RABBIA FRA GLI UTENTI | 06\/06\/2024\" width=\"1200\" height=\"675\" src=\"https:\/\/www.youtube.com\/embed\/wRUhd-R0pRo?start=9&#038;feature=oembed\" frameborder=\"0\" allow=\"accelerometer; autoplay; clipboard-write; encrypted-media; gyroscope; picture-in-picture; web-share\" referrerpolicy=\"strict-origin-when-cross-origin\" allowfullscreen><\/iframe><\/p>\n<p>&nbsp;<\/p>\n<hr \/>\n<p>&nbsp;<\/p>\n<blockquote>\n<h3>PERTOSSE: AUMENTO DEI CASI IN VENETO<\/h3>\n<\/blockquote>\n<p><strong><a class=\"dt-pswp-item\" href=\"https:\/\/www.radiopiu.net\/wordpress\/wp-content\/uploads\/2023\/08\/Cambio_medico.jpg\" data-dt-img-description=\"\" data-large_image_width=\"1323\" data-large_image_height=\"954\"><img loading=\"lazy\" decoding=\"async\" class=\" wp-image-347008 alignleft\" src=\"https:\/\/www.radiopiu.net\/wordpress\/wp-content\/uploads\/2023\/08\/Cambio_medico-300x216.jpg\" alt=\"\" width=\"157\" height=\"113\" srcset=\"https:\/\/www.radiopiu.net\/wordpress\/wp-content\/uploads\/2023\/08\/Cambio_medico-300x216.jpg 300w, https:\/\/www.radiopiu.net\/wordpress\/wp-content\/uploads\/2023\/08\/Cambio_medico-1024x738.jpg 1024w, https:\/\/www.radiopiu.net\/wordpress\/wp-content\/uploads\/2023\/08\/Cambio_medico-768x554.jpg 768w, https:\/\/www.radiopiu.net\/wordpress\/wp-content\/uploads\/2023\/08\/Cambio_medico.jpg 1323w\" sizes=\"auto, (max-width: 157px) 100vw, 157px\" \/><\/a>VENEZIA<\/strong> Dall&#8217;inizio dell&#8217;anno, il Veneto ha registrato un aumento dei casi di pertosse, in linea con quanto osservato in Italia e in Europa. L&#8217;Assessore alla Sanit\u00e0 ha dichiarato che la Direzione Prevenzione sta monitorando attentamente la situazione. Dal 1 gennaio al 31 maggio 2024, sono stati notificati 643 casi in Veneto, con la maggior parte (553) tra i minori di 14 anni. Ci sono stati 26 ricoveri ospedalieri, di cui 20 in bambini sotto i 9 mesi non completamente vaccinati e 4 in bambini pi\u00f9 grandi non in regola con il calendario vaccinale. I casi gravi tra i neonati coinvolgevano bambini nati da madri non vaccinate durante la gravidanza. Inoltre, sono stati segnalati 16 casi tra persone sopra i 65 anni. La pertosse, malattia infettiva con sintomi variabili, pu\u00f2 risultare particolarmente grave nei bambini piccoli e in individui con condizioni di rischio.<\/p>\n<p>&nbsp;<\/p>\n<p>&nbsp;<\/p>\n<hr \/>\n<p>&nbsp;<\/p>\n<blockquote>\n<h3 class=\"titolonews\">INFERMIERE DI FAMIGLIA O DI COMUNIT\u00c0, AL VIA LA FORMAZIONE DEL PERSONALE<\/h3>\n<\/blockquote>\n<p><strong><a class=\"dt-pswp-item\" href=\"https:\/\/www.radiopiu.net\/wordpress\/wp-content\/uploads\/2021\/11\/INFERMIERE-OSS.png\" data-dt-img-description=\"\" data-large_image_width=\"1784\" data-large_image_height=\"1068\"><img loading=\"lazy\" decoding=\"async\" class=\" wp-image-242263 alignleft\" src=\"https:\/\/www.radiopiu.net\/wordpress\/wp-content\/uploads\/2021\/11\/INFERMIERE-OSS-300x180.png\" alt=\"\" width=\"190\" height=\"114\" srcset=\"https:\/\/www.radiopiu.net\/wordpress\/wp-content\/uploads\/2021\/11\/INFERMIERE-OSS-300x180.png 300w, https:\/\/www.radiopiu.net\/wordpress\/wp-content\/uploads\/2021\/11\/INFERMIERE-OSS-1024x613.png 1024w, https:\/\/www.radiopiu.net\/wordpress\/wp-content\/uploads\/2021\/11\/INFERMIERE-OSS-768x460.png 768w, https:\/\/www.radiopiu.net\/wordpress\/wp-content\/uploads\/2021\/11\/INFERMIERE-OSS-1536x920.png 1536w, https:\/\/www.radiopiu.net\/wordpress\/wp-content\/uploads\/2021\/11\/INFERMIERE-OSS.png 1784w\" sizes=\"auto, (max-width: 190px) 100vw, 190px\" \/><\/a>VENEZIA<\/strong> \u00c8 iniziata la formazione per l&#8217;istituzione dell&#8217;infermiere di famiglia o di comunit\u00e0 (IFoC) nelle Ulss del Veneto, una nuova figura professionale creata per rafforzare i servizi infermieristici e supportare persone fragili, con malattie croniche, disabilit\u00e0, disturbi mentali, dipendenze patologiche, non autosufficienti o con bisogni di cure palliative. Il personale lavorer\u00e0 nelle nuove Case di Comunit\u00e0, previste dalla Missione 6 Salute del PNRR. La formazione, organizzata dalla Fondazione Scuola di Sanit\u00e0 Pubblica, coinvolge circa 2000 infermieri e include 100 ore di teoria online e 100 ore di pratica sul campo, con l&#8217;obiettivo di preparare professionisti con una conoscenza approfondita del sistema sanitario e sociale per rispondere efficacemente ai bisogni della comunit\u00e0.<\/p>\n<p>&nbsp;<\/p>\n<p>&nbsp;<\/p>\n<hr \/>\n<p>&nbsp;<\/p>\n<blockquote>\n<h1>Prender\u00e0 il via in autunno il ciclo di incontri promossi dall&#8217;associazione Ex Alunni del Liceo Tiziano<\/h1>\n<\/blockquote>\n<p><img loading=\"lazy\" decoding=\"async\" class=\"alignleft\" src=\"https:\/\/www.radiopiu.net\/wordpress\/wp-content\/uploads\/2024\/06\/f828ca04-fe14-40da-a788-977a2cee55df.jpg\" width=\"144\" height=\"204\" \/><\/p>\n<div class=\"flex flex-grow flex-col max-w-full\">\n<div class=\"min-h-[20px] text-message flex flex-col items-start whitespace-pre-wrap break-words [.text-message+&amp;]:mt-5 juice:w-full juice:items-end overflow-x-auto gap-2\" dir=\"auto\" data-message-author-role=\"assistant\" data-message-id=\"747a6c1c-da3b-4b8f-9834-4978dd286fe6\">\n<div class=\"flex w-full flex-col gap-1 juice:empty:hidden juice:first:pt-[3px]\">\n<div class=\"markdown prose w-full break-words dark:prose-invert dark\">\n<p><em>A Belluno, l&#8217;associazione Ex Alunni del Liceo Tiziano annuncia per l&#8217;autunno un ciclo di incontri che uniscono temi attuali e classicit\u00e0, con un&#8217;anteprima sabato 15 giugno.<\/em><\/p>\n<\/div>\n<\/div>\n<\/div>\n<\/div>\n<div class=\"mt-1 flex gap-3 empty:hidden juice:-ml-3\">\n<div class=\"items-center justify-start rounded-xl p-1 flex\">\n<div class=\"flex items-center\"><button class=\"rounded-lg text-token-text-secondary hover:bg-token-main-surface-secondary\">\u00a0 <\/button><\/div>\n<div class=\"flex items-center\"><button class=\"rounded-lg text-token-text-secondary hover:bg-token-main-surface-secondary\">\u00a0<\/button><\/div>\n<div class=\"flex items-center\"><button class=\"rounded-lg text-token-text-secondary hover:bg-token-main-surface-secondary\">\u00a0<\/button><\/div>\n<div class=\"flex items-center\"><button class=\"rounded-lg text-token-text-secondary hover:bg-token-main-surface-secondary\">\u00a0<\/button><\/div>\n<div class=\"flex items-center\"><button class=\"rounded-lg text-token-text-secondary hover:bg-token-main-surface-secondary\">\u00a0<\/button><\/div>\n<div class=\"flex items-center\"><button class=\"rounded-lg text-token-text-secondary hover:bg-token-main-surface-secondary\">\u00a0<\/button><\/div>\n<div class=\"flex items-center\"><button class=\"rounded-lg text-token-text-secondary hover:bg-token-main-surface-secondary\">\u00a0<\/button><\/div>\n<div class=\"flex items-center\"><button class=\"rounded-lg text-token-text-secondary hover:bg-token-main-surface-secondary\">\u00a0<\/button><\/div>\n<div class=\"flex items-center\"><button class=\"rounded-lg text-token-text-secondary hover:bg-token-main-surface-secondary\">DI DANIELE DALVIT<\/button><\/div>\n<div class=\"flex items-center\">\n<div class=\"flex items-center pb-0.5 juice:pb-0\">\n<div class=\"[&amp;_svg]:h-full [&amp;_svg]:w-full icon-md h-4 w-4\"><\/div>\n<div>\n<audio class=\"wp-audio-shortcode\" id=\"audio-393515-8\" preload=\"none\" style=\"width: 100%;\" controls=\"controls\"><source type=\"audio\/mpeg\" src=\"https:\/\/www.radiopiu.net\/wordpress\/wp-content\/uploads\/2024\/06\/Radio-Piu-Servizio-Incontro-IA-ex-Alunni-Tiziano.mp3?_=8\" \/><a href=\"https:\/\/www.radiopiu.net\/wordpress\/wp-content\/uploads\/2024\/06\/Radio-Piu-Servizio-Incontro-IA-ex-Alunni-Tiziano.mp3\">https:\/\/www.radiopiu.net\/wordpress\/wp-content\/uploads\/2024\/06\/Radio-Piu-Servizio-Incontro-IA-ex-Alunni-Tiziano.mp3<\/a><\/audio>\n<p>&nbsp;<\/p>\n<p>&nbsp;<\/p>\n<hr \/>\n<p>&nbsp;<\/p>\n<p>&nbsp;<\/p>\n<blockquote>\n<h3><a class=\"dt-pswp-item\" href=\"https:\/\/www.radiopiu.net\/wordpress\/wp-content\/uploads\/2024\/06\/IMG20240531092020-1-scaled.jpg\" data-dt-img-description=\"\" data-large_image_width=\"2560\" data-large_image_height=\"1722\"><img loading=\"lazy\" decoding=\"async\" class=\"size-medium wp-image-393644 alignleft\" src=\"https:\/\/www.radiopiu.net\/wordpress\/wp-content\/uploads\/2024\/06\/IMG20240531092020-1-300x202.jpg\" alt=\"\" width=\"300\" height=\"202\" srcset=\"https:\/\/www.radiopiu.net\/wordpress\/wp-content\/uploads\/2024\/06\/IMG20240531092020-1-300x202.jpg 300w, https:\/\/www.radiopiu.net\/wordpress\/wp-content\/uploads\/2024\/06\/IMG20240531092020-1-1024x689.jpg 1024w, https:\/\/www.radiopiu.net\/wordpress\/wp-content\/uploads\/2024\/06\/IMG20240531092020-1-768x517.jpg 768w, https:\/\/www.radiopiu.net\/wordpress\/wp-content\/uploads\/2024\/06\/IMG20240531092020-1-1536x1033.jpg 1536w, https:\/\/www.radiopiu.net\/wordpress\/wp-content\/uploads\/2024\/06\/IMG20240531092020-1-2048x1378.jpg 2048w\" sizes=\"auto, (max-width: 300px) 100vw, 300px\" \/><\/a>Consegna delle borse di studio alla Scuola Primaria di Falcade<\/h3>\n<\/blockquote>\n<p><strong>FALCADE\u00a0<\/strong> Venerd\u00ec 31 maggio 2024, presso la Scuola Primaria &#8220;Padre Felice Cappello&#8221; di Falcade, il Presidente del Circolo del 51, Gen. S.A. Mirco Zuliani, e il Comandante del 51\u00b0 Stormo Caccia, Col. Pil. Emanuele Chiadroni, hanno consegnato due borse di studio a studenti meritevoli. La cerimonia ha visto la partecipazione del Sindaco di Falcade, Mauro Salvaterra, del Vicario del Dirigente Scolastico, dott.ssa Maria Jos\u00e9 Gaiardo, docenti, genitori e alunni. Il Sindaco ha sottolineato il forte legame con il 51\u00b0 Stormo, evidenziando progetti condivisi. Il Gen. Zuliani ha spiegato che le borse di studio mirano a sostenere l&#8217;impegno scolastico degli studenti.<\/p>\n<div class=\"mt-1 flex gap-3 empty:hidden juice:-ml-3\">\n<div class=\"items-center justify-start rounded-xl p-1 flex\">\n<div class=\"flex items-center\">\n<div class=\"flex items-center pb-0.5 juice:pb-0\">\n<div class=\"[&amp;_svg]:h-full [&amp;_svg]:w-full icon-md h-4 w-4\"><\/div>\n<div><\/div>\n<div>\n<hr \/>\n<\/div>\n<blockquote>\n<h3>A TREVISO PRIMO EVENTO DELLA TRE GIORNI DI GENERAZIONE2026: I MOMENTI SALIENTI, LE FORTI EMOZIONI.<\/h3>\n<\/blockquote>\n<div>\n<p><span style=\"color: #404040;\"><a class=\"dt-pswp-item\" href=\"https:\/\/www.radiopiu.net\/wordpress\/wp-content\/uploads\/2024\/06\/2e00e57f-306a-4792-9e20-00f2c1580a98.jpg\" data-dt-img-description=\"\" data-large_image_width=\"2048\" data-large_image_height=\"1536\"><img loading=\"lazy\" decoding=\"async\" class=\" wp-image-393665 alignleft\" src=\"https:\/\/www.radiopiu.net\/wordpress\/wp-content\/uploads\/2024\/06\/2e00e57f-306a-4792-9e20-00f2c1580a98-300x225.jpg\" alt=\"\" width=\"247\" height=\"185\" srcset=\"https:\/\/www.radiopiu.net\/wordpress\/wp-content\/uploads\/2024\/06\/2e00e57f-306a-4792-9e20-00f2c1580a98-300x225.jpg 300w, https:\/\/www.radiopiu.net\/wordpress\/wp-content\/uploads\/2024\/06\/2e00e57f-306a-4792-9e20-00f2c1580a98-1024x768.jpg 1024w, https:\/\/www.radiopiu.net\/wordpress\/wp-content\/uploads\/2024\/06\/2e00e57f-306a-4792-9e20-00f2c1580a98-768x576.jpg 768w, https:\/\/www.radiopiu.net\/wordpress\/wp-content\/uploads\/2024\/06\/2e00e57f-306a-4792-9e20-00f2c1580a98-1536x1152.jpg 1536w, https:\/\/www.radiopiu.net\/wordpress\/wp-content\/uploads\/2024\/06\/2e00e57f-306a-4792-9e20-00f2c1580a98.jpg 2048w\" sizes=\"auto, (max-width: 247px) 100vw, 247px\" \/><\/a> <span style=\"font-family: Avenir Next LT Pro, serif;\"><span style=\"font-size: small;\">E\u2019 iniziata, ieri, la prima delle tre giornate di GenerAZIONE2026. Ad avviare l\u2019evento, le note della Fanfara dei Carabinieri del III Reggimento Carabinieri Lombardia &#8211; Milano, in occasione del 210\u00b0 anniversario di fondazione dell\u2019Arma dei Carabinieri. La citt\u00e0 \u00e8 stata coinvolta nella presentazione della sede camerale &#8220;vestita Milano Cortina 2026&#8221;.\u00a0 <\/span><\/span><\/span><span style=\"font-family: Avenir Next LT Pro, serif;\"><span style=\"font-size: small;\">l Presidente della Camera di Commercio di Treviso \u2013 Belluno|Dolomiti <\/span><\/span><span style=\"font-family: Avenir Next LT Pro, serif;\"><span style=\"font-size: small;\"><b>Mario Pozza<\/b><\/span><\/span><span style=\"font-family: Avenir Next LT Pro, serif;\"><span style=\"font-size: small;\"> ha dato il benvenuto alla delegazione della FICTS evidenziando l\u2019importanza di mettere al centro i giovani, futuri protagonisti del buon fare impresa. Costruire attorno a loro &#8211; un evento di tale portata, con GenerAZIONE2026 &#8211; ha evidenziato &#8211; \u00e8 espressione di attenzione e di pianificazione vincente. Sono intervenuti: <\/span><\/span><span style=\"font-family: Avenir Next LT Pro, serif;\"><span style=\"font-size: small;\"><b>Andrea Dovizioso<\/b><\/span><\/span><span style=\"font-family: Avenir Next LT Pro, serif;\"><span style=\"font-size: small;\">: Pilota motociclistico, <\/span><\/span><span style=\"font-family: Avenir Next LT Pro, serif;\"><span style=\"font-size: small;\"><b>Daniele Orsato<\/b><\/span><\/span><span style=\"font-family: Avenir Next LT Pro, serif;\"><span style=\"font-size: small;\">: Arbitro di calcio, <strong>P<\/strong><\/span><\/span><span style=\"font-family: Avenir Next LT Pro, serif;\"><span style=\"font-size: small;\"><b>rosecco Doc Imoco Volley Conegliano; <\/b><\/span><\/span><span style=\"font-family: Avenir Next LT Pro, serif;\"><span style=\"font-size: small;\"><b>Pasquale Gravina<\/b><\/span><\/span><span style=\"font-family: Avenir Next LT Pro, serif;\"><span style=\"font-size: small;\">: Grandissimo campione di pallavolo, <\/span><\/span><span style=\"font-family: Avenir Next LT Pro, serif;\"><span style=\"font-size: small;\"><b>Giada Rossi<\/b><\/span><\/span><span style=\"font-family: Avenir Next LT Pro, serif;\"><span style=\"font-size: small;\">: Uno dei talenti pi\u00f9 cristallini del tennistavolo <\/span><\/span><span style=\"font-family: Avenir Next LT Pro, serif;\"><span style=\"font-size: small;\">paralitico, <\/span><\/span><span style=\"font-family: Avenir Next LT Pro, serif;\"><span style=\"font-size: small;\"><b>Veronica Toniolo<\/b><\/span><\/span><span style=\"font-family: Avenir Next LT Pro, serif;\"><span style=\"font-size: small;\">: Judoka pluridecorata,\u00a0<\/span><\/span><\/p>\n<p>&nbsp;<\/p>\n<\/div>\n<div>\n<p>&nbsp;<\/p>\n<p>I campioni <strong>Giada Ross<\/strong>i, <strong>Orsato Gravina,\u00a0 Toniolo<\/strong><\/p>\n\n\t\t\t<style type='text\/css'>\n\t\t\t\t#gallery-1 {\n\t\t\t\t\tmargin: auto;\n\t\t\t\t}\n\t\t\t\t#gallery-1 .gallery-item {\n\t\t\t\t\tfloat: left;\n\t\t\t\t\tmargin-top: 10px;\n\t\t\t\t\ttext-align: center;\n\t\t\t\t\twidth: 25%;\n\t\t\t\t}\n\t\t\t\t#gallery-1 img {\n\t\t\t\t\tborder: 2px solid #cfcfcf;\n\t\t\t\t}\n\t\t\t\t#gallery-1 .gallery-caption {\n\t\t\t\t\tmargin-left: 0;\n\t\t\t\t}\n\t\t\t\t\/* see gallery_shortcode() in wp-includes\/media.php *\/\n\t\t\t<\/style>\n\t\t<div id='gallery-1' class='dt-gallery-container gallery galleryid-393515 gallery-columns-4 gallery-size-thumbnail'><dl class='gallery-item'>\n\t\t\t\t<dt class='gallery-icon landscape'>\n\t\t\t\t\t<a class=\"rollover rollover-zoom dt-pswp-item\" title=\"9ead4283-90a3-47a1-ae80-1062c18af4de\" data-dt-img-description=\"\" data-large_image_width=\"2048\" data-large_image_height=\"1152\"href='https:\/\/www.radiopiu.net\/wordpress\/wp-content\/uploads\/2024\/06\/9ead4283-90a3-47a1-ae80-1062c18af4de.jpg'><img loading=\"lazy\" decoding=\"async\" width=\"150\" height=\"150\" src=\"https:\/\/www.radiopiu.net\/wordpress\/wp-content\/uploads\/2024\/06\/9ead4283-90a3-47a1-ae80-1062c18af4de-150x150.jpg\" class=\"attachment-thumbnail size-thumbnail\" alt=\"\" \/><\/a>\n\t\t\t\t<\/dt><\/dl><dl class='gallery-item'>\n\t\t\t\t<dt class='gallery-icon landscape'>\n\t\t\t\t\t<a class=\"rollover rollover-zoom dt-pswp-item\" title=\"3ea21ad1-cfcd-438d-93d5-d9b9d367f7f6\" data-dt-img-description=\"\" data-large_image_width=\"2048\" data-large_image_height=\"1152\"href='https:\/\/www.radiopiu.net\/wordpress\/wp-content\/uploads\/2024\/06\/3ea21ad1-cfcd-438d-93d5-d9b9d367f7f6.jpg'><img loading=\"lazy\" decoding=\"async\" width=\"150\" height=\"150\" src=\"https:\/\/www.radiopiu.net\/wordpress\/wp-content\/uploads\/2024\/06\/3ea21ad1-cfcd-438d-93d5-d9b9d367f7f6-150x150.jpg\" class=\"attachment-thumbnail size-thumbnail\" alt=\"\" \/><\/a>\n\t\t\t\t<\/dt><\/dl><dl class='gallery-item'>\n\t\t\t\t<dt class='gallery-icon landscape'>\n\t\t\t\t\t<a class=\"rollover rollover-zoom dt-pswp-item\" title=\"8e08aebe-f790-4ba7-a12a-5e58cff7ee7f\" data-dt-img-description=\"\" data-large_image_width=\"2048\" data-large_image_height=\"1536\"href='https:\/\/www.radiopiu.net\/wordpress\/wp-content\/uploads\/2024\/06\/8e08aebe-f790-4ba7-a12a-5e58cff7ee7f.jpg'><img loading=\"lazy\" decoding=\"async\" width=\"150\" height=\"150\" src=\"https:\/\/www.radiopiu.net\/wordpress\/wp-content\/uploads\/2024\/06\/8e08aebe-f790-4ba7-a12a-5e58cff7ee7f-150x150.jpg\" class=\"attachment-thumbnail size-thumbnail\" alt=\"\" \/><\/a>\n\t\t\t\t<\/dt><\/dl><dl class='gallery-item'>\n\t\t\t\t<dt class='gallery-icon landscape'>\n\t\t\t\t\t<a class=\"rollover rollover-zoom dt-pswp-item\" title=\"ba6e1865-75e4-4ec7-9a55-c6b733148125\" data-dt-img-description=\"\" data-large_image_width=\"2048\" data-large_image_height=\"1536\"href='https:\/\/www.radiopiu.net\/wordpress\/wp-content\/uploads\/2024\/06\/ba6e1865-75e4-4ec7-9a55-c6b733148125.jpg'><img loading=\"lazy\" decoding=\"async\" width=\"150\" height=\"150\" src=\"https:\/\/www.radiopiu.net\/wordpress\/wp-content\/uploads\/2024\/06\/ba6e1865-75e4-4ec7-9a55-c6b733148125-150x150.jpg\" class=\"attachment-thumbnail size-thumbnail\" alt=\"\" \/><\/a>\n\t\t\t\t<\/dt><\/dl><br style=\"clear: both\" \/>\n\t\t\t<\/div>\n\n<p align=\"justify\"><span style=\"font-family: Avenir Next LT Pro, serif;\"><span style=\"font-size: small;\"><b>LE SCUOLE PREMIATE<\/b><\/span><\/span><\/p>\n<table width=\"711\" cellspacing=\"0\" cellpadding=\"5\">\n<tbody>\n<tr>\n<td style=\"background: transparent;\" width=\"245\" height=\"7\"><span style=\"color: #000000;\"><span style=\"font-family: Aptos Display, serif;\"><b>I.I.S. Einaudi Scarpa di Montebelluna<\/b><\/span><\/span><\/td>\n<td style=\"background: transparent;\" width=\"236\"><span style=\"font-family: Aptos Display, serif;\">Montebelluna (TV)<\/span><\/td>\n<td style=\"background: transparent;\" width=\"201\"><span style=\"color: #000000;\"><span style=\"font-family: Aptos Display, serif;\">Scuola Secondaria di 2\u00b0 grado<\/span><\/span><\/td>\n<\/tr>\n<\/tbody>\n<tbody>\n<tr>\n<td style=\"background: transparent;\" width=\"245\" height=\"8\"><span style=\"color: #000000;\"><span style=\"font-family: Aptos Display, serif;\"><b>Dante International College<\/b><\/span><\/span><\/td>\n<td style=\"background: transparent;\" width=\"236\"><span style=\"font-family: Aptos Display, serif;\">San Vendemiano (TV)<\/span><\/td>\n<td style=\"background: transparent;\" width=\"201\"><span style=\"color: #000000;\"><span style=\"font-family: Aptos Display, serif;\">Scuola Secondaria di 2\u00b0 grado<\/span><\/span><\/td>\n<\/tr>\n<\/tbody>\n<tbody>\n<tr>\n<td style=\"background: transparent;\" width=\"245\" height=\"9\"><\/td>\n<td style=\"background: transparent;\" width=\"236\"><\/td>\n<td style=\"background: transparent;\" width=\"201\"><\/td>\n<\/tr>\n<tr>\n<td style=\"background: #caedfb;\" bgcolor=\"#caedfb\" width=\"245\" height=\"9\"><span style=\"color: #000000;\"><span style=\"font-family: Aptos Display, serif;\"><b>ELENCO DELLE SCUOLE DI TREVISO E BELLUNO CHE SI SONO DISTINTE PER NUMERO DI ELABORATI E PARTECIPAZIONE<\/b><\/span><\/span><\/td>\n<td style=\"background: #caedfb;\" bgcolor=\"#caedfb\" width=\"236\"><span style=\"color: #000000;\">\u00a0<\/span><\/td>\n<td style=\"background: #caedfb;\" bgcolor=\"#caedfb\" width=\"201\"><span style=\"color: #000000;\">\u00a0<\/span><\/td>\n<\/tr>\n<\/tbody>\n<tbody>\n<tr>\n<td style=\"background: transparent;\" width=\"245\" height=\"8\"><span style=\"color: #000000;\"><span style=\"font-family: Aptos Display, serif;\"><b>I.C. Mareno di Piave e Vazzola &#8211; plesso Mareno di Piave<\/b><\/span><\/span><\/td>\n<td style=\"background: transparent;\" width=\"236\"><span style=\"font-family: Aptos Display, serif;\">Mareno di Piave (TV)<\/span><\/td>\n<td style=\"background: transparent;\" width=\"201\"><span style=\"color: #000000;\"><span style=\"font-family: Aptos Display, serif;\">Scuola Secondaria di 1\u00b0 grado<\/span><\/span><\/td>\n<\/tr>\n<\/tbody>\n<tbody>\n<tr>\n<td style=\"background: transparent;\" width=\"245\" height=\"8\"><span style=\"color: #000000;\"><span style=\"font-family: Aptos Display, serif;\"><b>I.C. Casale sul Sile<\/b><\/span><\/span><\/td>\n<td style=\"background: transparent;\" width=\"236\"><span style=\"font-family: Aptos Display, serif;\">Casale sul Sile (TV)<\/span><\/td>\n<td style=\"background: transparent;\" width=\"201\"><span style=\"color: #000000;\"><span style=\"font-family: Aptos Display, serif;\">Scuola Secondaria di 1\u00b0 grado<\/span><\/span><\/td>\n<\/tr>\n<\/tbody>\n<tbody>\n<tr>\n<td style=\"background: transparent;\" width=\"245\" height=\"8\"><span style=\"color: #000000;\"><span style=\"font-family: Aptos Display, serif;\"><b>IC Paese<\/b><\/span><\/span><\/td>\n<td style=\"background: transparent;\" width=\"236\"><span style=\"font-family: Aptos Display, serif;\">Paese (TV)<\/span><\/td>\n<td style=\"background: transparent;\" width=\"201\"><span style=\"color: #000000;\"><span style=\"font-family: Aptos Display, serif;\">Scuola Secondaria di 1\u00b0 grado<\/span><\/span><\/td>\n<\/tr>\n<\/tbody>\n<tbody>\n<tr>\n<td style=\"background: transparent;\" width=\"245\" height=\"8\"><span style=\"color: #000000;\"><span style=\"font-family: Aptos Display, serif;\"><b>Pianca School<\/b><\/span><\/span><\/td>\n<td style=\"background: transparent;\" width=\"236\"><span style=\"font-family: Aptos Display, serif;\">Conegliano (TV)<\/span><\/td>\n<td style=\"background: transparent;\" width=\"201\"><span style=\"color: #000000;\"><span style=\"font-family: Aptos Display, serif;\">Scuola Secondaria di 1\u00b0 grado<\/span><\/span><\/td>\n<\/tr>\n<\/tbody>\n<tbody>\n<tr>\n<td style=\"background: transparent;\" width=\"245\" height=\"8\"><span style=\"color: #000000;\"><span style=\"font-family: Aptos Display, serif;\"><b>I.C. di San Fior<\/b><\/span><\/span><\/td>\n<td style=\"background: transparent;\" width=\"236\"><span style=\"font-family: Aptos Display, serif;\">San Fior (TV)<\/span><\/td>\n<td style=\"background: transparent;\" width=\"201\"><span style=\"color: #000000;\"><span style=\"font-family: Aptos Display, serif;\">Scuola Secondaria di 1\u00b0 grado<\/span><\/span><\/td>\n<\/tr>\n<\/tbody>\n<tbody>\n<tr>\n<td style=\"background: transparent;\" width=\"245\" height=\"8\"><span style=\"color: #000000;\"><span style=\"font-family: Aptos Display, serif;\"><b>I.C. Cornuda<\/b><\/span><\/span><\/td>\n<td style=\"background: transparent;\" width=\"236\"><span style=\"font-family: Aptos Display, serif;\">Cornuda (TV)<\/span><\/td>\n<td style=\"background: transparent;\" width=\"201\"><span style=\"color: #000000;\"><span style=\"font-family: Aptos Display, serif;\">Scuola Secondaria di 1\u00b0 grado<\/span><\/span><\/td>\n<\/tr>\n<\/tbody>\n<tbody>\n<tr>\n<td style=\"background: transparent;\" width=\"245\" height=\"8\"><span style=\"color: #000000;\"><span style=\"font-family: Aptos Display, serif;\"><b>I.C. Vittorio Veneto 2 &#8220;A. Zanzotto&#8221;<\/b><\/span><\/span><\/td>\n<td style=\"background: transparent;\" width=\"236\"><span style=\"font-family: Aptos Display, serif;\">Vittorio Veneto (Tv)<\/span><\/td>\n<td style=\"background: transparent;\" width=\"201\"><span style=\"color: #000000;\"><span style=\"font-family: Aptos Display, serif;\">Scuola Secondaria di 1\u00b0 grado<\/span><\/span><\/td>\n<\/tr>\n<\/tbody>\n<tbody>\n<tr>\n<td style=\"background: transparent;\" width=\"245\" height=\"26\"><span style=\"color: #000000;\"><span style=\"font-family: Aptos Display, serif;\"><b>I.C. Auronzo di Cadore<\/b><\/span><\/span><\/td>\n<td style=\"background: transparent;\" width=\"236\"><span style=\"font-family: Aptos Display, serif;\">Auronzo di Cadore &#8211; Lozzo di Cadore &#8211; Lorenzago di Cadore (BL)<\/span><\/td>\n<td style=\"background: transparent;\" width=\"201\"><span style=\"color: #000000;\"><span style=\"font-family: Aptos Display, serif;\">Scuola Secondaria di 1\u00b0 grado<\/span><\/span><\/td>\n<\/tr>\n<\/tbody>\n<\/table>\n<p align=\"justify\"><img decoding=\"async\" src=\"https:\/\/www.radiopiu.net\/wordpress\/wp-content\/uploads\/2024\/06\/e37fb2c0-29ad-4d96-ab46-0b80d9c0d277.jpg\" \/><\/p>\n<\/div>\n<\/div>\n<\/div>\n<\/div>\n<\/div>\n<p>&nbsp;<\/p>\n<p>&nbsp;<\/p>\n<\/div>\n<\/div>\n<\/div>\n<\/div>\n<\/div>\n<hr \/>\n<p>&nbsp;<\/p>\n<blockquote>\n<h3>FABIO LUCHETTA SFIDA IL QUORUM A VALLADA<\/h3>\n<\/blockquote>\n<p><strong><a class=\"dt-pswp-item\" href=\"https:\/\/www.radiopiu.net\/wordpress\/wp-content\/uploads\/2024\/04\/VALLADA-FABIO-LUCHETTA.jpg\" data-dt-img-description=\"\" data-large_image_width=\"1396\" data-large_image_height=\"1600\"><img loading=\"lazy\" decoding=\"async\" class=\" wp-image-385339 alignleft\" src=\"https:\/\/www.radiopiu.net\/wordpress\/wp-content\/uploads\/2024\/04\/VALLADA-FABIO-LUCHETTA-262x300.jpg\" alt=\"\" width=\"126\" height=\"144\" srcset=\"https:\/\/www.radiopiu.net\/wordpress\/wp-content\/uploads\/2024\/04\/VALLADA-FABIO-LUCHETTA-262x300.jpg 262w, https:\/\/www.radiopiu.net\/wordpress\/wp-content\/uploads\/2024\/04\/VALLADA-FABIO-LUCHETTA-893x1024.jpg 893w, https:\/\/www.radiopiu.net\/wordpress\/wp-content\/uploads\/2024\/04\/VALLADA-FABIO-LUCHETTA-768x880.jpg 768w, https:\/\/www.radiopiu.net\/wordpress\/wp-content\/uploads\/2024\/04\/VALLADA-FABIO-LUCHETTA-1340x1536.jpg 1340w, https:\/\/www.radiopiu.net\/wordpress\/wp-content\/uploads\/2024\/04\/VALLADA-FABIO-LUCHETTA.jpg 1396w\" sizes=\"auto, (max-width: 126px) 100vw, 126px\" \/><\/a>VALLADA<\/strong><\/p>\n<p>DI GIANNI SANTOMASO<\/p>\n<audio class=\"wp-audio-shortcode\" id=\"audio-393515-9\" preload=\"none\" style=\"width: 100%;\" controls=\"controls\"><source type=\"audio\/mpeg\" src=\"https:\/\/www.radiopiu.net\/wordpress\/wp-content\/uploads\/2024\/06\/GIANNI-FABIO-LUCHETTA-SFIDA-IL-QUORUM-A-VALLADA.mp3?_=9\" \/><a href=\"https:\/\/www.radiopiu.net\/wordpress\/wp-content\/uploads\/2024\/06\/GIANNI-FABIO-LUCHETTA-SFIDA-IL-QUORUM-A-VALLADA.mp3\">https:\/\/www.radiopiu.net\/wordpress\/wp-content\/uploads\/2024\/06\/GIANNI-FABIO-LUCHETTA-SFIDA-IL-QUORUM-A-VALLADA.mp3<\/a><\/audio>\n<p>&nbsp;<\/p>\n<hr \/>\n<p>&nbsp;<\/p>\n<blockquote>\n<h3>A LA VALLE EZIO ZUANEL UNICO CANDIDATO SINDACO<\/h3>\n<\/blockquote>\n<p><strong><a class=\"dt-pswp-item\" href=\"https:\/\/www.radiopiu.net\/wordpress\/wp-content\/uploads\/2020\/01\/ZUANEL-2.jpg\" data-dt-img-description=\"\" data-large_image_width=\"1599\" data-large_image_height=\"899\"><img loading=\"lazy\" decoding=\"async\" class=\" wp-image-115315 alignleft\" src=\"https:\/\/www.radiopiu.net\/wordpress\/wp-content\/uploads\/2020\/01\/ZUANEL-2-300x169.jpg\" alt=\"\" width=\"188\" height=\"106\" srcset=\"https:\/\/www.radiopiu.net\/wordpress\/wp-content\/uploads\/2020\/01\/ZUANEL-2-300x169.jpg 300w, https:\/\/www.radiopiu.net\/wordpress\/wp-content\/uploads\/2020\/01\/ZUANEL-2-1024x576.jpg 1024w, https:\/\/www.radiopiu.net\/wordpress\/wp-content\/uploads\/2020\/01\/ZUANEL-2-768x432.jpg 768w, https:\/\/www.radiopiu.net\/wordpress\/wp-content\/uploads\/2020\/01\/ZUANEL-2-1536x864.jpg 1536w, https:\/\/www.radiopiu.net\/wordpress\/wp-content\/uploads\/2020\/01\/ZUANEL-2.jpg 1599w\" sizes=\"auto, (max-width: 188px) 100vw, 188px\" \/><\/a>LA VALLE AGORDINA<\/strong><\/p>\n<p>DI GIANNI SANTOMASO<\/p>\n<audio class=\"wp-audio-shortcode\" id=\"audio-393515-10\" preload=\"none\" style=\"width: 100%;\" controls=\"controls\"><source type=\"audio\/mpeg\" src=\"https:\/\/www.radiopiu.net\/wordpress\/wp-content\/uploads\/2024\/06\/GIANNI-A-LA-VALLE-EZIO-ZUANEL-UNICO-CANDIDATO-SINDACO.mp3?_=10\" \/><a href=\"https:\/\/www.radiopiu.net\/wordpress\/wp-content\/uploads\/2024\/06\/GIANNI-A-LA-VALLE-EZIO-ZUANEL-UNICO-CANDIDATO-SINDACO.mp3\">https:\/\/www.radiopiu.net\/wordpress\/wp-content\/uploads\/2024\/06\/GIANNI-A-LA-VALLE-EZIO-ZUANEL-UNICO-CANDIDATO-SINDACO.mp3<\/a><\/audio>\n<p>&nbsp;<\/p>\n<hr \/>\n<p>&nbsp;<\/p>\n<blockquote>\n<h3>CORTINABANCA, ACCORDO AZIENDALE FRA DIRIGENZA E FIRST CISL: MUTUI A TASSI AGEVOLATI PER I DIPENDENTI<\/h3>\n<\/blockquote>\n<p><strong><a class=\"dt-pswp-item\" href=\"https:\/\/www.radiopiu.net\/wordpress\/wp-content\/uploads\/2024\/06\/CISL-FIRST.jpg\" data-dt-img-description=\"\" data-large_image_width=\"766\" data-large_image_height=\"220\"><img loading=\"lazy\" decoding=\"async\" class=\"size-medium wp-image-393604 alignleft\" src=\"https:\/\/www.radiopiu.net\/wordpress\/wp-content\/uploads\/2024\/06\/CISL-FIRST-300x86.jpg\" alt=\"\" width=\"300\" height=\"86\" srcset=\"https:\/\/www.radiopiu.net\/wordpress\/wp-content\/uploads\/2024\/06\/CISL-FIRST-300x86.jpg 300w, https:\/\/www.radiopiu.net\/wordpress\/wp-content\/uploads\/2024\/06\/CISL-FIRST-350x100.jpg 350w, https:\/\/www.radiopiu.net\/wordpress\/wp-content\/uploads\/2024\/06\/CISL-FIRST.jpg 766w\" sizes=\"auto, (max-width: 300px) 100vw, 300px\" \/><\/a>BELLUNO<\/strong> CortinaBanca, siglato il 5 giugno un accordo fra dirigenza della banca e First Cisl tramite la Rsa Silvia Tom\u00e8 che garantisce ai dipendenti dell\u2019istituto mutui fondiari prima casa a un tasso agevolato che va dal 1% ad un massimo di 2,75%.<\/p>\n<p><strong>LA SEGRETARIA GENERALE DELLA FIRST CISL BELLUNO TREVISO ANTONELLA PRIMIZIA<\/strong><\/p>\n<audio class=\"wp-audio-shortcode\" id=\"audio-393515-11\" preload=\"none\" style=\"width: 100%;\" controls=\"controls\"><source type=\"audio\/mpeg\" src=\"https:\/\/www.radiopiu.net\/wordpress\/wp-content\/uploads\/2024\/06\/ANTONELLA-PRIMIZIA-CISL.mp3?_=11\" \/><a href=\"https:\/\/www.radiopiu.net\/wordpress\/wp-content\/uploads\/2024\/06\/ANTONELLA-PRIMIZIA-CISL.mp3\">https:\/\/www.radiopiu.net\/wordpress\/wp-content\/uploads\/2024\/06\/ANTONELLA-PRIMIZIA-CISL.mp3<\/a><\/audio>\n<p>&nbsp;<\/p>\n<p>&nbsp;<\/p>\n<p>&nbsp;<\/p>\n<hr \/>\n<blockquote>\n<h2><\/h2>\n<\/blockquote>\n<div class=\"group\/conversation-turn relative flex w-full min-w-0 flex-col agent-turn\">\n<div class=\"flex-col gap-1 md:gap-3\">\n<div class=\"flex flex-grow flex-col max-w-full\">\n<div class=\"min-h-[20px] text-message flex flex-col items-start whitespace-pre-wrap break-words [.text-message+&amp;]:mt-5 juice:w-full juice:items-end overflow-x-auto gap-2\" dir=\"auto\" data-message-author-role=\"assistant\" data-message-id=\"0b92f7e4-95ae-4c23-80c0-55e4d01a57b7\">\n<div class=\"flex w-full flex-col gap-1 juice:empty:hidden juice:first:pt-[3px]\">\n<div class=\"markdown prose w-full break-words dark:prose-invert dark\">\n<blockquote>\n<h3>Sai gestire un mezzo di soccorso? Il convegno del Coes Veneto al San Martino di Belluno<\/h3>\n<\/blockquote>\n<p><strong><img loading=\"lazy\" decoding=\"async\" class=\"alignleft\" src=\"https:\/\/www.radiopiu.net\/wordpress\/wp-content\/uploads\/2024\/06\/Senza-nome-10.png\" width=\"266\" height=\"171\" \/>BELLUNO<\/strong> Il 1 giugno, presso il San Martino di Belluno, il Coes Veneto ha organizzato un convegno sul tema della gestione dei mezzi di soccorso. L&#8217;evento ha visto la partecipazione di Gabriele Zampieri, Presidente regionale Coes Veneto, Daniele Orletti, Presidente nazionale, e Matteo De Bastiani, consigliere provinciale. Tra gli interventi principali, Simone Baruffa, tecnico specializzato e Presidente in Umbria, ha parlato della sicurezza a bordo dei mezzi di soccorso. Fabio Tratta, consigliere veronese, ha discusso della sicurezza stradale e delle responsabilit\u00e0 dei mezzi di soccorso. La dottoressa Serena Saviana ha concluso la prima parte del convegno con una sessione sulla gestione dello stress per i soccorritori. La seconda parte ha visto la partecipazione della Polizia di Stato, rappresentata da Roberto Sartor, comandante della Polizia Giudiziaria di Belluno, e Giuliano Mattiuz del Corpo Nazionale dei Vigili del Fuoco, contribuendo a una discussione approfondita sulla sicurezza e l&#8217;efficacia nei servizi di emergenza.<\/p>\n<\/div>\n<\/div>\n<\/div>\n<\/div>\n<\/div>\n<\/div>\n<p>&nbsp;<\/p>\n<p>&nbsp;<\/p>\n<hr \/>\n<p>&nbsp;<\/p>\n<blockquote>\n<h3>DONATI AL COMUNE DI FELTRE DUE DIPINTI DEL PITTORE ADDIS PUGLIESE<\/h3>\n<\/blockquote>\n<div class=\"group\/conversation-turn relative flex w-full min-w-0 flex-col agent-turn\">\n<div class=\"flex-col gap-1 md:gap-3\">\n<div class=\"flex flex-grow flex-col max-w-full\">\n<div class=\"min-h-[20px] text-message flex flex-col items-start whitespace-pre-wrap break-words [.text-message+&amp;]:mt-5 juice:w-full juice:items-end overflow-x-auto gap-2\" dir=\"auto\" data-message-author-role=\"assistant\" data-message-id=\"806d760f-f416-4691-8d82-4bcd78665267\">\n<div class=\"flex w-full flex-col gap-1 juice:empty:hidden juice:first:pt-[3px]\">\n<div class=\"markdown prose w-full break-words dark:prose-invert light\">\n<p><strong><a class=\"dt-pswp-item\" href=\"https:\/\/www.radiopiu.net\/wordpress\/wp-content\/uploads\/2024\/06\/La-donazione-dei-due-dipinti-di-Addis-Pugliese.jpg\" data-dt-img-description=\"\" data-large_image_width=\"1600\" data-large_image_height=\"554\"><img loading=\"lazy\" decoding=\"async\" class=\"size-medium wp-image-393589 alignleft\" src=\"https:\/\/www.radiopiu.net\/wordpress\/wp-content\/uploads\/2024\/06\/La-donazione-dei-due-dipinti-di-Addis-Pugliese-300x104.jpg\" alt=\"\" width=\"300\" height=\"104\" srcset=\"https:\/\/www.radiopiu.net\/wordpress\/wp-content\/uploads\/2024\/06\/La-donazione-dei-due-dipinti-di-Addis-Pugliese-300x104.jpg 300w, https:\/\/www.radiopiu.net\/wordpress\/wp-content\/uploads\/2024\/06\/La-donazione-dei-due-dipinti-di-Addis-Pugliese-1024x355.jpg 1024w, https:\/\/www.radiopiu.net\/wordpress\/wp-content\/uploads\/2024\/06\/La-donazione-dei-due-dipinti-di-Addis-Pugliese-768x266.jpg 768w, https:\/\/www.radiopiu.net\/wordpress\/wp-content\/uploads\/2024\/06\/La-donazione-dei-due-dipinti-di-Addis-Pugliese-1536x532.jpg 1536w, https:\/\/www.radiopiu.net\/wordpress\/wp-content\/uploads\/2024\/06\/La-donazione-dei-due-dipinti-di-Addis-Pugliese.jpg 1600w\" sizes=\"auto, (max-width: 300px) 100vw, 300px\" \/><\/a>FELTRE <\/strong>Il Comune di Feltre ha ricevuto una donazione di due dipinti da Paola Pozza, destinati alla Galleria d&#8217;arte moderna \u201cCarlo Rizzarda\u201d. Le opere, &#8220;Barche al sole&#8221; e &#8220;Alberi secchi&#8221; del pittore Addis Pugliese, saranno dedicate alla memoria di Giuseppina Masocco Tonetto. La donazione \u00e8 stata accettata con delibera di giunta e le opere verranno esposte nella sala Silvio Guarnieri, arricchendo la collezione di artisti locali come Tancredi Parmeggiani e Attilio Corsetti. La conservatrice Tiziana Casagrande e l&#8217;assessore alla Cultura hanno espresso profonda gratitudine per il significativo gesto di amore verso la citt\u00e0.<\/p>\n<p>&nbsp;<\/p>\n<hr \/>\n<p>&nbsp;<\/p>\n<blockquote>\n<h3>Corso Obbligatorio per Gestori di Sale Gioco e VTL<\/h3>\n<\/blockquote>\n<p><strong>BELLUNO<\/strong> Il Dipartimento per le Dipendenze dell\u2019Aulss1 avvisa che dal 3 giugno 2024 sono aperte le iscrizioni al corso di formazione online obbligatorio per i gestori di sale gioco e VTL. L\u2019iscrizione avviene sul Portale Formazione Enti Gestori, gestito da AULSS3 Serenissima. Il corso \u00e8 destinato ai titolari di esercizi nella Regione Veneto e mira a fornire strumenti per riconoscere e gestire i segnali di dipendenza da gioco d&#8217;azzardo. Il disturbo \u00e8 un fenomeno sociale in crescita, e la formazione \u00e8 obbligatoria per legge.<\/p>\n<p>&nbsp;<\/p>\n<p>&nbsp;<\/p>\n<hr \/>\n<p>&nbsp;<\/p>\n<blockquote>\n<h3>DISAGI PER PASSO DURAN E FORCELLA STAULANZA<\/h3>\n<\/blockquote>\n<h4>Chiusura Parziale della Strada per il Passo Duran<\/h4>\n<p>La strada per il Passo Duran sar\u00e0 parzialmente chiusa dalle 8.30 alle 11.30 nel tratto compreso tra Forcella Staulanza e Selva di Cadore. Questa chiusura \u00e8 necessaria per consentire lo svolgimento di lavori di manutenzione e miglioramento della sicurezza stradale. Gli automobilisti sono invitati a pianificare percorsi alternativi per evitare disagi.<\/p>\n<p>&nbsp;<\/p>\n<hr \/>\n<p>&nbsp;<\/p>\n<blockquote>\n<h3>Falcade: Tutto Pronto per l&#8217;VIII Edizione di &#8220;Quad in Quota&#8221;<\/h3>\n<\/blockquote>\n<p><strong><a class=\"dt-pswp-item\" href=\"https:\/\/www.radiopiu.net\/wordpress\/wp-content\/uploads\/2024\/06\/QuadinQuota-2021-17.jpg\" data-dt-img-description=\"\" data-large_image_width=\"2000\" data-large_image_height=\"1333\"><img loading=\"lazy\" decoding=\"async\" class=\"size-medium wp-image-393615 alignleft\" src=\"https:\/\/www.radiopiu.net\/wordpress\/wp-content\/uploads\/2024\/06\/QuadinQuota-2021-17-300x200.jpg\" alt=\"\" width=\"300\" height=\"200\" srcset=\"https:\/\/www.radiopiu.net\/wordpress\/wp-content\/uploads\/2024\/06\/QuadinQuota-2021-17-300x200.jpg 300w, https:\/\/www.radiopiu.net\/wordpress\/wp-content\/uploads\/2024\/06\/QuadinQuota-2021-17-1024x682.jpg 1024w, https:\/\/www.radiopiu.net\/wordpress\/wp-content\/uploads\/2024\/06\/QuadinQuota-2021-17-768x512.jpg 768w, https:\/\/www.radiopiu.net\/wordpress\/wp-content\/uploads\/2024\/06\/QuadinQuota-2021-17-1536x1024.jpg 1536w, https:\/\/www.radiopiu.net\/wordpress\/wp-content\/uploads\/2024\/06\/QuadinQuota-2021-17.jpg 2000w\" sizes=\"auto, (max-width: 300px) 100vw, 300px\" \/><\/a>FALCADE<\/strong>\u00a0 \u00a0si prepara per l&#8217;VIII edizione di &#8220;Quad in Quota&#8221;, il raduno di quadricicli previsto da venerd\u00ec 7 a domenica 9 giugno. L&#8217;evento attirer\u00e0 appassionati da tutta Italia, offrendo uno splendido tour delle Dolomiti su strade silvo-pastorali nella Valle del Biois. Il percorso si estender\u00e0 su oltre 100 km, attraversando scenari mozzafiato, un&#8217;attrazione principale per i 55 equipaggi partecipanti. Organizzato dall&#8217;associazione sportiva Quad in Quota, l&#8217;evento si ripete dal 2016 grazie all&#8217;iniziativa di Moreno Tomaselli e un gruppo di amici di Falcade. Il loro obiettivo \u00e8 far conoscere la bellezza delle Dolomiti anche a chi non \u00e8 montanaro. L&#8217;edizione 2024 presenta un programma ricco di escursioni sulle strade silvo-pastorali della Val Biois e della Val Cordevole, con una novit\u00e0: una trasferta in alta quota per ammirare il tramonto e i colori del sole sulle rocce dolomitiche. Questo momento inedito promette di regalare un&#8217;esperienza indimenticabile agli appassionati di quad e agli amanti della natura.<\/p>\n<blockquote>\n<h3>Quad in Quota: Un Tour Unico tra le Dolomiti<\/h3>\n<\/blockquote>\n<blockquote><p><em><a class=\"dt-pswp-item\" href=\"https:\/\/www.radiopiu.net\/wordpress\/wp-content\/uploads\/2024\/06\/QuadinQuota-2021-514.jpg\" data-dt-img-description=\"\" data-large_image_width=\"2000\" data-large_image_height=\"1333\"><img loading=\"lazy\" decoding=\"async\" class=\" wp-image-393608 alignleft\" src=\"https:\/\/www.radiopiu.net\/wordpress\/wp-content\/uploads\/2024\/06\/QuadinQuota-2021-514-300x200.jpg\" alt=\"\" width=\"266\" height=\"177\" srcset=\"https:\/\/www.radiopiu.net\/wordpress\/wp-content\/uploads\/2024\/06\/QuadinQuota-2021-514-300x200.jpg 300w, https:\/\/www.radiopiu.net\/wordpress\/wp-content\/uploads\/2024\/06\/QuadinQuota-2021-514-1024x682.jpg 1024w, https:\/\/www.radiopiu.net\/wordpress\/wp-content\/uploads\/2024\/06\/QuadinQuota-2021-514-768x512.jpg 768w, https:\/\/www.radiopiu.net\/wordpress\/wp-content\/uploads\/2024\/06\/QuadinQuota-2021-514-1536x1024.jpg 1536w, https:\/\/www.radiopiu.net\/wordpress\/wp-content\/uploads\/2024\/06\/QuadinQuota-2021-514.jpg 2000w\" sizes=\"auto, (max-width: 266px) 100vw, 266px\" \/><\/a>&#8220;Il quad permette di vivere la montagna in modo diverso e raggiungere punti inaccessibili,&#8221; spiega Moreno Tomaselli. &#8220;Il nostro raduno \u00e8 un tour panoramico per ammirare le Dolomiti e promuovere il territorio, aprendo la stagione estiva. Accogliamo anche persone diversamente abili e partecipanti da tutta Italia, offrendo non solo un&#8217;esperienza di guida, ma anche cibo e appuntamenti culturali. Quest&#8217;anno, visiteremo l&#8217;agriturismo Piccola Baita di Falcade. Il nostro raduno \u00e8 unico in Veneto e raggiunge la quota pi\u00f9 alta, 2520 metri del Col Margherita.&#8221;<\/em><\/p><\/blockquote>\n<p>&nbsp;<\/p>\n\n\t\t\t<style type='text\/css'>\n\t\t\t\t#gallery-2 {\n\t\t\t\t\tmargin: auto;\n\t\t\t\t}\n\t\t\t\t#gallery-2 .gallery-item {\n\t\t\t\t\tfloat: left;\n\t\t\t\t\tmargin-top: 10px;\n\t\t\t\t\ttext-align: center;\n\t\t\t\t\twidth: 33%;\n\t\t\t\t}\n\t\t\t\t#gallery-2 img {\n\t\t\t\t\tborder: 2px solid #cfcfcf;\n\t\t\t\t}\n\t\t\t\t#gallery-2 .gallery-caption {\n\t\t\t\t\tmargin-left: 0;\n\t\t\t\t}\n\t\t\t\t\/* see gallery_shortcode() in wp-includes\/media.php *\/\n\t\t\t<\/style>\n\t\t<div id='gallery-2' class='dt-gallery-container gallery galleryid-393515 gallery-columns-3 gallery-size-thumbnail'><dl class='gallery-item'>\n\t\t\t\t<dt class='gallery-icon landscape'>\n\t\t\t\t\t<a class=\"rollover rollover-zoom dt-pswp-item\" title=\"QuadinQuota-2021-540\" data-dt-img-description=\"\" data-large_image_width=\"2000\" data-large_image_height=\"1333\"href='https:\/\/www.radiopiu.net\/wordpress\/wp-content\/uploads\/2024\/06\/QuadinQuota-2021-540.jpg'><img loading=\"lazy\" decoding=\"async\" width=\"150\" height=\"150\" src=\"https:\/\/www.radiopiu.net\/wordpress\/wp-content\/uploads\/2024\/06\/QuadinQuota-2021-540-150x150.jpg\" class=\"attachment-thumbnail size-thumbnail\" alt=\"\" \/><\/a>\n\t\t\t\t<\/dt><\/dl><dl class='gallery-item'>\n\t\t\t\t<dt class='gallery-icon landscape'>\n\t\t\t\t\t<a class=\"rollover rollover-zoom dt-pswp-item\" title=\"QuadinQuota-2021-100\" data-dt-img-description=\"\" data-large_image_width=\"2000\" data-large_image_height=\"1333\"href='https:\/\/www.radiopiu.net\/wordpress\/wp-content\/uploads\/2024\/06\/QuadinQuota-2021-100.jpg'><img loading=\"lazy\" decoding=\"async\" width=\"150\" height=\"150\" src=\"https:\/\/www.radiopiu.net\/wordpress\/wp-content\/uploads\/2024\/06\/QuadinQuota-2021-100-150x150.jpg\" class=\"attachment-thumbnail size-thumbnail\" alt=\"\" \/><\/a>\n\t\t\t\t<\/dt><\/dl><dl class='gallery-item'>\n\t\t\t\t<dt class='gallery-icon landscape'>\n\t\t\t\t\t<a class=\"rollover rollover-zoom dt-pswp-item\" title=\"QuadinQuota-2021-60\" data-dt-img-description=\"\" data-large_image_width=\"2000\" data-large_image_height=\"1333\"href='https:\/\/www.radiopiu.net\/wordpress\/wp-content\/uploads\/2024\/06\/QuadinQuota-2021-60.jpg'><img loading=\"lazy\" decoding=\"async\" width=\"150\" height=\"150\" src=\"https:\/\/www.radiopiu.net\/wordpress\/wp-content\/uploads\/2024\/06\/QuadinQuota-2021-60-150x150.jpg\" class=\"attachment-thumbnail size-thumbnail\" alt=\"\" \/><\/a>\n\t\t\t\t<\/dt><\/dl><br style=\"clear: both\" \/><dl class='gallery-item'>\n\t\t\t\t<dt class='gallery-icon landscape'>\n\t\t\t\t\t<a class=\"rollover rollover-zoom dt-pswp-item\" title=\"QuadinQuota-2021-487\" data-dt-img-description=\"\" data-large_image_width=\"2000\" data-large_image_height=\"1333\"href='https:\/\/www.radiopiu.net\/wordpress\/wp-content\/uploads\/2024\/06\/QuadinQuota-2021-487.jpg'><img loading=\"lazy\" decoding=\"async\" width=\"150\" height=\"150\" src=\"https:\/\/www.radiopiu.net\/wordpress\/wp-content\/uploads\/2024\/06\/QuadinQuota-2021-487-150x150.jpg\" class=\"attachment-thumbnail size-thumbnail\" alt=\"\" \/><\/a>\n\t\t\t\t<\/dt><\/dl><dl class='gallery-item'>\n\t\t\t\t<dt class='gallery-icon landscape'>\n\t\t\t\t\t<a class=\"rollover rollover-zoom dt-pswp-item\" title=\"QuadinQuota-2021-300\" data-dt-img-description=\"\" data-large_image_width=\"2000\" data-large_image_height=\"1333\"href='https:\/\/www.radiopiu.net\/wordpress\/wp-content\/uploads\/2024\/06\/QuadinQuota-2021-300.jpg'><img loading=\"lazy\" decoding=\"async\" width=\"150\" height=\"150\" src=\"https:\/\/www.radiopiu.net\/wordpress\/wp-content\/uploads\/2024\/06\/QuadinQuota-2021-300-150x150.jpg\" class=\"attachment-thumbnail size-thumbnail\" alt=\"\" \/><\/a>\n\t\t\t\t<\/dt><\/dl><dl class='gallery-item'>\n\t\t\t\t<dt class='gallery-icon landscape'>\n\t\t\t\t\t<a class=\"rollover rollover-zoom dt-pswp-item\" title=\"QuadinQuota-2021-145\" data-dt-img-description=\"\" data-large_image_width=\"2000\" data-large_image_height=\"1333\"href='https:\/\/www.radiopiu.net\/wordpress\/wp-content\/uploads\/2024\/06\/QuadinQuota-2021-145.jpg'><img loading=\"lazy\" decoding=\"async\" width=\"150\" height=\"150\" src=\"https:\/\/www.radiopiu.net\/wordpress\/wp-content\/uploads\/2024\/06\/QuadinQuota-2021-145-150x150.jpg\" class=\"attachment-thumbnail size-thumbnail\" alt=\"\" \/><\/a>\n\t\t\t\t<\/dt><\/dl><br style=\"clear: both\" \/>\n\t\t\t<\/div>\n\n<p>&nbsp;<\/p>\n<p>&nbsp;<\/p>\n<hr \/>\n<p>&nbsp;<\/p>\n<blockquote>\n<h2>Sellaronda Bike Day: Una giornata di ciclismo e divertimento attorno al Massiccio del Sella, cuore delle Dolomiti<\/h2>\n<\/blockquote>\n<div class=\"mceTemp\">\n<p><a class=\"dt-pswp-item\" href=\"https:\/\/www.radiopiu.net\/wordpress\/wp-content\/uploads\/2024\/06\/LOCANDINA-Sellaronda_Bike_Day_2024.jpg\" data-dt-img-description=\"xr:d:DAGCBZwmHPU:8,j:2973926096001004929,t:24041015\" data-large_image_width=\"1414\" data-large_image_height=\"2000\"><img loading=\"lazy\" decoding=\"async\" class=\"size-medium wp-image-393626 alignleft\" src=\"https:\/\/www.radiopiu.net\/wordpress\/wp-content\/uploads\/2024\/06\/LOCANDINA-Sellaronda_Bike_Day_2024-212x300.jpg\" alt=\"\" width=\"212\" height=\"300\" srcset=\"https:\/\/www.radiopiu.net\/wordpress\/wp-content\/uploads\/2024\/06\/LOCANDINA-Sellaronda_Bike_Day_2024-212x300.jpg 212w, https:\/\/www.radiopiu.net\/wordpress\/wp-content\/uploads\/2024\/06\/LOCANDINA-Sellaronda_Bike_Day_2024-724x1024.jpg 724w, https:\/\/www.radiopiu.net\/wordpress\/wp-content\/uploads\/2024\/06\/LOCANDINA-Sellaronda_Bike_Day_2024-768x1086.jpg 768w, https:\/\/www.radiopiu.net\/wordpress\/wp-content\/uploads\/2024\/06\/LOCANDINA-Sellaronda_Bike_Day_2024-1086x1536.jpg 1086w, https:\/\/www.radiopiu.net\/wordpress\/wp-content\/uploads\/2024\/06\/LOCANDINA-Sellaronda_Bike_Day_2024.jpg 1414w\" sizes=\"auto, (max-width: 212px) 100vw, 212px\" \/><\/a><strong>LIVINALLONGO\u00a0<\/strong> Sabato \u00e8\u00a0 l&#8217;atteso giorno del Sellaronda Bike Day,\u00a0 evento imperdibile per tutti gli appassionati di ciclismo e per chi desidera trascorrere una giornata all&#8217;insegna dello sport e della natura. La manifestazione, che si svolger\u00e0 nel suggestivo scenario delle Dolomiti, patrimonio mondiale dell&#8217;UNESCO, offre un&#8217;opportunit\u00e0 unica per pedalare lungo uno dei percorsi ciclistici pi\u00f9 spettacolari al mondo. <strong>Edizione:<\/strong> 18\u00b0 anno di effettuazione <strong>Orario strade riservate ai ciclisti:<\/strong> dalle 8:00 alle 14:30 <strong>Percorso:<\/strong> Sellaronda, il giro dei quattro passi (Passo Pordoi, Passo Campolongo, Passo Gardena e Passo Sella) <strong>Lunghezza:<\/strong> Circa 53 km <strong>Dislivello:<\/strong> 1.650 metri<\/p>\n<div class=\"flex flex-grow flex-col max-w-full\">\n<div class=\"min-h-[20px] text-message flex flex-col items-start whitespace-pre-wrap break-words [.text-message+&amp;]:mt-5 juice:w-full juice:items-end overflow-x-auto gap-2\" dir=\"auto\" data-message-author-role=\"assistant\" data-message-id=\"74fb6dc4-3c27-4bf7-9220-9507877ea73f\">\n<div class=\"flex w-full flex-col gap-1 juice:empty:hidden juice:first:pt-[3px]\">\n<div class=\"markdown prose w-full break-words dark:prose-invert dark\">\n<p><a class=\"dt-pswp-item\" href=\"https:\/\/www.radiopiu.net\/wordpress\/wp-content\/uploads\/2024\/06\/Percorso-Sellaronda-Bike-Day_08.06.2024.jpg\" data-dt-img-description=\"\" data-large_image_width=\"1500\" data-large_image_height=\"982\"><img loading=\"lazy\" decoding=\"async\" class=\"size-medium wp-image-393627 alignright\" src=\"https:\/\/www.radiopiu.net\/wordpress\/wp-content\/uploads\/2024\/06\/Percorso-Sellaronda-Bike-Day_08.06.2024-300x196.jpg\" alt=\"\" width=\"300\" height=\"196\" srcset=\"https:\/\/www.radiopiu.net\/wordpress\/wp-content\/uploads\/2024\/06\/Percorso-Sellaronda-Bike-Day_08.06.2024-300x196.jpg 300w, https:\/\/www.radiopiu.net\/wordpress\/wp-content\/uploads\/2024\/06\/Percorso-Sellaronda-Bike-Day_08.06.2024-1024x670.jpg 1024w, https:\/\/www.radiopiu.net\/wordpress\/wp-content\/uploads\/2024\/06\/Percorso-Sellaronda-Bike-Day_08.06.2024-768x503.jpg 768w, https:\/\/www.radiopiu.net\/wordpress\/wp-content\/uploads\/2024\/06\/Percorso-Sellaronda-Bike-Day_08.06.2024.jpg 1500w\" sizes=\"auto, (max-width: 300px) 100vw, 300px\" \/><\/a>Il Sellaronda Bike Day non \u00e8 una competizione, ma un evento non competitivo aperto a tutti, dagli appassionati di ciclismo agli amatori, dai pi\u00f9 giovani ai meno giovani. Per l&#8217;intera durata della manifestazione, le strade del percorso saranno chiuse al traffico motorizzato, permettendo ai partecipanti di pedalare in totale sicurezza e tranquillit\u00e0, godendo dei panorami mozzafiato delle Dolomiti. <strong>Iscrizione e Partecipazione:<\/strong> La partecipazione al Sellaronda Bike Day \u00e8 gratuita e non richiede iscrizione preventiva. I partecipanti possono partire liberamente da dove e quando vogliono. <strong>Sostenibilit\u00e0 e Ambiente:<\/strong> Il Sellaronda Bike Day promuove la sostenibilit\u00e0 e il rispetto per l&#8217;ambiente. I partecipanti sono invitati a mantenere pulito il percorso, utilizzando i cestini per i rifiuti presenti lungo il tragitto. L&#8217;evento vuole sensibilizzare all&#8217;importanza di uno stile di vita attivo e del rispetto della natura. <strong>Per Maggiori Informazioni:<\/strong> Per ulteriori dettagli sull&#8217;evento, \u00e8 possibile visitare il sito ufficiale [<a href=\"http:\/\/www.sellarondabikeday.com\" target=\"_new\" rel=\"noreferrer noopener\">www.sellarondabikeday.com<\/a>] o contattare l&#8217;organizzazione tramite email all&#8217;indirizzo [<a rel=\"noreferrer\">info@sellarondabikeday.com<\/a>].<\/p>\n<\/div>\n<\/div>\n<\/div>\n<\/div>\n<div class=\"flex items-center pb-0.5 juice:pb-0\">\n\n\t\t\t<style type='text\/css'>\n\t\t\t\t#gallery-3 {\n\t\t\t\t\tmargin: auto;\n\t\t\t\t}\n\t\t\t\t#gallery-3 .gallery-item {\n\t\t\t\t\tfloat: left;\n\t\t\t\t\tmargin-top: 10px;\n\t\t\t\t\ttext-align: center;\n\t\t\t\t\twidth: 50%;\n\t\t\t\t}\n\t\t\t\t#gallery-3 img {\n\t\t\t\t\tborder: 2px solid #cfcfcf;\n\t\t\t\t}\n\t\t\t\t#gallery-3 .gallery-caption {\n\t\t\t\t\tmargin-left: 0;\n\t\t\t\t}\n\t\t\t\t\/* see gallery_shortcode() in wp-includes\/media.php *\/\n\t\t\t<\/style>\n\t\t<div id='gallery-3' class='dt-gallery-container gallery galleryid-393515 gallery-columns-2 gallery-size-medium'><dl class='gallery-item'>\n\t\t\t\t<dt class='gallery-icon landscape'>\n\t\t\t\t\t<a class=\"rollover rollover-zoom dt-pswp-item\" title=\"SBD23-473_\u00a9janpaul_irsara\" data-dt-img-description=\"\" data-large_image_width=\"2560\" data-large_image_height=\"1707\"href='https:\/\/www.radiopiu.net\/wordpress\/wp-content\/uploads\/2024\/06\/SBD23-473_\u00a9janpaul_irsara-scaled.jpg'><img loading=\"lazy\" decoding=\"async\" width=\"300\" height=\"200\" src=\"https:\/\/www.radiopiu.net\/wordpress\/wp-content\/uploads\/2024\/06\/SBD23-473_\u00a9janpaul_irsara-300x200.jpg\" class=\"attachment-medium size-medium\" alt=\"\" srcset=\"https:\/\/www.radiopiu.net\/wordpress\/wp-content\/uploads\/2024\/06\/SBD23-473_\u00a9janpaul_irsara-300x200.jpg 300w, https:\/\/www.radiopiu.net\/wordpress\/wp-content\/uploads\/2024\/06\/SBD23-473_\u00a9janpaul_irsara-1024x683.jpg 1024w, https:\/\/www.radiopiu.net\/wordpress\/wp-content\/uploads\/2024\/06\/SBD23-473_\u00a9janpaul_irsara-768x512.jpg 768w, https:\/\/www.radiopiu.net\/wordpress\/wp-content\/uploads\/2024\/06\/SBD23-473_\u00a9janpaul_irsara-1536x1024.jpg 1536w, https:\/\/www.radiopiu.net\/wordpress\/wp-content\/uploads\/2024\/06\/SBD23-473_\u00a9janpaul_irsara-2048x1365.jpg 2048w\" sizes=\"auto, (max-width: 300px) 100vw, 300px\" \/><\/a>\n\t\t\t\t<\/dt><\/dl><dl class='gallery-item'>\n\t\t\t\t<dt class='gallery-icon landscape'>\n\t\t\t\t\t<a class=\"rollover rollover-zoom dt-pswp-item\" title=\"SBD23-460_\u00a9janpaul_irsara\" data-dt-img-description=\"\" data-large_image_width=\"2560\" data-large_image_height=\"1707\"href='https:\/\/www.radiopiu.net\/wordpress\/wp-content\/uploads\/2024\/06\/SBD23-460_\u00a9janpaul_irsara-scaled.jpg'><img loading=\"lazy\" decoding=\"async\" width=\"300\" height=\"200\" src=\"https:\/\/www.radiopiu.net\/wordpress\/wp-content\/uploads\/2024\/06\/SBD23-460_\u00a9janpaul_irsara-300x200.jpg\" class=\"attachment-medium size-medium\" alt=\"\" srcset=\"https:\/\/www.radiopiu.net\/wordpress\/wp-content\/uploads\/2024\/06\/SBD23-460_\u00a9janpaul_irsara-300x200.jpg 300w, https:\/\/www.radiopiu.net\/wordpress\/wp-content\/uploads\/2024\/06\/SBD23-460_\u00a9janpaul_irsara-1024x683.jpg 1024w, https:\/\/www.radiopiu.net\/wordpress\/wp-content\/uploads\/2024\/06\/SBD23-460_\u00a9janpaul_irsara-768x512.jpg 768w, https:\/\/www.radiopiu.net\/wordpress\/wp-content\/uploads\/2024\/06\/SBD23-460_\u00a9janpaul_irsara-1536x1024.jpg 1536w, https:\/\/www.radiopiu.net\/wordpress\/wp-content\/uploads\/2024\/06\/SBD23-460_\u00a9janpaul_irsara-2048x1365.jpg 2048w\" sizes=\"auto, (max-width: 300px) 100vw, 300px\" \/><\/a>\n\t\t\t\t<\/dt><\/dl><br style=\"clear: both\" \/>\n\t\t\t<\/div>\n\n<\/div>\n<div><\/div>\n<\/div>\n<p>&nbsp;<\/p>\n<p>&nbsp;<\/p>\n<hr \/>\n<p>&nbsp;<\/p>\n<\/div>\n<\/div>\n<\/div>\n<\/div>\n<\/div>\n<\/div>\n<blockquote>\n<h3>A TEATRO CON SCUOLE IN RETE<\/h3>\n<\/blockquote>\n<p><strong><a class=\"dt-pswp-item\" href=\"https:\/\/www.radiopiu.net\/wordpress\/wp-content\/uploads\/2024\/06\/60187496_1110835259117244_1967145517498499072_o-1.jpg\" data-dt-img-description=\"\" data-large_image_width=\"1772\" data-large_image_height=\"1183\"><img loading=\"lazy\" decoding=\"async\" class=\" wp-image-393049 alignleft\" src=\"https:\/\/www.radiopiu.net\/wordpress\/wp-content\/uploads\/2024\/06\/60187496_1110835259117244_1967145517498499072_o-1-300x200.jpg\" alt=\"\" width=\"170\" height=\"113\" srcset=\"https:\/\/www.radiopiu.net\/wordpress\/wp-content\/uploads\/2024\/06\/60187496_1110835259117244_1967145517498499072_o-1-300x200.jpg 300w, https:\/\/www.radiopiu.net\/wordpress\/wp-content\/uploads\/2024\/06\/60187496_1110835259117244_1967145517498499072_o-1-1024x684.jpg 1024w, https:\/\/www.radiopiu.net\/wordpress\/wp-content\/uploads\/2024\/06\/60187496_1110835259117244_1967145517498499072_o-1-768x513.jpg 768w, https:\/\/www.radiopiu.net\/wordpress\/wp-content\/uploads\/2024\/06\/60187496_1110835259117244_1967145517498499072_o-1-1536x1025.jpg 1536w, https:\/\/www.radiopiu.net\/wordpress\/wp-content\/uploads\/2024\/06\/60187496_1110835259117244_1967145517498499072_o-1.jpg 1772w\" sizes=\"auto, (max-width: 170px) 100vw, 170px\" \/><\/a>BELLUNO<\/strong> Le Scuole in rete organizzano oggi lo spettacolo &#8220;Domani \u00e8 bello&#8221; con Michele Dotti ed Erica Boschiero al Teatro Dino Buzzati di Belluno, con ingresso libero: la sera alle 20:30 per tutti e al mattino per gli studenti delle superiori. L&#8217;evento conclude il meeting di fine anno delle Scuole in Rete, in collaborazione con vari enti locali. La giornata prevede teatro e attivit\u00e0 educative, con Dotti, educatore e scrittore, e Boschiero, cantautrice impegnata nei diritti umani. Il progetto mira a promuovere cambiamenti positivi e soluzioni ai problemi attuali. La mattina include giochi ambientali, merenda equosolidale e presentazioni delle scuole e progetti di volontariato.<\/p>\n<p>&nbsp;<\/p>\n<hr \/>\n<p>&nbsp;<\/p>\n<blockquote>\n<h3>DOMANI LE CAROVANE POETICHE A BELLUNO<\/h3>\n<\/blockquote>\n<p><strong><a class=\"dt-pswp-item\" href=\"https:\/\/www.radiopiu.net\/wordpress\/wp-content\/uploads\/2024\/06\/Bretelle-Lasche.jpg\" data-dt-img-description=\"\" data-large_image_width=\"1750\" data-large_image_height=\"1167\"><img loading=\"lazy\" decoding=\"async\" class=\" wp-image-393595 alignleft\" src=\"https:\/\/www.radiopiu.net\/wordpress\/wp-content\/uploads\/2024\/06\/Bretelle-Lasche-300x200.jpg\" alt=\"\" width=\"170\" height=\"113\" srcset=\"https:\/\/www.radiopiu.net\/wordpress\/wp-content\/uploads\/2024\/06\/Bretelle-Lasche-300x200.jpg 300w, https:\/\/www.radiopiu.net\/wordpress\/wp-content\/uploads\/2024\/06\/Bretelle-Lasche-1024x683.jpg 1024w, https:\/\/www.radiopiu.net\/wordpress\/wp-content\/uploads\/2024\/06\/Bretelle-Lasche-768x512.jpg 768w, https:\/\/www.radiopiu.net\/wordpress\/wp-content\/uploads\/2024\/06\/Bretelle-Lasche-1536x1024.jpg 1536w, https:\/\/www.radiopiu.net\/wordpress\/wp-content\/uploads\/2024\/06\/Bretelle-Lasche.jpg 1750w\" sizes=\"auto, (max-width: 170px) 100vw, 170px\" \/><\/a>BELLUNO<\/strong> Domani le &#8220;carovane poetiche&#8221; percorreranno il centro storico di Belluno con l&#8217;evento &#8220;Fortemente Donne &#8211; Storie di donne bellunesi&#8221;. Questo teatro itinerante \u00e8 organizzato dalle compagnie teatrali amatoriali bellunesi affiliate alla Unione Italiana Libero Teatro, e promosso dalla UILT Veneto nell&#8217;ambito del &#8220;Progetto Donna UILT&#8221;. I gruppi coinvolti, Bretelle Lasche, Farine Fossili, Gruppo teatrale Zumellese, I Comelianti, Lavori in Corso e Se Queris, metteranno in scena esibizioni all&#8217;aperto in vari punti della citt\u00e0, raccontando storie di donne che hanno avuto un impatto significativo sulla comunit\u00e0 bellunese. Gli spettacoli inizieranno alle 9:30 e si svolgeranno in diverse piazze fino a mezzogiorno. In caso di maltempo, l&#8217;evento sar\u00e0 rinviato al 15 giugno.<\/p>\n<p><strong>IL PROGRAMMA DELL&#8217;EVENTO<\/strong><\/p>\n<a href=\"https:\/\/www.radiopiu.net\/wordpress\/wp-content\/uploads\/2024\/06\/man32x47_FortDonne.pdf\" class=\"pdfemb-viewer\" style=\"\" data-width=\"max\" data-height=\"max\" data-toolbar=\"top\" data-toolbar-fixed=\"on\">man32x47_FortDonne<\/a>\n<p>&nbsp;<\/p>\n<hr \/>\n<p>&nbsp;<\/p>\n<p>&nbsp;<\/p>\n<blockquote>\n<h2>Musica nell\u2019Agordino, la 31\u00aa edizione tra classica, folk e luoghi incantevoli<\/h2>\n<\/blockquote>\n<p><img loading=\"lazy\" decoding=\"async\" class=\"alignleft\" src=\"https:\/\/www.radiopiu.net\/wordpress\/wp-content\/uploads\/2024\/06\/cantemus-choir-1-scaled.jpg\" width=\"198\" height=\"132\" \/><strong>AGORDO<\/strong> Anche quest&#8217;estate, Musica nell\u2019Agordino offre un ricco programma per la sua trentunesima edizione, arricchendo l&#8217;offerta culturale della Valle per residenti e turisti. L&#8217;apertura sar\u00e0 il concerto per coro, organo e due violini nella Chiesa Arcidiaconale di Agordo. Tra i momenti salienti, l&#8217;attesa serata di Agordo Etno Musica nei giardini di Palazzo Crotta De Manzoni con danze e musiche internazionali. Ad agosto, la settimana organistica valorizzer\u00e0 le Chiese della vallata. Eventi speciali includeranno concerti nel castello di Andraz e nella Chiesetta di San Lucano, culminando con il tradizionale concerto del coro Valbiois a Falcade.<\/p>\n<p><strong>IL PROGRAMMA<\/strong><\/p>\n<a href=\"https:\/\/www.radiopiu.net\/wordpress\/wp-content\/uploads\/2024\/06\/Musica-nellAgordino-2024-Programma-FINALE-rev.-31-maggio-2024.pdf\" class=\"pdfemb-viewer\" style=\"\" data-width=\"max\" data-height=\"max\" data-toolbar=\"top\" data-toolbar-fixed=\"on\">Musica nell&#039;Agordino 2024 - Programma FINALE (rev. 31 maggio 2024)<\/a>\n<p>&nbsp;<\/p>\n<hr \/>\n<p>&nbsp;<\/p>\n<blockquote>\n<h3>CONCORSO LETTERARIO EL BON DE L&#8217;ANSUDA 2024<\/h3>\n<\/blockquote>\n<p><strong><a class=\"dt-pswp-item\" href=\"https:\/\/www.radiopiu.net\/wordpress\/wp-content\/uploads\/2024\/05\/25ae05cb-ebc0-458f-ba62-d1b38063b096.jpg\" data-dt-img-description=\"\" data-large_image_width=\"1600\" data-large_image_height=\"1600\"><img loading=\"lazy\" decoding=\"async\" class=\" wp-image-391644 alignleft\" src=\"https:\/\/www.radiopiu.net\/wordpress\/wp-content\/uploads\/2024\/05\/25ae05cb-ebc0-458f-ba62-d1b38063b096-300x300.jpg\" alt=\"\" width=\"138\" height=\"138\" srcset=\"https:\/\/www.radiopiu.net\/wordpress\/wp-content\/uploads\/2024\/05\/25ae05cb-ebc0-458f-ba62-d1b38063b096-300x300.jpg 300w, https:\/\/www.radiopiu.net\/wordpress\/wp-content\/uploads\/2024\/05\/25ae05cb-ebc0-458f-ba62-d1b38063b096-1024x1024.jpg 1024w, https:\/\/www.radiopiu.net\/wordpress\/wp-content\/uploads\/2024\/05\/25ae05cb-ebc0-458f-ba62-d1b38063b096-150x150.jpg 150w, https:\/\/www.radiopiu.net\/wordpress\/wp-content\/uploads\/2024\/05\/25ae05cb-ebc0-458f-ba62-d1b38063b096-768x768.jpg 768w, https:\/\/www.radiopiu.net\/wordpress\/wp-content\/uploads\/2024\/05\/25ae05cb-ebc0-458f-ba62-d1b38063b096-1536x1536.jpg 1536w, https:\/\/www.radiopiu.net\/wordpress\/wp-content\/uploads\/2024\/05\/25ae05cb-ebc0-458f-ba62-d1b38063b096.jpg 1600w\" sizes=\"auto, (max-width: 138px) 100vw, 138px\" \/><\/a>FALCADE <\/strong>Il Concorso letterario &#8220;EL BON DE L&#8217;ANSUDA&#8221; 2024 \u00e8 aperto ad autori italiani e stranieri per racconti inediti in lingua italiana, con il tema &#8220;La Primavera e il legno&#8221;. Sono previste tre categorie: &#8220;El Bon De l&#8217;Ansuda POP&#8221; per bambini fino a 13 anni; &#8220;El Bon de l&#8217;Ansuda DOVEGN&#8221; per ragazzi dai 14 ai 18 anni; &#8220;El Bon de l&#8217;Ansuda MADUR&#8221; per adulti dai 19 anni in su. I racconti, lunghi massimo 16.000 battute con una tolleranza del 10%, devono essere inviati in formato .pdf all&#8217;indirizzo <a target=\"_new\" rel=\"noreferrer noopener\">concorso.bonansuda@gmail.com<\/a> entro il 7 giugno 2024. Il file non deve contenere dati personali, che invece vanno inclusi nel corpo dell&#8217;e-mail insieme a una dichiarazione di inedicit\u00e0 dell&#8217;opera. Per i minorenni \u00e8 necessaria la firma di un genitore. Una giuria selezioner\u00e0 un vincitore per categoria, con valutazioni insindacabili. Partecipare al concorso implica l&#8217;autorizzazione alla pubblicazione del racconto e all&#8217;uso dei dati personali per comunicazioni relative al concorso. Gli autori rinunciano a qualsiasi pretesa economica sui profitti derivanti dalle vendite delle opere pubblicate. La premiazione si terr\u00e0 il 16 giugno 2024 alle 17:00 presso l&#8217;info point dell&#8217;evento.<\/p>\n<p>&nbsp;<\/p>\n<hr \/>\n<p>&nbsp;<\/p>\n<div dir=\"auto\">\n<blockquote>\n<h3><a class=\"dt-pswp-item\" href=\"https:\/\/www.radiopiu.net\/wordpress\/wp-content\/uploads\/2024\/06\/FESTA_ABM_FALCADE_2024.jpeg\" data-dt-img-description=\"\" data-large_image_width=\"1240\" data-large_image_height=\"1754\"><img loading=\"lazy\" decoding=\"async\" class=\"wp-image-393436 alignleft\" src=\"https:\/\/www.radiopiu.net\/wordpress\/wp-content\/uploads\/2024\/06\/FESTA_ABM_FALCADE_2024-212x300.jpeg\" alt=\"\" width=\"134\" height=\"190\" srcset=\"https:\/\/www.radiopiu.net\/wordpress\/wp-content\/uploads\/2024\/06\/FESTA_ABM_FALCADE_2024-212x300.jpeg 212w, https:\/\/www.radiopiu.net\/wordpress\/wp-content\/uploads\/2024\/06\/FESTA_ABM_FALCADE_2024-724x1024.jpeg 724w, https:\/\/www.radiopiu.net\/wordpress\/wp-content\/uploads\/2024\/06\/FESTA_ABM_FALCADE_2024-768x1086.jpeg 768w, https:\/\/www.radiopiu.net\/wordpress\/wp-content\/uploads\/2024\/06\/FESTA_ABM_FALCADE_2024-1086x1536.jpeg 1086w, https:\/\/www.radiopiu.net\/wordpress\/wp-content\/uploads\/2024\/06\/FESTA_ABM_FALCADE_2024.jpeg 1240w\" sizes=\"auto, (max-width: 134px) 100vw, 134px\" \/><\/a>FESTA DEI BELLUNESI NEL MONDO IL 16 GIUGNO A FALCADE<\/h3>\n<\/blockquote>\n<p>Torna la tradizionale &#8220;Festa dei bellunesi nel mondo&#8221;, organizzata dall\u2019Associazione Bellunesi nel Mondo. Quest&#8217;anno l&#8217;evento si terr\u00e0 domenica 16 giugno a Falcade, grazie alla collaborazione del sindaco di Falcade e altre realt\u00e0 locali. Il presidente dell&#8217;Abm, Oscar De Bona, invita tutti a partecipare anche alla festa di primavera &#8220;El bon de l\u2019ansuda&#8221;. L&#8217;evento \u00e8 parte dell&#8217;anno del &#8220;Turismo delle radici&#8221;, promosso dal Ministero degli Esteri e sostenuto dal Pnrr. Durante la giornata si terranno una guida sul turismo delle radici, un laboratorio di genealogia, una Messa e un pranzo comunitario. Per il pranzo \u00e8 necessaria la prenotazione, contattando l&#8217;Abm allo 0437 941160 o inviando una mail a: <a href=\"mailto:info@bellunesinelmondo.it\">info@bellunesinelmondo.it<\/a>.<\/p>\n<p>&nbsp;<\/p>\n<hr \/>\n<p>&nbsp;<\/p>\n<p>&nbsp;<\/p>\n<blockquote>\n<h3><a class=\"dt-pswp-item\" href=\"https:\/\/www.radiopiu.net\/wordpress\/wp-content\/uploads\/2024\/06\/20240518_183719-scaled.jpg\" data-dt-img-description=\"\" data-large_image_width=\"2560\" data-large_image_height=\"1920\"><img loading=\"lazy\" decoding=\"async\" class=\"wp-image-393619 alignleft\" src=\"https:\/\/www.radiopiu.net\/wordpress\/wp-content\/uploads\/2024\/06\/20240518_183719-300x225.jpg\" alt=\"\" width=\"106\" height=\"80\" srcset=\"https:\/\/www.radiopiu.net\/wordpress\/wp-content\/uploads\/2024\/06\/20240518_183719-300x225.jpg 300w, https:\/\/www.radiopiu.net\/wordpress\/wp-content\/uploads\/2024\/06\/20240518_183719-1024x768.jpg 1024w, https:\/\/www.radiopiu.net\/wordpress\/wp-content\/uploads\/2024\/06\/20240518_183719-768x576.jpg 768w, https:\/\/www.radiopiu.net\/wordpress\/wp-content\/uploads\/2024\/06\/20240518_183719-1536x1152.jpg 1536w, https:\/\/www.radiopiu.net\/wordpress\/wp-content\/uploads\/2024\/06\/20240518_183719-2048x1536.jpg 2048w\" sizes=\"auto, (max-width: 106px) 100vw, 106px\" \/><\/a>Mostra di Ricami Botanici al Museo Etnografico Prolungata<\/h3>\n<\/blockquote>\n<div class=\"flex flex-grow flex-col max-w-full\">\n<div class=\"min-h-[20px] text-message flex flex-col items-start whitespace-pre-wrap break-words [.text-message+&amp;]:mt-5 juice:w-full juice:items-end overflow-x-auto gap-2\" dir=\"auto\" data-message-author-role=\"assistant\" data-message-id=\"3b4c5d83-22e3-4a90-8aa9-c967b9fff1dd\">\n<div class=\"flex w-full flex-col gap-1 juice:empty:hidden juice:first:pt-[3px]\">\n<div class=\"markdown prose w-full break-words dark:prose-invert dark\">\n<p><strong>BELLUNO<\/strong> Successo per la rassegna sulle rose al Museo Etnografico di Belluno, con centinaia di visitatori. La mostra &#8220;Rose e fiori dipinti con l&#8217;ago&#8221; di Anna Ceolin, ispirata a P.J. Redout\u00e9, prosegue fino al 16 giugno. Il giardino delle rose rimane aperto per le ultime fioriture.<\/p>\n<\/div>\n<\/div>\n<\/div>\n<\/div>\n<p>&nbsp;<\/p>\n<\/div>\n<hr \/>\n<p>&nbsp;<\/p>\n<blockquote>\n<h3><a class=\"dt-pswp-item\" href=\"https:\/\/www.radiopiu.net\/wordpress\/wp-content\/uploads\/2024\/05\/b3c8f62b-305a-47e9-afc6-69820fcd3900.jpg\" data-dt-img-description=\"\" data-large_image_width=\"1131\" data-large_image_height=\"1600\"><img loading=\"lazy\" decoding=\"async\" class=\" wp-image-392575 alignleft\" src=\"https:\/\/www.radiopiu.net\/wordpress\/wp-content\/uploads\/2024\/05\/b3c8f62b-305a-47e9-afc6-69820fcd3900-212x300.jpg\" alt=\"\" width=\"102\" height=\"144\" srcset=\"https:\/\/www.radiopiu.net\/wordpress\/wp-content\/uploads\/2024\/05\/b3c8f62b-305a-47e9-afc6-69820fcd3900-212x300.jpg 212w, https:\/\/www.radiopiu.net\/wordpress\/wp-content\/uploads\/2024\/05\/b3c8f62b-305a-47e9-afc6-69820fcd3900-724x1024.jpg 724w, https:\/\/www.radiopiu.net\/wordpress\/wp-content\/uploads\/2024\/05\/b3c8f62b-305a-47e9-afc6-69820fcd3900-768x1086.jpg 768w, https:\/\/www.radiopiu.net\/wordpress\/wp-content\/uploads\/2024\/05\/b3c8f62b-305a-47e9-afc6-69820fcd3900-1086x1536.jpg 1086w, https:\/\/www.radiopiu.net\/wordpress\/wp-content\/uploads\/2024\/05\/b3c8f62b-305a-47e9-afc6-69820fcd3900.jpg 1131w\" sizes=\"auto, (max-width: 102px) 100vw, 102px\" \/><\/a>IL CENTESIMO ANNIVERSARIO DELL&#8217;ASSASINIO DI MATTEOTTI A BELLUNO<\/h3>\n<\/blockquote>\n<p><strong>DI ROBERTO BONA<\/strong><\/p>\n<audio class=\"wp-audio-shortcode\" id=\"audio-393515-12\" preload=\"none\" style=\"width: 100%;\" controls=\"controls\"><source type=\"audio\/mpeg\" src=\"https:\/\/www.radiopiu.net\/wordpress\/wp-content\/uploads\/2024\/05\/BONA-CENTESIMO-ANNIVERSARIO-MATTEOTTI-SCADENZA-15-GIUGNO.mp3?_=12\" \/><a href=\"https:\/\/www.radiopiu.net\/wordpress\/wp-content\/uploads\/2024\/05\/BONA-CENTESIMO-ANNIVERSARIO-MATTEOTTI-SCADENZA-15-GIUGNO.mp3\">https:\/\/www.radiopiu.net\/wordpress\/wp-content\/uploads\/2024\/05\/BONA-CENTESIMO-ANNIVERSARIO-MATTEOTTI-SCADENZA-15-GIUGNO.mp3<\/a><\/audio>\n<p>&nbsp;<\/p>\n<hr \/>\n<p>&nbsp;<\/p>\n<h2><span style=\"color: #ff6600;\">ALLA RADIO\u00a0\u00a0<\/span><\/h2>\n<h2><span style=\"color: #ff0000;\">TIME 4 YOU, CON ROBERTO VISENTINI<\/span><\/h2>\n<p><strong><a class=\"dt-pswp-item\" href=\"https:\/\/www.radiopiu.net\/wordpress\/wp-content\/uploads\/2024\/06\/21791208-e1ea-4322-8746-470f2a8d7200.jpg\" data-dt-img-description=\"\" data-large_image_width=\"1080\" data-large_image_height=\"1920\"><img loading=\"lazy\" decoding=\"async\" class=\" wp-image-393576 alignleft\" src=\"https:\/\/www.radiopiu.net\/wordpress\/wp-content\/uploads\/2024\/06\/21791208-e1ea-4322-8746-470f2a8d7200-169x300.jpg\" alt=\"\" width=\"103\" height=\"183\" srcset=\"https:\/\/www.radiopiu.net\/wordpress\/wp-content\/uploads\/2024\/06\/21791208-e1ea-4322-8746-470f2a8d7200-169x300.jpg 169w, https:\/\/www.radiopiu.net\/wordpress\/wp-content\/uploads\/2024\/06\/21791208-e1ea-4322-8746-470f2a8d7200-576x1024.jpg 576w, https:\/\/www.radiopiu.net\/wordpress\/wp-content\/uploads\/2024\/06\/21791208-e1ea-4322-8746-470f2a8d7200-768x1365.jpg 768w, https:\/\/www.radiopiu.net\/wordpress\/wp-content\/uploads\/2024\/06\/21791208-e1ea-4322-8746-470f2a8d7200-864x1536.jpg 864w, https:\/\/www.radiopiu.net\/wordpress\/wp-content\/uploads\/2024\/06\/21791208-e1ea-4322-8746-470f2a8d7200.jpg 1080w\" sizes=\"auto, (max-width: 103px) 100vw, 103px\" \/><\/a>DI MARINA DONA&#8217;<\/strong><\/p>\n<p>OSPITE: Roberto Visentini<\/p>\n<p><strong>PRIMA PARTE<\/strong><\/p>\n<audio class=\"wp-audio-shortcode\" id=\"audio-393515-13\" preload=\"none\" style=\"width: 100%;\" controls=\"controls\"><source type=\"audio\/mpeg\" src=\"https:\/\/www.radiopiu.net\/wordpress\/wp-content\/uploads\/2024\/06\/TIME-4-ME-ROBERTO-VISENTINI-1.mp3?_=13\" \/><a href=\"https:\/\/www.radiopiu.net\/wordpress\/wp-content\/uploads\/2024\/06\/TIME-4-ME-ROBERTO-VISENTINI-1.mp3\">https:\/\/www.radiopiu.net\/wordpress\/wp-content\/uploads\/2024\/06\/TIME-4-ME-ROBERTO-VISENTINI-1.mp3<\/a><\/audio>\n<p>&nbsp;<\/p>\n<p><strong>SECONDA PARTE<\/strong><\/p>\n<audio class=\"wp-audio-shortcode\" id=\"audio-393515-14\" preload=\"none\" style=\"width: 100%;\" controls=\"controls\"><source type=\"audio\/mpeg\" src=\"https:\/\/www.radiopiu.net\/wordpress\/wp-content\/uploads\/2024\/06\/TIME-4-ME-ROBERTO-VISENTINI-2.mp3?_=14\" \/><a href=\"https:\/\/www.radiopiu.net\/wordpress\/wp-content\/uploads\/2024\/06\/TIME-4-ME-ROBERTO-VISENTINI-2.mp3\">https:\/\/www.radiopiu.net\/wordpress\/wp-content\/uploads\/2024\/06\/TIME-4-ME-ROBERTO-VISENTINI-2.mp3<\/a><\/audio>\n<p>&nbsp;<\/p>\n<p><strong>TERZA PARTE<\/strong><\/p>\n<audio class=\"wp-audio-shortcode\" id=\"audio-393515-15\" preload=\"none\" style=\"width: 100%;\" controls=\"controls\"><source type=\"audio\/mpeg\" src=\"https:\/\/www.radiopiu.net\/wordpress\/wp-content\/uploads\/2024\/06\/TIME-4-ME-ROBERTO-VISENTINI-3.mp3?_=15\" \/><a href=\"https:\/\/www.radiopiu.net\/wordpress\/wp-content\/uploads\/2024\/06\/TIME-4-ME-ROBERTO-VISENTINI-3.mp3\">https:\/\/www.radiopiu.net\/wordpress\/wp-content\/uploads\/2024\/06\/TIME-4-ME-ROBERTO-VISENTINI-3.mp3<\/a><\/audio>\n<p>&nbsp;<\/p>\n<hr \/>\n<p>&nbsp;<\/p>\n<h2><span style=\"color: #993366;\"><a class=\"dt-pswp-item\" href=\"https:\/\/www.radiopiu.net\/wordpress\/wp-content\/uploads\/2024\/06\/c2f4f425-e175-4bc7-918a-e3d1330c6c31.jpg\" data-dt-img-description=\"\" data-large_image_width=\"1080\" data-large_image_height=\"907\"><img loading=\"lazy\" decoding=\"async\" class=\" wp-image-393091 alignleft\" src=\"https:\/\/www.radiopiu.net\/wordpress\/wp-content\/uploads\/2024\/06\/c2f4f425-e175-4bc7-918a-e3d1330c6c31-300x252.jpg\" alt=\"\" width=\"119\" height=\"100\" srcset=\"https:\/\/www.radiopiu.net\/wordpress\/wp-content\/uploads\/2024\/06\/c2f4f425-e175-4bc7-918a-e3d1330c6c31-300x252.jpg 300w, https:\/\/www.radiopiu.net\/wordpress\/wp-content\/uploads\/2024\/06\/c2f4f425-e175-4bc7-918a-e3d1330c6c31-1024x860.jpg 1024w, https:\/\/www.radiopiu.net\/wordpress\/wp-content\/uploads\/2024\/06\/c2f4f425-e175-4bc7-918a-e3d1330c6c31-768x645.jpg 768w, https:\/\/www.radiopiu.net\/wordpress\/wp-content\/uploads\/2024\/06\/c2f4f425-e175-4bc7-918a-e3d1330c6c31.jpg 1080w\" sizes=\"auto, (max-width: 119px) 100vw, 119px\" \/><\/a>ZAINO DA VIAGGIO AL FEMMINILE<\/span><\/h2>\n<p><strong>IL PROGRAMMA DI PAOLA LANCIATO<\/strong><\/p>\n<p>SECONDA PUNTATA: IL RICETTO DI CANDELO<\/p>\n<blockquote class=\"wp-embedded-content\" data-secret=\"IgkKkzBln3\"><p><a href=\"https:\/\/www.radiopiu.net\/wordpress\/zaino-femminile-lanciato\/\">Zaino da viaggio al femminile<\/a><\/p><\/blockquote>\n<p><iframe loading=\"lazy\" class=\"wp-embedded-content\" sandbox=\"allow-scripts\" security=\"restricted\" style=\"position: absolute; clip: rect(1px, 1px, 1px, 1px);\" title=\"&#8220;Zaino da viaggio al femminile&#8221; &#8212; Radio Pi\u00f9\" src=\"https:\/\/www.radiopiu.net\/wordpress\/zaino-femminile-lanciato\/embed\/#?secret=FLNMrB0I1O#?secret=IgkKkzBln3\" data-secret=\"IgkKkzBln3\" width=\"600\" height=\"338\" frameborder=\"0\" marginwidth=\"0\" marginheight=\"0\" scrolling=\"no\"><\/iframe><\/p>\n<p>&nbsp;<\/p>\n<p>&nbsp;<\/p>\n<hr \/>\n<p>&nbsp;<\/p>\n<h2><span style=\"color: #33cccc;\">I CONSIGLI DI GIANLUCA DA DOLOMITI BEER &amp; WINE SHOP DA NAPI<\/span><\/h2>\n<p><a class=\"dt-pswp-item\" href=\"https:\/\/www.radiopiu.net\/wordpress\/wp-content\/uploads\/2020\/05\/DOLOMITI-BEER.png\" data-dt-img-description=\"\" data-large_image_width=\"812\" data-large_image_height=\"450\"><img loading=\"lazy\" decoding=\"async\" class=\" wp-image-139660 alignleft\" src=\"https:\/\/www.radiopiu.net\/wordpress\/wp-content\/uploads\/2020\/05\/DOLOMITI-BEER-300x166.png\" alt=\"\" width=\"179\" height=\"99\" srcset=\"https:\/\/www.radiopiu.net\/wordpress\/wp-content\/uploads\/2020\/05\/DOLOMITI-BEER-300x166.png 300w, https:\/\/www.radiopiu.net\/wordpress\/wp-content\/uploads\/2020\/05\/DOLOMITI-BEER-768x426.png 768w, https:\/\/www.radiopiu.net\/wordpress\/wp-content\/uploads\/2020\/05\/DOLOMITI-BEER.png 812w\" sizes=\"auto, (max-width: 179px) 100vw, 179px\" \/><\/a>Gianluca Rossi di Dolomiti Beer &amp; Wine Shop da Napi ai microfoni di Radio Pi\u00f9 per dare dei consigli utili.<\/p>\n<p><strong>CONSIGLIO 1<\/strong><\/p>\n<audio class=\"wp-audio-shortcode\" id=\"audio-393515-16\" preload=\"none\" style=\"width: 100%;\" controls=\"controls\"><source type=\"audio\/mpeg\" src=\"https:\/\/www.radiopiu.net\/wordpress\/wp-content\/uploads\/2024\/06\/GIANLUCA-123-1.mp3?_=16\" \/><a href=\"https:\/\/www.radiopiu.net\/wordpress\/wp-content\/uploads\/2024\/06\/GIANLUCA-123-1.mp3\">https:\/\/www.radiopiu.net\/wordpress\/wp-content\/uploads\/2024\/06\/GIANLUCA-123-1.mp3<\/a><\/audio>\n<p>&nbsp;<\/p>\n<p><strong>CONSIGLIO 2<\/strong><\/p>\n<audio class=\"wp-audio-shortcode\" id=\"audio-393515-17\" preload=\"none\" style=\"width: 100%;\" controls=\"controls\"><source type=\"audio\/mpeg\" src=\"https:\/\/www.radiopiu.net\/wordpress\/wp-content\/uploads\/2024\/06\/GIANLUCA-123-2.mp3?_=17\" \/><a href=\"https:\/\/www.radiopiu.net\/wordpress\/wp-content\/uploads\/2024\/06\/GIANLUCA-123-2.mp3\">https:\/\/www.radiopiu.net\/wordpress\/wp-content\/uploads\/2024\/06\/GIANLUCA-123-2.mp3<\/a><\/audio>\n<p>&nbsp;<\/p>\n<p><strong>CONSIGLIO 3<\/strong><\/p>\n<audio class=\"wp-audio-shortcode\" id=\"audio-393515-18\" preload=\"none\" style=\"width: 100%;\" controls=\"controls\"><source type=\"audio\/mpeg\" src=\"https:\/\/www.radiopiu.net\/wordpress\/wp-content\/uploads\/2024\/06\/GIANLUCA-123-3.mp3?_=18\" \/><a href=\"https:\/\/www.radiopiu.net\/wordpress\/wp-content\/uploads\/2024\/06\/GIANLUCA-123-3.mp3\">https:\/\/www.radiopiu.net\/wordpress\/wp-content\/uploads\/2024\/06\/GIANLUCA-123-3.mp3<\/a><\/audio>\n<p>&nbsp;<\/p>\n<hr \/>\n<p>&nbsp;<\/p>\n<h2><span style=\"color: #ff0000;\">DAL SITO DI RADIO PIU&#8230; ALCUNI PODCAST, I PIU&#8217; VISUALIZZATI NELLA SETTIMANA&#8230;\u00a0<\/span><\/h2>\n<blockquote class=\"wp-embedded-content\" data-secret=\"N1SOBsw3Tp\"><p><a href=\"https:\/\/www.radiopiu.net\/wordpress\/biblioteca-del-territorio-i-podcast-di-radiopiu\/\">BIBLIOTECA DEL TERRITORIO&#8230; I PODCAST DI RADIOPIU<\/a><\/p><\/blockquote>\n<p><iframe loading=\"lazy\" class=\"wp-embedded-content\" sandbox=\"allow-scripts\" security=\"restricted\" style=\"position: absolute; clip: rect(1px, 1px, 1px, 1px);\" title=\"&#8220;BIBLIOTECA DEL TERRITORIO&#8230; I PODCAST DI RADIOPIU&#8221; &#8212; Radio Pi\u00f9\" src=\"https:\/\/www.radiopiu.net\/wordpress\/biblioteca-del-territorio-i-podcast-di-radiopiu\/embed\/#?secret=3VO76f6AFc#?secret=N1SOBsw3Tp\" data-secret=\"N1SOBsw3Tp\" width=\"600\" height=\"338\" frameborder=\"0\" marginwidth=\"0\" marginheight=\"0\" scrolling=\"no\"><\/iframe><\/p>\n<p>&nbsp;<\/p>\n<blockquote class=\"wp-embedded-content\" data-secret=\"3zYBCbGsk4\"><p><a href=\"https:\/\/www.radiopiu.net\/wordpress\/lad08aaaa\/\">&#8220;NCONTONSE&#8221; IN LADINO SU RADIO PI\u00d9<\/a><\/p><\/blockquote>\n<p><iframe loading=\"lazy\" class=\"wp-embedded-content\" sandbox=\"allow-scripts\" security=\"restricted\" style=\"position: absolute; clip: rect(1px, 1px, 1px, 1px);\" title=\"&#8220;&#8220;NCONTONSE&#8221; IN LADINO SU RADIO PI\u00d9&#8221; &#8212; Radio Pi\u00f9\" src=\"https:\/\/www.radiopiu.net\/wordpress\/lad08aaaa\/embed\/#?secret=MVvsx2t7sW#?secret=3zYBCbGsk4\" data-secret=\"3zYBCbGsk4\" width=\"600\" height=\"338\" frameborder=\"0\" marginwidth=\"0\" marginheight=\"0\" scrolling=\"no\"><\/iframe><\/p>\n<p>&nbsp;<\/p>\n<p>&nbsp;<\/p>\n<blockquote class=\"wp-embedded-content\" data-secret=\"YOp0Uatjam\"><p><a href=\"https:\/\/www.radiopiu.net\/wordpress\/gli-ultimi-sei-anni-della-rassegna-stampa-di-gianni-santomaso-raccolta-completa\/\">GLI ULTIMI SEI ANNI DELLA RASSEGNA STAMPA DI GIANNI SANTOMASO, RACCOLTA COMPLETA<\/a><\/p><\/blockquote>\n<p><iframe loading=\"lazy\" class=\"wp-embedded-content\" sandbox=\"allow-scripts\" security=\"restricted\" style=\"position: absolute; clip: rect(1px, 1px, 1px, 1px);\" title=\"&#8220;GLI ULTIMI SEI ANNI DELLA RASSEGNA STAMPA DI GIANNI SANTOMASO, RACCOLTA COMPLETA&#8221; &#8212; Radio Pi\u00f9\" src=\"https:\/\/www.radiopiu.net\/wordpress\/gli-ultimi-sei-anni-della-rassegna-stampa-di-gianni-santomaso-raccolta-completa\/embed\/#?secret=T0P8NDyiXd#?secret=YOp0Uatjam\" data-secret=\"YOp0Uatjam\" width=\"600\" height=\"338\" frameborder=\"0\" marginwidth=\"0\" marginheight=\"0\" scrolling=\"no\"><\/iframe><\/p>\n<p>&nbsp;<\/p>\n<hr \/>\n<p>&nbsp;<\/p>\n<h2><span style=\"color: #ff0000;\"><a class=\"dt-pswp-item\" href=\"https:\/\/www.radiopiu.net\/wordpress\/wp-content\/uploads\/2018\/09\/appuntamenti.jpeg\" data-dt-img-description=\"\" data-large_image_width=\"800\" data-large_image_height=\"100\"><img loading=\"lazy\" decoding=\"async\" class=\"wp-image-61958 size-full aligncenter\" src=\"https:\/\/www.radiopiu.net\/wordpress\/wp-content\/uploads\/2018\/09\/appuntamenti.jpeg\" alt=\"\" width=\"800\" height=\"100\" srcset=\"https:\/\/www.radiopiu.net\/wordpress\/wp-content\/uploads\/2018\/09\/appuntamenti.jpeg 800w, https:\/\/www.radiopiu.net\/wordpress\/wp-content\/uploads\/2018\/09\/appuntamenti-300x38.jpeg 300w, https:\/\/www.radiopiu.net\/wordpress\/wp-content\/uploads\/2018\/09\/appuntamenti-768x96.jpeg 768w\" sizes=\"auto, (max-width: 800px) 100vw, 800px\" \/><\/a><\/span><\/h2>\n<div>\n<div class=\"\" dir=\"auto\">\n<div id=\":r9h:\" class=\"x1iorvi4 x1pi30zi x1l90r2v x1swvt13\" data-ad-comet-preview=\"message\" data-ad-preview=\"message\">\n\n\t\t\t<style type='text\/css'>\n\t\t\t\t#gallery-4 {\n\t\t\t\t\tmargin: auto;\n\t\t\t\t}\n\t\t\t\t#gallery-4 .gallery-item {\n\t\t\t\t\tfloat: left;\n\t\t\t\t\tmargin-top: 10px;\n\t\t\t\t\ttext-align: center;\n\t\t\t\t\twidth: 20%;\n\t\t\t\t}\n\t\t\t\t#gallery-4 img {\n\t\t\t\t\tborder: 2px solid #cfcfcf;\n\t\t\t\t}\n\t\t\t\t#gallery-4 .gallery-caption {\n\t\t\t\t\tmargin-left: 0;\n\t\t\t\t}\n\t\t\t\t\/* see gallery_shortcode() in wp-includes\/media.php *\/\n\t\t\t<\/style>\n\t\t<div id='gallery-4' class='dt-gallery-container gallery galleryid-393515 gallery-columns-5 gallery-size-thumbnail'><dl class='gallery-item'>\n\t\t\t\t<dt class='gallery-icon portrait'>\n\t\t\t\t\t<a class=\"rollover\" href='https:\/\/www.radiopiu.net\/wordpress\/giornale-radiopiu-23-maggio-2024-direttore-mirko-mezzacasada-40-anni-25-giugno-1983-25-giugno-2023\/e651a95f-423a-40f9-827a-3ba70bd26776\/'><img loading=\"lazy\" decoding=\"async\" width=\"150\" height=\"150\" src=\"https:\/\/www.radiopiu.net\/wordpress\/wp-content\/uploads\/2024\/05\/e651a95f-423a-40f9-827a-3ba70bd26776-150x150.jpg\" class=\"attachment-thumbnail size-thumbnail\" alt=\"\" aria-describedby=\"gallery-4-391342\" \/><\/a>\n\t\t\t\t<\/dt>\n\t\t\t\t\t<dd class='wp-caption-text gallery-caption' id='gallery-4-391342'>\n\t\t\t\t\tSAGRA DE SANT&#8217;ANTONI A RIVAMONTE\n\t\t\t\t\t<\/dd><\/dl><dl class='gallery-item'>\n\t\t\t\t<dt class='gallery-icon portrait'>\n\t\t\t\t\t<a class=\"rollover\" href='https:\/\/www.radiopiu.net\/wordpress\/giornale-radiopiu-23-maggio-2024-direttore-mirko-mezzacasada-40-anni-25-giugno-1983-25-giugno-2023\/4f200081-e4c5-4b25-97be-5145b1cf479f\/'><img loading=\"lazy\" decoding=\"async\" width=\"150\" height=\"150\" src=\"https:\/\/www.radiopiu.net\/wordpress\/wp-content\/uploads\/2024\/05\/4f200081-e4c5-4b25-97be-5145b1cf479f-150x150.jpg\" class=\"attachment-thumbnail size-thumbnail\" alt=\"\" aria-describedby=\"gallery-4-391343\" \/><\/a>\n\t\t\t\t<\/dt>\n\t\t\t\t\t<dd class='wp-caption-text gallery-caption' id='gallery-4-391343'>\n\t\t\t\t\tIL CIRCUITO RIVA RON\n\t\t\t\t\t<\/dd><\/dl><dl class='gallery-item'>\n\t\t\t\t<dt class='gallery-icon portrait'>\n\t\t\t\t\t<a class=\"rollover\" href='https:\/\/www.radiopiu.net\/wordpress\/giornale-radiopiu-29-maggio-2024-direttore-mirko-mezzacasada-40-anni-25-giugno-1983-25-giugno-2023\/890e9473-a042-44c0-9495-16862bf3cf2c\/'><img loading=\"lazy\" decoding=\"async\" width=\"150\" height=\"150\" src=\"https:\/\/www.radiopiu.net\/wordpress\/wp-content\/uploads\/2024\/05\/890e9473-a042-44c0-9495-16862bf3cf2c-150x150.jpg\" class=\"attachment-thumbnail size-thumbnail\" alt=\"\" aria-describedby=\"gallery-4-392239\" \/><\/a>\n\t\t\t\t<\/dt>\n\t\t\t\t\t<dd class='wp-caption-text gallery-caption' id='gallery-4-392239'>\n\t\t\t\t\t80 NOSTALGIA DEI 90\n\t\t\t\t\t<\/dd><\/dl><dl class='gallery-item'>\n\t\t\t\t<dt class='gallery-icon portrait'>\n\t\t\t\t\t<a class=\"rollover\" href='https:\/\/www.radiopiu.net\/wordpress\/giornale-radiopiu-01-giugno-2024-direttore-mirko-mezzacasada-40-anni-25-giugno-1983-25-giugno-2023\/c950811c-7763-405d-ad2c-15d392502b93-2\/'><img loading=\"lazy\" decoding=\"async\" width=\"150\" height=\"150\" src=\"https:\/\/www.radiopiu.net\/wordpress\/wp-content\/uploads\/2024\/05\/c950811c-7763-405d-ad2c-15d392502b93-1-150x150.jpg\" class=\"attachment-thumbnail size-thumbnail\" alt=\"\" aria-describedby=\"gallery-4-392711\" \/><\/a>\n\t\t\t\t<\/dt>\n\t\t\t\t\t<dd class='wp-caption-text gallery-caption' id='gallery-4-392711'>\n\t\t\t\t\tCAMPANOT A CASTION\n\t\t\t\t\t<\/dd><\/dl><dl class='gallery-item'>\n\t\t\t\t<dt class='gallery-icon portrait'>\n\t\t\t\t\t<a class=\"rollover\" href='https:\/\/www.radiopiu.net\/wordpress\/giornale-radiopiu-06-giugno-2024-direttore-mirko-mezzacasada-40-anni-25-giugno-1983-25-giugno-2023\/locandina-san-giovanni-2024\/'><img loading=\"lazy\" decoding=\"async\" width=\"150\" height=\"150\" src=\"https:\/\/www.radiopiu.net\/wordpress\/wp-content\/uploads\/2024\/06\/Locandina-San-Giovanni-2024-150x150.jpeg\" class=\"attachment-thumbnail size-thumbnail\" alt=\"\" aria-describedby=\"gallery-4-393442\" \/><\/a>\n\t\t\t\t<\/dt>\n\t\t\t\t\t<dd class='wp-caption-text gallery-caption' id='gallery-4-393442'>\n\t\t\t\t\tSAN GIOVANNI A CANALE D&#8217;AGORDO\n\t\t\t\t\t<\/dd><\/dl><br style=\"clear: both\" \/>\n\t\t\t<\/div>\n\n<\/div>\n<\/div>\n<\/div>\n<p><strong>BELLUNO <\/strong>La Commissione Escursionismo della Sezione di Belluno del Club Alpino Italiano organizza per domenica 9 Giugno 2024 un\u2019escursione sul versante sud delle Cime d\u2019Auta in val del Biois. Escursione facile ma molto panoramica che spazia dalla Civetta all\u2019 Altipiano delle Pale di San Martino. Zona ricca di flora e, se fortunati, si possono incontrare dei stambecchi e camosci. Percorreremo un tratto dell\u2019 Alta Via dei Pastori. Le iscrizioni, aperte solo ai soci CAI, si effettuano esclusivamente in modalit\u00e0 online entro le ore 12 di sabato 08 Giugno\u00a0<strong>PER ISCRIVERTI <a href=\"https:\/\/form.jotform.com\/EscursionismoCaiBL\/Lago\"><span style=\"color: #3366ff;\">CLICCA QUI<\/span><\/a><\/strong><\/p>\n<p><strong>AGORDO<\/strong> Oggi alle 17:30, l\u2019autrice Angela Torri presenter\u00e0 nella sala riunioni della Biblioteca Civica di Agordo il romanzo \u201cAnin\u201d, storia incentrata sulle Portatrici Carniche, un manipolo di donne che durante la Grande Guerra hanno aiutato i soldati al fronte portando con le loro gerle rifornimenti anche in posti impervi, oltre che pericolosi soprattutto per il contesto di prima linea nelle quali operavano.<\/p>\n<p><strong>BELLUNO<\/strong> Oggi nella sala polifunzionale di Cavarzano, con ingresso libero, spettacolo Sold-in di e con Alverio Cau. Chiacchiere e canzoni, organizza circolo dei Sardi nel bellunese<\/p>\n<p><strong>BORGO VALBELLUNA <\/strong>Dopo il successo ottenuto dal concerto di sabato scorso con musiche popolari, il Coro polifonico di Trichiana ha organizzato un concerto particolare per domani alle ore 20,30 presso la Chiesa arcipretale di Trichiana. Ospite della serata il Vocal Band \u201cAcapellago\u201d, un gruppo contemporaneo delle Filippine, composto da cinque musicisti di talento.<\/p>\n<p><strong>BORCA DI CADORE <\/strong>Torna domani all&#8217;ex Villaggio Eni di Borca di Cadore il Teimat Fest, che per la sua seconda edizione porta ai piedi delle Dolomiti tredici artisti della scena alternativa e underground italiana.<\/p>\n<p>RIVA&#8230;&#8230;.RONNNNNNNNN corsa podistica non competitiva. DOMENICA 9 GIUGNO, PARTENZA ALLE 10 DALLA CASA DELLA GIOVENTU&#8217; DI RIVAMONTE. DUE PERCORSI&#8230; TANTI PREMI, pasta party, premiazioni e musica con DJ Tom\u00e8<\/p>\n<h2><span style=\"color: #ff0000;\">PROSSIMAMENTE\u00a0<\/span><\/h2>\n<p>Preparatevi a scatenare la vostra energia e a superare i vostri limiti con CorriPoi 2024. Il trofeo di Corse Podistiche a tappe Nell&#8217;Agordino, quattro tappe emozionanti, ognuna delle quali vi porter\u00e0 a scoprire le bellezze naturali del territorio. 9 GIUGNO RIVAMONTE, 22 GIUGNO FRASSENE&#8217;, 7 LUGLIO FORCELLA AURINE, 7 SETTEMBRE VOLTAGO Alla CorriPoi parteciperanno, fianco a fianco, forti runner, atleti della domenica, famiglie, gruppi di amici, giovani corridori in erba, tutti con l&#8217;obiettivo di correre e di divertirsi. Corri verso la vittoria, corri verso il trofeo Alpenpluss. Regolamento delle quattro gare sul sito KEEPSPORTING.COM, in collaborazione con Kiwi Sport, abbigliamento sportivo per tutta la famiglia, ad ALLEGHE- CENCENIGHE &#8211; BELLUNO<\/p>\n<p>LA PRO LOCO DI RIVAMONTE TI INVITA ALLA SAGRA DE SANT&#8217;ANTONI, DAL 12 AL 16 GIUGNO<br \/>\nMERCOLEDI 12 GIUGNO, GNOCH CO LA POINA, IL PIATTO TIPICO E ALTRE SPECIALIT\u00e0, MUSICA CON LINO<br \/>\nGIOVEDI 13 GIUGNO PRANZO E CENA, DALLE 21 LA MUSICA DI EROS E KARIM<br \/>\nVENERDI 14 GIUGNO A CENA &#8220;PANET ONTI, WURSTEL PATATINE E BIRRA, PROIEZIONE DEL VIDEO SOSPIROLO-NEPAL IN BICI DI FAUSTO DE POI E DALLE 22 CONCERTO CON I BLACK OUT<br \/>\nSABATO 15 SERATA DANZANTE CON LA SPRITZ BAND, A SEGUIRE DJ MORGAN E BATTAGLIA, CHIUSCO COCKTAIL ALL&#8217;ESTERNO DEL TENDONE<br \/>\nDOMENICA 16 PRANZO ALLE 12, POMERIGGIO CON I GRUPPI BATI ORZ DI SANT TOMASO E FOLK DEL POI<br \/>\nALLA CASA DELLA GIOVENTU&#8217; PESCA DI BENEFICIENZA, IN CHIESA I CORDONI DI SANT&#8217;ANTONIO.<\/p>\n<p>&nbsp;<\/p>\n<p>&nbsp;<\/p>\n<hr \/>\n<p>&nbsp;<\/p>\n<p><a class=\"dt-pswp-item\" href=\"https:\/\/www.radiopiu.net\/wordpress\/wp-content\/uploads\/2018\/09\/viabilita.jpeg\" data-dt-img-description=\"\" data-large_image_width=\"800\" data-large_image_height=\"100\"><img loading=\"lazy\" decoding=\"async\" class=\"aligncenter wp-image-61954 size-full\" src=\"https:\/\/www.radiopiu.net\/wordpress\/wp-content\/uploads\/2018\/09\/viabilita.jpeg\" alt=\"\" width=\"800\" height=\"100\" srcset=\"https:\/\/www.radiopiu.net\/wordpress\/wp-content\/uploads\/2018\/09\/viabilita.jpeg 800w, https:\/\/www.radiopiu.net\/wordpress\/wp-content\/uploads\/2018\/09\/viabilita-300x38.jpeg 300w, https:\/\/www.radiopiu.net\/wordpress\/wp-content\/uploads\/2018\/09\/viabilita-768x96.jpeg 768w\" sizes=\"auto, (max-width: 800px) 100vw, 800px\" \/><\/a><\/p>\n<p>&nbsp;<\/p>\n<p><a class=\"dt-pswp-item\" href=\"https:\/\/www.radiopiu.net\/wordpress\/wp-content\/uploads\/2023\/12\/botol-car-service.jpg\" data-dt-img-description=\"\" data-large_image_width=\"600\" data-large_image_height=\"600\"><img loading=\"lazy\" decoding=\"async\" class=\"size-medium wp-image-367044 aligncenter\" src=\"https:\/\/www.radiopiu.net\/wordpress\/wp-content\/uploads\/2023\/12\/botol-car-service-300x300.jpg\" alt=\"\" width=\"300\" height=\"300\" srcset=\"https:\/\/www.radiopiu.net\/wordpress\/wp-content\/uploads\/2023\/12\/botol-car-service-300x300.jpg 300w, https:\/\/www.radiopiu.net\/wordpress\/wp-content\/uploads\/2023\/12\/botol-car-service-150x150.jpg 150w, https:\/\/www.radiopiu.net\/wordpress\/wp-content\/uploads\/2023\/12\/botol-car-service.jpg 600w\" sizes=\"auto, (max-width: 300px) 100vw, 300px\" \/><\/a><\/p>\n<p>&nbsp;<\/p>\n<p>&nbsp;<\/p>\n<h1>BOLLETTINO QUOTIDIANO, CLICCA QUI<\/h1>\n<blockquote class=\"wp-embedded-content\" data-secret=\"qLNAGGoOjJ\"><p><a href=\"https:\/\/www.radiopiu.net\/wordpress\/viabilita-2\/\">viabilita<\/a><\/p><\/blockquote>\n<p><iframe loading=\"lazy\" class=\"wp-embedded-content\" sandbox=\"allow-scripts\" security=\"restricted\" style=\"position: absolute; clip: rect(1px, 1px, 1px, 1px);\" title=\"&#8220;viabilita&#8221; &#8212; Radio Pi\u00f9\" src=\"https:\/\/www.radiopiu.net\/wordpress\/viabilita-2\/embed\/#?secret=Xzfe1LmGs1#?secret=qLNAGGoOjJ\" data-secret=\"qLNAGGoOjJ\" width=\"600\" height=\"338\" frameborder=\"0\" marginwidth=\"0\" marginheight=\"0\" scrolling=\"no\"><\/iframe><\/p>\n<p>&nbsp;<\/p>\n<p>&nbsp;<\/p>\n<hr \/>\n<p>&nbsp;<\/p>\n<p><a class=\"dt-pswp-item\" href=\"https:\/\/www.radiopiu.net\/wordpress\/wp-content\/uploads\/2018\/09\/WhatsApp-Image-2018-09-20-at-16.04.06.jpeg\" data-dt-img-description=\"\" data-large_image_width=\"800\" data-large_image_height=\"100\"><img loading=\"lazy\" decoding=\"async\" class=\"wp-image-61378 size-full aligncenter\" src=\"https:\/\/www.radiopiu.net\/wordpress\/wp-content\/uploads\/2018\/09\/WhatsApp-Image-2018-09-20-at-16.04.06.jpeg\" alt=\"\" width=\"800\" height=\"100\" srcset=\"https:\/\/www.radiopiu.net\/wordpress\/wp-content\/uploads\/2018\/09\/WhatsApp-Image-2018-09-20-at-16.04.06.jpeg 800w, https:\/\/www.radiopiu.net\/wordpress\/wp-content\/uploads\/2018\/09\/WhatsApp-Image-2018-09-20-at-16.04.06-300x38.jpeg 300w, https:\/\/www.radiopiu.net\/wordpress\/wp-content\/uploads\/2018\/09\/WhatsApp-Image-2018-09-20-at-16.04.06-768x96.jpeg 768w\" sizes=\"auto, (max-width: 800px) 100vw, 800px\" \/><\/a><\/p>\n<p><center><\/center><center><\/center><center><\/center><center><\/center><center><\/center><center><\/center>&nbsp;<\/p>\n<p><center><\/center><center><\/center><center><\/center><center><\/center><center><\/center><center><\/center><center><\/center><center><b>OGGI<\/b><\/center>Tempo in prevalenza soleggiato con cielo sereno o poco nuvoloso per velature al mattino. Parziale riduzione del soleggiamento al pomeriggio per modesta attivit\u00e0 cumuliforme, localmente moderata\/forte da met\u00e0 pomeriggio in poi, quando locali fenomeni convettivi potranno verificarsi.<br \/>\n<b>Precipitazioni: <\/b>Fino a met\u00e0 pomeriggio assenti. In seguito probabilit\u00e0 assai contenuta per qualche temporale di calore tra met\u00e0 pomeriggio e prima serata, anche su estreme Dolomiti settentrionali.<br \/>\n<b>Temperature: <\/b>In ulteriore generale aumento a tutte le quote.<\/p>\n<hr \/>\n<p><center><b>DOMANI<\/b><\/center>Sulle Prealpi tempo perlopi\u00f9 soleggiato con annuvolamenti nelle ore pi\u00f9 calde; sulle Dolomiti probabile iniziale nuvolosit\u00e0 media stratiforme, poi il sole tender\u00e0 ad imporsi maggiormente, prima di una crescente attivit\u00e0 cumuliforme durante le ore pi\u00f9 calde. Ad oggi \u00e8 difficile comprendere l&#8217;entit\u00e0 dell&#8217;instabilit\u00e0 convettiva, ma sembra che sia in aumento rispetto a venerd\u00ec.<br \/>\n<b>Precipitazioni: <\/b>Al mattino assenti, al pomeriggio probabilit\u00e0 media di rovesci, anche temporaleschi. La dinamica rimane contenuta e il rischio di fenomeni intensi altrettanto contenuto.<br \/>\n<b>Temperature: <\/b>Contesto termico diurno quasi estivo. Il rialzo sar\u00e0 minore in alta quota.<\/p>\n<hr \/>\n<p><center><b>DOMENICA<\/b><\/center>Brevi schiarite e maggiore nuvolosit\u00e0, gi\u00e0 presente ed estesa al mattino. In seguito ulteriore intensificazione della nuvolosit\u00e0 per moderata\/forte attivit\u00e0 cumuliforme e crescente instabilit\u00e0 con elevata probabilit\u00e0 di rovesci e temporali sia sulle Dolomiti che sulle Prealpi. Temperature minime in aumento e massime in leggera flessione.<\/p>\n<hr \/>\n<p><center><b>LUNEDI<\/b><\/center>Nuvolosit\u00e0 prevalente da irregolare ad estesa, a tratti anche intensa ed associata a diverse fasi con rovesci e temporali sia di notte che in giornata, senza attualmente poter definire la tempistica e l&#8217;entit\u00e0 dei fenomeni. Temperature in leggera diminuzione, pi\u00f9 sensibile per quanto riguarda le massime nelle valli.<\/p>\n<p>&nbsp;<\/p>\n<hr \/>\n<p>&nbsp;<\/p>\n<p><img loading=\"lazy\" decoding=\"async\" class=\"wp-image-60761 size-full aligncenter\" src=\"https:\/\/www.radiopiu.net\/wordpress\/wp-content\/uploads\/2018\/09\/sport.jpg\" alt=\"\" width=\"800\" height=\"100\" srcset=\"https:\/\/www.radiopiu.net\/wordpress\/wp-content\/uploads\/2018\/09\/sport.jpg 800w, https:\/\/www.radiopiu.net\/wordpress\/wp-content\/uploads\/2018\/09\/sport-300x38.jpg 300w, https:\/\/www.radiopiu.net\/wordpress\/wp-content\/uploads\/2018\/09\/sport-768x96.jpg 768w\" sizes=\"auto, (max-width: 800px) 100vw, 800px\" \/><\/p>\n<p>&nbsp;<\/p>\n<p><span style=\"color: #0000ff;\"><strong>HOCKEY SU GHIACCIO<\/strong><\/span><\/p>\n<p>&nbsp;<\/p>\n<p>&nbsp;<\/p>\n<p><span style=\"color: #0000ff;\"><strong>CORSA PODISTICA<\/strong><\/span><\/p>\n<blockquote>\n<h3>RIVARON, APRE AL TROFEO &#8220;CORRIPOI&#8221;, DOMENICA SPORT E FESTA A RIVAMONTE<\/h3>\n<\/blockquote>\n<p><span style=\"color: #ff0000;\"><strong>ALLA RADIO, CON GIULIA SCHENA\u00a0<\/strong><\/span><\/p>\n<audio class=\"wp-audio-shortcode\" id=\"audio-393515-19\" preload=\"none\" style=\"width: 100%;\" controls=\"controls\"><source type=\"audio\/mpeg\" src=\"https:\/\/www.radiopiu.net\/wordpress\/wp-content\/uploads\/2024\/06\/rivaron-giulia-schena-2024.mp3?_=19\" \/><a href=\"https:\/\/www.radiopiu.net\/wordpress\/wp-content\/uploads\/2024\/06\/rivaron-giulia-schena-2024.mp3\">https:\/\/www.radiopiu.net\/wordpress\/wp-content\/uploads\/2024\/06\/rivaron-giulia-schena-2024.mp3<\/a><\/audio>\n<p>&nbsp;<\/p>\n<p>ARCHIVIO RADIO PIU&#8217;, SESTA EDIZIONE 2022<\/p>\n<p>&nbsp;<\/p>\n<p><strong>LA PARTENZA<\/strong><\/p>\n<div style=\"width: 848px;\" class=\"wp-video\"><video class=\"wp-video-shortcode\" id=\"video-393515-1\" width=\"848\" height=\"480\" preload=\"metadata\" controls=\"controls\"><source type=\"video\/mp4\" src=\"https:\/\/www.radiopiu.net\/wordpress\/wp-content\/uploads\/2022\/06\/WhatsApp-Video-2022-06-12-at-12.57.10.mp4?_=1\" \/><a href=\"https:\/\/www.radiopiu.net\/wordpress\/wp-content\/uploads\/2022\/06\/WhatsApp-Video-2022-06-12-at-12.57.10.mp4\">https:\/\/www.radiopiu.net\/wordpress\/wp-content\/uploads\/2022\/06\/WhatsApp-Video-2022-06-12-at-12.57.10.mp4<\/a><\/video><\/div>\n<p>&nbsp;<\/p>\n\n\t\t\t<style type='text\/css'>\n\t\t\t\t#gallery-5 {\n\t\t\t\t\tmargin: auto;\n\t\t\t\t}\n\t\t\t\t#gallery-5 .gallery-item {\n\t\t\t\t\tfloat: left;\n\t\t\t\t\tmargin-top: 10px;\n\t\t\t\t\ttext-align: center;\n\t\t\t\t\twidth: 20%;\n\t\t\t\t}\n\t\t\t\t#gallery-5 img {\n\t\t\t\t\tborder: 2px solid #cfcfcf;\n\t\t\t\t}\n\t\t\t\t#gallery-5 .gallery-caption {\n\t\t\t\t\tmargin-left: 0;\n\t\t\t\t}\n\t\t\t\t\/* see gallery_shortcode() in wp-includes\/media.php *\/\n\t\t\t<\/style>\n\t\t<div id='gallery-5' class='dt-gallery-container gallery galleryid-393515 gallery-columns-5 gallery-size-thumbnail'><dl class='gallery-item'>\n\t\t\t\t<dt class='gallery-icon landscape'>\n\t\t\t\t\t<a class=\"rollover rollover-zoom dt-pswp-item\" title=\"3bb68128-470c-429f-a1d8-ca3fac6a7b83\" data-dt-img-description=\"\" data-large_image_width=\"2048\" data-large_image_height=\"1536\"href='https:\/\/www.radiopiu.net\/wordpress\/wp-content\/uploads\/2022\/06\/3bb68128-470c-429f-a1d8-ca3fac6a7b83.jpg'><img loading=\"lazy\" decoding=\"async\" width=\"150\" height=\"150\" src=\"https:\/\/www.radiopiu.net\/wordpress\/wp-content\/uploads\/2022\/06\/3bb68128-470c-429f-a1d8-ca3fac6a7b83-150x150.jpg\" class=\"attachment-thumbnail size-thumbnail\" alt=\"\" \/><\/a>\n\t\t\t\t<\/dt><\/dl><dl class='gallery-item'>\n\t\t\t\t<dt class='gallery-icon landscape'>\n\t\t\t\t\t<a class=\"rollover rollover-zoom dt-pswp-item\" title=\"d0b88752-1642-4645-bd0c-9df128881f15\" data-dt-img-description=\"\" data-large_image_width=\"2048\" data-large_image_height=\"1536\"href='https:\/\/www.radiopiu.net\/wordpress\/wp-content\/uploads\/2022\/06\/d0b88752-1642-4645-bd0c-9df128881f15.jpg'><img loading=\"lazy\" decoding=\"async\" width=\"150\" height=\"150\" src=\"https:\/\/www.radiopiu.net\/wordpress\/wp-content\/uploads\/2022\/06\/d0b88752-1642-4645-bd0c-9df128881f15-150x150.jpg\" class=\"attachment-thumbnail size-thumbnail\" alt=\"\" \/><\/a>\n\t\t\t\t<\/dt><\/dl><dl class='gallery-item'>\n\t\t\t\t<dt class='gallery-icon landscape'>\n\t\t\t\t\t<a class=\"rollover rollover-zoom dt-pswp-item\" title=\"2ac13a8e-daad-4b01-9c5c-34a2a132a31f\" data-dt-img-description=\"\" data-large_image_width=\"1125\" data-large_image_height=\"740\"href='https:\/\/www.radiopiu.net\/wordpress\/wp-content\/uploads\/2022\/06\/2ac13a8e-daad-4b01-9c5c-34a2a132a31f.jpg'><img loading=\"lazy\" decoding=\"async\" width=\"150\" height=\"150\" src=\"https:\/\/www.radiopiu.net\/wordpress\/wp-content\/uploads\/2022\/06\/2ac13a8e-daad-4b01-9c5c-34a2a132a31f-150x150.jpg\" class=\"attachment-thumbnail size-thumbnail\" alt=\"\" \/><\/a>\n\t\t\t\t<\/dt><\/dl><dl class='gallery-item'>\n\t\t\t\t<dt class='gallery-icon landscape'>\n\t\t\t\t\t<a class=\"rollover rollover-zoom dt-pswp-item\" title=\"c26fb344-8fec-45f5-84a4-1bd2a67315ca\" data-dt-img-description=\"\" data-large_image_width=\"1125\" data-large_image_height=\"738\"href='https:\/\/www.radiopiu.net\/wordpress\/wp-content\/uploads\/2022\/06\/c26fb344-8fec-45f5-84a4-1bd2a67315ca.jpg'><img loading=\"lazy\" decoding=\"async\" width=\"150\" height=\"150\" src=\"https:\/\/www.radiopiu.net\/wordpress\/wp-content\/uploads\/2022\/06\/c26fb344-8fec-45f5-84a4-1bd2a67315ca-150x150.jpg\" class=\"attachment-thumbnail size-thumbnail\" alt=\"\" \/><\/a>\n\t\t\t\t<\/dt><\/dl><dl class='gallery-item'>\n\t\t\t\t<dt class='gallery-icon landscape'>\n\t\t\t\t\t<a class=\"rollover rollover-zoom dt-pswp-item\" title=\"e557547b-fd5b-4e41-9987-c0c748e0ef60\" data-dt-img-description=\"\" data-large_image_width=\"1125\" data-large_image_height=\"729\"href='https:\/\/www.radiopiu.net\/wordpress\/wp-content\/uploads\/2022\/06\/e557547b-fd5b-4e41-9987-c0c748e0ef60.jpg'><img loading=\"lazy\" decoding=\"async\" width=\"150\" height=\"150\" src=\"https:\/\/www.radiopiu.net\/wordpress\/wp-content\/uploads\/2022\/06\/e557547b-fd5b-4e41-9987-c0c748e0ef60-150x150.jpg\" class=\"attachment-thumbnail size-thumbnail\" alt=\"\" \/><\/a>\n\t\t\t\t<\/dt><\/dl><br style=\"clear: both\" \/><dl class='gallery-item'>\n\t\t\t\t<dt class='gallery-icon landscape'>\n\t\t\t\t\t<a class=\"rollover rollover-zoom dt-pswp-item\" title=\"cae965b9-d5a2-4eb3-8440-44c2171a33fc\" data-dt-img-description=\"\" data-large_image_width=\"1125\" data-large_image_height=\"735\"href='https:\/\/www.radiopiu.net\/wordpress\/wp-content\/uploads\/2022\/06\/cae965b9-d5a2-4eb3-8440-44c2171a33fc.jpg'><img loading=\"lazy\" decoding=\"async\" width=\"150\" height=\"150\" src=\"https:\/\/www.radiopiu.net\/wordpress\/wp-content\/uploads\/2022\/06\/cae965b9-d5a2-4eb3-8440-44c2171a33fc-150x150.jpg\" class=\"attachment-thumbnail size-thumbnail\" alt=\"\" \/><\/a>\n\t\t\t\t<\/dt><\/dl><dl class='gallery-item'>\n\t\t\t\t<dt class='gallery-icon landscape'>\n\t\t\t\t\t<a class=\"rollover rollover-zoom dt-pswp-item\" title=\"c8fba6b9-e437-4eb1-b3f4-0121908394ea\" data-dt-img-description=\"\" data-large_image_width=\"1125\" data-large_image_height=\"751\"href='https:\/\/www.radiopiu.net\/wordpress\/wp-content\/uploads\/2022\/06\/c8fba6b9-e437-4eb1-b3f4-0121908394ea.jpg'><img loading=\"lazy\" decoding=\"async\" width=\"150\" height=\"150\" src=\"https:\/\/www.radiopiu.net\/wordpress\/wp-content\/uploads\/2022\/06\/c8fba6b9-e437-4eb1-b3f4-0121908394ea-150x150.jpg\" class=\"attachment-thumbnail size-thumbnail\" alt=\"\" \/><\/a>\n\t\t\t\t<\/dt><\/dl><dl class='gallery-item'>\n\t\t\t\t<dt class='gallery-icon landscape'>\n\t\t\t\t\t<a class=\"rollover rollover-zoom dt-pswp-item\" title=\"8960e5de-bb3f-4f3c-a316-f825fe7c84da\" data-dt-img-description=\"\" data-large_image_width=\"1024\" data-large_image_height=\"768\"href='https:\/\/www.radiopiu.net\/wordpress\/wp-content\/uploads\/2022\/06\/8960e5de-bb3f-4f3c-a316-f825fe7c84da.jpg'><img loading=\"lazy\" decoding=\"async\" width=\"150\" height=\"150\" src=\"https:\/\/www.radiopiu.net\/wordpress\/wp-content\/uploads\/2022\/06\/8960e5de-bb3f-4f3c-a316-f825fe7c84da-150x150.jpg\" class=\"attachment-thumbnail size-thumbnail\" alt=\"\" \/><\/a>\n\t\t\t\t<\/dt><\/dl><dl class='gallery-item'>\n\t\t\t\t<dt class='gallery-icon portrait'>\n\t\t\t\t\t<a class=\"rollover rollover-zoom dt-pswp-item\" title=\"f0abf845-f159-4c28-9453-a823a2836bab\" data-dt-img-description=\"\" data-large_image_width=\"1500\" data-large_image_height=\"2000\"href='https:\/\/www.radiopiu.net\/wordpress\/wp-content\/uploads\/2022\/06\/f0abf845-f159-4c28-9453-a823a2836bab.jpg'><img loading=\"lazy\" decoding=\"async\" width=\"150\" height=\"150\" src=\"https:\/\/www.radiopiu.net\/wordpress\/wp-content\/uploads\/2022\/06\/f0abf845-f159-4c28-9453-a823a2836bab-150x150.jpg\" class=\"attachment-thumbnail size-thumbnail\" alt=\"\" \/><\/a>\n\t\t\t\t<\/dt><\/dl><dl class='gallery-item'>\n\t\t\t\t<dt class='gallery-icon portrait'>\n\t\t\t\t\t<a class=\"rollover rollover-zoom dt-pswp-item\" title=\"f2db89d5-a904-4d64-8a31-6444a5e83750\" data-dt-img-description=\"\" data-large_image_width=\"1500\" data-large_image_height=\"2000\"href='https:\/\/www.radiopiu.net\/wordpress\/wp-content\/uploads\/2022\/06\/f2db89d5-a904-4d64-8a31-6444a5e83750.jpg'><img loading=\"lazy\" decoding=\"async\" width=\"150\" height=\"150\" src=\"https:\/\/www.radiopiu.net\/wordpress\/wp-content\/uploads\/2022\/06\/f2db89d5-a904-4d64-8a31-6444a5e83750-150x150.jpg\" class=\"attachment-thumbnail size-thumbnail\" alt=\"\" \/><\/a>\n\t\t\t\t<\/dt><\/dl><br style=\"clear: both\" \/>\n\t\t\t<\/div>\n\n<p>&nbsp;<\/p>\n<p>&nbsp;<\/p>\n<hr \/>\n<p>&nbsp;<\/p>\n<h2><span style=\"color: #ffcc00;\">GOODBYE BY BICICLE&#8230;UN VIAGGIO DALL&#8217;INDIA A SEREN DEL GRAPPA IN BICICLETTA<\/span><\/h2>\n<p><span style=\"color: #ff0000;\"><strong>PUNTATA 16 &#8211; IL VIAGGIO ATTRAVERSO IL NEPAL CONTINUA<\/strong><\/span><\/p>\n<audio class=\"wp-audio-shortcode\" id=\"audio-393515-20\" preload=\"none\" style=\"width: 100%;\" controls=\"controls\"><source type=\"audio\/mpeg\" src=\"https:\/\/www.radiopiu.net\/wordpress\/wp-content\/uploads\/2024\/05\/AIRE-INDIA-PUNTATA-16.mp3?_=20\" \/><a href=\"https:\/\/www.radiopiu.net\/wordpress\/wp-content\/uploads\/2024\/05\/AIRE-INDIA-PUNTATA-16.mp3\">https:\/\/www.radiopiu.net\/wordpress\/wp-content\/uploads\/2024\/05\/AIRE-INDIA-PUNTATA-16.mp3<\/a><\/audio>\n<p><strong>PER VISITARE I SITI DEI LUOGHI VISITATI, CLICCA SULLE SEGUENTI SCRITTE:\u00a0 <a href=\"https:\/\/www.instagram.com\/fyn0.7?igsh=dmpmMGQ5NjFneXA2\"><span style=\"color: #3366ff;\">FORESTRY YOUTH NETWORK<\/span><\/a><\/strong><\/p>\n\n\t\t\t<style type='text\/css'>\n\t\t\t\t#gallery-6 {\n\t\t\t\t\tmargin: auto;\n\t\t\t\t}\n\t\t\t\t#gallery-6 .gallery-item {\n\t\t\t\t\tfloat: left;\n\t\t\t\t\tmargin-top: 10px;\n\t\t\t\t\ttext-align: center;\n\t\t\t\t\twidth: 20%;\n\t\t\t\t}\n\t\t\t\t#gallery-6 img {\n\t\t\t\t\tborder: 2px solid #cfcfcf;\n\t\t\t\t}\n\t\t\t\t#gallery-6 .gallery-caption {\n\t\t\t\t\tmargin-left: 0;\n\t\t\t\t}\n\t\t\t\t\/* see gallery_shortcode() in wp-includes\/media.php *\/\n\t\t\t<\/style>\n\t\t<div id='gallery-6' class='dt-gallery-container gallery galleryid-393515 gallery-columns-5 gallery-size-thumbnail'><dl class='gallery-item'>\n\t\t\t\t<dt class='gallery-icon landscape'>\n\t\t\t\t\t<a class=\"rollover rollover-zoom dt-pswp-item\" title=\"1562532f-2eb3-4f26-9c6c-6924ce24f892\" data-dt-img-description=\"\" data-large_image_width=\"1600\" data-large_image_height=\"1200\"href='https:\/\/www.radiopiu.net\/wordpress\/wp-content\/uploads\/2024\/05\/1562532f-2eb3-4f26-9c6c-6924ce24f892.jpg'><img loading=\"lazy\" decoding=\"async\" width=\"150\" height=\"150\" src=\"https:\/\/www.radiopiu.net\/wordpress\/wp-content\/uploads\/2024\/05\/1562532f-2eb3-4f26-9c6c-6924ce24f892-150x150.jpg\" class=\"attachment-thumbnail size-thumbnail\" alt=\"\" \/><\/a>\n\t\t\t\t<\/dt><\/dl><dl class='gallery-item'>\n\t\t\t\t<dt class='gallery-icon landscape'>\n\t\t\t\t\t<a class=\"rollover rollover-zoom dt-pswp-item\" title=\"74f2cb89-55c2-4729-8ea5-2cc6704adbb9\" data-dt-img-description=\"\" data-large_image_width=\"1600\" data-large_image_height=\"1200\"href='https:\/\/www.radiopiu.net\/wordpress\/wp-content\/uploads\/2024\/05\/74f2cb89-55c2-4729-8ea5-2cc6704adbb9.jpg'><img loading=\"lazy\" decoding=\"async\" width=\"150\" height=\"150\" src=\"https:\/\/www.radiopiu.net\/wordpress\/wp-content\/uploads\/2024\/05\/74f2cb89-55c2-4729-8ea5-2cc6704adbb9-150x150.jpg\" class=\"attachment-thumbnail size-thumbnail\" alt=\"\" \/><\/a>\n\t\t\t\t<\/dt><\/dl><dl class='gallery-item'>\n\t\t\t\t<dt class='gallery-icon landscape'>\n\t\t\t\t\t<a class=\"rollover rollover-zoom dt-pswp-item\" title=\"37bb0abc-bfc3-44ab-98f0-fc948781f3e7\" data-dt-img-description=\"\" data-large_image_width=\"1600\" data-large_image_height=\"1200\"href='https:\/\/www.radiopiu.net\/wordpress\/wp-content\/uploads\/2024\/05\/37bb0abc-bfc3-44ab-98f0-fc948781f3e7.jpg'><img loading=\"lazy\" decoding=\"async\" width=\"150\" height=\"150\" src=\"https:\/\/www.radiopiu.net\/wordpress\/wp-content\/uploads\/2024\/05\/37bb0abc-bfc3-44ab-98f0-fc948781f3e7-150x150.jpg\" class=\"attachment-thumbnail size-thumbnail\" alt=\"\" \/><\/a>\n\t\t\t\t<\/dt><\/dl><dl class='gallery-item'>\n\t\t\t\t<dt class='gallery-icon portrait'>\n\t\t\t\t\t<a class=\"rollover rollover-zoom dt-pswp-item\" title=\"5eb0987e-5445-4212-80c1-d602d08145b9\" data-dt-img-description=\"\" data-large_image_width=\"1200\" data-large_image_height=\"1600\"href='https:\/\/www.radiopiu.net\/wordpress\/wp-content\/uploads\/2024\/05\/5eb0987e-5445-4212-80c1-d602d08145b9.jpg'><img loading=\"lazy\" decoding=\"async\" width=\"150\" height=\"150\" src=\"https:\/\/www.radiopiu.net\/wordpress\/wp-content\/uploads\/2024\/05\/5eb0987e-5445-4212-80c1-d602d08145b9-150x150.jpg\" class=\"attachment-thumbnail size-thumbnail\" alt=\"\" \/><\/a>\n\t\t\t\t<\/dt><\/dl><dl class='gallery-item'>\n\t\t\t\t<dt class='gallery-icon landscape'>\n\t\t\t\t\t<a class=\"rollover rollover-zoom dt-pswp-item\" title=\"9eb3ff6e-8aae-4069-ac8c-448af4375acd\" data-dt-img-description=\"\" data-large_image_width=\"1496\" data-large_image_height=\"1496\"href='https:\/\/www.radiopiu.net\/wordpress\/wp-content\/uploads\/2024\/05\/9eb3ff6e-8aae-4069-ac8c-448af4375acd.jpg'><img loading=\"lazy\" decoding=\"async\" width=\"150\" height=\"150\" src=\"https:\/\/www.radiopiu.net\/wordpress\/wp-content\/uploads\/2024\/05\/9eb3ff6e-8aae-4069-ac8c-448af4375acd-150x150.jpg\" class=\"attachment-thumbnail size-thumbnail\" alt=\"\" srcset=\"https:\/\/www.radiopiu.net\/wordpress\/wp-content\/uploads\/2024\/05\/9eb3ff6e-8aae-4069-ac8c-448af4375acd-150x150.jpg 150w, https:\/\/www.radiopiu.net\/wordpress\/wp-content\/uploads\/2024\/05\/9eb3ff6e-8aae-4069-ac8c-448af4375acd-300x300.jpg 300w, https:\/\/www.radiopiu.net\/wordpress\/wp-content\/uploads\/2024\/05\/9eb3ff6e-8aae-4069-ac8c-448af4375acd-1024x1024.jpg 1024w, https:\/\/www.radiopiu.net\/wordpress\/wp-content\/uploads\/2024\/05\/9eb3ff6e-8aae-4069-ac8c-448af4375acd-768x768.jpg 768w, https:\/\/www.radiopiu.net\/wordpress\/wp-content\/uploads\/2024\/05\/9eb3ff6e-8aae-4069-ac8c-448af4375acd.jpg 1496w\" sizes=\"auto, (max-width: 150px) 100vw, 150px\" \/><\/a>\n\t\t\t\t<\/dt><\/dl><br style=\"clear: both\" \/>\n\t\t\t<\/div>\n\n<p>&nbsp;<\/p>\n<h2>LA RACCOLTA COMPLETA <a href=\"https:\/\/www.radiopiu.net\/wordpress\/goodbye-by-bicicle-un-viaggio-dallindia-a-seren-del-grappa-in-bicicletta-16\/\"><span style=\"color: #3366ff;\">CLICCA QUI<\/span><\/a><\/h2>\n<p>&nbsp;<\/p>\n<p>&nbsp;<\/p>\n<p>&nbsp;<\/p>\n<p>&nbsp;<\/p>\n<p>&nbsp;<\/p>\n","protected":false},"excerpt":{"rendered":"<p>****** &nbsp; PER RICEVERE QUESTO NOTIZIARIO DIRETTAMENTE SUL TUO CELLULARE ISCRIVITI AL CANALE TELEGRAM \u201cRADIO PIU\u00a0 INFORMAZIONE&#8221;\u00a0 \u00a0il CANALE TELEGRAM&#8230; UNISCITI A: RADIO PIU INFORMAZIONE &nbsp; &nbsp; ATTENZIONE: LA NUOVA APP PER IOS-IPHONE di Nicola Vettorello https:\/\/apps.apple.com\/it\/app\/radio-pi%C3%B9-emittente-agordina\/id1515939845 ATTENZIONE: LA NUOVA APP RADIO\u00a0 PER ANDROID di Nicola Vettorello https:\/\/play.google.com\/store\/apps\/details?id=net.radiopiu.iniko\u00a0\u00a0\u00a0 &nbsp; &nbsp; SABATO 8 GIUGNO PASSI CHIUSI\u00a0&hellip;<\/p>\n","protected":false},"author":4,"featured_media":393679,"comment_status":"closed","ping_status":"closed","sticky":false,"template":"","format":"standard","meta":{"_monsterinsights_skip_tracking":false,"_monsterinsights_sitenote_active":false,"_monsterinsights_sitenote_note":"","_monsterinsights_sitenote_category":0,"footnotes":""},"categories":[51,86,49],"tags":[],"class_list":["post-393515","post","type-post","status-publish","format-standard","has-post-thumbnail","hentry","category-evidenza-top","category-gr","category-news-18","category-51","category-86","category-49","description-off"],"img_url":"https:\/\/www.radiopiu.net\/wordpress\/wp-content\/uploads\/2024\/06\/Senza-nome-13.png","_links":{"self":[{"href":"https:\/\/www.radiopiu.net\/wordpress\/wp-json\/wp\/v2\/posts\/393515","targetHints":{"allow":["GET"]}}],"collection":[{"href":"https:\/\/www.radiopiu.net\/wordpress\/wp-json\/wp\/v2\/posts"}],"about":[{"href":"https:\/\/www.radiopiu.net\/wordpress\/wp-json\/wp\/v2\/types\/post"}],"author":[{"embeddable":true,"href":"https:\/\/www.radiopiu.net\/wordpress\/wp-json\/wp\/v2\/users\/4"}],"replies":[{"embeddable":true,"href":"https:\/\/www.radiopiu.net\/wordpress\/wp-json\/wp\/v2\/comments?post=393515"}],"version-history":[{"count":0,"href":"https:\/\/www.radiopiu.net\/wordpress\/wp-json\/wp\/v2\/posts\/393515\/revisions"}],"wp:featuredmedia":[{"embeddable":true,"href":"https:\/\/www.radiopiu.net\/wordpress\/wp-json\/wp\/v2\/media\/393679"}],"wp:attachment":[{"href":"https:\/\/www.radiopiu.net\/wordpress\/wp-json\/wp\/v2\/media?parent=393515"}],"wp:term":[{"taxonomy":"category","embeddable":true,"href":"https:\/\/www.radiopiu.net\/wordpress\/wp-json\/wp\/v2\/categories?post=393515"},{"taxonomy":"post_tag","embeddable":true,"href":"https:\/\/www.radiopiu.net\/wordpress\/wp-json\/wp\/v2\/tags?post=393515"}],"curies":[{"name":"wp","href":"https:\/\/api.w.org\/{rel}","templated":true}]}}