{"id":393623,"date":"2024-06-07T05:33:14","date_gmt":"2024-06-07T03:33:14","guid":{"rendered":"https:\/\/www.radiopiu.net\/wordpress\/?p=393623"},"modified":"2024-06-07T05:39:59","modified_gmt":"2024-06-07T03:39:59","slug":"sellaronda-bike-day-una-giornata-di-ciclismo-e-divertimento-attorno-al-massiccio-del-sella-cuore-delle-dolomiti","status":"publish","type":"post","link":"https:\/\/www.radiopiu.net\/wordpress\/sellaronda-bike-day-una-giornata-di-ciclismo-e-divertimento-attorno-al-massiccio-del-sella-cuore-delle-dolomiti\/","title":{"rendered":"Sellaronda Bike Day: Una giornata di ciclismo e divertimento attorno al Massiccio del Sella, cuore delle Dolomiti"},"content":{"rendered":"<p>***<\/p>\n<p>&nbsp;<\/p>\n<div class=\"mceTemp\">\n<a class=\"dt-pswp-item\" href=\"https:\/\/www.radiopiu.net\/wordpress\/wp-content\/uploads\/2024\/06\/LOCANDINA-Sellaronda_Bike_Day_2024.jpg\" data-dt-img-description=\"xr:d:DAGCBZwmHPU:8,j:2973926096001004929,t:24041015\" data-large_image_width=\"1414\" data-large_image_height=\"2000\"><img loading=\"lazy\" decoding=\"async\" class=\"size-medium wp-image-393626 alignleft\" src=\"https:\/\/www.radiopiu.net\/wordpress\/wp-content\/uploads\/2024\/06\/LOCANDINA-Sellaronda_Bike_Day_2024-212x300.jpg\" alt=\"\" width=\"212\" height=\"300\" srcset=\"https:\/\/www.radiopiu.net\/wordpress\/wp-content\/uploads\/2024\/06\/LOCANDINA-Sellaronda_Bike_Day_2024-212x300.jpg 212w, https:\/\/www.radiopiu.net\/wordpress\/wp-content\/uploads\/2024\/06\/LOCANDINA-Sellaronda_Bike_Day_2024-724x1024.jpg 724w, https:\/\/www.radiopiu.net\/wordpress\/wp-content\/uploads\/2024\/06\/LOCANDINA-Sellaronda_Bike_Day_2024-768x1086.jpg 768w, https:\/\/www.radiopiu.net\/wordpress\/wp-content\/uploads\/2024\/06\/LOCANDINA-Sellaronda_Bike_Day_2024-1086x1536.jpg 1086w, https:\/\/www.radiopiu.net\/wordpress\/wp-content\/uploads\/2024\/06\/LOCANDINA-Sellaronda_Bike_Day_2024.jpg 1414w\" sizes=\"auto, (max-width: 212px) 100vw, 212px\" \/><\/a>LIVINALLONGO\u00a0 Sabato \u00e8\u00a0 l&#8217;atteso giorno del Sellaronda Bike Day,\u00a0 evento imperdibile per tutti gli appassionati di ciclismo e per chi desidera trascorrere una giornata all&#8217;insegna dello sport e della natura. La manifestazione, che si svolger\u00e0 nel suggestivo scenario delle Dolomiti, patrimonio mondiale dell&#8217;UNESCO, offre un&#8217;opportunit\u00e0 unica per pedalare lungo uno dei percorsi ciclistici pi\u00f9 spettacolari al mondo. <strong>Edizione:<\/strong> 18\u00b0 anno di effettuazione <strong>Orario strade riservate ai ciclisti:<\/strong> dalle 8:00 alle 14:30 <strong>Percorso:<\/strong> Sellaronda, il giro dei quattro passi (Passo Pordoi, Passo Campolongo, Passo Gardena e Passo Sella) <strong>Lunghezza:<\/strong> Circa 53 km <strong>Dislivello:<\/strong> 1.650 metri<\/p>\n<div class=\"flex flex-grow flex-col max-w-full\">\n<div class=\"min-h-[20px] text-message flex flex-col items-start whitespace-pre-wrap break-words [.text-message+&amp;]:mt-5 juice:w-full juice:items-end overflow-x-auto gap-2\" dir=\"auto\" data-message-author-role=\"assistant\" data-message-id=\"74fb6dc4-3c27-4bf7-9220-9507877ea73f\">\n<div class=\"flex w-full flex-col gap-1 juice:empty:hidden juice:first:pt-[3px]\">\n<div class=\"markdown prose w-full break-words dark:prose-invert dark\">\n<p><a class=\"dt-pswp-item\" href=\"https:\/\/www.radiopiu.net\/wordpress\/wp-content\/uploads\/2024\/06\/Percorso-Sellaronda-Bike-Day_08.06.2024.jpg\" data-dt-img-description=\"\" data-large_image_width=\"1500\" data-large_image_height=\"982\"><img loading=\"lazy\" decoding=\"async\" class=\"size-medium wp-image-393627 alignright\" src=\"https:\/\/www.radiopiu.net\/wordpress\/wp-content\/uploads\/2024\/06\/Percorso-Sellaronda-Bike-Day_08.06.2024-300x196.jpg\" alt=\"\" width=\"300\" height=\"196\" srcset=\"https:\/\/www.radiopiu.net\/wordpress\/wp-content\/uploads\/2024\/06\/Percorso-Sellaronda-Bike-Day_08.06.2024-300x196.jpg 300w, https:\/\/www.radiopiu.net\/wordpress\/wp-content\/uploads\/2024\/06\/Percorso-Sellaronda-Bike-Day_08.06.2024-1024x670.jpg 1024w, https:\/\/www.radiopiu.net\/wordpress\/wp-content\/uploads\/2024\/06\/Percorso-Sellaronda-Bike-Day_08.06.2024-768x503.jpg 768w, https:\/\/www.radiopiu.net\/wordpress\/wp-content\/uploads\/2024\/06\/Percorso-Sellaronda-Bike-Day_08.06.2024.jpg 1500w\" sizes=\"auto, (max-width: 300px) 100vw, 300px\" \/><\/a>Il Sellaronda Bike Day non \u00e8 una competizione, ma un evento non competitivo aperto a tutti, dagli appassionati di ciclismo agli amatori, dai pi\u00f9 giovani ai meno giovani. Per l&#8217;intera durata della manifestazione, le strade del percorso saranno chiuse al traffico motorizzato, permettendo ai partecipanti di pedalare in totale sicurezza e tranquillit\u00e0, godendo dei panorami mozzafiato delle Dolomiti. <strong>Iscrizione e Partecipazione:<\/strong> La partecipazione al Sellaronda Bike Day \u00e8 gratuita e non richiede iscrizione preventiva. I partecipanti possono partire liberamente da dove e quando vogliono. <strong>Sostenibilit\u00e0 e Ambiente:<\/strong> Il Sellaronda Bike Day promuove la sostenibilit\u00e0 e il rispetto per l&#8217;ambiente. I partecipanti sono invitati a mantenere pulito il percorso, utilizzando i cestini per i rifiuti presenti lungo il tragitto. L&#8217;evento vuole sensibilizzare all&#8217;importanza di uno stile di vita attivo e del rispetto della natura. <strong>Per Maggiori Informazioni:<\/strong> Per ulteriori dettagli sull&#8217;evento, \u00e8 possibile visitare il sito ufficiale [<a href=\"http:\/\/www.sellarondabikeday.com\" target=\"_new\" rel=\"noreferrer noopener\">www.sellarondabikeday.com<\/a>] o contattare l&#8217;organizzazione tramite email all&#8217;indirizzo [<a rel=\"noreferrer\">info@sellarondabikeday.com<\/a>].<\/p>\n<\/div>\n<\/div>\n<\/div>\n<\/div>\n<div class=\"flex items-center pb-0.5 juice:pb-0\">\n\n\t\t\t<style type='text\/css'>\n\t\t\t\t#gallery-1 {\n\t\t\t\t\tmargin: auto;\n\t\t\t\t}\n\t\t\t\t#gallery-1 .gallery-item {\n\t\t\t\t\tfloat: left;\n\t\t\t\t\tmargin-top: 10px;\n\t\t\t\t\ttext-align: center;\n\t\t\t\t\twidth: 50%;\n\t\t\t\t}\n\t\t\t\t#gallery-1 img {\n\t\t\t\t\tborder: 2px solid #cfcfcf;\n\t\t\t\t}\n\t\t\t\t#gallery-1 .gallery-caption {\n\t\t\t\t\tmargin-left: 0;\n\t\t\t\t}\n\t\t\t\t\/* see gallery_shortcode() in wp-includes\/media.php *\/\n\t\t\t<\/style>\n\t\t<div id='gallery-1' class='dt-gallery-container gallery galleryid-393623 gallery-columns-2 gallery-size-medium'><dl class='gallery-item'>\n\t\t\t\t<dt class='gallery-icon landscape'>\n\t\t\t\t\t<a class=\"rollover rollover-zoom dt-pswp-item\" title=\"SBD23-473_\u00a9janpaul_irsara\" data-dt-img-description=\"\" data-large_image_width=\"2560\" data-large_image_height=\"1707\"href='https:\/\/www.radiopiu.net\/wordpress\/wp-content\/uploads\/2024\/06\/SBD23-473_\u00a9janpaul_irsara-scaled.jpg'><img loading=\"lazy\" decoding=\"async\" width=\"300\" height=\"200\" src=\"https:\/\/www.radiopiu.net\/wordpress\/wp-content\/uploads\/2024\/06\/SBD23-473_\u00a9janpaul_irsara-300x200.jpg\" class=\"attachment-medium size-medium\" alt=\"\" srcset=\"https:\/\/www.radiopiu.net\/wordpress\/wp-content\/uploads\/2024\/06\/SBD23-473_\u00a9janpaul_irsara-300x200.jpg 300w, https:\/\/www.radiopiu.net\/wordpress\/wp-content\/uploads\/2024\/06\/SBD23-473_\u00a9janpaul_irsara-1024x683.jpg 1024w, https:\/\/www.radiopiu.net\/wordpress\/wp-content\/uploads\/2024\/06\/SBD23-473_\u00a9janpaul_irsara-768x512.jpg 768w, https:\/\/www.radiopiu.net\/wordpress\/wp-content\/uploads\/2024\/06\/SBD23-473_\u00a9janpaul_irsara-1536x1024.jpg 1536w, https:\/\/www.radiopiu.net\/wordpress\/wp-content\/uploads\/2024\/06\/SBD23-473_\u00a9janpaul_irsara-2048x1365.jpg 2048w\" sizes=\"auto, (max-width: 300px) 100vw, 300px\" \/><\/a>\n\t\t\t\t<\/dt><\/dl><dl class='gallery-item'>\n\t\t\t\t<dt class='gallery-icon landscape'>\n\t\t\t\t\t<a class=\"rollover rollover-zoom dt-pswp-item\" title=\"SBD23-460_\u00a9janpaul_irsara\" data-dt-img-description=\"\" data-large_image_width=\"2560\" data-large_image_height=\"1707\"href='https:\/\/www.radiopiu.net\/wordpress\/wp-content\/uploads\/2024\/06\/SBD23-460_\u00a9janpaul_irsara-scaled.jpg'><img loading=\"lazy\" decoding=\"async\" width=\"300\" height=\"200\" src=\"https:\/\/www.radiopiu.net\/wordpress\/wp-content\/uploads\/2024\/06\/SBD23-460_\u00a9janpaul_irsara-300x200.jpg\" class=\"attachment-medium size-medium\" alt=\"\" srcset=\"https:\/\/www.radiopiu.net\/wordpress\/wp-content\/uploads\/2024\/06\/SBD23-460_\u00a9janpaul_irsara-300x200.jpg 300w, https:\/\/www.radiopiu.net\/wordpress\/wp-content\/uploads\/2024\/06\/SBD23-460_\u00a9janpaul_irsara-1024x683.jpg 1024w, https:\/\/www.radiopiu.net\/wordpress\/wp-content\/uploads\/2024\/06\/SBD23-460_\u00a9janpaul_irsara-768x512.jpg 768w, https:\/\/www.radiopiu.net\/wordpress\/wp-content\/uploads\/2024\/06\/SBD23-460_\u00a9janpaul_irsara-1536x1024.jpg 1536w, https:\/\/www.radiopiu.net\/wordpress\/wp-content\/uploads\/2024\/06\/SBD23-460_\u00a9janpaul_irsara-2048x1365.jpg 2048w\" sizes=\"auto, (max-width: 300px) 100vw, 300px\" \/><\/a>\n\t\t\t\t<\/dt><\/dl><br style=\"clear: both\" \/>\n\t\t\t<\/div>\n\n<\/div>\n<div><\/div>\n<div><\/div>\n<div><\/div>\n<div><\/div>\n<div>\n<hr \/>\n<\/div>\n","protected":false},"excerpt":{"rendered":"<p>*** &nbsp; LIVINALLONGO\u00a0 Sabato \u00e8\u00a0 l&#8217;atteso giorno del Sellaronda Bike Day,\u00a0 evento imperdibile per tutti gli appassionati di ciclismo e per chi desidera trascorrere una giornata all&#8217;insegna dello sport e della natura. La manifestazione, che si svolger\u00e0 nel suggestivo scenario delle Dolomiti, patrimonio mondiale dell&#8217;UNESCO, offre un&#8217;opportunit\u00e0 unica per pedalare lungo uno dei percorsi ciclistici&hellip;<\/p>\n","protected":false},"author":4,"featured_media":393624,"comment_status":"closed","ping_status":"closed","sticky":false,"template":"","format":"standard","meta":{"_monsterinsights_skip_tracking":false,"_monsterinsights_sitenote_active":false,"_monsterinsights_sitenote_note":"","_monsterinsights_sitenote_category":0,"footnotes":""},"categories":[104,49],"tags":[],"class_list":["post-393623","post","type-post","status-publish","format-standard","has-post-thumbnail","hentry","category-evidenza_3","category-news-18","category-104","category-49","description-off"],"img_url":"https:\/\/www.radiopiu.net\/wordpress\/wp-content\/uploads\/2024\/06\/SBD23-460_\u00a9janpaul_irsara-scaled.jpg","_links":{"self":[{"href":"https:\/\/www.radiopiu.net\/wordpress\/wp-json\/wp\/v2\/posts\/393623","targetHints":{"allow":["GET"]}}],"collection":[{"href":"https:\/\/www.radiopiu.net\/wordpress\/wp-json\/wp\/v2\/posts"}],"about":[{"href":"https:\/\/www.radiopiu.net\/wordpress\/wp-json\/wp\/v2\/types\/post"}],"author":[{"embeddable":true,"href":"https:\/\/www.radiopiu.net\/wordpress\/wp-json\/wp\/v2\/users\/4"}],"replies":[{"embeddable":true,"href":"https:\/\/www.radiopiu.net\/wordpress\/wp-json\/wp\/v2\/comments?post=393623"}],"version-history":[{"count":0,"href":"https:\/\/www.radiopiu.net\/wordpress\/wp-json\/wp\/v2\/posts\/393623\/revisions"}],"wp:featuredmedia":[{"embeddable":true,"href":"https:\/\/www.radiopiu.net\/wordpress\/wp-json\/wp\/v2\/media\/393624"}],"wp:attachment":[{"href":"https:\/\/www.radiopiu.net\/wordpress\/wp-json\/wp\/v2\/media?parent=393623"}],"wp:term":[{"taxonomy":"category","embeddable":true,"href":"https:\/\/www.radiopiu.net\/wordpress\/wp-json\/wp\/v2\/categories?post=393623"},{"taxonomy":"post_tag","embeddable":true,"href":"https:\/\/www.radiopiu.net\/wordpress\/wp-json\/wp\/v2\/tags?post=393623"}],"curies":[{"name":"wp","href":"https:\/\/api.w.org\/{rel}","templated":true}]}}