{"id":393629,"date":"2024-06-07T05:35:26","date_gmt":"2024-06-07T03:35:26","guid":{"rendered":"https:\/\/www.radiopiu.net\/wordpress\/?p=393629"},"modified":"2024-06-07T05:39:17","modified_gmt":"2024-06-07T03:39:17","slug":"a-collaz-di-cencenighe-acqua-inquinata-a-san-tomaso-rientro-nella-normalita","status":"publish","type":"post","link":"https:\/\/www.radiopiu.net\/wordpress\/a-collaz-di-cencenighe-acqua-inquinata-a-san-tomaso-rientro-nella-normalita\/","title":{"rendered":"A COLLAZ DI CENCENIGHE ACQUA INQUINATA A SAN TOMASO RIENTRO NELLA NORMALITA&#8217;"},"content":{"rendered":"<p>**<\/p>\n<p>&nbsp;<\/p>\n<p>CENCENIGHE in localit\u00e0 COLLAZ E PRADIMEZZO l&#8217;acqua erogata dall&#8217;acquedotto non \u00e8 potabile e non pu\u00f2 essere usata per scopi alimentari. Verr\u00e0 effettuato servizio sostitutivo con cisterna in Piazza localit\u00e0 Collaz e Pradimezzo<\/p>\n<p>SAN TOMASO AGORDINO nelle localit\u00e0 PIANEZZE, VALLATA, VAL, MEZZAVALLE, COSTA DI MEZZO E PIAN MOLIN l&#8217;acqua erogata dall&#8217;acquedotto \u00e8 di nuovo potabile e pu\u00f2 essere usata, quindi, per scopi alimentari.<\/p>\n<p>&nbsp;<\/p>\n<p>&nbsp;<\/p>\n<p>&nbsp;<\/p>\n<hr \/>\n<p>&nbsp;<\/p>\n","protected":false},"excerpt":{"rendered":"<p>** &nbsp; CENCENIGHE in localit\u00e0 COLLAZ E PRADIMEZZO l&#8217;acqua erogata dall&#8217;acquedotto non \u00e8 potabile e non pu\u00f2 essere usata per scopi alimentari. Verr\u00e0 effettuato servizio sostitutivo con cisterna in Piazza localit\u00e0 Collaz e Pradimezzo SAN TOMASO AGORDINO nelle localit\u00e0 PIANEZZE, VALLATA, VAL, MEZZAVALLE, COSTA DI MEZZO E PIAN MOLIN l&#8217;acqua erogata dall&#8217;acquedotto \u00e8 di nuovo&hellip;<\/p>\n","protected":false},"author":4,"featured_media":255377,"comment_status":"closed","ping_status":"closed","sticky":false,"template":"","format":"standard","meta":{"_monsterinsights_skip_tracking":false,"_monsterinsights_sitenote_active":false,"_monsterinsights_sitenote_note":"","_monsterinsights_sitenote_category":0,"footnotes":""},"categories":[51,49],"tags":[],"class_list":["post-393629","post","type-post","status-publish","format-standard","has-post-thumbnail","hentry","category-evidenza-top","category-news-18","category-51","category-49","description-off"],"img_url":"https:\/\/www.radiopiu.net\/wordpress\/wp-content\/uploads\/2022\/01\/IMG-20210910-WA0001.jpg","_links":{"self":[{"href":"https:\/\/www.radiopiu.net\/wordpress\/wp-json\/wp\/v2\/posts\/393629","targetHints":{"allow":["GET"]}}],"collection":[{"href":"https:\/\/www.radiopiu.net\/wordpress\/wp-json\/wp\/v2\/posts"}],"about":[{"href":"https:\/\/www.radiopiu.net\/wordpress\/wp-json\/wp\/v2\/types\/post"}],"author":[{"embeddable":true,"href":"https:\/\/www.radiopiu.net\/wordpress\/wp-json\/wp\/v2\/users\/4"}],"replies":[{"embeddable":true,"href":"https:\/\/www.radiopiu.net\/wordpress\/wp-json\/wp\/v2\/comments?post=393629"}],"version-history":[{"count":0,"href":"https:\/\/www.radiopiu.net\/wordpress\/wp-json\/wp\/v2\/posts\/393629\/revisions"}],"wp:featuredmedia":[{"embeddable":true,"href":"https:\/\/www.radiopiu.net\/wordpress\/wp-json\/wp\/v2\/media\/255377"}],"wp:attachment":[{"href":"https:\/\/www.radiopiu.net\/wordpress\/wp-json\/wp\/v2\/media?parent=393629"}],"wp:term":[{"taxonomy":"category","embeddable":true,"href":"https:\/\/www.radiopiu.net\/wordpress\/wp-json\/wp\/v2\/categories?post=393629"},{"taxonomy":"post_tag","embeddable":true,"href":"https:\/\/www.radiopiu.net\/wordpress\/wp-json\/wp\/v2\/tags?post=393629"}],"curies":[{"name":"wp","href":"https:\/\/api.w.org\/{rel}","templated":true}]}}