{"id":393647,"date":"2024-06-06T18:28:31","date_gmt":"2024-06-06T16:28:31","guid":{"rendered":"https:\/\/www.radiopiu.net\/wordpress\/?p=393647"},"modified":"2024-06-07T05:40:22","modified_gmt":"2024-06-07T03:40:22","slug":"il-co-e-s-veneto-lassociazione-dei-conducenti-di-emergenza-sanitaria","status":"publish","type":"post","link":"https:\/\/www.radiopiu.net\/wordpress\/il-co-e-s-veneto-lassociazione-dei-conducenti-di-emergenza-sanitaria\/","title":{"rendered":"Il Co.E.S Veneto: L&#8217;Associazione dei Conducenti di Emergenza Sanitaria"},"content":{"rendered":"<p>&nbsp;<\/p>\n<p>***<\/p>\n<p>&nbsp;<\/p>\n<p><a class=\"dt-pswp-item\" href=\"https:\/\/www.radiopiu.net\/wordpress\/wp-content\/uploads\/2024\/06\/436341011_436162626017689_5542639704641193324_n.jpg\" data-dt-img-description=\"\" data-large_image_width=\"1131\" data-large_image_height=\"1600\"><img loading=\"lazy\" decoding=\"async\" class=\"size-medium wp-image-393649 alignleft\" src=\"https:\/\/www.radiopiu.net\/wordpress\/wp-content\/uploads\/2024\/06\/436341011_436162626017689_5542639704641193324_n-212x300.jpg\" alt=\"\" width=\"212\" height=\"300\" srcset=\"https:\/\/www.radiopiu.net\/wordpress\/wp-content\/uploads\/2024\/06\/436341011_436162626017689_5542639704641193324_n-212x300.jpg 212w, https:\/\/www.radiopiu.net\/wordpress\/wp-content\/uploads\/2024\/06\/436341011_436162626017689_5542639704641193324_n-724x1024.jpg 724w, https:\/\/www.radiopiu.net\/wordpress\/wp-content\/uploads\/2024\/06\/436341011_436162626017689_5542639704641193324_n-768x1086.jpg 768w, https:\/\/www.radiopiu.net\/wordpress\/wp-content\/uploads\/2024\/06\/436341011_436162626017689_5542639704641193324_n-1086x1536.jpg 1086w, https:\/\/www.radiopiu.net\/wordpress\/wp-content\/uploads\/2024\/06\/436341011_436162626017689_5542639704641193324_n.jpg 1131w\" sizes=\"auto, (max-width: 212px) 100vw, 212px\" \/><\/a><strong>REDAZIONE<\/strong> Sai gestire un mezzo di soccorso? Questo il tema del convegno organizzato dal Coes Veneto lo scorso 1 giugno al San Martino di Belluno. Interessanti gli interventi di Gabriele Zampieri Presidente\u00a0 regionale\u00a0 Coes Veneto, Daniele Orletti Presidente Nazionale, Matteo De Bastiani consigliere provinciale Coes Veneto.<\/p>\n<p>Simone Baruffa, Presidente in Umbria, tecnico specializzato autista di ambulanza a Perugia \u00e8 intervenuto sul tema &#8220;C&#8217;\u00e8 sicurezza a bordo dei mezzi di soccorso?&#8221;, Fabio Tratta consigliere veronese si \u00e8 soffermato sulla &#8220;Sicurezza stradale e la colpa del mezzo di soccorso&#8221;; la dottoressa Serena Saviana, psicologa, ha concluso la prima parte del convegno focalizzando &#8220;La cassetta degli attrezzi per i soccorritori, Come sopravvivere allo stress tra teoria e pratica&#8221;.<\/p>\n<p>Nella seconda parte dell&#8217;incontro interventi della Polizia di Stato con il comandante della Polizia Giudiziaria presso la stradale di Belluno,\u00a0 Roberto Sartor e Giuliano Mattiuz del Corpo Nazionale Vigili del Fuoco.<\/p>\n<h3>Il Co.E.S Veneto: L&#8217;Associazione dei Conducenti di Emergenza Sanitaria<\/h3>\n<p>Il Co.E.S Veneto \u00e8 l&#8217;associazione di categoria dei Conducenti di Emergenza Sanitaria nella Regione del Veneto, comprendente Autisti Soccorritori Professionisti e Autisti di Ambulanza, sia dipendenti pubblici che privati. Questa organizzazione \u00e8 parte di Co.E.S Italia, di cui ne abbraccia la missione principale e ne ha sottoscritto lo statuto. L&#8217;obiettivo del Co.E.S Veneto \u00e8 promuovere la professionalit\u00e0 degli autisti soccorritori attraverso la formazione e il riconoscimento del loro profilo professionale. Questo impegno mira a migliorare la sicurezza e la qualit\u00e0 delle prestazioni erogate ai cittadini.<\/p>\n<h3>Chi siamo<\/h3>\n<p>I membri del Co.E.S Veneto sono principalmente autisti soccorritori professionisti provenienti da enti pubblici, locali e privati. Il nostro obiettivo comune \u00e8 ottenere il riconoscimento legislativo di questa figura, ormai parte integrante ed essenziale in un&#8217;equipe per l&#8217;emergenza extraospedaliera.<\/p>\n<h3>Formazione e Sicurezza<\/h3>\n<p>Il Co.E.S Veneto punta a uniformare il modello organizzativo e formativo su tutto il territorio nazionale, promuovendo la formazione continua, la ricerca e l&#8217;aggiornamento. Questi elementi sono fondamentali per garantire un soccorso di qualit\u00e0 e sicurezza in tutti gli scenari possibili. Spesso identificati collettivamente come &#8220;autisti&#8221;, il nostro ruolo va ben oltre. Gli autisti soccorritori possiedono una preparazione tecnica sulle abilit\u00e0 di guida e competenze in assistenza sanitaria, rendendo il lavoro di medici e infermieri pi\u00f9 coordinato e sicuro.<\/p>\n<h3><\/h3>\n<p>&nbsp;<\/p>\n<p>&nbsp;<\/p>\n<hr \/>\n<p>&nbsp;<\/p>\n","protected":false},"excerpt":{"rendered":"<p>&nbsp; *** &nbsp; REDAZIONE Sai gestire un mezzo di soccorso? Questo il tema del convegno organizzato dal Coes Veneto lo scorso 1 giugno al San Martino di Belluno. Interessanti gli interventi di Gabriele Zampieri Presidente\u00a0 regionale\u00a0 Coes Veneto, Daniele Orletti Presidente Nazionale, Matteo De Bastiani consigliere provinciale Coes Veneto. Simone Baruffa, Presidente in Umbria, tecnico&hellip;<\/p>\n","protected":false},"author":4,"featured_media":393650,"comment_status":"closed","ping_status":"closed","sticky":false,"template":"","format":"standard","meta":{"_monsterinsights_skip_tracking":false,"_monsterinsights_sitenote_active":false,"_monsterinsights_sitenote_note":"","_monsterinsights_sitenote_category":0,"footnotes":""},"categories":[51,49],"tags":[],"class_list":["post-393647","post","type-post","status-publish","format-standard","has-post-thumbnail","hentry","category-evidenza-top","category-news-18","category-51","category-49","description-off"],"img_url":"https:\/\/www.radiopiu.net\/wordpress\/wp-content\/uploads\/2024\/06\/Senza-nome-10.png","_links":{"self":[{"href":"https:\/\/www.radiopiu.net\/wordpress\/wp-json\/wp\/v2\/posts\/393647","targetHints":{"allow":["GET"]}}],"collection":[{"href":"https:\/\/www.radiopiu.net\/wordpress\/wp-json\/wp\/v2\/posts"}],"about":[{"href":"https:\/\/www.radiopiu.net\/wordpress\/wp-json\/wp\/v2\/types\/post"}],"author":[{"embeddable":true,"href":"https:\/\/www.radiopiu.net\/wordpress\/wp-json\/wp\/v2\/users\/4"}],"replies":[{"embeddable":true,"href":"https:\/\/www.radiopiu.net\/wordpress\/wp-json\/wp\/v2\/comments?post=393647"}],"version-history":[{"count":0,"href":"https:\/\/www.radiopiu.net\/wordpress\/wp-json\/wp\/v2\/posts\/393647\/revisions"}],"wp:featuredmedia":[{"embeddable":true,"href":"https:\/\/www.radiopiu.net\/wordpress\/wp-json\/wp\/v2\/media\/393650"}],"wp:attachment":[{"href":"https:\/\/www.radiopiu.net\/wordpress\/wp-json\/wp\/v2\/media?parent=393647"}],"wp:term":[{"taxonomy":"category","embeddable":true,"href":"https:\/\/www.radiopiu.net\/wordpress\/wp-json\/wp\/v2\/categories?post=393647"},{"taxonomy":"post_tag","embeddable":true,"href":"https:\/\/www.radiopiu.net\/wordpress\/wp-json\/wp\/v2\/tags?post=393647"}],"curies":[{"name":"wp","href":"https:\/\/api.w.org\/{rel}","templated":true}]}}