{"id":393758,"date":"2024-06-08T05:46:32","date_gmt":"2024-06-08T03:46:32","guid":{"rendered":"https:\/\/www.radiopiu.net\/wordpress\/?p=393758"},"modified":"2024-06-08T06:04:44","modified_gmt":"2024-06-08T04:04:44","slug":"ruzzola-in-un-canale-in-gravi-condizioni-escursionista-canadese","status":"publish","type":"post","link":"https:\/\/www.radiopiu.net\/wordpress\/ruzzola-in-un-canale-in-gravi-condizioni-escursionista-canadese\/","title":{"rendered":"RUZZOLA IN UN CANALE, IN GRAVI CONDIZIONI ESCURSIONISTA CANADESE"},"content":{"rendered":"<p>&nbsp;<\/p>\n<p>***<\/p>\n<p><em><img loading=\"lazy\" decoding=\"async\" class=\"alignleft\" src=\"https:\/\/www.radiopiu.net\/wordpress\/wp-content\/uploads\/2024\/01\/dcb8358e-da6f-4ee1-98dc-45178186d55f.jpg\" width=\"208\" height=\"156\" \/><\/em><strong>VALLE DI ZOLDO<\/strong> Percorrendo il sentiero attrezzato che scende dal Casel Sora&#8217;l Sass, sullo Spiz di Mezzod\u00ec, un&#8217;escursionista canadese di 32 anni \u00e8 inciampata, precipitando per circa trenta metri tra i sassi di un canale. Il suo compagno, che si trovava pi\u00f9 indietro e ha sentito il rumore della caduta, l&#8217;ha rapidamente raggiunta e ha lanciato l&#8217;allarme. L&#8217;elicottero del Suem di Pieve di Cadore ha individuato il punto dove si trovavano, a un&#8217;altitudine di 1.500 metri, e ha calato un tecnico di elisoccorso e l&#8217;equipe medica con un verricello di 35 metri. La donna, che presentava un sospetto trauma cranico, \u00e8 stata stabilizzata e ricevendo le prime cure sul posto. Successivamente, \u00e8 stata imbarellata e recuperata con il verricello, per essere poi spostata in un&#8217;area pi\u00f9 agevole dove il personale medico ha continuato i trattamenti. Infine, la ferita \u00e8 stata caricata a bordo dell&#8217;elicottero e trasportata d&#8217;urgenza all&#8217;ospedale di Treviso. Le sue condizioni sono apparse gravi, ma grazie all&#8217;intervento tempestivo del compagno e dei soccorsi, ha ricevuto le cure necessarie in tempi rapidi.<\/p>\n<p>&nbsp;<\/p>\n<p>&nbsp;<\/p>\n<p>___<\/p>\n","protected":false},"excerpt":{"rendered":"<p>&nbsp; *** VALLE DI ZOLDO Percorrendo il sentiero attrezzato che scende dal Casel Sora&#8217;l Sass, sullo Spiz di Mezzod\u00ec, un&#8217;escursionista canadese di 32 anni \u00e8 inciampata, precipitando per circa trenta metri tra i sassi di un canale. Il suo compagno, che si trovava pi\u00f9 indietro e ha sentito il rumore della caduta, l&#8217;ha rapidamente raggiunta&hellip;<\/p>\n","protected":false},"author":4,"featured_media":368298,"comment_status":"closed","ping_status":"closed","sticky":false,"template":"","format":"standard","meta":{"_monsterinsights_skip_tracking":false,"_monsterinsights_sitenote_active":false,"_monsterinsights_sitenote_note":"","_monsterinsights_sitenote_category":0,"footnotes":""},"categories":[51,49],"tags":[],"class_list":["post-393758","post","type-post","status-publish","format-standard","has-post-thumbnail","hentry","category-evidenza-top","category-news-18","category-51","category-49","description-off"],"img_url":"https:\/\/www.radiopiu.net\/wordpress\/wp-content\/uploads\/2024\/01\/dcb8358e-da6f-4ee1-98dc-45178186d55f.jpg","_links":{"self":[{"href":"https:\/\/www.radiopiu.net\/wordpress\/wp-json\/wp\/v2\/posts\/393758","targetHints":{"allow":["GET"]}}],"collection":[{"href":"https:\/\/www.radiopiu.net\/wordpress\/wp-json\/wp\/v2\/posts"}],"about":[{"href":"https:\/\/www.radiopiu.net\/wordpress\/wp-json\/wp\/v2\/types\/post"}],"author":[{"embeddable":true,"href":"https:\/\/www.radiopiu.net\/wordpress\/wp-json\/wp\/v2\/users\/4"}],"replies":[{"embeddable":true,"href":"https:\/\/www.radiopiu.net\/wordpress\/wp-json\/wp\/v2\/comments?post=393758"}],"version-history":[{"count":0,"href":"https:\/\/www.radiopiu.net\/wordpress\/wp-json\/wp\/v2\/posts\/393758\/revisions"}],"wp:featuredmedia":[{"embeddable":true,"href":"https:\/\/www.radiopiu.net\/wordpress\/wp-json\/wp\/v2\/media\/368298"}],"wp:attachment":[{"href":"https:\/\/www.radiopiu.net\/wordpress\/wp-json\/wp\/v2\/media?parent=393758"}],"wp:term":[{"taxonomy":"category","embeddable":true,"href":"https:\/\/www.radiopiu.net\/wordpress\/wp-json\/wp\/v2\/categories?post=393758"},{"taxonomy":"post_tag","embeddable":true,"href":"https:\/\/www.radiopiu.net\/wordpress\/wp-json\/wp\/v2\/tags?post=393758"}],"curies":[{"name":"wp","href":"https:\/\/api.w.org\/{rel}","templated":true}]}}