{"id":393765,"date":"2024-06-07T16:49:46","date_gmt":"2024-06-07T14:49:46","guid":{"rendered":"https:\/\/www.radiopiu.net\/wordpress\/?p=393765"},"modified":"2024-06-07T16:49:46","modified_gmt":"2024-06-07T14:49:46","slug":"la-filt-cgil-chiede-un-tavolo-per-il-precariato-in-veneto-strade","status":"publish","type":"post","link":"https:\/\/www.radiopiu.net\/wordpress\/la-filt-cgil-chiede-un-tavolo-per-il-precariato-in-veneto-strade\/","title":{"rendered":"LA FILT-CGIL CHIEDE UN TAVOLO PER IL PRECARIATO IN VENETO STRADE"},"content":{"rendered":"<blockquote>\n<h3>\u00e7\u00e7\u00e7<\/h3>\n<p>&nbsp;<\/p><\/blockquote>\n<p><strong><a class=\"dt-pswp-item\" href=\"https:\/\/www.radiopiu.net\/wordpress\/wp-content\/uploads\/2023\/03\/filt-cgil.png\" data-dt-img-description=\"\" data-large_image_width=\"182\" data-large_image_height=\"236\"><img loading=\"lazy\" decoding=\"async\" class=\" wp-image-326003 alignleft\" src=\"https:\/\/www.radiopiu.net\/wordpress\/wp-content\/uploads\/2023\/03\/filt-cgil.png\" alt=\"\" width=\"92\" height=\"119\" \/><\/a>BELLUNO<\/strong> Il precariato, una volta visto come un problema del settore privato, si sta diffondendo anche nel settore pubblico. In Veneto Strade, partecipata per il 76% dalla Regione e per il resto da varie province, ci sono una ventina di lavoratori con contratti a termine in scadenza nel 2024. Questi lavoratori, altamente specializzati e fondamentali per la sicurezza stradale, affrontano contratti di soli 9 mesi, prorogati invece di essere convertiti a tempo indeterminato. Questa situazione impedisce loro di ottenere mutui o pianificare il futuro. Il personale \u00e8 gi\u00e0 sottorganico, e le recenti decisioni aziendali potrebbero portare a un ulteriore calo di operatori. I segretari della FILT Veneto e FILT Cgil Veneto, Alessandro Piras e Alessandra Fontana, chiedono un tavolo di confronto con Regione e Provincia per discutere soluzioni concrete, sottolineando l&#8217;importanza di questi lavoratori e il rischio di disservizi nella gestione della rete viaria.<\/p>\n<p>&nbsp;<\/p>\n","protected":false},"excerpt":{"rendered":"<p>\u00e7\u00e7\u00e7 &nbsp; BELLUNO Il precariato, una volta visto come un problema del settore privato, si sta diffondendo anche nel settore pubblico. In Veneto Strade, partecipata per il 76% dalla Regione e per il resto da varie province, ci sono una ventina di lavoratori con contratti a termine in scadenza nel 2024. Questi lavoratori, altamente specializzati&hellip;<\/p>\n","protected":false},"author":4,"featured_media":393766,"comment_status":"closed","ping_status":"closed","sticky":false,"template":"","format":"standard","meta":{"_monsterinsights_skip_tracking":false,"_monsterinsights_sitenote_active":false,"_monsterinsights_sitenote_note":"","_monsterinsights_sitenote_category":0,"footnotes":""},"categories":[49],"tags":[],"class_list":["post-393765","post","type-post","status-publish","format-standard","has-post-thumbnail","hentry","category-news-18","category-49","description-off"],"img_url":"https:\/\/www.radiopiu.net\/wordpress\/wp-content\/uploads\/2024\/06\/filt-cgil.png","_links":{"self":[{"href":"https:\/\/www.radiopiu.net\/wordpress\/wp-json\/wp\/v2\/posts\/393765","targetHints":{"allow":["GET"]}}],"collection":[{"href":"https:\/\/www.radiopiu.net\/wordpress\/wp-json\/wp\/v2\/posts"}],"about":[{"href":"https:\/\/www.radiopiu.net\/wordpress\/wp-json\/wp\/v2\/types\/post"}],"author":[{"embeddable":true,"href":"https:\/\/www.radiopiu.net\/wordpress\/wp-json\/wp\/v2\/users\/4"}],"replies":[{"embeddable":true,"href":"https:\/\/www.radiopiu.net\/wordpress\/wp-json\/wp\/v2\/comments?post=393765"}],"version-history":[{"count":0,"href":"https:\/\/www.radiopiu.net\/wordpress\/wp-json\/wp\/v2\/posts\/393765\/revisions"}],"wp:featuredmedia":[{"embeddable":true,"href":"https:\/\/www.radiopiu.net\/wordpress\/wp-json\/wp\/v2\/media\/393766"}],"wp:attachment":[{"href":"https:\/\/www.radiopiu.net\/wordpress\/wp-json\/wp\/v2\/media?parent=393765"}],"wp:term":[{"taxonomy":"category","embeddable":true,"href":"https:\/\/www.radiopiu.net\/wordpress\/wp-json\/wp\/v2\/categories?post=393765"},{"taxonomy":"post_tag","embeddable":true,"href":"https:\/\/www.radiopiu.net\/wordpress\/wp-json\/wp\/v2\/tags?post=393765"}],"curies":[{"name":"wp","href":"https:\/\/api.w.org\/{rel}","templated":true}]}}