{"id":393774,"date":"2024-06-07T17:00:21","date_gmt":"2024-06-07T15:00:21","guid":{"rendered":"https:\/\/www.radiopiu.net\/wordpress\/?p=393774"},"modified":"2024-06-07T17:00:21","modified_gmt":"2024-06-07T15:00:21","slug":"nuovo-orario-estivo-per-il-trasporto-pubblico-locale","status":"publish","type":"post","link":"https:\/\/www.radiopiu.net\/wordpress\/nuovo-orario-estivo-per-il-trasporto-pubblico-locale\/","title":{"rendered":"Nuovo Orario Estivo per il Trasporto Pubblico Locale"},"content":{"rendered":"<blockquote>\n<h3>***<\/h3>\n<p>&nbsp;<\/p><\/blockquote>\n<p><a class=\"dt-pswp-item\" href=\"https:\/\/www.radiopiu.net\/wordpress\/wp-content\/uploads\/2024\/06\/DolomitiBus_Estate.png\" data-dt-img-description=\"\" data-large_image_width=\"3024\" data-large_image_height=\"1284\"><img loading=\"lazy\" decoding=\"async\" class=\"size-medium wp-image-393748 alignleft\" src=\"https:\/\/www.radiopiu.net\/wordpress\/wp-content\/uploads\/2024\/06\/DolomitiBus_Estate-300x127.png\" alt=\"\" width=\"300\" height=\"127\" srcset=\"https:\/\/www.radiopiu.net\/wordpress\/wp-content\/uploads\/2024\/06\/DolomitiBus_Estate-300x127.png 300w, https:\/\/www.radiopiu.net\/wordpress\/wp-content\/uploads\/2024\/06\/DolomitiBus_Estate-1024x435.png 1024w, https:\/\/www.radiopiu.net\/wordpress\/wp-content\/uploads\/2024\/06\/DolomitiBus_Estate-768x326.png 768w, https:\/\/www.radiopiu.net\/wordpress\/wp-content\/uploads\/2024\/06\/DolomitiBus_Estate-1536x652.png 1536w, https:\/\/www.radiopiu.net\/wordpress\/wp-content\/uploads\/2024\/06\/DolomitiBus_Estate-2048x870.png 2048w\" sizes=\"auto, (max-width: 300px) 100vw, 300px\" \/><\/a><strong>BELLUNO<\/strong> Da luned\u00ec entrer\u00e0 in vigore il nuovo orario estivo del trasporto pubblico locale della provincia di Belluno, valido fino al 10 settembre. La proposta di Dolomitibus, approvata dalla Provincia, introduce alcune modifiche per migliorare il servizio per residenti, lavoratori e turisti. Il presidente di Dolomitibus ha sottolineato l\u2019impegno verso la sostenibilit\u00e0 ambientale e la qualit\u00e0 del servizio, promuovendo l\u2019intermodalit\u00e0 autobus-treno.<\/p>\n<h3>Principali Novit\u00e0<\/h3>\n<ul>\n<li><strong>Linea 30 &#8220;Calalzo-Cortina&#8221;<\/strong>: orario cadenzato a 60 minuti, coincidenze con i treni e con i servizi della Provincia di Bolzano.<\/li>\n<li><strong>Linea 3 &#8220;Agordo autostazione &#8211; Passo Falzarego&#8221;<\/strong>: nuova corsa Caprile-Arabba-Passo Falzarego.<\/li>\n<li><strong>Linea 4 &#8220;Pescul &#8211; Pian Fedaia Rif. Marmolada&#8221;<\/strong>: nuovo collegamento giornaliero per Cortina via Passo Giau.<\/li>\n<li><strong>Linea mare<\/strong>: percorso leggermente variato, coincidenze a Cadola per le localit\u00e0 balneari.<\/li>\n<\/ul>\n<p>Per le aree di Lamon e Zoldo, dove l\u2019utenza \u00e8 bassa, \u00e8 in valutazione un progetto sperimentale di subaffido a operatori Ncc con mezzi pi\u00f9 snelli. L\u2019obiettivo \u00e8 garantire il servizio anche in zone scarsamente popolate, con un monitoraggio continuo e possibili modifiche in caso di nuove esigenze.<\/p>\n<p>&nbsp;<\/p>\n","protected":false},"excerpt":{"rendered":"<p>*** &nbsp; BELLUNO Da luned\u00ec entrer\u00e0 in vigore il nuovo orario estivo del trasporto pubblico locale della provincia di Belluno, valido fino al 10 settembre. La proposta di Dolomitibus, approvata dalla Provincia, introduce alcune modifiche per migliorare il servizio per residenti, lavoratori e turisti. Il presidente di Dolomitibus ha sottolineato l\u2019impegno verso la sostenibilit\u00e0 ambientale&hellip;<\/p>\n","protected":false},"author":4,"featured_media":389043,"comment_status":"closed","ping_status":"closed","sticky":false,"template":"","format":"standard","meta":{"_monsterinsights_skip_tracking":false,"_monsterinsights_sitenote_active":false,"_monsterinsights_sitenote_note":"","_monsterinsights_sitenote_category":0,"footnotes":""},"categories":[49],"tags":[],"class_list":["post-393774","post","type-post","status-publish","format-standard","has-post-thumbnail","hentry","category-news-18","category-49","description-off"],"img_url":"https:\/\/www.radiopiu.net\/wordpress\/wp-content\/uploads\/2024\/05\/CS_Dolomitibus.png","_links":{"self":[{"href":"https:\/\/www.radiopiu.net\/wordpress\/wp-json\/wp\/v2\/posts\/393774","targetHints":{"allow":["GET"]}}],"collection":[{"href":"https:\/\/www.radiopiu.net\/wordpress\/wp-json\/wp\/v2\/posts"}],"about":[{"href":"https:\/\/www.radiopiu.net\/wordpress\/wp-json\/wp\/v2\/types\/post"}],"author":[{"embeddable":true,"href":"https:\/\/www.radiopiu.net\/wordpress\/wp-json\/wp\/v2\/users\/4"}],"replies":[{"embeddable":true,"href":"https:\/\/www.radiopiu.net\/wordpress\/wp-json\/wp\/v2\/comments?post=393774"}],"version-history":[{"count":0,"href":"https:\/\/www.radiopiu.net\/wordpress\/wp-json\/wp\/v2\/posts\/393774\/revisions"}],"wp:featuredmedia":[{"embeddable":true,"href":"https:\/\/www.radiopiu.net\/wordpress\/wp-json\/wp\/v2\/media\/389043"}],"wp:attachment":[{"href":"https:\/\/www.radiopiu.net\/wordpress\/wp-json\/wp\/v2\/media?parent=393774"}],"wp:term":[{"taxonomy":"category","embeddable":true,"href":"https:\/\/www.radiopiu.net\/wordpress\/wp-json\/wp\/v2\/categories?post=393774"},{"taxonomy":"post_tag","embeddable":true,"href":"https:\/\/www.radiopiu.net\/wordpress\/wp-json\/wp\/v2\/tags?post=393774"}],"curies":[{"name":"wp","href":"https:\/\/api.w.org\/{rel}","templated":true}]}}