{"id":393815,"date":"2024-06-08T06:25:40","date_gmt":"2024-06-08T04:25:40","guid":{"rendered":"https:\/\/www.radiopiu.net\/wordpress\/?p=393815"},"modified":"2024-06-08T06:29:51","modified_gmt":"2024-06-08T04:29:51","slug":"il-ricordo-di-fabiook","status":"publish","type":"post","link":"https:\/\/www.radiopiu.net\/wordpress\/il-ricordo-di-fabiook\/","title":{"rendered":"IL RICORDO DI FABIO RUFUS BRISTOT&#8230; FACEBOOK"},"content":{"rendered":"<blockquote>\n<h1><\/h1>\n<\/blockquote>\n<div dir=\"auto\"><a class=\"dt-pswp-item\" href=\"https:\/\/www.radiopiu.net\/wordpress\/wp-content\/uploads\/2024\/06\/447399066_10229973712479967_6171048524397461754_n.jpg\" data-dt-img-description=\"\" data-large_image_width=\"600\" data-large_image_height=\"457\"><img loading=\"lazy\" decoding=\"async\" class=\"size-medium wp-image-393814 alignleft\" src=\"https:\/\/www.radiopiu.net\/wordpress\/wp-content\/uploads\/2024\/06\/447399066_10229973712479967_6171048524397461754_n-300x229.jpg\" alt=\"\" width=\"300\" height=\"229\" srcset=\"https:\/\/www.radiopiu.net\/wordpress\/wp-content\/uploads\/2024\/06\/447399066_10229973712479967_6171048524397461754_n-300x229.jpg 300w, https:\/\/www.radiopiu.net\/wordpress\/wp-content\/uploads\/2024\/06\/447399066_10229973712479967_6171048524397461754_n.jpg 600w\" sizes=\"auto, (max-width: 300px) 100vw, 300px\" \/><\/a><span style=\"color: #ff0000;\"><strong>UN RICORDO DI LAURA E ALBERTO &#8211; CORONTOLA TORRENTE ARDO<\/strong><\/span><\/div>\n<div dir=\"auto\">10 anni fa, come il 7 giugno, mi sono trovato a vivere una delle giornate pi\u00f9 drammatiche ed intense della mia attivit\u00e0 nel Soccorso Alpino. Una giornata (era in realt\u00e0 un pomeriggio) di quelle che ti provano, sconvolgendoti nel profondo. Momenti in cui avresti voluto fare tornare indietro il tempo, ridando vita. Non potevamo. Non c\u2019era pi\u00f9 nulla da fare. Era tutto gi\u00e0 finito. Volevo scappare, ma sapevo che non lo potevo fare, c\u2019era un iter pietoso da seguire, tra l\u2019altro con difficolt\u00e0 di assoluta complessit\u00e0. Il dolore commisto ad impotenza era tangibile nel viso di tutti i soccorritori che, raramente, ho visto cos\u00ec provati. Lo ero anche io, senza riuscirmi a scrollarmi di dosso quella tristezza che per giorni ha ammantato le ore successive alla tragedia. Resta ora un ricordo di due volti belli, due persone morte abbracciate nel destino che l\u2019acqua aveva a loro destinato. Restano due giovani sorrisi sospesi nella gioia degli attimi felici.<\/div>\n<div dir=\"auto\">Un abbraccio arrivi di nuovo ai famigliari e ai parenti, identico a quello che tutti i volontari intervenuti vollero loro dare quella serata, quanto la luce si spense lentamente a Corontola.<\/div>\n<p><span style=\"color: #0000ff;\"><a style=\"color: #0000ff;\" href=\"https:\/\/www.facebook.com\/fabio.bristotrufus.9\"><strong>FABIO RUFUS BRISTOT<\/strong><\/a><\/span><\/p>\n<p>&nbsp;<\/p>\n<p>&nbsp;<\/p>\n<hr \/>\n<p>&nbsp;<\/p>\n","protected":false},"excerpt":{"rendered":"<p>UN RICORDO DI LAURA E ALBERTO &#8211; CORONTOLA TORRENTE ARDO 10 anni fa, come il 7 giugno, mi sono trovato a vivere una delle giornate pi\u00f9 drammatiche ed intense della mia attivit\u00e0 nel Soccorso Alpino. Una giornata (era in realt\u00e0 un pomeriggio) di quelle che ti provano, sconvolgendoti nel profondo. Momenti in cui avresti voluto&hellip;<\/p>\n","protected":false},"author":4,"featured_media":393814,"comment_status":"closed","ping_status":"closed","sticky":false,"template":"","format":"standard","meta":{"_monsterinsights_skip_tracking":false,"_monsterinsights_sitenote_active":false,"_monsterinsights_sitenote_note":"","_monsterinsights_sitenote_category":0,"footnotes":""},"categories":[49],"tags":[],"class_list":["post-393815","post","type-post","status-publish","format-standard","has-post-thumbnail","hentry","category-news-18","category-49","description-off"],"img_url":"https:\/\/www.radiopiu.net\/wordpress\/wp-content\/uploads\/2024\/06\/447399066_10229973712479967_6171048524397461754_n.jpg","_links":{"self":[{"href":"https:\/\/www.radiopiu.net\/wordpress\/wp-json\/wp\/v2\/posts\/393815","targetHints":{"allow":["GET"]}}],"collection":[{"href":"https:\/\/www.radiopiu.net\/wordpress\/wp-json\/wp\/v2\/posts"}],"about":[{"href":"https:\/\/www.radiopiu.net\/wordpress\/wp-json\/wp\/v2\/types\/post"}],"author":[{"embeddable":true,"href":"https:\/\/www.radiopiu.net\/wordpress\/wp-json\/wp\/v2\/users\/4"}],"replies":[{"embeddable":true,"href":"https:\/\/www.radiopiu.net\/wordpress\/wp-json\/wp\/v2\/comments?post=393815"}],"version-history":[{"count":0,"href":"https:\/\/www.radiopiu.net\/wordpress\/wp-json\/wp\/v2\/posts\/393815\/revisions"}],"wp:featuredmedia":[{"embeddable":true,"href":"https:\/\/www.radiopiu.net\/wordpress\/wp-json\/wp\/v2\/media\/393814"}],"wp:attachment":[{"href":"https:\/\/www.radiopiu.net\/wordpress\/wp-json\/wp\/v2\/media?parent=393815"}],"wp:term":[{"taxonomy":"category","embeddable":true,"href":"https:\/\/www.radiopiu.net\/wordpress\/wp-json\/wp\/v2\/categories?post=393815"},{"taxonomy":"post_tag","embeddable":true,"href":"https:\/\/www.radiopiu.net\/wordpress\/wp-json\/wp\/v2\/tags?post=393815"}],"curies":[{"name":"wp","href":"https:\/\/api.w.org\/{rel}","templated":true}]}}