{"id":393821,"date":"2024-06-08T07:55:53","date_gmt":"2024-06-08T05:55:53","guid":{"rendered":"https:\/\/www.radiopiu.net\/wordpress\/?p=393821"},"modified":"2024-06-08T06:44:01","modified_gmt":"2024-06-08T04:44:01","slug":"dal-1983-alle-otto-del-mattino-la-rassegna-stampa-locale-non-unimitazione","status":"publish","type":"post","link":"https:\/\/www.radiopiu.net\/wordpress\/dal-1983-alle-otto-del-mattino-la-rassegna-stampa-locale-non-unimitazione\/","title":{"rendered":"DAL 1983 ALLE OTTO DEL MATTINO, LA RASSEGNA STAMPA LOCALE&#8230;non un&#8217;imitazione"},"content":{"rendered":"<p>***<\/p>\n<p>&nbsp;<\/p>\n<p><strong><img loading=\"lazy\" decoding=\"async\" class=\"alignleft\" src=\"https:\/\/www.radiopiu.net\/wordpress\/wp-content\/uploads\/2024\/06\/Senza-nome-17.png\" width=\"289\" height=\"126\" \/>Si vota oggi e domani fino alle 23 per le europee e le amministrative<\/strong><br \/>\nOggi e domani, i cittadini sono chiamati alle urne per le elezioni europee e, in 31 comuni della provincia di Belluno, per eleggere il nuovo sindaco e rinnovare il consiglio comunale. I seggi saranno aperti oggi dalle 15 alle 23 e domani dalle 7 alle 23. Gli elettori della circoscrizione Nord Est riceveranno una scheda marrone per le europee e una blu per le amministrative.<br \/>\n<strong>lavori sulla rete ferroviaria<\/strong><br \/>\nBELLUNO La circolazione dei treni sar\u00e0 sospesa da domani al 14 dicembre 2024 sulla linea Feltre-Belluno, mentre da domani al 7 settembre la sospensione riguarder\u00e0 le stazioni di Treviso e Montebelluna.<br \/>\n<strong>VALLE DI ZOLDO<\/strong> Percorrendo il sentiero attrezzato che scende dal Casel Sora&#8217;l Sass, sullo Spiz di Mezzod\u00ec, un&#8217;escursionista canadese di 32 anni \u00e8 inciampata, precipitando per circa trenta metri tra i sassi di un canale, \u00e8 stata stabilizzata e trasportata d&#8217;urgenza all&#8217;ospedale di Treviso. Le sue condizioni sono apparse gravi<br \/>\n<strong>CORTINA<\/strong> Alle 17.30 di ieri\u00a0 l&#8217;elicottero del Suem di Pieve di Cadore \u00e8 volato sulla Forcella Marcuoira dove una coppia di turisti di Singapore, lui 62 anni, lei 48, saliti dal Rifugio Vandelli, una volta arrivati sul versante a nord si erano fermati trovando neve. Recuperati con un verricello di 10 metri dal tecnico di elisoccorso, i due sono stati trasportati al Passo Tre Croci.<br \/>\n<strong>BELLUNO<\/strong> Marilena Clerici, 60 anni, \u00e8 deceduta gioved\u00ec dopo una battaglia di due anni contro una malattia. Nota a Belluno, soprattutto a Bettin, dirigeva con il marito Giorgio l&#8217;azienda Gdm Stampi. Marilena lascia il marito, due figli e due nipoti. Il funerale si terr\u00e0 oggi alle 10 a Salce.<br \/>\n<strong>AGORDO\u00a0<\/strong> OGGI ALLE 14.40, nella chiesa Arcidiaconale l&#8217;ultimo saluto a Franco Ganz. L&#8217;abbraccio di una comunit\u00e0 ai figli Dario con Moira e Andrea, Marco con Raffaella e Matteo, le sorelle Marina e Luciana, i cognati Gianni, Gemma e Alberto, i cugini, i nipoti ed i parenti tutti.\u00a0 Molti i messaggi di cordoglio anche dal gruppo Alpini della Conca Agordina.<\/p>\n<p><strong>Emergenza gas a Fortogna<\/strong><br \/>\nLONGARONE Ieri, una perdita di Gpl in una struttura di Fortogna ha richiesto l&#8217;intervento urgente dei vigili del fuoco di Belluno. Non sono state necessarie evacuazioni. Il nucleo Nbcr di Mestre ha messo in sicurezza il contenitore, risolvendo l&#8217;emergenza nel pomeriggio.<br \/>\n<strong>SEDICO<\/strong> Ieri pomeriggio, in piazza Vittoria a Sedico, si \u00e8 verificata una rissa tra ragazzi per motivi ancora sconosciuti. Due pattuglie della Polizia sono intervenute rapidamente dopo aver ricevuto la segnalazione dell&#8217;aggressione. Quattro giovani sono stati coinvolti nella rissa. La Polizia sta indagando.<br \/>\n<strong>Comune di Cortina Condannato per Violazione delle Procedure di Selezione<\/strong><br \/>\nCORTINA Il Comune di Cortina dovr\u00e0 risarcire 4.957,28 euro a un dipendente per violazione delle procedure di selezione per un incarico apicale. Il sindaco aveva revocato l&#8217;incarico, gi\u00e0 assegnato al dipendente per merito, senza giustificazione, causando il ricorso al giudice del lavoro. La sentenza include anche 2.100 euro di spese processuali, per un totale di circa 20.000 euro.<br \/>\n<strong>PONTE NELLE ALPI<\/strong> L&#8217;azienda Mehits, del gruppo Mitsubishi, ha superato l&#8217;ambizioso obiettivo di un premio di risultato di 2.800 euro, arrivando a 2.950 euro. Michele Bortoletto della Fiom Cgil assicura che si avvicineranno al premio Luxottica di 4.100 euro<br \/>\nGiornata mondiale sicurezza alimentare<br \/>\n<strong>BELLUNO<\/strong> Punto sulla sicurezza alimentare in provincia, promosso dall&#8217;Ulss 1 Dolomiti in occasione della giornata mondiale. Sguardo particolare concentrato sulle strutture che accoglieranno atleti e staff per le Olimpiadi 2026.<br \/>\nSERVIZI DI DANIELE DALVIT NEL GR PRINCIPALE DELLE 12.30.<\/p>\n<p><strong>BELLUNO<\/strong> Da luned\u00ec entrer\u00e0 in vigore il nuovo orario estivo del trasporto pubblico locale della provincia di Belluno, valido fino al 10 settembre. La proposta di Dolomitibus, approvata dalla Provincia, introduce alcune modifiche per migliorare il servizio per residenti, lavoratori e turisti.<br \/>\n<strong>BELLUNO<\/strong> Il Soccorso alpino e speleologico Veneto ha recentemente ricevuto preziose donazioni che hanno permesso l&#8217;acquisto di strumenti tecnologici avanzati: un binocolo termico con spettrocamera, due binocoli ottici e due droni di nuova generazione. Questi strumenti miglioreranno significativamente la sicurezza e l&#8217;efficacia degli interventi in aree impervie, riducendo i rischi per le squadre a piedi.<br \/>\n<strong>SOSPIROLO<\/strong> Mercoled\u00ec al Centro Civico di Sospirolo, si \u00e8 svolta la cerimonia di conferimento delle borse di studio dedicate al dott. Hamid Reza Faramarzi, ex direttore della farmacia locale. Presenti insegnanti, alunni, parenti e cittadini, l&#8217;iniziativa \u00e8 coordinata dalla vedova Anna Maria Pradel e le professoresse Laura Fattori e Cristina Da Rold.<br \/>\n<strong>PONTE NELLE ALPI<\/strong> La giunta di Ponte nelle Alpi ha approvato un progetto di messa in sicurezza della strada comunale in localit\u00e0 Mazzucchi, minacciata da una frana<br \/>\n<strong>FELTRE<\/strong> ospiter\u00e0 il Festival CONI dello Sport provinciale insieme a \u201cSport in Piazza\u201d il 21 settembre 2024.<\/p>\n<p>&nbsp;<\/p>\n<p>&nbsp;<\/p>\n<p>&nbsp;<\/p>\n<p>&nbsp;<\/p>\n<p>&nbsp;<\/p>\n<p>&nbsp;<\/p>\n","protected":false},"excerpt":{"rendered":"<p>*** &nbsp; Si vota oggi e domani fino alle 23 per le europee e le amministrative Oggi e domani, i cittadini sono chiamati alle urne per le elezioni europee e, in 31 comuni della provincia di Belluno, per eleggere il nuovo sindaco e rinnovare il consiglio comunale. I seggi saranno aperti oggi dalle 15 alle&hellip;<\/p>\n","protected":false},"author":4,"featured_media":393806,"comment_status":"closed","ping_status":"closed","sticky":false,"template":"","format":"standard","meta":{"_monsterinsights_skip_tracking":false,"_monsterinsights_sitenote_active":false,"_monsterinsights_sitenote_note":"","_monsterinsights_sitenote_category":0,"footnotes":""},"categories":[104,49,142],"tags":[],"class_list":["post-393821","post","type-post","status-publish","format-standard","has-post-thumbnail","hentry","category-evidenza_3","category-news-18","category-rassegna-stampa","category-104","category-49","category-142","description-off"],"img_url":"https:\/\/www.radiopiu.net\/wordpress\/wp-content\/uploads\/2024\/06\/Senza-nome-17.png","_links":{"self":[{"href":"https:\/\/www.radiopiu.net\/wordpress\/wp-json\/wp\/v2\/posts\/393821","targetHints":{"allow":["GET"]}}],"collection":[{"href":"https:\/\/www.radiopiu.net\/wordpress\/wp-json\/wp\/v2\/posts"}],"about":[{"href":"https:\/\/www.radiopiu.net\/wordpress\/wp-json\/wp\/v2\/types\/post"}],"author":[{"embeddable":true,"href":"https:\/\/www.radiopiu.net\/wordpress\/wp-json\/wp\/v2\/users\/4"}],"replies":[{"embeddable":true,"href":"https:\/\/www.radiopiu.net\/wordpress\/wp-json\/wp\/v2\/comments?post=393821"}],"version-history":[{"count":0,"href":"https:\/\/www.radiopiu.net\/wordpress\/wp-json\/wp\/v2\/posts\/393821\/revisions"}],"wp:featuredmedia":[{"embeddable":true,"href":"https:\/\/www.radiopiu.net\/wordpress\/wp-json\/wp\/v2\/media\/393806"}],"wp:attachment":[{"href":"https:\/\/www.radiopiu.net\/wordpress\/wp-json\/wp\/v2\/media?parent=393821"}],"wp:term":[{"taxonomy":"category","embeddable":true,"href":"https:\/\/www.radiopiu.net\/wordpress\/wp-json\/wp\/v2\/categories?post=393821"},{"taxonomy":"post_tag","embeddable":true,"href":"https:\/\/www.radiopiu.net\/wordpress\/wp-json\/wp\/v2\/tags?post=393821"}],"curies":[{"name":"wp","href":"https:\/\/api.w.org\/{rel}","templated":true}]}}