{"id":393903,"date":"2024-06-08T21:38:16","date_gmt":"2024-06-08T19:38:16","guid":{"rendered":"https:\/\/www.radiopiu.net\/wordpress\/?p=393903"},"modified":"2024-06-10T05:47:25","modified_gmt":"2024-06-10T03:47:25","slug":"fine-settimana-da-suem-tra-aggressioni-e-incidenti","status":"publish","type":"post","link":"https:\/\/www.radiopiu.net\/wordpress\/fine-settimana-da-suem-tra-aggressioni-e-incidenti\/","title":{"rendered":"FINE SETTIMANA DA SUEM TRA AGGRESSIONI E INCIDENTI"},"content":{"rendered":"<p>***<\/p>\n<p>REDAZIONE\u00a0 Tra gli interventi principali del Suem 118 due incidenti ciclistici con tre feriti. A Passo Pordoi sono caduti due 58enni (l&#8217;uno proveniente dalla Germania a l&#8217;altro dall&#8217;Austria) entrambi portati in ospedale a Belluno con ferite di media gravit\u00e0. Altro incidente nel pomeriggio a Santo Stefano di Cadore, vittima un tredicenne trasportato in elicottero al San Martino.\u00a0\u00a0 Investimento, invece a Farra d&#8217;Alpago, una donna di 74 anni \u00e8 stata portata in ospedale con l&#8217;ambulanza anche per lei diagnosticate ferite di media gravit\u00e0. Infine l&#8217;AGGRESSIONE, a Cesiomaggiore un uomo di 65 anni \u00e8 stato soccorso e in condizioni medio-gravi portato in ospedale a Feltre<\/p>\n<p>&nbsp;<\/p>\n<p>&nbsp;<\/p>\n<p>___<\/p>\n","protected":false},"excerpt":{"rendered":"<p>*** REDAZIONE\u00a0 Tra gli interventi principali del Suem 118 due incidenti ciclistici con tre feriti. A Passo Pordoi sono caduti due 58enni (l&#8217;uno proveniente dalla Germania a l&#8217;altro dall&#8217;Austria) entrambi portati in ospedale a Belluno con ferite di media gravit\u00e0. Altro incidente nel pomeriggio a Santo Stefano di Cadore, vittima un tredicenne trasportato in elicottero&hellip;<\/p>\n","protected":false},"author":4,"featured_media":348238,"comment_status":"closed","ping_status":"closed","sticky":false,"template":"","format":"standard","meta":{"_monsterinsights_skip_tracking":false,"_monsterinsights_sitenote_active":false,"_monsterinsights_sitenote_note":"","_monsterinsights_sitenote_category":0,"footnotes":""},"categories":[51,49],"tags":[],"class_list":["post-393903","post","type-post","status-publish","format-standard","has-post-thumbnail","hentry","category-evidenza-top","category-news-18","category-51","category-49","description-off"],"img_url":"https:\/\/www.radiopiu.net\/wordpress\/wp-content\/uploads\/2023\/08\/suem.png","_links":{"self":[{"href":"https:\/\/www.radiopiu.net\/wordpress\/wp-json\/wp\/v2\/posts\/393903","targetHints":{"allow":["GET"]}}],"collection":[{"href":"https:\/\/www.radiopiu.net\/wordpress\/wp-json\/wp\/v2\/posts"}],"about":[{"href":"https:\/\/www.radiopiu.net\/wordpress\/wp-json\/wp\/v2\/types\/post"}],"author":[{"embeddable":true,"href":"https:\/\/www.radiopiu.net\/wordpress\/wp-json\/wp\/v2\/users\/4"}],"replies":[{"embeddable":true,"href":"https:\/\/www.radiopiu.net\/wordpress\/wp-json\/wp\/v2\/comments?post=393903"}],"version-history":[{"count":0,"href":"https:\/\/www.radiopiu.net\/wordpress\/wp-json\/wp\/v2\/posts\/393903\/revisions"}],"wp:featuredmedia":[{"embeddable":true,"href":"https:\/\/www.radiopiu.net\/wordpress\/wp-json\/wp\/v2\/media\/348238"}],"wp:attachment":[{"href":"https:\/\/www.radiopiu.net\/wordpress\/wp-json\/wp\/v2\/media?parent=393903"}],"wp:term":[{"taxonomy":"category","embeddable":true,"href":"https:\/\/www.radiopiu.net\/wordpress\/wp-json\/wp\/v2\/categories?post=393903"},{"taxonomy":"post_tag","embeddable":true,"href":"https:\/\/www.radiopiu.net\/wordpress\/wp-json\/wp\/v2\/tags?post=393903"}],"curies":[{"name":"wp","href":"https:\/\/api.w.org\/{rel}","templated":true}]}}